{"id":2506,"date":"2007-02-23T09:25:36","date_gmt":"2007-02-23T08:25:36","guid":{"rendered":""},"modified":"2016-02-25T11:45:32","modified_gmt":"2016-02-25T10:45:32","slug":"quei-cattolici-rinnegati","status":"publish","type":"post","link":"https:\/\/www.rassegnastampa-totustuus.it\/cattolica\/quei-cattolici-rinnegati\/","title":{"rendered":"Quei cattolici rinnegati"},"content":{"rendered":"<div style=\"text-align: center;\"><strong><a href=\"https:\/\/www.rassegnastampa-totustuus.it\/cattolica\/wp-content\/uploads\/2007\/02\/catto_adulti.jpg\"><img loading=\"lazy\" decoding=\"async\" class=\"alignright wp-image-30909 size-full\" src=\"https:\/\/www.rassegnastampa-totustuus.it\/cattolica\/wp-content\/uploads\/2007\/02\/catto_adulti.jpg\" alt=\"catto_adulti\" width=\"240\" height=\"180\" \/><\/a>il Giornale<\/strong> &#8211; mercoled\u00ec, 21 febbraio 2007<\/div>\n<p style=\"text-align: justify;\"><em>Scalfaro, Bindi e i cattolici \u00abadulti\u00bb che rinnegano la dottrina cristiana. Dividono la fede privata dall\u2019impegno pubblico e cos\u00ec la sacrificano al relativismo e al potere. <\/em><\/p>\n<p style=\"text-align: center;\">di <strong>Alessandro Gnocchi <\/strong>e<strong> Mario Palmaro<\/strong><\/p>\n<p><!--more--><\/p>\n<div style=\"text-align: justify;\">Visto dall\u2019esterno, il mondo cattolico pu\u00f2 anche dare l\u2019impressione di un blocco monolitico di soldati saldi nella fede e stretti attorno al Papa. Visto dall\u2019esterno, appunto. Perch\u00e9 questa idea \u00e8 frutto di un\u2019illusione ottica, e la bagarre sui Dico attualmente in corso ne \u00e8 la conferma.<\/div>\n<p style=\"text-align: justify;\">In questi giorni \u00e8 un turbinare di intellettuali e politici cattolici che si affannano per insegnare a Benedetto XVI come si fa il Papa, al cardinale Ruini come si fa il presidente della Cei, all\u2019episcopato in generale come si fa il vescovo. Ci si sono messi in tanti, dalla scuola dossettiana di rito bolognese ai preti disobbedienti passando per tutte le sfumature del cattolicesimo cosiddetto adulto, di cui il presidente del Consiglio <strong>Romano Prodi<\/strong> \u00e8 uno dei campioni. Quali le cause? L\u2019esistenza di una radicale frattura di carattere dottrinale circa il senso della democrazia e il suo rapporto con la verit\u00e0.<\/p>\n<p style=\"text-align: justify;\">Ma per capire le ragioni di ci\u00f2 che sta avvenendo conviene partire dagli argomenti di due politici, peraltro eminentissimi, quali <strong>Rosy Bindi<\/strong> e <strong>Oscar Luigi Scalfaro<\/strong>. \u00ab<em>Io amo pensare alla Chiesa che si occupa delle cose di Dio<\/em>\u00bb, ha bacchettato la signora ministro per la Famiglia.<\/p>\n<p style=\"text-align: justify;\">Dal suo canto, il presidente emerito della Repubblica ha messo in guardia i vescovi da eventuali pronunciamenti che vincolino i politici cattolici su materie eticamente sensibili come quella toccata dai Dico. \u00ab<em>Io confido che non ci saranno<\/em>\u00bb ha detto Scalfaro. \u00ab<em>Se dovessero invece avvenire, distruggerebbero la possibilit\u00e0 stessa di una presenza dei cattolici in Parlamento in condizioni di dignit\u00e0 e libert\u00e0, quella libert\u00e0 che consente l\u2019assunzione individuale della libert\u00e0<\/em>\u00bb. In soldoni: il prete dica quello che vuole in chiesa, il laico agisca come meglio crede nel mondo. Roba da \u00ablibera Chiesa in libero Stato\u00bb di memoria anticlericale che fiorisce sulle labbra di persone che, almeno in quanto politici, continuano ad accreditarsi presso l\u2019opinione pubblica come pii figli della Chiesa.<\/p>\n<p style=\"text-align: justify;\">Questi \u00abcattolici del senso\u00bb hanno matrici fra loro diverse: studiosi come <strong>Alberigo<\/strong> e <strong>Melloni<\/strong> sono un \u00abprodotto\u00bb del laboratorio di <strong>Giuseppe Dossetti<\/strong>, appartengono a quella covata di intellettuali che considerano il popolo con lo stesso criterio giacobino-leninista di ogni minoranza rivoluzionaria: materia inerte da plasmare per il suo stesso bene.<\/p>\n<p style=\"text-align: justify;\">La <strong>Bindi <\/strong>e <strong>Scalfaro,<\/strong> invece, vengono da un\u2019esperienza popolare e sono rappresentativi di una vasta fetta del mondo cattolico. Vengono <strong>dall\u2019Azione Cattolica<\/strong><strong>,<\/strong> di cui lei \u00e8 stata vicepresidente nazionale dal 1984 al 1989, e di cui lui esibiva fieramente il distintivo all\u2019occhiello anche quando alloggiava al Quirinale. Per chi non lo ricordasse, l\u2019Azione Cattolica &#8211; della cui appartenenza tanti militanti storici vanno giustamente fieri &#8211; per molto tempo ha voluto dire Luigi Gedda, i Comitati Civici, l\u2019impegno in politica seguendo gli insegnamenti della Chiesa e della sua dottrina sociale, il sostegno di Papi come Pio XI e Pio XII.<\/p>\n<p style=\"text-align: justify;\">Ma l\u2019Azione Cattolica di cui sono l\u2019esempio la Bindi e Scalfaro, quella rimasta nelle parrocchie dopo la <em>d\u00e9b\u00e2cle<\/em> degli anni Settanta, \u00e8 tutt\u2019altro. \u00c8 figlia di un concetto, di un\u2019operazione intellettuale: e gi\u00e0 solo questo fatto dovrebbe mettere in allarme perch\u00e9 riconduce al metodo rivoluzionario dossettiano. La svolta fu la cosiddetta \u00abscelta religiosa\u00bb, che \u00e8 la negazione della natura e della storia di un\u2019associazione che ha formato intere generazioni di cattolici.<\/p>\n<p style=\"text-align: justify;\">La \u00abscelta religiosa\u00bb, vista da un laico, sembrer\u00e0 magari la quintessenza dell\u2019esperienza cattolica. In realt\u00e0, nei disegni di chi la concep\u00ec era la decisione di rinunciare al desiderio di costruire una societ\u00e0 che fosse il pi\u00f9 possibile conforme al diritto naturale e rivelato, una societ\u00e0 permeata dagli insegnamenti di Cristo. In altre parole, si decise che altro era la fede da praticare in forma privata o anche in associazioni, comunque private; e altro era l\u2019impegno nella vita pubblica, dove essere cattolici contava tanto quanto non esserlo. Qualche cosa che va in direzione opposta rispetto al \u00abPadre nostro\u00bb, che recita: \u00abvenga il tuo regno, sia fatta la tua volont\u00e0 cos\u00ec in Cielo come in terra\u00bb.<\/p>\n<p style=\"text-align: justify;\">Sul semplice piano contabile, il risultato della \u00abscelta\u00bb fu il crollo delle iscrizioni all\u2019Azione Cattolica, che passarono da tre milioni a seicentomila. Ma, sul piano umano, data la rete capillare di cui l\u2019associazione disponeva nelle parrocchie, il risultato fu una formazione sempre pi\u00f9 intimistica e intellettuale che condusse i cattolici a pensare di poter fare ognuno per s\u00e9 o per la propria parte politica: in sostanza, a non essere pi\u00f9 Chiesa. All\u2019inizio, solo sul piano dell\u2019azione; poi anche su quello della teologia e della dottrina.<\/p>\n<p style=\"text-align: justify;\">Cos\u00ec capita che la Chiesa si rivolga a un governo sordo ai suoi richiami, nonostante il presidente del Consiglio e molti ministri siano dei credenti \u00abcertificati\u00bb, prodotti dal mondo cattolico ufficiale degli ultimi quarant\u2019anni. Siamo di fronte a una vicenda completamente diversa dalle fratture degli anni Settanta, quando cristiani affascinati dal marxismo migravano nel Pci come indipendenti. Rosy Bindi e Romano Prodi sono punte di diamante di un progetto formativo e culturale che credeva di portare al timone della nazione uomini affidabili dal punto di vista della dottrina sociale della Chiesa, giovandosi del favore di una fetta non marginale dello stesso episcopato italiano.<\/p>\n<p style=\"text-align: justify;\">Oggi dobbiamo constatare il totale fallimento di quell\u2019idea: giunti al nodo gordiano di un tema \u00abnon negoziabile\u00bb, come direbbe Ratzinger, i cattolici democratici fanno la loro scelta: sacrificano la dottrina sull\u2019altare del consenso e del potere. Il punto \u00e8 che questo modo di agire non \u00e8 il frutto di una debolezza umana, o di uno stato confusionale, ma di una tragica coerenza fra una cattiva formazione dottrinale e l\u2019agire politico. Quando Rosy Bindi dice: \u00ab<em>Ogni tanto perdo le staffe e reagisco male se ascolto sciocchezze, ma credo almeno di avere una virt\u00f9: la coerenza delle mie idee<\/em>\u00bb a suo modo dice la verit\u00e0.<\/p>\n<p style=\"text-align: justify;\">La signora Bindi ritiene &#8211; come ha spiegato <strong>Pietro Scoppola<\/strong> ospite l\u2019altra sera a Otto e Mezzo &#8211; che il compito della politica non sia affermare una verit\u00e0 e un bene sull\u2019uomo, ma raggiungere un punto di sintesi. Non si potrebbe immaginare nulla di pi\u00f9 lontano dalla millenaria dottrina della Chiesa. Ma il tragico \u00e8 che questa visione \u00e8 perfino pi\u00f9 debole e relativista della concezione di molti laici, i quali hanno ormai capito che ridurre la democrazia a pura gestione formale delle opinioni, senza ancoraggio ad alcuna verit\u00e0, \u00e8 un suicidio della civilt\u00e0 occidentale.<\/p>\n<p style=\"text-align: justify;\">Il risultato paradossale \u00e8 un nuovo asse della politica dei prossimi anni, che non vedr\u00e0 pi\u00f9 contrapporsi atei e credenti. D\u2019ora in poi il fronte separer\u00e0 da un lato relativisti e seguaci della \u00abdemocrazia formale\u00bb di Hans Kelsen; dall\u2019altro, tutti coloro che sono onesti cercatori della verit\u00e0. Per questo motivo \u00e8 del tutto normale oggi vedere Rosy Bindi e Oscar Luigi Scalfaro giocare con la stessa maglia dei post comunisti e dei radicali.<\/p>\n","protected":false},"excerpt":{"rendered":"<p>il Giornale &#8211; mercoled\u00ec, 21 febbraio 2007 Scalfaro, Bindi e i cattolici \u00abadulti\u00bb che rinnegano la dottrina cristiana. Dividono la fede privata dall\u2019impegno pubblico e cos\u00ec la sacrificano al relativismo e al potere. di Alessandro Gnocchi e Mario Palmaro<\/p><p><a class=\"more-link btn\" href=\"https:\/\/www.rassegnastampa-totustuus.it\/cattolica\/quei-cattolici-rinnegati\/\">Continua a leggere<\/a><\/p>\n","protected":false},"author":6,"featured_media":30909,"comment_status":"closed","ping_status":"open","sticky":false,"template":"","format":"standard","meta":{"footnotes":""},"categories":[106],"tags":[1444],"class_list":["post-2506","post","type-post","status-publish","format-standard","has-post-thumbnail","hentry","category-cattolicesimo-democratico","tag-cattolici-adulti","item-wrap"],"yoast_head":"<!-- This site is optimized with the Yoast SEO plugin v27.4 - https:\/\/yoast.com\/product\/yoast-seo-wordpress\/ -->\n<title>Quei cattolici rinnegati - Rassegna Stampa Cattolica<\/title>\n<meta name=\"description\" content=\"Rassegna Stampa Cattolica - Per una cultura che nasce dalla Rivelazione cristiana in conformit\u00e0 alla tradizione e al Magistero della Chiesa in opposizione ad ogni relativismo e totalitarismo\" \/>\n<meta name=\"robots\" content=\"index, follow, max-snippet:-1, max-image-preview:large, max-video-preview:-1\" \/>\n<link rel=\"canonical\" href=\"https:\/\/www.rassegnastampa-totustuus.it\/cattolica\/quei-cattolici-rinnegati\/\" \/>\n<meta property=\"og:locale\" content=\"it_IT\" \/>\n<meta property=\"og:type\" content=\"article\" \/>\n<meta property=\"og:title\" content=\"Quei cattolici rinnegati - Rassegna Stampa Cattolica\" \/>\n<meta property=\"og:description\" content=\"Rassegna Stampa Cattolica - Per una cultura che nasce dalla Rivelazione cristiana in conformit\u00e0 alla tradizione e al Magistero della Chiesa in opposizione ad ogni relativismo e totalitarismo\" \/>\n<meta property=\"og:url\" content=\"https:\/\/www.rassegnastampa-totustuus.it\/cattolica\/quei-cattolici-rinnegati\/\" \/>\n<meta property=\"og:site_name\" content=\"Rassegna Stampa Cattolica\" \/>\n<meta property=\"article:publisher\" content=\"https:\/\/www.facebook.com\/rassegnastampacattolica\" \/>\n<meta property=\"article:published_time\" content=\"2007-02-23T08:25:36+00:00\" \/>\n<meta property=\"article:modified_time\" content=\"2016-02-25T10:45:32+00:00\" \/>\n<meta property=\"og:image\" content=\"https:\/\/www.rassegnastampa-totustuus.it\/cattolica\/wp-content\/uploads\/2007\/02\/catto_adulti.jpg\" \/>\n\t<meta property=\"og:image:width\" content=\"240\" \/>\n\t<meta property=\"og:image:height\" content=\"180\" \/>\n\t<meta property=\"og:image:type\" content=\"image\/jpeg\" \/>\n<meta name=\"author\" content=\"Redazione\" \/>\n<meta name=\"twitter:card\" content=\"summary_large_image\" \/>\n<meta name=\"twitter:creator\" content=\"@rassegnastampa9\" \/>\n<meta name=\"twitter:site\" content=\"@rassegnastampa9\" \/>\n<meta name=\"twitter:label1\" content=\"Scritto da\" \/>\n\t<meta name=\"twitter:data1\" content=\"Redazione\" \/>\n\t<meta name=\"twitter:label2\" content=\"Tempo di lettura stimato\" \/>\n\t<meta name=\"twitter:data2\" content=\"6 minuti\" \/>\n<script type=\"application\/ld+json\" class=\"yoast-schema-graph\">{\"@context\":\"https:\\\/\\\/schema.org\",\"@graph\":[{\"@type\":\"Article\",\"@id\":\"https:\\\/\\\/www.rassegnastampa-totustuus.it\\\/cattolica\\\/quei-cattolici-rinnegati\\\/#article\",\"isPartOf\":{\"@id\":\"https:\\\/\\\/www.rassegnastampa-totustuus.it\\\/cattolica\\\/quei-cattolici-rinnegati\\\/\"},\"author\":{\"name\":\"Redazione\",\"@id\":\"https:\\\/\\\/www.rassegnastampa-totustuus.it\\\/cattolica\\\/#\\\/schema\\\/person\\\/08f319d2bd1a0904ad9e2bfb7b15e5c3\"},\"headline\":\"Quei cattolici rinnegati\",\"datePublished\":\"2007-02-23T08:25:36+00:00\",\"dateModified\":\"2016-02-25T10:45:32+00:00\",\"mainEntityOfPage\":{\"@id\":\"https:\\\/\\\/www.rassegnastampa-totustuus.it\\\/cattolica\\\/quei-cattolici-rinnegati\\\/\"},\"wordCount\":1163,\"publisher\":{\"@id\":\"https:\\\/\\\/www.rassegnastampa-totustuus.it\\\/cattolica\\\/#organization\"},\"image\":{\"@id\":\"https:\\\/\\\/www.rassegnastampa-totustuus.it\\\/cattolica\\\/quei-cattolici-rinnegati\\\/#primaryimage\"},\"thumbnailUrl\":\"https:\\\/\\\/www.rassegnastampa-totustuus.it\\\/cattolica\\\/wp-content\\\/uploads\\\/2007\\\/02\\\/catto_adulti.jpg\",\"keywords\":[\"cattolici adulti\"],\"articleSection\":[\"Cattolicesimo dem.\"],\"inLanguage\":\"it-IT\"},{\"@type\":\"WebPage\",\"@id\":\"https:\\\/\\\/www.rassegnastampa-totustuus.it\\\/cattolica\\\/quei-cattolici-rinnegati\\\/\",\"url\":\"https:\\\/\\\/www.rassegnastampa-totustuus.it\\\/cattolica\\\/quei-cattolici-rinnegati\\\/\",\"name\":\"Quei cattolici rinnegati - Rassegna Stampa Cattolica\",\"isPartOf\":{\"@id\":\"https:\\\/\\\/www.rassegnastampa-totustuus.it\\\/cattolica\\\/#website\"},\"primaryImageOfPage\":{\"@id\":\"https:\\\/\\\/www.rassegnastampa-totustuus.it\\\/cattolica\\\/quei-cattolici-rinnegati\\\/#primaryimage\"},\"image\":{\"@id\":\"https:\\\/\\\/www.rassegnastampa-totustuus.it\\\/cattolica\\\/quei-cattolici-rinnegati\\\/#primaryimage\"},\"thumbnailUrl\":\"https:\\\/\\\/www.rassegnastampa-totustuus.it\\\/cattolica\\\/wp-content\\\/uploads\\\/2007\\\/02\\\/catto_adulti.jpg\",\"datePublished\":\"2007-02-23T08:25:36+00:00\",\"dateModified\":\"2016-02-25T10:45:32+00:00\",\"description\":\"Rassegna Stampa Cattolica - Per una cultura che nasce dalla Rivelazione cristiana in conformit\u00e0 alla tradizione e al Magistero della Chiesa in opposizione ad ogni relativismo e totalitarismo\",\"breadcrumb\":{\"@id\":\"https:\\\/\\\/www.rassegnastampa-totustuus.it\\\/cattolica\\\/quei-cattolici-rinnegati\\\/#breadcrumb\"},\"inLanguage\":\"it-IT\",\"potentialAction\":[{\"@type\":\"ReadAction\",\"target\":[\"https:\\\/\\\/www.rassegnastampa-totustuus.it\\\/cattolica\\\/quei-cattolici-rinnegati\\\/\"]}]},{\"@type\":\"ImageObject\",\"inLanguage\":\"it-IT\",\"@id\":\"https:\\\/\\\/www.rassegnastampa-totustuus.it\\\/cattolica\\\/quei-cattolici-rinnegati\\\/#primaryimage\",\"url\":\"https:\\\/\\\/www.rassegnastampa-totustuus.it\\\/cattolica\\\/wp-content\\\/uploads\\\/2007\\\/02\\\/catto_adulti.jpg\",\"contentUrl\":\"https:\\\/\\\/www.rassegnastampa-totustuus.it\\\/cattolica\\\/wp-content\\\/uploads\\\/2007\\\/02\\\/catto_adulti.jpg\",\"width\":240,\"height\":180},{\"@type\":\"BreadcrumbList\",\"@id\":\"https:\\\/\\\/www.rassegnastampa-totustuus.it\\\/cattolica\\\/quei-cattolici-rinnegati\\\/#breadcrumb\",\"itemListElement\":[{\"@type\":\"ListItem\",\"position\":1,\"name\":\"Home\",\"item\":\"https:\\\/\\\/www.rassegnastampa-totustuus.it\\\/cattolica\\\/\"},{\"@type\":\"ListItem\",\"position\":2,\"name\":\"Quei cattolici rinnegati\"}]},{\"@type\":\"WebSite\",\"@id\":\"https:\\\/\\\/www.rassegnastampa-totustuus.it\\\/cattolica\\\/#website\",\"url\":\"https:\\\/\\\/www.rassegnastampa-totustuus.it\\\/cattolica\\\/\",\"name\":\"Rassegna Stampa Cattolica\",\"description\":\"Per una cultura che nasce dalla Rivelazione cristiana in conformit\u00e0 alla tradizione e al Magistero della Chiesa in opposizione ad ogni relativismo e totalitarismo\",\"publisher\":{\"@id\":\"https:\\\/\\\/www.rassegnastampa-totustuus.it\\\/cattolica\\\/#organization\"},\"alternateName\":\"Rass. Cattolica\",\"potentialAction\":[{\"@type\":\"SearchAction\",\"target\":{\"@type\":\"EntryPoint\",\"urlTemplate\":\"https:\\\/\\\/www.rassegnastampa-totustuus.it\\\/cattolica\\\/?s={search_term_string}\"},\"query-input\":{\"@type\":\"PropertyValueSpecification\",\"valueRequired\":true,\"valueName\":\"search_term_string\"}}],\"inLanguage\":\"it-IT\"},{\"@type\":\"Organization\",\"@id\":\"https:\\\/\\\/www.rassegnastampa-totustuus.it\\\/cattolica\\\/#organization\",\"name\":\"Rassegna Stampa Cattolica\",\"url\":\"https:\\\/\\\/www.rassegnastampa-totustuus.it\\\/cattolica\\\/\",\"logo\":{\"@type\":\"ImageObject\",\"inLanguage\":\"it-IT\",\"@id\":\"https:\\\/\\\/www.rassegnastampa-totustuus.it\\\/cattolica\\\/#\\\/schema\\\/logo\\\/image\\\/\",\"url\":\"https:\\\/\\\/www.rassegnastampa-totustuus.it\\\/cattolica\\\/wp-content\\\/uploads\\\/2014\\\/04\\\/logo-rassegna1.gif\",\"contentUrl\":\"https:\\\/\\\/www.rassegnastampa-totustuus.it\\\/cattolica\\\/wp-content\\\/uploads\\\/2014\\\/04\\\/logo-rassegna1.gif\",\"width\":600,\"height\":163,\"caption\":\"Rassegna Stampa Cattolica\"},\"image\":{\"@id\":\"https:\\\/\\\/www.rassegnastampa-totustuus.it\\\/cattolica\\\/#\\\/schema\\\/logo\\\/image\\\/\"},\"sameAs\":[\"https:\\\/\\\/www.facebook.com\\\/rassegnastampacattolica\",\"https:\\\/\\\/x.com\\\/rassegnastampa9\"]},{\"@type\":\"Person\",\"@id\":\"https:\\\/\\\/www.rassegnastampa-totustuus.it\\\/cattolica\\\/#\\\/schema\\\/person\\\/08f319d2bd1a0904ad9e2bfb7b15e5c3\",\"name\":\"Redazione\",\"image\":{\"@type\":\"ImageObject\",\"inLanguage\":\"it-IT\",\"@id\":\"https:\\\/\\\/secure.gravatar.com\\\/avatar\\\/2fcdf27c78ea025fbdb44e914cc63c72249ffec9dc8aafd5c82b26240ef3f346?s=96&d=mm&r=g\",\"url\":\"https:\\\/\\\/secure.gravatar.com\\\/avatar\\\/2fcdf27c78ea025fbdb44e914cc63c72249ffec9dc8aafd5c82b26240ef3f346?s=96&d=mm&r=g\",\"contentUrl\":\"https:\\\/\\\/secure.gravatar.com\\\/avatar\\\/2fcdf27c78ea025fbdb44e914cc63c72249ffec9dc8aafd5c82b26240ef3f346?s=96&d=mm&r=g\",\"caption\":\"Redazione\"},\"url\":\"https:\\\/\\\/www.rassegnastampa-totustuus.it\\\/cattolica\\\/author\\\/pietroelle\\\/\"}]}<\/script>\n<!-- \/ Yoast SEO plugin. -->","yoast_head_json":{"title":"Quei cattolici rinnegati - Rassegna Stampa Cattolica","description":"Rassegna Stampa Cattolica - Per una cultura che nasce dalla Rivelazione cristiana in conformit\u00e0 alla tradizione e al Magistero della Chiesa in opposizione ad ogni relativismo e totalitarismo","robots":{"index":"index","follow":"follow","max-snippet":"max-snippet:-1","max-image-preview":"max-image-preview:large","max-video-preview":"max-video-preview:-1"},"canonical":"https:\/\/www.rassegnastampa-totustuus.it\/cattolica\/quei-cattolici-rinnegati\/","og_locale":"it_IT","og_type":"article","og_title":"Quei cattolici rinnegati - Rassegna Stampa Cattolica","og_description":"Rassegna Stampa Cattolica - Per una cultura che nasce dalla Rivelazione cristiana in conformit\u00e0 alla tradizione e al Magistero della Chiesa in opposizione ad ogni relativismo e totalitarismo","og_url":"https:\/\/www.rassegnastampa-totustuus.it\/cattolica\/quei-cattolici-rinnegati\/","og_site_name":"Rassegna Stampa Cattolica","article_publisher":"https:\/\/www.facebook.com\/rassegnastampacattolica","article_published_time":"2007-02-23T08:25:36+00:00","article_modified_time":"2016-02-25T10:45:32+00:00","og_image":[{"width":240,"height":180,"url":"https:\/\/www.rassegnastampa-totustuus.it\/cattolica\/wp-content\/uploads\/2007\/02\/catto_adulti.jpg","type":"image\/jpeg"}],"author":"Redazione","twitter_card":"summary_large_image","twitter_creator":"@rassegnastampa9","twitter_site":"@rassegnastampa9","twitter_misc":{"Scritto da":"Redazione","Tempo di lettura stimato":"6 minuti"},"schema":{"@context":"https:\/\/schema.org","@graph":[{"@type":"Article","@id":"https:\/\/www.rassegnastampa-totustuus.it\/cattolica\/quei-cattolici-rinnegati\/#article","isPartOf":{"@id":"https:\/\/www.rassegnastampa-totustuus.it\/cattolica\/quei-cattolici-rinnegati\/"},"author":{"name":"Redazione","@id":"https:\/\/www.rassegnastampa-totustuus.it\/cattolica\/#\/schema\/person\/08f319d2bd1a0904ad9e2bfb7b15e5c3"},"headline":"Quei cattolici rinnegati","datePublished":"2007-02-23T08:25:36+00:00","dateModified":"2016-02-25T10:45:32+00:00","mainEntityOfPage":{"@id":"https:\/\/www.rassegnastampa-totustuus.it\/cattolica\/quei-cattolici-rinnegati\/"},"wordCount":1163,"publisher":{"@id":"https:\/\/www.rassegnastampa-totustuus.it\/cattolica\/#organization"},"image":{"@id":"https:\/\/www.rassegnastampa-totustuus.it\/cattolica\/quei-cattolici-rinnegati\/#primaryimage"},"thumbnailUrl":"https:\/\/www.rassegnastampa-totustuus.it\/cattolica\/wp-content\/uploads\/2007\/02\/catto_adulti.jpg","keywords":["cattolici adulti"],"articleSection":["Cattolicesimo dem."],"inLanguage":"it-IT"},{"@type":"WebPage","@id":"https:\/\/www.rassegnastampa-totustuus.it\/cattolica\/quei-cattolici-rinnegati\/","url":"https:\/\/www.rassegnastampa-totustuus.it\/cattolica\/quei-cattolici-rinnegati\/","name":"Quei cattolici rinnegati - Rassegna Stampa Cattolica","isPartOf":{"@id":"https:\/\/www.rassegnastampa-totustuus.it\/cattolica\/#website"},"primaryImageOfPage":{"@id":"https:\/\/www.rassegnastampa-totustuus.it\/cattolica\/quei-cattolici-rinnegati\/#primaryimage"},"image":{"@id":"https:\/\/www.rassegnastampa-totustuus.it\/cattolica\/quei-cattolici-rinnegati\/#primaryimage"},"thumbnailUrl":"https:\/\/www.rassegnastampa-totustuus.it\/cattolica\/wp-content\/uploads\/2007\/02\/catto_adulti.jpg","datePublished":"2007-02-23T08:25:36+00:00","dateModified":"2016-02-25T10:45:32+00:00","description":"Rassegna Stampa Cattolica - Per una cultura che nasce dalla Rivelazione cristiana in conformit\u00e0 alla tradizione e al Magistero della Chiesa in opposizione ad ogni relativismo e totalitarismo","breadcrumb":{"@id":"https:\/\/www.rassegnastampa-totustuus.it\/cattolica\/quei-cattolici-rinnegati\/#breadcrumb"},"inLanguage":"it-IT","potentialAction":[{"@type":"ReadAction","target":["https:\/\/www.rassegnastampa-totustuus.it\/cattolica\/quei-cattolici-rinnegati\/"]}]},{"@type":"ImageObject","inLanguage":"it-IT","@id":"https:\/\/www.rassegnastampa-totustuus.it\/cattolica\/quei-cattolici-rinnegati\/#primaryimage","url":"https:\/\/www.rassegnastampa-totustuus.it\/cattolica\/wp-content\/uploads\/2007\/02\/catto_adulti.jpg","contentUrl":"https:\/\/www.rassegnastampa-totustuus.it\/cattolica\/wp-content\/uploads\/2007\/02\/catto_adulti.jpg","width":240,"height":180},{"@type":"BreadcrumbList","@id":"https:\/\/www.rassegnastampa-totustuus.it\/cattolica\/quei-cattolici-rinnegati\/#breadcrumb","itemListElement":[{"@type":"ListItem","position":1,"name":"Home","item":"https:\/\/www.rassegnastampa-totustuus.it\/cattolica\/"},{"@type":"ListItem","position":2,"name":"Quei cattolici rinnegati"}]},{"@type":"WebSite","@id":"https:\/\/www.rassegnastampa-totustuus.it\/cattolica\/#website","url":"https:\/\/www.rassegnastampa-totustuus.it\/cattolica\/","name":"Rassegna Stampa Cattolica","description":"Per una cultura che nasce dalla Rivelazione cristiana in conformit\u00e0 alla tradizione e al Magistero della Chiesa in opposizione ad ogni relativismo e totalitarismo","publisher":{"@id":"https:\/\/www.rassegnastampa-totustuus.it\/cattolica\/#organization"},"alternateName":"Rass. Cattolica","potentialAction":[{"@type":"SearchAction","target":{"@type":"EntryPoint","urlTemplate":"https:\/\/www.rassegnastampa-totustuus.it\/cattolica\/?s={search_term_string}"},"query-input":{"@type":"PropertyValueSpecification","valueRequired":true,"valueName":"search_term_string"}}],"inLanguage":"it-IT"},{"@type":"Organization","@id":"https:\/\/www.rassegnastampa-totustuus.it\/cattolica\/#organization","name":"Rassegna Stampa Cattolica","url":"https:\/\/www.rassegnastampa-totustuus.it\/cattolica\/","logo":{"@type":"ImageObject","inLanguage":"it-IT","@id":"https:\/\/www.rassegnastampa-totustuus.it\/cattolica\/#\/schema\/logo\/image\/","url":"https:\/\/www.rassegnastampa-totustuus.it\/cattolica\/wp-content\/uploads\/2014\/04\/logo-rassegna1.gif","contentUrl":"https:\/\/www.rassegnastampa-totustuus.it\/cattolica\/wp-content\/uploads\/2014\/04\/logo-rassegna1.gif","width":600,"height":163,"caption":"Rassegna Stampa Cattolica"},"image":{"@id":"https:\/\/www.rassegnastampa-totustuus.it\/cattolica\/#\/schema\/logo\/image\/"},"sameAs":["https:\/\/www.facebook.com\/rassegnastampacattolica","https:\/\/x.com\/rassegnastampa9"]},{"@type":"Person","@id":"https:\/\/www.rassegnastampa-totustuus.it\/cattolica\/#\/schema\/person\/08f319d2bd1a0904ad9e2bfb7b15e5c3","name":"Redazione","image":{"@type":"ImageObject","inLanguage":"it-IT","@id":"https:\/\/secure.gravatar.com\/avatar\/2fcdf27c78ea025fbdb44e914cc63c72249ffec9dc8aafd5c82b26240ef3f346?s=96&d=mm&r=g","url":"https:\/\/secure.gravatar.com\/avatar\/2fcdf27c78ea025fbdb44e914cc63c72249ffec9dc8aafd5c82b26240ef3f346?s=96&d=mm&r=g","contentUrl":"https:\/\/secure.gravatar.com\/avatar\/2fcdf27c78ea025fbdb44e914cc63c72249ffec9dc8aafd5c82b26240ef3f346?s=96&d=mm&r=g","caption":"Redazione"},"url":"https:\/\/www.rassegnastampa-totustuus.it\/cattolica\/author\/pietroelle\/"}]}},"_links":{"self":[{"href":"https:\/\/www.rassegnastampa-totustuus.it\/cattolica\/wp-json\/wp\/v2\/posts\/2506","targetHints":{"allow":["GET"]}}],"collection":[{"href":"https:\/\/www.rassegnastampa-totustuus.it\/cattolica\/wp-json\/wp\/v2\/posts"}],"about":[{"href":"https:\/\/www.rassegnastampa-totustuus.it\/cattolica\/wp-json\/wp\/v2\/types\/post"}],"author":[{"embeddable":true,"href":"https:\/\/www.rassegnastampa-totustuus.it\/cattolica\/wp-json\/wp\/v2\/users\/6"}],"replies":[{"embeddable":true,"href":"https:\/\/www.rassegnastampa-totustuus.it\/cattolica\/wp-json\/wp\/v2\/comments?post=2506"}],"version-history":[{"count":4,"href":"https:\/\/www.rassegnastampa-totustuus.it\/cattolica\/wp-json\/wp\/v2\/posts\/2506\/revisions"}],"predecessor-version":[{"id":30910,"href":"https:\/\/www.rassegnastampa-totustuus.it\/cattolica\/wp-json\/wp\/v2\/posts\/2506\/revisions\/30910"}],"wp:featuredmedia":[{"embeddable":true,"href":"https:\/\/www.rassegnastampa-totustuus.it\/cattolica\/wp-json\/wp\/v2\/media\/30909"}],"wp:attachment":[{"href":"https:\/\/www.rassegnastampa-totustuus.it\/cattolica\/wp-json\/wp\/v2\/media?parent=2506"}],"wp:term":[{"taxonomy":"category","embeddable":true,"href":"https:\/\/www.rassegnastampa-totustuus.it\/cattolica\/wp-json\/wp\/v2\/categories?post=2506"},{"taxonomy":"post_tag","embeddable":true,"href":"https:\/\/www.rassegnastampa-totustuus.it\/cattolica\/wp-json\/wp\/v2\/tags?post=2506"}],"curies":[{"name":"wp","href":"https:\/\/api.w.org\/{rel}","templated":true}]}}