{"id":2504,"date":"2007-02-22T00:00:00","date_gmt":"2007-02-21T23:00:00","guid":{"rendered":""},"modified":"2016-01-24T17:03:45","modified_gmt":"2016-01-24T16:03:45","slug":"zanussi-il-mio-cinema-e-la-morte","status":"publish","type":"post","link":"https:\/\/www.rassegnastampa-totustuus.it\/cattolica\/zanussi-il-mio-cinema-e-la-morte\/","title":{"rendered":"Zanussi: il mio cinema e la morte"},"content":{"rendered":"<div style=\"text-align: center;\">\n<div id=\"attachment_29796\" style=\"width: 250px\" class=\"wp-caption alignleft\"><a href=\"https:\/\/www.rassegnastampa-totustuus.it\/cattolica\/wp-content\/uploads\/2007\/02\/Krzysztof-Zanussi.jpg\"><img loading=\"lazy\" decoding=\"async\" aria-describedby=\"caption-attachment-29796\" class=\"wp-image-29796\" src=\"https:\/\/www.rassegnastampa-totustuus.it\/cattolica\/wp-content\/uploads\/2007\/02\/Krzysztof-Zanussi.jpg\" alt=\"Krzysztof Zanussi\" width=\"250\" height=\"159\" \/><\/a><p id=\"caption-attachment-29796\" class=\"wp-caption-text\">Krzysztof Zanussi<\/p><\/div>\n<p>tratto dalla rivista <strong>Ciemme <\/strong>n.151<\/div>\n<p style=\"text-align: justify;\"><em>Da &#8220;Morte di un padre provinciale&#8221; a &#8220;Persona non grata&#8221; le riflessioni di un grande maestro su un tema oggi censurato<\/em><\/p>\n<p style=\"text-align: center;\">d\u00ec <strong>Krzysztof Zanussi<\/strong><\/p>\n<p><!--more--><\/p>\n<div style=\"text-align: justify;\">Mi chiedete di parlarvi del tema della morte, di come lo percepisco, di come ho pro\u00advato a esprimerlo e dell&#8217;evoluzione presente a questo riguardo nei miei film. Credo di non essere nella posizione migliore per rispondere, perch\u00e9 non sono un osservatore attento del mio lavoro. Noi artisti siamo cos\u00ec egocentrici che, per ragioni di igiene morale, dobbiamo fuggire dal passato, guardare il futuro e mai dietro le spalle. Non so che cosa ho fatto, non lo ricordo, voglio dimenticare tutto, iniziare da zero e fare il prossimo film. Perci\u00f2 non posso seguire la mia evoluzione.<\/div>\n<p style=\"text-align: justify;\">C&#8217;\u00e8 per\u00f2 qualcosa che posso condividere con voi perch\u00e9, data l&#8217;et\u00e0, posseggo un elemento autobiografico forte, del tutto estraneo alle nuove generazioni. Io sono stato infatti un bambino di guerra, e mi sono trovato, ancora molto giovane, in contatto stretto con la morte. C&#8217;\u00e8 qualcosa di paradossale in questa esperienza. Vi racconto un episodio.<\/p>\n<p style=\"text-align: justify;\">Dopo il fallimento dell&#8217;insurrezione di Varsavia, nel 1944. ci fu un rastrellamento e, con mia madre, sono stato preso per essere condotto in un campo di concentramento tedesco. Mia madre, che era una persona molto coraggiosa, mi butt\u00f2 dal treno in corsa e poi salt\u00f2 lei stessa. Ecco, voi mi vedete qui, ma potrei non esserci. E la domanda rimane sempre viva in me: perch\u00e9 io sono sopravvissuto?<\/p>\n<p style=\"text-align: justify;\">Ma la cosa pi\u00f9 aneddotica che ricordo, in quella Varsavia rasa al suolo, completamente distrutta, \u00e8 il bombardamento col napalm di una birreria, in cui c&#8217;erano dei grandi cavalli per il trasporto della birra. Quei cavalli, colpiti dal napalm, correvano coperti di fuoco, mentre noi, in fila scortati dai nazisti, andavamo alla stazione. La corsa dei cavalli in fiamme \u00e8 rimasta in me come l&#8217;immagine pi\u00f9 terribile della guerra. Molti anni dopo vidi la celebre <em>Giraffa infuocata <\/em>di Salvador Dal\u00ec e ne fui scarsamente toccato: la giraffa in fiamme era una cosa poco seria, il cavallo in fiamme, quello s\u00ec, per me era veramente terribile!<\/p>\n<p style=\"text-align: justify;\">Un cavallo visto dalla prospettiva di un bambino \u00e8 una cosa enorme, un centauro pazzo di terrore che non capisce quello che sta accadendo e non pu\u00f2 spegnere il fuoco, perch\u00e9 il napalm non si pu\u00f2 estinguere. Questo ricordo un po&#8217; spettacolare mi ha segnato pi\u00f9 di ogni altro. Leggendo Freud, ho capito che le sue intuizioni relative al materiale onirico sono commisurate a un certo periodo storico: i miei incubi sono completamente diversi, non assomigliano a nulla di quanto egli ha descritto, forse perch\u00e9 la generazione alla quale appartengo ha vissuto esperienze diverse.<\/p>\n<p style=\"text-align: justify;\">\u00c8 vero che in tutti i miei film il motivo della morte \u00e8 presente. Poich\u00e9 \u00e8 una storia piuttosto divertente, posso raccontare come ho vinto il mio primo Leone, a Venezia. Si trattava del Leone d&#8217;argento per il cortometraggio, ottenuto grazie al film di diploma, per la scuola di cinema di L\u00f3dz, girato nel 1966. Alla scuola ebbi qualche problema perch\u00e9 volevo fare cinema di testa mia, fui perfino espulso per un certo periodo, poi tornai e, al momento di girare il film per diplomarmi, compresi che poi sarei stato libero, che la scuola non avrebbe pi\u00f9 potuto influenzare la mia vita. Cos\u00ec mi misi al lavoro con uno scopo molto semplice e immediato, in fondo privo di grande importanza &#8211; come spesso accade nella vita.<\/p>\n<p style=\"text-align: justify;\">C&#8217;era un problema in particolare, un problema di natura tecnica, che volevo risolvere. Cerco di spiegarvi. Il mio lavoro precedente non era piaciuto per niente ai docenti della scuola. Si trattava di un film in cui cercavo di imitare la Nouvelle vague. Ero andato in Francia come studente e avevo visto per la prima volta i miei futuri grandi colleghi: Claude Chabrol, Jean-Lue Godard, Francois Truffaut. Una volta ritornato, avevo fatto un film con camera a mano, lavorando sull&#8217;improvvisazione della gente. Certo come lavoro scolastico era un po&#8217; provocatorio, infatti i membri della scuola di L\u00f3dz ne furono molto irritati.<\/p>\n<p style=\"text-align: justify;\">Mi dissero che il lavoro non era professionale e che alla scuola non avevo imparato nulla. \u00abLei viene dal cinema amatoriale e vuole tornarci, per cui se ne vada dalla scuola, dal momento che non sar\u00e0 mai un professionista!\u00bb . Mi misero di fronte all&#8217;alternativa: lasciare la scuola o ripetere l&#8217;anno. Era una punizione severa, forse ingiusta, ma c&#8217;era un elemento di verit\u00e0 nella loro critica: il suono. Non esisteva ancora, infatti, il sonoro in presa diretta e doppiare i dialoghi improvvisati \u00e8 una cosa impossibile &#8211; oltre che bruttissima. In breve: il sonoro del mio film era un improponibile fracasso.<\/p>\n<p style=\"text-align: justify;\">Ecco dunque il problema che avevo per presentare il nuovo lavoro. Come fare un film d&#8217;impatto, dal momento che volevo realizzarlo in modo documentario e non potevo registrare i dialoghi? Ci voleva un luogo dove non si parlava. Cos\u00ec mi venne in mente un monastero. Realizzai allora un film di mezz&#8217;ora, senza una sola parola perch\u00e9 i monaci restano in silenzio. Il protagonista \u00e8 uno studente impegnato a valutare il patrimonio artistico del convento, che deve essere sottoposto a restauro. \u00c8 un laico, pieno di vita, che si sente soffocare in quell&#8217;ambiente silenzioso, anche se viene attratto dalla figura di un vecchio monaco. Quando questi si trova sul letto di morte, il giovane spera di cogliere un messaggio, una parola che rompa il silenzio. Ma il frate spira senza riuscire a parlare. Cosa volesse dirgli, resta un mistero.<\/p>\n<p style=\"text-align: justify;\">A scuola il mio professore, uomo molto intelligente, vedendo il film finito, mi disse: \u00abCi saranno dei guai!\u00bb. In effetti, per le autorit\u00e0 comuniste, un film ambientato in un convento era inaccettabile nel 1966. Allora, per prima cosa, il professore mi chiese di cambiare il titolo previsto, che era La <em>morte di un abate. <\/em>Egli disse: \u00abNo, \u201cabate\u201d accende la spia rossa della censura sulla scrivania di qualsiasi funzionario. Evoca immediatamente la religione, dunque bisogna cambiarlo\u00bb. \u00abAllora mettiamo \u201cmonaco\u201d\u00bb, risposi. Ma era ancora peggio&#8230;<\/p>\n<p style=\"text-align: justify;\">Cercando possibili alternative, scoprii che nel monastero esisteva una funzione, quella del padre provinciale, praticamente sconosciuta al mondo laico. Era quello che serviva. Il film in italiano si intitola <em>La morte di un padre <\/em><em>provinciale, <\/em>ma il titolo originale, <em>Smierc Pmwincjala, <\/em>significa semplicemente &#8220;morte di un provinciale&#8221; e, per gli impiegati del partito, ci\u00f2 non significava nulla. Pensarono a un uomo di provincia, senza considerare che si tratta anche un titolo ecclesiastico: in questo modo il film pass\u00f2 la censura. Il professore mi diede poi un ottimo suggerimento: \u00abVisto che il film potrebbe causare problemi &#8211; mi disse &#8211; mandiamolo subito a Mosca!\u00bb.<\/p>\n<p style=\"text-align: justify;\">A Mosca si svolgeva un concorso di opere scolastiche, finanziato dall&#8217;Organizzazione leninista Sovietica. Nel 1967, vi partecipai dunque con <em>Smierc Prowincjala. <\/em>Una seconda copia fu mandata in Germania per il festival di Mannheim. Cos\u00ec, nel giro di una settimana, ricevetti due premi: un riconoscimento ecumenico a Mannheim, per il valore spirituale del film, e un riconoscimento per il suo messaggio ateo, a Mosca. Come fu possibile? Semplicemente perch\u00e9 non ci sono parole e l&#8217;immagine pu\u00f2 essere interpretata come si vuole. Il premio di Mosca era molto importante e fui contento di averlo ricevuto. Per qualche tempo, mi avrebbe garantito un buon alibi.<\/p>\n<p style=\"text-align: justify;\">Anni dopo, chiesi ai membri della Scuola Superiore del Cinema di Mosca (dove sono attualmente professore e dottore <em>honoris causa) <\/em>se ricordassero la motivazione che li aveva indotti a premiarmi e risposero: \u00abII messaggio era lampante. La morte del vecchio monaco rappresenta la morte della religione, il giovane invece \u00e8 vivo, non \u00e8 credente e cos\u00ec tutto si spiega: \u00e8 un film ateo\u00bb. Con questa spiegazione riuscii ad accettare l&#8217;assurdit\u00e0 del mondo. Da allora ho sempre avuto modo di vedere che l&#8217;interpretazione, soprattutto quando c&#8217;\u00e8 di mezzo un interesse ideologico, diventa incontrollabile: la gente cerca ci\u00f2 che vuole, ci\u00f2 che conosce gi\u00e0, e se lo trova, va tutto bene.<\/p>\n<p style=\"text-align: justify;\">Il tema della morte \u00e8 una costante nei miei film pi\u00f9 importanti. Penso per esempio a <em>La spirale <\/em>(1978), un film che \u00e8 in qualche modo una riduzione all&#8217;assurdo: la storia di un uomo, malato terminale, che vuole suicidarsi per compiere un gesto di libert\u00e0. Egli rifiuta la condanna che implica la sua malattia e, affrettando i tempi della sua scomparsa, vuole in qualche modo esprimere una scelta. \u00c8 un film che chiama in causa il nostro modo di essere. Non c&#8217;\u00e8 alcun riferimento a Dio &#8211; non era possibile all&#8217;epoca &#8211; ma credo che questa assenza sia pregna di metafisica.<\/p>\n<p style=\"text-align: justify;\">In generale, il tema della morte attraversa la mia opera perch\u00e9 sono costretto a pensare che la mia vita ha un termine, mentre la cultura odierna tende a nascondere la nostra mortalit\u00e0. Questo fatto mi pare rappresenti una mancanza di coraggio da parte dell&#8217;uomo moderno, che si protegge con tutti i mezzi, con la tecnologia e le ricchezze, per nascondere la realt\u00e0.<\/p>\n<p style=\"text-align: justify;\">Avendo studiato per alcuni anni la fisica, mi capita di considerare il funzionamento dei nostri personal computer, e noto come i programmi che utilizziamo ci mettono in condizione di eludere qualunque intervento irreversibile. L&#8217;irreversibilit\u00e0 \u00e8 un attributo della morte, non si pu\u00f2 fare un passo indietro. Nella piattaforma di Windows, invece, nulla \u00e8 decisivo, si pu\u00f2 sempre tornare da capo. Il computer \u00e8 un&#8217;educazione permanente all&#8217;irresponsabilit\u00e0. Quando si fa il montaggio cinematografico alla vecchia maniera, su celluloide, si pu\u00f2 sbagliare il taglio, ma rimediare richiede tempo, costa qualcosa. Il computer suggerisce che niente costa, che tutto \u00e8 libero e le decisioni possono sempre essere rivedute.<\/p>\n<p style=\"text-align: justify;\">Ebbene, nella vita non \u00e8 cos\u00ec. Evidentemente non si tratta di fare un processo a Microsoft per questo, il punto \u00e8 un altro. Si tratta di capire cosa nasconde un certo modo di operare, capire e accettare cosa c&#8217;\u00e8 dietro questi processi.<\/p>\n","protected":false},"excerpt":{"rendered":"<p>tratto dalla rivista Ciemme n.151 Da &#8220;Morte di un padre provinciale&#8221; a &#8220;Persona non grata&#8221; le riflessioni di un grande maestro su un tema oggi censurato d\u00ec Krzysztof Zanussi<\/p><p><a class=\"more-link btn\" href=\"https:\/\/www.rassegnastampa-totustuus.it\/cattolica\/zanussi-il-mio-cinema-e-la-morte\/\">Continua a leggere<\/a><\/p>\n","protected":false},"author":6,"featured_media":29796,"comment_status":"closed","ping_status":"open","sticky":false,"template":"","format":"standard","meta":{"footnotes":""},"categories":[7],"tags":[500],"class_list":["post-2504","post","type-post","status-publish","format-standard","has-post-thumbnail","hentry","category-costume","tag-morte","item-wrap"],"yoast_head":"<!-- This site is optimized with the Yoast SEO plugin v27.5 - https:\/\/yoast.com\/product\/yoast-seo-wordpress\/ -->\n<title>Zanussi: il mio cinema e la morte - Rassegna Stampa Cattolica<\/title>\n<meta name=\"description\" content=\"Rassegna Stampa Cattolica - Per una cultura che nasce dalla Rivelazione cristiana in conformit\u00e0 alla tradizione e al Magistero della Chiesa in opposizione ad ogni relativismo e totalitarismo\" \/>\n<meta name=\"robots\" content=\"index, follow, max-snippet:-1, max-image-preview:large, max-video-preview:-1\" \/>\n<link rel=\"canonical\" href=\"https:\/\/www.rassegnastampa-totustuus.it\/cattolica\/zanussi-il-mio-cinema-e-la-morte\/\" \/>\n<meta property=\"og:locale\" content=\"it_IT\" \/>\n<meta property=\"og:type\" content=\"article\" \/>\n<meta property=\"og:title\" content=\"Zanussi: il mio cinema e la morte - Rassegna Stampa Cattolica\" \/>\n<meta property=\"og:description\" content=\"Rassegna Stampa Cattolica - Per una cultura che nasce dalla Rivelazione cristiana in conformit\u00e0 alla tradizione e al Magistero della Chiesa in opposizione ad ogni relativismo e totalitarismo\" \/>\n<meta property=\"og:url\" content=\"https:\/\/www.rassegnastampa-totustuus.it\/cattolica\/zanussi-il-mio-cinema-e-la-morte\/\" \/>\n<meta property=\"og:site_name\" content=\"Rassegna Stampa Cattolica\" \/>\n<meta property=\"article:publisher\" content=\"https:\/\/www.facebook.com\/rassegnastampacattolica\" \/>\n<meta property=\"article:published_time\" content=\"2007-02-21T23:00:00+00:00\" \/>\n<meta property=\"article:modified_time\" content=\"2016-01-24T16:03:45+00:00\" \/>\n<meta property=\"og:image\" content=\"https:\/\/www.rassegnastampa-totustuus.it\/cattolica\/wp-content\/uploads\/2007\/02\/Krzysztof-Zanussi.jpg\" \/>\n\t<meta property=\"og:image:width\" content=\"281\" \/>\n\t<meta property=\"og:image:height\" content=\"179\" \/>\n\t<meta property=\"og:image:type\" content=\"image\/jpeg\" \/>\n<meta name=\"author\" content=\"Redazione\" \/>\n<meta name=\"twitter:card\" content=\"summary_large_image\" \/>\n<meta name=\"twitter:creator\" content=\"@rassegnastampa9\" \/>\n<meta name=\"twitter:site\" content=\"@rassegnastampa9\" \/>\n<meta name=\"twitter:label1\" content=\"Scritto da\" \/>\n\t<meta name=\"twitter:data1\" content=\"Redazione\" \/>\n\t<meta name=\"twitter:label2\" content=\"Tempo di lettura stimato\" \/>\n\t<meta name=\"twitter:data2\" content=\"8 minuti\" \/>\n<script type=\"application\/ld+json\" class=\"yoast-schema-graph\">{\"@context\":\"https:\\\/\\\/schema.org\",\"@graph\":[{\"@type\":\"Article\",\"@id\":\"https:\\\/\\\/www.rassegnastampa-totustuus.it\\\/cattolica\\\/zanussi-il-mio-cinema-e-la-morte\\\/#article\",\"isPartOf\":{\"@id\":\"https:\\\/\\\/www.rassegnastampa-totustuus.it\\\/cattolica\\\/zanussi-il-mio-cinema-e-la-morte\\\/\"},\"author\":{\"name\":\"Redazione\",\"@id\":\"https:\\\/\\\/www.rassegnastampa-totustuus.it\\\/cattolica\\\/#\\\/schema\\\/person\\\/08f319d2bd1a0904ad9e2bfb7b15e5c3\"},\"headline\":\"Zanussi: il mio cinema e la morte\",\"datePublished\":\"2007-02-21T23:00:00+00:00\",\"dateModified\":\"2016-01-24T16:03:45+00:00\",\"mainEntityOfPage\":{\"@id\":\"https:\\\/\\\/www.rassegnastampa-totustuus.it\\\/cattolica\\\/zanussi-il-mio-cinema-e-la-morte\\\/\"},\"wordCount\":1634,\"publisher\":{\"@id\":\"https:\\\/\\\/www.rassegnastampa-totustuus.it\\\/cattolica\\\/#organization\"},\"image\":{\"@id\":\"https:\\\/\\\/www.rassegnastampa-totustuus.it\\\/cattolica\\\/zanussi-il-mio-cinema-e-la-morte\\\/#primaryimage\"},\"thumbnailUrl\":\"https:\\\/\\\/www.rassegnastampa-totustuus.it\\\/cattolica\\\/wp-content\\\/uploads\\\/2007\\\/02\\\/Krzysztof-Zanussi.jpg\",\"keywords\":[\"morte\"],\"articleSection\":[\"Costume\"],\"inLanguage\":\"it-IT\"},{\"@type\":\"WebPage\",\"@id\":\"https:\\\/\\\/www.rassegnastampa-totustuus.it\\\/cattolica\\\/zanussi-il-mio-cinema-e-la-morte\\\/\",\"url\":\"https:\\\/\\\/www.rassegnastampa-totustuus.it\\\/cattolica\\\/zanussi-il-mio-cinema-e-la-morte\\\/\",\"name\":\"Zanussi: il mio cinema e la morte - Rassegna Stampa Cattolica\",\"isPartOf\":{\"@id\":\"https:\\\/\\\/www.rassegnastampa-totustuus.it\\\/cattolica\\\/#website\"},\"primaryImageOfPage\":{\"@id\":\"https:\\\/\\\/www.rassegnastampa-totustuus.it\\\/cattolica\\\/zanussi-il-mio-cinema-e-la-morte\\\/#primaryimage\"},\"image\":{\"@id\":\"https:\\\/\\\/www.rassegnastampa-totustuus.it\\\/cattolica\\\/zanussi-il-mio-cinema-e-la-morte\\\/#primaryimage\"},\"thumbnailUrl\":\"https:\\\/\\\/www.rassegnastampa-totustuus.it\\\/cattolica\\\/wp-content\\\/uploads\\\/2007\\\/02\\\/Krzysztof-Zanussi.jpg\",\"datePublished\":\"2007-02-21T23:00:00+00:00\",\"dateModified\":\"2016-01-24T16:03:45+00:00\",\"description\":\"Rassegna Stampa Cattolica - Per una cultura che nasce dalla Rivelazione cristiana in conformit\u00e0 alla tradizione e al Magistero della Chiesa in opposizione ad ogni relativismo e totalitarismo\",\"breadcrumb\":{\"@id\":\"https:\\\/\\\/www.rassegnastampa-totustuus.it\\\/cattolica\\\/zanussi-il-mio-cinema-e-la-morte\\\/#breadcrumb\"},\"inLanguage\":\"it-IT\",\"potentialAction\":[{\"@type\":\"ReadAction\",\"target\":[\"https:\\\/\\\/www.rassegnastampa-totustuus.it\\\/cattolica\\\/zanussi-il-mio-cinema-e-la-morte\\\/\"]}]},{\"@type\":\"ImageObject\",\"inLanguage\":\"it-IT\",\"@id\":\"https:\\\/\\\/www.rassegnastampa-totustuus.it\\\/cattolica\\\/zanussi-il-mio-cinema-e-la-morte\\\/#primaryimage\",\"url\":\"https:\\\/\\\/www.rassegnastampa-totustuus.it\\\/cattolica\\\/wp-content\\\/uploads\\\/2007\\\/02\\\/Krzysztof-Zanussi.jpg\",\"contentUrl\":\"https:\\\/\\\/www.rassegnastampa-totustuus.it\\\/cattolica\\\/wp-content\\\/uploads\\\/2007\\\/02\\\/Krzysztof-Zanussi.jpg\",\"width\":281,\"height\":179},{\"@type\":\"BreadcrumbList\",\"@id\":\"https:\\\/\\\/www.rassegnastampa-totustuus.it\\\/cattolica\\\/zanussi-il-mio-cinema-e-la-morte\\\/#breadcrumb\",\"itemListElement\":[{\"@type\":\"ListItem\",\"position\":1,\"name\":\"Home\",\"item\":\"https:\\\/\\\/www.rassegnastampa-totustuus.it\\\/cattolica\\\/\"},{\"@type\":\"ListItem\",\"position\":2,\"name\":\"Zanussi: il mio cinema e la morte\"}]},{\"@type\":\"WebSite\",\"@id\":\"https:\\\/\\\/www.rassegnastampa-totustuus.it\\\/cattolica\\\/#website\",\"url\":\"https:\\\/\\\/www.rassegnastampa-totustuus.it\\\/cattolica\\\/\",\"name\":\"Rassegna Stampa Cattolica\",\"description\":\"Per una cultura che nasce dalla Rivelazione cristiana in conformit\u00e0 alla tradizione e al Magistero della Chiesa in opposizione ad ogni relativismo e totalitarismo\",\"publisher\":{\"@id\":\"https:\\\/\\\/www.rassegnastampa-totustuus.it\\\/cattolica\\\/#organization\"},\"alternateName\":\"Rass. Cattolica\",\"potentialAction\":[{\"@type\":\"SearchAction\",\"target\":{\"@type\":\"EntryPoint\",\"urlTemplate\":\"https:\\\/\\\/www.rassegnastampa-totustuus.it\\\/cattolica\\\/?s={search_term_string}\"},\"query-input\":{\"@type\":\"PropertyValueSpecification\",\"valueRequired\":true,\"valueName\":\"search_term_string\"}}],\"inLanguage\":\"it-IT\"},{\"@type\":\"Organization\",\"@id\":\"https:\\\/\\\/www.rassegnastampa-totustuus.it\\\/cattolica\\\/#organization\",\"name\":\"Rassegna Stampa Cattolica\",\"url\":\"https:\\\/\\\/www.rassegnastampa-totustuus.it\\\/cattolica\\\/\",\"logo\":{\"@type\":\"ImageObject\",\"inLanguage\":\"it-IT\",\"@id\":\"https:\\\/\\\/www.rassegnastampa-totustuus.it\\\/cattolica\\\/#\\\/schema\\\/logo\\\/image\\\/\",\"url\":\"https:\\\/\\\/www.rassegnastampa-totustuus.it\\\/cattolica\\\/wp-content\\\/uploads\\\/2014\\\/04\\\/logo-rassegna1.gif\",\"contentUrl\":\"https:\\\/\\\/www.rassegnastampa-totustuus.it\\\/cattolica\\\/wp-content\\\/uploads\\\/2014\\\/04\\\/logo-rassegna1.gif\",\"width\":600,\"height\":163,\"caption\":\"Rassegna Stampa Cattolica\"},\"image\":{\"@id\":\"https:\\\/\\\/www.rassegnastampa-totustuus.it\\\/cattolica\\\/#\\\/schema\\\/logo\\\/image\\\/\"},\"sameAs\":[\"https:\\\/\\\/www.facebook.com\\\/rassegnastampacattolica\",\"https:\\\/\\\/x.com\\\/rassegnastampa9\"]},{\"@type\":\"Person\",\"@id\":\"https:\\\/\\\/www.rassegnastampa-totustuus.it\\\/cattolica\\\/#\\\/schema\\\/person\\\/08f319d2bd1a0904ad9e2bfb7b15e5c3\",\"name\":\"Redazione\",\"image\":{\"@type\":\"ImageObject\",\"inLanguage\":\"it-IT\",\"@id\":\"https:\\\/\\\/secure.gravatar.com\\\/avatar\\\/2fcdf27c78ea025fbdb44e914cc63c72249ffec9dc8aafd5c82b26240ef3f346?s=96&d=mm&r=g\",\"url\":\"https:\\\/\\\/secure.gravatar.com\\\/avatar\\\/2fcdf27c78ea025fbdb44e914cc63c72249ffec9dc8aafd5c82b26240ef3f346?s=96&d=mm&r=g\",\"contentUrl\":\"https:\\\/\\\/secure.gravatar.com\\\/avatar\\\/2fcdf27c78ea025fbdb44e914cc63c72249ffec9dc8aafd5c82b26240ef3f346?s=96&d=mm&r=g\",\"caption\":\"Redazione\"},\"url\":\"https:\\\/\\\/www.rassegnastampa-totustuus.it\\\/cattolica\\\/author\\\/pietroelle\\\/\"}]}<\/script>\n<!-- \/ Yoast SEO plugin. -->","yoast_head_json":{"title":"Zanussi: il mio cinema e la morte - Rassegna Stampa Cattolica","description":"Rassegna Stampa Cattolica - Per una cultura che nasce dalla Rivelazione cristiana in conformit\u00e0 alla tradizione e al Magistero della Chiesa in opposizione ad ogni relativismo e totalitarismo","robots":{"index":"index","follow":"follow","max-snippet":"max-snippet:-1","max-image-preview":"max-image-preview:large","max-video-preview":"max-video-preview:-1"},"canonical":"https:\/\/www.rassegnastampa-totustuus.it\/cattolica\/zanussi-il-mio-cinema-e-la-morte\/","og_locale":"it_IT","og_type":"article","og_title":"Zanussi: il mio cinema e la morte - Rassegna Stampa Cattolica","og_description":"Rassegna Stampa Cattolica - Per una cultura che nasce dalla Rivelazione cristiana in conformit\u00e0 alla tradizione e al Magistero della Chiesa in opposizione ad ogni relativismo e totalitarismo","og_url":"https:\/\/www.rassegnastampa-totustuus.it\/cattolica\/zanussi-il-mio-cinema-e-la-morte\/","og_site_name":"Rassegna Stampa Cattolica","article_publisher":"https:\/\/www.facebook.com\/rassegnastampacattolica","article_published_time":"2007-02-21T23:00:00+00:00","article_modified_time":"2016-01-24T16:03:45+00:00","og_image":[{"width":281,"height":179,"url":"https:\/\/www.rassegnastampa-totustuus.it\/cattolica\/wp-content\/uploads\/2007\/02\/Krzysztof-Zanussi.jpg","type":"image\/jpeg"}],"author":"Redazione","twitter_card":"summary_large_image","twitter_creator":"@rassegnastampa9","twitter_site":"@rassegnastampa9","twitter_misc":{"Scritto da":"Redazione","Tempo di lettura stimato":"8 minuti"},"schema":{"@context":"https:\/\/schema.org","@graph":[{"@type":"Article","@id":"https:\/\/www.rassegnastampa-totustuus.it\/cattolica\/zanussi-il-mio-cinema-e-la-morte\/#article","isPartOf":{"@id":"https:\/\/www.rassegnastampa-totustuus.it\/cattolica\/zanussi-il-mio-cinema-e-la-morte\/"},"author":{"name":"Redazione","@id":"https:\/\/www.rassegnastampa-totustuus.it\/cattolica\/#\/schema\/person\/08f319d2bd1a0904ad9e2bfb7b15e5c3"},"headline":"Zanussi: il mio cinema e la morte","datePublished":"2007-02-21T23:00:00+00:00","dateModified":"2016-01-24T16:03:45+00:00","mainEntityOfPage":{"@id":"https:\/\/www.rassegnastampa-totustuus.it\/cattolica\/zanussi-il-mio-cinema-e-la-morte\/"},"wordCount":1634,"publisher":{"@id":"https:\/\/www.rassegnastampa-totustuus.it\/cattolica\/#organization"},"image":{"@id":"https:\/\/www.rassegnastampa-totustuus.it\/cattolica\/zanussi-il-mio-cinema-e-la-morte\/#primaryimage"},"thumbnailUrl":"https:\/\/www.rassegnastampa-totustuus.it\/cattolica\/wp-content\/uploads\/2007\/02\/Krzysztof-Zanussi.jpg","keywords":["morte"],"articleSection":["Costume"],"inLanguage":"it-IT"},{"@type":"WebPage","@id":"https:\/\/www.rassegnastampa-totustuus.it\/cattolica\/zanussi-il-mio-cinema-e-la-morte\/","url":"https:\/\/www.rassegnastampa-totustuus.it\/cattolica\/zanussi-il-mio-cinema-e-la-morte\/","name":"Zanussi: il mio cinema e la morte - Rassegna Stampa Cattolica","isPartOf":{"@id":"https:\/\/www.rassegnastampa-totustuus.it\/cattolica\/#website"},"primaryImageOfPage":{"@id":"https:\/\/www.rassegnastampa-totustuus.it\/cattolica\/zanussi-il-mio-cinema-e-la-morte\/#primaryimage"},"image":{"@id":"https:\/\/www.rassegnastampa-totustuus.it\/cattolica\/zanussi-il-mio-cinema-e-la-morte\/#primaryimage"},"thumbnailUrl":"https:\/\/www.rassegnastampa-totustuus.it\/cattolica\/wp-content\/uploads\/2007\/02\/Krzysztof-Zanussi.jpg","datePublished":"2007-02-21T23:00:00+00:00","dateModified":"2016-01-24T16:03:45+00:00","description":"Rassegna Stampa Cattolica - Per una cultura che nasce dalla Rivelazione cristiana in conformit\u00e0 alla tradizione e al Magistero della Chiesa in opposizione ad ogni relativismo e totalitarismo","breadcrumb":{"@id":"https:\/\/www.rassegnastampa-totustuus.it\/cattolica\/zanussi-il-mio-cinema-e-la-morte\/#breadcrumb"},"inLanguage":"it-IT","potentialAction":[{"@type":"ReadAction","target":["https:\/\/www.rassegnastampa-totustuus.it\/cattolica\/zanussi-il-mio-cinema-e-la-morte\/"]}]},{"@type":"ImageObject","inLanguage":"it-IT","@id":"https:\/\/www.rassegnastampa-totustuus.it\/cattolica\/zanussi-il-mio-cinema-e-la-morte\/#primaryimage","url":"https:\/\/www.rassegnastampa-totustuus.it\/cattolica\/wp-content\/uploads\/2007\/02\/Krzysztof-Zanussi.jpg","contentUrl":"https:\/\/www.rassegnastampa-totustuus.it\/cattolica\/wp-content\/uploads\/2007\/02\/Krzysztof-Zanussi.jpg","width":281,"height":179},{"@type":"BreadcrumbList","@id":"https:\/\/www.rassegnastampa-totustuus.it\/cattolica\/zanussi-il-mio-cinema-e-la-morte\/#breadcrumb","itemListElement":[{"@type":"ListItem","position":1,"name":"Home","item":"https:\/\/www.rassegnastampa-totustuus.it\/cattolica\/"},{"@type":"ListItem","position":2,"name":"Zanussi: il mio cinema e la morte"}]},{"@type":"WebSite","@id":"https:\/\/www.rassegnastampa-totustuus.it\/cattolica\/#website","url":"https:\/\/www.rassegnastampa-totustuus.it\/cattolica\/","name":"Rassegna Stampa Cattolica","description":"Per una cultura che nasce dalla Rivelazione cristiana in conformit\u00e0 alla tradizione e al Magistero della Chiesa in opposizione ad ogni relativismo e totalitarismo","publisher":{"@id":"https:\/\/www.rassegnastampa-totustuus.it\/cattolica\/#organization"},"alternateName":"Rass. Cattolica","potentialAction":[{"@type":"SearchAction","target":{"@type":"EntryPoint","urlTemplate":"https:\/\/www.rassegnastampa-totustuus.it\/cattolica\/?s={search_term_string}"},"query-input":{"@type":"PropertyValueSpecification","valueRequired":true,"valueName":"search_term_string"}}],"inLanguage":"it-IT"},{"@type":"Organization","@id":"https:\/\/www.rassegnastampa-totustuus.it\/cattolica\/#organization","name":"Rassegna Stampa Cattolica","url":"https:\/\/www.rassegnastampa-totustuus.it\/cattolica\/","logo":{"@type":"ImageObject","inLanguage":"it-IT","@id":"https:\/\/www.rassegnastampa-totustuus.it\/cattolica\/#\/schema\/logo\/image\/","url":"https:\/\/www.rassegnastampa-totustuus.it\/cattolica\/wp-content\/uploads\/2014\/04\/logo-rassegna1.gif","contentUrl":"https:\/\/www.rassegnastampa-totustuus.it\/cattolica\/wp-content\/uploads\/2014\/04\/logo-rassegna1.gif","width":600,"height":163,"caption":"Rassegna Stampa Cattolica"},"image":{"@id":"https:\/\/www.rassegnastampa-totustuus.it\/cattolica\/#\/schema\/logo\/image\/"},"sameAs":["https:\/\/www.facebook.com\/rassegnastampacattolica","https:\/\/x.com\/rassegnastampa9"]},{"@type":"Person","@id":"https:\/\/www.rassegnastampa-totustuus.it\/cattolica\/#\/schema\/person\/08f319d2bd1a0904ad9e2bfb7b15e5c3","name":"Redazione","image":{"@type":"ImageObject","inLanguage":"it-IT","@id":"https:\/\/secure.gravatar.com\/avatar\/2fcdf27c78ea025fbdb44e914cc63c72249ffec9dc8aafd5c82b26240ef3f346?s=96&d=mm&r=g","url":"https:\/\/secure.gravatar.com\/avatar\/2fcdf27c78ea025fbdb44e914cc63c72249ffec9dc8aafd5c82b26240ef3f346?s=96&d=mm&r=g","contentUrl":"https:\/\/secure.gravatar.com\/avatar\/2fcdf27c78ea025fbdb44e914cc63c72249ffec9dc8aafd5c82b26240ef3f346?s=96&d=mm&r=g","caption":"Redazione"},"url":"https:\/\/www.rassegnastampa-totustuus.it\/cattolica\/author\/pietroelle\/"}]}},"_links":{"self":[{"href":"https:\/\/www.rassegnastampa-totustuus.it\/cattolica\/wp-json\/wp\/v2\/posts\/2504","targetHints":{"allow":["GET"]}}],"collection":[{"href":"https:\/\/www.rassegnastampa-totustuus.it\/cattolica\/wp-json\/wp\/v2\/posts"}],"about":[{"href":"https:\/\/www.rassegnastampa-totustuus.it\/cattolica\/wp-json\/wp\/v2\/types\/post"}],"author":[{"embeddable":true,"href":"https:\/\/www.rassegnastampa-totustuus.it\/cattolica\/wp-json\/wp\/v2\/users\/6"}],"replies":[{"embeddable":true,"href":"https:\/\/www.rassegnastampa-totustuus.it\/cattolica\/wp-json\/wp\/v2\/comments?post=2504"}],"version-history":[{"count":4,"href":"https:\/\/www.rassegnastampa-totustuus.it\/cattolica\/wp-json\/wp\/v2\/posts\/2504\/revisions"}],"predecessor-version":[{"id":29797,"href":"https:\/\/www.rassegnastampa-totustuus.it\/cattolica\/wp-json\/wp\/v2\/posts\/2504\/revisions\/29797"}],"wp:featuredmedia":[{"embeddable":true,"href":"https:\/\/www.rassegnastampa-totustuus.it\/cattolica\/wp-json\/wp\/v2\/media\/29796"}],"wp:attachment":[{"href":"https:\/\/www.rassegnastampa-totustuus.it\/cattolica\/wp-json\/wp\/v2\/media?parent=2504"}],"wp:term":[{"taxonomy":"category","embeddable":true,"href":"https:\/\/www.rassegnastampa-totustuus.it\/cattolica\/wp-json\/wp\/v2\/categories?post=2504"},{"taxonomy":"post_tag","embeddable":true,"href":"https:\/\/www.rassegnastampa-totustuus.it\/cattolica\/wp-json\/wp\/v2\/tags?post=2504"}],"curies":[{"name":"wp","href":"https:\/\/api.w.org\/{rel}","templated":true}]}}