{"id":2491,"date":"2007-02-19T09:35:34","date_gmt":"2007-02-19T08:35:34","guid":{"rendered":""},"modified":"2016-02-25T11:58:15","modified_gmt":"2016-02-25T10:58:15","slug":"cattolici-di-dio-e-quelli-delle-poltrone","status":"publish","type":"post","link":"https:\/\/www.rassegnastampa-totustuus.it\/cattolica\/cattolici-di-dio-e-quelli-delle-poltrone\/","title":{"rendered":"Cattolici di Dio e quelli delle poltrone"},"content":{"rendered":"<div style=\"text-align: center;\"><a href=\"https:\/\/www.rassegnastampa-totustuus.it\/cattolica\/wp-content\/uploads\/2007\/02\/politico-poltrona.jpg\"><img loading=\"lazy\" decoding=\"async\" class=\"alignleft wp-image-30913\" src=\"https:\/\/www.rassegnastampa-totustuus.it\/cattolica\/wp-content\/uploads\/2007\/02\/politico-poltrona.jpg\" alt=\"politico-poltrona\" width=\"244\" height=\"200\" \/><\/a>da \u201c<strong>Libero<\/strong>\u201d 16 febbraio 2007<\/div>\n<p style=\"text-align: center;\">di <strong>Antonio Socci<br \/>\n<\/strong><\/p>\n<p style=\"text-align: justify;\">Il ministro Rosy Bindi, gi\u00e0 vicepresidente dell\u2019Azione Cattolica, oggi chiamata \u201cRosy nel pugno\u201d, per difendere i suoi Dico ha sparato cos\u00ec contro Benedetto XVI e il cardinale Ruini: \u00abIo amo pensare alla Chiesa che si occupa delle cose di Dio\u00bb. Padre Livio Fanzaga, dai microfoni di Radio Maria, ha risposto: \u00abnoi ameremmo che i politici non si occupassero solo delle proprie poltrone\u00bb.<\/p>\n<p><!--more--><\/p>\n<div style=\"text-align: justify;\">Ormai siamo alla resa dei conti dentro al mondo cattolico. Da una parte i cattolici del popolo come Savino Pezzotta che conosce le difficolt\u00e0 delle famiglie a tirare avanti e far crescere i figli (anche per colpa delle politiche del governo). Pezzotta ieri ha sparato a zero \u2013 da <em>Avvenire<\/em> \u2013 sui Dico e in difesa della libert\u00e0 di parola della Chiesa.<\/div>\n<p style=\"text-align: justify;\">Dall\u2019altra parte ci sono i cattolici del potere, culturalmente subalterni alla Sinistra, come Oscar Luigi Scalfaro che ieri \u2013 sulla <em>Repubblica<\/em> \u2013 si \u00e8 lanciato anche lui all\u2019attacco del Papa e del cardinal Ruini. Il peggior presidente della nostra storia repubblicana vuole insegnare a Benedetto XVI a fare il papa e a Ruini a fare il presidente della Cei.<\/p>\n<p style=\"text-align: justify;\">Scalfaro evoca Giovanni XXIII per contrapporlo al pontefice vivente e intima alla Cei di non fare \u00abuna imposizione\u00bb (si riferisce alla \u201cnota\u201d sui Dico che \u00e8 stata annunciata da Ruini), ma di comportarsi come papa Roncalli con l\u2019enciclica \u201cMater et Magistra\u201d. Scalfaro \u2013 come al solito superficiale \u2013 neanche l\u2019ha letta quella enciclica giovannea. Altrimenti avrebbe trovato l\u00ec esattamente le stesse posizioni della Chiesa di oggi. Anzi, sembra quasi il \u201cmanifesto\u201d a cui si attengono Benedetto XVI e Ruini. Con buona pace dei professori Alberigo, Melloni e compagni che si dichiarano \u201croncalliani\u201d e hanno appena lanciato un appello perch\u00e9 la Chiesa si auto-imbavagli sui Dico.<\/p>\n<p style=\"text-align: justify;\">Innanzitutto Giovanni XXIII afferma che \u00abla Chiesa \u00e8 portatrice e banditrice di una concezione sempre attuale della convivenza\u00bb e \u00abil sommo Pontefice ribadisce il diritto e il dovere della Chiesa di portare il suo insostituibile contributo alla felice soluzione degli urgenti, gravissimi problemi sociali che angustiano la famiglia umana\u00bb. Quindi c\u2019\u00e8 la denuncia del \u00abprocesso di disintegrazione della famiglia\u00bb.<\/p>\n<p style=\"text-align: justify;\">Papa Giovanni \u2013 con Pio XII \u2013 \u00abrivendica alla Chiesa la inoppugnabile competenza di giudicare se le basi di un dato ordinamento sociale siano in accordo con l\u2019ordine immutabile che Dio creatore e redentore ha manifestato per mezzo del diritto naturale e della rivelazione (\u2026) e coglie l\u2019occasione per dare ulteriori principi direttivi morali\u00bb sui \u00abvalori fondamentali della vita sociale\u00bb fra cui c\u2019\u00e8 \u00abla famiglia\u00bb. A proposito della quale, il papa afferma: \u00abdobbiamo proclamare solennemente che la vita umana va trasmessa attraverso la famiglia, fondata sul matrimonio uno e indissolubile, elevato, per i cristiani, alla dignit\u00e0 di sacramento\u00bb.<\/p>\n<p style=\"text-align: justify;\">Non manca un altro \u201ca fondo\u201d di Roncalli che oggi, i sedicenti \u201croncalliani\u201d, definerebbero integralista: \u00abLa vita umana \u00e8 sacra: fin dal suo affiorare impegna direttamente l\u2019azione creatrice di Dio. Violando le sue leggi, si offende la sua divina maest\u00e0, si degrada se stessi e l\u2019umanit\u00e0 e si svigorisce altres\u00ec la stessa comunit\u00e0 di cui si \u00e8 membri\u00bb. E, con toni \u201cruiniani\u201d, aggiunge: \u00abl\u2019ordine morale non si regge che in Dio: scisso da Dio si disintegra. L\u2019uomo infatti non \u00e8 solo un organismo materiale, ma \u00e8 anche spirito dotato di pensiero e di libert\u00e0. Esige quindi un ordine etico-religioso, il quale incide pi\u00f9 di ogni valore materiale sugli indirizzi e le soluzioni da dare ai problemi della vita individuale ed associata\u00bb.<\/p>\n<p style=\"text-align: justify;\">Papa Giovanni spiega pure \u00abl\u2019uomo staccato da Dio diventa disumano con se stesso e con i suoi simili, perch\u00e9 l\u2019ordinato rapporto di convivenza presuppone l\u2019ordinato rapporto della coscienza personale con Dio, fonte di verit\u00e0, di giustizia e di amore\u00bb. Sembrano parole di Ratzinger e Ruini, ma \u00e8 papa Giovanni: \u00abresta sempre che l\u2019aspetto pi\u00f9 sinistramente tipico dell\u2019epoca moderna sta nell\u2019assurdo tentativo di voler ricomporre un ordine temporale solido e fecondo prescindendo da Dio, unico fondamento sul quale soltanto pu\u00f2 reggere\u00bb.<\/p>\n<p style=\"text-align: justify;\">Come se non bastasse, sempre nella \u201cMater et Magistra\u201d, Giovanni XXIII ribadisce che \u00abtra comunismo e cristianesimo l\u2019opposizione \u00e8 radicale, e non \u00e8 da ammettersi in alcun modo che i cattolici aderiscano al socialismo moderato\u00bb. Diranno &#8211; Scalfaro, la Bindi, Alberigo e compagni \u2013 che tuttavia questi pronunciamenti non sono come \u00abl\u2019annunciato intervento della Cei\u00bb che \u2013 a loro dire \u2013 \u00abimporrebbe ai parlamentari cattolici di rifiutare\u00bb i Dico. In realt\u00e0 non c\u2019\u00e8 proprio nessuna imposizione, ma solo il giudizio della Chiesa che \u00e8 impegnativo per chi vuole dirsi \u2013 davanti agli elettori &#8211; cattolico.<\/p>\n<p style=\"text-align: justify;\">D\u2019altronde lo stesso Giovanni XXIII \u2013 che Scalfaro, Alberigo e compagni additano ad esempio \u2013 fece un intervento sulla politica ben pi\u00f9 pesante di quello annunciato da Ruini. Gli storici hanno rimosso questo fatto. La disinformazione ha fatto il resto, come appariva chiaro ieri sulla <em>Stampa<\/em> dove Lietta Tornabuoni evocava la \u00abscomunica verso i comunisti\u00bb del 1949 e aggiungeva: \u00abben presto la scomunica venne dimenticata\u00bb.<\/p>\n<p style=\"text-align: justify;\">Le cose non andarono affatto cos\u00ec perch\u00e9, dieci anni dopo, proprio papa Giovanni aggrav\u00f2 e di molto quella scomunica. Ecco i fatti. Con un \u201c<em>Decretum contra communismum<\/em>\u201d, approvato da Pio XII, il S. Uffizio, nel luglio 1949, dichiarava che non era lecito a un cattolico \u00abiscriversi al partito comunista o sostenerlo\u00bb. Con un giudizio particolarmente attuale il S. Uffizio affermava: \u00abi capi comunisti, sebbene a volte sostengano a parole di non essere contrari alla Religione, di fatto sia nella dottrina sia nelle azioni si dimostrano ostili a Dio, alla vera Religione e alla Chiesa di Cristo\u00bb.<\/p>\n<p style=\"text-align: justify;\">Dunque ai cattolici che li sostengono fu negato l\u2019accesso ai sacramenti: \u00abi cristiani che professano la dottrina comunista materialista e anticristiana, e soprattutto coloro che la difendono e la propagano, incorrono ipso facto nella scomunica riservata alla Sede Apostolica, in quanto apostati della fede cattolica\u00bb.<\/p>\n<p style=\"text-align: justify;\">Dieci anni pi\u00f9 tardi \u2013 nell\u2019aprile 1959, era papa Giovanni XXIII \u2013 lo stesso S.Uffizio aggrav\u00f2 questo pronunciamento: \u00abNon \u00e8 lecito ai cittadini cattolici dare il proprio voto durante le elezioni a quei partiti o candidati che, pur non professando princ\u00ecpi contrari alla dottrina cattolica o anzi assumendo il nome cristiano, tuttavia nei fatti si associano ai comunisti e con il proprio comportamento li aiutano\u00bb.<\/p>\n<p style=\"text-align: justify;\">In data 2 aprile Giovanni XXIII approv\u00f2 tale pronunciamento e ne dispose la pubblicazione. Siccome non risulta che questi pronunciamenti siano stati rinnegati, sarebbe interessante sapere se non rientrino in questa fattispecie anche coloro che hanno votato partiti oggi alleati di partiti comunisti (fra i quali spiccano diversi vescovi).<\/p>\n<p style=\"text-align: justify;\">Lo stesso progetto del \u201cPartito democratico\u201d \u2013 con cui la sinistra dc si suiciderebbe definitivamente, sciogliendosi nell\u2019ex Pci &#8211; uscirebbe a pezzi da un tale giudizio dottrinale. Se si rispettano queste direttive di papa Giovanni i cattolici non possono che contrapporsi ai partiti comunisti e pure ai partiti che vi si alleano. In ogni caso \u00e8 evidente che l\u2019 \u201canatema\u201d di papa Giovanni fu ben pi\u00f9 forte e solenne della \u201cNota\u201d annunciata da Ruini.<\/p>\n<p style=\"text-align: justify;\">Peraltro oggi la Chiesa, nel contestare i Dico, non fa che richiamare l\u2019articolo 29 della Costituzione (che riconosce \u00abi diritti famiglia come societ\u00e0 naturale fondata sul matrimonio\u00bb) e cos\u00ec mette in scacco non solo la Sinistra, ma tutti quei cattolici dossettiani (e pure Scalfaro) che negli anni passati \u2013 in polemica col centrodestra \u2013 hanno sacralizzato la Costituzione, dichiarandola perfetta e immodificabile. Mentre oggi la cestinano.<\/p>\n","protected":false},"excerpt":{"rendered":"<p>da \u201cLibero\u201d 16 febbraio 2007 di Antonio Socci Il ministro Rosy Bindi, gi\u00e0 vicepresidente dell\u2019Azione Cattolica, oggi chiamata \u201cRosy nel pugno\u201d, per difendere i suoi Dico ha sparato cos\u00ec contro Benedetto XVI e il cardinale Ruini: \u00abIo amo pensare alla Chiesa che si occupa delle cose di Dio\u00bb. Padre Livio Fanzaga, dai microfoni di Radio &hellip; <\/p>\n<p><a class=\"more-link btn\" href=\"https:\/\/www.rassegnastampa-totustuus.it\/cattolica\/cattolici-di-dio-e-quelli-delle-poltrone\/\">Continua a leggere<\/a><\/p>\n","protected":false},"author":6,"featured_media":30913,"comment_status":"closed","ping_status":"open","sticky":false,"template":"","format":"standard","meta":{"footnotes":""},"categories":[106,5],"tags":[825,1222],"class_list":["post-2491","post","type-post","status-publish","format-standard","has-post-thumbnail","hentry","category-cattolicesimo-democratico","category-chiesa","tag-cattolici-democratici","tag-unione","item-wrap"],"yoast_head":"<!-- This site is optimized with the Yoast SEO plugin v27.5 - https:\/\/yoast.com\/product\/yoast-seo-wordpress\/ -->\n<title>Cattolici di Dio e quelli delle poltrone - Rassegna Stampa Cattolica<\/title>\n<meta name=\"description\" content=\"Rassegna Stampa Cattolica - Per una cultura che nasce dalla Rivelazione cristiana in conformit\u00e0 alla tradizione e al Magistero della Chiesa in opposizione ad ogni relativismo e totalitarismo\" \/>\n<meta name=\"robots\" content=\"index, follow, max-snippet:-1, max-image-preview:large, max-video-preview:-1\" \/>\n<link rel=\"canonical\" href=\"https:\/\/www.rassegnastampa-totustuus.it\/cattolica\/cattolici-di-dio-e-quelli-delle-poltrone\/\" \/>\n<meta property=\"og:locale\" content=\"it_IT\" \/>\n<meta property=\"og:type\" content=\"article\" \/>\n<meta property=\"og:title\" content=\"Cattolici di Dio e quelli delle poltrone - Rassegna Stampa Cattolica\" \/>\n<meta property=\"og:description\" content=\"Rassegna Stampa Cattolica - Per una cultura che nasce dalla Rivelazione cristiana in conformit\u00e0 alla tradizione e al Magistero della Chiesa in opposizione ad ogni relativismo e totalitarismo\" \/>\n<meta property=\"og:url\" content=\"https:\/\/www.rassegnastampa-totustuus.it\/cattolica\/cattolici-di-dio-e-quelli-delle-poltrone\/\" \/>\n<meta property=\"og:site_name\" content=\"Rassegna Stampa Cattolica\" \/>\n<meta property=\"article:publisher\" content=\"https:\/\/www.facebook.com\/rassegnastampacattolica\" \/>\n<meta property=\"article:published_time\" content=\"2007-02-19T08:35:34+00:00\" \/>\n<meta property=\"article:modified_time\" content=\"2016-02-25T10:58:15+00:00\" \/>\n<meta property=\"og:image\" content=\"https:\/\/www.rassegnastampa-totustuus.it\/cattolica\/wp-content\/uploads\/2007\/02\/politico-poltrona.jpg\" \/>\n\t<meta property=\"og:image:width\" content=\"300\" \/>\n\t<meta property=\"og:image:height\" content=\"246\" \/>\n\t<meta property=\"og:image:type\" content=\"image\/jpeg\" \/>\n<meta name=\"author\" content=\"Redazione\" \/>\n<meta name=\"twitter:card\" content=\"summary_large_image\" \/>\n<meta name=\"twitter:creator\" content=\"@rassegnastampa9\" \/>\n<meta name=\"twitter:site\" content=\"@rassegnastampa9\" \/>\n<meta name=\"twitter:label1\" content=\"Scritto da\" \/>\n\t<meta name=\"twitter:data1\" content=\"Redazione\" \/>\n\t<meta name=\"twitter:label2\" content=\"Tempo di lettura stimato\" \/>\n\t<meta name=\"twitter:data2\" content=\"6 minuti\" \/>\n<script type=\"application\/ld+json\" class=\"yoast-schema-graph\">{\"@context\":\"https:\\\/\\\/schema.org\",\"@graph\":[{\"@type\":\"Article\",\"@id\":\"https:\\\/\\\/www.rassegnastampa-totustuus.it\\\/cattolica\\\/cattolici-di-dio-e-quelli-delle-poltrone\\\/#article\",\"isPartOf\":{\"@id\":\"https:\\\/\\\/www.rassegnastampa-totustuus.it\\\/cattolica\\\/cattolici-di-dio-e-quelli-delle-poltrone\\\/\"},\"author\":{\"name\":\"Redazione\",\"@id\":\"https:\\\/\\\/www.rassegnastampa-totustuus.it\\\/cattolica\\\/#\\\/schema\\\/person\\\/08f319d2bd1a0904ad9e2bfb7b15e5c3\"},\"headline\":\"Cattolici di Dio e quelli delle poltrone\",\"datePublished\":\"2007-02-19T08:35:34+00:00\",\"dateModified\":\"2016-02-25T10:58:15+00:00\",\"mainEntityOfPage\":{\"@id\":\"https:\\\/\\\/www.rassegnastampa-totustuus.it\\\/cattolica\\\/cattolici-di-dio-e-quelli-delle-poltrone\\\/\"},\"wordCount\":1202,\"publisher\":{\"@id\":\"https:\\\/\\\/www.rassegnastampa-totustuus.it\\\/cattolica\\\/#organization\"},\"image\":{\"@id\":\"https:\\\/\\\/www.rassegnastampa-totustuus.it\\\/cattolica\\\/cattolici-di-dio-e-quelli-delle-poltrone\\\/#primaryimage\"},\"thumbnailUrl\":\"https:\\\/\\\/www.rassegnastampa-totustuus.it\\\/cattolica\\\/wp-content\\\/uploads\\\/2007\\\/02\\\/politico-poltrona.jpg\",\"keywords\":[\"cattolici democratici\",\"Unione\"],\"articleSection\":[\"Cattolicesimo dem.\",\"Chiesa\"],\"inLanguage\":\"it-IT\"},{\"@type\":\"WebPage\",\"@id\":\"https:\\\/\\\/www.rassegnastampa-totustuus.it\\\/cattolica\\\/cattolici-di-dio-e-quelli-delle-poltrone\\\/\",\"url\":\"https:\\\/\\\/www.rassegnastampa-totustuus.it\\\/cattolica\\\/cattolici-di-dio-e-quelli-delle-poltrone\\\/\",\"name\":\"Cattolici di Dio e quelli delle poltrone - Rassegna Stampa Cattolica\",\"isPartOf\":{\"@id\":\"https:\\\/\\\/www.rassegnastampa-totustuus.it\\\/cattolica\\\/#website\"},\"primaryImageOfPage\":{\"@id\":\"https:\\\/\\\/www.rassegnastampa-totustuus.it\\\/cattolica\\\/cattolici-di-dio-e-quelli-delle-poltrone\\\/#primaryimage\"},\"image\":{\"@id\":\"https:\\\/\\\/www.rassegnastampa-totustuus.it\\\/cattolica\\\/cattolici-di-dio-e-quelli-delle-poltrone\\\/#primaryimage\"},\"thumbnailUrl\":\"https:\\\/\\\/www.rassegnastampa-totustuus.it\\\/cattolica\\\/wp-content\\\/uploads\\\/2007\\\/02\\\/politico-poltrona.jpg\",\"datePublished\":\"2007-02-19T08:35:34+00:00\",\"dateModified\":\"2016-02-25T10:58:15+00:00\",\"description\":\"Rassegna Stampa Cattolica - Per una cultura che nasce dalla Rivelazione cristiana in conformit\u00e0 alla tradizione e al Magistero della Chiesa in opposizione ad ogni relativismo e totalitarismo\",\"breadcrumb\":{\"@id\":\"https:\\\/\\\/www.rassegnastampa-totustuus.it\\\/cattolica\\\/cattolici-di-dio-e-quelli-delle-poltrone\\\/#breadcrumb\"},\"inLanguage\":\"it-IT\",\"potentialAction\":[{\"@type\":\"ReadAction\",\"target\":[\"https:\\\/\\\/www.rassegnastampa-totustuus.it\\\/cattolica\\\/cattolici-di-dio-e-quelli-delle-poltrone\\\/\"]}]},{\"@type\":\"ImageObject\",\"inLanguage\":\"it-IT\",\"@id\":\"https:\\\/\\\/www.rassegnastampa-totustuus.it\\\/cattolica\\\/cattolici-di-dio-e-quelli-delle-poltrone\\\/#primaryimage\",\"url\":\"https:\\\/\\\/www.rassegnastampa-totustuus.it\\\/cattolica\\\/wp-content\\\/uploads\\\/2007\\\/02\\\/politico-poltrona.jpg\",\"contentUrl\":\"https:\\\/\\\/www.rassegnastampa-totustuus.it\\\/cattolica\\\/wp-content\\\/uploads\\\/2007\\\/02\\\/politico-poltrona.jpg\",\"width\":300,\"height\":246},{\"@type\":\"BreadcrumbList\",\"@id\":\"https:\\\/\\\/www.rassegnastampa-totustuus.it\\\/cattolica\\\/cattolici-di-dio-e-quelli-delle-poltrone\\\/#breadcrumb\",\"itemListElement\":[{\"@type\":\"ListItem\",\"position\":1,\"name\":\"Home\",\"item\":\"https:\\\/\\\/www.rassegnastampa-totustuus.it\\\/cattolica\\\/\"},{\"@type\":\"ListItem\",\"position\":2,\"name\":\"Cattolici di Dio e quelli delle poltrone\"}]},{\"@type\":\"WebSite\",\"@id\":\"https:\\\/\\\/www.rassegnastampa-totustuus.it\\\/cattolica\\\/#website\",\"url\":\"https:\\\/\\\/www.rassegnastampa-totustuus.it\\\/cattolica\\\/\",\"name\":\"Rassegna Stampa Cattolica\",\"description\":\"Per una cultura che nasce dalla Rivelazione cristiana in conformit\u00e0 alla tradizione e al Magistero della Chiesa in opposizione ad ogni relativismo e totalitarismo\",\"publisher\":{\"@id\":\"https:\\\/\\\/www.rassegnastampa-totustuus.it\\\/cattolica\\\/#organization\"},\"alternateName\":\"Rass. Cattolica\",\"potentialAction\":[{\"@type\":\"SearchAction\",\"target\":{\"@type\":\"EntryPoint\",\"urlTemplate\":\"https:\\\/\\\/www.rassegnastampa-totustuus.it\\\/cattolica\\\/?s={search_term_string}\"},\"query-input\":{\"@type\":\"PropertyValueSpecification\",\"valueRequired\":true,\"valueName\":\"search_term_string\"}}],\"inLanguage\":\"it-IT\"},{\"@type\":\"Organization\",\"@id\":\"https:\\\/\\\/www.rassegnastampa-totustuus.it\\\/cattolica\\\/#organization\",\"name\":\"Rassegna Stampa Cattolica\",\"url\":\"https:\\\/\\\/www.rassegnastampa-totustuus.it\\\/cattolica\\\/\",\"logo\":{\"@type\":\"ImageObject\",\"inLanguage\":\"it-IT\",\"@id\":\"https:\\\/\\\/www.rassegnastampa-totustuus.it\\\/cattolica\\\/#\\\/schema\\\/logo\\\/image\\\/\",\"url\":\"https:\\\/\\\/www.rassegnastampa-totustuus.it\\\/cattolica\\\/wp-content\\\/uploads\\\/2014\\\/04\\\/logo-rassegna1.gif\",\"contentUrl\":\"https:\\\/\\\/www.rassegnastampa-totustuus.it\\\/cattolica\\\/wp-content\\\/uploads\\\/2014\\\/04\\\/logo-rassegna1.gif\",\"width\":600,\"height\":163,\"caption\":\"Rassegna Stampa Cattolica\"},\"image\":{\"@id\":\"https:\\\/\\\/www.rassegnastampa-totustuus.it\\\/cattolica\\\/#\\\/schema\\\/logo\\\/image\\\/\"},\"sameAs\":[\"https:\\\/\\\/www.facebook.com\\\/rassegnastampacattolica\",\"https:\\\/\\\/x.com\\\/rassegnastampa9\"]},{\"@type\":\"Person\",\"@id\":\"https:\\\/\\\/www.rassegnastampa-totustuus.it\\\/cattolica\\\/#\\\/schema\\\/person\\\/08f319d2bd1a0904ad9e2bfb7b15e5c3\",\"name\":\"Redazione\",\"image\":{\"@type\":\"ImageObject\",\"inLanguage\":\"it-IT\",\"@id\":\"https:\\\/\\\/secure.gravatar.com\\\/avatar\\\/2fcdf27c78ea025fbdb44e914cc63c72249ffec9dc8aafd5c82b26240ef3f346?s=96&d=mm&r=g\",\"url\":\"https:\\\/\\\/secure.gravatar.com\\\/avatar\\\/2fcdf27c78ea025fbdb44e914cc63c72249ffec9dc8aafd5c82b26240ef3f346?s=96&d=mm&r=g\",\"contentUrl\":\"https:\\\/\\\/secure.gravatar.com\\\/avatar\\\/2fcdf27c78ea025fbdb44e914cc63c72249ffec9dc8aafd5c82b26240ef3f346?s=96&d=mm&r=g\",\"caption\":\"Redazione\"},\"url\":\"https:\\\/\\\/www.rassegnastampa-totustuus.it\\\/cattolica\\\/author\\\/pietroelle\\\/\"}]}<\/script>\n<!-- \/ Yoast SEO plugin. -->","yoast_head_json":{"title":"Cattolici di Dio e quelli delle poltrone - Rassegna Stampa Cattolica","description":"Rassegna Stampa Cattolica - Per una cultura che nasce dalla Rivelazione cristiana in conformit\u00e0 alla tradizione e al Magistero della Chiesa in opposizione ad ogni relativismo e totalitarismo","robots":{"index":"index","follow":"follow","max-snippet":"max-snippet:-1","max-image-preview":"max-image-preview:large","max-video-preview":"max-video-preview:-1"},"canonical":"https:\/\/www.rassegnastampa-totustuus.it\/cattolica\/cattolici-di-dio-e-quelli-delle-poltrone\/","og_locale":"it_IT","og_type":"article","og_title":"Cattolici di Dio e quelli delle poltrone - Rassegna Stampa Cattolica","og_description":"Rassegna Stampa Cattolica - Per una cultura che nasce dalla Rivelazione cristiana in conformit\u00e0 alla tradizione e al Magistero della Chiesa in opposizione ad ogni relativismo e totalitarismo","og_url":"https:\/\/www.rassegnastampa-totustuus.it\/cattolica\/cattolici-di-dio-e-quelli-delle-poltrone\/","og_site_name":"Rassegna Stampa Cattolica","article_publisher":"https:\/\/www.facebook.com\/rassegnastampacattolica","article_published_time":"2007-02-19T08:35:34+00:00","article_modified_time":"2016-02-25T10:58:15+00:00","og_image":[{"width":300,"height":246,"url":"https:\/\/www.rassegnastampa-totustuus.it\/cattolica\/wp-content\/uploads\/2007\/02\/politico-poltrona.jpg","type":"image\/jpeg"}],"author":"Redazione","twitter_card":"summary_large_image","twitter_creator":"@rassegnastampa9","twitter_site":"@rassegnastampa9","twitter_misc":{"Scritto da":"Redazione","Tempo di lettura stimato":"6 minuti"},"schema":{"@context":"https:\/\/schema.org","@graph":[{"@type":"Article","@id":"https:\/\/www.rassegnastampa-totustuus.it\/cattolica\/cattolici-di-dio-e-quelli-delle-poltrone\/#article","isPartOf":{"@id":"https:\/\/www.rassegnastampa-totustuus.it\/cattolica\/cattolici-di-dio-e-quelli-delle-poltrone\/"},"author":{"name":"Redazione","@id":"https:\/\/www.rassegnastampa-totustuus.it\/cattolica\/#\/schema\/person\/08f319d2bd1a0904ad9e2bfb7b15e5c3"},"headline":"Cattolici di Dio e quelli delle poltrone","datePublished":"2007-02-19T08:35:34+00:00","dateModified":"2016-02-25T10:58:15+00:00","mainEntityOfPage":{"@id":"https:\/\/www.rassegnastampa-totustuus.it\/cattolica\/cattolici-di-dio-e-quelli-delle-poltrone\/"},"wordCount":1202,"publisher":{"@id":"https:\/\/www.rassegnastampa-totustuus.it\/cattolica\/#organization"},"image":{"@id":"https:\/\/www.rassegnastampa-totustuus.it\/cattolica\/cattolici-di-dio-e-quelli-delle-poltrone\/#primaryimage"},"thumbnailUrl":"https:\/\/www.rassegnastampa-totustuus.it\/cattolica\/wp-content\/uploads\/2007\/02\/politico-poltrona.jpg","keywords":["cattolici democratici","Unione"],"articleSection":["Cattolicesimo dem.","Chiesa"],"inLanguage":"it-IT"},{"@type":"WebPage","@id":"https:\/\/www.rassegnastampa-totustuus.it\/cattolica\/cattolici-di-dio-e-quelli-delle-poltrone\/","url":"https:\/\/www.rassegnastampa-totustuus.it\/cattolica\/cattolici-di-dio-e-quelli-delle-poltrone\/","name":"Cattolici di Dio e quelli delle poltrone - Rassegna Stampa Cattolica","isPartOf":{"@id":"https:\/\/www.rassegnastampa-totustuus.it\/cattolica\/#website"},"primaryImageOfPage":{"@id":"https:\/\/www.rassegnastampa-totustuus.it\/cattolica\/cattolici-di-dio-e-quelli-delle-poltrone\/#primaryimage"},"image":{"@id":"https:\/\/www.rassegnastampa-totustuus.it\/cattolica\/cattolici-di-dio-e-quelli-delle-poltrone\/#primaryimage"},"thumbnailUrl":"https:\/\/www.rassegnastampa-totustuus.it\/cattolica\/wp-content\/uploads\/2007\/02\/politico-poltrona.jpg","datePublished":"2007-02-19T08:35:34+00:00","dateModified":"2016-02-25T10:58:15+00:00","description":"Rassegna Stampa Cattolica - Per una cultura che nasce dalla Rivelazione cristiana in conformit\u00e0 alla tradizione e al Magistero della Chiesa in opposizione ad ogni relativismo e totalitarismo","breadcrumb":{"@id":"https:\/\/www.rassegnastampa-totustuus.it\/cattolica\/cattolici-di-dio-e-quelli-delle-poltrone\/#breadcrumb"},"inLanguage":"it-IT","potentialAction":[{"@type":"ReadAction","target":["https:\/\/www.rassegnastampa-totustuus.it\/cattolica\/cattolici-di-dio-e-quelli-delle-poltrone\/"]}]},{"@type":"ImageObject","inLanguage":"it-IT","@id":"https:\/\/www.rassegnastampa-totustuus.it\/cattolica\/cattolici-di-dio-e-quelli-delle-poltrone\/#primaryimage","url":"https:\/\/www.rassegnastampa-totustuus.it\/cattolica\/wp-content\/uploads\/2007\/02\/politico-poltrona.jpg","contentUrl":"https:\/\/www.rassegnastampa-totustuus.it\/cattolica\/wp-content\/uploads\/2007\/02\/politico-poltrona.jpg","width":300,"height":246},{"@type":"BreadcrumbList","@id":"https:\/\/www.rassegnastampa-totustuus.it\/cattolica\/cattolici-di-dio-e-quelli-delle-poltrone\/#breadcrumb","itemListElement":[{"@type":"ListItem","position":1,"name":"Home","item":"https:\/\/www.rassegnastampa-totustuus.it\/cattolica\/"},{"@type":"ListItem","position":2,"name":"Cattolici di Dio e quelli delle poltrone"}]},{"@type":"WebSite","@id":"https:\/\/www.rassegnastampa-totustuus.it\/cattolica\/#website","url":"https:\/\/www.rassegnastampa-totustuus.it\/cattolica\/","name":"Rassegna Stampa Cattolica","description":"Per una cultura che nasce dalla Rivelazione cristiana in conformit\u00e0 alla tradizione e al Magistero della Chiesa in opposizione ad ogni relativismo e totalitarismo","publisher":{"@id":"https:\/\/www.rassegnastampa-totustuus.it\/cattolica\/#organization"},"alternateName":"Rass. Cattolica","potentialAction":[{"@type":"SearchAction","target":{"@type":"EntryPoint","urlTemplate":"https:\/\/www.rassegnastampa-totustuus.it\/cattolica\/?s={search_term_string}"},"query-input":{"@type":"PropertyValueSpecification","valueRequired":true,"valueName":"search_term_string"}}],"inLanguage":"it-IT"},{"@type":"Organization","@id":"https:\/\/www.rassegnastampa-totustuus.it\/cattolica\/#organization","name":"Rassegna Stampa Cattolica","url":"https:\/\/www.rassegnastampa-totustuus.it\/cattolica\/","logo":{"@type":"ImageObject","inLanguage":"it-IT","@id":"https:\/\/www.rassegnastampa-totustuus.it\/cattolica\/#\/schema\/logo\/image\/","url":"https:\/\/www.rassegnastampa-totustuus.it\/cattolica\/wp-content\/uploads\/2014\/04\/logo-rassegna1.gif","contentUrl":"https:\/\/www.rassegnastampa-totustuus.it\/cattolica\/wp-content\/uploads\/2014\/04\/logo-rassegna1.gif","width":600,"height":163,"caption":"Rassegna Stampa Cattolica"},"image":{"@id":"https:\/\/www.rassegnastampa-totustuus.it\/cattolica\/#\/schema\/logo\/image\/"},"sameAs":["https:\/\/www.facebook.com\/rassegnastampacattolica","https:\/\/x.com\/rassegnastampa9"]},{"@type":"Person","@id":"https:\/\/www.rassegnastampa-totustuus.it\/cattolica\/#\/schema\/person\/08f319d2bd1a0904ad9e2bfb7b15e5c3","name":"Redazione","image":{"@type":"ImageObject","inLanguage":"it-IT","@id":"https:\/\/secure.gravatar.com\/avatar\/2fcdf27c78ea025fbdb44e914cc63c72249ffec9dc8aafd5c82b26240ef3f346?s=96&d=mm&r=g","url":"https:\/\/secure.gravatar.com\/avatar\/2fcdf27c78ea025fbdb44e914cc63c72249ffec9dc8aafd5c82b26240ef3f346?s=96&d=mm&r=g","contentUrl":"https:\/\/secure.gravatar.com\/avatar\/2fcdf27c78ea025fbdb44e914cc63c72249ffec9dc8aafd5c82b26240ef3f346?s=96&d=mm&r=g","caption":"Redazione"},"url":"https:\/\/www.rassegnastampa-totustuus.it\/cattolica\/author\/pietroelle\/"}]}},"_links":{"self":[{"href":"https:\/\/www.rassegnastampa-totustuus.it\/cattolica\/wp-json\/wp\/v2\/posts\/2491","targetHints":{"allow":["GET"]}}],"collection":[{"href":"https:\/\/www.rassegnastampa-totustuus.it\/cattolica\/wp-json\/wp\/v2\/posts"}],"about":[{"href":"https:\/\/www.rassegnastampa-totustuus.it\/cattolica\/wp-json\/wp\/v2\/types\/post"}],"author":[{"embeddable":true,"href":"https:\/\/www.rassegnastampa-totustuus.it\/cattolica\/wp-json\/wp\/v2\/users\/6"}],"replies":[{"embeddable":true,"href":"https:\/\/www.rassegnastampa-totustuus.it\/cattolica\/wp-json\/wp\/v2\/comments?post=2491"}],"version-history":[{"count":4,"href":"https:\/\/www.rassegnastampa-totustuus.it\/cattolica\/wp-json\/wp\/v2\/posts\/2491\/revisions"}],"predecessor-version":[{"id":30914,"href":"https:\/\/www.rassegnastampa-totustuus.it\/cattolica\/wp-json\/wp\/v2\/posts\/2491\/revisions\/30914"}],"wp:featuredmedia":[{"embeddable":true,"href":"https:\/\/www.rassegnastampa-totustuus.it\/cattolica\/wp-json\/wp\/v2\/media\/30913"}],"wp:attachment":[{"href":"https:\/\/www.rassegnastampa-totustuus.it\/cattolica\/wp-json\/wp\/v2\/media?parent=2491"}],"wp:term":[{"taxonomy":"category","embeddable":true,"href":"https:\/\/www.rassegnastampa-totustuus.it\/cattolica\/wp-json\/wp\/v2\/categories?post=2491"},{"taxonomy":"post_tag","embeddable":true,"href":"https:\/\/www.rassegnastampa-totustuus.it\/cattolica\/wp-json\/wp\/v2\/tags?post=2491"}],"curies":[{"name":"wp","href":"https:\/\/api.w.org\/{rel}","templated":true}]}}