{"id":24904,"date":"2015-06-04T00:00:58","date_gmt":"2015-06-03T22:00:58","guid":{"rendered":"http:\/\/www.rassegnastampa-totustuus.it\/cattolica\/?p=24904"},"modified":"2015-05-19T12:13:04","modified_gmt":"2015-05-19T10:13:04","slug":"lindifferenza-di-fronte-al-gender-una-grave-omissione","status":"publish","type":"post","link":"https:\/\/www.rassegnastampa-totustuus.it\/cattolica\/lindifferenza-di-fronte-al-gender-una-grave-omissione\/","title":{"rendered":"L\u2019indifferenza di fronte al gender. Una grave omissione"},"content":{"rendered":"<p style=\"text-align: center;\"><strong><a href=\"https:\/\/www.rassegnastampa-totustuus.it\/cattolica\/wp-content\/uploads\/2015\/05\/Tony-Anatrella.jpg\"><img loading=\"lazy\" decoding=\"async\" class=\"alignright wp-image-24905 size-full\" src=\"https:\/\/www.rassegnastampa-totustuus.it\/cattolica\/wp-content\/uploads\/2015\/05\/Tony-Anatrella.jpg\" alt=\"Tony Anatrella\" width=\"208\" height=\"139\" \/><\/a>La Roccia<\/strong> n.3 maggio-Giugno 2015<\/p>\n<p style=\"text-align: justify;\"><em>Lo incontriamo a Milano, dove \u00e8 venuto per presentare il suo ultimo libro t<\/em><em>radotto nella nostra lingua (<\/em>Il Regno di Narciso. Una societ\u00e0 a rischio di fronte alla differenza sessuale negata, <em>San Paolo, 2014), in un incontro organizzato da Alleanza Cattolica e da Obiettivo-Chaire nella sala del Centro Culturale di Milano. Tony Anatrella \u00e8 sacerdote e psicanalista e vive a Parigi, dove insegna alla Libera Facolt\u00e0 di filosofia e al Coll\u00e8ge des Bernardins. Consultore del Pontificio consiglio per la famiglia e del Pontificio consiglio per la salute, ha scritto diverse opere tradotte in molte lingue, in particolare dedicate al <\/em>gender <em>e alle conseguenze provocate sulla societ\u00e0 dalla diffusione di questa ideologia.<\/em><\/p>\n<p>a cura di<strong> Roberta Romanello<\/strong><\/p>\n<p><!--more--><\/p>\n<p style=\"text-align: justify;\"><strong>Monsignor Anatrella, il suo ultimo libro pubblicato in Francia si chiama Matrimonio di tutti i generi, cronaca di una regressione culturale annunciata. Che cosa racconta in questo libro?<\/strong><\/p>\n<p style=\"text-align: justify;\">\u00ab\u00c8 la storia del movimento sviluppatosi in Francia tra il 2012 e il 2013 per contrastare la legge sui matrimoni tra persone dello stesso sesso, dove la famiglia viene ridefinita a partire dall&#8217;orientamento sessuale privilegiando l&#8217;omosessualit\u00e0. Analizzo poi la preparazione medi\u00e1tica della legge sul cosiddetto &#8220;matrimonio per tutti&#8221;: qui denuncio la manipolazione del linguaggio, la sofisticazione delle parole attuata per attribuire alle relazioni omosessuali ci\u00f2 che appartiene esclusivamente alla relazione uomo-donna. \u00c8 un abuso linguistico parlare di &#8220;coppia omosessuale&#8221; o di &#8220;famiglia omosessuale&#8221;, che &#8211; di fatto &#8211; non possono esistere. Si pu\u00f2 dire tutto con le parole tradendo la realt\u00e0. Questo linguaggio manipolato \u00e8 lo strumento della grande campagna medi\u00e1tica di disinformazione, della militanza egualitaria e della propaganda sessuale nella scuola\u00bb.<\/p>\n<p style=\"text-align: justify;\"><strong>Qual \u00e8 la situazione attuale in Francia?<\/strong><\/p>\n<p style=\"text-align: justify;\">\u00abLe persone si mobilitano oggi in difesa della famiglia ma soprattutto dei bambini perch\u00e9 lo Stato, come accade in tutti i Paesi totalitari, cerca di impedire che i genitori interferiscano con l&#8217;educazione statale, mentre a scuola, sulla base dell&#8217;ideologia di genere, si insegna sin dall&#8217;asilo che esistono tanti tipi di coppia e di famiglia e che si pu\u00f2 liberamente scegliere se essere maschi o femmine.<\/p>\n<p style=\"text-align: justify;\">L&#8217;attuale progetto prevede che gli insegnanti individuino, con l&#8217;ausilio dei moduli pedagogici forniti, quei bambini che hanno tendenze omosessuali o transessuali. Tutto questo \u00e8 gravissimo, perch\u00e9 di fatto i bambini e gli adolescenti incontrano, nel loro percorso di crescita, esitazioni identitarie o rifiuto del proprio corpo sessuato; questi processi psichici sono ben conosciuti e sono sempre esistiti, e nel migliore dei casi portano i bambini a incamminarsi verso l&#8217;alterit\u00e0 sessuale.<\/p>\n<p style=\"text-align: justify;\">Ci\u00f2 che \u00e8 inquietante oggi \u00e8 che si vogliano organizzare socialmente i &#8220;fantasmi&#8221;, cio\u00e8 quegli scenari immaginari nei quali il soggetto si proietta, per una serie di ragioni psi\u00adcologiche; l&#8217;esperienza per\u00f2 aiuta il bambino a paragonare i fantasmi alla realt\u00e0, che viene progressivamente interiorizzata insieme al suo corpo sessuato. Ora invece si cerca di dare corpo a questi fantasmi come se fossero la verit\u00e0 sul soggetto e, sotto le pressioni delle lobby, si pretende di trovare confermata la teoria di genere\u00bb.<\/p>\n<p style=\"text-align: justify;\"><strong>Lei parla spesso dell&#8217;azione delle lobby omosessuali e transessuali: come queste lobby influenzano i vari aspetti della societ\u00e0?<\/strong><\/p>\n<p style=\"text-align: justify;\">\u00abNegli anni Ottanta la tragedia mondiale dell&#8217;AIDS ha mietuto le sue prime vittime tra gli omosessuali, diffondendosi il virus innanzitutto a causa della moltiplicazione dei partner. Per evitare la stigmatizzazione degli omosessuali li si \u00e8 fatti passare per vittime; divenuti i primi testimonial della lotta contro l&#8217;AIDS, sono stati assunti nei grandi organismi internazionali e da qui sono partite le progressive rivendicazioni in politica, nei media, nei romanzi, nei film, tutte legate alla questione della loro integrazione nella societ\u00e0, come se gli omosessuali non fossero gi\u00e0 parte integrante della societ\u00e0. Sono state fatte loro una concessione dopo l&#8217;altra, garantendo loro diritti &#8220;speciali&#8221;, arrivando fino alla legittimazione del matrimonio e alle adozioni.<\/p>\n<p style=\"text-align: justify;\">C&#8217;\u00e8 stata una vera e propria azione vandalica sul simbolismo del matrimonio. Il matrimonio \u00e8 sempre stato concepito in termini di differenza e di alterit\u00e0 sessuale, che non esistono nell&#8217;omosessualit\u00e0, e comunque mai come mezzo di integrazione per persone che hanno tendenze sessuali particolari. \u00c8 inoltre una forma di eresia an\u00adtropologica, per non dire una patologia sociale, far credere che i bambini possano realizzare la propria identit\u00e0 imprigionandoli in una relazione narcisistica. Gli studi dimostrano che i bambini cresciuti in un ambito relazionale di tipo omosessuale mancano totalmente di fiducia in se stessi, sono pi\u00f9 passivi e faticano a costruire relazioni integrate\u00bb.<\/p>\n<p style=\"text-align: justify;\"><strong>In Francia prima della legittimazione del matrimonio per tutti \u00e8 stata votatauna legge contro l\u2019omofobia. Che cosa significa questo termine e perch\u00e9 in tutti i Paesi dove si vuole introdurre il matrimonio tra persone dello stesso sesso lo si fa precedere da una legge contro l&#8217;omofobia?<\/strong><\/p>\n<p style=\"text-align: justify;\">\u00abLa nozione di &#8220;omofobia&#8221; \u00e8 stata inventata dalle associazioni omosessuali e ha un carattere repressivo. Serve per intimidire e per impedire di parlare e di interrogarsi sulle numerose questioni poste dall&#8217;omosessualit\u00e0. Molti Stati in Europa producono leggi contro l&#8217;omofobia, e questo \u00e8 scandaloso. \u00c8 ci\u00f2 che si chiama polizia delle idee\u00bb.<\/p>\n<p style=\"text-align: justify;\"><strong><em>Il Regno di Narciso <\/em>il titolo del suo ultimo libro pubblicato in Italia: perch\u00e9 questo titolo? Di che cosa parla il libro?<\/strong><\/p>\n<p style=\"text-align: justify;\">\u00abFreud aveva analizzato l&#8217;omosessualit\u00e0 attraverso il mito di Narciso, che guarda la sua immagine riflessa nell&#8217;acqua, e non vede che se stesso. <em>Il <\/em>Regno di Narciso descrive la nostra societ\u00e0 che vuole ridefinire la coppia, il matrimonio e la famiglia a partire dall&#8217;omosessualit\u00e0, cio\u00e8 dal bisogno di guardare se stessi attraverso uno specchio che riflette l&#8217;immagine di uno identico a me; una societ\u00e0 che perde sempre pi\u00f9 il senso dell&#8217;altro e dell&#8217;alterit\u00e0 sessuale: si valorizza l&#8217;omosessualit\u00e0 mentre nulla, nella cultura contemporanea, insegna ai giovani a fare coppia.<\/p>\n<p style=\"text-align: justify;\">Questo \u00e8 un libro dove approfondisco le ragioni che fondano l&#8217;omosessualit\u00e0, che sono essenzialmente legate a processi psicologici e non hanno assolutamente basi genetiche o neurologiche o traumatiche\u00bb.<\/p>\n<p style=\"text-align: justify;\"><strong>In tutto questo assistiamo a una divisione della societ\u00e0 in tre gruppi: da una parte le lobby omosessualiste che vogliono imporre questa ideologia, dall&#8217;altra parte chi cerca di contrastarne l&#8217;avanzata, e una parte che non prende posizione, indifferente a ci\u00f2 che sta succedendo, e silenziosa. Che cosa rappresenta questa &#8220;ideologia dell&#8217;indifferen\u00adza&#8221;?<\/strong><\/p>\n<p style=\"text-align: justify;\">\u00abStiamo entrando in una nuova forma di dittatura, che \u00e8 la dittatura dei costumi, e precisamente dei costumi omosessuali. Come la storia insegna, nella maggior parte dei casi la gente non si avvede inizialmente dell&#8217;imposizione di una dittatura. Alcuni intellettuali sono coscienti del pericolo e lanciano dei segnali, ma sono spesso derisi e criticati, si impedisce loro di parlare o di pubblicare articoli o libri. Negli anni Trenta molti intellettuali hanno messo in guardia contro l&#8217;avanzata del nazismo e del mar\u00adxismo, ma abbiamo dovuto attendere settantanni per dare loro ragione.<\/p>\n<p style=\"text-align: justify;\">Purtroppo la storia dimostra che gli stessi meccanismi si ripetono e pu\u00f2 essere che ci vorranno decenni per smontare questa ideologia, che si serve di una eccezionale potenza medi\u00e1tica. \u00c8 per\u00f2 necessario che chi \u00e8 pi\u00f9 cosciente si esprima lanciando dei segnali di allarme; bisogna essere coraggiosi e responsabilizzare i politici, che molto frequentemente diventano demagoghi davanti a queste questioni\u00bb.<\/p>\n","protected":false},"excerpt":{"rendered":"<p>La Roccia n.3 maggio-Giugno 2015 Lo incontriamo a Milano, dove \u00e8 venuto per presentare il suo ultimo libro tradotto nella nostra lingua (Il Regno di Narciso. Una societ\u00e0 a rischio di fronte alla differenza sessuale negata, San Paolo, 2014), in un incontro organizzato da Alleanza Cattolica e da Obiettivo-Chaire nella sala del Centro Culturale di &hellip; <\/p>\n<p><a class=\"more-link btn\" href=\"https:\/\/www.rassegnastampa-totustuus.it\/cattolica\/lindifferenza-di-fronte-al-gender-una-grave-omissione\/\">Continua a leggere<\/a><\/p>\n","protected":false},"author":6,"featured_media":24905,"comment_status":"closed","ping_status":"closed","sticky":false,"template":"","format":"standard","meta":{"footnotes":""},"categories":[125],"tags":[437],"class_list":["post-24904","post","type-post","status-publish","format-standard","has-post-thumbnail","hentry","category-ideologia-del-gender","tag-ideologia-del-gender-2","item-wrap"],"yoast_head":"<!-- This site is optimized with the Yoast SEO plugin v27.4 - https:\/\/yoast.com\/product\/yoast-seo-wordpress\/ -->\n<title>L\u2019indifferenza di fronte al gender. Una grave omissione - Rassegna Stampa Cattolica<\/title>\n<meta name=\"description\" content=\"Rassegna Stampa Cattolica - Per una cultura che nasce dalla Rivelazione cristiana in conformit\u00e0 alla tradizione e al Magistero della Chiesa in opposizione ad ogni relativismo e totalitarismo\" \/>\n<meta name=\"robots\" content=\"index, follow, max-snippet:-1, max-image-preview:large, max-video-preview:-1\" \/>\n<link rel=\"canonical\" href=\"https:\/\/www.rassegnastampa-totustuus.it\/cattolica\/lindifferenza-di-fronte-al-gender-una-grave-omissione\/\" \/>\n<meta property=\"og:locale\" content=\"it_IT\" \/>\n<meta property=\"og:type\" content=\"article\" \/>\n<meta property=\"og:title\" content=\"L\u2019indifferenza di fronte al gender. Una grave omissione - Rassegna Stampa Cattolica\" \/>\n<meta property=\"og:description\" content=\"Rassegna Stampa Cattolica - Per una cultura che nasce dalla Rivelazione cristiana in conformit\u00e0 alla tradizione e al Magistero della Chiesa in opposizione ad ogni relativismo e totalitarismo\" \/>\n<meta property=\"og:url\" content=\"https:\/\/www.rassegnastampa-totustuus.it\/cattolica\/lindifferenza-di-fronte-al-gender-una-grave-omissione\/\" \/>\n<meta property=\"og:site_name\" content=\"Rassegna Stampa Cattolica\" \/>\n<meta property=\"article:publisher\" content=\"https:\/\/www.facebook.com\/rassegnastampacattolica\" \/>\n<meta property=\"article:published_time\" content=\"2015-06-03T22:00:58+00:00\" \/>\n<meta property=\"og:image\" content=\"https:\/\/www.rassegnastampa-totustuus.it\/cattolica\/wp-content\/uploads\/2015\/05\/Tony-Anatrella.jpg\" \/>\n\t<meta property=\"og:image:width\" content=\"208\" \/>\n\t<meta property=\"og:image:height\" content=\"139\" \/>\n\t<meta property=\"og:image:type\" content=\"image\/jpeg\" \/>\n<meta name=\"author\" content=\"Redazione\" \/>\n<meta name=\"twitter:card\" content=\"summary_large_image\" \/>\n<meta name=\"twitter:creator\" content=\"@rassegnastampa9\" \/>\n<meta name=\"twitter:site\" content=\"@rassegnastampa9\" \/>\n<meta name=\"twitter:label1\" content=\"Scritto da\" \/>\n\t<meta name=\"twitter:data1\" content=\"Redazione\" \/>\n\t<meta name=\"twitter:label2\" content=\"Tempo di lettura stimato\" \/>\n\t<meta name=\"twitter:data2\" content=\"6 minuti\" \/>\n<script type=\"application\/ld+json\" class=\"yoast-schema-graph\">{\"@context\":\"https:\\\/\\\/schema.org\",\"@graph\":[{\"@type\":\"Article\",\"@id\":\"https:\\\/\\\/www.rassegnastampa-totustuus.it\\\/cattolica\\\/lindifferenza-di-fronte-al-gender-una-grave-omissione\\\/#article\",\"isPartOf\":{\"@id\":\"https:\\\/\\\/www.rassegnastampa-totustuus.it\\\/cattolica\\\/lindifferenza-di-fronte-al-gender-una-grave-omissione\\\/\"},\"author\":{\"name\":\"Redazione\",\"@id\":\"https:\\\/\\\/www.rassegnastampa-totustuus.it\\\/cattolica\\\/#\\\/schema\\\/person\\\/08f319d2bd1a0904ad9e2bfb7b15e5c3\"},\"headline\":\"L\u2019indifferenza di fronte al gender. Una grave omissione\",\"datePublished\":\"2015-06-03T22:00:58+00:00\",\"mainEntityOfPage\":{\"@id\":\"https:\\\/\\\/www.rassegnastampa-totustuus.it\\\/cattolica\\\/lindifferenza-di-fronte-al-gender-una-grave-omissione\\\/\"},\"wordCount\":1185,\"publisher\":{\"@id\":\"https:\\\/\\\/www.rassegnastampa-totustuus.it\\\/cattolica\\\/#organization\"},\"image\":{\"@id\":\"https:\\\/\\\/www.rassegnastampa-totustuus.it\\\/cattolica\\\/lindifferenza-di-fronte-al-gender-una-grave-omissione\\\/#primaryimage\"},\"thumbnailUrl\":\"https:\\\/\\\/www.rassegnastampa-totustuus.it\\\/cattolica\\\/wp-content\\\/uploads\\\/2015\\\/05\\\/Tony-Anatrella.jpg\",\"keywords\":[\"ideologia del gender\"],\"articleSection\":[\"Ideologia del gender\"],\"inLanguage\":\"it-IT\"},{\"@type\":\"WebPage\",\"@id\":\"https:\\\/\\\/www.rassegnastampa-totustuus.it\\\/cattolica\\\/lindifferenza-di-fronte-al-gender-una-grave-omissione\\\/\",\"url\":\"https:\\\/\\\/www.rassegnastampa-totustuus.it\\\/cattolica\\\/lindifferenza-di-fronte-al-gender-una-grave-omissione\\\/\",\"name\":\"L\u2019indifferenza di fronte al gender. Una grave omissione - Rassegna Stampa Cattolica\",\"isPartOf\":{\"@id\":\"https:\\\/\\\/www.rassegnastampa-totustuus.it\\\/cattolica\\\/#website\"},\"primaryImageOfPage\":{\"@id\":\"https:\\\/\\\/www.rassegnastampa-totustuus.it\\\/cattolica\\\/lindifferenza-di-fronte-al-gender-una-grave-omissione\\\/#primaryimage\"},\"image\":{\"@id\":\"https:\\\/\\\/www.rassegnastampa-totustuus.it\\\/cattolica\\\/lindifferenza-di-fronte-al-gender-una-grave-omissione\\\/#primaryimage\"},\"thumbnailUrl\":\"https:\\\/\\\/www.rassegnastampa-totustuus.it\\\/cattolica\\\/wp-content\\\/uploads\\\/2015\\\/05\\\/Tony-Anatrella.jpg\",\"datePublished\":\"2015-06-03T22:00:58+00:00\",\"description\":\"Rassegna Stampa Cattolica - Per una cultura che nasce dalla Rivelazione cristiana in conformit\u00e0 alla tradizione e al Magistero della Chiesa in opposizione ad ogni relativismo e totalitarismo\",\"breadcrumb\":{\"@id\":\"https:\\\/\\\/www.rassegnastampa-totustuus.it\\\/cattolica\\\/lindifferenza-di-fronte-al-gender-una-grave-omissione\\\/#breadcrumb\"},\"inLanguage\":\"it-IT\",\"potentialAction\":[{\"@type\":\"ReadAction\",\"target\":[\"https:\\\/\\\/www.rassegnastampa-totustuus.it\\\/cattolica\\\/lindifferenza-di-fronte-al-gender-una-grave-omissione\\\/\"]}]},{\"@type\":\"ImageObject\",\"inLanguage\":\"it-IT\",\"@id\":\"https:\\\/\\\/www.rassegnastampa-totustuus.it\\\/cattolica\\\/lindifferenza-di-fronte-al-gender-una-grave-omissione\\\/#primaryimage\",\"url\":\"https:\\\/\\\/www.rassegnastampa-totustuus.it\\\/cattolica\\\/wp-content\\\/uploads\\\/2015\\\/05\\\/Tony-Anatrella.jpg\",\"contentUrl\":\"https:\\\/\\\/www.rassegnastampa-totustuus.it\\\/cattolica\\\/wp-content\\\/uploads\\\/2015\\\/05\\\/Tony-Anatrella.jpg\",\"width\":208,\"height\":139},{\"@type\":\"BreadcrumbList\",\"@id\":\"https:\\\/\\\/www.rassegnastampa-totustuus.it\\\/cattolica\\\/lindifferenza-di-fronte-al-gender-una-grave-omissione\\\/#breadcrumb\",\"itemListElement\":[{\"@type\":\"ListItem\",\"position\":1,\"name\":\"Home\",\"item\":\"https:\\\/\\\/www.rassegnastampa-totustuus.it\\\/cattolica\\\/\"},{\"@type\":\"ListItem\",\"position\":2,\"name\":\"L\u2019indifferenza di fronte al gender. Una grave omissione\"}]},{\"@type\":\"WebSite\",\"@id\":\"https:\\\/\\\/www.rassegnastampa-totustuus.it\\\/cattolica\\\/#website\",\"url\":\"https:\\\/\\\/www.rassegnastampa-totustuus.it\\\/cattolica\\\/\",\"name\":\"Rassegna Stampa Cattolica\",\"description\":\"Per una cultura che nasce dalla Rivelazione cristiana in conformit\u00e0 alla tradizione e al Magistero della Chiesa in opposizione ad ogni relativismo e totalitarismo\",\"publisher\":{\"@id\":\"https:\\\/\\\/www.rassegnastampa-totustuus.it\\\/cattolica\\\/#organization\"},\"alternateName\":\"Rass. Cattolica\",\"potentialAction\":[{\"@type\":\"SearchAction\",\"target\":{\"@type\":\"EntryPoint\",\"urlTemplate\":\"https:\\\/\\\/www.rassegnastampa-totustuus.it\\\/cattolica\\\/?s={search_term_string}\"},\"query-input\":{\"@type\":\"PropertyValueSpecification\",\"valueRequired\":true,\"valueName\":\"search_term_string\"}}],\"inLanguage\":\"it-IT\"},{\"@type\":\"Organization\",\"@id\":\"https:\\\/\\\/www.rassegnastampa-totustuus.it\\\/cattolica\\\/#organization\",\"name\":\"Rassegna Stampa Cattolica\",\"url\":\"https:\\\/\\\/www.rassegnastampa-totustuus.it\\\/cattolica\\\/\",\"logo\":{\"@type\":\"ImageObject\",\"inLanguage\":\"it-IT\",\"@id\":\"https:\\\/\\\/www.rassegnastampa-totustuus.it\\\/cattolica\\\/#\\\/schema\\\/logo\\\/image\\\/\",\"url\":\"https:\\\/\\\/www.rassegnastampa-totustuus.it\\\/cattolica\\\/wp-content\\\/uploads\\\/2014\\\/04\\\/logo-rassegna1.gif\",\"contentUrl\":\"https:\\\/\\\/www.rassegnastampa-totustuus.it\\\/cattolica\\\/wp-content\\\/uploads\\\/2014\\\/04\\\/logo-rassegna1.gif\",\"width\":600,\"height\":163,\"caption\":\"Rassegna Stampa Cattolica\"},\"image\":{\"@id\":\"https:\\\/\\\/www.rassegnastampa-totustuus.it\\\/cattolica\\\/#\\\/schema\\\/logo\\\/image\\\/\"},\"sameAs\":[\"https:\\\/\\\/www.facebook.com\\\/rassegnastampacattolica\",\"https:\\\/\\\/x.com\\\/rassegnastampa9\"]},{\"@type\":\"Person\",\"@id\":\"https:\\\/\\\/www.rassegnastampa-totustuus.it\\\/cattolica\\\/#\\\/schema\\\/person\\\/08f319d2bd1a0904ad9e2bfb7b15e5c3\",\"name\":\"Redazione\",\"image\":{\"@type\":\"ImageObject\",\"inLanguage\":\"it-IT\",\"@id\":\"https:\\\/\\\/secure.gravatar.com\\\/avatar\\\/2fcdf27c78ea025fbdb44e914cc63c72249ffec9dc8aafd5c82b26240ef3f346?s=96&d=mm&r=g\",\"url\":\"https:\\\/\\\/secure.gravatar.com\\\/avatar\\\/2fcdf27c78ea025fbdb44e914cc63c72249ffec9dc8aafd5c82b26240ef3f346?s=96&d=mm&r=g\",\"contentUrl\":\"https:\\\/\\\/secure.gravatar.com\\\/avatar\\\/2fcdf27c78ea025fbdb44e914cc63c72249ffec9dc8aafd5c82b26240ef3f346?s=96&d=mm&r=g\",\"caption\":\"Redazione\"},\"url\":\"https:\\\/\\\/www.rassegnastampa-totustuus.it\\\/cattolica\\\/author\\\/pietroelle\\\/\"}]}<\/script>\n<!-- \/ Yoast SEO plugin. -->","yoast_head_json":{"title":"L\u2019indifferenza di fronte al gender. Una grave omissione - Rassegna Stampa Cattolica","description":"Rassegna Stampa Cattolica - Per una cultura che nasce dalla Rivelazione cristiana in conformit\u00e0 alla tradizione e al Magistero della Chiesa in opposizione ad ogni relativismo e totalitarismo","robots":{"index":"index","follow":"follow","max-snippet":"max-snippet:-1","max-image-preview":"max-image-preview:large","max-video-preview":"max-video-preview:-1"},"canonical":"https:\/\/www.rassegnastampa-totustuus.it\/cattolica\/lindifferenza-di-fronte-al-gender-una-grave-omissione\/","og_locale":"it_IT","og_type":"article","og_title":"L\u2019indifferenza di fronte al gender. Una grave omissione - Rassegna Stampa Cattolica","og_description":"Rassegna Stampa Cattolica - Per una cultura che nasce dalla Rivelazione cristiana in conformit\u00e0 alla tradizione e al Magistero della Chiesa in opposizione ad ogni relativismo e totalitarismo","og_url":"https:\/\/www.rassegnastampa-totustuus.it\/cattolica\/lindifferenza-di-fronte-al-gender-una-grave-omissione\/","og_site_name":"Rassegna Stampa Cattolica","article_publisher":"https:\/\/www.facebook.com\/rassegnastampacattolica","article_published_time":"2015-06-03T22:00:58+00:00","og_image":[{"width":208,"height":139,"url":"https:\/\/www.rassegnastampa-totustuus.it\/cattolica\/wp-content\/uploads\/2015\/05\/Tony-Anatrella.jpg","type":"image\/jpeg"}],"author":"Redazione","twitter_card":"summary_large_image","twitter_creator":"@rassegnastampa9","twitter_site":"@rassegnastampa9","twitter_misc":{"Scritto da":"Redazione","Tempo di lettura stimato":"6 minuti"},"schema":{"@context":"https:\/\/schema.org","@graph":[{"@type":"Article","@id":"https:\/\/www.rassegnastampa-totustuus.it\/cattolica\/lindifferenza-di-fronte-al-gender-una-grave-omissione\/#article","isPartOf":{"@id":"https:\/\/www.rassegnastampa-totustuus.it\/cattolica\/lindifferenza-di-fronte-al-gender-una-grave-omissione\/"},"author":{"name":"Redazione","@id":"https:\/\/www.rassegnastampa-totustuus.it\/cattolica\/#\/schema\/person\/08f319d2bd1a0904ad9e2bfb7b15e5c3"},"headline":"L\u2019indifferenza di fronte al gender. Una grave omissione","datePublished":"2015-06-03T22:00:58+00:00","mainEntityOfPage":{"@id":"https:\/\/www.rassegnastampa-totustuus.it\/cattolica\/lindifferenza-di-fronte-al-gender-una-grave-omissione\/"},"wordCount":1185,"publisher":{"@id":"https:\/\/www.rassegnastampa-totustuus.it\/cattolica\/#organization"},"image":{"@id":"https:\/\/www.rassegnastampa-totustuus.it\/cattolica\/lindifferenza-di-fronte-al-gender-una-grave-omissione\/#primaryimage"},"thumbnailUrl":"https:\/\/www.rassegnastampa-totustuus.it\/cattolica\/wp-content\/uploads\/2015\/05\/Tony-Anatrella.jpg","keywords":["ideologia del gender"],"articleSection":["Ideologia del gender"],"inLanguage":"it-IT"},{"@type":"WebPage","@id":"https:\/\/www.rassegnastampa-totustuus.it\/cattolica\/lindifferenza-di-fronte-al-gender-una-grave-omissione\/","url":"https:\/\/www.rassegnastampa-totustuus.it\/cattolica\/lindifferenza-di-fronte-al-gender-una-grave-omissione\/","name":"L\u2019indifferenza di fronte al gender. Una grave omissione - Rassegna Stampa Cattolica","isPartOf":{"@id":"https:\/\/www.rassegnastampa-totustuus.it\/cattolica\/#website"},"primaryImageOfPage":{"@id":"https:\/\/www.rassegnastampa-totustuus.it\/cattolica\/lindifferenza-di-fronte-al-gender-una-grave-omissione\/#primaryimage"},"image":{"@id":"https:\/\/www.rassegnastampa-totustuus.it\/cattolica\/lindifferenza-di-fronte-al-gender-una-grave-omissione\/#primaryimage"},"thumbnailUrl":"https:\/\/www.rassegnastampa-totustuus.it\/cattolica\/wp-content\/uploads\/2015\/05\/Tony-Anatrella.jpg","datePublished":"2015-06-03T22:00:58+00:00","description":"Rassegna Stampa Cattolica - Per una cultura che nasce dalla Rivelazione cristiana in conformit\u00e0 alla tradizione e al Magistero della Chiesa in opposizione ad ogni relativismo e totalitarismo","breadcrumb":{"@id":"https:\/\/www.rassegnastampa-totustuus.it\/cattolica\/lindifferenza-di-fronte-al-gender-una-grave-omissione\/#breadcrumb"},"inLanguage":"it-IT","potentialAction":[{"@type":"ReadAction","target":["https:\/\/www.rassegnastampa-totustuus.it\/cattolica\/lindifferenza-di-fronte-al-gender-una-grave-omissione\/"]}]},{"@type":"ImageObject","inLanguage":"it-IT","@id":"https:\/\/www.rassegnastampa-totustuus.it\/cattolica\/lindifferenza-di-fronte-al-gender-una-grave-omissione\/#primaryimage","url":"https:\/\/www.rassegnastampa-totustuus.it\/cattolica\/wp-content\/uploads\/2015\/05\/Tony-Anatrella.jpg","contentUrl":"https:\/\/www.rassegnastampa-totustuus.it\/cattolica\/wp-content\/uploads\/2015\/05\/Tony-Anatrella.jpg","width":208,"height":139},{"@type":"BreadcrumbList","@id":"https:\/\/www.rassegnastampa-totustuus.it\/cattolica\/lindifferenza-di-fronte-al-gender-una-grave-omissione\/#breadcrumb","itemListElement":[{"@type":"ListItem","position":1,"name":"Home","item":"https:\/\/www.rassegnastampa-totustuus.it\/cattolica\/"},{"@type":"ListItem","position":2,"name":"L\u2019indifferenza di fronte al gender. Una grave omissione"}]},{"@type":"WebSite","@id":"https:\/\/www.rassegnastampa-totustuus.it\/cattolica\/#website","url":"https:\/\/www.rassegnastampa-totustuus.it\/cattolica\/","name":"Rassegna Stampa Cattolica","description":"Per una cultura che nasce dalla Rivelazione cristiana in conformit\u00e0 alla tradizione e al Magistero della Chiesa in opposizione ad ogni relativismo e totalitarismo","publisher":{"@id":"https:\/\/www.rassegnastampa-totustuus.it\/cattolica\/#organization"},"alternateName":"Rass. Cattolica","potentialAction":[{"@type":"SearchAction","target":{"@type":"EntryPoint","urlTemplate":"https:\/\/www.rassegnastampa-totustuus.it\/cattolica\/?s={search_term_string}"},"query-input":{"@type":"PropertyValueSpecification","valueRequired":true,"valueName":"search_term_string"}}],"inLanguage":"it-IT"},{"@type":"Organization","@id":"https:\/\/www.rassegnastampa-totustuus.it\/cattolica\/#organization","name":"Rassegna Stampa Cattolica","url":"https:\/\/www.rassegnastampa-totustuus.it\/cattolica\/","logo":{"@type":"ImageObject","inLanguage":"it-IT","@id":"https:\/\/www.rassegnastampa-totustuus.it\/cattolica\/#\/schema\/logo\/image\/","url":"https:\/\/www.rassegnastampa-totustuus.it\/cattolica\/wp-content\/uploads\/2014\/04\/logo-rassegna1.gif","contentUrl":"https:\/\/www.rassegnastampa-totustuus.it\/cattolica\/wp-content\/uploads\/2014\/04\/logo-rassegna1.gif","width":600,"height":163,"caption":"Rassegna Stampa Cattolica"},"image":{"@id":"https:\/\/www.rassegnastampa-totustuus.it\/cattolica\/#\/schema\/logo\/image\/"},"sameAs":["https:\/\/www.facebook.com\/rassegnastampacattolica","https:\/\/x.com\/rassegnastampa9"]},{"@type":"Person","@id":"https:\/\/www.rassegnastampa-totustuus.it\/cattolica\/#\/schema\/person\/08f319d2bd1a0904ad9e2bfb7b15e5c3","name":"Redazione","image":{"@type":"ImageObject","inLanguage":"it-IT","@id":"https:\/\/secure.gravatar.com\/avatar\/2fcdf27c78ea025fbdb44e914cc63c72249ffec9dc8aafd5c82b26240ef3f346?s=96&d=mm&r=g","url":"https:\/\/secure.gravatar.com\/avatar\/2fcdf27c78ea025fbdb44e914cc63c72249ffec9dc8aafd5c82b26240ef3f346?s=96&d=mm&r=g","contentUrl":"https:\/\/secure.gravatar.com\/avatar\/2fcdf27c78ea025fbdb44e914cc63c72249ffec9dc8aafd5c82b26240ef3f346?s=96&d=mm&r=g","caption":"Redazione"},"url":"https:\/\/www.rassegnastampa-totustuus.it\/cattolica\/author\/pietroelle\/"}]}},"_links":{"self":[{"href":"https:\/\/www.rassegnastampa-totustuus.it\/cattolica\/wp-json\/wp\/v2\/posts\/24904","targetHints":{"allow":["GET"]}}],"collection":[{"href":"https:\/\/www.rassegnastampa-totustuus.it\/cattolica\/wp-json\/wp\/v2\/posts"}],"about":[{"href":"https:\/\/www.rassegnastampa-totustuus.it\/cattolica\/wp-json\/wp\/v2\/types\/post"}],"author":[{"embeddable":true,"href":"https:\/\/www.rassegnastampa-totustuus.it\/cattolica\/wp-json\/wp\/v2\/users\/6"}],"replies":[{"embeddable":true,"href":"https:\/\/www.rassegnastampa-totustuus.it\/cattolica\/wp-json\/wp\/v2\/comments?post=24904"}],"version-history":[{"count":1,"href":"https:\/\/www.rassegnastampa-totustuus.it\/cattolica\/wp-json\/wp\/v2\/posts\/24904\/revisions"}],"predecessor-version":[{"id":24906,"href":"https:\/\/www.rassegnastampa-totustuus.it\/cattolica\/wp-json\/wp\/v2\/posts\/24904\/revisions\/24906"}],"wp:featuredmedia":[{"embeddable":true,"href":"https:\/\/www.rassegnastampa-totustuus.it\/cattolica\/wp-json\/wp\/v2\/media\/24905"}],"wp:attachment":[{"href":"https:\/\/www.rassegnastampa-totustuus.it\/cattolica\/wp-json\/wp\/v2\/media?parent=24904"}],"wp:term":[{"taxonomy":"category","embeddable":true,"href":"https:\/\/www.rassegnastampa-totustuus.it\/cattolica\/wp-json\/wp\/v2\/categories?post=24904"},{"taxonomy":"post_tag","embeddable":true,"href":"https:\/\/www.rassegnastampa-totustuus.it\/cattolica\/wp-json\/wp\/v2\/tags?post=24904"}],"curies":[{"name":"wp","href":"https:\/\/api.w.org\/{rel}","templated":true}]}}