{"id":249,"date":"2004-12-16T17:39:33","date_gmt":"2004-12-16T16:39:33","guid":{"rendered":""},"modified":"2025-07-03T20:13:59","modified_gmt":"2025-07-03T18:13:59","slug":"lalternativa-al-fondamentalismo-non-lislam-progressista-ma-quello-conservatorelalternativa-al-fondamentalismo-non-e-lislam-progressista","status":"publish","type":"post","link":"https:\/\/www.rassegnastampa-totustuus.it\/cattolica\/lalternativa-al-fondamentalismo-non-lislam-progressista-ma-quello-conservatorelalternativa-al-fondamentalismo-non-e-lislam-progressista\/","title":{"rendered":"\u201cL&#8217;alternativa al fondamentalismo non \u00e8 l&#8217;islam progressista&#8221;"},"content":{"rendered":"\n<p class=\"has-text-align-center\"><strong><a href=\"https:\/\/it.zenit.org\/\" target=\"_blank\" rel=\"noreferrer noopener\">ZENIT<\/a><\/strong><em><a href=\"https:\/\/it.zenit.org\/\" target=\"_blank\" rel=\"noreferrer noopener\"> <\/a>&#8211;<\/em> Il mondo visto da Roma Servizio quotidiano &#8211; 09 Novembre 2004<\/p>\n\n\n\n<h3 class=\"wp-block-heading has-text-align-center\">\u201cL&#8217;alternativa al fondamentalismo non \u00e8 l&#8217;islam progressista  ma quello conservatore\u201d<\/h3>\n\n\n\n<p class=\"has-text-align-center\">Intervista a<strong> Massimo Introvigne<\/strong><\/p>\n\n\n\n<p class=\"has-text-align-center\">&nbsp;autore di &#8220;Fondamentalismi&#8221;<\/p>\n\n\n<div class=\"wp-block-image\">\n<figure class=\"aligncenter size-full is-resized\"><a href=\"https:\/\/www.rassegnastampa-totustuus.it\/cattolica\/wp-content\/uploads\/2004\/12\/Massimo-Introvigne.jpg\"><img loading=\"lazy\" decoding=\"async\" width=\"234\" height=\"215\" src=\"https:\/\/www.rassegnastampa-totustuus.it\/cattolica\/wp-content\/uploads\/2004\/12\/Massimo-Introvigne.jpg\" alt=\"\" class=\"wp-image-32674\" style=\"width:286px;height:auto\"\/><\/a><\/figure><\/div>\n\n\n<!--more-->\n\n\n\n<p>ROMA _ Il fondatore e direttore del Centro Studi sulle Nuove Religioni (CESNUR), Mssimo Introvigne, ha ricostruito il complesso fenomeno del fondamentalismo in un libro intitolato &#8220;Fondamentalismi. I diversi volti dell\u2019intransigenza religiosa&#8221;, pubblicato dalla Casa editrice Piemme (pp.239, Euro 12,90).In questa intervista concessa a ZENIT, Introvigne spiega le distinte tipologie di fondamentalismo e sostiene che l\u2019alternativa al fondamentalismo islamico attuale \u00e8 un islamismo conservatore.<\/p>\n\n\n\n<p>Collaboratore della rivista <em>Terrorism and Political Violence<\/em>, la pi\u00f9 autorevole fra le riviste accademiche che si occupano di terrorismo internazionale, Introvigne ha tenuto lezioni e coordinato corsi di formazione per il Critical Incidents Response Group dell\u2019FBI e per esperti di sicurezza medio-orientali.<\/p>\n\n\n\n<h4 class=\"wp-block-heading has-text-align-left\"><strong>Un mondo incerto e vulnerabile, accende i fondamentalismi religiosi<\/strong><\/h4>\n\n\n\n<p>Tutto dipende dalla definizione di &#8220;fondamentalista&#8221;, che non \u00e8 univoca. Nel mio libro distinguo la domanda religiosa in cinque nicchie: ultra-progressista, progressista, conservatrice, fondamentalista e ultra-fondamentalista. I criteri per distinguere queste cinque nicchie sono diversi, alcuni piuttosto tecnici.<\/p>\n\n\n\n<h4 class=\"wp-block-heading\"><strong>Me ne indichi uno.<\/strong><\/h4>\n\n\n\n<p>L\u2019atteggiamento rispetto alla separazione post-illuminista fra religione e cultura, dunque anche fra religione e politica.&nbsp;Il progressista accetta la separazione come inevitabile, e l&#8217;ultra-progressista la accetta con entusiasmo.<\/p>\n\n\n\n<p>Il fondamentalista rifiuta la separazione in linea di principio ma \u00e8 disponibile a qualche inevitabile compromesso; l&#8217;ultra-fondamentalista non \u00e8 disponibile ad alcun compromesso e si separa radicalmente dalla societ\u00e0 o cerca di sovvertirla con la violenza.<\/p>\n\n\n\n<p>Il conservatore (una posizione in cui quantitativamente si riconosce la maggioranza delle popolazioni che al mondo si dichiarano religiose) non accetta n\u00e9 la separazione radicale illuminista n\u00e9 la fusione fondamentalista tra religione e cultura: vorrebbe una distinzione senza separazione, un&#8217;autonomia della cultura e della politica che non impedisca alla religione di dire la sua in questi campi.<\/p>\n\n\n\n<p>Per ragioni politiche che si tratti di islam o di Europa una certa stampa chiama &#8220;fondamentalisti&#8221; i conservatori, i fondamentalisti e gli ultra-fondamentalisti. Ma sono posizioni molto diverse.&nbsp;Nell&#8217;islam il primo ministro turco Erdogan \u00e8 un conservatore, il predicatore di &#8220;Al Jazira&#8221; Qaradawi \u00e8 un fondamentalista, e bin Laden \u00e8 un ultra-fondamentalista. In ambito cristiano sia Bush che Buttiglione sono conservatori, ma la polemica politica li bolla come &#8220;fondamentalisti&#8221;.<\/p>\n\n\n\n<h4 class=\"wp-block-heading\"><strong>Cosa vuole un fondamentalista religioso: certezze, ritornare al passato, morire per rinascere? <\/strong><\/h4>\n\n\n\n<p>Anche qui \u00e8 cruciale la differenza fra conservatori, fondamentalisti e ultra-fondamentalisti. Direi che nessuno dei tre vuole ritornare al passato.&nbsp;Nell&#8217;islam in particolare il fondamentalismo \u00e8 una forma moderna che intende restaurare la legge islamica con gli strumenti della politica del Novecento e si distingue da forme tradizionaliste (come quelle prevalenti in Arabia Saudita e chiamate dai loro avversari &#8211; ma non dai loro fedeli &#8211; wahhabite) che invece usano strumenti tradizionali e si concentrano sulla morale pi\u00f9 che sulla politica.<\/p>\n\n\n\n<h4 class=\"wp-block-heading\"><strong>L&#8217;economia ha a che vedere, con i fondamentalismi, o siamo di fronte ad un tema &#8220;spirituale&#8221;? <\/strong><\/h4>\n\n\n\n<p>Quando la scuola sociologica cui mi ispiro parla di &#8220;mercato religioso&#8221; o &#8220;economia religiosa&#8221; sta usando strumenti e modelli economici per studiare la religione. Ma questo \u00e8 un atteggiamento metodologico, che non significa affatto ridurre la religione o anche il fondamentalismo a un fenomeno che ha motivazioni prevalentemente economiche.<\/p>\n\n\n\n<h4 class=\"wp-block-heading\"><strong>L\u2019 Occidente ha delle responsabilit\u00e0 nell&#8217;emergere del fondamentalismo islamico? <\/strong><\/h4>\n\n\n\n<p>S\u00ec, perch\u00e9 ha favorito regimi nazionalisti e laicisti &#8211; si pensi alle dittature militari nel Mahgreb e allo stesso Saddam Hussein, a lungo appoggiato dall&#8217;Occidente &#8211; che hanno represso con uguale zelo conservatori, fondamentalisti e ultra-fondamentalisti. Se tutti sono repressi, gli unici in grado di funzionare nella clandestinit\u00e0 sono gli ultra-fondamentalisti.<\/p>\n\n\n\n<h4 class=\"wp-block-heading\"><strong>La repressione che dovrebbe stroncare il fondamentalismo in realt\u00e0 ne favorisce le forme pi\u00f9 estreme. Lei cosa ne pensa?<\/strong><\/h4>\n\n\n\n<p>Pi\u00f9 in generale l&#8217;Occidente soffre di una sorta di &#8220;sindrome di Voltaire&#8221; per cui va alla ricerca (spasmodica specie in Francia) di musulmani progressisti e ultra-progressisti che o non esistono, o sono generali in grado di governare solo sulla punta delle baionette, o ancora sono intellettuali che vanno benissimo per partecipare a congressi in Europa ma non contano nulla nei loro paesi e neanche nell&#8217;emigrazione.<\/p>\n\n\n\n<h4 class=\"wp-block-heading\"><strong>L&#8217;alternativa al fondamentalismo non \u00e8 l&#8217;islam progressista ma quello conservatore. Lei come esperto: come prevede il futuro immediato, per quanto riguarda il fondamentalismo di matrice islamica? Crescer\u00e0?<\/strong><\/h4>\n\n\n\n<p>Direi di no. Se i mercati religiosi si aprono, e la democrazia ne permette un funzionamento normale, l&#8217;islam conservatore batte quello fondamentalista, come dimostrano i casi della Turchia, della Malesia, dell&#8217;Indonesia.<\/p>\n\n\n\n<h4 class=\"wp-block-heading\"><strong>Cosa ne pensa dei fondamentalismi laici? Si tratta di un fenomeno nuovo? <\/strong><\/h4>\n\n\n\n<p>L&#8217;anticlericalismo \u00e8 un fenomeno antico. Tuttavia i fondamentalismi laici che vediamo esprimersi in Francia nelle leggi contro le cosiddette &#8220;sette&#8221; e contro i simboli religiosi, o all&#8217;Unione Europea nel caso Buttiglione, sono una reazione al fatto che la religione, che secondo i laicisti doveva sparire, ritorna invece in forme nuove e impreviste.<\/p>\n\n\n\n<p><\/p>\n","protected":false},"excerpt":{"rendered":"<p>ZENIT &#8211; Il mondo visto da Roma Servizio quotidiano &#8211; 09 Novembre 2004 \u201cL&#8217;alternativa al fondamentalismo non \u00e8 l&#8217;islam progressista ma quello conservatore\u201d Intervista a Massimo Introvigne &nbsp;autore di &#8220;Fondamentalismi&#8221;<\/p><p><a class=\"more-link btn\" href=\"https:\/\/www.rassegnastampa-totustuus.it\/cattolica\/lalternativa-al-fondamentalismo-non-lislam-progressista-ma-quello-conservatorelalternativa-al-fondamentalismo-non-e-lislam-progressista\/\">Continua a leggere<\/a><\/p>\n","protected":false},"author":6,"featured_media":32674,"comment_status":"closed","ping_status":"open","sticky":false,"template":"","format":"standard","meta":{"footnotes":""},"categories":[16,36],"tags":[164],"class_list":["post-249","post","type-post","status-publish","format-standard","has-post-thumbnail","hentry","category-islam","category-fondamentalismo-islamico","tag-religioni","item-wrap"],"yoast_head":"<!-- This site is optimized with the Yoast SEO plugin v27.4 - https:\/\/yoast.com\/product\/yoast-seo-wordpress\/ -->\n<title>\u201cL&#039;alternativa al fondamentalismo non \u00e8 l&#039;islam progressista&quot; - Rassegna Stampa Cattolica<\/title>\n<meta name=\"description\" content=\"\u201cL&#039;alternativa al fondamentalismo non \u00e8 l&#039;islam progressista&quot;, intervista allo studioso delle religioni Massimo Introvigne\" \/>\n<meta name=\"robots\" content=\"index, follow, max-snippet:-1, max-image-preview:large, max-video-preview:-1\" \/>\n<link rel=\"canonical\" href=\"https:\/\/www.rassegnastampa-totustuus.it\/cattolica\/lalternativa-al-fondamentalismo-non-lislam-progressista-ma-quello-conservatorelalternativa-al-fondamentalismo-non-e-lislam-progressista\/\" \/>\n<meta property=\"og:locale\" content=\"it_IT\" \/>\n<meta property=\"og:type\" content=\"article\" \/>\n<meta property=\"og:title\" content=\"\u201cL&#039;alternativa al fondamentalismo non \u00e8 l&#039;islam progressista&quot; - Rassegna Stampa Cattolica\" \/>\n<meta property=\"og:description\" content=\"\u201cL&#039;alternativa al fondamentalismo non \u00e8 l&#039;islam progressista&quot;, intervista allo studioso delle religioni Massimo Introvigne\" \/>\n<meta property=\"og:url\" content=\"https:\/\/www.rassegnastampa-totustuus.it\/cattolica\/lalternativa-al-fondamentalismo-non-lislam-progressista-ma-quello-conservatorelalternativa-al-fondamentalismo-non-e-lislam-progressista\/\" \/>\n<meta property=\"og:site_name\" content=\"Rassegna Stampa Cattolica\" \/>\n<meta property=\"article:publisher\" content=\"https:\/\/www.facebook.com\/rassegnastampacattolica\" \/>\n<meta property=\"article:published_time\" content=\"2004-12-16T16:39:33+00:00\" \/>\n<meta property=\"article:modified_time\" content=\"2025-07-03T18:13:59+00:00\" \/>\n<meta property=\"og:image\" content=\"https:\/\/www.rassegnastampa-totustuus.it\/cattolica\/wp-content\/uploads\/2004\/12\/Massimo-Introvigne.jpg\" \/>\n\t<meta property=\"og:image:width\" content=\"234\" \/>\n\t<meta property=\"og:image:height\" content=\"215\" \/>\n\t<meta property=\"og:image:type\" content=\"image\/jpeg\" \/>\n<meta name=\"author\" content=\"Redazione\" \/>\n<meta name=\"twitter:card\" content=\"summary_large_image\" \/>\n<meta name=\"twitter:creator\" content=\"@rassegnastampa9\" \/>\n<meta name=\"twitter:site\" content=\"@rassegnastampa9\" \/>\n<meta name=\"twitter:label1\" content=\"Scritto da\" \/>\n\t<meta name=\"twitter:data1\" content=\"Redazione\" \/>\n\t<meta name=\"twitter:label2\" content=\"Tempo di lettura stimato\" \/>\n\t<meta name=\"twitter:data2\" content=\"5 minuti\" \/>\n<script type=\"application\/ld+json\" class=\"yoast-schema-graph\">{\"@context\":\"https:\\\/\\\/schema.org\",\"@graph\":[{\"@type\":\"Article\",\"@id\":\"https:\\\/\\\/www.rassegnastampa-totustuus.it\\\/cattolica\\\/lalternativa-al-fondamentalismo-non-lislam-progressista-ma-quello-conservatorelalternativa-al-fondamentalismo-non-e-lislam-progressista\\\/#article\",\"isPartOf\":{\"@id\":\"https:\\\/\\\/www.rassegnastampa-totustuus.it\\\/cattolica\\\/lalternativa-al-fondamentalismo-non-lislam-progressista-ma-quello-conservatorelalternativa-al-fondamentalismo-non-e-lislam-progressista\\\/\"},\"author\":{\"name\":\"Redazione\",\"@id\":\"https:\\\/\\\/www.rassegnastampa-totustuus.it\\\/cattolica\\\/#\\\/schema\\\/person\\\/08f319d2bd1a0904ad9e2bfb7b15e5c3\"},\"headline\":\"\u201cL&#8217;alternativa al fondamentalismo non \u00e8 l&#8217;islam progressista&#8221;\",\"datePublished\":\"2004-12-16T16:39:33+00:00\",\"dateModified\":\"2025-07-03T18:13:59+00:00\",\"mainEntityOfPage\":{\"@id\":\"https:\\\/\\\/www.rassegnastampa-totustuus.it\\\/cattolica\\\/lalternativa-al-fondamentalismo-non-lislam-progressista-ma-quello-conservatorelalternativa-al-fondamentalismo-non-e-lislam-progressista\\\/\"},\"wordCount\":819,\"publisher\":{\"@id\":\"https:\\\/\\\/www.rassegnastampa-totustuus.it\\\/cattolica\\\/#organization\"},\"image\":{\"@id\":\"https:\\\/\\\/www.rassegnastampa-totustuus.it\\\/cattolica\\\/lalternativa-al-fondamentalismo-non-lislam-progressista-ma-quello-conservatorelalternativa-al-fondamentalismo-non-e-lislam-progressista\\\/#primaryimage\"},\"thumbnailUrl\":\"https:\\\/\\\/www.rassegnastampa-totustuus.it\\\/cattolica\\\/wp-content\\\/uploads\\\/2004\\\/12\\\/Massimo-Introvigne.jpg\",\"keywords\":[\"religioni\"],\"articleSection\":[\"Islam\",\"Islam fondamentalismo\"],\"inLanguage\":\"it-IT\"},{\"@type\":\"WebPage\",\"@id\":\"https:\\\/\\\/www.rassegnastampa-totustuus.it\\\/cattolica\\\/lalternativa-al-fondamentalismo-non-lislam-progressista-ma-quello-conservatorelalternativa-al-fondamentalismo-non-e-lislam-progressista\\\/\",\"url\":\"https:\\\/\\\/www.rassegnastampa-totustuus.it\\\/cattolica\\\/lalternativa-al-fondamentalismo-non-lislam-progressista-ma-quello-conservatorelalternativa-al-fondamentalismo-non-e-lislam-progressista\\\/\",\"name\":\"\u201cL'alternativa al fondamentalismo non \u00e8 l'islam progressista\\\" - Rassegna Stampa Cattolica\",\"isPartOf\":{\"@id\":\"https:\\\/\\\/www.rassegnastampa-totustuus.it\\\/cattolica\\\/#website\"},\"primaryImageOfPage\":{\"@id\":\"https:\\\/\\\/www.rassegnastampa-totustuus.it\\\/cattolica\\\/lalternativa-al-fondamentalismo-non-lislam-progressista-ma-quello-conservatorelalternativa-al-fondamentalismo-non-e-lislam-progressista\\\/#primaryimage\"},\"image\":{\"@id\":\"https:\\\/\\\/www.rassegnastampa-totustuus.it\\\/cattolica\\\/lalternativa-al-fondamentalismo-non-lislam-progressista-ma-quello-conservatorelalternativa-al-fondamentalismo-non-e-lislam-progressista\\\/#primaryimage\"},\"thumbnailUrl\":\"https:\\\/\\\/www.rassegnastampa-totustuus.it\\\/cattolica\\\/wp-content\\\/uploads\\\/2004\\\/12\\\/Massimo-Introvigne.jpg\",\"datePublished\":\"2004-12-16T16:39:33+00:00\",\"dateModified\":\"2025-07-03T18:13:59+00:00\",\"description\":\"\u201cL'alternativa al fondamentalismo non \u00e8 l'islam progressista\\\", intervista allo studioso delle religioni Massimo Introvigne\",\"breadcrumb\":{\"@id\":\"https:\\\/\\\/www.rassegnastampa-totustuus.it\\\/cattolica\\\/lalternativa-al-fondamentalismo-non-lislam-progressista-ma-quello-conservatorelalternativa-al-fondamentalismo-non-e-lislam-progressista\\\/#breadcrumb\"},\"inLanguage\":\"it-IT\",\"potentialAction\":[{\"@type\":\"ReadAction\",\"target\":[\"https:\\\/\\\/www.rassegnastampa-totustuus.it\\\/cattolica\\\/lalternativa-al-fondamentalismo-non-lislam-progressista-ma-quello-conservatorelalternativa-al-fondamentalismo-non-e-lislam-progressista\\\/\"]}]},{\"@type\":\"ImageObject\",\"inLanguage\":\"it-IT\",\"@id\":\"https:\\\/\\\/www.rassegnastampa-totustuus.it\\\/cattolica\\\/lalternativa-al-fondamentalismo-non-lislam-progressista-ma-quello-conservatorelalternativa-al-fondamentalismo-non-e-lislam-progressista\\\/#primaryimage\",\"url\":\"https:\\\/\\\/www.rassegnastampa-totustuus.it\\\/cattolica\\\/wp-content\\\/uploads\\\/2004\\\/12\\\/Massimo-Introvigne.jpg\",\"contentUrl\":\"https:\\\/\\\/www.rassegnastampa-totustuus.it\\\/cattolica\\\/wp-content\\\/uploads\\\/2004\\\/12\\\/Massimo-Introvigne.jpg\",\"width\":234,\"height\":215},{\"@type\":\"BreadcrumbList\",\"@id\":\"https:\\\/\\\/www.rassegnastampa-totustuus.it\\\/cattolica\\\/lalternativa-al-fondamentalismo-non-lislam-progressista-ma-quello-conservatorelalternativa-al-fondamentalismo-non-e-lislam-progressista\\\/#breadcrumb\",\"itemListElement\":[{\"@type\":\"ListItem\",\"position\":1,\"name\":\"Home\",\"item\":\"https:\\\/\\\/www.rassegnastampa-totustuus.it\\\/cattolica\\\/\"},{\"@type\":\"ListItem\",\"position\":2,\"name\":\"\u201cL&#8217;alternativa al fondamentalismo non \u00e8 l&#8217;islam progressista&#8221;\"}]},{\"@type\":\"WebSite\",\"@id\":\"https:\\\/\\\/www.rassegnastampa-totustuus.it\\\/cattolica\\\/#website\",\"url\":\"https:\\\/\\\/www.rassegnastampa-totustuus.it\\\/cattolica\\\/\",\"name\":\"Rassegna Stampa Cattolica\",\"description\":\"Per una cultura che nasce dalla Rivelazione cristiana in conformit\u00e0 alla tradizione e al Magistero della Chiesa in opposizione ad ogni relativismo e totalitarismo\",\"publisher\":{\"@id\":\"https:\\\/\\\/www.rassegnastampa-totustuus.it\\\/cattolica\\\/#organization\"},\"alternateName\":\"Rass. Cattolica\",\"potentialAction\":[{\"@type\":\"SearchAction\",\"target\":{\"@type\":\"EntryPoint\",\"urlTemplate\":\"https:\\\/\\\/www.rassegnastampa-totustuus.it\\\/cattolica\\\/?s={search_term_string}\"},\"query-input\":{\"@type\":\"PropertyValueSpecification\",\"valueRequired\":true,\"valueName\":\"search_term_string\"}}],\"inLanguage\":\"it-IT\"},{\"@type\":\"Organization\",\"@id\":\"https:\\\/\\\/www.rassegnastampa-totustuus.it\\\/cattolica\\\/#organization\",\"name\":\"Rassegna Stampa Cattolica\",\"url\":\"https:\\\/\\\/www.rassegnastampa-totustuus.it\\\/cattolica\\\/\",\"logo\":{\"@type\":\"ImageObject\",\"inLanguage\":\"it-IT\",\"@id\":\"https:\\\/\\\/www.rassegnastampa-totustuus.it\\\/cattolica\\\/#\\\/schema\\\/logo\\\/image\\\/\",\"url\":\"https:\\\/\\\/www.rassegnastampa-totustuus.it\\\/cattolica\\\/wp-content\\\/uploads\\\/2014\\\/04\\\/logo-rassegna1.gif\",\"contentUrl\":\"https:\\\/\\\/www.rassegnastampa-totustuus.it\\\/cattolica\\\/wp-content\\\/uploads\\\/2014\\\/04\\\/logo-rassegna1.gif\",\"width\":600,\"height\":163,\"caption\":\"Rassegna Stampa Cattolica\"},\"image\":{\"@id\":\"https:\\\/\\\/www.rassegnastampa-totustuus.it\\\/cattolica\\\/#\\\/schema\\\/logo\\\/image\\\/\"},\"sameAs\":[\"https:\\\/\\\/www.facebook.com\\\/rassegnastampacattolica\",\"https:\\\/\\\/x.com\\\/rassegnastampa9\"]},{\"@type\":\"Person\",\"@id\":\"https:\\\/\\\/www.rassegnastampa-totustuus.it\\\/cattolica\\\/#\\\/schema\\\/person\\\/08f319d2bd1a0904ad9e2bfb7b15e5c3\",\"name\":\"Redazione\",\"image\":{\"@type\":\"ImageObject\",\"inLanguage\":\"it-IT\",\"@id\":\"https:\\\/\\\/secure.gravatar.com\\\/avatar\\\/2fcdf27c78ea025fbdb44e914cc63c72249ffec9dc8aafd5c82b26240ef3f346?s=96&d=mm&r=g\",\"url\":\"https:\\\/\\\/secure.gravatar.com\\\/avatar\\\/2fcdf27c78ea025fbdb44e914cc63c72249ffec9dc8aafd5c82b26240ef3f346?s=96&d=mm&r=g\",\"contentUrl\":\"https:\\\/\\\/secure.gravatar.com\\\/avatar\\\/2fcdf27c78ea025fbdb44e914cc63c72249ffec9dc8aafd5c82b26240ef3f346?s=96&d=mm&r=g\",\"caption\":\"Redazione\"},\"url\":\"https:\\\/\\\/www.rassegnastampa-totustuus.it\\\/cattolica\\\/author\\\/pietroelle\\\/\"}]}<\/script>\n<!-- \/ Yoast SEO plugin. -->","yoast_head_json":{"title":"\u201cL'alternativa al fondamentalismo non \u00e8 l'islam progressista\" - Rassegna Stampa Cattolica","description":"\u201cL'alternativa al fondamentalismo non \u00e8 l'islam progressista\", intervista allo studioso delle religioni Massimo Introvigne","robots":{"index":"index","follow":"follow","max-snippet":"max-snippet:-1","max-image-preview":"max-image-preview:large","max-video-preview":"max-video-preview:-1"},"canonical":"https:\/\/www.rassegnastampa-totustuus.it\/cattolica\/lalternativa-al-fondamentalismo-non-lislam-progressista-ma-quello-conservatorelalternativa-al-fondamentalismo-non-e-lislam-progressista\/","og_locale":"it_IT","og_type":"article","og_title":"\u201cL'alternativa al fondamentalismo non \u00e8 l'islam progressista\" - Rassegna Stampa Cattolica","og_description":"\u201cL'alternativa al fondamentalismo non \u00e8 l'islam progressista\", intervista allo studioso delle religioni Massimo Introvigne","og_url":"https:\/\/www.rassegnastampa-totustuus.it\/cattolica\/lalternativa-al-fondamentalismo-non-lislam-progressista-ma-quello-conservatorelalternativa-al-fondamentalismo-non-e-lislam-progressista\/","og_site_name":"Rassegna Stampa Cattolica","article_publisher":"https:\/\/www.facebook.com\/rassegnastampacattolica","article_published_time":"2004-12-16T16:39:33+00:00","article_modified_time":"2025-07-03T18:13:59+00:00","og_image":[{"width":234,"height":215,"url":"https:\/\/www.rassegnastampa-totustuus.it\/cattolica\/wp-content\/uploads\/2004\/12\/Massimo-Introvigne.jpg","type":"image\/jpeg"}],"author":"Redazione","twitter_card":"summary_large_image","twitter_creator":"@rassegnastampa9","twitter_site":"@rassegnastampa9","twitter_misc":{"Scritto da":"Redazione","Tempo di lettura stimato":"5 minuti"},"schema":{"@context":"https:\/\/schema.org","@graph":[{"@type":"Article","@id":"https:\/\/www.rassegnastampa-totustuus.it\/cattolica\/lalternativa-al-fondamentalismo-non-lislam-progressista-ma-quello-conservatorelalternativa-al-fondamentalismo-non-e-lislam-progressista\/#article","isPartOf":{"@id":"https:\/\/www.rassegnastampa-totustuus.it\/cattolica\/lalternativa-al-fondamentalismo-non-lislam-progressista-ma-quello-conservatorelalternativa-al-fondamentalismo-non-e-lislam-progressista\/"},"author":{"name":"Redazione","@id":"https:\/\/www.rassegnastampa-totustuus.it\/cattolica\/#\/schema\/person\/08f319d2bd1a0904ad9e2bfb7b15e5c3"},"headline":"\u201cL&#8217;alternativa al fondamentalismo non \u00e8 l&#8217;islam progressista&#8221;","datePublished":"2004-12-16T16:39:33+00:00","dateModified":"2025-07-03T18:13:59+00:00","mainEntityOfPage":{"@id":"https:\/\/www.rassegnastampa-totustuus.it\/cattolica\/lalternativa-al-fondamentalismo-non-lislam-progressista-ma-quello-conservatorelalternativa-al-fondamentalismo-non-e-lislam-progressista\/"},"wordCount":819,"publisher":{"@id":"https:\/\/www.rassegnastampa-totustuus.it\/cattolica\/#organization"},"image":{"@id":"https:\/\/www.rassegnastampa-totustuus.it\/cattolica\/lalternativa-al-fondamentalismo-non-lislam-progressista-ma-quello-conservatorelalternativa-al-fondamentalismo-non-e-lislam-progressista\/#primaryimage"},"thumbnailUrl":"https:\/\/www.rassegnastampa-totustuus.it\/cattolica\/wp-content\/uploads\/2004\/12\/Massimo-Introvigne.jpg","keywords":["religioni"],"articleSection":["Islam","Islam fondamentalismo"],"inLanguage":"it-IT"},{"@type":"WebPage","@id":"https:\/\/www.rassegnastampa-totustuus.it\/cattolica\/lalternativa-al-fondamentalismo-non-lislam-progressista-ma-quello-conservatorelalternativa-al-fondamentalismo-non-e-lislam-progressista\/","url":"https:\/\/www.rassegnastampa-totustuus.it\/cattolica\/lalternativa-al-fondamentalismo-non-lislam-progressista-ma-quello-conservatorelalternativa-al-fondamentalismo-non-e-lislam-progressista\/","name":"\u201cL'alternativa al fondamentalismo non \u00e8 l'islam progressista\" - Rassegna Stampa Cattolica","isPartOf":{"@id":"https:\/\/www.rassegnastampa-totustuus.it\/cattolica\/#website"},"primaryImageOfPage":{"@id":"https:\/\/www.rassegnastampa-totustuus.it\/cattolica\/lalternativa-al-fondamentalismo-non-lislam-progressista-ma-quello-conservatorelalternativa-al-fondamentalismo-non-e-lislam-progressista\/#primaryimage"},"image":{"@id":"https:\/\/www.rassegnastampa-totustuus.it\/cattolica\/lalternativa-al-fondamentalismo-non-lislam-progressista-ma-quello-conservatorelalternativa-al-fondamentalismo-non-e-lislam-progressista\/#primaryimage"},"thumbnailUrl":"https:\/\/www.rassegnastampa-totustuus.it\/cattolica\/wp-content\/uploads\/2004\/12\/Massimo-Introvigne.jpg","datePublished":"2004-12-16T16:39:33+00:00","dateModified":"2025-07-03T18:13:59+00:00","description":"\u201cL'alternativa al fondamentalismo non \u00e8 l'islam progressista\", intervista allo studioso delle religioni Massimo Introvigne","breadcrumb":{"@id":"https:\/\/www.rassegnastampa-totustuus.it\/cattolica\/lalternativa-al-fondamentalismo-non-lislam-progressista-ma-quello-conservatorelalternativa-al-fondamentalismo-non-e-lislam-progressista\/#breadcrumb"},"inLanguage":"it-IT","potentialAction":[{"@type":"ReadAction","target":["https:\/\/www.rassegnastampa-totustuus.it\/cattolica\/lalternativa-al-fondamentalismo-non-lislam-progressista-ma-quello-conservatorelalternativa-al-fondamentalismo-non-e-lislam-progressista\/"]}]},{"@type":"ImageObject","inLanguage":"it-IT","@id":"https:\/\/www.rassegnastampa-totustuus.it\/cattolica\/lalternativa-al-fondamentalismo-non-lislam-progressista-ma-quello-conservatorelalternativa-al-fondamentalismo-non-e-lislam-progressista\/#primaryimage","url":"https:\/\/www.rassegnastampa-totustuus.it\/cattolica\/wp-content\/uploads\/2004\/12\/Massimo-Introvigne.jpg","contentUrl":"https:\/\/www.rassegnastampa-totustuus.it\/cattolica\/wp-content\/uploads\/2004\/12\/Massimo-Introvigne.jpg","width":234,"height":215},{"@type":"BreadcrumbList","@id":"https:\/\/www.rassegnastampa-totustuus.it\/cattolica\/lalternativa-al-fondamentalismo-non-lislam-progressista-ma-quello-conservatorelalternativa-al-fondamentalismo-non-e-lislam-progressista\/#breadcrumb","itemListElement":[{"@type":"ListItem","position":1,"name":"Home","item":"https:\/\/www.rassegnastampa-totustuus.it\/cattolica\/"},{"@type":"ListItem","position":2,"name":"\u201cL&#8217;alternativa al fondamentalismo non \u00e8 l&#8217;islam progressista&#8221;"}]},{"@type":"WebSite","@id":"https:\/\/www.rassegnastampa-totustuus.it\/cattolica\/#website","url":"https:\/\/www.rassegnastampa-totustuus.it\/cattolica\/","name":"Rassegna Stampa Cattolica","description":"Per una cultura che nasce dalla Rivelazione cristiana in conformit\u00e0 alla tradizione e al Magistero della Chiesa in opposizione ad ogni relativismo e totalitarismo","publisher":{"@id":"https:\/\/www.rassegnastampa-totustuus.it\/cattolica\/#organization"},"alternateName":"Rass. Cattolica","potentialAction":[{"@type":"SearchAction","target":{"@type":"EntryPoint","urlTemplate":"https:\/\/www.rassegnastampa-totustuus.it\/cattolica\/?s={search_term_string}"},"query-input":{"@type":"PropertyValueSpecification","valueRequired":true,"valueName":"search_term_string"}}],"inLanguage":"it-IT"},{"@type":"Organization","@id":"https:\/\/www.rassegnastampa-totustuus.it\/cattolica\/#organization","name":"Rassegna Stampa Cattolica","url":"https:\/\/www.rassegnastampa-totustuus.it\/cattolica\/","logo":{"@type":"ImageObject","inLanguage":"it-IT","@id":"https:\/\/www.rassegnastampa-totustuus.it\/cattolica\/#\/schema\/logo\/image\/","url":"https:\/\/www.rassegnastampa-totustuus.it\/cattolica\/wp-content\/uploads\/2014\/04\/logo-rassegna1.gif","contentUrl":"https:\/\/www.rassegnastampa-totustuus.it\/cattolica\/wp-content\/uploads\/2014\/04\/logo-rassegna1.gif","width":600,"height":163,"caption":"Rassegna Stampa Cattolica"},"image":{"@id":"https:\/\/www.rassegnastampa-totustuus.it\/cattolica\/#\/schema\/logo\/image\/"},"sameAs":["https:\/\/www.facebook.com\/rassegnastampacattolica","https:\/\/x.com\/rassegnastampa9"]},{"@type":"Person","@id":"https:\/\/www.rassegnastampa-totustuus.it\/cattolica\/#\/schema\/person\/08f319d2bd1a0904ad9e2bfb7b15e5c3","name":"Redazione","image":{"@type":"ImageObject","inLanguage":"it-IT","@id":"https:\/\/secure.gravatar.com\/avatar\/2fcdf27c78ea025fbdb44e914cc63c72249ffec9dc8aafd5c82b26240ef3f346?s=96&d=mm&r=g","url":"https:\/\/secure.gravatar.com\/avatar\/2fcdf27c78ea025fbdb44e914cc63c72249ffec9dc8aafd5c82b26240ef3f346?s=96&d=mm&r=g","contentUrl":"https:\/\/secure.gravatar.com\/avatar\/2fcdf27c78ea025fbdb44e914cc63c72249ffec9dc8aafd5c82b26240ef3f346?s=96&d=mm&r=g","caption":"Redazione"},"url":"https:\/\/www.rassegnastampa-totustuus.it\/cattolica\/author\/pietroelle\/"}]}},"_links":{"self":[{"href":"https:\/\/www.rassegnastampa-totustuus.it\/cattolica\/wp-json\/wp\/v2\/posts\/249","targetHints":{"allow":["GET"]}}],"collection":[{"href":"https:\/\/www.rassegnastampa-totustuus.it\/cattolica\/wp-json\/wp\/v2\/posts"}],"about":[{"href":"https:\/\/www.rassegnastampa-totustuus.it\/cattolica\/wp-json\/wp\/v2\/types\/post"}],"author":[{"embeddable":true,"href":"https:\/\/www.rassegnastampa-totustuus.it\/cattolica\/wp-json\/wp\/v2\/users\/6"}],"replies":[{"embeddable":true,"href":"https:\/\/www.rassegnastampa-totustuus.it\/cattolica\/wp-json\/wp\/v2\/comments?post=249"}],"version-history":[{"count":3,"href":"https:\/\/www.rassegnastampa-totustuus.it\/cattolica\/wp-json\/wp\/v2\/posts\/249\/revisions"}],"predecessor-version":[{"id":62875,"href":"https:\/\/www.rassegnastampa-totustuus.it\/cattolica\/wp-json\/wp\/v2\/posts\/249\/revisions\/62875"}],"wp:featuredmedia":[{"embeddable":true,"href":"https:\/\/www.rassegnastampa-totustuus.it\/cattolica\/wp-json\/wp\/v2\/media\/32674"}],"wp:attachment":[{"href":"https:\/\/www.rassegnastampa-totustuus.it\/cattolica\/wp-json\/wp\/v2\/media?parent=249"}],"wp:term":[{"taxonomy":"category","embeddable":true,"href":"https:\/\/www.rassegnastampa-totustuus.it\/cattolica\/wp-json\/wp\/v2\/categories?post=249"},{"taxonomy":"post_tag","embeddable":true,"href":"https:\/\/www.rassegnastampa-totustuus.it\/cattolica\/wp-json\/wp\/v2\/tags?post=249"}],"curies":[{"name":"wp","href":"https:\/\/api.w.org\/{rel}","templated":true}]}}