{"id":2489,"date":"2007-02-15T11:44:57","date_gmt":"2007-02-15T10:44:57","guid":{"rendered":""},"modified":"2015-12-16T13:31:26","modified_gmt":"2015-12-16T12:31:26","slug":"il-comunismo-nel-vietnam-liberato","status":"publish","type":"post","link":"https:\/\/www.rassegnastampa-totustuus.it\/cattolica\/il-comunismo-nel-vietnam-liberato\/","title":{"rendered":"Il comunismo nel Vietnam &#8220;liberato&#8221;"},"content":{"rendered":"<div style=\"text-align: center;\"><strong><a href=\"https:\/\/www.rassegnastampa-totustuus.it\/cattolica\/wp-content\/uploads\/2007\/02\/comunism_Vietnam.jpg\"><img loading=\"lazy\" decoding=\"async\" class=\"alignleft wp-image-28810 size-full\" src=\"https:\/\/www.rassegnastampa-totustuus.it\/cattolica\/wp-content\/uploads\/2007\/02\/comunism_Vietnam.jpg\" alt=\"comunism_Vietnam\" width=\"240\" height=\"180\" \/><\/a>Cristianit\u00e0<\/strong> n.105 gennaio 1984<\/div>\n<p style=\"text-align: justify;\"><strong>Sulla base di un rapporto recente e accuratamente documentato <\/strong><strong>campi di \u00abrieducazione\u00bb nel Vietnam sotto il giogo comunistico<\/strong><\/p>\n<p style=\"text-align: justify;\"><em>La opinione pubblica mondiale &#8211; a suo tempo informata con ricchezza di particolari sulla \u00abliberazione\u00bb del Vietnam e sulla \u00abcorruzione\u00bb dei governi anticomunistici &#8211; non ha strumenti corrispondenti per farsi un quadro adeguato di quanto \u00e8 accaduto e accade ancora nel Vietnam settentrionale dagli anni Sessanta e in tutto il paese dal 1975. Una indagine qualificata documenta la quantit\u00e0, la dislocazione e le caratteristiche dei campi di \u00abrieducazione\u00bb, uno strumento di tortura fisica e psicologica inflitta a un popolo intero, se si pensa che in essi &#8211; negli ultimi otto anni &#8211; sono passati pi\u00f9 di un milione di vietnamiti \u00abostinati\u00bb nel rifiutare. il regime comunistico.<\/em><\/p>\n<p style=\"text-align: center;\">di <strong>Mario Villani<\/strong><\/p>\n<p><!--more--><\/p>\n<div style=\"text-align: justify;\">Fino al 1975 &#8211; e precisamente fino all\u2019aprile di quell\u2019anno &#8211; il Vietnam era uno degli argomenti di moda, o almeno di permanente attualit\u00e0, sui giornali e, in genere, presso gli organi di informazione sia in Italia che all\u2019estero. Attraverso una marea di notizie, di servizi speciali, di articoli di commento pi\u00f9 o meno impegnato era stata costruita la immagine di un paese infelice soprattutto, se non solamente, a causa della presenza delle forze americane e del \u00abferoce\u00bb governo fantoccio, che provvedeva alla loro copertura politica.<\/div>\n<p style=\"text-align: justify;\">Le bombe, le stragi, le violenze erano sempre e soltanto imperialistiche e reazionarie, mentre un pugno di idealisti si batteva contro questo \u00absistema\u00bb, fruendo dell\u2019appoggio di tutto un popolo, armato e spinto solamente dal desiderio di ridare al paese pace e libert\u00e0. N\u00e9 servirono a incrinare quella immagine le notizie giunte durante gli ultimi drammatici giorni di guerra, relative a ondate di profughi che fuggivano davanti alla avanzata delle truppe comunistiche: \u00abFuggono dalla guerra\u00bb &#8211; si diceva -, \u00abSono le ultime sofferenze, poi verr\u00e0 finalmente la pace\u00bb.<\/p>\n<p style=\"text-align: justify;\">Ma non poteva essere cos\u00ec, e Cosi non \u00e8 stato. Infatti, sorprendendo solamente chi ancora si ostinava a farsi del comunismo e dei suoi partigiani una immagine scioccamente irrealistica, ad avere pace in Vietnam, dopo la sconfitta degli anticomunisti \u00abcorrotti e corruttori\u00bb, furono soltanto i morti, e talora neppure loro!<\/p>\n<p style=\"text-align: justify;\">Grazie alla testimonianza di centinaia di migliaia di profughi, oggi, nonostante la ferrea censura operata dalle autorit\u00e0 comunistiche e l\u2019inquietante disinteresse subentrato presso gli organi di informazione, \u00e8 possibile farsi una idea e descrivere un quadro abbastanza preciso a proposito di quanto \u00e8 avvenuto dopo quel tragico aprile 1975 e di quello che ancora continua a succedere in Vietnam.<\/p>\n<p style=\"text-align: justify;\">Per diversi aspetti il quadro non differisce da quello presentato da molte altre nazioni che hanno vissuto la sciagurata esperienza dell\u2019avvento del comunismo, sempre accompagnato, con diverse cadenze ma senza differenze sostanziali, dalla abolizione della propriet\u00e0 privata e dalla soppressione della iniziativa privata, con il conseguente crollo della economia e del livello di vita economica; da epurazioni; da processi \u00abpopolari\u00bb con esecuzioni sommarie; dalla soppressione di ogni libert\u00e0 politica e religiosa &#8211; con particolare accanimento verso il cattolicesimo, sia con procedimenti di corruzione che con pratiche persecutorie -; dalla abolizione di ogni garanzia del cittadino nei confronti dello Stato totalitario e del partito che se ne fa strumento.<\/p>\n<p style=\"text-align: justify;\">Per altri aspetti, invece, si pu\u00f2 dire che nella esperienza vietnamita sono stati drammaticamente superati esempi precedenti gi\u00e0 tragicamente noti e compianti. Uno degli aspetti \u00abnuovi\u00bb di un copione reiteratamente sperimentato \u00e8 certamente costituito dall\u2019uso larghissimo che in questi anni, in Vietnam, \u00e8 stato fatto dei cosiddetti campi di \u00abrieducazione\u00bb.<\/p>\n<p style=\"text-align: justify;\">Il tema \u00e8 accuratamente trattato da Ginetta Sagan e da Stephen Denney nello studio su <em>Violations of human rights in the Socialistic Republic of Vietnam.<\/em> Apri1 30, 1975 &#8211; Apri1 30, 1983, frutto di una indagine svolta sotto gli auspici della Aurora., Foundation di Atherton, in California .<\/p>\n<p style=\"text-align: justify;\"><strong>1. La pratica della \u00abrieducazione\u00bb dal nord al sud, al seguito dei \u2018comunisti<\/strong><\/p>\n<p style=\"text-align: justify;\">Il governo comunistico, attraverso dichiarazioni ufficiali, riconosce la esistenza dei campi di \u00abrieducazione\u00bb nel Vietnam settentrionale a partire dal 1961. All\u2019epoca, gli internati in tali campi sono rastrellati fra gli \u00abelementi contro-rivoluzionari\u00bb accusati di rispondere agli incitamenti alla rivolta lanciati dagli Stati Uniti e dal governo del Vietnam meridionale e di \u00absabotaggio economico\u00bb.<\/p>\n<p style=\"text-align: justify;\">Questi \u00abostinati elementi contro-rivoluzionari\u00bb sono cosi ufficialmente classificati dall\u2019autorit\u00e0 del regime: <em>1. Tutte le vecchie e pericolose spie, guide o agenti, tutti gli elementi dei vecchio esercito fantoccio o della precedente amministrazione, ex appartenenti a reparti speciali con a carico molti odiosi crimini, e che sono stati graziati e a lungo rieducati dal governo, ma che rifiutano ancora ostinatamente di riformarsi, e che compiono ancora atti contrari all\u2019ordine pubblico;\u00a0<\/em><em>2. Tutti i membri dei nucleo centrale delle precedenti organizzazioni e partiti di opposizione [&#8230;];\u00a0<\/em><em>3. Gli elementi ostinati della vecchia classe degli sfruttatori e tutti gh altri contro-rivoluzionari animati da profondo spirito di vendetta verso il nostro sistema e sempre operanti alla <\/em><em>opposizione;\u00a0<\/em><em>4. Tutti i pericolosi contro-rivoluzionari che hanno scontato una pena detentiva e che rifiutano di riformarsi<\/em>\u00bb.<\/p>\n<p style=\"text-align: justify;\">Nel 1975; con la vittoria delle forze comunistiche, l\u2019uso dei campi di \u00abrieducazione\u00bb per. \u00abcontro-rivoluzionari\u00bb, cio\u00e8 per tutti gli oppositori a qualsiasi titolo del nuovo regime, viene esteso anche al meridione del paese. Questa \u00e8 la fredda e burocratica descrizione.del lavoro che in essi si svolge fornita &#8211; in un articolo pubblicato sul <em>Quan <\/em><em>Dai <\/em><em>Nhan <\/em><em>Dan<\/em>, il giornale dell\u2019esercito comunistico, nel giugno del 1975 &#8211; dal dirigente Nguyen Ngoc Giao: \u00abLa rieducazione \u00e8 un processo accurato e di vasta portata. La direzione deve essere severa, continua, totale e specifica.<\/p>\n<p style=\"text-align: justify;\">\u00abDobbiamo dirigere ogni persona. Dobbiamo dirigere i loro pensieri e le loro azioni, le loro parole e i loro gesti. la loro filosofia di vita e le loro modalit\u00e0 di sussistenza. le loro relazioni sociali e i loro spostamenti. [&#8230;]<\/p>\n<p style=\"text-align: justify;\">\u00abDobbiamo combinare strettamente la direzione e la educazione con gli interrogatori\u00bb.<\/p>\n<p style=\"text-align: justify;\">Dall\u2019aprile del 1975 oltre un milione di vietnamiti \u00e8 stato internato in un sistema di pi\u00f9 di centocinquanta campi, sottocampi e prigioni. Una parte di essi \u00e8 stata rilasciata dopo periodi pi\u00f9 o meno lunghi di detenzione, molti sono morti o sono stati direttamente uccisi: a morte certa sono destinati &#8211; secondo le testimonianze &#8211; gli ex vietcong che avevano disertato dalle file dell\u2019esercito comunistico. Attualmente la stima pi\u00f9 accreditata fa ascendere il numero delle persone ancora recluse a molte decine di migliaia.<\/p>\n<p style=\"text-align: justify;\"><strong>2. Le disumane condizioni di vita nei campi<\/strong><\/p>\n<p style=\"text-align: justify;\">Le condizioni di vita nei campi variano di molto, a secondo della loro dislocazione, della composizione della popolazione carceraria e di altri fattori. Molti ex prigionieri raccontano di essere stati detenuti in pi\u00f9 campi diversi. Con grande probabilit\u00e0 questi continui trasferimenti hanno lo scopo di fare desistere le famiglie dai tentativi di sapere dove sono rinchiusi i loro parenti,, nonch\u00e9 di prevenire l\u2019eventuale insorgere di rapporti di amicizia tra i prigionieri e degli stessi con le guardie dei campi.<\/p>\n<p style=\"text-align: justify;\">Comunque, se \u00e8 vero che le condizioni di vita nei diversi campi variano notevolmente, \u00e8 anche vero che certi elementi caratteristici compaiono con assoluta regolarit\u00e0 nei racconti dei superstiti. Indottrinamento politico e confessioni estorte, pesante e pericoloso lavoro fisico, assenza di cure mediche e scarsit\u00e0 di cibo possono essere considerate il minimo comune denominatore costantemente riscontrabile, s\u00ec che le differenze si riducono praticamente solo al genere e alla intensit\u00e0 dei maltrattamenti fisici inflitti ai prigionieri, che sono per altro presenti ovunque.<\/p>\n<p style=\"text-align: justify;\">Durante la prima fase del processo di \u00abrieducazione\u00bb, di durata variabile, da alcune settimane ad alcuni mesi, la vittima \u00e8 sottoposta a un intenso indottrinamento politico. Gli argomenti trattati sono: lo sfruttamento per opera degli imperialisti americani dei lavoratori negli altri paesi; la \u00abgloria\u00bb che deriva dal lavoro; la inevitabile vittoria del Vietnam, guidato dal partito comunista, sugli Stati Uniti, e la generosit\u00e0 dimostrata dal governo verso i \u00abribelli\u00bb, cio\u00e8 verso coloro che hanno combattuto contro i comunisti durante la guerra.<\/p>\n<p style=\"text-align: justify;\">Un\u2019altra attivit\u00e0 messa in atto durante il primo periodo di \u00abrieducazione\u00bb, anche se non trascurata nelle successive fasi di imprigionamento, \u00e8 volta a ottenere la confessione di presunti passati misfatti. Tali confessioni forniscono cos\u00ec al governo una giustificazione retroattiva per la propria decisione di imprigionare centinaia di migliaia di vietnamiti.<\/p>\n<p style=\"text-align: justify;\">A tutti i prigionieri si richiede di scrivere le proprie confessioni, per quanto banali e insignificanti possano essere i fatti per i quali si \u00e8 incriminati. I postini, per esempio, vengono dichiarati colpevoli di avere collaborato con l\u2019apparato militare del deposto regime attraverso la circolazione della posta. I cappellani militari sono accusati di avere dato conforto alle truppe combattenti. A un ufficiale della riserva, che aveva insegnato letteratura in diverse scuole, fu imputato di avere \u00abingannato intere generazioni di bambini innocenti\u00bb.<\/p>\n<p style=\"text-align: justify;\">Oltre alle confessioni di tali \u00abcrimini\u00bb i prigionieri devono scrivere la loro autobiografia e illustrare le loro condizioni economiche. Un ex prigioniero racconta: \u00abDovevi scrivere la storia della tua vita, compresa quella di tuo padre, di tuo nonno, dei tuoi bambini, descrivendo le loro vicende, come erano morti, ogni cosa posseduta, comprese radio, televisione e macchina ,fotografica. \u00abTutto questo doveva essere scritto due volte al mese, sia nei campi di rieducazione che in prigione. Se in qualche caso scoprivano che avevi tralasciato qualcosa che precedentemente avevi incluso, eri nei guai. A questo punto eri costretto a scrivere nuove confessioni molte volte al giorno\u00bb.<\/p>\n<p style=\"text-align: justify;\">Dopo le confessioni scritte vengono quella pubbliche, durante le quali il prigioniero descrive i propri \u00abcrimini\u00bb di fronte alle autorit\u00e0 del campo e agli altri compagni di pena. Tra gli internati vengono incoraggiate la reciproca critica e le reciproche accuse allo scopo, dicono i testimoni, di suscitare e di diffondere l\u2019odio e la diffidenza. Pi\u00f9 crimini un prigioniero confessa e pi\u00f9 viene elogiato come \u00abin via di miglioramento\u00bb dai suoi carcerieri.<\/p>\n<p style=\"text-align: justify;\">La pressione psicologica per ottenere questo genere di confessioni conduce non di rado alla pazzia. \u00abHo visto molti casi di persone in preda a crisi isteriche\u00bb. testimonia un medico recluso in uno di questi campi; ma, nonostante la sua esperienza nel ramo, non gli fu mai permesso di fare qualcosa per aiutarle. Lo scopo di tutto questo trattamento \u00e8 non solo quello di fare nascere un senso di colpa nei prigionieri e di stabilire un dominio su di essi, ma anche quello di ottenere la denuncia di altri ex soldati e ufficiali dell\u2019esercito sudvietnamita eventualmente sfuggiti al trattamento di rieducazione.<\/p>\n<p style=\"text-align: justify;\">Il governo comunistico; infatti, appare preoccupato per le diverse migliaia di vietnamiti che avrebbero finora evitato, con la fuga, i campi.<\/p>\n<p style=\"text-align: justify;\"><strong>3. La \u00abgloria\u00bb del lavoro forzato<\/strong><\/p>\n<p style=\"text-align: justify;\">Un altro aspetto tenuto in grande considerazione nella rieducazione \u00e8 il \u00ablavoro produttivo\u00bb. Gli internati, infatti, sono costretti a svolgere un lavoro fisico estremamente duro e, nella maggiore parte dei casi, pericoloso. Un tipico esempio \u00e8 costituito dalla bonifica dei campi minati, nonostante la Convenzione di Ginevra proibisca che a tale attivit\u00e0 siano costretti dei prigionieri. In Vietnam essa viene svolta proprio da loro e, oltretutto, senza che siano fomiti di. un minimo di attrezzatura specifica. Il risultato \u00e8 che molti vengono uccisi o mutilati dalle esplosioni.<\/p>\n<p style=\"text-align: justify;\">Altri lavori svolti sono il taglio delle piante, la costruzione di muri, di latrine e di fosse biologiche, il disboscamento della giungla, la edificazione di altri campi di concentramento. I prigionieri sono organizzati in squadre e costretti a lavorare fino all\u2019esaurimento. Chi non riesce a raggiungere le quote di lavoro previste dalle norme del campo, viene punito con ore di lavoro supplementare, oppure messo ai ceppi o confinato in celle-di isolamento. Va tenuto presente che questo lavoro viene effettuato da persone assolutamente denutrite.<\/p>\n<p style=\"text-align: justify;\"><strong>4. Fame e mancanza di assistenza medica<\/strong><\/p>\n<p style=\"text-align: justify;\">La fame, infatti, \u00e8 un altro grande tormento degli internati. Secondo i racconti degli ex prigionieri essi vengono tenuti a regime alimentare ridottissimo per indebolirli al massimo e per prevenire resistenze e rivolte. Ogni giorno vengono distribuiti a ciascun detenuto un pugno di riso e pochi vegetali. Sconosciuta la carne e i condimenti, in modo che la dieta risulta assolutamente priva di proteine.<\/p>\n<p style=\"text-align: justify;\">La mancanza di cibo causa un generale scadimento delle condizioni fisiche e indebolisce la resistenza alla malattia. Beri-beri, tubercolosi, dissenteria, sono infatti estremamente diffuse. L\u2019assistenza medica non esiste e le cure sono assolutamente inadeguate e limitate in generale all\u2019opera di qualche possesso di qualche cognizione medica. Il risultato \u00e8. ovviamente, un alto tasso di mortalit\u00e0. Solo in casi eccezionali \u00e8 concessa a un prigioniero ammalato la possibilit\u00e0 di essere curato in un ospedale all\u2019esterno. Generalmente i malati muoiono nel campo, senza cure e senza che le famiglie vengano neppure avvertite.<\/p>\n<p style=\"text-align: justify;\"><strong>5. Regolamento e punizioni<\/strong><\/p>\n<p style=\"text-align: justify;\">Le regole che disciplinano la vita dei campi sono rigidissime. Le autorit\u00e0 cercano di mantenere il controllo sui pensieri dei prigionieri. A questo line viene proibito detenere e leggere libri e riviste editi durante il passato regime, ricordarlo nelle conversazioni. parlare di politica al di fuori delle discussioni ufficiali, cantare vecchie canzoni, avere credenze \u00absuperstiziose\u00bb e, in genere, nutrire pensieri \u00abreazionari\u00bb. E\u2019 inoltre proibita ogni mancanza di rispetto nei confronti delle autorit\u00e0 del campo. Questa regola \u00e8 applicata in maniera talmente inflessibile che la minima indicazione di una infrazione alla stessa \u00e8 punita severamente.<\/p>\n<p style=\"text-align: justify;\">Le forme di punizione previste sono diverse. Molto diffuse sono la reclusione in camere di punizione o celle buie, la riduzione del cibo, la legatura in posizioni contorte. Molti prigionieri vengono picchiati, talvolta a morte. Anche le esecuzioni sono frequenti, generalmente in caso di tentata fuga.<\/p>\n<p style=\"text-align: justify;\">Le camere di punizione sono dei container di metallo dentro ai quali vengono accatastati e legati i puniti; sotto il sole la temperatura all\u2019interno diviene intollerabilmente calda, al punto da provocare non rari decessi. I prigionieri condannati a questa punizione nel campo di Ham Tam giacciono all\u2019interno della cella, distesi sul fondo, le gambe sollevate e i piedi strettamente serrati in ceppi di legno. Nel campo di Nyhe Tinh, invece, \u00e8 d\u2019uso legare loro strettamente le mani e i piedi cos\u00ec da provocare la cancrena degli arti. Una forma di punizione simile a quella praticata nei container \u00e8 la reclusione in profondi pozzi: a questa punizione venne condannato, nel campo di Long Khanh, un prigioniero perch\u00e9 era stato sentito cantare il giorno di Natale la canzone Notte Santa.<\/p>\n<p style=\"text-align: justify;\">Altri tipi di tortura sono stati descritti da ex internati nel campo di Don Duang: per esempio, il prigioniero, con le mani e i piedi legati assieme, viene appeso e fatto oscillare mentre i carcerieri lo percuotono. Altri descrivono tutta una serie di diversi tipi di legatura.<\/p>\n<p style=\"text-align: justify;\">Nel suo libro <em>The will of Heaven<\/em>, Nguyen Ngoc Ngan racconta un episodio estremamente indicativo per capire come e quando questi metodi sono usati. L\u2019episodio avvenne nel maggio del 1977 nel campo di Bu Gia Map, situato in una giungla malarica al confine con la Cambogia. Un prigioniero, Tru, vedendo una guardia usare una bandiera del precedente regime come straccio per la polvere reagisce strappandogliela dalle mani. Il giorno dopo Tru viene condotto davanti a un \u00abtribunale del popolo\u00bb, ma, invece di confessare il \u00abcrimine\u00bb e chiedere clemenza, egli si lascia andare a una pesante critica del regime comunistico.<\/p>\n<p style=\"text-align: justify;\">Di conseguenza, viene condannato a stare in piedi, legato a un tronco d\u2019albero, per tre mesi. Dopo essere stato imbavagliato, \u00e8 legato con le braccia stese dietro la schiena e serrate attorno al tronco. Le corde sono avvinte Cosi strettamente che gi\u00e0 al termine del primo giorno gli sono penetrate nella carne. Il prigioniero \u00e8 costretto a rimanere cos\u00ec, in piedi, senza riparo dal sole del giorno e dal freddo della notte, incessantemente torturato dalle zanzare.<\/p>\n<p style=\"text-align: justify;\">Durante la seconda settimana egli contrae la malaria e le sue condizioni peggiorarono rapidamente. A un mese dalla sentenza, in occasione della visita di un ufficiale superiore, Tru viene slegato e gli viene portato davanti. L\u2019alto ufficiale vuole concedergli un\u2019altra possibilit\u00e0 di pentirsi, ma coraggiosamente Tru oppone un rifiuto. Il giorno dopo egli viene condotto fuori dal campo e nessuno ne sa pi\u00f9 nulla.<\/p>\n<p style=\"text-align: justify;\"><strong>6. Il ricatto alle famiglie<\/strong><strong>\u00a0<\/strong><\/p>\n<p style=\"text-align: justify;\">Ai disgraziati prigionieri viene anche praticamente negato qualsiasi conforto che possa venire dagli incontri con le famiglie. Il regolamento dei campi prevederebbe la possibilit\u00e0 di visite dei parenti della durata di quindici minuti ogni tre mesi, ma \u00e8 sufficiente la minima mancanza disciplinare perch\u00e9 tale diritto venga soppresso. Non solo, ma per ottenere il permesso di vedere i propri cari detenuti i familiari devono dare prova di fedelt\u00e0 e di lealt\u00e0 nei confronti del nuovo regime. In pratica tutto \u00e8 affidato all\u2019arbitrio del comandante del campo e dei funzionari di partito. La vita degli stessi familiari dei detenuti \u00e8 pesantemente condizionata.<\/p>\n<p style=\"text-align: justify;\">Non solo vengono loro richieste continue prove di fedelt\u00e0 al regime, con la implicita minaccia di inasprire ulteriormente le condizioni di vita del parente detenuto, ma, sovente, vengono costretti a chiedere di essere inviati \u00abvolontariamente\u00bb nelle Nuove Zone di Sviluppo Economico, veri e propri campi di lavoro forzato collocati nelle aree pi\u00f9 inospitali della giungla. Cosi, la efficacia coercitiva dei campi si moltiplica fino a interessare tutta la popolazione.<\/p>\n<p style=\"text-align: justify;\">Chi non vi \u00e8 stato personalmente, o non vi \u00e8 tuttora rinchiuso, ha comunque qualche parente o amico che sta Vivendo questa tremenda esperienza ed \u00e8 costretto, per evitargli ulteriori sofferenze, a tenere un comportamento gradito al regime. Si pu\u00f2, quindi, affermare che oggi il Vietnam, a quasi nove anni dalla presa del potere da parte di coloro che anche la stampa occidentale chiamava \u00abliberatori\u00bb, pu\u00f2 essere considerato un immenso Gulag.<\/p>\n<p style=\"text-align: justify;\">Forse solo rendendosene conto si pu\u00f2 capire perch\u00e9 milioni di vietnamiti hanno scelto di fuggire verso l\u2019ignoto, a bordo di fragili imbarcazioni, sfidando pericoli sovente mortali, pure di lasciarsi alle spalle la cappa di terrore e di disperazione calata sul paese con l\u2019avvento del comunismo.<\/p>\n<p style=\"text-align: justify;\"><strong>Note<\/strong><\/p>\n<p style=\"text-align: justify;\"><strong>1)<\/strong> Cfr. GINETTA SAGAN e STEPHEN DENNEY, <em>Violations of human rights in Socia&amp; Republic of Vietnam<\/em>. Apri1 30, 1975 &#8211; Apri1 30, 1983, Aurora Foundation, Atherton 1983, soprattutto le pp. 18-46,specificamente dedicate al tema dei campi di \u00abrieducazione\u00bb. Il rapporto ha tre fonti principali: le dichiarazioni governative, i racconti dei visitatori stranieri in Vietnam e quelli dei profughi. Di questi ultimi, dagli autori del rapporto ne sono stati intervistati pi\u00f9 di 500, sistematicamente dal 1978 al dicembre 1982, in Europa e negli Stati Uniti: fra i profughi sono compresi non solamente esponenti militari e civili del passato regime, ma anche giornalisti, scrittori, insegnanti medici, avvocati e studenti. Sono state raccolte e considerate anche notizie provenienti da ex membri del Fronte di Liberazione Nazionale e da persone che hanno rotto con l\u2019attuale governo.<\/p>\n<div align=\"justify\">Da questo rapporto &#8211; a tutt\u2019oggi non uguagliato per ricchezza di documentazione di informazione &#8211; traggo tutti i dati per la mia esposizione.<\/div>\n","protected":false},"excerpt":{"rendered":"<p>Cristianit\u00e0 n.105 gennaio 1984 Sulla base di un rapporto recente e accuratamente documentato campi di \u00abrieducazione\u00bb nel Vietnam sotto il giogo comunistico La opinione pubblica mondiale &#8211; a suo tempo informata con ricchezza di particolari sulla \u00abliberazione\u00bb del Vietnam e sulla \u00abcorruzione\u00bb dei governi anticomunistici &#8211; non ha strumenti corrispondenti per farsi un quadro adeguato &hellip; <\/p>\n<p><a class=\"more-link btn\" href=\"https:\/\/www.rassegnastampa-totustuus.it\/cattolica\/il-comunismo-nel-vietnam-liberato\/\">Continua a leggere<\/a><\/p>\n","protected":false},"author":6,"featured_media":28810,"comment_status":"closed","ping_status":"open","sticky":false,"template":"","format":"standard","meta":{"footnotes":""},"categories":[32,108],"tags":[2402],"class_list":["post-2489","post","type-post","status-publish","format-standard","has-post-thumbnail","hentry","category-filosofia-del-comunismo","category-paesi-e-continenti","tag-vietnam","item-wrap"],"yoast_head":"<!-- This site is optimized with the Yoast SEO plugin v27.5 - https:\/\/yoast.com\/product\/yoast-seo-wordpress\/ -->\n<title>Il comunismo nel Vietnam &quot;liberato&quot; - Rassegna Stampa Cattolica<\/title>\n<meta name=\"description\" content=\"Rassegna Stampa Cattolica - Per una cultura che nasce dalla Rivelazione cristiana in conformit\u00e0 alla tradizione e al Magistero della Chiesa in opposizione ad ogni relativismo e totalitarismo\" \/>\n<meta name=\"robots\" content=\"index, follow, max-snippet:-1, max-image-preview:large, max-video-preview:-1\" \/>\n<link rel=\"canonical\" href=\"https:\/\/www.rassegnastampa-totustuus.it\/cattolica\/il-comunismo-nel-vietnam-liberato\/\" \/>\n<meta property=\"og:locale\" content=\"it_IT\" \/>\n<meta property=\"og:type\" content=\"article\" \/>\n<meta property=\"og:title\" content=\"Il comunismo nel Vietnam &quot;liberato&quot; - Rassegna Stampa Cattolica\" \/>\n<meta property=\"og:description\" content=\"Rassegna Stampa Cattolica - Per una cultura che nasce dalla Rivelazione cristiana in conformit\u00e0 alla tradizione e al Magistero della Chiesa in opposizione ad ogni relativismo e totalitarismo\" \/>\n<meta property=\"og:url\" content=\"https:\/\/www.rassegnastampa-totustuus.it\/cattolica\/il-comunismo-nel-vietnam-liberato\/\" \/>\n<meta property=\"og:site_name\" content=\"Rassegna Stampa Cattolica\" \/>\n<meta property=\"article:publisher\" content=\"https:\/\/www.facebook.com\/rassegnastampacattolica\" \/>\n<meta property=\"article:published_time\" content=\"2007-02-15T10:44:57+00:00\" \/>\n<meta property=\"article:modified_time\" content=\"2015-12-16T12:31:26+00:00\" \/>\n<meta property=\"og:image\" content=\"https:\/\/www.rassegnastampa-totustuus.it\/cattolica\/wp-content\/uploads\/2007\/02\/comunism_Vietnam.jpg\" \/>\n\t<meta property=\"og:image:width\" content=\"240\" \/>\n\t<meta property=\"og:image:height\" content=\"180\" \/>\n\t<meta property=\"og:image:type\" content=\"image\/jpeg\" \/>\n<meta name=\"author\" content=\"Redazione\" \/>\n<meta name=\"twitter:card\" content=\"summary_large_image\" \/>\n<meta name=\"twitter:creator\" content=\"@rassegnastampa9\" \/>\n<meta name=\"twitter:site\" content=\"@rassegnastampa9\" \/>\n<meta name=\"twitter:label1\" content=\"Scritto da\" \/>\n\t<meta name=\"twitter:data1\" content=\"Redazione\" \/>\n\t<meta name=\"twitter:label2\" content=\"Tempo di lettura stimato\" \/>\n\t<meta name=\"twitter:data2\" content=\"15 minuti\" \/>\n<script type=\"application\/ld+json\" class=\"yoast-schema-graph\">{\"@context\":\"https:\\\/\\\/schema.org\",\"@graph\":[{\"@type\":\"Article\",\"@id\":\"https:\\\/\\\/www.rassegnastampa-totustuus.it\\\/cattolica\\\/il-comunismo-nel-vietnam-liberato\\\/#article\",\"isPartOf\":{\"@id\":\"https:\\\/\\\/www.rassegnastampa-totustuus.it\\\/cattolica\\\/il-comunismo-nel-vietnam-liberato\\\/\"},\"author\":{\"name\":\"Redazione\",\"@id\":\"https:\\\/\\\/www.rassegnastampa-totustuus.it\\\/cattolica\\\/#\\\/schema\\\/person\\\/08f319d2bd1a0904ad9e2bfb7b15e5c3\"},\"headline\":\"Il comunismo nel Vietnam &#8220;liberato&#8221;\",\"datePublished\":\"2007-02-15T10:44:57+00:00\",\"dateModified\":\"2015-12-16T12:31:26+00:00\",\"mainEntityOfPage\":{\"@id\":\"https:\\\/\\\/www.rassegnastampa-totustuus.it\\\/cattolica\\\/il-comunismo-nel-vietnam-liberato\\\/\"},\"wordCount\":3027,\"publisher\":{\"@id\":\"https:\\\/\\\/www.rassegnastampa-totustuus.it\\\/cattolica\\\/#organization\"},\"image\":{\"@id\":\"https:\\\/\\\/www.rassegnastampa-totustuus.it\\\/cattolica\\\/il-comunismo-nel-vietnam-liberato\\\/#primaryimage\"},\"thumbnailUrl\":\"https:\\\/\\\/www.rassegnastampa-totustuus.it\\\/cattolica\\\/wp-content\\\/uploads\\\/2007\\\/02\\\/comunism_Vietnam.jpg\",\"keywords\":[\"Vietnam\"],\"articleSection\":[\"Comunismo\",\"Paesi e continenti\"],\"inLanguage\":\"it-IT\"},{\"@type\":\"WebPage\",\"@id\":\"https:\\\/\\\/www.rassegnastampa-totustuus.it\\\/cattolica\\\/il-comunismo-nel-vietnam-liberato\\\/\",\"url\":\"https:\\\/\\\/www.rassegnastampa-totustuus.it\\\/cattolica\\\/il-comunismo-nel-vietnam-liberato\\\/\",\"name\":\"Il comunismo nel Vietnam \\\"liberato\\\" - Rassegna Stampa Cattolica\",\"isPartOf\":{\"@id\":\"https:\\\/\\\/www.rassegnastampa-totustuus.it\\\/cattolica\\\/#website\"},\"primaryImageOfPage\":{\"@id\":\"https:\\\/\\\/www.rassegnastampa-totustuus.it\\\/cattolica\\\/il-comunismo-nel-vietnam-liberato\\\/#primaryimage\"},\"image\":{\"@id\":\"https:\\\/\\\/www.rassegnastampa-totustuus.it\\\/cattolica\\\/il-comunismo-nel-vietnam-liberato\\\/#primaryimage\"},\"thumbnailUrl\":\"https:\\\/\\\/www.rassegnastampa-totustuus.it\\\/cattolica\\\/wp-content\\\/uploads\\\/2007\\\/02\\\/comunism_Vietnam.jpg\",\"datePublished\":\"2007-02-15T10:44:57+00:00\",\"dateModified\":\"2015-12-16T12:31:26+00:00\",\"description\":\"Rassegna Stampa Cattolica - Per una cultura che nasce dalla Rivelazione cristiana in conformit\u00e0 alla tradizione e al Magistero della Chiesa in opposizione ad ogni relativismo e totalitarismo\",\"breadcrumb\":{\"@id\":\"https:\\\/\\\/www.rassegnastampa-totustuus.it\\\/cattolica\\\/il-comunismo-nel-vietnam-liberato\\\/#breadcrumb\"},\"inLanguage\":\"it-IT\",\"potentialAction\":[{\"@type\":\"ReadAction\",\"target\":[\"https:\\\/\\\/www.rassegnastampa-totustuus.it\\\/cattolica\\\/il-comunismo-nel-vietnam-liberato\\\/\"]}]},{\"@type\":\"ImageObject\",\"inLanguage\":\"it-IT\",\"@id\":\"https:\\\/\\\/www.rassegnastampa-totustuus.it\\\/cattolica\\\/il-comunismo-nel-vietnam-liberato\\\/#primaryimage\",\"url\":\"https:\\\/\\\/www.rassegnastampa-totustuus.it\\\/cattolica\\\/wp-content\\\/uploads\\\/2007\\\/02\\\/comunism_Vietnam.jpg\",\"contentUrl\":\"https:\\\/\\\/www.rassegnastampa-totustuus.it\\\/cattolica\\\/wp-content\\\/uploads\\\/2007\\\/02\\\/comunism_Vietnam.jpg\",\"width\":240,\"height\":180},{\"@type\":\"BreadcrumbList\",\"@id\":\"https:\\\/\\\/www.rassegnastampa-totustuus.it\\\/cattolica\\\/il-comunismo-nel-vietnam-liberato\\\/#breadcrumb\",\"itemListElement\":[{\"@type\":\"ListItem\",\"position\":1,\"name\":\"Home\",\"item\":\"https:\\\/\\\/www.rassegnastampa-totustuus.it\\\/cattolica\\\/\"},{\"@type\":\"ListItem\",\"position\":2,\"name\":\"Il comunismo nel Vietnam &#8220;liberato&#8221;\"}]},{\"@type\":\"WebSite\",\"@id\":\"https:\\\/\\\/www.rassegnastampa-totustuus.it\\\/cattolica\\\/#website\",\"url\":\"https:\\\/\\\/www.rassegnastampa-totustuus.it\\\/cattolica\\\/\",\"name\":\"Rassegna Stampa Cattolica\",\"description\":\"Per una cultura che nasce dalla Rivelazione cristiana in conformit\u00e0 alla tradizione e al Magistero della Chiesa in opposizione ad ogni relativismo e totalitarismo\",\"publisher\":{\"@id\":\"https:\\\/\\\/www.rassegnastampa-totustuus.it\\\/cattolica\\\/#organization\"},\"alternateName\":\"Rass. Cattolica\",\"potentialAction\":[{\"@type\":\"SearchAction\",\"target\":{\"@type\":\"EntryPoint\",\"urlTemplate\":\"https:\\\/\\\/www.rassegnastampa-totustuus.it\\\/cattolica\\\/?s={search_term_string}\"},\"query-input\":{\"@type\":\"PropertyValueSpecification\",\"valueRequired\":true,\"valueName\":\"search_term_string\"}}],\"inLanguage\":\"it-IT\"},{\"@type\":\"Organization\",\"@id\":\"https:\\\/\\\/www.rassegnastampa-totustuus.it\\\/cattolica\\\/#organization\",\"name\":\"Rassegna Stampa Cattolica\",\"url\":\"https:\\\/\\\/www.rassegnastampa-totustuus.it\\\/cattolica\\\/\",\"logo\":{\"@type\":\"ImageObject\",\"inLanguage\":\"it-IT\",\"@id\":\"https:\\\/\\\/www.rassegnastampa-totustuus.it\\\/cattolica\\\/#\\\/schema\\\/logo\\\/image\\\/\",\"url\":\"https:\\\/\\\/www.rassegnastampa-totustuus.it\\\/cattolica\\\/wp-content\\\/uploads\\\/2014\\\/04\\\/logo-rassegna1.gif\",\"contentUrl\":\"https:\\\/\\\/www.rassegnastampa-totustuus.it\\\/cattolica\\\/wp-content\\\/uploads\\\/2014\\\/04\\\/logo-rassegna1.gif\",\"width\":600,\"height\":163,\"caption\":\"Rassegna Stampa Cattolica\"},\"image\":{\"@id\":\"https:\\\/\\\/www.rassegnastampa-totustuus.it\\\/cattolica\\\/#\\\/schema\\\/logo\\\/image\\\/\"},\"sameAs\":[\"https:\\\/\\\/www.facebook.com\\\/rassegnastampacattolica\",\"https:\\\/\\\/x.com\\\/rassegnastampa9\"]},{\"@type\":\"Person\",\"@id\":\"https:\\\/\\\/www.rassegnastampa-totustuus.it\\\/cattolica\\\/#\\\/schema\\\/person\\\/08f319d2bd1a0904ad9e2bfb7b15e5c3\",\"name\":\"Redazione\",\"image\":{\"@type\":\"ImageObject\",\"inLanguage\":\"it-IT\",\"@id\":\"https:\\\/\\\/secure.gravatar.com\\\/avatar\\\/2fcdf27c78ea025fbdb44e914cc63c72249ffec9dc8aafd5c82b26240ef3f346?s=96&d=mm&r=g\",\"url\":\"https:\\\/\\\/secure.gravatar.com\\\/avatar\\\/2fcdf27c78ea025fbdb44e914cc63c72249ffec9dc8aafd5c82b26240ef3f346?s=96&d=mm&r=g\",\"contentUrl\":\"https:\\\/\\\/secure.gravatar.com\\\/avatar\\\/2fcdf27c78ea025fbdb44e914cc63c72249ffec9dc8aafd5c82b26240ef3f346?s=96&d=mm&r=g\",\"caption\":\"Redazione\"},\"url\":\"https:\\\/\\\/www.rassegnastampa-totustuus.it\\\/cattolica\\\/author\\\/pietroelle\\\/\"}]}<\/script>\n<!-- \/ Yoast SEO plugin. -->","yoast_head_json":{"title":"Il comunismo nel Vietnam \"liberato\" - Rassegna Stampa Cattolica","description":"Rassegna Stampa Cattolica - Per una cultura che nasce dalla Rivelazione cristiana in conformit\u00e0 alla tradizione e al Magistero della Chiesa in opposizione ad ogni relativismo e totalitarismo","robots":{"index":"index","follow":"follow","max-snippet":"max-snippet:-1","max-image-preview":"max-image-preview:large","max-video-preview":"max-video-preview:-1"},"canonical":"https:\/\/www.rassegnastampa-totustuus.it\/cattolica\/il-comunismo-nel-vietnam-liberato\/","og_locale":"it_IT","og_type":"article","og_title":"Il comunismo nel Vietnam \"liberato\" - Rassegna Stampa Cattolica","og_description":"Rassegna Stampa Cattolica - Per una cultura che nasce dalla Rivelazione cristiana in conformit\u00e0 alla tradizione e al Magistero della Chiesa in opposizione ad ogni relativismo e totalitarismo","og_url":"https:\/\/www.rassegnastampa-totustuus.it\/cattolica\/il-comunismo-nel-vietnam-liberato\/","og_site_name":"Rassegna Stampa Cattolica","article_publisher":"https:\/\/www.facebook.com\/rassegnastampacattolica","article_published_time":"2007-02-15T10:44:57+00:00","article_modified_time":"2015-12-16T12:31:26+00:00","og_image":[{"width":240,"height":180,"url":"https:\/\/www.rassegnastampa-totustuus.it\/cattolica\/wp-content\/uploads\/2007\/02\/comunism_Vietnam.jpg","type":"image\/jpeg"}],"author":"Redazione","twitter_card":"summary_large_image","twitter_creator":"@rassegnastampa9","twitter_site":"@rassegnastampa9","twitter_misc":{"Scritto da":"Redazione","Tempo di lettura stimato":"15 minuti"},"schema":{"@context":"https:\/\/schema.org","@graph":[{"@type":"Article","@id":"https:\/\/www.rassegnastampa-totustuus.it\/cattolica\/il-comunismo-nel-vietnam-liberato\/#article","isPartOf":{"@id":"https:\/\/www.rassegnastampa-totustuus.it\/cattolica\/il-comunismo-nel-vietnam-liberato\/"},"author":{"name":"Redazione","@id":"https:\/\/www.rassegnastampa-totustuus.it\/cattolica\/#\/schema\/person\/08f319d2bd1a0904ad9e2bfb7b15e5c3"},"headline":"Il comunismo nel Vietnam &#8220;liberato&#8221;","datePublished":"2007-02-15T10:44:57+00:00","dateModified":"2015-12-16T12:31:26+00:00","mainEntityOfPage":{"@id":"https:\/\/www.rassegnastampa-totustuus.it\/cattolica\/il-comunismo-nel-vietnam-liberato\/"},"wordCount":3027,"publisher":{"@id":"https:\/\/www.rassegnastampa-totustuus.it\/cattolica\/#organization"},"image":{"@id":"https:\/\/www.rassegnastampa-totustuus.it\/cattolica\/il-comunismo-nel-vietnam-liberato\/#primaryimage"},"thumbnailUrl":"https:\/\/www.rassegnastampa-totustuus.it\/cattolica\/wp-content\/uploads\/2007\/02\/comunism_Vietnam.jpg","keywords":["Vietnam"],"articleSection":["Comunismo","Paesi e continenti"],"inLanguage":"it-IT"},{"@type":"WebPage","@id":"https:\/\/www.rassegnastampa-totustuus.it\/cattolica\/il-comunismo-nel-vietnam-liberato\/","url":"https:\/\/www.rassegnastampa-totustuus.it\/cattolica\/il-comunismo-nel-vietnam-liberato\/","name":"Il comunismo nel Vietnam \"liberato\" - Rassegna Stampa Cattolica","isPartOf":{"@id":"https:\/\/www.rassegnastampa-totustuus.it\/cattolica\/#website"},"primaryImageOfPage":{"@id":"https:\/\/www.rassegnastampa-totustuus.it\/cattolica\/il-comunismo-nel-vietnam-liberato\/#primaryimage"},"image":{"@id":"https:\/\/www.rassegnastampa-totustuus.it\/cattolica\/il-comunismo-nel-vietnam-liberato\/#primaryimage"},"thumbnailUrl":"https:\/\/www.rassegnastampa-totustuus.it\/cattolica\/wp-content\/uploads\/2007\/02\/comunism_Vietnam.jpg","datePublished":"2007-02-15T10:44:57+00:00","dateModified":"2015-12-16T12:31:26+00:00","description":"Rassegna Stampa Cattolica - Per una cultura che nasce dalla Rivelazione cristiana in conformit\u00e0 alla tradizione e al Magistero della Chiesa in opposizione ad ogni relativismo e totalitarismo","breadcrumb":{"@id":"https:\/\/www.rassegnastampa-totustuus.it\/cattolica\/il-comunismo-nel-vietnam-liberato\/#breadcrumb"},"inLanguage":"it-IT","potentialAction":[{"@type":"ReadAction","target":["https:\/\/www.rassegnastampa-totustuus.it\/cattolica\/il-comunismo-nel-vietnam-liberato\/"]}]},{"@type":"ImageObject","inLanguage":"it-IT","@id":"https:\/\/www.rassegnastampa-totustuus.it\/cattolica\/il-comunismo-nel-vietnam-liberato\/#primaryimage","url":"https:\/\/www.rassegnastampa-totustuus.it\/cattolica\/wp-content\/uploads\/2007\/02\/comunism_Vietnam.jpg","contentUrl":"https:\/\/www.rassegnastampa-totustuus.it\/cattolica\/wp-content\/uploads\/2007\/02\/comunism_Vietnam.jpg","width":240,"height":180},{"@type":"BreadcrumbList","@id":"https:\/\/www.rassegnastampa-totustuus.it\/cattolica\/il-comunismo-nel-vietnam-liberato\/#breadcrumb","itemListElement":[{"@type":"ListItem","position":1,"name":"Home","item":"https:\/\/www.rassegnastampa-totustuus.it\/cattolica\/"},{"@type":"ListItem","position":2,"name":"Il comunismo nel Vietnam &#8220;liberato&#8221;"}]},{"@type":"WebSite","@id":"https:\/\/www.rassegnastampa-totustuus.it\/cattolica\/#website","url":"https:\/\/www.rassegnastampa-totustuus.it\/cattolica\/","name":"Rassegna Stampa Cattolica","description":"Per una cultura che nasce dalla Rivelazione cristiana in conformit\u00e0 alla tradizione e al Magistero della Chiesa in opposizione ad ogni relativismo e totalitarismo","publisher":{"@id":"https:\/\/www.rassegnastampa-totustuus.it\/cattolica\/#organization"},"alternateName":"Rass. Cattolica","potentialAction":[{"@type":"SearchAction","target":{"@type":"EntryPoint","urlTemplate":"https:\/\/www.rassegnastampa-totustuus.it\/cattolica\/?s={search_term_string}"},"query-input":{"@type":"PropertyValueSpecification","valueRequired":true,"valueName":"search_term_string"}}],"inLanguage":"it-IT"},{"@type":"Organization","@id":"https:\/\/www.rassegnastampa-totustuus.it\/cattolica\/#organization","name":"Rassegna Stampa Cattolica","url":"https:\/\/www.rassegnastampa-totustuus.it\/cattolica\/","logo":{"@type":"ImageObject","inLanguage":"it-IT","@id":"https:\/\/www.rassegnastampa-totustuus.it\/cattolica\/#\/schema\/logo\/image\/","url":"https:\/\/www.rassegnastampa-totustuus.it\/cattolica\/wp-content\/uploads\/2014\/04\/logo-rassegna1.gif","contentUrl":"https:\/\/www.rassegnastampa-totustuus.it\/cattolica\/wp-content\/uploads\/2014\/04\/logo-rassegna1.gif","width":600,"height":163,"caption":"Rassegna Stampa Cattolica"},"image":{"@id":"https:\/\/www.rassegnastampa-totustuus.it\/cattolica\/#\/schema\/logo\/image\/"},"sameAs":["https:\/\/www.facebook.com\/rassegnastampacattolica","https:\/\/x.com\/rassegnastampa9"]},{"@type":"Person","@id":"https:\/\/www.rassegnastampa-totustuus.it\/cattolica\/#\/schema\/person\/08f319d2bd1a0904ad9e2bfb7b15e5c3","name":"Redazione","image":{"@type":"ImageObject","inLanguage":"it-IT","@id":"https:\/\/secure.gravatar.com\/avatar\/2fcdf27c78ea025fbdb44e914cc63c72249ffec9dc8aafd5c82b26240ef3f346?s=96&d=mm&r=g","url":"https:\/\/secure.gravatar.com\/avatar\/2fcdf27c78ea025fbdb44e914cc63c72249ffec9dc8aafd5c82b26240ef3f346?s=96&d=mm&r=g","contentUrl":"https:\/\/secure.gravatar.com\/avatar\/2fcdf27c78ea025fbdb44e914cc63c72249ffec9dc8aafd5c82b26240ef3f346?s=96&d=mm&r=g","caption":"Redazione"},"url":"https:\/\/www.rassegnastampa-totustuus.it\/cattolica\/author\/pietroelle\/"}]}},"_links":{"self":[{"href":"https:\/\/www.rassegnastampa-totustuus.it\/cattolica\/wp-json\/wp\/v2\/posts\/2489","targetHints":{"allow":["GET"]}}],"collection":[{"href":"https:\/\/www.rassegnastampa-totustuus.it\/cattolica\/wp-json\/wp\/v2\/posts"}],"about":[{"href":"https:\/\/www.rassegnastampa-totustuus.it\/cattolica\/wp-json\/wp\/v2\/types\/post"}],"author":[{"embeddable":true,"href":"https:\/\/www.rassegnastampa-totustuus.it\/cattolica\/wp-json\/wp\/v2\/users\/6"}],"replies":[{"embeddable":true,"href":"https:\/\/www.rassegnastampa-totustuus.it\/cattolica\/wp-json\/wp\/v2\/comments?post=2489"}],"version-history":[{"count":4,"href":"https:\/\/www.rassegnastampa-totustuus.it\/cattolica\/wp-json\/wp\/v2\/posts\/2489\/revisions"}],"predecessor-version":[{"id":28811,"href":"https:\/\/www.rassegnastampa-totustuus.it\/cattolica\/wp-json\/wp\/v2\/posts\/2489\/revisions\/28811"}],"wp:featuredmedia":[{"embeddable":true,"href":"https:\/\/www.rassegnastampa-totustuus.it\/cattolica\/wp-json\/wp\/v2\/media\/28810"}],"wp:attachment":[{"href":"https:\/\/www.rassegnastampa-totustuus.it\/cattolica\/wp-json\/wp\/v2\/media?parent=2489"}],"wp:term":[{"taxonomy":"category","embeddable":true,"href":"https:\/\/www.rassegnastampa-totustuus.it\/cattolica\/wp-json\/wp\/v2\/categories?post=2489"},{"taxonomy":"post_tag","embeddable":true,"href":"https:\/\/www.rassegnastampa-totustuus.it\/cattolica\/wp-json\/wp\/v2\/tags?post=2489"}],"curies":[{"name":"wp","href":"https:\/\/api.w.org\/{rel}","templated":true}]}}