{"id":24881,"date":"2015-05-21T00:00:12","date_gmt":"2015-05-20T22:00:12","guid":{"rendered":"http:\/\/www.rassegnastampa-totustuus.it\/cattolica\/?p=24881"},"modified":"2015-05-19T09:29:35","modified_gmt":"2015-05-19T07:29:35","slug":"lestetica-del-non-luogo","status":"publish","type":"post","link":"https:\/\/www.rassegnastampa-totustuus.it\/cattolica\/lestetica-del-non-luogo\/","title":{"rendered":"L&#8217;estetica del \u00abnon luogo\u00bb"},"content":{"rendered":"<div id=\"attachment_24882\" style=\"width: 250px\" class=\"wp-caption alignleft\"><a href=\"https:\/\/www.rassegnastampa-totustuus.it\/cattolica\/wp-content\/uploads\/2015\/05\/Hakemiya_school.jpg\"><img loading=\"lazy\" decoding=\"async\" aria-describedby=\"caption-attachment-24882\" class=\"wp-image-24882\" src=\"https:\/\/www.rassegnastampa-totustuus.it\/cattolica\/wp-content\/uploads\/2015\/05\/Hakemiya_school.jpg\" alt=\"Hakemiya_school\" width=\"250\" height=\"166\" \/><\/a><p id=\"caption-attachment-24882\" class=\"wp-caption-text\">Fig 1<\/p><\/div>\n<p style=\"text-align: center;\"><strong>Studi Cattolici<\/strong> n.650 Aprile 2015<\/p>\n<p style=\"text-align: center;\"><strong>\u00a0Ciro Lomonte<\/strong><\/p>\n<p style=\"text-align: justify;\">L&#8217;architettura dei nostri giorni pare interamente ispirata da quella che potremmo definire \u00abl&#8217;estetica dell&#8217;aeroporto\u00bb: \u00abnon luoghi\u00bb studiati dai progettisti per passaggi fugaci, con un&#8217;attenzione tutta speciale dedicata a incorniciare il paesaggio con materiali innovativi traslucidi e gigantesche vetrate.<\/p>\n<p style=\"text-align: justify;\"><!--more--><\/p>\n<p style=\"text-align: justify;\">Ammesso e non concesso che questa sia la forma migliore per un&#8217;aerostazione, \u00e8 mai possibile che si debba applicare la stessa poetica anoressica alle case, agli uffici, agli ospedali, ai teatri, alle universit\u00e0, agli asili nido? Tutti uguali, peraltro.<\/p>\n<p style=\"text-align: justify;\">Qualcuno sostiene che gli stilemi minimalisti non siano affatto ripetuti. Ci sono infinite declinazioni degli assoluti razionalisti, nella versione decostruttivista o supermodernista attuale. Sar\u00e0 vero?<\/p>\n<p style=\"text-align: justify;\">A sfogliare le riviste patinate degli architetti viene da pensare all&#8217;opera di Raymond Queneau, Esercizi di stile, novantanove modi diversi per raccontare la stessa storia banale. Come banali sono le citt\u00e0, replicanti, senz&#8217;anima, che si stanno costruendo in ogni angolo del pianeta. Proviamo a passare in rassegna alcune opere contemporanee. Le aule della scuola materna Hakemiya, in Giappone (f\u00ecg. 1) sono le sale d&#8217;attesa del film The Terminal, nelle quali intrappolare i poveri bambini, che, per quanto orientali, non sono insensibili al calore di decorazioni e colori.<\/p>\n<div id=\"attachment_24883\" style=\"width: 250px\" class=\"wp-caption alignright\"><a href=\"https:\/\/www.rassegnastampa-totustuus.it\/cattolica\/wp-content\/uploads\/2015\/05\/cantina-Antinori.jpg\"><img loading=\"lazy\" decoding=\"async\" aria-describedby=\"caption-attachment-24883\" class=\"wp-image-24883\" src=\"https:\/\/www.rassegnastampa-totustuus.it\/cattolica\/wp-content\/uploads\/2015\/05\/cantina-Antinori.jpg\" alt=\"cantina Antinori\" width=\"250\" height=\"166\" \/><\/a><p id=\"caption-attachment-24883\" class=\"wp-caption-text\">Fig. 2<\/p><\/div>\n<p style=\"text-align: justify;\">Esterni e interni della cantina Antinori, a San Casciano in Val di Pesa (f\u00ecg. 2), sono ambienti in cui far galleggiare nella luce e nell&#8217;alcol i visitatori. La corte inter\u00adna e i disimpegni del ricco Rijksmuseum di Amsterdam (f\u00ecg. 3 a p. 306) sono trasformati, sotto nuove coperture in ferro e vetro, nelle banchine di una stazione ferroviaria. Nella pensilina del vecchio porto di Marsiglia (f\u00ecg. 4 a p. 306), sir Norman Foster cerca di ottenere direttamente un effetto di straniamento: riflessi nello specchio, i passanti non sono dove sono, sopra o sotto, diritti o capovolti.<\/p>\n<div id=\"attachment_24884\" style=\"width: 250px\" class=\"wp-caption alignright\"><a href=\"https:\/\/www.rassegnastampa-totustuus.it\/cattolica\/wp-content\/uploads\/2015\/05\/Rijkmuseum_Amsterdam.jpg\"><img loading=\"lazy\" decoding=\"async\" aria-describedby=\"caption-attachment-24884\" class=\"wp-image-24884\" src=\"https:\/\/www.rassegnastampa-totustuus.it\/cattolica\/wp-content\/uploads\/2015\/05\/Rijkmuseum_Amsterdam.jpg\" alt=\"Rijkmuseum_Amsterdam\" width=\"250\" height=\"179\" \/><\/a><p id=\"caption-attachment-24884\" class=\"wp-caption-text\">Fig. 3<\/p><\/div>\n<p style=\"text-align: justify;\"><em> La <\/em><em>Casa dell&#8217;Infinito,<\/em> realizzata a Cadice da Alberto Campo Baeza (f\u00ecg. 5 a p. 307), \u00e8 la dimora algida di sentinelle bioniche del pianeta, spoglia di aggettivazioni, ricordi e simboli che possano relazionare la personalit\u00e0 degli abi\u00adtanti con quella che dovrebbe essere la pelle architettonica della loro anima.<\/p>\n<p style=\"text-align: justify;\"><strong>Omologazione virale<\/strong><\/p>\n<p style=\"text-align: justify;\">L&#8217;omologazione architettonica \u00e8 virale. All&#8217;apparenza si tratta di un fenomeno culturale, \u00e8 l&#8217;evoluzione naturale dei linguaggi dell&#8217;arte. A ben guardare si scopre che in realt\u00e0 la componente affaristica \u00e8 prevalente e la finanza si serve delle giustificazioni della critica architettonica ufficiale per battere cassa. La griffe \u00e8 strumentale. Basti pensare, per fare un esempio recente, al degrado indecente in cui \u00e8 piombato uno dei quartieri pi\u00f9 rinomati di Roma da quando i dirigenti di Eur SpA si sono affidati alle archi-star.<\/p>\n<div id=\"attachment_24885\" style=\"width: 250px\" class=\"wp-caption alignleft\"><a href=\"https:\/\/www.rassegnastampa-totustuus.it\/cattolica\/wp-content\/uploads\/2015\/05\/pensilina_Marsiglia.jpg\"><img loading=\"lazy\" decoding=\"async\" aria-describedby=\"caption-attachment-24885\" class=\"wp-image-24885\" src=\"https:\/\/www.rassegnastampa-totustuus.it\/cattolica\/wp-content\/uploads\/2015\/05\/pensilina_Marsiglia.jpg\" alt=\"pensilina_Marsiglia\" width=\"250\" height=\"166\" \/><\/a><p id=\"caption-attachment-24885\" class=\"wp-caption-text\">Fig. 4<\/p><\/div>\n<p style=\"text-align: justify;\">C&#8217;\u00e8 chi sostiene che il fenomeno riguardi pi\u00f9 che altro l&#8217;Italia. In altre nazioni si trovano quartieri residenziali molto pi\u00f9 belli e confortevoli dei nostri, perch\u00e9 qui siamo riusciti a deturpare persino i centri storici, vale a dire le citt\u00e0 pi\u00f9 ricche di opere d&#8217;arte del mondo, e abbiamo costruito periferie incredibilmente brutte.<\/p>\n<p style=\"text-align: justify;\">Bisognerebbe allora definire se le casette del Surrey o quelle di Poundbury o i condomini di Le Plessis-Robinson siano architettura dei nostri giorni o passatismo. Perch\u00e9 la cultura accademica internazionale ostracizza quei modelli, spingendo gli studenti a moltiplicare i \u00abnon luoghi\u00bb anche nei centri storici, per farvi dialogare dentro i nuovi \u00abnon uomini\u00bb; un&#8217;estensione terribile dei concetti espressi nel 1992 dal sociologo Marc Aug\u00e9 nel <em>libro <\/em><em>Nonluoghi. Introduzione a una antropologia della surmodernit\u00e0.<\/em><\/p>\n<div id=\"attachment_24886\" style=\"width: 250px\" class=\"wp-caption alignleft\"><a href=\"https:\/\/www.rassegnastampa-totustuus.it\/cattolica\/wp-content\/uploads\/2015\/05\/casa_infinito_Cadice.jpg\"><img loading=\"lazy\" decoding=\"async\" aria-describedby=\"caption-attachment-24886\" class=\"wp-image-24886\" src=\"https:\/\/www.rassegnastampa-totustuus.it\/cattolica\/wp-content\/uploads\/2015\/05\/casa_infinito_Cadice-300x146.jpg\" alt=\"casa_infinito_Cadice\" width=\"250\" height=\"122\" srcset=\"https:\/\/www.rassegnastampa-totustuus.it\/cattolica\/wp-content\/uploads\/2015\/05\/casa_infinito_Cadice-300x146.jpg 300w, https:\/\/www.rassegnastampa-totustuus.it\/cattolica\/wp-content\/uploads\/2015\/05\/casa_infinito_Cadice.jpg 322w\" sizes=\"auto, (max-width: 250px) 100vw, 250px\" \/><\/a><p id=\"caption-attachment-24886\" class=\"wp-caption-text\">Fig. 5<\/p><\/div>\n<p style=\"text-align: justify;\"><strong>Chiese non chiese<\/strong><\/p>\n<p style=\"text-align: justify;\">Le autorit\u00e0 ecclesiastiche si sono adeguate all&#8217;andazzo corrente, affidandosi agli <em>star-architects<\/em> e ai loro emuli. Risultato? Chiese che non sembrano chiese. La si\u00adtuazione \u00e8 desolante. Ne abbiamo parlato in Nuove chiese: fuochi fatui nella notte fonda, articolo apparso su II Covile n. 835. In quel contesto segnalavamo l&#8217;importanza del lavoro silenzioso svolto negli ultimi anni dal Master in Architettura, Arti sacre e Liturgia dell&#8217;Universit\u00e0 Europea di Roma, che sarebbe opportuno trasformare in un vero e proprio corso di laurea in Architettura.<\/p>\n<div id=\"attachment_24887\" style=\"width: 250px\" class=\"wp-caption alignleft\"><a href=\"https:\/\/www.rassegnastampa-totustuus.it\/cattolica\/wp-content\/uploads\/2015\/05\/chiesa_Menfi.jpg\"><img loading=\"lazy\" decoding=\"async\" aria-describedby=\"caption-attachment-24887\" class=\"wp-image-24887\" src=\"https:\/\/www.rassegnastampa-totustuus.it\/cattolica\/wp-content\/uploads\/2015\/05\/chiesa_Menfi.jpg\" alt=\"chiesa_Menfi\" width=\"250\" height=\"185\" \/><\/a><p id=\"caption-attachment-24887\" class=\"wp-caption-text\">Fig. 6<\/p><\/div>\n<p style=\"text-align: justify;\">Paradossalmente, in citt\u00e0 come Los Angeles, gli atei hanno cominciato a costruirsi \u00abmega-chiese atee\u00bb. Hanno mantenuto tutto: la chiesa, l&#8217;omelia, la questua, i dieci comandamenti, i canti, la comunit\u00e0, la funzione domenicale e l&#8217;idea del servizio ai pi\u00f9 svantaggiati. L&#8217;unica cosa che manca \u00e8 Dio.<\/p>\n<p style=\"text-align: justify;\">L&#8217;iniziativa \u00e8 bizzarra e suscita stupore, ma in fondo dimostra che anche gli atei hanno i loro idoli, pi\u00f9 o meno consapevoli. Hanno sostituito Dio con un surrogato, preferendo trovare dentro di s\u00e9 una verit\u00e0 che va cercata al di fuori e al di sopra di loro.<\/p>\n<p style=\"text-align: justify;\">Che forma avranno questi templi dell&#8217;ateismo? Forse finiranno con l&#8217;adottare linguaggi classici e neostili, a differenza delle chiese cattoliche che hanno assunto configurazioni sempre pi\u00f9 secolarizzate e adatte a visioni orizzontali, quelle della morte di Dio. Non sono pi\u00f9 luoghi sacri, dell&#8217;incontro con il trascen\u00addente. Sono \u00abnon luoghi\u00bb, degni di una societ\u00e0 liquida. Sono pensate per essere luogo di incontro dei cristiani fra di loro, non con Dio, e sono invece ambienti in cui ci si sente straordinariamente soli e abbandonati.<\/p>\n<p style=\"text-align: justify;\">Prendiamo il caso della chiesa madre di Menfi (f\u00ecg. 6), ricostruita da Vittorio Gregotti nelle forme scatolari da lui predilette, dopo il terremoto del Belice, che non aveva compromesso del tutto l&#8217;edificio classico. La nuova \u00abfacciata\u00bb, un muro quasi impenetrabile e muto, allontana i fedeli piuttosto che attrarli. \u00c8 sormontata da un telaio di cemento a faccia vista, che dovrebbe incorniciare il mare per chi lo osservasse dalla pretestuosa \u00abcavea\u00bb sul tetto. L&#8217;interno \u00e8 come un&#8217;arnia, disarmonica e labirintica. Distrutta l&#8217;abside della chiesa antica, i banchi sono stati ruotati verso un altare laterale, in un&#8217;aula tormentata da sgraziati piedritti cilindrici e un graticcio di travi disadorne.<\/p>\n<p style=\"text-align: justify;\"><strong>Rieducazione del gusto?<\/strong><\/p>\n<p style=\"text-align: justify;\">Alla presentazione del concorso di idee per una nuova chiesa in un altro paese siciliano, dal pubblico si \u00e8 levata una lamentela sull&#8217;inadeguatezza dell&#8217;arte sacra contemporanea rispetto alle richieste di bellezza manifestate dai fedeli. I responsabili dell&#8217;iniziativa hanno risposto che sarebbero stati organizzati seminari appositi per aiutare i parrocchiani ad apprezzare gli orientamenti pi\u00f9 aggiornati. Ormai siamo arrivati a questo, ai campi di rieducazione di coloro che ancora conservano un briciolo di buon senso.<\/p>\n<p style=\"text-align: justify;\">Un popolo che \u00e8 ancora una maggioranza, per quanto silenziosa, tiranneggiata da una minoranza clamorosa. Serve urgentemente un cantore del nuovo Arcipelago Gulag, immenso, in cui \u00e8 stato trasformato il mondo occidentale. Chi l&#8217;avrebbe detto che la democrazia avrebbe sortito effetti architettonici peggiori delle dittature post hegeliane del Novecento?<\/p>\n","protected":false},"excerpt":{"rendered":"<p>Studi Cattolici n.650 Aprile 2015 \u00a0Ciro Lomonte L&#8217;architettura dei nostri giorni pare interamente ispirata da quella che potremmo definire \u00abl&#8217;estetica dell&#8217;aeroporto\u00bb: \u00abnon luoghi\u00bb studiati dai progettisti per passaggi fugaci, con un&#8217;attenzione tutta speciale dedicata a incorniciare il paesaggio con materiali innovativi traslucidi e gigantesche vetrate.<\/p><p><a class=\"more-link btn\" href=\"https:\/\/www.rassegnastampa-totustuus.it\/cattolica\/lestetica-del-non-luogo\/\">Continua a leggere<\/a><\/p>\n","protected":false},"author":6,"featured_media":0,"comment_status":"closed","ping_status":"closed","sticky":false,"template":"","format":"standard","meta":{"footnotes":""},"categories":[119,25],"tags":[1437],"class_list":["post-24881","post","type-post","status-publish","format-standard","hentry","category-arte-sacra","category-sguardo-sul-nostro-tempo","tag-architettura","item-wrap"],"yoast_head":"<!-- This site is optimized with the Yoast SEO plugin v27.5 - https:\/\/yoast.com\/product\/yoast-seo-wordpress\/ -->\n<title>L&#039;estetica del \u00abnon luogo\u00bb - Rassegna Stampa Cattolica<\/title>\n<meta name=\"description\" content=\"Rassegna Stampa Cattolica - Per una cultura che nasce dalla Rivelazione cristiana in conformit\u00e0 alla tradizione e al Magistero della Chiesa in opposizione ad ogni relativismo e totalitarismo\" \/>\n<meta name=\"robots\" content=\"index, follow, max-snippet:-1, max-image-preview:large, max-video-preview:-1\" \/>\n<link rel=\"canonical\" href=\"https:\/\/www.rassegnastampa-totustuus.it\/cattolica\/lestetica-del-non-luogo\/\" \/>\n<meta property=\"og:locale\" content=\"it_IT\" \/>\n<meta property=\"og:type\" content=\"article\" \/>\n<meta property=\"og:title\" content=\"L&#039;estetica del \u00abnon luogo\u00bb - Rassegna Stampa Cattolica\" \/>\n<meta property=\"og:description\" content=\"Rassegna Stampa Cattolica - Per una cultura che nasce dalla Rivelazione cristiana in conformit\u00e0 alla tradizione e al Magistero della Chiesa in opposizione ad ogni relativismo e totalitarismo\" \/>\n<meta property=\"og:url\" content=\"https:\/\/www.rassegnastampa-totustuus.it\/cattolica\/lestetica-del-non-luogo\/\" \/>\n<meta property=\"og:site_name\" content=\"Rassegna Stampa Cattolica\" \/>\n<meta property=\"article:publisher\" content=\"https:\/\/www.facebook.com\/rassegnastampacattolica\" \/>\n<meta property=\"article:published_time\" content=\"2015-05-20T22:00:12+00:00\" \/>\n<meta property=\"og:image\" content=\"http:\/\/www.rassegnastampa-totustuus.it\/cattolica\/wp-content\/uploads\/2015\/05\/Hakemiya_school.jpg\" \/>\n<meta name=\"author\" content=\"Redazione\" \/>\n<meta name=\"twitter:card\" content=\"summary_large_image\" \/>\n<meta name=\"twitter:creator\" content=\"@rassegnastampa9\" \/>\n<meta name=\"twitter:site\" content=\"@rassegnastampa9\" \/>\n<meta name=\"twitter:label1\" content=\"Scritto da\" \/>\n\t<meta name=\"twitter:data1\" content=\"Redazione\" \/>\n\t<meta name=\"twitter:label2\" content=\"Tempo di lettura stimato\" \/>\n\t<meta name=\"twitter:data2\" content=\"5 minuti\" \/>\n<script type=\"application\/ld+json\" class=\"yoast-schema-graph\">{\"@context\":\"https:\\\/\\\/schema.org\",\"@graph\":[{\"@type\":\"Article\",\"@id\":\"https:\\\/\\\/www.rassegnastampa-totustuus.it\\\/cattolica\\\/lestetica-del-non-luogo\\\/#article\",\"isPartOf\":{\"@id\":\"https:\\\/\\\/www.rassegnastampa-totustuus.it\\\/cattolica\\\/lestetica-del-non-luogo\\\/\"},\"author\":{\"name\":\"Redazione\",\"@id\":\"https:\\\/\\\/www.rassegnastampa-totustuus.it\\\/cattolica\\\/#\\\/schema\\\/person\\\/08f319d2bd1a0904ad9e2bfb7b15e5c3\"},\"headline\":\"L&#8217;estetica del \u00abnon luogo\u00bb\",\"datePublished\":\"2015-05-20T22:00:12+00:00\",\"mainEntityOfPage\":{\"@id\":\"https:\\\/\\\/www.rassegnastampa-totustuus.it\\\/cattolica\\\/lestetica-del-non-luogo\\\/\"},\"wordCount\":1110,\"publisher\":{\"@id\":\"https:\\\/\\\/www.rassegnastampa-totustuus.it\\\/cattolica\\\/#organization\"},\"image\":{\"@id\":\"https:\\\/\\\/www.rassegnastampa-totustuus.it\\\/cattolica\\\/lestetica-del-non-luogo\\\/#primaryimage\"},\"thumbnailUrl\":\"http:\\\/\\\/www.rassegnastampa-totustuus.it\\\/cattolica\\\/wp-content\\\/uploads\\\/2015\\\/05\\\/Hakemiya_school.jpg\",\"keywords\":[\"architettura\"],\"articleSection\":[\"Arte sacra\",\"Sguardo sul nostro tempo\"],\"inLanguage\":\"it-IT\"},{\"@type\":\"WebPage\",\"@id\":\"https:\\\/\\\/www.rassegnastampa-totustuus.it\\\/cattolica\\\/lestetica-del-non-luogo\\\/\",\"url\":\"https:\\\/\\\/www.rassegnastampa-totustuus.it\\\/cattolica\\\/lestetica-del-non-luogo\\\/\",\"name\":\"L'estetica del \u00abnon luogo\u00bb - Rassegna Stampa Cattolica\",\"isPartOf\":{\"@id\":\"https:\\\/\\\/www.rassegnastampa-totustuus.it\\\/cattolica\\\/#website\"},\"primaryImageOfPage\":{\"@id\":\"https:\\\/\\\/www.rassegnastampa-totustuus.it\\\/cattolica\\\/lestetica-del-non-luogo\\\/#primaryimage\"},\"image\":{\"@id\":\"https:\\\/\\\/www.rassegnastampa-totustuus.it\\\/cattolica\\\/lestetica-del-non-luogo\\\/#primaryimage\"},\"thumbnailUrl\":\"http:\\\/\\\/www.rassegnastampa-totustuus.it\\\/cattolica\\\/wp-content\\\/uploads\\\/2015\\\/05\\\/Hakemiya_school.jpg\",\"datePublished\":\"2015-05-20T22:00:12+00:00\",\"description\":\"Rassegna Stampa Cattolica - Per una cultura che nasce dalla Rivelazione cristiana in conformit\u00e0 alla tradizione e al Magistero della Chiesa in opposizione ad ogni relativismo e totalitarismo\",\"breadcrumb\":{\"@id\":\"https:\\\/\\\/www.rassegnastampa-totustuus.it\\\/cattolica\\\/lestetica-del-non-luogo\\\/#breadcrumb\"},\"inLanguage\":\"it-IT\",\"potentialAction\":[{\"@type\":\"ReadAction\",\"target\":[\"https:\\\/\\\/www.rassegnastampa-totustuus.it\\\/cattolica\\\/lestetica-del-non-luogo\\\/\"]}]},{\"@type\":\"ImageObject\",\"inLanguage\":\"it-IT\",\"@id\":\"https:\\\/\\\/www.rassegnastampa-totustuus.it\\\/cattolica\\\/lestetica-del-non-luogo\\\/#primaryimage\",\"url\":\"http:\\\/\\\/www.rassegnastampa-totustuus.it\\\/cattolica\\\/wp-content\\\/uploads\\\/2015\\\/05\\\/Hakemiya_school.jpg\",\"contentUrl\":\"http:\\\/\\\/www.rassegnastampa-totustuus.it\\\/cattolica\\\/wp-content\\\/uploads\\\/2015\\\/05\\\/Hakemiya_school.jpg\"},{\"@type\":\"BreadcrumbList\",\"@id\":\"https:\\\/\\\/www.rassegnastampa-totustuus.it\\\/cattolica\\\/lestetica-del-non-luogo\\\/#breadcrumb\",\"itemListElement\":[{\"@type\":\"ListItem\",\"position\":1,\"name\":\"Home\",\"item\":\"https:\\\/\\\/www.rassegnastampa-totustuus.it\\\/cattolica\\\/\"},{\"@type\":\"ListItem\",\"position\":2,\"name\":\"L&#8217;estetica del \u00abnon luogo\u00bb\"}]},{\"@type\":\"WebSite\",\"@id\":\"https:\\\/\\\/www.rassegnastampa-totustuus.it\\\/cattolica\\\/#website\",\"url\":\"https:\\\/\\\/www.rassegnastampa-totustuus.it\\\/cattolica\\\/\",\"name\":\"Rassegna Stampa Cattolica\",\"description\":\"Per una cultura che nasce dalla Rivelazione cristiana in conformit\u00e0 alla tradizione e al Magistero della Chiesa in opposizione ad ogni relativismo e totalitarismo\",\"publisher\":{\"@id\":\"https:\\\/\\\/www.rassegnastampa-totustuus.it\\\/cattolica\\\/#organization\"},\"alternateName\":\"Rass. Cattolica\",\"potentialAction\":[{\"@type\":\"SearchAction\",\"target\":{\"@type\":\"EntryPoint\",\"urlTemplate\":\"https:\\\/\\\/www.rassegnastampa-totustuus.it\\\/cattolica\\\/?s={search_term_string}\"},\"query-input\":{\"@type\":\"PropertyValueSpecification\",\"valueRequired\":true,\"valueName\":\"search_term_string\"}}],\"inLanguage\":\"it-IT\"},{\"@type\":\"Organization\",\"@id\":\"https:\\\/\\\/www.rassegnastampa-totustuus.it\\\/cattolica\\\/#organization\",\"name\":\"Rassegna Stampa Cattolica\",\"url\":\"https:\\\/\\\/www.rassegnastampa-totustuus.it\\\/cattolica\\\/\",\"logo\":{\"@type\":\"ImageObject\",\"inLanguage\":\"it-IT\",\"@id\":\"https:\\\/\\\/www.rassegnastampa-totustuus.it\\\/cattolica\\\/#\\\/schema\\\/logo\\\/image\\\/\",\"url\":\"https:\\\/\\\/www.rassegnastampa-totustuus.it\\\/cattolica\\\/wp-content\\\/uploads\\\/2014\\\/04\\\/logo-rassegna1.gif\",\"contentUrl\":\"https:\\\/\\\/www.rassegnastampa-totustuus.it\\\/cattolica\\\/wp-content\\\/uploads\\\/2014\\\/04\\\/logo-rassegna1.gif\",\"width\":600,\"height\":163,\"caption\":\"Rassegna Stampa Cattolica\"},\"image\":{\"@id\":\"https:\\\/\\\/www.rassegnastampa-totustuus.it\\\/cattolica\\\/#\\\/schema\\\/logo\\\/image\\\/\"},\"sameAs\":[\"https:\\\/\\\/www.facebook.com\\\/rassegnastampacattolica\",\"https:\\\/\\\/x.com\\\/rassegnastampa9\"]},{\"@type\":\"Person\",\"@id\":\"https:\\\/\\\/www.rassegnastampa-totustuus.it\\\/cattolica\\\/#\\\/schema\\\/person\\\/08f319d2bd1a0904ad9e2bfb7b15e5c3\",\"name\":\"Redazione\",\"image\":{\"@type\":\"ImageObject\",\"inLanguage\":\"it-IT\",\"@id\":\"https:\\\/\\\/secure.gravatar.com\\\/avatar\\\/2fcdf27c78ea025fbdb44e914cc63c72249ffec9dc8aafd5c82b26240ef3f346?s=96&d=mm&r=g\",\"url\":\"https:\\\/\\\/secure.gravatar.com\\\/avatar\\\/2fcdf27c78ea025fbdb44e914cc63c72249ffec9dc8aafd5c82b26240ef3f346?s=96&d=mm&r=g\",\"contentUrl\":\"https:\\\/\\\/secure.gravatar.com\\\/avatar\\\/2fcdf27c78ea025fbdb44e914cc63c72249ffec9dc8aafd5c82b26240ef3f346?s=96&d=mm&r=g\",\"caption\":\"Redazione\"},\"url\":\"https:\\\/\\\/www.rassegnastampa-totustuus.it\\\/cattolica\\\/author\\\/pietroelle\\\/\"}]}<\/script>\n<!-- \/ Yoast SEO plugin. -->","yoast_head_json":{"title":"L'estetica del \u00abnon luogo\u00bb - Rassegna Stampa Cattolica","description":"Rassegna Stampa Cattolica - Per una cultura che nasce dalla Rivelazione cristiana in conformit\u00e0 alla tradizione e al Magistero della Chiesa in opposizione ad ogni relativismo e totalitarismo","robots":{"index":"index","follow":"follow","max-snippet":"max-snippet:-1","max-image-preview":"max-image-preview:large","max-video-preview":"max-video-preview:-1"},"canonical":"https:\/\/www.rassegnastampa-totustuus.it\/cattolica\/lestetica-del-non-luogo\/","og_locale":"it_IT","og_type":"article","og_title":"L'estetica del \u00abnon luogo\u00bb - Rassegna Stampa Cattolica","og_description":"Rassegna Stampa Cattolica - Per una cultura che nasce dalla Rivelazione cristiana in conformit\u00e0 alla tradizione e al Magistero della Chiesa in opposizione ad ogni relativismo e totalitarismo","og_url":"https:\/\/www.rassegnastampa-totustuus.it\/cattolica\/lestetica-del-non-luogo\/","og_site_name":"Rassegna Stampa Cattolica","article_publisher":"https:\/\/www.facebook.com\/rassegnastampacattolica","article_published_time":"2015-05-20T22:00:12+00:00","og_image":[{"url":"http:\/\/www.rassegnastampa-totustuus.it\/cattolica\/wp-content\/uploads\/2015\/05\/Hakemiya_school.jpg","type":"","width":"","height":""}],"author":"Redazione","twitter_card":"summary_large_image","twitter_creator":"@rassegnastampa9","twitter_site":"@rassegnastampa9","twitter_misc":{"Scritto da":"Redazione","Tempo di lettura stimato":"5 minuti"},"schema":{"@context":"https:\/\/schema.org","@graph":[{"@type":"Article","@id":"https:\/\/www.rassegnastampa-totustuus.it\/cattolica\/lestetica-del-non-luogo\/#article","isPartOf":{"@id":"https:\/\/www.rassegnastampa-totustuus.it\/cattolica\/lestetica-del-non-luogo\/"},"author":{"name":"Redazione","@id":"https:\/\/www.rassegnastampa-totustuus.it\/cattolica\/#\/schema\/person\/08f319d2bd1a0904ad9e2bfb7b15e5c3"},"headline":"L&#8217;estetica del \u00abnon luogo\u00bb","datePublished":"2015-05-20T22:00:12+00:00","mainEntityOfPage":{"@id":"https:\/\/www.rassegnastampa-totustuus.it\/cattolica\/lestetica-del-non-luogo\/"},"wordCount":1110,"publisher":{"@id":"https:\/\/www.rassegnastampa-totustuus.it\/cattolica\/#organization"},"image":{"@id":"https:\/\/www.rassegnastampa-totustuus.it\/cattolica\/lestetica-del-non-luogo\/#primaryimage"},"thumbnailUrl":"http:\/\/www.rassegnastampa-totustuus.it\/cattolica\/wp-content\/uploads\/2015\/05\/Hakemiya_school.jpg","keywords":["architettura"],"articleSection":["Arte sacra","Sguardo sul nostro tempo"],"inLanguage":"it-IT"},{"@type":"WebPage","@id":"https:\/\/www.rassegnastampa-totustuus.it\/cattolica\/lestetica-del-non-luogo\/","url":"https:\/\/www.rassegnastampa-totustuus.it\/cattolica\/lestetica-del-non-luogo\/","name":"L'estetica del \u00abnon luogo\u00bb - Rassegna Stampa Cattolica","isPartOf":{"@id":"https:\/\/www.rassegnastampa-totustuus.it\/cattolica\/#website"},"primaryImageOfPage":{"@id":"https:\/\/www.rassegnastampa-totustuus.it\/cattolica\/lestetica-del-non-luogo\/#primaryimage"},"image":{"@id":"https:\/\/www.rassegnastampa-totustuus.it\/cattolica\/lestetica-del-non-luogo\/#primaryimage"},"thumbnailUrl":"http:\/\/www.rassegnastampa-totustuus.it\/cattolica\/wp-content\/uploads\/2015\/05\/Hakemiya_school.jpg","datePublished":"2015-05-20T22:00:12+00:00","description":"Rassegna Stampa Cattolica - Per una cultura che nasce dalla Rivelazione cristiana in conformit\u00e0 alla tradizione e al Magistero della Chiesa in opposizione ad ogni relativismo e totalitarismo","breadcrumb":{"@id":"https:\/\/www.rassegnastampa-totustuus.it\/cattolica\/lestetica-del-non-luogo\/#breadcrumb"},"inLanguage":"it-IT","potentialAction":[{"@type":"ReadAction","target":["https:\/\/www.rassegnastampa-totustuus.it\/cattolica\/lestetica-del-non-luogo\/"]}]},{"@type":"ImageObject","inLanguage":"it-IT","@id":"https:\/\/www.rassegnastampa-totustuus.it\/cattolica\/lestetica-del-non-luogo\/#primaryimage","url":"http:\/\/www.rassegnastampa-totustuus.it\/cattolica\/wp-content\/uploads\/2015\/05\/Hakemiya_school.jpg","contentUrl":"http:\/\/www.rassegnastampa-totustuus.it\/cattolica\/wp-content\/uploads\/2015\/05\/Hakemiya_school.jpg"},{"@type":"BreadcrumbList","@id":"https:\/\/www.rassegnastampa-totustuus.it\/cattolica\/lestetica-del-non-luogo\/#breadcrumb","itemListElement":[{"@type":"ListItem","position":1,"name":"Home","item":"https:\/\/www.rassegnastampa-totustuus.it\/cattolica\/"},{"@type":"ListItem","position":2,"name":"L&#8217;estetica del \u00abnon luogo\u00bb"}]},{"@type":"WebSite","@id":"https:\/\/www.rassegnastampa-totustuus.it\/cattolica\/#website","url":"https:\/\/www.rassegnastampa-totustuus.it\/cattolica\/","name":"Rassegna Stampa Cattolica","description":"Per una cultura che nasce dalla Rivelazione cristiana in conformit\u00e0 alla tradizione e al Magistero della Chiesa in opposizione ad ogni relativismo e totalitarismo","publisher":{"@id":"https:\/\/www.rassegnastampa-totustuus.it\/cattolica\/#organization"},"alternateName":"Rass. Cattolica","potentialAction":[{"@type":"SearchAction","target":{"@type":"EntryPoint","urlTemplate":"https:\/\/www.rassegnastampa-totustuus.it\/cattolica\/?s={search_term_string}"},"query-input":{"@type":"PropertyValueSpecification","valueRequired":true,"valueName":"search_term_string"}}],"inLanguage":"it-IT"},{"@type":"Organization","@id":"https:\/\/www.rassegnastampa-totustuus.it\/cattolica\/#organization","name":"Rassegna Stampa Cattolica","url":"https:\/\/www.rassegnastampa-totustuus.it\/cattolica\/","logo":{"@type":"ImageObject","inLanguage":"it-IT","@id":"https:\/\/www.rassegnastampa-totustuus.it\/cattolica\/#\/schema\/logo\/image\/","url":"https:\/\/www.rassegnastampa-totustuus.it\/cattolica\/wp-content\/uploads\/2014\/04\/logo-rassegna1.gif","contentUrl":"https:\/\/www.rassegnastampa-totustuus.it\/cattolica\/wp-content\/uploads\/2014\/04\/logo-rassegna1.gif","width":600,"height":163,"caption":"Rassegna Stampa Cattolica"},"image":{"@id":"https:\/\/www.rassegnastampa-totustuus.it\/cattolica\/#\/schema\/logo\/image\/"},"sameAs":["https:\/\/www.facebook.com\/rassegnastampacattolica","https:\/\/x.com\/rassegnastampa9"]},{"@type":"Person","@id":"https:\/\/www.rassegnastampa-totustuus.it\/cattolica\/#\/schema\/person\/08f319d2bd1a0904ad9e2bfb7b15e5c3","name":"Redazione","image":{"@type":"ImageObject","inLanguage":"it-IT","@id":"https:\/\/secure.gravatar.com\/avatar\/2fcdf27c78ea025fbdb44e914cc63c72249ffec9dc8aafd5c82b26240ef3f346?s=96&d=mm&r=g","url":"https:\/\/secure.gravatar.com\/avatar\/2fcdf27c78ea025fbdb44e914cc63c72249ffec9dc8aafd5c82b26240ef3f346?s=96&d=mm&r=g","contentUrl":"https:\/\/secure.gravatar.com\/avatar\/2fcdf27c78ea025fbdb44e914cc63c72249ffec9dc8aafd5c82b26240ef3f346?s=96&d=mm&r=g","caption":"Redazione"},"url":"https:\/\/www.rassegnastampa-totustuus.it\/cattolica\/author\/pietroelle\/"}]}},"_links":{"self":[{"href":"https:\/\/www.rassegnastampa-totustuus.it\/cattolica\/wp-json\/wp\/v2\/posts\/24881","targetHints":{"allow":["GET"]}}],"collection":[{"href":"https:\/\/www.rassegnastampa-totustuus.it\/cattolica\/wp-json\/wp\/v2\/posts"}],"about":[{"href":"https:\/\/www.rassegnastampa-totustuus.it\/cattolica\/wp-json\/wp\/v2\/types\/post"}],"author":[{"embeddable":true,"href":"https:\/\/www.rassegnastampa-totustuus.it\/cattolica\/wp-json\/wp\/v2\/users\/6"}],"replies":[{"embeddable":true,"href":"https:\/\/www.rassegnastampa-totustuus.it\/cattolica\/wp-json\/wp\/v2\/comments?post=24881"}],"version-history":[{"count":1,"href":"https:\/\/www.rassegnastampa-totustuus.it\/cattolica\/wp-json\/wp\/v2\/posts\/24881\/revisions"}],"predecessor-version":[{"id":24888,"href":"https:\/\/www.rassegnastampa-totustuus.it\/cattolica\/wp-json\/wp\/v2\/posts\/24881\/revisions\/24888"}],"wp:attachment":[{"href":"https:\/\/www.rassegnastampa-totustuus.it\/cattolica\/wp-json\/wp\/v2\/media?parent=24881"}],"wp:term":[{"taxonomy":"category","embeddable":true,"href":"https:\/\/www.rassegnastampa-totustuus.it\/cattolica\/wp-json\/wp\/v2\/categories?post=24881"},{"taxonomy":"post_tag","embeddable":true,"href":"https:\/\/www.rassegnastampa-totustuus.it\/cattolica\/wp-json\/wp\/v2\/tags?post=24881"}],"curies":[{"name":"wp","href":"https:\/\/api.w.org\/{rel}","templated":true}]}}