{"id":2485,"date":"2007-02-15T00:00:00","date_gmt":"2007-02-14T23:00:00","guid":{"rendered":""},"modified":"2015-12-01T12:32:37","modified_gmt":"2015-12-01T11:32:37","slug":"architettura-lo-spazio-dellincarnazione","status":"publish","type":"post","link":"https:\/\/www.rassegnastampa-totustuus.it\/cattolica\/architettura-lo-spazio-dellincarnazione\/","title":{"rendered":"Architettura. Lo spazio dell&#8217;Incarnazione"},"content":{"rendered":"<div style=\"text-align: center;\"><strong><a href=\"https:\/\/www.rassegnastampa-totustuus.it\/cattolica\/wp-content\/uploads\/2007\/02\/Steven-Schloeder.jpg\"><img loading=\"lazy\" decoding=\"async\" class=\"alignleft wp-image-28363\" src=\"https:\/\/www.rassegnastampa-totustuus.it\/cattolica\/wp-content\/uploads\/2007\/02\/Steven-Schloeder.jpg\" alt=\"Steven Schloeder\" width=\"200\" height=\"200\" srcset=\"https:\/\/www.rassegnastampa-totustuus.it\/cattolica\/wp-content\/uploads\/2007\/02\/Steven-Schloeder.jpg 225w, https:\/\/www.rassegnastampa-totustuus.it\/cattolica\/wp-content\/uploads\/2007\/02\/Steven-Schloeder-150x150.jpg 150w\" sizes=\"auto, (max-width: 200px) 100vw, 200px\" \/><\/a>Studi Cattolici <\/strong>n.551 gennaio 2007<\/div>\n<p style=\"text-align: center;\"><em>I documenti conciliari nel commento di Steven J. Schloeder<\/em><\/p>\n<p style=\"text-align: center;\">di <strong>Giovanni Ricciardi \u00a0<\/strong><\/p>\n<p><!--more--><\/p>\n<div style=\"text-align: justify;\">Steven J. Schloeder \u00e8 un architetto statunitense di Phoenix (Arizona), impegnato da anni nella progettazione di chiese cattoliche. Unendo all&#8217;esperienza professionale una solida conoscenza teologica, ha fondato in America <em>Liturgical Environs, <\/em>un importante studio di architettura specializzato nella realizzazione di edifici sacri. Nel 1998 ha dato alle stampe <em>Architectue in Communion, <\/em>un manuale per la progettazione di nuove chiese cattoliche che ha conosciuto in questi anni una notevole fortuna nel mondo anglosassone.<\/div>\n<p style=\"text-align: justify;\">Dal 2005 il testo \u00e8 disponibile anche in una pregevole traduzione italiana curata da Ciro Lomonte (Steven J. Schloeder, <em>L&#8217;Architettura del Corpo Mistico. Progettare chiese secondo il Concilio Vaticano II <\/em>L&#8217;Epos, Palermo 2005, pp. 314, curo 34,80).Un contributo importante in un campo in cui le sperimentazioni operate dopo il Concilio appaiono spesso discutibili, soprattutto se messe a confronto con la lettera del dettato conciliare. Ed \u00e8 merito di Schloeder procedere, nel suo manuale, a diretto contatto con i documenti della Chiesa, muovendosi sapientemente tra il piano teologico, quello storico-artistico e quello pi\u00f9 propriamente tecnico-architettonico. A lui abbiamo rivolto alcune domande.<\/p>\n<p style=\"text-align: justify;\"><strong>Come \u00e8 nata l&#8217;idea di scrivere<\/strong> <strong>un manuale per gli architetti che si cimentano nella progettazione di una chiesa cattolica?<\/strong><\/p>\n<p style=\"text-align: justify;\">Nel 1988 cominciai a studiare le applicazioni del Concilio Vaticano II in relazione all&#8217;architettura,. Questa ricerca era mossa dall&#8217;intuizione che ci fosse una sproporzione tra la nobile visione che il Concilio dava della persona umana, della liturgia, della vita parrocchiale, tra il suo linguaggio, che evidenziava chiaramente un rispetto per le profonde tradizioni della Chiesa, e gli orientamenti degli edif\u00ecci liturgici e delle opere d\u00ec arte sacra che venivano realizzati \u00abnello spirito del Concilio\u00bb.<\/p>\n<p style=\"text-align: justify;\">La grande maggioranza delle chiese costruite a partire dal 1960 erano uniformemente banali, poco interessanti, liturgicamente bizzarre e poco ispirate. Mi sono proposto di verificare se vi fosse davvero questa divaricazione, e costatando che esisteva, ho cercato di considerarne le cause e mi sono posto il problema di come recuperare una autentica visione di architettura cattolica.<\/p>\n<p style=\"text-align: justify;\"><strong>Qual era l&#8217;intendimento dei Padri conciliari a proposito della costruzione delle chiese?<\/strong><\/p>\n<p style=\"text-align: justify;\">Non direi che i Padri conciliari avessero una particolare visione riguardo alla progettazione delle chiese, perlomeno nulla che si potesse considerare differente da quell&#8217;orientamento liturgico che era rimasto pressoch\u00e9 costante per duemila anni.<\/p>\n<p style=\"text-align: justify;\">Da un&#8217;attenta lettura dei documenti conciliari appare evidente che la \u00abpartecipazione attiva\u00bb dei fedeli <em>(participatio actuosa) <\/em>non era intesa anzitutto come un principio da prendere quale base per una nuova strutturazione dell&#8217;edificio sacro, ma piuttosto come un atteggiamento interiore, spirituale del cuore dei fedeli. Analogamente, il linguaggio di \u00abnobile semplicit\u00e0\u00bb di cui parla il Concilio non \u00e8 riferito allo spazio liturgico. Ma erano al lavoro altre forze culturali, architettoniche e liturgiche, che \u00abtradussero\u00bb le parole del Concilio in termini di trasformazione dell&#8217;architettura sacra.<\/p>\n<p style=\"text-align: justify;\">Esse identificarono un&#8217;ipotetica \u00abchiesa del Vaticano II\u00bb, che avrebbe dovuto favorire la \u00abpartecipazione attiva\u00bb, con un modello di edificio in cui l&#8217;assemblea e disposta a ventaglio intorno all&#8217;altare, E intesero per \u00abnobile semplicit\u00e0\u00bb delle costruzioni austere, completamente deprivate di immagini sacre.\u00a0<strong>\u00a0<\/strong><\/p>\n<p style=\"text-align: justify;\"><strong>Il modello della chiesa \u00aba ventaglio\u00bb ha precedenti storici<em>?<\/em><\/strong><\/p>\n<p style=\"text-align: justify;\">Per comprendere i mutamenti dell&#8217;architettura cattolica a partire dal Concilio Vaticano lI, occorre tornare indietro a quaranta o cinquant&#8217;anni prima del Concilio. Il buon lavoro del Movimento liturgico all&#8217;inizio del XX secolo ebbe forse la sua pi\u00f9 influente espressione in campo architettonico con Rudolf Schwarz, che oper\u00f2 a stretto contatto con Romano Guardini, nel movimento giovanile cattolico \u00abQuick-born\u00bb.<\/p>\n<p style=\"text-align: justify;\">Nel contesto profondamente permeato dalla cultura romantica, qual era quello della Germania all&#8217;indomani della Prima guerra mondiale, Guardini modell\u00f2 la liturgia e la vita cristiana sugli ideali cavallereschi del Medioevo. Egli incoraggiava i giovani a comportarsi come dame e cavalieri e fece del grande castello medioevale di Burg Rothenfels il centro del suo movimento giovanile.<\/p>\n<p style=\"text-align: justify;\">Curiosamente, il suo modello di riferimento per la liturgia non era l&#8217;espressione sacramentale della Passione, Morte e Risurrezione di Cristo, e neppure l&#8217;istituzione della Cena del Signore e il suo compimento celeste nel banchetto di nozze dell&#8217;Agnello, ma la nozione epica dei cavalieri della Tavola Rotonda.<\/p>\n<p style=\"text-align: justify;\">Le liturgie di Burg Rothenfels si tenevano nella <em>Ritter-yaal, <\/em>o Sala dei Cavalieri, con Guardini da un lato della tavola e i giovani di Quickborn sugli altri tre lati. Questa, nella mia ricerca, la genesi della moda della \u00abliturgia avvolgente\u00bb e del <em>versus p\u00f2pulum, <\/em>espressione non di una vera dinamica liturgica, ma piuttosto di una contingente situazione storica della Germania di Weimar; la quale ha pi\u00f9 a che fare con il Romanticismo tedesco e le leggende di re Art\u00f9 che con il linguaggio sacramentale della santa Messa.<\/p>\n<p style=\"text-align: justify;\">Questi primi esperimenti liturgici causarono una grande contusione nelle loro pi\u00f9 vaste applicazioni e influenzarono indebitamente l&#8217;applicazione delle indicazioni del Concilio Vaticano II sull&#8217;architettura cultuale per vari decenni. Ci\u00f2 ha prodotto parecchie generazioni di edifici liturgicamente mal concepiti.<\/p>\n<p style=\"text-align: justify;\">Solo recentemente, negli ultimi dieci anni, teologi, liturgisti e architetti hanno cominciato a mettere attivamente in discussione questi orientamenti, ripensando un approccio troppo sterile e funzionalista all&#8217;ambiente liturgico e sviluppando una sintesi della grande tradizione cattolica in campo architettonico e artistico con le esigenze costruttive dell&#8217;edificio contemporaneo.<\/p>\n<p style=\"text-align: justify;\"><strong>Dunque i profondi cambiamenti dell&#8217;architettura delle chiese negli ultimi quarant&#8217;anni non sono attribuibili direttamente ai testi conciliari?<\/strong><\/p>\n<p style=\"text-align: justify;\">L&#8217;idea che i Padri conciliari desiderassero una rottura radicale col passato, sia in termini di comprensione liturgica sia di stile artistico e di espressione architettonica, non pu\u00f2 essere supportata attraverso la lettura dei documenti conciliari e neppure delle varie interpretazioni a livello canonico e liturgico realizzate a corredo del buon lavoro del Concilio. I grandi cambiamenti avvenuti sono dovuti al fatto che molti, nel clero, fra i liturgisti e gli architetti, hanno letto nei documenti conciliari quello che hanno voluto leggervi.<\/p>\n<p style=\"text-align: justify;\">Per esempio, \u00e8 chiaro che il primo modello ecclesiologico espresso nella <em>Lumen gentium <\/em>\u00e8 ancora quello del Corpo Mistico, e, ciononostante, i liturgisti hanno avuto la tendenza a ignorarlo. Anche sottili enfatizzazioni possono causare significativi cambiamenti d&#8217;espressione. I documenti del Concilio Vaticano\u00a0II non dicono nulla a proposito della rimozione del tabernacolo o delle balaustre dal presbiterio, della rinuncia all&#8217;arte figurativa o di una presunta opzione per chiese intonacate a bianco, per templi costruiti a forma di ventaglio, che rifiutano gli stili storici, rimpiazzando i banchi con sedie, eliminando gli inginocchiatoi, rinunciando al tradizionale altare di pietra in favore di mense di legno, e via discorrendo: un gran numero di altri cambiamenti che rappresentano i segni distintivi delle cosiddette chiese postconciliari.<\/p>\n<p style=\"text-align: justify;\"><strong>A differenza dell&#8217;Oriente cristiano, in Occidente l&#8217;architettura sacra si \u00e8 evoluta nei secoli, conoscendo stili sempre diversi. Facendo un paragone con la musica, del gregoriano la<\/strong> <strong>Chiesa stessa dice che \u00e8 la forma di musica pi\u00f9 adatta alla liturgia cattolica. Esiste qualcosa di simile in architettura? Esiste uno stile cattolico per eccellenza?<\/strong><\/p>\n<p style=\"text-align: justify;\">Come appare chiaro dalla costituzione <em>Sacrosanctum Concilium, <\/em>non esiste uno \u00abstile cattolico\u00bb in senso stretto, in arte o in architettura. In realt\u00e0, la Chiesa ha ammesso nel corso dei secoli una variet\u00e0 d\u00ec stili a servizio della liturgia, che hanno espresso la natura sacramentale della Chiesa attraverso alcune metafore fondamentali.<\/p>\n<p style=\"text-align: justify;\">Queste metafore, che sono radicate in profondit\u00e0 nell&#8217;esperienza elementare dell&#8217;uomo e danno forma al linguaggio dell&#8217;ecclesiologia nella Scrittura, comprendono le nozioni di incarnazione (il corpo di Cristo), di dimora (la tenda e il tempio), di matrimonio (la Sposa, lo Sposo e il banchetto nuziale) e di societ\u00e0 ordinata (la Gerusalemme celeste). \u00c8 questo linguaggio di archetipi che ha soprattutto informato di s\u00e9 la creativit\u00e0 dei cattolici, orientando modelli delle chiese di tutte le epoche.<\/p>\n<p style=\"text-align: justify;\">Questi archetipi pressoch\u00e9 sono pressoch\u00e9 indipendenti dallo stile, bench\u00e9 uno stile particolare possa aver privilegiato un&#8217;espressione specifica, come il motivo del tempio nel recupero, operato dal Rinascimento, della tradizione classica, o la nozione di Gerusalemme celeste cosi potentemente espressa nello stile gotico. In ogni caso, l&#8217;architettura cattolica non \u00e8 mai una questione di stile, bens\u00ec una questione sacramentale.<\/p>\n<p style=\"text-align: justify;\"><strong>Quali sono gli elementi irrinunciabili che fanno di un edif\u00eccio una chiesa cattolica in linea con la sua tradizione?<\/strong><\/p>\n<p style=\"text-align: justify;\">Non \u00e8 una questione di singoli elementi da mettere in una lista di priorit\u00e0, come per esempio un grande ingresso, le torri campanarie, i banchi, il programma iconografico, un presbiterio rialzato con altare, ambone e tabernacolo, una spiccata verticalit\u00e0 e cose del genere. Tutte queste cose sono importanti, ma derivano da qualcosa di pi\u00f9 essenziale. Non si tratta neppure di costruire in uno stile particolare, basilicale, gotico o neoclassico, bench\u00e9 questi stili siano dei potentissimi contenitori di memoria e aiutino i fedeli a situarsi nella continuit\u00e0 della tradizione.<\/p>\n<p style=\"text-align: justify;\">\u00c8 piuttosto un approccio sacramentale che tenga conto del rapporto tra l&#8217;edificio sacro e i suoi singoli elementi mediante la comprensione delle grandi metafore &#8211; Corpo, Tempio, Citt\u00e0 &#8211; ognuna delle quali, a loro volta, sono relazioni di \u00abparti con il tutto\u00bb. Questo approccio ci rimanda al concetto di \u00abspazio particoareggiato\u00bb, che integra funzione, forma, collocazione e significato. Ci\u00f2 pu\u00f2 essere compreso in opposizione allo \u00abspazio universale\u00bb dei razionalisti cartesiani, o agli esercizi formali amorfici, disorganici, e simbolicamente privi di significato dei decostruttivisti.<\/p>\n<p style=\"text-align: justify;\">Ognuno dei modelli della chiesa &#8211; Corpo, Tempio e Citt\u00e0 &#8211; interpreta la chiesa nel suo insieme in termini di singole parti in stretta relazione l&#8217;una con l&#8217;altra, che a loro volta formano un complesso riconoscibile. Questa serie di relazioni produce un \u00abmetalinguaggio\u00bb complessivo che unisce tutte le chiese cattoliche, dalla basilica paleocristiana, attraverso le chiese bizantine d&#8217;Oriente, fino alle chiese romaniche e goti-che del Medioevo e agli edifici sacri rinascimentali e barocchi, in cui la relazione tra forma, funzione, collocazione e \u00absignificato\u00bb \u00e8 organicamente espressiva.<\/p>\n<p style=\"text-align: justify;\">Quando, al contrario, queste relazioni formali non sono chiaramente espresse, come nella nuova cattedrale di Los Angeles progettata da Moneo, il passante \u00e8 costretto a considerare l&#8217;edificio nient&#8217;altro che una massa di relazioni inarticolate. Praticamente, da ogni angolo visuale l&#8217;edificio non riesce a comunicare altro che l&#8217;impressione di un volume urbano grande e urtante. Il visitatore non ha il senso del coinvolgimento con l&#8217;edificio o con gli spazi interni: il mistero dell&#8217;edificio resta nascosto all&#8217;interno, non diversamente da un televisore custodito in una scatola da imballaggio.<\/p>\n<p style=\"text-align: justify;\">Fra parentesi, mettendo a confronto le soluzioni progettuali presentate al concorso per la Chiesa del Millennio a Roma, in un certo senso, a dispetto della debolezza della sua forma intesa come contenitore di memoria, la proposta di Frank Gehry soddisfaceva di pi\u00f9 a questo criterio di forme discrete che esprimono le funzioni e le relazioni in un insieme organico; mentre, nonostante la sua potenza formale, il progetto vincitore di Richard Meier \u00e8 carente sotto questo profilo, perch\u00e9 le tre vele rigonfie che conferiscono all&#8217;edificio la sua caratteristica pi\u00f9 tipica, non riescono a essere lette come forme organicamente correlate e capaci di esprimere il significato degli spazi interni.<\/p>\n<p style=\"text-align: justify;\"><strong>Il suo manuale tenta di fornire queste indicazioni?<\/strong><\/p>\n<p style=\"text-align: justify;\">Il problema fondamentale che ho cercato di affrontare \u00e8 una questione di linguaggio architettonico, cio\u00e8 come l&#8217;edificio sacro possa esprimere, nel migliore dei modi, la visione sacramentale che la Chiesa ha della liturgia e dello spazio liturgico. I documenti del Concilio offrono una guida interessante per considerare i cambiamenti liturgici. Nella <em>Sacrosanctutn Concilium <\/em>(23), i Padri osservano che, prima di attuare dei cambiamenti nella liturgia, dovrebbero essere fatte ricerche approfondite a livello teologico, storico e pastorale.<\/p>\n<p style=\"text-align: justify;\">Inoltre, le leggi generali che governano la struttura e il significato della liturgia debbono essere studiate soprattutto in relazione agli effetti pratici dei cambiamenti liturgici che ci si propone di operare. Infine, ogni cambiamento pu\u00f2 essere lecito solo al fine di promuovere il vero e autentico bene della Chiesa, e questi cambiamenti devono essere effettuati in modo organico, e non con mutamenti radicali. Questo passaggio mi ha dato una base per considerare gli edifici sacri come un insieme, e ogni parte della chiesa in relazione ai suoi aspetti teologici, storici, pastorali, canonici, simbolici e artistici.<\/p>\n<p style=\"text-align: justify;\">\u00c8 da questo punto di partenza che ho derivato la nozione di \u00ablinguaggio sacramentale\u00bb per l&#8217;architettura cattolica, sostenendo che il recupero e il futuro sviluppo di questo linguaggio sono fondamentali per continuare a progettare chiese capaci di parlare agli uomini di oggi delle sempre valide verit\u00e0 della fede.<\/p>\n<p style=\"text-align: justify;\">Che cosa intende esprimere col titolo <em>Architecture in Communion<\/em> (la traduzione italiana \u00e8 L&#8217;Architettura del Corpo Mistico)?<\/p>\n<p style=\"text-align: justify;\">Il titolo <em>Architecture in Communion <\/em>contiene diversi significati connessi tra loro: eucaristico, ecclesiologico e relazionale. Per me, il senso del rapporto con la storia e con la vasta esperienza dell&#8217;edificio sacro della Chiesa cattolica lungo i secoli e in tutto il mondo \u00e8 il pi\u00f9 significativo. Il poetico titolo italiano, <em>L&#8217;Architettura del Corpo Mistico, \u00e8 <\/em>una bella espressione che concentra il campo d&#8217;attenzione sull&#8217;immagine pi\u00f9 importante per i cristiani: il Corpo di Cristo.<\/p>\n<p style=\"text-align: justify;\">Anche in quest&#8217;immagine sono implicati pi\u00f9 significati in connessione tra loro: anch&#8217;essa \u00e8 eucaristica, ecclesiologica e relazionale. Inoltre, suggerisce un aspetto dell&#8217;edificio sacro connesso al mistero dell&#8217;Incarnazione: e cio\u00e8 che l&#8217;edificio stesso in cui \u00e8 offerto il Corpo del Signore nella santa Messa, e in cui la Chiesa \u00e8 radunata come una espressione vivente di quel Corpo, \u00e8 esso stesso una manifestazione di quel Tempio e di quella Citt\u00e0 celeste che le Scritture identificano con Ges\u00f9 stesso.<\/p>\n<p style=\"text-align: justify;\"><strong>In questi ultimi decenni gli architetti dello <em>star System<\/em> internazionale hanno inizialo a cimentarsi con le chiese cattoliche. Basti citare la cattedrale di Evry di Mario Botta, quella di Los Angeles di Monco, la <em>Millennium Church<\/em> d\u00ec Richard Meier nella periferia di Roma o la basilica di Renzo Piano a San Giovanni Rotondo. Come giudica questo rinnovato rapporto tra la Chiesa e gli artisti contemporanei?<\/strong><\/p>\n<p style=\"text-align: justify;\">Mario Botta ha scritto cose molto intelligenti sul tema dell&#8217;architettura sacra, ed \u00e8 certamente uno dei miei preferiti tra gli architetti contemporanei. Le proporzioni, le geometrie, le qualit\u00e0 formali, l&#8217;uso dei materiali e i dettagli del suo lavoro sono, secondo me, molto soddisfacenti dal punto di vista intellettuale. Ma ho l&#8217;impressione che anch&#8217;egli sia lontano dal cogliere il nocciolo della questione e forse non e mai stato seriamente sollecitato a cimentarsi nel progetto di un edificio che parli dell&#8217;Incarnazione.<\/p>\n<p style=\"text-align: justify;\">Lo stesso direi per Meier e per gli altri architetti invitati a presentare progetti al Concorso per la Chiesa dell&#8217;anno 2000. Negli ultimi cinquant&#8217;anni, da quando Couturier tent\u00f2 di avviare un dialogo con i maestri contemporanei come Le Corbusier e Matisse, non c&#8217;\u00e8 stato altro che un monologo, che ha visto la Chiesa in atteggiamento passivo di fronte all&#8217;architettura contemporanea. E questo accade ancora oggi: Meier a Roma, Boll a Seattle, Monco a Los Angeles, Piano a Foggia, e adesso SOM a Oakland.<\/p>\n<p style=\"text-align: justify;\">La Chiesa non ha ancora realmente provocato il genio contemporaneo a confrontarsi con la sua specificit\u00e0, con le sue necessit\u00e0 di culto, di devozione, teologiche e antropologiche. Non ha mai chiesto a Peter Eisenman di progettare una chiesa che parli della Gerusalemme celeste o a Tadao Ando di studiare il problema della forma in rapporto ai dettami dell&#8217;Incarnazione. Senza una guida sicura e un vero dialogo, chiedere a Peter Eisenman o a Frank Gchry di progettare una chiesa cattolica equivale a chiedere a Jacques Derrida di scrivere un catechismo.<\/p>\n<p style=\"text-align: justify;\"><strong>In molte chiese dell&#8217;Occidente latino c\u2019\u00e8 la tendenza a esporre riproduzioni di icone orientali. Le sembra un fatto positivo? Non le pare che sia questo il segno di una crisi dell&#8217;arte occidentale, divenuta troppo astratta, troppo distante dal linguaggio del popolo, in rapporto ali &#8216;immagine sacra? E l&#8217;architettura non soffre dello stesso problema?<\/strong><\/p>\n<p style=\"text-align: justify;\">Ho l&#8217;impressione che il fascino esercitato sugli occidentali dalle icone orientali sia una risposta all&#8217;assenza d\u00ec figurazione nell&#8217;arte sacra della seconda met\u00e0 del XX secolo. L&#8217;Occidente ha largamente perduto il senso della forma umana nelle sue arti, dimenticando i principi pi\u00f9 importanti dell&#8217;antropologia e dell&#8217;epistemologia cattoliche che insegnano il potere della memoria e dell&#8217;immaginazione, nonch\u00e9 l&#8217;importanza della forma nella comunicazione dell&#8217;essere.<\/p>\n<p style=\"text-align: justify;\">Vi sono, comunque, artisti cattolici di grande merito e genialit\u00e0 spirituale che oggi stanno cercando di recuperare la forma umana in risposta alla teologia del corpo promossa da Giovanni Paolo II: pittori come James Langlcy al Sa-vannah College of Art, scultori come Joe Orlando in Virginia, e il brillante decoratore Jed Gibbons a Chicago, il cui lavoro \u00e8 ispirato alle miniature dei manoscritti medioevali. Questi uomini sono radicati nella tradizione, bench\u00e9 i rispettivi loro lavori siano improntati a forme d&#8217;espressione contemporanea, profondamente spirituali e teologicamente fondate.<\/p>\n<p style=\"text-align: justify;\">Nel campo dell&#8217;architettura per il culto, ho la percezione di un grande cambiamento, perlomeno nell&#8217;esperienza americana. Oggi, anche i vecchi liturgisti stanno riconoscendo la necessit\u00e0 di un ritorno a forme tradizionali, ad ambienti pi\u00f9 capaci di parlare al cuore, e un recupero del mistero. I fedeli stanno tornando a esprimere il desiderio di luoghi di adorazione, che siano profondamente belli e parlino dell&#8217;orizzonte trascendente verso il quale ci muoviamo come cristiani.<\/p>\n<p style=\"text-align: justify;\">Quando incominciai questo lavoro, alla fine degli anni Ottanta, non esistevano risorse o altri accademici o architetti, che io sappia, che si ponessero le domande che lei ha posto a me. Oggi vedo una grande speranza per l&#8217;architettura cattolica: architetti e committenti stanno tornando ad appropriarsi del linguaggio e dei principi che hanno dato forma al grande patrimonio dell&#8217;architettura cattolica nei millenni, cos\u00ec come stanno cercando di fornire risposte ade\u00adguate per venire incontro alle necessit\u00e0 del nostro tempo.<\/p>\n","protected":false},"excerpt":{"rendered":"<p>Studi Cattolici n.551 gennaio 2007 I documenti conciliari nel commento di Steven J. Schloeder di Giovanni Ricciardi \u00a0<\/p><p><a class=\"more-link btn\" href=\"https:\/\/www.rassegnastampa-totustuus.it\/cattolica\/architettura-lo-spazio-dellincarnazione\/\">Continua a leggere<\/a><\/p>\n","protected":false},"author":6,"featured_media":28363,"comment_status":"closed","ping_status":"open","sticky":false,"template":"","format":"standard","meta":{"footnotes":""},"categories":[119,5],"tags":[1437],"class_list":["post-2485","post","type-post","status-publish","format-standard","has-post-thumbnail","hentry","category-arte-sacra","category-chiesa","tag-architettura","item-wrap"],"yoast_head":"<!-- This site is optimized with the Yoast SEO plugin v27.5 - https:\/\/yoast.com\/product\/yoast-seo-wordpress\/ -->\n<title>Architettura. Lo spazio dell&#039;Incarnazione - Rassegna Stampa Cattolica<\/title>\n<meta name=\"description\" content=\"Rassegna Stampa Cattolica - Per una cultura che nasce dalla Rivelazione cristiana in conformit\u00e0 alla tradizione e al Magistero della Chiesa in opposizione ad ogni relativismo e totalitarismo\" \/>\n<meta name=\"robots\" content=\"index, follow, max-snippet:-1, max-image-preview:large, max-video-preview:-1\" \/>\n<link rel=\"canonical\" href=\"https:\/\/www.rassegnastampa-totustuus.it\/cattolica\/architettura-lo-spazio-dellincarnazione\/\" \/>\n<meta property=\"og:locale\" content=\"it_IT\" \/>\n<meta property=\"og:type\" content=\"article\" \/>\n<meta property=\"og:title\" content=\"Architettura. Lo spazio dell&#039;Incarnazione - Rassegna Stampa Cattolica\" \/>\n<meta property=\"og:description\" content=\"Rassegna Stampa Cattolica - Per una cultura che nasce dalla Rivelazione cristiana in conformit\u00e0 alla tradizione e al Magistero della Chiesa in opposizione ad ogni relativismo e totalitarismo\" \/>\n<meta property=\"og:url\" content=\"https:\/\/www.rassegnastampa-totustuus.it\/cattolica\/architettura-lo-spazio-dellincarnazione\/\" \/>\n<meta property=\"og:site_name\" content=\"Rassegna Stampa Cattolica\" \/>\n<meta property=\"article:publisher\" content=\"https:\/\/www.facebook.com\/rassegnastampacattolica\" \/>\n<meta property=\"article:published_time\" content=\"2007-02-14T23:00:00+00:00\" \/>\n<meta property=\"article:modified_time\" content=\"2015-12-01T11:32:37+00:00\" \/>\n<meta property=\"og:image\" content=\"https:\/\/www.rassegnastampa-totustuus.it\/cattolica\/wp-content\/uploads\/2007\/02\/Steven-Schloeder.jpg\" \/>\n\t<meta property=\"og:image:width\" content=\"225\" \/>\n\t<meta property=\"og:image:height\" content=\"225\" \/>\n\t<meta property=\"og:image:type\" content=\"image\/jpeg\" \/>\n<meta name=\"author\" content=\"Redazione\" \/>\n<meta name=\"twitter:card\" content=\"summary_large_image\" \/>\n<meta name=\"twitter:creator\" content=\"@rassegnastampa9\" \/>\n<meta name=\"twitter:site\" content=\"@rassegnastampa9\" \/>\n<meta name=\"twitter:label1\" content=\"Scritto da\" \/>\n\t<meta name=\"twitter:data1\" content=\"Redazione\" \/>\n\t<meta name=\"twitter:label2\" content=\"Tempo di lettura stimato\" \/>\n\t<meta name=\"twitter:data2\" content=\"14 minuti\" \/>\n<script type=\"application\/ld+json\" class=\"yoast-schema-graph\">{\"@context\":\"https:\\\/\\\/schema.org\",\"@graph\":[{\"@type\":\"Article\",\"@id\":\"https:\\\/\\\/www.rassegnastampa-totustuus.it\\\/cattolica\\\/architettura-lo-spazio-dellincarnazione\\\/#article\",\"isPartOf\":{\"@id\":\"https:\\\/\\\/www.rassegnastampa-totustuus.it\\\/cattolica\\\/architettura-lo-spazio-dellincarnazione\\\/\"},\"author\":{\"name\":\"Redazione\",\"@id\":\"https:\\\/\\\/www.rassegnastampa-totustuus.it\\\/cattolica\\\/#\\\/schema\\\/person\\\/08f319d2bd1a0904ad9e2bfb7b15e5c3\"},\"headline\":\"Architettura. Lo spazio dell&#8217;Incarnazione\",\"datePublished\":\"2007-02-14T23:00:00+00:00\",\"dateModified\":\"2015-12-01T11:32:37+00:00\",\"mainEntityOfPage\":{\"@id\":\"https:\\\/\\\/www.rassegnastampa-totustuus.it\\\/cattolica\\\/architettura-lo-spazio-dellincarnazione\\\/\"},\"wordCount\":2890,\"publisher\":{\"@id\":\"https:\\\/\\\/www.rassegnastampa-totustuus.it\\\/cattolica\\\/#organization\"},\"image\":{\"@id\":\"https:\\\/\\\/www.rassegnastampa-totustuus.it\\\/cattolica\\\/architettura-lo-spazio-dellincarnazione\\\/#primaryimage\"},\"thumbnailUrl\":\"https:\\\/\\\/www.rassegnastampa-totustuus.it\\\/cattolica\\\/wp-content\\\/uploads\\\/2007\\\/02\\\/Steven-Schloeder.jpg\",\"keywords\":[\"architettura\"],\"articleSection\":[\"Arte sacra\",\"Chiesa\"],\"inLanguage\":\"it-IT\"},{\"@type\":\"WebPage\",\"@id\":\"https:\\\/\\\/www.rassegnastampa-totustuus.it\\\/cattolica\\\/architettura-lo-spazio-dellincarnazione\\\/\",\"url\":\"https:\\\/\\\/www.rassegnastampa-totustuus.it\\\/cattolica\\\/architettura-lo-spazio-dellincarnazione\\\/\",\"name\":\"Architettura. Lo spazio dell'Incarnazione - Rassegna Stampa Cattolica\",\"isPartOf\":{\"@id\":\"https:\\\/\\\/www.rassegnastampa-totustuus.it\\\/cattolica\\\/#website\"},\"primaryImageOfPage\":{\"@id\":\"https:\\\/\\\/www.rassegnastampa-totustuus.it\\\/cattolica\\\/architettura-lo-spazio-dellincarnazione\\\/#primaryimage\"},\"image\":{\"@id\":\"https:\\\/\\\/www.rassegnastampa-totustuus.it\\\/cattolica\\\/architettura-lo-spazio-dellincarnazione\\\/#primaryimage\"},\"thumbnailUrl\":\"https:\\\/\\\/www.rassegnastampa-totustuus.it\\\/cattolica\\\/wp-content\\\/uploads\\\/2007\\\/02\\\/Steven-Schloeder.jpg\",\"datePublished\":\"2007-02-14T23:00:00+00:00\",\"dateModified\":\"2015-12-01T11:32:37+00:00\",\"description\":\"Rassegna Stampa Cattolica - Per una cultura che nasce dalla Rivelazione cristiana in conformit\u00e0 alla tradizione e al Magistero della Chiesa in opposizione ad ogni relativismo e totalitarismo\",\"breadcrumb\":{\"@id\":\"https:\\\/\\\/www.rassegnastampa-totustuus.it\\\/cattolica\\\/architettura-lo-spazio-dellincarnazione\\\/#breadcrumb\"},\"inLanguage\":\"it-IT\",\"potentialAction\":[{\"@type\":\"ReadAction\",\"target\":[\"https:\\\/\\\/www.rassegnastampa-totustuus.it\\\/cattolica\\\/architettura-lo-spazio-dellincarnazione\\\/\"]}]},{\"@type\":\"ImageObject\",\"inLanguage\":\"it-IT\",\"@id\":\"https:\\\/\\\/www.rassegnastampa-totustuus.it\\\/cattolica\\\/architettura-lo-spazio-dellincarnazione\\\/#primaryimage\",\"url\":\"https:\\\/\\\/www.rassegnastampa-totustuus.it\\\/cattolica\\\/wp-content\\\/uploads\\\/2007\\\/02\\\/Steven-Schloeder.jpg\",\"contentUrl\":\"https:\\\/\\\/www.rassegnastampa-totustuus.it\\\/cattolica\\\/wp-content\\\/uploads\\\/2007\\\/02\\\/Steven-Schloeder.jpg\",\"width\":225,\"height\":225},{\"@type\":\"BreadcrumbList\",\"@id\":\"https:\\\/\\\/www.rassegnastampa-totustuus.it\\\/cattolica\\\/architettura-lo-spazio-dellincarnazione\\\/#breadcrumb\",\"itemListElement\":[{\"@type\":\"ListItem\",\"position\":1,\"name\":\"Home\",\"item\":\"https:\\\/\\\/www.rassegnastampa-totustuus.it\\\/cattolica\\\/\"},{\"@type\":\"ListItem\",\"position\":2,\"name\":\"Architettura. Lo spazio dell&#8217;Incarnazione\"}]},{\"@type\":\"WebSite\",\"@id\":\"https:\\\/\\\/www.rassegnastampa-totustuus.it\\\/cattolica\\\/#website\",\"url\":\"https:\\\/\\\/www.rassegnastampa-totustuus.it\\\/cattolica\\\/\",\"name\":\"Rassegna Stampa Cattolica\",\"description\":\"Per una cultura che nasce dalla Rivelazione cristiana in conformit\u00e0 alla tradizione e al Magistero della Chiesa in opposizione ad ogni relativismo e totalitarismo\",\"publisher\":{\"@id\":\"https:\\\/\\\/www.rassegnastampa-totustuus.it\\\/cattolica\\\/#organization\"},\"alternateName\":\"Rass. Cattolica\",\"potentialAction\":[{\"@type\":\"SearchAction\",\"target\":{\"@type\":\"EntryPoint\",\"urlTemplate\":\"https:\\\/\\\/www.rassegnastampa-totustuus.it\\\/cattolica\\\/?s={search_term_string}\"},\"query-input\":{\"@type\":\"PropertyValueSpecification\",\"valueRequired\":true,\"valueName\":\"search_term_string\"}}],\"inLanguage\":\"it-IT\"},{\"@type\":\"Organization\",\"@id\":\"https:\\\/\\\/www.rassegnastampa-totustuus.it\\\/cattolica\\\/#organization\",\"name\":\"Rassegna Stampa Cattolica\",\"url\":\"https:\\\/\\\/www.rassegnastampa-totustuus.it\\\/cattolica\\\/\",\"logo\":{\"@type\":\"ImageObject\",\"inLanguage\":\"it-IT\",\"@id\":\"https:\\\/\\\/www.rassegnastampa-totustuus.it\\\/cattolica\\\/#\\\/schema\\\/logo\\\/image\\\/\",\"url\":\"https:\\\/\\\/www.rassegnastampa-totustuus.it\\\/cattolica\\\/wp-content\\\/uploads\\\/2014\\\/04\\\/logo-rassegna1.gif\",\"contentUrl\":\"https:\\\/\\\/www.rassegnastampa-totustuus.it\\\/cattolica\\\/wp-content\\\/uploads\\\/2014\\\/04\\\/logo-rassegna1.gif\",\"width\":600,\"height\":163,\"caption\":\"Rassegna Stampa Cattolica\"},\"image\":{\"@id\":\"https:\\\/\\\/www.rassegnastampa-totustuus.it\\\/cattolica\\\/#\\\/schema\\\/logo\\\/image\\\/\"},\"sameAs\":[\"https:\\\/\\\/www.facebook.com\\\/rassegnastampacattolica\",\"https:\\\/\\\/x.com\\\/rassegnastampa9\"]},{\"@type\":\"Person\",\"@id\":\"https:\\\/\\\/www.rassegnastampa-totustuus.it\\\/cattolica\\\/#\\\/schema\\\/person\\\/08f319d2bd1a0904ad9e2bfb7b15e5c3\",\"name\":\"Redazione\",\"image\":{\"@type\":\"ImageObject\",\"inLanguage\":\"it-IT\",\"@id\":\"https:\\\/\\\/secure.gravatar.com\\\/avatar\\\/2fcdf27c78ea025fbdb44e914cc63c72249ffec9dc8aafd5c82b26240ef3f346?s=96&d=mm&r=g\",\"url\":\"https:\\\/\\\/secure.gravatar.com\\\/avatar\\\/2fcdf27c78ea025fbdb44e914cc63c72249ffec9dc8aafd5c82b26240ef3f346?s=96&d=mm&r=g\",\"contentUrl\":\"https:\\\/\\\/secure.gravatar.com\\\/avatar\\\/2fcdf27c78ea025fbdb44e914cc63c72249ffec9dc8aafd5c82b26240ef3f346?s=96&d=mm&r=g\",\"caption\":\"Redazione\"},\"url\":\"https:\\\/\\\/www.rassegnastampa-totustuus.it\\\/cattolica\\\/author\\\/pietroelle\\\/\"}]}<\/script>\n<!-- \/ Yoast SEO plugin. -->","yoast_head_json":{"title":"Architettura. Lo spazio dell'Incarnazione - Rassegna Stampa Cattolica","description":"Rassegna Stampa Cattolica - Per una cultura che nasce dalla Rivelazione cristiana in conformit\u00e0 alla tradizione e al Magistero della Chiesa in opposizione ad ogni relativismo e totalitarismo","robots":{"index":"index","follow":"follow","max-snippet":"max-snippet:-1","max-image-preview":"max-image-preview:large","max-video-preview":"max-video-preview:-1"},"canonical":"https:\/\/www.rassegnastampa-totustuus.it\/cattolica\/architettura-lo-spazio-dellincarnazione\/","og_locale":"it_IT","og_type":"article","og_title":"Architettura. Lo spazio dell'Incarnazione - Rassegna Stampa Cattolica","og_description":"Rassegna Stampa Cattolica - Per una cultura che nasce dalla Rivelazione cristiana in conformit\u00e0 alla tradizione e al Magistero della Chiesa in opposizione ad ogni relativismo e totalitarismo","og_url":"https:\/\/www.rassegnastampa-totustuus.it\/cattolica\/architettura-lo-spazio-dellincarnazione\/","og_site_name":"Rassegna Stampa Cattolica","article_publisher":"https:\/\/www.facebook.com\/rassegnastampacattolica","article_published_time":"2007-02-14T23:00:00+00:00","article_modified_time":"2015-12-01T11:32:37+00:00","og_image":[{"width":225,"height":225,"url":"https:\/\/www.rassegnastampa-totustuus.it\/cattolica\/wp-content\/uploads\/2007\/02\/Steven-Schloeder.jpg","type":"image\/jpeg"}],"author":"Redazione","twitter_card":"summary_large_image","twitter_creator":"@rassegnastampa9","twitter_site":"@rassegnastampa9","twitter_misc":{"Scritto da":"Redazione","Tempo di lettura stimato":"14 minuti"},"schema":{"@context":"https:\/\/schema.org","@graph":[{"@type":"Article","@id":"https:\/\/www.rassegnastampa-totustuus.it\/cattolica\/architettura-lo-spazio-dellincarnazione\/#article","isPartOf":{"@id":"https:\/\/www.rassegnastampa-totustuus.it\/cattolica\/architettura-lo-spazio-dellincarnazione\/"},"author":{"name":"Redazione","@id":"https:\/\/www.rassegnastampa-totustuus.it\/cattolica\/#\/schema\/person\/08f319d2bd1a0904ad9e2bfb7b15e5c3"},"headline":"Architettura. Lo spazio dell&#8217;Incarnazione","datePublished":"2007-02-14T23:00:00+00:00","dateModified":"2015-12-01T11:32:37+00:00","mainEntityOfPage":{"@id":"https:\/\/www.rassegnastampa-totustuus.it\/cattolica\/architettura-lo-spazio-dellincarnazione\/"},"wordCount":2890,"publisher":{"@id":"https:\/\/www.rassegnastampa-totustuus.it\/cattolica\/#organization"},"image":{"@id":"https:\/\/www.rassegnastampa-totustuus.it\/cattolica\/architettura-lo-spazio-dellincarnazione\/#primaryimage"},"thumbnailUrl":"https:\/\/www.rassegnastampa-totustuus.it\/cattolica\/wp-content\/uploads\/2007\/02\/Steven-Schloeder.jpg","keywords":["architettura"],"articleSection":["Arte sacra","Chiesa"],"inLanguage":"it-IT"},{"@type":"WebPage","@id":"https:\/\/www.rassegnastampa-totustuus.it\/cattolica\/architettura-lo-spazio-dellincarnazione\/","url":"https:\/\/www.rassegnastampa-totustuus.it\/cattolica\/architettura-lo-spazio-dellincarnazione\/","name":"Architettura. Lo spazio dell'Incarnazione - Rassegna Stampa Cattolica","isPartOf":{"@id":"https:\/\/www.rassegnastampa-totustuus.it\/cattolica\/#website"},"primaryImageOfPage":{"@id":"https:\/\/www.rassegnastampa-totustuus.it\/cattolica\/architettura-lo-spazio-dellincarnazione\/#primaryimage"},"image":{"@id":"https:\/\/www.rassegnastampa-totustuus.it\/cattolica\/architettura-lo-spazio-dellincarnazione\/#primaryimage"},"thumbnailUrl":"https:\/\/www.rassegnastampa-totustuus.it\/cattolica\/wp-content\/uploads\/2007\/02\/Steven-Schloeder.jpg","datePublished":"2007-02-14T23:00:00+00:00","dateModified":"2015-12-01T11:32:37+00:00","description":"Rassegna Stampa Cattolica - Per una cultura che nasce dalla Rivelazione cristiana in conformit\u00e0 alla tradizione e al Magistero della Chiesa in opposizione ad ogni relativismo e totalitarismo","breadcrumb":{"@id":"https:\/\/www.rassegnastampa-totustuus.it\/cattolica\/architettura-lo-spazio-dellincarnazione\/#breadcrumb"},"inLanguage":"it-IT","potentialAction":[{"@type":"ReadAction","target":["https:\/\/www.rassegnastampa-totustuus.it\/cattolica\/architettura-lo-spazio-dellincarnazione\/"]}]},{"@type":"ImageObject","inLanguage":"it-IT","@id":"https:\/\/www.rassegnastampa-totustuus.it\/cattolica\/architettura-lo-spazio-dellincarnazione\/#primaryimage","url":"https:\/\/www.rassegnastampa-totustuus.it\/cattolica\/wp-content\/uploads\/2007\/02\/Steven-Schloeder.jpg","contentUrl":"https:\/\/www.rassegnastampa-totustuus.it\/cattolica\/wp-content\/uploads\/2007\/02\/Steven-Schloeder.jpg","width":225,"height":225},{"@type":"BreadcrumbList","@id":"https:\/\/www.rassegnastampa-totustuus.it\/cattolica\/architettura-lo-spazio-dellincarnazione\/#breadcrumb","itemListElement":[{"@type":"ListItem","position":1,"name":"Home","item":"https:\/\/www.rassegnastampa-totustuus.it\/cattolica\/"},{"@type":"ListItem","position":2,"name":"Architettura. Lo spazio dell&#8217;Incarnazione"}]},{"@type":"WebSite","@id":"https:\/\/www.rassegnastampa-totustuus.it\/cattolica\/#website","url":"https:\/\/www.rassegnastampa-totustuus.it\/cattolica\/","name":"Rassegna Stampa Cattolica","description":"Per una cultura che nasce dalla Rivelazione cristiana in conformit\u00e0 alla tradizione e al Magistero della Chiesa in opposizione ad ogni relativismo e totalitarismo","publisher":{"@id":"https:\/\/www.rassegnastampa-totustuus.it\/cattolica\/#organization"},"alternateName":"Rass. Cattolica","potentialAction":[{"@type":"SearchAction","target":{"@type":"EntryPoint","urlTemplate":"https:\/\/www.rassegnastampa-totustuus.it\/cattolica\/?s={search_term_string}"},"query-input":{"@type":"PropertyValueSpecification","valueRequired":true,"valueName":"search_term_string"}}],"inLanguage":"it-IT"},{"@type":"Organization","@id":"https:\/\/www.rassegnastampa-totustuus.it\/cattolica\/#organization","name":"Rassegna Stampa Cattolica","url":"https:\/\/www.rassegnastampa-totustuus.it\/cattolica\/","logo":{"@type":"ImageObject","inLanguage":"it-IT","@id":"https:\/\/www.rassegnastampa-totustuus.it\/cattolica\/#\/schema\/logo\/image\/","url":"https:\/\/www.rassegnastampa-totustuus.it\/cattolica\/wp-content\/uploads\/2014\/04\/logo-rassegna1.gif","contentUrl":"https:\/\/www.rassegnastampa-totustuus.it\/cattolica\/wp-content\/uploads\/2014\/04\/logo-rassegna1.gif","width":600,"height":163,"caption":"Rassegna Stampa Cattolica"},"image":{"@id":"https:\/\/www.rassegnastampa-totustuus.it\/cattolica\/#\/schema\/logo\/image\/"},"sameAs":["https:\/\/www.facebook.com\/rassegnastampacattolica","https:\/\/x.com\/rassegnastampa9"]},{"@type":"Person","@id":"https:\/\/www.rassegnastampa-totustuus.it\/cattolica\/#\/schema\/person\/08f319d2bd1a0904ad9e2bfb7b15e5c3","name":"Redazione","image":{"@type":"ImageObject","inLanguage":"it-IT","@id":"https:\/\/secure.gravatar.com\/avatar\/2fcdf27c78ea025fbdb44e914cc63c72249ffec9dc8aafd5c82b26240ef3f346?s=96&d=mm&r=g","url":"https:\/\/secure.gravatar.com\/avatar\/2fcdf27c78ea025fbdb44e914cc63c72249ffec9dc8aafd5c82b26240ef3f346?s=96&d=mm&r=g","contentUrl":"https:\/\/secure.gravatar.com\/avatar\/2fcdf27c78ea025fbdb44e914cc63c72249ffec9dc8aafd5c82b26240ef3f346?s=96&d=mm&r=g","caption":"Redazione"},"url":"https:\/\/www.rassegnastampa-totustuus.it\/cattolica\/author\/pietroelle\/"}]}},"_links":{"self":[{"href":"https:\/\/www.rassegnastampa-totustuus.it\/cattolica\/wp-json\/wp\/v2\/posts\/2485","targetHints":{"allow":["GET"]}}],"collection":[{"href":"https:\/\/www.rassegnastampa-totustuus.it\/cattolica\/wp-json\/wp\/v2\/posts"}],"about":[{"href":"https:\/\/www.rassegnastampa-totustuus.it\/cattolica\/wp-json\/wp\/v2\/types\/post"}],"author":[{"embeddable":true,"href":"https:\/\/www.rassegnastampa-totustuus.it\/cattolica\/wp-json\/wp\/v2\/users\/6"}],"replies":[{"embeddable":true,"href":"https:\/\/www.rassegnastampa-totustuus.it\/cattolica\/wp-json\/wp\/v2\/comments?post=2485"}],"version-history":[{"count":4,"href":"https:\/\/www.rassegnastampa-totustuus.it\/cattolica\/wp-json\/wp\/v2\/posts\/2485\/revisions"}],"predecessor-version":[{"id":28364,"href":"https:\/\/www.rassegnastampa-totustuus.it\/cattolica\/wp-json\/wp\/v2\/posts\/2485\/revisions\/28364"}],"wp:featuredmedia":[{"embeddable":true,"href":"https:\/\/www.rassegnastampa-totustuus.it\/cattolica\/wp-json\/wp\/v2\/media\/28363"}],"wp:attachment":[{"href":"https:\/\/www.rassegnastampa-totustuus.it\/cattolica\/wp-json\/wp\/v2\/media?parent=2485"}],"wp:term":[{"taxonomy":"category","embeddable":true,"href":"https:\/\/www.rassegnastampa-totustuus.it\/cattolica\/wp-json\/wp\/v2\/categories?post=2485"},{"taxonomy":"post_tag","embeddable":true,"href":"https:\/\/www.rassegnastampa-totustuus.it\/cattolica\/wp-json\/wp\/v2\/tags?post=2485"}],"curies":[{"name":"wp","href":"https:\/\/api.w.org\/{rel}","templated":true}]}}