{"id":248,"date":"2004-12-16T17:37:20","date_gmt":"2004-12-16T16:37:20","guid":{"rendered":""},"modified":"2025-07-03T20:31:15","modified_gmt":"2025-07-03T18:31:15","slug":"i-fratelli-musulmani-si-sono-sciolti-nel-novembre-2004","status":"publish","type":"post","link":"https:\/\/www.rassegnastampa-totustuus.it\/cattolica\/i-fratelli-musulmani-si-sono-sciolti-nel-novembre-2004\/","title":{"rendered":"I Fratelli Musulmani si sono &quot;sciolti&quot; nel novembre 2004?"},"content":{"rendered":"\n<p class=\"has-text-align-center\"><a href=\"http:\/\/www.cesnur.org\/\" target=\"_blank\" rel=\"noreferrer noopener\"><strong>www.cesnur.org<\/strong><\/a><\/p>\n\n\n\n<p><em>L&#8217;organizzazione dei Fratelli Musulmani \u00e8 la &#8220;casa madre&#8221; del fondamentalismo e le sue vicende dovrebbero essere seguite con pi\u00f9 attenzione, considerato che esercita un&#8217;influenza decisiva sull&#8217;UCOII, la pi\u00f9 grande delle associazioni musulmane del nostro paese.&nbsp;<\/em><\/p>\n\n\n\n<p class=\"has-text-align-center\">di <strong>Massimo Introvigne<\/strong><\/p>\n\n\n<div class=\"wp-block-image\">\n<figure class=\"aligncenter size-full is-resized\"><a href=\"https:\/\/www.rassegnastampa-totustuus.it\/cattolica\/wp-content\/uploads\/2004\/12\/ucoii.png\"><img loading=\"lazy\" decoding=\"async\" width=\"144\" height=\"144\" src=\"https:\/\/www.rassegnastampa-totustuus.it\/cattolica\/wp-content\/uploads\/2004\/12\/ucoii.png\" alt=\"\" class=\"wp-image-32676\" style=\"width:230px;height:auto\"\/><\/a><\/figure><\/div>\n\n\n<!--more-->\n\n\n\n<p>Le notizie di stampa che circolano a proposito dei Fratelli Musulmani sono seguite con grande attenzione negli Stati Uniti e in Israele. Dovrebbe avvenire lo stesso anche in Italia, dove l&#8217;organizzazione dei Fratelli Musulmani esercita un&#8217;influenza decisiva sull&#8217;UCOII, la pi\u00f9 grande delle associazioni musulmane del nostro paese.I Fratelli Musulmani sono la &#8220;casa madre&#8221; del fondamentalismo.<\/p>\n\n\n\n<p>Fondati nel 1928 in Egitto da Hassan al-Banna (di cui \u00e8 nipote il controverso ma influente intellettuale musulmano svizzero Tariq Ramadan), non hanno mai voluto fornire statistiche precise sui loro membri, che probabilmente superano i dieci milioni nel mondo. Le idee dei Fratelli hanno influenzato tutte le organizzazioni del fondamentalismo mondiale: Hamas si auto-definisce la sezione palestinese della loro associazione, e la stessa Al Qaida (con cui pure i Fratelli sono assai polemici) pu\u00f2 essere considerata da un certo punto di vista un loro scisma.<\/p>\n\n\n\n<p>Il numero di <em>Newsweek<\/em> in edicola annuncia addirittura, sia pure con un punto interrogativo, &#8220;la fine dei Fratelli Musulmani&#8221;. In un &#8220;conclave segreto&#8221; i dirigenti dell&#8217;organizzazione fondamentalista avrebbero deciso di scioglierla. In realt\u00e0 le cose non stanno proprio cos\u00ec. I Fratelli sono nati originariamente come un&#8217;associazione egiziana con filiali all&#8217;estero; queste sono progressivamente diventate autonome.<\/p>\n\n\n\n<p>Nel 1982 per assicurare un certo carattere unitario all&#8217;organizzazione \u00e8 stato fondato il Consiglio Internazionale dei Fratelli Musulmani. \u00c8 questo organismo che nel novembre 2004 &#8211; presente e consenziente il leader pi\u00f9 autorevole dei Fratelli, l&#8217;egiziano Muhammad Mahdi Akef (autorizzato per l&#8217;occasione dal regime di Mubarak, che pure lo ha privato del passaporto, a recarsi all&#8217;estero) &#8211; \u00e8 stato formalmente sciolto in una riunione tenuta nel Qatar. Fra le ragioni dello scioglimento c&#8217;\u00e8 l&#8217;opportunit\u00e0 di far sparire la cassa, in gran parte in mano alla banca internazionale Al-Taqwa e in procinto di essere confiscata dagli americani perch\u00e9 sospettata di alimentare il terrorismo.<\/p>\n\n\n\n<p>Tuttavia la fine del Consiglio Internazionale &#8211; di cui i Fratelli hanno del resto fatto a meno fra il 1928 e il 1982 &#8211; non significa la fine dell&#8217;organizzazione. Nessuno pensa di scioglierne le branche nazionali, da Hamas alla potente casa madre egiziana, fino ai gruppi meno estremisti presenti in Giordania e in Irak (dove i Fratelli, perseguitati duramente da Saddam, ne hanno accolto con gioia la caduta). Quanto al coordinamento mondiale, lo scioglimento del Consiglio Internazionale segue la fondazione di un Consiglio Mondiale degli Ulema Musulmani, molti dei quali membri dei Fratelli Musulmani o a loro vicini, presieduto dal noto predicatore Yusuf al-Qaradawi e la cui sede \u00e8 stata fissata nella tranquilla Dublino.<\/p>\n\n\n\n<p>Qualcuno pensa che si tratti di una vittoria della corrente meno estrema, cosiddetta neo-fondamentalista, legata a Qaradawi e allo stesso Tariq Ramadan. Tuttavia il Consiglio Mondiale degli Ulema condanna s\u00ec Al Qaida (i Fratelli lo hanno sempre fatto) e l&#8217;uccisione di ostaggi civili in Irak, ma appoggia comunque sia la &#8220;resistenza&#8221; irakena sia il terrorismo di Hamas. Finch\u00e9 non si libereranno da queste ambiguit\u00e0, nonostante le amicizie nel governo francese e nella sinistra europea, i dirigenti &#8220;neo-fondamentalisti&#8221; che sembrano avere in mano l&#8217;organizzazione dei Fratelli Musulmani non potranno essere considerati dei moderati.<\/p>\n","protected":false},"excerpt":{"rendered":"<p>www.cesnur.org L&#8217;organizzazione dei Fratelli Musulmani \u00e8 la &#8220;casa madre&#8221; del fondamentalismo e le sue vicende dovrebbero essere seguite con pi\u00f9 attenzione, considerato che esercita un&#8217;influenza decisiva sull&#8217;UCOII, la pi\u00f9 grande delle associazioni musulmane del nostro paese.&nbsp; di Massimo Introvigne<\/p><p><a class=\"more-link btn\" href=\"https:\/\/www.rassegnastampa-totustuus.it\/cattolica\/i-fratelli-musulmani-si-sono-sciolti-nel-novembre-2004\/\">Continua a leggere<\/a><\/p>\n","protected":false},"author":6,"featured_media":32676,"comment_status":"closed","ping_status":"open","sticky":false,"template":"","format":"standard","meta":{"footnotes":""},"categories":[16,36],"tags":[520],"class_list":["post-248","post","type-post","status-publish","format-standard","has-post-thumbnail","hentry","category-islam","category-fondamentalismo-islamico","tag-fratelli-mussulmani","item-wrap"],"yoast_head":"<!-- This site is optimized with the Yoast SEO plugin v27.4 - https:\/\/yoast.com\/product\/yoast-seo-wordpress\/ -->\n<title>I Fratelli Musulmani si sono &quot;sciolti&quot; nel novembre 2004? - Rassegna Stampa Cattolica<\/title>\n<meta name=\"description\" content=\"I Fratelli Musulmani si sono &quot;sciolti&quot; nel novembre 2004? L&#039;organizzazione dei Fratelli Musulmani \u00e8 la &quot;casa madre&quot; del fondamentalismo\" \/>\n<meta name=\"robots\" content=\"index, follow, max-snippet:-1, max-image-preview:large, max-video-preview:-1\" \/>\n<link rel=\"canonical\" href=\"https:\/\/www.rassegnastampa-totustuus.it\/cattolica\/i-fratelli-musulmani-si-sono-sciolti-nel-novembre-2004\/\" \/>\n<meta property=\"og:locale\" content=\"it_IT\" \/>\n<meta property=\"og:type\" content=\"article\" \/>\n<meta property=\"og:title\" content=\"I Fratelli Musulmani si sono &quot;sciolti&quot; nel novembre 2004? - Rassegna Stampa Cattolica\" \/>\n<meta property=\"og:description\" content=\"I Fratelli Musulmani si sono &quot;sciolti&quot; nel novembre 2004? L&#039;organizzazione dei Fratelli Musulmani \u00e8 la &quot;casa madre&quot; del fondamentalismo\" \/>\n<meta property=\"og:url\" content=\"https:\/\/www.rassegnastampa-totustuus.it\/cattolica\/i-fratelli-musulmani-si-sono-sciolti-nel-novembre-2004\/\" \/>\n<meta property=\"og:site_name\" content=\"Rassegna Stampa Cattolica\" \/>\n<meta property=\"article:publisher\" content=\"https:\/\/www.facebook.com\/rassegnastampacattolica\" \/>\n<meta property=\"article:published_time\" content=\"2004-12-16T16:37:20+00:00\" \/>\n<meta property=\"article:modified_time\" content=\"2025-07-03T18:31:15+00:00\" \/>\n<meta property=\"og:image\" content=\"https:\/\/www.rassegnastampa-totustuus.it\/cattolica\/wp-content\/uploads\/2004\/12\/ucoii.png\" \/>\n\t<meta property=\"og:image:width\" content=\"144\" \/>\n\t<meta property=\"og:image:height\" content=\"144\" \/>\n\t<meta property=\"og:image:type\" content=\"image\/png\" \/>\n<meta name=\"author\" content=\"Redazione\" \/>\n<meta name=\"twitter:card\" content=\"summary_large_image\" \/>\n<meta name=\"twitter:creator\" content=\"@rassegnastampa9\" \/>\n<meta name=\"twitter:site\" content=\"@rassegnastampa9\" \/>\n<meta name=\"twitter:label1\" content=\"Scritto da\" \/>\n\t<meta name=\"twitter:data1\" content=\"Redazione\" \/>\n\t<meta name=\"twitter:label2\" content=\"Tempo di lettura stimato\" \/>\n\t<meta name=\"twitter:data2\" content=\"4 minuti\" \/>\n<script type=\"application\/ld+json\" class=\"yoast-schema-graph\">{\"@context\":\"https:\\\/\\\/schema.org\",\"@graph\":[{\"@type\":\"Article\",\"@id\":\"https:\\\/\\\/www.rassegnastampa-totustuus.it\\\/cattolica\\\/i-fratelli-musulmani-si-sono-sciolti-nel-novembre-2004\\\/#article\",\"isPartOf\":{\"@id\":\"https:\\\/\\\/www.rassegnastampa-totustuus.it\\\/cattolica\\\/i-fratelli-musulmani-si-sono-sciolti-nel-novembre-2004\\\/\"},\"author\":{\"name\":\"Redazione\",\"@id\":\"https:\\\/\\\/www.rassegnastampa-totustuus.it\\\/cattolica\\\/#\\\/schema\\\/person\\\/08f319d2bd1a0904ad9e2bfb7b15e5c3\"},\"headline\":\"I Fratelli Musulmani si sono &quot;sciolti&quot; nel novembre 2004?\",\"datePublished\":\"2004-12-16T16:37:20+00:00\",\"dateModified\":\"2025-07-03T18:31:15+00:00\",\"mainEntityOfPage\":{\"@id\":\"https:\\\/\\\/www.rassegnastampa-totustuus.it\\\/cattolica\\\/i-fratelli-musulmani-si-sono-sciolti-nel-novembre-2004\\\/\"},\"wordCount\":562,\"publisher\":{\"@id\":\"https:\\\/\\\/www.rassegnastampa-totustuus.it\\\/cattolica\\\/#organization\"},\"image\":{\"@id\":\"https:\\\/\\\/www.rassegnastampa-totustuus.it\\\/cattolica\\\/i-fratelli-musulmani-si-sono-sciolti-nel-novembre-2004\\\/#primaryimage\"},\"thumbnailUrl\":\"https:\\\/\\\/www.rassegnastampa-totustuus.it\\\/cattolica\\\/wp-content\\\/uploads\\\/2004\\\/12\\\/ucoii.png\",\"keywords\":[\"Fratelli mussulmani\"],\"articleSection\":[\"Islam\",\"Islam fondamentalismo\"],\"inLanguage\":\"it-IT\"},{\"@type\":\"WebPage\",\"@id\":\"https:\\\/\\\/www.rassegnastampa-totustuus.it\\\/cattolica\\\/i-fratelli-musulmani-si-sono-sciolti-nel-novembre-2004\\\/\",\"url\":\"https:\\\/\\\/www.rassegnastampa-totustuus.it\\\/cattolica\\\/i-fratelli-musulmani-si-sono-sciolti-nel-novembre-2004\\\/\",\"name\":\"I Fratelli Musulmani si sono &quot;sciolti&quot; nel novembre 2004? - Rassegna Stampa Cattolica\",\"isPartOf\":{\"@id\":\"https:\\\/\\\/www.rassegnastampa-totustuus.it\\\/cattolica\\\/#website\"},\"primaryImageOfPage\":{\"@id\":\"https:\\\/\\\/www.rassegnastampa-totustuus.it\\\/cattolica\\\/i-fratelli-musulmani-si-sono-sciolti-nel-novembre-2004\\\/#primaryimage\"},\"image\":{\"@id\":\"https:\\\/\\\/www.rassegnastampa-totustuus.it\\\/cattolica\\\/i-fratelli-musulmani-si-sono-sciolti-nel-novembre-2004\\\/#primaryimage\"},\"thumbnailUrl\":\"https:\\\/\\\/www.rassegnastampa-totustuus.it\\\/cattolica\\\/wp-content\\\/uploads\\\/2004\\\/12\\\/ucoii.png\",\"datePublished\":\"2004-12-16T16:37:20+00:00\",\"dateModified\":\"2025-07-03T18:31:15+00:00\",\"description\":\"I Fratelli Musulmani si sono \\\"sciolti\\\" nel novembre 2004? L'organizzazione dei Fratelli Musulmani \u00e8 la \\\"casa madre\\\" del fondamentalismo\",\"breadcrumb\":{\"@id\":\"https:\\\/\\\/www.rassegnastampa-totustuus.it\\\/cattolica\\\/i-fratelli-musulmani-si-sono-sciolti-nel-novembre-2004\\\/#breadcrumb\"},\"inLanguage\":\"it-IT\",\"potentialAction\":[{\"@type\":\"ReadAction\",\"target\":[\"https:\\\/\\\/www.rassegnastampa-totustuus.it\\\/cattolica\\\/i-fratelli-musulmani-si-sono-sciolti-nel-novembre-2004\\\/\"]}]},{\"@type\":\"ImageObject\",\"inLanguage\":\"it-IT\",\"@id\":\"https:\\\/\\\/www.rassegnastampa-totustuus.it\\\/cattolica\\\/i-fratelli-musulmani-si-sono-sciolti-nel-novembre-2004\\\/#primaryimage\",\"url\":\"https:\\\/\\\/www.rassegnastampa-totustuus.it\\\/cattolica\\\/wp-content\\\/uploads\\\/2004\\\/12\\\/ucoii.png\",\"contentUrl\":\"https:\\\/\\\/www.rassegnastampa-totustuus.it\\\/cattolica\\\/wp-content\\\/uploads\\\/2004\\\/12\\\/ucoii.png\",\"width\":144,\"height\":144},{\"@type\":\"BreadcrumbList\",\"@id\":\"https:\\\/\\\/www.rassegnastampa-totustuus.it\\\/cattolica\\\/i-fratelli-musulmani-si-sono-sciolti-nel-novembre-2004\\\/#breadcrumb\",\"itemListElement\":[{\"@type\":\"ListItem\",\"position\":1,\"name\":\"Home\",\"item\":\"https:\\\/\\\/www.rassegnastampa-totustuus.it\\\/cattolica\\\/\"},{\"@type\":\"ListItem\",\"position\":2,\"name\":\"I Fratelli Musulmani si sono &quot;sciolti&quot; nel novembre 2004?\"}]},{\"@type\":\"WebSite\",\"@id\":\"https:\\\/\\\/www.rassegnastampa-totustuus.it\\\/cattolica\\\/#website\",\"url\":\"https:\\\/\\\/www.rassegnastampa-totustuus.it\\\/cattolica\\\/\",\"name\":\"Rassegna Stampa Cattolica\",\"description\":\"Per una cultura che nasce dalla Rivelazione cristiana in conformit\u00e0 alla tradizione e al Magistero della Chiesa in opposizione ad ogni relativismo e totalitarismo\",\"publisher\":{\"@id\":\"https:\\\/\\\/www.rassegnastampa-totustuus.it\\\/cattolica\\\/#organization\"},\"alternateName\":\"Rass. Cattolica\",\"potentialAction\":[{\"@type\":\"SearchAction\",\"target\":{\"@type\":\"EntryPoint\",\"urlTemplate\":\"https:\\\/\\\/www.rassegnastampa-totustuus.it\\\/cattolica\\\/?s={search_term_string}\"},\"query-input\":{\"@type\":\"PropertyValueSpecification\",\"valueRequired\":true,\"valueName\":\"search_term_string\"}}],\"inLanguage\":\"it-IT\"},{\"@type\":\"Organization\",\"@id\":\"https:\\\/\\\/www.rassegnastampa-totustuus.it\\\/cattolica\\\/#organization\",\"name\":\"Rassegna Stampa Cattolica\",\"url\":\"https:\\\/\\\/www.rassegnastampa-totustuus.it\\\/cattolica\\\/\",\"logo\":{\"@type\":\"ImageObject\",\"inLanguage\":\"it-IT\",\"@id\":\"https:\\\/\\\/www.rassegnastampa-totustuus.it\\\/cattolica\\\/#\\\/schema\\\/logo\\\/image\\\/\",\"url\":\"https:\\\/\\\/www.rassegnastampa-totustuus.it\\\/cattolica\\\/wp-content\\\/uploads\\\/2014\\\/04\\\/logo-rassegna1.gif\",\"contentUrl\":\"https:\\\/\\\/www.rassegnastampa-totustuus.it\\\/cattolica\\\/wp-content\\\/uploads\\\/2014\\\/04\\\/logo-rassegna1.gif\",\"width\":600,\"height\":163,\"caption\":\"Rassegna Stampa Cattolica\"},\"image\":{\"@id\":\"https:\\\/\\\/www.rassegnastampa-totustuus.it\\\/cattolica\\\/#\\\/schema\\\/logo\\\/image\\\/\"},\"sameAs\":[\"https:\\\/\\\/www.facebook.com\\\/rassegnastampacattolica\",\"https:\\\/\\\/x.com\\\/rassegnastampa9\"]},{\"@type\":\"Person\",\"@id\":\"https:\\\/\\\/www.rassegnastampa-totustuus.it\\\/cattolica\\\/#\\\/schema\\\/person\\\/08f319d2bd1a0904ad9e2bfb7b15e5c3\",\"name\":\"Redazione\",\"image\":{\"@type\":\"ImageObject\",\"inLanguage\":\"it-IT\",\"@id\":\"https:\\\/\\\/secure.gravatar.com\\\/avatar\\\/2fcdf27c78ea025fbdb44e914cc63c72249ffec9dc8aafd5c82b26240ef3f346?s=96&d=mm&r=g\",\"url\":\"https:\\\/\\\/secure.gravatar.com\\\/avatar\\\/2fcdf27c78ea025fbdb44e914cc63c72249ffec9dc8aafd5c82b26240ef3f346?s=96&d=mm&r=g\",\"contentUrl\":\"https:\\\/\\\/secure.gravatar.com\\\/avatar\\\/2fcdf27c78ea025fbdb44e914cc63c72249ffec9dc8aafd5c82b26240ef3f346?s=96&d=mm&r=g\",\"caption\":\"Redazione\"},\"url\":\"https:\\\/\\\/www.rassegnastampa-totustuus.it\\\/cattolica\\\/author\\\/pietroelle\\\/\"}]}<\/script>\n<!-- \/ Yoast SEO plugin. -->","yoast_head_json":{"title":"I Fratelli Musulmani si sono &quot;sciolti&quot; nel novembre 2004? - Rassegna Stampa Cattolica","description":"I Fratelli Musulmani si sono \"sciolti\" nel novembre 2004? L'organizzazione dei Fratelli Musulmani \u00e8 la \"casa madre\" del fondamentalismo","robots":{"index":"index","follow":"follow","max-snippet":"max-snippet:-1","max-image-preview":"max-image-preview:large","max-video-preview":"max-video-preview:-1"},"canonical":"https:\/\/www.rassegnastampa-totustuus.it\/cattolica\/i-fratelli-musulmani-si-sono-sciolti-nel-novembre-2004\/","og_locale":"it_IT","og_type":"article","og_title":"I Fratelli Musulmani si sono &quot;sciolti&quot; nel novembre 2004? - Rassegna Stampa Cattolica","og_description":"I Fratelli Musulmani si sono \"sciolti\" nel novembre 2004? L'organizzazione dei Fratelli Musulmani \u00e8 la \"casa madre\" del fondamentalismo","og_url":"https:\/\/www.rassegnastampa-totustuus.it\/cattolica\/i-fratelli-musulmani-si-sono-sciolti-nel-novembre-2004\/","og_site_name":"Rassegna Stampa Cattolica","article_publisher":"https:\/\/www.facebook.com\/rassegnastampacattolica","article_published_time":"2004-12-16T16:37:20+00:00","article_modified_time":"2025-07-03T18:31:15+00:00","og_image":[{"width":144,"height":144,"url":"https:\/\/www.rassegnastampa-totustuus.it\/cattolica\/wp-content\/uploads\/2004\/12\/ucoii.png","type":"image\/png"}],"author":"Redazione","twitter_card":"summary_large_image","twitter_creator":"@rassegnastampa9","twitter_site":"@rassegnastampa9","twitter_misc":{"Scritto da":"Redazione","Tempo di lettura stimato":"4 minuti"},"schema":{"@context":"https:\/\/schema.org","@graph":[{"@type":"Article","@id":"https:\/\/www.rassegnastampa-totustuus.it\/cattolica\/i-fratelli-musulmani-si-sono-sciolti-nel-novembre-2004\/#article","isPartOf":{"@id":"https:\/\/www.rassegnastampa-totustuus.it\/cattolica\/i-fratelli-musulmani-si-sono-sciolti-nel-novembre-2004\/"},"author":{"name":"Redazione","@id":"https:\/\/www.rassegnastampa-totustuus.it\/cattolica\/#\/schema\/person\/08f319d2bd1a0904ad9e2bfb7b15e5c3"},"headline":"I Fratelli Musulmani si sono &quot;sciolti&quot; nel novembre 2004?","datePublished":"2004-12-16T16:37:20+00:00","dateModified":"2025-07-03T18:31:15+00:00","mainEntityOfPage":{"@id":"https:\/\/www.rassegnastampa-totustuus.it\/cattolica\/i-fratelli-musulmani-si-sono-sciolti-nel-novembre-2004\/"},"wordCount":562,"publisher":{"@id":"https:\/\/www.rassegnastampa-totustuus.it\/cattolica\/#organization"},"image":{"@id":"https:\/\/www.rassegnastampa-totustuus.it\/cattolica\/i-fratelli-musulmani-si-sono-sciolti-nel-novembre-2004\/#primaryimage"},"thumbnailUrl":"https:\/\/www.rassegnastampa-totustuus.it\/cattolica\/wp-content\/uploads\/2004\/12\/ucoii.png","keywords":["Fratelli mussulmani"],"articleSection":["Islam","Islam fondamentalismo"],"inLanguage":"it-IT"},{"@type":"WebPage","@id":"https:\/\/www.rassegnastampa-totustuus.it\/cattolica\/i-fratelli-musulmani-si-sono-sciolti-nel-novembre-2004\/","url":"https:\/\/www.rassegnastampa-totustuus.it\/cattolica\/i-fratelli-musulmani-si-sono-sciolti-nel-novembre-2004\/","name":"I Fratelli Musulmani si sono &quot;sciolti&quot; nel novembre 2004? - Rassegna Stampa Cattolica","isPartOf":{"@id":"https:\/\/www.rassegnastampa-totustuus.it\/cattolica\/#website"},"primaryImageOfPage":{"@id":"https:\/\/www.rassegnastampa-totustuus.it\/cattolica\/i-fratelli-musulmani-si-sono-sciolti-nel-novembre-2004\/#primaryimage"},"image":{"@id":"https:\/\/www.rassegnastampa-totustuus.it\/cattolica\/i-fratelli-musulmani-si-sono-sciolti-nel-novembre-2004\/#primaryimage"},"thumbnailUrl":"https:\/\/www.rassegnastampa-totustuus.it\/cattolica\/wp-content\/uploads\/2004\/12\/ucoii.png","datePublished":"2004-12-16T16:37:20+00:00","dateModified":"2025-07-03T18:31:15+00:00","description":"I Fratelli Musulmani si sono \"sciolti\" nel novembre 2004? L'organizzazione dei Fratelli Musulmani \u00e8 la \"casa madre\" del fondamentalismo","breadcrumb":{"@id":"https:\/\/www.rassegnastampa-totustuus.it\/cattolica\/i-fratelli-musulmani-si-sono-sciolti-nel-novembre-2004\/#breadcrumb"},"inLanguage":"it-IT","potentialAction":[{"@type":"ReadAction","target":["https:\/\/www.rassegnastampa-totustuus.it\/cattolica\/i-fratelli-musulmani-si-sono-sciolti-nel-novembre-2004\/"]}]},{"@type":"ImageObject","inLanguage":"it-IT","@id":"https:\/\/www.rassegnastampa-totustuus.it\/cattolica\/i-fratelli-musulmani-si-sono-sciolti-nel-novembre-2004\/#primaryimage","url":"https:\/\/www.rassegnastampa-totustuus.it\/cattolica\/wp-content\/uploads\/2004\/12\/ucoii.png","contentUrl":"https:\/\/www.rassegnastampa-totustuus.it\/cattolica\/wp-content\/uploads\/2004\/12\/ucoii.png","width":144,"height":144},{"@type":"BreadcrumbList","@id":"https:\/\/www.rassegnastampa-totustuus.it\/cattolica\/i-fratelli-musulmani-si-sono-sciolti-nel-novembre-2004\/#breadcrumb","itemListElement":[{"@type":"ListItem","position":1,"name":"Home","item":"https:\/\/www.rassegnastampa-totustuus.it\/cattolica\/"},{"@type":"ListItem","position":2,"name":"I Fratelli Musulmani si sono &quot;sciolti&quot; nel novembre 2004?"}]},{"@type":"WebSite","@id":"https:\/\/www.rassegnastampa-totustuus.it\/cattolica\/#website","url":"https:\/\/www.rassegnastampa-totustuus.it\/cattolica\/","name":"Rassegna Stampa Cattolica","description":"Per una cultura che nasce dalla Rivelazione cristiana in conformit\u00e0 alla tradizione e al Magistero della Chiesa in opposizione ad ogni relativismo e totalitarismo","publisher":{"@id":"https:\/\/www.rassegnastampa-totustuus.it\/cattolica\/#organization"},"alternateName":"Rass. Cattolica","potentialAction":[{"@type":"SearchAction","target":{"@type":"EntryPoint","urlTemplate":"https:\/\/www.rassegnastampa-totustuus.it\/cattolica\/?s={search_term_string}"},"query-input":{"@type":"PropertyValueSpecification","valueRequired":true,"valueName":"search_term_string"}}],"inLanguage":"it-IT"},{"@type":"Organization","@id":"https:\/\/www.rassegnastampa-totustuus.it\/cattolica\/#organization","name":"Rassegna Stampa Cattolica","url":"https:\/\/www.rassegnastampa-totustuus.it\/cattolica\/","logo":{"@type":"ImageObject","inLanguage":"it-IT","@id":"https:\/\/www.rassegnastampa-totustuus.it\/cattolica\/#\/schema\/logo\/image\/","url":"https:\/\/www.rassegnastampa-totustuus.it\/cattolica\/wp-content\/uploads\/2014\/04\/logo-rassegna1.gif","contentUrl":"https:\/\/www.rassegnastampa-totustuus.it\/cattolica\/wp-content\/uploads\/2014\/04\/logo-rassegna1.gif","width":600,"height":163,"caption":"Rassegna Stampa Cattolica"},"image":{"@id":"https:\/\/www.rassegnastampa-totustuus.it\/cattolica\/#\/schema\/logo\/image\/"},"sameAs":["https:\/\/www.facebook.com\/rassegnastampacattolica","https:\/\/x.com\/rassegnastampa9"]},{"@type":"Person","@id":"https:\/\/www.rassegnastampa-totustuus.it\/cattolica\/#\/schema\/person\/08f319d2bd1a0904ad9e2bfb7b15e5c3","name":"Redazione","image":{"@type":"ImageObject","inLanguage":"it-IT","@id":"https:\/\/secure.gravatar.com\/avatar\/2fcdf27c78ea025fbdb44e914cc63c72249ffec9dc8aafd5c82b26240ef3f346?s=96&d=mm&r=g","url":"https:\/\/secure.gravatar.com\/avatar\/2fcdf27c78ea025fbdb44e914cc63c72249ffec9dc8aafd5c82b26240ef3f346?s=96&d=mm&r=g","contentUrl":"https:\/\/secure.gravatar.com\/avatar\/2fcdf27c78ea025fbdb44e914cc63c72249ffec9dc8aafd5c82b26240ef3f346?s=96&d=mm&r=g","caption":"Redazione"},"url":"https:\/\/www.rassegnastampa-totustuus.it\/cattolica\/author\/pietroelle\/"}]}},"_links":{"self":[{"href":"https:\/\/www.rassegnastampa-totustuus.it\/cattolica\/wp-json\/wp\/v2\/posts\/248","targetHints":{"allow":["GET"]}}],"collection":[{"href":"https:\/\/www.rassegnastampa-totustuus.it\/cattolica\/wp-json\/wp\/v2\/posts"}],"about":[{"href":"https:\/\/www.rassegnastampa-totustuus.it\/cattolica\/wp-json\/wp\/v2\/types\/post"}],"author":[{"embeddable":true,"href":"https:\/\/www.rassegnastampa-totustuus.it\/cattolica\/wp-json\/wp\/v2\/users\/6"}],"replies":[{"embeddable":true,"href":"https:\/\/www.rassegnastampa-totustuus.it\/cattolica\/wp-json\/wp\/v2\/comments?post=248"}],"version-history":[{"count":4,"href":"https:\/\/www.rassegnastampa-totustuus.it\/cattolica\/wp-json\/wp\/v2\/posts\/248\/revisions"}],"predecessor-version":[{"id":62877,"href":"https:\/\/www.rassegnastampa-totustuus.it\/cattolica\/wp-json\/wp\/v2\/posts\/248\/revisions\/62877"}],"wp:featuredmedia":[{"embeddable":true,"href":"https:\/\/www.rassegnastampa-totustuus.it\/cattolica\/wp-json\/wp\/v2\/media\/32676"}],"wp:attachment":[{"href":"https:\/\/www.rassegnastampa-totustuus.it\/cattolica\/wp-json\/wp\/v2\/media?parent=248"}],"wp:term":[{"taxonomy":"category","embeddable":true,"href":"https:\/\/www.rassegnastampa-totustuus.it\/cattolica\/wp-json\/wp\/v2\/categories?post=248"},{"taxonomy":"post_tag","embeddable":true,"href":"https:\/\/www.rassegnastampa-totustuus.it\/cattolica\/wp-json\/wp\/v2\/tags?post=248"}],"curies":[{"name":"wp","href":"https:\/\/api.w.org\/{rel}","templated":true}]}}