{"id":2477,"date":"2007-02-08T17:07:28","date_gmt":"2007-02-08T16:07:28","guid":{"rendered":""},"modified":"2016-03-23T09:30:58","modified_gmt":"2016-03-23T08:30:58","slug":"le-radici-del-sessantotto-italiano","status":"publish","type":"post","link":"https:\/\/www.rassegnastampa-totustuus.it\/cattolica\/le-radici-del-sessantotto-italiano\/","title":{"rendered":"Le radici del Sessantotto italiano"},"content":{"rendered":"<div style=\"text-align: center;\"><strong><img loading=\"lazy\" decoding=\"async\" class=\"alignright wp-image-32061\" src=\"https:\/\/www.rassegnastampa-totustuus.it\/cattolica\/wp-content\/uploads\/2007\/02\/anni_60.jpg\" alt=\"anni_60\" width=\"147\" height=\"200\" \/>Studi Cattolici <\/strong>n.551 gennaio 2007<\/div>\n<p style=\"text-align: justify;\"><em>Resoconto del convegno su \u00abMilano e l&#8217;italia dal centrismo al Sessantotto. La preparazione di una rivoluzione nella cultura e nel costume\u00bb che si e tenuto il 30 novembre e il 1 dicembre 2006 alla Cattolica<\/em><\/p>\n<p style=\"text-align: center;\">di <strong>Giuseppe Brienza<\/strong><\/p>\n<p><!--more--><\/p>\n<div style=\"text-align: justify;\">Un altro \u00abventennio\u00bb si profila nella storiografia politica e culturale dell&#8217;Italia del Novecento. Si tratta di quello clic, nonostante il \u00abcentrismo\u00bb degasperiano, viene fatto partire dal dopo-elezioni del 18 aprile 1948 ed \u00e8 caratterizzato in misura crescente dall\u2019instillarsi nella societ\u00e0 italiana di tali e tanti fattori di<\/div>\n<p style=\"text-align: justify;\">secolarizzazione e laicismo che alla fine non potranno che esplodere nella rivoluzione culturale del Sessantotto con conseguenze che durano ancora oggi. A sostenere questa tesi sono stati studiosi di varie discipline nel convegno su \u00abMilano e l&#8217;Italia dal centrismo al Sessantotto. La preparazione di una rivoluzione nella cultura e nel costume\u00bb, organizzato dall&#8217;Istituto storico dell&#8217;Insorgenza e per l&#8217;Identit\u00e0 nazionale (Isiin), in collaborazione con l&#8217;Universit\u00e0 Cattolica del Sacro Cuore e con l&#8217;Universit\u00e0 degli Studi di Milano, che si e tenuto il 30 novembre e il 1 dicembre 2006 nella sede dell&#8217;Ateneo fondato da padre Agostino Gemelli.<\/p>\n<p style=\"text-align: justify;\">Due sono le chiavi interpretative di molti degli interventi (in totale venti) che si sono succeduti nelle quattro sessioni in cui \u00e8 stato articolato il convegno (gli <em>Atti<\/em> saranno pubblicati dalle edizioni Ares nel corso di quest&#8217;anno). La prima si rinviene nella parola stessa scelta per il titolo: \u00abpreparazione\u00bb. Il Sessantotto, in Italia come altrove, e analogamente a tutti i processi rivoluzionari moderni, non va infatti interpretato come un&#8217;esplosione estemporanea, ma \u00e8 piuttosto il frutto di un lungo, a tratti quasi impercettibile ma comunque profondo, <em>processo<\/em> di \u00abseminagione\u00bb, nel nostro Paese operato dalle forze laiciste, d&#8217;impronta massonica, socialista o vetero femminista, spalleggiate, promosse o solo appoggiate (a seconda dei casi) dal Partito comunista italiano.<\/p>\n<p style=\"text-align: justify;\">La seconda chiave di lettura \u00e8 strettamente legata alla prima. Al fine di identificare i fattori pi\u00f9 efficaci all&#8217;origine dei nostri sconvolgimenti <em>pre<\/em> e <em>post<\/em> sessantottini, si \u00e8 sostenuto infatti durante il convegno, occorrerebbe cercare anche in \u00abmotori endogeni\u00bb, oltre a quelli internazionalmente provenienti dalle universit\u00e0 americane, dal maggio francese, ccc.<\/p>\n<p style=\"text-align: justify;\">Uno dei maggiori fattori di \u00abattecchimento\u00bb del &#8217;68 nel nostro Paese, quindi, come ha sottolineato nel suo intervento Giovanni Orsina (cfr \u00abLe associazioni studentesche negli anni Cinquanta e Sessanta\u00bb) andrebbe individuato \u00abnon solo ai margini o nell&#8217;inadeguatezza del sistema politico repubblicano, ma anche nel suo cuore ideologico &#8211; l&#8217;anima radicale che esso acquisisce fin dalle sue origini nella lotta di liberazione e nella Costituente, e il riemergere di quell&#8217;anima all&#8217;indomani della &#8220;parentesi&#8221; centrista e in concomitanza con la genesi del centro-sinistra\u00bb.<\/p>\n<p style=\"text-align: justify;\"><strong>Mutamenti culturali &amp; di costume<\/strong><\/p>\n<p style=\"text-align: justify;\">\u00abLa secolarizzazione \u00e8 la protagonista di quegli anni\u00bb, ha commentato nella sua relazione intro-duttiva Marco Invernizzi. presidente dell&#8217;Isiin. \u00abCon il Sessan-totto si render\u00e0 palese, ma le sue radici affondano nel ventennio precedente alla contestazione\u00bb. Uno degli aspetti pi\u00f9 interessanti del convegno, e stato quindi quello di analizzare i mutamenti culturali e di costume intervenuti fra il 1948 e il &#8217;68, e ci\u00f2 nell&#8217;ambito dei nascenti mezzi di comunicazione di massa (si vedano gli interventi: \u00abL&#8217;influenza del &#8220;quarto potere&#8221; nei cambiamenti di costume\u00bb, di Aldo Alessandro Mola; \u00abPregi e limiti del progetto culturale della Rai delle origini\u00bb, di Armando Fumagalli; \u00abChiesa, cattolici e comunicazioni sociali\u00bb, di Francesco Bonini), della vita \u00abinterna\u00bb ed \u00abesterna\u00bb delle comunit\u00e0 familiari italiane, che stava andando incontro a profondi mutamenti (cfr la mia relazione su \u00abLe origini della disgregazione della famiglia italiana negli anni \u201860\u00bb e quella di Roberto Marchesini su \u00abOrigini e primi sviluppi della rivoluzione sessuale\u00bb), e infine nelle dinamiche di quel mondo cattolico che, gi\u00e0 investito da fremiti di rinnovamento, faceva presagire anche incipienti crisi (ne hanno parlato: Luca Pignataro, \u00abLa vita interna al mondo cattolico. Le crisi nell&#8217;Aci negli anni Cinquanta\u00bb, Maria Bocci, \u00abUn problema di identit\u00e0? Alle origini della contestazione studentesca in Universit\u00e0 Cattolica\u00bb, e infine mons. Ennio Apccili, \u00abL&#8217;insegnamento di Giovanni Battista Montini: il Concilio Vaticano II dalla cattedra di sant&#8217;Ambrosio a quella di San Pietro\u00bb).<\/p>\n<p style=\"text-align: justify;\">L&#8217;Italia e i Paesi occidentali si caratterizzano sempre pi\u00f9 durante questo \u00abventennio\u00bb per un modo di vivere contrassegnato dal secolarismo e da quel fenomeno che il magistero della Chiesa chiamer\u00e0 \u00abmaterialismo pratico\u00bb, per distinguerlo dal materialismo teorico e \u00abscientifico\u00bb proprio della dottrina marxista. \u00abPi\u00f9 che la secolarizzazione\u00bb, ha spiegato Invernizzi, \u00aballora \u00e8 venuto fuori il secolarismo: la convinzione che la religione sia un fatto rigorosamente privalo e non debba avere nessuna attinenza con la vita pubblica. Si \u00e8 passali cos\u00ec da un supposto e in qualche caso reale clericalismo a un laicismo radicale. \u00c8 stata questa la vera rivoluzione culturale che ha cambiato i connotati di una generazione: vivere prescindendo dall&#8217;esistenza di Dio. Agire come se Dio non ci fosse. O se c&#8217;\u00e8, \u00e8 un fatto mio personale: Dio non c&#8217;entra quando taccio politica, quando insegno, quando decido che tipo di educazione dare ai miei figli\u00bb.<\/p>\n<p style=\"text-align: justify;\">Il diffondersi del laicismo nel mondo cattolico determina nei primi anni \u201860 una decisa reazione dei vescovi italiani. A questo proposito sarebbe di grande utilit\u00e0, non solo storica, la lettura e l&#8217;analisi del documento della Conferenza episcopale italiana sul laicismo, pubblicalo il 25 marzo 1960 come \u00abLettera collettiva\u00bb su spinta dell&#8217;allora presidente cardinal Giuseppe Siri, intitolato: <em>Il laicismo. Lettera dell\u2019episcopato italiano al clero <\/em>(\u00e8 oggi reperibile <em>nell\u2019Enchiridion della Conferenza Episcopale Italiana. Decreti, dichiarazioni, documenti pastorali per la Chiesa italiana<\/em>, vol. I. 1954-1972, Edizioni Dehoniane. Bologna 1985, pp. 76-95).<\/p>\n<p style=\"text-align: justify;\">Ne ha offerto una acuta presentazione Francesco Pappalardo (efr \u00abL&#8217;analisi del laicismo in una pastorale dei vescovi italiani del 1960\u00bb), sottolineando la lucida descrizione della mentalit\u00e0 corrente dell&#8217;Italia del \u00abboom economico\u00bb offerta dai vescovi italiani, che ne denunciano la \u00abconcessione a un edonismo sempre pi\u00f9 esasperato; la sopravvalutazione esclusiva dei valori economici; il contagioso relativismo morale che affascina specialmente le giovani generazioni; l&#8217;esteriorizzazione della vita cosi sbandata, che quasi spegne nell&#8217;anima la possibilit\u00e0 della riflessione sulle realt\u00e0 pi\u00f9 serie e decreta un assurdo trionfo alle realt\u00e0 pi\u00f9 effimere e banali\u00bb.<\/p>\n<p style=\"text-align: justify;\">Il laicismo ha finito negli anni a noi pi\u00f9 vicini per condizionare perfino la lettura storica di questo periodo. Sul banco degli imputati ci sono soprattutto le storiografie di stampo \u00abgramsciano-marxista\u00bb, egemoni fino al 1989, caratterizzate tutte grosso modo dall&#8217;idea secondo cui l&#8217;Italia possa progredire civilmente e culturalmente solo nella misura in cui si liberi definitivamente delle sue radici cristiane.<\/p>\n<p style=\"text-align: justify;\">Non \u00e8 un caso se la pi\u00f9 diffusa opera del maggiore artefice di queste lettura laico-illuministica della storia e societ\u00e0 italiana, Norberto Bobbio, appaia proprio nel 1968. per poi essere pi\u00f9 volte aggiornata e ristampata, sempre per l&#8217;editore Garzanti. Mi riferisco al <em>Profilo ideologico deli &#8216;900<\/em>. in cui il filosofo torinese, come ha rilevato Roberto de Mattei (\u00abII dopoguerra in Italia nell&#8217;analisi di Augusto De! Noce e di Norberto Bobbio\u00bb), rimane \u00abprigioniero di una visione immanentista della storia che faceva coincidere il progresso con la secolarizzazione. Non si pu\u00f2 negare certo la passione civile e la tensione elica di Bobbio e probabilmente lui stesso non si riconosceva nell&#8217;Italia di Tangentopoli. nell&#8217;Italia relativista ed edonista degli ultimi anni. Per\u00f2 le posizioni neo-i luministiche di Bobbio hanno contribuito alla dissoluzione della morale. Perch\u00e9 il secolarismo, decretando il tramonto dei valori trascendenti, apre le porte al relativismo\u00bb.<\/p>\n<p style=\"text-align: justify;\"><strong>Virus in incubazione<\/strong><\/p>\n<p style=\"text-align: justify;\">Se per Bobbio ogni totalitarismo aveva il suo nucleo essenziale nell&#8217;idea di una verit\u00e0 oggettiva e assoluta, per l&#8217;altro grande protagonista (anche se emarginato prima, durante e dopo il &#8217;68) della filosof\u00eca italiana del dopoguerra. Augusto Del Noce, esso risiede piuttosto nella pretesa relativistica di dissolvere ogni valore e di sostituire cos\u00ec all&#8217;ordine oggettivo e naturale delle cose un pseudo-ordine utopistico e rivoluzionario. Censurato dalla cultura \u00abgranisciano-azionista\u00bb.<\/p>\n<p style=\"text-align: justify;\">Del Noce \u00e8 stato ostracizzato a lungo anche dalla gran parte della classe dirigente cattolica, potendo affermarsi solo fra la fine degli anni Settanta e i primi anni Ottanta come la figura pi\u00f9 lucida e controcorrente della cultura italiana. Fu lui a denunciare per esempio, ha ricordato Invernizzi. come gi\u00e0 durante la Resistenza ma soprattutto dopo, nel mondo cattolico \u00abprogressista\u00bb s&#8217;iniziassero a \u00abincubare\u00bb virus di cui si sarebbero rilevate inesorabilmente le conseguenze nocive per l&#8217;intera societ\u00e0 italiana. Come per esempio l&#8217;errore specificamente riguardante la vita morale consistente nel contrapporre le virt\u00f9 cosiddette <em>passive <\/em>(castit\u00e0, purezza, temperanza) a quelle <em>attive<\/em>, che verranno unicamente privilegiate, sebbene in modo parziale.<\/p>\n<p style=\"text-align: justify;\">Come ha ricordato nel suo intervento Invernizzi, significativo \u00e8 al riguardo l&#8217;episodio riportato da Del Noce a proposito di un volantino distribuito negli anni &#8217;60 a Parigi dai cattolici di sinistra del periodico <em>T\u00e9moignage Chr\u00e9t\u00ecen<\/em> contro una manifestazione anti-pornografia, \u00abvolantino dove si scriveva d&#8217;inutili battaglie contro la pornografia che avrebbero dovuto piuttosto essere sostituite con iniziative contro la guerra nel Vietnam, a favore degli scioperi allora in corso, ecc.\u00bb.<\/p>\n<p style=\"text-align: justify;\">Il movimento, la cultura antagonista, lo scontro con l&#8217;ordine costituito, l&#8217;utopia, la rivoluzione sessuale, non nacquero dunque nell&#8217;<em>anno magico<\/em>, il &#8217;68, ma furono presenti in uno stadio ancora non compiuto gi\u00e0 molti anni prima. I fautori del tentativo di creare un <em>mondo nuovo<\/em> con le sole forze dell&#8217;uomo e per le vie brevi non poterono o vollero allora nemmeno tentare di intravedere quali drammatici esiti avrebbe potuto avere la parabola di un&#8217;esistenza vissuta all&#8217;insegna di slogan come \u00abn\u00e9 padri, n\u00e9 padroni\u00bb, \u00abfantasia al potere\u00bb o \u00abvietato vietare\u00bb.<\/p>\n<p style=\"text-align: justify;\">Alla fine della loro <em>parabola<\/em> per\u00f2, quando il \u00abpre-&#8217;68\u00bb sar\u00e0 divenuto \u00ab&#8217;68\u00bb, e poi rivoluzione politica e poi, ancora, lotta armata e poi anche questa sar\u00e0 sconfitta, come ha rilevato nella sua relazione conclusiva il direttore dell&#8217;Isiin Oscar Sanguinetti, \u00able &#8220;agenzie della modernizzazione&#8221; cambieranno registro e la parte migliore, quella pi\u00f9 idealista, di una generazione, la mia, tranne qualche sporadica inversione di marcia, sceglier\u00e0 il suicidio o imboccher\u00e0 il tunnel della droga. Oppure rientrer\u00e0 nei ranghi, diventando, da hippy, yuppy, da &#8220;figlio dei fiori&#8221; a cinico arrivista, accettando cio\u00e8 finalmente &#8211; ma con l&#8217;amaro in bocca di una profonda disillusione &#8211; il sistema. E confermando cos\u00ec la lucida prognosi di Augusto Del Noce sugli esiti ultimamente &#8220;borghesi&#8221; e nichilistici della rivoluzione comunista\u00bb.<\/p>\n","protected":false},"excerpt":{"rendered":"<p>Studi Cattolici n.551 gennaio 2007 Resoconto del convegno su \u00abMilano e l&#8217;italia dal centrismo al Sessantotto. La preparazione di una rivoluzione nella cultura e nel costume\u00bb che si e tenuto il 30 novembre e il 1 dicembre 2006 alla Cattolica di Giuseppe Brienza<\/p><p><a class=\"more-link btn\" href=\"https:\/\/www.rassegnastampa-totustuus.it\/cattolica\/le-radici-del-sessantotto-italiano\/\">Continua a leggere<\/a><\/p>\n","protected":false},"author":6,"featured_media":32061,"comment_status":"closed","ping_status":"open","sticky":false,"template":"","format":"standard","meta":{"footnotes":""},"categories":[98,96],"tags":[305],"class_list":["post-2477","post","type-post","status-publish","format-standard","has-post-thumbnail","hentry","category-il-68","category-storia-italiana","tag-305","item-wrap"],"yoast_head":"<!-- This site is optimized with the Yoast SEO plugin v27.5 - https:\/\/yoast.com\/product\/yoast-seo-wordpress\/ -->\n<title>Le radici del Sessantotto italiano - Rassegna Stampa Cattolica<\/title>\n<meta name=\"description\" content=\"Rassegna Stampa Cattolica - Per una cultura che nasce dalla Rivelazione cristiana in conformit\u00e0 alla tradizione e al Magistero della Chiesa in opposizione ad ogni relativismo e totalitarismo\" \/>\n<meta name=\"robots\" content=\"index, follow, max-snippet:-1, max-image-preview:large, max-video-preview:-1\" \/>\n<link rel=\"canonical\" href=\"https:\/\/www.rassegnastampa-totustuus.it\/cattolica\/le-radici-del-sessantotto-italiano\/\" \/>\n<meta property=\"og:locale\" content=\"it_IT\" \/>\n<meta property=\"og:type\" content=\"article\" \/>\n<meta property=\"og:title\" content=\"Le radici del Sessantotto italiano - Rassegna Stampa Cattolica\" \/>\n<meta property=\"og:description\" content=\"Rassegna Stampa Cattolica - Per una cultura che nasce dalla Rivelazione cristiana in conformit\u00e0 alla tradizione e al Magistero della Chiesa in opposizione ad ogni relativismo e totalitarismo\" \/>\n<meta property=\"og:url\" content=\"https:\/\/www.rassegnastampa-totustuus.it\/cattolica\/le-radici-del-sessantotto-italiano\/\" \/>\n<meta property=\"og:site_name\" content=\"Rassegna Stampa Cattolica\" \/>\n<meta property=\"article:publisher\" content=\"https:\/\/www.facebook.com\/rassegnastampacattolica\" \/>\n<meta property=\"article:published_time\" content=\"2007-02-08T16:07:28+00:00\" \/>\n<meta property=\"article:modified_time\" content=\"2016-03-23T08:30:58+00:00\" \/>\n<meta property=\"og:image\" content=\"https:\/\/www.rassegnastampa-totustuus.it\/cattolica\/wp-content\/uploads\/2007\/02\/anni_60.jpg\" \/>\n\t<meta property=\"og:image:width\" content=\"192\" \/>\n\t<meta property=\"og:image:height\" content=\"262\" \/>\n\t<meta property=\"og:image:type\" content=\"image\/jpeg\" \/>\n<meta name=\"author\" content=\"Redazione\" \/>\n<meta name=\"twitter:card\" content=\"summary_large_image\" \/>\n<meta name=\"twitter:creator\" content=\"@rassegnastampa9\" \/>\n<meta name=\"twitter:site\" content=\"@rassegnastampa9\" \/>\n<meta name=\"twitter:label1\" content=\"Scritto da\" \/>\n\t<meta name=\"twitter:data1\" content=\"Redazione\" \/>\n\t<meta name=\"twitter:label2\" content=\"Tempo di lettura stimato\" \/>\n\t<meta name=\"twitter:data2\" content=\"8 minuti\" \/>\n<script type=\"application\/ld+json\" class=\"yoast-schema-graph\">{\"@context\":\"https:\\\/\\\/schema.org\",\"@graph\":[{\"@type\":\"Article\",\"@id\":\"https:\\\/\\\/www.rassegnastampa-totustuus.it\\\/cattolica\\\/le-radici-del-sessantotto-italiano\\\/#article\",\"isPartOf\":{\"@id\":\"https:\\\/\\\/www.rassegnastampa-totustuus.it\\\/cattolica\\\/le-radici-del-sessantotto-italiano\\\/\"},\"author\":{\"name\":\"Redazione\",\"@id\":\"https:\\\/\\\/www.rassegnastampa-totustuus.it\\\/cattolica\\\/#\\\/schema\\\/person\\\/08f319d2bd1a0904ad9e2bfb7b15e5c3\"},\"headline\":\"Le radici del Sessantotto italiano\",\"datePublished\":\"2007-02-08T16:07:28+00:00\",\"dateModified\":\"2016-03-23T08:30:58+00:00\",\"mainEntityOfPage\":{\"@id\":\"https:\\\/\\\/www.rassegnastampa-totustuus.it\\\/cattolica\\\/le-radici-del-sessantotto-italiano\\\/\"},\"wordCount\":1671,\"publisher\":{\"@id\":\"https:\\\/\\\/www.rassegnastampa-totustuus.it\\\/cattolica\\\/#organization\"},\"image\":{\"@id\":\"https:\\\/\\\/www.rassegnastampa-totustuus.it\\\/cattolica\\\/le-radici-del-sessantotto-italiano\\\/#primaryimage\"},\"thumbnailUrl\":\"https:\\\/\\\/www.rassegnastampa-totustuus.it\\\/cattolica\\\/wp-content\\\/uploads\\\/2007\\\/02\\\/anni_60.jpg\",\"keywords\":[\"68\"],\"articleSection\":[\"Il 68\",\"Storia italiana\"],\"inLanguage\":\"it-IT\"},{\"@type\":\"WebPage\",\"@id\":\"https:\\\/\\\/www.rassegnastampa-totustuus.it\\\/cattolica\\\/le-radici-del-sessantotto-italiano\\\/\",\"url\":\"https:\\\/\\\/www.rassegnastampa-totustuus.it\\\/cattolica\\\/le-radici-del-sessantotto-italiano\\\/\",\"name\":\"Le radici del Sessantotto italiano - Rassegna Stampa Cattolica\",\"isPartOf\":{\"@id\":\"https:\\\/\\\/www.rassegnastampa-totustuus.it\\\/cattolica\\\/#website\"},\"primaryImageOfPage\":{\"@id\":\"https:\\\/\\\/www.rassegnastampa-totustuus.it\\\/cattolica\\\/le-radici-del-sessantotto-italiano\\\/#primaryimage\"},\"image\":{\"@id\":\"https:\\\/\\\/www.rassegnastampa-totustuus.it\\\/cattolica\\\/le-radici-del-sessantotto-italiano\\\/#primaryimage\"},\"thumbnailUrl\":\"https:\\\/\\\/www.rassegnastampa-totustuus.it\\\/cattolica\\\/wp-content\\\/uploads\\\/2007\\\/02\\\/anni_60.jpg\",\"datePublished\":\"2007-02-08T16:07:28+00:00\",\"dateModified\":\"2016-03-23T08:30:58+00:00\",\"description\":\"Rassegna Stampa Cattolica - Per una cultura che nasce dalla Rivelazione cristiana in conformit\u00e0 alla tradizione e al Magistero della Chiesa in opposizione ad ogni relativismo e totalitarismo\",\"breadcrumb\":{\"@id\":\"https:\\\/\\\/www.rassegnastampa-totustuus.it\\\/cattolica\\\/le-radici-del-sessantotto-italiano\\\/#breadcrumb\"},\"inLanguage\":\"it-IT\",\"potentialAction\":[{\"@type\":\"ReadAction\",\"target\":[\"https:\\\/\\\/www.rassegnastampa-totustuus.it\\\/cattolica\\\/le-radici-del-sessantotto-italiano\\\/\"]}]},{\"@type\":\"ImageObject\",\"inLanguage\":\"it-IT\",\"@id\":\"https:\\\/\\\/www.rassegnastampa-totustuus.it\\\/cattolica\\\/le-radici-del-sessantotto-italiano\\\/#primaryimage\",\"url\":\"https:\\\/\\\/www.rassegnastampa-totustuus.it\\\/cattolica\\\/wp-content\\\/uploads\\\/2007\\\/02\\\/anni_60.jpg\",\"contentUrl\":\"https:\\\/\\\/www.rassegnastampa-totustuus.it\\\/cattolica\\\/wp-content\\\/uploads\\\/2007\\\/02\\\/anni_60.jpg\",\"width\":192,\"height\":262},{\"@type\":\"BreadcrumbList\",\"@id\":\"https:\\\/\\\/www.rassegnastampa-totustuus.it\\\/cattolica\\\/le-radici-del-sessantotto-italiano\\\/#breadcrumb\",\"itemListElement\":[{\"@type\":\"ListItem\",\"position\":1,\"name\":\"Home\",\"item\":\"https:\\\/\\\/www.rassegnastampa-totustuus.it\\\/cattolica\\\/\"},{\"@type\":\"ListItem\",\"position\":2,\"name\":\"Le radici del Sessantotto italiano\"}]},{\"@type\":\"WebSite\",\"@id\":\"https:\\\/\\\/www.rassegnastampa-totustuus.it\\\/cattolica\\\/#website\",\"url\":\"https:\\\/\\\/www.rassegnastampa-totustuus.it\\\/cattolica\\\/\",\"name\":\"Rassegna Stampa Cattolica\",\"description\":\"Per una cultura che nasce dalla Rivelazione cristiana in conformit\u00e0 alla tradizione e al Magistero della Chiesa in opposizione ad ogni relativismo e totalitarismo\",\"publisher\":{\"@id\":\"https:\\\/\\\/www.rassegnastampa-totustuus.it\\\/cattolica\\\/#organization\"},\"alternateName\":\"Rass. Cattolica\",\"potentialAction\":[{\"@type\":\"SearchAction\",\"target\":{\"@type\":\"EntryPoint\",\"urlTemplate\":\"https:\\\/\\\/www.rassegnastampa-totustuus.it\\\/cattolica\\\/?s={search_term_string}\"},\"query-input\":{\"@type\":\"PropertyValueSpecification\",\"valueRequired\":true,\"valueName\":\"search_term_string\"}}],\"inLanguage\":\"it-IT\"},{\"@type\":\"Organization\",\"@id\":\"https:\\\/\\\/www.rassegnastampa-totustuus.it\\\/cattolica\\\/#organization\",\"name\":\"Rassegna Stampa Cattolica\",\"url\":\"https:\\\/\\\/www.rassegnastampa-totustuus.it\\\/cattolica\\\/\",\"logo\":{\"@type\":\"ImageObject\",\"inLanguage\":\"it-IT\",\"@id\":\"https:\\\/\\\/www.rassegnastampa-totustuus.it\\\/cattolica\\\/#\\\/schema\\\/logo\\\/image\\\/\",\"url\":\"https:\\\/\\\/www.rassegnastampa-totustuus.it\\\/cattolica\\\/wp-content\\\/uploads\\\/2014\\\/04\\\/logo-rassegna1.gif\",\"contentUrl\":\"https:\\\/\\\/www.rassegnastampa-totustuus.it\\\/cattolica\\\/wp-content\\\/uploads\\\/2014\\\/04\\\/logo-rassegna1.gif\",\"width\":600,\"height\":163,\"caption\":\"Rassegna Stampa Cattolica\"},\"image\":{\"@id\":\"https:\\\/\\\/www.rassegnastampa-totustuus.it\\\/cattolica\\\/#\\\/schema\\\/logo\\\/image\\\/\"},\"sameAs\":[\"https:\\\/\\\/www.facebook.com\\\/rassegnastampacattolica\",\"https:\\\/\\\/x.com\\\/rassegnastampa9\"]},{\"@type\":\"Person\",\"@id\":\"https:\\\/\\\/www.rassegnastampa-totustuus.it\\\/cattolica\\\/#\\\/schema\\\/person\\\/08f319d2bd1a0904ad9e2bfb7b15e5c3\",\"name\":\"Redazione\",\"image\":{\"@type\":\"ImageObject\",\"inLanguage\":\"it-IT\",\"@id\":\"https:\\\/\\\/secure.gravatar.com\\\/avatar\\\/2fcdf27c78ea025fbdb44e914cc63c72249ffec9dc8aafd5c82b26240ef3f346?s=96&d=mm&r=g\",\"url\":\"https:\\\/\\\/secure.gravatar.com\\\/avatar\\\/2fcdf27c78ea025fbdb44e914cc63c72249ffec9dc8aafd5c82b26240ef3f346?s=96&d=mm&r=g\",\"contentUrl\":\"https:\\\/\\\/secure.gravatar.com\\\/avatar\\\/2fcdf27c78ea025fbdb44e914cc63c72249ffec9dc8aafd5c82b26240ef3f346?s=96&d=mm&r=g\",\"caption\":\"Redazione\"},\"url\":\"https:\\\/\\\/www.rassegnastampa-totustuus.it\\\/cattolica\\\/author\\\/pietroelle\\\/\"}]}<\/script>\n<!-- \/ Yoast SEO plugin. -->","yoast_head_json":{"title":"Le radici del Sessantotto italiano - Rassegna Stampa Cattolica","description":"Rassegna Stampa Cattolica - Per una cultura che nasce dalla Rivelazione cristiana in conformit\u00e0 alla tradizione e al Magistero della Chiesa in opposizione ad ogni relativismo e totalitarismo","robots":{"index":"index","follow":"follow","max-snippet":"max-snippet:-1","max-image-preview":"max-image-preview:large","max-video-preview":"max-video-preview:-1"},"canonical":"https:\/\/www.rassegnastampa-totustuus.it\/cattolica\/le-radici-del-sessantotto-italiano\/","og_locale":"it_IT","og_type":"article","og_title":"Le radici del Sessantotto italiano - Rassegna Stampa Cattolica","og_description":"Rassegna Stampa Cattolica - Per una cultura che nasce dalla Rivelazione cristiana in conformit\u00e0 alla tradizione e al Magistero della Chiesa in opposizione ad ogni relativismo e totalitarismo","og_url":"https:\/\/www.rassegnastampa-totustuus.it\/cattolica\/le-radici-del-sessantotto-italiano\/","og_site_name":"Rassegna Stampa Cattolica","article_publisher":"https:\/\/www.facebook.com\/rassegnastampacattolica","article_published_time":"2007-02-08T16:07:28+00:00","article_modified_time":"2016-03-23T08:30:58+00:00","og_image":[{"width":192,"height":262,"url":"https:\/\/www.rassegnastampa-totustuus.it\/cattolica\/wp-content\/uploads\/2007\/02\/anni_60.jpg","type":"image\/jpeg"}],"author":"Redazione","twitter_card":"summary_large_image","twitter_creator":"@rassegnastampa9","twitter_site":"@rassegnastampa9","twitter_misc":{"Scritto da":"Redazione","Tempo di lettura stimato":"8 minuti"},"schema":{"@context":"https:\/\/schema.org","@graph":[{"@type":"Article","@id":"https:\/\/www.rassegnastampa-totustuus.it\/cattolica\/le-radici-del-sessantotto-italiano\/#article","isPartOf":{"@id":"https:\/\/www.rassegnastampa-totustuus.it\/cattolica\/le-radici-del-sessantotto-italiano\/"},"author":{"name":"Redazione","@id":"https:\/\/www.rassegnastampa-totustuus.it\/cattolica\/#\/schema\/person\/08f319d2bd1a0904ad9e2bfb7b15e5c3"},"headline":"Le radici del Sessantotto italiano","datePublished":"2007-02-08T16:07:28+00:00","dateModified":"2016-03-23T08:30:58+00:00","mainEntityOfPage":{"@id":"https:\/\/www.rassegnastampa-totustuus.it\/cattolica\/le-radici-del-sessantotto-italiano\/"},"wordCount":1671,"publisher":{"@id":"https:\/\/www.rassegnastampa-totustuus.it\/cattolica\/#organization"},"image":{"@id":"https:\/\/www.rassegnastampa-totustuus.it\/cattolica\/le-radici-del-sessantotto-italiano\/#primaryimage"},"thumbnailUrl":"https:\/\/www.rassegnastampa-totustuus.it\/cattolica\/wp-content\/uploads\/2007\/02\/anni_60.jpg","keywords":["68"],"articleSection":["Il 68","Storia italiana"],"inLanguage":"it-IT"},{"@type":"WebPage","@id":"https:\/\/www.rassegnastampa-totustuus.it\/cattolica\/le-radici-del-sessantotto-italiano\/","url":"https:\/\/www.rassegnastampa-totustuus.it\/cattolica\/le-radici-del-sessantotto-italiano\/","name":"Le radici del Sessantotto italiano - Rassegna Stampa Cattolica","isPartOf":{"@id":"https:\/\/www.rassegnastampa-totustuus.it\/cattolica\/#website"},"primaryImageOfPage":{"@id":"https:\/\/www.rassegnastampa-totustuus.it\/cattolica\/le-radici-del-sessantotto-italiano\/#primaryimage"},"image":{"@id":"https:\/\/www.rassegnastampa-totustuus.it\/cattolica\/le-radici-del-sessantotto-italiano\/#primaryimage"},"thumbnailUrl":"https:\/\/www.rassegnastampa-totustuus.it\/cattolica\/wp-content\/uploads\/2007\/02\/anni_60.jpg","datePublished":"2007-02-08T16:07:28+00:00","dateModified":"2016-03-23T08:30:58+00:00","description":"Rassegna Stampa Cattolica - Per una cultura che nasce dalla Rivelazione cristiana in conformit\u00e0 alla tradizione e al Magistero della Chiesa in opposizione ad ogni relativismo e totalitarismo","breadcrumb":{"@id":"https:\/\/www.rassegnastampa-totustuus.it\/cattolica\/le-radici-del-sessantotto-italiano\/#breadcrumb"},"inLanguage":"it-IT","potentialAction":[{"@type":"ReadAction","target":["https:\/\/www.rassegnastampa-totustuus.it\/cattolica\/le-radici-del-sessantotto-italiano\/"]}]},{"@type":"ImageObject","inLanguage":"it-IT","@id":"https:\/\/www.rassegnastampa-totustuus.it\/cattolica\/le-radici-del-sessantotto-italiano\/#primaryimage","url":"https:\/\/www.rassegnastampa-totustuus.it\/cattolica\/wp-content\/uploads\/2007\/02\/anni_60.jpg","contentUrl":"https:\/\/www.rassegnastampa-totustuus.it\/cattolica\/wp-content\/uploads\/2007\/02\/anni_60.jpg","width":192,"height":262},{"@type":"BreadcrumbList","@id":"https:\/\/www.rassegnastampa-totustuus.it\/cattolica\/le-radici-del-sessantotto-italiano\/#breadcrumb","itemListElement":[{"@type":"ListItem","position":1,"name":"Home","item":"https:\/\/www.rassegnastampa-totustuus.it\/cattolica\/"},{"@type":"ListItem","position":2,"name":"Le radici del Sessantotto italiano"}]},{"@type":"WebSite","@id":"https:\/\/www.rassegnastampa-totustuus.it\/cattolica\/#website","url":"https:\/\/www.rassegnastampa-totustuus.it\/cattolica\/","name":"Rassegna Stampa Cattolica","description":"Per una cultura che nasce dalla Rivelazione cristiana in conformit\u00e0 alla tradizione e al Magistero della Chiesa in opposizione ad ogni relativismo e totalitarismo","publisher":{"@id":"https:\/\/www.rassegnastampa-totustuus.it\/cattolica\/#organization"},"alternateName":"Rass. Cattolica","potentialAction":[{"@type":"SearchAction","target":{"@type":"EntryPoint","urlTemplate":"https:\/\/www.rassegnastampa-totustuus.it\/cattolica\/?s={search_term_string}"},"query-input":{"@type":"PropertyValueSpecification","valueRequired":true,"valueName":"search_term_string"}}],"inLanguage":"it-IT"},{"@type":"Organization","@id":"https:\/\/www.rassegnastampa-totustuus.it\/cattolica\/#organization","name":"Rassegna Stampa Cattolica","url":"https:\/\/www.rassegnastampa-totustuus.it\/cattolica\/","logo":{"@type":"ImageObject","inLanguage":"it-IT","@id":"https:\/\/www.rassegnastampa-totustuus.it\/cattolica\/#\/schema\/logo\/image\/","url":"https:\/\/www.rassegnastampa-totustuus.it\/cattolica\/wp-content\/uploads\/2014\/04\/logo-rassegna1.gif","contentUrl":"https:\/\/www.rassegnastampa-totustuus.it\/cattolica\/wp-content\/uploads\/2014\/04\/logo-rassegna1.gif","width":600,"height":163,"caption":"Rassegna Stampa Cattolica"},"image":{"@id":"https:\/\/www.rassegnastampa-totustuus.it\/cattolica\/#\/schema\/logo\/image\/"},"sameAs":["https:\/\/www.facebook.com\/rassegnastampacattolica","https:\/\/x.com\/rassegnastampa9"]},{"@type":"Person","@id":"https:\/\/www.rassegnastampa-totustuus.it\/cattolica\/#\/schema\/person\/08f319d2bd1a0904ad9e2bfb7b15e5c3","name":"Redazione","image":{"@type":"ImageObject","inLanguage":"it-IT","@id":"https:\/\/secure.gravatar.com\/avatar\/2fcdf27c78ea025fbdb44e914cc63c72249ffec9dc8aafd5c82b26240ef3f346?s=96&d=mm&r=g","url":"https:\/\/secure.gravatar.com\/avatar\/2fcdf27c78ea025fbdb44e914cc63c72249ffec9dc8aafd5c82b26240ef3f346?s=96&d=mm&r=g","contentUrl":"https:\/\/secure.gravatar.com\/avatar\/2fcdf27c78ea025fbdb44e914cc63c72249ffec9dc8aafd5c82b26240ef3f346?s=96&d=mm&r=g","caption":"Redazione"},"url":"https:\/\/www.rassegnastampa-totustuus.it\/cattolica\/author\/pietroelle\/"}]}},"_links":{"self":[{"href":"https:\/\/www.rassegnastampa-totustuus.it\/cattolica\/wp-json\/wp\/v2\/posts\/2477","targetHints":{"allow":["GET"]}}],"collection":[{"href":"https:\/\/www.rassegnastampa-totustuus.it\/cattolica\/wp-json\/wp\/v2\/posts"}],"about":[{"href":"https:\/\/www.rassegnastampa-totustuus.it\/cattolica\/wp-json\/wp\/v2\/types\/post"}],"author":[{"embeddable":true,"href":"https:\/\/www.rassegnastampa-totustuus.it\/cattolica\/wp-json\/wp\/v2\/users\/6"}],"replies":[{"embeddable":true,"href":"https:\/\/www.rassegnastampa-totustuus.it\/cattolica\/wp-json\/wp\/v2\/comments?post=2477"}],"version-history":[{"count":4,"href":"https:\/\/www.rassegnastampa-totustuus.it\/cattolica\/wp-json\/wp\/v2\/posts\/2477\/revisions"}],"predecessor-version":[{"id":32062,"href":"https:\/\/www.rassegnastampa-totustuus.it\/cattolica\/wp-json\/wp\/v2\/posts\/2477\/revisions\/32062"}],"wp:featuredmedia":[{"embeddable":true,"href":"https:\/\/www.rassegnastampa-totustuus.it\/cattolica\/wp-json\/wp\/v2\/media\/32061"}],"wp:attachment":[{"href":"https:\/\/www.rassegnastampa-totustuus.it\/cattolica\/wp-json\/wp\/v2\/media?parent=2477"}],"wp:term":[{"taxonomy":"category","embeddable":true,"href":"https:\/\/www.rassegnastampa-totustuus.it\/cattolica\/wp-json\/wp\/v2\/categories?post=2477"},{"taxonomy":"post_tag","embeddable":true,"href":"https:\/\/www.rassegnastampa-totustuus.it\/cattolica\/wp-json\/wp\/v2\/tags?post=2477"}],"curies":[{"name":"wp","href":"https:\/\/api.w.org\/{rel}","templated":true}]}}