{"id":2474,"date":"2007-02-08T00:00:00","date_gmt":"2007-02-07T23:00:00","guid":{"rendered":""},"modified":"2020-02-14T13:27:49","modified_gmt":"2020-02-14T12:27:49","slug":"svalentino-il-mistero-dellamore-infelice-lincarnazione-e-i-turchi","status":"publish","type":"post","link":"https:\/\/www.rassegnastampa-totustuus.it\/cattolica\/svalentino-il-mistero-dellamore-infelice-lincarnazione-e-i-turchi\/","title":{"rendered":"S.Valentino, il mistero dell&#8217;amore infelice, l&#8217;incarnazione e i Turchi"},"content":{"rendered":"<div style=\"text-align: center;\"><strong><a href=\"https:\/\/www.rassegnastampa-totustuus.it\/cattolica\/wp-content\/uploads\/2007\/02\/S-Valentino.jpg\"><img loading=\"lazy\" decoding=\"async\" class=\"alignright wp-image-17266\" src=\"https:\/\/www.rassegnastampa-totustuus.it\/cattolica\/wp-content\/uploads\/2007\/02\/S-Valentino.jpg\" alt=\"S Valentino\" width=\"140\" height=\"200\" \/><\/a>Libero<\/strong> del 14 febbraio 2006<\/div>\n<p style=\"text-align: justify;\"><em>La \u201cfesta degli innamorati\u201d nasce nel 1465 per dare una dote alle ragazze povere di Roma. Fu scelto il giorno del vescovo martire di Terni, vissuto nel II secolo d.C., che era ricordato per avere \u2013 secondo alcune leggende \u2013 aiutato l\u2019amore infelice di due giovani. Tutto questo accadeva mentre il Papa era drammaticamente preoccupato per la feroce avanzata turca che minacciava Roma e l\u2019Europa intera.<\/em><\/p>\n<p style=\"text-align: center;\">di <strong>Antonio Socci<\/strong><\/p>\n<p><!--more--><\/p>\n<p style=\"text-align: justify;\">C\u2019\u00e8 un curioso confronto da fare tra papa Paolo II che istituisce a Roma la \u201cfesta degli innamorati\u201d nel 1465 mentre tenta di organizzare la difesa dell\u2019Europa cristiana dalla feroce e travolgente invasione dei Turchi, e papa Benedetto XVI che, 540 anni dopo, ha iniziato il suo pontificato con un\u2019enciclica sull\u2019Amore e si trova alle prese con l\u2019arrivo dei turchi in Europa, accolti stavolta a braccia aperte.Oltretutto i dettagli di questi giorni, com\u2019\u00e8 noto, sono drammatici: un prete romano martirizzato a Trebisonda, l\u2019ammissione di questo paese islamico nell\u2019Unione europea, a cui da cardinale Ratzinger si era opposto, e il suo viaggio, come papa, a novembre, in quella minacciosa nazione che ha gi\u00e0 sfornato un killer di un papa. Ma torniamo alla festa di san Valentino.<\/p>\n<p style=\"text-align: justify;\"><a href=\"https:\/\/www.rassegnastampa-totustuus.it\/cattolica\/wp-content\/uploads\/2007\/02\/povert\u00e0_poveri.jpg\"><img loading=\"lazy\" decoding=\"async\" class=\"size-full wp-image-46420 alignleft\" src=\"https:\/\/www.rassegnastampa-totustuus.it\/cattolica\/wp-content\/uploads\/2007\/02\/povert\u00e0_poveri.jpg\" alt=\"\" width=\"193\" height=\"262\" \/><\/a>Romeo de Maio ha raccontato questa singolare storia di cui fu protagonista il cardinale Giovanni Torquemada (zio del pi\u00f9 famoso Tommaso). Il prelato spagnolo, uomo dottissimo (di origine familiari ebraiche) che sfior\u00f2 perfino il papato, scopr\u00ec con dolore quante fanciulle delle famiglie povere, nella Roma del XV secolo, a causa della povert\u00e0 si trovavano costrette alla prostituzione e non potevano coronare il loro sogno d\u2019amore con i fidanzati.<\/p>\n<p style=\"text-align: justify;\">Dunque \u2013 in quella capitale della cristianit\u00e0 piena di opere di carit\u00e0 \u2013 egli immagin\u00f2 una nuova iniziativa che aiutasse queste ragazze. Coinvolse un altro porporato, suo amico, il Carafa, illustre umanista, insieme andarono dal papa, mettendo a disposizione i loro averi e il pontefice, Paolo II dette il suo appoggio. Dunque per la \u201cfesta degli innamorati\u201d fu scelto il giorno del vescovo martire di Terni, vissuto nel II secolo d.C., che era ricordato per avere \u2013 secondo alcune leggende \u2013 aiutato l\u2019amore infelice di due giovani.<\/p>\n<p style=\"text-align: justify;\"><a href=\"https:\/\/www.rassegnastampa-totustuus.it\/cattolica\/wp-content\/uploads\/2007\/02\/Roma_XV_secolo.jpg\"><img loading=\"lazy\" decoding=\"async\" class=\"size-full wp-image-46421 alignright\" src=\"https:\/\/www.rassegnastampa-totustuus.it\/cattolica\/wp-content\/uploads\/2007\/02\/Roma_XV_secolo.jpg\" alt=\"\" width=\"276\" height=\"182\" \/><\/a>A partire da quell\u2019anno, il 1465, ogni 14 febbraio, nella Chiesa di S. Maria sopra Minerva, verr\u00e0 fatta una solenne distribuzione di \u201cdoti\u201d alle fanciulle povere e \u2013 precisa De Maio \u2013 i beneficiari \u201cnon erano soltanto delle coppie giuridiche o dei soggetti sacramentari, erano innamorati\u201d. Fu scelta, per questo rito, la cappella dell\u2019Annunziata affrescata da Antoniazzo da Romano con un soggetto che aveva a che fare con il desiderio d\u2019amore di quei giovani: appunto l\u2019Annunciazione, l\u2019immagine che fissa l\u2019attimo in cui l\u2019Amore si fece carne nel grembo di Maria.<\/p>\n<p style=\"text-align: justify;\">Ancora oggi c\u2019\u00e8 il dipinto della Vergine che distribuisce le doti alle giovani in questa chiesa dove si trova pure la statua di Cristo Risorto di Michelangelo e dove sono sepolti il Beato Angelico e Santa Caterina da Siena. Tutto questo accadeva mentre il Papa era drammaticamente preoccupato per la feroce avanzata turca che minacciava Roma e l\u2019Europa intera.<\/p>\n<p style=\"text-align: justify;\"><a href=\"https:\/\/www.rassegnastampa-totustuus.it\/cattolica\/wp-content\/uploads\/2005\/09\/Turchi_pirati_islam.jpg\"><img loading=\"lazy\" decoding=\"async\" class=\" wp-image-44604 alignleft\" src=\"https:\/\/www.rassegnastampa-totustuus.it\/cattolica\/wp-content\/uploads\/2005\/09\/Turchi_pirati_islam.jpg\" alt=\"\" width=\"262\" height=\"176\" \/><\/a>Nei primi decenni del XV secolo Bisanzio, la Roma dell\u2019Oriente voluta da Costantino, la pi\u00f9 grande e bella capitale della cristianit\u00e0 che aveva governato per secoli i luoghi santi, sentendosi minacciata dall\u2019invasione turca, tent\u00f2 di ricucire con la cristianit\u00e0 d\u2019Occidente, come testimoniano il Concilio di Ferrara e di Firenze, sperando di essere soccorsa.<\/p>\n<p style=\"text-align: justify;\">Ma l\u2019Occidente non comprese il pericolo e la citt\u00e0 fu conquistata da Maometto II il 29 maggio 1453 in un orrendo bagno di sangue. La cattedrale dedicata alla Divina Sapienza, Santa Sofia, fu profanata e trasformata in moschea. Migliaia di cristiani si dettero alla fuga verso Occidente, mentre le armate turche conquistavano la Serbia nel 1459, la Bosnia-Erzegovina nel 1463-66 e mentre stavano per cadere \u2013 dopo eroiche resistenze \u2013 l\u2019Albania e il Negroponte.<\/p>\n<p style=\"text-align: justify;\"><a href=\"https:\/\/www.rassegnastampa-totustuus.it\/cattolica\/wp-content\/uploads\/2019\/11\/reconquista_Spagna_Islam-1.jpg\"><img loading=\"lazy\" decoding=\"async\" class=\" wp-image-45226 alignright\" src=\"https:\/\/www.rassegnastampa-totustuus.it\/cattolica\/wp-content\/uploads\/2019\/11\/reconquista_Spagna_Islam-1-300x225.jpg\" alt=\"\" width=\"252\" height=\"189\" srcset=\"https:\/\/www.rassegnastampa-totustuus.it\/cattolica\/wp-content\/uploads\/2019\/11\/reconquista_Spagna_Islam-1-300x225.jpg 300w, https:\/\/www.rassegnastampa-totustuus.it\/cattolica\/wp-content\/uploads\/2019\/11\/reconquista_Spagna_Islam-1-768x576.jpg 768w, https:\/\/www.rassegnastampa-totustuus.it\/cattolica\/wp-content\/uploads\/2019\/11\/reconquista_Spagna_Islam-1-1024x768.jpg 1024w, https:\/\/www.rassegnastampa-totustuus.it\/cattolica\/wp-content\/uploads\/2019\/11\/reconquista_Spagna_Islam-1.jpg 1600w\" sizes=\"auto, (max-width: 252px) 100vw, 252px\" \/><\/a>I turchi arriveranno a fare strage fin sulle coste italiane. L\u2019Europa \u00e8 letteralmente nel panico, anche la sua economia \u00e8 messa in scacco. In questa situazione, mentre il papa si svenava per aiutare i fuggiaschi e le piccole terre cristiane d\u2019Oriente ancora non espugnate, istitu\u00ec a Roma la festa degli innamorati. Oggi il Papa non ha eserciti, n\u00e9 principi cristiani che lo ascoltino e l\u2019Europa spalanca le porte a 70 milioni di turchi.<\/p>\n<p style=\"text-align: justify;\">La madre di don Andrea Santoro ha perdonato il killer di suo figlio perch\u00e9 Ges\u00f9 comandava di amare i propri nemici, mentre l\u2019Islam prescrive di uccidere i propri nemici. Cionondimeno l\u2019Islam si sente minacciato dai cristiani fino a ucciderli sebbene siano inermi e pacifici. E\u2019 curioso che quell\u2019Islam \u2013 che ha tentato pi\u00f9 volte, nei secoli \u2013 di invadere l\u2019Europa e conquistare Roma, si senta \u201cminacciato\u201d perfino dalla festa di san Valentino.<\/p>\n<p style=\"text-align: justify;\"><a href=\"https:\/\/www.rassegnastampa-totustuus.it\/cattolica\/wp-content\/uploads\/2009\/12\/amore_arte.jpg\"><img loading=\"lazy\" decoding=\"async\" class=\"size-full wp-image-34749 alignleft\" src=\"https:\/\/www.rassegnastampa-totustuus.it\/cattolica\/wp-content\/uploads\/2009\/12\/amore_arte.jpg\" alt=\"\" width=\"236\" height=\"217\" \/><\/a>Ogni anno c\u2019\u00e8 la dura opposizione delle autorit\u00e0 alla tentazione dei giovani (e dei commercianti) di seguire la consuetudine occidentale. Lo sceicco Suad Ibrahim Salih, dell\u2019universit\u00e0 di Al Azhar \u2013 che \u00e8 un po\u2019 il Vaticano islamico \u2013 ha emesso la sua condanna definendo il 14 febbraio come \u201cil giorno dell\u2019immoralit\u00e0 e della prostituzione\u201d.<\/p>\n<p style=\"text-align: justify;\">Sembra che l\u2019Islam abbia paura dell\u2019inerme e tenera forza dell\u2019amore umano. Non che nelle civilt\u00e0 islamiche non sia stato cantato anche l\u2019amore. Ma \u00e8 come se fosse rimasto esterno alla teologia islamica nella quale di Dio non si conosce niente e si pu\u00f2 solo sottomettersi come schiavi. La cristianit\u00e0 \u00e8 stata invece la terra della tenerezza e dell\u2019innamoramento perch\u00e9 \u00e8 nata dalla conoscenza pi\u00f9 intima di Dio: \u201cDio \u00e8 amore\u201d.<\/p>\n<p style=\"text-align: justify;\">Sono le parole di san Giovanni (1Giov. 4, 16) che Benedetto XVI ha scelto come inizio e come titolo della sua enciclica. Se la natura profonda di Dio \u00e8 amore significa che \u201camore, amore omne cosa conclama\u201d (Jacopone), significa che la consistenza pi\u00f9 profonda di tutte le cose \u00e8 quell\u2019Amore e che tutto \u00e8 costituito dall\u2019Amore e tende a \u201cl\u2019Amor che move il sole e l\u2019altre stelle\u201d.<\/p>\n<p style=\"text-align: justify;\"><a href=\"https:\/\/www.rassegnastampa-totustuus.it\/cattolica\/wp-content\/uploads\/2007\/02\/Bibbia_cantico_cantici.jpg\"><img loading=\"lazy\" decoding=\"async\" class=\"size-full wp-image-46422 alignright\" src=\"https:\/\/www.rassegnastampa-totustuus.it\/cattolica\/wp-content\/uploads\/2007\/02\/Bibbia_cantico_cantici.jpg\" alt=\"\" width=\"292\" height=\"173\" \/><\/a>Da duemila anni i popoli cristiani imparano che il Dio di Israele ha voluto usare proprio un poema d\u2019amore come il Cantico dei Cantici, che \u00e8 un poema erotico, per dare una pallida idea del proprio appassionato amore per ogni creatura umana. Poi san Paolo, per far capire l\u2019unione di Ges\u00f9 alla sua Chiesa, non trov\u00f2 immagine pi\u00f9 adeguata dell\u2019amore totale fra un uomo la sua donna.<\/p>\n<p style=\"text-align: justify;\">Dunque ben a ragione Roberto Benigni ieri \u00e8 stato chiamato a recitare il Cantico dei Cantici dalla diocesi di Terni per festeggiare il vescovo San Valentino. E\u2019 in perfetta continuit\u00e0 con la sua amata Commedia dantesca. Solo in terra cristiana poteva nascere una cos\u00ec grande celebrazione della bellezza e dell\u2019amore. Dante infatti coglie ci\u00f2 che rende eterno il fragile e spesso doloroso amore degli uomini. \u201cNe li occhi porta la mia donna Amore\u201d, cantava il poeta fiorentino \u201cogne dolcezza, ogne pensiero umile,\/ nasce nel core a chi parlar la sente\u201d.<\/p>\n<p style=\"text-align: justify;\"><a href=\"https:\/\/www.rassegnastampa-totustuus.it\/cattolica\/wp-content\/uploads\/2006\/03\/Dante.jpg\"><img loading=\"lazy\" decoding=\"async\" class=\"size-full wp-image-35402 alignleft\" src=\"https:\/\/www.rassegnastampa-totustuus.it\/cattolica\/wp-content\/uploads\/2006\/03\/Dante.jpg\" alt=\"\" width=\"217\" height=\"232\" \/><\/a>Il pi\u00f9 grande poeta dell\u2019Occidente costruisce il suo capolavoro (che sta all\u2019origine della lingua italiana, caso unico) su una straordinaria intuizione: gli occhi di Beatrice sono una scintilla della bellezza e dell\u2019amore di Dio, che possiamo conoscere concretamente, storicamente, perch\u00e9 nella donna pi\u00f9 sublime \u201cil verbo divino\/ carne si fece\u201d. L\u2019amore di Dio fatto Uomo \u00e8 venuto a soccorrere e illuminare il fragile amore umano, cos\u00ec ferito dal male.<\/p>\n<p style=\"text-align: justify;\">In fondo l\u2019originaria festa di San Valentino, nella Roma del XV secolo, fra giovani innamorati salvati dal dolore, era pi\u00f9 autentica della melassa spensierata e dolciastra di oggi. Perch\u00e9 l\u2019amore umano di per s\u00e9 ha sempre una dimensione drammatica. \u201cNon esistono amori felici\u201d dice la celebre poesia di Louis Aragon. Dimenticare la drammaticit\u00e0 dell\u2019amore umano significa perdere anche la sua promessa di felicit\u00e0 e ridurlo a banale frequentazione ciarliera.<\/p>\n<p style=\"text-align: justify;\"><a href=\"https:\/\/www.rassegnastampa-totustuus.it\/cattolica\/wp-content\/uploads\/2005\/10\/fidanzati.jpg\"><img loading=\"lazy\" decoding=\"async\" class=\" wp-image-14197 alignright\" src=\"https:\/\/www.rassegnastampa-totustuus.it\/cattolica\/wp-content\/uploads\/2005\/10\/fidanzati.jpg\" alt=\"\" width=\"260\" height=\"169\" \/><\/a>I versi di Aragon dicono la verit\u00e0: \u201cNulla appartiene all\u2019uomo. N\u00e9 la sua forza\/ N\u00e9 la sua debolezza n\u00e9 il suo cuore. E quando crede\/ Di aprire le braccia la sua ombra \u00e8 quella di una croce\/ E quando crede di stringere la felicit\u00e0 la stritola\/ La sua vita \u00e8 uno strano e doloroso divorzio.\/ Non esistono amori felici\u201d. I versi di Aragon dicono quanto ha bisogno di salvezza anche l\u2019amore umano. Walter Benjamin osserv\u00f2: \u201cnell\u2019idea di felicit\u00e0 vibra indissolubilmente l\u2019idea di redenzione\u201d.<\/p>\n<p style=\"text-align: justify;\">Forse per questo l\u2019Islam pi\u00f9 fanatico ha cos\u00ec paura dell\u2019idea di felicit\u00e0 e dell\u2019amore, perch\u00e9 \u00e8 una religione senza redenzione. Ma i poeti sanno la verit\u00e0. E i versi del turco Nazim Hikmet sono intrisi di sensibilit\u00e0 occidentale e cristiana: \u201cTi amo come se mangiassi il pane spruzzandolo di sale\/ Ti amo come se dicessi Dio lodato son vivo\u201d. Forse \u00e8 della natura umana che l\u2019Islam ha paura.<\/p>\n","protected":false},"excerpt":{"rendered":"<p>Libero del 14 febbraio 2006 La \u201cfesta degli innamorati\u201d nasce nel 1465 per dare una dote alle ragazze povere di Roma. Fu scelto il giorno del vescovo martire di Terni, vissuto nel II secolo d.C., che era ricordato per avere \u2013 secondo alcune leggende \u2013 aiutato l\u2019amore infelice di due giovani. Tutto questo accadeva mentre &hellip; <\/p>\n<p><a class=\"more-link btn\" href=\"https:\/\/www.rassegnastampa-totustuus.it\/cattolica\/svalentino-il-mistero-dellamore-infelice-lincarnazione-e-i-turchi\/\">Continua a leggere<\/a><\/p>\n","protected":false},"author":6,"featured_media":17266,"comment_status":"closed","ping_status":"open","sticky":false,"template":"","format":"standard","meta":{"footnotes":""},"categories":[8,24],"tags":[1441],"class_list":["post-2474","post","type-post","status-publish","format-standard","has-post-thumbnail","hentry","category-cultura-e-tradizioni","category-storia","tag-san-valentino","item-wrap"],"yoast_head":"<!-- This site is optimized with the Yoast SEO plugin v27.5 - https:\/\/yoast.com\/product\/yoast-seo-wordpress\/ -->\n<title>S.Valentino, il mistero dell&#039;amore infelice, l&#039;incarnazione e i Turchi - Rassegna Stampa Cattolica<\/title>\n<meta name=\"description\" content=\"Rassegna Stampa Cattolica - Per una cultura che nasce dalla Rivelazione cristiana in conformit\u00e0 alla tradizione e al Magistero della Chiesa in opposizione ad ogni relativismo e totalitarismo\" \/>\n<meta name=\"robots\" content=\"index, follow, max-snippet:-1, max-image-preview:large, max-video-preview:-1\" \/>\n<link rel=\"canonical\" href=\"https:\/\/www.rassegnastampa-totustuus.it\/cattolica\/svalentino-il-mistero-dellamore-infelice-lincarnazione-e-i-turchi\/\" \/>\n<meta property=\"og:locale\" content=\"it_IT\" \/>\n<meta property=\"og:type\" content=\"article\" \/>\n<meta property=\"og:title\" content=\"S.Valentino, il mistero dell&#039;amore infelice, l&#039;incarnazione e i Turchi - Rassegna Stampa Cattolica\" \/>\n<meta property=\"og:description\" content=\"Rassegna Stampa Cattolica - Per una cultura che nasce dalla Rivelazione cristiana in conformit\u00e0 alla tradizione e al Magistero della Chiesa in opposizione ad ogni relativismo e totalitarismo\" \/>\n<meta property=\"og:url\" content=\"https:\/\/www.rassegnastampa-totustuus.it\/cattolica\/svalentino-il-mistero-dellamore-infelice-lincarnazione-e-i-turchi\/\" \/>\n<meta property=\"og:site_name\" content=\"Rassegna Stampa Cattolica\" \/>\n<meta property=\"article:publisher\" content=\"https:\/\/www.facebook.com\/rassegnastampacattolica\" \/>\n<meta property=\"article:published_time\" content=\"2007-02-07T23:00:00+00:00\" \/>\n<meta property=\"article:modified_time\" content=\"2020-02-14T12:27:49+00:00\" \/>\n<meta property=\"og:image\" content=\"https:\/\/www.rassegnastampa-totustuus.it\/cattolica\/wp-content\/uploads\/2007\/02\/S-Valentino.jpg\" \/>\n\t<meta property=\"og:image:width\" content=\"188\" \/>\n\t<meta property=\"og:image:height\" content=\"269\" \/>\n\t<meta property=\"og:image:type\" content=\"image\/jpeg\" \/>\n<meta name=\"author\" content=\"Redazione\" \/>\n<meta name=\"twitter:card\" content=\"summary_large_image\" \/>\n<meta name=\"twitter:creator\" content=\"@rassegnastampa9\" \/>\n<meta name=\"twitter:site\" content=\"@rassegnastampa9\" \/>\n<meta name=\"twitter:label1\" content=\"Scritto da\" \/>\n\t<meta name=\"twitter:data1\" content=\"Redazione\" \/>\n\t<meta name=\"twitter:label2\" content=\"Tempo di lettura stimato\" \/>\n\t<meta name=\"twitter:data2\" content=\"7 minuti\" \/>\n<script type=\"application\/ld+json\" class=\"yoast-schema-graph\">{\"@context\":\"https:\\\/\\\/schema.org\",\"@graph\":[{\"@type\":\"Article\",\"@id\":\"https:\\\/\\\/www.rassegnastampa-totustuus.it\\\/cattolica\\\/svalentino-il-mistero-dellamore-infelice-lincarnazione-e-i-turchi\\\/#article\",\"isPartOf\":{\"@id\":\"https:\\\/\\\/www.rassegnastampa-totustuus.it\\\/cattolica\\\/svalentino-il-mistero-dellamore-infelice-lincarnazione-e-i-turchi\\\/\"},\"author\":{\"name\":\"Redazione\",\"@id\":\"https:\\\/\\\/www.rassegnastampa-totustuus.it\\\/cattolica\\\/#\\\/schema\\\/person\\\/08f319d2bd1a0904ad9e2bfb7b15e5c3\"},\"headline\":\"S.Valentino, il mistero dell&#8217;amore infelice, l&#8217;incarnazione e i Turchi\",\"datePublished\":\"2007-02-07T23:00:00+00:00\",\"dateModified\":\"2020-02-14T12:27:49+00:00\",\"mainEntityOfPage\":{\"@id\":\"https:\\\/\\\/www.rassegnastampa-totustuus.it\\\/cattolica\\\/svalentino-il-mistero-dellamore-infelice-lincarnazione-e-i-turchi\\\/\"},\"wordCount\":1442,\"publisher\":{\"@id\":\"https:\\\/\\\/www.rassegnastampa-totustuus.it\\\/cattolica\\\/#organization\"},\"image\":{\"@id\":\"https:\\\/\\\/www.rassegnastampa-totustuus.it\\\/cattolica\\\/svalentino-il-mistero-dellamore-infelice-lincarnazione-e-i-turchi\\\/#primaryimage\"},\"thumbnailUrl\":\"https:\\\/\\\/www.rassegnastampa-totustuus.it\\\/cattolica\\\/wp-content\\\/uploads\\\/2007\\\/02\\\/S-Valentino.jpg\",\"keywords\":[\"San Valentino\"],\"articleSection\":[\"Cultura e tradizioni\",\"Storia\"],\"inLanguage\":\"it-IT\"},{\"@type\":\"WebPage\",\"@id\":\"https:\\\/\\\/www.rassegnastampa-totustuus.it\\\/cattolica\\\/svalentino-il-mistero-dellamore-infelice-lincarnazione-e-i-turchi\\\/\",\"url\":\"https:\\\/\\\/www.rassegnastampa-totustuus.it\\\/cattolica\\\/svalentino-il-mistero-dellamore-infelice-lincarnazione-e-i-turchi\\\/\",\"name\":\"S.Valentino, il mistero dell'amore infelice, l'incarnazione e i Turchi - Rassegna Stampa Cattolica\",\"isPartOf\":{\"@id\":\"https:\\\/\\\/www.rassegnastampa-totustuus.it\\\/cattolica\\\/#website\"},\"primaryImageOfPage\":{\"@id\":\"https:\\\/\\\/www.rassegnastampa-totustuus.it\\\/cattolica\\\/svalentino-il-mistero-dellamore-infelice-lincarnazione-e-i-turchi\\\/#primaryimage\"},\"image\":{\"@id\":\"https:\\\/\\\/www.rassegnastampa-totustuus.it\\\/cattolica\\\/svalentino-il-mistero-dellamore-infelice-lincarnazione-e-i-turchi\\\/#primaryimage\"},\"thumbnailUrl\":\"https:\\\/\\\/www.rassegnastampa-totustuus.it\\\/cattolica\\\/wp-content\\\/uploads\\\/2007\\\/02\\\/S-Valentino.jpg\",\"datePublished\":\"2007-02-07T23:00:00+00:00\",\"dateModified\":\"2020-02-14T12:27:49+00:00\",\"description\":\"Rassegna Stampa Cattolica - Per una cultura che nasce dalla Rivelazione cristiana in conformit\u00e0 alla tradizione e al Magistero della Chiesa in opposizione ad ogni relativismo e totalitarismo\",\"breadcrumb\":{\"@id\":\"https:\\\/\\\/www.rassegnastampa-totustuus.it\\\/cattolica\\\/svalentino-il-mistero-dellamore-infelice-lincarnazione-e-i-turchi\\\/#breadcrumb\"},\"inLanguage\":\"it-IT\",\"potentialAction\":[{\"@type\":\"ReadAction\",\"target\":[\"https:\\\/\\\/www.rassegnastampa-totustuus.it\\\/cattolica\\\/svalentino-il-mistero-dellamore-infelice-lincarnazione-e-i-turchi\\\/\"]}]},{\"@type\":\"ImageObject\",\"inLanguage\":\"it-IT\",\"@id\":\"https:\\\/\\\/www.rassegnastampa-totustuus.it\\\/cattolica\\\/svalentino-il-mistero-dellamore-infelice-lincarnazione-e-i-turchi\\\/#primaryimage\",\"url\":\"https:\\\/\\\/www.rassegnastampa-totustuus.it\\\/cattolica\\\/wp-content\\\/uploads\\\/2007\\\/02\\\/S-Valentino.jpg\",\"contentUrl\":\"https:\\\/\\\/www.rassegnastampa-totustuus.it\\\/cattolica\\\/wp-content\\\/uploads\\\/2007\\\/02\\\/S-Valentino.jpg\",\"width\":188,\"height\":269},{\"@type\":\"BreadcrumbList\",\"@id\":\"https:\\\/\\\/www.rassegnastampa-totustuus.it\\\/cattolica\\\/svalentino-il-mistero-dellamore-infelice-lincarnazione-e-i-turchi\\\/#breadcrumb\",\"itemListElement\":[{\"@type\":\"ListItem\",\"position\":1,\"name\":\"Home\",\"item\":\"https:\\\/\\\/www.rassegnastampa-totustuus.it\\\/cattolica\\\/\"},{\"@type\":\"ListItem\",\"position\":2,\"name\":\"S.Valentino, il mistero dell&#8217;amore infelice, l&#8217;incarnazione e i Turchi\"}]},{\"@type\":\"WebSite\",\"@id\":\"https:\\\/\\\/www.rassegnastampa-totustuus.it\\\/cattolica\\\/#website\",\"url\":\"https:\\\/\\\/www.rassegnastampa-totustuus.it\\\/cattolica\\\/\",\"name\":\"Rassegna Stampa Cattolica\",\"description\":\"Per una cultura che nasce dalla Rivelazione cristiana in conformit\u00e0 alla tradizione e al Magistero della Chiesa in opposizione ad ogni relativismo e totalitarismo\",\"publisher\":{\"@id\":\"https:\\\/\\\/www.rassegnastampa-totustuus.it\\\/cattolica\\\/#organization\"},\"alternateName\":\"Rass. Cattolica\",\"potentialAction\":[{\"@type\":\"SearchAction\",\"target\":{\"@type\":\"EntryPoint\",\"urlTemplate\":\"https:\\\/\\\/www.rassegnastampa-totustuus.it\\\/cattolica\\\/?s={search_term_string}\"},\"query-input\":{\"@type\":\"PropertyValueSpecification\",\"valueRequired\":true,\"valueName\":\"search_term_string\"}}],\"inLanguage\":\"it-IT\"},{\"@type\":\"Organization\",\"@id\":\"https:\\\/\\\/www.rassegnastampa-totustuus.it\\\/cattolica\\\/#organization\",\"name\":\"Rassegna Stampa Cattolica\",\"url\":\"https:\\\/\\\/www.rassegnastampa-totustuus.it\\\/cattolica\\\/\",\"logo\":{\"@type\":\"ImageObject\",\"inLanguage\":\"it-IT\",\"@id\":\"https:\\\/\\\/www.rassegnastampa-totustuus.it\\\/cattolica\\\/#\\\/schema\\\/logo\\\/image\\\/\",\"url\":\"https:\\\/\\\/www.rassegnastampa-totustuus.it\\\/cattolica\\\/wp-content\\\/uploads\\\/2014\\\/04\\\/logo-rassegna1.gif\",\"contentUrl\":\"https:\\\/\\\/www.rassegnastampa-totustuus.it\\\/cattolica\\\/wp-content\\\/uploads\\\/2014\\\/04\\\/logo-rassegna1.gif\",\"width\":600,\"height\":163,\"caption\":\"Rassegna Stampa Cattolica\"},\"image\":{\"@id\":\"https:\\\/\\\/www.rassegnastampa-totustuus.it\\\/cattolica\\\/#\\\/schema\\\/logo\\\/image\\\/\"},\"sameAs\":[\"https:\\\/\\\/www.facebook.com\\\/rassegnastampacattolica\",\"https:\\\/\\\/x.com\\\/rassegnastampa9\"]},{\"@type\":\"Person\",\"@id\":\"https:\\\/\\\/www.rassegnastampa-totustuus.it\\\/cattolica\\\/#\\\/schema\\\/person\\\/08f319d2bd1a0904ad9e2bfb7b15e5c3\",\"name\":\"Redazione\",\"image\":{\"@type\":\"ImageObject\",\"inLanguage\":\"it-IT\",\"@id\":\"https:\\\/\\\/secure.gravatar.com\\\/avatar\\\/2fcdf27c78ea025fbdb44e914cc63c72249ffec9dc8aafd5c82b26240ef3f346?s=96&d=mm&r=g\",\"url\":\"https:\\\/\\\/secure.gravatar.com\\\/avatar\\\/2fcdf27c78ea025fbdb44e914cc63c72249ffec9dc8aafd5c82b26240ef3f346?s=96&d=mm&r=g\",\"contentUrl\":\"https:\\\/\\\/secure.gravatar.com\\\/avatar\\\/2fcdf27c78ea025fbdb44e914cc63c72249ffec9dc8aafd5c82b26240ef3f346?s=96&d=mm&r=g\",\"caption\":\"Redazione\"},\"url\":\"https:\\\/\\\/www.rassegnastampa-totustuus.it\\\/cattolica\\\/author\\\/pietroelle\\\/\"}]}<\/script>\n<!-- \/ Yoast SEO plugin. -->","yoast_head_json":{"title":"S.Valentino, il mistero dell'amore infelice, l'incarnazione e i Turchi - Rassegna Stampa Cattolica","description":"Rassegna Stampa Cattolica - Per una cultura che nasce dalla Rivelazione cristiana in conformit\u00e0 alla tradizione e al Magistero della Chiesa in opposizione ad ogni relativismo e totalitarismo","robots":{"index":"index","follow":"follow","max-snippet":"max-snippet:-1","max-image-preview":"max-image-preview:large","max-video-preview":"max-video-preview:-1"},"canonical":"https:\/\/www.rassegnastampa-totustuus.it\/cattolica\/svalentino-il-mistero-dellamore-infelice-lincarnazione-e-i-turchi\/","og_locale":"it_IT","og_type":"article","og_title":"S.Valentino, il mistero dell'amore infelice, l'incarnazione e i Turchi - Rassegna Stampa Cattolica","og_description":"Rassegna Stampa Cattolica - Per una cultura che nasce dalla Rivelazione cristiana in conformit\u00e0 alla tradizione e al Magistero della Chiesa in opposizione ad ogni relativismo e totalitarismo","og_url":"https:\/\/www.rassegnastampa-totustuus.it\/cattolica\/svalentino-il-mistero-dellamore-infelice-lincarnazione-e-i-turchi\/","og_site_name":"Rassegna Stampa Cattolica","article_publisher":"https:\/\/www.facebook.com\/rassegnastampacattolica","article_published_time":"2007-02-07T23:00:00+00:00","article_modified_time":"2020-02-14T12:27:49+00:00","og_image":[{"width":188,"height":269,"url":"https:\/\/www.rassegnastampa-totustuus.it\/cattolica\/wp-content\/uploads\/2007\/02\/S-Valentino.jpg","type":"image\/jpeg"}],"author":"Redazione","twitter_card":"summary_large_image","twitter_creator":"@rassegnastampa9","twitter_site":"@rassegnastampa9","twitter_misc":{"Scritto da":"Redazione","Tempo di lettura stimato":"7 minuti"},"schema":{"@context":"https:\/\/schema.org","@graph":[{"@type":"Article","@id":"https:\/\/www.rassegnastampa-totustuus.it\/cattolica\/svalentino-il-mistero-dellamore-infelice-lincarnazione-e-i-turchi\/#article","isPartOf":{"@id":"https:\/\/www.rassegnastampa-totustuus.it\/cattolica\/svalentino-il-mistero-dellamore-infelice-lincarnazione-e-i-turchi\/"},"author":{"name":"Redazione","@id":"https:\/\/www.rassegnastampa-totustuus.it\/cattolica\/#\/schema\/person\/08f319d2bd1a0904ad9e2bfb7b15e5c3"},"headline":"S.Valentino, il mistero dell&#8217;amore infelice, l&#8217;incarnazione e i Turchi","datePublished":"2007-02-07T23:00:00+00:00","dateModified":"2020-02-14T12:27:49+00:00","mainEntityOfPage":{"@id":"https:\/\/www.rassegnastampa-totustuus.it\/cattolica\/svalentino-il-mistero-dellamore-infelice-lincarnazione-e-i-turchi\/"},"wordCount":1442,"publisher":{"@id":"https:\/\/www.rassegnastampa-totustuus.it\/cattolica\/#organization"},"image":{"@id":"https:\/\/www.rassegnastampa-totustuus.it\/cattolica\/svalentino-il-mistero-dellamore-infelice-lincarnazione-e-i-turchi\/#primaryimage"},"thumbnailUrl":"https:\/\/www.rassegnastampa-totustuus.it\/cattolica\/wp-content\/uploads\/2007\/02\/S-Valentino.jpg","keywords":["San Valentino"],"articleSection":["Cultura e tradizioni","Storia"],"inLanguage":"it-IT"},{"@type":"WebPage","@id":"https:\/\/www.rassegnastampa-totustuus.it\/cattolica\/svalentino-il-mistero-dellamore-infelice-lincarnazione-e-i-turchi\/","url":"https:\/\/www.rassegnastampa-totustuus.it\/cattolica\/svalentino-il-mistero-dellamore-infelice-lincarnazione-e-i-turchi\/","name":"S.Valentino, il mistero dell'amore infelice, l'incarnazione e i Turchi - Rassegna Stampa Cattolica","isPartOf":{"@id":"https:\/\/www.rassegnastampa-totustuus.it\/cattolica\/#website"},"primaryImageOfPage":{"@id":"https:\/\/www.rassegnastampa-totustuus.it\/cattolica\/svalentino-il-mistero-dellamore-infelice-lincarnazione-e-i-turchi\/#primaryimage"},"image":{"@id":"https:\/\/www.rassegnastampa-totustuus.it\/cattolica\/svalentino-il-mistero-dellamore-infelice-lincarnazione-e-i-turchi\/#primaryimage"},"thumbnailUrl":"https:\/\/www.rassegnastampa-totustuus.it\/cattolica\/wp-content\/uploads\/2007\/02\/S-Valentino.jpg","datePublished":"2007-02-07T23:00:00+00:00","dateModified":"2020-02-14T12:27:49+00:00","description":"Rassegna Stampa Cattolica - Per una cultura che nasce dalla Rivelazione cristiana in conformit\u00e0 alla tradizione e al Magistero della Chiesa in opposizione ad ogni relativismo e totalitarismo","breadcrumb":{"@id":"https:\/\/www.rassegnastampa-totustuus.it\/cattolica\/svalentino-il-mistero-dellamore-infelice-lincarnazione-e-i-turchi\/#breadcrumb"},"inLanguage":"it-IT","potentialAction":[{"@type":"ReadAction","target":["https:\/\/www.rassegnastampa-totustuus.it\/cattolica\/svalentino-il-mistero-dellamore-infelice-lincarnazione-e-i-turchi\/"]}]},{"@type":"ImageObject","inLanguage":"it-IT","@id":"https:\/\/www.rassegnastampa-totustuus.it\/cattolica\/svalentino-il-mistero-dellamore-infelice-lincarnazione-e-i-turchi\/#primaryimage","url":"https:\/\/www.rassegnastampa-totustuus.it\/cattolica\/wp-content\/uploads\/2007\/02\/S-Valentino.jpg","contentUrl":"https:\/\/www.rassegnastampa-totustuus.it\/cattolica\/wp-content\/uploads\/2007\/02\/S-Valentino.jpg","width":188,"height":269},{"@type":"BreadcrumbList","@id":"https:\/\/www.rassegnastampa-totustuus.it\/cattolica\/svalentino-il-mistero-dellamore-infelice-lincarnazione-e-i-turchi\/#breadcrumb","itemListElement":[{"@type":"ListItem","position":1,"name":"Home","item":"https:\/\/www.rassegnastampa-totustuus.it\/cattolica\/"},{"@type":"ListItem","position":2,"name":"S.Valentino, il mistero dell&#8217;amore infelice, l&#8217;incarnazione e i Turchi"}]},{"@type":"WebSite","@id":"https:\/\/www.rassegnastampa-totustuus.it\/cattolica\/#website","url":"https:\/\/www.rassegnastampa-totustuus.it\/cattolica\/","name":"Rassegna Stampa Cattolica","description":"Per una cultura che nasce dalla Rivelazione cristiana in conformit\u00e0 alla tradizione e al Magistero della Chiesa in opposizione ad ogni relativismo e totalitarismo","publisher":{"@id":"https:\/\/www.rassegnastampa-totustuus.it\/cattolica\/#organization"},"alternateName":"Rass. Cattolica","potentialAction":[{"@type":"SearchAction","target":{"@type":"EntryPoint","urlTemplate":"https:\/\/www.rassegnastampa-totustuus.it\/cattolica\/?s={search_term_string}"},"query-input":{"@type":"PropertyValueSpecification","valueRequired":true,"valueName":"search_term_string"}}],"inLanguage":"it-IT"},{"@type":"Organization","@id":"https:\/\/www.rassegnastampa-totustuus.it\/cattolica\/#organization","name":"Rassegna Stampa Cattolica","url":"https:\/\/www.rassegnastampa-totustuus.it\/cattolica\/","logo":{"@type":"ImageObject","inLanguage":"it-IT","@id":"https:\/\/www.rassegnastampa-totustuus.it\/cattolica\/#\/schema\/logo\/image\/","url":"https:\/\/www.rassegnastampa-totustuus.it\/cattolica\/wp-content\/uploads\/2014\/04\/logo-rassegna1.gif","contentUrl":"https:\/\/www.rassegnastampa-totustuus.it\/cattolica\/wp-content\/uploads\/2014\/04\/logo-rassegna1.gif","width":600,"height":163,"caption":"Rassegna Stampa Cattolica"},"image":{"@id":"https:\/\/www.rassegnastampa-totustuus.it\/cattolica\/#\/schema\/logo\/image\/"},"sameAs":["https:\/\/www.facebook.com\/rassegnastampacattolica","https:\/\/x.com\/rassegnastampa9"]},{"@type":"Person","@id":"https:\/\/www.rassegnastampa-totustuus.it\/cattolica\/#\/schema\/person\/08f319d2bd1a0904ad9e2bfb7b15e5c3","name":"Redazione","image":{"@type":"ImageObject","inLanguage":"it-IT","@id":"https:\/\/secure.gravatar.com\/avatar\/2fcdf27c78ea025fbdb44e914cc63c72249ffec9dc8aafd5c82b26240ef3f346?s=96&d=mm&r=g","url":"https:\/\/secure.gravatar.com\/avatar\/2fcdf27c78ea025fbdb44e914cc63c72249ffec9dc8aafd5c82b26240ef3f346?s=96&d=mm&r=g","contentUrl":"https:\/\/secure.gravatar.com\/avatar\/2fcdf27c78ea025fbdb44e914cc63c72249ffec9dc8aafd5c82b26240ef3f346?s=96&d=mm&r=g","caption":"Redazione"},"url":"https:\/\/www.rassegnastampa-totustuus.it\/cattolica\/author\/pietroelle\/"}]}},"_links":{"self":[{"href":"https:\/\/www.rassegnastampa-totustuus.it\/cattolica\/wp-json\/wp\/v2\/posts\/2474","targetHints":{"allow":["GET"]}}],"collection":[{"href":"https:\/\/www.rassegnastampa-totustuus.it\/cattolica\/wp-json\/wp\/v2\/posts"}],"about":[{"href":"https:\/\/www.rassegnastampa-totustuus.it\/cattolica\/wp-json\/wp\/v2\/types\/post"}],"author":[{"embeddable":true,"href":"https:\/\/www.rassegnastampa-totustuus.it\/cattolica\/wp-json\/wp\/v2\/users\/6"}],"replies":[{"embeddable":true,"href":"https:\/\/www.rassegnastampa-totustuus.it\/cattolica\/wp-json\/wp\/v2\/comments?post=2474"}],"version-history":[{"count":8,"href":"https:\/\/www.rassegnastampa-totustuus.it\/cattolica\/wp-json\/wp\/v2\/posts\/2474\/revisions"}],"predecessor-version":[{"id":46429,"href":"https:\/\/www.rassegnastampa-totustuus.it\/cattolica\/wp-json\/wp\/v2\/posts\/2474\/revisions\/46429"}],"wp:featuredmedia":[{"embeddable":true,"href":"https:\/\/www.rassegnastampa-totustuus.it\/cattolica\/wp-json\/wp\/v2\/media\/17266"}],"wp:attachment":[{"href":"https:\/\/www.rassegnastampa-totustuus.it\/cattolica\/wp-json\/wp\/v2\/media?parent=2474"}],"wp:term":[{"taxonomy":"category","embeddable":true,"href":"https:\/\/www.rassegnastampa-totustuus.it\/cattolica\/wp-json\/wp\/v2\/categories?post=2474"},{"taxonomy":"post_tag","embeddable":true,"href":"https:\/\/www.rassegnastampa-totustuus.it\/cattolica\/wp-json\/wp\/v2\/tags?post=2474"}],"curies":[{"name":"wp","href":"https:\/\/api.w.org\/{rel}","templated":true}]}}