{"id":245,"date":"2004-12-16T17:22:05","date_gmt":"2004-12-16T16:22:05","guid":{"rendered":""},"modified":"2025-07-05T09:47:36","modified_gmt":"2025-07-05T07:47:36","slug":"il-comunismo-di-tettamanzi-2","status":"publish","type":"post","link":"https:\/\/www.rassegnastampa-totustuus.it\/cattolica\/il-comunismo-di-tettamanzi-2\/","title":{"rendered":"Il comunismo di Tettamanzi"},"content":{"rendered":"\n<p class=\"has-text-align-center\">Articolo pubblicato su <strong><a href=\"https:\/\/www.ilfoglio.it\/\" target=\"_blank\" rel=\"noreferrer noopener\">Il Foglio<\/a><\/strong> 9 dicembre 2004<\/p>\n\n\n\n<p class=\"has-text-align-center\"><em>Nel discorso ai milanesi cose giuste, ma niente libert\u00e0 n\u00e9 responsabilit\u00e0<\/em><\/p>\n\n\n\n<p class=\"has-text-align-center\">di <strong>Giuliano Ferrara<\/strong><\/p>\n\n\n\n<p>La forza del cristianesimo, per l\u2019arcivescovo di Milano Dionigi Tettamanzi, \u00e8 nella sua debolezza. In un libro di notevole acume, curato dal vaticanista della Rai Giuseppe De Carli, il cardinale afferma che &#8220;la debolezza \u00e8 un elemento essenziale, qualificante e decisivo della fede cristiana&#8221;. Naturalmente questa \u00e8 &#8220;una debolezza che non ha paura di nessuno&#8221; e che &#8220;non si esprime in un complesso di inferiorit\u00e0 bens\u00ec in un complesso d\u2019amore&#8221; verso tutti, perch\u00e9 tutti debbono essere incontrati dai pastori del &#8220;piccolo gregge&#8221; evangelico, e tutti amati.<\/p>\n\n\n<div class=\"wp-block-image\">\n<figure class=\"aligncenter size-full is-resized\"><a href=\"https:\/\/www.rassegnastampa-totustuus.it\/cattolica\/wp-content\/uploads\/2004\/12\/Tettamanzi.jpg\"><img loading=\"lazy\" decoding=\"async\" width=\"184\" height=\"239\" src=\"https:\/\/www.rassegnastampa-totustuus.it\/cattolica\/wp-content\/uploads\/2004\/12\/Tettamanzi.jpg\" alt=\"\" class=\"wp-image-28852\" style=\"width:228px;height:auto\"\/><\/a><\/figure><\/div>\n\n\n<!--more-->\n\n\n\n<p>Di Tettamanzi si conoscono e si raccontano profondit\u00e0 di dottrina in argomento di teologia morale e semplicit\u00e0 di cuore, un profilo &#8220;giovanneo&#8221; anche in senso fisiognomico, come ricorda a proposito della sua somiglianza con Giovanni XXIII da Sotto il Monte l\u2019autore dell\u2019intervista appena citata. L\u2019importanza di questo principe della chiesa non pu\u00f2 essere sopravvalutata, visto che \u00e8 stato chiamato da un\u2019altra diocesi metropolitana a reggere il complesso cattolico pi\u00f9 vasto e forse pi\u00f9 importante al mondo, appunto Milano.<\/p>\n\n\n\n<h4 class=\"wp-block-heading has-text-align-center\"><strong>I beni in comune<\/strong><\/h4>\n\n\n\n<p>In occasione della festa patronale di Sant\u2019Ambrogio, l\u2019arcivescovo si \u00e8 rivolto ai diocesani e ha parlato a lungo dell\u2019anonimato urbano, della disperazione o emarginazione sociale di una parte della citt\u00e0 e della sua area metropolitana, del dovere di solidariet\u00e0 che &#8220;distrazioni&#8221; diffuse nelle istituzioni e tra i diversi gruppi sociali tradiscono e rinnegano. La solidariet\u00e0 di cui parla Tettamanzi non \u00e8 inclinazione pietosa del cuore n\u00e9 elemosina n\u00e9 &#8220;un insieme di buoni pensieri&#8221;, \u00e8 piuttosto &#8220;quel vincolo che unisce tutti i cittadini tra loro, che li sorregge nell\u2019impegno civile, che li toglie dal desiderio di essere anonimi in mezzo alla folla&#8221;. Nel discorso si parla di cose concrete come l\u2019accoglienza dei migranti, si parla della durezza di vita per le famiglie che hanno a carico persone ammalate fisicamente o psichicamente, degli affitti alti, degli studenti fuori sede, del lavoro precario, della condizione degli anziani.<\/p>\n\n\n\n<p>Il pastore del piccolo gregge fa dunque il suo mestiere, avvinto a una grande tradizione di compassione della chiesa ambrosiana, convinto della necessit\u00e0 di riscaldare una diocesi guidata per decenni con maestria ma anche con freddezza gesuitica e mano da biblista nell\u2019era appena tramontata del cardinal Carlo Maria Martini.<\/p>\n\n\n\n<p>Fa niente se le sue parole vengono piegate a quello che segnalavamo ieri come un uso cinico della religione a scopi politici, fa niente se il solidarismo pastorale diventa nei giornali sciattamente ideologici il pretesto per la solita ramanzina politica ai governanti pro tempore e al demone del potere mondano, questi sono dettagli di bassa cucina teo-lib, riguardano la spudorata disinvoltura con cui i progressisti cosiddetti tirano acqua al loro mulino. L\u2019arcivescovo dovrebbe forse preoccuparsi delle interpretazioni convenzionali e politicamente maliziose della sua attivit\u00e0 pastorale, se non voglia essere equivocato e mal tradotto in politica, ma in fondo non \u00e8 nemmeno affar suo, altre sono le priorit\u00e0.<\/p>\n\n\n\n<p>Ci sono per\u00f2 due frasi tra quelle pronunciate da Tettamanzi che vanno al di l\u00e0 di un doveroso appello all\u2019impegno solidale, che nasce dalla forza della debolezza cristiana. La prima definisce la solidariet\u00e0 come &#8220;la messa in comune del bene e dei beni, materiali e immateriali, fisici e spirituali&#8221;. La seconda chiede che i soggetti che contano a Milano si incontrino per &#8220;un grande progetto che riguardi la sostenibilit\u00e0 del vivere per tutti&#8221;. Il comunismo del Novecento, inteso come utopia progressiva tradita fattualmente e rovesciata necessariamente in degrado dell\u2019umanit\u00e0 e in schiavit\u00f9 morale e civile, predicava appunto questo.<\/p>\n\n\n\n<p>Il progetto di una societ\u00e0 che mettesse in comune &#8220;il bene e i beni&#8221; perch\u00e9 tutti, un &#8220;tutti&#8221; sociologico legato alla cultura della lotta di classe e alla necessit\u00e0 di eliminare le classi, potessero godere nell\u2019eguaglianza di una vita sostenibile. L\u2019idea di una societ\u00e0 integralmente giusta e nuova, criticata giusto ieri in un testo pubblicato da Avvenire e firmato dal cardinale Joseph Ratzinger, \u00e8 sopravvissuta, come hanno notato maestri della storiografia e del pensiero liberale, per l\u2019appunto in settori importanti della chiesa cattolica, impegnata dopo il tramonto del comunismo in una ripresa della battaglia contro il liberalismo, la societ\u00e0 dei liberi e dei responsabili, della competizione e dell\u2019emulazione, del primato dell\u2019individuo e della sua libert\u00e0. Qui non si parla del comunismo come di uno spauracchio ideologico per risse politiche d\u2019attualit\u00e0 n\u00e9 si nega legittimit\u00e0 a questa specifica vena del pensiero e della prassi cattolica.<\/p>\n\n\n\n<p>Qui per\u00f2 si osserva con rispetto che il comunismo del cardinale dovrebbe essere forse meglio provato alla luce dei fatti e della storia, meglio definito in rapporto alla realt\u00e0 effettiva della societ\u00e0 metropolitana in un\u2019area di industria e finanza e commercio come quella milanese, meglio vagliato nel riscontro con quel che di buono pure esiste nella sua citt\u00e0 e nel mondo. Perch\u00e9 basta guardare all\u2019America, ma anche all\u2019hinterland milanese, per capire che la via della solidariet\u00e0 e della compassione come impegno civile pu\u00f2 non partire affatto dalla &#8220;messa in comune del bene e dei beni&#8221; o dal &#8220;grande progetto&#8221; per eguagliare &#8220;tutti&#8221; in una vita sostenibile elaborato in forma concertata dallo Stato e dagli altri soggetti organizzati della vita istituzionale.<\/p>\n\n\n\n<p>Il mondo libero e non pi\u00f9 &#8220;pianificato&#8221; \u00e8 ricco di esperienze solidali nate nella societ\u00e0, di movimenti e atti singoli incoraggiati da discorsi e legislazioni che puntano sulla libert\u00e0 e la responsabilit\u00e0 degli individui e dei gruppi, che definiscono una societ\u00e0 individualistica e comunitaria ma non organica, non dogmaticamente egualitaria, una societ\u00e0 in cui la libert\u00e0 \u00e8 la possibilit\u00e0, l\u2019opportunit\u00e0 eguale per tutti di darsi da fare, di partecipare a un sogno comune pieno di ottimismo e di fede nel futuro. Squilibrio, infelicit\u00e0, durezza dell\u2019esistenza sono elementi radicali del vivere in ogni citt\u00e0 terrena, anche quella capitalistica, e non \u00e8 un cattolico che debba essere richiamato in termini laici alla dottrina del peccato originale. Pretendere di eliminarli per &#8220;tutti&#8221; dall\u2019alto, con &#8220;la messa in comune del bene e dei beni&#8221;, \u00e8 una risposta gi\u00e0 data all\u2019umanit\u00e0, e da questa con dolore alla fine rigettata. Con molto dolore.<\/p>\n","protected":false},"excerpt":{"rendered":"<p>Articolo pubblicato su Il Foglio 9 dicembre 2004 Nel discorso ai milanesi cose giuste, ma niente libert\u00e0 n\u00e9 responsabilit\u00e0 di Giuliano Ferrara La forza del cristianesimo, per l\u2019arcivescovo di Milano Dionigi Tettamanzi, \u00e8 nella sua debolezza. In un libro di notevole acume, curato dal vaticanista della Rai Giuseppe De Carli, il cardinale afferma che &#8220;la &hellip; <\/p>\n<p><a class=\"more-link btn\" href=\"https:\/\/www.rassegnastampa-totustuus.it\/cattolica\/il-comunismo-di-tettamanzi-2\/\">Continua a leggere<\/a><\/p>\n","protected":false},"author":6,"featured_media":28852,"comment_status":"closed","ping_status":"open","sticky":false,"template":"","format":"standard","meta":{"footnotes":""},"categories":[5,45],"tags":[3178],"class_list":["post-245","post","type-post","status-publish","format-standard","has-post-thumbnail","hentry","category-chiesa","category-progressismo-cattolico","tag-dionigi-tettamanzi","item-wrap"],"yoast_head":"<!-- This site is optimized with the Yoast SEO plugin v27.5 - https:\/\/yoast.com\/product\/yoast-seo-wordpress\/ -->\n<title>Il comunismo di Tettamanzi - Rassegna Stampa Cattolica<\/title>\n<meta name=\"description\" content=\"Il comunismo di Tettamanzi. Nel discorso ai milanesi del cardinale cose giuste, ma niente libert\u00e0 n\u00e9 responsabilit\u00e0\" \/>\n<meta name=\"robots\" content=\"index, follow, max-snippet:-1, max-image-preview:large, max-video-preview:-1\" \/>\n<link rel=\"canonical\" href=\"https:\/\/www.rassegnastampa-totustuus.it\/cattolica\/il-comunismo-di-tettamanzi-2\/\" \/>\n<meta property=\"og:locale\" content=\"it_IT\" \/>\n<meta property=\"og:type\" content=\"article\" \/>\n<meta property=\"og:title\" content=\"Il comunismo di Tettamanzi - Rassegna Stampa Cattolica\" \/>\n<meta property=\"og:description\" content=\"Il comunismo di Tettamanzi. Nel discorso ai milanesi del cardinale cose giuste, ma niente libert\u00e0 n\u00e9 responsabilit\u00e0\" \/>\n<meta property=\"og:url\" content=\"https:\/\/www.rassegnastampa-totustuus.it\/cattolica\/il-comunismo-di-tettamanzi-2\/\" \/>\n<meta property=\"og:site_name\" content=\"Rassegna Stampa Cattolica\" \/>\n<meta property=\"article:publisher\" content=\"https:\/\/www.facebook.com\/rassegnastampacattolica\" \/>\n<meta property=\"article:published_time\" content=\"2004-12-16T16:22:05+00:00\" \/>\n<meta property=\"article:modified_time\" content=\"2025-07-05T07:47:36+00:00\" \/>\n<meta property=\"og:image\" content=\"https:\/\/www.rassegnastampa-totustuus.it\/cattolica\/wp-content\/uploads\/2004\/12\/Tettamanzi.jpg\" \/>\n\t<meta property=\"og:image:width\" content=\"184\" \/>\n\t<meta property=\"og:image:height\" content=\"239\" \/>\n\t<meta property=\"og:image:type\" content=\"image\/jpeg\" \/>\n<meta name=\"author\" content=\"Redazione\" \/>\n<meta name=\"twitter:card\" content=\"summary_large_image\" \/>\n<meta name=\"twitter:creator\" content=\"@rassegnastampa9\" \/>\n<meta name=\"twitter:site\" content=\"@rassegnastampa9\" \/>\n<meta name=\"twitter:label1\" content=\"Scritto da\" \/>\n\t<meta name=\"twitter:data1\" content=\"Redazione\" \/>\n\t<meta name=\"twitter:label2\" content=\"Tempo di lettura stimato\" \/>\n\t<meta name=\"twitter:data2\" content=\"6 minuti\" \/>\n<script type=\"application\/ld+json\" class=\"yoast-schema-graph\">{\"@context\":\"https:\\\/\\\/schema.org\",\"@graph\":[{\"@type\":\"Article\",\"@id\":\"https:\\\/\\\/www.rassegnastampa-totustuus.it\\\/cattolica\\\/il-comunismo-di-tettamanzi-2\\\/#article\",\"isPartOf\":{\"@id\":\"https:\\\/\\\/www.rassegnastampa-totustuus.it\\\/cattolica\\\/il-comunismo-di-tettamanzi-2\\\/\"},\"author\":{\"name\":\"Redazione\",\"@id\":\"https:\\\/\\\/www.rassegnastampa-totustuus.it\\\/cattolica\\\/#\\\/schema\\\/person\\\/08f319d2bd1a0904ad9e2bfb7b15e5c3\"},\"headline\":\"Il comunismo di Tettamanzi\",\"datePublished\":\"2004-12-16T16:22:05+00:00\",\"dateModified\":\"2025-07-05T07:47:36+00:00\",\"mainEntityOfPage\":{\"@id\":\"https:\\\/\\\/www.rassegnastampa-totustuus.it\\\/cattolica\\\/il-comunismo-di-tettamanzi-2\\\/\"},\"wordCount\":1016,\"publisher\":{\"@id\":\"https:\\\/\\\/www.rassegnastampa-totustuus.it\\\/cattolica\\\/#organization\"},\"image\":{\"@id\":\"https:\\\/\\\/www.rassegnastampa-totustuus.it\\\/cattolica\\\/il-comunismo-di-tettamanzi-2\\\/#primaryimage\"},\"thumbnailUrl\":\"https:\\\/\\\/www.rassegnastampa-totustuus.it\\\/cattolica\\\/wp-content\\\/uploads\\\/2004\\\/12\\\/Tettamanzi.jpg\",\"keywords\":[\"Dionigi Tettamanzi\"],\"articleSection\":[\"Chiesa\",\"Progressismo\"],\"inLanguage\":\"it-IT\"},{\"@type\":\"WebPage\",\"@id\":\"https:\\\/\\\/www.rassegnastampa-totustuus.it\\\/cattolica\\\/il-comunismo-di-tettamanzi-2\\\/\",\"url\":\"https:\\\/\\\/www.rassegnastampa-totustuus.it\\\/cattolica\\\/il-comunismo-di-tettamanzi-2\\\/\",\"name\":\"Il comunismo di Tettamanzi - Rassegna Stampa Cattolica\",\"isPartOf\":{\"@id\":\"https:\\\/\\\/www.rassegnastampa-totustuus.it\\\/cattolica\\\/#website\"},\"primaryImageOfPage\":{\"@id\":\"https:\\\/\\\/www.rassegnastampa-totustuus.it\\\/cattolica\\\/il-comunismo-di-tettamanzi-2\\\/#primaryimage\"},\"image\":{\"@id\":\"https:\\\/\\\/www.rassegnastampa-totustuus.it\\\/cattolica\\\/il-comunismo-di-tettamanzi-2\\\/#primaryimage\"},\"thumbnailUrl\":\"https:\\\/\\\/www.rassegnastampa-totustuus.it\\\/cattolica\\\/wp-content\\\/uploads\\\/2004\\\/12\\\/Tettamanzi.jpg\",\"datePublished\":\"2004-12-16T16:22:05+00:00\",\"dateModified\":\"2025-07-05T07:47:36+00:00\",\"description\":\"Il comunismo di Tettamanzi. Nel discorso ai milanesi del cardinale cose giuste, ma niente libert\u00e0 n\u00e9 responsabilit\u00e0\",\"breadcrumb\":{\"@id\":\"https:\\\/\\\/www.rassegnastampa-totustuus.it\\\/cattolica\\\/il-comunismo-di-tettamanzi-2\\\/#breadcrumb\"},\"inLanguage\":\"it-IT\",\"potentialAction\":[{\"@type\":\"ReadAction\",\"target\":[\"https:\\\/\\\/www.rassegnastampa-totustuus.it\\\/cattolica\\\/il-comunismo-di-tettamanzi-2\\\/\"]}]},{\"@type\":\"ImageObject\",\"inLanguage\":\"it-IT\",\"@id\":\"https:\\\/\\\/www.rassegnastampa-totustuus.it\\\/cattolica\\\/il-comunismo-di-tettamanzi-2\\\/#primaryimage\",\"url\":\"https:\\\/\\\/www.rassegnastampa-totustuus.it\\\/cattolica\\\/wp-content\\\/uploads\\\/2004\\\/12\\\/Tettamanzi.jpg\",\"contentUrl\":\"https:\\\/\\\/www.rassegnastampa-totustuus.it\\\/cattolica\\\/wp-content\\\/uploads\\\/2004\\\/12\\\/Tettamanzi.jpg\",\"width\":184,\"height\":239},{\"@type\":\"BreadcrumbList\",\"@id\":\"https:\\\/\\\/www.rassegnastampa-totustuus.it\\\/cattolica\\\/il-comunismo-di-tettamanzi-2\\\/#breadcrumb\",\"itemListElement\":[{\"@type\":\"ListItem\",\"position\":1,\"name\":\"Home\",\"item\":\"https:\\\/\\\/www.rassegnastampa-totustuus.it\\\/cattolica\\\/\"},{\"@type\":\"ListItem\",\"position\":2,\"name\":\"Il comunismo di Tettamanzi\"}]},{\"@type\":\"WebSite\",\"@id\":\"https:\\\/\\\/www.rassegnastampa-totustuus.it\\\/cattolica\\\/#website\",\"url\":\"https:\\\/\\\/www.rassegnastampa-totustuus.it\\\/cattolica\\\/\",\"name\":\"Rassegna Stampa Cattolica\",\"description\":\"Per una cultura che nasce dalla Rivelazione cristiana in conformit\u00e0 alla tradizione e al Magistero della Chiesa in opposizione ad ogni relativismo e totalitarismo\",\"publisher\":{\"@id\":\"https:\\\/\\\/www.rassegnastampa-totustuus.it\\\/cattolica\\\/#organization\"},\"alternateName\":\"Rass. Cattolica\",\"potentialAction\":[{\"@type\":\"SearchAction\",\"target\":{\"@type\":\"EntryPoint\",\"urlTemplate\":\"https:\\\/\\\/www.rassegnastampa-totustuus.it\\\/cattolica\\\/?s={search_term_string}\"},\"query-input\":{\"@type\":\"PropertyValueSpecification\",\"valueRequired\":true,\"valueName\":\"search_term_string\"}}],\"inLanguage\":\"it-IT\"},{\"@type\":\"Organization\",\"@id\":\"https:\\\/\\\/www.rassegnastampa-totustuus.it\\\/cattolica\\\/#organization\",\"name\":\"Rassegna Stampa Cattolica\",\"url\":\"https:\\\/\\\/www.rassegnastampa-totustuus.it\\\/cattolica\\\/\",\"logo\":{\"@type\":\"ImageObject\",\"inLanguage\":\"it-IT\",\"@id\":\"https:\\\/\\\/www.rassegnastampa-totustuus.it\\\/cattolica\\\/#\\\/schema\\\/logo\\\/image\\\/\",\"url\":\"https:\\\/\\\/www.rassegnastampa-totustuus.it\\\/cattolica\\\/wp-content\\\/uploads\\\/2014\\\/04\\\/logo-rassegna1.gif\",\"contentUrl\":\"https:\\\/\\\/www.rassegnastampa-totustuus.it\\\/cattolica\\\/wp-content\\\/uploads\\\/2014\\\/04\\\/logo-rassegna1.gif\",\"width\":600,\"height\":163,\"caption\":\"Rassegna Stampa Cattolica\"},\"image\":{\"@id\":\"https:\\\/\\\/www.rassegnastampa-totustuus.it\\\/cattolica\\\/#\\\/schema\\\/logo\\\/image\\\/\"},\"sameAs\":[\"https:\\\/\\\/www.facebook.com\\\/rassegnastampacattolica\",\"https:\\\/\\\/x.com\\\/rassegnastampa9\"]},{\"@type\":\"Person\",\"@id\":\"https:\\\/\\\/www.rassegnastampa-totustuus.it\\\/cattolica\\\/#\\\/schema\\\/person\\\/08f319d2bd1a0904ad9e2bfb7b15e5c3\",\"name\":\"Redazione\",\"image\":{\"@type\":\"ImageObject\",\"inLanguage\":\"it-IT\",\"@id\":\"https:\\\/\\\/secure.gravatar.com\\\/avatar\\\/2fcdf27c78ea025fbdb44e914cc63c72249ffec9dc8aafd5c82b26240ef3f346?s=96&d=mm&r=g\",\"url\":\"https:\\\/\\\/secure.gravatar.com\\\/avatar\\\/2fcdf27c78ea025fbdb44e914cc63c72249ffec9dc8aafd5c82b26240ef3f346?s=96&d=mm&r=g\",\"contentUrl\":\"https:\\\/\\\/secure.gravatar.com\\\/avatar\\\/2fcdf27c78ea025fbdb44e914cc63c72249ffec9dc8aafd5c82b26240ef3f346?s=96&d=mm&r=g\",\"caption\":\"Redazione\"},\"url\":\"https:\\\/\\\/www.rassegnastampa-totustuus.it\\\/cattolica\\\/author\\\/pietroelle\\\/\"}]}<\/script>\n<!-- \/ Yoast SEO plugin. -->","yoast_head_json":{"title":"Il comunismo di Tettamanzi - Rassegna Stampa Cattolica","description":"Il comunismo di Tettamanzi. Nel discorso ai milanesi del cardinale cose giuste, ma niente libert\u00e0 n\u00e9 responsabilit\u00e0","robots":{"index":"index","follow":"follow","max-snippet":"max-snippet:-1","max-image-preview":"max-image-preview:large","max-video-preview":"max-video-preview:-1"},"canonical":"https:\/\/www.rassegnastampa-totustuus.it\/cattolica\/il-comunismo-di-tettamanzi-2\/","og_locale":"it_IT","og_type":"article","og_title":"Il comunismo di Tettamanzi - Rassegna Stampa Cattolica","og_description":"Il comunismo di Tettamanzi. Nel discorso ai milanesi del cardinale cose giuste, ma niente libert\u00e0 n\u00e9 responsabilit\u00e0","og_url":"https:\/\/www.rassegnastampa-totustuus.it\/cattolica\/il-comunismo-di-tettamanzi-2\/","og_site_name":"Rassegna Stampa Cattolica","article_publisher":"https:\/\/www.facebook.com\/rassegnastampacattolica","article_published_time":"2004-12-16T16:22:05+00:00","article_modified_time":"2025-07-05T07:47:36+00:00","og_image":[{"width":184,"height":239,"url":"https:\/\/www.rassegnastampa-totustuus.it\/cattolica\/wp-content\/uploads\/2004\/12\/Tettamanzi.jpg","type":"image\/jpeg"}],"author":"Redazione","twitter_card":"summary_large_image","twitter_creator":"@rassegnastampa9","twitter_site":"@rassegnastampa9","twitter_misc":{"Scritto da":"Redazione","Tempo di lettura stimato":"6 minuti"},"schema":{"@context":"https:\/\/schema.org","@graph":[{"@type":"Article","@id":"https:\/\/www.rassegnastampa-totustuus.it\/cattolica\/il-comunismo-di-tettamanzi-2\/#article","isPartOf":{"@id":"https:\/\/www.rassegnastampa-totustuus.it\/cattolica\/il-comunismo-di-tettamanzi-2\/"},"author":{"name":"Redazione","@id":"https:\/\/www.rassegnastampa-totustuus.it\/cattolica\/#\/schema\/person\/08f319d2bd1a0904ad9e2bfb7b15e5c3"},"headline":"Il comunismo di Tettamanzi","datePublished":"2004-12-16T16:22:05+00:00","dateModified":"2025-07-05T07:47:36+00:00","mainEntityOfPage":{"@id":"https:\/\/www.rassegnastampa-totustuus.it\/cattolica\/il-comunismo-di-tettamanzi-2\/"},"wordCount":1016,"publisher":{"@id":"https:\/\/www.rassegnastampa-totustuus.it\/cattolica\/#organization"},"image":{"@id":"https:\/\/www.rassegnastampa-totustuus.it\/cattolica\/il-comunismo-di-tettamanzi-2\/#primaryimage"},"thumbnailUrl":"https:\/\/www.rassegnastampa-totustuus.it\/cattolica\/wp-content\/uploads\/2004\/12\/Tettamanzi.jpg","keywords":["Dionigi Tettamanzi"],"articleSection":["Chiesa","Progressismo"],"inLanguage":"it-IT"},{"@type":"WebPage","@id":"https:\/\/www.rassegnastampa-totustuus.it\/cattolica\/il-comunismo-di-tettamanzi-2\/","url":"https:\/\/www.rassegnastampa-totustuus.it\/cattolica\/il-comunismo-di-tettamanzi-2\/","name":"Il comunismo di Tettamanzi - Rassegna Stampa Cattolica","isPartOf":{"@id":"https:\/\/www.rassegnastampa-totustuus.it\/cattolica\/#website"},"primaryImageOfPage":{"@id":"https:\/\/www.rassegnastampa-totustuus.it\/cattolica\/il-comunismo-di-tettamanzi-2\/#primaryimage"},"image":{"@id":"https:\/\/www.rassegnastampa-totustuus.it\/cattolica\/il-comunismo-di-tettamanzi-2\/#primaryimage"},"thumbnailUrl":"https:\/\/www.rassegnastampa-totustuus.it\/cattolica\/wp-content\/uploads\/2004\/12\/Tettamanzi.jpg","datePublished":"2004-12-16T16:22:05+00:00","dateModified":"2025-07-05T07:47:36+00:00","description":"Il comunismo di Tettamanzi. Nel discorso ai milanesi del cardinale cose giuste, ma niente libert\u00e0 n\u00e9 responsabilit\u00e0","breadcrumb":{"@id":"https:\/\/www.rassegnastampa-totustuus.it\/cattolica\/il-comunismo-di-tettamanzi-2\/#breadcrumb"},"inLanguage":"it-IT","potentialAction":[{"@type":"ReadAction","target":["https:\/\/www.rassegnastampa-totustuus.it\/cattolica\/il-comunismo-di-tettamanzi-2\/"]}]},{"@type":"ImageObject","inLanguage":"it-IT","@id":"https:\/\/www.rassegnastampa-totustuus.it\/cattolica\/il-comunismo-di-tettamanzi-2\/#primaryimage","url":"https:\/\/www.rassegnastampa-totustuus.it\/cattolica\/wp-content\/uploads\/2004\/12\/Tettamanzi.jpg","contentUrl":"https:\/\/www.rassegnastampa-totustuus.it\/cattolica\/wp-content\/uploads\/2004\/12\/Tettamanzi.jpg","width":184,"height":239},{"@type":"BreadcrumbList","@id":"https:\/\/www.rassegnastampa-totustuus.it\/cattolica\/il-comunismo-di-tettamanzi-2\/#breadcrumb","itemListElement":[{"@type":"ListItem","position":1,"name":"Home","item":"https:\/\/www.rassegnastampa-totustuus.it\/cattolica\/"},{"@type":"ListItem","position":2,"name":"Il comunismo di Tettamanzi"}]},{"@type":"WebSite","@id":"https:\/\/www.rassegnastampa-totustuus.it\/cattolica\/#website","url":"https:\/\/www.rassegnastampa-totustuus.it\/cattolica\/","name":"Rassegna Stampa Cattolica","description":"Per una cultura che nasce dalla Rivelazione cristiana in conformit\u00e0 alla tradizione e al Magistero della Chiesa in opposizione ad ogni relativismo e totalitarismo","publisher":{"@id":"https:\/\/www.rassegnastampa-totustuus.it\/cattolica\/#organization"},"alternateName":"Rass. Cattolica","potentialAction":[{"@type":"SearchAction","target":{"@type":"EntryPoint","urlTemplate":"https:\/\/www.rassegnastampa-totustuus.it\/cattolica\/?s={search_term_string}"},"query-input":{"@type":"PropertyValueSpecification","valueRequired":true,"valueName":"search_term_string"}}],"inLanguage":"it-IT"},{"@type":"Organization","@id":"https:\/\/www.rassegnastampa-totustuus.it\/cattolica\/#organization","name":"Rassegna Stampa Cattolica","url":"https:\/\/www.rassegnastampa-totustuus.it\/cattolica\/","logo":{"@type":"ImageObject","inLanguage":"it-IT","@id":"https:\/\/www.rassegnastampa-totustuus.it\/cattolica\/#\/schema\/logo\/image\/","url":"https:\/\/www.rassegnastampa-totustuus.it\/cattolica\/wp-content\/uploads\/2014\/04\/logo-rassegna1.gif","contentUrl":"https:\/\/www.rassegnastampa-totustuus.it\/cattolica\/wp-content\/uploads\/2014\/04\/logo-rassegna1.gif","width":600,"height":163,"caption":"Rassegna Stampa Cattolica"},"image":{"@id":"https:\/\/www.rassegnastampa-totustuus.it\/cattolica\/#\/schema\/logo\/image\/"},"sameAs":["https:\/\/www.facebook.com\/rassegnastampacattolica","https:\/\/x.com\/rassegnastampa9"]},{"@type":"Person","@id":"https:\/\/www.rassegnastampa-totustuus.it\/cattolica\/#\/schema\/person\/08f319d2bd1a0904ad9e2bfb7b15e5c3","name":"Redazione","image":{"@type":"ImageObject","inLanguage":"it-IT","@id":"https:\/\/secure.gravatar.com\/avatar\/2fcdf27c78ea025fbdb44e914cc63c72249ffec9dc8aafd5c82b26240ef3f346?s=96&d=mm&r=g","url":"https:\/\/secure.gravatar.com\/avatar\/2fcdf27c78ea025fbdb44e914cc63c72249ffec9dc8aafd5c82b26240ef3f346?s=96&d=mm&r=g","contentUrl":"https:\/\/secure.gravatar.com\/avatar\/2fcdf27c78ea025fbdb44e914cc63c72249ffec9dc8aafd5c82b26240ef3f346?s=96&d=mm&r=g","caption":"Redazione"},"url":"https:\/\/www.rassegnastampa-totustuus.it\/cattolica\/author\/pietroelle\/"}]}},"_links":{"self":[{"href":"https:\/\/www.rassegnastampa-totustuus.it\/cattolica\/wp-json\/wp\/v2\/posts\/245","targetHints":{"allow":["GET"]}}],"collection":[{"href":"https:\/\/www.rassegnastampa-totustuus.it\/cattolica\/wp-json\/wp\/v2\/posts"}],"about":[{"href":"https:\/\/www.rassegnastampa-totustuus.it\/cattolica\/wp-json\/wp\/v2\/types\/post"}],"author":[{"embeddable":true,"href":"https:\/\/www.rassegnastampa-totustuus.it\/cattolica\/wp-json\/wp\/v2\/users\/6"}],"replies":[{"embeddable":true,"href":"https:\/\/www.rassegnastampa-totustuus.it\/cattolica\/wp-json\/wp\/v2\/comments?post=245"}],"version-history":[{"count":5,"href":"https:\/\/www.rassegnastampa-totustuus.it\/cattolica\/wp-json\/wp\/v2\/posts\/245\/revisions"}],"predecessor-version":[{"id":62889,"href":"https:\/\/www.rassegnastampa-totustuus.it\/cattolica\/wp-json\/wp\/v2\/posts\/245\/revisions\/62889"}],"wp:featuredmedia":[{"embeddable":true,"href":"https:\/\/www.rassegnastampa-totustuus.it\/cattolica\/wp-json\/wp\/v2\/media\/28852"}],"wp:attachment":[{"href":"https:\/\/www.rassegnastampa-totustuus.it\/cattolica\/wp-json\/wp\/v2\/media?parent=245"}],"wp:term":[{"taxonomy":"category","embeddable":true,"href":"https:\/\/www.rassegnastampa-totustuus.it\/cattolica\/wp-json\/wp\/v2\/categories?post=245"},{"taxonomy":"post_tag","embeddable":true,"href":"https:\/\/www.rassegnastampa-totustuus.it\/cattolica\/wp-json\/wp\/v2\/tags?post=245"}],"curies":[{"name":"wp","href":"https:\/\/api.w.org\/{rel}","templated":true}]}}