{"id":244,"date":"2004-12-16T17:17:01","date_gmt":"2004-12-16T16:17:01","guid":{"rendered":""},"modified":"2025-07-05T09:53:24","modified_gmt":"2025-07-05T07:53:24","slug":"londa-musulmana-e-i-calcoli-sbagliati-sullimmigrazione","status":"publish","type":"post","link":"https:\/\/www.rassegnastampa-totustuus.it\/cattolica\/londa-musulmana-e-i-calcoli-sbagliati-sullimmigrazione\/","title":{"rendered":"L\u2019onda musulmana e i calcoli sbagliati sull&#8217;immigrazione"},"content":{"rendered":"\n<p class=\"has-text-align-center\">Articolo pubblicato su <strong><a href=\"http:\/\/www.ilgiornale.it\/\" target=\"_blank\" rel=\"noreferrer noopener\">il Giornale<\/a><\/strong> il  7 dicembre 2004<\/p>\n\n\n\n<p><em>I&nbsp;dati&nbsp;sulla presenza islamica sono resi noti&nbsp;postulando che l&#8217;emigrazione in Italia da un determinato Paese si divida fra le varie appartenenze religiose in proporzione alle appartenenze religiose in quel Paese secondo le statistiche ufficiali. Ma non \u00e8 proprio cos\u00ec.<\/em><\/p>\n\n\n\n<p class=\"has-text-align-center\">di <strong>Massimo Introvigne<\/strong><\/p>\n\n\n<div class=\"wp-block-image\">\n<figure class=\"aligncenter size-full is-resized\"><a href=\"https:\/\/www.rassegnastampa-totustuus.it\/cattolica\/wp-content\/uploads\/2004\/12\/preghiera-islam.jpg\"><img loading=\"lazy\" decoding=\"async\" width=\"302\" height=\"167\" src=\"https:\/\/www.rassegnastampa-totustuus.it\/cattolica\/wp-content\/uploads\/2004\/12\/preghiera-islam.jpg\" alt=\"\" class=\"wp-image-27397\" style=\"width:420px;height:auto\" srcset=\"https:\/\/www.rassegnastampa-totustuus.it\/cattolica\/wp-content\/uploads\/2004\/12\/preghiera-islam.jpg 302w, https:\/\/www.rassegnastampa-totustuus.it\/cattolica\/wp-content\/uploads\/2004\/12\/preghiera-islam-300x165.jpg 300w\" sizes=\"auto, (max-width: 302px) 100vw, 302px\" \/><\/a><\/figure><\/div>\n\n\n<!--more-->\n\n\n\n<p>Si legge spesso che l&#8217;Italia ospita un milione di musulmani: una bella cifra tonda, che si ricorda facilmente. Ma una cifra, probabilmente, eccessiva.<\/p>\n\n\n\n<p>Il punto di partenza per qualunque statistica \u00e8 il rapporto sull&#8217;immigrazione pubblicato annualmente dalla Caritas e dalla Fondazione Migrantes. L&#8217;edizione 2004 fornisce il dato di 2.600.000 immigrati regolari presenti in Italia. In testa, grazie alle scelte politiche in tema di regolarizzazioni, c&#8217;\u00e8 ora la Romania con 239.000 presenze, seguita dall&#8217;Albania con 233.000, dal Marocco con 227.000, dall&#8217;Ucraina con 112.000, dalla Cina con 100.000. Ci sono 60.000 tunisini regolari, 48.000 senegalesi , 45.000 egiziani e 30.000 pakistani.<\/p>\n\n\n\n<p>Quanto alla religione, tra gli immigrati il 33% sarebbe musulmano, il 22,6% cattolico, il 20,3% ortodosso, con le altre religioni molto distanziate. Tra i soli immigrati regolari, i musulmani sarebbero quindi 723.000 e gli ortodossi 527.800. La Caritas ritiene di dovere aggiungere a questi totali un 24,45% di clandestini, arrivando cos\u00ec a una stima di circa 900.000 musulmani, comprendendo i convertiti italiani (e 656.000 ortodossi).<\/p>\n\n\n\n<p>C&#8217;\u00e8 per\u00f2 un problema. A questi dati si arriva postulando che l&#8217;emigrazione in Italia da un determinato Paese si divida fra le varie appartenenze religiose in proporzione alle appartenenze religiose in quel Paese secondo le statistiche ufficiali. Cos\u00ec se nel Paese A ci sono secondo le statistiche governative il 40% di ortodossi e il 10% di musulmani, si assume che per ogni cento emigrati dal Paese A in Italia ci siano quaranta ortodossi e dieci musulmani.<\/p>\n\n\n\n<p>Ma \u00e8 praticamente certo che questo dato sovrastima le minoranze religiose, non solo perch\u00e9 nei Paesi dove esiste una minoranza cattolica (magari perseguitata) questa \u00e8 spesso pi\u00f9 portata e emigrare in Italia, ma soprattutto perch\u00e9 le statistiche ufficiali fornite dai governi sono raramente affidabili. Molti governi dell&#8217;Est europeo sovrastimano gli ortodossi e sottostimano i non religiosi (che non sono necessariamente atei).<\/p>\n\n\n\n<p>Alcuni governi di Paesi musulmani (un caso noto \u00e8 l&#8217;Egitto) diffondono statistiche che sottostimano le minoranze religiose a vantaggio dell&#8217;islam. Errori di calcolo si sovrappongono in questi casi a ragioni politiche e a definizioni vaghe di appartenenza a una religione, comunque diverse da quelle che prevalgono nella statistica religiosa accademica.<\/p>\n\n\n\n<p>Inoltre, anche se l&#8217;influenza di processi di secolarizzazione e di conversione religiosa fra gli immigrati non deve essere sottovalutata, vi sono un certo numero di musulmani o di ortodossi che arrivati in Italia abbandonano completamente la loro identit\u00e0 religiosa ovvero aderiscono a una nuova religione. Per esempio, il numero di Sale del Regno dei Testimoni di Geova di lingua araba, romena e cos\u00ec via riservate ai convertiti immigrati \u00e8 in costante aumento in tutte le principali citt\u00e0 italiane.<\/p>\n\n\n\n<p>Per questo motivo, sembra prudenziale ritenere i dati Caritas sovrastimati in ragione di questi fattori di un buon 25% per gli ortodossi (assai pi\u00f9 sopravvalutati nelle statistiche dei Paesi di origine di quanto non avvenga per i musulmani, in quanto l&#8217;irreligione o il &#8220;credere senza appartenere&#8221; sono senz&#8217;altro pi\u00f9 diffusi nei Paesi dell&#8217;Est europeo rispetto ai Paesi a maggioranza islamica) e di un 10% per i musulmani. Se ne dovrebbe concludere che (compresi i cittadini italiani) gli ortodossi siano circa 480.000, e i musulmani circa 810.000. Molti, ma meno del famoso milione di cui si parla.<\/p>\n","protected":false},"excerpt":{"rendered":"<p>Articolo pubblicato su il Giornale il 7 dicembre 2004 I&nbsp;dati&nbsp;sulla presenza islamica sono resi noti&nbsp;postulando che l&#8217;emigrazione in Italia da un determinato Paese si divida fra le varie appartenenze religiose in proporzione alle appartenenze religiose in quel Paese secondo le statistiche ufficiali. Ma non \u00e8 proprio cos\u00ec. di Massimo Introvigne<\/p><p><a class=\"more-link btn\" href=\"https:\/\/www.rassegnastampa-totustuus.it\/cattolica\/londa-musulmana-e-i-calcoli-sbagliati-sullimmigrazione\/\">Continua a leggere<\/a><\/p>\n","protected":false},"author":6,"featured_media":27397,"comment_status":"closed","ping_status":"open","sticky":false,"template":"","format":"standard","meta":{"footnotes":""},"categories":[38,35],"tags":[3179],"class_list":["post-244","post","type-post","status-publish","format-standard","has-post-thumbnail","hentry","category-immigrazione","category-islam-in-italia","tag-mussulmani","item-wrap"],"yoast_head":"<!-- This site is optimized with the Yoast SEO plugin v27.5 - https:\/\/yoast.com\/product\/yoast-seo-wordpress\/ -->\n<title>L\u2019onda musulmana e i calcoli sbagliati sull&#039;immigrazione - Rassegna Stampa Cattolica<\/title>\n<meta name=\"description\" content=\"L\u2019onda musulmana e i calcoli sbagliati sull&#039;immigrazione. In Italia ci sarebbero meno islamici di quello che si pensa\" \/>\n<meta name=\"robots\" content=\"index, follow, max-snippet:-1, max-image-preview:large, max-video-preview:-1\" \/>\n<link rel=\"canonical\" href=\"https:\/\/www.rassegnastampa-totustuus.it\/cattolica\/londa-musulmana-e-i-calcoli-sbagliati-sullimmigrazione\/\" \/>\n<meta property=\"og:locale\" content=\"it_IT\" \/>\n<meta property=\"og:type\" content=\"article\" \/>\n<meta property=\"og:title\" content=\"L\u2019onda musulmana e i calcoli sbagliati sull&#039;immigrazione - Rassegna Stampa Cattolica\" \/>\n<meta property=\"og:description\" content=\"L\u2019onda musulmana e i calcoli sbagliati sull&#039;immigrazione. In Italia ci sarebbero meno islamici di quello che si pensa\" \/>\n<meta property=\"og:url\" content=\"https:\/\/www.rassegnastampa-totustuus.it\/cattolica\/londa-musulmana-e-i-calcoli-sbagliati-sullimmigrazione\/\" \/>\n<meta property=\"og:site_name\" content=\"Rassegna Stampa Cattolica\" \/>\n<meta property=\"article:publisher\" content=\"https:\/\/www.facebook.com\/rassegnastampacattolica\" \/>\n<meta property=\"article:published_time\" content=\"2004-12-16T16:17:01+00:00\" \/>\n<meta property=\"article:modified_time\" content=\"2025-07-05T07:53:24+00:00\" \/>\n<meta property=\"og:image\" content=\"https:\/\/www.rassegnastampa-totustuus.it\/cattolica\/wp-content\/uploads\/2004\/12\/preghiera-islam.jpg\" \/>\n\t<meta property=\"og:image:width\" content=\"302\" \/>\n\t<meta property=\"og:image:height\" content=\"167\" \/>\n\t<meta property=\"og:image:type\" content=\"image\/jpeg\" \/>\n<meta name=\"author\" content=\"Redazione\" \/>\n<meta name=\"twitter:card\" content=\"summary_large_image\" \/>\n<meta name=\"twitter:creator\" content=\"@rassegnastampa9\" \/>\n<meta name=\"twitter:site\" content=\"@rassegnastampa9\" \/>\n<meta name=\"twitter:label1\" content=\"Scritto da\" \/>\n\t<meta name=\"twitter:data1\" content=\"Redazione\" \/>\n\t<meta name=\"twitter:label2\" content=\"Tempo di lettura stimato\" \/>\n\t<meta name=\"twitter:data2\" content=\"4 minuti\" \/>\n<script type=\"application\/ld+json\" class=\"yoast-schema-graph\">{\"@context\":\"https:\\\/\\\/schema.org\",\"@graph\":[{\"@type\":\"Article\",\"@id\":\"https:\\\/\\\/www.rassegnastampa-totustuus.it\\\/cattolica\\\/londa-musulmana-e-i-calcoli-sbagliati-sullimmigrazione\\\/#article\",\"isPartOf\":{\"@id\":\"https:\\\/\\\/www.rassegnastampa-totustuus.it\\\/cattolica\\\/londa-musulmana-e-i-calcoli-sbagliati-sullimmigrazione\\\/\"},\"author\":{\"name\":\"Redazione\",\"@id\":\"https:\\\/\\\/www.rassegnastampa-totustuus.it\\\/cattolica\\\/#\\\/schema\\\/person\\\/08f319d2bd1a0904ad9e2bfb7b15e5c3\"},\"headline\":\"L\u2019onda musulmana e i calcoli sbagliati sull&#8217;immigrazione\",\"datePublished\":\"2004-12-16T16:17:01+00:00\",\"dateModified\":\"2025-07-05T07:53:24+00:00\",\"mainEntityOfPage\":{\"@id\":\"https:\\\/\\\/www.rassegnastampa-totustuus.it\\\/cattolica\\\/londa-musulmana-e-i-calcoli-sbagliati-sullimmigrazione\\\/\"},\"wordCount\":570,\"publisher\":{\"@id\":\"https:\\\/\\\/www.rassegnastampa-totustuus.it\\\/cattolica\\\/#organization\"},\"image\":{\"@id\":\"https:\\\/\\\/www.rassegnastampa-totustuus.it\\\/cattolica\\\/londa-musulmana-e-i-calcoli-sbagliati-sullimmigrazione\\\/#primaryimage\"},\"thumbnailUrl\":\"https:\\\/\\\/www.rassegnastampa-totustuus.it\\\/cattolica\\\/wp-content\\\/uploads\\\/2004\\\/12\\\/preghiera-islam.jpg\",\"keywords\":[\"mussulmani\"],\"articleSection\":[\"Immigrazione\",\"Islam in Italia\"],\"inLanguage\":\"it-IT\"},{\"@type\":\"WebPage\",\"@id\":\"https:\\\/\\\/www.rassegnastampa-totustuus.it\\\/cattolica\\\/londa-musulmana-e-i-calcoli-sbagliati-sullimmigrazione\\\/\",\"url\":\"https:\\\/\\\/www.rassegnastampa-totustuus.it\\\/cattolica\\\/londa-musulmana-e-i-calcoli-sbagliati-sullimmigrazione\\\/\",\"name\":\"L\u2019onda musulmana e i calcoli sbagliati sull'immigrazione - Rassegna Stampa Cattolica\",\"isPartOf\":{\"@id\":\"https:\\\/\\\/www.rassegnastampa-totustuus.it\\\/cattolica\\\/#website\"},\"primaryImageOfPage\":{\"@id\":\"https:\\\/\\\/www.rassegnastampa-totustuus.it\\\/cattolica\\\/londa-musulmana-e-i-calcoli-sbagliati-sullimmigrazione\\\/#primaryimage\"},\"image\":{\"@id\":\"https:\\\/\\\/www.rassegnastampa-totustuus.it\\\/cattolica\\\/londa-musulmana-e-i-calcoli-sbagliati-sullimmigrazione\\\/#primaryimage\"},\"thumbnailUrl\":\"https:\\\/\\\/www.rassegnastampa-totustuus.it\\\/cattolica\\\/wp-content\\\/uploads\\\/2004\\\/12\\\/preghiera-islam.jpg\",\"datePublished\":\"2004-12-16T16:17:01+00:00\",\"dateModified\":\"2025-07-05T07:53:24+00:00\",\"description\":\"L\u2019onda musulmana e i calcoli sbagliati sull'immigrazione. In Italia ci sarebbero meno islamici di quello che si pensa\",\"breadcrumb\":{\"@id\":\"https:\\\/\\\/www.rassegnastampa-totustuus.it\\\/cattolica\\\/londa-musulmana-e-i-calcoli-sbagliati-sullimmigrazione\\\/#breadcrumb\"},\"inLanguage\":\"it-IT\",\"potentialAction\":[{\"@type\":\"ReadAction\",\"target\":[\"https:\\\/\\\/www.rassegnastampa-totustuus.it\\\/cattolica\\\/londa-musulmana-e-i-calcoli-sbagliati-sullimmigrazione\\\/\"]}]},{\"@type\":\"ImageObject\",\"inLanguage\":\"it-IT\",\"@id\":\"https:\\\/\\\/www.rassegnastampa-totustuus.it\\\/cattolica\\\/londa-musulmana-e-i-calcoli-sbagliati-sullimmigrazione\\\/#primaryimage\",\"url\":\"https:\\\/\\\/www.rassegnastampa-totustuus.it\\\/cattolica\\\/wp-content\\\/uploads\\\/2004\\\/12\\\/preghiera-islam.jpg\",\"contentUrl\":\"https:\\\/\\\/www.rassegnastampa-totustuus.it\\\/cattolica\\\/wp-content\\\/uploads\\\/2004\\\/12\\\/preghiera-islam.jpg\",\"width\":302,\"height\":167},{\"@type\":\"BreadcrumbList\",\"@id\":\"https:\\\/\\\/www.rassegnastampa-totustuus.it\\\/cattolica\\\/londa-musulmana-e-i-calcoli-sbagliati-sullimmigrazione\\\/#breadcrumb\",\"itemListElement\":[{\"@type\":\"ListItem\",\"position\":1,\"name\":\"Home\",\"item\":\"https:\\\/\\\/www.rassegnastampa-totustuus.it\\\/cattolica\\\/\"},{\"@type\":\"ListItem\",\"position\":2,\"name\":\"L\u2019onda musulmana e i calcoli sbagliati sull&#8217;immigrazione\"}]},{\"@type\":\"WebSite\",\"@id\":\"https:\\\/\\\/www.rassegnastampa-totustuus.it\\\/cattolica\\\/#website\",\"url\":\"https:\\\/\\\/www.rassegnastampa-totustuus.it\\\/cattolica\\\/\",\"name\":\"Rassegna Stampa Cattolica\",\"description\":\"Per una cultura che nasce dalla Rivelazione cristiana in conformit\u00e0 alla tradizione e al Magistero della Chiesa in opposizione ad ogni relativismo e totalitarismo\",\"publisher\":{\"@id\":\"https:\\\/\\\/www.rassegnastampa-totustuus.it\\\/cattolica\\\/#organization\"},\"alternateName\":\"Rass. Cattolica\",\"potentialAction\":[{\"@type\":\"SearchAction\",\"target\":{\"@type\":\"EntryPoint\",\"urlTemplate\":\"https:\\\/\\\/www.rassegnastampa-totustuus.it\\\/cattolica\\\/?s={search_term_string}\"},\"query-input\":{\"@type\":\"PropertyValueSpecification\",\"valueRequired\":true,\"valueName\":\"search_term_string\"}}],\"inLanguage\":\"it-IT\"},{\"@type\":\"Organization\",\"@id\":\"https:\\\/\\\/www.rassegnastampa-totustuus.it\\\/cattolica\\\/#organization\",\"name\":\"Rassegna Stampa Cattolica\",\"url\":\"https:\\\/\\\/www.rassegnastampa-totustuus.it\\\/cattolica\\\/\",\"logo\":{\"@type\":\"ImageObject\",\"inLanguage\":\"it-IT\",\"@id\":\"https:\\\/\\\/www.rassegnastampa-totustuus.it\\\/cattolica\\\/#\\\/schema\\\/logo\\\/image\\\/\",\"url\":\"https:\\\/\\\/www.rassegnastampa-totustuus.it\\\/cattolica\\\/wp-content\\\/uploads\\\/2014\\\/04\\\/logo-rassegna1.gif\",\"contentUrl\":\"https:\\\/\\\/www.rassegnastampa-totustuus.it\\\/cattolica\\\/wp-content\\\/uploads\\\/2014\\\/04\\\/logo-rassegna1.gif\",\"width\":600,\"height\":163,\"caption\":\"Rassegna Stampa Cattolica\"},\"image\":{\"@id\":\"https:\\\/\\\/www.rassegnastampa-totustuus.it\\\/cattolica\\\/#\\\/schema\\\/logo\\\/image\\\/\"},\"sameAs\":[\"https:\\\/\\\/www.facebook.com\\\/rassegnastampacattolica\",\"https:\\\/\\\/x.com\\\/rassegnastampa9\"]},{\"@type\":\"Person\",\"@id\":\"https:\\\/\\\/www.rassegnastampa-totustuus.it\\\/cattolica\\\/#\\\/schema\\\/person\\\/08f319d2bd1a0904ad9e2bfb7b15e5c3\",\"name\":\"Redazione\",\"image\":{\"@type\":\"ImageObject\",\"inLanguage\":\"it-IT\",\"@id\":\"https:\\\/\\\/secure.gravatar.com\\\/avatar\\\/2fcdf27c78ea025fbdb44e914cc63c72249ffec9dc8aafd5c82b26240ef3f346?s=96&d=mm&r=g\",\"url\":\"https:\\\/\\\/secure.gravatar.com\\\/avatar\\\/2fcdf27c78ea025fbdb44e914cc63c72249ffec9dc8aafd5c82b26240ef3f346?s=96&d=mm&r=g\",\"contentUrl\":\"https:\\\/\\\/secure.gravatar.com\\\/avatar\\\/2fcdf27c78ea025fbdb44e914cc63c72249ffec9dc8aafd5c82b26240ef3f346?s=96&d=mm&r=g\",\"caption\":\"Redazione\"},\"url\":\"https:\\\/\\\/www.rassegnastampa-totustuus.it\\\/cattolica\\\/author\\\/pietroelle\\\/\"}]}<\/script>\n<!-- \/ Yoast SEO plugin. -->","yoast_head_json":{"title":"L\u2019onda musulmana e i calcoli sbagliati sull'immigrazione - Rassegna Stampa Cattolica","description":"L\u2019onda musulmana e i calcoli sbagliati sull'immigrazione. In Italia ci sarebbero meno islamici di quello che si pensa","robots":{"index":"index","follow":"follow","max-snippet":"max-snippet:-1","max-image-preview":"max-image-preview:large","max-video-preview":"max-video-preview:-1"},"canonical":"https:\/\/www.rassegnastampa-totustuus.it\/cattolica\/londa-musulmana-e-i-calcoli-sbagliati-sullimmigrazione\/","og_locale":"it_IT","og_type":"article","og_title":"L\u2019onda musulmana e i calcoli sbagliati sull'immigrazione - Rassegna Stampa Cattolica","og_description":"L\u2019onda musulmana e i calcoli sbagliati sull'immigrazione. In Italia ci sarebbero meno islamici di quello che si pensa","og_url":"https:\/\/www.rassegnastampa-totustuus.it\/cattolica\/londa-musulmana-e-i-calcoli-sbagliati-sullimmigrazione\/","og_site_name":"Rassegna Stampa Cattolica","article_publisher":"https:\/\/www.facebook.com\/rassegnastampacattolica","article_published_time":"2004-12-16T16:17:01+00:00","article_modified_time":"2025-07-05T07:53:24+00:00","og_image":[{"width":302,"height":167,"url":"https:\/\/www.rassegnastampa-totustuus.it\/cattolica\/wp-content\/uploads\/2004\/12\/preghiera-islam.jpg","type":"image\/jpeg"}],"author":"Redazione","twitter_card":"summary_large_image","twitter_creator":"@rassegnastampa9","twitter_site":"@rassegnastampa9","twitter_misc":{"Scritto da":"Redazione","Tempo di lettura stimato":"4 minuti"},"schema":{"@context":"https:\/\/schema.org","@graph":[{"@type":"Article","@id":"https:\/\/www.rassegnastampa-totustuus.it\/cattolica\/londa-musulmana-e-i-calcoli-sbagliati-sullimmigrazione\/#article","isPartOf":{"@id":"https:\/\/www.rassegnastampa-totustuus.it\/cattolica\/londa-musulmana-e-i-calcoli-sbagliati-sullimmigrazione\/"},"author":{"name":"Redazione","@id":"https:\/\/www.rassegnastampa-totustuus.it\/cattolica\/#\/schema\/person\/08f319d2bd1a0904ad9e2bfb7b15e5c3"},"headline":"L\u2019onda musulmana e i calcoli sbagliati sull&#8217;immigrazione","datePublished":"2004-12-16T16:17:01+00:00","dateModified":"2025-07-05T07:53:24+00:00","mainEntityOfPage":{"@id":"https:\/\/www.rassegnastampa-totustuus.it\/cattolica\/londa-musulmana-e-i-calcoli-sbagliati-sullimmigrazione\/"},"wordCount":570,"publisher":{"@id":"https:\/\/www.rassegnastampa-totustuus.it\/cattolica\/#organization"},"image":{"@id":"https:\/\/www.rassegnastampa-totustuus.it\/cattolica\/londa-musulmana-e-i-calcoli-sbagliati-sullimmigrazione\/#primaryimage"},"thumbnailUrl":"https:\/\/www.rassegnastampa-totustuus.it\/cattolica\/wp-content\/uploads\/2004\/12\/preghiera-islam.jpg","keywords":["mussulmani"],"articleSection":["Immigrazione","Islam in Italia"],"inLanguage":"it-IT"},{"@type":"WebPage","@id":"https:\/\/www.rassegnastampa-totustuus.it\/cattolica\/londa-musulmana-e-i-calcoli-sbagliati-sullimmigrazione\/","url":"https:\/\/www.rassegnastampa-totustuus.it\/cattolica\/londa-musulmana-e-i-calcoli-sbagliati-sullimmigrazione\/","name":"L\u2019onda musulmana e i calcoli sbagliati sull'immigrazione - Rassegna Stampa Cattolica","isPartOf":{"@id":"https:\/\/www.rassegnastampa-totustuus.it\/cattolica\/#website"},"primaryImageOfPage":{"@id":"https:\/\/www.rassegnastampa-totustuus.it\/cattolica\/londa-musulmana-e-i-calcoli-sbagliati-sullimmigrazione\/#primaryimage"},"image":{"@id":"https:\/\/www.rassegnastampa-totustuus.it\/cattolica\/londa-musulmana-e-i-calcoli-sbagliati-sullimmigrazione\/#primaryimage"},"thumbnailUrl":"https:\/\/www.rassegnastampa-totustuus.it\/cattolica\/wp-content\/uploads\/2004\/12\/preghiera-islam.jpg","datePublished":"2004-12-16T16:17:01+00:00","dateModified":"2025-07-05T07:53:24+00:00","description":"L\u2019onda musulmana e i calcoli sbagliati sull'immigrazione. In Italia ci sarebbero meno islamici di quello che si pensa","breadcrumb":{"@id":"https:\/\/www.rassegnastampa-totustuus.it\/cattolica\/londa-musulmana-e-i-calcoli-sbagliati-sullimmigrazione\/#breadcrumb"},"inLanguage":"it-IT","potentialAction":[{"@type":"ReadAction","target":["https:\/\/www.rassegnastampa-totustuus.it\/cattolica\/londa-musulmana-e-i-calcoli-sbagliati-sullimmigrazione\/"]}]},{"@type":"ImageObject","inLanguage":"it-IT","@id":"https:\/\/www.rassegnastampa-totustuus.it\/cattolica\/londa-musulmana-e-i-calcoli-sbagliati-sullimmigrazione\/#primaryimage","url":"https:\/\/www.rassegnastampa-totustuus.it\/cattolica\/wp-content\/uploads\/2004\/12\/preghiera-islam.jpg","contentUrl":"https:\/\/www.rassegnastampa-totustuus.it\/cattolica\/wp-content\/uploads\/2004\/12\/preghiera-islam.jpg","width":302,"height":167},{"@type":"BreadcrumbList","@id":"https:\/\/www.rassegnastampa-totustuus.it\/cattolica\/londa-musulmana-e-i-calcoli-sbagliati-sullimmigrazione\/#breadcrumb","itemListElement":[{"@type":"ListItem","position":1,"name":"Home","item":"https:\/\/www.rassegnastampa-totustuus.it\/cattolica\/"},{"@type":"ListItem","position":2,"name":"L\u2019onda musulmana e i calcoli sbagliati sull&#8217;immigrazione"}]},{"@type":"WebSite","@id":"https:\/\/www.rassegnastampa-totustuus.it\/cattolica\/#website","url":"https:\/\/www.rassegnastampa-totustuus.it\/cattolica\/","name":"Rassegna Stampa Cattolica","description":"Per una cultura che nasce dalla Rivelazione cristiana in conformit\u00e0 alla tradizione e al Magistero della Chiesa in opposizione ad ogni relativismo e totalitarismo","publisher":{"@id":"https:\/\/www.rassegnastampa-totustuus.it\/cattolica\/#organization"},"alternateName":"Rass. Cattolica","potentialAction":[{"@type":"SearchAction","target":{"@type":"EntryPoint","urlTemplate":"https:\/\/www.rassegnastampa-totustuus.it\/cattolica\/?s={search_term_string}"},"query-input":{"@type":"PropertyValueSpecification","valueRequired":true,"valueName":"search_term_string"}}],"inLanguage":"it-IT"},{"@type":"Organization","@id":"https:\/\/www.rassegnastampa-totustuus.it\/cattolica\/#organization","name":"Rassegna Stampa Cattolica","url":"https:\/\/www.rassegnastampa-totustuus.it\/cattolica\/","logo":{"@type":"ImageObject","inLanguage":"it-IT","@id":"https:\/\/www.rassegnastampa-totustuus.it\/cattolica\/#\/schema\/logo\/image\/","url":"https:\/\/www.rassegnastampa-totustuus.it\/cattolica\/wp-content\/uploads\/2014\/04\/logo-rassegna1.gif","contentUrl":"https:\/\/www.rassegnastampa-totustuus.it\/cattolica\/wp-content\/uploads\/2014\/04\/logo-rassegna1.gif","width":600,"height":163,"caption":"Rassegna Stampa Cattolica"},"image":{"@id":"https:\/\/www.rassegnastampa-totustuus.it\/cattolica\/#\/schema\/logo\/image\/"},"sameAs":["https:\/\/www.facebook.com\/rassegnastampacattolica","https:\/\/x.com\/rassegnastampa9"]},{"@type":"Person","@id":"https:\/\/www.rassegnastampa-totustuus.it\/cattolica\/#\/schema\/person\/08f319d2bd1a0904ad9e2bfb7b15e5c3","name":"Redazione","image":{"@type":"ImageObject","inLanguage":"it-IT","@id":"https:\/\/secure.gravatar.com\/avatar\/2fcdf27c78ea025fbdb44e914cc63c72249ffec9dc8aafd5c82b26240ef3f346?s=96&d=mm&r=g","url":"https:\/\/secure.gravatar.com\/avatar\/2fcdf27c78ea025fbdb44e914cc63c72249ffec9dc8aafd5c82b26240ef3f346?s=96&d=mm&r=g","contentUrl":"https:\/\/secure.gravatar.com\/avatar\/2fcdf27c78ea025fbdb44e914cc63c72249ffec9dc8aafd5c82b26240ef3f346?s=96&d=mm&r=g","caption":"Redazione"},"url":"https:\/\/www.rassegnastampa-totustuus.it\/cattolica\/author\/pietroelle\/"}]}},"_links":{"self":[{"href":"https:\/\/www.rassegnastampa-totustuus.it\/cattolica\/wp-json\/wp\/v2\/posts\/244","targetHints":{"allow":["GET"]}}],"collection":[{"href":"https:\/\/www.rassegnastampa-totustuus.it\/cattolica\/wp-json\/wp\/v2\/posts"}],"about":[{"href":"https:\/\/www.rassegnastampa-totustuus.it\/cattolica\/wp-json\/wp\/v2\/types\/post"}],"author":[{"embeddable":true,"href":"https:\/\/www.rassegnastampa-totustuus.it\/cattolica\/wp-json\/wp\/v2\/users\/6"}],"replies":[{"embeddable":true,"href":"https:\/\/www.rassegnastampa-totustuus.it\/cattolica\/wp-json\/wp\/v2\/comments?post=244"}],"version-history":[{"count":4,"href":"https:\/\/www.rassegnastampa-totustuus.it\/cattolica\/wp-json\/wp\/v2\/posts\/244\/revisions"}],"predecessor-version":[{"id":62891,"href":"https:\/\/www.rassegnastampa-totustuus.it\/cattolica\/wp-json\/wp\/v2\/posts\/244\/revisions\/62891"}],"wp:featuredmedia":[{"embeddable":true,"href":"https:\/\/www.rassegnastampa-totustuus.it\/cattolica\/wp-json\/wp\/v2\/media\/27397"}],"wp:attachment":[{"href":"https:\/\/www.rassegnastampa-totustuus.it\/cattolica\/wp-json\/wp\/v2\/media?parent=244"}],"wp:term":[{"taxonomy":"category","embeddable":true,"href":"https:\/\/www.rassegnastampa-totustuus.it\/cattolica\/wp-json\/wp\/v2\/categories?post=244"},{"taxonomy":"post_tag","embeddable":true,"href":"https:\/\/www.rassegnastampa-totustuus.it\/cattolica\/wp-json\/wp\/v2\/tags?post=244"}],"curies":[{"name":"wp","href":"https:\/\/api.w.org\/{rel}","templated":true}]}}