{"id":243,"date":"2004-12-16T17:10:33","date_gmt":"2004-12-16T16:10:33","guid":{"rendered":""},"modified":"2025-07-05T10:02:40","modified_gmt":"2025-07-05T08:02:40","slug":"rupnik-larte-torni-in-chiesa","status":"publish","type":"post","link":"https:\/\/www.rassegnastampa-totustuus.it\/cattolica\/rupnik-larte-torni-in-chiesa\/","title":{"rendered":"Rupnik: l\u2019arte torni in chiesa"},"content":{"rendered":"\n<p class=\"has-text-align-center\">Articolo pubblicato su <a href=\"https:\/\/www.avvenire.it\/\" target=\"_blank\" rel=\"noreferrer noopener\"><strong>Avvenire<\/strong> <\/a>21 ottobre 2004<\/p>\n\n\n\n<p><em>Parla il teologo e artista: \u00abI luoghi sacri sono poveri di immagini. Non \u00e8 curioso che la maggioranza delle nuove chiese venga sempre fotografata senza persone? O che nei cataloghi degli architetti non figurino mai le celebrazioni?\u00bb \u00abEppure le raffigurazioni contemporanee non sono estranee al sacro, rovesciano all\u2019esterno il cuore umano: un cuore straziato, ma \u00e8 l\u00ec che Dio abita\u00bb<\/em><\/p>\n\n\n\n<p class=\"has-text-align-center\">di <strong>Paola Springhetti<\/strong><\/p>\n\n\n<div class=\"wp-block-image\">\n<figure class=\"aligncenter size-full is-resized\"><a href=\"https:\/\/www.rassegnastampa-totustuus.it\/cattolica\/wp-content\/uploads\/2004\/12\/Marko-Ivan-Rupnik.jpg\"><img loading=\"lazy\" decoding=\"async\" width=\"184\" height=\"240\" src=\"https:\/\/www.rassegnastampa-totustuus.it\/cattolica\/wp-content\/uploads\/2004\/12\/Marko-Ivan-Rupnik.jpg\" alt=\"\" class=\"wp-image-30555\" style=\"width:212px;height:auto\"\/><\/a><\/figure><\/div>\n\n\n<!--more-->\n\n\n\n<p>Se \u00e8 vero che le parole parlano alla mente e le immagini al cuore, dobbiamo dire che molte delle nostre chiese &#8211; quelle costruite nella seconda met\u00e0 del Novecento, soprattutto &#8211; sono prive di un linguaggio efficace per comunicare con i fedeli.<\/p>\n\n\n\n<p>In molte di queste chiese, infatti, non ci sono immagini: solo un crocifisso, una statua della Madonna, e per il resto cemento. Perch\u00e9, nella societ\u00e0 dell&#8217;immagine, i luoghi in cui si raduna il popolo di Dio hanno espulso l&#8217;immagine?<\/p>\n\n\n\n<p>Una risposta possibile ce l&#8217;ha padre Marko Ivan Rupnik, caso pi\u00f9 unico che raro nella cultura contemporanea, perch\u00e9 \u00e8 nello stesso tempo artista e teologo, e dunque ha realizzato nella propria esperienza di vita una sintesi assai feconda (\u00e8 noto, tra l&#8217;altro, in quanto autore dei mosaici della cappella Redemptoris Mater di Giovanni Paolo II) \u00abI secoli che cominciano con il Rinascimento, dunque con la scoperta del soggetto, della persona umana, finiscono in una contraddizione drammatica: l&#8217;assenza della persona. Potremmo forse dire che si \u00e8 esaurita una visione di un antropocentrismo radicale.<\/p>\n\n\n\n<p>Non le sembra curioso che la maggioranza delle chiese nuove venga fotografata senza persone, senza celebrazione? Gli architetti sembra non amino mettere nel catalogo le foto dell&#8217;architettura con la celebrazione in atto. Inoltre l&#8217;architettura delle chiese attuali appartiene a diversi trend del momento, applicati alla chiesa. Ma rimane aperta da un lato la questione dell&#8217;inculturazione oggi e dall&#8217;altro quella della fede della comunit\u00e0 cristiana con la propria memoria e tradizione, come ispirazione per l&#8217;architettura. Anche la progettazione di una chiesa \u00e8 questione della Chiesa, della comunit\u00e0 che come un tessuto comunicativo si specchia nella chiesa che si sta costruendo\u00bb.<\/p>\n\n\n\n<h4 class=\"wp-block-heading\"><strong> Infatti nelle chiese la comunicazione \u00e8 essenziale. Ma l&#8217;arte contemporanea a molti non comunica\u2026<\/strong><\/h4>\n\n\n\n<p>\u00abUn&#8217;arte che non comunica entra in urto con il linguaggio della liturgia, che \u00e8 linguaggio della comunicazione e della comunione. Ad un certo momento storico abbiamo optato per il concetto, per la logica concettuale come via della conoscenza e pi\u00f9 tardi per la metodologia scientifica. L&#8217;arte \u00e8 stata considerata piuttosto come qualcosa di legato al sentimento del soggetto e dunque non riconosciuta come via della conoscenza.<\/p>\n\n\n\n<p>Si \u00e8 cos\u00ec trovata su un binario cieco. Nello stesso tempo, per\u00f2, ha raccolto le proteste di quelle dimensioni dell&#8217;umanit\u00e0 che venivano soffocate: la dimensione relazionale, la libert\u00e0, lo spazio della metafora, del simbolo. Insomma, l&#8217;arte diventa una protesta anche violenta, ma drasticamente soggettivista, e si cade in una specie di incomunicabilit\u00e0. In un certo senso si \u00e8 toccato il fondo, ormai si avverte l&#8217;urgenza di uscire da se stessi, di incontrarsi, di scoprire l&#8217;altro. Oggi dappertutto si sente un bisogno del Volto, di conoscere l&#8217;altro non solo come io lo voglio, penso, sento, ma come \u00e8. Dunque c&#8217;\u00e8 bisogno non solo del volto, ma del volto che si fa sguardo: l&#8217;uomo ha bisogno che qualcuno lo possa vedere, e vedere con misericordia, ha bisogno di scoprirsi salvato\u00bb.<\/p>\n\n\n\n<h4 class=\"wp-block-heading\"><strong>Capita spesso di constatare che, nelle loro chiese nude, i parroci hanno messo un&#8217;icona, oppure che attorno a un&#8217;icona i gruppi giovanili si ritrovano a pregare. Perch\u00e9 si ricorre a immagini cos\u00ec lontane dalla nostra tradizione?<\/strong><\/h4>\n\n\n\n<p class=\"has-text-align-left\">\u00abBench\u00e9 viviamo in un mondo delle immagini, queste di per s\u00e9 non sono ancora spirituali e non sappiamo leggerle spiritualmente&#8230; Di fronte a un&#8217;arte cui mi sono riferito prima, i parroci si affidano a quelle immagini che appartengono a un linguaggio in cui la teologia \u00e8 diventata estetica, e che quindi sono integralmente inserite nella liturgia. Resta il fatto che appartengono a tutta un&#8217;altra area culturale\u00bb.<\/p>\n\n\n\n<h4 class=\"wp-block-heading\"><strong>L&#8217;arte occidentale contemporanea sembra particolarmente in difficolt\u00e0 a rappresentare il volto di Cristo: penso ai crocifissi di Congdon, in cui il volto \u00e8 invisibile, oppure a molte croci che stanno sull&#8217;altare delle nostre chiese , sulle quali il crocifisso non c&#8217;\u00e8; oppure penso, al contrario, ai volti di Rouault, che rappresentano un Ges\u00f9 estremamente sofferente, a volte quasi impaurito. Non sappiamo rappresentare il volto di Cristo, e quando lo facciamo \u00e8 sempre solo quello del Cristo che soffre&#8230;<\/strong><\/h4>\n\n\n\n<p class=\"has-text-align-left\">\u00abGiovanni Paolo II, nella lettera scritta in occasione del Giubileo degli artisti, ha aperto un capitolo importante: quello della cura spirituale degli artisti. \u00c8 un problema diverso da quello dell&#8217;attenzione della Chiesa per l&#8217;arte. Se gli artisti non hanno un&#8217;esperienza della salvezza, come possono annunciare un Cristo che ama e salva gli uomini?<\/p>\n\n\n\n<p>Recentemente ho avuto occasione di guardare una Via Crucis degli anni &#8217;60, che raffigura un corpo di Cristo totalmente corrotto, svuotato, quasi putrefatto ormai. Bisogna stare attenti, perch\u00e9 Cristo non \u00e8 stato vinto dal male. Ci sono dei contenuti della nostra fede che non si possono eludere nella creazione artistica. Temo l&#8217;antropocentrismo radicale che arriva a un capolinea in cui Cristo \u00e8 semplicemente proiezione e espressione di un uomo che non ce la fa pi\u00f9, come temo d&#8217;altra parte un idealismo spiritualizzante che non c&#8217;entra niente con la vita: Cristo \u00e8 vero Dio e vero uomo\u00bb.<\/p>\n\n\n\n<h4 class=\"wp-block-heading\"><strong>Ma allora, c&#8217;\u00e8 qualcosa da salvare nell&#8217;arte contemporanea?<\/strong><\/h4>\n\n\n\n<p>\u00ab\u00c8 in qualche modo sacra, perch\u00e9 rovescia all&#8217;esterno il cuore umano, e il cuore umano \u00e8 sacro: \u00e8 l\u00ec che il Signore abita. Questo cuore oggi \u00e8 bastonato, spezzato, e ci\u00f2 che riesce a dire \u00e8 quasi sempre lacrime, grida, passione violenta. Ma mi unirei a Tarkovskij che dice: il problema non \u00e8 che ci sono peccatori nel mondo, ma che manca la compassione. Oggi il cuore umano vorrebbe essere toccato con tenerezza, come fa una mamma che soffia sul ginocchio dolorante del bambino caduto. Il problema di noi cristiani, oggi, non \u00e8 solo di fare vedere questa umanit\u00e0 ferita, ma di far vedere anche la tensione tra il sofferente e il redento, tra la morte e la vita. L&#8217;arte allora diventa un luogo dove s i incontra la salvezza\u00bb.<\/p>\n\n\n\n<h4 class=\"wp-block-heading\"><strong>C&#8217;\u00e8 qualche artista che \u00e8 su questa strada?<\/strong><\/h4>\n\n\n\n<p>\u00abTanti. Mi viene in mente ora un grande pittore sloveno, Janez Bernik. Ho presente un suo quadro in una chiesa di Lubiana con la decapitazione di Giovanni Battista, in cui Giovanni si inginocchia, con le braccia spalancate, e noi non vediamo la testa perch\u00e9 \u00e8 come se fosse piegata in avanti e la scena \u00e8 inquadrata da dietro. Bernik \u00e8 un artista moderno, che si muoveva nell&#8217;ambito delle avanguardie, e che ha capito che non poteva mettere in chiesa ipso facto una sua opera; allora si \u00e8 quasi recluso per dieci, dodici anni, e poi si \u00e8 ripresentato con alcune opere per la Chiesa.<\/p>\n\n\n\n<p>In quella decapitazione di Giovanni Battista vedo un punto di arrivo dell&#8217;arte del XX secolo. C&#8217;\u00e8 in Giovanni Battista quella generosit\u00e0, quell&#8217; ascesi di rinuncia a s\u00e9 che fa s\u00ec che sia il Precursore e che prepara la strada alla rivelazione del Salvatore. Il luogo in cui lui opera \u00e8 la purificazione, \u00e8 la debolezza umana. Anche l&#8217;Occidente ha nelle nuove generazioni moltissimi artisti di talento, ma bisogna essere consapevoli che l&#8217;arte di galleria \u00e8 una cosa, l&#8217;arte di liturgia \u00e8 un&#8217;altra.<\/p>\n\n\n\n<p>Nella liturgia c&#8217;\u00e8 una dimensione oggettiva, perch\u00e9 l\u00ec si comunica, glorifica e celebra Cristo come lui \u00e8, non come io vorrei che fosse. Allo stesso tempo ha per\u00f2 anche una dimensione soggettiva, segnata dal tempo, dalla cultura, dalla comunit\u00e0 che lo celebra. Prima o poi verr\u00e0 qualcuno che non guarder\u00e0 in faccia nessuno e far\u00e0 una domanda: quanto abbiamo aiutato la cristianizzazione in Europa con le chiese costruite negli ultimi quarant&#8217;anni?\u00bb.<\/p>\n","protected":false},"excerpt":{"rendered":"<p>Articolo pubblicato su Avvenire 21 ottobre 2004 Parla il teologo e artista: \u00abI luoghi sacri sono poveri di immagini. Non \u00e8 curioso che la maggioranza delle nuove chiese venga sempre fotografata senza persone? O che nei cataloghi degli architetti non figurino mai le celebrazioni?\u00bb \u00abEppure le raffigurazioni contemporanee non sono estranee al sacro, rovesciano all\u2019esterno &hellip; <\/p>\n<p><a class=\"more-link btn\" href=\"https:\/\/www.rassegnastampa-totustuus.it\/cattolica\/rupnik-larte-torni-in-chiesa\/\">Continua a leggere<\/a><\/p>\n","protected":false},"author":6,"featured_media":30555,"comment_status":"closed","ping_status":"open","sticky":false,"template":"","format":"standard","meta":{"footnotes":""},"categories":[119,5],"tags":[3180],"class_list":["post-243","post","type-post","status-publish","format-standard","has-post-thumbnail","hentry","category-arte-sacra","category-chiesa","tag-marko-ivan-rupnik","item-wrap"],"yoast_head":"<!-- This site is optimized with the Yoast SEO plugin v27.5 - https:\/\/yoast.com\/product\/yoast-seo-wordpress\/ -->\n<title>Rupnik: l\u2019arte torni in chiesa - Rassegna Stampa Cattolica<\/title>\n<meta name=\"description\" content=\"I luoghi sacri sono poveri di immagini. Non \u00e8 curioso che la maggioranza delle nuove chiese venga sempre fotografata senza persone?\" \/>\n<meta name=\"robots\" content=\"index, follow, max-snippet:-1, max-image-preview:large, max-video-preview:-1\" \/>\n<link rel=\"canonical\" href=\"https:\/\/www.rassegnastampa-totustuus.it\/cattolica\/rupnik-larte-torni-in-chiesa\/\" \/>\n<meta property=\"og:locale\" content=\"it_IT\" \/>\n<meta property=\"og:type\" content=\"article\" \/>\n<meta property=\"og:title\" content=\"Rupnik: l\u2019arte torni in chiesa - Rassegna Stampa Cattolica\" \/>\n<meta property=\"og:description\" content=\"I luoghi sacri sono poveri di immagini. Non \u00e8 curioso che la maggioranza delle nuove chiese venga sempre fotografata senza persone?\" \/>\n<meta property=\"og:url\" content=\"https:\/\/www.rassegnastampa-totustuus.it\/cattolica\/rupnik-larte-torni-in-chiesa\/\" \/>\n<meta property=\"og:site_name\" content=\"Rassegna Stampa Cattolica\" \/>\n<meta property=\"article:publisher\" content=\"https:\/\/www.facebook.com\/rassegnastampacattolica\" \/>\n<meta property=\"article:published_time\" content=\"2004-12-16T16:10:33+00:00\" \/>\n<meta property=\"article:modified_time\" content=\"2025-07-05T08:02:40+00:00\" \/>\n<meta property=\"og:image\" content=\"https:\/\/www.rassegnastampa-totustuus.it\/cattolica\/wp-content\/uploads\/2004\/12\/Marko-Ivan-Rupnik.jpg\" \/>\n\t<meta property=\"og:image:width\" content=\"184\" \/>\n\t<meta property=\"og:image:height\" content=\"240\" \/>\n\t<meta property=\"og:image:type\" content=\"image\/jpeg\" \/>\n<meta name=\"author\" content=\"Redazione\" \/>\n<meta name=\"twitter:card\" content=\"summary_large_image\" \/>\n<meta name=\"twitter:creator\" content=\"@rassegnastampa9\" \/>\n<meta name=\"twitter:site\" content=\"@rassegnastampa9\" \/>\n<meta name=\"twitter:label1\" content=\"Scritto da\" \/>\n\t<meta name=\"twitter:data1\" content=\"Redazione\" \/>\n\t<meta name=\"twitter:label2\" content=\"Tempo di lettura stimato\" \/>\n\t<meta name=\"twitter:data2\" content=\"8 minuti\" \/>\n<script type=\"application\/ld+json\" class=\"yoast-schema-graph\">{\"@context\":\"https:\\\/\\\/schema.org\",\"@graph\":[{\"@type\":\"Article\",\"@id\":\"https:\\\/\\\/www.rassegnastampa-totustuus.it\\\/cattolica\\\/rupnik-larte-torni-in-chiesa\\\/#article\",\"isPartOf\":{\"@id\":\"https:\\\/\\\/www.rassegnastampa-totustuus.it\\\/cattolica\\\/rupnik-larte-torni-in-chiesa\\\/\"},\"author\":{\"name\":\"Redazione\",\"@id\":\"https:\\\/\\\/www.rassegnastampa-totustuus.it\\\/cattolica\\\/#\\\/schema\\\/person\\\/08f319d2bd1a0904ad9e2bfb7b15e5c3\"},\"headline\":\"Rupnik: l\u2019arte torni in chiesa\",\"datePublished\":\"2004-12-16T16:10:33+00:00\",\"dateModified\":\"2025-07-05T08:02:40+00:00\",\"mainEntityOfPage\":{\"@id\":\"https:\\\/\\\/www.rassegnastampa-totustuus.it\\\/cattolica\\\/rupnik-larte-torni-in-chiesa\\\/\"},\"wordCount\":1288,\"publisher\":{\"@id\":\"https:\\\/\\\/www.rassegnastampa-totustuus.it\\\/cattolica\\\/#organization\"},\"image\":{\"@id\":\"https:\\\/\\\/www.rassegnastampa-totustuus.it\\\/cattolica\\\/rupnik-larte-torni-in-chiesa\\\/#primaryimage\"},\"thumbnailUrl\":\"https:\\\/\\\/www.rassegnastampa-totustuus.it\\\/cattolica\\\/wp-content\\\/uploads\\\/2004\\\/12\\\/Marko-Ivan-Rupnik.jpg\",\"keywords\":[\"Marko Ivan Rupnik\"],\"articleSection\":[\"Arte sacra\",\"Chiesa\"],\"inLanguage\":\"it-IT\"},{\"@type\":\"WebPage\",\"@id\":\"https:\\\/\\\/www.rassegnastampa-totustuus.it\\\/cattolica\\\/rupnik-larte-torni-in-chiesa\\\/\",\"url\":\"https:\\\/\\\/www.rassegnastampa-totustuus.it\\\/cattolica\\\/rupnik-larte-torni-in-chiesa\\\/\",\"name\":\"Rupnik: l\u2019arte torni in chiesa - Rassegna Stampa Cattolica\",\"isPartOf\":{\"@id\":\"https:\\\/\\\/www.rassegnastampa-totustuus.it\\\/cattolica\\\/#website\"},\"primaryImageOfPage\":{\"@id\":\"https:\\\/\\\/www.rassegnastampa-totustuus.it\\\/cattolica\\\/rupnik-larte-torni-in-chiesa\\\/#primaryimage\"},\"image\":{\"@id\":\"https:\\\/\\\/www.rassegnastampa-totustuus.it\\\/cattolica\\\/rupnik-larte-torni-in-chiesa\\\/#primaryimage\"},\"thumbnailUrl\":\"https:\\\/\\\/www.rassegnastampa-totustuus.it\\\/cattolica\\\/wp-content\\\/uploads\\\/2004\\\/12\\\/Marko-Ivan-Rupnik.jpg\",\"datePublished\":\"2004-12-16T16:10:33+00:00\",\"dateModified\":\"2025-07-05T08:02:40+00:00\",\"description\":\"I luoghi sacri sono poveri di immagini. Non \u00e8 curioso che la maggioranza delle nuove chiese venga sempre fotografata senza persone?\",\"breadcrumb\":{\"@id\":\"https:\\\/\\\/www.rassegnastampa-totustuus.it\\\/cattolica\\\/rupnik-larte-torni-in-chiesa\\\/#breadcrumb\"},\"inLanguage\":\"it-IT\",\"potentialAction\":[{\"@type\":\"ReadAction\",\"target\":[\"https:\\\/\\\/www.rassegnastampa-totustuus.it\\\/cattolica\\\/rupnik-larte-torni-in-chiesa\\\/\"]}]},{\"@type\":\"ImageObject\",\"inLanguage\":\"it-IT\",\"@id\":\"https:\\\/\\\/www.rassegnastampa-totustuus.it\\\/cattolica\\\/rupnik-larte-torni-in-chiesa\\\/#primaryimage\",\"url\":\"https:\\\/\\\/www.rassegnastampa-totustuus.it\\\/cattolica\\\/wp-content\\\/uploads\\\/2004\\\/12\\\/Marko-Ivan-Rupnik.jpg\",\"contentUrl\":\"https:\\\/\\\/www.rassegnastampa-totustuus.it\\\/cattolica\\\/wp-content\\\/uploads\\\/2004\\\/12\\\/Marko-Ivan-Rupnik.jpg\",\"width\":184,\"height\":240},{\"@type\":\"BreadcrumbList\",\"@id\":\"https:\\\/\\\/www.rassegnastampa-totustuus.it\\\/cattolica\\\/rupnik-larte-torni-in-chiesa\\\/#breadcrumb\",\"itemListElement\":[{\"@type\":\"ListItem\",\"position\":1,\"name\":\"Home\",\"item\":\"https:\\\/\\\/www.rassegnastampa-totustuus.it\\\/cattolica\\\/\"},{\"@type\":\"ListItem\",\"position\":2,\"name\":\"Rupnik: l\u2019arte torni in chiesa\"}]},{\"@type\":\"WebSite\",\"@id\":\"https:\\\/\\\/www.rassegnastampa-totustuus.it\\\/cattolica\\\/#website\",\"url\":\"https:\\\/\\\/www.rassegnastampa-totustuus.it\\\/cattolica\\\/\",\"name\":\"Rassegna Stampa Cattolica\",\"description\":\"Per una cultura che nasce dalla Rivelazione cristiana in conformit\u00e0 alla tradizione e al Magistero della Chiesa in opposizione ad ogni relativismo e totalitarismo\",\"publisher\":{\"@id\":\"https:\\\/\\\/www.rassegnastampa-totustuus.it\\\/cattolica\\\/#organization\"},\"alternateName\":\"Rass. Cattolica\",\"potentialAction\":[{\"@type\":\"SearchAction\",\"target\":{\"@type\":\"EntryPoint\",\"urlTemplate\":\"https:\\\/\\\/www.rassegnastampa-totustuus.it\\\/cattolica\\\/?s={search_term_string}\"},\"query-input\":{\"@type\":\"PropertyValueSpecification\",\"valueRequired\":true,\"valueName\":\"search_term_string\"}}],\"inLanguage\":\"it-IT\"},{\"@type\":\"Organization\",\"@id\":\"https:\\\/\\\/www.rassegnastampa-totustuus.it\\\/cattolica\\\/#organization\",\"name\":\"Rassegna Stampa Cattolica\",\"url\":\"https:\\\/\\\/www.rassegnastampa-totustuus.it\\\/cattolica\\\/\",\"logo\":{\"@type\":\"ImageObject\",\"inLanguage\":\"it-IT\",\"@id\":\"https:\\\/\\\/www.rassegnastampa-totustuus.it\\\/cattolica\\\/#\\\/schema\\\/logo\\\/image\\\/\",\"url\":\"https:\\\/\\\/www.rassegnastampa-totustuus.it\\\/cattolica\\\/wp-content\\\/uploads\\\/2014\\\/04\\\/logo-rassegna1.gif\",\"contentUrl\":\"https:\\\/\\\/www.rassegnastampa-totustuus.it\\\/cattolica\\\/wp-content\\\/uploads\\\/2014\\\/04\\\/logo-rassegna1.gif\",\"width\":600,\"height\":163,\"caption\":\"Rassegna Stampa Cattolica\"},\"image\":{\"@id\":\"https:\\\/\\\/www.rassegnastampa-totustuus.it\\\/cattolica\\\/#\\\/schema\\\/logo\\\/image\\\/\"},\"sameAs\":[\"https:\\\/\\\/www.facebook.com\\\/rassegnastampacattolica\",\"https:\\\/\\\/x.com\\\/rassegnastampa9\"]},{\"@type\":\"Person\",\"@id\":\"https:\\\/\\\/www.rassegnastampa-totustuus.it\\\/cattolica\\\/#\\\/schema\\\/person\\\/08f319d2bd1a0904ad9e2bfb7b15e5c3\",\"name\":\"Redazione\",\"image\":{\"@type\":\"ImageObject\",\"inLanguage\":\"it-IT\",\"@id\":\"https:\\\/\\\/secure.gravatar.com\\\/avatar\\\/2fcdf27c78ea025fbdb44e914cc63c72249ffec9dc8aafd5c82b26240ef3f346?s=96&d=mm&r=g\",\"url\":\"https:\\\/\\\/secure.gravatar.com\\\/avatar\\\/2fcdf27c78ea025fbdb44e914cc63c72249ffec9dc8aafd5c82b26240ef3f346?s=96&d=mm&r=g\",\"contentUrl\":\"https:\\\/\\\/secure.gravatar.com\\\/avatar\\\/2fcdf27c78ea025fbdb44e914cc63c72249ffec9dc8aafd5c82b26240ef3f346?s=96&d=mm&r=g\",\"caption\":\"Redazione\"},\"url\":\"https:\\\/\\\/www.rassegnastampa-totustuus.it\\\/cattolica\\\/author\\\/pietroelle\\\/\"}]}<\/script>\n<!-- \/ Yoast SEO plugin. -->","yoast_head_json":{"title":"Rupnik: l\u2019arte torni in chiesa - Rassegna Stampa Cattolica","description":"I luoghi sacri sono poveri di immagini. Non \u00e8 curioso che la maggioranza delle nuove chiese venga sempre fotografata senza persone?","robots":{"index":"index","follow":"follow","max-snippet":"max-snippet:-1","max-image-preview":"max-image-preview:large","max-video-preview":"max-video-preview:-1"},"canonical":"https:\/\/www.rassegnastampa-totustuus.it\/cattolica\/rupnik-larte-torni-in-chiesa\/","og_locale":"it_IT","og_type":"article","og_title":"Rupnik: l\u2019arte torni in chiesa - Rassegna Stampa Cattolica","og_description":"I luoghi sacri sono poveri di immagini. Non \u00e8 curioso che la maggioranza delle nuove chiese venga sempre fotografata senza persone?","og_url":"https:\/\/www.rassegnastampa-totustuus.it\/cattolica\/rupnik-larte-torni-in-chiesa\/","og_site_name":"Rassegna Stampa Cattolica","article_publisher":"https:\/\/www.facebook.com\/rassegnastampacattolica","article_published_time":"2004-12-16T16:10:33+00:00","article_modified_time":"2025-07-05T08:02:40+00:00","og_image":[{"width":184,"height":240,"url":"https:\/\/www.rassegnastampa-totustuus.it\/cattolica\/wp-content\/uploads\/2004\/12\/Marko-Ivan-Rupnik.jpg","type":"image\/jpeg"}],"author":"Redazione","twitter_card":"summary_large_image","twitter_creator":"@rassegnastampa9","twitter_site":"@rassegnastampa9","twitter_misc":{"Scritto da":"Redazione","Tempo di lettura stimato":"8 minuti"},"schema":{"@context":"https:\/\/schema.org","@graph":[{"@type":"Article","@id":"https:\/\/www.rassegnastampa-totustuus.it\/cattolica\/rupnik-larte-torni-in-chiesa\/#article","isPartOf":{"@id":"https:\/\/www.rassegnastampa-totustuus.it\/cattolica\/rupnik-larte-torni-in-chiesa\/"},"author":{"name":"Redazione","@id":"https:\/\/www.rassegnastampa-totustuus.it\/cattolica\/#\/schema\/person\/08f319d2bd1a0904ad9e2bfb7b15e5c3"},"headline":"Rupnik: l\u2019arte torni in chiesa","datePublished":"2004-12-16T16:10:33+00:00","dateModified":"2025-07-05T08:02:40+00:00","mainEntityOfPage":{"@id":"https:\/\/www.rassegnastampa-totustuus.it\/cattolica\/rupnik-larte-torni-in-chiesa\/"},"wordCount":1288,"publisher":{"@id":"https:\/\/www.rassegnastampa-totustuus.it\/cattolica\/#organization"},"image":{"@id":"https:\/\/www.rassegnastampa-totustuus.it\/cattolica\/rupnik-larte-torni-in-chiesa\/#primaryimage"},"thumbnailUrl":"https:\/\/www.rassegnastampa-totustuus.it\/cattolica\/wp-content\/uploads\/2004\/12\/Marko-Ivan-Rupnik.jpg","keywords":["Marko Ivan Rupnik"],"articleSection":["Arte sacra","Chiesa"],"inLanguage":"it-IT"},{"@type":"WebPage","@id":"https:\/\/www.rassegnastampa-totustuus.it\/cattolica\/rupnik-larte-torni-in-chiesa\/","url":"https:\/\/www.rassegnastampa-totustuus.it\/cattolica\/rupnik-larte-torni-in-chiesa\/","name":"Rupnik: l\u2019arte torni in chiesa - Rassegna Stampa Cattolica","isPartOf":{"@id":"https:\/\/www.rassegnastampa-totustuus.it\/cattolica\/#website"},"primaryImageOfPage":{"@id":"https:\/\/www.rassegnastampa-totustuus.it\/cattolica\/rupnik-larte-torni-in-chiesa\/#primaryimage"},"image":{"@id":"https:\/\/www.rassegnastampa-totustuus.it\/cattolica\/rupnik-larte-torni-in-chiesa\/#primaryimage"},"thumbnailUrl":"https:\/\/www.rassegnastampa-totustuus.it\/cattolica\/wp-content\/uploads\/2004\/12\/Marko-Ivan-Rupnik.jpg","datePublished":"2004-12-16T16:10:33+00:00","dateModified":"2025-07-05T08:02:40+00:00","description":"I luoghi sacri sono poveri di immagini. Non \u00e8 curioso che la maggioranza delle nuove chiese venga sempre fotografata senza persone?","breadcrumb":{"@id":"https:\/\/www.rassegnastampa-totustuus.it\/cattolica\/rupnik-larte-torni-in-chiesa\/#breadcrumb"},"inLanguage":"it-IT","potentialAction":[{"@type":"ReadAction","target":["https:\/\/www.rassegnastampa-totustuus.it\/cattolica\/rupnik-larte-torni-in-chiesa\/"]}]},{"@type":"ImageObject","inLanguage":"it-IT","@id":"https:\/\/www.rassegnastampa-totustuus.it\/cattolica\/rupnik-larte-torni-in-chiesa\/#primaryimage","url":"https:\/\/www.rassegnastampa-totustuus.it\/cattolica\/wp-content\/uploads\/2004\/12\/Marko-Ivan-Rupnik.jpg","contentUrl":"https:\/\/www.rassegnastampa-totustuus.it\/cattolica\/wp-content\/uploads\/2004\/12\/Marko-Ivan-Rupnik.jpg","width":184,"height":240},{"@type":"BreadcrumbList","@id":"https:\/\/www.rassegnastampa-totustuus.it\/cattolica\/rupnik-larte-torni-in-chiesa\/#breadcrumb","itemListElement":[{"@type":"ListItem","position":1,"name":"Home","item":"https:\/\/www.rassegnastampa-totustuus.it\/cattolica\/"},{"@type":"ListItem","position":2,"name":"Rupnik: l\u2019arte torni in chiesa"}]},{"@type":"WebSite","@id":"https:\/\/www.rassegnastampa-totustuus.it\/cattolica\/#website","url":"https:\/\/www.rassegnastampa-totustuus.it\/cattolica\/","name":"Rassegna Stampa Cattolica","description":"Per una cultura che nasce dalla Rivelazione cristiana in conformit\u00e0 alla tradizione e al Magistero della Chiesa in opposizione ad ogni relativismo e totalitarismo","publisher":{"@id":"https:\/\/www.rassegnastampa-totustuus.it\/cattolica\/#organization"},"alternateName":"Rass. Cattolica","potentialAction":[{"@type":"SearchAction","target":{"@type":"EntryPoint","urlTemplate":"https:\/\/www.rassegnastampa-totustuus.it\/cattolica\/?s={search_term_string}"},"query-input":{"@type":"PropertyValueSpecification","valueRequired":true,"valueName":"search_term_string"}}],"inLanguage":"it-IT"},{"@type":"Organization","@id":"https:\/\/www.rassegnastampa-totustuus.it\/cattolica\/#organization","name":"Rassegna Stampa Cattolica","url":"https:\/\/www.rassegnastampa-totustuus.it\/cattolica\/","logo":{"@type":"ImageObject","inLanguage":"it-IT","@id":"https:\/\/www.rassegnastampa-totustuus.it\/cattolica\/#\/schema\/logo\/image\/","url":"https:\/\/www.rassegnastampa-totustuus.it\/cattolica\/wp-content\/uploads\/2014\/04\/logo-rassegna1.gif","contentUrl":"https:\/\/www.rassegnastampa-totustuus.it\/cattolica\/wp-content\/uploads\/2014\/04\/logo-rassegna1.gif","width":600,"height":163,"caption":"Rassegna Stampa Cattolica"},"image":{"@id":"https:\/\/www.rassegnastampa-totustuus.it\/cattolica\/#\/schema\/logo\/image\/"},"sameAs":["https:\/\/www.facebook.com\/rassegnastampacattolica","https:\/\/x.com\/rassegnastampa9"]},{"@type":"Person","@id":"https:\/\/www.rassegnastampa-totustuus.it\/cattolica\/#\/schema\/person\/08f319d2bd1a0904ad9e2bfb7b15e5c3","name":"Redazione","image":{"@type":"ImageObject","inLanguage":"it-IT","@id":"https:\/\/secure.gravatar.com\/avatar\/2fcdf27c78ea025fbdb44e914cc63c72249ffec9dc8aafd5c82b26240ef3f346?s=96&d=mm&r=g","url":"https:\/\/secure.gravatar.com\/avatar\/2fcdf27c78ea025fbdb44e914cc63c72249ffec9dc8aafd5c82b26240ef3f346?s=96&d=mm&r=g","contentUrl":"https:\/\/secure.gravatar.com\/avatar\/2fcdf27c78ea025fbdb44e914cc63c72249ffec9dc8aafd5c82b26240ef3f346?s=96&d=mm&r=g","caption":"Redazione"},"url":"https:\/\/www.rassegnastampa-totustuus.it\/cattolica\/author\/pietroelle\/"}]}},"_links":{"self":[{"href":"https:\/\/www.rassegnastampa-totustuus.it\/cattolica\/wp-json\/wp\/v2\/posts\/243","targetHints":{"allow":["GET"]}}],"collection":[{"href":"https:\/\/www.rassegnastampa-totustuus.it\/cattolica\/wp-json\/wp\/v2\/posts"}],"about":[{"href":"https:\/\/www.rassegnastampa-totustuus.it\/cattolica\/wp-json\/wp\/v2\/types\/post"}],"author":[{"embeddable":true,"href":"https:\/\/www.rassegnastampa-totustuus.it\/cattolica\/wp-json\/wp\/v2\/users\/6"}],"replies":[{"embeddable":true,"href":"https:\/\/www.rassegnastampa-totustuus.it\/cattolica\/wp-json\/wp\/v2\/comments?post=243"}],"version-history":[{"count":5,"href":"https:\/\/www.rassegnastampa-totustuus.it\/cattolica\/wp-json\/wp\/v2\/posts\/243\/revisions"}],"predecessor-version":[{"id":62893,"href":"https:\/\/www.rassegnastampa-totustuus.it\/cattolica\/wp-json\/wp\/v2\/posts\/243\/revisions\/62893"}],"wp:featuredmedia":[{"embeddable":true,"href":"https:\/\/www.rassegnastampa-totustuus.it\/cattolica\/wp-json\/wp\/v2\/media\/30555"}],"wp:attachment":[{"href":"https:\/\/www.rassegnastampa-totustuus.it\/cattolica\/wp-json\/wp\/v2\/media?parent=243"}],"wp:term":[{"taxonomy":"category","embeddable":true,"href":"https:\/\/www.rassegnastampa-totustuus.it\/cattolica\/wp-json\/wp\/v2\/categories?post=243"},{"taxonomy":"post_tag","embeddable":true,"href":"https:\/\/www.rassegnastampa-totustuus.it\/cattolica\/wp-json\/wp\/v2\/tags?post=243"}],"curies":[{"name":"wp","href":"https:\/\/api.w.org\/{rel}","templated":true}]}}