{"id":2401,"date":"2006-12-20T17:23:35","date_gmt":"2006-12-20T16:23:35","guid":{"rendered":""},"modified":"2016-04-18T11:12:54","modified_gmt":"2016-04-18T09:12:54","slug":"sosteniamo-il-papa-che-riporta-lantica-liturgia","status":"publish","type":"post","link":"https:\/\/www.rassegnastampa-totustuus.it\/cattolica\/sosteniamo-il-papa-che-riporta-lantica-liturgia\/","title":{"rendered":"Sosteniamo il Papa che riporta l&#8217;antica liturgia"},"content":{"rendered":"<div style=\"text-align: center;\"><img loading=\"lazy\" decoding=\"async\" class=\"alignleft wp-image-32942\" src=\"https:\/\/www.rassegnastampa-totustuus.it\/cattolica\/wp-content\/uploads\/2006\/12\/BenedettoVI_liturgia.jpg\" alt=\"BenedettoVI_liturgia\" width=\"250\" height=\"166\" \/>Dal sito <strong>antoniosocci.it<\/strong><\/div>\n<p style=\"text-align: justify;\"><em>Sul Foglio di Giuliano Ferrara, il 16 dicembre 2006, ho pubblicato questo Articolo-manifesto<\/em><\/p>\n<p style=\"text-align: center;\">di <strong>Antonio Socci<\/strong><\/p>\n<p><!--more--><\/p>\n<div style=\"text-align: justify;\">Vorrei lanciare un appello a tutto il mondo della cultura. A sostegno di una storica decisione di Benedetto XVI che salva ed esalta un grandioso patrimonio spirituale e culturale, ma che scatener\u00e0 contro di lui il mondo dell\u2019oscurantismo e dell\u2019intolleranza. Il clamoroso annuncio l\u2019ha dato ieri il cardinale Jorge Arturo Medina Estevez, membro della Commissione Ecclesia Dei che si \u00e8 riunita per discutere della liberalizzazione della messa in latino.<\/div>\n<p style=\"text-align: justify;\">Il prelato ha detto: \u201cLa pubblicazione del Motu Proprio da parte del Papa che liberalizzer\u00e0 la celebrazione della messa in latino secondo il messale di San Pio V \u00e8 prossima\u201d. Si tratta di un evento straordinariamente importante per la Chiesa e anche per la cultura e la storia della nostra civilt\u00e0. Storicamente furono proprio gli intellettuali laici a percepire di pi\u00f9 e meglio il disastro, lo scempio anche culturale, rappresentato dalla \u201cproibizione\u201d della liturgia di san Pio V e la sparizione del latino come lingua sacra della Chiesa Cattolica.<\/p>\n<p style=\"text-align: justify;\">Quando 40 anni fa \u2013 <strong>contravvenendo ai documenti del Concilio<\/strong> \u2013 fu imposta la proibizione dell\u2019antica liturgia della Chiesa (quella peraltro con cui si era celebrato anche durante il Concilio) vi fu una grande e meritoria protesta degli intellettuali pi\u00f9 rappresentativi che consideravano questa decisione come un taglio alle radici della nostra civilt\u00e0 cristiana (la liturgia \u00e8 stata da sempre centro e sorgente dell\u2019arte pi\u00f9 sublime). Due appelli furono pubblicati in difesa della Messa di s. Pio V, nel 1966 e nel 1971.<\/p>\n<p style=\"text-align: justify;\">Ecco alcuni dei nomi che li sottoscrissero: Jeorge Luis Borges, Giorgio De Chirico, Elena Croce, W. H. Auden, i registi Bresson e Dreyer, Augusto Del Noce, Julien Green, Jacques Maritain (che pure era l\u2019intellettuale prediletto di Paolo VI, colui a cui il Papa consegn\u00f2, alla fine del Concilio, il documento agli intellettuali), Eugenio Montale, Cristina Campo, Francois Mauriac, Salvatore Quasimodo, Evelyn Waugh, Maria Zambrano, El\u00e9mire Zolla, Gabriel Marcel, Salvador De Madariaga, Gianfranco Contini, Giacomo Devoto, Giovanni Macchia, Massimo Pallottino, Ettore Paratore, Giorgio Bassani, Mario Luzi, Guido Piovene, Andr\u00e9s Segovia, Harold Acton, Agatha Christie, Graham Greene e molti altri fino al famoso direttore del \u201cTimes\u201d, William Rees-Mogg.<\/p>\n<p style=\"text-align: justify;\">Si tratta perlopi\u00f9 di intellettuali laici perch\u00e9 il valore culturale e spirituale dell\u2019antica liturgia latina \u00e8 un patrimonio di tutti, come lo \u00e8 la Cappella Sistina, come lo \u00e8 il Gregoriano, come lo sono le grandi cattedrali, la scultura gotica, la Basilica di San Pietro. Tanto pi\u00f9 oggi che tutta la nostra civilt\u00e0 europea rischia drammaticamente di recidere e rinnegare le proprie radici. Curiosamente proprio i \u201ccattolici progressisti\u201d, che facevano del dialogo col mondo e con la cultura moderna la loro bandiera, non ne tennero alcun conto e s\u2019impuntarono per 40 anni per mantenere questa incredibile proibizione.<\/p>\n<p style=\"text-align: justify;\">Un arbitrio senza precedenti. Nell\u2019aprile 2005, alla vigilia dell\u2019elezioni di Benedetto XVI, sulla Repubblica, fu uno scrittore laico, Guido Ceronetti che scrisse una lettera aperta al nuovo papa nella quale chiedeva \u201cche sia tolto il sinistro bavaglio soffocatore della voce latina della messa\u201d. Questa aspettativa del mondo della cultura (e dei credenti) non poteva trovare interlocutore migliore di Ratzinger, che prima di essere papa \u00e8 stato (ed \u00e8) uno dei pi\u00f9 grandi intellettuali del nostro tempo, un uomo veramente illuminato, un autentico paladino della libert\u00e0 del pensiero (fu lui a scrivere lo storico discorso con cui il cardinale Frings, al Concilio, demol\u00ec l\u2019antica Inquisizione).<\/p>\n<p style=\"text-align: justify;\">Gi\u00e0 da cardinale Ratzinger dichiar\u00f2 apertamente che la proibizione della Messa di S. Pio V era senza precedenti: \u201cNel corso della sua storia la Chiesa non ha mai abolito o proibito forme ortodosse di liturgia, perch\u00e9 ci\u00f2 sarebbe estraneo allo spirito stesso della Chiesa\u201d. In un suo volume raccont\u00f2 con drammaticit\u00e0 come assistette alla \u201cpubblicazione del messale di Paolo VI, con il divieto quasi completo del messale precedente\u201d.<\/p>\n<p style=\"text-align: justify;\">Ratzinger ricordava: \u201cRimasi sbigottito per il divieto del messale antico, dal momento che una cosa simile non si era mai verificata in tutta la storia della liturgia. Si diede l\u2019impressione che questo fosse del tutto normale\u201d, ma, scriveva Ratzinger \u201cla promulgazione del divieto del messale che si era sviluppato nel corso dei secoli, fin dal tempo dei sacramentali dell\u2019antica Chiesa, ha comportato una rottura nella storia della liturgia, le cui conseguenze potevano essere solo tragiche\u2026 si fece a pezzi l\u2019edificio antico e se ne costru\u00ec un altro\u201d.<\/p>\n<p style=\"text-align: justify;\">Gli effetti furono disastrosi. Si apr\u00ec la strada ad abusi incredibili nella liturgia. Ratzinger scrisse: \u201cSono convinto che la crisi ecclesiale in cui oggi ci troviamo dipende in gran parte dal crollo della liturgia, che talvolta viene addirittura concepita \u2018etsi Deus non daretur\u2019: come se in essa non importasse pi\u00f9 se Dio c\u2019\u00e8 e se ci parla e ci ascolta<span style=\"text-decoration: underline;\">.<\/span><\/p>\n<p style=\"text-align: justify;\">Ma se nella liturgia non appare pi\u00f9 la comunione della fede, l\u2019unit\u00e0 universale della Chiesa e della sua storia, il mistero di Cristo vivente, dov\u2019\u00e8 che la Chiesa appare ancora nella sua sostanza spirituale?\u201d. Per volere della Provvidenza \u00e8 proprio Ratzinger, oggi papa Benedetto XVI, che si prepara a cancellare l\u2019ingiusta proibizione dell\u2019antica liturgia, a riportare libert\u00e0 e a restituire alla Chiesa e alla civilt\u00e0 umana questo immenso tesoro. Joseph Ratzinger si conferma l\u2019uomo pi\u00f9 illuminato del nostro tempo.<\/p>\n<p style=\"text-align: justify;\">L\u2019opposizione illiberale e intollerante che probabilmente si scatener\u00e0 contro di lui dentro la Chiesa (gi\u00e0 preannunciata dai vescovi frencesi) merita una risposta dal mondo della cultura che gi\u00e0 40 anni fa fece sentire la sua voce.<\/p>\n<p style=\"text-align: justify;\">Per questo chiedo agli intellettuali laici e a chiunque lo voglia di esprimere pubblicamente il proprio plauso alla illuminata decisione di Benedetto XVI di restituire alla vita della Chiesa e all\u2019umanit\u00e0 un grande patrimonio spirituale e culturale. Ecco il sintetico manifesto che propongo di sottoscrivere:<\/p>\n<p style=\"text-align: justify;\"><strong>Esprimiamo il nostro plauso per la decisione di Benedetto XVI di cancellare la proibizione dell\u2019antica messa in latino secondo il messale di San Pio V, grande patrimonio della nostra cultura da salvare e riscoprire.<\/strong> <strong>Il testo dell\u2019appello insieme a me \u00e8 stato sottoscritto da un gruppo di grandi intellettuali: Ren\u00e9 Girard, Vittorio Strada, Franco Zeffirelli e Guido Ceronetti.<\/strong><\/p>\n<p style=\"text-align: justify;\"><strong>Chi volesse esprimere un analogo appoggio alla decisione del Papa (avversato dal mondo catto-progressista) pu\u00f2 farlo sapere anche al Foglio che ha gentilmente ospitato l\u2019Appello, scrivendo all\u2019indirizzo <a href=\"mailto:lettere@ilfoglio.it\">lettere@ilfoglio.it<\/a><\/strong><\/p>\n","protected":false},"excerpt":{"rendered":"<p>Dal sito antoniosocci.it Sul Foglio di Giuliano Ferrara, il 16 dicembre 2006, ho pubblicato questo Articolo-manifesto di Antonio Socci<\/p><p><a class=\"more-link btn\" href=\"https:\/\/www.rassegnastampa-totustuus.it\/cattolica\/sosteniamo-il-papa-che-riporta-lantica-liturgia\/\">Continua a leggere<\/a><\/p>\n","protected":false},"author":6,"featured_media":32942,"comment_status":"closed","ping_status":"open","sticky":false,"template":"","format":"standard","meta":{"footnotes":""},"categories":[5,115],"tags":[328],"class_list":["post-2401","post","type-post","status-publish","format-standard","has-post-thumbnail","hentry","category-chiesa","category-liturgia","tag-liturgia-2","item-wrap"],"yoast_head":"<!-- This site is optimized with the Yoast SEO plugin v27.5 - https:\/\/yoast.com\/product\/yoast-seo-wordpress\/ -->\n<title>Sosteniamo il Papa che riporta l&#039;antica liturgia - Rassegna Stampa Cattolica<\/title>\n<meta name=\"description\" content=\"Rassegna Stampa Cattolica - Per una cultura che nasce dalla Rivelazione cristiana in conformit\u00e0 alla tradizione e al Magistero della Chiesa in opposizione ad ogni relativismo e totalitarismo\" \/>\n<meta name=\"robots\" content=\"index, follow, max-snippet:-1, max-image-preview:large, max-video-preview:-1\" \/>\n<link rel=\"canonical\" href=\"https:\/\/www.rassegnastampa-totustuus.it\/cattolica\/sosteniamo-il-papa-che-riporta-lantica-liturgia\/\" \/>\n<meta property=\"og:locale\" content=\"it_IT\" \/>\n<meta property=\"og:type\" content=\"article\" \/>\n<meta property=\"og:title\" content=\"Sosteniamo il Papa che riporta l&#039;antica liturgia - Rassegna Stampa Cattolica\" \/>\n<meta property=\"og:description\" content=\"Rassegna Stampa Cattolica - Per una cultura che nasce dalla Rivelazione cristiana in conformit\u00e0 alla tradizione e al Magistero della Chiesa in opposizione ad ogni relativismo e totalitarismo\" \/>\n<meta property=\"og:url\" content=\"https:\/\/www.rassegnastampa-totustuus.it\/cattolica\/sosteniamo-il-papa-che-riporta-lantica-liturgia\/\" \/>\n<meta property=\"og:site_name\" content=\"Rassegna Stampa Cattolica\" \/>\n<meta property=\"article:publisher\" content=\"https:\/\/www.facebook.com\/rassegnastampacattolica\" \/>\n<meta property=\"article:published_time\" content=\"2006-12-20T16:23:35+00:00\" \/>\n<meta property=\"article:modified_time\" content=\"2016-04-18T09:12:54+00:00\" \/>\n<meta property=\"og:image\" content=\"https:\/\/www.rassegnastampa-totustuus.it\/cattolica\/wp-content\/uploads\/2006\/12\/BenedettoVI_liturgia.jpg\" \/>\n\t<meta property=\"og:image:width\" content=\"275\" \/>\n\t<meta property=\"og:image:height\" content=\"183\" \/>\n\t<meta property=\"og:image:type\" content=\"image\/jpeg\" \/>\n<meta name=\"author\" content=\"Redazione\" \/>\n<meta name=\"twitter:card\" content=\"summary_large_image\" \/>\n<meta name=\"twitter:creator\" content=\"@rassegnastampa9\" \/>\n<meta name=\"twitter:site\" content=\"@rassegnastampa9\" \/>\n<meta name=\"twitter:label1\" content=\"Scritto da\" \/>\n\t<meta name=\"twitter:data1\" content=\"Redazione\" \/>\n\t<meta name=\"twitter:label2\" content=\"Tempo di lettura stimato\" \/>\n\t<meta name=\"twitter:data2\" content=\"5 minuti\" \/>\n<script type=\"application\/ld+json\" class=\"yoast-schema-graph\">{\"@context\":\"https:\\\/\\\/schema.org\",\"@graph\":[{\"@type\":\"Article\",\"@id\":\"https:\\\/\\\/www.rassegnastampa-totustuus.it\\\/cattolica\\\/sosteniamo-il-papa-che-riporta-lantica-liturgia\\\/#article\",\"isPartOf\":{\"@id\":\"https:\\\/\\\/www.rassegnastampa-totustuus.it\\\/cattolica\\\/sosteniamo-il-papa-che-riporta-lantica-liturgia\\\/\"},\"author\":{\"name\":\"Redazione\",\"@id\":\"https:\\\/\\\/www.rassegnastampa-totustuus.it\\\/cattolica\\\/#\\\/schema\\\/person\\\/08f319d2bd1a0904ad9e2bfb7b15e5c3\"},\"headline\":\"Sosteniamo il Papa che riporta l&#8217;antica liturgia\",\"datePublished\":\"2006-12-20T16:23:35+00:00\",\"dateModified\":\"2016-04-18T09:12:54+00:00\",\"mainEntityOfPage\":{\"@id\":\"https:\\\/\\\/www.rassegnastampa-totustuus.it\\\/cattolica\\\/sosteniamo-il-papa-che-riporta-lantica-liturgia\\\/\"},\"wordCount\":1045,\"publisher\":{\"@id\":\"https:\\\/\\\/www.rassegnastampa-totustuus.it\\\/cattolica\\\/#organization\"},\"image\":{\"@id\":\"https:\\\/\\\/www.rassegnastampa-totustuus.it\\\/cattolica\\\/sosteniamo-il-papa-che-riporta-lantica-liturgia\\\/#primaryimage\"},\"thumbnailUrl\":\"https:\\\/\\\/www.rassegnastampa-totustuus.it\\\/cattolica\\\/wp-content\\\/uploads\\\/2006\\\/12\\\/BenedettoVI_liturgia.jpg\",\"keywords\":[\"liturgia\"],\"articleSection\":[\"Chiesa\",\"Liturgia\"],\"inLanguage\":\"it-IT\"},{\"@type\":\"WebPage\",\"@id\":\"https:\\\/\\\/www.rassegnastampa-totustuus.it\\\/cattolica\\\/sosteniamo-il-papa-che-riporta-lantica-liturgia\\\/\",\"url\":\"https:\\\/\\\/www.rassegnastampa-totustuus.it\\\/cattolica\\\/sosteniamo-il-papa-che-riporta-lantica-liturgia\\\/\",\"name\":\"Sosteniamo il Papa che riporta l'antica liturgia - Rassegna Stampa Cattolica\",\"isPartOf\":{\"@id\":\"https:\\\/\\\/www.rassegnastampa-totustuus.it\\\/cattolica\\\/#website\"},\"primaryImageOfPage\":{\"@id\":\"https:\\\/\\\/www.rassegnastampa-totustuus.it\\\/cattolica\\\/sosteniamo-il-papa-che-riporta-lantica-liturgia\\\/#primaryimage\"},\"image\":{\"@id\":\"https:\\\/\\\/www.rassegnastampa-totustuus.it\\\/cattolica\\\/sosteniamo-il-papa-che-riporta-lantica-liturgia\\\/#primaryimage\"},\"thumbnailUrl\":\"https:\\\/\\\/www.rassegnastampa-totustuus.it\\\/cattolica\\\/wp-content\\\/uploads\\\/2006\\\/12\\\/BenedettoVI_liturgia.jpg\",\"datePublished\":\"2006-12-20T16:23:35+00:00\",\"dateModified\":\"2016-04-18T09:12:54+00:00\",\"description\":\"Rassegna Stampa Cattolica - Per una cultura che nasce dalla Rivelazione cristiana in conformit\u00e0 alla tradizione e al Magistero della Chiesa in opposizione ad ogni relativismo e totalitarismo\",\"breadcrumb\":{\"@id\":\"https:\\\/\\\/www.rassegnastampa-totustuus.it\\\/cattolica\\\/sosteniamo-il-papa-che-riporta-lantica-liturgia\\\/#breadcrumb\"},\"inLanguage\":\"it-IT\",\"potentialAction\":[{\"@type\":\"ReadAction\",\"target\":[\"https:\\\/\\\/www.rassegnastampa-totustuus.it\\\/cattolica\\\/sosteniamo-il-papa-che-riporta-lantica-liturgia\\\/\"]}]},{\"@type\":\"ImageObject\",\"inLanguage\":\"it-IT\",\"@id\":\"https:\\\/\\\/www.rassegnastampa-totustuus.it\\\/cattolica\\\/sosteniamo-il-papa-che-riporta-lantica-liturgia\\\/#primaryimage\",\"url\":\"https:\\\/\\\/www.rassegnastampa-totustuus.it\\\/cattolica\\\/wp-content\\\/uploads\\\/2006\\\/12\\\/BenedettoVI_liturgia.jpg\",\"contentUrl\":\"https:\\\/\\\/www.rassegnastampa-totustuus.it\\\/cattolica\\\/wp-content\\\/uploads\\\/2006\\\/12\\\/BenedettoVI_liturgia.jpg\",\"width\":275,\"height\":183},{\"@type\":\"BreadcrumbList\",\"@id\":\"https:\\\/\\\/www.rassegnastampa-totustuus.it\\\/cattolica\\\/sosteniamo-il-papa-che-riporta-lantica-liturgia\\\/#breadcrumb\",\"itemListElement\":[{\"@type\":\"ListItem\",\"position\":1,\"name\":\"Home\",\"item\":\"https:\\\/\\\/www.rassegnastampa-totustuus.it\\\/cattolica\\\/\"},{\"@type\":\"ListItem\",\"position\":2,\"name\":\"Sosteniamo il Papa che riporta l&#8217;antica liturgia\"}]},{\"@type\":\"WebSite\",\"@id\":\"https:\\\/\\\/www.rassegnastampa-totustuus.it\\\/cattolica\\\/#website\",\"url\":\"https:\\\/\\\/www.rassegnastampa-totustuus.it\\\/cattolica\\\/\",\"name\":\"Rassegna Stampa Cattolica\",\"description\":\"Per una cultura che nasce dalla Rivelazione cristiana in conformit\u00e0 alla tradizione e al Magistero della Chiesa in opposizione ad ogni relativismo e totalitarismo\",\"publisher\":{\"@id\":\"https:\\\/\\\/www.rassegnastampa-totustuus.it\\\/cattolica\\\/#organization\"},\"alternateName\":\"Rass. Cattolica\",\"potentialAction\":[{\"@type\":\"SearchAction\",\"target\":{\"@type\":\"EntryPoint\",\"urlTemplate\":\"https:\\\/\\\/www.rassegnastampa-totustuus.it\\\/cattolica\\\/?s={search_term_string}\"},\"query-input\":{\"@type\":\"PropertyValueSpecification\",\"valueRequired\":true,\"valueName\":\"search_term_string\"}}],\"inLanguage\":\"it-IT\"},{\"@type\":\"Organization\",\"@id\":\"https:\\\/\\\/www.rassegnastampa-totustuus.it\\\/cattolica\\\/#organization\",\"name\":\"Rassegna Stampa Cattolica\",\"url\":\"https:\\\/\\\/www.rassegnastampa-totustuus.it\\\/cattolica\\\/\",\"logo\":{\"@type\":\"ImageObject\",\"inLanguage\":\"it-IT\",\"@id\":\"https:\\\/\\\/www.rassegnastampa-totustuus.it\\\/cattolica\\\/#\\\/schema\\\/logo\\\/image\\\/\",\"url\":\"https:\\\/\\\/www.rassegnastampa-totustuus.it\\\/cattolica\\\/wp-content\\\/uploads\\\/2014\\\/04\\\/logo-rassegna1.gif\",\"contentUrl\":\"https:\\\/\\\/www.rassegnastampa-totustuus.it\\\/cattolica\\\/wp-content\\\/uploads\\\/2014\\\/04\\\/logo-rassegna1.gif\",\"width\":600,\"height\":163,\"caption\":\"Rassegna Stampa Cattolica\"},\"image\":{\"@id\":\"https:\\\/\\\/www.rassegnastampa-totustuus.it\\\/cattolica\\\/#\\\/schema\\\/logo\\\/image\\\/\"},\"sameAs\":[\"https:\\\/\\\/www.facebook.com\\\/rassegnastampacattolica\",\"https:\\\/\\\/x.com\\\/rassegnastampa9\"]},{\"@type\":\"Person\",\"@id\":\"https:\\\/\\\/www.rassegnastampa-totustuus.it\\\/cattolica\\\/#\\\/schema\\\/person\\\/08f319d2bd1a0904ad9e2bfb7b15e5c3\",\"name\":\"Redazione\",\"image\":{\"@type\":\"ImageObject\",\"inLanguage\":\"it-IT\",\"@id\":\"https:\\\/\\\/secure.gravatar.com\\\/avatar\\\/2fcdf27c78ea025fbdb44e914cc63c72249ffec9dc8aafd5c82b26240ef3f346?s=96&d=mm&r=g\",\"url\":\"https:\\\/\\\/secure.gravatar.com\\\/avatar\\\/2fcdf27c78ea025fbdb44e914cc63c72249ffec9dc8aafd5c82b26240ef3f346?s=96&d=mm&r=g\",\"contentUrl\":\"https:\\\/\\\/secure.gravatar.com\\\/avatar\\\/2fcdf27c78ea025fbdb44e914cc63c72249ffec9dc8aafd5c82b26240ef3f346?s=96&d=mm&r=g\",\"caption\":\"Redazione\"},\"url\":\"https:\\\/\\\/www.rassegnastampa-totustuus.it\\\/cattolica\\\/author\\\/pietroelle\\\/\"}]}<\/script>\n<!-- \/ Yoast SEO plugin. -->","yoast_head_json":{"title":"Sosteniamo il Papa che riporta l'antica liturgia - Rassegna Stampa Cattolica","description":"Rassegna Stampa Cattolica - Per una cultura che nasce dalla Rivelazione cristiana in conformit\u00e0 alla tradizione e al Magistero della Chiesa in opposizione ad ogni relativismo e totalitarismo","robots":{"index":"index","follow":"follow","max-snippet":"max-snippet:-1","max-image-preview":"max-image-preview:large","max-video-preview":"max-video-preview:-1"},"canonical":"https:\/\/www.rassegnastampa-totustuus.it\/cattolica\/sosteniamo-il-papa-che-riporta-lantica-liturgia\/","og_locale":"it_IT","og_type":"article","og_title":"Sosteniamo il Papa che riporta l'antica liturgia - Rassegna Stampa Cattolica","og_description":"Rassegna Stampa Cattolica - Per una cultura che nasce dalla Rivelazione cristiana in conformit\u00e0 alla tradizione e al Magistero della Chiesa in opposizione ad ogni relativismo e totalitarismo","og_url":"https:\/\/www.rassegnastampa-totustuus.it\/cattolica\/sosteniamo-il-papa-che-riporta-lantica-liturgia\/","og_site_name":"Rassegna Stampa Cattolica","article_publisher":"https:\/\/www.facebook.com\/rassegnastampacattolica","article_published_time":"2006-12-20T16:23:35+00:00","article_modified_time":"2016-04-18T09:12:54+00:00","og_image":[{"width":275,"height":183,"url":"https:\/\/www.rassegnastampa-totustuus.it\/cattolica\/wp-content\/uploads\/2006\/12\/BenedettoVI_liturgia.jpg","type":"image\/jpeg"}],"author":"Redazione","twitter_card":"summary_large_image","twitter_creator":"@rassegnastampa9","twitter_site":"@rassegnastampa9","twitter_misc":{"Scritto da":"Redazione","Tempo di lettura stimato":"5 minuti"},"schema":{"@context":"https:\/\/schema.org","@graph":[{"@type":"Article","@id":"https:\/\/www.rassegnastampa-totustuus.it\/cattolica\/sosteniamo-il-papa-che-riporta-lantica-liturgia\/#article","isPartOf":{"@id":"https:\/\/www.rassegnastampa-totustuus.it\/cattolica\/sosteniamo-il-papa-che-riporta-lantica-liturgia\/"},"author":{"name":"Redazione","@id":"https:\/\/www.rassegnastampa-totustuus.it\/cattolica\/#\/schema\/person\/08f319d2bd1a0904ad9e2bfb7b15e5c3"},"headline":"Sosteniamo il Papa che riporta l&#8217;antica liturgia","datePublished":"2006-12-20T16:23:35+00:00","dateModified":"2016-04-18T09:12:54+00:00","mainEntityOfPage":{"@id":"https:\/\/www.rassegnastampa-totustuus.it\/cattolica\/sosteniamo-il-papa-che-riporta-lantica-liturgia\/"},"wordCount":1045,"publisher":{"@id":"https:\/\/www.rassegnastampa-totustuus.it\/cattolica\/#organization"},"image":{"@id":"https:\/\/www.rassegnastampa-totustuus.it\/cattolica\/sosteniamo-il-papa-che-riporta-lantica-liturgia\/#primaryimage"},"thumbnailUrl":"https:\/\/www.rassegnastampa-totustuus.it\/cattolica\/wp-content\/uploads\/2006\/12\/BenedettoVI_liturgia.jpg","keywords":["liturgia"],"articleSection":["Chiesa","Liturgia"],"inLanguage":"it-IT"},{"@type":"WebPage","@id":"https:\/\/www.rassegnastampa-totustuus.it\/cattolica\/sosteniamo-il-papa-che-riporta-lantica-liturgia\/","url":"https:\/\/www.rassegnastampa-totustuus.it\/cattolica\/sosteniamo-il-papa-che-riporta-lantica-liturgia\/","name":"Sosteniamo il Papa che riporta l'antica liturgia - Rassegna Stampa Cattolica","isPartOf":{"@id":"https:\/\/www.rassegnastampa-totustuus.it\/cattolica\/#website"},"primaryImageOfPage":{"@id":"https:\/\/www.rassegnastampa-totustuus.it\/cattolica\/sosteniamo-il-papa-che-riporta-lantica-liturgia\/#primaryimage"},"image":{"@id":"https:\/\/www.rassegnastampa-totustuus.it\/cattolica\/sosteniamo-il-papa-che-riporta-lantica-liturgia\/#primaryimage"},"thumbnailUrl":"https:\/\/www.rassegnastampa-totustuus.it\/cattolica\/wp-content\/uploads\/2006\/12\/BenedettoVI_liturgia.jpg","datePublished":"2006-12-20T16:23:35+00:00","dateModified":"2016-04-18T09:12:54+00:00","description":"Rassegna Stampa Cattolica - Per una cultura che nasce dalla Rivelazione cristiana in conformit\u00e0 alla tradizione e al Magistero della Chiesa in opposizione ad ogni relativismo e totalitarismo","breadcrumb":{"@id":"https:\/\/www.rassegnastampa-totustuus.it\/cattolica\/sosteniamo-il-papa-che-riporta-lantica-liturgia\/#breadcrumb"},"inLanguage":"it-IT","potentialAction":[{"@type":"ReadAction","target":["https:\/\/www.rassegnastampa-totustuus.it\/cattolica\/sosteniamo-il-papa-che-riporta-lantica-liturgia\/"]}]},{"@type":"ImageObject","inLanguage":"it-IT","@id":"https:\/\/www.rassegnastampa-totustuus.it\/cattolica\/sosteniamo-il-papa-che-riporta-lantica-liturgia\/#primaryimage","url":"https:\/\/www.rassegnastampa-totustuus.it\/cattolica\/wp-content\/uploads\/2006\/12\/BenedettoVI_liturgia.jpg","contentUrl":"https:\/\/www.rassegnastampa-totustuus.it\/cattolica\/wp-content\/uploads\/2006\/12\/BenedettoVI_liturgia.jpg","width":275,"height":183},{"@type":"BreadcrumbList","@id":"https:\/\/www.rassegnastampa-totustuus.it\/cattolica\/sosteniamo-il-papa-che-riporta-lantica-liturgia\/#breadcrumb","itemListElement":[{"@type":"ListItem","position":1,"name":"Home","item":"https:\/\/www.rassegnastampa-totustuus.it\/cattolica\/"},{"@type":"ListItem","position":2,"name":"Sosteniamo il Papa che riporta l&#8217;antica liturgia"}]},{"@type":"WebSite","@id":"https:\/\/www.rassegnastampa-totustuus.it\/cattolica\/#website","url":"https:\/\/www.rassegnastampa-totustuus.it\/cattolica\/","name":"Rassegna Stampa Cattolica","description":"Per una cultura che nasce dalla Rivelazione cristiana in conformit\u00e0 alla tradizione e al Magistero della Chiesa in opposizione ad ogni relativismo e totalitarismo","publisher":{"@id":"https:\/\/www.rassegnastampa-totustuus.it\/cattolica\/#organization"},"alternateName":"Rass. Cattolica","potentialAction":[{"@type":"SearchAction","target":{"@type":"EntryPoint","urlTemplate":"https:\/\/www.rassegnastampa-totustuus.it\/cattolica\/?s={search_term_string}"},"query-input":{"@type":"PropertyValueSpecification","valueRequired":true,"valueName":"search_term_string"}}],"inLanguage":"it-IT"},{"@type":"Organization","@id":"https:\/\/www.rassegnastampa-totustuus.it\/cattolica\/#organization","name":"Rassegna Stampa Cattolica","url":"https:\/\/www.rassegnastampa-totustuus.it\/cattolica\/","logo":{"@type":"ImageObject","inLanguage":"it-IT","@id":"https:\/\/www.rassegnastampa-totustuus.it\/cattolica\/#\/schema\/logo\/image\/","url":"https:\/\/www.rassegnastampa-totustuus.it\/cattolica\/wp-content\/uploads\/2014\/04\/logo-rassegna1.gif","contentUrl":"https:\/\/www.rassegnastampa-totustuus.it\/cattolica\/wp-content\/uploads\/2014\/04\/logo-rassegna1.gif","width":600,"height":163,"caption":"Rassegna Stampa Cattolica"},"image":{"@id":"https:\/\/www.rassegnastampa-totustuus.it\/cattolica\/#\/schema\/logo\/image\/"},"sameAs":["https:\/\/www.facebook.com\/rassegnastampacattolica","https:\/\/x.com\/rassegnastampa9"]},{"@type":"Person","@id":"https:\/\/www.rassegnastampa-totustuus.it\/cattolica\/#\/schema\/person\/08f319d2bd1a0904ad9e2bfb7b15e5c3","name":"Redazione","image":{"@type":"ImageObject","inLanguage":"it-IT","@id":"https:\/\/secure.gravatar.com\/avatar\/2fcdf27c78ea025fbdb44e914cc63c72249ffec9dc8aafd5c82b26240ef3f346?s=96&d=mm&r=g","url":"https:\/\/secure.gravatar.com\/avatar\/2fcdf27c78ea025fbdb44e914cc63c72249ffec9dc8aafd5c82b26240ef3f346?s=96&d=mm&r=g","contentUrl":"https:\/\/secure.gravatar.com\/avatar\/2fcdf27c78ea025fbdb44e914cc63c72249ffec9dc8aafd5c82b26240ef3f346?s=96&d=mm&r=g","caption":"Redazione"},"url":"https:\/\/www.rassegnastampa-totustuus.it\/cattolica\/author\/pietroelle\/"}]}},"_links":{"self":[{"href":"https:\/\/www.rassegnastampa-totustuus.it\/cattolica\/wp-json\/wp\/v2\/posts\/2401","targetHints":{"allow":["GET"]}}],"collection":[{"href":"https:\/\/www.rassegnastampa-totustuus.it\/cattolica\/wp-json\/wp\/v2\/posts"}],"about":[{"href":"https:\/\/www.rassegnastampa-totustuus.it\/cattolica\/wp-json\/wp\/v2\/types\/post"}],"author":[{"embeddable":true,"href":"https:\/\/www.rassegnastampa-totustuus.it\/cattolica\/wp-json\/wp\/v2\/users\/6"}],"replies":[{"embeddable":true,"href":"https:\/\/www.rassegnastampa-totustuus.it\/cattolica\/wp-json\/wp\/v2\/comments?post=2401"}],"version-history":[{"count":4,"href":"https:\/\/www.rassegnastampa-totustuus.it\/cattolica\/wp-json\/wp\/v2\/posts\/2401\/revisions"}],"predecessor-version":[{"id":32943,"href":"https:\/\/www.rassegnastampa-totustuus.it\/cattolica\/wp-json\/wp\/v2\/posts\/2401\/revisions\/32943"}],"wp:featuredmedia":[{"embeddable":true,"href":"https:\/\/www.rassegnastampa-totustuus.it\/cattolica\/wp-json\/wp\/v2\/media\/32942"}],"wp:attachment":[{"href":"https:\/\/www.rassegnastampa-totustuus.it\/cattolica\/wp-json\/wp\/v2\/media?parent=2401"}],"wp:term":[{"taxonomy":"category","embeddable":true,"href":"https:\/\/www.rassegnastampa-totustuus.it\/cattolica\/wp-json\/wp\/v2\/categories?post=2401"},{"taxonomy":"post_tag","embeddable":true,"href":"https:\/\/www.rassegnastampa-totustuus.it\/cattolica\/wp-json\/wp\/v2\/tags?post=2401"}],"curies":[{"name":"wp","href":"https:\/\/api.w.org\/{rel}","templated":true}]}}