{"id":2332,"date":"2006-11-23T00:00:00","date_gmt":"2006-11-22T23:00:00","guid":{"rendered":""},"modified":"2015-12-11T09:15:04","modified_gmt":"2015-12-11T08:15:04","slug":"ambiente-no-creato","status":"publish","type":"post","link":"https:\/\/www.rassegnastampa-totustuus.it\/cattolica\/ambiente-no-creato\/","title":{"rendered":"Ambiente? No, Creato"},"content":{"rendered":"<div style=\"text-align: center;\"><strong><a href=\"https:\/\/www.rassegnastampa-totustuus.it\/cattolica\/wp-content\/uploads\/2006\/11\/creato.jpg\"><img loading=\"lazy\" decoding=\"async\" class=\"alignleft wp-image-28754\" src=\"https:\/\/www.rassegnastampa-totustuus.it\/cattolica\/wp-content\/uploads\/2006\/11\/creato.jpg\" alt=\"creato\" width=\"250\" height=\"166\" \/><\/a>Il Timone<\/strong> n.57 novembre 2006<\/div>\n<p style=\"text-align: justify;\"><em>Nella giornata di preghiera dedicata al tema, \u00e8 passata l&#8217;immagine di una Chiesa Papa compreso &#8211; accodata ai movimenti ecologisti. Ma la visione cattolica \u00e8 diametralmente opposta all&#8217;ambientalismo dominante. Ecco perch\u00e9&#8230;.<\/em><\/p>\n<p style=\"text-align: center;\">di <strong>Riccardo Cascioli<\/strong><\/p>\n<p><!--more--><\/p>\n<div style=\"text-align: justify;\">Ambiente e creato sono due termini equivalenti? Difesa dell&#8217;ambiente e salvaguardia l creato sono concetti ana\u00adloghi? Sono domande che nascono natu\u00adrali dopo che la Chiesa italiana ha deciso di istituire per il 1\u00b0 settembre la Giorna\u00adta della Salvaguardia del Creato e di de\u00addicare l&#8217;intero mese di settembre alla ri\u00adflessione sul tema. Si tratta di un&#8217;iniziati\u00adva importante perch\u00e9 offre l&#8217;occasione di approfondire una prospettiva cattolica su un tema che \u00e8 ormai dominante nell&#8217;opi\u00adnione pubblica, ma che tanta confusione genera anche tra i cattolici.<\/div>\n<p style=\"text-align: justify;\">Prova ne \u00e8 che le parole pronunciate per l&#8217;occasione dal Papa e il messaggio dei vescovi italiani sono stati riportati dai <em>mass media<\/em> nazionali in un modo da far pensare all&#8217;ennesima festa dell&#8217;ambien\u00adte con l&#8217;unica differenza che \u00e8 organizza\u00adta dai cristiani con il loro linguaggio parti\u00adcolare e &#8211; diciamocelo pure &#8211; un po&#8217; de\u00admod\u00e9. Lo stesso Benedetto XVI, grazie anche alle prese di posizione del WWF e del ministro dell&#8217;Ambiente Pecoraro Scanio, \u00e8 stato arruolato d&#8217;ufficio nell&#8217;eserci\u00adto ambientalista.<\/p>\n<p style=\"text-align: justify;\">A maggior ragione dun\u00adque \u00e8 necessario soffermarsi sul significa\u00adto di questa celebrazione che, malgrado le apparenze, \u00e8 in totale controtendenza rispetto all&#8217;ecologismo dominante. Non c&#8217;\u00e8 dubbio infatti che quest&#8217;ultimo discende da una visione negativa del\u00adl&#8217;uomo, elemento di disturbo di una natu\u00adra che &#8211; sottinteso &#8211; sarebbe in condizio\u00adni molto migliori se l&#8217;uomo non ci fosse.<\/p>\n<p style=\"text-align: justify;\">L&#8217;ambiente cos\u00ec inteso \u00e8 perci\u00f2 sostan\u00adzialmente &#8220;altro&#8221; rispetto all&#8217;uomo, e que\u00adst&#8217;ultimo ci pu\u00f2 vivere a patto che non si muova, che faccia meno attivit\u00e0 possibi\u00adle, e soprattutto metta al mondo meno fi\u00adgli possibile perch\u00e9 &#8211; si sa &#8211; ogni perso\u00adna che si aggiunge \u00e8 un altro carico che pesa sulla natura. Attenzione: il problema non \u00e8 l&#8217;uomo cattivo, ma l&#8217;uomo in s\u00e9, per il solo fatto di esistere. Si comprende al\u00adlora perch\u00e9 e in che senso si parla di &#8220;di\u00adfesa&#8221; dell&#8217;ambiente: c&#8217;\u00e8 un aggressore, l&#8217;uomo, e va messo in condizione di non nuocere.<\/p>\n<p style=\"text-align: justify;\">D&#8217;altronde, la Terra \u00e8 vista co\u00adme un organismo vivente autosufficiente (Gaia) che quindi si &#8220;ribella&#8221; davanti ai so\u00adprusi dell&#8217;uomo (terremoti e altri disastri naturali). Siamo di fronte quindi a una vi\u00adsione neo-pagana, con una differenza im\u00adportante rispetto al paganesimo classico: allora la divinizzazione della natura nasce\u00adva da una riflessione sulla natura stessa, che veniva percepita come enormemente pi\u00f9 grande dell&#8217;uomo e inspiegabile. Og\u00adgi, invece, la divinizzazione della natura nasce da una riflessione negativa sull&#8217;uo\u00admo, considerato &#8220;aggressore&#8221; e &#8220;parassi\u00adta&#8221;, tanto per usare due espressioni mol\u00adto ricorrenti.<\/p>\n<p style=\"text-align: justify;\">Ben diversa la concezione ebraico-cri\u00adstiana: l&#8217;osservazione della realt\u00e0 e la ri\u00advelazione spingono a parlare di creato, il che pone in rilievo anzitutto l&#8217;esistenza di un Creatore da cui tutto dipende. La ter\u00adra non \u00e8 dunque un organismo autono\u00admo che reagisce alle aggressioni come il corpo umano fa con i virus, ovvero con la &#8220;febbre&#8221; (non a caso il riscaldamento glo\u00adbale viene spesso descritto come &#8220;la feb\u00adbre del pianeta&#8221;), ma \u00e8 dono di Dio all&#8217;uo\u00admo. L&#8217;uomo, dunque, non solo \u00e8 parte del Creato, ma \u00e8 la prima tra le creature.<\/p>\n<p style=\"text-align: justify;\">Ne discende, tra l&#8217;altro, che esiste una gerar\u00adchia ontologica tra l&#8217;uomo e gli altri esseri viventi; cio\u00e8 la superiorit\u00e0 dell&#8217;uomo non nasce da un pi\u00f9 avanzato livello di evolu\u00adzione &#8211; essenzialmente prodotto dal caso -, ma da una diversit\u00e0 che c&#8217;\u00e8 proprio al\u00adl&#8217;origine dell&#8217;essere. D&#8217;altro canto proprio perch\u00e9 \u00e8 creatura, l&#8217;uomo deve rendere conto al Creatore. Cio\u00e8, la superiorit\u00e0 su\u00adgli altri esseri non \u00e8 disponibilit\u00e0 assolu\u00adta che legittimi lo sfruttamento selvaggio; al contrario \u00e8 una responsabilit\u00e0 di fron\u00adte agli altri uomini e a Dio; l&#8217;uso che viene fatto della natura deve essere in accordo con il piano di Dio.<\/p>\n<p style=\"text-align: justify;\">Ma qui nasce un&#8217;altra importante dif\u00adferenza con la mentalit\u00e0 ambientalista odierna: mentre questa parla di &#8220;difesa&#8221; dell&#8217;ambiente, il linguaggio cristiano usa il termine &#8220;salvaguardia&#8221;. Anche qui sia\u00admo in presenza di concetti radicalmente diversi.<\/p>\n<p style=\"text-align: justify;\">Difesa, in effetti, non solo rimanda al fat\u00adto che ci sia un aggressore, ma anche al fatto che l&#8217;obiettivo \u00e8 la conservazione, mantenere le cose cos\u00ec come sono, in\u00adtatte. Tanto \u00e8 vero che si fa spesso rife\u00adrimento al &#8220;mantenere&#8221; le cose per le ge\u00adnerazioni future cos\u00ec come noi le abbiamo ricevute. Non stupisce dunque che i pri\u00admi movimenti ecologisti, alla fine dell&#8217;Ot\u00adtocento, sono in realt\u00e0 organizzazioni per la conservazione della natura.<\/p>\n<p style=\"text-align: justify;\">E tuttoggi la politica delle riserve naturali, sia terrestri che marine, \u00e8 uno dei pilastri dell&#8217;ambientalismo. Non \u00e8 per\u00f2 questa la visione cattolica del rapporto uomo-natura. L&#8217;uomo, infatti, come ricorda anche l&#8217;enciclica di Giovanni Paolo II <em>Laborem Exercens<\/em> (n 25), partecipa alla creazione. Anzi, \u00e8 chiamato a questa collabora\u00adzione; ed \u00e8 qui che si gioca la sua libert\u00e0: se segue il progetto di Dio l&#8217;uo\u00admo rende la creazione pi\u00f9 bella e pi\u00f9 umana; se persegue il proprio pro\u00adgetto invece &#8220;sfigura&#8221; la creazione.<\/p>\n<p style=\"text-align: justify;\">La storia da ragione a questo approc\u00adcio cristiano: non c&#8217;\u00e8 dubbio che ad esempio tanta della bellezza d&#8217;Italia &#8211; dalle citt\u00e0 d&#8217;arte alle localit\u00e0 turistiche in montagna o al mare &#8211; sia do\u00advuta proprio alle mani dell&#8217;uomo. Basti pensare ai lavori di bonifica avviati gi\u00e0 dai monaci benedettini nell&#8217;Alto Medioevo per non parlare delle grandi opere di idraulica e canalizzazione volute dai Papi, fino alla lenta ma pro\u00adgressiva trasformazione della montagna grazie alle popolazioni locali.<\/p>\n<p style=\"text-align: justify;\">In questo senso, allora, il termine &#8220;salvaguardia&#8221; rimanda al concetto di &#8220;custodia&#8221;, dove il custode \u00e8 chiamato a far crescere e ad abbellire il ter\u00adreno che il padrone gli ha affidato. In questo modo la preoccupazione non \u00e8 tanto quella di mantenere qualcosa per delle ipotetiche generazioni fu\u00adture, ma vivere nel modo corretto e responsabile il presente per rispon\u00addere ai bisogni delle concrete persone di oggi; \u00e8 con questa posizione che nell&#8217;Occidente cristiano storicamente si sono sempre create maggio\u00adri e migliori risorse per le generazioni future. Perch\u00e9, come nella parabo\u00adla dei talenti, chi cerca di conservare finisce di perdere anche quel poco che ha.<\/p>\n<p style=\"text-align: justify;\"><strong>Ricorda:<\/strong><\/p>\n<p style=\"text-align: justify;\">\u00abLa via cristiana rimane l&#8217;unica che veramente salva. In essa \u00e8 presente la convinzione che possiamo essere realmen\u00adte &#8220;creativi&#8221; solo in unit\u00e0 col Creatore del mondo. Possia\u00admo servire veramente la terra solo se ci poniamo di fron\u00adte ad essa secondo le indicazioni della parola di Dio. Allora possiamo realmente far progredire e perfezionare noi stessi e il mondo&#8221;.<\/p>\n<p style=\"text-align: right;\">(<strong>Joseph Ratzinger<\/strong>, <em>Creazione e peccato<\/em>, Lindau, 2006)<\/p>\n","protected":false},"excerpt":{"rendered":"<p>Il Timone n.57 novembre 2006 Nella giornata di preghiera dedicata al tema, \u00e8 passata l&#8217;immagine di una Chiesa Papa compreso &#8211; accodata ai movimenti ecologisti. Ma la visione cattolica \u00e8 diametralmente opposta all&#8217;ambientalismo dominante. Ecco perch\u00e9&#8230;. di Riccardo Cascioli<\/p><p><a class=\"more-link btn\" href=\"https:\/\/www.rassegnastampa-totustuus.it\/cattolica\/ambiente-no-creato\/\">Continua a leggere<\/a><\/p>\n","protected":false},"author":6,"featured_media":28754,"comment_status":"closed","ping_status":"open","sticky":false,"template":"","format":"standard","meta":{"footnotes":""},"categories":[3,31],"tags":[1383,1382],"class_list":["post-2332","post","type-post","status-publish","format-standard","has-post-thumbnail","hentry","category-ambientalismo","category-ecologia-cristiana","tag-ambiente","tag-creato","item-wrap"],"yoast_head":"<!-- This site is optimized with the Yoast SEO plugin v27.5 - https:\/\/yoast.com\/product\/yoast-seo-wordpress\/ -->\n<title>Ambiente? No, Creato - Rassegna Stampa Cattolica<\/title>\n<meta name=\"description\" content=\"Rassegna Stampa Cattolica - Per una cultura che nasce dalla Rivelazione cristiana in conformit\u00e0 alla tradizione e al Magistero della Chiesa in opposizione ad ogni relativismo e totalitarismo\" \/>\n<meta name=\"robots\" content=\"index, follow, max-snippet:-1, max-image-preview:large, max-video-preview:-1\" \/>\n<link rel=\"canonical\" href=\"https:\/\/www.rassegnastampa-totustuus.it\/cattolica\/ambiente-no-creato\/\" \/>\n<meta property=\"og:locale\" content=\"it_IT\" \/>\n<meta property=\"og:type\" content=\"article\" \/>\n<meta property=\"og:title\" content=\"Ambiente? No, Creato - Rassegna Stampa Cattolica\" \/>\n<meta property=\"og:description\" content=\"Rassegna Stampa Cattolica - Per una cultura che nasce dalla Rivelazione cristiana in conformit\u00e0 alla tradizione e al Magistero della Chiesa in opposizione ad ogni relativismo e totalitarismo\" \/>\n<meta property=\"og:url\" content=\"https:\/\/www.rassegnastampa-totustuus.it\/cattolica\/ambiente-no-creato\/\" \/>\n<meta property=\"og:site_name\" content=\"Rassegna Stampa Cattolica\" \/>\n<meta property=\"article:publisher\" content=\"https:\/\/www.facebook.com\/rassegnastampacattolica\" \/>\n<meta property=\"article:published_time\" content=\"2006-11-22T23:00:00+00:00\" \/>\n<meta property=\"article:modified_time\" content=\"2015-12-11T08:15:04+00:00\" \/>\n<meta property=\"og:image\" content=\"https:\/\/www.rassegnastampa-totustuus.it\/cattolica\/wp-content\/uploads\/2006\/11\/creato.jpg\" \/>\n\t<meta property=\"og:image:width\" content=\"275\" \/>\n\t<meta property=\"og:image:height\" content=\"183\" \/>\n\t<meta property=\"og:image:type\" content=\"image\/jpeg\" \/>\n<meta name=\"author\" content=\"Redazione\" \/>\n<meta name=\"twitter:card\" content=\"summary_large_image\" \/>\n<meta name=\"twitter:creator\" content=\"@rassegnastampa9\" \/>\n<meta name=\"twitter:site\" content=\"@rassegnastampa9\" \/>\n<meta name=\"twitter:label1\" content=\"Scritto da\" \/>\n\t<meta name=\"twitter:data1\" content=\"Redazione\" \/>\n\t<meta name=\"twitter:label2\" content=\"Tempo di lettura stimato\" \/>\n\t<meta name=\"twitter:data2\" content=\"5 minuti\" \/>\n<script type=\"application\/ld+json\" class=\"yoast-schema-graph\">{\"@context\":\"https:\\\/\\\/schema.org\",\"@graph\":[{\"@type\":\"Article\",\"@id\":\"https:\\\/\\\/www.rassegnastampa-totustuus.it\\\/cattolica\\\/ambiente-no-creato\\\/#article\",\"isPartOf\":{\"@id\":\"https:\\\/\\\/www.rassegnastampa-totustuus.it\\\/cattolica\\\/ambiente-no-creato\\\/\"},\"author\":{\"name\":\"Redazione\",\"@id\":\"https:\\\/\\\/www.rassegnastampa-totustuus.it\\\/cattolica\\\/#\\\/schema\\\/person\\\/08f319d2bd1a0904ad9e2bfb7b15e5c3\"},\"headline\":\"Ambiente? No, Creato\",\"datePublished\":\"2006-11-22T23:00:00+00:00\",\"dateModified\":\"2015-12-11T08:15:04+00:00\",\"mainEntityOfPage\":{\"@id\":\"https:\\\/\\\/www.rassegnastampa-totustuus.it\\\/cattolica\\\/ambiente-no-creato\\\/\"},\"wordCount\":1144,\"publisher\":{\"@id\":\"https:\\\/\\\/www.rassegnastampa-totustuus.it\\\/cattolica\\\/#organization\"},\"image\":{\"@id\":\"https:\\\/\\\/www.rassegnastampa-totustuus.it\\\/cattolica\\\/ambiente-no-creato\\\/#primaryimage\"},\"thumbnailUrl\":\"https:\\\/\\\/www.rassegnastampa-totustuus.it\\\/cattolica\\\/wp-content\\\/uploads\\\/2006\\\/11\\\/creato.jpg\",\"keywords\":[\"ambiente\",\"creato\"],\"articleSection\":[\"Ambientalismo\",\"Ecologia cristiana\"],\"inLanguage\":\"it-IT\"},{\"@type\":\"WebPage\",\"@id\":\"https:\\\/\\\/www.rassegnastampa-totustuus.it\\\/cattolica\\\/ambiente-no-creato\\\/\",\"url\":\"https:\\\/\\\/www.rassegnastampa-totustuus.it\\\/cattolica\\\/ambiente-no-creato\\\/\",\"name\":\"Ambiente? No, Creato - Rassegna Stampa Cattolica\",\"isPartOf\":{\"@id\":\"https:\\\/\\\/www.rassegnastampa-totustuus.it\\\/cattolica\\\/#website\"},\"primaryImageOfPage\":{\"@id\":\"https:\\\/\\\/www.rassegnastampa-totustuus.it\\\/cattolica\\\/ambiente-no-creato\\\/#primaryimage\"},\"image\":{\"@id\":\"https:\\\/\\\/www.rassegnastampa-totustuus.it\\\/cattolica\\\/ambiente-no-creato\\\/#primaryimage\"},\"thumbnailUrl\":\"https:\\\/\\\/www.rassegnastampa-totustuus.it\\\/cattolica\\\/wp-content\\\/uploads\\\/2006\\\/11\\\/creato.jpg\",\"datePublished\":\"2006-11-22T23:00:00+00:00\",\"dateModified\":\"2015-12-11T08:15:04+00:00\",\"description\":\"Rassegna Stampa Cattolica - Per una cultura che nasce dalla Rivelazione cristiana in conformit\u00e0 alla tradizione e al Magistero della Chiesa in opposizione ad ogni relativismo e totalitarismo\",\"breadcrumb\":{\"@id\":\"https:\\\/\\\/www.rassegnastampa-totustuus.it\\\/cattolica\\\/ambiente-no-creato\\\/#breadcrumb\"},\"inLanguage\":\"it-IT\",\"potentialAction\":[{\"@type\":\"ReadAction\",\"target\":[\"https:\\\/\\\/www.rassegnastampa-totustuus.it\\\/cattolica\\\/ambiente-no-creato\\\/\"]}]},{\"@type\":\"ImageObject\",\"inLanguage\":\"it-IT\",\"@id\":\"https:\\\/\\\/www.rassegnastampa-totustuus.it\\\/cattolica\\\/ambiente-no-creato\\\/#primaryimage\",\"url\":\"https:\\\/\\\/www.rassegnastampa-totustuus.it\\\/cattolica\\\/wp-content\\\/uploads\\\/2006\\\/11\\\/creato.jpg\",\"contentUrl\":\"https:\\\/\\\/www.rassegnastampa-totustuus.it\\\/cattolica\\\/wp-content\\\/uploads\\\/2006\\\/11\\\/creato.jpg\",\"width\":275,\"height\":183},{\"@type\":\"BreadcrumbList\",\"@id\":\"https:\\\/\\\/www.rassegnastampa-totustuus.it\\\/cattolica\\\/ambiente-no-creato\\\/#breadcrumb\",\"itemListElement\":[{\"@type\":\"ListItem\",\"position\":1,\"name\":\"Home\",\"item\":\"https:\\\/\\\/www.rassegnastampa-totustuus.it\\\/cattolica\\\/\"},{\"@type\":\"ListItem\",\"position\":2,\"name\":\"Ambiente? No, Creato\"}]},{\"@type\":\"WebSite\",\"@id\":\"https:\\\/\\\/www.rassegnastampa-totustuus.it\\\/cattolica\\\/#website\",\"url\":\"https:\\\/\\\/www.rassegnastampa-totustuus.it\\\/cattolica\\\/\",\"name\":\"Rassegna Stampa Cattolica\",\"description\":\"Per una cultura che nasce dalla Rivelazione cristiana in conformit\u00e0 alla tradizione e al Magistero della Chiesa in opposizione ad ogni relativismo e totalitarismo\",\"publisher\":{\"@id\":\"https:\\\/\\\/www.rassegnastampa-totustuus.it\\\/cattolica\\\/#organization\"},\"alternateName\":\"Rass. Cattolica\",\"potentialAction\":[{\"@type\":\"SearchAction\",\"target\":{\"@type\":\"EntryPoint\",\"urlTemplate\":\"https:\\\/\\\/www.rassegnastampa-totustuus.it\\\/cattolica\\\/?s={search_term_string}\"},\"query-input\":{\"@type\":\"PropertyValueSpecification\",\"valueRequired\":true,\"valueName\":\"search_term_string\"}}],\"inLanguage\":\"it-IT\"},{\"@type\":\"Organization\",\"@id\":\"https:\\\/\\\/www.rassegnastampa-totustuus.it\\\/cattolica\\\/#organization\",\"name\":\"Rassegna Stampa Cattolica\",\"url\":\"https:\\\/\\\/www.rassegnastampa-totustuus.it\\\/cattolica\\\/\",\"logo\":{\"@type\":\"ImageObject\",\"inLanguage\":\"it-IT\",\"@id\":\"https:\\\/\\\/www.rassegnastampa-totustuus.it\\\/cattolica\\\/#\\\/schema\\\/logo\\\/image\\\/\",\"url\":\"https:\\\/\\\/www.rassegnastampa-totustuus.it\\\/cattolica\\\/wp-content\\\/uploads\\\/2014\\\/04\\\/logo-rassegna1.gif\",\"contentUrl\":\"https:\\\/\\\/www.rassegnastampa-totustuus.it\\\/cattolica\\\/wp-content\\\/uploads\\\/2014\\\/04\\\/logo-rassegna1.gif\",\"width\":600,\"height\":163,\"caption\":\"Rassegna Stampa Cattolica\"},\"image\":{\"@id\":\"https:\\\/\\\/www.rassegnastampa-totustuus.it\\\/cattolica\\\/#\\\/schema\\\/logo\\\/image\\\/\"},\"sameAs\":[\"https:\\\/\\\/www.facebook.com\\\/rassegnastampacattolica\",\"https:\\\/\\\/x.com\\\/rassegnastampa9\"]},{\"@type\":\"Person\",\"@id\":\"https:\\\/\\\/www.rassegnastampa-totustuus.it\\\/cattolica\\\/#\\\/schema\\\/person\\\/08f319d2bd1a0904ad9e2bfb7b15e5c3\",\"name\":\"Redazione\",\"image\":{\"@type\":\"ImageObject\",\"inLanguage\":\"it-IT\",\"@id\":\"https:\\\/\\\/secure.gravatar.com\\\/avatar\\\/2fcdf27c78ea025fbdb44e914cc63c72249ffec9dc8aafd5c82b26240ef3f346?s=96&d=mm&r=g\",\"url\":\"https:\\\/\\\/secure.gravatar.com\\\/avatar\\\/2fcdf27c78ea025fbdb44e914cc63c72249ffec9dc8aafd5c82b26240ef3f346?s=96&d=mm&r=g\",\"contentUrl\":\"https:\\\/\\\/secure.gravatar.com\\\/avatar\\\/2fcdf27c78ea025fbdb44e914cc63c72249ffec9dc8aafd5c82b26240ef3f346?s=96&d=mm&r=g\",\"caption\":\"Redazione\"},\"url\":\"https:\\\/\\\/www.rassegnastampa-totustuus.it\\\/cattolica\\\/author\\\/pietroelle\\\/\"}]}<\/script>\n<!-- \/ Yoast SEO plugin. -->","yoast_head_json":{"title":"Ambiente? No, Creato - Rassegna Stampa Cattolica","description":"Rassegna Stampa Cattolica - Per una cultura che nasce dalla Rivelazione cristiana in conformit\u00e0 alla tradizione e al Magistero della Chiesa in opposizione ad ogni relativismo e totalitarismo","robots":{"index":"index","follow":"follow","max-snippet":"max-snippet:-1","max-image-preview":"max-image-preview:large","max-video-preview":"max-video-preview:-1"},"canonical":"https:\/\/www.rassegnastampa-totustuus.it\/cattolica\/ambiente-no-creato\/","og_locale":"it_IT","og_type":"article","og_title":"Ambiente? No, Creato - Rassegna Stampa Cattolica","og_description":"Rassegna Stampa Cattolica - Per una cultura che nasce dalla Rivelazione cristiana in conformit\u00e0 alla tradizione e al Magistero della Chiesa in opposizione ad ogni relativismo e totalitarismo","og_url":"https:\/\/www.rassegnastampa-totustuus.it\/cattolica\/ambiente-no-creato\/","og_site_name":"Rassegna Stampa Cattolica","article_publisher":"https:\/\/www.facebook.com\/rassegnastampacattolica","article_published_time":"2006-11-22T23:00:00+00:00","article_modified_time":"2015-12-11T08:15:04+00:00","og_image":[{"width":275,"height":183,"url":"https:\/\/www.rassegnastampa-totustuus.it\/cattolica\/wp-content\/uploads\/2006\/11\/creato.jpg","type":"image\/jpeg"}],"author":"Redazione","twitter_card":"summary_large_image","twitter_creator":"@rassegnastampa9","twitter_site":"@rassegnastampa9","twitter_misc":{"Scritto da":"Redazione","Tempo di lettura stimato":"5 minuti"},"schema":{"@context":"https:\/\/schema.org","@graph":[{"@type":"Article","@id":"https:\/\/www.rassegnastampa-totustuus.it\/cattolica\/ambiente-no-creato\/#article","isPartOf":{"@id":"https:\/\/www.rassegnastampa-totustuus.it\/cattolica\/ambiente-no-creato\/"},"author":{"name":"Redazione","@id":"https:\/\/www.rassegnastampa-totustuus.it\/cattolica\/#\/schema\/person\/08f319d2bd1a0904ad9e2bfb7b15e5c3"},"headline":"Ambiente? No, Creato","datePublished":"2006-11-22T23:00:00+00:00","dateModified":"2015-12-11T08:15:04+00:00","mainEntityOfPage":{"@id":"https:\/\/www.rassegnastampa-totustuus.it\/cattolica\/ambiente-no-creato\/"},"wordCount":1144,"publisher":{"@id":"https:\/\/www.rassegnastampa-totustuus.it\/cattolica\/#organization"},"image":{"@id":"https:\/\/www.rassegnastampa-totustuus.it\/cattolica\/ambiente-no-creato\/#primaryimage"},"thumbnailUrl":"https:\/\/www.rassegnastampa-totustuus.it\/cattolica\/wp-content\/uploads\/2006\/11\/creato.jpg","keywords":["ambiente","creato"],"articleSection":["Ambientalismo","Ecologia cristiana"],"inLanguage":"it-IT"},{"@type":"WebPage","@id":"https:\/\/www.rassegnastampa-totustuus.it\/cattolica\/ambiente-no-creato\/","url":"https:\/\/www.rassegnastampa-totustuus.it\/cattolica\/ambiente-no-creato\/","name":"Ambiente? No, Creato - Rassegna Stampa Cattolica","isPartOf":{"@id":"https:\/\/www.rassegnastampa-totustuus.it\/cattolica\/#website"},"primaryImageOfPage":{"@id":"https:\/\/www.rassegnastampa-totustuus.it\/cattolica\/ambiente-no-creato\/#primaryimage"},"image":{"@id":"https:\/\/www.rassegnastampa-totustuus.it\/cattolica\/ambiente-no-creato\/#primaryimage"},"thumbnailUrl":"https:\/\/www.rassegnastampa-totustuus.it\/cattolica\/wp-content\/uploads\/2006\/11\/creato.jpg","datePublished":"2006-11-22T23:00:00+00:00","dateModified":"2015-12-11T08:15:04+00:00","description":"Rassegna Stampa Cattolica - Per una cultura che nasce dalla Rivelazione cristiana in conformit\u00e0 alla tradizione e al Magistero della Chiesa in opposizione ad ogni relativismo e totalitarismo","breadcrumb":{"@id":"https:\/\/www.rassegnastampa-totustuus.it\/cattolica\/ambiente-no-creato\/#breadcrumb"},"inLanguage":"it-IT","potentialAction":[{"@type":"ReadAction","target":["https:\/\/www.rassegnastampa-totustuus.it\/cattolica\/ambiente-no-creato\/"]}]},{"@type":"ImageObject","inLanguage":"it-IT","@id":"https:\/\/www.rassegnastampa-totustuus.it\/cattolica\/ambiente-no-creato\/#primaryimage","url":"https:\/\/www.rassegnastampa-totustuus.it\/cattolica\/wp-content\/uploads\/2006\/11\/creato.jpg","contentUrl":"https:\/\/www.rassegnastampa-totustuus.it\/cattolica\/wp-content\/uploads\/2006\/11\/creato.jpg","width":275,"height":183},{"@type":"BreadcrumbList","@id":"https:\/\/www.rassegnastampa-totustuus.it\/cattolica\/ambiente-no-creato\/#breadcrumb","itemListElement":[{"@type":"ListItem","position":1,"name":"Home","item":"https:\/\/www.rassegnastampa-totustuus.it\/cattolica\/"},{"@type":"ListItem","position":2,"name":"Ambiente? No, Creato"}]},{"@type":"WebSite","@id":"https:\/\/www.rassegnastampa-totustuus.it\/cattolica\/#website","url":"https:\/\/www.rassegnastampa-totustuus.it\/cattolica\/","name":"Rassegna Stampa Cattolica","description":"Per una cultura che nasce dalla Rivelazione cristiana in conformit\u00e0 alla tradizione e al Magistero della Chiesa in opposizione ad ogni relativismo e totalitarismo","publisher":{"@id":"https:\/\/www.rassegnastampa-totustuus.it\/cattolica\/#organization"},"alternateName":"Rass. Cattolica","potentialAction":[{"@type":"SearchAction","target":{"@type":"EntryPoint","urlTemplate":"https:\/\/www.rassegnastampa-totustuus.it\/cattolica\/?s={search_term_string}"},"query-input":{"@type":"PropertyValueSpecification","valueRequired":true,"valueName":"search_term_string"}}],"inLanguage":"it-IT"},{"@type":"Organization","@id":"https:\/\/www.rassegnastampa-totustuus.it\/cattolica\/#organization","name":"Rassegna Stampa Cattolica","url":"https:\/\/www.rassegnastampa-totustuus.it\/cattolica\/","logo":{"@type":"ImageObject","inLanguage":"it-IT","@id":"https:\/\/www.rassegnastampa-totustuus.it\/cattolica\/#\/schema\/logo\/image\/","url":"https:\/\/www.rassegnastampa-totustuus.it\/cattolica\/wp-content\/uploads\/2014\/04\/logo-rassegna1.gif","contentUrl":"https:\/\/www.rassegnastampa-totustuus.it\/cattolica\/wp-content\/uploads\/2014\/04\/logo-rassegna1.gif","width":600,"height":163,"caption":"Rassegna Stampa Cattolica"},"image":{"@id":"https:\/\/www.rassegnastampa-totustuus.it\/cattolica\/#\/schema\/logo\/image\/"},"sameAs":["https:\/\/www.facebook.com\/rassegnastampacattolica","https:\/\/x.com\/rassegnastampa9"]},{"@type":"Person","@id":"https:\/\/www.rassegnastampa-totustuus.it\/cattolica\/#\/schema\/person\/08f319d2bd1a0904ad9e2bfb7b15e5c3","name":"Redazione","image":{"@type":"ImageObject","inLanguage":"it-IT","@id":"https:\/\/secure.gravatar.com\/avatar\/2fcdf27c78ea025fbdb44e914cc63c72249ffec9dc8aafd5c82b26240ef3f346?s=96&d=mm&r=g","url":"https:\/\/secure.gravatar.com\/avatar\/2fcdf27c78ea025fbdb44e914cc63c72249ffec9dc8aafd5c82b26240ef3f346?s=96&d=mm&r=g","contentUrl":"https:\/\/secure.gravatar.com\/avatar\/2fcdf27c78ea025fbdb44e914cc63c72249ffec9dc8aafd5c82b26240ef3f346?s=96&d=mm&r=g","caption":"Redazione"},"url":"https:\/\/www.rassegnastampa-totustuus.it\/cattolica\/author\/pietroelle\/"}]}},"_links":{"self":[{"href":"https:\/\/www.rassegnastampa-totustuus.it\/cattolica\/wp-json\/wp\/v2\/posts\/2332","targetHints":{"allow":["GET"]}}],"collection":[{"href":"https:\/\/www.rassegnastampa-totustuus.it\/cattolica\/wp-json\/wp\/v2\/posts"}],"about":[{"href":"https:\/\/www.rassegnastampa-totustuus.it\/cattolica\/wp-json\/wp\/v2\/types\/post"}],"author":[{"embeddable":true,"href":"https:\/\/www.rassegnastampa-totustuus.it\/cattolica\/wp-json\/wp\/v2\/users\/6"}],"replies":[{"embeddable":true,"href":"https:\/\/www.rassegnastampa-totustuus.it\/cattolica\/wp-json\/wp\/v2\/comments?post=2332"}],"version-history":[{"count":4,"href":"https:\/\/www.rassegnastampa-totustuus.it\/cattolica\/wp-json\/wp\/v2\/posts\/2332\/revisions"}],"predecessor-version":[{"id":28755,"href":"https:\/\/www.rassegnastampa-totustuus.it\/cattolica\/wp-json\/wp\/v2\/posts\/2332\/revisions\/28755"}],"wp:featuredmedia":[{"embeddable":true,"href":"https:\/\/www.rassegnastampa-totustuus.it\/cattolica\/wp-json\/wp\/v2\/media\/28754"}],"wp:attachment":[{"href":"https:\/\/www.rassegnastampa-totustuus.it\/cattolica\/wp-json\/wp\/v2\/media?parent=2332"}],"wp:term":[{"taxonomy":"category","embeddable":true,"href":"https:\/\/www.rassegnastampa-totustuus.it\/cattolica\/wp-json\/wp\/v2\/categories?post=2332"},{"taxonomy":"post_tag","embeddable":true,"href":"https:\/\/www.rassegnastampa-totustuus.it\/cattolica\/wp-json\/wp\/v2\/tags?post=2332"}],"curies":[{"name":"wp","href":"https:\/\/api.w.org\/{rel}","templated":true}]}}