{"id":2327,"date":"2006-11-17T09:49:38","date_gmt":"2006-11-17T08:49:38","guid":{"rendered":""},"modified":"2020-12-10T15:38:12","modified_gmt":"2020-12-10T14:38:12","slug":"pillola-abortiva-tutti-i-dubbi-della-margherita","status":"publish","type":"post","link":"https:\/\/www.rassegnastampa-totustuus.it\/cattolica\/pillola-abortiva-tutti-i-dubbi-della-margherita\/","title":{"rendered":"Pillola abortiva, tutti i dubbi della Margherita"},"content":{"rendered":"<p style=\"text-align: center;\"><span style=\"color: #000000;\"><strong><a href=\"https:\/\/www.rassegnastampa-totustuus.it\/cattolica\/wp-content\/uploads\/2006\/11\/Ospedale_Empoli.jpg\"><img loading=\"lazy\" decoding=\"async\" class=\" wp-image-34817 alignleft\" src=\"https:\/\/www.rassegnastampa-totustuus.it\/cattolica\/wp-content\/uploads\/2006\/11\/Ospedale_Empoli.jpg\" alt=\"\" width=\"323\" height=\"215\" \/><\/a>Toscana Oggi <\/strong>on line <\/span><span style=\"color: #000000;\">n. 41 <\/span><\/p>\n<p style=\"text-align: center;\"><span style=\"color: #000000;\">del 19 novembre 2006 <\/span><\/p>\n<p style=\"text-align: center;\"><span style=\"color: #000000;\">di <strong>Andrea Bernardini <\/strong>\u00a0<\/span><\/p>\n<p style=\"text-align: justify;\"><span style=\"color: #000000;\">E&#8217; legittima la procedura seguita da alcuni ospedali toscani dove si ricorre alla pillola Ru 486 per praticare l\u2019aborto? La domanda sorge spontanea dopo che il gruppo Udc in Consiglio regionale ha reso pubblica la documentazione presentata dalle aziende sanitarie locali. <\/span><\/p>\n<p><!--more--><\/p>\n<p style=\"text-align: justify;\"><span style=\"color: #000000;\">Ad Empoli, Siena e Pontedera, dopo la somministrazione di mifepristone (la Ru 486) quasi tutte le donne chiedono la dimissione dall\u2019ospedale, per tornarvi due giorni dopo, verificare gli effetti della pillola e ricorrere, se necessario, alle prostaglandine (misoprostolo) per completare l\u2019aborto. \u00abLo fanno tutte contro il parere del medico? \u2013 si chiede ironicamente Renzo Puccetti, medico, segretario dell\u2019associazione Scienza&amp;Vita di Pisa e Livorno \u2013. Se anche cos\u00ec fosse, con l\u2019uscita della donna dal presidio ospedaliero, si rischia di violare l\u2019articolo 15 della legge 194 che prevede l\u2019utilizzo delle tecniche pi\u00f9 moderne, pi\u00f9 rispettose dell\u2019integrit\u00e0 fisica e psichica della donna e meno rischiose per la sua salute. <\/span><\/p>\n<p style=\"text-align: justify;\"><span style=\"color: #000000;\"><a href=\"https:\/\/www.rassegnastampa-totustuus.it\/cattolica\/wp-content\/uploads\/2005\/10\/Ru486.jpg\"><img loading=\"lazy\" decoding=\"async\" class=\"size-full wp-image-29031 alignright\" src=\"https:\/\/www.rassegnastampa-totustuus.it\/cattolica\/wp-content\/uploads\/2005\/10\/Ru486.jpg\" alt=\"\" width=\"144\" height=\"136\" \/><\/a>S\u00ec, perch\u00e9 le pazienti, lasciando l\u2019ospedale dopo l\u2019assunzione della pillola, corrono rischi superiori a quelli delle donne che abortiscono dopo un intervento tradizionale\u00bb. Darebbero ragione alla tesi del dottor Puccetti due pronunciamenti del Consiglio superiore della sanit\u00e0. Il primo \u00e8 del 18 marzo del 2004 e suona cos\u00ec: \u00abAlla luce delle conoscenze disponibili i rischi per l\u2019interruzione farmacologica della gravidanza si possono considerare equivalenti ai rischi dell\u2019interruzione chirurgica solo se l\u2019interruzione di gravidanza avviene totalmente in ambiente ospedaliero\u00bb. <\/span><\/p>\n<p style=\"text-align: justify;\"><span style=\"color: #000000;\">Il secondo pronunciamento \u00e8 del 20 dicembre 2005: \u00abl\u2019associazione di mifepristone e di misoprostolo deve essere somministrata in ospedale pubblico o in altra struttura prevista dalla legge 194 del 1978 e la donna deve essere trattenuta&#8230; fino ad aborto avvenuto\u00bb. Ma i pronunciamenti del Css fanno giurisprudenza? <\/span><\/p>\n<p style=\"text-align: justify;\"><span style=\"color: #000000;\">Secondo il giurista pisano Giuseppe Mazzotta \u00abil parere del consiglio superiore di sanit\u00e0 esplicita, fino a prova contraria, il contenuto della legge\u00bb. Dunque, un atto che non la osservi \u00abpu\u00f2 essere sottoposto a verifica della violazione dinanzi al Tribunale amministrativo regionale (Tar)\u00bb. <\/span><\/p>\n<p style=\"text-align: justify;\"><span style=\"color: #000000;\"><a href=\"https:\/\/www.rassegnastampa-totustuus.it\/cattolica\/wp-content\/uploads\/2009\/09\/Ru486.jpg\"><img loading=\"lazy\" decoding=\"async\" class=\" wp-image-14811 alignleft\" src=\"https:\/\/www.rassegnastampa-totustuus.it\/cattolica\/wp-content\/uploads\/2009\/09\/Ru486.jpg\" alt=\"\" width=\"304\" height=\"228\" \/><\/a>Il caso della procedura seguita dagli ospedali toscani dove si fa uso della Ru 486 approder\u00e0 in consiglio regionale forse gi\u00e0 all\u2019inizio della prossima settimana. Intanto una apposita commissione regionale sta acquisendo nuovi documenti per chiarirsi (e chiarire agli altri) le idee su come stiano andando le cose. <\/span><\/p>\n<p style=\"text-align: justify;\"><span style=\"color: #000000;\">Ma la Margherita mette le mani avanti: \u00abI dati denunciati dall\u2019Udc \u2013 osserva il capogruppo Alberto Monaci \u2013 non possono essere accantonati. Da sempre il nostro gruppo chiede che la pratica dell\u2019aborto farmacologico avvenga nel pieno rispetto delle norme vigenti\u00bb. Quindi \u00abdella legge 194 \u2013 gli fa eco Gianluca Parrini \u2013 che era, \u00e8 e sar\u00e0 non superabile n\u00e9 aggirabile\u00bb.<\/span><\/p>\n<p style=\"text-align: justify;\"><span style=\"color: #000000;\">Per Caterina Bini \u00able perplessit\u00e0 di alcuni esponenti del partito sulla introduzione della pillola abortiva negli ospedali toscani\u00bb si spiegano cos\u00ec: \u00abl\u2019aborto ottenuto con una pillola non rischia di passare tra le giovani, come qualcosa di molto simile ad un metodo contraccettivo?\u00bb. \u00abNon si pu\u00f2 togliere alle donne il diritto di scelta \u2013 osserva Lucia Franchini \u2013 dobbiamo semmai preoccuparci che sia fatta la giusta informazione. Le donne devono conoscere i rischi della non ospedalizzazione\u00bb. <\/span><\/p>\n<p style=\"text-align: justify;\"><span style=\"color: #000000;\">Appare curioso come sulla stessa posizione di quanti si dicono contrari all\u2019utilizzo della pillola abortiva si trovi anche Luciano Ghelli, capogruppo dei Comunisti italiani in consiglio regionale: \u00abRitengo che l\u2019aborto non sia un diritto, ma una tragica necessit\u00e0, a cui si ricorre in situazioni ben chiare e circoscritte. <\/span><span style=\"color: #000000;\">Decidere un aborto \u00e8 decidere l\u2019interruzione di una vita e non pu\u00f2 essere un atto che viene compiuto a cuor leggero. La pillola abortiva compie un passo, secondo me, verso un accesso all\u2019aborto come diritto e come atto senza conseguenze e risvolti morali. Di pi\u00f9: L\u2019introduzione della pillola abortiva crea uno squilibrio rispetto all\u2019applicazione integrale della legge 194 e pu\u00f2 comportare anche un rischio per la salute della donna\u00bb. <\/span><\/p>\n<p style=\"text-align: justify;\"><span style=\"color: #000000;\"><a href=\"https:\/\/www.rassegnastampa-totustuus.it\/cattolica\/wp-content\/uploads\/2005\/09\/RU486.jpg\"><img loading=\"lazy\" decoding=\"async\" class=\"size-full wp-image-34846 alignright\" src=\"https:\/\/www.rassegnastampa-totustuus.it\/cattolica\/wp-content\/uploads\/2005\/09\/RU486.jpg\" alt=\"\" width=\"196\" height=\"258\" \/><\/a>\u00abMi rincuora che anche esponenti della maggioranza avanzino dubbi sulla procedura seguita dagli ospedali dove si pratica l\u2019aborto con la Ru 486 \u2013 chiosa l\u2019udc Marco Carraresi \u2013 ora si impone una riflessione del governo regionale: quella prassi \u00e8 dentro o fuori la legge 194? <\/span><span style=\"color: #000000;\">Se fosse fuori, l\u2019unica soluzione sarebbe quella di interrompere la pratica dell\u2019aborto con il metodo della Ru486, altrimenti quei politici e quei dirigenti sanitari che la difendessero se ne assumerebbero la responsabilit\u00e0, anche in caso di sanzioni penali\u00bb. <\/span><\/p>\n<p style=\"text-align: justify;\"><span style=\"color: #000000;\">Il vicepresidente Federico Gelli d\u00e0 una sua interpretazione della questione, specificando meglio quanto gi\u00e0 espresso a \u00abToscana Oggi\u00bb dall\u2019assessore Rossi nello scorso numero: \u00abLa somministrazione dei farmaci avviene in regime di ricovero, cos\u00ec come previsto dalla 194. Se successivamente si opta per dimissioni volontarie, questo ha poco a che vedere con la 194: qualsiasi siano le motivazioni entriamo in una sfera di scelta individuale del paziente dove \u00e8 assai difficile intervenire\u00bb. <\/span><\/p>\n<p style=\"text-align: justify;\"><span style=\"color: #000000;\"><strong>La scheda<\/strong> <\/span><\/p>\n<p style=\"text-align: justify;\"><span style=\"color: #000000;\">La pillola arriva in Toscana dalla ditta francese Exelgyn su richiesta ad personam delle aziende sanitarie. Il prodotto, infatti, in Italia (come in Irlanda ed in Portogallo) non \u00e8 registrato: i vertici aziendali hanno pi\u00f9 volte annunciato di voler chiedere l\u2019autorizzazione al commercio nel nostro Paese, ma \u2013 almeno fino ad oggi \u2013 non lo hanno fatto. L\u2019importazione sarebbe legittimata da un decreto ministeriale dell\u201911 febbraio del 1997. Il condizionale \u00e8 d\u2019obbligo. <\/span><\/p>\n<p style=\"text-align: justify;\"><span style=\"color: #000000;\">Secondo l\u2019avvocato Giuseppe Mazzotta, da noi interpellato, infatti \u00abla Ru 486 ha una valida alternativa terapeutica: l\u2019intervento chirurgico; ed essendoci una alternativa terapeutica, manca la condizione per la legittima importazione di un farmaco non registrato in Italia\u00bb. \u00c8 del 11 novembre del 2005 il primo aborto consumato con l\u2019uso combinato di mifepristone (Ru 486) e misoprostol all\u2019ospedale \u00abLotti\u00bb di Pontedera. Da allora e fino a settembre 2006, sarebbero stati almeno 314 (almeno perch\u00e9 non tutte le aziende hanno fornito, fino ad ora, dati puntuali) gli aborti praticati con il metodo della Ru486 negli ospedali della Toscana. <\/span><\/p>\n<p style=\"text-align: justify;\"><span style=\"color: #000000;\"><a href=\"https:\/\/www.rassegnastampa-totustuus.it\/cattolica\/wp-content\/uploads\/2007\/03\/ospedale_careggi.jpg\"><img loading=\"lazy\" decoding=\"async\" class=\" wp-image-34887 alignleft\" src=\"https:\/\/www.rassegnastampa-totustuus.it\/cattolica\/wp-content\/uploads\/2007\/03\/ospedale_careggi.jpg\" alt=\"\" width=\"317\" height=\"239\" \/><\/a>L\u2019assessore al diritto alla salute Enrico Rossi ha inviato ai direttori sanitari non un protocollo da adottare, ma delle linee-guida elaborate dal gruppo di lavoro del Consiglio sanitario regionale sui criteri e modalit\u00e0 da seguire per l\u2019esecuzione dell\u2019aborto medico. Quelle linee guida parlano di un ricovero ospedaliero ordinario e le dimissioni al terzo giorno dopo l\u2019assunzione di prostaglandine. <\/span><\/p>\n<p style=\"text-align: justify;\"><span style=\"color: #000000;\">A Pontedera le linee guida sono sostanzialmente rispettate, ma quasi tutte le donne hanno richiesto ed ottenuto la dimissione volontaria. All\u2019ospedale di san Miniato (Asl di Empoli) dal novembre 2005 al marzo 2006 le interruzioni di gravidanza effettuate con il metodo della Ru 486 sono state fatte in regime di day hospital, per cui le dimissioni volontarie non erano necessarie, in quanto gli accessi erano giornalieri. Dal marzo ad oggi, invece, ben oltre la met\u00e0 delle donne hanno firmato la dimissione volontaria dalla struttura ospedaliera.<\/span><\/p>\n<p style=\"text-align: justify;\"><span style=\"color: #000000;\">Alle \u00abScotte\u00bb di Siena dopo la somministrazione della pillola Ru 486, il 98% delle pazienti chiede la dimissione volontaria e se ne va con l\u2019impegno di tornare dopo tre giorni. A questo punto la paziente viene sottoposta ad ecografia e visita per verificare se \u00e8 avvenuta l\u2019espulsione. In caso contrario si somministrano prostaglandine e la paziente viene tenuta alcune ore in osservazione: in caso di fallimento si propone di tornare il giorno dopo per un ulteriore somministrazione di prostaglandine, oppure si procede, se la paziente lo preferisce, a raschiamento chirurgico. <\/span><\/p>\n<p style=\"text-align: justify;\"><span style=\"color: #000000;\">Se la donna ottiene la dimissione, \u00e8 possibile che l\u2019aborto avvenga fuori dalla struttura ospedaliera. \u00abSecondo il foglietto illustrativo del farmaco commercializzato in Usa \u2013 commenta Renzo Puccetti \u2013 se le donne vengono mandate via dopo 4 ore il 25-30% di loro abortisce fuori dall\u2019ospedale. E le complicanze sono possibili\u00bb. <\/span><\/p>\n<p style=\"text-align: justify;\"><span style=\"color: #000000;\">Una cosa \u00e8 certa e la dice il vicegovernatore Federico Gelli: \u00abCredo che sia di assoluta importanza, anche per noi medici, che un protocollo scientifico fissi finalmente in maniera concreta e stringente criteri e modalit\u00e0 d\u2019intervento\u00bb.<\/span><\/p>\n","protected":false},"excerpt":{"rendered":"<p>Toscana Oggi on line n. 41 del 19 novembre 2006 di Andrea Bernardini \u00a0 E&#8217; legittima la procedura seguita da alcuni ospedali toscani dove si ricorre alla pillola Ru 486 per praticare l\u2019aborto? La domanda sorge spontanea dopo che il gruppo Udc in Consiglio regionale ha reso pubblica la documentazione presentata dalle aziende sanitarie locali.<\/p><p><a class=\"more-link btn\" href=\"https:\/\/www.rassegnastampa-totustuus.it\/cattolica\/pillola-abortiva-tutti-i-dubbi-della-margherita\/\">Continua a leggere<\/a><\/p>\n","protected":false},"author":6,"featured_media":34817,"comment_status":"closed","ping_status":"open","sticky":false,"template":"","format":"standard","meta":{"footnotes":""},"categories":[2],"tags":[1042,1041],"class_list":["post-2327","post","type-post","status-publish","format-standard","has-post-thumbnail","hentry","category-aborto","tag-pillola-abortiva","tag-ru486","item-wrap"],"yoast_head":"<!-- This site is optimized with the Yoast SEO plugin v27.5 - https:\/\/yoast.com\/product\/yoast-seo-wordpress\/ -->\n<title>Pillola abortiva, tutti i dubbi della Margherita - Rassegna Stampa Cattolica<\/title>\n<meta name=\"description\" content=\"Rassegna Stampa Cattolica - Per una cultura che nasce dalla Rivelazione cristiana in conformit\u00e0 alla tradizione e al Magistero della Chiesa in opposizione ad ogni relativismo e totalitarismo\" \/>\n<meta name=\"robots\" content=\"index, follow, max-snippet:-1, max-image-preview:large, max-video-preview:-1\" \/>\n<link rel=\"canonical\" href=\"https:\/\/www.rassegnastampa-totustuus.it\/cattolica\/pillola-abortiva-tutti-i-dubbi-della-margherita\/\" \/>\n<meta property=\"og:locale\" content=\"it_IT\" \/>\n<meta property=\"og:type\" content=\"article\" \/>\n<meta property=\"og:title\" content=\"Pillola abortiva, tutti i dubbi della Margherita - Rassegna Stampa Cattolica\" \/>\n<meta property=\"og:description\" content=\"Rassegna Stampa Cattolica - Per una cultura che nasce dalla Rivelazione cristiana in conformit\u00e0 alla tradizione e al Magistero della Chiesa in opposizione ad ogni relativismo e totalitarismo\" \/>\n<meta property=\"og:url\" content=\"https:\/\/www.rassegnastampa-totustuus.it\/cattolica\/pillola-abortiva-tutti-i-dubbi-della-margherita\/\" \/>\n<meta property=\"og:site_name\" content=\"Rassegna Stampa Cattolica\" \/>\n<meta property=\"article:publisher\" content=\"https:\/\/www.facebook.com\/rassegnastampacattolica\" \/>\n<meta property=\"article:published_time\" content=\"2006-11-17T08:49:38+00:00\" \/>\n<meta property=\"article:modified_time\" content=\"2020-12-10T14:38:12+00:00\" \/>\n<meta property=\"og:image\" content=\"https:\/\/www.rassegnastampa-totustuus.it\/cattolica\/wp-content\/uploads\/2006\/11\/Ospedale_Empoli.jpg\" \/>\n\t<meta property=\"og:image:width\" content=\"275\" \/>\n\t<meta property=\"og:image:height\" content=\"183\" \/>\n\t<meta property=\"og:image:type\" content=\"image\/jpeg\" \/>\n<meta name=\"author\" content=\"Redazione\" \/>\n<meta name=\"twitter:card\" content=\"summary_large_image\" \/>\n<meta name=\"twitter:creator\" content=\"@rassegnastampa9\" \/>\n<meta name=\"twitter:site\" content=\"@rassegnastampa9\" \/>\n<meta name=\"twitter:label1\" content=\"Scritto da\" \/>\n\t<meta name=\"twitter:data1\" content=\"Redazione\" \/>\n\t<meta name=\"twitter:label2\" content=\"Tempo di lettura stimato\" \/>\n\t<meta name=\"twitter:data2\" content=\"6 minuti\" \/>\n<script type=\"application\/ld+json\" class=\"yoast-schema-graph\">{\"@context\":\"https:\\\/\\\/schema.org\",\"@graph\":[{\"@type\":\"Article\",\"@id\":\"https:\\\/\\\/www.rassegnastampa-totustuus.it\\\/cattolica\\\/pillola-abortiva-tutti-i-dubbi-della-margherita\\\/#article\",\"isPartOf\":{\"@id\":\"https:\\\/\\\/www.rassegnastampa-totustuus.it\\\/cattolica\\\/pillola-abortiva-tutti-i-dubbi-della-margherita\\\/\"},\"author\":{\"name\":\"Redazione\",\"@id\":\"https:\\\/\\\/www.rassegnastampa-totustuus.it\\\/cattolica\\\/#\\\/schema\\\/person\\\/08f319d2bd1a0904ad9e2bfb7b15e5c3\"},\"headline\":\"Pillola abortiva, tutti i dubbi della Margherita\",\"datePublished\":\"2006-11-17T08:49:38+00:00\",\"dateModified\":\"2020-12-10T14:38:12+00:00\",\"mainEntityOfPage\":{\"@id\":\"https:\\\/\\\/www.rassegnastampa-totustuus.it\\\/cattolica\\\/pillola-abortiva-tutti-i-dubbi-della-margherita\\\/\"},\"wordCount\":1266,\"publisher\":{\"@id\":\"https:\\\/\\\/www.rassegnastampa-totustuus.it\\\/cattolica\\\/#organization\"},\"image\":{\"@id\":\"https:\\\/\\\/www.rassegnastampa-totustuus.it\\\/cattolica\\\/pillola-abortiva-tutti-i-dubbi-della-margherita\\\/#primaryimage\"},\"thumbnailUrl\":\"https:\\\/\\\/www.rassegnastampa-totustuus.it\\\/cattolica\\\/wp-content\\\/uploads\\\/2006\\\/11\\\/Ospedale_Empoli.jpg\",\"keywords\":[\"pillola abortiva\",\"Ru486\"],\"articleSection\":[\"Aborto\"],\"inLanguage\":\"it-IT\"},{\"@type\":\"WebPage\",\"@id\":\"https:\\\/\\\/www.rassegnastampa-totustuus.it\\\/cattolica\\\/pillola-abortiva-tutti-i-dubbi-della-margherita\\\/\",\"url\":\"https:\\\/\\\/www.rassegnastampa-totustuus.it\\\/cattolica\\\/pillola-abortiva-tutti-i-dubbi-della-margherita\\\/\",\"name\":\"Pillola abortiva, tutti i dubbi della Margherita - Rassegna Stampa Cattolica\",\"isPartOf\":{\"@id\":\"https:\\\/\\\/www.rassegnastampa-totustuus.it\\\/cattolica\\\/#website\"},\"primaryImageOfPage\":{\"@id\":\"https:\\\/\\\/www.rassegnastampa-totustuus.it\\\/cattolica\\\/pillola-abortiva-tutti-i-dubbi-della-margherita\\\/#primaryimage\"},\"image\":{\"@id\":\"https:\\\/\\\/www.rassegnastampa-totustuus.it\\\/cattolica\\\/pillola-abortiva-tutti-i-dubbi-della-margherita\\\/#primaryimage\"},\"thumbnailUrl\":\"https:\\\/\\\/www.rassegnastampa-totustuus.it\\\/cattolica\\\/wp-content\\\/uploads\\\/2006\\\/11\\\/Ospedale_Empoli.jpg\",\"datePublished\":\"2006-11-17T08:49:38+00:00\",\"dateModified\":\"2020-12-10T14:38:12+00:00\",\"description\":\"Rassegna Stampa Cattolica - Per una cultura che nasce dalla Rivelazione cristiana in conformit\u00e0 alla tradizione e al Magistero della Chiesa in opposizione ad ogni relativismo e totalitarismo\",\"breadcrumb\":{\"@id\":\"https:\\\/\\\/www.rassegnastampa-totustuus.it\\\/cattolica\\\/pillola-abortiva-tutti-i-dubbi-della-margherita\\\/#breadcrumb\"},\"inLanguage\":\"it-IT\",\"potentialAction\":[{\"@type\":\"ReadAction\",\"target\":[\"https:\\\/\\\/www.rassegnastampa-totustuus.it\\\/cattolica\\\/pillola-abortiva-tutti-i-dubbi-della-margherita\\\/\"]}]},{\"@type\":\"ImageObject\",\"inLanguage\":\"it-IT\",\"@id\":\"https:\\\/\\\/www.rassegnastampa-totustuus.it\\\/cattolica\\\/pillola-abortiva-tutti-i-dubbi-della-margherita\\\/#primaryimage\",\"url\":\"https:\\\/\\\/www.rassegnastampa-totustuus.it\\\/cattolica\\\/wp-content\\\/uploads\\\/2006\\\/11\\\/Ospedale_Empoli.jpg\",\"contentUrl\":\"https:\\\/\\\/www.rassegnastampa-totustuus.it\\\/cattolica\\\/wp-content\\\/uploads\\\/2006\\\/11\\\/Ospedale_Empoli.jpg\",\"width\":275,\"height\":183},{\"@type\":\"BreadcrumbList\",\"@id\":\"https:\\\/\\\/www.rassegnastampa-totustuus.it\\\/cattolica\\\/pillola-abortiva-tutti-i-dubbi-della-margherita\\\/#breadcrumb\",\"itemListElement\":[{\"@type\":\"ListItem\",\"position\":1,\"name\":\"Home\",\"item\":\"https:\\\/\\\/www.rassegnastampa-totustuus.it\\\/cattolica\\\/\"},{\"@type\":\"ListItem\",\"position\":2,\"name\":\"Pillola abortiva, tutti i dubbi della Margherita\"}]},{\"@type\":\"WebSite\",\"@id\":\"https:\\\/\\\/www.rassegnastampa-totustuus.it\\\/cattolica\\\/#website\",\"url\":\"https:\\\/\\\/www.rassegnastampa-totustuus.it\\\/cattolica\\\/\",\"name\":\"Rassegna Stampa Cattolica\",\"description\":\"Per una cultura che nasce dalla Rivelazione cristiana in conformit\u00e0 alla tradizione e al Magistero della Chiesa in opposizione ad ogni relativismo e totalitarismo\",\"publisher\":{\"@id\":\"https:\\\/\\\/www.rassegnastampa-totustuus.it\\\/cattolica\\\/#organization\"},\"alternateName\":\"Rass. Cattolica\",\"potentialAction\":[{\"@type\":\"SearchAction\",\"target\":{\"@type\":\"EntryPoint\",\"urlTemplate\":\"https:\\\/\\\/www.rassegnastampa-totustuus.it\\\/cattolica\\\/?s={search_term_string}\"},\"query-input\":{\"@type\":\"PropertyValueSpecification\",\"valueRequired\":true,\"valueName\":\"search_term_string\"}}],\"inLanguage\":\"it-IT\"},{\"@type\":\"Organization\",\"@id\":\"https:\\\/\\\/www.rassegnastampa-totustuus.it\\\/cattolica\\\/#organization\",\"name\":\"Rassegna Stampa Cattolica\",\"url\":\"https:\\\/\\\/www.rassegnastampa-totustuus.it\\\/cattolica\\\/\",\"logo\":{\"@type\":\"ImageObject\",\"inLanguage\":\"it-IT\",\"@id\":\"https:\\\/\\\/www.rassegnastampa-totustuus.it\\\/cattolica\\\/#\\\/schema\\\/logo\\\/image\\\/\",\"url\":\"https:\\\/\\\/www.rassegnastampa-totustuus.it\\\/cattolica\\\/wp-content\\\/uploads\\\/2014\\\/04\\\/logo-rassegna1.gif\",\"contentUrl\":\"https:\\\/\\\/www.rassegnastampa-totustuus.it\\\/cattolica\\\/wp-content\\\/uploads\\\/2014\\\/04\\\/logo-rassegna1.gif\",\"width\":600,\"height\":163,\"caption\":\"Rassegna Stampa Cattolica\"},\"image\":{\"@id\":\"https:\\\/\\\/www.rassegnastampa-totustuus.it\\\/cattolica\\\/#\\\/schema\\\/logo\\\/image\\\/\"},\"sameAs\":[\"https:\\\/\\\/www.facebook.com\\\/rassegnastampacattolica\",\"https:\\\/\\\/x.com\\\/rassegnastampa9\"]},{\"@type\":\"Person\",\"@id\":\"https:\\\/\\\/www.rassegnastampa-totustuus.it\\\/cattolica\\\/#\\\/schema\\\/person\\\/08f319d2bd1a0904ad9e2bfb7b15e5c3\",\"name\":\"Redazione\",\"image\":{\"@type\":\"ImageObject\",\"inLanguage\":\"it-IT\",\"@id\":\"https:\\\/\\\/secure.gravatar.com\\\/avatar\\\/2fcdf27c78ea025fbdb44e914cc63c72249ffec9dc8aafd5c82b26240ef3f346?s=96&d=mm&r=g\",\"url\":\"https:\\\/\\\/secure.gravatar.com\\\/avatar\\\/2fcdf27c78ea025fbdb44e914cc63c72249ffec9dc8aafd5c82b26240ef3f346?s=96&d=mm&r=g\",\"contentUrl\":\"https:\\\/\\\/secure.gravatar.com\\\/avatar\\\/2fcdf27c78ea025fbdb44e914cc63c72249ffec9dc8aafd5c82b26240ef3f346?s=96&d=mm&r=g\",\"caption\":\"Redazione\"},\"url\":\"https:\\\/\\\/www.rassegnastampa-totustuus.it\\\/cattolica\\\/author\\\/pietroelle\\\/\"}]}<\/script>\n<!-- \/ Yoast SEO plugin. -->","yoast_head_json":{"title":"Pillola abortiva, tutti i dubbi della Margherita - Rassegna Stampa Cattolica","description":"Rassegna Stampa Cattolica - Per una cultura che nasce dalla Rivelazione cristiana in conformit\u00e0 alla tradizione e al Magistero della Chiesa in opposizione ad ogni relativismo e totalitarismo","robots":{"index":"index","follow":"follow","max-snippet":"max-snippet:-1","max-image-preview":"max-image-preview:large","max-video-preview":"max-video-preview:-1"},"canonical":"https:\/\/www.rassegnastampa-totustuus.it\/cattolica\/pillola-abortiva-tutti-i-dubbi-della-margherita\/","og_locale":"it_IT","og_type":"article","og_title":"Pillola abortiva, tutti i dubbi della Margherita - Rassegna Stampa Cattolica","og_description":"Rassegna Stampa Cattolica - Per una cultura che nasce dalla Rivelazione cristiana in conformit\u00e0 alla tradizione e al Magistero della Chiesa in opposizione ad ogni relativismo e totalitarismo","og_url":"https:\/\/www.rassegnastampa-totustuus.it\/cattolica\/pillola-abortiva-tutti-i-dubbi-della-margherita\/","og_site_name":"Rassegna Stampa Cattolica","article_publisher":"https:\/\/www.facebook.com\/rassegnastampacattolica","article_published_time":"2006-11-17T08:49:38+00:00","article_modified_time":"2020-12-10T14:38:12+00:00","og_image":[{"width":275,"height":183,"url":"https:\/\/www.rassegnastampa-totustuus.it\/cattolica\/wp-content\/uploads\/2006\/11\/Ospedale_Empoli.jpg","type":"image\/jpeg"}],"author":"Redazione","twitter_card":"summary_large_image","twitter_creator":"@rassegnastampa9","twitter_site":"@rassegnastampa9","twitter_misc":{"Scritto da":"Redazione","Tempo di lettura stimato":"6 minuti"},"schema":{"@context":"https:\/\/schema.org","@graph":[{"@type":"Article","@id":"https:\/\/www.rassegnastampa-totustuus.it\/cattolica\/pillola-abortiva-tutti-i-dubbi-della-margherita\/#article","isPartOf":{"@id":"https:\/\/www.rassegnastampa-totustuus.it\/cattolica\/pillola-abortiva-tutti-i-dubbi-della-margherita\/"},"author":{"name":"Redazione","@id":"https:\/\/www.rassegnastampa-totustuus.it\/cattolica\/#\/schema\/person\/08f319d2bd1a0904ad9e2bfb7b15e5c3"},"headline":"Pillola abortiva, tutti i dubbi della Margherita","datePublished":"2006-11-17T08:49:38+00:00","dateModified":"2020-12-10T14:38:12+00:00","mainEntityOfPage":{"@id":"https:\/\/www.rassegnastampa-totustuus.it\/cattolica\/pillola-abortiva-tutti-i-dubbi-della-margherita\/"},"wordCount":1266,"publisher":{"@id":"https:\/\/www.rassegnastampa-totustuus.it\/cattolica\/#organization"},"image":{"@id":"https:\/\/www.rassegnastampa-totustuus.it\/cattolica\/pillola-abortiva-tutti-i-dubbi-della-margherita\/#primaryimage"},"thumbnailUrl":"https:\/\/www.rassegnastampa-totustuus.it\/cattolica\/wp-content\/uploads\/2006\/11\/Ospedale_Empoli.jpg","keywords":["pillola abortiva","Ru486"],"articleSection":["Aborto"],"inLanguage":"it-IT"},{"@type":"WebPage","@id":"https:\/\/www.rassegnastampa-totustuus.it\/cattolica\/pillola-abortiva-tutti-i-dubbi-della-margherita\/","url":"https:\/\/www.rassegnastampa-totustuus.it\/cattolica\/pillola-abortiva-tutti-i-dubbi-della-margherita\/","name":"Pillola abortiva, tutti i dubbi della Margherita - Rassegna Stampa Cattolica","isPartOf":{"@id":"https:\/\/www.rassegnastampa-totustuus.it\/cattolica\/#website"},"primaryImageOfPage":{"@id":"https:\/\/www.rassegnastampa-totustuus.it\/cattolica\/pillola-abortiva-tutti-i-dubbi-della-margherita\/#primaryimage"},"image":{"@id":"https:\/\/www.rassegnastampa-totustuus.it\/cattolica\/pillola-abortiva-tutti-i-dubbi-della-margherita\/#primaryimage"},"thumbnailUrl":"https:\/\/www.rassegnastampa-totustuus.it\/cattolica\/wp-content\/uploads\/2006\/11\/Ospedale_Empoli.jpg","datePublished":"2006-11-17T08:49:38+00:00","dateModified":"2020-12-10T14:38:12+00:00","description":"Rassegna Stampa Cattolica - Per una cultura che nasce dalla Rivelazione cristiana in conformit\u00e0 alla tradizione e al Magistero della Chiesa in opposizione ad ogni relativismo e totalitarismo","breadcrumb":{"@id":"https:\/\/www.rassegnastampa-totustuus.it\/cattolica\/pillola-abortiva-tutti-i-dubbi-della-margherita\/#breadcrumb"},"inLanguage":"it-IT","potentialAction":[{"@type":"ReadAction","target":["https:\/\/www.rassegnastampa-totustuus.it\/cattolica\/pillola-abortiva-tutti-i-dubbi-della-margherita\/"]}]},{"@type":"ImageObject","inLanguage":"it-IT","@id":"https:\/\/www.rassegnastampa-totustuus.it\/cattolica\/pillola-abortiva-tutti-i-dubbi-della-margherita\/#primaryimage","url":"https:\/\/www.rassegnastampa-totustuus.it\/cattolica\/wp-content\/uploads\/2006\/11\/Ospedale_Empoli.jpg","contentUrl":"https:\/\/www.rassegnastampa-totustuus.it\/cattolica\/wp-content\/uploads\/2006\/11\/Ospedale_Empoli.jpg","width":275,"height":183},{"@type":"BreadcrumbList","@id":"https:\/\/www.rassegnastampa-totustuus.it\/cattolica\/pillola-abortiva-tutti-i-dubbi-della-margherita\/#breadcrumb","itemListElement":[{"@type":"ListItem","position":1,"name":"Home","item":"https:\/\/www.rassegnastampa-totustuus.it\/cattolica\/"},{"@type":"ListItem","position":2,"name":"Pillola abortiva, tutti i dubbi della Margherita"}]},{"@type":"WebSite","@id":"https:\/\/www.rassegnastampa-totustuus.it\/cattolica\/#website","url":"https:\/\/www.rassegnastampa-totustuus.it\/cattolica\/","name":"Rassegna Stampa Cattolica","description":"Per una cultura che nasce dalla Rivelazione cristiana in conformit\u00e0 alla tradizione e al Magistero della Chiesa in opposizione ad ogni relativismo e totalitarismo","publisher":{"@id":"https:\/\/www.rassegnastampa-totustuus.it\/cattolica\/#organization"},"alternateName":"Rass. Cattolica","potentialAction":[{"@type":"SearchAction","target":{"@type":"EntryPoint","urlTemplate":"https:\/\/www.rassegnastampa-totustuus.it\/cattolica\/?s={search_term_string}"},"query-input":{"@type":"PropertyValueSpecification","valueRequired":true,"valueName":"search_term_string"}}],"inLanguage":"it-IT"},{"@type":"Organization","@id":"https:\/\/www.rassegnastampa-totustuus.it\/cattolica\/#organization","name":"Rassegna Stampa Cattolica","url":"https:\/\/www.rassegnastampa-totustuus.it\/cattolica\/","logo":{"@type":"ImageObject","inLanguage":"it-IT","@id":"https:\/\/www.rassegnastampa-totustuus.it\/cattolica\/#\/schema\/logo\/image\/","url":"https:\/\/www.rassegnastampa-totustuus.it\/cattolica\/wp-content\/uploads\/2014\/04\/logo-rassegna1.gif","contentUrl":"https:\/\/www.rassegnastampa-totustuus.it\/cattolica\/wp-content\/uploads\/2014\/04\/logo-rassegna1.gif","width":600,"height":163,"caption":"Rassegna Stampa Cattolica"},"image":{"@id":"https:\/\/www.rassegnastampa-totustuus.it\/cattolica\/#\/schema\/logo\/image\/"},"sameAs":["https:\/\/www.facebook.com\/rassegnastampacattolica","https:\/\/x.com\/rassegnastampa9"]},{"@type":"Person","@id":"https:\/\/www.rassegnastampa-totustuus.it\/cattolica\/#\/schema\/person\/08f319d2bd1a0904ad9e2bfb7b15e5c3","name":"Redazione","image":{"@type":"ImageObject","inLanguage":"it-IT","@id":"https:\/\/secure.gravatar.com\/avatar\/2fcdf27c78ea025fbdb44e914cc63c72249ffec9dc8aafd5c82b26240ef3f346?s=96&d=mm&r=g","url":"https:\/\/secure.gravatar.com\/avatar\/2fcdf27c78ea025fbdb44e914cc63c72249ffec9dc8aafd5c82b26240ef3f346?s=96&d=mm&r=g","contentUrl":"https:\/\/secure.gravatar.com\/avatar\/2fcdf27c78ea025fbdb44e914cc63c72249ffec9dc8aafd5c82b26240ef3f346?s=96&d=mm&r=g","caption":"Redazione"},"url":"https:\/\/www.rassegnastampa-totustuus.it\/cattolica\/author\/pietroelle\/"}]}},"_links":{"self":[{"href":"https:\/\/www.rassegnastampa-totustuus.it\/cattolica\/wp-json\/wp\/v2\/posts\/2327","targetHints":{"allow":["GET"]}}],"collection":[{"href":"https:\/\/www.rassegnastampa-totustuus.it\/cattolica\/wp-json\/wp\/v2\/posts"}],"about":[{"href":"https:\/\/www.rassegnastampa-totustuus.it\/cattolica\/wp-json\/wp\/v2\/types\/post"}],"author":[{"embeddable":true,"href":"https:\/\/www.rassegnastampa-totustuus.it\/cattolica\/wp-json\/wp\/v2\/users\/6"}],"replies":[{"embeddable":true,"href":"https:\/\/www.rassegnastampa-totustuus.it\/cattolica\/wp-json\/wp\/v2\/comments?post=2327"}],"version-history":[{"count":4,"href":"https:\/\/www.rassegnastampa-totustuus.it\/cattolica\/wp-json\/wp\/v2\/posts\/2327\/revisions"}],"predecessor-version":[{"id":49444,"href":"https:\/\/www.rassegnastampa-totustuus.it\/cattolica\/wp-json\/wp\/v2\/posts\/2327\/revisions\/49444"}],"wp:featuredmedia":[{"embeddable":true,"href":"https:\/\/www.rassegnastampa-totustuus.it\/cattolica\/wp-json\/wp\/v2\/media\/34817"}],"wp:attachment":[{"href":"https:\/\/www.rassegnastampa-totustuus.it\/cattolica\/wp-json\/wp\/v2\/media?parent=2327"}],"wp:term":[{"taxonomy":"category","embeddable":true,"href":"https:\/\/www.rassegnastampa-totustuus.it\/cattolica\/wp-json\/wp\/v2\/categories?post=2327"},{"taxonomy":"post_tag","embeddable":true,"href":"https:\/\/www.rassegnastampa-totustuus.it\/cattolica\/wp-json\/wp\/v2\/tags?post=2327"}],"curies":[{"name":"wp","href":"https:\/\/api.w.org\/{rel}","templated":true}]}}