{"id":2323,"date":"2006-11-16T00:00:00","date_gmt":"2006-11-15T23:00:00","guid":{"rendered":""},"modified":"2016-02-26T14:11:05","modified_gmt":"2016-02-26T13:11:05","slug":"politicamente-corretto-e-gnostico","status":"publish","type":"post","link":"https:\/\/www.rassegnastampa-totustuus.it\/cattolica\/politicamente-corretto-e-gnostico\/","title":{"rendered":"Politicamente corretto e gnostico"},"content":{"rendered":"<div style=\"text-align: center;\"><a href=\"https:\/\/www.rassegnastampa-totustuus.it\/cattolica\/wp-content\/uploads\/2006\/11\/politically-correct.jpg\"><img loading=\"lazy\" decoding=\"async\" class=\"alignright wp-image-31085\" src=\"https:\/\/www.rassegnastampa-totustuus.it\/cattolica\/wp-content\/uploads\/2006\/11\/politically-correct.jpg\" alt=\"politically correct\" width=\"240\" height=\"159\" \/><\/a>Articolo pubblicato su &#8220;<strong>Il Timone<\/strong>&#8220;<\/div>\n<div style=\"text-align: center;\">rivista di apologetica, n. 55 del 2006<\/div>\n<p style=\"text-align: justify;\"><em>A futura memoria vediamo da vicino in che cosa consista esattamente questo<\/em> politically correct <em>e quali sono i suoi punti fermi. S\u00ec, perch\u00e9 non vi \u00e8 nulla di pi\u00f9 contingente e mutevole del politically correct, e quel che oggi \u00e8 tale non sappiamo se lo sar\u00e0 ancora domani, essendo frutto esclusivo del capriccio di intellettuali.<\/em><\/p>\n<p style=\"text-align: center;\">di <strong>Rino Cammilleri<\/strong><\/p>\n<p><!--more--><\/p>\n<div style=\"text-align: justify;\">Com&#8217;\u00e8 noto, del pensiero cosiddetto <em>politically correct<\/em>, mix di radicalismo edonistico e di marxismo, si \u00e8 appropriata la sinistra, sebbene di origine statunitense. Nulla di strano: anche il Sessantotto, che del <em>politically correct<\/em> \u00e8 il padre, ebbe tale origine.<\/div>\n<p style=\"text-align: justify;\">Voi direte: ma come, se nei cortei bruciano le bandiere americane! Esatto, ma anche nel Sessantotto, negli Usa, si bruciavano bandiere in protesta contro l&#8217;intervento in Vietnam, e l&#8217;odio per l&#8217;Occidente e la sua civilt\u00e0, di cui gli Usa sono considerati il simbolo e il baluardo, \u00e8 ci\u00f2 che lega i <em>liberals<\/em> americani ai &#8220;sinistri&#8221; europei, di qualunque colore essi siano (verdi, arcobaleno, rossi, rosa).<\/p>\n<p style=\"text-align: justify;\">A futura memoria bisogner\u00e0 dunque che vediamo da vicino in che cosa consista esattamente questo <em>politically correct<\/em> e quali sono i suoi punti fermi. S\u00ec, perch\u00e9 non vi \u00e8 nulla di pi\u00f9 contingente e mutevole del <em>politically correct<\/em>, e quel che oggi \u00e8 tale non sappiamo se lo sar\u00e0 ancora domani, essendo frutto esclusivo del capriccio di intellettuali.<\/p>\n<p style=\"text-align: justify;\">Prender\u00f2 spunto da una suggestiva sintesi che ne ha fatto Edward Feser, docente di filosofia alla Loyola University di Los Angeles, in un suo articolo apparso su &#8220;Liberal&#8221; del maggio 2006. Il saggio, va detto, concerne realt\u00e0 esclusivamente americane ma pu\u00f2 benissimo adattarsi anche ai casi nostri. Egli esordisce col dire che negli Usa &#8220;l&#8217;egemonia della sinistra nelle universit\u00e0 \u00e8 cos\u00ec schiacciante che perfino le persone non di sinistra non la mettono in dubbio&#8221;.<\/p>\n<p style=\"text-align: justify;\">Verrebbe da rispondere che, se questa \u00e8 la situazione nel baluardo dell&#8217;Occidente, la terra del capitalismo e della Coca-Cola, allora siamo messi proprio male. Infatti, nel resto dell&#8217;Occidente \u00e8 anche peggio. Allora, vediamo quali sono i capisaldi del <em>politically correct.<\/em> Il primo recita che il capitalismo \u00e8 intrinsecamente perverso e disumano, perch\u00e9 arricchisce a dismisura pochi a prezzo della miseria crescente dei pi\u00f9.<\/p>\n<p style=\"text-align: justify;\">Invece, il marxismo, al di l\u00e0 dei suoi trascurabili fallimenti storici, conserva tutta la sua altissima carica ideale e rimane la quintessenza della giustizia sociale. Dai primi due punti consegue che la globalizzazione avr\u00e0 come effetto di sprofondare vieppi\u00f9 il Terzomondo nel baratro della povert\u00e0. Altra conseguenza \u00e8 il disastro ambientale, dovuto esclusivamente all&#8217;industrialismo.<\/p>\n<p style=\"text-align: justify;\">Va da s\u00e9 che le risorse naturali sono ormai in via di estinzione per lo stesso motivo. Dunque, le soluzioni vanno trovate nel blocco totale del progresso teconologico e nel ritorno a forme di approvvigionamento energetico arcaiche (mulini a vento etc.). Un altro punto fermo del <em>politically correct<\/em> riguarda i sessi: le differenze psicologiche e di comportamento tra maschi e femmine sono artificiali, dovute cio\u00e8 a condizionamenti culturali; lo stesso dicasi per le preferenze sessuali.<\/p>\n<p style=\"text-align: justify;\">Corollario: la minore presenza di donne in certi ruoli e professioni \u00e8 dovuta esclusivamente a ingiusta discriminazione. Procediamo con gli altri punti: i problemi del Terzomondo sono cominciati col colonialismo ottocentesco, i cui effetti perversi ancora oggi, dopo quasi due secoli, impediscono a quei popoli di svilupparsi.<\/p>\n<p style=\"text-align: justify;\">Ci\u00f2 \u00e8 dovuto anche al fatto che la civilt\u00e0 occidentale \u00e8 stata ed \u00e8 la cosa pi\u00f9 oppressiva che si sia mai vista sulla faccia della terra. Essa \u00e8 altres\u00ec spiritualmente inferiore a qualunque altra &#8220;cultura&#8221;. E questo ci porta alla religione, che \u00e8 puro frutto di ignoranza, specialmente il cristianesimo: una persona sensata, oggi, non pu\u00f2 pi\u00f9 credere in alcunch\u00e8 di soprannaturale. Naturalmente, la morale, specialmente sessuale, che ne discende \u00e8 una reminiscenza superstiziosa senza alcun fondamento razionale.<\/p>\n<p style=\"text-align: justify;\">Altrettanto naturalmente, dalla religione vanno tenute distinte le filosofie orientali (buddismo, yoga etc.), che, non avendo riferimenti trascendenti ed essendo praticamente prive di morale sessuale, possono essere utilizzate come tonificanti psicofisici contro il logorio della vita moderna. Ecco, tutto questo \u00e8 il politically correct, ed \u00e8 assolutamente naturale per uno &#8220;di sinistra&#8221; aderirvi.<\/p>\n<p style=\"text-align: justify;\">Dal punto di vista psicologico, c&#8217;\u00e8 da aggiungere che la mal\u00eca che la sinistra esercita sugli intellettuali \u00e8 causata anche da un giro mentale che fa s\u00ec che il professore, il regista, il giornalista, lo scrittore, l&#8217;attore, il poeta, il cantante si convincano che il mondo andrebbe molto meglio se si decidesse a seguire le loro idee. Questo atteggiamento \u00e8 rinforzato dal dato di fatto, in molti casi, del loro successo sociale ed economico: se hanno avuto successo \u00e8 segno che loro sono migliori degli altri e, dunque, le loro idee devono essere giuste.<\/p>\n<p style=\"text-align: justify;\">Il marxismo, dal canto suo, \u00e8 pura teoria, analisi cui riconduce tutta la realt\u00e0. E&#8217; l&#8217;ultima e pi\u00f9 duratura forma di gnosi di massa, quell&#8217;antica eresia che voleva alcuni, perch\u00e9 &#8220;illuminati&#8221;, deputati a rifare a tavolino un mondo fatto male da un cattivo demiurgo. E, va da s\u00e9, per ci\u00f2 stesso deputati anche a guidare tutti gli altri, per amore o per forza, perch\u00e9 i pi\u00f9, non essendo &#8220;illuminati&#8221; come loro, sono inconsapevoli del loro vero bene.<\/p>\n<p style=\"text-align: justify;\">Da qui il suo fascino sugli intellettuali. Non c&#8217;\u00e8 nulla di nuovo sotto il sole, se non la forma, adattata ai tempi, della tentazione primordiale (&#8220;.sarete come d\u00e8i.&#8221;) che, nel Genesi, titillava il genere umano a mordere il frutto della conoscenza (&#8220;gnosi&#8221;, in greco). Da qui, anche, il recente revival dei cosiddetti vangeli apocrifi, che sono in realt\u00e0 testi gnostici del II e III secolo, portati alla ribalta da Il Codice da Vinci e il Vangelo di Giuda.<\/p>\n<p style=\"text-align: justify;\">Dunque, la Chiesa non fa altro che combattere sempre contro la stessa eresia da duemila anni, a partire da quel Simon Mago di cui parlano gli Atti degli Apostoli (8, 9-24). Eggi\u00e0: il diavolo, a differenza del suo Avversario, \u00e8 maledettamente (\u00e8 il caso di dirlo) monotono.<\/p>\n","protected":false},"excerpt":{"rendered":"<p>Articolo pubblicato su &#8220;Il Timone&#8220; rivista di apologetica, n. 55 del 2006 A futura memoria vediamo da vicino in che cosa consista esattamente questo politically correct e quali sono i suoi punti fermi. S\u00ec, perch\u00e9 non vi \u00e8 nulla di pi\u00f9 contingente e mutevole del politically correct, e quel che oggi \u00e8 tale non sappiamo &hellip; <\/p>\n<p><a class=\"more-link btn\" href=\"https:\/\/www.rassegnastampa-totustuus.it\/cattolica\/politicamente-corretto-e-gnostico\/\">Continua a leggere<\/a><\/p>\n","protected":false},"author":6,"featured_media":31085,"comment_status":"closed","ping_status":"open","sticky":false,"template":"","format":"standard","meta":{"footnotes":""},"categories":[7,25],"tags":[572],"class_list":["post-2323","post","type-post","status-publish","format-standard","has-post-thumbnail","hentry","category-costume","category-sguardo-sul-nostro-tempo","tag-politically-correct","item-wrap"],"yoast_head":"<!-- This site is optimized with the Yoast SEO plugin v27.5 - https:\/\/yoast.com\/product\/yoast-seo-wordpress\/ -->\n<title>Politicamente corretto e gnostico - Rassegna Stampa Cattolica<\/title>\n<meta name=\"description\" content=\"Rassegna Stampa Cattolica - Per una cultura che nasce dalla Rivelazione cristiana in conformit\u00e0 alla tradizione e al Magistero della Chiesa in opposizione ad ogni relativismo e totalitarismo\" \/>\n<meta name=\"robots\" content=\"index, follow, max-snippet:-1, max-image-preview:large, max-video-preview:-1\" \/>\n<link rel=\"canonical\" href=\"https:\/\/www.rassegnastampa-totustuus.it\/cattolica\/politicamente-corretto-e-gnostico\/\" \/>\n<meta property=\"og:locale\" content=\"it_IT\" \/>\n<meta property=\"og:type\" content=\"article\" \/>\n<meta property=\"og:title\" content=\"Politicamente corretto e gnostico - Rassegna Stampa Cattolica\" \/>\n<meta property=\"og:description\" content=\"Rassegna Stampa Cattolica - Per una cultura che nasce dalla Rivelazione cristiana in conformit\u00e0 alla tradizione e al Magistero della Chiesa in opposizione ad ogni relativismo e totalitarismo\" \/>\n<meta property=\"og:url\" content=\"https:\/\/www.rassegnastampa-totustuus.it\/cattolica\/politicamente-corretto-e-gnostico\/\" \/>\n<meta property=\"og:site_name\" content=\"Rassegna Stampa Cattolica\" \/>\n<meta property=\"article:publisher\" content=\"https:\/\/www.facebook.com\/rassegnastampacattolica\" \/>\n<meta property=\"article:published_time\" content=\"2006-11-15T23:00:00+00:00\" \/>\n<meta property=\"article:modified_time\" content=\"2016-02-26T13:11:05+00:00\" \/>\n<meta property=\"og:image\" content=\"https:\/\/www.rassegnastampa-totustuus.it\/cattolica\/wp-content\/uploads\/2006\/11\/politically-correct.jpg\" \/>\n\t<meta property=\"og:image:width\" content=\"276\" \/>\n\t<meta property=\"og:image:height\" content=\"183\" \/>\n\t<meta property=\"og:image:type\" content=\"image\/jpeg\" \/>\n<meta name=\"author\" content=\"Redazione\" \/>\n<meta name=\"twitter:card\" content=\"summary_large_image\" \/>\n<meta name=\"twitter:creator\" content=\"@rassegnastampa9\" \/>\n<meta name=\"twitter:site\" content=\"@rassegnastampa9\" \/>\n<meta name=\"twitter:label1\" content=\"Scritto da\" \/>\n\t<meta name=\"twitter:data1\" content=\"Redazione\" \/>\n\t<meta name=\"twitter:label2\" content=\"Tempo di lettura stimato\" \/>\n\t<meta name=\"twitter:data2\" content=\"5 minuti\" \/>\n<script type=\"application\/ld+json\" class=\"yoast-schema-graph\">{\"@context\":\"https:\\\/\\\/schema.org\",\"@graph\":[{\"@type\":\"Article\",\"@id\":\"https:\\\/\\\/www.rassegnastampa-totustuus.it\\\/cattolica\\\/politicamente-corretto-e-gnostico\\\/#article\",\"isPartOf\":{\"@id\":\"https:\\\/\\\/www.rassegnastampa-totustuus.it\\\/cattolica\\\/politicamente-corretto-e-gnostico\\\/\"},\"author\":{\"name\":\"Redazione\",\"@id\":\"https:\\\/\\\/www.rassegnastampa-totustuus.it\\\/cattolica\\\/#\\\/schema\\\/person\\\/08f319d2bd1a0904ad9e2bfb7b15e5c3\"},\"headline\":\"Politicamente corretto e gnostico\",\"datePublished\":\"2006-11-15T23:00:00+00:00\",\"dateModified\":\"2016-02-26T13:11:05+00:00\",\"mainEntityOfPage\":{\"@id\":\"https:\\\/\\\/www.rassegnastampa-totustuus.it\\\/cattolica\\\/politicamente-corretto-e-gnostico\\\/\"},\"wordCount\":958,\"publisher\":{\"@id\":\"https:\\\/\\\/www.rassegnastampa-totustuus.it\\\/cattolica\\\/#organization\"},\"image\":{\"@id\":\"https:\\\/\\\/www.rassegnastampa-totustuus.it\\\/cattolica\\\/politicamente-corretto-e-gnostico\\\/#primaryimage\"},\"thumbnailUrl\":\"https:\\\/\\\/www.rassegnastampa-totustuus.it\\\/cattolica\\\/wp-content\\\/uploads\\\/2006\\\/11\\\/politically-correct.jpg\",\"keywords\":[\"politically correct\"],\"articleSection\":[\"Costume\",\"Sguardo sul nostro tempo\"],\"inLanguage\":\"it-IT\"},{\"@type\":\"WebPage\",\"@id\":\"https:\\\/\\\/www.rassegnastampa-totustuus.it\\\/cattolica\\\/politicamente-corretto-e-gnostico\\\/\",\"url\":\"https:\\\/\\\/www.rassegnastampa-totustuus.it\\\/cattolica\\\/politicamente-corretto-e-gnostico\\\/\",\"name\":\"Politicamente corretto e gnostico - Rassegna Stampa Cattolica\",\"isPartOf\":{\"@id\":\"https:\\\/\\\/www.rassegnastampa-totustuus.it\\\/cattolica\\\/#website\"},\"primaryImageOfPage\":{\"@id\":\"https:\\\/\\\/www.rassegnastampa-totustuus.it\\\/cattolica\\\/politicamente-corretto-e-gnostico\\\/#primaryimage\"},\"image\":{\"@id\":\"https:\\\/\\\/www.rassegnastampa-totustuus.it\\\/cattolica\\\/politicamente-corretto-e-gnostico\\\/#primaryimage\"},\"thumbnailUrl\":\"https:\\\/\\\/www.rassegnastampa-totustuus.it\\\/cattolica\\\/wp-content\\\/uploads\\\/2006\\\/11\\\/politically-correct.jpg\",\"datePublished\":\"2006-11-15T23:00:00+00:00\",\"dateModified\":\"2016-02-26T13:11:05+00:00\",\"description\":\"Rassegna Stampa Cattolica - Per una cultura che nasce dalla Rivelazione cristiana in conformit\u00e0 alla tradizione e al Magistero della Chiesa in opposizione ad ogni relativismo e totalitarismo\",\"breadcrumb\":{\"@id\":\"https:\\\/\\\/www.rassegnastampa-totustuus.it\\\/cattolica\\\/politicamente-corretto-e-gnostico\\\/#breadcrumb\"},\"inLanguage\":\"it-IT\",\"potentialAction\":[{\"@type\":\"ReadAction\",\"target\":[\"https:\\\/\\\/www.rassegnastampa-totustuus.it\\\/cattolica\\\/politicamente-corretto-e-gnostico\\\/\"]}]},{\"@type\":\"ImageObject\",\"inLanguage\":\"it-IT\",\"@id\":\"https:\\\/\\\/www.rassegnastampa-totustuus.it\\\/cattolica\\\/politicamente-corretto-e-gnostico\\\/#primaryimage\",\"url\":\"https:\\\/\\\/www.rassegnastampa-totustuus.it\\\/cattolica\\\/wp-content\\\/uploads\\\/2006\\\/11\\\/politically-correct.jpg\",\"contentUrl\":\"https:\\\/\\\/www.rassegnastampa-totustuus.it\\\/cattolica\\\/wp-content\\\/uploads\\\/2006\\\/11\\\/politically-correct.jpg\",\"width\":276,\"height\":183},{\"@type\":\"BreadcrumbList\",\"@id\":\"https:\\\/\\\/www.rassegnastampa-totustuus.it\\\/cattolica\\\/politicamente-corretto-e-gnostico\\\/#breadcrumb\",\"itemListElement\":[{\"@type\":\"ListItem\",\"position\":1,\"name\":\"Home\",\"item\":\"https:\\\/\\\/www.rassegnastampa-totustuus.it\\\/cattolica\\\/\"},{\"@type\":\"ListItem\",\"position\":2,\"name\":\"Politicamente corretto e gnostico\"}]},{\"@type\":\"WebSite\",\"@id\":\"https:\\\/\\\/www.rassegnastampa-totustuus.it\\\/cattolica\\\/#website\",\"url\":\"https:\\\/\\\/www.rassegnastampa-totustuus.it\\\/cattolica\\\/\",\"name\":\"Rassegna Stampa Cattolica\",\"description\":\"Per una cultura che nasce dalla Rivelazione cristiana in conformit\u00e0 alla tradizione e al Magistero della Chiesa in opposizione ad ogni relativismo e totalitarismo\",\"publisher\":{\"@id\":\"https:\\\/\\\/www.rassegnastampa-totustuus.it\\\/cattolica\\\/#organization\"},\"alternateName\":\"Rass. Cattolica\",\"potentialAction\":[{\"@type\":\"SearchAction\",\"target\":{\"@type\":\"EntryPoint\",\"urlTemplate\":\"https:\\\/\\\/www.rassegnastampa-totustuus.it\\\/cattolica\\\/?s={search_term_string}\"},\"query-input\":{\"@type\":\"PropertyValueSpecification\",\"valueRequired\":true,\"valueName\":\"search_term_string\"}}],\"inLanguage\":\"it-IT\"},{\"@type\":\"Organization\",\"@id\":\"https:\\\/\\\/www.rassegnastampa-totustuus.it\\\/cattolica\\\/#organization\",\"name\":\"Rassegna Stampa Cattolica\",\"url\":\"https:\\\/\\\/www.rassegnastampa-totustuus.it\\\/cattolica\\\/\",\"logo\":{\"@type\":\"ImageObject\",\"inLanguage\":\"it-IT\",\"@id\":\"https:\\\/\\\/www.rassegnastampa-totustuus.it\\\/cattolica\\\/#\\\/schema\\\/logo\\\/image\\\/\",\"url\":\"https:\\\/\\\/www.rassegnastampa-totustuus.it\\\/cattolica\\\/wp-content\\\/uploads\\\/2014\\\/04\\\/logo-rassegna1.gif\",\"contentUrl\":\"https:\\\/\\\/www.rassegnastampa-totustuus.it\\\/cattolica\\\/wp-content\\\/uploads\\\/2014\\\/04\\\/logo-rassegna1.gif\",\"width\":600,\"height\":163,\"caption\":\"Rassegna Stampa Cattolica\"},\"image\":{\"@id\":\"https:\\\/\\\/www.rassegnastampa-totustuus.it\\\/cattolica\\\/#\\\/schema\\\/logo\\\/image\\\/\"},\"sameAs\":[\"https:\\\/\\\/www.facebook.com\\\/rassegnastampacattolica\",\"https:\\\/\\\/x.com\\\/rassegnastampa9\"]},{\"@type\":\"Person\",\"@id\":\"https:\\\/\\\/www.rassegnastampa-totustuus.it\\\/cattolica\\\/#\\\/schema\\\/person\\\/08f319d2bd1a0904ad9e2bfb7b15e5c3\",\"name\":\"Redazione\",\"image\":{\"@type\":\"ImageObject\",\"inLanguage\":\"it-IT\",\"@id\":\"https:\\\/\\\/secure.gravatar.com\\\/avatar\\\/2fcdf27c78ea025fbdb44e914cc63c72249ffec9dc8aafd5c82b26240ef3f346?s=96&d=mm&r=g\",\"url\":\"https:\\\/\\\/secure.gravatar.com\\\/avatar\\\/2fcdf27c78ea025fbdb44e914cc63c72249ffec9dc8aafd5c82b26240ef3f346?s=96&d=mm&r=g\",\"contentUrl\":\"https:\\\/\\\/secure.gravatar.com\\\/avatar\\\/2fcdf27c78ea025fbdb44e914cc63c72249ffec9dc8aafd5c82b26240ef3f346?s=96&d=mm&r=g\",\"caption\":\"Redazione\"},\"url\":\"https:\\\/\\\/www.rassegnastampa-totustuus.it\\\/cattolica\\\/author\\\/pietroelle\\\/\"}]}<\/script>\n<!-- \/ Yoast SEO plugin. -->","yoast_head_json":{"title":"Politicamente corretto e gnostico - Rassegna Stampa Cattolica","description":"Rassegna Stampa Cattolica - Per una cultura che nasce dalla Rivelazione cristiana in conformit\u00e0 alla tradizione e al Magistero della Chiesa in opposizione ad ogni relativismo e totalitarismo","robots":{"index":"index","follow":"follow","max-snippet":"max-snippet:-1","max-image-preview":"max-image-preview:large","max-video-preview":"max-video-preview:-1"},"canonical":"https:\/\/www.rassegnastampa-totustuus.it\/cattolica\/politicamente-corretto-e-gnostico\/","og_locale":"it_IT","og_type":"article","og_title":"Politicamente corretto e gnostico - Rassegna Stampa Cattolica","og_description":"Rassegna Stampa Cattolica - Per una cultura che nasce dalla Rivelazione cristiana in conformit\u00e0 alla tradizione e al Magistero della Chiesa in opposizione ad ogni relativismo e totalitarismo","og_url":"https:\/\/www.rassegnastampa-totustuus.it\/cattolica\/politicamente-corretto-e-gnostico\/","og_site_name":"Rassegna Stampa Cattolica","article_publisher":"https:\/\/www.facebook.com\/rassegnastampacattolica","article_published_time":"2006-11-15T23:00:00+00:00","article_modified_time":"2016-02-26T13:11:05+00:00","og_image":[{"width":276,"height":183,"url":"https:\/\/www.rassegnastampa-totustuus.it\/cattolica\/wp-content\/uploads\/2006\/11\/politically-correct.jpg","type":"image\/jpeg"}],"author":"Redazione","twitter_card":"summary_large_image","twitter_creator":"@rassegnastampa9","twitter_site":"@rassegnastampa9","twitter_misc":{"Scritto da":"Redazione","Tempo di lettura stimato":"5 minuti"},"schema":{"@context":"https:\/\/schema.org","@graph":[{"@type":"Article","@id":"https:\/\/www.rassegnastampa-totustuus.it\/cattolica\/politicamente-corretto-e-gnostico\/#article","isPartOf":{"@id":"https:\/\/www.rassegnastampa-totustuus.it\/cattolica\/politicamente-corretto-e-gnostico\/"},"author":{"name":"Redazione","@id":"https:\/\/www.rassegnastampa-totustuus.it\/cattolica\/#\/schema\/person\/08f319d2bd1a0904ad9e2bfb7b15e5c3"},"headline":"Politicamente corretto e gnostico","datePublished":"2006-11-15T23:00:00+00:00","dateModified":"2016-02-26T13:11:05+00:00","mainEntityOfPage":{"@id":"https:\/\/www.rassegnastampa-totustuus.it\/cattolica\/politicamente-corretto-e-gnostico\/"},"wordCount":958,"publisher":{"@id":"https:\/\/www.rassegnastampa-totustuus.it\/cattolica\/#organization"},"image":{"@id":"https:\/\/www.rassegnastampa-totustuus.it\/cattolica\/politicamente-corretto-e-gnostico\/#primaryimage"},"thumbnailUrl":"https:\/\/www.rassegnastampa-totustuus.it\/cattolica\/wp-content\/uploads\/2006\/11\/politically-correct.jpg","keywords":["politically correct"],"articleSection":["Costume","Sguardo sul nostro tempo"],"inLanguage":"it-IT"},{"@type":"WebPage","@id":"https:\/\/www.rassegnastampa-totustuus.it\/cattolica\/politicamente-corretto-e-gnostico\/","url":"https:\/\/www.rassegnastampa-totustuus.it\/cattolica\/politicamente-corretto-e-gnostico\/","name":"Politicamente corretto e gnostico - Rassegna Stampa Cattolica","isPartOf":{"@id":"https:\/\/www.rassegnastampa-totustuus.it\/cattolica\/#website"},"primaryImageOfPage":{"@id":"https:\/\/www.rassegnastampa-totustuus.it\/cattolica\/politicamente-corretto-e-gnostico\/#primaryimage"},"image":{"@id":"https:\/\/www.rassegnastampa-totustuus.it\/cattolica\/politicamente-corretto-e-gnostico\/#primaryimage"},"thumbnailUrl":"https:\/\/www.rassegnastampa-totustuus.it\/cattolica\/wp-content\/uploads\/2006\/11\/politically-correct.jpg","datePublished":"2006-11-15T23:00:00+00:00","dateModified":"2016-02-26T13:11:05+00:00","description":"Rassegna Stampa Cattolica - Per una cultura che nasce dalla Rivelazione cristiana in conformit\u00e0 alla tradizione e al Magistero della Chiesa in opposizione ad ogni relativismo e totalitarismo","breadcrumb":{"@id":"https:\/\/www.rassegnastampa-totustuus.it\/cattolica\/politicamente-corretto-e-gnostico\/#breadcrumb"},"inLanguage":"it-IT","potentialAction":[{"@type":"ReadAction","target":["https:\/\/www.rassegnastampa-totustuus.it\/cattolica\/politicamente-corretto-e-gnostico\/"]}]},{"@type":"ImageObject","inLanguage":"it-IT","@id":"https:\/\/www.rassegnastampa-totustuus.it\/cattolica\/politicamente-corretto-e-gnostico\/#primaryimage","url":"https:\/\/www.rassegnastampa-totustuus.it\/cattolica\/wp-content\/uploads\/2006\/11\/politically-correct.jpg","contentUrl":"https:\/\/www.rassegnastampa-totustuus.it\/cattolica\/wp-content\/uploads\/2006\/11\/politically-correct.jpg","width":276,"height":183},{"@type":"BreadcrumbList","@id":"https:\/\/www.rassegnastampa-totustuus.it\/cattolica\/politicamente-corretto-e-gnostico\/#breadcrumb","itemListElement":[{"@type":"ListItem","position":1,"name":"Home","item":"https:\/\/www.rassegnastampa-totustuus.it\/cattolica\/"},{"@type":"ListItem","position":2,"name":"Politicamente corretto e gnostico"}]},{"@type":"WebSite","@id":"https:\/\/www.rassegnastampa-totustuus.it\/cattolica\/#website","url":"https:\/\/www.rassegnastampa-totustuus.it\/cattolica\/","name":"Rassegna Stampa Cattolica","description":"Per una cultura che nasce dalla Rivelazione cristiana in conformit\u00e0 alla tradizione e al Magistero della Chiesa in opposizione ad ogni relativismo e totalitarismo","publisher":{"@id":"https:\/\/www.rassegnastampa-totustuus.it\/cattolica\/#organization"},"alternateName":"Rass. Cattolica","potentialAction":[{"@type":"SearchAction","target":{"@type":"EntryPoint","urlTemplate":"https:\/\/www.rassegnastampa-totustuus.it\/cattolica\/?s={search_term_string}"},"query-input":{"@type":"PropertyValueSpecification","valueRequired":true,"valueName":"search_term_string"}}],"inLanguage":"it-IT"},{"@type":"Organization","@id":"https:\/\/www.rassegnastampa-totustuus.it\/cattolica\/#organization","name":"Rassegna Stampa Cattolica","url":"https:\/\/www.rassegnastampa-totustuus.it\/cattolica\/","logo":{"@type":"ImageObject","inLanguage":"it-IT","@id":"https:\/\/www.rassegnastampa-totustuus.it\/cattolica\/#\/schema\/logo\/image\/","url":"https:\/\/www.rassegnastampa-totustuus.it\/cattolica\/wp-content\/uploads\/2014\/04\/logo-rassegna1.gif","contentUrl":"https:\/\/www.rassegnastampa-totustuus.it\/cattolica\/wp-content\/uploads\/2014\/04\/logo-rassegna1.gif","width":600,"height":163,"caption":"Rassegna Stampa Cattolica"},"image":{"@id":"https:\/\/www.rassegnastampa-totustuus.it\/cattolica\/#\/schema\/logo\/image\/"},"sameAs":["https:\/\/www.facebook.com\/rassegnastampacattolica","https:\/\/x.com\/rassegnastampa9"]},{"@type":"Person","@id":"https:\/\/www.rassegnastampa-totustuus.it\/cattolica\/#\/schema\/person\/08f319d2bd1a0904ad9e2bfb7b15e5c3","name":"Redazione","image":{"@type":"ImageObject","inLanguage":"it-IT","@id":"https:\/\/secure.gravatar.com\/avatar\/2fcdf27c78ea025fbdb44e914cc63c72249ffec9dc8aafd5c82b26240ef3f346?s=96&d=mm&r=g","url":"https:\/\/secure.gravatar.com\/avatar\/2fcdf27c78ea025fbdb44e914cc63c72249ffec9dc8aafd5c82b26240ef3f346?s=96&d=mm&r=g","contentUrl":"https:\/\/secure.gravatar.com\/avatar\/2fcdf27c78ea025fbdb44e914cc63c72249ffec9dc8aafd5c82b26240ef3f346?s=96&d=mm&r=g","caption":"Redazione"},"url":"https:\/\/www.rassegnastampa-totustuus.it\/cattolica\/author\/pietroelle\/"}]}},"_links":{"self":[{"href":"https:\/\/www.rassegnastampa-totustuus.it\/cattolica\/wp-json\/wp\/v2\/posts\/2323","targetHints":{"allow":["GET"]}}],"collection":[{"href":"https:\/\/www.rassegnastampa-totustuus.it\/cattolica\/wp-json\/wp\/v2\/posts"}],"about":[{"href":"https:\/\/www.rassegnastampa-totustuus.it\/cattolica\/wp-json\/wp\/v2\/types\/post"}],"author":[{"embeddable":true,"href":"https:\/\/www.rassegnastampa-totustuus.it\/cattolica\/wp-json\/wp\/v2\/users\/6"}],"replies":[{"embeddable":true,"href":"https:\/\/www.rassegnastampa-totustuus.it\/cattolica\/wp-json\/wp\/v2\/comments?post=2323"}],"version-history":[{"count":4,"href":"https:\/\/www.rassegnastampa-totustuus.it\/cattolica\/wp-json\/wp\/v2\/posts\/2323\/revisions"}],"predecessor-version":[{"id":31086,"href":"https:\/\/www.rassegnastampa-totustuus.it\/cattolica\/wp-json\/wp\/v2\/posts\/2323\/revisions\/31086"}],"wp:featuredmedia":[{"embeddable":true,"href":"https:\/\/www.rassegnastampa-totustuus.it\/cattolica\/wp-json\/wp\/v2\/media\/31085"}],"wp:attachment":[{"href":"https:\/\/www.rassegnastampa-totustuus.it\/cattolica\/wp-json\/wp\/v2\/media?parent=2323"}],"wp:term":[{"taxonomy":"category","embeddable":true,"href":"https:\/\/www.rassegnastampa-totustuus.it\/cattolica\/wp-json\/wp\/v2\/categories?post=2323"},{"taxonomy":"post_tag","embeddable":true,"href":"https:\/\/www.rassegnastampa-totustuus.it\/cattolica\/wp-json\/wp\/v2\/tags?post=2323"}],"curies":[{"name":"wp","href":"https:\/\/api.w.org\/{rel}","templated":true}]}}