{"id":2322,"date":"2006-11-16T00:00:00","date_gmt":"2006-11-15T23:00:00","guid":{"rendered":""},"modified":"2015-01-14T16:49:41","modified_gmt":"2015-01-14T15:49:41","slug":"dibattito-sul-velo-gli-abbagli-dellislamically-correct","status":"publish","type":"post","link":"https:\/\/www.rassegnastampa-totustuus.it\/cattolica\/dibattito-sul-velo-gli-abbagli-dellislamically-correct\/","title":{"rendered":"Dibattito sul velo: gli abbagli dell&#8217;islamically correct"},"content":{"rendered":"<div style=\"text-align: center;\"><strong><a href=\"https:\/\/www.rassegnastampa-totustuus.it\/cattolica\/wp-content\/uploads\/2006\/11\/velo-islamico.jpg\"><img loading=\"lazy\" decoding=\"async\" class=\"alignleft wp-image-16831\" src=\"https:\/\/www.rassegnastampa-totustuus.it\/cattolica\/wp-content\/uploads\/2006\/11\/velo-islamico.jpg\" alt=\"velo islamico\" width=\"221\" height=\"221\" srcset=\"https:\/\/www.rassegnastampa-totustuus.it\/cattolica\/wp-content\/uploads\/2006\/11\/velo-islamico.jpg 225w, https:\/\/www.rassegnastampa-totustuus.it\/cattolica\/wp-content\/uploads\/2006\/11\/velo-islamico-150x150.jpg 150w\" sizes=\"auto, (max-width: 221px) 100vw, 221px\" \/><\/a>Avvenire,<\/strong> Martedi 24 ottobre 2006<\/div>\n<p style=\"text-align: center;\"><em>Le donne musulmane chiedono di essere libere davvero<\/em><\/p>\n<p style=\"text-align: center;\">di <strong>Souad Sbai<\/strong><\/p>\n<p style=\"text-align: justify;\">Il velo fa discutere, divide gli animi, suscita interrogativi. E certe incaute dichiarazioni, come quelle rilasciate due giorni fa dall&#8217;imam di Segrate durante una trasmissione televisiva, non fanno che buttare benzina su un materiale gi\u00e0 altamente infiammabile.Molti pronunciamenti appaiono ispirati pi\u00f9 da motivi ideologici, politici o pseudo-religiosi.Almeno quattro sono i luoghi comuni dell&#8217;islamically correct con cui fare i conti.<!--more--><\/p>\n<p style=\"text-align: justify;\">1. <strong>Il velo, si dice, \u00e8 parte integrante della religione e della cultura del mondo musulmano<\/strong>. Non \u00e8 cos\u00ec: non c&#8217;\u00e8 un solo testo religioso che faccia del velo un pilastro dell&#8217;islam.L&#8217;imposizione del velo obbedisce ad una visione gerarchica e patriarcale della societ\u00e0 islamica, che ruota intorno alla figura dell&#8217;uomo padre e padrone.La riprova \u00e8 che le donne lo indossano quando questa visione diviene dominante, se ne liberano non appena il dominio si indebolisce o si allenta. In Tunisia, Marocco, Giordania, l&#8217;uso del velo comincia ad essere scoraggiato e messo in discussione.\u00c8 qualcosa che dovrebbe far riflettere i sostenitori di casa nostra.<\/p>\n<p style=\"text-align: justify;\">2. <strong>Il velo, si sostiene, \u00e8 un simbolo di pudore e di modestia delle donne musulmane<\/strong>. Al contrario, \u00e8 l&#8217;esibizione di un messaggio politico e di potere.\u00c8 il pubblico sigillo della sottomissione della donna alle leggi e alle tradizioni pi\u00f9 aberranti.La donna col velo \u00e8 colei che pu\u00f2 essere lapidata se commette adulterio, non pu\u00f2 uscire di casa senza il permesso del marito, deve accettare maltrattamenti e violenze se mette il rossetto o frequenta un occidentale, subire l&#8217;infibulazione o la poligamia, essere costretta a sposare a 12 anni un uomo che non ha mai visto.<\/p>\n<p style=\"text-align: justify;\">3. <strong>Le immigrate, si dice ancora, portano il velo per una libera scelta<\/strong>. Nella stragrande maggioranza dei casi, esse arrivano in Europa senza il velo.Sono costrette a indossarlo per ordine di mariti, padri e fratelli istigati e appoggiati dai predicatori di alcune moschee. Anche perch\u00e9 non \u00e8 solo un&#8217;insegna di potere, \u00e8 uno strumento di controllo.Ha il compito di isolare le donne delle comunit\u00e0, impedire che entrino in relazione con la societ\u00e0, tenere lontano \u00abl&#8217;altro\u00bb, il nemico, il rivale, l&#8217;infedele. Il velo dice alle donne: restate chiuse nelle vostre case e siate ci\u00f2 che dovete essere, fabbriche di figli, senza volont\u00e0 e senza diritti. Se parlate con le immigrate comuni, le immigrate della porta accanto, \u00e8 questo che vi diranno.<\/p>\n<p style=\"text-align: justify;\">4. <strong>Proibire l&#8217;uso del velo nelle scuole e nei luoghi di\u00a0 lavoro \u00e8 un atto di prepotenza che incoraggia lo scontro di civilt\u00e0.<\/strong> In realt\u00e0, misure come queste vanno nella direzione opposta:\u00a0 tendono una mano alla parte pi\u00f9 viva e avanzata delle comunit\u00e0 musulmane. In Francia dall&#8217;anno scorso c&#8217;\u00e8 una legge che vieta l&#8217;uso del velo nelle scuole pubbliche. Dopo le proteste scatenate dai fondamentalisti nei primi tempi, i sondaggi dicono che la stragrande maggioranza delle allieve e delle donne delle comunit\u00e0 si sono apertamente schierate a favore della legge. Ora ci sentiamo pi\u00f9 libere, confessano: pi\u00f9 libere di parlare, di vivere, di essere noi stesse.Detto questo, \u00e8 evidente che il problema \u00e8 innanzitutto culturale, e si affronta con un dibattito ampio ed aperto. Pi\u00f9 che perdersi in dibattiti politicamente corretti sulle proibizioni, \u00e8 molto pi\u00f9 utile e realistico difendere il diritto delle donne a non indossarlo.<\/p>\n<p style=\"text-align: justify;\">Riassumendo: l&#8217;imposizione del velo rivela una concezione del mondo che non vela soltanto la donna ma anche l&#8217;uomo, la societ\u00e0, la mente.Che mortifica la sua parte migliore, la sua storia di civilt\u00e0 e di creativit\u00e0. Ogni immigrata che rinuncia al velo non lo fa perch\u00e9 sceglie l&#8217;Occidente corrotto. Lo fa perch\u00e9 sceglie e ama il vero islam, non la sua copia deforme. \u00c8 da riflessioni come queste che dovremmo partire quando affrontiamo una questione cos\u00ec importante per il futuro dell&#8217;integrazione.<\/p>\n<p style=\"text-align: justify;\">Chi oggi in Italia applaude al velo e ne fa solo un problema di centimetri di pelle da scoprire, mostra purtroppo di non averlo ancora compreso.<\/p>\n","protected":false},"excerpt":{"rendered":"<p>Avvenire, Martedi 24 ottobre 2006 Le donne musulmane chiedono di essere libere davvero di Souad Sbai Il velo fa discutere, divide gli animi, suscita interrogativi. E certe incaute dichiarazioni, come quelle rilasciate due giorni fa dall&#8217;imam di Segrate durante una trasmissione televisiva, non fanno che buttare benzina su un materiale gi\u00e0 altamente infiammabile.Molti pronunciamenti appaiono &hellip; <\/p>\n<p><a class=\"more-link btn\" href=\"https:\/\/www.rassegnastampa-totustuus.it\/cattolica\/dibattito-sul-velo-gli-abbagli-dellislamically-correct\/\">Continua a leggere<\/a><\/p>\n","protected":false},"author":6,"featured_media":16831,"comment_status":"closed","ping_status":"open","sticky":false,"template":"","format":"standard","meta":{"footnotes":""},"categories":[16,111,35],"tags":[1389],"class_list":["post-2322","post","type-post","status-publish","format-standard","has-post-thumbnail","hentry","category-islam","category-islam-in-europa","category-islam-in-italia","tag-velo-islamico","item-wrap"],"yoast_head":"<!-- This site is optimized with the Yoast SEO plugin v27.4 - https:\/\/yoast.com\/product\/yoast-seo-wordpress\/ -->\n<title>Dibattito sul velo: gli abbagli dell&#039;islamically correct - Rassegna Stampa Cattolica<\/title>\n<meta name=\"description\" content=\"Rassegna Stampa Cattolica - Per una cultura che nasce dalla Rivelazione cristiana in conformit\u00e0 alla tradizione e al Magistero della Chiesa in opposizione ad ogni relativismo e totalitarismo\" \/>\n<meta name=\"robots\" content=\"index, follow, max-snippet:-1, max-image-preview:large, max-video-preview:-1\" \/>\n<link rel=\"canonical\" href=\"https:\/\/www.rassegnastampa-totustuus.it\/cattolica\/dibattito-sul-velo-gli-abbagli-dellislamically-correct\/\" \/>\n<meta property=\"og:locale\" content=\"it_IT\" \/>\n<meta property=\"og:type\" content=\"article\" \/>\n<meta property=\"og:title\" content=\"Dibattito sul velo: gli abbagli dell&#039;islamically correct - Rassegna Stampa Cattolica\" \/>\n<meta property=\"og:description\" content=\"Rassegna Stampa Cattolica - Per una cultura che nasce dalla Rivelazione cristiana in conformit\u00e0 alla tradizione e al Magistero della Chiesa in opposizione ad ogni relativismo e totalitarismo\" \/>\n<meta property=\"og:url\" content=\"https:\/\/www.rassegnastampa-totustuus.it\/cattolica\/dibattito-sul-velo-gli-abbagli-dellislamically-correct\/\" \/>\n<meta property=\"og:site_name\" content=\"Rassegna Stampa Cattolica\" \/>\n<meta property=\"article:publisher\" content=\"https:\/\/www.facebook.com\/rassegnastampacattolica\" \/>\n<meta property=\"article:published_time\" content=\"2006-11-15T23:00:00+00:00\" \/>\n<meta property=\"article:modified_time\" content=\"2015-01-14T15:49:41+00:00\" \/>\n<meta property=\"og:image\" content=\"https:\/\/www.rassegnastampa-totustuus.it\/cattolica\/wp-content\/uploads\/2006\/11\/velo-islamico.jpg\" \/>\n\t<meta property=\"og:image:width\" content=\"225\" \/>\n\t<meta property=\"og:image:height\" content=\"225\" \/>\n\t<meta property=\"og:image:type\" content=\"image\/jpeg\" \/>\n<meta name=\"author\" content=\"Redazione\" \/>\n<meta name=\"twitter:card\" content=\"summary_large_image\" \/>\n<meta name=\"twitter:creator\" content=\"@rassegnastampa9\" \/>\n<meta name=\"twitter:site\" content=\"@rassegnastampa9\" \/>\n<meta name=\"twitter:label1\" content=\"Scritto da\" \/>\n\t<meta name=\"twitter:data1\" content=\"Redazione\" \/>\n\t<meta name=\"twitter:label2\" content=\"Tempo di lettura stimato\" \/>\n\t<meta name=\"twitter:data2\" content=\"3 minuti\" \/>\n<script type=\"application\/ld+json\" class=\"yoast-schema-graph\">{\"@context\":\"https:\\\/\\\/schema.org\",\"@graph\":[{\"@type\":\"Article\",\"@id\":\"https:\\\/\\\/www.rassegnastampa-totustuus.it\\\/cattolica\\\/dibattito-sul-velo-gli-abbagli-dellislamically-correct\\\/#article\",\"isPartOf\":{\"@id\":\"https:\\\/\\\/www.rassegnastampa-totustuus.it\\\/cattolica\\\/dibattito-sul-velo-gli-abbagli-dellislamically-correct\\\/\"},\"author\":{\"name\":\"Redazione\",\"@id\":\"https:\\\/\\\/www.rassegnastampa-totustuus.it\\\/cattolica\\\/#\\\/schema\\\/person\\\/08f319d2bd1a0904ad9e2bfb7b15e5c3\"},\"headline\":\"Dibattito sul velo: gli abbagli dell&#8217;islamically correct\",\"datePublished\":\"2006-11-15T23:00:00+00:00\",\"dateModified\":\"2015-01-14T15:49:41+00:00\",\"mainEntityOfPage\":{\"@id\":\"https:\\\/\\\/www.rassegnastampa-totustuus.it\\\/cattolica\\\/dibattito-sul-velo-gli-abbagli-dellislamically-correct\\\/\"},\"wordCount\":659,\"publisher\":{\"@id\":\"https:\\\/\\\/www.rassegnastampa-totustuus.it\\\/cattolica\\\/#organization\"},\"image\":{\"@id\":\"https:\\\/\\\/www.rassegnastampa-totustuus.it\\\/cattolica\\\/dibattito-sul-velo-gli-abbagli-dellislamically-correct\\\/#primaryimage\"},\"thumbnailUrl\":\"https:\\\/\\\/www.rassegnastampa-totustuus.it\\\/cattolica\\\/wp-content\\\/uploads\\\/2006\\\/11\\\/velo-islamico.jpg\",\"keywords\":[\"velo islamico\"],\"articleSection\":[\"Islam\",\"Islam in Europa\",\"Islam in Italia\"],\"inLanguage\":\"it-IT\"},{\"@type\":\"WebPage\",\"@id\":\"https:\\\/\\\/www.rassegnastampa-totustuus.it\\\/cattolica\\\/dibattito-sul-velo-gli-abbagli-dellislamically-correct\\\/\",\"url\":\"https:\\\/\\\/www.rassegnastampa-totustuus.it\\\/cattolica\\\/dibattito-sul-velo-gli-abbagli-dellislamically-correct\\\/\",\"name\":\"Dibattito sul velo: gli abbagli dell'islamically correct - Rassegna Stampa Cattolica\",\"isPartOf\":{\"@id\":\"https:\\\/\\\/www.rassegnastampa-totustuus.it\\\/cattolica\\\/#website\"},\"primaryImageOfPage\":{\"@id\":\"https:\\\/\\\/www.rassegnastampa-totustuus.it\\\/cattolica\\\/dibattito-sul-velo-gli-abbagli-dellislamically-correct\\\/#primaryimage\"},\"image\":{\"@id\":\"https:\\\/\\\/www.rassegnastampa-totustuus.it\\\/cattolica\\\/dibattito-sul-velo-gli-abbagli-dellislamically-correct\\\/#primaryimage\"},\"thumbnailUrl\":\"https:\\\/\\\/www.rassegnastampa-totustuus.it\\\/cattolica\\\/wp-content\\\/uploads\\\/2006\\\/11\\\/velo-islamico.jpg\",\"datePublished\":\"2006-11-15T23:00:00+00:00\",\"dateModified\":\"2015-01-14T15:49:41+00:00\",\"description\":\"Rassegna Stampa Cattolica - Per una cultura che nasce dalla Rivelazione cristiana in conformit\u00e0 alla tradizione e al Magistero della Chiesa in opposizione ad ogni relativismo e totalitarismo\",\"breadcrumb\":{\"@id\":\"https:\\\/\\\/www.rassegnastampa-totustuus.it\\\/cattolica\\\/dibattito-sul-velo-gli-abbagli-dellislamically-correct\\\/#breadcrumb\"},\"inLanguage\":\"it-IT\",\"potentialAction\":[{\"@type\":\"ReadAction\",\"target\":[\"https:\\\/\\\/www.rassegnastampa-totustuus.it\\\/cattolica\\\/dibattito-sul-velo-gli-abbagli-dellislamically-correct\\\/\"]}]},{\"@type\":\"ImageObject\",\"inLanguage\":\"it-IT\",\"@id\":\"https:\\\/\\\/www.rassegnastampa-totustuus.it\\\/cattolica\\\/dibattito-sul-velo-gli-abbagli-dellislamically-correct\\\/#primaryimage\",\"url\":\"https:\\\/\\\/www.rassegnastampa-totustuus.it\\\/cattolica\\\/wp-content\\\/uploads\\\/2006\\\/11\\\/velo-islamico.jpg\",\"contentUrl\":\"https:\\\/\\\/www.rassegnastampa-totustuus.it\\\/cattolica\\\/wp-content\\\/uploads\\\/2006\\\/11\\\/velo-islamico.jpg\",\"width\":225,\"height\":225},{\"@type\":\"BreadcrumbList\",\"@id\":\"https:\\\/\\\/www.rassegnastampa-totustuus.it\\\/cattolica\\\/dibattito-sul-velo-gli-abbagli-dellislamically-correct\\\/#breadcrumb\",\"itemListElement\":[{\"@type\":\"ListItem\",\"position\":1,\"name\":\"Home\",\"item\":\"https:\\\/\\\/www.rassegnastampa-totustuus.it\\\/cattolica\\\/\"},{\"@type\":\"ListItem\",\"position\":2,\"name\":\"Dibattito sul velo: gli abbagli dell&#8217;islamically correct\"}]},{\"@type\":\"WebSite\",\"@id\":\"https:\\\/\\\/www.rassegnastampa-totustuus.it\\\/cattolica\\\/#website\",\"url\":\"https:\\\/\\\/www.rassegnastampa-totustuus.it\\\/cattolica\\\/\",\"name\":\"Rassegna Stampa Cattolica\",\"description\":\"Per una cultura che nasce dalla Rivelazione cristiana in conformit\u00e0 alla tradizione e al Magistero della Chiesa in opposizione ad ogni relativismo e totalitarismo\",\"publisher\":{\"@id\":\"https:\\\/\\\/www.rassegnastampa-totustuus.it\\\/cattolica\\\/#organization\"},\"alternateName\":\"Rass. Cattolica\",\"potentialAction\":[{\"@type\":\"SearchAction\",\"target\":{\"@type\":\"EntryPoint\",\"urlTemplate\":\"https:\\\/\\\/www.rassegnastampa-totustuus.it\\\/cattolica\\\/?s={search_term_string}\"},\"query-input\":{\"@type\":\"PropertyValueSpecification\",\"valueRequired\":true,\"valueName\":\"search_term_string\"}}],\"inLanguage\":\"it-IT\"},{\"@type\":\"Organization\",\"@id\":\"https:\\\/\\\/www.rassegnastampa-totustuus.it\\\/cattolica\\\/#organization\",\"name\":\"Rassegna Stampa Cattolica\",\"url\":\"https:\\\/\\\/www.rassegnastampa-totustuus.it\\\/cattolica\\\/\",\"logo\":{\"@type\":\"ImageObject\",\"inLanguage\":\"it-IT\",\"@id\":\"https:\\\/\\\/www.rassegnastampa-totustuus.it\\\/cattolica\\\/#\\\/schema\\\/logo\\\/image\\\/\",\"url\":\"https:\\\/\\\/www.rassegnastampa-totustuus.it\\\/cattolica\\\/wp-content\\\/uploads\\\/2014\\\/04\\\/logo-rassegna1.gif\",\"contentUrl\":\"https:\\\/\\\/www.rassegnastampa-totustuus.it\\\/cattolica\\\/wp-content\\\/uploads\\\/2014\\\/04\\\/logo-rassegna1.gif\",\"width\":600,\"height\":163,\"caption\":\"Rassegna Stampa Cattolica\"},\"image\":{\"@id\":\"https:\\\/\\\/www.rassegnastampa-totustuus.it\\\/cattolica\\\/#\\\/schema\\\/logo\\\/image\\\/\"},\"sameAs\":[\"https:\\\/\\\/www.facebook.com\\\/rassegnastampacattolica\",\"https:\\\/\\\/x.com\\\/rassegnastampa9\"]},{\"@type\":\"Person\",\"@id\":\"https:\\\/\\\/www.rassegnastampa-totustuus.it\\\/cattolica\\\/#\\\/schema\\\/person\\\/08f319d2bd1a0904ad9e2bfb7b15e5c3\",\"name\":\"Redazione\",\"image\":{\"@type\":\"ImageObject\",\"inLanguage\":\"it-IT\",\"@id\":\"https:\\\/\\\/secure.gravatar.com\\\/avatar\\\/2fcdf27c78ea025fbdb44e914cc63c72249ffec9dc8aafd5c82b26240ef3f346?s=96&d=mm&r=g\",\"url\":\"https:\\\/\\\/secure.gravatar.com\\\/avatar\\\/2fcdf27c78ea025fbdb44e914cc63c72249ffec9dc8aafd5c82b26240ef3f346?s=96&d=mm&r=g\",\"contentUrl\":\"https:\\\/\\\/secure.gravatar.com\\\/avatar\\\/2fcdf27c78ea025fbdb44e914cc63c72249ffec9dc8aafd5c82b26240ef3f346?s=96&d=mm&r=g\",\"caption\":\"Redazione\"},\"url\":\"https:\\\/\\\/www.rassegnastampa-totustuus.it\\\/cattolica\\\/author\\\/pietroelle\\\/\"}]}<\/script>\n<!-- \/ Yoast SEO plugin. -->","yoast_head_json":{"title":"Dibattito sul velo: gli abbagli dell'islamically correct - Rassegna Stampa Cattolica","description":"Rassegna Stampa Cattolica - Per una cultura che nasce dalla Rivelazione cristiana in conformit\u00e0 alla tradizione e al Magistero della Chiesa in opposizione ad ogni relativismo e totalitarismo","robots":{"index":"index","follow":"follow","max-snippet":"max-snippet:-1","max-image-preview":"max-image-preview:large","max-video-preview":"max-video-preview:-1"},"canonical":"https:\/\/www.rassegnastampa-totustuus.it\/cattolica\/dibattito-sul-velo-gli-abbagli-dellislamically-correct\/","og_locale":"it_IT","og_type":"article","og_title":"Dibattito sul velo: gli abbagli dell'islamically correct - Rassegna Stampa Cattolica","og_description":"Rassegna Stampa Cattolica - Per una cultura che nasce dalla Rivelazione cristiana in conformit\u00e0 alla tradizione e al Magistero della Chiesa in opposizione ad ogni relativismo e totalitarismo","og_url":"https:\/\/www.rassegnastampa-totustuus.it\/cattolica\/dibattito-sul-velo-gli-abbagli-dellislamically-correct\/","og_site_name":"Rassegna Stampa Cattolica","article_publisher":"https:\/\/www.facebook.com\/rassegnastampacattolica","article_published_time":"2006-11-15T23:00:00+00:00","article_modified_time":"2015-01-14T15:49:41+00:00","og_image":[{"width":225,"height":225,"url":"https:\/\/www.rassegnastampa-totustuus.it\/cattolica\/wp-content\/uploads\/2006\/11\/velo-islamico.jpg","type":"image\/jpeg"}],"author":"Redazione","twitter_card":"summary_large_image","twitter_creator":"@rassegnastampa9","twitter_site":"@rassegnastampa9","twitter_misc":{"Scritto da":"Redazione","Tempo di lettura stimato":"3 minuti"},"schema":{"@context":"https:\/\/schema.org","@graph":[{"@type":"Article","@id":"https:\/\/www.rassegnastampa-totustuus.it\/cattolica\/dibattito-sul-velo-gli-abbagli-dellislamically-correct\/#article","isPartOf":{"@id":"https:\/\/www.rassegnastampa-totustuus.it\/cattolica\/dibattito-sul-velo-gli-abbagli-dellislamically-correct\/"},"author":{"name":"Redazione","@id":"https:\/\/www.rassegnastampa-totustuus.it\/cattolica\/#\/schema\/person\/08f319d2bd1a0904ad9e2bfb7b15e5c3"},"headline":"Dibattito sul velo: gli abbagli dell&#8217;islamically correct","datePublished":"2006-11-15T23:00:00+00:00","dateModified":"2015-01-14T15:49:41+00:00","mainEntityOfPage":{"@id":"https:\/\/www.rassegnastampa-totustuus.it\/cattolica\/dibattito-sul-velo-gli-abbagli-dellislamically-correct\/"},"wordCount":659,"publisher":{"@id":"https:\/\/www.rassegnastampa-totustuus.it\/cattolica\/#organization"},"image":{"@id":"https:\/\/www.rassegnastampa-totustuus.it\/cattolica\/dibattito-sul-velo-gli-abbagli-dellislamically-correct\/#primaryimage"},"thumbnailUrl":"https:\/\/www.rassegnastampa-totustuus.it\/cattolica\/wp-content\/uploads\/2006\/11\/velo-islamico.jpg","keywords":["velo islamico"],"articleSection":["Islam","Islam in Europa","Islam in Italia"],"inLanguage":"it-IT"},{"@type":"WebPage","@id":"https:\/\/www.rassegnastampa-totustuus.it\/cattolica\/dibattito-sul-velo-gli-abbagli-dellislamically-correct\/","url":"https:\/\/www.rassegnastampa-totustuus.it\/cattolica\/dibattito-sul-velo-gli-abbagli-dellislamically-correct\/","name":"Dibattito sul velo: gli abbagli dell'islamically correct - Rassegna Stampa Cattolica","isPartOf":{"@id":"https:\/\/www.rassegnastampa-totustuus.it\/cattolica\/#website"},"primaryImageOfPage":{"@id":"https:\/\/www.rassegnastampa-totustuus.it\/cattolica\/dibattito-sul-velo-gli-abbagli-dellislamically-correct\/#primaryimage"},"image":{"@id":"https:\/\/www.rassegnastampa-totustuus.it\/cattolica\/dibattito-sul-velo-gli-abbagli-dellislamically-correct\/#primaryimage"},"thumbnailUrl":"https:\/\/www.rassegnastampa-totustuus.it\/cattolica\/wp-content\/uploads\/2006\/11\/velo-islamico.jpg","datePublished":"2006-11-15T23:00:00+00:00","dateModified":"2015-01-14T15:49:41+00:00","description":"Rassegna Stampa Cattolica - Per una cultura che nasce dalla Rivelazione cristiana in conformit\u00e0 alla tradizione e al Magistero della Chiesa in opposizione ad ogni relativismo e totalitarismo","breadcrumb":{"@id":"https:\/\/www.rassegnastampa-totustuus.it\/cattolica\/dibattito-sul-velo-gli-abbagli-dellislamically-correct\/#breadcrumb"},"inLanguage":"it-IT","potentialAction":[{"@type":"ReadAction","target":["https:\/\/www.rassegnastampa-totustuus.it\/cattolica\/dibattito-sul-velo-gli-abbagli-dellislamically-correct\/"]}]},{"@type":"ImageObject","inLanguage":"it-IT","@id":"https:\/\/www.rassegnastampa-totustuus.it\/cattolica\/dibattito-sul-velo-gli-abbagli-dellislamically-correct\/#primaryimage","url":"https:\/\/www.rassegnastampa-totustuus.it\/cattolica\/wp-content\/uploads\/2006\/11\/velo-islamico.jpg","contentUrl":"https:\/\/www.rassegnastampa-totustuus.it\/cattolica\/wp-content\/uploads\/2006\/11\/velo-islamico.jpg","width":225,"height":225},{"@type":"BreadcrumbList","@id":"https:\/\/www.rassegnastampa-totustuus.it\/cattolica\/dibattito-sul-velo-gli-abbagli-dellislamically-correct\/#breadcrumb","itemListElement":[{"@type":"ListItem","position":1,"name":"Home","item":"https:\/\/www.rassegnastampa-totustuus.it\/cattolica\/"},{"@type":"ListItem","position":2,"name":"Dibattito sul velo: gli abbagli dell&#8217;islamically correct"}]},{"@type":"WebSite","@id":"https:\/\/www.rassegnastampa-totustuus.it\/cattolica\/#website","url":"https:\/\/www.rassegnastampa-totustuus.it\/cattolica\/","name":"Rassegna Stampa Cattolica","description":"Per una cultura che nasce dalla Rivelazione cristiana in conformit\u00e0 alla tradizione e al Magistero della Chiesa in opposizione ad ogni relativismo e totalitarismo","publisher":{"@id":"https:\/\/www.rassegnastampa-totustuus.it\/cattolica\/#organization"},"alternateName":"Rass. Cattolica","potentialAction":[{"@type":"SearchAction","target":{"@type":"EntryPoint","urlTemplate":"https:\/\/www.rassegnastampa-totustuus.it\/cattolica\/?s={search_term_string}"},"query-input":{"@type":"PropertyValueSpecification","valueRequired":true,"valueName":"search_term_string"}}],"inLanguage":"it-IT"},{"@type":"Organization","@id":"https:\/\/www.rassegnastampa-totustuus.it\/cattolica\/#organization","name":"Rassegna Stampa Cattolica","url":"https:\/\/www.rassegnastampa-totustuus.it\/cattolica\/","logo":{"@type":"ImageObject","inLanguage":"it-IT","@id":"https:\/\/www.rassegnastampa-totustuus.it\/cattolica\/#\/schema\/logo\/image\/","url":"https:\/\/www.rassegnastampa-totustuus.it\/cattolica\/wp-content\/uploads\/2014\/04\/logo-rassegna1.gif","contentUrl":"https:\/\/www.rassegnastampa-totustuus.it\/cattolica\/wp-content\/uploads\/2014\/04\/logo-rassegna1.gif","width":600,"height":163,"caption":"Rassegna Stampa Cattolica"},"image":{"@id":"https:\/\/www.rassegnastampa-totustuus.it\/cattolica\/#\/schema\/logo\/image\/"},"sameAs":["https:\/\/www.facebook.com\/rassegnastampacattolica","https:\/\/x.com\/rassegnastampa9"]},{"@type":"Person","@id":"https:\/\/www.rassegnastampa-totustuus.it\/cattolica\/#\/schema\/person\/08f319d2bd1a0904ad9e2bfb7b15e5c3","name":"Redazione","image":{"@type":"ImageObject","inLanguage":"it-IT","@id":"https:\/\/secure.gravatar.com\/avatar\/2fcdf27c78ea025fbdb44e914cc63c72249ffec9dc8aafd5c82b26240ef3f346?s=96&d=mm&r=g","url":"https:\/\/secure.gravatar.com\/avatar\/2fcdf27c78ea025fbdb44e914cc63c72249ffec9dc8aafd5c82b26240ef3f346?s=96&d=mm&r=g","contentUrl":"https:\/\/secure.gravatar.com\/avatar\/2fcdf27c78ea025fbdb44e914cc63c72249ffec9dc8aafd5c82b26240ef3f346?s=96&d=mm&r=g","caption":"Redazione"},"url":"https:\/\/www.rassegnastampa-totustuus.it\/cattolica\/author\/pietroelle\/"}]}},"_links":{"self":[{"href":"https:\/\/www.rassegnastampa-totustuus.it\/cattolica\/wp-json\/wp\/v2\/posts\/2322","targetHints":{"allow":["GET"]}}],"collection":[{"href":"https:\/\/www.rassegnastampa-totustuus.it\/cattolica\/wp-json\/wp\/v2\/posts"}],"about":[{"href":"https:\/\/www.rassegnastampa-totustuus.it\/cattolica\/wp-json\/wp\/v2\/types\/post"}],"author":[{"embeddable":true,"href":"https:\/\/www.rassegnastampa-totustuus.it\/cattolica\/wp-json\/wp\/v2\/users\/6"}],"replies":[{"embeddable":true,"href":"https:\/\/www.rassegnastampa-totustuus.it\/cattolica\/wp-json\/wp\/v2\/comments?post=2322"}],"version-history":[{"count":3,"href":"https:\/\/www.rassegnastampa-totustuus.it\/cattolica\/wp-json\/wp\/v2\/posts\/2322\/revisions"}],"predecessor-version":[{"id":16832,"href":"https:\/\/www.rassegnastampa-totustuus.it\/cattolica\/wp-json\/wp\/v2\/posts\/2322\/revisions\/16832"}],"wp:featuredmedia":[{"embeddable":true,"href":"https:\/\/www.rassegnastampa-totustuus.it\/cattolica\/wp-json\/wp\/v2\/media\/16831"}],"wp:attachment":[{"href":"https:\/\/www.rassegnastampa-totustuus.it\/cattolica\/wp-json\/wp\/v2\/media?parent=2322"}],"wp:term":[{"taxonomy":"category","embeddable":true,"href":"https:\/\/www.rassegnastampa-totustuus.it\/cattolica\/wp-json\/wp\/v2\/categories?post=2322"},{"taxonomy":"post_tag","embeddable":true,"href":"https:\/\/www.rassegnastampa-totustuus.it\/cattolica\/wp-json\/wp\/v2\/tags?post=2322"}],"curies":[{"name":"wp","href":"https:\/\/api.w.org\/{rel}","templated":true}]}}