{"id":2314,"date":"2006-11-09T00:00:00","date_gmt":"2006-11-08T23:00:00","guid":{"rendered":""},"modified":"2016-04-13T12:35:29","modified_gmt":"2016-04-13T10:35:29","slug":"pasolini-come-la-fallaci-la-minaccia-islamica-sulle-nostre-radici-cristiane","status":"publish","type":"post","link":"https:\/\/www.rassegnastampa-totustuus.it\/cattolica\/pasolini-come-la-fallaci-la-minaccia-islamica-sulle-nostre-radici-cristiane\/","title":{"rendered":"Pasolini come la Fallaci: la minaccia islamica sulle nostre radici cristiane"},"content":{"rendered":"<div style=\"text-align: center;\">\n<div id=\"attachment_32798\" style=\"width: 240px\" class=\"wp-caption alignleft\"><img loading=\"lazy\" decoding=\"async\" aria-describedby=\"caption-attachment-32798\" class=\"wp-image-32798\" src=\"https:\/\/www.rassegnastampa-totustuus.it\/cattolica\/wp-content\/uploads\/2006\/11\/Pasolini.jpg\" alt=\"Pasolini\" width=\"240\" height=\"179\" \/><p id=\"caption-attachment-32798\" class=\"wp-caption-text\">Pier Paolo Pasolini<\/p><\/div>\n<p>Dalla newsletter <strong>lo Straniero <\/strong>del 30 ottobre 2006<\/div>\n<p style=\"text-align: justify;\"><em>Un curioso precedente\u2026 Che ci pone una domanda: perch\u00e9 il nostro popolo ha completamente perduto la sua memoria storica? Perch\u00e9 sembra aver tagliato completamente le sue radici? Com\u2019\u00e8 possibile cancellare secoli di vita, di fede, di dolore dei nostri padri ?<\/em><\/p>\n<p style=\"text-align: center;\">di <strong>Antonio Socci <\/strong><\/p>\n<p><!--more--><\/p>\n<div style=\"text-align: justify;\">Pier Paolo Pasolini come Oriana Fallaci? Anzi, di pi\u00f9: Pasolini come un precursore della Fallaci? Non \u00e8 una provocazione, come parr\u00e0 alla cultura ufficiale e a quella di sinistra che hanno realizzato per anni una curiosa rimozione. Infatti, proprio lo scrittore e regista friulano (uno dei simboli della Sinistra intellettuale e cinematografica) \u00e8 l\u2019autore dell\u2019unica (che io sappia) opera teatrale che racconti la tragedia delle popolazioni italiane per secoli massacrate da scorribande musulmane o ridotte in schiavit\u00f9, straziate e minacciate di invasione.<\/div>\n<p style=\"text-align: justify;\">I musulmani (nelle loro diverse componenti: arabi, turchi e altro ancora) da quattordici secoli tentano di invadere con gli eserciti l\u2019Europa. Sono arrivati fino ai Pirenei (a Occidente), fino a Vienna (a Oriente) ) e in Sicilia (al Sud), divorandosi Bisanzio e i Balcani (e la Spagna che hanno dominato per quattrocento anni). Per secoli le coste italiane sono state teatro delle razzie islamiche. Non solo la Puglia, ma perfino Roma. Il Friuli poi, terra di confine, ha subito specialmente nel XV secolo atrocit\u00e0 e devastazioni che sono rimaste nella memoria popolare e nella storia.<\/p>\n<p style=\"text-align: justify;\">Pasolini scrive un dramma teatrale di fortissimo impatto emotivo, \u201cI Turcs tal Friul\u201d (I turchi in Friuli), nel 1944, nei mesi dell\u2019occupazione nazista che ricorda ai friulani l\u2019orrore vissuto 500 anni prima. E anche questa equiparazione, che diventer\u00e0 tipicamente fallaciana, fra oppressione nazista e oppressione musulmana, dovrebbe far rabbrividire la sinistra <em>politically correct<\/em>.<\/p>\n<p style=\"text-align: justify;\">Cos\u00ec come la conseguente analogia operata da Pasolini fra la Resistenza all\u2019occupante nazista e la Resistenza all\u2019invasore islamico. Ma curiosamente a Sinistra sembra non si sia colto questo \u201cfallacismo\u201d ante-litteram di Pasolini. Lo dimostrano vari episodi. Ecco il pi\u00f9 curioso. Proprio nei mesi in cui pi\u00f9 infuriava la polemica pacifista e progressista contro la Fallaci, nel 2004, \u00e8 uscito un disco \u2013 pubblicizzato nei siti internet della sinistra pi\u00f9 vetero \u2013 intitolato \u201cPartigiani! Zuf de Zur\u201d con una copertina che in bianco e nero propone un\u2019immagine della Resistenza. Il disco \u00e8 addirittura introdotto dal parlato di un vecchio partigiano, Giovanni Paddan, commissario politico della Divisione Garibaldi-Natisone.<\/p>\n<p style=\"text-align: justify;\">La raccolta contiene vari canti partigiani, ospita una canzone di Ivan Della Mea tratta dalla lettera di un ragazzo ebreo chiuso in un lager nazista, la voce dell\u2019artista ebreo Moni Ovadia che esegue l\u2019inno della resistenza del ghetto di Vilna e infine Giovanna Marini che interpreta \u201cMadonuta\u201d, un testo di Pier Paolo Pasolini tratto appunto da \u201cI Turcs tal Friul\u201d. Il disco si conclude con una poesia di Ivan Della Mea \u201cContro tutte le guerre senza se e senza ma\u201d. Poesia ultrapacifista che suona assai strana fra tutti quegli inni alla resistenza armata e al combattimento.<\/p>\n<p style=\"text-align: justify;\">Evidentemente \u2013 questa \u00e8 la filosofia del disco e della Sinistra \u2013 l\u2019unica guerra giusta \u00e8 stata quella al nazismo. E il testo di Pasolini \u00e8 stato assimilato ai canti partigiani perch\u00e9 considerato solo una metafora della guerra partigiana. Sennonch\u00e9 l\u2019oppressione islamica non fu affatto una metafora, fu sanguinaria, storicamente devastante e di una efferatezza che non ha eguali. I turchi occupavano la Bosnia dal 1389 e la Slovenia dal 1415. Le loro bande facevano continue razzie in Friuli per saccheggiare le campagne e catturare contadini da vendere come schiavi. Il 31 ottobre 1477 inizia l\u2019invasione dell\u2019esercito turco. Nei paesi fanno strage di uomini, vecchi e bambini, catturando come schiavi ragazzi e donne.<\/p>\n<p style=\"text-align: justify;\">Il 28 settembre 1499 poi 30 mila soldati comandati da Iskander Beg dilagano sulla pianura fra Isonzo e Tagliamento (ma spingendosi fino a Treviso), saccheggiando, stuprando e incendiando citt\u00e0 e villaggi. La povera gente contadina fugge nei boschi, ma molti vengono catturati e deportati e circa 25 mila saranno gli uccisi. \u201cIl 4 ottobre\u201d scrive Archimede Bontempi \u201csatura di bottino e di schiavi, l\u2019armata ottomana si accinge a ripassare il Tagliamento, ma il fiume \u00e8 in piena e non tutti i prigionieri stanno sulle zattere. Iskander Beg ne fa sgozzare pi\u00f9 di mille sul greto del fiume\u201d. L\u2019armata poi \u201ctravolge la disperata resistenza dei friulani guidati da Simone Nusso, di San Daniele, che finisce impalato\u201d.<\/p>\n<p style=\"text-align: justify;\">Non a caso verr\u00e0 proprio da questa insanguinata terra friulana il grande Marco d\u2019Aviano \u2013 frate cappuccino recentemente portato agli onori degli altari dalla Chiesa \u2013 che dette vita alla resistenza cristiana, durante l\u2019assedio di Vienna del 1683. Grazie alla vittoria di Vienna l\u2019Europa fu salva e il protagonista dell\u2019impresa fu Marco d\u2019Aviano. \u201cSenza di lui oggi le italiane, e non solo loro, porterebbero il burqa\u201d dice Renzo Martinelli, regista del film \u201cIl mercante di pietre\u201d, che un Gianfranco Fini conformista e superficiale ha condannato come \u201cbecera propaganda\u201d antislamica.<\/p>\n<p style=\"text-align: justify;\">Le indicibili atrocit\u00e0 degli invasori turchi, le migliaia di vittime e di italiani deportati come schiavi, l\u2019incubo lungo alcuni secoli vissuto dalle nostre popolazioni dal Nord fino al Sud, sembra siano state del tutto cancellate dalla nostra memoria collettiva. Anzi, oggi che l\u2019Unione europea (e per prima l\u2019Italia) sta spalancando le porte alla Turchia (70 milioni di musulmani), si pretende di \u201ccensurare\u201d non solo le atrocit\u00e0 del lontano passato, ma pure quelle recentissime come il genocidio degli armeni (che i turchi non tollerano venga loro rinfacciato).<\/p>\n<p style=\"text-align: justify;\">Nel sito dell\u2019ambasciata turca in Italia si pu\u00f2 leggere una surreale conferenza dell\u2019ambasciatore turco in Italia che, l\u20198 maggio 2003, a Istanbul, racconta la squisita ospitalit\u00e0 ricevuta a Otranto dove nel 1480 i turchi tagliarono la testa agli 800 superstiti maschi dell\u2019assedio. L\u2019ambasciatore prendeva parte come \u201cospite d\u2019onore\u201d alle cerimonie per i 520 anni di quell\u2019evento e non si \u00e8 sprecato in parole di condanna, n\u00e9 in scuse.<\/p>\n<p style=\"text-align: justify;\">Poi \u00e8 stato invitato anche in Friuli perch\u00e9, spiega eufemisticamente, \u201ci nostri avi erano passati anche da questi luoghi\u201d. Per la verit\u00e0 hanno lasciato un ricordo orrido, ma l\u2019ambasciatore dice trionfalmente che \u201cl\u2019amicizia fra i turchi e gli italiani ha sempre vinto\u201d e condanna coloro che \u201csi sono specializzati a trarre inimicizia dalla storia\u201d. Ce l\u2019aveva forse con la Fallaci.<\/p>\n<p style=\"text-align: justify;\">Naturalmente \u00e8 meglio non trarre inimicizia dalla storia, purch\u00e9 per\u00f2 la storia non sia censurata e il giudizio sul male compiuto sia chiaro. Cos\u00ec non sembra oggi visto che la Turchia continua a censurare i crimini del passato e il suo premier Erdogan \u2013 dopo la conferenza del papa a Ratisbona \u2013 \u00e8 stato il pi\u00f9 arrogante nel pretendere le \u201cscuse\u201d del Pontefice, reo di aver citato il Paleologo che ricordava le atrocit\u00e0 delle invasioni musulmane.<\/p>\n<p style=\"text-align: justify;\">L\u2019ambasciatore turco in quella conferenza cit\u00f2 anche l\u2019opera di Pasolini, ma solo en passant. Invece proprio quel testo darebbe un prezioso aiuto al recupero della nostra memoria di popolo. Perch\u00e9 &#8211; come scrisse Enzo Siciliano \u2013 mette in scena, sul modello della tragedia greca, un\u2019 \u201cepica contadina, istintivamente cristiana\u201d ed \u00e8 un \u201celogio della solidariet\u00e0 comunitaria\u201d.<\/p>\n<p style=\"text-align: justify;\">Insomma d\u00e0 voce forte e commovente alle antiche radici cristiane del nostro popolo. Le uniche a resistere. \u201cCristo, piet\u00e0 del nostro Paese\u201d. Questo \u00e8 il grido iniziale dell\u2019opera pasoliana. Il popolo semplice e buono della campagna friulana sente la chiesa come la sua casa e il suo cuore. E sar\u00e0 la preghiera alla fine che salver\u00e0 il villaggio di Casarsa, propiziando il miracolo di un uragano che allontana i barbari sanguinari.<\/p>\n","protected":false},"excerpt":{"rendered":"<p>Dalla newsletter lo Straniero del 30 ottobre 2006 Un curioso precedente\u2026 Che ci pone una domanda: perch\u00e9 il nostro popolo ha completamente perduto la sua memoria storica? Perch\u00e9 sembra aver tagliato completamente le sue radici? Com\u2019\u00e8 possibile cancellare secoli di vita, di fede, di dolore dei nostri padri ? di Antonio Socci<\/p><p><a class=\"more-link btn\" href=\"https:\/\/www.rassegnastampa-totustuus.it\/cattolica\/pasolini-come-la-fallaci-la-minaccia-islamica-sulle-nostre-radici-cristiane\/\">Continua a leggere<\/a><\/p>\n","protected":false},"author":6,"featured_media":32798,"comment_status":"closed","ping_status":"open","sticky":false,"template":"","format":"standard","meta":{"footnotes":""},"categories":[35],"tags":[1347],"class_list":["post-2314","post","type-post","status-publish","format-standard","has-post-thumbnail","hentry","category-islam-in-italia","tag-crisi-morale","item-wrap"],"yoast_head":"<!-- This site is optimized with the Yoast SEO plugin v27.5 - https:\/\/yoast.com\/product\/yoast-seo-wordpress\/ -->\n<title>Pasolini come la Fallaci: la minaccia islamica sulle nostre radici cristiane - Rassegna Stampa Cattolica<\/title>\n<meta name=\"description\" content=\"Rassegna Stampa Cattolica - Per una cultura che nasce dalla Rivelazione cristiana in conformit\u00e0 alla tradizione e al Magistero della Chiesa in opposizione ad ogni relativismo e totalitarismo\" \/>\n<meta name=\"robots\" content=\"index, follow, max-snippet:-1, max-image-preview:large, max-video-preview:-1\" \/>\n<link rel=\"canonical\" href=\"https:\/\/www.rassegnastampa-totustuus.it\/cattolica\/pasolini-come-la-fallaci-la-minaccia-islamica-sulle-nostre-radici-cristiane\/\" \/>\n<meta property=\"og:locale\" content=\"it_IT\" \/>\n<meta property=\"og:type\" content=\"article\" \/>\n<meta property=\"og:title\" content=\"Pasolini come la Fallaci: la minaccia islamica sulle nostre radici cristiane - Rassegna Stampa Cattolica\" \/>\n<meta property=\"og:description\" content=\"Rassegna Stampa Cattolica - Per una cultura che nasce dalla Rivelazione cristiana in conformit\u00e0 alla tradizione e al Magistero della Chiesa in opposizione ad ogni relativismo e totalitarismo\" \/>\n<meta property=\"og:url\" content=\"https:\/\/www.rassegnastampa-totustuus.it\/cattolica\/pasolini-come-la-fallaci-la-minaccia-islamica-sulle-nostre-radici-cristiane\/\" \/>\n<meta property=\"og:site_name\" content=\"Rassegna Stampa Cattolica\" \/>\n<meta property=\"article:publisher\" content=\"https:\/\/www.facebook.com\/rassegnastampacattolica\" \/>\n<meta property=\"article:published_time\" content=\"2006-11-08T23:00:00+00:00\" \/>\n<meta property=\"article:modified_time\" content=\"2016-04-13T10:35:29+00:00\" \/>\n<meta property=\"og:image\" content=\"https:\/\/www.rassegnastampa-totustuus.it\/cattolica\/wp-content\/uploads\/2006\/11\/Pasolini.jpg\" \/>\n\t<meta property=\"og:image:width\" content=\"260\" \/>\n\t<meta property=\"og:image:height\" content=\"194\" \/>\n\t<meta property=\"og:image:type\" content=\"image\/jpeg\" \/>\n<meta name=\"author\" content=\"Redazione\" \/>\n<meta name=\"twitter:card\" content=\"summary_large_image\" \/>\n<meta name=\"twitter:creator\" content=\"@rassegnastampa9\" \/>\n<meta name=\"twitter:site\" content=\"@rassegnastampa9\" \/>\n<meta name=\"twitter:label1\" content=\"Scritto da\" \/>\n\t<meta name=\"twitter:data1\" content=\"Redazione\" \/>\n\t<meta name=\"twitter:label2\" content=\"Tempo di lettura stimato\" \/>\n\t<meta name=\"twitter:data2\" content=\"6 minuti\" \/>\n<script type=\"application\/ld+json\" class=\"yoast-schema-graph\">{\"@context\":\"https:\\\/\\\/schema.org\",\"@graph\":[{\"@type\":\"Article\",\"@id\":\"https:\\\/\\\/www.rassegnastampa-totustuus.it\\\/cattolica\\\/pasolini-come-la-fallaci-la-minaccia-islamica-sulle-nostre-radici-cristiane\\\/#article\",\"isPartOf\":{\"@id\":\"https:\\\/\\\/www.rassegnastampa-totustuus.it\\\/cattolica\\\/pasolini-come-la-fallaci-la-minaccia-islamica-sulle-nostre-radici-cristiane\\\/\"},\"author\":{\"name\":\"Redazione\",\"@id\":\"https:\\\/\\\/www.rassegnastampa-totustuus.it\\\/cattolica\\\/#\\\/schema\\\/person\\\/08f319d2bd1a0904ad9e2bfb7b15e5c3\"},\"headline\":\"Pasolini come la Fallaci: la minaccia islamica sulle nostre radici cristiane\",\"datePublished\":\"2006-11-08T23:00:00+00:00\",\"dateModified\":\"2016-04-13T10:35:29+00:00\",\"mainEntityOfPage\":{\"@id\":\"https:\\\/\\\/www.rassegnastampa-totustuus.it\\\/cattolica\\\/pasolini-come-la-fallaci-la-minaccia-islamica-sulle-nostre-radici-cristiane\\\/\"},\"wordCount\":1230,\"publisher\":{\"@id\":\"https:\\\/\\\/www.rassegnastampa-totustuus.it\\\/cattolica\\\/#organization\"},\"image\":{\"@id\":\"https:\\\/\\\/www.rassegnastampa-totustuus.it\\\/cattolica\\\/pasolini-come-la-fallaci-la-minaccia-islamica-sulle-nostre-radici-cristiane\\\/#primaryimage\"},\"thumbnailUrl\":\"https:\\\/\\\/www.rassegnastampa-totustuus.it\\\/cattolica\\\/wp-content\\\/uploads\\\/2006\\\/11\\\/Pasolini.jpg\",\"keywords\":[\"crisi morale\"],\"articleSection\":[\"Islam in Italia\"],\"inLanguage\":\"it-IT\"},{\"@type\":\"WebPage\",\"@id\":\"https:\\\/\\\/www.rassegnastampa-totustuus.it\\\/cattolica\\\/pasolini-come-la-fallaci-la-minaccia-islamica-sulle-nostre-radici-cristiane\\\/\",\"url\":\"https:\\\/\\\/www.rassegnastampa-totustuus.it\\\/cattolica\\\/pasolini-come-la-fallaci-la-minaccia-islamica-sulle-nostre-radici-cristiane\\\/\",\"name\":\"Pasolini come la Fallaci: la minaccia islamica sulle nostre radici cristiane - Rassegna Stampa Cattolica\",\"isPartOf\":{\"@id\":\"https:\\\/\\\/www.rassegnastampa-totustuus.it\\\/cattolica\\\/#website\"},\"primaryImageOfPage\":{\"@id\":\"https:\\\/\\\/www.rassegnastampa-totustuus.it\\\/cattolica\\\/pasolini-come-la-fallaci-la-minaccia-islamica-sulle-nostre-radici-cristiane\\\/#primaryimage\"},\"image\":{\"@id\":\"https:\\\/\\\/www.rassegnastampa-totustuus.it\\\/cattolica\\\/pasolini-come-la-fallaci-la-minaccia-islamica-sulle-nostre-radici-cristiane\\\/#primaryimage\"},\"thumbnailUrl\":\"https:\\\/\\\/www.rassegnastampa-totustuus.it\\\/cattolica\\\/wp-content\\\/uploads\\\/2006\\\/11\\\/Pasolini.jpg\",\"datePublished\":\"2006-11-08T23:00:00+00:00\",\"dateModified\":\"2016-04-13T10:35:29+00:00\",\"description\":\"Rassegna Stampa Cattolica - Per una cultura che nasce dalla Rivelazione cristiana in conformit\u00e0 alla tradizione e al Magistero della Chiesa in opposizione ad ogni relativismo e totalitarismo\",\"breadcrumb\":{\"@id\":\"https:\\\/\\\/www.rassegnastampa-totustuus.it\\\/cattolica\\\/pasolini-come-la-fallaci-la-minaccia-islamica-sulle-nostre-radici-cristiane\\\/#breadcrumb\"},\"inLanguage\":\"it-IT\",\"potentialAction\":[{\"@type\":\"ReadAction\",\"target\":[\"https:\\\/\\\/www.rassegnastampa-totustuus.it\\\/cattolica\\\/pasolini-come-la-fallaci-la-minaccia-islamica-sulle-nostre-radici-cristiane\\\/\"]}]},{\"@type\":\"ImageObject\",\"inLanguage\":\"it-IT\",\"@id\":\"https:\\\/\\\/www.rassegnastampa-totustuus.it\\\/cattolica\\\/pasolini-come-la-fallaci-la-minaccia-islamica-sulle-nostre-radici-cristiane\\\/#primaryimage\",\"url\":\"https:\\\/\\\/www.rassegnastampa-totustuus.it\\\/cattolica\\\/wp-content\\\/uploads\\\/2006\\\/11\\\/Pasolini.jpg\",\"contentUrl\":\"https:\\\/\\\/www.rassegnastampa-totustuus.it\\\/cattolica\\\/wp-content\\\/uploads\\\/2006\\\/11\\\/Pasolini.jpg\",\"width\":260,\"height\":194},{\"@type\":\"BreadcrumbList\",\"@id\":\"https:\\\/\\\/www.rassegnastampa-totustuus.it\\\/cattolica\\\/pasolini-come-la-fallaci-la-minaccia-islamica-sulle-nostre-radici-cristiane\\\/#breadcrumb\",\"itemListElement\":[{\"@type\":\"ListItem\",\"position\":1,\"name\":\"Home\",\"item\":\"https:\\\/\\\/www.rassegnastampa-totustuus.it\\\/cattolica\\\/\"},{\"@type\":\"ListItem\",\"position\":2,\"name\":\"Pasolini come la Fallaci: la minaccia islamica sulle nostre radici cristiane\"}]},{\"@type\":\"WebSite\",\"@id\":\"https:\\\/\\\/www.rassegnastampa-totustuus.it\\\/cattolica\\\/#website\",\"url\":\"https:\\\/\\\/www.rassegnastampa-totustuus.it\\\/cattolica\\\/\",\"name\":\"Rassegna Stampa Cattolica\",\"description\":\"Per una cultura che nasce dalla Rivelazione cristiana in conformit\u00e0 alla tradizione e al Magistero della Chiesa in opposizione ad ogni relativismo e totalitarismo\",\"publisher\":{\"@id\":\"https:\\\/\\\/www.rassegnastampa-totustuus.it\\\/cattolica\\\/#organization\"},\"alternateName\":\"Rass. Cattolica\",\"potentialAction\":[{\"@type\":\"SearchAction\",\"target\":{\"@type\":\"EntryPoint\",\"urlTemplate\":\"https:\\\/\\\/www.rassegnastampa-totustuus.it\\\/cattolica\\\/?s={search_term_string}\"},\"query-input\":{\"@type\":\"PropertyValueSpecification\",\"valueRequired\":true,\"valueName\":\"search_term_string\"}}],\"inLanguage\":\"it-IT\"},{\"@type\":\"Organization\",\"@id\":\"https:\\\/\\\/www.rassegnastampa-totustuus.it\\\/cattolica\\\/#organization\",\"name\":\"Rassegna Stampa Cattolica\",\"url\":\"https:\\\/\\\/www.rassegnastampa-totustuus.it\\\/cattolica\\\/\",\"logo\":{\"@type\":\"ImageObject\",\"inLanguage\":\"it-IT\",\"@id\":\"https:\\\/\\\/www.rassegnastampa-totustuus.it\\\/cattolica\\\/#\\\/schema\\\/logo\\\/image\\\/\",\"url\":\"https:\\\/\\\/www.rassegnastampa-totustuus.it\\\/cattolica\\\/wp-content\\\/uploads\\\/2014\\\/04\\\/logo-rassegna1.gif\",\"contentUrl\":\"https:\\\/\\\/www.rassegnastampa-totustuus.it\\\/cattolica\\\/wp-content\\\/uploads\\\/2014\\\/04\\\/logo-rassegna1.gif\",\"width\":600,\"height\":163,\"caption\":\"Rassegna Stampa Cattolica\"},\"image\":{\"@id\":\"https:\\\/\\\/www.rassegnastampa-totustuus.it\\\/cattolica\\\/#\\\/schema\\\/logo\\\/image\\\/\"},\"sameAs\":[\"https:\\\/\\\/www.facebook.com\\\/rassegnastampacattolica\",\"https:\\\/\\\/x.com\\\/rassegnastampa9\"]},{\"@type\":\"Person\",\"@id\":\"https:\\\/\\\/www.rassegnastampa-totustuus.it\\\/cattolica\\\/#\\\/schema\\\/person\\\/08f319d2bd1a0904ad9e2bfb7b15e5c3\",\"name\":\"Redazione\",\"image\":{\"@type\":\"ImageObject\",\"inLanguage\":\"it-IT\",\"@id\":\"https:\\\/\\\/secure.gravatar.com\\\/avatar\\\/2fcdf27c78ea025fbdb44e914cc63c72249ffec9dc8aafd5c82b26240ef3f346?s=96&d=mm&r=g\",\"url\":\"https:\\\/\\\/secure.gravatar.com\\\/avatar\\\/2fcdf27c78ea025fbdb44e914cc63c72249ffec9dc8aafd5c82b26240ef3f346?s=96&d=mm&r=g\",\"contentUrl\":\"https:\\\/\\\/secure.gravatar.com\\\/avatar\\\/2fcdf27c78ea025fbdb44e914cc63c72249ffec9dc8aafd5c82b26240ef3f346?s=96&d=mm&r=g\",\"caption\":\"Redazione\"},\"url\":\"https:\\\/\\\/www.rassegnastampa-totustuus.it\\\/cattolica\\\/author\\\/pietroelle\\\/\"}]}<\/script>\n<!-- \/ Yoast SEO plugin. -->","yoast_head_json":{"title":"Pasolini come la Fallaci: la minaccia islamica sulle nostre radici cristiane - Rassegna Stampa Cattolica","description":"Rassegna Stampa Cattolica - Per una cultura che nasce dalla Rivelazione cristiana in conformit\u00e0 alla tradizione e al Magistero della Chiesa in opposizione ad ogni relativismo e totalitarismo","robots":{"index":"index","follow":"follow","max-snippet":"max-snippet:-1","max-image-preview":"max-image-preview:large","max-video-preview":"max-video-preview:-1"},"canonical":"https:\/\/www.rassegnastampa-totustuus.it\/cattolica\/pasolini-come-la-fallaci-la-minaccia-islamica-sulle-nostre-radici-cristiane\/","og_locale":"it_IT","og_type":"article","og_title":"Pasolini come la Fallaci: la minaccia islamica sulle nostre radici cristiane - Rassegna Stampa Cattolica","og_description":"Rassegna Stampa Cattolica - Per una cultura che nasce dalla Rivelazione cristiana in conformit\u00e0 alla tradizione e al Magistero della Chiesa in opposizione ad ogni relativismo e totalitarismo","og_url":"https:\/\/www.rassegnastampa-totustuus.it\/cattolica\/pasolini-come-la-fallaci-la-minaccia-islamica-sulle-nostre-radici-cristiane\/","og_site_name":"Rassegna Stampa Cattolica","article_publisher":"https:\/\/www.facebook.com\/rassegnastampacattolica","article_published_time":"2006-11-08T23:00:00+00:00","article_modified_time":"2016-04-13T10:35:29+00:00","og_image":[{"width":260,"height":194,"url":"https:\/\/www.rassegnastampa-totustuus.it\/cattolica\/wp-content\/uploads\/2006\/11\/Pasolini.jpg","type":"image\/jpeg"}],"author":"Redazione","twitter_card":"summary_large_image","twitter_creator":"@rassegnastampa9","twitter_site":"@rassegnastampa9","twitter_misc":{"Scritto da":"Redazione","Tempo di lettura stimato":"6 minuti"},"schema":{"@context":"https:\/\/schema.org","@graph":[{"@type":"Article","@id":"https:\/\/www.rassegnastampa-totustuus.it\/cattolica\/pasolini-come-la-fallaci-la-minaccia-islamica-sulle-nostre-radici-cristiane\/#article","isPartOf":{"@id":"https:\/\/www.rassegnastampa-totustuus.it\/cattolica\/pasolini-come-la-fallaci-la-minaccia-islamica-sulle-nostre-radici-cristiane\/"},"author":{"name":"Redazione","@id":"https:\/\/www.rassegnastampa-totustuus.it\/cattolica\/#\/schema\/person\/08f319d2bd1a0904ad9e2bfb7b15e5c3"},"headline":"Pasolini come la Fallaci: la minaccia islamica sulle nostre radici cristiane","datePublished":"2006-11-08T23:00:00+00:00","dateModified":"2016-04-13T10:35:29+00:00","mainEntityOfPage":{"@id":"https:\/\/www.rassegnastampa-totustuus.it\/cattolica\/pasolini-come-la-fallaci-la-minaccia-islamica-sulle-nostre-radici-cristiane\/"},"wordCount":1230,"publisher":{"@id":"https:\/\/www.rassegnastampa-totustuus.it\/cattolica\/#organization"},"image":{"@id":"https:\/\/www.rassegnastampa-totustuus.it\/cattolica\/pasolini-come-la-fallaci-la-minaccia-islamica-sulle-nostre-radici-cristiane\/#primaryimage"},"thumbnailUrl":"https:\/\/www.rassegnastampa-totustuus.it\/cattolica\/wp-content\/uploads\/2006\/11\/Pasolini.jpg","keywords":["crisi morale"],"articleSection":["Islam in Italia"],"inLanguage":"it-IT"},{"@type":"WebPage","@id":"https:\/\/www.rassegnastampa-totustuus.it\/cattolica\/pasolini-come-la-fallaci-la-minaccia-islamica-sulle-nostre-radici-cristiane\/","url":"https:\/\/www.rassegnastampa-totustuus.it\/cattolica\/pasolini-come-la-fallaci-la-minaccia-islamica-sulle-nostre-radici-cristiane\/","name":"Pasolini come la Fallaci: la minaccia islamica sulle nostre radici cristiane - Rassegna Stampa Cattolica","isPartOf":{"@id":"https:\/\/www.rassegnastampa-totustuus.it\/cattolica\/#website"},"primaryImageOfPage":{"@id":"https:\/\/www.rassegnastampa-totustuus.it\/cattolica\/pasolini-come-la-fallaci-la-minaccia-islamica-sulle-nostre-radici-cristiane\/#primaryimage"},"image":{"@id":"https:\/\/www.rassegnastampa-totustuus.it\/cattolica\/pasolini-come-la-fallaci-la-minaccia-islamica-sulle-nostre-radici-cristiane\/#primaryimage"},"thumbnailUrl":"https:\/\/www.rassegnastampa-totustuus.it\/cattolica\/wp-content\/uploads\/2006\/11\/Pasolini.jpg","datePublished":"2006-11-08T23:00:00+00:00","dateModified":"2016-04-13T10:35:29+00:00","description":"Rassegna Stampa Cattolica - Per una cultura che nasce dalla Rivelazione cristiana in conformit\u00e0 alla tradizione e al Magistero della Chiesa in opposizione ad ogni relativismo e totalitarismo","breadcrumb":{"@id":"https:\/\/www.rassegnastampa-totustuus.it\/cattolica\/pasolini-come-la-fallaci-la-minaccia-islamica-sulle-nostre-radici-cristiane\/#breadcrumb"},"inLanguage":"it-IT","potentialAction":[{"@type":"ReadAction","target":["https:\/\/www.rassegnastampa-totustuus.it\/cattolica\/pasolini-come-la-fallaci-la-minaccia-islamica-sulle-nostre-radici-cristiane\/"]}]},{"@type":"ImageObject","inLanguage":"it-IT","@id":"https:\/\/www.rassegnastampa-totustuus.it\/cattolica\/pasolini-come-la-fallaci-la-minaccia-islamica-sulle-nostre-radici-cristiane\/#primaryimage","url":"https:\/\/www.rassegnastampa-totustuus.it\/cattolica\/wp-content\/uploads\/2006\/11\/Pasolini.jpg","contentUrl":"https:\/\/www.rassegnastampa-totustuus.it\/cattolica\/wp-content\/uploads\/2006\/11\/Pasolini.jpg","width":260,"height":194},{"@type":"BreadcrumbList","@id":"https:\/\/www.rassegnastampa-totustuus.it\/cattolica\/pasolini-come-la-fallaci-la-minaccia-islamica-sulle-nostre-radici-cristiane\/#breadcrumb","itemListElement":[{"@type":"ListItem","position":1,"name":"Home","item":"https:\/\/www.rassegnastampa-totustuus.it\/cattolica\/"},{"@type":"ListItem","position":2,"name":"Pasolini come la Fallaci: la minaccia islamica sulle nostre radici cristiane"}]},{"@type":"WebSite","@id":"https:\/\/www.rassegnastampa-totustuus.it\/cattolica\/#website","url":"https:\/\/www.rassegnastampa-totustuus.it\/cattolica\/","name":"Rassegna Stampa Cattolica","description":"Per una cultura che nasce dalla Rivelazione cristiana in conformit\u00e0 alla tradizione e al Magistero della Chiesa in opposizione ad ogni relativismo e totalitarismo","publisher":{"@id":"https:\/\/www.rassegnastampa-totustuus.it\/cattolica\/#organization"},"alternateName":"Rass. Cattolica","potentialAction":[{"@type":"SearchAction","target":{"@type":"EntryPoint","urlTemplate":"https:\/\/www.rassegnastampa-totustuus.it\/cattolica\/?s={search_term_string}"},"query-input":{"@type":"PropertyValueSpecification","valueRequired":true,"valueName":"search_term_string"}}],"inLanguage":"it-IT"},{"@type":"Organization","@id":"https:\/\/www.rassegnastampa-totustuus.it\/cattolica\/#organization","name":"Rassegna Stampa Cattolica","url":"https:\/\/www.rassegnastampa-totustuus.it\/cattolica\/","logo":{"@type":"ImageObject","inLanguage":"it-IT","@id":"https:\/\/www.rassegnastampa-totustuus.it\/cattolica\/#\/schema\/logo\/image\/","url":"https:\/\/www.rassegnastampa-totustuus.it\/cattolica\/wp-content\/uploads\/2014\/04\/logo-rassegna1.gif","contentUrl":"https:\/\/www.rassegnastampa-totustuus.it\/cattolica\/wp-content\/uploads\/2014\/04\/logo-rassegna1.gif","width":600,"height":163,"caption":"Rassegna Stampa Cattolica"},"image":{"@id":"https:\/\/www.rassegnastampa-totustuus.it\/cattolica\/#\/schema\/logo\/image\/"},"sameAs":["https:\/\/www.facebook.com\/rassegnastampacattolica","https:\/\/x.com\/rassegnastampa9"]},{"@type":"Person","@id":"https:\/\/www.rassegnastampa-totustuus.it\/cattolica\/#\/schema\/person\/08f319d2bd1a0904ad9e2bfb7b15e5c3","name":"Redazione","image":{"@type":"ImageObject","inLanguage":"it-IT","@id":"https:\/\/secure.gravatar.com\/avatar\/2fcdf27c78ea025fbdb44e914cc63c72249ffec9dc8aafd5c82b26240ef3f346?s=96&d=mm&r=g","url":"https:\/\/secure.gravatar.com\/avatar\/2fcdf27c78ea025fbdb44e914cc63c72249ffec9dc8aafd5c82b26240ef3f346?s=96&d=mm&r=g","contentUrl":"https:\/\/secure.gravatar.com\/avatar\/2fcdf27c78ea025fbdb44e914cc63c72249ffec9dc8aafd5c82b26240ef3f346?s=96&d=mm&r=g","caption":"Redazione"},"url":"https:\/\/www.rassegnastampa-totustuus.it\/cattolica\/author\/pietroelle\/"}]}},"_links":{"self":[{"href":"https:\/\/www.rassegnastampa-totustuus.it\/cattolica\/wp-json\/wp\/v2\/posts\/2314","targetHints":{"allow":["GET"]}}],"collection":[{"href":"https:\/\/www.rassegnastampa-totustuus.it\/cattolica\/wp-json\/wp\/v2\/posts"}],"about":[{"href":"https:\/\/www.rassegnastampa-totustuus.it\/cattolica\/wp-json\/wp\/v2\/types\/post"}],"author":[{"embeddable":true,"href":"https:\/\/www.rassegnastampa-totustuus.it\/cattolica\/wp-json\/wp\/v2\/users\/6"}],"replies":[{"embeddable":true,"href":"https:\/\/www.rassegnastampa-totustuus.it\/cattolica\/wp-json\/wp\/v2\/comments?post=2314"}],"version-history":[{"count":4,"href":"https:\/\/www.rassegnastampa-totustuus.it\/cattolica\/wp-json\/wp\/v2\/posts\/2314\/revisions"}],"predecessor-version":[{"id":32799,"href":"https:\/\/www.rassegnastampa-totustuus.it\/cattolica\/wp-json\/wp\/v2\/posts\/2314\/revisions\/32799"}],"wp:featuredmedia":[{"embeddable":true,"href":"https:\/\/www.rassegnastampa-totustuus.it\/cattolica\/wp-json\/wp\/v2\/media\/32798"}],"wp:attachment":[{"href":"https:\/\/www.rassegnastampa-totustuus.it\/cattolica\/wp-json\/wp\/v2\/media?parent=2314"}],"wp:term":[{"taxonomy":"category","embeddable":true,"href":"https:\/\/www.rassegnastampa-totustuus.it\/cattolica\/wp-json\/wp\/v2\/categories?post=2314"},{"taxonomy":"post_tag","embeddable":true,"href":"https:\/\/www.rassegnastampa-totustuus.it\/cattolica\/wp-json\/wp\/v2\/tags?post=2314"}],"curies":[{"name":"wp","href":"https:\/\/api.w.org\/{rel}","templated":true}]}}