{"id":2311,"date":"2006-11-09T00:00:00","date_gmt":"2006-11-08T23:00:00","guid":{"rendered":""},"modified":"2016-06-16T12:27:17","modified_gmt":"2016-06-16T10:27:17","slug":"sullomosessualit-i-cristiani-vengono-ridotti-al-silenzio","status":"publish","type":"post","link":"https:\/\/www.rassegnastampa-totustuus.it\/cattolica\/sullomosessualit-i-cristiani-vengono-ridotti-al-silenzio\/","title":{"rendered":"Sull\u2019omosessualit&agrave; i cristiani vengono ridotti al silenzio"},"content":{"rendered":"<div style=\"text-align: center;\"><img loading=\"lazy\" decoding=\"async\" class=\"alignleft wp-image-35006\" src=\"https:\/\/www.rassegnastampa-totustuus.it\/cattolica\/wp-content\/uploads\/2006\/11\/imbavagliato.jpg\" alt=\"imbavagliato\" width=\"240\" height=\"180\" \/>Agenzia <strong>Zenit<\/strong>\u00a0 mercoled\u00ec 18 ottobre 2006<\/div>\n<p style=\"text-align: center;\"><em>Azioni legali contro chi esprime la propria opinione <\/em><\/p>\n<p style=\"text-align: center;\">di <strong>Padre John Flynn<\/strong><\/p>\n<p><!--more--><\/p>\n<div style=\"text-align: justify;\">LONDRA, In molti Paesi, chi parla pubblicamente contro l\u2019omosessualit\u00e0 rischia serie conseguenze legali. E nella battaglia in corso, diretta a tutelare la libert\u00e0 di espressione dei Cristiani, il futuro \u00e8 tutt\u2019altro che roseo.<\/div>\n<p style=\"text-align: justify;\">Una recente vittoria in questo senso si \u00e8 registrata in Gran Bretagna, con l\u2019archiviazione dell\u2019accusa contro Stephen Green, come riportato dal quotidiano <em>Telegraph<\/em> il 29 settembre. Green era stato arrestato ai primi di settembre per aver distribuito dei libretti in un \u201cmarted\u00ec grasso\u201d per omosessuali a Cardiff, nel Galles. Il libretto conteneva dei versi della Bibbia sull\u2019omosessualit\u00e0. Nel corso di un\u2019udienza di tribunale, che si \u00e8 svolta due settimane fa, il pubblico ministero ha annunciato di voler ritirare le accuse.<\/p>\n<p style=\"text-align: justify;\">Secondo un servizio apparso il 6 settembre sul quotidiano <em>Daily Mail<\/em>, la polizia avrebbe affermato che Green non si era comportato in modo violento o aggressivo, e che la sua unica offesa era stata quella di aver distribuito i libretti. L\u2019articolo osserva poi che l\u2019episodio rientra in una serie di azioni intraprese dalla polizia contro l\u2019espressione di opinioni contrarie all\u2019omosessualit\u00e0.<\/p>\n<p style=\"text-align: justify;\">In questo senso, la scrittrice Lynette Burrows \u00e8 stata ammonita in relazione ad un \u201cincidente omofobico\u201d, perch\u00e9, nel corso del programma in diretta <em>BBC Radio Five Live<\/em>, avrebbe che gli omosessuali non rappresentano dei genitori adottivi ideali.<\/p>\n<p style=\"text-align: justify;\">Una coppia cristiana del Lancashire \u00e8 stata redarguita dopo aver criticato le politiche del consiglio locale, favorevoli ai diritti degli omosessuali. E la polizia di Londra ha aperto un\u2019indagine su Sir Iqbal Sacranie, gi\u00e0 esponente del \u201cMuslim Council of Britain\u201d, per aver detto in un intervista che l\u2019omosessualit\u00e0 \u00e8 dannosa.<\/p>\n<p style=\"text-align: justify;\">Il comportamento della polizia sull\u2019omosessualit\u00e0 \u00e8 stato oggetto di un comunicato stampa del \u201cChristian Institute\u201d il 22 settembre. Questa organizzazione ha affermato &#8211; mentre su Green pendevano ancora le accuse &#8211; che la \u201cGay Police Association\u201d non sar\u00e0 oggetto di procedimento giudiziario per aver pubblicato un\u2019immagine pubblicitaria che mostra un Cristianesimo violento contro gli omosessuali. Pi\u00f9 di 40.000 lamentele da parte dei cittadini sono state formulate su questa immagine, secondo il \u201cChristian Institute\u201d.<\/p>\n<p style=\"text-align: justify;\"><strong>Pressioni dell\u2019Unione europea<\/strong><\/p>\n<p style=\"text-align: justify;\">Al caso Green potrebbero presto seguire molti altri, se la normativa in itinere, proposta dal Governo britannico, venisse approvata. La legge sull\u2019orientamento sessuale introdurrebbe, tra le altre cose, il reato della discriminazione omosessuale<\/p>\n<p style=\"text-align: justify;\">In un commento pubblicato il 2 ottobre sul <em>Telegraph<\/em>, Philip Johnston ha osservato che la normativa \u00e8 oggetto di pressioni insistenti da parte dell\u2019Unione europea. Dopo una prima fase di consultazioni, che ha visto una forte opposizione da parte dei gruppi religiosi, il Governo ha preso in considerazione l\u2019eventualit\u00e0 di modificare la normativa proposta.<\/p>\n<p style=\"text-align: justify;\">Uno dei problemi sollevati, ha osservato Johnston, \u00e8 il contrasto tra diritti. I cristiani sostengono il loro diritto ad esprimere una visione fondata sulla propria fede religiosa, mente i gruppi omosessuali vorrebbero mettere a tacere ogni opposizione, introducendo un divieto di discriminazione. \u201cQueste sono le torbide acque in cui si entra quando si vogliono proclamare nuovi \u2018diritti\u2019 nell\u2019ordinamento giuridico\u201d, ha concluso Johnston.<\/p>\n<p style=\"text-align: justify;\">La proposta di legge \u00e8 stata oggetto di forti critiche da parte del cardinale scozzese Keith O&#8217;Brien. In un\u2019omelia rivolta il 14 giugno ai parlamentari, il porporato ha avvertito che le norme proposte sono \u201cuna minaccia alla libert\u00e0 di coscienza\u201d e \u201calla libert\u00e0 religiosa\u201d.<\/p>\n<p style=\"text-align: justify;\">Le parole del cardinale sono state pronunciate nel cuore del Parlamento britannico, in una cripta della Camera dei comuni.<\/p>\n<p style=\"text-align: justify;\">\u201cOgni legge approvata da autorit\u00e0 umane deve sempre rispettare la dignit\u00e0 della persona umana e l\u2019integrit\u00e0 di coscienza di ciascuno, sia essa formata da principi cristiani o da qualsiasi altro credo\u201d, ha insistito il cardinale O&#8217;Brien. \u201cI confini del ruolo dello Stato vengono superati quando si calpesta la legittima libert\u00e0 di coscienza e quando si impongono valori privi di fondamento razionale e sociologico\u201d.<\/p>\n<p style=\"text-align: justify;\">Questa carenza di libert\u00e0 \u00e8 emersa di recente in un episodio avvenuto in Scozia. Nove vigili del fuoco di Strathclyde sono stati sottoposti a procedimento disciplinare per essersi rifiutati di distribuire volantini sulla sicurezza ad un \u201cgay pride\u201d, secondo il <em>Guardian<\/em> del 1\u00b0 settembre.<\/p>\n<p style=\"text-align: justify;\">La manifestazione era avvenuta nel mese di giugno. Come punizione, ai pompieri \u00e8 stato imposto di partecipare ad un corso intensivo di \u201cformazione alla diversit\u00e0\u201d. Uno degli uomini \u00e8 stato degradato, con una conseguente perdita di circa 5.000 sterline (7.400 euro) del proprio stipendio.<\/p>\n<p style=\"text-align: justify;\">Scrivendo sul <em>Sunday Herald<\/em> del 3 settembre, l\u2019arcivescovo Mario Conti di Glasgow ha spiegato che certamente \u00e8 necessario impartire agli omosessuali, come a chiunque altro, le opportune istruzioni circa la sicurezza, ma che il luogo adatto per farlo non \u00e8 durante un\u2019attivit\u00e0 di tipo carnevalesco. I vigili del fuoco, ha osservato, sapevano che andando a questo evento \u201csarebbero stati oggetto di derisione, di commenti sconvenienti e, per alcuni di loro, di gravi insulti alle proprie convinzioni religiose\u201d.<\/p>\n<p style=\"text-align: justify;\">Secondo l\u2019arcivescovo, il vero motivo dell\u2019ordine di distribuire foglietti per la sicurezza alla manifestazione \u201cnon era quello di trasmettere istruzioni sull\u2019incolumit\u00e0 personale, ma di consentire ai vigili del fuoco di essere visti come un\u2019istituzione tollerante che \u2018accoglie la diversit\u00e0\u2019 e che \u00e8 politicamente corretta\u201d. Questa tolleranza, tuttavia, non era estesa anche alle convinzioni personali degli stessi vigili.<\/p>\n<p style=\"text-align: justify;\"><strong>Licenziamenti<\/strong><\/p>\n<p style=\"text-align: justify;\">Episodi analoghi sono avvenuti anche negli Stati Uniti. Robert J. Smith, un membro della Washington Metropolitan Area Transit Authority, ha perso il suo posto di lavoro dopo aver sostenuto, in una trasmissione locale via cavo, che l\u2019omosessualit\u00e0 rappresenta una \u201cdevianza sessuale\u201d.<\/p>\n<p style=\"text-align: justify;\">Secondo il quotidiano <em>Baltimore Sun<\/em> del 16 giugno, il governatore Robert Ehrlich Jr. ha licenziato il signor Smith. Ehrlich ha descritto i commenti di Smith come \u201cinopportuni, insensibili e inaccettabili\u201d, e \u201cin diretto contrasto con l\u2019impegno della mia amministrazione all&#8217;inclusione, la tolleranza e le pari opportunit\u00e0\u201d.<\/p>\n<p style=\"text-align: justify;\">Dopo il suo licenziamento, Smith &#8211; cattolico &#8211; ha rivendicato il suo diritto di esprimere la propria opinione. Egli si era pronunciato nell\u2019ambito di un <em>talk show<\/em> in cui si parlava del matrimonio omosessuale.<\/p>\n<p style=\"text-align: justify;\">Intanto, in California, il governatore Arnold Schwarzenegger ha firmato una legge che vieta ai servizi finanziati da fondi pubblici, come la polizia, i vigili del fuoco e le universit\u00e0, di operare discriminazioni ai danni degli omosessuali, dei bisessuali e dei transessuali.<\/p>\n<p style=\"text-align: justify;\">Alcune organizzazioni cristiane e non hanno criticato questa iniziativa, in quanto pregiudica le universit\u00e0 religiose, gli asili nido e le organizzazioni non profit, secondo quanto riportato dal <em>Washington Times<\/em> il 31 agosto. Tutti gli enti che hanno sottoscritto contratti pubblici o che ricevono finanziamenti pubblici, corrono quindi il rischio di dover accettare impiegati omosessuali, bisessuali o transessuali.<\/p>\n<p style=\"text-align: justify;\"><strong>Una vittoria&#8230;per ora<\/strong><\/p>\n<p style=\"text-align: justify;\">In Canada, qualche mese fa, i cristiani hanno vinto una lunga battaglia per la libert\u00e0 di espressione religiosa. Il quotidiano <em>National Post<\/em> ha riferito il 17 aprile che una giuria di tre giudici della Corte d\u2019appello di Saskatchewan ha rovesciato una sentenza emessa sul caso Hugh Owens. Owens, cristiano, era stato condannato per aver fatto pubblicare inserzioni su un giornale recanti brani della Bibbia contrari all\u2019omosessualit\u00e0.<\/p>\n<p style=\"text-align: justify;\">Nel 1997, Owens aveva pubblicato, nel <em>Saskatoon Star-Phoenix<\/em>, una replica personale alle pubblicit\u00e0 sulla \u201csettimana del gay pride\u201d. Allora era stato dichiarato colpevole per aver violato il codice dei diritti umani di Saskatchewan, sebbene esso contenga alcune eccezioni motivate dalla fede religiosa e dal diritto alla libert\u00e0 di parola.<\/p>\n<p style=\"text-align: justify;\">La sentenza di aprile, tuttavia, non rappresenta una netta vittoria, secondo il <em>National Post<\/em>. La Corte ha infatti osservato che nella situazione attuale, in cui gli omosessuali hanno acquisito maggiori diritti, una simile inserzione su un giornale potrebbe non essere pi\u00f9 ammessa.<\/p>\n<p style=\"text-align: justify;\">In questo contesto, il vescovo di Calgary, Frederick Henry, ha espresso in una lettera pastorale la sua preoccupazione per la minaccia che incombe sui cristiani che si oppongono all\u2019omosessualit\u00e0. Nella sua lettera del 6 settembre, monsignor Henry ha incoraggiato i cattolici a farsi sentire contro le modifiche legislative, introdotte lo scorso anno, che consentono il matrimonio tra persone dello stesso sesso.<\/p>\n<p style=\"text-align: justify;\">\u201cLo stile di vita omosessuale viene imposto oggi come pienamente legittimo, quando in realt\u00e0 esso \u00e8 deleterio e immorale\u201d, ha affermato. \u201cViene minacciata la libert\u00e0 d\u2019espressione di chi si oppone al \u2018matrimonio\u2019 pubblico tra persone dello stesso sesso\u201d. E i funzionari civili che si rifiutano di celebrare matrimoni omosessuali vengono licenziati.<\/p>\n<p style=\"text-align: justify;\">In un discorso rivolto ai vescovi della provincia canadese dell\u2019Ontario, Benedetto XVI ha avvertito di un drammatico divario tra il Vangelo e la cultura contemporanea. Nel suo intervento pronunciato l\u20198 settembre scorso, il Papa ha osservato che \u201cnel nome della \u2018tolleranza\u2019 il vostro Paese ha dovuto sopportare la follia della ridefinizione del termine \u2018consorte\u2019 \u201d.<\/p>\n<p style=\"text-align: justify;\">\u201cLa democrazia riesce solo se si basa sulla verit\u00e0 e su una corretta comprensione della persona umana\u201d, ha spiegato il Pontefice. I cattolici impegnati in politica e nella vita civile non possono \u201cscendere a compromessi su questo principio\u201d, ha aggiunto. Principi che verosimilmente saranno oggetto di ulteriori battaglie.<\/p>\n","protected":false},"excerpt":{"rendered":"<p>Agenzia Zenit\u00a0 mercoled\u00ec 18 ottobre 2006 Azioni legali contro chi esprime la propria opinione di Padre John Flynn<\/p><p><a class=\"more-link btn\" href=\"https:\/\/www.rassegnastampa-totustuus.it\/cattolica\/sullomosessualit-i-cristiani-vengono-ridotti-al-silenzio\/\">Continua a leggere<\/a><\/p>\n","protected":false},"author":6,"featured_media":35006,"comment_status":"closed","ping_status":"open","sticky":false,"template":"","format":"standard","meta":{"footnotes":""},"categories":[5,48],"tags":[470],"class_list":["post-2311","post","type-post","status-publish","format-standard","has-post-thumbnail","hentry","category-chiesa","category-omosessualit","tag-cristiani-perseguitati-2","item-wrap"],"yoast_head":"<!-- This site is optimized with the Yoast SEO plugin v27.4 - https:\/\/yoast.com\/product\/yoast-seo-wordpress\/ -->\n<title>Sull\u2019omosessualit&agrave; i cristiani vengono ridotti al silenzio - Rassegna Stampa Cattolica<\/title>\n<meta name=\"description\" content=\"Rassegna Stampa Cattolica - Per una cultura che nasce dalla Rivelazione cristiana in conformit\u00e0 alla tradizione e al Magistero della Chiesa in opposizione ad ogni relativismo e totalitarismo\" \/>\n<meta name=\"robots\" content=\"index, follow, max-snippet:-1, max-image-preview:large, max-video-preview:-1\" \/>\n<link rel=\"canonical\" href=\"https:\/\/www.rassegnastampa-totustuus.it\/cattolica\/sullomosessualit-i-cristiani-vengono-ridotti-al-silenzio\/\" \/>\n<meta property=\"og:locale\" content=\"it_IT\" \/>\n<meta property=\"og:type\" content=\"article\" \/>\n<meta property=\"og:title\" content=\"Sull\u2019omosessualit&agrave; i cristiani vengono ridotti al silenzio - Rassegna Stampa Cattolica\" \/>\n<meta property=\"og:description\" content=\"Rassegna Stampa Cattolica - Per una cultura che nasce dalla Rivelazione cristiana in conformit\u00e0 alla tradizione e al Magistero della Chiesa in opposizione ad ogni relativismo e totalitarismo\" \/>\n<meta property=\"og:url\" content=\"https:\/\/www.rassegnastampa-totustuus.it\/cattolica\/sullomosessualit-i-cristiani-vengono-ridotti-al-silenzio\/\" \/>\n<meta property=\"og:site_name\" content=\"Rassegna Stampa Cattolica\" \/>\n<meta property=\"article:publisher\" content=\"https:\/\/www.facebook.com\/rassegnastampacattolica\" \/>\n<meta property=\"article:published_time\" content=\"2006-11-08T23:00:00+00:00\" \/>\n<meta property=\"article:modified_time\" content=\"2016-06-16T10:27:17+00:00\" \/>\n<meta property=\"og:image\" content=\"https:\/\/www.rassegnastampa-totustuus.it\/cattolica\/wp-content\/uploads\/2006\/11\/imbavagliato.jpg\" \/>\n\t<meta property=\"og:image:width\" content=\"259\" \/>\n\t<meta property=\"og:image:height\" content=\"194\" \/>\n\t<meta property=\"og:image:type\" content=\"image\/jpeg\" \/>\n<meta name=\"author\" content=\"Redazione\" \/>\n<meta name=\"twitter:card\" content=\"summary_large_image\" \/>\n<meta name=\"twitter:creator\" content=\"@rassegnastampa9\" \/>\n<meta name=\"twitter:site\" content=\"@rassegnastampa9\" \/>\n<meta name=\"twitter:label1\" content=\"Scritto da\" \/>\n\t<meta name=\"twitter:data1\" content=\"Redazione\" \/>\n\t<meta name=\"twitter:label2\" content=\"Tempo di lettura stimato\" \/>\n\t<meta name=\"twitter:data2\" content=\"7 minuti\" \/>\n<script type=\"application\/ld+json\" class=\"yoast-schema-graph\">{\"@context\":\"https:\\\/\\\/schema.org\",\"@graph\":[{\"@type\":\"Article\",\"@id\":\"https:\\\/\\\/www.rassegnastampa-totustuus.it\\\/cattolica\\\/sullomosessualit-i-cristiani-vengono-ridotti-al-silenzio\\\/#article\",\"isPartOf\":{\"@id\":\"https:\\\/\\\/www.rassegnastampa-totustuus.it\\\/cattolica\\\/sullomosessualit-i-cristiani-vengono-ridotti-al-silenzio\\\/\"},\"author\":{\"name\":\"Redazione\",\"@id\":\"https:\\\/\\\/www.rassegnastampa-totustuus.it\\\/cattolica\\\/#\\\/schema\\\/person\\\/08f319d2bd1a0904ad9e2bfb7b15e5c3\"},\"headline\":\"Sull\u2019omosessualit&agrave; i cristiani vengono ridotti al silenzio\",\"datePublished\":\"2006-11-08T23:00:00+00:00\",\"dateModified\":\"2016-06-16T10:27:17+00:00\",\"mainEntityOfPage\":{\"@id\":\"https:\\\/\\\/www.rassegnastampa-totustuus.it\\\/cattolica\\\/sullomosessualit-i-cristiani-vengono-ridotti-al-silenzio\\\/\"},\"wordCount\":1459,\"publisher\":{\"@id\":\"https:\\\/\\\/www.rassegnastampa-totustuus.it\\\/cattolica\\\/#organization\"},\"image\":{\"@id\":\"https:\\\/\\\/www.rassegnastampa-totustuus.it\\\/cattolica\\\/sullomosessualit-i-cristiani-vengono-ridotti-al-silenzio\\\/#primaryimage\"},\"thumbnailUrl\":\"https:\\\/\\\/www.rassegnastampa-totustuus.it\\\/cattolica\\\/wp-content\\\/uploads\\\/2006\\\/11\\\/imbavagliato.jpg\",\"keywords\":[\"cristiani perseguitati\"],\"articleSection\":[\"Chiesa\",\"Omosessualit&agrave;\"],\"inLanguage\":\"it-IT\"},{\"@type\":\"WebPage\",\"@id\":\"https:\\\/\\\/www.rassegnastampa-totustuus.it\\\/cattolica\\\/sullomosessualit-i-cristiani-vengono-ridotti-al-silenzio\\\/\",\"url\":\"https:\\\/\\\/www.rassegnastampa-totustuus.it\\\/cattolica\\\/sullomosessualit-i-cristiani-vengono-ridotti-al-silenzio\\\/\",\"name\":\"Sull\u2019omosessualit&agrave; i cristiani vengono ridotti al silenzio - Rassegna Stampa Cattolica\",\"isPartOf\":{\"@id\":\"https:\\\/\\\/www.rassegnastampa-totustuus.it\\\/cattolica\\\/#website\"},\"primaryImageOfPage\":{\"@id\":\"https:\\\/\\\/www.rassegnastampa-totustuus.it\\\/cattolica\\\/sullomosessualit-i-cristiani-vengono-ridotti-al-silenzio\\\/#primaryimage\"},\"image\":{\"@id\":\"https:\\\/\\\/www.rassegnastampa-totustuus.it\\\/cattolica\\\/sullomosessualit-i-cristiani-vengono-ridotti-al-silenzio\\\/#primaryimage\"},\"thumbnailUrl\":\"https:\\\/\\\/www.rassegnastampa-totustuus.it\\\/cattolica\\\/wp-content\\\/uploads\\\/2006\\\/11\\\/imbavagliato.jpg\",\"datePublished\":\"2006-11-08T23:00:00+00:00\",\"dateModified\":\"2016-06-16T10:27:17+00:00\",\"description\":\"Rassegna Stampa Cattolica - Per una cultura che nasce dalla Rivelazione cristiana in conformit\u00e0 alla tradizione e al Magistero della Chiesa in opposizione ad ogni relativismo e totalitarismo\",\"breadcrumb\":{\"@id\":\"https:\\\/\\\/www.rassegnastampa-totustuus.it\\\/cattolica\\\/sullomosessualit-i-cristiani-vengono-ridotti-al-silenzio\\\/#breadcrumb\"},\"inLanguage\":\"it-IT\",\"potentialAction\":[{\"@type\":\"ReadAction\",\"target\":[\"https:\\\/\\\/www.rassegnastampa-totustuus.it\\\/cattolica\\\/sullomosessualit-i-cristiani-vengono-ridotti-al-silenzio\\\/\"]}]},{\"@type\":\"ImageObject\",\"inLanguage\":\"it-IT\",\"@id\":\"https:\\\/\\\/www.rassegnastampa-totustuus.it\\\/cattolica\\\/sullomosessualit-i-cristiani-vengono-ridotti-al-silenzio\\\/#primaryimage\",\"url\":\"https:\\\/\\\/www.rassegnastampa-totustuus.it\\\/cattolica\\\/wp-content\\\/uploads\\\/2006\\\/11\\\/imbavagliato.jpg\",\"contentUrl\":\"https:\\\/\\\/www.rassegnastampa-totustuus.it\\\/cattolica\\\/wp-content\\\/uploads\\\/2006\\\/11\\\/imbavagliato.jpg\",\"width\":259,\"height\":194},{\"@type\":\"BreadcrumbList\",\"@id\":\"https:\\\/\\\/www.rassegnastampa-totustuus.it\\\/cattolica\\\/sullomosessualit-i-cristiani-vengono-ridotti-al-silenzio\\\/#breadcrumb\",\"itemListElement\":[{\"@type\":\"ListItem\",\"position\":1,\"name\":\"Home\",\"item\":\"https:\\\/\\\/www.rassegnastampa-totustuus.it\\\/cattolica\\\/\"},{\"@type\":\"ListItem\",\"position\":2,\"name\":\"Sull\u2019omosessualit&agrave; i cristiani vengono ridotti al silenzio\"}]},{\"@type\":\"WebSite\",\"@id\":\"https:\\\/\\\/www.rassegnastampa-totustuus.it\\\/cattolica\\\/#website\",\"url\":\"https:\\\/\\\/www.rassegnastampa-totustuus.it\\\/cattolica\\\/\",\"name\":\"Rassegna Stampa Cattolica\",\"description\":\"Per una cultura che nasce dalla Rivelazione cristiana in conformit\u00e0 alla tradizione e al Magistero della Chiesa in opposizione ad ogni relativismo e totalitarismo\",\"publisher\":{\"@id\":\"https:\\\/\\\/www.rassegnastampa-totustuus.it\\\/cattolica\\\/#organization\"},\"alternateName\":\"Rass. Cattolica\",\"potentialAction\":[{\"@type\":\"SearchAction\",\"target\":{\"@type\":\"EntryPoint\",\"urlTemplate\":\"https:\\\/\\\/www.rassegnastampa-totustuus.it\\\/cattolica\\\/?s={search_term_string}\"},\"query-input\":{\"@type\":\"PropertyValueSpecification\",\"valueRequired\":true,\"valueName\":\"search_term_string\"}}],\"inLanguage\":\"it-IT\"},{\"@type\":\"Organization\",\"@id\":\"https:\\\/\\\/www.rassegnastampa-totustuus.it\\\/cattolica\\\/#organization\",\"name\":\"Rassegna Stampa Cattolica\",\"url\":\"https:\\\/\\\/www.rassegnastampa-totustuus.it\\\/cattolica\\\/\",\"logo\":{\"@type\":\"ImageObject\",\"inLanguage\":\"it-IT\",\"@id\":\"https:\\\/\\\/www.rassegnastampa-totustuus.it\\\/cattolica\\\/#\\\/schema\\\/logo\\\/image\\\/\",\"url\":\"https:\\\/\\\/www.rassegnastampa-totustuus.it\\\/cattolica\\\/wp-content\\\/uploads\\\/2014\\\/04\\\/logo-rassegna1.gif\",\"contentUrl\":\"https:\\\/\\\/www.rassegnastampa-totustuus.it\\\/cattolica\\\/wp-content\\\/uploads\\\/2014\\\/04\\\/logo-rassegna1.gif\",\"width\":600,\"height\":163,\"caption\":\"Rassegna Stampa Cattolica\"},\"image\":{\"@id\":\"https:\\\/\\\/www.rassegnastampa-totustuus.it\\\/cattolica\\\/#\\\/schema\\\/logo\\\/image\\\/\"},\"sameAs\":[\"https:\\\/\\\/www.facebook.com\\\/rassegnastampacattolica\",\"https:\\\/\\\/x.com\\\/rassegnastampa9\"]},{\"@type\":\"Person\",\"@id\":\"https:\\\/\\\/www.rassegnastampa-totustuus.it\\\/cattolica\\\/#\\\/schema\\\/person\\\/08f319d2bd1a0904ad9e2bfb7b15e5c3\",\"name\":\"Redazione\",\"image\":{\"@type\":\"ImageObject\",\"inLanguage\":\"it-IT\",\"@id\":\"https:\\\/\\\/secure.gravatar.com\\\/avatar\\\/2fcdf27c78ea025fbdb44e914cc63c72249ffec9dc8aafd5c82b26240ef3f346?s=96&d=mm&r=g\",\"url\":\"https:\\\/\\\/secure.gravatar.com\\\/avatar\\\/2fcdf27c78ea025fbdb44e914cc63c72249ffec9dc8aafd5c82b26240ef3f346?s=96&d=mm&r=g\",\"contentUrl\":\"https:\\\/\\\/secure.gravatar.com\\\/avatar\\\/2fcdf27c78ea025fbdb44e914cc63c72249ffec9dc8aafd5c82b26240ef3f346?s=96&d=mm&r=g\",\"caption\":\"Redazione\"},\"url\":\"https:\\\/\\\/www.rassegnastampa-totustuus.it\\\/cattolica\\\/author\\\/pietroelle\\\/\"}]}<\/script>\n<!-- \/ Yoast SEO plugin. -->","yoast_head_json":{"title":"Sull\u2019omosessualit&agrave; i cristiani vengono ridotti al silenzio - Rassegna Stampa Cattolica","description":"Rassegna Stampa Cattolica - Per una cultura che nasce dalla Rivelazione cristiana in conformit\u00e0 alla tradizione e al Magistero della Chiesa in opposizione ad ogni relativismo e totalitarismo","robots":{"index":"index","follow":"follow","max-snippet":"max-snippet:-1","max-image-preview":"max-image-preview:large","max-video-preview":"max-video-preview:-1"},"canonical":"https:\/\/www.rassegnastampa-totustuus.it\/cattolica\/sullomosessualit-i-cristiani-vengono-ridotti-al-silenzio\/","og_locale":"it_IT","og_type":"article","og_title":"Sull\u2019omosessualit&agrave; i cristiani vengono ridotti al silenzio - Rassegna Stampa Cattolica","og_description":"Rassegna Stampa Cattolica - Per una cultura che nasce dalla Rivelazione cristiana in conformit\u00e0 alla tradizione e al Magistero della Chiesa in opposizione ad ogni relativismo e totalitarismo","og_url":"https:\/\/www.rassegnastampa-totustuus.it\/cattolica\/sullomosessualit-i-cristiani-vengono-ridotti-al-silenzio\/","og_site_name":"Rassegna Stampa Cattolica","article_publisher":"https:\/\/www.facebook.com\/rassegnastampacattolica","article_published_time":"2006-11-08T23:00:00+00:00","article_modified_time":"2016-06-16T10:27:17+00:00","og_image":[{"width":259,"height":194,"url":"https:\/\/www.rassegnastampa-totustuus.it\/cattolica\/wp-content\/uploads\/2006\/11\/imbavagliato.jpg","type":"image\/jpeg"}],"author":"Redazione","twitter_card":"summary_large_image","twitter_creator":"@rassegnastampa9","twitter_site":"@rassegnastampa9","twitter_misc":{"Scritto da":"Redazione","Tempo di lettura stimato":"7 minuti"},"schema":{"@context":"https:\/\/schema.org","@graph":[{"@type":"Article","@id":"https:\/\/www.rassegnastampa-totustuus.it\/cattolica\/sullomosessualit-i-cristiani-vengono-ridotti-al-silenzio\/#article","isPartOf":{"@id":"https:\/\/www.rassegnastampa-totustuus.it\/cattolica\/sullomosessualit-i-cristiani-vengono-ridotti-al-silenzio\/"},"author":{"name":"Redazione","@id":"https:\/\/www.rassegnastampa-totustuus.it\/cattolica\/#\/schema\/person\/08f319d2bd1a0904ad9e2bfb7b15e5c3"},"headline":"Sull\u2019omosessualit&agrave; i cristiani vengono ridotti al silenzio","datePublished":"2006-11-08T23:00:00+00:00","dateModified":"2016-06-16T10:27:17+00:00","mainEntityOfPage":{"@id":"https:\/\/www.rassegnastampa-totustuus.it\/cattolica\/sullomosessualit-i-cristiani-vengono-ridotti-al-silenzio\/"},"wordCount":1459,"publisher":{"@id":"https:\/\/www.rassegnastampa-totustuus.it\/cattolica\/#organization"},"image":{"@id":"https:\/\/www.rassegnastampa-totustuus.it\/cattolica\/sullomosessualit-i-cristiani-vengono-ridotti-al-silenzio\/#primaryimage"},"thumbnailUrl":"https:\/\/www.rassegnastampa-totustuus.it\/cattolica\/wp-content\/uploads\/2006\/11\/imbavagliato.jpg","keywords":["cristiani perseguitati"],"articleSection":["Chiesa","Omosessualit&agrave;"],"inLanguage":"it-IT"},{"@type":"WebPage","@id":"https:\/\/www.rassegnastampa-totustuus.it\/cattolica\/sullomosessualit-i-cristiani-vengono-ridotti-al-silenzio\/","url":"https:\/\/www.rassegnastampa-totustuus.it\/cattolica\/sullomosessualit-i-cristiani-vengono-ridotti-al-silenzio\/","name":"Sull\u2019omosessualit&agrave; i cristiani vengono ridotti al silenzio - Rassegna Stampa Cattolica","isPartOf":{"@id":"https:\/\/www.rassegnastampa-totustuus.it\/cattolica\/#website"},"primaryImageOfPage":{"@id":"https:\/\/www.rassegnastampa-totustuus.it\/cattolica\/sullomosessualit-i-cristiani-vengono-ridotti-al-silenzio\/#primaryimage"},"image":{"@id":"https:\/\/www.rassegnastampa-totustuus.it\/cattolica\/sullomosessualit-i-cristiani-vengono-ridotti-al-silenzio\/#primaryimage"},"thumbnailUrl":"https:\/\/www.rassegnastampa-totustuus.it\/cattolica\/wp-content\/uploads\/2006\/11\/imbavagliato.jpg","datePublished":"2006-11-08T23:00:00+00:00","dateModified":"2016-06-16T10:27:17+00:00","description":"Rassegna Stampa Cattolica - Per una cultura che nasce dalla Rivelazione cristiana in conformit\u00e0 alla tradizione e al Magistero della Chiesa in opposizione ad ogni relativismo e totalitarismo","breadcrumb":{"@id":"https:\/\/www.rassegnastampa-totustuus.it\/cattolica\/sullomosessualit-i-cristiani-vengono-ridotti-al-silenzio\/#breadcrumb"},"inLanguage":"it-IT","potentialAction":[{"@type":"ReadAction","target":["https:\/\/www.rassegnastampa-totustuus.it\/cattolica\/sullomosessualit-i-cristiani-vengono-ridotti-al-silenzio\/"]}]},{"@type":"ImageObject","inLanguage":"it-IT","@id":"https:\/\/www.rassegnastampa-totustuus.it\/cattolica\/sullomosessualit-i-cristiani-vengono-ridotti-al-silenzio\/#primaryimage","url":"https:\/\/www.rassegnastampa-totustuus.it\/cattolica\/wp-content\/uploads\/2006\/11\/imbavagliato.jpg","contentUrl":"https:\/\/www.rassegnastampa-totustuus.it\/cattolica\/wp-content\/uploads\/2006\/11\/imbavagliato.jpg","width":259,"height":194},{"@type":"BreadcrumbList","@id":"https:\/\/www.rassegnastampa-totustuus.it\/cattolica\/sullomosessualit-i-cristiani-vengono-ridotti-al-silenzio\/#breadcrumb","itemListElement":[{"@type":"ListItem","position":1,"name":"Home","item":"https:\/\/www.rassegnastampa-totustuus.it\/cattolica\/"},{"@type":"ListItem","position":2,"name":"Sull\u2019omosessualit&agrave; i cristiani vengono ridotti al silenzio"}]},{"@type":"WebSite","@id":"https:\/\/www.rassegnastampa-totustuus.it\/cattolica\/#website","url":"https:\/\/www.rassegnastampa-totustuus.it\/cattolica\/","name":"Rassegna Stampa Cattolica","description":"Per una cultura che nasce dalla Rivelazione cristiana in conformit\u00e0 alla tradizione e al Magistero della Chiesa in opposizione ad ogni relativismo e totalitarismo","publisher":{"@id":"https:\/\/www.rassegnastampa-totustuus.it\/cattolica\/#organization"},"alternateName":"Rass. Cattolica","potentialAction":[{"@type":"SearchAction","target":{"@type":"EntryPoint","urlTemplate":"https:\/\/www.rassegnastampa-totustuus.it\/cattolica\/?s={search_term_string}"},"query-input":{"@type":"PropertyValueSpecification","valueRequired":true,"valueName":"search_term_string"}}],"inLanguage":"it-IT"},{"@type":"Organization","@id":"https:\/\/www.rassegnastampa-totustuus.it\/cattolica\/#organization","name":"Rassegna Stampa Cattolica","url":"https:\/\/www.rassegnastampa-totustuus.it\/cattolica\/","logo":{"@type":"ImageObject","inLanguage":"it-IT","@id":"https:\/\/www.rassegnastampa-totustuus.it\/cattolica\/#\/schema\/logo\/image\/","url":"https:\/\/www.rassegnastampa-totustuus.it\/cattolica\/wp-content\/uploads\/2014\/04\/logo-rassegna1.gif","contentUrl":"https:\/\/www.rassegnastampa-totustuus.it\/cattolica\/wp-content\/uploads\/2014\/04\/logo-rassegna1.gif","width":600,"height":163,"caption":"Rassegna Stampa Cattolica"},"image":{"@id":"https:\/\/www.rassegnastampa-totustuus.it\/cattolica\/#\/schema\/logo\/image\/"},"sameAs":["https:\/\/www.facebook.com\/rassegnastampacattolica","https:\/\/x.com\/rassegnastampa9"]},{"@type":"Person","@id":"https:\/\/www.rassegnastampa-totustuus.it\/cattolica\/#\/schema\/person\/08f319d2bd1a0904ad9e2bfb7b15e5c3","name":"Redazione","image":{"@type":"ImageObject","inLanguage":"it-IT","@id":"https:\/\/secure.gravatar.com\/avatar\/2fcdf27c78ea025fbdb44e914cc63c72249ffec9dc8aafd5c82b26240ef3f346?s=96&d=mm&r=g","url":"https:\/\/secure.gravatar.com\/avatar\/2fcdf27c78ea025fbdb44e914cc63c72249ffec9dc8aafd5c82b26240ef3f346?s=96&d=mm&r=g","contentUrl":"https:\/\/secure.gravatar.com\/avatar\/2fcdf27c78ea025fbdb44e914cc63c72249ffec9dc8aafd5c82b26240ef3f346?s=96&d=mm&r=g","caption":"Redazione"},"url":"https:\/\/www.rassegnastampa-totustuus.it\/cattolica\/author\/pietroelle\/"}]}},"_links":{"self":[{"href":"https:\/\/www.rassegnastampa-totustuus.it\/cattolica\/wp-json\/wp\/v2\/posts\/2311","targetHints":{"allow":["GET"]}}],"collection":[{"href":"https:\/\/www.rassegnastampa-totustuus.it\/cattolica\/wp-json\/wp\/v2\/posts"}],"about":[{"href":"https:\/\/www.rassegnastampa-totustuus.it\/cattolica\/wp-json\/wp\/v2\/types\/post"}],"author":[{"embeddable":true,"href":"https:\/\/www.rassegnastampa-totustuus.it\/cattolica\/wp-json\/wp\/v2\/users\/6"}],"replies":[{"embeddable":true,"href":"https:\/\/www.rassegnastampa-totustuus.it\/cattolica\/wp-json\/wp\/v2\/comments?post=2311"}],"version-history":[{"count":4,"href":"https:\/\/www.rassegnastampa-totustuus.it\/cattolica\/wp-json\/wp\/v2\/posts\/2311\/revisions"}],"predecessor-version":[{"id":35007,"href":"https:\/\/www.rassegnastampa-totustuus.it\/cattolica\/wp-json\/wp\/v2\/posts\/2311\/revisions\/35007"}],"wp:featuredmedia":[{"embeddable":true,"href":"https:\/\/www.rassegnastampa-totustuus.it\/cattolica\/wp-json\/wp\/v2\/media\/35006"}],"wp:attachment":[{"href":"https:\/\/www.rassegnastampa-totustuus.it\/cattolica\/wp-json\/wp\/v2\/media?parent=2311"}],"wp:term":[{"taxonomy":"category","embeddable":true,"href":"https:\/\/www.rassegnastampa-totustuus.it\/cattolica\/wp-json\/wp\/v2\/categories?post=2311"},{"taxonomy":"post_tag","embeddable":true,"href":"https:\/\/www.rassegnastampa-totustuus.it\/cattolica\/wp-json\/wp\/v2\/tags?post=2311"}],"curies":[{"name":"wp","href":"https:\/\/api.w.org\/{rel}","templated":true}]}}