{"id":22786,"date":"2015-03-09T11:54:41","date_gmt":"2015-03-09T10:54:41","guid":{"rendered":"http:\/\/www.rassegnastampa-totustuus.it\/cattolica\/?p=22786"},"modified":"2015-04-09T12:30:25","modified_gmt":"2015-04-09T10:30:25","slug":"paul-cezanne","status":"publish","type":"post","link":"https:\/\/www.rassegnastampa-totustuus.it\/cattolica\/paul-cezanne\/","title":{"rendered":"Paul Cezanne"},"content":{"rendered":"<p style=\"text-align: center;\">Supplemento a <strong>Litterae Communionis<\/strong><\/p>\n<p style=\"text-align: center;\">\u00a0I GRANDI DELLA CULTURA MODERNA RIVISITATI<\/p>\n<p><a href=\"https:\/\/www.rassegnastampa-totustuus.it\/cattolica\/wp-content\/uploads\/2011\/08\/Paul-Cezanne.jpg\"><img loading=\"lazy\" decoding=\"async\" class=\"aligncenter wp-image-22785\" src=\"https:\/\/www.rassegnastampa-totustuus.it\/cattolica\/wp-content\/uploads\/2011\/08\/Paul-Cezanne.jpg\" alt=\"Paul Cezanne\" width=\"164\" height=\"200\" \/><\/a><\/p>\n<p>\u00ab<em>Sto lavorando senza sosta, intravedo la Terra Promessa. Mi accadr\u00e0 come al capo degli Ebrei, o potr\u00f2 entrarvi?<\/em>\u00bb<\/p>\n<p style=\"text-align: center;\">testo di <strong>Giuseppe Frangi<\/strong> e <strong>Flaviano Vitali<\/strong><\/p>\n<p style=\"text-align: center;\"><!--more--><\/p>\n<p><strong>La sua <\/strong><strong>vita<\/strong><\/p>\n<p style=\"text-align: right;\">\u00ab<em>Je me suis jur\u00e9 de mourir en peignant\u00bb.<\/em><\/p>\n<p style=\"text-align: justify;\">Figlio d&#8217;una regione, la Provenza, che lungo la sua storia non aveva mai nascosto nei confronti prima della corona come poi della repubblica un proprio piglio autonomistico; figlio anche di una terra, la cui solidit\u00e0 si misurava tanto sugli immutabili verdi della sua vegetazione, dei suoi ulivi, cio\u00e8, e dei suoi pini, quanto sui certi e ben scanditi rilievi; figlio altres\u00ec di una cittadina, Aix, che in un passato s&#8217;era infiammata per i fasti e le glorie di una celebre aristocrazia ma che s&#8217;era poi via via assopita nella vita rilasciata e tranquilla di un modesto centro di provincia, Paul C\u00e9zanne era venuto alla luce il 19 gennaio del 1839.<\/p>\n<p style=\"text-align: justify;\">La sua famiglia vantava una lontana origine italiana, per la pi\u00f9 precisione piemontese: pare anzi certo che il suo patronimico derivi da Cesana, borgo del Piemonte occidentale da cui i suoi antenati si sarebbero mossi attorno al 1650 per mettere a frutto, in territorio transalpino, giusto valicate le Alpi, la loro perizia di cappellai.<\/p>\n<p style=\"text-align: justify;\"><a href=\"https:\/\/www.rassegnastampa-totustuus.it\/cattolica\/wp-content\/uploads\/2015\/04\/Aix_provence.jpg\"><img loading=\"lazy\" decoding=\"async\" class=\"alignleft wp-image-22787\" src=\"https:\/\/www.rassegnastampa-totustuus.it\/cattolica\/wp-content\/uploads\/2015\/04\/Aix_provence-300x192.jpg\" alt=\"Aix_provence\" width=\"250\" height=\"160\" srcset=\"https:\/\/www.rassegnastampa-totustuus.it\/cattolica\/wp-content\/uploads\/2015\/04\/Aix_provence-300x192.jpg 300w, https:\/\/www.rassegnastampa-totustuus.it\/cattolica\/wp-content\/uploads\/2015\/04\/Aix_provence.jpg 400w\" sizes=\"auto, (max-width: 250px) 100vw, 250px\" \/><\/a>Giunti ben presto ad Aix, nel cuore cio\u00e8 della Provenza, la fortuna si present\u00f2 loro con volti alterni e con favori incostanti; si riservava, invece, d&#8217;appoggiar con incondizionata generosit\u00e0 il destino di Jean Auguste C\u00e9zanne, padre di Paul, il quale, abbandonato il mestiere dei suoi antenati, si lanciava con completo successo nell&#8217;attivit\u00e0 di banchiere; per questo proprio lui s&#8217;era proposto, e talora imperiosamente proposto, di fare del figlio, unico figlio maschio, il degno e preparato erede di tanta prosperit\u00e0; ma, proprio lui, regalando a quel figlio, ormai adolescente, una scatola di acquerelli, aveva contribuito a orientarne gli interessi, la vita e le passioni verso l&#8217;unico porto della pittura.<\/p>\n<p style=\"text-align: justify;\">I prevedibili e comunque contenuti dissidi col padre non risultarono sufficienti a che ombra alcuna velasse la giovinezza di C\u00e9zanne; la quale invece trascorreva serena e bruciava i suoi tempi al fianco di quella d&#8217;un altro celebre nome della cultura francese. Emile Zola. S&#8217;erano trovati infatti sui banchi liceali e uniti da una saldissima amicizia s&#8217;erano insieme introdotti, spinti da comune passione, tra le fosche, fascinose atmosfere di Hugo e di De Musset.<\/p>\n<p style=\"text-align: justify;\">Insieme lungo le settimane del Corpus Domini, quando Aix bardata di velluti e di damaschi accoglieva nelle proprie strade il fervore religioso e cattolico della sua gente, seguivano con devota e puntuale festosit\u00e0, le rituali processioni; ancora insieme, stimolati da un identico entusiasmo per la natura, avevano perlustrato, approfittando delle scorribande d&#8217;obbligo per quell&#8217;et\u00e0, boschi, cave, rocce, torrenti e castelli che sarebbero, di l\u00ec a poco, divenuti i pi\u00f9 assidui e noti motivi della pittura di C\u00e9zanne.<\/p>\n<p style=\"text-align: justify;\">Risultavano tutti ricordi, questi, che non dovevano pi\u00f9 uscire dal cuore e dalla mente del maestro di Aix e che anzi, intrecciandosi e lievitando, costituiranno poi l&#8217;ossatura, se non l&#8217;anima stessa della sua rocciosa e grandissima poetica. Perch\u00e9 chi ancora si aspettasse di leggere tra le righe di questa biografia le emozioni di qualche colpo di scena, le polveri di qualche scandalo o le ferite di qualche avventura sentimentale s&#8217;ingannerebbe: la biografia di C\u00e9zanne non registra episodi vistosi n\u00e9 trascina nel vortice di clamorose avventure; scivola invece via di soppiatto, quasi quella di un semplice paesano o contadino del meridione della Francia che invece di piegar la schiena sulla terra si fosse applicato a consumare l&#8217;intera propria esistenza sulla pittura.<\/p>\n<p style=\"text-align: justify;\">Alcuni tra i suoi biografi hanno addirittura sostenuto che la sua la si poteva quasi prendere per la vita di un santo; noi, con C\u00e9zanne, preferiamo limitarci a credere che perch\u00e9 all&#8217;artista sia dato d&#8217;elevarsi, l&#8217;uomo deve necessariamente rimaner sconosciuto.<\/p>\n<p style=\"text-align: justify;\">Ci tramandano che sin d&#8217;allora dipingesse \u00ab<em>partout et toujours<\/em>\u00bb, sempre e dappertutto, e sappiamo da un aneddoto come una volta fosse stato sorpreso quando ancora non aveva che cinque anni a dipingere un <em>Pont-Mirabeau, <\/em>con sbalorditiva e precocissima abilit\u00e0, sugli intonaci della cantina della casa paterna. Cos\u00ec quanto pi\u00f9 quella passione veniva assumendo il crisma di una indefettibile vocazione, tanto pi\u00f9 i dissidi col padre s&#8217;inasprivano: da Parigi Zola lo chiamava e lo teneva informato del fervore culturale che faceva in quegli anni della capitale francese il fulcro della cultura europea; a Parigi il padre s&#8217;illudeva invece che il giovane C\u00e9zanne, una volta misurata la propria imperizia di fronte agli astri della pittura ufficiale, deponesse ogni sogno ed ogni pretesa riguardo al proprio destino di artista. Proprio lui cos\u00ec, con quella segreta speranza in cuore, l&#8217;aveva accompagnato durante l&#8217;estate del &#8217;61 nella capitale e gli aveva pagato un soggiorno di qualche mese.<\/p>\n<p style=\"text-align: justify;\">Accadeva per\u00f2 quel che n\u00e9 Zola n\u00e9 il facoltoso banchiere di Aix avevano previsto: C\u00e9zanne con incredibile voracit\u00e0 consumava le sue giornate tra il Louvre, il Salon di quell&#8217;anno e i corsi dell&#8217;\u00abAccademie Suisse\u00bb, degnava il suo amico d&#8217;infanzia di qualche sporadica visita (pi\u00f9 tardi si sarebbe giustificato che lui, nella vita di mondo, non sapeva proprio come muoversi; che insomma lo riguardavano ben altre cose), mentre il preventivato scoraggiamento di fronte all&#8217;abilit\u00e0 e alla perizia di un Meissonier o di un Cabanel si risolveva in ulteriore impegno nel dedicarsi alla pittura.<\/p>\n<p style=\"text-align: justify;\">A Parigi, anche nei successivi soggiorni, con quell&#8217;accento che rivelava pesantemente la sua origine meridionale, si sentiva, al contrario di Zola, come uno straniero; per di pi\u00f9 pochi riuscivano a perforare la cortina che aveva alzato attorno a s\u00e9 e tra quei pochi solo Camille Pissarro, una delle punte di diamante dell&#8217;ormai prossimo gruppo impressionista, riusciva ad intrecciare un&#8217;amicizia e a stabilire un rapporto di stima col giovane di Aix.<\/p>\n<p style=\"text-align: justify;\">Pissarro infatti al pari di C\u00e9zanne si sentiva assai pi\u00f9 legato alla propria origine contadina di quanto non fosse riuscito ad inserirsi nella disinvolta e spregiudicata vita parigina; di modo che la sua pittura facendo ben poche concessioni allo spirito moderno e borghese si rivelava piuttosto propensa a riversare la recente conquista del \u00abplein air\u00bb su d&#8217;un fondo di antico, onesto, generoso anarchismo.<\/p>\n<p style=\"text-align: justify;\">Cos\u00ec mentre dall&#8217;alto della sua benevola e paterna autorit\u00e0 Pissarro lo convinceva a liberarsi dei toni troppo foschi e scuri appresi in eccessive frequentazioni dei musei, C\u00e9zanne nel 1866, candidandosi invano al Salon, all&#8217;esposizione ufficiale cio\u00e8 dell&#8217;arte francese, trovava il modo di sperimentare quanto aspro e ottuso fosse il rifiuto che il mondo della contemporanea cultura gli avrebbe regolarmente opposto sino al termine dei suoi giorni; e se si pensa come la pittura c\u00e9zanniana avanti il &#8217;70 risultasse pittura di stampo palesemente romantico, improntato cio\u00e8 sull&#8217;illustre e accettatissismo modello di Delacroix, non resta che credere a un eccesso di temperamento gi\u00e0 d&#8217;allora fuori registro rispetto a ogni stabilito canone e ad ogni stabilita formula; \u00abtemmperammennt\u00bb pare dicesse C\u00e9zanne facendo cos\u00ec tutt&#8217;uno tanto del significato medesimo del termine quanto dei gravi esiti sonori della sua parlata meridionale; \u00abil faut avoir du temmperammennt pour faire de la peinture\u00bb ripeteva testardamente a s\u00e9 e agli altri in ogni circostanza quasi a significare il proprio distacco dai fragili, esili equilibri della pittura di quei tempi, impressionismo compreso).<\/p>\n<div id=\"attachment_22788\" style=\"width: 145px\" class=\"wp-caption alignright\"><a href=\"https:\/\/www.rassegnastampa-totustuus.it\/cattolica\/wp-content\/uploads\/2015\/04\/Cezanne_Pissarro.jpg\"><img loading=\"lazy\" decoding=\"async\" aria-describedby=\"caption-attachment-22788\" class=\"wp-image-22788\" src=\"https:\/\/www.rassegnastampa-totustuus.it\/cattolica\/wp-content\/uploads\/2015\/04\/Cezanne_Pissarro.jpg\" alt=\"Cezanne_Pissarro\" width=\"145\" height=\"200\" \/><\/a><p id=\"caption-attachment-22788\" class=\"wp-caption-text\">Cezanne e Pissarro<\/p><\/div>\n<p style=\"text-align: justify;\">Pissarro stesso lo convinceva, nel &#8217;72, a un soggiorno a Auvers, un paese della Francia occidentale dove, 18 anni pi\u00f9 tardi, sarebbe giunto per mettere fine ai suoi tormentati giorni pure Vincent Van Gogh: qui C\u00e9zanne invece dipingeva, tra i suoi primi quadri a cielo aperto, quella celebre <em>Maison du Pendii <\/em>con cui si presentava nel &#8217;74 alla prima fatidica uscita degli impressionisti; se ne sarebbe ben presto pentito lui, il riservato provenzale di Aix, di non aver resistito a simile tentazione: perch\u00e9 se giornali, critici e pubblico avevano levato chiassosamente gli scudi contro l&#8217;intero gruppo, avevano riservato un accanimento e una cecit\u00e0 del tutto particolari per il solo C\u00e9zanne; l&#8217;essersi ritrovato cos\u00ec nell&#8217;occhio di un ciclone che oltretutto non sentiva di condividere appieno lo convinceva a tirarsi indietro sin dalla seconda esposizione apertasi nel &#8217;76; alla terza, spinto ancora una volta dal buon Pissarro, faceva invece un&#8217;altra conclusiva comparsa ricevendo comunque uguale accoglienza, nonostante sul resto della compagine impressionista cominciasse gi\u00e0 a planare un generale, incontrastato consenso.<\/p>\n<p style=\"text-align: justify;\">Quale potesse risultare il suo stato d&#8217;animo, quale il fastidio che tanto rumore levatosi attorno\u00a0 alla sua persona doveva procurargli, ognuno pu\u00f2 ben immaginarlo: ci si permetta comunque di citare, a conferma di quell&#8217;impressione, i due versi di Vigny che taluni, in quei giorni, pi\u00f9 volte gli avevano sentito sulle labbra: \u00ab<em>Seigneur, vous m&#8217;aviez fait puissant et <\/em><em>solitaire. \/ Laissez-moi m&#8217;endormir du sommeil de la terre \u00bb.<\/em><\/p>\n<p style=\"text-align: justify;\">Non che l&#8217;opera di C\u00e9zanne incontrasse sempre e dovunque ostilit\u00e0: c&#8217;era chi l&#8217;apprezzava e c&#8217;era, soprattutto, chi sin d&#8217;allora ne proclamava appassionatamente la grandezza: proprio per le fortissime quanto generose pressioni d&#8217;uno di questi, il pittore Guillemet, un&#8217;opera di C\u00e9zanne, lasciamo perdere tra quali commenti, faceva ingresso, nel &#8217;72, al Salon; ma simile circostanza toccava solo di striscio il maestro di Aix: ben altra invece la sua emozione quando, quattro anni pi\u00f9 tardi, Zola dava alle stampe\u00a0 un\u00a0 romanzo,\u00a0 <em>L&#8217;Oeuvre, <\/em>il cui protagonista, da molti identificato con C\u00e9zanne medesimo, risultava appunto un pittore che, avendo misurato il proprio limite di fronte all&#8217;insuperabile scoglio di un quadro, sceglieva per il suicidio.<\/p>\n<p style=\"text-align: justify;\">Lungi dal lasciarsi sconvolgere da una simile ipotesi, tanto estranea e distante dal suo spirito da suscitargli, oltretutto, la pi\u00f9 chiara ed ovvia delle risposte, visto che a suo avviso se un&#8217;opera non fosse riuscita la si doveva buttare nel fuoco per ricominciarne subito un&#8217;altra, C\u00e9zanne rest\u00f2 piuttosto sorpreso dalla\u00a0 condanna contenuta nelle pagine del suo grande amico; non era certo tipo da dimenticare con troppa fretta i propri sentimenti e se non lo toccava la vicenda narrata in quel romanzo, moltissimo lo addolorava invece la conseguente, definitiva rottura del rapporto con Zola: dieci anni pi\u00f9 tardi tenter\u00e0 infatti invano di riprenderne le fila e, nel 1902, un enorme scoramento lo coglier\u00e0 alla notizia della morte del suo vecchio amico.<\/p>\n<p style=\"text-align: justify;\">Un altro fatto d&#8217;ancor maggior gravit\u00e0, la morte cio\u00e8 di suo padre, doveva scuoterlo in quell&#8217;anno 1886; i dissidi li aveva portati via con s\u00e9 il tempo e, bench\u00e9 il banchiere di Aix continuasse a non darsi pace sulle scelte del figlio, i rapporti erano tornati alla primitiva serenit\u00e0. Per altro a dir dell&#8217;affetto e del rispetto che sempre avevano tenuto legato il maestro a suo padre restano i passi di alcune lettere, scritte nei pi\u00f9 critici frangenti, lettere nelle quali C\u00e9zanne stesso si premurava di salvare agli occhi degli amici l&#8217;immagine dell&#8217;intransigente genitore.<\/p>\n<p style=\"text-align: justify;\">Simili dolori non facevano che aumentare il suo isolamento e il suo silenzio: dal 1877 ormai non aveva pi\u00f9 presentato novit\u00e0 alcuna alla troppo ostile ribalta parigina e, tolta la fugace apparizione al Salon del 1882 e l&#8217;ancor pi\u00f9 clandestina partecipazione all&#8217;esposizione universale del 1889, tolte dicevamo quelle due occasioni, gli aggressivi e ottusi taccuini delle intelligenze della capitale dovevano tenersi tranquilli sino al 1895. In quell&#8217;anno, infatti, un grande e celebre mercante, Ambroise Vollard, colpito da alcune tele di C\u00e9zanne che un mercante di colori amico di tutti gli impressionisti, P\u00e9re Tanguy, custodiva gelosamente nel suo retrobottega, s&#8217;imponeva di ospitare nella sua galleria la prima grande personale del maestro di Aix.<\/p>\n<p style=\"text-align: justify;\">Una gran quantit\u00e0 di problemi gli si parava dinnanzi: primo tra gli altri quello, non certo secondario, di rintracciare C\u00e9zanne; il quale pur abitando per molti mesi all&#8217;anno a Parigi non usava lasciar recapito ad alcuno sia perch\u00e9, a suo giudizio, in pochi risultavano interessati a conoscerlo, sia perch\u00e9 le esigenze del suo lavoro gli imponevano il pi\u00f9 ermetico isolamento. Stabiliti comunque i contatti col figlio ormai ventitreenne del maestro, ben presto al mercante parigino furono recapitate centocinquanta tele arrotolate che una volta esposte provocarono i soliti, rissosi commenti.<\/p>\n<p style=\"text-align: justify;\">Qualcosa comunque in quei vent&#8217;anni era mutato e l&#8217;ombra dell&#8217;immane grandezza di C\u00e9zanne era cominciata a calare davanti agli occhi di qualcuno: Monet, ad esempio, pi\u00f9 illustre rappresentante oltre che vero e proprio faro del gruppo impressionista, aveva confessato quanto il bistrattato C\u00e9zanne, il C\u00e9zanne che le valutazioni di mercato davano talora come dieci volte inferiore a Renoir, a Manet e a Monet medesimo, ebbene quel C\u00e9zanne fosse, in verit\u00e0, il pi\u00f9 grande di tutti loro.<\/p>\n<p style=\"text-align: justify;\">Caso ha voluto che da tale lapidaria affermazione (affermazione che oltretutto risultava individuazione gi\u00e0 di per s\u00e9 critica, che se C\u00e9zanne di qualcosa poteva ben farsi vanto di fronte alla frammentaria occasionalit\u00e0 degli impressionisti era proprio di quel suo trasudar solidit\u00e0 e grandezza) si possa far cominciare l&#8217;ultimo, appunto grandissimo, periodo del pittore di Aix: era accaduto infatti che, invitato da Monet a trascorrere qualche giorno nel suo atelier di Giverny, senza motivo apparente e senz&#8217;altra spiegazione che la scarsa tenuta della sua emotivit\u00e0, se ne fosse di qui partito all&#8217;improvviso; dovendo poi fornire ragione e porgere scuse per quanto accaduto, aveva confessato che l&#8217;attrazione per la sua terra pesava ormai sulla sua anima al pari d&#8217;una fatalit\u00e0.<\/p>\n<p style=\"text-align: justify;\">\u00abSprofondare nel meridione\u00bb suonavano per l&#8217;esattezza le sue parole; sprofondare nel meridione per potersi dedicare con pi\u00f9 totale ed esclusiva dedizione alla pittura. Cos\u00ec, ridotti dapprima i suoi soggiorni a Parigi, abbandonata poi, col nuovo secolo, la stessa capitale C\u00e9zanne si rifugiava ad Aix: qui, tra il &#8217;95 e il &#8217;97, lo costringevano oltretutto le continue affettuosissime premure nei confronti della madre paralizzata; qui, soltanto qui, avvertiva gli si sarebbe spalancata la \u00abterra promessa\u00bb della pittura.<\/p>\n<p style=\"text-align: justify;\"><a href=\"https:\/\/www.rassegnastampa-totustuus.it\/cattolica\/wp-content\/uploads\/2015\/04\/cezanne.jpg\"><img loading=\"lazy\" decoding=\"async\" class=\"alignleft wp-image-22789\" src=\"https:\/\/www.rassegnastampa-totustuus.it\/cattolica\/wp-content\/uploads\/2015\/04\/cezanne.jpg\" alt=\"cezanne\" width=\"230\" height=\"188\" \/><\/a>Non sorprenda l&#8217;essere ricorsi a simile risvolto biblico perch\u00e9 a suggerircelo, era stato, in una lettera inviata a Vollard, proprio lui, C\u00e9zanne; il quale ben sapendo come tale \u00abterra promessa\u00bb non navigasse per cicli e galassie, bens\u00ec affondasse nella fisica e concreta verit\u00e0 dell&#8217;uomo e della natura e come quindi, chi la perseguiva, dovesse assoggettarsi al pi\u00f9 quotidiano e contadino dei possibili ritmi di vita, dava inizio alla propria giornata alle cinque di ogni mattina.<\/p>\n<p style=\"text-align: justify;\">Pi\u00f9 tardi, una volta ascoltata la prima messa, si portava sul lavoro da dove non si muoveva sin sulle soglie del mezzogiorno; dedicava invece il pomeriggio e soprattutto le ore che precedevano il cader delle prime ombre della sera alla ricerca del \u00abmotif\u00bb, del brano di paesaggio cio\u00e8 su cui la sua emozione si fosse posata con particolare intensit\u00e0; a Aix chiamavano quell&#8217;ora \u00abl&#8217;heure de C\u00e9zanne\u00bb: era infatti il momento in cui il maestro, vecchio di aspetto pi\u00f9 di quanto la sua stessa et\u00e0 non avrebbe lasciato immaginare, usciva e, a piedi o in carrozza, si metteva a perlustrare le rocce, i torrenti, i tagli dei boschi su cui i suoi pennelli si sarebbero ben presto accaniti per giorni se non per settimane intere.<\/p>\n<p style=\"text-align: justify;\">Nel frattempo i dolorosi frangenti dell&#8217;agonia, prima, e della morte, poi, di sua madre l&#8217;avevano convinto, nel &#8217;99, a disfarsi della tenuta, il Jas de Bouffan, voluta e costruita da suo padre pi\u00f9 di quarant\u2019anni avanti. Di troppi tristi ricordi, di troppa malinconia s&#8217;erano ormai intrisi quei muri, mentre quei prati e quei vialetti sovrastati dai grandi castani, che erano stati, ai tempi della giovinezza, i pi\u00f9 frequenti \u00abmotifs\u00bb dei suoi quadri, si legavano alla memoria delle ultime, faticose uscite della mamma malata e afflitta; al maestro non restava cos\u00ec che adattarsi alla ben ,pi\u00f9 ristretta disponibilit\u00e0 di un appartamento in pieno centro cittadino: di l\u00ec, alle prime luci dell&#8217;alba, partiva per recarsi di volta in volta a Lauves, dove si trovava il suo vero e proprio atelier, al Chateau Noir, dove di una piccola stanza presa in affitto aveva fatto il punto d&#8217;osservazione preferito verso la montagna di Sainte-Victoire, o a Bib\u00e9mus, dove invece, dipingeva le rocce quasi color ruggine di una cava abbandonata.<\/p>\n<p style=\"text-align: justify;\">Tale risultava poi l&#8217;impegno con cui C\u00e9zanne scavava dentro la verit\u00e0 d&#8217;una mela come d&#8217;un paesaggio che, ad esempio, frequentemente si disponeva a passeggiate domenicali con un geologo di Aix certo Marion, il quale gli veniva spiegando sul posto la morfologia e la natura delle rocce e delle terre che allora stava dipingendo; tuttavia negli ultimi anni l&#8217;attenzione di C\u00e9zanne s&#8217;andava fissando soprattutto sui ritratti, a proposito dei quali si tramandano come leggendarie le infinite, estenuanti sedute cui sottoponeva i suoi modelli; proprio tale semplicissima ragione spiega il ricorrere con tanta frequenza delle immagini della moglie, della governante e, pi\u00f9 avanti, dei contadini o dei paesani di Aix e spiega anches\u00ec come mai compaiono invece cos\u00ec raramente i volti dei pochi amici.<\/p>\n<p style=\"text-align: justify;\">Intanto, mentre a Aix C\u00e9zanne procedeva con silenziosa costanza nel suo lavoro, a Parigi accadeva quel che era fatale dovesse prima o poi accadere: nel 1900 il Museo Statale di Berlino comprava un suo quadro e nel 1904 gli organizzatori del Salon d&#8217;Automne, suscitando vastissima eco, gli riservavano un&#8217;intera sala. Simile, troppo ritardato successo l&#8217;aveva per\u00f2 lasciato alquanto indifferente e, in cuor suo, assai pi\u00f9 l&#8217;allietavano i numerosi giovani pittori che riconoscendo in lui il loro maestro accettavano di venire sino ad Aix per vederlo ed incontrarlo; con alcuni ingaggi\u00f2 anche una regolare corrispondenza, nonostante il depositario unico e fedele delle ansie e delle gioie degli ultimi suoi anni risultasse il figlio Paul; a lui s&#8217;abbandonava (\u00ab<em>Tu est mon orient\u00bb <\/em>aveva scritto una volta), a lui confidava i segreti di un&#8217;anima contesa dal sottile, implacabile tormento di talune ossessioni e gli scoramenti provocati dai continui sbalzi d&#8217;umore: non sopportava, ad esempio, d&#8217;essere toccato e se chi lo conosceva si guardava bene anche solo dallo sfiorarlo, chi invece lo incontrava per la prima volta incorreva, talvolta, in spiacevoli quanto del tutto imprevedibili disavventure; alle quali poi C\u00e9zanne stesso poneva immediato rimedio tornando agli sconcertati amici, poco dopo, per farsi perdonare.<\/p>\n<div id=\"attachment_22790\" style=\"width: 166px\" class=\"wp-caption alignright\"><a href=\"https:\/\/www.rassegnastampa-totustuus.it\/cattolica\/wp-content\/uploads\/2015\/04\/cezanne_Vallier.jpg\"><img loading=\"lazy\" decoding=\"async\" aria-describedby=\"caption-attachment-22790\" class=\"wp-image-22790\" src=\"https:\/\/www.rassegnastampa-totustuus.it\/cattolica\/wp-content\/uploads\/2015\/04\/cezanne_Vallier.jpg\" alt=\"cezanne_Vallier\" width=\"166\" height=\"200\" \/><\/a><p id=\"caption-attachment-22790\" class=\"wp-caption-text\">Il giardiniere Vallier, 1904-1906<\/p><\/div>\n<p style=\"text-align: justify;\">Lui per primo infatti misurava la precariet\u00e0 e la fragilit\u00e0 del proprio carattere: cos\u00ec a chi, approfittando dei suoi momenti migliori, gli chiedeva qualcosa al proposito, rispondeva divertito che per gente debole come lui, e indicava intanto l\u00ec, sul suo tavolo, una copia del quotidiano cattolico <em>La Croix, <\/em>&#8220;non restava che appoggiarsi a Roma; dove si deve notare come, al di l\u00e0 del gioco, C\u00e9zanne neanche venisse sfiorato dall&#8217;idea di caricare di significati il proprio malessere psicologico n\u00e9, tanto meno, d&#8217;accentuarne i toni per intenti o pretesti creativi; e come, piuttosto, gli riuscisse assai pi\u00f9 naturale spiegare quegli stessi malesseri dentro la pi\u00f9 normale e scontata quotidianit\u00e0.<\/p>\n<p style=\"text-align: justify;\">Non appena invece si ritrovava con dei pennelli in mano e una tela davanti, sopravveniva a sorreggere, tanto il suo carattere quanto il suo fisico minato da una grave forma di diabete, un&#8217;indomabile energia; lo sorreggeva nelle lunghe, faticose ore di lavoro quando, scavando e sprofondando, dentro i modelli finiva col ripercorrere l&#8217;intera loro verit\u00e0 fisica e spirituale.<\/p>\n<p style=\"text-align: justify;\">Quell&#8217;energia non gli sarebbe neppure .venuta meno quel 15 ottobre del 1906: nonostante infatti il giorno prima, colpito da una sincope mentre dipingeva in aperta campagna, avesse dovuto restare per qualche ora incosciente sotto lo scrosciare d&#8217;un violento temporale; nonostante, per tornare a casa, avesse dovuto attendere che un contadino, accortosi di lui, provvedesse a caricarlo su d&#8217;un carretto da lavandaia; nonostante tutto questo, la mattina di quel 15 ottobre a nessuno riusc\u00ec di trattenerlo nel letto e d&#8217;impedirgli di tornare sotto il tiglio di Lauves a lavorare sul ritratto del giardiniere Vallier. Proprio qui doveva coglierlo cos\u00ec il coma che in pochi giorni lo conduceva implacabilmente alla morte.<\/p>\n<p style=\"text-align: justify;\"><strong>La sua <\/strong><strong>opera<\/strong><\/p>\n<p style=\"text-align: right;\">\u00ab<em>Ma m\u00e9thode e&#8217;est d&#8217;aimer le travail<\/em>\u00bb<\/p>\n<p style=\"text-align: justify;\">A molteplici sollecitazioni, talora anche letterarie, si dispongono le prime esperienze pittoriche di C\u00e9zanne, tanto nel loro facile e immediato recepire temi e motivi di indole metologica, panica o idilliaca, quanto in quel sovraccaricarsi di influenze, stilistiche e di gusto, non sempre facilmente individuabili. L&#8217;ambiente provinciale, ancora saturo di echi e di atteggiamenti romantici e cio\u00e8 di un&#8217;integra, seppur volgarizzata, venerazione per Delacroix, non poteva infatti offrire al giovane pittore provenzale pi\u00f9 precisi e riconoscibili riferimenti.<\/p>\n<p style=\"text-align: justify;\">Lecito pensare, per questi tortuosi inizi, a una personalit\u00e0 artistica, sensibile, anzi, esageratamente ricettiva ma condannata all&#8217;impossibilit\u00e0 di pervenire ad una sintesi significativa e originale. Se qualcosa di unitario \u00e8 dato scorgere nelle prime opere risulta proprio quel persistente interesse per le figure prese all&#8217;aperto, immerse cio\u00e8 nella natura; figure che di volta in volta potevano essere quelle di ninfe e di satiri, degli amici Marion e Valabr\u00e8gue a passeggio, di bagnanti o di conversanti sull&#8217;erba; talora invece era la scena lugubre di un assassinio nel mezzo di una campagna cupa, o il racconto delle tentazioni di Sant&#8217;Antonio nel folto di un boschetto a prender posto sulla tela.<\/p>\n<div id=\"attachment_22791\" style=\"width: 136px\" class=\"wp-caption alignleft\"><a href=\"https:\/\/www.rassegnastampa-totustuus.it\/cattolica\/wp-content\/uploads\/2015\/04\/cezanne_cappello_paglia.jpg\"><img loading=\"lazy\" decoding=\"async\" aria-describedby=\"caption-attachment-22791\" class=\"wp-image-22791\" src=\"https:\/\/www.rassegnastampa-totustuus.it\/cattolica\/wp-content\/uploads\/2015\/04\/cezanne_cappello_paglia.jpg\" alt=\"cezanne_cappello_paglia\" width=\"136\" height=\"200\" \/><\/a><p id=\"caption-attachment-22791\" class=\"wp-caption-text\">l&#8217;uomo col cappello di paglia<\/p><\/div>\n<p style=\"text-align: justify;\">I ritratti del primo decennio (1860-70) non stabiliscono una pi\u00f9 ordinata traiettoria: acuti nel cogliere, come anche nell&#8217;inseguire in un trasporto, ogni sottile movenza del sentimento che la ricercatezza della posa potesse suggerire, egli sceglieva per l&#8217;occasione amici il cui carattere e il cui abituale stato d&#8217;animo, gi\u00e0 a lui in qualche modo noti, si prestassero allo scopo. Uno di questi \u00e8 Boyer, <em>l&#8217;Uomo dal cappello di paglia.<\/em><\/p>\n<p style=\"text-align: justify;\">Non si pu\u00f2 mancare d&#8217;intravvedere, pur nel differenziarsi degli spunti, il timido prevalere di una certa inclinazione nella ricerca, a volte oscura, di questi anni; quasi l&#8217;insinuarsi della crescente esigenza di verificare nell&#8217;impegno con una realt\u00e0 oggettiva la nativa predisposizione alla pittura, quasi il desiderio di varcare il muro delle suggestioni di cui tanto velocemente la sua pittura s&#8217;era intrisa. I paesaggi dipinti negli anni immediatamente seguenti al 1860, nei quali trapela la nitida influenza di Corot, altro non sembrano che un genere accanto agli altri, innumerevoli, gi\u00e0 sperimentati; tuttavia pi\u00f9 visibilmente in essi affiora e si compone un&#8217;iniziale e semplice esperienza della natura.<\/p>\n<p style=\"text-align: justify;\">Non secondario, al riguardo, \u00e8 il contatto con il cosiddetto \u00abbarocco provenzale\u00bb, una tendenza, quasi una scuola, portata avanti dai pittori locali Loubon e Monticelli e segnata da una naturale vena naturalistica; la quale era a sua volta maturata in un rapporto istintivo con la pienezza e l&#8217;esuberanza del paesaggio meridionale e, fattasi densa di un gusto insolito per i forti contrasti di colore, s&#8217;era impregnata di un clima fantastico e talora quasi fiabesco. Ad essi C\u00e9zanne si accosta spontaneamente, tanto per una sua affinit\u00e0 di temperamento e di sensibilit\u00e0, quanto perch\u00e9 il problema della natura e del rapporto con essa iniziava cos\u00ec a catalizzare le sue aspirazioni.<\/p>\n<p style=\"text-align: justify;\">Nei paesaggi degli anni intorno al &#8217;70 si avvertiva il tentativo di penetrare, in forza di una soggettiva irruenza, nel movimento segreto della natura, per afferrarne un pi\u00f9 profondo contatto: radure, alberi, rocce e scorci del bosco al Jas de Bouffan sono i motivi ricorrenti, resi a macchie contrapposte di colore intenso e corposo, come per conformare il proprio gesto al rilievo della natura o per trattenerne tutta la fisicit\u00e0 e in questa poi presagire l&#8217;origine e la compostezza di ogni forma.<\/p>\n<p style=\"text-align: justify;\">Non \u00e8 ancora una totale esperienza della natura, ma piuttosto il sorgere e il dilagare di un&#8217;emozione sincera provata nel contatto con essa. A scioglierlo dal laccio di un atteggiamento ancora incluso, in fondo, nell&#8217;orizzonte romantico e ad introdurlo in una pi\u00f9 approfondita e stimolante vicenda personale sarebbe insorto, clamorosamente e in breve tempo, il fenomeno impressionista.<\/p>\n<p style=\"text-align: justify;\">Gi\u00e0 nel 1866 in una lettera a Zola egli aveva espresso entusiasticamente la scoperta dell&#8217;impareggiabile bellezza dei quadri eseguiti all&#8217;aperto rispetto a quelli realizzati in studio e aveva cos\u00ec proclamato la sua decisione di dipingere da quel momento esclusivamente dal vero; ma la pittura \u00aben plein air\u00bb di Monet e amici portava con s\u00e9, oltre all&#8217;assoluta libert\u00e0 e immediatezza della visione, affidata alla pura impressione visiva, l&#8217;abbandono di ogni rigore che in qualche modo precedesse e violasse il costituirsi spontaneo del rapporto con la realt\u00e0.<\/p>\n<p style=\"text-align: justify;\">A Auvers come a Pontoise, dal &#8217;72 al &#8217;74, C\u00e9zanne lavora a fianco di Pissarro e inizia, in questa luce, una costante verifica sulla natura della propria emozione; meglio sarebbe dire una verifica di quelle sensazioni di colore attraverso cui la visione poteva essere colta e configurata; qui infatti egli inizia ad accorgersi che \u00e8 la natura stessa, nella sua pi\u00f9 profonda verit\u00e0, a offrire e a rivelare, proprio attraverso il fenomeno della visione, l&#8217;intima e inesplorata sua compaginazione. Per C\u00e9zanne la sensazione implica tutte le capacit\u00e0 sensitive, comprese quelle del cuore. \u00ab<em>Ce n&#8217;est qu&#8217;un oeil\u00bb <\/em>sar\u00e0 il suo giudizio, espresso molti anni pi\u00f9 tardi su Monet (nonostante aggiungesse poi \u00ab&#8230; mais quel oeil!\u00bb) a riprova di una presa di distanza presente sin da questo momento rispetto all&#8217;impressionismo.<\/p>\n<p style=\"text-align: justify;\">A tale posizione doveva contribuire non poco l&#8217;insegnamento raccolto nelle visite abituali e appassionate al Louvre, nelle quali C\u00e9zanne rimaneva appunto affascinato dalla capacit\u00e0 irrudicibile della pittura di perseguire e di rendere visibile, al di l\u00e0 della natura che ognuno pu\u00f2 avere sotto gli occhi, quel fattore ineffabile che invece la sottende.<\/p>\n<p style=\"text-align: justify;\">Abituato ad ammirare il paesaggio della sua terra, a immergersi in esso e ad amarne inesorabilmente, pur nella grande variet\u00e0 delle vedute, l&#8217;immutabilit\u00e0, C\u00e9zanne non rinuncia ad un&#8217;integrale esperienza della realt\u00e0, non si abbandona alla fragilit\u00e0 di un&#8217;impressione contingente, come il riverbero del sole fugacemente catturato o il riflesso sull&#8217;acqua che s&#8217;\u00e8 appena composto e gi\u00e0 si dilegua.<\/p>\n<p style=\"text-align: justify;\"><a href=\"https:\/\/www.rassegnastampa-totustuus.it\/cattolica\/wp-content\/uploads\/2015\/04\/Cezanne_Maison_du_pendii.jpg\"><img loading=\"lazy\" decoding=\"async\" class=\"alignright wp-image-22792\" src=\"https:\/\/www.rassegnastampa-totustuus.it\/cattolica\/wp-content\/uploads\/2015\/04\/Cezanne_Maison_du_pendii.jpg\" alt=\"Cezanne_Maison_du_pendii,\" width=\"250\" height=\"200\" \/><\/a>Egli coglie piuttosto le sensazioni di colore in una rocciosit\u00e0 quasi arida di materia, come per non smarrire, nel gioco della visione, la totale profondit\u00e0 della natura. La <em>Maison du pendii, <\/em>del &#8217;72, risulta l&#8217;esempio pi\u00f9 significativo di questa maturazione; con lei tuttavia anche i paesaggi alla Estaque e le frequenti vedute al Jas de Bouffan, oltre ai dipinti di Auvers, ne segnano i passi.<\/p>\n<p style=\"text-align: justify;\">Ognuno sa come una delle armi cui la critica pi\u00f9 di consueto ricorre risulti quella dell&#8217;enucleare, entro la parabola di un artista, alcuni momenti o, per dirla con termine pi\u00f9 ricorrente, alcuni periodi; ora con C\u00e9zanne simile individuazione non pu\u00f2 che poggiarsi su apporti e constatazioni del tutto esteriori e non \u00e8 giustificabile altrimenti che come necessit\u00e0 di catalogaziene.<\/p>\n<p style=\"text-align: justify;\">La sua opera, infatti, anzich\u00e9 procedere per mutamenti improvvisi o per imprevedibili colpi d&#8217;ala, avanza per progressiva, caparbia organizzazione d&#8217;un impulso gi\u00e0 ben riconoscibile negli scoordinati e talora contorti esiti dei primi anni. Cos\u00ec ragioni biografiche assai pi\u00f9 che ragioni espressive spiegano presunte svolte di frequente intravviste dalla critica dentro il cammino c\u00e9zanniano: non fa eccezione naturalmente quella che molti sostengono essersi verificata dopo il 1877, quando, per le amare e desolanti accoglienze ricevute alla terza esposizione degli impressionisti, spinto altres\u00ec dall&#8217;inasprirsi dei rapporti con il padre, C\u00e9zanne s&#8217;era deciso a lasciar Parigi e a rifugiarsi ad Aix per tre anni.<\/p>\n<p style=\"text-align: justify;\">In verit\u00e0 interpretare quella decisione come una volont\u00e0 di togliere gli ormeggi dal porto impressionista risulta abusivo: C\u00e9zanne con i maestri del 1874 aveva sempre avuto ben poco da spartire e quel poco che da loro aveva appreso se lo sarebbe portato dentro, nonostante tutto, ancora per quasi dieci anni.<\/p>\n<p style=\"text-align: justify;\">Certo dell&#8217;abissale distanza che lo separava da loro s&#8217;era fatto, di per s\u00e9, sufficiente consapevolezza; mai infatti s&#8217;era trovato a spartire la casualit\u00e0 con cui l&#8217;occhio impressionista abitualmente si posava sugli oggetti, tanto meno ora che dentro di s\u00e9 sentiva maturare la coscienza del \u00abmotif\u00bb, del motivo cio\u00e8 su cui la sua pittura poteva affinare senza sosta, quasi come per una moderna e rivoluzionata accademia, la propria capacit\u00e0 d&#8217;affondare dentro le cose e di percepire la verit\u00e0.<\/p>\n<p style=\"text-align: justify;\">Insomma, di contro a quanto andava accadendo a tutta la pittura europea, C\u00e9zanne sceglieva di privarsi di una libert\u00e0, quella per cui, di l\u00ec a poco, il campo del rappresentabile avrebbe abbattuto ogni previsto e legittimo confine, per acquisirne invece un&#8217;altra, di libert\u00e0, meno vistosa ma ben pi\u00f9 vera e sofferta, che gli permettesse appunto di scovare e di muoversi nel profondo della vita.<\/p>\n<p style=\"text-align: justify;\">Degli impressionisti anche la fragilit\u00e0 doveva poi ossessionarlo: sentiva i loro quadri traballare proprio per avere voluto erigersi su semplici sensazioni ottiche senza aver tenuto presente quel \u00absouci classique\u00bb, quel retaggio classico che ognuno di loro si portava dentro e a cui, volenti o nolenti, si avrebbe dovuto rendere conto.<\/p>\n<p style=\"text-align: justify;\">Ma se s&#8217;intendesse misurare in tutto e per tutto la distanza che si poneva tra C\u00e9zanne e il gruppo del &#8217;74 bisogna spendere due parole anche sul come, lui e loro, s&#8217;eran trovati a mettere le rispettive mani sulla natura; perch\u00e9, contrariamente a quanto talune interferenze biografiche potrebbero lasciar supporre, punto di riferimento unico ed esclusivo al proposito risultava, per il maestro di Aix, il gran padre Courbet.<\/p>\n<p style=\"text-align: justify;\">Se qualcuno ne dubitasse, se a qualcuno cio\u00e8 non bastasse un quadro quale la <em>Maison du Pendu <\/em>per capire come una cos\u00ec certa impostazione naturalistica non potesse derivare a C\u00e9zanne dall&#8217;effimero colpo d&#8217;occhio impressionista, ma presupponesse un ben pi\u00f9 saldo precedente, ebbene a costui consiglieremmo di attendere, per fugare ogni residua incertezza, le seguenti parole del maestro provenzale; parole che, come ognuno potr\u00e0 ben constatare, risultano non soltanto straripare di passione e venerazione, ma anches\u00ec reggersi su d&#8217;una ineccepibile lucidit\u00e0 critica: \u00abCourbet \u00e8 l&#8217;odore delle foglie fradicie e quello del muschio cresciuto sulle pietre del sottobosco, lo scrosciare delle piogge, l&#8217;ombra delle macchie e l&#8217;avanzare del sole tra le fronde degli alberi; Courbet \u00e8 l&#8217;irrompere della natura dentro la pittura del diciannovesimo secolo\u00bb.<\/p>\n<p style=\"text-align: justify;\">Certo anche Courbet, al pari degli impressionisti, aveva chiuso un occhio su quel \u00absouci classique\u00bb di cui s&#8217;era innanzi parlato; tuttavia, tanto terrestre e potente risultava il suo sentimento della natura che i suoi quadri, in quanto appunto a solidit\u00e0, non avevano assolutamente nulla da recriminare.<\/p>\n<p style=\"text-align: justify;\">Resta comunque il fatto che proprio di fronte alla comune, seppur diversificata incompletezza di chi l&#8217;aveva preceduto come, soprattutto, di fronte a quella di chi gli camminava al fianco si aveva la misura della grande coscienza morale di C\u00e9zanne; lui solo, trovandosi davanti a una tela, si poneva la necessit\u00e0, che si traduceva immediatamente in fatica e in infinita pazienza, di tener dentro e di abbracciare ogni volta tutto: la parzialit\u00e0 lo esasperava come lo esasperava, del resto, la miseria di una cultura sempre pi\u00f9 esclusivamente attenta e disponibile agli estri sentimentali, psicologici ed emotivi del singolo.<\/p>\n<p style=\"text-align: justify;\">Non comprendeva poi quale senso quella medesima cultura potesse ancora vantare, visto come aveva ormai abdicato al suo dovere e alla sua funzione d&#8217;erigersi a centro e a punto di riferimento della vita di tutti; ben per questo lui stesso si sforzava con generosit\u00e0, che risultava nel medesimo tempo biblica e commovente, di restar fedele a tale mancato dovere e a tale destituita funzione.<\/p>\n<p style=\"text-align: justify;\">La pittura insomma col passare degli anni sempre pi\u00f9 assumeva per C\u00e9zanne l&#8217;ampiezza e la portata d&#8217;un atto morale: come tale non pioveva certo su di lui come una <em>grazia <\/em>del cielo, n\u00e9, tanto meno, si rapprendeva su illuminazioni improvvise e fulminanti; avanzava bens\u00ec, e si erigeva, a passi lenti e faticosi, conseguiti a furia di continui tentativi, di ripetute prove, d&#8217;insistiti assaggi. Per farsene un&#8217;idea bisogna ripercorrere quella lunga serie di \u00abBagnanti\u00bb che proprio in quanto prevedevano delle figure immerse in un paesaggio costituivano, per ogni pittore e ancor pi\u00f9 per C\u00e9zanne, uno dei pi\u00f9 completi banchi di prova.<\/p>\n<p style=\"text-align: justify;\">Su quelle tele la coscienza costruttiva tentava di arginare, ogni volta, l&#8217;erompere del sentimento naturale; l&#8217;inquietudine invece, che faceva per altro vibrare quelle figure sin quasi ad avvolgerle in vampate di fiamma, veniva a sua volta a ricomporsi in un pi\u00f9 totale e panico respiro; \u00able souci classique\u00bb, insomma, si tendeva e dilatava sino ad accogliere ed abbracciare in s\u00e9 il palpito e il fragore della vita; e la mai risolta irrequietezza dello spirito accettava, se non di placarsi, almeno di stemperarsi dentro il vastissimo ansimare della natura.<\/p>\n<p style=\"text-align: justify;\">Man mano poi che gli anni passavano, l&#8217;abbandonava la certezza o la presunzione di poter di volta in volta porre un sigillo, si trattasse pur di quello della firma, ai propri quadri: di volta in volta lo sforzo anzich\u00e9 concludersi e risolversi in equilibrio finalmente conseguito, domandava altra fatica, altri tentativi. I \u00abmotifs\u00bb costituivano cos\u00ec gli appoggi, gli insostituibili sostegni del suo cammino: nel 1883 aveva scoperto il blu folgorante del golfo di Marsiglia visto dalla Estaque; nel 1885 era stata invece la volta di Gardanne, un borgo arroccato su d&#8217;una collina non distante da Aix; per la verit\u00e0 questo medesimo anno doveva restare nella cronistoria c\u00e9zanniana per un&#8217;altra, fondamentale rivelazione, quella della montagna Sainte-Victoire.<\/p>\n<p style=\"text-align: justify;\">Si ergeva, la Sainte-Victoire, alle spalle di Aix e si ergeva con quella sapienza e giustezza che \u00e8 propria di tutti gli eventi che sfuggano alla logica della storia e della ragione; con tale sovrana eleganza poi si protendeva a tacito, fedele custode della cittadina provenzale da farci ragionevolmente supporre che C\u00e9zanne l&#8217;avesse fin l\u00ec schivata proprio per un di pi\u00f9 di timore e di riverenza.<\/p>\n<p style=\"text-align: justify;\">Decidendosi dunque <em>a <\/em>dipingerla, lui stesso s&#8217;apprestava ad accostarla con una cura ed un amore del tutto particolari: riconosceva in lei, ancor pi\u00f9 che la custode, l&#8217;anima stessa di Aix, lo spirito che vegliava vigile, dall&#8217;alto della sua mole, sui tetti, le strade, le piazze, i campi l\u00ec circostanti; voleva saperne senz&#8217;altro di pi\u00f9, voleva conoscerla meglio questa montagna che Dio, che solo e soltanto Dio poteva aver voluto con quella sagoma e in quella posizione; cos\u00ec, secondo quanto s&#8217;\u00e8 gi\u00e0 detto in sede biografica, spesso, le domeniche di primavera, si recava sul posto col geologo Marion per farsi spiegare la morfologia e la natura delle rocce che la costituivano: non s&#8217;accontentava, infatti, di ammirarne quelle forme e quell&#8217;eleganza che ne facevano quasi un Olimpo della Provenza, voleva scavarla, immergervi le mani quasi avesse avuto il presagio che l\u00ec dentro, nelle sue profondit\u00e0, battesse un cuore, magari il cuore stesso della sua terra o fors&#8217;anche di tutto e intero il mondo.<\/p>\n<p style=\"text-align: justify;\">Diremo anzi che col sopraggiungere dell&#8217;estrema stagione della sua vita quel presagio sembrava, di poco in poco, farsi miracolosa certezza; e come per una sinfonia che crescendo nota per nota e suono per suono si fosse arrampicata verso le massime intensit\u00e0 drammatiche ed espressive, cos\u00ec la Sainte-Victoire s&#8217;andava caricando d&#8217;insolite, grevi ombre e le sue pendici grondavano di macchie verdi e sempre pi\u00f9 scure e cupe.<\/p>\n<p style=\"text-align: justify;\">S&#8217;avviava insomma a smarrire la sua medesima forma, quasi un vulcano che invece di deflagrare in una devastazione di fuoco e di lava, si disfacesse nell&#8217;attimo d&#8217;emanare, impastata di terra e di luce, l&#8217;anima stessa del mondo, il suo respiro, il suo primo battito, il suo pi\u00f9 arcano sussulto.<\/p>\n<div id=\"attachment_22793\" style=\"width: 250px\" class=\"wp-caption alignleft\"><a href=\"https:\/\/www.rassegnastampa-totustuus.it\/cattolica\/wp-content\/uploads\/2015\/04\/cezanne_mont_victoire.jpg\"><img loading=\"lazy\" decoding=\"async\" aria-describedby=\"caption-attachment-22793\" class=\"wp-image-22793\" src=\"https:\/\/www.rassegnastampa-totustuus.it\/cattolica\/wp-content\/uploads\/2015\/04\/cezanne_mont_victoire.jpg\" alt=\"cezanne_mont_victoire\" width=\"250\" height=\"185\" \/><\/a><p id=\"caption-attachment-22793\" class=\"wp-caption-text\">Mont Sainte-Victoire<\/p><\/div>\n<p style=\"text-align: justify;\">Da quel 1885 C\u00e9zanne si sarebbe trovato una trentina di volte, volendo tenere esclusivo conto degli oli, a dipingere la Sainte-Victoire: ci\u00f2 non toglie che quella sua suprema capacit\u00e0 d&#8217;entrare nella verit\u00e0 delle cose e della vita la riversasse poi su altri \u00abmotifs\u00bb e che, anzi, tutti i quadri dipinti in quell&#8217;ultimo decennio, decennio celebrato giusto un anno fa da una memorabile esposizione parigina, ne risentisse in maniera eccezionale.<\/p>\n<p style=\"text-align: justify;\">Cos\u00ec anche le nature morte, e ne sia esempio quella con \u00abCipolle e bottiglia\u00bb, che si riproduce in queste pagine, sembrano disporsi, anzich\u00e9 alla tensione astrattiva di un genio, alla fatica e allo sforzo di chi, dal di dentro, voleva ricondurre la presenza e la realt\u00e0 di ognuno di quegli oggetti alla necessit\u00e0 di un principio (tra l&#8217;altro doveva avvertire in questa sua \u00ab operazione\u00bb l&#8217;eco lontana d&#8217;una qualche liturgia; liturgia i cui fasti, quei grandi tendaggi o \u00abparamenti\u00bb che talora sovrastano le sue Nature morte, vorrebbero appunto ancora rievocare).<\/p>\n<p style=\"text-align: justify;\">Sembrava dirci C\u00e9zanne che, per riconoscere l&#8217;impronta di quel principio dentro la vita, non occorrevano folgorazioni o estasi, bastava guardare una mela; purch\u00e9 naturalmente sul cammino di quel principio non si erigessero le rovinose barricate d&#8217;altre effimere e sacrileghe certezze; purch\u00e9, insomma, lo si lasciasse fluire, quel principio, come, dentro le proprie fibre, lo lasciavano fluire, ad esempio, quei vecchi di cui C\u00e9zanne aveva una volta detto: \u00abamo pi\u00f9 di ogni cosa al mondo l&#8217;aspetto delle persone invecchiate senza far violenza alle abitudini, lasciandosi andare alle leggi del tempo\u00bb.<\/p>\n<p style=\"text-align: justify;\">Non per un caso quindi proprio sul ritratto d&#8217;un vecchio, sul ritratto cio\u00e8 del giardiniere Vallier, C\u00e9zanne doveva toccare l&#8217;apice, la punta pi\u00f9 alta della sua attivit\u00e0; n\u00e9, tanto meno, per un caso su d&#8217;un altro successivo ritratto di quel medesimo giardiniere doveva addirittura chiudere la propria permanenza terrena.<\/p>\n<p style=\"text-align: justify;\">Cos\u00ec, come per una maturazione avvenuta proprio alle soglie della morte, l&#8217;inquetudine c\u00e9zanniana andava finalmente a placarsi: il suo innato istinto alla costruzione finalmente s&#8217;era, in tutto e per tutto, appoggiato alle strutture stesse della terra e della vita; ora quell&#8217;istinto non domandava pi\u00f9 di piegar le apparenze a qualche semplificazione o approssimazione geometrica, ora esigeva il rispetto totale della realt\u00e0 e delle sue forme.<\/p>\n<p style=\"text-align: justify;\">Che tornassero quindi pure le ombre a coprire il volto, che tornassero i solchi delle rughe a segnare i dolori e le fatiche d&#8217;una vita, che tornasse la carne a impastarsi con la terra, che tornasse la luce a immergersi nel pi\u00f9 segreto pulsare della vita; che tornasse pure tutto questo perch\u00e9 tra le sue bibliche seppur ormai tremanti mani un vecchio di Aix aveva ritrovato, con la coscienza della verit\u00e0, un bandolo del filo che univa e unisce ogni cosa al Principio.<\/p>\n<p style=\"text-align: justify;\"><strong>La sua eredit\u00e0<\/strong><\/p>\n<p style=\"text-align: right;\"><em>\u00abUne tradition pourra.it repartir de moi\u00bb.<\/em><\/p>\n<p style=\"text-align: justify;\">Confessandosi un giorno nei modi che gli erano consueti, spalancando cio\u00e8 senza remissione il proprio cuore, al suo amico e concittadino Joaquim Gasquet, C\u00e9zanne ebbe una volta a rivelare che, tra i sogni e i progetti pi\u00f9 cari, teneva in serbo quello di poter un giorno ricondurre la pittura all&#8217;antica saldezza di una tradizione.<\/p>\n<p style=\"text-align: justify;\">Non lo interessava una semplice scuola, pur se fondata sul suo moralissimo prestigio, poich\u00e9 ambiva a lasciar dietro di s\u00e9 non tanto una schiera di allievi imbevuti come spugne alla fonte del suo insegnamento, bens\u00ec un manipolo di ferratissimi artigiani che s&#8217;apprestassero a innalzare le cattedrali del suo tempo: \u00abil punto fermo ritrovato\u00bb: ecco cosa voleva diventasse per il mondo la sua pittura; la quercia cio\u00e8 nel mezzo della pianura caotica e desolata, la guglia svettante sopra i superstiti muri e le macerie.<\/p>\n<p style=\"text-align: justify;\">Perch\u00e9 ci\u00f2 potesse verificarsi s&#8217;era gi\u00e0 disposto a concedere la propria persona al limbo della storia, ad abbandonarla, quasi fosse quella d&#8217;un \u00ab<em>artijex<\/em>\u00bb d&#8217;altri, oscuri tempi, all&#8217;oblio dell&#8217;anonimato; la certezza gli bastava che la sua coscienza potesse trovare sulla terra altre anime cui abbracciarsi, altri occhi e altre mani disposte a lasciarsi guidare da lei.<\/p>\n<p style=\"text-align: justify;\">Non se ne contarono molti, tra i pittori e le intelligenze di quei giorni, pronti a giurar fede a simile solenne progetto; tutti preferivano anzich\u00e9 porsi al riparo di quella biblica quercia, continuare a trastullarsi con le rovine, le nostalgie, talvolta persine con le sconcezze che il progresso aveva disseminato per le lande circostanti.<\/p>\n<p style=\"text-align: justify;\">Non che dalle loro bocche stentassero ad uscire parole di scoperto, incondizionato consenso per il maestro di Aix, ma a quelle parole mai faceva seguito pari realt\u00e0; tutti presumevano d&#8217;averlo dalla loro parte, pochi pochissimi avevano in verit\u00e0 le carte in regola. Cos\u00ec, di passo in passo, la vicenda che della eredit\u00e0 c\u00e9zanniana in questo conclusivo capitolo dovevamo ripercorrere assumeva, invece, il taglio di resoconto di tutti gli equivoci, che sulla indiscussa autorit\u00e0 di C\u00e9zanne s&#8217;erano col tempo inventati e costruiti.<\/p>\n<p style=\"text-align: justify;\">Del resto, tanto per cominciare, non altrimenti che considerandolo appunto un equivoco possiamo oggi spiegarci la devozione e la riverenza che avevano condotto due pittori come Emile Bernard e Maurice Denis, pittori cresciuti all&#8217;esangue simbolismo di Gauguin, a seguir da vicino le ultime e penultime vicende del grande provenzale; il quale oltretutto, in un fitto epistolario, s&#8217;ostinava a mettere nella testa del primo alcune basilari idee riguardo alla natura come primo e supremo punto di riferimento per un pittore, ma s&#8217;ostinava del tutto invano; tanto che le rituali riserve per una pittura, quella appunto di stampo gaugeniano, che a suo avviso non aveva n\u00e9 carne n\u00e9 sangue e quindi, come tale, neanche sussisteva, ebbene quelle medesime riserve dovevano ben presto venire estese alla persona stessa del suo ammiratore, cio\u00e8 a Emile Bernard.<\/p>\n<p style=\"text-align: justify;\">Simile episodio avrebbe potuto apparire del tutto marginale se, sin d&#8217;allora, non si fosse stabilito a sintomo, a paradigma d&#8217;una china su cui tutta la pittura europea stava scivolando; serpeggiava infatti per l&#8217;Europa un malumore i cui principali se non unici imputati risultavano gli impressionisti: se ne avversava talvolta la tranquillit\u00e0 con cui avevano destituito ogni problema d&#8217;ordine mentale e stilistico, si respingeva, altrove, la loro calma coscienza borghese; sempre e dovunque si deprecava il libero, disinvolto fluire del loro naturalismo.<\/p>\n<p style=\"text-align: justify;\">La Francia stessa, che pur di l\u00ec a non molto, avrebbe reputato i maestri della famosa esposizione del 1874 al pari di glorie nazionali, presa tra la dolorosa epopea di Van Gogh e l&#8217;anemico esotismo di Gauguin, s&#8217;era trovata a dover subito spostare i propri tiri; morto poi nel &#8217;90 l&#8217;uno ed attraccato nel &#8217;95 a nuovi pi\u00f9 confacenti lidi il secondo, anzich\u00e9 trovar l&#8217;energia necessaria per rivolgere i propri passi verso la grande strada tracciata dal maestro di Aix, le era riuscito pi\u00f9 facile lasciarsi cullare dai dolci, intimi interni di Bonnard e di Matisse.<\/p>\n<p style=\"text-align: justify;\">Soprattutto il gusto impareggiabile di quest&#8217;ultimo le aveva tagliato le gambe e un suo quadro dipinto, quasi a volerci ricordare che di un equivoco stiamo appunto tracciando la storia, proprio all&#8217;Estaque, cio\u00e8 in piena terra c\u00e9zanniana, nel 1905, si stabiliva a programma di una breve esperienza, nella quale sarebbero rimaste invischiate tutte le pi\u00f9 fresche energie della nazione: il fauvisme. Per altro niente pi\u00f9 del titolo che proprio a quel quadro era stato apposto, <em>Luxe, calme, volupt\u00e9, <\/em>pu\u00f2 dire, anzi quasi gridare, del clima della Francia di quegli anni.<\/p>\n<p style=\"text-align: justify;\">Fuori di l\u00ec le cose non marciavano molto diversamente: in Germania, ad esempio, reggeva con maggior vigore il ricordo di Van Gogh su cui s&#8217;era riversato l&#8217;angoscioso, esasperato rovello di Munch; l&#8217;ambigua miscela, precipitando, aveva dato vita al corrosivo acido espressionista, al contraltare cio\u00e8, in terra tedesca, dell&#8217;esperienza fauve.<\/p>\n<p style=\"text-align: justify;\">Col che il terreno su cui C\u00e9zanne avrebbe voluto impiantare il suo impressionismo consolidato in tradizione s&#8217;era completamente smangiato: non trovava spazio e consenso alcuno la sostanza stessa dell&#8217;impressionismo e, per quanto riguardava la tradizione, non c&#8217;era entit\u00e0 meno consona ad un&#8217;arte che ormai sempre pi\u00f9 si concedeva agli asfittici registri emozionali e espressivi del presente: quale sorte il futuro poteva infatti mai riservare al fiotto di luce gialla che s&#8217;era precariamente impregnato nelle tende, nelle tovaglie, nelle teiere o tra i capelli delle modelle di Bonnard? E a chi mai riusciva di riconoscere le stigmate d&#8217;un qualsiasi passato sotto lo scalpit\u00eco nevrotico d&#8217;un quadro espressionista?<\/p>\n<p style=\"text-align: justify;\">Ogni privilegio ed ogni energia erano state insomma riservate alle totalitarie esigenze del presente e nel presente s&#8217;esaurivano: cos\u00ec, sia che s&#8217;agisse per stimoli sentimentali, sia che ci si lasciasse travolgere da moventi psichici s&#8217;allentavano comunque i legami con la biblica ponderatezza di C\u00e9zanne.<\/p>\n<p style=\"text-align: justify;\">Erano quelli i giorni in cui la vita del maestro di Aix volgeva al proprio prescritto termine, in cui, cio\u00e8, l&#8217;arte europea, sollevata dalla sua imponente presenza, poteva ancor pi\u00f9 andar tronfia d&#8217;una sua illusione di libert\u00e0: ora infatti le era quotidianamente permesso di calpestare i germi del futuro e di disperdere con uguale dissennatezza le linfe della tradizione e del passato; nel contempo, strozzata, qua e l\u00e0, da soprassalti d&#8217;angoscia, cominciava la vana e tuttora inconclusa ricerca del proprio senso e delle proprie smarrite ragioni.<\/p>\n<p style=\"text-align: justify;\">Eppure allorch\u00e9 nell&#8217;autunno del 1907 il Salon e la galleria Bernheim Jeune mettevano in piedi due grandi retrospettive rispettivamente dei suoi quadri e dei suoi acquarelli, un coro unanime aveva percorso Parigi a sancire la sua grandezza e il suo genio; bast\u00f2 per\u00f2 che sul <em>Mereure de France <\/em>Bernard pubblicasse, poco dopo, tra le altre lettere recapitategli da Aix, quella in data 15 aprile 1904, perch\u00e9 si comprendesse di quale autentica pasta fossero quei commenti.<\/p>\n<p style=\"text-align: justify;\">Parlava casualmente C\u00e9zanne tra quelle righe di una struttura geometrica cui sarebbe stata riconducibile l&#8217;intera natura; ne parlava in quanto pretendeva di guarire dal generi\u00adco misticismo il suo giovane ammiratore e di guarirlo senza naturalmente schifare il ricorso ad espressioni troppo chiare e quindi un tantino semplicistiche.<\/p>\n<p style=\"text-align: justify;\">Avendo per\u00f2 badato in pochi a tale circostanza, l&#8217;attenzione generale fin\u00ec con l&#8217;appuntarsi su quella frase pi\u00f9 che sugli stessi quadri; in tal modo mancava soltanto che Picasso, in quello stesso ottobre, cominciasse a mostrare, ad amici e non, le sue famose <em>Demoiselles d&#8217;Avignon <\/em>perch\u00e9 agli occhi di tutti si squadernasse, con malaugurata chiarezza, la traiettoria che da quella lettera c\u00e9zanniana proseguiva appunto sino all&#8217;atto di fondazione del cubismo.<\/p>\n<p style=\"text-align: justify;\">Ma da quale ciclo pioveva mai questo Picasso? L&#8217;averne taciuto sino ad ora non deve lasciar credere che la sua carriera non avesse gi\u00e0 preso avvio da qualche anno, perch\u00e9 alle prime luci del secolo Picasso s&#8217;era fatto avanti ed aveva, tra l&#8217;altro, imboccato con decisione strade del tutto nuove e personali; sorretto gi\u00e0 d&#8217;allora dalla sua rumorosa e devastante intelligenza, primo tra tutti aveva posato con una certa coerenza il suo sguardo su C\u00e9zanne, saccheggiandolo, tra l&#8217;altro, di quei \u00abRagazzi al bagno\u00bb che il maestro di Aix aveva dipinto verso il 1885; su quegli spunti, che talora intrideva abilmente di un appiccicoso sentimentalismo di lontano sapore spagnolo, aveva dato poi vita a quel periodo dalla critica in seguito tempestivamente definito \u00abblu e rosa\u00bb.<\/p>\n<p style=\"text-align: justify;\">Non altrimenti accadeva per le <em>Demoiselles, <\/em>inventate palesemente da Picasso sulle immagini dei numerosi, sofferti progetti delle bagnanti c\u00e9zanniane; con la differenza per\u00f2 che il gioco s&#8217;era fatto nel frattempo pi\u00f9 scoperto e non pu\u00f2 nasconderci oggi, al fuoco dell&#8217;impietosa lente di settantanni di storia i suoi scandalosi meccanismi.<\/p>\n<p style=\"text-align: justify;\">Nulla difatti restava dell&#8217;inquietudine mai risolta di C\u00e9zanne, nulla del suo lento, faticoso procedere; nulla infine della sua stessa incertezza, delle sue esitazioni, dei suoi continui ripensamenti; tutto in quel quadro risultava al contrario chiarito, decifrato, sillabato: l&#8217;anima medesima dell&#8217;uomo stava l\u00ec, presuntuosamente smontata, una luce divoratrice ne visitava ogni pi\u00f9 segreta piega: non pi\u00f9 il soffio d&#8217;un mistero la pervadeva, non pi\u00f9 ombra alcuna l&#8217;avvolgeva e la fasciava.<\/p>\n<p style=\"text-align: justify;\">Resti cos\u00ec pure deluso chi, sapendo dell&#8217;origine spagnola di Picasso, si poneva nella sacrosanta attesa di vedere che almeno quanto di ardentemente irrequieto C\u00e9zanne stesso aveva tratto da uno dei pi\u00f9 grandi spiriti di quella nazione, da El Greco, passasse, pur voltato in gioco, nella <em>De<\/em><em>moiselles; <\/em>resti pure deluso perch\u00e9, comunque, Picasso, travolto com&#8217;era da una sconcertante e sconsiderata attenzione, non avrebbe potuto concedersi a simili esitazioni, trovandosi a dover piuttosto macinare vita ed esperienze senza sosta, a dover cio\u00e8 imporre a s\u00e9 e, soprattutto al mondo, un ritmo cieco e frastornante. Solo imbastendolo col seguito incessante delle sue invenzioni, solo riuscendo a trasformarlo nella colossale platea di un mai terminato circo quel mondo gli sarebbe restato ai piedi.<\/p>\n<p style=\"text-align: justify;\">Nessuno, penso, meglio del grande mercante parigino Ambroise Vollard che, in un lasso di tempo di 10 anni, era passato sotto i pennelli tanto di C\u00e9zanne come di Picasso potrebbe a questo punto darci misura di quanto il secondo si fosse allontanato dalla strada tracciata dal primo.<\/p>\n<p style=\"text-align: justify;\">Lui, Vollard, nel <em>&#8217;99, <\/em>appoggiato al pi\u00f9 provvisorio e malcerto dei trespoli, lungo centoquindici leggendarie sedute aveva seguito il crescere lento e faticoso della propria immagine sulla tela del maestro di Aix; aveva visto C\u00e9zanne ora scavare con gli occhi e con le mani, ora generosamente sbilanciarsi per inseguire ogni sussulto della prona sensibilit\u00e0, ora ansiosamente cercare, tra improvvisi sbalzi di umore, la formula di un cemento divino che stando al fondo di quella come d&#8217;ogni altra forma, poteva lui solo garantire fisica, perenne solidit\u00e0 al futuro capolavoro.<\/p>\n<p style=\"text-align: justify;\">Intanto, per conseguenza di quell&#8217;interminabile depositarsi di strati sopra altri strati di materia, l&#8217;immagine si ergeva sotto i suoi occhi, acquisiva insospettata solidit\u00e0, guadagnava di passo in passo in fermezza; al trespolo si conferiva la stabilit\u00e0 di una cattedra e lui, il mercante parigino, assumeva infine le sembianze di un profeta che, l\u00ec, sulla cattedra, come nel luogo designato, si fosse insediato.<\/p>\n<p style=\"text-align: justify;\">Dieci anni pi\u00f9 tardi, ad attenderlo dietro un altro cavalletto parigino, Vollard avrebbe invece trovato Picasso; il quale, anzich\u00e9 armarsi come ognuno si sarebbe aspettato di pennelli e spatole, sembrava aver impugnato una punta di diamante di cui servirsi per sminuzzare, triturare e quindi ingordamente dominare ogni forma.<\/p>\n<p style=\"text-align: justify;\">Durante la stesura di quel ritratto mai il lampo di una incertezza l&#8217;aveva attraversato, un dubbio mai s&#8217;era insinuato nel suo disegno, mai s&#8217;era impastato con i suoi colori; presunte certezze spianandosi di continuo al fianco d&#8217;altre presunte certezze soffocavano ogni possibilit\u00e0 che dietro le apparenze trasparisse qualcosa di non preventivato.<\/p>\n<p style=\"text-align: justify;\">Col tempo, poi, la sicurezza montava in protervia, la protervia in ingordigia e ad ogni suggestione formale si metteva in movimento l&#8217;insaziabile meccanismo della sua intelligenza. Cos\u00ec, di l\u00ec, a quasi trent&#8217;anni, quando, con <em>Guernica<\/em>, non gli riuscir\u00e0 pi\u00f9 di fermarsi neanche davanti alla tragedia di un popolo e il dolore, irriso, verr\u00e0 ridotto a smorfia e il dramma verr\u00e0 banalizzato nella facile genialit\u00e0 di un fumetto, allora C\u00e9zanne sar\u00e0, questa volta s\u00ec, irremediabilmente lontano. Allora l&#8217;equivoco che sempre c&#8217;eravamo limitati a definire formale assurger\u00e0, in tutto e per tutto, alle gravissime proporzioni d&#8217;un equivoco d&#8217;ordine appunto morale.<\/p>\n<p style=\"text-align: justify;\">Si sar\u00e0 inteso come l&#8217;esperienza picassiana non fosse certo tale da contenersi nell&#8217;avventura del suo protagonista, come anzi il dover ad ogni costo imporsi all&#8217;esperienza e alla cultura altrui, il dover fare cio\u00e8 di se il centro unico ed esclusivo risultasse ragione e condizione medesima della sua esistenza. In tal modo il \u00abpicassismo\u00bb dilagava ovunque e pur sconfinando di frequente nel fatto di moda o di costume, finiva poi, quasi sempre, per stritolare con la sua esuberanza qualsiasi ipotesi che, dentro la vicenda della pittura, tendesse a divergere; che se poi qualcuno riusciva a sfuggire alla sua presa, questi, quasi regolarmente, s&#8217;impaludava negli astratti sofismi delle avanguardie.<\/p>\n<p style=\"text-align: justify;\">In verit\u00e0 qualche eccezione, qualche voce cio\u00e8 che, avendo spaccato la crosta di quel conformismo, ancora poteva affondare le proprie radici in terre ben pi\u00f9 feconde e umane resisteva; l&#8217;onda potente di C\u00e9zanne, continuava insomma ad abbracciare chi, sentendo come ancora troppo, troppo urgente il peso della propria e dell&#8217;altrui carne, del proprio e dell&#8217;altrui dolore scansava, ripugnato, il gioco picassiano e si metteva in cerca d&#8217;altre fonti e d&#8217;altri maestri.<\/p>\n<p style=\"text-align: justify;\">Scendeva gi\u00f9 da C\u00e9zanne, fluendo nelle profondit\u00e0 della terra, una corrente di verit\u00e0 che di tanto in tanto tornava a farsi largo, a palpitare e a premere dentro le vene e dentro la coscienza di alcuni. Di tale certezza vorremmo bene potesse, qui ed ora, farsi garante ciascuno, naturalmente aiutato da un adeguato supporto delle immagini; purtroppo l&#8217;evidente irrealizzabilit\u00e0 di questo e la scontata insensatezza d&#8217;un elenco di nomi scisso dalle rispettive realt\u00e0 e ragioni, rendono quasi proibitivo l&#8217;intento.<\/p>\n<p style=\"text-align: justify;\">Non che il progetto di seguire dentro la vicenda della pittura del nostro secolo il filo continuo, seppur segreto e silenzioso del c\u00e9zannismo debba cos\u00ec risultare per sempre abbandonato, semplicemente si rimanda il lettore ad altra, pi\u00f9 confacente occasione; solo per ora si sappia che, ogni qualvolta sul cammino dell&#8217;arte moderna torni a vibrare l&#8217;incontenibile luce dell&#8217;anima, ogni qualvolta quel cammino torni a sussultare nelle sue profondit\u00e0 per una dimenticata pressione religiosa, l\u00ec \u00e8 il segno di C\u00e9zanne, l\u00ec il tacito costituirsi della sua tradizione.<\/p>\n<p style=\"text-align: justify;\">Lui aveva sostenuto che gli bastava una mela per poter \u00absignificare\u00bb adeguatamente Dio e che, anzi, giunti dove s&#8217;era giunti, risultava assai pi\u00f9 decisivo riconoscere l&#8217;impronta di Dio dentro un frammento della natura, dentro cio\u00e8 qualsiasi \u00abmotif\u00bb, piuttosto che, di Dio, riferire stanca\u00admente secondo i termini e le immagini dell&#8217;iconografia religiosa.<\/p>\n<p style=\"text-align: justify;\">Il sacro come ineluttabilit\u00e0: ecco quale gigantesco segno di s\u00e9 C\u00e9zanne ha lasciato all&#8217;arte del nostro secolo; segno per il quale nulla \u00e8 dato conoscere se non s&#8217;accetta dentro le cose, al loro fondo, il mistero del principio; e nulla \u00e8 dato neppure conoscere se non si sono assunte le stigmate di chi, passo per passo, partendo da quel principio, ha depositato le forme della vita e della realt\u00e0 dentro le nostre mani; se, insomma, tra quel principio e queste forme non s&#8217;\u00e8 individuata e rispettata la grande, solenne impalcatura della tradizione.<\/p>\n<p style=\"text-align: justify;\"><strong>BIBLIOGRAFIA ESSENZIALE<\/strong><\/p>\n<p style=\"text-align: justify;\"><strong>Sulla vita:<\/strong><\/p>\n<p style=\"text-align: justify;\">Vollard, <em>Paul C\u00e9zanne,<\/em> Paris 1914<\/p>\n<p style=\"text-align: justify;\">Gasquet<em>, Paul C\u00e9zanne<\/em>, Paris 1921<\/p>\n<p style=\"text-align: justify;\">Bernard, <em>C\u00e9zanne. Ricordi e lettere<\/em>, Longanesi, Milano 1953<\/p>\n<p style=\"text-align: justify;\">Morosini-E. Treccani, <em>Lettere di Paul C\u00e9zanne<\/em>, Bompiani, Milano 1945<\/p>\n<p style=\"text-align: justify;\"><strong>Sull&#8217;opera:<\/strong><\/p>\n<p style=\"text-align: justify;\"><em>L&#8217;opera completa di C\u00e9zanne<\/em>, Rizzoli, Milano 1970<\/p>\n<p style=\"text-align: justify;\">Venturi, <em>C\u00e9zanne, son art, son oeuvre<\/em>, Paris 1936<\/p>\n<p>&nbsp;<\/p>\n","protected":false},"excerpt":{"rendered":"<p>Supplemento a Litterae Communionis \u00a0I GRANDI DELLA CULTURA MODERNA RIVISITATI \u00abSto lavorando senza sosta, intravedo la Terra Promessa. Mi accadr\u00e0 come al capo degli Ebrei, o potr\u00f2 entrarvi?\u00bb testo di Giuseppe Frangi e Flaviano Vitali<\/p><p><a class=\"more-link btn\" href=\"https:\/\/www.rassegnastampa-totustuus.it\/cattolica\/paul-cezanne\/\">Continua a leggere<\/a><\/p>\n","protected":false},"author":6,"featured_media":22785,"comment_status":"closed","ping_status":"closed","sticky":false,"template":"","format":"standard","meta":{"footnotes":""},"categories":[18],"tags":[1967],"class_list":["post-22786","post","type-post","status-publish","format-standard","has-post-thumbnail","hentry","category-personaggi","tag-paul-cezanne","item-wrap"],"yoast_head":"<!-- This site is optimized with the Yoast SEO plugin v27.5 - https:\/\/yoast.com\/product\/yoast-seo-wordpress\/ -->\n<title>Paul Cezanne - Rassegna Stampa Cattolica<\/title>\n<meta name=\"description\" content=\"Rassegna Stampa Cattolica - Per una cultura che nasce dalla Rivelazione cristiana in conformit\u00e0 alla tradizione e al Magistero della Chiesa in opposizione ad ogni relativismo e totalitarismo\" \/>\n<meta name=\"robots\" content=\"index, follow, max-snippet:-1, max-image-preview:large, max-video-preview:-1\" \/>\n<link rel=\"canonical\" href=\"https:\/\/www.rassegnastampa-totustuus.it\/cattolica\/paul-cezanne\/\" \/>\n<meta property=\"og:locale\" content=\"it_IT\" \/>\n<meta property=\"og:type\" content=\"article\" \/>\n<meta property=\"og:title\" content=\"Paul Cezanne - Rassegna Stampa Cattolica\" \/>\n<meta property=\"og:description\" content=\"Rassegna Stampa Cattolica - Per una cultura che nasce dalla Rivelazione cristiana in conformit\u00e0 alla tradizione e al Magistero della Chiesa in opposizione ad ogni relativismo e totalitarismo\" \/>\n<meta property=\"og:url\" content=\"https:\/\/www.rassegnastampa-totustuus.it\/cattolica\/paul-cezanne\/\" \/>\n<meta property=\"og:site_name\" content=\"Rassegna Stampa Cattolica\" \/>\n<meta property=\"article:publisher\" content=\"https:\/\/www.facebook.com\/rassegnastampacattolica\" \/>\n<meta property=\"article:published_time\" content=\"2015-03-09T10:54:41+00:00\" \/>\n<meta property=\"article:modified_time\" content=\"2015-04-09T10:30:25+00:00\" \/>\n<meta property=\"og:image\" content=\"https:\/\/www.rassegnastampa-totustuus.it\/cattolica\/wp-content\/uploads\/2011\/08\/Paul-Cezanne.jpg\" \/>\n\t<meta property=\"og:image:width\" content=\"203\" \/>\n\t<meta property=\"og:image:height\" content=\"248\" \/>\n\t<meta property=\"og:image:type\" content=\"image\/jpeg\" \/>\n<meta name=\"author\" content=\"Redazione\" \/>\n<meta name=\"twitter:card\" content=\"summary_large_image\" \/>\n<meta name=\"twitter:creator\" content=\"@rassegnastampa9\" \/>\n<meta name=\"twitter:site\" content=\"@rassegnastampa9\" \/>\n<meta name=\"twitter:label1\" content=\"Scritto da\" \/>\n\t<meta name=\"twitter:data1\" content=\"Redazione\" \/>\n\t<meta name=\"twitter:label2\" content=\"Tempo di lettura stimato\" \/>\n\t<meta name=\"twitter:data2\" content=\"43 minuti\" \/>\n<script type=\"application\/ld+json\" class=\"yoast-schema-graph\">{\"@context\":\"https:\\\/\\\/schema.org\",\"@graph\":[{\"@type\":\"Article\",\"@id\":\"https:\\\/\\\/www.rassegnastampa-totustuus.it\\\/cattolica\\\/paul-cezanne\\\/#article\",\"isPartOf\":{\"@id\":\"https:\\\/\\\/www.rassegnastampa-totustuus.it\\\/cattolica\\\/paul-cezanne\\\/\"},\"author\":{\"name\":\"Redazione\",\"@id\":\"https:\\\/\\\/www.rassegnastampa-totustuus.it\\\/cattolica\\\/#\\\/schema\\\/person\\\/08f319d2bd1a0904ad9e2bfb7b15e5c3\"},\"headline\":\"Paul Cezanne\",\"datePublished\":\"2015-03-09T10:54:41+00:00\",\"dateModified\":\"2015-04-09T10:30:25+00:00\",\"mainEntityOfPage\":{\"@id\":\"https:\\\/\\\/www.rassegnastampa-totustuus.it\\\/cattolica\\\/paul-cezanne\\\/\"},\"wordCount\":8921,\"publisher\":{\"@id\":\"https:\\\/\\\/www.rassegnastampa-totustuus.it\\\/cattolica\\\/#organization\"},\"image\":{\"@id\":\"https:\\\/\\\/www.rassegnastampa-totustuus.it\\\/cattolica\\\/paul-cezanne\\\/#primaryimage\"},\"thumbnailUrl\":\"https:\\\/\\\/www.rassegnastampa-totustuus.it\\\/cattolica\\\/wp-content\\\/uploads\\\/2011\\\/08\\\/Paul-Cezanne.jpg\",\"keywords\":[\"Paul Cezanne\"],\"articleSection\":[\"Personaggi\"],\"inLanguage\":\"it-IT\"},{\"@type\":\"WebPage\",\"@id\":\"https:\\\/\\\/www.rassegnastampa-totustuus.it\\\/cattolica\\\/paul-cezanne\\\/\",\"url\":\"https:\\\/\\\/www.rassegnastampa-totustuus.it\\\/cattolica\\\/paul-cezanne\\\/\",\"name\":\"Paul Cezanne - Rassegna Stampa Cattolica\",\"isPartOf\":{\"@id\":\"https:\\\/\\\/www.rassegnastampa-totustuus.it\\\/cattolica\\\/#website\"},\"primaryImageOfPage\":{\"@id\":\"https:\\\/\\\/www.rassegnastampa-totustuus.it\\\/cattolica\\\/paul-cezanne\\\/#primaryimage\"},\"image\":{\"@id\":\"https:\\\/\\\/www.rassegnastampa-totustuus.it\\\/cattolica\\\/paul-cezanne\\\/#primaryimage\"},\"thumbnailUrl\":\"https:\\\/\\\/www.rassegnastampa-totustuus.it\\\/cattolica\\\/wp-content\\\/uploads\\\/2011\\\/08\\\/Paul-Cezanne.jpg\",\"datePublished\":\"2015-03-09T10:54:41+00:00\",\"dateModified\":\"2015-04-09T10:30:25+00:00\",\"description\":\"Rassegna Stampa Cattolica - Per una cultura che nasce dalla Rivelazione cristiana in conformit\u00e0 alla tradizione e al Magistero della Chiesa in opposizione ad ogni relativismo e totalitarismo\",\"breadcrumb\":{\"@id\":\"https:\\\/\\\/www.rassegnastampa-totustuus.it\\\/cattolica\\\/paul-cezanne\\\/#breadcrumb\"},\"inLanguage\":\"it-IT\",\"potentialAction\":[{\"@type\":\"ReadAction\",\"target\":[\"https:\\\/\\\/www.rassegnastampa-totustuus.it\\\/cattolica\\\/paul-cezanne\\\/\"]}]},{\"@type\":\"ImageObject\",\"inLanguage\":\"it-IT\",\"@id\":\"https:\\\/\\\/www.rassegnastampa-totustuus.it\\\/cattolica\\\/paul-cezanne\\\/#primaryimage\",\"url\":\"https:\\\/\\\/www.rassegnastampa-totustuus.it\\\/cattolica\\\/wp-content\\\/uploads\\\/2011\\\/08\\\/Paul-Cezanne.jpg\",\"contentUrl\":\"https:\\\/\\\/www.rassegnastampa-totustuus.it\\\/cattolica\\\/wp-content\\\/uploads\\\/2011\\\/08\\\/Paul-Cezanne.jpg\",\"width\":203,\"height\":248},{\"@type\":\"BreadcrumbList\",\"@id\":\"https:\\\/\\\/www.rassegnastampa-totustuus.it\\\/cattolica\\\/paul-cezanne\\\/#breadcrumb\",\"itemListElement\":[{\"@type\":\"ListItem\",\"position\":1,\"name\":\"Home\",\"item\":\"https:\\\/\\\/www.rassegnastampa-totustuus.it\\\/cattolica\\\/\"},{\"@type\":\"ListItem\",\"position\":2,\"name\":\"Paul Cezanne\"}]},{\"@type\":\"WebSite\",\"@id\":\"https:\\\/\\\/www.rassegnastampa-totustuus.it\\\/cattolica\\\/#website\",\"url\":\"https:\\\/\\\/www.rassegnastampa-totustuus.it\\\/cattolica\\\/\",\"name\":\"Rassegna Stampa Cattolica\",\"description\":\"Per una cultura che nasce dalla Rivelazione cristiana in conformit\u00e0 alla tradizione e al Magistero della Chiesa in opposizione ad ogni relativismo e totalitarismo\",\"publisher\":{\"@id\":\"https:\\\/\\\/www.rassegnastampa-totustuus.it\\\/cattolica\\\/#organization\"},\"alternateName\":\"Rass. Cattolica\",\"potentialAction\":[{\"@type\":\"SearchAction\",\"target\":{\"@type\":\"EntryPoint\",\"urlTemplate\":\"https:\\\/\\\/www.rassegnastampa-totustuus.it\\\/cattolica\\\/?s={search_term_string}\"},\"query-input\":{\"@type\":\"PropertyValueSpecification\",\"valueRequired\":true,\"valueName\":\"search_term_string\"}}],\"inLanguage\":\"it-IT\"},{\"@type\":\"Organization\",\"@id\":\"https:\\\/\\\/www.rassegnastampa-totustuus.it\\\/cattolica\\\/#organization\",\"name\":\"Rassegna Stampa Cattolica\",\"url\":\"https:\\\/\\\/www.rassegnastampa-totustuus.it\\\/cattolica\\\/\",\"logo\":{\"@type\":\"ImageObject\",\"inLanguage\":\"it-IT\",\"@id\":\"https:\\\/\\\/www.rassegnastampa-totustuus.it\\\/cattolica\\\/#\\\/schema\\\/logo\\\/image\\\/\",\"url\":\"https:\\\/\\\/www.rassegnastampa-totustuus.it\\\/cattolica\\\/wp-content\\\/uploads\\\/2014\\\/04\\\/logo-rassegna1.gif\",\"contentUrl\":\"https:\\\/\\\/www.rassegnastampa-totustuus.it\\\/cattolica\\\/wp-content\\\/uploads\\\/2014\\\/04\\\/logo-rassegna1.gif\",\"width\":600,\"height\":163,\"caption\":\"Rassegna Stampa Cattolica\"},\"image\":{\"@id\":\"https:\\\/\\\/www.rassegnastampa-totustuus.it\\\/cattolica\\\/#\\\/schema\\\/logo\\\/image\\\/\"},\"sameAs\":[\"https:\\\/\\\/www.facebook.com\\\/rassegnastampacattolica\",\"https:\\\/\\\/x.com\\\/rassegnastampa9\"]},{\"@type\":\"Person\",\"@id\":\"https:\\\/\\\/www.rassegnastampa-totustuus.it\\\/cattolica\\\/#\\\/schema\\\/person\\\/08f319d2bd1a0904ad9e2bfb7b15e5c3\",\"name\":\"Redazione\",\"image\":{\"@type\":\"ImageObject\",\"inLanguage\":\"it-IT\",\"@id\":\"https:\\\/\\\/secure.gravatar.com\\\/avatar\\\/2fcdf27c78ea025fbdb44e914cc63c72249ffec9dc8aafd5c82b26240ef3f346?s=96&d=mm&r=g\",\"url\":\"https:\\\/\\\/secure.gravatar.com\\\/avatar\\\/2fcdf27c78ea025fbdb44e914cc63c72249ffec9dc8aafd5c82b26240ef3f346?s=96&d=mm&r=g\",\"contentUrl\":\"https:\\\/\\\/secure.gravatar.com\\\/avatar\\\/2fcdf27c78ea025fbdb44e914cc63c72249ffec9dc8aafd5c82b26240ef3f346?s=96&d=mm&r=g\",\"caption\":\"Redazione\"},\"url\":\"https:\\\/\\\/www.rassegnastampa-totustuus.it\\\/cattolica\\\/author\\\/pietroelle\\\/\"}]}<\/script>\n<!-- \/ Yoast SEO plugin. -->","yoast_head_json":{"title":"Paul Cezanne - Rassegna Stampa Cattolica","description":"Rassegna Stampa Cattolica - Per una cultura che nasce dalla Rivelazione cristiana in conformit\u00e0 alla tradizione e al Magistero della Chiesa in opposizione ad ogni relativismo e totalitarismo","robots":{"index":"index","follow":"follow","max-snippet":"max-snippet:-1","max-image-preview":"max-image-preview:large","max-video-preview":"max-video-preview:-1"},"canonical":"https:\/\/www.rassegnastampa-totustuus.it\/cattolica\/paul-cezanne\/","og_locale":"it_IT","og_type":"article","og_title":"Paul Cezanne - Rassegna Stampa Cattolica","og_description":"Rassegna Stampa Cattolica - Per una cultura che nasce dalla Rivelazione cristiana in conformit\u00e0 alla tradizione e al Magistero della Chiesa in opposizione ad ogni relativismo e totalitarismo","og_url":"https:\/\/www.rassegnastampa-totustuus.it\/cattolica\/paul-cezanne\/","og_site_name":"Rassegna Stampa Cattolica","article_publisher":"https:\/\/www.facebook.com\/rassegnastampacattolica","article_published_time":"2015-03-09T10:54:41+00:00","article_modified_time":"2015-04-09T10:30:25+00:00","og_image":[{"width":203,"height":248,"url":"https:\/\/www.rassegnastampa-totustuus.it\/cattolica\/wp-content\/uploads\/2011\/08\/Paul-Cezanne.jpg","type":"image\/jpeg"}],"author":"Redazione","twitter_card":"summary_large_image","twitter_creator":"@rassegnastampa9","twitter_site":"@rassegnastampa9","twitter_misc":{"Scritto da":"Redazione","Tempo di lettura stimato":"43 minuti"},"schema":{"@context":"https:\/\/schema.org","@graph":[{"@type":"Article","@id":"https:\/\/www.rassegnastampa-totustuus.it\/cattolica\/paul-cezanne\/#article","isPartOf":{"@id":"https:\/\/www.rassegnastampa-totustuus.it\/cattolica\/paul-cezanne\/"},"author":{"name":"Redazione","@id":"https:\/\/www.rassegnastampa-totustuus.it\/cattolica\/#\/schema\/person\/08f319d2bd1a0904ad9e2bfb7b15e5c3"},"headline":"Paul Cezanne","datePublished":"2015-03-09T10:54:41+00:00","dateModified":"2015-04-09T10:30:25+00:00","mainEntityOfPage":{"@id":"https:\/\/www.rassegnastampa-totustuus.it\/cattolica\/paul-cezanne\/"},"wordCount":8921,"publisher":{"@id":"https:\/\/www.rassegnastampa-totustuus.it\/cattolica\/#organization"},"image":{"@id":"https:\/\/www.rassegnastampa-totustuus.it\/cattolica\/paul-cezanne\/#primaryimage"},"thumbnailUrl":"https:\/\/www.rassegnastampa-totustuus.it\/cattolica\/wp-content\/uploads\/2011\/08\/Paul-Cezanne.jpg","keywords":["Paul Cezanne"],"articleSection":["Personaggi"],"inLanguage":"it-IT"},{"@type":"WebPage","@id":"https:\/\/www.rassegnastampa-totustuus.it\/cattolica\/paul-cezanne\/","url":"https:\/\/www.rassegnastampa-totustuus.it\/cattolica\/paul-cezanne\/","name":"Paul Cezanne - Rassegna Stampa Cattolica","isPartOf":{"@id":"https:\/\/www.rassegnastampa-totustuus.it\/cattolica\/#website"},"primaryImageOfPage":{"@id":"https:\/\/www.rassegnastampa-totustuus.it\/cattolica\/paul-cezanne\/#primaryimage"},"image":{"@id":"https:\/\/www.rassegnastampa-totustuus.it\/cattolica\/paul-cezanne\/#primaryimage"},"thumbnailUrl":"https:\/\/www.rassegnastampa-totustuus.it\/cattolica\/wp-content\/uploads\/2011\/08\/Paul-Cezanne.jpg","datePublished":"2015-03-09T10:54:41+00:00","dateModified":"2015-04-09T10:30:25+00:00","description":"Rassegna Stampa Cattolica - Per una cultura che nasce dalla Rivelazione cristiana in conformit\u00e0 alla tradizione e al Magistero della Chiesa in opposizione ad ogni relativismo e totalitarismo","breadcrumb":{"@id":"https:\/\/www.rassegnastampa-totustuus.it\/cattolica\/paul-cezanne\/#breadcrumb"},"inLanguage":"it-IT","potentialAction":[{"@type":"ReadAction","target":["https:\/\/www.rassegnastampa-totustuus.it\/cattolica\/paul-cezanne\/"]}]},{"@type":"ImageObject","inLanguage":"it-IT","@id":"https:\/\/www.rassegnastampa-totustuus.it\/cattolica\/paul-cezanne\/#primaryimage","url":"https:\/\/www.rassegnastampa-totustuus.it\/cattolica\/wp-content\/uploads\/2011\/08\/Paul-Cezanne.jpg","contentUrl":"https:\/\/www.rassegnastampa-totustuus.it\/cattolica\/wp-content\/uploads\/2011\/08\/Paul-Cezanne.jpg","width":203,"height":248},{"@type":"BreadcrumbList","@id":"https:\/\/www.rassegnastampa-totustuus.it\/cattolica\/paul-cezanne\/#breadcrumb","itemListElement":[{"@type":"ListItem","position":1,"name":"Home","item":"https:\/\/www.rassegnastampa-totustuus.it\/cattolica\/"},{"@type":"ListItem","position":2,"name":"Paul Cezanne"}]},{"@type":"WebSite","@id":"https:\/\/www.rassegnastampa-totustuus.it\/cattolica\/#website","url":"https:\/\/www.rassegnastampa-totustuus.it\/cattolica\/","name":"Rassegna Stampa Cattolica","description":"Per una cultura che nasce dalla Rivelazione cristiana in conformit\u00e0 alla tradizione e al Magistero della Chiesa in opposizione ad ogni relativismo e totalitarismo","publisher":{"@id":"https:\/\/www.rassegnastampa-totustuus.it\/cattolica\/#organization"},"alternateName":"Rass. Cattolica","potentialAction":[{"@type":"SearchAction","target":{"@type":"EntryPoint","urlTemplate":"https:\/\/www.rassegnastampa-totustuus.it\/cattolica\/?s={search_term_string}"},"query-input":{"@type":"PropertyValueSpecification","valueRequired":true,"valueName":"search_term_string"}}],"inLanguage":"it-IT"},{"@type":"Organization","@id":"https:\/\/www.rassegnastampa-totustuus.it\/cattolica\/#organization","name":"Rassegna Stampa Cattolica","url":"https:\/\/www.rassegnastampa-totustuus.it\/cattolica\/","logo":{"@type":"ImageObject","inLanguage":"it-IT","@id":"https:\/\/www.rassegnastampa-totustuus.it\/cattolica\/#\/schema\/logo\/image\/","url":"https:\/\/www.rassegnastampa-totustuus.it\/cattolica\/wp-content\/uploads\/2014\/04\/logo-rassegna1.gif","contentUrl":"https:\/\/www.rassegnastampa-totustuus.it\/cattolica\/wp-content\/uploads\/2014\/04\/logo-rassegna1.gif","width":600,"height":163,"caption":"Rassegna Stampa Cattolica"},"image":{"@id":"https:\/\/www.rassegnastampa-totustuus.it\/cattolica\/#\/schema\/logo\/image\/"},"sameAs":["https:\/\/www.facebook.com\/rassegnastampacattolica","https:\/\/x.com\/rassegnastampa9"]},{"@type":"Person","@id":"https:\/\/www.rassegnastampa-totustuus.it\/cattolica\/#\/schema\/person\/08f319d2bd1a0904ad9e2bfb7b15e5c3","name":"Redazione","image":{"@type":"ImageObject","inLanguage":"it-IT","@id":"https:\/\/secure.gravatar.com\/avatar\/2fcdf27c78ea025fbdb44e914cc63c72249ffec9dc8aafd5c82b26240ef3f346?s=96&d=mm&r=g","url":"https:\/\/secure.gravatar.com\/avatar\/2fcdf27c78ea025fbdb44e914cc63c72249ffec9dc8aafd5c82b26240ef3f346?s=96&d=mm&r=g","contentUrl":"https:\/\/secure.gravatar.com\/avatar\/2fcdf27c78ea025fbdb44e914cc63c72249ffec9dc8aafd5c82b26240ef3f346?s=96&d=mm&r=g","caption":"Redazione"},"url":"https:\/\/www.rassegnastampa-totustuus.it\/cattolica\/author\/pietroelle\/"}]}},"_links":{"self":[{"href":"https:\/\/www.rassegnastampa-totustuus.it\/cattolica\/wp-json\/wp\/v2\/posts\/22786","targetHints":{"allow":["GET"]}}],"collection":[{"href":"https:\/\/www.rassegnastampa-totustuus.it\/cattolica\/wp-json\/wp\/v2\/posts"}],"about":[{"href":"https:\/\/www.rassegnastampa-totustuus.it\/cattolica\/wp-json\/wp\/v2\/types\/post"}],"author":[{"embeddable":true,"href":"https:\/\/www.rassegnastampa-totustuus.it\/cattolica\/wp-json\/wp\/v2\/users\/6"}],"replies":[{"embeddable":true,"href":"https:\/\/www.rassegnastampa-totustuus.it\/cattolica\/wp-json\/wp\/v2\/comments?post=22786"}],"version-history":[{"count":1,"href":"https:\/\/www.rassegnastampa-totustuus.it\/cattolica\/wp-json\/wp\/v2\/posts\/22786\/revisions"}],"predecessor-version":[{"id":22794,"href":"https:\/\/www.rassegnastampa-totustuus.it\/cattolica\/wp-json\/wp\/v2\/posts\/22786\/revisions\/22794"}],"wp:featuredmedia":[{"embeddable":true,"href":"https:\/\/www.rassegnastampa-totustuus.it\/cattolica\/wp-json\/wp\/v2\/media\/22785"}],"wp:attachment":[{"href":"https:\/\/www.rassegnastampa-totustuus.it\/cattolica\/wp-json\/wp\/v2\/media?parent=22786"}],"wp:term":[{"taxonomy":"category","embeddable":true,"href":"https:\/\/www.rassegnastampa-totustuus.it\/cattolica\/wp-json\/wp\/v2\/categories?post=22786"},{"taxonomy":"post_tag","embeddable":true,"href":"https:\/\/www.rassegnastampa-totustuus.it\/cattolica\/wp-json\/wp\/v2\/tags?post=22786"}],"curies":[{"name":"wp","href":"https:\/\/api.w.org\/{rel}","templated":true}]}}