{"id":2268,"date":"2006-10-12T00:00:00","date_gmt":"2006-10-11T22:00:00","guid":{"rendered":""},"modified":"2015-11-06T12:40:21","modified_gmt":"2015-11-06T11:40:21","slug":"dalleuropa-agli-states-troppo-falso-medioevo","status":"publish","type":"post","link":"https:\/\/www.rassegnastampa-totustuus.it\/cattolica\/dalleuropa-agli-states-troppo-falso-medioevo\/","title":{"rendered":"Dall&#8217;Europa agli States troppo falso medioevo"},"content":{"rendered":"<div style=\"text-align: center;\"><strong><a href=\"https:\/\/www.rassegnastampa-totustuus.it\/cattolica\/wp-content\/uploads\/2006\/10\/medioevo_falso.jpg\"><img loading=\"lazy\" decoding=\"async\" class=\"alignright wp-image-27166\" src=\"https:\/\/www.rassegnastampa-totustuus.it\/cattolica\/wp-content\/uploads\/2006\/10\/medioevo_falso.jpg\" alt=\"medioevo_falso\" width=\"250\" height=\"187\" \/><\/a>Vita e Pensiero<\/strong> n.4 luglio-agosto 2006<\/div>\n<p style=\"text-align: justify;\"><em>Romanzi e film, ma anche videogames e tante feste popolari e rievocazioni storiche: negli ultimi anni si \u00e8 finito per abusare di questo periodo storico. Cosa si nasconde dietro la nuova moda del medioevo fra pseudoscrittori e pseudoarchitetti <\/em><\/p>\n<p style=\"text-align: center;\">di <strong>Franco Cardini<\/strong><\/p>\n<p><!--more--><\/p>\n<div style=\"text-align: justify;\">Medioevo \u00e8 parola oggi, e da almeno un paio di secoli, di cui si usa e si abusa. Che al di l\u00e0 della convenzione cronologica e della tradizione consistente nel periodizzare il flusso della storia e nel riferirsi ai nomi che ai periodi cos\u00ec ripartiti usiamo conferire, dietro tale parola siano ormai discernibili valori per cos\u00ec dire specifici &#8211; da distinguersi da quelli, ad esempio, tipici del cosiddetto <em>ancien regime<\/em>, e perpetuatisi oltre gli schemi cronologici pi\u00f9 consolidati in un cosiddetto &#8220;lungo medioevo&#8221;, magari il <em>moyen-age des profondeurs<\/em> proposto da Jacques Le Goff &#8211; \u00e8 ancora oggetto di discussione.<\/div>\n<p style=\"text-align: justify;\">Sta di fatto che della parola in questione, la quale ha come noto uno statuto ben consolidato nel campo degli studi e della ricerca sotto il profilo storico e filologico, oggi troppo spesso ci si serve per indicare un oggetto ambiguo e confuso, un &#8220;medioevo&#8221; immaginario (ben altra cosa dall'&#8221;immaginario medievale&#8221; il cui studio \u00e8 una dimensione, sia pur discussa, della medievistica), che forse meglio dovremmo definire &#8220;fantastico&#8221; &#8211; se ci\u00f2 non facesse corto circuito con un celebre capolavoro di Jurgis Baltrusaitis &#8211; e che naturalmente, a sua volta, designava una cosa ben diversa &#8211; un &#8220;medioevo&#8221; arbitrariamente concepito e proposto, rispetto al quale si dovranno analizzare volta per volta intenzioni, metodi e materiali d&#8217;elaborazione, volont\u00e0 di verosimiglianza effettiva. Comunque, la parola e i contenuti che le vengono attribuiti riempiono i nostri mass media e sembra faccia molto business.<\/p>\n<p style=\"text-align: justify;\">Insieme con le piramidi e i misteri dei faraoni, \u00e8 il medioevo \u2013 o qualcosa ad esso pi\u00f9 o meno lontanamente ispirato &#8211; a tener banco e a occupare gli scaffali delle librerie e dei negozi di giocattoli, le vetrine delle edicole, gli schermi cinematografici e televisivi, i <em>displays<\/em> dei computer usati per cd-rom e per <em>war games<\/em>, molte linee internet.<\/p>\n<p style=\"text-align: justify;\">Esso tiene banco con le storie del Graal, con i libri sui segreti Templari, con i romanzi di <em>swords and sorcery<\/em> e per questo potrebbe sembrare che la sua cifra prevalente sia quella di un medioevo da iniziati, da esoteristi-occultisti. Accanto ad esso ve ne sono per\u00f2 altri: il medioevo anch&#8217;esso di largo successo veicolato nel romanzo <em>Il nome della rosa<\/em> di Umberto Eco, dove sono presenti toni satirici e polemici contro il medioevo dei &#8220;tradizionalisti&#8221; &#8211; quello, per intendersi, largamente ispirato al &#8220;reazionarismo&#8221; d&#8217;un Borges da una parte, agli scritti di autori come Rene Gu\u00e9non o Julius Evola dall&#8217;altra -; o quello reimmaginato in best seller come <em>I pilastri della terra<\/em> di Ken Follet.<\/p>\n<p style=\"text-align: justify;\">\u00a0Infine c&#8217;\u00e8 il medioevo evocativo-popolare, legato a certe grandi feste e connesso con la ricerca romantico-nazionale dell&#8217;identit\u00e0, delle radici ma anche animato dal revivalismo ch&#8217;\u00e8 un ingrediente dell&#8217;industria del turismo e dell'&#8221;industria della nostalgia&#8221; tipiche entrambe di societ\u00e0 dei consumi, un medioevo che si volge semmai al collettivo alla vita quotidiana, al <em>tableau<\/em>, come nelle feste assisane Calendimaggio, nei giochi cavaliereschi di Asti, di Ascoli Piceno Narni o di Foligno, nelle &#8220;ricostruzioni&#8221; di momenti e ambienti &#8220;medievali&#8221; in Bevagna, nelle feste di Brisighella o di Citt\u00e0 del Sole nelle rievocazioni storiche dell&#8217;et\u00e0 matildica in provincia di Parma o della battaglia contro il Barbarossa a Legnano, nella &#8220;Settimana medievale&#8221; in San Marino e in tantissime altre.<\/p>\n<p style=\"text-align: justify;\">Fino a pochi anni era forse l&#8217;Italia il &#8220;luogo deputato&#8221; di queste rievocazioni, in un&#8217;infinita gamma di proposte ludico-folkloriche e con differenti pretese di continuit\u00e0 tradizionale. Oggi, per\u00f2, occasioni del genere si riscontrano un po&#8217; in tutta Europa e magari anche fuori di essa.<\/p>\n<p style=\"text-align: justify;\">Varie forme e differenti aspetti del &#8220;nuovo medioevo&#8221; aspettano utenti, clienti, turisti. \u00c8 un medioevo sparso e diffuso un po&#8217; in tuuto il mondo, l\u00e0 dove in qualche modo ci si senta legati all&#8217;Europa (quindi anche negli Stati Uniti, in Canada, in Australia), ma soprattutto in Europa: quello delle feste popolari, delle saghe, delle rievocazioni \u201cin costume\u201d, delle gare d&#8217;armi, delle riproduzioni artigianali di <em>mediaevalia<\/em> &#8211;\u00a0 ci limitiamo alle feste &#8211; e dei banchetti &#8220;medievali&#8221;.<\/p>\n<p style=\"text-align: justify;\">Vi sono momenti solenni e ben radicati, come il Palio di Siena (che per antichit\u00e0, continuit\u00e0, autocoscienza e rapporto con la citt\u00e0 resta comunque un caso a parte, difficile da paragonarsi con altre feste in apparenza analoghe, che lo prendono comunque sempre a modello), la Saga del Carroccio di Legnano o il Calendimaggio d&#8217;Assisi, che davvero coinvolgono molto seriamente intere comunit\u00e0; e momenti pi\u00f9 modesti e approssimativi, dove la storia e gli aspetti filologici dell&#8217;et\u00e0 che si vuoi rievocare sono trattati con pi\u00f9 o meno allegra disinvoltura.<\/p>\n<p style=\"text-align: justify;\">Di recente, sono nati anche sodalizi di <em>amateurs<\/em> abbastanza indecisi tra lo studio del medioevo dei <em>medievisti<\/em> e il fascino rievocativo del medioevo dei <em>medievalisti<\/em> (uso qui, in modo abbastanza arbitrario, e personale, il primo come aggettivo di &#8220;medievistica&#8221; e il secondo come aggettivo di &#8220;medievalismo&#8221;).<\/p>\n<p style=\"text-align: justify;\">Ma questa passione, o questa &#8220;moda&#8221;, del medioevo, non \u00e8 cosa nuova. Da trenta o quarant&#8217;anni, come poco fa accennavamo, continua a esser pubblicato in molte lingue del mondo &#8211; e ha dato luogo al radicarsi di un vero e proprio culto, sostenuto da un alto numero di &#8220;societ\u00e0 tolkieniane&#8221; &#8211; il romanzo eroico-fantastico <em>II signore degli anelli<\/em>, capolavoro di un medievista di Oxford, il filologo John Reuel Ronald Tolkien; e un semiologo a sua volta di formazione medievistist\u00e0, Umberto Eco, ha avuto grande successo con <em>Il nome della rosa<\/em>, anch&#8217;esso ambientato &#8220;nel medioevo&#8221;, come si usa dire nonostante si batti di una frase senza senso; d&#8217;argomento medievale &#8211; lo ripetiamo fece anche il best seller di Ken Follett.<\/p>\n<p style=\"text-align: justify;\">Ormai, questo medievalismo diffuso ha dovuto interessare gli stessi studiosi, se non altro per la diffusione del fenomeno: e gi\u00e0 abbiamo avuto, al riguardo, contributi che permettono di razionalizzarne i caratteri e i limiti.<\/p>\n<p style=\"text-align: justify;\">Medioevo &#8211; dicevamo poco sopra anche questo &#8211; nello stesso cinema, dove ce n&#8217;\u00e8 per tutti i gusti: dall&#8217;esistenzialismo del Bergman de <em>Il settimo sigillo<\/em> allo spirito goliardico non privo di qualche finezza teologica de <em>L&#8217;armata Brancaleone<\/em>, alla storia di Ginevra e di Lancillotto e alla Giovanna d&#8217;Arco pi\u00f9 volte visitata e rappresentata, sino al <em>kolossal <\/em>di Luc Besson del 1999.<\/p>\n<p style=\"text-align: justify;\">Per tacer del &#8220;medioevo&#8221; disneyano, pi\u00f9 volte ripercorso (da <em>Biancaneve<\/em> a <em>La Bella addormentata<\/em>, a <em>La spada nella roccia<\/em>, a <em>Notre Dame de Paris<\/em>), che pu\u00f2 sembrare qualcosa di strano a chi non conosce gli Stati Uniti d&#8217;America: che al contrario chi ne ha qualche pratica o ha letto qualcosa sulla loro storia sa bene quanto profonde radici abbiano in esse il neomedioevo e lo pseudomedioevo.<\/p>\n<p style=\"text-align: justify;\">Basti pensare alla complessa vicenda del trasferimento e della ricostruzione d&#8217;un monastero spagnolo sulle rive dello Hudson, presso New York (il Cloister) o all&#8217;ispirazione &#8220;medievistica&#8221; di gran parte dell&#8217;architettura statunitense e canadese contemporanea, anche &#8211; soprattutto? &#8211; della pi\u00f9 recente. Ma la cultura statunitense, fin dal secolo scorso e specie in aree alte ed esclusive &#8211; come quella dei &#8220;bramini&#8221; bostoniani &#8211; \u00e8 percorsa da una passione per l&#8217;Europa medievale che si collega al pensiero costituzionalistico e al cosiddetto teutonismo: un atteggiamento ben connesso con il gusto neogotico in architettura.<\/p>\n<p style=\"text-align: justify;\">Nella pittura, poi, il medioevo ha, com&#8217;\u00e8 noto, conosciuto <em>revivals<\/em> illustri, dalla pittura romantica, in una gamma infinita che da Delacroix giunge ad Hayez e ai loro epigoni che, con le loro rievocazioni storiche, si addentrano nel Novecento, fino al caso del tutto speciale dei preraffaelliti ma anche a epigoni contemporanei di notevole interesse, sospesi tra <em>revival<\/em>, ispirazione fantastica, gioco e sperimentazione decorativa.<\/p>\n<p style=\"text-align: justify;\">Il medioevo ha tentato anche molti cantanti di musica leggera e cantautori: tanto per restare in Italia, da De Andre a lannacci, a Vecchioni, a Branduardi, a Endrigo, a Guccini, ai Gufi, alla Vanoni. Esiste, com&#8217;\u00e8 noto, anche una &#8220;giallistica&#8221; ambientata nel medioevo, di cui buon esempio italiano \u00e8 <em>I dodici abati di Challant<\/em> di Laura Mancinelli: Umberto Eco in qualche modo ne dipende. In alcuni casi, si hanno anche esperimenti lirici che, pi\u00f9 che rifarsi a modelli medievali o trarvi ispirazione, sembrano riproporre un diretto allacciamento ad essi.<\/p>\n<p style=\"text-align: justify;\">Inoltre, c&#8217;\u00e8, come s&#8217;\u00e8 visto, un medioevo delle polemiche: il medioevo &#8220;et\u00e0 oscura&#8221;, con tutto un corredo di argomenti denigratori che hanno una chiara origine illuministica; e il medioevo &#8220;et\u00e0 aurea&#8221; per un motivo o per l&#8217;altro vagheggiata e rimpianta, con temi che in qualche modo si rifanno al primo romanticismo ma che fino a pochi anni fa attingevano alla <em>Weltanschauung <\/em>d&#8217;una destra antimoderna collegata alle problematiche di Gu\u00e9non o di Evola e affascinata dai romanzi di Tolkien, mentre adesso appaiono piuttosto raccordati al celtismo caro ad ambienti della <em>new age<\/em>.<\/p>\n<p style=\"text-align: justify;\">Fino a pochi anni fa si sarebbe detto &#8211; tanto per parafrasare i giochetti proposti da \u00abL&#8217;Espresso\u00bb o una nota canzone di Giorgio Gaber &#8211; che il medioevo era &#8220;di destra&#8221; e l&#8217;antimedioevo &#8220;di sinistra&#8221;. Ora non \u00e8 pi\u00f9 vero: forse perch\u00e9 le ideologie sono entrate in crisi e i parametri di &#8220;destra&#8221; e &#8220;sinistra&#8221; si sono confusi, piuttosto che non perch\u00e9 si sia fatto chiarezza sul medioevo.<\/p>\n<p style=\"text-align: justify;\">Infine, di tanto in tanto riemerge anche il medioevo delle fantasie futurologiche e delle paure connesse con certi sviluppi della scienza e della tecnologia. La paura &#8211; o anche la previsione in apparenza fredda e razionale &#8211; di un &#8220;medioevo prossimo venturo&#8221; si collega a vecchie posizioni catastrofistiche e a visioni cicliche della storia: con Hiroshima si \u00e8 aperto il tempo delle proiezioni apocalittiche sul nostro futuro, tuttavia corrette dall&#8217;ipotesi che qualcosa sopravviva comunque e che la civilt\u00e0 ricominci, magari da nuove invasioni barbariche e da nuovi monasteri dove si conservino e si cataloghino i brandelli del sapere antico in attesa della rinascita.<\/p>\n<p style=\"text-align: justify;\">D&#8217;altro canto, c&#8217;\u00e8 chi ha osservato che la fine delle sia pur ambigue &#8220;certezze&#8221; ideolo-giche costituisce qualcosa di simile alla fine dell&#8217;impero romano d&#8217;Occidente: la caduta del muro di Berlino del 1989 come il cedere del <em>limes<\/em> e dei <em>valla<\/em> nel corso del V secolo e l&#8217;apertura d&#8217;una crepa immensa in un sistema di valori magari ingannevole e ingiusto, a suo modo comunque solido, e dopo la caduta del quale si ha difficolt\u00e0 a ridare un senso al mondo?<\/p>\n<p style=\"text-align: justify;\">Si \u00e8 alla soglia di un &#8220;mondo senza centro&#8221;, nel quale si debba ricominciar tutto daccapo e ricostruire, ripensare, riordinare? Ma l&#8217;essenza del &#8220;medioevo&#8221; &#8211; verrebbe da chiedere e da chiedersi &#8211; sta nell&#8217;azzeramento dal quale esso pu\u00f2 esser partito al tempo delle societ\u00e0 romano-barbariche o nell&#8217;ordine morale, estetico e razionale al quale sembra esser pervenuto al tempo delle universit\u00e0 e delle cattedrali? Se sono medioevo le citt\u00e0 diroccate e le brughiere selvagge, non lo sono anche Chartres e la <em>Summa<\/em> di Tommaso?<\/p>\n<p style=\"text-align: justify;\">Queste polemiche, queste ipotesi, queste preoccupazioni, queste fantasie, rispondono a una mania degli ultimi decenni? No davvero. Procedendo a ritroso nel tempo, troviamo ancora e sempre medioevo, di generazione in generazione, almeno fino alla seconda met\u00e0 del Settecento: limitandoci all&#8217;Italia, il gusto romantico e poi carducciano e dannunziano per le cupe tragedie di sangue, l&#8217;architettura neogotica di chiese e di palazzi comunali nello scorcio fra Otto e le forme neogotiche o neoromaniche di banche, fabbriche, stazioni ferroviarie, nonch\u00e9 le molteplici forme del restauro pi\u00f9 o meno falsificatorio dell&#8217;Ottocento e del primo Novecento); e, prima ancora, i romanzi storici come quelli del Guerrazzi o del D&#8217;Azeglio e le opere liriche come <em>II Trovatore<\/em> di Giuseppe Verdi o <em>II Mefistofele<\/em> di Arrigo Boito. Certo, altre epoche del passato hanno sprigionato un fascino persistente nei secoli successivi: nessuna, per\u00f2, profonda e duratura come il medioevo. Perch\u00e9?<\/p>\n<p style=\"text-align: justify;\">Una risposta di fondo \u00e8 soprattutto politica. Il medioevo \u00e8 il luogo nel quale, a torto o a ragione, si fonda l&#8217;elaborazione del concetto di nazione e si sviluppa quello di popolo: i due concetti base del romanticismo politico, poi variamente articolatesi nel nazionalismo, ma anche nel socialismo e nelle stesse molteplici espressioni del cattolicesimo politico.<\/p>\n<p style=\"text-align: justify;\">\u00c8 necessario prendere dunque atto che l&#8217;interesse per il lungo periodo che ordinariamente definiamo &#8220;medioevo&#8221; situandolo fra V e XV secolo pu\u00f2 orientarsi in due differenti dimensioni, non necessariamente opposte, ma di solito separate. Una \u00e8 la &#8220;medievistica&#8221;, vale a dire la scienza che studia il medioevo sotto il profilo storico, filologico, artistico, filosofia), religioso, letterario, col fine di ricostruirne la realt\u00e0 dinamica.<\/p>\n<p style=\"text-align: justify;\">L&#8217;altra \u00e8 piuttosto il &#8220;medievalismo&#8221;, cio\u00e8 il complesso di interessi e di atteggiamenti concretizzati-si fondamentalmente lungo il XIX secolo e tesi a rivivere &#8211; in modo talora ludico, talaltra nostalgico-evocativo &#8211; un &#8220;medioevo&#8221; immaginato secondo stereotipi in parte radicati e accumulatisi nel tempo, in parte periodicamente ravvivati da mode di vario genere.<\/p>\n<p style=\"text-align: justify;\">Sono un male, queste mode? No, davvero. Al contrario. Basta tener distinte la scienza dall&#8217;invenzione, la realt\u00e0 storica dal fantastico. E poi, anche divertirsi con le nostre radici, magari reinventandole, \u00e8 legittimo. Anzi, costituisce la prova che di quelle radici si ha bisogno, che non si pu\u00f2 viver senza. Basta saper sempre con esattezza quel che si fa e mantener intatte onest\u00e0 intellettuale e capacit\u00e0 di scelta.<\/p>\n","protected":false},"excerpt":{"rendered":"<p>Vita e Pensiero n.4 luglio-agosto 2006 Romanzi e film, ma anche videogames e tante feste popolari e rievocazioni storiche: negli ultimi anni si \u00e8 finito per abusare di questo periodo storico. Cosa si nasconde dietro la nuova moda del medioevo fra pseudoscrittori e pseudoarchitetti di Franco Cardini<\/p><p><a class=\"more-link btn\" href=\"https:\/\/www.rassegnastampa-totustuus.it\/cattolica\/dalleuropa-agli-states-troppo-falso-medioevo\/\">Continua a leggere<\/a><\/p>\n","protected":false},"author":6,"featured_media":27166,"comment_status":"closed","ping_status":"open","sticky":false,"template":"","format":"standard","meta":{"footnotes":""},"categories":[7],"tags":[268],"class_list":["post-2268","post","type-post","status-publish","format-standard","has-post-thumbnail","hentry","category-costume","tag-medioevo-2","item-wrap"],"yoast_head":"<!-- This site is optimized with the Yoast SEO plugin v27.5 - https:\/\/yoast.com\/product\/yoast-seo-wordpress\/ -->\n<title>Dall&#039;Europa agli States troppo falso medioevo - Rassegna Stampa Cattolica<\/title>\n<meta name=\"description\" content=\"Rassegna Stampa Cattolica - Per una cultura che nasce dalla Rivelazione cristiana in conformit\u00e0 alla tradizione e al Magistero della Chiesa in opposizione ad ogni relativismo e totalitarismo\" \/>\n<meta name=\"robots\" content=\"index, follow, max-snippet:-1, max-image-preview:large, max-video-preview:-1\" \/>\n<link rel=\"canonical\" href=\"https:\/\/www.rassegnastampa-totustuus.it\/cattolica\/dalleuropa-agli-states-troppo-falso-medioevo\/\" \/>\n<meta property=\"og:locale\" content=\"it_IT\" \/>\n<meta property=\"og:type\" content=\"article\" \/>\n<meta property=\"og:title\" content=\"Dall&#039;Europa agli States troppo falso medioevo - Rassegna Stampa Cattolica\" \/>\n<meta property=\"og:description\" content=\"Rassegna Stampa Cattolica - Per una cultura che nasce dalla Rivelazione cristiana in conformit\u00e0 alla tradizione e al Magistero della Chiesa in opposizione ad ogni relativismo e totalitarismo\" \/>\n<meta property=\"og:url\" content=\"https:\/\/www.rassegnastampa-totustuus.it\/cattolica\/dalleuropa-agli-states-troppo-falso-medioevo\/\" \/>\n<meta property=\"og:site_name\" content=\"Rassegna Stampa Cattolica\" \/>\n<meta property=\"article:publisher\" content=\"https:\/\/www.facebook.com\/rassegnastampacattolica\" \/>\n<meta property=\"article:published_time\" content=\"2006-10-11T22:00:00+00:00\" \/>\n<meta property=\"article:modified_time\" content=\"2015-11-06T11:40:21+00:00\" \/>\n<meta property=\"og:image\" content=\"https:\/\/www.rassegnastampa-totustuus.it\/cattolica\/wp-content\/uploads\/2006\/10\/medioevo_falso.jpg\" \/>\n\t<meta property=\"og:image:width\" content=\"259\" \/>\n\t<meta property=\"og:image:height\" content=\"194\" \/>\n\t<meta property=\"og:image:type\" content=\"image\/jpeg\" \/>\n<meta name=\"author\" content=\"Redazione\" \/>\n<meta name=\"twitter:card\" content=\"summary_large_image\" \/>\n<meta name=\"twitter:creator\" content=\"@rassegnastampa9\" \/>\n<meta name=\"twitter:site\" content=\"@rassegnastampa9\" \/>\n<meta name=\"twitter:label1\" content=\"Scritto da\" \/>\n\t<meta name=\"twitter:data1\" content=\"Redazione\" \/>\n\t<meta name=\"twitter:label2\" content=\"Tempo di lettura stimato\" \/>\n\t<meta name=\"twitter:data2\" content=\"11 minuti\" \/>\n<script type=\"application\/ld+json\" class=\"yoast-schema-graph\">{\"@context\":\"https:\\\/\\\/schema.org\",\"@graph\":[{\"@type\":\"Article\",\"@id\":\"https:\\\/\\\/www.rassegnastampa-totustuus.it\\\/cattolica\\\/dalleuropa-agli-states-troppo-falso-medioevo\\\/#article\",\"isPartOf\":{\"@id\":\"https:\\\/\\\/www.rassegnastampa-totustuus.it\\\/cattolica\\\/dalleuropa-agli-states-troppo-falso-medioevo\\\/\"},\"author\":{\"name\":\"Redazione\",\"@id\":\"https:\\\/\\\/www.rassegnastampa-totustuus.it\\\/cattolica\\\/#\\\/schema\\\/person\\\/08f319d2bd1a0904ad9e2bfb7b15e5c3\"},\"headline\":\"Dall&#8217;Europa agli States troppo falso medioevo\",\"datePublished\":\"2006-10-11T22:00:00+00:00\",\"dateModified\":\"2015-11-06T11:40:21+00:00\",\"mainEntityOfPage\":{\"@id\":\"https:\\\/\\\/www.rassegnastampa-totustuus.it\\\/cattolica\\\/dalleuropa-agli-states-troppo-falso-medioevo\\\/\"},\"wordCount\":2189,\"publisher\":{\"@id\":\"https:\\\/\\\/www.rassegnastampa-totustuus.it\\\/cattolica\\\/#organization\"},\"image\":{\"@id\":\"https:\\\/\\\/www.rassegnastampa-totustuus.it\\\/cattolica\\\/dalleuropa-agli-states-troppo-falso-medioevo\\\/#primaryimage\"},\"thumbnailUrl\":\"https:\\\/\\\/www.rassegnastampa-totustuus.it\\\/cattolica\\\/wp-content\\\/uploads\\\/2006\\\/10\\\/medioevo_falso.jpg\",\"keywords\":[\"medioevo\"],\"articleSection\":[\"Costume\"],\"inLanguage\":\"it-IT\"},{\"@type\":\"WebPage\",\"@id\":\"https:\\\/\\\/www.rassegnastampa-totustuus.it\\\/cattolica\\\/dalleuropa-agli-states-troppo-falso-medioevo\\\/\",\"url\":\"https:\\\/\\\/www.rassegnastampa-totustuus.it\\\/cattolica\\\/dalleuropa-agli-states-troppo-falso-medioevo\\\/\",\"name\":\"Dall'Europa agli States troppo falso medioevo - Rassegna Stampa Cattolica\",\"isPartOf\":{\"@id\":\"https:\\\/\\\/www.rassegnastampa-totustuus.it\\\/cattolica\\\/#website\"},\"primaryImageOfPage\":{\"@id\":\"https:\\\/\\\/www.rassegnastampa-totustuus.it\\\/cattolica\\\/dalleuropa-agli-states-troppo-falso-medioevo\\\/#primaryimage\"},\"image\":{\"@id\":\"https:\\\/\\\/www.rassegnastampa-totustuus.it\\\/cattolica\\\/dalleuropa-agli-states-troppo-falso-medioevo\\\/#primaryimage\"},\"thumbnailUrl\":\"https:\\\/\\\/www.rassegnastampa-totustuus.it\\\/cattolica\\\/wp-content\\\/uploads\\\/2006\\\/10\\\/medioevo_falso.jpg\",\"datePublished\":\"2006-10-11T22:00:00+00:00\",\"dateModified\":\"2015-11-06T11:40:21+00:00\",\"description\":\"Rassegna Stampa Cattolica - Per una cultura che nasce dalla Rivelazione cristiana in conformit\u00e0 alla tradizione e al Magistero della Chiesa in opposizione ad ogni relativismo e totalitarismo\",\"breadcrumb\":{\"@id\":\"https:\\\/\\\/www.rassegnastampa-totustuus.it\\\/cattolica\\\/dalleuropa-agli-states-troppo-falso-medioevo\\\/#breadcrumb\"},\"inLanguage\":\"it-IT\",\"potentialAction\":[{\"@type\":\"ReadAction\",\"target\":[\"https:\\\/\\\/www.rassegnastampa-totustuus.it\\\/cattolica\\\/dalleuropa-agli-states-troppo-falso-medioevo\\\/\"]}]},{\"@type\":\"ImageObject\",\"inLanguage\":\"it-IT\",\"@id\":\"https:\\\/\\\/www.rassegnastampa-totustuus.it\\\/cattolica\\\/dalleuropa-agli-states-troppo-falso-medioevo\\\/#primaryimage\",\"url\":\"https:\\\/\\\/www.rassegnastampa-totustuus.it\\\/cattolica\\\/wp-content\\\/uploads\\\/2006\\\/10\\\/medioevo_falso.jpg\",\"contentUrl\":\"https:\\\/\\\/www.rassegnastampa-totustuus.it\\\/cattolica\\\/wp-content\\\/uploads\\\/2006\\\/10\\\/medioevo_falso.jpg\",\"width\":259,\"height\":194},{\"@type\":\"BreadcrumbList\",\"@id\":\"https:\\\/\\\/www.rassegnastampa-totustuus.it\\\/cattolica\\\/dalleuropa-agli-states-troppo-falso-medioevo\\\/#breadcrumb\",\"itemListElement\":[{\"@type\":\"ListItem\",\"position\":1,\"name\":\"Home\",\"item\":\"https:\\\/\\\/www.rassegnastampa-totustuus.it\\\/cattolica\\\/\"},{\"@type\":\"ListItem\",\"position\":2,\"name\":\"Dall&#8217;Europa agli States troppo falso medioevo\"}]},{\"@type\":\"WebSite\",\"@id\":\"https:\\\/\\\/www.rassegnastampa-totustuus.it\\\/cattolica\\\/#website\",\"url\":\"https:\\\/\\\/www.rassegnastampa-totustuus.it\\\/cattolica\\\/\",\"name\":\"Rassegna Stampa Cattolica\",\"description\":\"Per una cultura che nasce dalla Rivelazione cristiana in conformit\u00e0 alla tradizione e al Magistero della Chiesa in opposizione ad ogni relativismo e totalitarismo\",\"publisher\":{\"@id\":\"https:\\\/\\\/www.rassegnastampa-totustuus.it\\\/cattolica\\\/#organization\"},\"alternateName\":\"Rass. Cattolica\",\"potentialAction\":[{\"@type\":\"SearchAction\",\"target\":{\"@type\":\"EntryPoint\",\"urlTemplate\":\"https:\\\/\\\/www.rassegnastampa-totustuus.it\\\/cattolica\\\/?s={search_term_string}\"},\"query-input\":{\"@type\":\"PropertyValueSpecification\",\"valueRequired\":true,\"valueName\":\"search_term_string\"}}],\"inLanguage\":\"it-IT\"},{\"@type\":\"Organization\",\"@id\":\"https:\\\/\\\/www.rassegnastampa-totustuus.it\\\/cattolica\\\/#organization\",\"name\":\"Rassegna Stampa Cattolica\",\"url\":\"https:\\\/\\\/www.rassegnastampa-totustuus.it\\\/cattolica\\\/\",\"logo\":{\"@type\":\"ImageObject\",\"inLanguage\":\"it-IT\",\"@id\":\"https:\\\/\\\/www.rassegnastampa-totustuus.it\\\/cattolica\\\/#\\\/schema\\\/logo\\\/image\\\/\",\"url\":\"https:\\\/\\\/www.rassegnastampa-totustuus.it\\\/cattolica\\\/wp-content\\\/uploads\\\/2014\\\/04\\\/logo-rassegna1.gif\",\"contentUrl\":\"https:\\\/\\\/www.rassegnastampa-totustuus.it\\\/cattolica\\\/wp-content\\\/uploads\\\/2014\\\/04\\\/logo-rassegna1.gif\",\"width\":600,\"height\":163,\"caption\":\"Rassegna Stampa Cattolica\"},\"image\":{\"@id\":\"https:\\\/\\\/www.rassegnastampa-totustuus.it\\\/cattolica\\\/#\\\/schema\\\/logo\\\/image\\\/\"},\"sameAs\":[\"https:\\\/\\\/www.facebook.com\\\/rassegnastampacattolica\",\"https:\\\/\\\/x.com\\\/rassegnastampa9\"]},{\"@type\":\"Person\",\"@id\":\"https:\\\/\\\/www.rassegnastampa-totustuus.it\\\/cattolica\\\/#\\\/schema\\\/person\\\/08f319d2bd1a0904ad9e2bfb7b15e5c3\",\"name\":\"Redazione\",\"image\":{\"@type\":\"ImageObject\",\"inLanguage\":\"it-IT\",\"@id\":\"https:\\\/\\\/secure.gravatar.com\\\/avatar\\\/2fcdf27c78ea025fbdb44e914cc63c72249ffec9dc8aafd5c82b26240ef3f346?s=96&d=mm&r=g\",\"url\":\"https:\\\/\\\/secure.gravatar.com\\\/avatar\\\/2fcdf27c78ea025fbdb44e914cc63c72249ffec9dc8aafd5c82b26240ef3f346?s=96&d=mm&r=g\",\"contentUrl\":\"https:\\\/\\\/secure.gravatar.com\\\/avatar\\\/2fcdf27c78ea025fbdb44e914cc63c72249ffec9dc8aafd5c82b26240ef3f346?s=96&d=mm&r=g\",\"caption\":\"Redazione\"},\"url\":\"https:\\\/\\\/www.rassegnastampa-totustuus.it\\\/cattolica\\\/author\\\/pietroelle\\\/\"}]}<\/script>\n<!-- \/ Yoast SEO plugin. -->","yoast_head_json":{"title":"Dall'Europa agli States troppo falso medioevo - Rassegna Stampa Cattolica","description":"Rassegna Stampa Cattolica - Per una cultura che nasce dalla Rivelazione cristiana in conformit\u00e0 alla tradizione e al Magistero della Chiesa in opposizione ad ogni relativismo e totalitarismo","robots":{"index":"index","follow":"follow","max-snippet":"max-snippet:-1","max-image-preview":"max-image-preview:large","max-video-preview":"max-video-preview:-1"},"canonical":"https:\/\/www.rassegnastampa-totustuus.it\/cattolica\/dalleuropa-agli-states-troppo-falso-medioevo\/","og_locale":"it_IT","og_type":"article","og_title":"Dall'Europa agli States troppo falso medioevo - Rassegna Stampa Cattolica","og_description":"Rassegna Stampa Cattolica - Per una cultura che nasce dalla Rivelazione cristiana in conformit\u00e0 alla tradizione e al Magistero della Chiesa in opposizione ad ogni relativismo e totalitarismo","og_url":"https:\/\/www.rassegnastampa-totustuus.it\/cattolica\/dalleuropa-agli-states-troppo-falso-medioevo\/","og_site_name":"Rassegna Stampa Cattolica","article_publisher":"https:\/\/www.facebook.com\/rassegnastampacattolica","article_published_time":"2006-10-11T22:00:00+00:00","article_modified_time":"2015-11-06T11:40:21+00:00","og_image":[{"width":259,"height":194,"url":"https:\/\/www.rassegnastampa-totustuus.it\/cattolica\/wp-content\/uploads\/2006\/10\/medioevo_falso.jpg","type":"image\/jpeg"}],"author":"Redazione","twitter_card":"summary_large_image","twitter_creator":"@rassegnastampa9","twitter_site":"@rassegnastampa9","twitter_misc":{"Scritto da":"Redazione","Tempo di lettura stimato":"11 minuti"},"schema":{"@context":"https:\/\/schema.org","@graph":[{"@type":"Article","@id":"https:\/\/www.rassegnastampa-totustuus.it\/cattolica\/dalleuropa-agli-states-troppo-falso-medioevo\/#article","isPartOf":{"@id":"https:\/\/www.rassegnastampa-totustuus.it\/cattolica\/dalleuropa-agli-states-troppo-falso-medioevo\/"},"author":{"name":"Redazione","@id":"https:\/\/www.rassegnastampa-totustuus.it\/cattolica\/#\/schema\/person\/08f319d2bd1a0904ad9e2bfb7b15e5c3"},"headline":"Dall&#8217;Europa agli States troppo falso medioevo","datePublished":"2006-10-11T22:00:00+00:00","dateModified":"2015-11-06T11:40:21+00:00","mainEntityOfPage":{"@id":"https:\/\/www.rassegnastampa-totustuus.it\/cattolica\/dalleuropa-agli-states-troppo-falso-medioevo\/"},"wordCount":2189,"publisher":{"@id":"https:\/\/www.rassegnastampa-totustuus.it\/cattolica\/#organization"},"image":{"@id":"https:\/\/www.rassegnastampa-totustuus.it\/cattolica\/dalleuropa-agli-states-troppo-falso-medioevo\/#primaryimage"},"thumbnailUrl":"https:\/\/www.rassegnastampa-totustuus.it\/cattolica\/wp-content\/uploads\/2006\/10\/medioevo_falso.jpg","keywords":["medioevo"],"articleSection":["Costume"],"inLanguage":"it-IT"},{"@type":"WebPage","@id":"https:\/\/www.rassegnastampa-totustuus.it\/cattolica\/dalleuropa-agli-states-troppo-falso-medioevo\/","url":"https:\/\/www.rassegnastampa-totustuus.it\/cattolica\/dalleuropa-agli-states-troppo-falso-medioevo\/","name":"Dall'Europa agli States troppo falso medioevo - Rassegna Stampa Cattolica","isPartOf":{"@id":"https:\/\/www.rassegnastampa-totustuus.it\/cattolica\/#website"},"primaryImageOfPage":{"@id":"https:\/\/www.rassegnastampa-totustuus.it\/cattolica\/dalleuropa-agli-states-troppo-falso-medioevo\/#primaryimage"},"image":{"@id":"https:\/\/www.rassegnastampa-totustuus.it\/cattolica\/dalleuropa-agli-states-troppo-falso-medioevo\/#primaryimage"},"thumbnailUrl":"https:\/\/www.rassegnastampa-totustuus.it\/cattolica\/wp-content\/uploads\/2006\/10\/medioevo_falso.jpg","datePublished":"2006-10-11T22:00:00+00:00","dateModified":"2015-11-06T11:40:21+00:00","description":"Rassegna Stampa Cattolica - Per una cultura che nasce dalla Rivelazione cristiana in conformit\u00e0 alla tradizione e al Magistero della Chiesa in opposizione ad ogni relativismo e totalitarismo","breadcrumb":{"@id":"https:\/\/www.rassegnastampa-totustuus.it\/cattolica\/dalleuropa-agli-states-troppo-falso-medioevo\/#breadcrumb"},"inLanguage":"it-IT","potentialAction":[{"@type":"ReadAction","target":["https:\/\/www.rassegnastampa-totustuus.it\/cattolica\/dalleuropa-agli-states-troppo-falso-medioevo\/"]}]},{"@type":"ImageObject","inLanguage":"it-IT","@id":"https:\/\/www.rassegnastampa-totustuus.it\/cattolica\/dalleuropa-agli-states-troppo-falso-medioevo\/#primaryimage","url":"https:\/\/www.rassegnastampa-totustuus.it\/cattolica\/wp-content\/uploads\/2006\/10\/medioevo_falso.jpg","contentUrl":"https:\/\/www.rassegnastampa-totustuus.it\/cattolica\/wp-content\/uploads\/2006\/10\/medioevo_falso.jpg","width":259,"height":194},{"@type":"BreadcrumbList","@id":"https:\/\/www.rassegnastampa-totustuus.it\/cattolica\/dalleuropa-agli-states-troppo-falso-medioevo\/#breadcrumb","itemListElement":[{"@type":"ListItem","position":1,"name":"Home","item":"https:\/\/www.rassegnastampa-totustuus.it\/cattolica\/"},{"@type":"ListItem","position":2,"name":"Dall&#8217;Europa agli States troppo falso medioevo"}]},{"@type":"WebSite","@id":"https:\/\/www.rassegnastampa-totustuus.it\/cattolica\/#website","url":"https:\/\/www.rassegnastampa-totustuus.it\/cattolica\/","name":"Rassegna Stampa Cattolica","description":"Per una cultura che nasce dalla Rivelazione cristiana in conformit\u00e0 alla tradizione e al Magistero della Chiesa in opposizione ad ogni relativismo e totalitarismo","publisher":{"@id":"https:\/\/www.rassegnastampa-totustuus.it\/cattolica\/#organization"},"alternateName":"Rass. Cattolica","potentialAction":[{"@type":"SearchAction","target":{"@type":"EntryPoint","urlTemplate":"https:\/\/www.rassegnastampa-totustuus.it\/cattolica\/?s={search_term_string}"},"query-input":{"@type":"PropertyValueSpecification","valueRequired":true,"valueName":"search_term_string"}}],"inLanguage":"it-IT"},{"@type":"Organization","@id":"https:\/\/www.rassegnastampa-totustuus.it\/cattolica\/#organization","name":"Rassegna Stampa Cattolica","url":"https:\/\/www.rassegnastampa-totustuus.it\/cattolica\/","logo":{"@type":"ImageObject","inLanguage":"it-IT","@id":"https:\/\/www.rassegnastampa-totustuus.it\/cattolica\/#\/schema\/logo\/image\/","url":"https:\/\/www.rassegnastampa-totustuus.it\/cattolica\/wp-content\/uploads\/2014\/04\/logo-rassegna1.gif","contentUrl":"https:\/\/www.rassegnastampa-totustuus.it\/cattolica\/wp-content\/uploads\/2014\/04\/logo-rassegna1.gif","width":600,"height":163,"caption":"Rassegna Stampa Cattolica"},"image":{"@id":"https:\/\/www.rassegnastampa-totustuus.it\/cattolica\/#\/schema\/logo\/image\/"},"sameAs":["https:\/\/www.facebook.com\/rassegnastampacattolica","https:\/\/x.com\/rassegnastampa9"]},{"@type":"Person","@id":"https:\/\/www.rassegnastampa-totustuus.it\/cattolica\/#\/schema\/person\/08f319d2bd1a0904ad9e2bfb7b15e5c3","name":"Redazione","image":{"@type":"ImageObject","inLanguage":"it-IT","@id":"https:\/\/secure.gravatar.com\/avatar\/2fcdf27c78ea025fbdb44e914cc63c72249ffec9dc8aafd5c82b26240ef3f346?s=96&d=mm&r=g","url":"https:\/\/secure.gravatar.com\/avatar\/2fcdf27c78ea025fbdb44e914cc63c72249ffec9dc8aafd5c82b26240ef3f346?s=96&d=mm&r=g","contentUrl":"https:\/\/secure.gravatar.com\/avatar\/2fcdf27c78ea025fbdb44e914cc63c72249ffec9dc8aafd5c82b26240ef3f346?s=96&d=mm&r=g","caption":"Redazione"},"url":"https:\/\/www.rassegnastampa-totustuus.it\/cattolica\/author\/pietroelle\/"}]}},"_links":{"self":[{"href":"https:\/\/www.rassegnastampa-totustuus.it\/cattolica\/wp-json\/wp\/v2\/posts\/2268","targetHints":{"allow":["GET"]}}],"collection":[{"href":"https:\/\/www.rassegnastampa-totustuus.it\/cattolica\/wp-json\/wp\/v2\/posts"}],"about":[{"href":"https:\/\/www.rassegnastampa-totustuus.it\/cattolica\/wp-json\/wp\/v2\/types\/post"}],"author":[{"embeddable":true,"href":"https:\/\/www.rassegnastampa-totustuus.it\/cattolica\/wp-json\/wp\/v2\/users\/6"}],"replies":[{"embeddable":true,"href":"https:\/\/www.rassegnastampa-totustuus.it\/cattolica\/wp-json\/wp\/v2\/comments?post=2268"}],"version-history":[{"count":4,"href":"https:\/\/www.rassegnastampa-totustuus.it\/cattolica\/wp-json\/wp\/v2\/posts\/2268\/revisions"}],"predecessor-version":[{"id":27167,"href":"https:\/\/www.rassegnastampa-totustuus.it\/cattolica\/wp-json\/wp\/v2\/posts\/2268\/revisions\/27167"}],"wp:featuredmedia":[{"embeddable":true,"href":"https:\/\/www.rassegnastampa-totustuus.it\/cattolica\/wp-json\/wp\/v2\/media\/27166"}],"wp:attachment":[{"href":"https:\/\/www.rassegnastampa-totustuus.it\/cattolica\/wp-json\/wp\/v2\/media?parent=2268"}],"wp:term":[{"taxonomy":"category","embeddable":true,"href":"https:\/\/www.rassegnastampa-totustuus.it\/cattolica\/wp-json\/wp\/v2\/categories?post=2268"},{"taxonomy":"post_tag","embeddable":true,"href":"https:\/\/www.rassegnastampa-totustuus.it\/cattolica\/wp-json\/wp\/v2\/tags?post=2268"}],"curies":[{"name":"wp","href":"https:\/\/api.w.org\/{rel}","templated":true}]}}