{"id":2255,"date":"2006-10-06T12:23:57","date_gmt":"2006-10-06T10:23:57","guid":{"rendered":""},"modified":"2016-01-03T15:22:32","modified_gmt":"2016-01-03T14:22:32","slug":"per-impedire-lestinzione-della-famiglia-bisogna-impedire-i-pacs","status":"publish","type":"post","link":"https:\/\/www.rassegnastampa-totustuus.it\/cattolica\/per-impedire-lestinzione-della-famiglia-bisogna-impedire-i-pacs\/","title":{"rendered":"&#8220;Per impedire l\u2019estinzione della famiglia bisogna impedire i PACS&#8221;"},"content":{"rendered":"<div style=\"text-align: center;\"><strong><a href=\"https:\/\/www.rassegnastampa-totustuus.it\/cattolica\/wp-content\/uploads\/2006\/10\/pacs.jpg\"><img loading=\"lazy\" decoding=\"async\" class=\"alignleft wp-image-29135\" src=\"https:\/\/www.rassegnastampa-totustuus.it\/cattolica\/wp-content\/uploads\/2006\/10\/pacs.jpg\" alt=\"pacs\" width=\"250\" height=\"187\" \/><\/a>ZENIT &#8211; Il mondo visto da Roma<\/strong> 4 ottobre2006<\/div>\n<p style=\"text-align: justify;\">Nel corso di un convegno sul tema \u201cUnioni di fatto e patti civili di solidariet\u00e0 (PACS)\u201d, organizzato dall\u2019Unione Giuristi Cattolici di Pisa e svoltosi nella citt\u00e0 toscana sabato 29 settembre, relatori e convenuti hanno concluso che non vi \u00e8 necessit\u00e0 di interventi legislativi che favoriscano i PACS e che una tale scelta porterebbe all\u2019estinzione la famiglia naturale.<\/p>\n<p><!--more--><\/p>\n<div style=\"text-align: justify;\">Intervenendo al convegno, il professor Mauro Paladini \u2013 docente di Diritto Civile alla Scuola Superiore di Studi \u201cS. Anna\u201d di Pisa \u2013 ha fatto il punto sulle convivenze di fatto e la tutela giuridica dei soggetti pi\u00f9 deboli, alla luce dell\u2019attuale assetto normativo e giurisprudenziale dell\u2019ordinamento. Molte, infatti, sono le disposizioni e le pronunce che si sono occupate delle situazioni \u201c<em>more uxorio<\/em>\u201d, cio\u00e8 non formalizzate nel matrimonio pur se caratterizzate da rilevante stabilit\u00e0 nel tempo.<\/div>\n<p style=\"text-align: justify;\">La legge assicura ad esse una certa tutela giuridica: in primo luogo nei rapporti tra la coppia e i soggetti terzi, sia privati che pubblici, come ad esempio il caso di successione del convivente superstite nel rapporto locativo o della possibilit\u00e0 per il convivente di rendersi acquirente di alloggi popolari in caso di indisponibilit\u00e0 dell\u2019altro coniuge assegnatario.<\/p>\n<p style=\"text-align: justify;\">Allo stesso modo, c\u2019\u00e8 tutela nei rapporti tra gli stessi conviventi, come ad esempio la possibilit\u00e0 di adottare misure di protezione quali l\u2019allontanamento dalla casa \u201cfamiliare\u201d anche per le situazioni di convivenza, nei casi di violenza, e, infine, nei rapporti verso i figli nati dalla coppia, come la recente normativa sull\u2019affidamento congiunto dei figli in caso di separazione e divorzio estesa anche per i figli di conviventi.<\/p>\n<p style=\"text-align: justify;\">Il professor Paladini ha sollevato perplessit\u00e0 su certe disposizioni che prescindono dal requisito temporale della stabilit\u00e0, come quella in tema di accesso alle tecniche di fecondazione artificiale anche alle coppie conviventi sulla base della mera autocertificazione degli stessi interessati. Il docente di Diritto Civile ha concluso affermando che \u201cnon vi \u00e8 necessit\u00e0 di interventi legislativi che regolino la materia delle convivenze \u2018<em>more uxorio<\/em>\u2019, non essendo opportuno introdurre una nuova figura tipica che non solo snaturerebbe il matrimonio in s\u00e9, ma contraddirebbe altres\u00ec la stessa scelta di coloro che, anzich\u00e9 impegnarsi dinanzi assumendo pubblicamente determinati diritti e relativi doveri verso la futura prole, hanno preferito non sottoporsi ad alcun vincolo\u201d.<\/p>\n<p style=\"text-align: justify;\">Il professor Francesco D\u2019Agostino, presidente dell\u2019 U.G.C.I. (Unione Giuristi Cattolici Italiani) e fino a qualche mese fa del Comitato Nazionale di Bioetica, docente di Filosofia del Diritto all\u2019Universit\u00e0 di Roma, ha esordito constatando un evento \u201ccatastrofale\u201d che sta attraversando le societ\u00e0 post-moderne, il cosiddetto \u201c<em>demarriage<\/em>\u201d in lessico francese, ossia il rifiuto sistematico del matrimonio come momento costitutivo della famiglia e fonte puntuale di diritti e doveri verso i figli, a salvaguardia della continuit\u00e0 generazionale e della stessa identit\u00e0 culturale di un popolo.<\/p>\n<p style=\"text-align: justify;\">\u201cQuesto fenomeno \u2013 ha precisato \u2013, che ha conosciuto rarissimi precedenti nella storia, legati ad eventi del tutto particolari come per esempio durante la dominazione mongola della Russia o nell\u2019esperimento, oggi del tutto abbandonato, dei <em>kibbutz<\/em> israeliani, ha portato a risultati sempre fallimentari e rischia di condurre, in tempi assai rapidi, all\u2019estinzione demografica di interi gruppi sociali\u201d.\u00a0 \u201cBisogna, pertanto, recuperare il vero significato della famiglia \u2013 ha sottolineato D\u2019Agostino \u2013 come l\u2019unico luogo in cui ciascun soggetto si identifica solo per ci\u00f2 che egli \u00e8 (padre, madre, figlio, nonno ecc.), all\u2019interno di una relazione parentale insostituibile\u201d.<\/p>\n<p style=\"text-align: justify;\">Il docente ha spiegato che \u201cogni tempo e ogni societ\u00e0 hanno conosciuto il fenomeno dei rapporti \u2018occasionali\u2019 tra sessi, o anche non occasionali, il famoso \u2018concubinato\u2019, ma di essi il diritto non si \u00e8 mai interessato, essendo ci\u00f2 tendenzialmente estraneo ad una dimensione procreativa, che solo attiene all\u2019istituto familiare fondato sul patto solenne tra un uomo e una donna\u201d.\u00a0 \u201cLa famiglia pu\u00f2 e deve coniugarsi soltanto al singolare in quanto unica realt\u00e0 costituita da due persone di sesso diverso il cui fine primario \u00e8 la generazione di nuovi individui\u201d, ha ribadito.<\/p>\n<p style=\"text-align: justify;\">Parlando invece delle convivenze, secondo il presidente dell\u2019UGCI, \u201cl\u2019errore di molti \u00e8 quello di attribuire ad esse un carattere \u2018sessuato\u2019 mentre queste possono riguardare anche nuclei di due o pi\u00f9 persone, dello stesso sesso come di sesso diverso, legate piuttosto da interessi come l\u2019amicizia, il reciproco sostegno economico (per es. il caso di studenti universitari), ecc., per le quali gi\u00e0 esistono strumenti nel diritto comune idonei ad offrire una regolamentazione adeguata ai loro interessi, senza per questo accostare il fenomeno al concetto di famiglia, restando intrinsecamente estraneo alla dimensione procreativa\u201d. In merito alle rivendicazioni del movimento omosessuale, il docente di Filosofia del Diritto ha precisato che \u201csolo una parte del movimento omosessuale, quella pi\u00f9 ideologizzata, invoca il riconoscimento giuridico di queste unioni, ma ci\u00f2 avviene prevalentemente per un loro desiderio \u2018mimetico\u2019, cio\u00e8 di imitazione della realt\u00e0 familiare in s\u00e9 totalmente altra per le ragioni anzidette\u201d.<\/p>\n<p style=\"text-align: justify;\">In termini giuridici, il professor D\u2019Agostino ha sostenuto che \u201cil desiderio, cos\u00ec come anche il mero sentimento \u00e8, e deve restare, in s\u00e9 indifferente per il diritto, chiamato ad intervenire solo in quel particolare contesto che \u00e8 la famiglia, anche se, come nel caso dell\u2019 unione \u2018<em>more uxorio<\/em>\u2019, non regolarizzata ma avente identici presupposti e, quindi, regolarizzabile\u201d.<\/p>\n","protected":false},"excerpt":{"rendered":"<p>ZENIT &#8211; Il mondo visto da Roma 4 ottobre2006 Nel corso di un convegno sul tema \u201cUnioni di fatto e patti civili di solidariet\u00e0 (PACS)\u201d, organizzato dall\u2019Unione Giuristi Cattolici di Pisa e svoltosi nella citt\u00e0 toscana sabato 29 settembre, relatori e convenuti hanno concluso che non vi \u00e8 necessit\u00e0 di interventi legislativi che favoriscano i &hellip; <\/p>\n<p><a class=\"more-link btn\" href=\"https:\/\/www.rassegnastampa-totustuus.it\/cattolica\/per-impedire-lestinzione-della-famiglia-bisogna-impedire-i-pacs\/\">Continua a leggere<\/a><\/p>\n","protected":false},"author":6,"featured_media":29135,"comment_status":"closed","ping_status":"open","sticky":false,"template":"","format":"standard","meta":{"footnotes":""},"categories":[15],"tags":[1187],"class_list":["post-2255","post","type-post","status-publish","format-standard","has-post-thumbnail","hentry","category-famiglia","tag-pacs","item-wrap"],"yoast_head":"<!-- This site is optimized with the Yoast SEO plugin v27.5 - https:\/\/yoast.com\/product\/yoast-seo-wordpress\/ -->\n<title>&quot;Per impedire l\u2019estinzione della famiglia bisogna impedire i PACS&quot; - Rassegna Stampa Cattolica<\/title>\n<meta name=\"description\" content=\"Rassegna Stampa Cattolica - Per una cultura che nasce dalla Rivelazione cristiana in conformit\u00e0 alla tradizione e al Magistero della Chiesa in opposizione ad ogni relativismo e totalitarismo\" \/>\n<meta name=\"robots\" content=\"index, follow, max-snippet:-1, max-image-preview:large, max-video-preview:-1\" \/>\n<link rel=\"canonical\" href=\"https:\/\/www.rassegnastampa-totustuus.it\/cattolica\/per-impedire-lestinzione-della-famiglia-bisogna-impedire-i-pacs\/\" \/>\n<meta property=\"og:locale\" content=\"it_IT\" \/>\n<meta property=\"og:type\" content=\"article\" \/>\n<meta property=\"og:title\" content=\"&quot;Per impedire l\u2019estinzione della famiglia bisogna impedire i PACS&quot; - Rassegna Stampa Cattolica\" \/>\n<meta property=\"og:description\" content=\"Rassegna Stampa Cattolica - Per una cultura che nasce dalla Rivelazione cristiana in conformit\u00e0 alla tradizione e al Magistero della Chiesa in opposizione ad ogni relativismo e totalitarismo\" \/>\n<meta property=\"og:url\" content=\"https:\/\/www.rassegnastampa-totustuus.it\/cattolica\/per-impedire-lestinzione-della-famiglia-bisogna-impedire-i-pacs\/\" \/>\n<meta property=\"og:site_name\" content=\"Rassegna Stampa Cattolica\" \/>\n<meta property=\"article:publisher\" content=\"https:\/\/www.facebook.com\/rassegnastampacattolica\" \/>\n<meta property=\"article:published_time\" content=\"2006-10-06T10:23:57+00:00\" \/>\n<meta property=\"article:modified_time\" content=\"2016-01-03T14:22:32+00:00\" \/>\n<meta property=\"og:image\" content=\"https:\/\/www.rassegnastampa-totustuus.it\/cattolica\/wp-content\/uploads\/2006\/10\/pacs.jpg\" \/>\n\t<meta property=\"og:image:width\" content=\"260\" \/>\n\t<meta property=\"og:image:height\" content=\"194\" \/>\n\t<meta property=\"og:image:type\" content=\"image\/jpeg\" \/>\n<meta name=\"author\" content=\"Redazione\" \/>\n<meta name=\"twitter:card\" content=\"summary_large_image\" \/>\n<meta name=\"twitter:creator\" content=\"@rassegnastampa9\" \/>\n<meta name=\"twitter:site\" content=\"@rassegnastampa9\" \/>\n<meta name=\"twitter:label1\" content=\"Scritto da\" \/>\n\t<meta name=\"twitter:data1\" content=\"Redazione\" \/>\n\t<meta name=\"twitter:label2\" content=\"Tempo di lettura stimato\" \/>\n\t<meta name=\"twitter:data2\" content=\"4 minuti\" \/>\n<script type=\"application\/ld+json\" class=\"yoast-schema-graph\">{\"@context\":\"https:\\\/\\\/schema.org\",\"@graph\":[{\"@type\":\"Article\",\"@id\":\"https:\\\/\\\/www.rassegnastampa-totustuus.it\\\/cattolica\\\/per-impedire-lestinzione-della-famiglia-bisogna-impedire-i-pacs\\\/#article\",\"isPartOf\":{\"@id\":\"https:\\\/\\\/www.rassegnastampa-totustuus.it\\\/cattolica\\\/per-impedire-lestinzione-della-famiglia-bisogna-impedire-i-pacs\\\/\"},\"author\":{\"name\":\"Redazione\",\"@id\":\"https:\\\/\\\/www.rassegnastampa-totustuus.it\\\/cattolica\\\/#\\\/schema\\\/person\\\/08f319d2bd1a0904ad9e2bfb7b15e5c3\"},\"headline\":\"&#8220;Per impedire l\u2019estinzione della famiglia bisogna impedire i PACS&#8221;\",\"datePublished\":\"2006-10-06T10:23:57+00:00\",\"dateModified\":\"2016-01-03T14:22:32+00:00\",\"mainEntityOfPage\":{\"@id\":\"https:\\\/\\\/www.rassegnastampa-totustuus.it\\\/cattolica\\\/per-impedire-lestinzione-della-famiglia-bisogna-impedire-i-pacs\\\/\"},\"wordCount\":861,\"publisher\":{\"@id\":\"https:\\\/\\\/www.rassegnastampa-totustuus.it\\\/cattolica\\\/#organization\"},\"image\":{\"@id\":\"https:\\\/\\\/www.rassegnastampa-totustuus.it\\\/cattolica\\\/per-impedire-lestinzione-della-famiglia-bisogna-impedire-i-pacs\\\/#primaryimage\"},\"thumbnailUrl\":\"https:\\\/\\\/www.rassegnastampa-totustuus.it\\\/cattolica\\\/wp-content\\\/uploads\\\/2006\\\/10\\\/pacs.jpg\",\"keywords\":[\"Pacs\"],\"articleSection\":[\"Famiglia\"],\"inLanguage\":\"it-IT\"},{\"@type\":\"WebPage\",\"@id\":\"https:\\\/\\\/www.rassegnastampa-totustuus.it\\\/cattolica\\\/per-impedire-lestinzione-della-famiglia-bisogna-impedire-i-pacs\\\/\",\"url\":\"https:\\\/\\\/www.rassegnastampa-totustuus.it\\\/cattolica\\\/per-impedire-lestinzione-della-famiglia-bisogna-impedire-i-pacs\\\/\",\"name\":\"\\\"Per impedire l\u2019estinzione della famiglia bisogna impedire i PACS\\\" - Rassegna Stampa Cattolica\",\"isPartOf\":{\"@id\":\"https:\\\/\\\/www.rassegnastampa-totustuus.it\\\/cattolica\\\/#website\"},\"primaryImageOfPage\":{\"@id\":\"https:\\\/\\\/www.rassegnastampa-totustuus.it\\\/cattolica\\\/per-impedire-lestinzione-della-famiglia-bisogna-impedire-i-pacs\\\/#primaryimage\"},\"image\":{\"@id\":\"https:\\\/\\\/www.rassegnastampa-totustuus.it\\\/cattolica\\\/per-impedire-lestinzione-della-famiglia-bisogna-impedire-i-pacs\\\/#primaryimage\"},\"thumbnailUrl\":\"https:\\\/\\\/www.rassegnastampa-totustuus.it\\\/cattolica\\\/wp-content\\\/uploads\\\/2006\\\/10\\\/pacs.jpg\",\"datePublished\":\"2006-10-06T10:23:57+00:00\",\"dateModified\":\"2016-01-03T14:22:32+00:00\",\"description\":\"Rassegna Stampa Cattolica - Per una cultura che nasce dalla Rivelazione cristiana in conformit\u00e0 alla tradizione e al Magistero della Chiesa in opposizione ad ogni relativismo e totalitarismo\",\"breadcrumb\":{\"@id\":\"https:\\\/\\\/www.rassegnastampa-totustuus.it\\\/cattolica\\\/per-impedire-lestinzione-della-famiglia-bisogna-impedire-i-pacs\\\/#breadcrumb\"},\"inLanguage\":\"it-IT\",\"potentialAction\":[{\"@type\":\"ReadAction\",\"target\":[\"https:\\\/\\\/www.rassegnastampa-totustuus.it\\\/cattolica\\\/per-impedire-lestinzione-della-famiglia-bisogna-impedire-i-pacs\\\/\"]}]},{\"@type\":\"ImageObject\",\"inLanguage\":\"it-IT\",\"@id\":\"https:\\\/\\\/www.rassegnastampa-totustuus.it\\\/cattolica\\\/per-impedire-lestinzione-della-famiglia-bisogna-impedire-i-pacs\\\/#primaryimage\",\"url\":\"https:\\\/\\\/www.rassegnastampa-totustuus.it\\\/cattolica\\\/wp-content\\\/uploads\\\/2006\\\/10\\\/pacs.jpg\",\"contentUrl\":\"https:\\\/\\\/www.rassegnastampa-totustuus.it\\\/cattolica\\\/wp-content\\\/uploads\\\/2006\\\/10\\\/pacs.jpg\",\"width\":260,\"height\":194},{\"@type\":\"BreadcrumbList\",\"@id\":\"https:\\\/\\\/www.rassegnastampa-totustuus.it\\\/cattolica\\\/per-impedire-lestinzione-della-famiglia-bisogna-impedire-i-pacs\\\/#breadcrumb\",\"itemListElement\":[{\"@type\":\"ListItem\",\"position\":1,\"name\":\"Home\",\"item\":\"https:\\\/\\\/www.rassegnastampa-totustuus.it\\\/cattolica\\\/\"},{\"@type\":\"ListItem\",\"position\":2,\"name\":\"&#8220;Per impedire l\u2019estinzione della famiglia bisogna impedire i PACS&#8221;\"}]},{\"@type\":\"WebSite\",\"@id\":\"https:\\\/\\\/www.rassegnastampa-totustuus.it\\\/cattolica\\\/#website\",\"url\":\"https:\\\/\\\/www.rassegnastampa-totustuus.it\\\/cattolica\\\/\",\"name\":\"Rassegna Stampa Cattolica\",\"description\":\"Per una cultura che nasce dalla Rivelazione cristiana in conformit\u00e0 alla tradizione e al Magistero della Chiesa in opposizione ad ogni relativismo e totalitarismo\",\"publisher\":{\"@id\":\"https:\\\/\\\/www.rassegnastampa-totustuus.it\\\/cattolica\\\/#organization\"},\"alternateName\":\"Rass. Cattolica\",\"potentialAction\":[{\"@type\":\"SearchAction\",\"target\":{\"@type\":\"EntryPoint\",\"urlTemplate\":\"https:\\\/\\\/www.rassegnastampa-totustuus.it\\\/cattolica\\\/?s={search_term_string}\"},\"query-input\":{\"@type\":\"PropertyValueSpecification\",\"valueRequired\":true,\"valueName\":\"search_term_string\"}}],\"inLanguage\":\"it-IT\"},{\"@type\":\"Organization\",\"@id\":\"https:\\\/\\\/www.rassegnastampa-totustuus.it\\\/cattolica\\\/#organization\",\"name\":\"Rassegna Stampa Cattolica\",\"url\":\"https:\\\/\\\/www.rassegnastampa-totustuus.it\\\/cattolica\\\/\",\"logo\":{\"@type\":\"ImageObject\",\"inLanguage\":\"it-IT\",\"@id\":\"https:\\\/\\\/www.rassegnastampa-totustuus.it\\\/cattolica\\\/#\\\/schema\\\/logo\\\/image\\\/\",\"url\":\"https:\\\/\\\/www.rassegnastampa-totustuus.it\\\/cattolica\\\/wp-content\\\/uploads\\\/2014\\\/04\\\/logo-rassegna1.gif\",\"contentUrl\":\"https:\\\/\\\/www.rassegnastampa-totustuus.it\\\/cattolica\\\/wp-content\\\/uploads\\\/2014\\\/04\\\/logo-rassegna1.gif\",\"width\":600,\"height\":163,\"caption\":\"Rassegna Stampa Cattolica\"},\"image\":{\"@id\":\"https:\\\/\\\/www.rassegnastampa-totustuus.it\\\/cattolica\\\/#\\\/schema\\\/logo\\\/image\\\/\"},\"sameAs\":[\"https:\\\/\\\/www.facebook.com\\\/rassegnastampacattolica\",\"https:\\\/\\\/x.com\\\/rassegnastampa9\"]},{\"@type\":\"Person\",\"@id\":\"https:\\\/\\\/www.rassegnastampa-totustuus.it\\\/cattolica\\\/#\\\/schema\\\/person\\\/08f319d2bd1a0904ad9e2bfb7b15e5c3\",\"name\":\"Redazione\",\"image\":{\"@type\":\"ImageObject\",\"inLanguage\":\"it-IT\",\"@id\":\"https:\\\/\\\/secure.gravatar.com\\\/avatar\\\/2fcdf27c78ea025fbdb44e914cc63c72249ffec9dc8aafd5c82b26240ef3f346?s=96&d=mm&r=g\",\"url\":\"https:\\\/\\\/secure.gravatar.com\\\/avatar\\\/2fcdf27c78ea025fbdb44e914cc63c72249ffec9dc8aafd5c82b26240ef3f346?s=96&d=mm&r=g\",\"contentUrl\":\"https:\\\/\\\/secure.gravatar.com\\\/avatar\\\/2fcdf27c78ea025fbdb44e914cc63c72249ffec9dc8aafd5c82b26240ef3f346?s=96&d=mm&r=g\",\"caption\":\"Redazione\"},\"url\":\"https:\\\/\\\/www.rassegnastampa-totustuus.it\\\/cattolica\\\/author\\\/pietroelle\\\/\"}]}<\/script>\n<!-- \/ Yoast SEO plugin. -->","yoast_head_json":{"title":"\"Per impedire l\u2019estinzione della famiglia bisogna impedire i PACS\" - Rassegna Stampa Cattolica","description":"Rassegna Stampa Cattolica - Per una cultura che nasce dalla Rivelazione cristiana in conformit\u00e0 alla tradizione e al Magistero della Chiesa in opposizione ad ogni relativismo e totalitarismo","robots":{"index":"index","follow":"follow","max-snippet":"max-snippet:-1","max-image-preview":"max-image-preview:large","max-video-preview":"max-video-preview:-1"},"canonical":"https:\/\/www.rassegnastampa-totustuus.it\/cattolica\/per-impedire-lestinzione-della-famiglia-bisogna-impedire-i-pacs\/","og_locale":"it_IT","og_type":"article","og_title":"\"Per impedire l\u2019estinzione della famiglia bisogna impedire i PACS\" - Rassegna Stampa Cattolica","og_description":"Rassegna Stampa Cattolica - Per una cultura che nasce dalla Rivelazione cristiana in conformit\u00e0 alla tradizione e al Magistero della Chiesa in opposizione ad ogni relativismo e totalitarismo","og_url":"https:\/\/www.rassegnastampa-totustuus.it\/cattolica\/per-impedire-lestinzione-della-famiglia-bisogna-impedire-i-pacs\/","og_site_name":"Rassegna Stampa Cattolica","article_publisher":"https:\/\/www.facebook.com\/rassegnastampacattolica","article_published_time":"2006-10-06T10:23:57+00:00","article_modified_time":"2016-01-03T14:22:32+00:00","og_image":[{"width":260,"height":194,"url":"https:\/\/www.rassegnastampa-totustuus.it\/cattolica\/wp-content\/uploads\/2006\/10\/pacs.jpg","type":"image\/jpeg"}],"author":"Redazione","twitter_card":"summary_large_image","twitter_creator":"@rassegnastampa9","twitter_site":"@rassegnastampa9","twitter_misc":{"Scritto da":"Redazione","Tempo di lettura stimato":"4 minuti"},"schema":{"@context":"https:\/\/schema.org","@graph":[{"@type":"Article","@id":"https:\/\/www.rassegnastampa-totustuus.it\/cattolica\/per-impedire-lestinzione-della-famiglia-bisogna-impedire-i-pacs\/#article","isPartOf":{"@id":"https:\/\/www.rassegnastampa-totustuus.it\/cattolica\/per-impedire-lestinzione-della-famiglia-bisogna-impedire-i-pacs\/"},"author":{"name":"Redazione","@id":"https:\/\/www.rassegnastampa-totustuus.it\/cattolica\/#\/schema\/person\/08f319d2bd1a0904ad9e2bfb7b15e5c3"},"headline":"&#8220;Per impedire l\u2019estinzione della famiglia bisogna impedire i PACS&#8221;","datePublished":"2006-10-06T10:23:57+00:00","dateModified":"2016-01-03T14:22:32+00:00","mainEntityOfPage":{"@id":"https:\/\/www.rassegnastampa-totustuus.it\/cattolica\/per-impedire-lestinzione-della-famiglia-bisogna-impedire-i-pacs\/"},"wordCount":861,"publisher":{"@id":"https:\/\/www.rassegnastampa-totustuus.it\/cattolica\/#organization"},"image":{"@id":"https:\/\/www.rassegnastampa-totustuus.it\/cattolica\/per-impedire-lestinzione-della-famiglia-bisogna-impedire-i-pacs\/#primaryimage"},"thumbnailUrl":"https:\/\/www.rassegnastampa-totustuus.it\/cattolica\/wp-content\/uploads\/2006\/10\/pacs.jpg","keywords":["Pacs"],"articleSection":["Famiglia"],"inLanguage":"it-IT"},{"@type":"WebPage","@id":"https:\/\/www.rassegnastampa-totustuus.it\/cattolica\/per-impedire-lestinzione-della-famiglia-bisogna-impedire-i-pacs\/","url":"https:\/\/www.rassegnastampa-totustuus.it\/cattolica\/per-impedire-lestinzione-della-famiglia-bisogna-impedire-i-pacs\/","name":"\"Per impedire l\u2019estinzione della famiglia bisogna impedire i PACS\" - Rassegna Stampa Cattolica","isPartOf":{"@id":"https:\/\/www.rassegnastampa-totustuus.it\/cattolica\/#website"},"primaryImageOfPage":{"@id":"https:\/\/www.rassegnastampa-totustuus.it\/cattolica\/per-impedire-lestinzione-della-famiglia-bisogna-impedire-i-pacs\/#primaryimage"},"image":{"@id":"https:\/\/www.rassegnastampa-totustuus.it\/cattolica\/per-impedire-lestinzione-della-famiglia-bisogna-impedire-i-pacs\/#primaryimage"},"thumbnailUrl":"https:\/\/www.rassegnastampa-totustuus.it\/cattolica\/wp-content\/uploads\/2006\/10\/pacs.jpg","datePublished":"2006-10-06T10:23:57+00:00","dateModified":"2016-01-03T14:22:32+00:00","description":"Rassegna Stampa Cattolica - Per una cultura che nasce dalla Rivelazione cristiana in conformit\u00e0 alla tradizione e al Magistero della Chiesa in opposizione ad ogni relativismo e totalitarismo","breadcrumb":{"@id":"https:\/\/www.rassegnastampa-totustuus.it\/cattolica\/per-impedire-lestinzione-della-famiglia-bisogna-impedire-i-pacs\/#breadcrumb"},"inLanguage":"it-IT","potentialAction":[{"@type":"ReadAction","target":["https:\/\/www.rassegnastampa-totustuus.it\/cattolica\/per-impedire-lestinzione-della-famiglia-bisogna-impedire-i-pacs\/"]}]},{"@type":"ImageObject","inLanguage":"it-IT","@id":"https:\/\/www.rassegnastampa-totustuus.it\/cattolica\/per-impedire-lestinzione-della-famiglia-bisogna-impedire-i-pacs\/#primaryimage","url":"https:\/\/www.rassegnastampa-totustuus.it\/cattolica\/wp-content\/uploads\/2006\/10\/pacs.jpg","contentUrl":"https:\/\/www.rassegnastampa-totustuus.it\/cattolica\/wp-content\/uploads\/2006\/10\/pacs.jpg","width":260,"height":194},{"@type":"BreadcrumbList","@id":"https:\/\/www.rassegnastampa-totustuus.it\/cattolica\/per-impedire-lestinzione-della-famiglia-bisogna-impedire-i-pacs\/#breadcrumb","itemListElement":[{"@type":"ListItem","position":1,"name":"Home","item":"https:\/\/www.rassegnastampa-totustuus.it\/cattolica\/"},{"@type":"ListItem","position":2,"name":"&#8220;Per impedire l\u2019estinzione della famiglia bisogna impedire i PACS&#8221;"}]},{"@type":"WebSite","@id":"https:\/\/www.rassegnastampa-totustuus.it\/cattolica\/#website","url":"https:\/\/www.rassegnastampa-totustuus.it\/cattolica\/","name":"Rassegna Stampa Cattolica","description":"Per una cultura che nasce dalla Rivelazione cristiana in conformit\u00e0 alla tradizione e al Magistero della Chiesa in opposizione ad ogni relativismo e totalitarismo","publisher":{"@id":"https:\/\/www.rassegnastampa-totustuus.it\/cattolica\/#organization"},"alternateName":"Rass. Cattolica","potentialAction":[{"@type":"SearchAction","target":{"@type":"EntryPoint","urlTemplate":"https:\/\/www.rassegnastampa-totustuus.it\/cattolica\/?s={search_term_string}"},"query-input":{"@type":"PropertyValueSpecification","valueRequired":true,"valueName":"search_term_string"}}],"inLanguage":"it-IT"},{"@type":"Organization","@id":"https:\/\/www.rassegnastampa-totustuus.it\/cattolica\/#organization","name":"Rassegna Stampa Cattolica","url":"https:\/\/www.rassegnastampa-totustuus.it\/cattolica\/","logo":{"@type":"ImageObject","inLanguage":"it-IT","@id":"https:\/\/www.rassegnastampa-totustuus.it\/cattolica\/#\/schema\/logo\/image\/","url":"https:\/\/www.rassegnastampa-totustuus.it\/cattolica\/wp-content\/uploads\/2014\/04\/logo-rassegna1.gif","contentUrl":"https:\/\/www.rassegnastampa-totustuus.it\/cattolica\/wp-content\/uploads\/2014\/04\/logo-rassegna1.gif","width":600,"height":163,"caption":"Rassegna Stampa Cattolica"},"image":{"@id":"https:\/\/www.rassegnastampa-totustuus.it\/cattolica\/#\/schema\/logo\/image\/"},"sameAs":["https:\/\/www.facebook.com\/rassegnastampacattolica","https:\/\/x.com\/rassegnastampa9"]},{"@type":"Person","@id":"https:\/\/www.rassegnastampa-totustuus.it\/cattolica\/#\/schema\/person\/08f319d2bd1a0904ad9e2bfb7b15e5c3","name":"Redazione","image":{"@type":"ImageObject","inLanguage":"it-IT","@id":"https:\/\/secure.gravatar.com\/avatar\/2fcdf27c78ea025fbdb44e914cc63c72249ffec9dc8aafd5c82b26240ef3f346?s=96&d=mm&r=g","url":"https:\/\/secure.gravatar.com\/avatar\/2fcdf27c78ea025fbdb44e914cc63c72249ffec9dc8aafd5c82b26240ef3f346?s=96&d=mm&r=g","contentUrl":"https:\/\/secure.gravatar.com\/avatar\/2fcdf27c78ea025fbdb44e914cc63c72249ffec9dc8aafd5c82b26240ef3f346?s=96&d=mm&r=g","caption":"Redazione"},"url":"https:\/\/www.rassegnastampa-totustuus.it\/cattolica\/author\/pietroelle\/"}]}},"_links":{"self":[{"href":"https:\/\/www.rassegnastampa-totustuus.it\/cattolica\/wp-json\/wp\/v2\/posts\/2255","targetHints":{"allow":["GET"]}}],"collection":[{"href":"https:\/\/www.rassegnastampa-totustuus.it\/cattolica\/wp-json\/wp\/v2\/posts"}],"about":[{"href":"https:\/\/www.rassegnastampa-totustuus.it\/cattolica\/wp-json\/wp\/v2\/types\/post"}],"author":[{"embeddable":true,"href":"https:\/\/www.rassegnastampa-totustuus.it\/cattolica\/wp-json\/wp\/v2\/users\/6"}],"replies":[{"embeddable":true,"href":"https:\/\/www.rassegnastampa-totustuus.it\/cattolica\/wp-json\/wp\/v2\/comments?post=2255"}],"version-history":[{"count":5,"href":"https:\/\/www.rassegnastampa-totustuus.it\/cattolica\/wp-json\/wp\/v2\/posts\/2255\/revisions"}],"predecessor-version":[{"id":29136,"href":"https:\/\/www.rassegnastampa-totustuus.it\/cattolica\/wp-json\/wp\/v2\/posts\/2255\/revisions\/29136"}],"wp:featuredmedia":[{"embeddable":true,"href":"https:\/\/www.rassegnastampa-totustuus.it\/cattolica\/wp-json\/wp\/v2\/media\/29135"}],"wp:attachment":[{"href":"https:\/\/www.rassegnastampa-totustuus.it\/cattolica\/wp-json\/wp\/v2\/media?parent=2255"}],"wp:term":[{"taxonomy":"category","embeddable":true,"href":"https:\/\/www.rassegnastampa-totustuus.it\/cattolica\/wp-json\/wp\/v2\/categories?post=2255"},{"taxonomy":"post_tag","embeddable":true,"href":"https:\/\/www.rassegnastampa-totustuus.it\/cattolica\/wp-json\/wp\/v2\/tags?post=2255"}],"curies":[{"name":"wp","href":"https:\/\/api.w.org\/{rel}","templated":true}]}}