{"id":2252,"date":"2006-10-05T14:02:06","date_gmt":"2006-10-05T12:02:06","guid":{"rendered":""},"modified":"2015-12-11T09:17:37","modified_gmt":"2015-12-11T08:17:37","slug":"perch-la-chiesa-non-deve-vergognarsi-della-parola-creazione","status":"publish","type":"post","link":"https:\/\/www.rassegnastampa-totustuus.it\/cattolica\/perch-la-chiesa-non-deve-vergognarsi-della-parola-creazione\/","title":{"rendered":"Perch&eacute; la chiesa non deve vergognarsi della parola creazione"},"content":{"rendered":"<div style=\"text-align: center;\"><strong><a href=\"https:\/\/www.rassegnastampa-totustuus.it\/cattolica\/wp-content\/uploads\/2006\/10\/Benedetto_cover.jpg\"><img loading=\"lazy\" decoding=\"async\" class=\"alignleft wp-image-28756\" src=\"https:\/\/www.rassegnastampa-totustuus.it\/cattolica\/wp-content\/uploads\/2006\/10\/Benedetto_cover.jpg\" alt=\"Benedetto_cover\" width=\"135\" height=\"200\" \/><\/a>Il Foglio<\/strong>, 29 settembre 2006<\/div>\n<p style=\"text-align: justify;\">LINDAU PUBBLICA UN RATZINGER INEDITO DELL \u201985, CHE SPIEGA COME LO SCIENTISMO RIDUCA L \u2019UOMO A \u201cSCIMMIA SENZA PELI \u201d<\/p>\n<p style=\"text-align: justify;\"><em>\u201cI discorsi artificiosi dei cristiani non trasmettono convinzione ma cercano solo di mascherare la sconfitta \u201d.\u201cH\u00f6ss, l\u2019ultimo comandante di Auschwitz, ha affermato nel suo diario che quel campo di sterminio fu uno straordinario capolavoro di tecnica \u201d<\/em><\/p>\n<div style=\"text-align: justify;\">\n<p><!--more--><\/p>\n<div style=\"text-align: justify;\">\u201cLa minaccia alla vita da parte dell\u2019azione dell\u2019uomo, di cui oggi tanto si parla, ha conferito nuova urgenza al tema della creazione. Nello stesso tempo, per\u00f2, assistiamo paradossalmente alla scomparsa quasi totale dell\u2019annuncio della creazione dalla catechesi, dalla predicazione e perfino dalla teologia\u201d.<\/div>\n<\/div>\n<p style=\"text-align: justify;\">&#8220;Fu con queste parole, pronunciate nel 1985, che il professor Joseph Ratzinger riapr\u00ec il dibattito sul tema della creazione, dopo averne a lungo discusso alla fine degli anni Sessanta. Ora le sue straordinarie lezioni sull\u2019evoluzione, il Logos e l\u2019origine della libert\u00e0 umana vengono tradotte e ripubblicate da Lindau con \u201cIn principio Dio cre\u00f2 il cielo e la terra\u201d.<\/p>\n<p style=\"text-align: justify;\">Si tratta di un ciclo di prediche in cui Ratzinger affronta di petto prima di tutto il cristianesimo, che \u201cfa l\u2019impressione di una associazione che continua a parlare bench\u00e9 non abbia pi\u00f9 nulla da dire, perch\u00e9 i suoi discorsi artificiosi non trasmettono convinzione ma cercano solo di mascherare la sconfitta\u201d. La parola \u201ccreazione\u201d diventa dominante nel discorso ebraico durante l\u2019esilio babilonese, il popolo eletto non ha pi\u00f9 casa n\u00e9 tempio, come se il Dio d\u2019Israele fosse vinto.<\/p>\n<p style=\"text-align: justify;\">\u201cProprio in quest\u2019ora i profeti aprirono una nuova pagina insegnando a Israele che solo ora si stava manifestando il vero volto del loro Dio, che non era legato a un fazzoletto di terra. Anzi, non lo era mai stato\u201d. L\u2019incontro fra sapienza ebraica e saggezza greca innesc\u00f2 la pi\u00f9 grande rivoluzione nella storia dell\u2019umanit\u00e0.<\/p>\n<p style=\"text-align: justify;\">\u201cAgli uomini di allora doveva apparire un\u2019enorme empiet\u00e0 dichiarare le grandi divinit\u00e0 del sole e della luna due lampade per misurare il tempo. E\u2019 questo l\u2019ardimento, il realismo della fede, che in polemica con i miti pagani fa brillare la luce della verit\u00e0, mostra che il mondo non \u00e8 l\u2019arena dei demoni bens\u00ec proviene dalla ragione, dalla ragione di Dio, e poggia sulla parola di Dio\u201d.<\/p>\n<p style=\"text-align: justify;\">Vent\u2019anni dopo nel discorso di Ratisbona ritroveremo questo stile, questo afflato e questa radicale capacit\u00e0 di persuasione. Il racconto della creazione rivela l\u2019autentico volto dell\u2019\u201cilluminismo\u201d della storia, ovvero \u201cl\u2019esodo dalle paure che avevano attanagliato l\u2019uomo.<\/p>\n<p style=\"text-align: justify;\">Significa la consegna del mondo alla ragione, il riconoscimento della sua razionalit\u00e0 e libert\u00e0. Dimostra di essere il vero illuminismo, anche per il fatto che ancora la ragione umana al fondamento originario della ragione creatrice di Dio, per mantenerla cos\u00ec nella verit\u00e0 e nell\u2019amore, senza le quali l\u2019illuminismo diventa sregolato e alla fine stolto\u201d.<\/p>\n<p style=\"text-align: justify;\">I Dieci comandamenti sono \u201cl\u2019eco della creazione, non regole arbitrarie con cui si limita la libert\u00e0 dell\u2019uomo; sono introduzione allo spirito, al linguaggio e al senso della creazione\u201d. In quelle pagine \u00e8 racchiuso l\u2019intero splendore intellettuale del grande teologo, su un tema tanto scomodo per la stessa teologia cattolica.<\/p>\n<p style=\"text-align: justify;\">Ratzinger sprona il cattolicesimo a non subire la sfida della scienza, ma ad annunciare l\u2019origine finita e assoluta dell\u2019uomo. Dunque libera. Ratzinger afferma che le nuove scoperte scientifiche, a partire dall\u2019unicit\u00e0 biogenetica della vita umana, sono un riraccontare la creazione della Genesi.<\/p>\n<p style=\"text-align: justify;\">\u201cLa fisica, la biologia, le scienze naturali in genere, ci hanno fornito un racconto della creazione nuovo, inaudito, con immagini grandiose e nuove, che ci permettono di riconoscere il volto del Creatore e ci fanno di nuovo sapere: s\u00ec, all\u2019inizio e al fondo di tutto l\u2019essere c\u2019\u00e8 lo Spirito creatore. Il mondo non \u00e8 il prodotto dell\u2019oscurit\u00e0 e dell\u2019assurdo. Esso deriva da un\u2019intelligenza, deriva da una libert\u00e0, da una bellezza che \u00e8 amore. Riconoscere questo ci infonde il coraggio di vivere, il coraggio che ci rende capaci di affrontare fiduciosi l\u2019avventura della vita\u201d.<\/p>\n<p style=\"text-align: justify;\">La tensione umana verso la religione si inserisce nel mistero della creazione. \u201cLa creazione \u00e8 edificata in modo da tendere all\u2019ora dell\u2019adorazione. Il creato venne fatto per essere un luogo di adorazione. Il pericolo delle nostre civilt\u00e0 tecniche risiede nell\u2019aver tagliato i ponti con questo sapere originario, nella saccenteria di una scientificit\u00e0 malintesa che ci impedisce di ascoltare le direttive della creazione\u201d.<\/p>\n<p style=\"text-align: justify;\">Al lettore si aprono cinque soliloqui fitti di riferimenti laici, da Karl Marx ad Ernst Bloch a Simone Weil, in cui Ratzinger riserva ampie parole contro l\u2019onnipotenza tecnica: \u201cRobert Oppenheimer racconta che quando si prospett\u00f2 la possibilit\u00e0 della bomba atomica, essa fu per i fisici atomici il <em>technically sweet<\/em>, l\u2019attrattiva, il fascino tecnico, come un magnete che li attirava a volere, e fare, il tecnicamente possibile.<\/p>\n<p style=\"text-align: justify;\">H\u00f6ss, l\u2019ultimo comandante di Auschwitz, ha affermato nel suo diario che quel campo di sterminio fu uno straordinario capolavoro di tecnica. Era stato il piano del ministero a valutare l\u2019ampiezza dei forni crematori e la loro potenza di fuoco, accordandole in modo da ottenere un funzionamento sincronizzato e ininterrotto: ci\u00f2 costituiva un programma cos\u00ec affascinante e coerente da giustificarsi da solo\u201d.<\/p>\n<p style=\"text-align: justify;\">L\u2019uomo \u00e8 esposto alla tentazione di considerare come ragionevole e quindi come serio solo ci\u00f2 che pu\u00f2 essere certificato con l\u2019esperimento e con il calcolo. La tecnica pu\u00f2 rivelarsi fonte di orrore. \u201cE la creazione prodotta dalle mani dell\u2019uomo non appare pi\u00f9 semplicemente come la sua \u2013 forse unica \u2013 speranza, bens\u00ec al contrario come la minaccia che incombe su di lui, come la minaccia mediante cui egli taglia il ramo su cui siede, mentre la creazione esistente appare come il rifugio a cui egli guarda come in retrospettiva e che cerca di nuovo\u201d. Ratzinger denuncia la \u201cgnosi attuale\u201d, l\u2019ideologica \u201crinuncia alla creazione\u201d e l\u2019idea per cui \u201cl\u2019uomo \u00e8 un bel nulla, una scimmia senza peli, un topo particolarmente aggressivo, ma forse potremmo ancora fare di lui qualcosa\u2026\u201d.<\/p>\n<p style=\"text-align: justify;\">Alla vulgata scientista la Bibbia risponde in modo molto semplice: \u201cChi profana l\u2019uomo, profana la propriet\u00e0 di Dio. Dove l\u2019uomo non viene pi\u00f9 considerato come colui che sta sotto la protezione di Dio, non viene pi\u00f9 visto come colui che porta in s\u00e9 l\u2019alito di Dio, l\u00ec hanno inizio le riflessioni che lo valutano secondo il suo valore utilitaristico. L\u00ec comincia la barbarie che ne calpesta la dignit\u00e0\u201d.<\/p>\n","protected":false},"excerpt":{"rendered":"<p>Il Foglio, 29 settembre 2006 LINDAU PUBBLICA UN RATZINGER INEDITO DELL \u201985, CHE SPIEGA COME LO SCIENTISMO RIDUCA L \u2019UOMO A \u201cSCIMMIA SENZA PELI \u201d \u201cI discorsi artificiosi dei cristiani non trasmettono convinzione ma cercano solo di mascherare la sconfitta \u201d.\u201cH\u00f6ss, l\u2019ultimo comandante di Auschwitz, ha affermato nel suo diario che quel campo di sterminio &hellip; <\/p>\n<p><a class=\"more-link btn\" href=\"https:\/\/www.rassegnastampa-totustuus.it\/cattolica\/perch-la-chiesa-non-deve-vergognarsi-della-parola-creazione\/\">Continua a leggere<\/a><\/p>\n","protected":false},"author":6,"featured_media":28756,"comment_status":"closed","ping_status":"open","sticky":false,"template":"","format":"standard","meta":{"footnotes":""},"categories":[5,22],"tags":[1354],"class_list":["post-2252","post","type-post","status-publish","format-standard","has-post-thumbnail","hentry","category-chiesa","category-scienza","tag-scientismo","item-wrap"],"yoast_head":"<!-- This site is optimized with the Yoast SEO plugin v27.5 - https:\/\/yoast.com\/product\/yoast-seo-wordpress\/ -->\n<title>Perch&eacute; la chiesa non deve vergognarsi della parola creazione - Rassegna Stampa Cattolica<\/title>\n<meta name=\"description\" content=\"Rassegna Stampa Cattolica - Per una cultura che nasce dalla Rivelazione cristiana in conformit\u00e0 alla tradizione e al Magistero della Chiesa in opposizione ad ogni relativismo e totalitarismo\" \/>\n<meta name=\"robots\" content=\"index, follow, max-snippet:-1, max-image-preview:large, max-video-preview:-1\" \/>\n<link rel=\"canonical\" href=\"https:\/\/www.rassegnastampa-totustuus.it\/cattolica\/perch-la-chiesa-non-deve-vergognarsi-della-parola-creazione\/\" \/>\n<meta property=\"og:locale\" content=\"it_IT\" \/>\n<meta property=\"og:type\" content=\"article\" \/>\n<meta property=\"og:title\" content=\"Perch&eacute; la chiesa non deve vergognarsi della parola creazione - Rassegna Stampa Cattolica\" \/>\n<meta property=\"og:description\" content=\"Rassegna Stampa Cattolica - Per una cultura che nasce dalla Rivelazione cristiana in conformit\u00e0 alla tradizione e al Magistero della Chiesa in opposizione ad ogni relativismo e totalitarismo\" \/>\n<meta property=\"og:url\" content=\"https:\/\/www.rassegnastampa-totustuus.it\/cattolica\/perch-la-chiesa-non-deve-vergognarsi-della-parola-creazione\/\" \/>\n<meta property=\"og:site_name\" content=\"Rassegna Stampa Cattolica\" \/>\n<meta property=\"article:publisher\" content=\"https:\/\/www.facebook.com\/rassegnastampacattolica\" \/>\n<meta property=\"article:published_time\" content=\"2006-10-05T12:02:06+00:00\" \/>\n<meta property=\"article:modified_time\" content=\"2015-12-11T08:17:37+00:00\" \/>\n<meta property=\"og:image\" content=\"https:\/\/www.rassegnastampa-totustuus.it\/cattolica\/wp-content\/uploads\/2006\/10\/Benedetto_cover.jpg\" \/>\n\t<meta property=\"og:image:width\" content=\"148\" \/>\n\t<meta property=\"og:image:height\" content=\"219\" \/>\n\t<meta property=\"og:image:type\" content=\"image\/jpeg\" \/>\n<meta name=\"author\" content=\"Redazione\" \/>\n<meta name=\"twitter:card\" content=\"summary_large_image\" \/>\n<meta name=\"twitter:creator\" content=\"@rassegnastampa9\" \/>\n<meta name=\"twitter:site\" content=\"@rassegnastampa9\" \/>\n<meta name=\"twitter:label1\" content=\"Scritto da\" \/>\n\t<meta name=\"twitter:data1\" content=\"Redazione\" \/>\n\t<meta name=\"twitter:label2\" content=\"Tempo di lettura stimato\" \/>\n\t<meta name=\"twitter:data2\" content=\"5 minuti\" \/>\n<script type=\"application\/ld+json\" class=\"yoast-schema-graph\">{\"@context\":\"https:\\\/\\\/schema.org\",\"@graph\":[{\"@type\":\"Article\",\"@id\":\"https:\\\/\\\/www.rassegnastampa-totustuus.it\\\/cattolica\\\/perch-la-chiesa-non-deve-vergognarsi-della-parola-creazione\\\/#article\",\"isPartOf\":{\"@id\":\"https:\\\/\\\/www.rassegnastampa-totustuus.it\\\/cattolica\\\/perch-la-chiesa-non-deve-vergognarsi-della-parola-creazione\\\/\"},\"author\":{\"name\":\"Redazione\",\"@id\":\"https:\\\/\\\/www.rassegnastampa-totustuus.it\\\/cattolica\\\/#\\\/schema\\\/person\\\/08f319d2bd1a0904ad9e2bfb7b15e5c3\"},\"headline\":\"Perch&eacute; la chiesa non deve vergognarsi della parola creazione\",\"datePublished\":\"2006-10-05T12:02:06+00:00\",\"dateModified\":\"2015-12-11T08:17:37+00:00\",\"mainEntityOfPage\":{\"@id\":\"https:\\\/\\\/www.rassegnastampa-totustuus.it\\\/cattolica\\\/perch-la-chiesa-non-deve-vergognarsi-della-parola-creazione\\\/\"},\"wordCount\":1065,\"publisher\":{\"@id\":\"https:\\\/\\\/www.rassegnastampa-totustuus.it\\\/cattolica\\\/#organization\"},\"image\":{\"@id\":\"https:\\\/\\\/www.rassegnastampa-totustuus.it\\\/cattolica\\\/perch-la-chiesa-non-deve-vergognarsi-della-parola-creazione\\\/#primaryimage\"},\"thumbnailUrl\":\"https:\\\/\\\/www.rassegnastampa-totustuus.it\\\/cattolica\\\/wp-content\\\/uploads\\\/2006\\\/10\\\/Benedetto_cover.jpg\",\"keywords\":[\"scientismo\"],\"articleSection\":[\"Chiesa\",\"Scienza\"],\"inLanguage\":\"it-IT\"},{\"@type\":\"WebPage\",\"@id\":\"https:\\\/\\\/www.rassegnastampa-totustuus.it\\\/cattolica\\\/perch-la-chiesa-non-deve-vergognarsi-della-parola-creazione\\\/\",\"url\":\"https:\\\/\\\/www.rassegnastampa-totustuus.it\\\/cattolica\\\/perch-la-chiesa-non-deve-vergognarsi-della-parola-creazione\\\/\",\"name\":\"Perch&eacute; la chiesa non deve vergognarsi della parola creazione - Rassegna Stampa Cattolica\",\"isPartOf\":{\"@id\":\"https:\\\/\\\/www.rassegnastampa-totustuus.it\\\/cattolica\\\/#website\"},\"primaryImageOfPage\":{\"@id\":\"https:\\\/\\\/www.rassegnastampa-totustuus.it\\\/cattolica\\\/perch-la-chiesa-non-deve-vergognarsi-della-parola-creazione\\\/#primaryimage\"},\"image\":{\"@id\":\"https:\\\/\\\/www.rassegnastampa-totustuus.it\\\/cattolica\\\/perch-la-chiesa-non-deve-vergognarsi-della-parola-creazione\\\/#primaryimage\"},\"thumbnailUrl\":\"https:\\\/\\\/www.rassegnastampa-totustuus.it\\\/cattolica\\\/wp-content\\\/uploads\\\/2006\\\/10\\\/Benedetto_cover.jpg\",\"datePublished\":\"2006-10-05T12:02:06+00:00\",\"dateModified\":\"2015-12-11T08:17:37+00:00\",\"description\":\"Rassegna Stampa Cattolica - Per una cultura che nasce dalla Rivelazione cristiana in conformit\u00e0 alla tradizione e al Magistero della Chiesa in opposizione ad ogni relativismo e totalitarismo\",\"breadcrumb\":{\"@id\":\"https:\\\/\\\/www.rassegnastampa-totustuus.it\\\/cattolica\\\/perch-la-chiesa-non-deve-vergognarsi-della-parola-creazione\\\/#breadcrumb\"},\"inLanguage\":\"it-IT\",\"potentialAction\":[{\"@type\":\"ReadAction\",\"target\":[\"https:\\\/\\\/www.rassegnastampa-totustuus.it\\\/cattolica\\\/perch-la-chiesa-non-deve-vergognarsi-della-parola-creazione\\\/\"]}]},{\"@type\":\"ImageObject\",\"inLanguage\":\"it-IT\",\"@id\":\"https:\\\/\\\/www.rassegnastampa-totustuus.it\\\/cattolica\\\/perch-la-chiesa-non-deve-vergognarsi-della-parola-creazione\\\/#primaryimage\",\"url\":\"https:\\\/\\\/www.rassegnastampa-totustuus.it\\\/cattolica\\\/wp-content\\\/uploads\\\/2006\\\/10\\\/Benedetto_cover.jpg\",\"contentUrl\":\"https:\\\/\\\/www.rassegnastampa-totustuus.it\\\/cattolica\\\/wp-content\\\/uploads\\\/2006\\\/10\\\/Benedetto_cover.jpg\",\"width\":148,\"height\":219},{\"@type\":\"BreadcrumbList\",\"@id\":\"https:\\\/\\\/www.rassegnastampa-totustuus.it\\\/cattolica\\\/perch-la-chiesa-non-deve-vergognarsi-della-parola-creazione\\\/#breadcrumb\",\"itemListElement\":[{\"@type\":\"ListItem\",\"position\":1,\"name\":\"Home\",\"item\":\"https:\\\/\\\/www.rassegnastampa-totustuus.it\\\/cattolica\\\/\"},{\"@type\":\"ListItem\",\"position\":2,\"name\":\"Perch&eacute; la chiesa non deve vergognarsi della parola creazione\"}]},{\"@type\":\"WebSite\",\"@id\":\"https:\\\/\\\/www.rassegnastampa-totustuus.it\\\/cattolica\\\/#website\",\"url\":\"https:\\\/\\\/www.rassegnastampa-totustuus.it\\\/cattolica\\\/\",\"name\":\"Rassegna Stampa Cattolica\",\"description\":\"Per una cultura che nasce dalla Rivelazione cristiana in conformit\u00e0 alla tradizione e al Magistero della Chiesa in opposizione ad ogni relativismo e totalitarismo\",\"publisher\":{\"@id\":\"https:\\\/\\\/www.rassegnastampa-totustuus.it\\\/cattolica\\\/#organization\"},\"alternateName\":\"Rass. Cattolica\",\"potentialAction\":[{\"@type\":\"SearchAction\",\"target\":{\"@type\":\"EntryPoint\",\"urlTemplate\":\"https:\\\/\\\/www.rassegnastampa-totustuus.it\\\/cattolica\\\/?s={search_term_string}\"},\"query-input\":{\"@type\":\"PropertyValueSpecification\",\"valueRequired\":true,\"valueName\":\"search_term_string\"}}],\"inLanguage\":\"it-IT\"},{\"@type\":\"Organization\",\"@id\":\"https:\\\/\\\/www.rassegnastampa-totustuus.it\\\/cattolica\\\/#organization\",\"name\":\"Rassegna Stampa Cattolica\",\"url\":\"https:\\\/\\\/www.rassegnastampa-totustuus.it\\\/cattolica\\\/\",\"logo\":{\"@type\":\"ImageObject\",\"inLanguage\":\"it-IT\",\"@id\":\"https:\\\/\\\/www.rassegnastampa-totustuus.it\\\/cattolica\\\/#\\\/schema\\\/logo\\\/image\\\/\",\"url\":\"https:\\\/\\\/www.rassegnastampa-totustuus.it\\\/cattolica\\\/wp-content\\\/uploads\\\/2014\\\/04\\\/logo-rassegna1.gif\",\"contentUrl\":\"https:\\\/\\\/www.rassegnastampa-totustuus.it\\\/cattolica\\\/wp-content\\\/uploads\\\/2014\\\/04\\\/logo-rassegna1.gif\",\"width\":600,\"height\":163,\"caption\":\"Rassegna Stampa Cattolica\"},\"image\":{\"@id\":\"https:\\\/\\\/www.rassegnastampa-totustuus.it\\\/cattolica\\\/#\\\/schema\\\/logo\\\/image\\\/\"},\"sameAs\":[\"https:\\\/\\\/www.facebook.com\\\/rassegnastampacattolica\",\"https:\\\/\\\/x.com\\\/rassegnastampa9\"]},{\"@type\":\"Person\",\"@id\":\"https:\\\/\\\/www.rassegnastampa-totustuus.it\\\/cattolica\\\/#\\\/schema\\\/person\\\/08f319d2bd1a0904ad9e2bfb7b15e5c3\",\"name\":\"Redazione\",\"image\":{\"@type\":\"ImageObject\",\"inLanguage\":\"it-IT\",\"@id\":\"https:\\\/\\\/secure.gravatar.com\\\/avatar\\\/2fcdf27c78ea025fbdb44e914cc63c72249ffec9dc8aafd5c82b26240ef3f346?s=96&d=mm&r=g\",\"url\":\"https:\\\/\\\/secure.gravatar.com\\\/avatar\\\/2fcdf27c78ea025fbdb44e914cc63c72249ffec9dc8aafd5c82b26240ef3f346?s=96&d=mm&r=g\",\"contentUrl\":\"https:\\\/\\\/secure.gravatar.com\\\/avatar\\\/2fcdf27c78ea025fbdb44e914cc63c72249ffec9dc8aafd5c82b26240ef3f346?s=96&d=mm&r=g\",\"caption\":\"Redazione\"},\"url\":\"https:\\\/\\\/www.rassegnastampa-totustuus.it\\\/cattolica\\\/author\\\/pietroelle\\\/\"}]}<\/script>\n<!-- \/ Yoast SEO plugin. -->","yoast_head_json":{"title":"Perch&eacute; la chiesa non deve vergognarsi della parola creazione - Rassegna Stampa Cattolica","description":"Rassegna Stampa Cattolica - Per una cultura che nasce dalla Rivelazione cristiana in conformit\u00e0 alla tradizione e al Magistero della Chiesa in opposizione ad ogni relativismo e totalitarismo","robots":{"index":"index","follow":"follow","max-snippet":"max-snippet:-1","max-image-preview":"max-image-preview:large","max-video-preview":"max-video-preview:-1"},"canonical":"https:\/\/www.rassegnastampa-totustuus.it\/cattolica\/perch-la-chiesa-non-deve-vergognarsi-della-parola-creazione\/","og_locale":"it_IT","og_type":"article","og_title":"Perch&eacute; la chiesa non deve vergognarsi della parola creazione - Rassegna Stampa Cattolica","og_description":"Rassegna Stampa Cattolica - Per una cultura che nasce dalla Rivelazione cristiana in conformit\u00e0 alla tradizione e al Magistero della Chiesa in opposizione ad ogni relativismo e totalitarismo","og_url":"https:\/\/www.rassegnastampa-totustuus.it\/cattolica\/perch-la-chiesa-non-deve-vergognarsi-della-parola-creazione\/","og_site_name":"Rassegna Stampa Cattolica","article_publisher":"https:\/\/www.facebook.com\/rassegnastampacattolica","article_published_time":"2006-10-05T12:02:06+00:00","article_modified_time":"2015-12-11T08:17:37+00:00","og_image":[{"width":148,"height":219,"url":"https:\/\/www.rassegnastampa-totustuus.it\/cattolica\/wp-content\/uploads\/2006\/10\/Benedetto_cover.jpg","type":"image\/jpeg"}],"author":"Redazione","twitter_card":"summary_large_image","twitter_creator":"@rassegnastampa9","twitter_site":"@rassegnastampa9","twitter_misc":{"Scritto da":"Redazione","Tempo di lettura stimato":"5 minuti"},"schema":{"@context":"https:\/\/schema.org","@graph":[{"@type":"Article","@id":"https:\/\/www.rassegnastampa-totustuus.it\/cattolica\/perch-la-chiesa-non-deve-vergognarsi-della-parola-creazione\/#article","isPartOf":{"@id":"https:\/\/www.rassegnastampa-totustuus.it\/cattolica\/perch-la-chiesa-non-deve-vergognarsi-della-parola-creazione\/"},"author":{"name":"Redazione","@id":"https:\/\/www.rassegnastampa-totustuus.it\/cattolica\/#\/schema\/person\/08f319d2bd1a0904ad9e2bfb7b15e5c3"},"headline":"Perch&eacute; la chiesa non deve vergognarsi della parola creazione","datePublished":"2006-10-05T12:02:06+00:00","dateModified":"2015-12-11T08:17:37+00:00","mainEntityOfPage":{"@id":"https:\/\/www.rassegnastampa-totustuus.it\/cattolica\/perch-la-chiesa-non-deve-vergognarsi-della-parola-creazione\/"},"wordCount":1065,"publisher":{"@id":"https:\/\/www.rassegnastampa-totustuus.it\/cattolica\/#organization"},"image":{"@id":"https:\/\/www.rassegnastampa-totustuus.it\/cattolica\/perch-la-chiesa-non-deve-vergognarsi-della-parola-creazione\/#primaryimage"},"thumbnailUrl":"https:\/\/www.rassegnastampa-totustuus.it\/cattolica\/wp-content\/uploads\/2006\/10\/Benedetto_cover.jpg","keywords":["scientismo"],"articleSection":["Chiesa","Scienza"],"inLanguage":"it-IT"},{"@type":"WebPage","@id":"https:\/\/www.rassegnastampa-totustuus.it\/cattolica\/perch-la-chiesa-non-deve-vergognarsi-della-parola-creazione\/","url":"https:\/\/www.rassegnastampa-totustuus.it\/cattolica\/perch-la-chiesa-non-deve-vergognarsi-della-parola-creazione\/","name":"Perch&eacute; la chiesa non deve vergognarsi della parola creazione - Rassegna Stampa Cattolica","isPartOf":{"@id":"https:\/\/www.rassegnastampa-totustuus.it\/cattolica\/#website"},"primaryImageOfPage":{"@id":"https:\/\/www.rassegnastampa-totustuus.it\/cattolica\/perch-la-chiesa-non-deve-vergognarsi-della-parola-creazione\/#primaryimage"},"image":{"@id":"https:\/\/www.rassegnastampa-totustuus.it\/cattolica\/perch-la-chiesa-non-deve-vergognarsi-della-parola-creazione\/#primaryimage"},"thumbnailUrl":"https:\/\/www.rassegnastampa-totustuus.it\/cattolica\/wp-content\/uploads\/2006\/10\/Benedetto_cover.jpg","datePublished":"2006-10-05T12:02:06+00:00","dateModified":"2015-12-11T08:17:37+00:00","description":"Rassegna Stampa Cattolica - Per una cultura che nasce dalla Rivelazione cristiana in conformit\u00e0 alla tradizione e al Magistero della Chiesa in opposizione ad ogni relativismo e totalitarismo","breadcrumb":{"@id":"https:\/\/www.rassegnastampa-totustuus.it\/cattolica\/perch-la-chiesa-non-deve-vergognarsi-della-parola-creazione\/#breadcrumb"},"inLanguage":"it-IT","potentialAction":[{"@type":"ReadAction","target":["https:\/\/www.rassegnastampa-totustuus.it\/cattolica\/perch-la-chiesa-non-deve-vergognarsi-della-parola-creazione\/"]}]},{"@type":"ImageObject","inLanguage":"it-IT","@id":"https:\/\/www.rassegnastampa-totustuus.it\/cattolica\/perch-la-chiesa-non-deve-vergognarsi-della-parola-creazione\/#primaryimage","url":"https:\/\/www.rassegnastampa-totustuus.it\/cattolica\/wp-content\/uploads\/2006\/10\/Benedetto_cover.jpg","contentUrl":"https:\/\/www.rassegnastampa-totustuus.it\/cattolica\/wp-content\/uploads\/2006\/10\/Benedetto_cover.jpg","width":148,"height":219},{"@type":"BreadcrumbList","@id":"https:\/\/www.rassegnastampa-totustuus.it\/cattolica\/perch-la-chiesa-non-deve-vergognarsi-della-parola-creazione\/#breadcrumb","itemListElement":[{"@type":"ListItem","position":1,"name":"Home","item":"https:\/\/www.rassegnastampa-totustuus.it\/cattolica\/"},{"@type":"ListItem","position":2,"name":"Perch&eacute; la chiesa non deve vergognarsi della parola creazione"}]},{"@type":"WebSite","@id":"https:\/\/www.rassegnastampa-totustuus.it\/cattolica\/#website","url":"https:\/\/www.rassegnastampa-totustuus.it\/cattolica\/","name":"Rassegna Stampa Cattolica","description":"Per una cultura che nasce dalla Rivelazione cristiana in conformit\u00e0 alla tradizione e al Magistero della Chiesa in opposizione ad ogni relativismo e totalitarismo","publisher":{"@id":"https:\/\/www.rassegnastampa-totustuus.it\/cattolica\/#organization"},"alternateName":"Rass. Cattolica","potentialAction":[{"@type":"SearchAction","target":{"@type":"EntryPoint","urlTemplate":"https:\/\/www.rassegnastampa-totustuus.it\/cattolica\/?s={search_term_string}"},"query-input":{"@type":"PropertyValueSpecification","valueRequired":true,"valueName":"search_term_string"}}],"inLanguage":"it-IT"},{"@type":"Organization","@id":"https:\/\/www.rassegnastampa-totustuus.it\/cattolica\/#organization","name":"Rassegna Stampa Cattolica","url":"https:\/\/www.rassegnastampa-totustuus.it\/cattolica\/","logo":{"@type":"ImageObject","inLanguage":"it-IT","@id":"https:\/\/www.rassegnastampa-totustuus.it\/cattolica\/#\/schema\/logo\/image\/","url":"https:\/\/www.rassegnastampa-totustuus.it\/cattolica\/wp-content\/uploads\/2014\/04\/logo-rassegna1.gif","contentUrl":"https:\/\/www.rassegnastampa-totustuus.it\/cattolica\/wp-content\/uploads\/2014\/04\/logo-rassegna1.gif","width":600,"height":163,"caption":"Rassegna Stampa Cattolica"},"image":{"@id":"https:\/\/www.rassegnastampa-totustuus.it\/cattolica\/#\/schema\/logo\/image\/"},"sameAs":["https:\/\/www.facebook.com\/rassegnastampacattolica","https:\/\/x.com\/rassegnastampa9"]},{"@type":"Person","@id":"https:\/\/www.rassegnastampa-totustuus.it\/cattolica\/#\/schema\/person\/08f319d2bd1a0904ad9e2bfb7b15e5c3","name":"Redazione","image":{"@type":"ImageObject","inLanguage":"it-IT","@id":"https:\/\/secure.gravatar.com\/avatar\/2fcdf27c78ea025fbdb44e914cc63c72249ffec9dc8aafd5c82b26240ef3f346?s=96&d=mm&r=g","url":"https:\/\/secure.gravatar.com\/avatar\/2fcdf27c78ea025fbdb44e914cc63c72249ffec9dc8aafd5c82b26240ef3f346?s=96&d=mm&r=g","contentUrl":"https:\/\/secure.gravatar.com\/avatar\/2fcdf27c78ea025fbdb44e914cc63c72249ffec9dc8aafd5c82b26240ef3f346?s=96&d=mm&r=g","caption":"Redazione"},"url":"https:\/\/www.rassegnastampa-totustuus.it\/cattolica\/author\/pietroelle\/"}]}},"_links":{"self":[{"href":"https:\/\/www.rassegnastampa-totustuus.it\/cattolica\/wp-json\/wp\/v2\/posts\/2252","targetHints":{"allow":["GET"]}}],"collection":[{"href":"https:\/\/www.rassegnastampa-totustuus.it\/cattolica\/wp-json\/wp\/v2\/posts"}],"about":[{"href":"https:\/\/www.rassegnastampa-totustuus.it\/cattolica\/wp-json\/wp\/v2\/types\/post"}],"author":[{"embeddable":true,"href":"https:\/\/www.rassegnastampa-totustuus.it\/cattolica\/wp-json\/wp\/v2\/users\/6"}],"replies":[{"embeddable":true,"href":"https:\/\/www.rassegnastampa-totustuus.it\/cattolica\/wp-json\/wp\/v2\/comments?post=2252"}],"version-history":[{"count":4,"href":"https:\/\/www.rassegnastampa-totustuus.it\/cattolica\/wp-json\/wp\/v2\/posts\/2252\/revisions"}],"predecessor-version":[{"id":28757,"href":"https:\/\/www.rassegnastampa-totustuus.it\/cattolica\/wp-json\/wp\/v2\/posts\/2252\/revisions\/28757"}],"wp:featuredmedia":[{"embeddable":true,"href":"https:\/\/www.rassegnastampa-totustuus.it\/cattolica\/wp-json\/wp\/v2\/media\/28756"}],"wp:attachment":[{"href":"https:\/\/www.rassegnastampa-totustuus.it\/cattolica\/wp-json\/wp\/v2\/media?parent=2252"}],"wp:term":[{"taxonomy":"category","embeddable":true,"href":"https:\/\/www.rassegnastampa-totustuus.it\/cattolica\/wp-json\/wp\/v2\/categories?post=2252"},{"taxonomy":"post_tag","embeddable":true,"href":"https:\/\/www.rassegnastampa-totustuus.it\/cattolica\/wp-json\/wp\/v2\/tags?post=2252"}],"curies":[{"name":"wp","href":"https:\/\/api.w.org\/{rel}","templated":true}]}}