{"id":2251,"date":"2006-10-05T09:46:57","date_gmt":"2006-10-05T07:46:57","guid":{"rendered":""},"modified":"2016-07-05T10:01:03","modified_gmt":"2016-07-05T08:01:03","slug":"cristo-sotto-attacco","status":"publish","type":"post","link":"https:\/\/www.rassegnastampa-totustuus.it\/cattolica\/cristo-sotto-attacco\/","title":{"rendered":"Cristo sotto attacco"},"content":{"rendered":"<div style=\"text-align: center;\"><img loading=\"lazy\" decoding=\"async\" class=\"alignright wp-image-35639\" src=\"https:\/\/www.rassegnastampa-totustuus.it\/cattolica\/wp-content\/uploads\/2006\/10\/odio_islamico.jpg\" alt=\"odio_islamico\" width=\"250\" height=\"164\" \/>(titolo redazionale)<\/div>\n<p style=\"text-align: center;\"><strong>Corrispondenza romana<\/strong> N. 960\/01<\/p>\n<p style=\"text-align: center;\">\u00a023 settembre 2006.<\/p>\n<p style=\"text-align: justify;\"><em>Proponiamo una lucida analisi sulle cause dell&#8217;odio verso il\u00a0 Cristo che infuria in tutto il mondo islamico.<\/em><\/p>\n<p><!--more--><\/p>\n<div style=\"text-align: justify;\">Nell&#8217;Universit\u00e0 tedesca di\u00a0 Regensburg (Ratisbona), lo scorso 12 settembre &#8211; data della\u00a0 liberazione di Vienna dalle armate turche (1683) &#8211; il Papa ha tenuto una dotta e profonda dissertazione sull&#8217;evoluzione storica del rapporto tra fede e ragione. Per tutta risposta, il mondo islamico ha risposto suscitando un clima d&#8217;intimidazione, sia psicologica che fisica.<\/div>\n<p style=\"text-align: justify;\">Come sette mesi fa le folle fanatiche avevano reagito a una vignetta satirica sull&#8217;Islam elogiata, ma non mostrata, da un ministro italiano che voleva solo opporre l&#8217;umorismo alla violenza, cos\u00ec oggi esse hanno reagito ad una dotta citazione critica verso l&#8217;Islam riportata, ma non condivisa, da Benedetto XVI che voleva solo chiarire il proprio pensiero.<\/p>\n<p style=\"text-align: justify;\">Tale citazione riferiva un&#8217;opinione espressa nel 1391 da Emanuele II Paleologo, erede al trono imperiale bizantino,durante una disputa con un dotto persiano avvenuta mentre era prigioniero dei musulmani ad Ankara. In entrambi i casi, il fattore scatenante non \u00e8 stato il fatto reale (la vignetta o la citazione), ma la notizia che ne \u00e8 stata diffusa da mass-media islamici e non, sempre pronti a cogliere qualsiasi pretesto per attaccare la Chiesa mediante una propaganda che rovescia spudoratamente la situazione reale.<\/p>\n<p style=\"text-align: justify;\">Difatti quell&#8217;Islam radicale, che \u00e8 intollerante e oppressore di chi fa cultura e satira, che nelle proprie scuole falsifica e insulta il Cristianesimo esortando a distruggerlo con la violenza, questo stesso Islam viene oggi presentato come vittima dell&#8217;ignoranza, dell&#8217;intolleranza e dell&#8217;oppressione.<\/p>\n<p style=\"text-align: justify;\">Vediamo qui lo stesso procedimento propagandistico usato quando, nel colpire col terrorismo i Paesi che vuole intimorire e destabilizzare, tale Islam ha sempre cura di farsi passare per una vittima che reagisce ad una intollerabile offesa od oppressione. In questa strategia, esso viene appoggiato da una intelligencja occidentale progressista, sempre pronta a giustificare la violenza degli amici pur condannando quella degli avversari: ne \u00e8 un esempio la posizione del &#8220;New York Times&#8221;, che ha accusato il Papa di &#8220;diffondere dolore&#8221; e lo ha invitato a &#8220;presentare scuse approfondite e convincenti&#8221;.<\/p>\n<p style=\"text-align: justify;\">Questo conferma che la guerra oggi in corso, ben prima che terroristica o militare, \u00e8 propagandistica e culturale, in quanto lo scopo primario non \u00e8 tanto terrorizzare quanto ingannare, per cui le vittime della menzogna sono ben pi\u00f9 numerose di quelle della violenza.<\/p>\n<p style=\"text-align: justify;\">Si tratta di quel &#8220;jih\u00e0d della parola&#8221;, denunciato da Magdi Allam sul &#8220;Corriere della Sera&#8221; (20-9-2006), che &#8220;si fonda sulla consapevolezza che noi tutti saremo sconfitti, quando ci auto-censureremo volontariamente, quando saremo soggiogati dalla paura di dire ci\u00f2 che pensiamo e di essere ci\u00f2 che siamo, quando il terrore di ci\u00f2 che potrebbe accaderci ci lacerer\u00e0 interiormente e paralizzer\u00e0\u00a0 totalmente&#8221;.<\/p>\n<p style=\"text-align: justify;\">Nel suo discorso, il Papa ha svolto un&#8217;analisi storico-teologica tesa a criticare la cultura dell&#8217; Occidente secolarizzato, colpevole di aver dapprima negato la fede in nome di una ragione idolatrica e poi di aver negato anche la ragione in nome di un relativismo nichilistico.<\/p>\n<p style=\"text-align: justify;\">Si tratta quindi di un&#8217;analisi che avrebbe dovuto suscitare il consenso dei dotti musulmani; la critica di alcuni aspetti della storia islamica &#8211; ossia l&#8217;arbitrarismo teologico e l&#8217;imposizione della fede con le armi &#8211; era solo l&#8217;iniziale pretesto per fare appello alla ragione e alla tolleranza e per esortare la cultura occidentale a fare un serio esame di coscienza.<\/p>\n<p style=\"text-align: justify;\">A questa dotta e sottile dissertazione, l&#8217;Islam radicale, ma anche buona parte di quello &#8220;moderato&#8221;, hanno risposto non con argomentazioni bens\u00ec con attacchi, insulti, vignette volgari, minacce e attentati, giungendo fino all&#8217;omicidio di una suora in Somalia. Dopodich\u00e9, cercando di trarre frutto da questa intimidazione, hanno preteso di ricevere le scuse con annessa &#8220;ritrattazione&#8221;, ottenendo per\u00f2 solo che il Papa stesso, il 17 settembre, dichiarasse il proprio &#8220;rammarico&#8221; per essere stato frainteso.<\/p>\n<p style=\"text-align: justify;\">Ed \u00e8 molto significativo che il Papa, perfino qui in Italia, non sia stato difeso, o lo \u00e8 stato tardivamente e timidamente, per non chiudere le porte a quel &#8220;dialogo&#8221; che, come ammonisce l&#8217;islamologo R\u00e9mi Brague, consiste in &#8220;parole vaghe che non impegnano su nulla, monologhi paralleli in cui ciascuno legge un testo preparato in anticipo e non ascolta quasi per nulla gli altri&#8221;<span style=\"text-decoration: underline;\">\u00a0<\/span>(&#8220;Avvenire&#8221;, 23.09.2006).<\/p>\n<p style=\"text-align: justify;\">Comunque sia, la faccenda non \u00e8 chiusa. Non lo \u00e8 in campo islamico, ora impegnato a sfruttare il proprio successo propagandistico, come dimostra l&#8217;opportunistico comportamento dei Fratelli Musulmani che, se a casa nostra gettano acqua sul fuoco, a casa loro continuano ad alimentarlo.<\/p>\n<p style=\"text-align: justify;\">Non lo \u00e8 nemmeno in campo cristiano, nel quale molti sono ossessionati dalla preoccupazione di non irritare in alcun modo le folle fanatiche; il capo della Chiesa copta ha condannato il discorso di Benedetto XVI e perfino il vescovo cattolico di Algeri, mons. Henri Teissier, ha espresso alle autorit\u00e0 islamiche algerine la propria &#8220;costernazione&#8221; per un discorso che &#8220;attenta al rispetto dovuto alla fede musulmana e al suo Profeta&#8221; (&#8220;Il Giornale&#8221;, 18.09.2006).<\/p>\n<p style=\"text-align: justify;\">Resta aperto anche il dibattito culturale avviato dall&#8217;analisi del Papa.Per quanto riguarda l&#8217;attuale &#8220;dialogo&#8221; tra Cristianesimo e Islamismo &#8220;dopo Ratisbona&#8221;, il noto accademico Vittorio Mathieu ha espresso questo ammonimento: &#8220;La tentazione \u00e8 quella di collocare le &#8220;tre religioni del libro&#8221; su un piano omogeneo sul quale discutere. Questo piano non esiste, (&#8230;) perch\u00e9 l&#8217;islamismo non conosce il concetto ebraico dell&#8217;Alleanza; e non esiste, secondo Ratzinger, perch\u00e9 l&#8217;islamismo non riconosce l&#8217;esistenza di una &#8220;ragione naturale&#8221; capace di cercare la verit\u00e0 indipendentemente dalla Rivelazione. (&#8230;) Con i musulmani coerenti non \u00e8 possibile, dialogo, perch\u00e9 non ammettono n\u00e9 una ragione naturale n\u00e9 una libert\u00e0 dell&#8217;uomo, sia pure intrinsecamente finite (= limitate, n.d.r.). Se l&#8217;Islam \u00e8 preso sul serio, la libert\u00e0 dell&#8217;uomo non c&#8217;\u00e8, perch\u00e9 tutto ci\u00f2 che l&#8217;uomo sembra fare \u00e8 fatto direttamente da Dio, come Dio vuole. E non c&#8217;\u00e8 ragione naturale, perch\u00e9 quelle regolarit\u00e0 che osserviamo di fatto nella natura sono regolarit\u00e0 del volere di Dio&#8221; (&#8220;Il Giornale&#8221;, 19.09.2006).<\/p>\n<p style=\"text-align: justify;\">Da un altro punto di vista [&#8230;] ritiene impossibile un autentico &#8220;dialogo&#8221; col mondo musulmano, in quanto &#8220;la lotta alla Cristianit\u00e0 \u00e8 coesistenziale all&#8217;Islam. Finch\u00e9 vive il popolo di Ges\u00f9, il popolo del &#8220;sigillo della profezia&#8221; non sar\u00e0 sicuro. Finch\u00e9 esiste Ges\u00f9, finch\u00e9 esiste Mos\u00e8, non apparir\u00e0 realizzato il principio che Maometto \u00e8 l&#8217;ultimo profeta e abolisce e falsifica tutte le altre profezie.<\/p>\n<p style=\"text-align: justify;\">La loro esistenza \u00e8 &#8220;cattiva esistenza&#8221; che dev&#8217;essere cancellata. Nel Corano vi \u00e8 un segno manicheo e gnostico, che fa dell&#8217;infedele, e specie dell&#8217;infedele ebreo e cristiano, la figura del Male che dev&#8217;essere cancellata&#8221; (&#8220;Il Giornale&#8221;, 19.09.2006). Il solo &#8220;dialogo&#8221; possibile [&#8230;] \u00e8 quello con quelle autorit\u00e0 politiche musulmane che sono eredi di una fede secolarizzata dall&#8217;influenza del pensiero occidentale e che mantengono un potere che deriva non dal Corano ma dalla situazione politica nata dal colonialismo europeo.<\/p>\n","protected":false},"excerpt":{"rendered":"<p>(titolo redazionale) Corrispondenza romana N. 960\/01 \u00a023 settembre 2006. Proponiamo una lucida analisi sulle cause dell&#8217;odio verso il\u00a0 Cristo che infuria in tutto il mondo islamico.<\/p><p><a class=\"more-link btn\" href=\"https:\/\/www.rassegnastampa-totustuus.it\/cattolica\/cristo-sotto-attacco\/\">Continua a leggere<\/a><\/p>\n","protected":false},"author":6,"featured_media":35639,"comment_status":"closed","ping_status":"open","sticky":false,"template":"","format":"standard","meta":{"footnotes":""},"categories":[5,16],"tags":[1339,1352],"class_list":["post-2251","post","type-post","status-publish","format-standard","has-post-thumbnail","hentry","category-chiesa","category-islam","tag-chiesa-e-islam","tag-ratisbona","item-wrap"],"yoast_head":"<!-- This site is optimized with the Yoast SEO plugin v27.5 - https:\/\/yoast.com\/product\/yoast-seo-wordpress\/ -->\n<title>Cristo sotto attacco - Rassegna Stampa Cattolica<\/title>\n<meta name=\"description\" content=\"Rassegna Stampa Cattolica - Per una cultura che nasce dalla Rivelazione cristiana in conformit\u00e0 alla tradizione e al Magistero della Chiesa in opposizione ad ogni relativismo e totalitarismo\" \/>\n<meta name=\"robots\" content=\"index, follow, max-snippet:-1, max-image-preview:large, max-video-preview:-1\" \/>\n<link rel=\"canonical\" href=\"https:\/\/www.rassegnastampa-totustuus.it\/cattolica\/cristo-sotto-attacco\/\" \/>\n<meta property=\"og:locale\" content=\"it_IT\" \/>\n<meta property=\"og:type\" content=\"article\" \/>\n<meta property=\"og:title\" content=\"Cristo sotto attacco - Rassegna Stampa Cattolica\" \/>\n<meta property=\"og:description\" content=\"Rassegna Stampa Cattolica - Per una cultura che nasce dalla Rivelazione cristiana in conformit\u00e0 alla tradizione e al Magistero della Chiesa in opposizione ad ogni relativismo e totalitarismo\" \/>\n<meta property=\"og:url\" content=\"https:\/\/www.rassegnastampa-totustuus.it\/cattolica\/cristo-sotto-attacco\/\" \/>\n<meta property=\"og:site_name\" content=\"Rassegna Stampa Cattolica\" \/>\n<meta property=\"article:publisher\" content=\"https:\/\/www.facebook.com\/rassegnastampacattolica\" \/>\n<meta property=\"article:published_time\" content=\"2006-10-05T07:46:57+00:00\" \/>\n<meta property=\"article:modified_time\" content=\"2016-07-05T08:01:03+00:00\" \/>\n<meta property=\"og:image\" content=\"https:\/\/www.rassegnastampa-totustuus.it\/cattolica\/wp-content\/uploads\/2006\/10\/odio_islamico.jpg\" \/>\n\t<meta property=\"og:image:width\" content=\"278\" \/>\n\t<meta property=\"og:image:height\" content=\"182\" \/>\n\t<meta property=\"og:image:type\" content=\"image\/jpeg\" \/>\n<meta name=\"author\" content=\"Redazione\" \/>\n<meta name=\"twitter:card\" content=\"summary_large_image\" \/>\n<meta name=\"twitter:creator\" content=\"@rassegnastampa9\" \/>\n<meta name=\"twitter:site\" content=\"@rassegnastampa9\" \/>\n<meta name=\"twitter:label1\" content=\"Scritto da\" \/>\n\t<meta name=\"twitter:data1\" content=\"Redazione\" \/>\n\t<meta name=\"twitter:label2\" content=\"Tempo di lettura stimato\" \/>\n\t<meta name=\"twitter:data2\" content=\"5 minuti\" \/>\n<script type=\"application\/ld+json\" class=\"yoast-schema-graph\">{\"@context\":\"https:\\\/\\\/schema.org\",\"@graph\":[{\"@type\":\"Article\",\"@id\":\"https:\\\/\\\/www.rassegnastampa-totustuus.it\\\/cattolica\\\/cristo-sotto-attacco\\\/#article\",\"isPartOf\":{\"@id\":\"https:\\\/\\\/www.rassegnastampa-totustuus.it\\\/cattolica\\\/cristo-sotto-attacco\\\/\"},\"author\":{\"name\":\"Redazione\",\"@id\":\"https:\\\/\\\/www.rassegnastampa-totustuus.it\\\/cattolica\\\/#\\\/schema\\\/person\\\/08f319d2bd1a0904ad9e2bfb7b15e5c3\"},\"headline\":\"Cristo sotto attacco\",\"datePublished\":\"2006-10-05T07:46:57+00:00\",\"dateModified\":\"2016-07-05T08:01:03+00:00\",\"mainEntityOfPage\":{\"@id\":\"https:\\\/\\\/www.rassegnastampa-totustuus.it\\\/cattolica\\\/cristo-sotto-attacco\\\/\"},\"wordCount\":1115,\"publisher\":{\"@id\":\"https:\\\/\\\/www.rassegnastampa-totustuus.it\\\/cattolica\\\/#organization\"},\"image\":{\"@id\":\"https:\\\/\\\/www.rassegnastampa-totustuus.it\\\/cattolica\\\/cristo-sotto-attacco\\\/#primaryimage\"},\"thumbnailUrl\":\"https:\\\/\\\/www.rassegnastampa-totustuus.it\\\/cattolica\\\/wp-content\\\/uploads\\\/2006\\\/10\\\/odio_islamico.jpg\",\"keywords\":[\"chiesa e islam\",\"Ratisbona\"],\"articleSection\":[\"Chiesa\",\"Islam\"],\"inLanguage\":\"it-IT\"},{\"@type\":\"WebPage\",\"@id\":\"https:\\\/\\\/www.rassegnastampa-totustuus.it\\\/cattolica\\\/cristo-sotto-attacco\\\/\",\"url\":\"https:\\\/\\\/www.rassegnastampa-totustuus.it\\\/cattolica\\\/cristo-sotto-attacco\\\/\",\"name\":\"Cristo sotto attacco - Rassegna Stampa Cattolica\",\"isPartOf\":{\"@id\":\"https:\\\/\\\/www.rassegnastampa-totustuus.it\\\/cattolica\\\/#website\"},\"primaryImageOfPage\":{\"@id\":\"https:\\\/\\\/www.rassegnastampa-totustuus.it\\\/cattolica\\\/cristo-sotto-attacco\\\/#primaryimage\"},\"image\":{\"@id\":\"https:\\\/\\\/www.rassegnastampa-totustuus.it\\\/cattolica\\\/cristo-sotto-attacco\\\/#primaryimage\"},\"thumbnailUrl\":\"https:\\\/\\\/www.rassegnastampa-totustuus.it\\\/cattolica\\\/wp-content\\\/uploads\\\/2006\\\/10\\\/odio_islamico.jpg\",\"datePublished\":\"2006-10-05T07:46:57+00:00\",\"dateModified\":\"2016-07-05T08:01:03+00:00\",\"description\":\"Rassegna Stampa Cattolica - Per una cultura che nasce dalla Rivelazione cristiana in conformit\u00e0 alla tradizione e al Magistero della Chiesa in opposizione ad ogni relativismo e totalitarismo\",\"breadcrumb\":{\"@id\":\"https:\\\/\\\/www.rassegnastampa-totustuus.it\\\/cattolica\\\/cristo-sotto-attacco\\\/#breadcrumb\"},\"inLanguage\":\"it-IT\",\"potentialAction\":[{\"@type\":\"ReadAction\",\"target\":[\"https:\\\/\\\/www.rassegnastampa-totustuus.it\\\/cattolica\\\/cristo-sotto-attacco\\\/\"]}]},{\"@type\":\"ImageObject\",\"inLanguage\":\"it-IT\",\"@id\":\"https:\\\/\\\/www.rassegnastampa-totustuus.it\\\/cattolica\\\/cristo-sotto-attacco\\\/#primaryimage\",\"url\":\"https:\\\/\\\/www.rassegnastampa-totustuus.it\\\/cattolica\\\/wp-content\\\/uploads\\\/2006\\\/10\\\/odio_islamico.jpg\",\"contentUrl\":\"https:\\\/\\\/www.rassegnastampa-totustuus.it\\\/cattolica\\\/wp-content\\\/uploads\\\/2006\\\/10\\\/odio_islamico.jpg\",\"width\":278,\"height\":182},{\"@type\":\"BreadcrumbList\",\"@id\":\"https:\\\/\\\/www.rassegnastampa-totustuus.it\\\/cattolica\\\/cristo-sotto-attacco\\\/#breadcrumb\",\"itemListElement\":[{\"@type\":\"ListItem\",\"position\":1,\"name\":\"Home\",\"item\":\"https:\\\/\\\/www.rassegnastampa-totustuus.it\\\/cattolica\\\/\"},{\"@type\":\"ListItem\",\"position\":2,\"name\":\"Cristo sotto attacco\"}]},{\"@type\":\"WebSite\",\"@id\":\"https:\\\/\\\/www.rassegnastampa-totustuus.it\\\/cattolica\\\/#website\",\"url\":\"https:\\\/\\\/www.rassegnastampa-totustuus.it\\\/cattolica\\\/\",\"name\":\"Rassegna Stampa Cattolica\",\"description\":\"Per una cultura che nasce dalla Rivelazione cristiana in conformit\u00e0 alla tradizione e al Magistero della Chiesa in opposizione ad ogni relativismo e totalitarismo\",\"publisher\":{\"@id\":\"https:\\\/\\\/www.rassegnastampa-totustuus.it\\\/cattolica\\\/#organization\"},\"alternateName\":\"Rass. Cattolica\",\"potentialAction\":[{\"@type\":\"SearchAction\",\"target\":{\"@type\":\"EntryPoint\",\"urlTemplate\":\"https:\\\/\\\/www.rassegnastampa-totustuus.it\\\/cattolica\\\/?s={search_term_string}\"},\"query-input\":{\"@type\":\"PropertyValueSpecification\",\"valueRequired\":true,\"valueName\":\"search_term_string\"}}],\"inLanguage\":\"it-IT\"},{\"@type\":\"Organization\",\"@id\":\"https:\\\/\\\/www.rassegnastampa-totustuus.it\\\/cattolica\\\/#organization\",\"name\":\"Rassegna Stampa Cattolica\",\"url\":\"https:\\\/\\\/www.rassegnastampa-totustuus.it\\\/cattolica\\\/\",\"logo\":{\"@type\":\"ImageObject\",\"inLanguage\":\"it-IT\",\"@id\":\"https:\\\/\\\/www.rassegnastampa-totustuus.it\\\/cattolica\\\/#\\\/schema\\\/logo\\\/image\\\/\",\"url\":\"https:\\\/\\\/www.rassegnastampa-totustuus.it\\\/cattolica\\\/wp-content\\\/uploads\\\/2014\\\/04\\\/logo-rassegna1.gif\",\"contentUrl\":\"https:\\\/\\\/www.rassegnastampa-totustuus.it\\\/cattolica\\\/wp-content\\\/uploads\\\/2014\\\/04\\\/logo-rassegna1.gif\",\"width\":600,\"height\":163,\"caption\":\"Rassegna Stampa Cattolica\"},\"image\":{\"@id\":\"https:\\\/\\\/www.rassegnastampa-totustuus.it\\\/cattolica\\\/#\\\/schema\\\/logo\\\/image\\\/\"},\"sameAs\":[\"https:\\\/\\\/www.facebook.com\\\/rassegnastampacattolica\",\"https:\\\/\\\/x.com\\\/rassegnastampa9\"]},{\"@type\":\"Person\",\"@id\":\"https:\\\/\\\/www.rassegnastampa-totustuus.it\\\/cattolica\\\/#\\\/schema\\\/person\\\/08f319d2bd1a0904ad9e2bfb7b15e5c3\",\"name\":\"Redazione\",\"image\":{\"@type\":\"ImageObject\",\"inLanguage\":\"it-IT\",\"@id\":\"https:\\\/\\\/secure.gravatar.com\\\/avatar\\\/2fcdf27c78ea025fbdb44e914cc63c72249ffec9dc8aafd5c82b26240ef3f346?s=96&d=mm&r=g\",\"url\":\"https:\\\/\\\/secure.gravatar.com\\\/avatar\\\/2fcdf27c78ea025fbdb44e914cc63c72249ffec9dc8aafd5c82b26240ef3f346?s=96&d=mm&r=g\",\"contentUrl\":\"https:\\\/\\\/secure.gravatar.com\\\/avatar\\\/2fcdf27c78ea025fbdb44e914cc63c72249ffec9dc8aafd5c82b26240ef3f346?s=96&d=mm&r=g\",\"caption\":\"Redazione\"},\"url\":\"https:\\\/\\\/www.rassegnastampa-totustuus.it\\\/cattolica\\\/author\\\/pietroelle\\\/\"}]}<\/script>\n<!-- \/ Yoast SEO plugin. -->","yoast_head_json":{"title":"Cristo sotto attacco - Rassegna Stampa Cattolica","description":"Rassegna Stampa Cattolica - Per una cultura che nasce dalla Rivelazione cristiana in conformit\u00e0 alla tradizione e al Magistero della Chiesa in opposizione ad ogni relativismo e totalitarismo","robots":{"index":"index","follow":"follow","max-snippet":"max-snippet:-1","max-image-preview":"max-image-preview:large","max-video-preview":"max-video-preview:-1"},"canonical":"https:\/\/www.rassegnastampa-totustuus.it\/cattolica\/cristo-sotto-attacco\/","og_locale":"it_IT","og_type":"article","og_title":"Cristo sotto attacco - Rassegna Stampa Cattolica","og_description":"Rassegna Stampa Cattolica - Per una cultura che nasce dalla Rivelazione cristiana in conformit\u00e0 alla tradizione e al Magistero della Chiesa in opposizione ad ogni relativismo e totalitarismo","og_url":"https:\/\/www.rassegnastampa-totustuus.it\/cattolica\/cristo-sotto-attacco\/","og_site_name":"Rassegna Stampa Cattolica","article_publisher":"https:\/\/www.facebook.com\/rassegnastampacattolica","article_published_time":"2006-10-05T07:46:57+00:00","article_modified_time":"2016-07-05T08:01:03+00:00","og_image":[{"width":278,"height":182,"url":"https:\/\/www.rassegnastampa-totustuus.it\/cattolica\/wp-content\/uploads\/2006\/10\/odio_islamico.jpg","type":"image\/jpeg"}],"author":"Redazione","twitter_card":"summary_large_image","twitter_creator":"@rassegnastampa9","twitter_site":"@rassegnastampa9","twitter_misc":{"Scritto da":"Redazione","Tempo di lettura stimato":"5 minuti"},"schema":{"@context":"https:\/\/schema.org","@graph":[{"@type":"Article","@id":"https:\/\/www.rassegnastampa-totustuus.it\/cattolica\/cristo-sotto-attacco\/#article","isPartOf":{"@id":"https:\/\/www.rassegnastampa-totustuus.it\/cattolica\/cristo-sotto-attacco\/"},"author":{"name":"Redazione","@id":"https:\/\/www.rassegnastampa-totustuus.it\/cattolica\/#\/schema\/person\/08f319d2bd1a0904ad9e2bfb7b15e5c3"},"headline":"Cristo sotto attacco","datePublished":"2006-10-05T07:46:57+00:00","dateModified":"2016-07-05T08:01:03+00:00","mainEntityOfPage":{"@id":"https:\/\/www.rassegnastampa-totustuus.it\/cattolica\/cristo-sotto-attacco\/"},"wordCount":1115,"publisher":{"@id":"https:\/\/www.rassegnastampa-totustuus.it\/cattolica\/#organization"},"image":{"@id":"https:\/\/www.rassegnastampa-totustuus.it\/cattolica\/cristo-sotto-attacco\/#primaryimage"},"thumbnailUrl":"https:\/\/www.rassegnastampa-totustuus.it\/cattolica\/wp-content\/uploads\/2006\/10\/odio_islamico.jpg","keywords":["chiesa e islam","Ratisbona"],"articleSection":["Chiesa","Islam"],"inLanguage":"it-IT"},{"@type":"WebPage","@id":"https:\/\/www.rassegnastampa-totustuus.it\/cattolica\/cristo-sotto-attacco\/","url":"https:\/\/www.rassegnastampa-totustuus.it\/cattolica\/cristo-sotto-attacco\/","name":"Cristo sotto attacco - Rassegna Stampa Cattolica","isPartOf":{"@id":"https:\/\/www.rassegnastampa-totustuus.it\/cattolica\/#website"},"primaryImageOfPage":{"@id":"https:\/\/www.rassegnastampa-totustuus.it\/cattolica\/cristo-sotto-attacco\/#primaryimage"},"image":{"@id":"https:\/\/www.rassegnastampa-totustuus.it\/cattolica\/cristo-sotto-attacco\/#primaryimage"},"thumbnailUrl":"https:\/\/www.rassegnastampa-totustuus.it\/cattolica\/wp-content\/uploads\/2006\/10\/odio_islamico.jpg","datePublished":"2006-10-05T07:46:57+00:00","dateModified":"2016-07-05T08:01:03+00:00","description":"Rassegna Stampa Cattolica - Per una cultura che nasce dalla Rivelazione cristiana in conformit\u00e0 alla tradizione e al Magistero della Chiesa in opposizione ad ogni relativismo e totalitarismo","breadcrumb":{"@id":"https:\/\/www.rassegnastampa-totustuus.it\/cattolica\/cristo-sotto-attacco\/#breadcrumb"},"inLanguage":"it-IT","potentialAction":[{"@type":"ReadAction","target":["https:\/\/www.rassegnastampa-totustuus.it\/cattolica\/cristo-sotto-attacco\/"]}]},{"@type":"ImageObject","inLanguage":"it-IT","@id":"https:\/\/www.rassegnastampa-totustuus.it\/cattolica\/cristo-sotto-attacco\/#primaryimage","url":"https:\/\/www.rassegnastampa-totustuus.it\/cattolica\/wp-content\/uploads\/2006\/10\/odio_islamico.jpg","contentUrl":"https:\/\/www.rassegnastampa-totustuus.it\/cattolica\/wp-content\/uploads\/2006\/10\/odio_islamico.jpg","width":278,"height":182},{"@type":"BreadcrumbList","@id":"https:\/\/www.rassegnastampa-totustuus.it\/cattolica\/cristo-sotto-attacco\/#breadcrumb","itemListElement":[{"@type":"ListItem","position":1,"name":"Home","item":"https:\/\/www.rassegnastampa-totustuus.it\/cattolica\/"},{"@type":"ListItem","position":2,"name":"Cristo sotto attacco"}]},{"@type":"WebSite","@id":"https:\/\/www.rassegnastampa-totustuus.it\/cattolica\/#website","url":"https:\/\/www.rassegnastampa-totustuus.it\/cattolica\/","name":"Rassegna Stampa Cattolica","description":"Per una cultura che nasce dalla Rivelazione cristiana in conformit\u00e0 alla tradizione e al Magistero della Chiesa in opposizione ad ogni relativismo e totalitarismo","publisher":{"@id":"https:\/\/www.rassegnastampa-totustuus.it\/cattolica\/#organization"},"alternateName":"Rass. Cattolica","potentialAction":[{"@type":"SearchAction","target":{"@type":"EntryPoint","urlTemplate":"https:\/\/www.rassegnastampa-totustuus.it\/cattolica\/?s={search_term_string}"},"query-input":{"@type":"PropertyValueSpecification","valueRequired":true,"valueName":"search_term_string"}}],"inLanguage":"it-IT"},{"@type":"Organization","@id":"https:\/\/www.rassegnastampa-totustuus.it\/cattolica\/#organization","name":"Rassegna Stampa Cattolica","url":"https:\/\/www.rassegnastampa-totustuus.it\/cattolica\/","logo":{"@type":"ImageObject","inLanguage":"it-IT","@id":"https:\/\/www.rassegnastampa-totustuus.it\/cattolica\/#\/schema\/logo\/image\/","url":"https:\/\/www.rassegnastampa-totustuus.it\/cattolica\/wp-content\/uploads\/2014\/04\/logo-rassegna1.gif","contentUrl":"https:\/\/www.rassegnastampa-totustuus.it\/cattolica\/wp-content\/uploads\/2014\/04\/logo-rassegna1.gif","width":600,"height":163,"caption":"Rassegna Stampa Cattolica"},"image":{"@id":"https:\/\/www.rassegnastampa-totustuus.it\/cattolica\/#\/schema\/logo\/image\/"},"sameAs":["https:\/\/www.facebook.com\/rassegnastampacattolica","https:\/\/x.com\/rassegnastampa9"]},{"@type":"Person","@id":"https:\/\/www.rassegnastampa-totustuus.it\/cattolica\/#\/schema\/person\/08f319d2bd1a0904ad9e2bfb7b15e5c3","name":"Redazione","image":{"@type":"ImageObject","inLanguage":"it-IT","@id":"https:\/\/secure.gravatar.com\/avatar\/2fcdf27c78ea025fbdb44e914cc63c72249ffec9dc8aafd5c82b26240ef3f346?s=96&d=mm&r=g","url":"https:\/\/secure.gravatar.com\/avatar\/2fcdf27c78ea025fbdb44e914cc63c72249ffec9dc8aafd5c82b26240ef3f346?s=96&d=mm&r=g","contentUrl":"https:\/\/secure.gravatar.com\/avatar\/2fcdf27c78ea025fbdb44e914cc63c72249ffec9dc8aafd5c82b26240ef3f346?s=96&d=mm&r=g","caption":"Redazione"},"url":"https:\/\/www.rassegnastampa-totustuus.it\/cattolica\/author\/pietroelle\/"}]}},"_links":{"self":[{"href":"https:\/\/www.rassegnastampa-totustuus.it\/cattolica\/wp-json\/wp\/v2\/posts\/2251","targetHints":{"allow":["GET"]}}],"collection":[{"href":"https:\/\/www.rassegnastampa-totustuus.it\/cattolica\/wp-json\/wp\/v2\/posts"}],"about":[{"href":"https:\/\/www.rassegnastampa-totustuus.it\/cattolica\/wp-json\/wp\/v2\/types\/post"}],"author":[{"embeddable":true,"href":"https:\/\/www.rassegnastampa-totustuus.it\/cattolica\/wp-json\/wp\/v2\/users\/6"}],"replies":[{"embeddable":true,"href":"https:\/\/www.rassegnastampa-totustuus.it\/cattolica\/wp-json\/wp\/v2\/comments?post=2251"}],"version-history":[{"count":4,"href":"https:\/\/www.rassegnastampa-totustuus.it\/cattolica\/wp-json\/wp\/v2\/posts\/2251\/revisions"}],"predecessor-version":[{"id":35640,"href":"https:\/\/www.rassegnastampa-totustuus.it\/cattolica\/wp-json\/wp\/v2\/posts\/2251\/revisions\/35640"}],"wp:featuredmedia":[{"embeddable":true,"href":"https:\/\/www.rassegnastampa-totustuus.it\/cattolica\/wp-json\/wp\/v2\/media\/35639"}],"wp:attachment":[{"href":"https:\/\/www.rassegnastampa-totustuus.it\/cattolica\/wp-json\/wp\/v2\/media?parent=2251"}],"wp:term":[{"taxonomy":"category","embeddable":true,"href":"https:\/\/www.rassegnastampa-totustuus.it\/cattolica\/wp-json\/wp\/v2\/categories?post=2251"},{"taxonomy":"post_tag","embeddable":true,"href":"https:\/\/www.rassegnastampa-totustuus.it\/cattolica\/wp-json\/wp\/v2\/tags?post=2251"}],"curies":[{"name":"wp","href":"https:\/\/api.w.org\/{rel}","templated":true}]}}