{"id":22507,"date":"2015-04-09T00:00:38","date_gmt":"2015-04-08T22:00:38","guid":{"rendered":"http:\/\/www.rassegnastampa-totustuus.it\/cattolica\/?p=22507"},"modified":"2015-04-07T09:29:00","modified_gmt":"2015-04-07T07:29:00","slug":"come-si-vede-il-ddl-cirinna-allestero","status":"publish","type":"post","link":"https:\/\/www.rassegnastampa-totustuus.it\/cattolica\/come-si-vede-il-ddl-cirinna-allestero\/","title":{"rendered":"Come si vede il ddl Cirinn\u00e0 all\u2019estero"},"content":{"rendered":"<p style=\"text-align: center;\"><strong><a href=\"https:\/\/www.rassegnastampa-totustuus.it\/cattolica\/wp-content\/uploads\/2015\/04\/Cirinn\u00e0.jpg\"><img loading=\"lazy\" decoding=\"async\" class=\"alignleft wp-image-22508\" src=\"https:\/\/www.rassegnastampa-totustuus.it\/cattolica\/wp-content\/uploads\/2015\/04\/Cirinn\u00e0-300x160.jpg\" alt=\"Cirinn\u00e0\" width=\"250\" height=\"134\" srcset=\"https:\/\/www.rassegnastampa-totustuus.it\/cattolica\/wp-content\/uploads\/2015\/04\/Cirinn\u00e0-300x160.jpg 300w, https:\/\/www.rassegnastampa-totustuus.it\/cattolica\/wp-content\/uploads\/2015\/04\/Cirinn\u00e0.jpg 307w\" sizes=\"auto, (max-width: 250px) 100vw, 250px\" \/><\/a>Formiche.net<\/strong> 4 aprile 2015<\/p>\n<p style=\"text-align: center;\">di <strong>Giuseppe Brienza<\/strong><\/p>\n<p style=\"text-align: justify;\">L\u2019eco della disgraziata approvazione nei giorni scorsi del nuovo testo \u201cunificato\u201d sulle unioni civili a firma dalla senatrice Cirinn\u00e0 \u00e8 giunta anche negli Stati Uniti. Al voto favorevole della Commissione Giustizia del Senato sul DDL, che rischia di aprire le porte dell\u2019ordinamento giuridico ad un modello di regolazione delle unioni omosessuali sostanzialmente equiparato al regime del matrimonio, \u00e8 stato dato grande risalto dal portale anglosassone\u00a0<em style=\"font-weight: inherit;\">LifeSiteNews<\/em>, molto diffuso negli Stati Uniti, Canada e Gran Bretagna.<\/p>\n<p style=\"text-align: justify;\"><!--more--><\/p>\n<p style=\"text-align: justify;\">Mercoled\u00ec scorso, infatti, \u00e8 apparso in grande evidenza sulla testata un commento della corrispondente a Roma Hillary White, intitolato\u00a0<em style=\"font-weight: inherit;\">I vescovi italiani accusano: il progetto di legge sulle Unioni civili \u00e8 una forzatura ideologica che porter\u00e0 alla teoria gender <\/em>(<em style=\"font-weight: inherit;\">Italy\u2019s civil unions bill will mean \u201cideological enforcement\u201d of \u201cgender theory\u201d: Bishops<\/em>, in <em>LifeSiteNews<\/em>, 1\u00b0 aprile 2015).<\/p>\n<p style=\"text-align: justify;\">Riportando ampi stralci delle dichiarazioni del segretario generale della Cei monsignor Nunzio Galantino, secondo le quali il DDL Cirinn\u00e0 costituisce \u00ab<em style=\"font-weight: inherit;\">un uso improprio e ideologico dello strumento giuridico<\/em>\u00bb, \u00ab<em style=\"font-weight: inherit;\">confondendo il doveroso rispetto dei diritti con una forzatura<\/em>\u00bb, il portale <em>pro life<\/em> ha definito l\u2019intervento del vescovo una positiva novit\u00e0. \u00ab<em style=\"font-weight: inherit;\">L\u2019allarme contro l\u2019introduzione della teoria gender nella legislazione italiana \u00e8 venuto come una sorpresa da parte di Galantino <\/em>&#8211; ha commentato Hillary White &#8211;<em style=\"font-weight: inherit;\">, il quale finora non \u00e8 apparso uno strenuo difensore del modello tradizionale di famiglia e dei suoi valori. Nell\u2019ottobre dello scorso anno Galantino accus\u00f2 ad esempio apertamente la Chiesa Cattolica di dare adito al suo interno a comportamenti discriminatori nei confronti delle \u201ccoppie non convenzionali\u201d<\/em>\u00bb.<\/p>\n<p style=\"text-align: justify;\">Monica Cirinn\u00e0, la senatrice democratica prima firmataria del DDL pro-unioni omosessuali, ha inteso invece in senso molto duro le critiche del segretario generale della Cei, cui ha risposto un po\u2019 a sproposito: \u00ab<em style=\"font-weight: inherit;\">Il Pd va avanti: la legge sulle unioni civili \u00e8 un impegno preso con i nostri elettori ed \u00e8 un riconoscimento di diritti che la Consulta ci chiede con estrema sollecitudine. Rispetto le posizioni della Cei, ma io mi occupo di leggi e diritti, semmai di reati. Non di peccati<\/em>\u00bb.<\/p>\n<p style=\"text-align: justify;\">In una successiva intervista la Cirinn\u00e0 ha quindi definito il suo innaturale e socialmente devastante progetto, \u00ab<em style=\"font-weight: inherit;\">un disegno di legge molto importante che incarna anni di lotte per l\u2019uguaglianza e l\u2019affermazione dei diritti civili; mai nella storia del nostro Paese una proposta sui diritti delle famiglie e delle coppie dello stesso sesso \u00e8 arrivata a questo punto del dibattito parlamentare<\/em>\u00bb (Federico Quadrelli, <em>Reportage #GenderSensivity: intervista con la Sen. Monica Cirinn\u00e0<\/em>, in <em>Formiche.net<\/em>, 2 aprile 2015).<\/p>\n<p style=\"text-align: justify;\">Il passaggio storico che, due anni fa, \u00e8 riuscito ad imporre anche in Italia l\u2019agenda del <em>gender<\/em>, quell\u2019<em style=\"font-weight: inherit;\">errore della mente umana<\/em> di cui ha parlato Papa Francesco, \u00e8 stata secondo <em>LifeSiteNews <\/em>la \u201cCampagna d\u2019Azione contro il Razzismo\u201d promossa dall\u2019UNAR, l\u2019<em style=\"font-weight: inherit;\">Ufficio Nazionale Antidiscriminazioni Razziali<\/em> finanziato dalla Presidenza del Consiglio dei Ministri. \u00ab<em style=\"font-weight: inherit;\">L\u2019Italia \u00e8 stata per lo pi\u00f9 immune ai tentativi dello schieramento omosessualista internazionale e dei lobbisti \u201cgender\u201d <\/em>&#8211; ha scritto la White nel suo editoriale \u2013 <em>fino a circa due anni fa. Fino, cio\u00e8, al 2013, quando le notizie dapprima locali, poi nazionali, di genitori costretti a scontrarsi con le autorit\u00e0 scolastiche per impedire l\u2019inserimento nei curriculum di studio dei loro figli dei progetti di educazione \u201canti-razzista\u201d approvati dell\u2019Ufficio Nazionale Antidiscriminazioni Razziali<\/em> <em>(UNAR), una articolazione del Ministero per la Pari Opportunit\u00e0, sono balzati alle cronache<\/em>\u00bb.<\/p>\n<p style=\"text-align: justify;\">Anche Oltreoceano, quindi, si stanno comprendendo bene sia le origini sia i disastrosi effetti che si avranno sui bambini e sulle adozioni se, il cedimento all\u2019ideologia <em>gender<\/em>, si avr\u00e0 in un Paese finora intoccabile come l\u2019Italia. L\u2019affermarsi di un processo globale di snaturamento dell\u2019istituto matrimoniale, che porter\u00e0 inevitabilmente con s\u00e9 il debordare del mercato degli uteri in affitto, appare allarmante e paradossale tanto pi\u00f9 se realizzato in Italia con la copertura politica di un partito, il <em>Pd<\/em>, che \u00e8 guidato ufficialmente da cattolici come Renzi e Delrio.<\/p>\n<p style=\"text-align: justify;\">Equiparare le unioni gay al matrimonio, consentendo di accedere a meccanismi di \u201cfiliazione innaturale\u201d, sta suscitando per\u00f2, per fortuna, la mobilitazione di tutte le forze, anche internazionali, pro life &amp; family, soprattutto dei giovani, dell\u2019associazionismo e delle chiese. Anche <em>La Croce<\/em> va sostenuto per continuare a promuovere un\u2019opposizione durissima alle <em>lobbies <\/em>faziose che, in nome di minoranze assolute di cittadini, pretendono di scardinare la famiglia e quelli che sono stati fino al Sessantotto i valori fondamentali della societ\u00e0 occidentale.<\/p>\n","protected":false},"excerpt":{"rendered":"<p>Formiche.net 4 aprile 2015 di Giuseppe Brienza L\u2019eco della disgraziata approvazione nei giorni scorsi del nuovo testo \u201cunificato\u201d sulle unioni civili a firma dalla senatrice Cirinn\u00e0 \u00e8 giunta anche negli Stati Uniti. Al voto favorevole della Commissione Giustizia del Senato sul DDL, che rischia di aprire le porte dell\u2019ordinamento giuridico ad un modello di regolazione &hellip; <\/p>\n<p><a class=\"more-link btn\" href=\"https:\/\/www.rassegnastampa-totustuus.it\/cattolica\/come-si-vede-il-ddl-cirinna-allestero\/\">Continua a leggere<\/a><\/p>\n","protected":false},"author":6,"featured_media":22508,"comment_status":"closed","ping_status":"closed","sticky":false,"template":"","format":"standard","meta":{"footnotes":""},"categories":[15,125,48],"tags":[415,196],"class_list":["post-22507","post","type-post","status-publish","format-standard","has-post-thumbnail","hentry","category-famiglia","category-ideologia-del-gender","category-omosessualit","tag-matrimonio-gay","tag-unioni-civili","item-wrap"],"yoast_head":"<!-- This site is optimized with the Yoast SEO plugin v27.5 - https:\/\/yoast.com\/product\/yoast-seo-wordpress\/ -->\n<title>Come si vede il ddl Cirinn\u00e0 all\u2019estero - Rassegna Stampa Cattolica<\/title>\n<meta name=\"description\" content=\"Rassegna Stampa Cattolica - Per una cultura che nasce dalla Rivelazione cristiana in conformit\u00e0 alla tradizione e al Magistero della Chiesa in opposizione ad ogni relativismo e totalitarismo\" \/>\n<meta name=\"robots\" content=\"index, follow, max-snippet:-1, max-image-preview:large, max-video-preview:-1\" \/>\n<link rel=\"canonical\" href=\"https:\/\/www.rassegnastampa-totustuus.it\/cattolica\/come-si-vede-il-ddl-cirinna-allestero\/\" \/>\n<meta property=\"og:locale\" content=\"it_IT\" \/>\n<meta property=\"og:type\" content=\"article\" \/>\n<meta property=\"og:title\" content=\"Come si vede il ddl Cirinn\u00e0 all\u2019estero - Rassegna Stampa Cattolica\" \/>\n<meta property=\"og:description\" content=\"Rassegna Stampa Cattolica - Per una cultura che nasce dalla Rivelazione cristiana in conformit\u00e0 alla tradizione e al Magistero della Chiesa in opposizione ad ogni relativismo e totalitarismo\" \/>\n<meta property=\"og:url\" content=\"https:\/\/www.rassegnastampa-totustuus.it\/cattolica\/come-si-vede-il-ddl-cirinna-allestero\/\" \/>\n<meta property=\"og:site_name\" content=\"Rassegna Stampa Cattolica\" \/>\n<meta property=\"article:publisher\" content=\"https:\/\/www.facebook.com\/rassegnastampacattolica\" \/>\n<meta property=\"article:published_time\" content=\"2015-04-08T22:00:38+00:00\" \/>\n<meta property=\"og:image\" content=\"https:\/\/www.rassegnastampa-totustuus.it\/cattolica\/wp-content\/uploads\/2015\/04\/Cirinn\u00e0.jpg\" \/>\n\t<meta property=\"og:image:width\" content=\"307\" \/>\n\t<meta property=\"og:image:height\" content=\"164\" \/>\n\t<meta property=\"og:image:type\" content=\"image\/jpeg\" \/>\n<meta name=\"author\" content=\"Redazione\" \/>\n<meta name=\"twitter:card\" content=\"summary_large_image\" \/>\n<meta name=\"twitter:creator\" content=\"@rassegnastampa9\" \/>\n<meta name=\"twitter:site\" content=\"@rassegnastampa9\" \/>\n<meta name=\"twitter:label1\" content=\"Scritto da\" \/>\n\t<meta name=\"twitter:data1\" content=\"Redazione\" \/>\n\t<meta name=\"twitter:label2\" content=\"Tempo di lettura stimato\" \/>\n\t<meta name=\"twitter:data2\" content=\"4 minuti\" \/>\n<script type=\"application\/ld+json\" class=\"yoast-schema-graph\">{\"@context\":\"https:\\\/\\\/schema.org\",\"@graph\":[{\"@type\":\"Article\",\"@id\":\"https:\\\/\\\/www.rassegnastampa-totustuus.it\\\/cattolica\\\/come-si-vede-il-ddl-cirinna-allestero\\\/#article\",\"isPartOf\":{\"@id\":\"https:\\\/\\\/www.rassegnastampa-totustuus.it\\\/cattolica\\\/come-si-vede-il-ddl-cirinna-allestero\\\/\"},\"author\":{\"name\":\"Redazione\",\"@id\":\"https:\\\/\\\/www.rassegnastampa-totustuus.it\\\/cattolica\\\/#\\\/schema\\\/person\\\/08f319d2bd1a0904ad9e2bfb7b15e5c3\"},\"headline\":\"Come si vede il ddl Cirinn\u00e0 all\u2019estero\",\"datePublished\":\"2015-04-08T22:00:38+00:00\",\"mainEntityOfPage\":{\"@id\":\"https:\\\/\\\/www.rassegnastampa-totustuus.it\\\/cattolica\\\/come-si-vede-il-ddl-cirinna-allestero\\\/\"},\"wordCount\":726,\"publisher\":{\"@id\":\"https:\\\/\\\/www.rassegnastampa-totustuus.it\\\/cattolica\\\/#organization\"},\"image\":{\"@id\":\"https:\\\/\\\/www.rassegnastampa-totustuus.it\\\/cattolica\\\/come-si-vede-il-ddl-cirinna-allestero\\\/#primaryimage\"},\"thumbnailUrl\":\"https:\\\/\\\/www.rassegnastampa-totustuus.it\\\/cattolica\\\/wp-content\\\/uploads\\\/2015\\\/04\\\/Cirinn\u00e0.jpg\",\"keywords\":[\"matrimonio gay\",\"unioni civili\"],\"articleSection\":[\"Famiglia\",\"Ideologia del gender\",\"Omosessualit&agrave;\"],\"inLanguage\":\"it-IT\"},{\"@type\":\"WebPage\",\"@id\":\"https:\\\/\\\/www.rassegnastampa-totustuus.it\\\/cattolica\\\/come-si-vede-il-ddl-cirinna-allestero\\\/\",\"url\":\"https:\\\/\\\/www.rassegnastampa-totustuus.it\\\/cattolica\\\/come-si-vede-il-ddl-cirinna-allestero\\\/\",\"name\":\"Come si vede il ddl Cirinn\u00e0 all\u2019estero - Rassegna Stampa Cattolica\",\"isPartOf\":{\"@id\":\"https:\\\/\\\/www.rassegnastampa-totustuus.it\\\/cattolica\\\/#website\"},\"primaryImageOfPage\":{\"@id\":\"https:\\\/\\\/www.rassegnastampa-totustuus.it\\\/cattolica\\\/come-si-vede-il-ddl-cirinna-allestero\\\/#primaryimage\"},\"image\":{\"@id\":\"https:\\\/\\\/www.rassegnastampa-totustuus.it\\\/cattolica\\\/come-si-vede-il-ddl-cirinna-allestero\\\/#primaryimage\"},\"thumbnailUrl\":\"https:\\\/\\\/www.rassegnastampa-totustuus.it\\\/cattolica\\\/wp-content\\\/uploads\\\/2015\\\/04\\\/Cirinn\u00e0.jpg\",\"datePublished\":\"2015-04-08T22:00:38+00:00\",\"description\":\"Rassegna Stampa Cattolica - Per una cultura che nasce dalla Rivelazione cristiana in conformit\u00e0 alla tradizione e al Magistero della Chiesa in opposizione ad ogni relativismo e totalitarismo\",\"breadcrumb\":{\"@id\":\"https:\\\/\\\/www.rassegnastampa-totustuus.it\\\/cattolica\\\/come-si-vede-il-ddl-cirinna-allestero\\\/#breadcrumb\"},\"inLanguage\":\"it-IT\",\"potentialAction\":[{\"@type\":\"ReadAction\",\"target\":[\"https:\\\/\\\/www.rassegnastampa-totustuus.it\\\/cattolica\\\/come-si-vede-il-ddl-cirinna-allestero\\\/\"]}]},{\"@type\":\"ImageObject\",\"inLanguage\":\"it-IT\",\"@id\":\"https:\\\/\\\/www.rassegnastampa-totustuus.it\\\/cattolica\\\/come-si-vede-il-ddl-cirinna-allestero\\\/#primaryimage\",\"url\":\"https:\\\/\\\/www.rassegnastampa-totustuus.it\\\/cattolica\\\/wp-content\\\/uploads\\\/2015\\\/04\\\/Cirinn\u00e0.jpg\",\"contentUrl\":\"https:\\\/\\\/www.rassegnastampa-totustuus.it\\\/cattolica\\\/wp-content\\\/uploads\\\/2015\\\/04\\\/Cirinn\u00e0.jpg\",\"width\":307,\"height\":164},{\"@type\":\"BreadcrumbList\",\"@id\":\"https:\\\/\\\/www.rassegnastampa-totustuus.it\\\/cattolica\\\/come-si-vede-il-ddl-cirinna-allestero\\\/#breadcrumb\",\"itemListElement\":[{\"@type\":\"ListItem\",\"position\":1,\"name\":\"Home\",\"item\":\"https:\\\/\\\/www.rassegnastampa-totustuus.it\\\/cattolica\\\/\"},{\"@type\":\"ListItem\",\"position\":2,\"name\":\"Come si vede il ddl Cirinn\u00e0 all\u2019estero\"}]},{\"@type\":\"WebSite\",\"@id\":\"https:\\\/\\\/www.rassegnastampa-totustuus.it\\\/cattolica\\\/#website\",\"url\":\"https:\\\/\\\/www.rassegnastampa-totustuus.it\\\/cattolica\\\/\",\"name\":\"Rassegna Stampa Cattolica\",\"description\":\"Per una cultura che nasce dalla Rivelazione cristiana in conformit\u00e0 alla tradizione e al Magistero della Chiesa in opposizione ad ogni relativismo e totalitarismo\",\"publisher\":{\"@id\":\"https:\\\/\\\/www.rassegnastampa-totustuus.it\\\/cattolica\\\/#organization\"},\"alternateName\":\"Rass. Cattolica\",\"potentialAction\":[{\"@type\":\"SearchAction\",\"target\":{\"@type\":\"EntryPoint\",\"urlTemplate\":\"https:\\\/\\\/www.rassegnastampa-totustuus.it\\\/cattolica\\\/?s={search_term_string}\"},\"query-input\":{\"@type\":\"PropertyValueSpecification\",\"valueRequired\":true,\"valueName\":\"search_term_string\"}}],\"inLanguage\":\"it-IT\"},{\"@type\":\"Organization\",\"@id\":\"https:\\\/\\\/www.rassegnastampa-totustuus.it\\\/cattolica\\\/#organization\",\"name\":\"Rassegna Stampa Cattolica\",\"url\":\"https:\\\/\\\/www.rassegnastampa-totustuus.it\\\/cattolica\\\/\",\"logo\":{\"@type\":\"ImageObject\",\"inLanguage\":\"it-IT\",\"@id\":\"https:\\\/\\\/www.rassegnastampa-totustuus.it\\\/cattolica\\\/#\\\/schema\\\/logo\\\/image\\\/\",\"url\":\"https:\\\/\\\/www.rassegnastampa-totustuus.it\\\/cattolica\\\/wp-content\\\/uploads\\\/2014\\\/04\\\/logo-rassegna1.gif\",\"contentUrl\":\"https:\\\/\\\/www.rassegnastampa-totustuus.it\\\/cattolica\\\/wp-content\\\/uploads\\\/2014\\\/04\\\/logo-rassegna1.gif\",\"width\":600,\"height\":163,\"caption\":\"Rassegna Stampa Cattolica\"},\"image\":{\"@id\":\"https:\\\/\\\/www.rassegnastampa-totustuus.it\\\/cattolica\\\/#\\\/schema\\\/logo\\\/image\\\/\"},\"sameAs\":[\"https:\\\/\\\/www.facebook.com\\\/rassegnastampacattolica\",\"https:\\\/\\\/x.com\\\/rassegnastampa9\"]},{\"@type\":\"Person\",\"@id\":\"https:\\\/\\\/www.rassegnastampa-totustuus.it\\\/cattolica\\\/#\\\/schema\\\/person\\\/08f319d2bd1a0904ad9e2bfb7b15e5c3\",\"name\":\"Redazione\",\"image\":{\"@type\":\"ImageObject\",\"inLanguage\":\"it-IT\",\"@id\":\"https:\\\/\\\/secure.gravatar.com\\\/avatar\\\/2fcdf27c78ea025fbdb44e914cc63c72249ffec9dc8aafd5c82b26240ef3f346?s=96&d=mm&r=g\",\"url\":\"https:\\\/\\\/secure.gravatar.com\\\/avatar\\\/2fcdf27c78ea025fbdb44e914cc63c72249ffec9dc8aafd5c82b26240ef3f346?s=96&d=mm&r=g\",\"contentUrl\":\"https:\\\/\\\/secure.gravatar.com\\\/avatar\\\/2fcdf27c78ea025fbdb44e914cc63c72249ffec9dc8aafd5c82b26240ef3f346?s=96&d=mm&r=g\",\"caption\":\"Redazione\"},\"url\":\"https:\\\/\\\/www.rassegnastampa-totustuus.it\\\/cattolica\\\/author\\\/pietroelle\\\/\"}]}<\/script>\n<!-- \/ Yoast SEO plugin. -->","yoast_head_json":{"title":"Come si vede il ddl Cirinn\u00e0 all\u2019estero - Rassegna Stampa Cattolica","description":"Rassegna Stampa Cattolica - Per una cultura che nasce dalla Rivelazione cristiana in conformit\u00e0 alla tradizione e al Magistero della Chiesa in opposizione ad ogni relativismo e totalitarismo","robots":{"index":"index","follow":"follow","max-snippet":"max-snippet:-1","max-image-preview":"max-image-preview:large","max-video-preview":"max-video-preview:-1"},"canonical":"https:\/\/www.rassegnastampa-totustuus.it\/cattolica\/come-si-vede-il-ddl-cirinna-allestero\/","og_locale":"it_IT","og_type":"article","og_title":"Come si vede il ddl Cirinn\u00e0 all\u2019estero - Rassegna Stampa Cattolica","og_description":"Rassegna Stampa Cattolica - Per una cultura che nasce dalla Rivelazione cristiana in conformit\u00e0 alla tradizione e al Magistero della Chiesa in opposizione ad ogni relativismo e totalitarismo","og_url":"https:\/\/www.rassegnastampa-totustuus.it\/cattolica\/come-si-vede-il-ddl-cirinna-allestero\/","og_site_name":"Rassegna Stampa Cattolica","article_publisher":"https:\/\/www.facebook.com\/rassegnastampacattolica","article_published_time":"2015-04-08T22:00:38+00:00","og_image":[{"width":307,"height":164,"url":"https:\/\/www.rassegnastampa-totustuus.it\/cattolica\/wp-content\/uploads\/2015\/04\/Cirinn\u00e0.jpg","type":"image\/jpeg"}],"author":"Redazione","twitter_card":"summary_large_image","twitter_creator":"@rassegnastampa9","twitter_site":"@rassegnastampa9","twitter_misc":{"Scritto da":"Redazione","Tempo di lettura stimato":"4 minuti"},"schema":{"@context":"https:\/\/schema.org","@graph":[{"@type":"Article","@id":"https:\/\/www.rassegnastampa-totustuus.it\/cattolica\/come-si-vede-il-ddl-cirinna-allestero\/#article","isPartOf":{"@id":"https:\/\/www.rassegnastampa-totustuus.it\/cattolica\/come-si-vede-il-ddl-cirinna-allestero\/"},"author":{"name":"Redazione","@id":"https:\/\/www.rassegnastampa-totustuus.it\/cattolica\/#\/schema\/person\/08f319d2bd1a0904ad9e2bfb7b15e5c3"},"headline":"Come si vede il ddl Cirinn\u00e0 all\u2019estero","datePublished":"2015-04-08T22:00:38+00:00","mainEntityOfPage":{"@id":"https:\/\/www.rassegnastampa-totustuus.it\/cattolica\/come-si-vede-il-ddl-cirinna-allestero\/"},"wordCount":726,"publisher":{"@id":"https:\/\/www.rassegnastampa-totustuus.it\/cattolica\/#organization"},"image":{"@id":"https:\/\/www.rassegnastampa-totustuus.it\/cattolica\/come-si-vede-il-ddl-cirinna-allestero\/#primaryimage"},"thumbnailUrl":"https:\/\/www.rassegnastampa-totustuus.it\/cattolica\/wp-content\/uploads\/2015\/04\/Cirinn\u00e0.jpg","keywords":["matrimonio gay","unioni civili"],"articleSection":["Famiglia","Ideologia del gender","Omosessualit&agrave;"],"inLanguage":"it-IT"},{"@type":"WebPage","@id":"https:\/\/www.rassegnastampa-totustuus.it\/cattolica\/come-si-vede-il-ddl-cirinna-allestero\/","url":"https:\/\/www.rassegnastampa-totustuus.it\/cattolica\/come-si-vede-il-ddl-cirinna-allestero\/","name":"Come si vede il ddl Cirinn\u00e0 all\u2019estero - Rassegna Stampa Cattolica","isPartOf":{"@id":"https:\/\/www.rassegnastampa-totustuus.it\/cattolica\/#website"},"primaryImageOfPage":{"@id":"https:\/\/www.rassegnastampa-totustuus.it\/cattolica\/come-si-vede-il-ddl-cirinna-allestero\/#primaryimage"},"image":{"@id":"https:\/\/www.rassegnastampa-totustuus.it\/cattolica\/come-si-vede-il-ddl-cirinna-allestero\/#primaryimage"},"thumbnailUrl":"https:\/\/www.rassegnastampa-totustuus.it\/cattolica\/wp-content\/uploads\/2015\/04\/Cirinn\u00e0.jpg","datePublished":"2015-04-08T22:00:38+00:00","description":"Rassegna Stampa Cattolica - Per una cultura che nasce dalla Rivelazione cristiana in conformit\u00e0 alla tradizione e al Magistero della Chiesa in opposizione ad ogni relativismo e totalitarismo","breadcrumb":{"@id":"https:\/\/www.rassegnastampa-totustuus.it\/cattolica\/come-si-vede-il-ddl-cirinna-allestero\/#breadcrumb"},"inLanguage":"it-IT","potentialAction":[{"@type":"ReadAction","target":["https:\/\/www.rassegnastampa-totustuus.it\/cattolica\/come-si-vede-il-ddl-cirinna-allestero\/"]}]},{"@type":"ImageObject","inLanguage":"it-IT","@id":"https:\/\/www.rassegnastampa-totustuus.it\/cattolica\/come-si-vede-il-ddl-cirinna-allestero\/#primaryimage","url":"https:\/\/www.rassegnastampa-totustuus.it\/cattolica\/wp-content\/uploads\/2015\/04\/Cirinn\u00e0.jpg","contentUrl":"https:\/\/www.rassegnastampa-totustuus.it\/cattolica\/wp-content\/uploads\/2015\/04\/Cirinn\u00e0.jpg","width":307,"height":164},{"@type":"BreadcrumbList","@id":"https:\/\/www.rassegnastampa-totustuus.it\/cattolica\/come-si-vede-il-ddl-cirinna-allestero\/#breadcrumb","itemListElement":[{"@type":"ListItem","position":1,"name":"Home","item":"https:\/\/www.rassegnastampa-totustuus.it\/cattolica\/"},{"@type":"ListItem","position":2,"name":"Come si vede il ddl Cirinn\u00e0 all\u2019estero"}]},{"@type":"WebSite","@id":"https:\/\/www.rassegnastampa-totustuus.it\/cattolica\/#website","url":"https:\/\/www.rassegnastampa-totustuus.it\/cattolica\/","name":"Rassegna Stampa Cattolica","description":"Per una cultura che nasce dalla Rivelazione cristiana in conformit\u00e0 alla tradizione e al Magistero della Chiesa in opposizione ad ogni relativismo e totalitarismo","publisher":{"@id":"https:\/\/www.rassegnastampa-totustuus.it\/cattolica\/#organization"},"alternateName":"Rass. Cattolica","potentialAction":[{"@type":"SearchAction","target":{"@type":"EntryPoint","urlTemplate":"https:\/\/www.rassegnastampa-totustuus.it\/cattolica\/?s={search_term_string}"},"query-input":{"@type":"PropertyValueSpecification","valueRequired":true,"valueName":"search_term_string"}}],"inLanguage":"it-IT"},{"@type":"Organization","@id":"https:\/\/www.rassegnastampa-totustuus.it\/cattolica\/#organization","name":"Rassegna Stampa Cattolica","url":"https:\/\/www.rassegnastampa-totustuus.it\/cattolica\/","logo":{"@type":"ImageObject","inLanguage":"it-IT","@id":"https:\/\/www.rassegnastampa-totustuus.it\/cattolica\/#\/schema\/logo\/image\/","url":"https:\/\/www.rassegnastampa-totustuus.it\/cattolica\/wp-content\/uploads\/2014\/04\/logo-rassegna1.gif","contentUrl":"https:\/\/www.rassegnastampa-totustuus.it\/cattolica\/wp-content\/uploads\/2014\/04\/logo-rassegna1.gif","width":600,"height":163,"caption":"Rassegna Stampa Cattolica"},"image":{"@id":"https:\/\/www.rassegnastampa-totustuus.it\/cattolica\/#\/schema\/logo\/image\/"},"sameAs":["https:\/\/www.facebook.com\/rassegnastampacattolica","https:\/\/x.com\/rassegnastampa9"]},{"@type":"Person","@id":"https:\/\/www.rassegnastampa-totustuus.it\/cattolica\/#\/schema\/person\/08f319d2bd1a0904ad9e2bfb7b15e5c3","name":"Redazione","image":{"@type":"ImageObject","inLanguage":"it-IT","@id":"https:\/\/secure.gravatar.com\/avatar\/2fcdf27c78ea025fbdb44e914cc63c72249ffec9dc8aafd5c82b26240ef3f346?s=96&d=mm&r=g","url":"https:\/\/secure.gravatar.com\/avatar\/2fcdf27c78ea025fbdb44e914cc63c72249ffec9dc8aafd5c82b26240ef3f346?s=96&d=mm&r=g","contentUrl":"https:\/\/secure.gravatar.com\/avatar\/2fcdf27c78ea025fbdb44e914cc63c72249ffec9dc8aafd5c82b26240ef3f346?s=96&d=mm&r=g","caption":"Redazione"},"url":"https:\/\/www.rassegnastampa-totustuus.it\/cattolica\/author\/pietroelle\/"}]}},"_links":{"self":[{"href":"https:\/\/www.rassegnastampa-totustuus.it\/cattolica\/wp-json\/wp\/v2\/posts\/22507","targetHints":{"allow":["GET"]}}],"collection":[{"href":"https:\/\/www.rassegnastampa-totustuus.it\/cattolica\/wp-json\/wp\/v2\/posts"}],"about":[{"href":"https:\/\/www.rassegnastampa-totustuus.it\/cattolica\/wp-json\/wp\/v2\/types\/post"}],"author":[{"embeddable":true,"href":"https:\/\/www.rassegnastampa-totustuus.it\/cattolica\/wp-json\/wp\/v2\/users\/6"}],"replies":[{"embeddable":true,"href":"https:\/\/www.rassegnastampa-totustuus.it\/cattolica\/wp-json\/wp\/v2\/comments?post=22507"}],"version-history":[{"count":1,"href":"https:\/\/www.rassegnastampa-totustuus.it\/cattolica\/wp-json\/wp\/v2\/posts\/22507\/revisions"}],"predecessor-version":[{"id":22509,"href":"https:\/\/www.rassegnastampa-totustuus.it\/cattolica\/wp-json\/wp\/v2\/posts\/22507\/revisions\/22509"}],"wp:featuredmedia":[{"embeddable":true,"href":"https:\/\/www.rassegnastampa-totustuus.it\/cattolica\/wp-json\/wp\/v2\/media\/22508"}],"wp:attachment":[{"href":"https:\/\/www.rassegnastampa-totustuus.it\/cattolica\/wp-json\/wp\/v2\/media?parent=22507"}],"wp:term":[{"taxonomy":"category","embeddable":true,"href":"https:\/\/www.rassegnastampa-totustuus.it\/cattolica\/wp-json\/wp\/v2\/categories?post=22507"},{"taxonomy":"post_tag","embeddable":true,"href":"https:\/\/www.rassegnastampa-totustuus.it\/cattolica\/wp-json\/wp\/v2\/tags?post=22507"}],"curies":[{"name":"wp","href":"https:\/\/api.w.org\/{rel}","templated":true}]}}