{"id":2249,"date":"2006-10-05T00:00:00","date_gmt":"2006-10-04T22:00:00","guid":{"rendered":""},"modified":"2016-06-21T10:12:44","modified_gmt":"2016-06-21T08:12:44","slug":"l11-settembre-in-cui-cadde-lislam","status":"publish","type":"post","link":"https:\/\/www.rassegnastampa-totustuus.it\/cattolica\/l11-settembre-in-cui-cadde-lislam\/","title":{"rendered":"L&#8217;11 settembre in cui cadde l&#8217;Islam"},"content":{"rendered":"<div style=\"text-align: center;\"><strong><img loading=\"lazy\" decoding=\"async\" class=\"alignleft wp-image-35172\" src=\"https:\/\/www.rassegnastampa-totustuus.it\/cattolica\/wp-content\/uploads\/2006\/10\/vienna_1683.jpg\" alt=\"vienna_1683\" width=\"250\" height=\"166\" \/>Il Giornale<\/strong> 26 settembre 2006<\/div>\n<p style=\"text-align: justify;\"><em>La Storia si muove per grandi sinusoidi. Le \u00abonde lunghe della Storia\u00bb. L&#8217;undici settembre 1683 rappresenta il punto pi\u00f9 alto di penetrazione musulmana in Occidente. Da quell&#8217;anno, l&#8217;onda lunga dell&#8217;Islam ha iniziato la sua lenta, inarrestabile discesa. Oggi, la curva dell&#8217;Islam ha ripreso a salire. L&#8217;Islam ha ripreso la sua marcia verso Occidente. Non capire tutto questo significa non capire la Storia.<\/em><\/p>\n<p style=\"text-align: center;\"><strong>Renzo Martinelli<\/strong><br \/>\n(regista del film Il mercante di pietre)<\/p>\n<p><!--more--><\/p>\n<div style=\"text-align: justify;\">Voglio raccontarvi un altro undici settembre. Un undici settembre che questa Europa stanca e rassegnata ha completamente rimosso. L&#8217;undici settembre che vi racconto \u00e8 quello del 1683. Voglio raccontarvelo perch\u00e9 \u00e8 una pagina di storia che \u00e8 ormai diventata materiale drammaturgico, si \u00e8 trasformata in una sceneggiatura e, con l&#8217;aiuto di Dio, diventer\u00e0 un film. Forse il prossimo anno. Forse quello successivo. Ma lo diventer\u00e0.<\/div>\n<p style=\"text-align: justify;\">Nella primavera di quel 1683, un esercito di trecentomila musulmani comandati da Kar\u00e0 Mustaf\u00e0 parte da Istanbul e muove verso Occidente. Un esercito poderoso. Il pi\u00f9 potente che l&#8217;Europa abbia mai visto. Una impressionante massa di uomini e cavalli e cammelli e carri. Devastano villaggi. Razziano tutto ci\u00f2 che pu\u00f2 essere mangiato. Rapiscono centinaia di donne per placare gli appetiti sessuali di migliaia di soldati costretti a marce di venti, trenta chilometri al giorno.<\/p>\n<p style=\"text-align: justify;\">L&#8217;obiettivo dichiarato di Maometto IV \u00e8 quello di conquistare Vienna e scendere con le sue armate fino a Roma. E, una volta l\u00ec, trasformare la basilica di San Pietro in una moschea. Esattamente come i suoi antenati avevano fatto, anni prima, con la stupenda, inimitabile basilica di Santa Sofia a Costantinopoli. La \u00abMela d&#8217;Oro\u00bb, cos\u00ec il mondo musulmano chiamava Vienna. Esattamente come noi, oggi, chiamiamo New York la \u00abGrande Mela\u00bb. \u00c8 il cuore dell&#8217;Europa che deve essere conquistato.<\/p>\n<p style=\"text-align: justify;\">\u00c8 Vienna la porta che consente di arrivare a Roma. Al centro della cristianit\u00e0. Se questo disegno non riesce, se in quel lontano 1683 l&#8217;Europa non viene islamizzata, \u00e8 perch\u00e9 un grande italiano di nome Marco da Aviano intuisce con molto anticipo rispetto agli intellettuali del suo tempo che dopo la sconfitta di Lepanto del 7 ottobre 1571, il mondo musulmano ha risollevato la testa e sta per riprendere la sua marcia verso Occidente.<\/p>\n<p style=\"text-align: justify;\">Marco \u00e8 un sacerdote. Un frate cappuccino. Ed \u00e8 consigliere spirituale di Leopoldo I d&#8217;Asburgo. Sar\u00e0 proprio Marco da Aviano a convincere i principi cristiani in lotta tra loro che l&#8217;Europa \u00e8 in pericolo, che \u00e8 arrivato il momento di formare una Lega Santa in grado di fermare l&#8217;avanzata musulmana. A fatica raccoglie ottantamila uomini. Ottantamila cristiani contro trecentomila musulmani.<\/p>\n<p style=\"text-align: justify;\">L&#8217;undici settembre 1683 Vienna \u00e8 persa. Le cannonate dell&#8217;esercito di Kar\u00e0 Mustaf\u00e0 hanno aperto voragini nei bastioni di difesa. Le vie d&#8217;acqua sono state inquinate. Topi infetti sono stati gettati oltre le mura. La peste dilaga. L&#8217;Imperatore Leopoldo I fugge in battello lungo il Danubio e si rifugia a Linz. La sensazione diffusa a Corte \u00e8 quella di una inesorabile disfatta.<\/p>\n<p style=\"text-align: justify;\">L&#8217;undici settembre 1683 la Storia dell&#8217;Europa sta per cambiare. L&#8217;Occidente \u00e8 affacciato sul baratro di un definitivo annientamento. All&#8217;alba del 12 settembre le truppe cristiane attaccano. E, contro ogni previsione, vincono. Per la grande \u00abumma\u00bb musulmana, la sconfitta di Vienna \u00e8 una ferita lacerante. Insanabile. Il rancore, la vergogna, l&#8217;odio per essere stati battuti e dominati dai cani infedeli nasce l&#8217;undici settembre 1683.<\/p>\n<p style=\"text-align: justify;\">Tra quell&#8217;Europa e l&#8217;Europa nella quale oggi viviamo ci sono somiglianze agghiaccianti. Anche allora c&#8217;era un&#8217;Europa stanca, distrutta dalle guerre di religione, rassegnata. Un&#8217;Europa che aveva abdicato alle proprie radici cristiane. La Storia ci ha insegnato che l&#8217;Islam ha antenne molto sensibili. \u00abSente\u00bb la debolezza dell&#8217;Europa. E si muove verso Occidente. Oggi, questa nostra Europa ha completamente dimenticato quell&#8217;altro undici settembre. Ha completamente dimenticato quel suo figlio straordinario di nome Marco da Aviano.<\/p>\n<p style=\"text-align: justify;\">Fate un esperimento. Chiedete a dieci amici chi sia Marco da Aviano. Chiedete a professori universitari. A intellettuali. A politici. Nessuno vi sapr\u00e0 rispondere. Dio benedica i francesi. Dio benedica quel loro sciovinismo esasperato. Quel loro fortissimo senso di appartenenza alle radici comuni. Per anni ci hanno sfinito con Giovanna d&#8217;Arco. Hanno prodotto decine di film sulla pulzella d&#8217;Orl\u00e9ans. Eppure, se la Storia non avesse avuto Giovanna d&#8217;Arco nulla sarebbe cambiato in Europa.<\/p>\n<p style=\"text-align: justify;\">Io mi chiedo, io vi chiedo: cosa sarebbe oggi l&#8217;Europa se la Storia non avesse avuto Marco da Aviano? Per questo \u00e8 urgente realizzare un film su Marco da Aviano. Perch\u00e9 l&#8217;Europa capisca che la Storia, alla fine, presenta sempre il conto. Noi ci troviamo di fronte a una cultura enormemente pi\u00f9 forte di noi. Una immensa \u00abumma\u00bb che crede fortemente in se stessa e in ci\u00f2 che fa. Con valori profondi e condivisi.<\/p>\n<p style=\"text-align: justify;\">Tutte le civilt\u00e0, compresa la nostra, possiedono quella che io definirei \u00abuna presunzione di eternit\u00e0\u00bb. Purtroppo nessuna civilt\u00e0 \u00e8 eterna. Se questa Europa non recupera velocemente le proprie radici cristiane, se non rivendica con forza i valori fondanti della nostra civilt\u00e0, questa Europa verr\u00e0 lentamente ma inesorabilmente fagocitata. E i valori fondanti sono quelli che vengono da Cristo e sui quali occorre mantenere una intransigenza assoluta: la sacralit\u00e0 della vita, l&#8217;amore per il prossimo, la parit\u00e0 assoluta tra uomo e donna.<\/p>\n<p style=\"text-align: justify;\">Se un&#8217;altra cultura penetra nel nostro territorio e pretende diritto di cittadinanza si deve adeguare a questi valori e li deve rispettare. Altrimenti non pu\u00f2 e non deve avere cittadinanza. Un grande storico francese, Fernand Braudel, ha scritto che la Storia si muove per grandi sinusoidi. Le \u00abonde lunghe della Storia\u00bb.<\/p>\n<p style=\"text-align: justify;\">L&#8217;undici settembre 1683 rappresenta il punto pi\u00f9 alto di penetrazione musulmana in Occidente. Da quell&#8217;anno, l&#8217;onda lunga dell&#8217;Islam ha iniziato la sua lenta, inarrestabile discesa. Oggi, la curva dell&#8217;Islam ha ripreso a salire. L&#8217;Islam ha ripreso la sua marcia verso Occidente. Non capire tutto questo significa non capire la Storia.<\/p>\n","protected":false},"excerpt":{"rendered":"<p>Il Giornale 26 settembre 2006 La Storia si muove per grandi sinusoidi. Le \u00abonde lunghe della Storia\u00bb. L&#8217;undici settembre 1683 rappresenta il punto pi\u00f9 alto di penetrazione musulmana in Occidente. Da quell&#8217;anno, l&#8217;onda lunga dell&#8217;Islam ha iniziato la sua lenta, inarrestabile discesa. Oggi, la curva dell&#8217;Islam ha ripreso a salire. L&#8217;Islam ha ripreso la sua &hellip; <\/p>\n<p><a class=\"more-link btn\" href=\"https:\/\/www.rassegnastampa-totustuus.it\/cattolica\/l11-settembre-in-cui-cadde-lislam\/\">Continua a leggere<\/a><\/p>\n","protected":false},"author":6,"featured_media":35172,"comment_status":"closed","ping_status":"open","sticky":false,"template":"","format":"standard","meta":{"footnotes":""},"categories":[16],"tags":[528],"class_list":["post-2249","post","type-post","status-publish","format-standard","has-post-thumbnail","hentry","category-islam","tag-islam-storia","item-wrap"],"yoast_head":"<!-- This site is optimized with the Yoast SEO plugin v27.5 - https:\/\/yoast.com\/product\/yoast-seo-wordpress\/ -->\n<title>L&#039;11 settembre in cui cadde l&#039;Islam - Rassegna Stampa Cattolica<\/title>\n<meta name=\"description\" content=\"Rassegna Stampa Cattolica - Per una cultura che nasce dalla Rivelazione cristiana in conformit\u00e0 alla tradizione e al Magistero della Chiesa in opposizione ad ogni relativismo e totalitarismo\" \/>\n<meta name=\"robots\" content=\"index, follow, max-snippet:-1, max-image-preview:large, max-video-preview:-1\" \/>\n<link rel=\"canonical\" href=\"https:\/\/www.rassegnastampa-totustuus.it\/cattolica\/l11-settembre-in-cui-cadde-lislam\/\" \/>\n<meta property=\"og:locale\" content=\"it_IT\" \/>\n<meta property=\"og:type\" content=\"article\" \/>\n<meta property=\"og:title\" content=\"L&#039;11 settembre in cui cadde l&#039;Islam - Rassegna Stampa Cattolica\" \/>\n<meta property=\"og:description\" content=\"Rassegna Stampa Cattolica - Per una cultura che nasce dalla Rivelazione cristiana in conformit\u00e0 alla tradizione e al Magistero della Chiesa in opposizione ad ogni relativismo e totalitarismo\" \/>\n<meta property=\"og:url\" content=\"https:\/\/www.rassegnastampa-totustuus.it\/cattolica\/l11-settembre-in-cui-cadde-lislam\/\" \/>\n<meta property=\"og:site_name\" content=\"Rassegna Stampa Cattolica\" \/>\n<meta property=\"article:publisher\" content=\"https:\/\/www.facebook.com\/rassegnastampacattolica\" \/>\n<meta property=\"article:published_time\" content=\"2006-10-04T22:00:00+00:00\" \/>\n<meta property=\"article:modified_time\" content=\"2016-06-21T08:12:44+00:00\" \/>\n<meta property=\"og:image\" content=\"https:\/\/www.rassegnastampa-totustuus.it\/cattolica\/wp-content\/uploads\/2006\/10\/vienna_1683.jpg\" \/>\n\t<meta property=\"og:image:width\" content=\"276\" \/>\n\t<meta property=\"og:image:height\" content=\"183\" \/>\n\t<meta property=\"og:image:type\" content=\"image\/jpeg\" \/>\n<meta name=\"author\" content=\"Redazione\" \/>\n<meta name=\"twitter:card\" content=\"summary_large_image\" \/>\n<meta name=\"twitter:creator\" content=\"@rassegnastampa9\" \/>\n<meta name=\"twitter:site\" content=\"@rassegnastampa9\" \/>\n<meta name=\"twitter:label1\" content=\"Scritto da\" \/>\n\t<meta name=\"twitter:data1\" content=\"Redazione\" \/>\n\t<meta name=\"twitter:label2\" content=\"Tempo di lettura stimato\" \/>\n\t<meta name=\"twitter:data2\" content=\"5 minuti\" \/>\n<script type=\"application\/ld+json\" class=\"yoast-schema-graph\">{\"@context\":\"https:\\\/\\\/schema.org\",\"@graph\":[{\"@type\":\"Article\",\"@id\":\"https:\\\/\\\/www.rassegnastampa-totustuus.it\\\/cattolica\\\/l11-settembre-in-cui-cadde-lislam\\\/#article\",\"isPartOf\":{\"@id\":\"https:\\\/\\\/www.rassegnastampa-totustuus.it\\\/cattolica\\\/l11-settembre-in-cui-cadde-lislam\\\/\"},\"author\":{\"name\":\"Redazione\",\"@id\":\"https:\\\/\\\/www.rassegnastampa-totustuus.it\\\/cattolica\\\/#\\\/schema\\\/person\\\/08f319d2bd1a0904ad9e2bfb7b15e5c3\"},\"headline\":\"L&#8217;11 settembre in cui cadde l&#8217;Islam\",\"datePublished\":\"2006-10-04T22:00:00+00:00\",\"dateModified\":\"2016-06-21T08:12:44+00:00\",\"mainEntityOfPage\":{\"@id\":\"https:\\\/\\\/www.rassegnastampa-totustuus.it\\\/cattolica\\\/l11-settembre-in-cui-cadde-lislam\\\/\"},\"wordCount\":977,\"publisher\":{\"@id\":\"https:\\\/\\\/www.rassegnastampa-totustuus.it\\\/cattolica\\\/#organization\"},\"image\":{\"@id\":\"https:\\\/\\\/www.rassegnastampa-totustuus.it\\\/cattolica\\\/l11-settembre-in-cui-cadde-lislam\\\/#primaryimage\"},\"thumbnailUrl\":\"https:\\\/\\\/www.rassegnastampa-totustuus.it\\\/cattolica\\\/wp-content\\\/uploads\\\/2006\\\/10\\\/vienna_1683.jpg\",\"keywords\":[\"Islam storia\"],\"articleSection\":[\"Islam\"],\"inLanguage\":\"it-IT\"},{\"@type\":\"WebPage\",\"@id\":\"https:\\\/\\\/www.rassegnastampa-totustuus.it\\\/cattolica\\\/l11-settembre-in-cui-cadde-lislam\\\/\",\"url\":\"https:\\\/\\\/www.rassegnastampa-totustuus.it\\\/cattolica\\\/l11-settembre-in-cui-cadde-lislam\\\/\",\"name\":\"L'11 settembre in cui cadde l'Islam - Rassegna Stampa Cattolica\",\"isPartOf\":{\"@id\":\"https:\\\/\\\/www.rassegnastampa-totustuus.it\\\/cattolica\\\/#website\"},\"primaryImageOfPage\":{\"@id\":\"https:\\\/\\\/www.rassegnastampa-totustuus.it\\\/cattolica\\\/l11-settembre-in-cui-cadde-lislam\\\/#primaryimage\"},\"image\":{\"@id\":\"https:\\\/\\\/www.rassegnastampa-totustuus.it\\\/cattolica\\\/l11-settembre-in-cui-cadde-lislam\\\/#primaryimage\"},\"thumbnailUrl\":\"https:\\\/\\\/www.rassegnastampa-totustuus.it\\\/cattolica\\\/wp-content\\\/uploads\\\/2006\\\/10\\\/vienna_1683.jpg\",\"datePublished\":\"2006-10-04T22:00:00+00:00\",\"dateModified\":\"2016-06-21T08:12:44+00:00\",\"description\":\"Rassegna Stampa Cattolica - Per una cultura che nasce dalla Rivelazione cristiana in conformit\u00e0 alla tradizione e al Magistero della Chiesa in opposizione ad ogni relativismo e totalitarismo\",\"breadcrumb\":{\"@id\":\"https:\\\/\\\/www.rassegnastampa-totustuus.it\\\/cattolica\\\/l11-settembre-in-cui-cadde-lislam\\\/#breadcrumb\"},\"inLanguage\":\"it-IT\",\"potentialAction\":[{\"@type\":\"ReadAction\",\"target\":[\"https:\\\/\\\/www.rassegnastampa-totustuus.it\\\/cattolica\\\/l11-settembre-in-cui-cadde-lislam\\\/\"]}]},{\"@type\":\"ImageObject\",\"inLanguage\":\"it-IT\",\"@id\":\"https:\\\/\\\/www.rassegnastampa-totustuus.it\\\/cattolica\\\/l11-settembre-in-cui-cadde-lislam\\\/#primaryimage\",\"url\":\"https:\\\/\\\/www.rassegnastampa-totustuus.it\\\/cattolica\\\/wp-content\\\/uploads\\\/2006\\\/10\\\/vienna_1683.jpg\",\"contentUrl\":\"https:\\\/\\\/www.rassegnastampa-totustuus.it\\\/cattolica\\\/wp-content\\\/uploads\\\/2006\\\/10\\\/vienna_1683.jpg\",\"width\":276,\"height\":183},{\"@type\":\"BreadcrumbList\",\"@id\":\"https:\\\/\\\/www.rassegnastampa-totustuus.it\\\/cattolica\\\/l11-settembre-in-cui-cadde-lislam\\\/#breadcrumb\",\"itemListElement\":[{\"@type\":\"ListItem\",\"position\":1,\"name\":\"Home\",\"item\":\"https:\\\/\\\/www.rassegnastampa-totustuus.it\\\/cattolica\\\/\"},{\"@type\":\"ListItem\",\"position\":2,\"name\":\"L&#8217;11 settembre in cui cadde l&#8217;Islam\"}]},{\"@type\":\"WebSite\",\"@id\":\"https:\\\/\\\/www.rassegnastampa-totustuus.it\\\/cattolica\\\/#website\",\"url\":\"https:\\\/\\\/www.rassegnastampa-totustuus.it\\\/cattolica\\\/\",\"name\":\"Rassegna Stampa Cattolica\",\"description\":\"Per una cultura che nasce dalla Rivelazione cristiana in conformit\u00e0 alla tradizione e al Magistero della Chiesa in opposizione ad ogni relativismo e totalitarismo\",\"publisher\":{\"@id\":\"https:\\\/\\\/www.rassegnastampa-totustuus.it\\\/cattolica\\\/#organization\"},\"alternateName\":\"Rass. Cattolica\",\"potentialAction\":[{\"@type\":\"SearchAction\",\"target\":{\"@type\":\"EntryPoint\",\"urlTemplate\":\"https:\\\/\\\/www.rassegnastampa-totustuus.it\\\/cattolica\\\/?s={search_term_string}\"},\"query-input\":{\"@type\":\"PropertyValueSpecification\",\"valueRequired\":true,\"valueName\":\"search_term_string\"}}],\"inLanguage\":\"it-IT\"},{\"@type\":\"Organization\",\"@id\":\"https:\\\/\\\/www.rassegnastampa-totustuus.it\\\/cattolica\\\/#organization\",\"name\":\"Rassegna Stampa Cattolica\",\"url\":\"https:\\\/\\\/www.rassegnastampa-totustuus.it\\\/cattolica\\\/\",\"logo\":{\"@type\":\"ImageObject\",\"inLanguage\":\"it-IT\",\"@id\":\"https:\\\/\\\/www.rassegnastampa-totustuus.it\\\/cattolica\\\/#\\\/schema\\\/logo\\\/image\\\/\",\"url\":\"https:\\\/\\\/www.rassegnastampa-totustuus.it\\\/cattolica\\\/wp-content\\\/uploads\\\/2014\\\/04\\\/logo-rassegna1.gif\",\"contentUrl\":\"https:\\\/\\\/www.rassegnastampa-totustuus.it\\\/cattolica\\\/wp-content\\\/uploads\\\/2014\\\/04\\\/logo-rassegna1.gif\",\"width\":600,\"height\":163,\"caption\":\"Rassegna Stampa Cattolica\"},\"image\":{\"@id\":\"https:\\\/\\\/www.rassegnastampa-totustuus.it\\\/cattolica\\\/#\\\/schema\\\/logo\\\/image\\\/\"},\"sameAs\":[\"https:\\\/\\\/www.facebook.com\\\/rassegnastampacattolica\",\"https:\\\/\\\/x.com\\\/rassegnastampa9\"]},{\"@type\":\"Person\",\"@id\":\"https:\\\/\\\/www.rassegnastampa-totustuus.it\\\/cattolica\\\/#\\\/schema\\\/person\\\/08f319d2bd1a0904ad9e2bfb7b15e5c3\",\"name\":\"Redazione\",\"image\":{\"@type\":\"ImageObject\",\"inLanguage\":\"it-IT\",\"@id\":\"https:\\\/\\\/secure.gravatar.com\\\/avatar\\\/2fcdf27c78ea025fbdb44e914cc63c72249ffec9dc8aafd5c82b26240ef3f346?s=96&d=mm&r=g\",\"url\":\"https:\\\/\\\/secure.gravatar.com\\\/avatar\\\/2fcdf27c78ea025fbdb44e914cc63c72249ffec9dc8aafd5c82b26240ef3f346?s=96&d=mm&r=g\",\"contentUrl\":\"https:\\\/\\\/secure.gravatar.com\\\/avatar\\\/2fcdf27c78ea025fbdb44e914cc63c72249ffec9dc8aafd5c82b26240ef3f346?s=96&d=mm&r=g\",\"caption\":\"Redazione\"},\"url\":\"https:\\\/\\\/www.rassegnastampa-totustuus.it\\\/cattolica\\\/author\\\/pietroelle\\\/\"}]}<\/script>\n<!-- \/ Yoast SEO plugin. -->","yoast_head_json":{"title":"L'11 settembre in cui cadde l'Islam - Rassegna Stampa Cattolica","description":"Rassegna Stampa Cattolica - Per una cultura che nasce dalla Rivelazione cristiana in conformit\u00e0 alla tradizione e al Magistero della Chiesa in opposizione ad ogni relativismo e totalitarismo","robots":{"index":"index","follow":"follow","max-snippet":"max-snippet:-1","max-image-preview":"max-image-preview:large","max-video-preview":"max-video-preview:-1"},"canonical":"https:\/\/www.rassegnastampa-totustuus.it\/cattolica\/l11-settembre-in-cui-cadde-lislam\/","og_locale":"it_IT","og_type":"article","og_title":"L'11 settembre in cui cadde l'Islam - Rassegna Stampa Cattolica","og_description":"Rassegna Stampa Cattolica - Per una cultura che nasce dalla Rivelazione cristiana in conformit\u00e0 alla tradizione e al Magistero della Chiesa in opposizione ad ogni relativismo e totalitarismo","og_url":"https:\/\/www.rassegnastampa-totustuus.it\/cattolica\/l11-settembre-in-cui-cadde-lislam\/","og_site_name":"Rassegna Stampa Cattolica","article_publisher":"https:\/\/www.facebook.com\/rassegnastampacattolica","article_published_time":"2006-10-04T22:00:00+00:00","article_modified_time":"2016-06-21T08:12:44+00:00","og_image":[{"width":276,"height":183,"url":"https:\/\/www.rassegnastampa-totustuus.it\/cattolica\/wp-content\/uploads\/2006\/10\/vienna_1683.jpg","type":"image\/jpeg"}],"author":"Redazione","twitter_card":"summary_large_image","twitter_creator":"@rassegnastampa9","twitter_site":"@rassegnastampa9","twitter_misc":{"Scritto da":"Redazione","Tempo di lettura stimato":"5 minuti"},"schema":{"@context":"https:\/\/schema.org","@graph":[{"@type":"Article","@id":"https:\/\/www.rassegnastampa-totustuus.it\/cattolica\/l11-settembre-in-cui-cadde-lislam\/#article","isPartOf":{"@id":"https:\/\/www.rassegnastampa-totustuus.it\/cattolica\/l11-settembre-in-cui-cadde-lislam\/"},"author":{"name":"Redazione","@id":"https:\/\/www.rassegnastampa-totustuus.it\/cattolica\/#\/schema\/person\/08f319d2bd1a0904ad9e2bfb7b15e5c3"},"headline":"L&#8217;11 settembre in cui cadde l&#8217;Islam","datePublished":"2006-10-04T22:00:00+00:00","dateModified":"2016-06-21T08:12:44+00:00","mainEntityOfPage":{"@id":"https:\/\/www.rassegnastampa-totustuus.it\/cattolica\/l11-settembre-in-cui-cadde-lislam\/"},"wordCount":977,"publisher":{"@id":"https:\/\/www.rassegnastampa-totustuus.it\/cattolica\/#organization"},"image":{"@id":"https:\/\/www.rassegnastampa-totustuus.it\/cattolica\/l11-settembre-in-cui-cadde-lislam\/#primaryimage"},"thumbnailUrl":"https:\/\/www.rassegnastampa-totustuus.it\/cattolica\/wp-content\/uploads\/2006\/10\/vienna_1683.jpg","keywords":["Islam storia"],"articleSection":["Islam"],"inLanguage":"it-IT"},{"@type":"WebPage","@id":"https:\/\/www.rassegnastampa-totustuus.it\/cattolica\/l11-settembre-in-cui-cadde-lislam\/","url":"https:\/\/www.rassegnastampa-totustuus.it\/cattolica\/l11-settembre-in-cui-cadde-lislam\/","name":"L'11 settembre in cui cadde l'Islam - Rassegna Stampa Cattolica","isPartOf":{"@id":"https:\/\/www.rassegnastampa-totustuus.it\/cattolica\/#website"},"primaryImageOfPage":{"@id":"https:\/\/www.rassegnastampa-totustuus.it\/cattolica\/l11-settembre-in-cui-cadde-lislam\/#primaryimage"},"image":{"@id":"https:\/\/www.rassegnastampa-totustuus.it\/cattolica\/l11-settembre-in-cui-cadde-lislam\/#primaryimage"},"thumbnailUrl":"https:\/\/www.rassegnastampa-totustuus.it\/cattolica\/wp-content\/uploads\/2006\/10\/vienna_1683.jpg","datePublished":"2006-10-04T22:00:00+00:00","dateModified":"2016-06-21T08:12:44+00:00","description":"Rassegna Stampa Cattolica - Per una cultura che nasce dalla Rivelazione cristiana in conformit\u00e0 alla tradizione e al Magistero della Chiesa in opposizione ad ogni relativismo e totalitarismo","breadcrumb":{"@id":"https:\/\/www.rassegnastampa-totustuus.it\/cattolica\/l11-settembre-in-cui-cadde-lislam\/#breadcrumb"},"inLanguage":"it-IT","potentialAction":[{"@type":"ReadAction","target":["https:\/\/www.rassegnastampa-totustuus.it\/cattolica\/l11-settembre-in-cui-cadde-lislam\/"]}]},{"@type":"ImageObject","inLanguage":"it-IT","@id":"https:\/\/www.rassegnastampa-totustuus.it\/cattolica\/l11-settembre-in-cui-cadde-lislam\/#primaryimage","url":"https:\/\/www.rassegnastampa-totustuus.it\/cattolica\/wp-content\/uploads\/2006\/10\/vienna_1683.jpg","contentUrl":"https:\/\/www.rassegnastampa-totustuus.it\/cattolica\/wp-content\/uploads\/2006\/10\/vienna_1683.jpg","width":276,"height":183},{"@type":"BreadcrumbList","@id":"https:\/\/www.rassegnastampa-totustuus.it\/cattolica\/l11-settembre-in-cui-cadde-lislam\/#breadcrumb","itemListElement":[{"@type":"ListItem","position":1,"name":"Home","item":"https:\/\/www.rassegnastampa-totustuus.it\/cattolica\/"},{"@type":"ListItem","position":2,"name":"L&#8217;11 settembre in cui cadde l&#8217;Islam"}]},{"@type":"WebSite","@id":"https:\/\/www.rassegnastampa-totustuus.it\/cattolica\/#website","url":"https:\/\/www.rassegnastampa-totustuus.it\/cattolica\/","name":"Rassegna Stampa Cattolica","description":"Per una cultura che nasce dalla Rivelazione cristiana in conformit\u00e0 alla tradizione e al Magistero della Chiesa in opposizione ad ogni relativismo e totalitarismo","publisher":{"@id":"https:\/\/www.rassegnastampa-totustuus.it\/cattolica\/#organization"},"alternateName":"Rass. Cattolica","potentialAction":[{"@type":"SearchAction","target":{"@type":"EntryPoint","urlTemplate":"https:\/\/www.rassegnastampa-totustuus.it\/cattolica\/?s={search_term_string}"},"query-input":{"@type":"PropertyValueSpecification","valueRequired":true,"valueName":"search_term_string"}}],"inLanguage":"it-IT"},{"@type":"Organization","@id":"https:\/\/www.rassegnastampa-totustuus.it\/cattolica\/#organization","name":"Rassegna Stampa Cattolica","url":"https:\/\/www.rassegnastampa-totustuus.it\/cattolica\/","logo":{"@type":"ImageObject","inLanguage":"it-IT","@id":"https:\/\/www.rassegnastampa-totustuus.it\/cattolica\/#\/schema\/logo\/image\/","url":"https:\/\/www.rassegnastampa-totustuus.it\/cattolica\/wp-content\/uploads\/2014\/04\/logo-rassegna1.gif","contentUrl":"https:\/\/www.rassegnastampa-totustuus.it\/cattolica\/wp-content\/uploads\/2014\/04\/logo-rassegna1.gif","width":600,"height":163,"caption":"Rassegna Stampa Cattolica"},"image":{"@id":"https:\/\/www.rassegnastampa-totustuus.it\/cattolica\/#\/schema\/logo\/image\/"},"sameAs":["https:\/\/www.facebook.com\/rassegnastampacattolica","https:\/\/x.com\/rassegnastampa9"]},{"@type":"Person","@id":"https:\/\/www.rassegnastampa-totustuus.it\/cattolica\/#\/schema\/person\/08f319d2bd1a0904ad9e2bfb7b15e5c3","name":"Redazione","image":{"@type":"ImageObject","inLanguage":"it-IT","@id":"https:\/\/secure.gravatar.com\/avatar\/2fcdf27c78ea025fbdb44e914cc63c72249ffec9dc8aafd5c82b26240ef3f346?s=96&d=mm&r=g","url":"https:\/\/secure.gravatar.com\/avatar\/2fcdf27c78ea025fbdb44e914cc63c72249ffec9dc8aafd5c82b26240ef3f346?s=96&d=mm&r=g","contentUrl":"https:\/\/secure.gravatar.com\/avatar\/2fcdf27c78ea025fbdb44e914cc63c72249ffec9dc8aafd5c82b26240ef3f346?s=96&d=mm&r=g","caption":"Redazione"},"url":"https:\/\/www.rassegnastampa-totustuus.it\/cattolica\/author\/pietroelle\/"}]}},"_links":{"self":[{"href":"https:\/\/www.rassegnastampa-totustuus.it\/cattolica\/wp-json\/wp\/v2\/posts\/2249","targetHints":{"allow":["GET"]}}],"collection":[{"href":"https:\/\/www.rassegnastampa-totustuus.it\/cattolica\/wp-json\/wp\/v2\/posts"}],"about":[{"href":"https:\/\/www.rassegnastampa-totustuus.it\/cattolica\/wp-json\/wp\/v2\/types\/post"}],"author":[{"embeddable":true,"href":"https:\/\/www.rassegnastampa-totustuus.it\/cattolica\/wp-json\/wp\/v2\/users\/6"}],"replies":[{"embeddable":true,"href":"https:\/\/www.rassegnastampa-totustuus.it\/cattolica\/wp-json\/wp\/v2\/comments?post=2249"}],"version-history":[{"count":4,"href":"https:\/\/www.rassegnastampa-totustuus.it\/cattolica\/wp-json\/wp\/v2\/posts\/2249\/revisions"}],"predecessor-version":[{"id":35173,"href":"https:\/\/www.rassegnastampa-totustuus.it\/cattolica\/wp-json\/wp\/v2\/posts\/2249\/revisions\/35173"}],"wp:featuredmedia":[{"embeddable":true,"href":"https:\/\/www.rassegnastampa-totustuus.it\/cattolica\/wp-json\/wp\/v2\/media\/35172"}],"wp:attachment":[{"href":"https:\/\/www.rassegnastampa-totustuus.it\/cattolica\/wp-json\/wp\/v2\/media?parent=2249"}],"wp:term":[{"taxonomy":"category","embeddable":true,"href":"https:\/\/www.rassegnastampa-totustuus.it\/cattolica\/wp-json\/wp\/v2\/categories?post=2249"},{"taxonomy":"post_tag","embeddable":true,"href":"https:\/\/www.rassegnastampa-totustuus.it\/cattolica\/wp-json\/wp\/v2\/tags?post=2249"}],"curies":[{"name":"wp","href":"https:\/\/api.w.org\/{rel}","templated":true}]}}