{"id":22268,"date":"2015-04-02T00:00:00","date_gmt":"2015-04-01T22:00:00","guid":{"rendered":"http:\/\/www.rassegnastampa-totustuus.it\/cattolica\/?p=22268"},"modified":"2015-03-31T12:11:01","modified_gmt":"2015-03-31T10:11:01","slug":"cristiani-perseguitati-perche-il-mondo-tace","status":"publish","type":"post","link":"https:\/\/www.rassegnastampa-totustuus.it\/cattolica\/cristiani-perseguitati-perche-il-mondo-tace\/","title":{"rendered":"Cristiani perseguitati. Perch\u00e9 il mondo tace?"},"content":{"rendered":"<p style=\"text-align: center;\">Conclusioni del convegno<\/p>\n<p style=\"text-align: center;\">\u201c<em>\u2026Perseguiteranno anche voi\u201d (Gv 15,20): persone, drammi, prospettive<\/em><\/p>\n<p style=\"text-align: center;\"><a href=\"https:\/\/www.rassegnastampa-totustuus.it\/cattolica\/wp-content\/uploads\/2015\/03\/convegno_locandina.jpg\"><img loading=\"lazy\" decoding=\"async\" class=\"aligncenter wp-image-22269\" src=\"https:\/\/www.rassegnastampa-totustuus.it\/cattolica\/wp-content\/uploads\/2015\/03\/convegno_locandina.jpg\" alt=\"convegno_locandina\" width=\"140\" height=\"200\" \/><\/a><\/p>\n<p style=\"text-align: center;\">Organizzato da <strong>Alleanza Cattolica<\/strong> e da <strong>Integra Onlus<\/strong><\/p>\n<p style=\"text-align: center;\">Milano 28 marzo 2015<\/p>\n<p style=\"text-align: center;\">di<strong> Massimo Introvigne<\/strong><\/p>\n<p style=\"text-align: justify;\"><!--more--><\/p>\n<p style=\"text-align: justify;\">La mia breve relazione conclude non un convegno, ma due in uno: uno sui cristiani perseguitati, e uno sui rifugiati e i migranti che &#8211; in un momento in cui l&#8217;immigrazione verso l&#8217;Italia di chi cerca lavoro diminuisce a causa della crisi economica &#8211; sono sempre pi\u00f9 spesso persone in fuga dalla guerra, dalla disperazione e dalla persecuzione religiosa. E molti di loro sono cristiani.<\/p>\n<p style=\"text-align: justify;\">Mi limito a trarre alcune conclusioni sui cristiani perseguitati, attraverso due elementi di fatto e sei di analisi.<\/p>\n<p style=\"text-align: justify;\">Comincio dagli elementi di fatto.<\/p>\n<p style=\"text-align: justify;\"><strong>1.<\/strong> Papa Francesco lo ha affermato pi\u00f9 di venti volte nel suo pontificato, e ne avevano gi\u00e0 parlato spesso anche san Giovanni Paolo II (1920-2005) e Benedetto XVI. C&#8217;\u00e8 un paradosso dei cristiani perseguitati. I cristiani sono la minoranza pi\u00f9 perseguitata del mondo. Ma sono quella di cui i media parlano di meno. C&#8217;\u00e8 anche un grande conflitto sui numeri. In questo campo, come in molti altri, le statistiche sono esse stesse politiche<\/p>\n<p style=\"text-align: justify;\">Ho scritto spesso su questo tema, e vi rimando ai miei testi, facilmente reperibili anche online (per esempio: <a href=\"http:\/\/www.lanuovabq.it\/it\/articoli-i-cristiani-uccisi-sono-proprio-100mila-allanno-7719.htm\" target=\"_blank\">http:\/\/www.lanuovabq.it\/it\/articoli-i-cristiani-uccisi-sono-proprio-100mila-allanno-7719.htm<\/a> ). C&#8217;\u00e8 un po&#8217; di confusione fra i \u00abmartiri\u00bb, cio\u00e8 i cristiani che offrono volontariamente la loro vita per Cristo e per la Chiesa &#8211; nella Chiesa Cattolica, i candidati almeno potenziali alla beatificazione, com&#8217;\u00e8 certamente Shahbaz Bhatti (1968-2011) &#8211; e i cristiani uccisi a causa diretta o almeno indiretta della loro fede. I primi sono qualche migliaio. I secondi, oltre centomila all&#8217;anno. Uno ogni cinque minuti. Eppure se ne parla cos\u00ec poco.<\/p>\n<p style=\"text-align: justify;\"><strong>2.<\/strong> Ieri, 27 marzo, il Consiglio di Sicurezza delle Nazioni Unite per la prima volta della sua storia ha dedicato una seduta straordinaria ai cristiani perseguitati in Medio Oriente: o meglio cos\u00ec doveva essere, ma in seguito si \u00e8 preferito intitolarla alle \u00abminoranze religiose ed etniche perseguitate in Medio Oriente\u00bb. Comunque sia, si \u00e8 parlato soprattutto dei cristiani, e ha testimoniato davanti al Consiglio il patriarca caldeo-cattolico di Babilonia Louis Rapha\u00ebl I Sako.<\/p>\n<p style=\"text-align: justify;\">Come qualcuno ha rilevato, i consueti veti incrociati dei membri permanenti del Consiglio e l&#8217;irruzione non prevista della questione dello Yemen hanno impedito di votare un documento conclusivo che contenesse proposte serie e concrete. Vedo anch&#8217;io il bicchiere mezzo vuoto. Posso anche rincarare la dose, segnalando lo strabiliante intervento del governo italiano. Penso di avere sensibilit\u00e0 istituzionale, ho ricoperto incarichi pubblici e mi scuso in anticipo se dovessi mettere in difficolt\u00e0 i rappresentanti delle istituzioni qui presenti. Per\u00f2 l&#8217;intervento italiano nella seduta straordinaria merita almeno un cenno.<\/p>\n<p style=\"text-align: justify;\">Ora infatti i cattivi tremano e i buoni si rassicurano. L&#8217;Italia non solo ha affermato che \u00able prime vittime dell&#8217;ISIS sono i musulmani\u00bb &#8211; affermazione che pu\u00f2 certo avere, a patto di spiegarla, un significato politico, ma se parliamo di vittime dell&#8217;ISIS nella popolazione civile, fra uccisi e costretti all&#8217;esilio, la proporzione fra non musulmani e musulmani \u00e8 di cento a uno &#8211; ma ha minacciato misure veramente finali. Quando \u00e8 troppo \u00e8 troppo. Il governo Renzi si \u00e8 detto pronto a passi estremi e a mandare in Iraq un battaglione di&#8230; psicologi.<\/p>\n<p style=\"text-align: justify;\">Gi\u00e0 immaginiamo il califfo rigirarsi insonne nella sua tenda in preda al terrore: \u00abArrivano gli psicologi italiani, arrivano gli psicologi italiani&#8230;\u00bb. Per la verit\u00e0, se avesse letto qualche dichiarazione del presidente dell&#8217;Ordine degli Psicologi sul gender, il califfo avrebbe davvero di che spaventarsi. Ma \u00e8 vero che di solito reagisce in modo piuttosto sbrigativo.<\/p>\n<p style=\"text-align: justify;\">Per\u00f2 vedo anche il bicchiere mezzo pieno. Nel 2011 sono stato Rappresentante dell&#8217;OSCE (Organizzazione per la Sicurezza e la Cooperazione in Europa) per la lotta al razzismo, alla xenofobia e all&#8217;intolleranza e discriminazione contro i cristiani e i seguaci di altre religioni, e ho cominciato a importunare le Nazioni Unite perch\u00e9 facessero precisamente qualche cosa di questo genere. Ora lo hanno fatto e si tratta comunque di un passo simbolicamente importante, oserei dire a prescindere da che cosa poi \u00e8 stato detto e concluso. Orbene, tranne <em>Avvenire<\/em> nessuno dei quotidiani nazionali italiani ha dedicato alla seduta del Consiglio di Sicurezza un trafiletto. Neanche una riga. Eppure c&#8217;erano il segretario generale delle Nazioni Unite, ministri, capi di Stato. C&#8217;era formalmente anche l&#8217;Italia. Non una parola. Perch\u00e9?<\/p>\n<p style=\"text-align: justify;\">In questo convegno abbiamo parlato di tante cose, ma io credo che questo sia il tema decisivo. Perch\u00e9 i cristiani sono la minoranza pi\u00f9 perseguitata del mondo e quella di cui si parla di meno? La risposta a questa domanda ci dice molto non solo sui cristiani perseguitati, ma su di noi.<\/p>\n<p style=\"text-align: justify;\">Senza poterle sviluppare, vi offro sei piste di risposta, sei aree su cui lavorare nei prossimi mesi.<\/p>\n<p style=\"text-align: justify;\"><strong>1.<\/strong> Non si parla dei cristiani perseguitati perch\u00e9, dal 1989, ci si rifiuta di fare i conti con il comunismo. La necessit\u00e0 di questi conti emerge ogni volta che i cristiani ammazzati dai comunisti ci ricordano due cose: che il comunismo uccide e che il comunismo esiste ancora. Il Paese che ammazza il maggior numero di cristiani \u00e8 la Corea del Nord. E anche in Cina &#8211; s\u00ec, in Cina, con tutti quei negozi di Prada &#8211; ogni tanto qualche cristiano scomodo sparisce, e non lo trovano pi\u00f9. Cominciare a riflettere sul fatto che ci sono luoghi dove i comunisti esistono ancora e si fanno ancora sentire &#8211; che so, la Corea del Nord, la Cina, Milano &#8211; sarebbe un buon punto di partenza per affrontare il tema del giudizio storico sul comunismo. Dunque \u00e8 vietato parlarne.<\/p>\n<p style=\"text-align: justify;\"><strong>2.<\/strong> Non si parla dei cristiani perseguitati perch\u00e9 si dovrebbe affrontare, senza buonismo e naturalmente anche senza uno stolto \u00abcattivismo\u00bb, il tema dell&#8217;ultra-fondamentalismo islamico. In questo convegno \u00e8 stata ripetuta una verit\u00e0 facile: non tutti i musulmani sono fondamentalisti. Lo dicono in molti, da Papa Francesco al mio barbiere, che evidentemente ha dei clienti islamici. Ed \u00e8 vero.<\/p>\n<p style=\"text-align: justify;\">Io vi propongo anche due verit\u00e0 difficili. La prima \u00e8 che non tutti i fondamentalisti musulmani sono terroristi e vogliono uccidere i cristiani. Per definizione di fondamentalisti li vogliono sempre in qualche modo discriminare, questo s\u00ec. Ma non tutti li vogliono uccidere. Ci sono anche fondamentalisti che vogliono il voto dei cristiani per i loro partiti nelle elezioni. La galassia islamica \u00e8 molto complessa, e le distinzioni vanno fatte tutte, una per una. La diplomazia e l&#8217;arte di salvare vite cristiane non possono ignorare che nel mondo islamico ci sono partiti fondamentalisti con cui il dialogo \u00e8 possibile e necessario, cos\u00ec come ci sono partiti cosiddetti laici guidati da criminali e da tagliagole.<\/p>\n<p style=\"text-align: justify;\">La seconda verit\u00e0 difficile \u00e8 che, se \u00e8 vero che non tutti i musulmani sono fondamentalisti e non tutti i fondamentalisti sono terroristi, \u00e8 altrettanto vero che gli assassini di cristiani di al-Qa&#8217;ida, dell&#8217;ISIS e di altre formazioni sono musulmani. Sono un problema complesso emerso all&#8217;interno della storia del fondamentalismo islamico. Non si pu\u00f2 dire che non c&#8217;entrano con questa storia. \u00c8 una storia con cui i musulmani e i non musulmani dovrebbero fare i conti. Dirlo non \u00e8 politicamente corretto. Di qui nuovi divieti di parlare dei cristiani perseguitati.<\/p>\n<p style=\"text-align: justify;\"><strong>3.<\/strong> Non si parla di altri cristiani perseguitati perch\u00e9 si dovrebbero mettere in dubbio certi miti radicati del terzomondismo e dell&#8217;anti-colonialismo per cui tutti i mali vengono dall&#8217;Occidente e, una volta liberati dal dominio coloniale, i popoli dell&#8217;Africa e dell&#8217; Asia avrebbero potuto finalmente dedicarsi alla loro occupazione preferita, i balletti folklorici con offerta finale di fiori agli amici e magari anche ai nemici.<\/p>\n<p style=\"text-align: justify;\">Certo, lo abbiamo sentito dire in questo convegno, l&#8217;Occidente ha le sue colpe e le sue cambiali non pagate. Tuttavia la persecuzione dei cristiani &#8211; pensiamo al nazionalismo ind\u00f9 nello Stato dell&#8217;Orissa in India, agli orrori della guerra dello Sri Lanka evocati da Papa Francesco, alle tante stragi tribali in Africa che spesso sono stragi di cristiani &#8211; costringe a riflettere sulla presenza nei continenti asiatico e africano di etno-nazionalismi e tribalismi spesso violenti e sanguinari. Siccome a parlarne si \u00e8 scambiati per razzisti e neocolonialisti, ecco che si \u00e8 invitati a non citare neppure le loro vittime cristiane.<\/p>\n<p style=\"text-align: justify;\"><strong>4.<\/strong> Quando anche si riesce a dire qualche parola, si tratta di parole mutilate. Tanti libri neri, rosa o rossi della persecuzione dei cristiani che si trovano in libreria offrono certamente informazioni utili, ma sono come libri gialli cui un libraio impazzito ha strappato le ultime pagine. Morti ce ne sono a profusione, ma non c&#8217;\u00e8 mai il colpevole. Ma il libraio non \u00e8 pazzo, \u00e8 solo affetto da prudenza alla Don Abbondio. Il colpevole ci vende il petrolio, ci minaccia con la bomba atomica, compra i nostri prodotti, qualche volta compra anche i nostri buoni del tesoro e se li vendesse tutti insieme chiss\u00e0 che fine farebbe lo spread. Cos\u00ec al massimo si riesce a parlare delle vittime. Ma mai dei colpevoli, e meno che mai delle ideologie che li ispirano.<\/p>\n<p style=\"text-align: justify;\"><strong>5.<\/strong> Non si parla dei cristiani perseguitati perch\u00e9 \u00e8 molto difficile farlo senza parlare del cristianesimo. Non li perseguitano perch\u00e9 hanno la pelle di un certo colore, perch\u00e9 sono belli o brutti. Li perseguitano perch\u00e9 testimoniano Ges\u00f9 Cristo &#8211; quello crocifisso. Siccome si vogliono &#8211; parafrasando, ma al contrario, san Giovanni Paolo II &#8211; chiudere, anzi sbarrare le porte a Cristo, alla sua verit\u00e0 sulla storia, sull&#8217;uomo, sull&#8217;economia, sulla politica, sulla vita, sulla famiglia, ecco che si preferisce non parlare dei cristiani perseguitati. Perch\u00e9 non si sa mai: si comincia con il parlare dei cristiani ammazzati per la loro fede e poi si rischia di finire a parlare del cristianesimo.<\/p>\n<p style=\"text-align: justify;\"><strong>6.<\/strong> Infine &#8211; ma non \u00e8 assolutamente l&#8217;aspetto meno importante &#8211; non si parla delle persecuzioni perch\u00e9 dire che la libert\u00e0 religiosa dei cristiani \u00e8 violata presuppone che ci si chieda, come abbiamo fatto in questo convegno, che cos&#8217;\u00e8 la libert\u00e0 religiosa. E se da noi, in Occidente, in Europa c&#8217;\u00e8 o non c&#8217;\u00e8. La risposta \u00e8 che non c&#8217;\u00e8. Certamente nessuno neppure immagina di mettere sullo stesso piano le torture e le stragi in Africa e in Asia con la discriminazione e l&#8217;intolleranza dei cristiani da noi. Per\u00f2 intolleranza e discriminazione ci sono.<\/p>\n<p style=\"text-align: justify;\">Ieri, 27 marzo, non \u00e8 stata solo la giornata della seduta straordinaria del Consiglio di Sicurezza. Da quella parte dell&#8217;Atlantico \u00e8 successa anche un&#8217;altra cosa. Il governatore dello Stato dell&#8217;Indiana ha firmato una legge statale sulla libert\u00e0 religiosa, come ne esistono in altri Stati degli Stati Uniti. Chi potrebbe essere contrario &#8211; negli Stati Uniti, non in Corea del Nord &#8211; a una legge sulla libert\u00e0 religiosa? Eppure il governatore ha ricevuto immediatamente una lettera firmata dagli amministratori delle maggiori aziende multinazionali americane dove lo s&#8217;informa che, se resta la legge, gli eventi e i congressi organizzati da queste aziende nell&#8217;Indiana saranno cancellati, con grave danno per l&#8217;economia dello Stato.<\/p>\n<p style=\"text-align: justify;\">Come mai? Perch\u00e9 la legge dell&#8217;Indiana ha una clausola che esclude dall&#8217;ambito di applicazione delle leggi sull&#8217;omofobia i sermoni pronunciati nelle chiese, e permette l&#8217;obiezione di coscienza per motivi religiosi anche ai titolari di esercizi privati cui venissero richiesti servizi incompatibili con la loro fede. Si tratta dei famosi fioristi cristiani che rifiutano di preparare composizioni floreali e dei famosi pasticceri che rifiutano di preparare torte con decorazioni e scritte che celebrano un \u00abmatrimonio\u00bb omosessuale.<\/p>\n<p style=\"text-align: justify;\">Chi fa queste cose terribili negli Stati diversi dall&#8217;Indiana ha gi\u00e0 subito pesanti condanne per omofobia. Ora gli amministratori delegati delle pi\u00f9 grandi aziende americane dicono che questa legge \u00e8 inaccettabile perch\u00e9, se mandassero a un congresso nell&#8217;Indiana i loro dipendenti omosessuali, questi potrebbero andare in chiesa, sentire un sermone omofobo e turbarsi, per non parlare dello choc psicologico che potrebbero patire se un fioraio, richiesto di corredare un bouquet con una fascia \u00abJohn ama Jim\u00bb, li invitasse a rivolgersi al collega dell&#8217;isolato accanto.<\/p>\n<p style=\"text-align: justify;\">Questa \u00e8 libert\u00e0 religiosa? Non la \u00e8. Come non c&#8217;\u00e8 libert\u00e0 religiosa dove si cerca di limitare l&#8217;obiezione di coscienza dei medici, dei farmacisti, dei funzionari di stato civile che non vogliono celebrare \u00abmatrimoni\u00bb omosessuali, oppure &#8211; succede anche in Europa &#8211; si pretende di vigilare su che cosa si dice nelle prediche in chiesa su vita e famiglia.<\/p>\n<p style=\"text-align: justify;\">Questi attacchi sono sullo stesso piano degli incendi di chiese e dei cristiani gettati vivi nelle fornaci di cui ha parlato Paul Bhatti? No, non lo sono. Per\u00f2 c&#8217;\u00e8 una logica di piano inclinato per cui dall&#8217;intolleranza si passa alla discriminazione e dalla discriminazione alla persecuzione. Quando la pallina che scivola sul piano inclinato ha preso velocit\u00e0, nessuno la ferma pi\u00f9. Bisogna fermarla prima. Per questo dobbiamo fermare subito la discriminazione e l&#8217;intolleranza dei cristiani non solo in Africa e in Asia ma qui, in Occidente, in Europa, in Italia, prima che parta la corsa sul piano inclinato e si arrivi alla violenza e alla persecuzione.<\/p>\n","protected":false},"excerpt":{"rendered":"<p>Conclusioni del convegno \u201c\u2026Perseguiteranno anche voi\u201d (Gv 15,20): persone, drammi, prospettive Organizzato da Alleanza Cattolica e da Integra Onlus Milano 28 marzo 2015 di Massimo Introvigne<\/p><p><a class=\"more-link btn\" href=\"https:\/\/www.rassegnastampa-totustuus.it\/cattolica\/cristiani-perseguitati-perche-il-mondo-tace\/\">Continua a leggere<\/a><\/p>\n","protected":false},"author":6,"featured_media":22269,"comment_status":"closed","ping_status":"closed","sticky":false,"template":"","format":"standard","meta":{"footnotes":""},"categories":[5,44],"tags":[470],"class_list":["post-22268","post","type-post","status-publish","format-standard","has-post-thumbnail","hentry","category-chiesa","category-cristiani-perseguitati","tag-cristiani-perseguitati-2","item-wrap"],"yoast_head":"<!-- This site is optimized with the Yoast SEO plugin v27.5 - https:\/\/yoast.com\/product\/yoast-seo-wordpress\/ -->\n<title>Cristiani perseguitati. Perch\u00e9 il mondo tace? - Rassegna Stampa Cattolica<\/title>\n<meta name=\"description\" content=\"Rassegna Stampa Cattolica - Per una cultura che nasce dalla Rivelazione cristiana in conformit\u00e0 alla tradizione e al Magistero della Chiesa in opposizione ad ogni relativismo e totalitarismo\" \/>\n<meta name=\"robots\" content=\"index, follow, max-snippet:-1, max-image-preview:large, max-video-preview:-1\" \/>\n<link rel=\"canonical\" href=\"https:\/\/www.rassegnastampa-totustuus.it\/cattolica\/cristiani-perseguitati-perche-il-mondo-tace\/\" \/>\n<meta property=\"og:locale\" content=\"it_IT\" \/>\n<meta property=\"og:type\" content=\"article\" \/>\n<meta property=\"og:title\" content=\"Cristiani perseguitati. Perch\u00e9 il mondo tace? - Rassegna Stampa Cattolica\" \/>\n<meta property=\"og:description\" content=\"Rassegna Stampa Cattolica - Per una cultura che nasce dalla Rivelazione cristiana in conformit\u00e0 alla tradizione e al Magistero della Chiesa in opposizione ad ogni relativismo e totalitarismo\" \/>\n<meta property=\"og:url\" content=\"https:\/\/www.rassegnastampa-totustuus.it\/cattolica\/cristiani-perseguitati-perche-il-mondo-tace\/\" \/>\n<meta property=\"og:site_name\" content=\"Rassegna Stampa Cattolica\" \/>\n<meta property=\"article:publisher\" content=\"https:\/\/www.facebook.com\/rassegnastampacattolica\" \/>\n<meta property=\"article:published_time\" content=\"2015-04-01T22:00:00+00:00\" \/>\n<meta property=\"og:image\" content=\"https:\/\/www.rassegnastampa-totustuus.it\/cattolica\/wp-content\/uploads\/2015\/03\/convegno_locandina.jpg\" \/>\n\t<meta property=\"og:image:width\" content=\"188\" \/>\n\t<meta property=\"og:image:height\" content=\"268\" \/>\n\t<meta property=\"og:image:type\" content=\"image\/jpeg\" \/>\n<meta name=\"author\" content=\"Redazione\" \/>\n<meta name=\"twitter:card\" content=\"summary_large_image\" \/>\n<meta name=\"twitter:creator\" content=\"@rassegnastampa9\" \/>\n<meta name=\"twitter:site\" content=\"@rassegnastampa9\" \/>\n<meta name=\"twitter:label1\" content=\"Scritto da\" \/>\n\t<meta name=\"twitter:data1\" content=\"Redazione\" \/>\n\t<meta name=\"twitter:label2\" content=\"Tempo di lettura stimato\" \/>\n\t<meta name=\"twitter:data2\" content=\"10 minuti\" \/>\n<script type=\"application\/ld+json\" class=\"yoast-schema-graph\">{\"@context\":\"https:\\\/\\\/schema.org\",\"@graph\":[{\"@type\":\"Article\",\"@id\":\"https:\\\/\\\/www.rassegnastampa-totustuus.it\\\/cattolica\\\/cristiani-perseguitati-perche-il-mondo-tace\\\/#article\",\"isPartOf\":{\"@id\":\"https:\\\/\\\/www.rassegnastampa-totustuus.it\\\/cattolica\\\/cristiani-perseguitati-perche-il-mondo-tace\\\/\"},\"author\":{\"name\":\"Redazione\",\"@id\":\"https:\\\/\\\/www.rassegnastampa-totustuus.it\\\/cattolica\\\/#\\\/schema\\\/person\\\/08f319d2bd1a0904ad9e2bfb7b15e5c3\"},\"headline\":\"Cristiani perseguitati. Perch\u00e9 il mondo tace?\",\"datePublished\":\"2015-04-01T22:00:00+00:00\",\"mainEntityOfPage\":{\"@id\":\"https:\\\/\\\/www.rassegnastampa-totustuus.it\\\/cattolica\\\/cristiani-perseguitati-perche-il-mondo-tace\\\/\"},\"wordCount\":2123,\"publisher\":{\"@id\":\"https:\\\/\\\/www.rassegnastampa-totustuus.it\\\/cattolica\\\/#organization\"},\"image\":{\"@id\":\"https:\\\/\\\/www.rassegnastampa-totustuus.it\\\/cattolica\\\/cristiani-perseguitati-perche-il-mondo-tace\\\/#primaryimage\"},\"thumbnailUrl\":\"https:\\\/\\\/www.rassegnastampa-totustuus.it\\\/cattolica\\\/wp-content\\\/uploads\\\/2015\\\/03\\\/convegno_locandina.jpg\",\"keywords\":[\"cristiani perseguitati\"],\"articleSection\":[\"Chiesa\",\"Cristiani perseguitati\"],\"inLanguage\":\"it-IT\"},{\"@type\":\"WebPage\",\"@id\":\"https:\\\/\\\/www.rassegnastampa-totustuus.it\\\/cattolica\\\/cristiani-perseguitati-perche-il-mondo-tace\\\/\",\"url\":\"https:\\\/\\\/www.rassegnastampa-totustuus.it\\\/cattolica\\\/cristiani-perseguitati-perche-il-mondo-tace\\\/\",\"name\":\"Cristiani perseguitati. Perch\u00e9 il mondo tace? - Rassegna Stampa Cattolica\",\"isPartOf\":{\"@id\":\"https:\\\/\\\/www.rassegnastampa-totustuus.it\\\/cattolica\\\/#website\"},\"primaryImageOfPage\":{\"@id\":\"https:\\\/\\\/www.rassegnastampa-totustuus.it\\\/cattolica\\\/cristiani-perseguitati-perche-il-mondo-tace\\\/#primaryimage\"},\"image\":{\"@id\":\"https:\\\/\\\/www.rassegnastampa-totustuus.it\\\/cattolica\\\/cristiani-perseguitati-perche-il-mondo-tace\\\/#primaryimage\"},\"thumbnailUrl\":\"https:\\\/\\\/www.rassegnastampa-totustuus.it\\\/cattolica\\\/wp-content\\\/uploads\\\/2015\\\/03\\\/convegno_locandina.jpg\",\"datePublished\":\"2015-04-01T22:00:00+00:00\",\"description\":\"Rassegna Stampa Cattolica - Per una cultura che nasce dalla Rivelazione cristiana in conformit\u00e0 alla tradizione e al Magistero della Chiesa in opposizione ad ogni relativismo e totalitarismo\",\"breadcrumb\":{\"@id\":\"https:\\\/\\\/www.rassegnastampa-totustuus.it\\\/cattolica\\\/cristiani-perseguitati-perche-il-mondo-tace\\\/#breadcrumb\"},\"inLanguage\":\"it-IT\",\"potentialAction\":[{\"@type\":\"ReadAction\",\"target\":[\"https:\\\/\\\/www.rassegnastampa-totustuus.it\\\/cattolica\\\/cristiani-perseguitati-perche-il-mondo-tace\\\/\"]}]},{\"@type\":\"ImageObject\",\"inLanguage\":\"it-IT\",\"@id\":\"https:\\\/\\\/www.rassegnastampa-totustuus.it\\\/cattolica\\\/cristiani-perseguitati-perche-il-mondo-tace\\\/#primaryimage\",\"url\":\"https:\\\/\\\/www.rassegnastampa-totustuus.it\\\/cattolica\\\/wp-content\\\/uploads\\\/2015\\\/03\\\/convegno_locandina.jpg\",\"contentUrl\":\"https:\\\/\\\/www.rassegnastampa-totustuus.it\\\/cattolica\\\/wp-content\\\/uploads\\\/2015\\\/03\\\/convegno_locandina.jpg\",\"width\":188,\"height\":268},{\"@type\":\"BreadcrumbList\",\"@id\":\"https:\\\/\\\/www.rassegnastampa-totustuus.it\\\/cattolica\\\/cristiani-perseguitati-perche-il-mondo-tace\\\/#breadcrumb\",\"itemListElement\":[{\"@type\":\"ListItem\",\"position\":1,\"name\":\"Home\",\"item\":\"https:\\\/\\\/www.rassegnastampa-totustuus.it\\\/cattolica\\\/\"},{\"@type\":\"ListItem\",\"position\":2,\"name\":\"Cristiani perseguitati. Perch\u00e9 il mondo tace?\"}]},{\"@type\":\"WebSite\",\"@id\":\"https:\\\/\\\/www.rassegnastampa-totustuus.it\\\/cattolica\\\/#website\",\"url\":\"https:\\\/\\\/www.rassegnastampa-totustuus.it\\\/cattolica\\\/\",\"name\":\"Rassegna Stampa Cattolica\",\"description\":\"Per una cultura che nasce dalla Rivelazione cristiana in conformit\u00e0 alla tradizione e al Magistero della Chiesa in opposizione ad ogni relativismo e totalitarismo\",\"publisher\":{\"@id\":\"https:\\\/\\\/www.rassegnastampa-totustuus.it\\\/cattolica\\\/#organization\"},\"alternateName\":\"Rass. Cattolica\",\"potentialAction\":[{\"@type\":\"SearchAction\",\"target\":{\"@type\":\"EntryPoint\",\"urlTemplate\":\"https:\\\/\\\/www.rassegnastampa-totustuus.it\\\/cattolica\\\/?s={search_term_string}\"},\"query-input\":{\"@type\":\"PropertyValueSpecification\",\"valueRequired\":true,\"valueName\":\"search_term_string\"}}],\"inLanguage\":\"it-IT\"},{\"@type\":\"Organization\",\"@id\":\"https:\\\/\\\/www.rassegnastampa-totustuus.it\\\/cattolica\\\/#organization\",\"name\":\"Rassegna Stampa Cattolica\",\"url\":\"https:\\\/\\\/www.rassegnastampa-totustuus.it\\\/cattolica\\\/\",\"logo\":{\"@type\":\"ImageObject\",\"inLanguage\":\"it-IT\",\"@id\":\"https:\\\/\\\/www.rassegnastampa-totustuus.it\\\/cattolica\\\/#\\\/schema\\\/logo\\\/image\\\/\",\"url\":\"https:\\\/\\\/www.rassegnastampa-totustuus.it\\\/cattolica\\\/wp-content\\\/uploads\\\/2014\\\/04\\\/logo-rassegna1.gif\",\"contentUrl\":\"https:\\\/\\\/www.rassegnastampa-totustuus.it\\\/cattolica\\\/wp-content\\\/uploads\\\/2014\\\/04\\\/logo-rassegna1.gif\",\"width\":600,\"height\":163,\"caption\":\"Rassegna Stampa Cattolica\"},\"image\":{\"@id\":\"https:\\\/\\\/www.rassegnastampa-totustuus.it\\\/cattolica\\\/#\\\/schema\\\/logo\\\/image\\\/\"},\"sameAs\":[\"https:\\\/\\\/www.facebook.com\\\/rassegnastampacattolica\",\"https:\\\/\\\/x.com\\\/rassegnastampa9\"]},{\"@type\":\"Person\",\"@id\":\"https:\\\/\\\/www.rassegnastampa-totustuus.it\\\/cattolica\\\/#\\\/schema\\\/person\\\/08f319d2bd1a0904ad9e2bfb7b15e5c3\",\"name\":\"Redazione\",\"image\":{\"@type\":\"ImageObject\",\"inLanguage\":\"it-IT\",\"@id\":\"https:\\\/\\\/secure.gravatar.com\\\/avatar\\\/2fcdf27c78ea025fbdb44e914cc63c72249ffec9dc8aafd5c82b26240ef3f346?s=96&d=mm&r=g\",\"url\":\"https:\\\/\\\/secure.gravatar.com\\\/avatar\\\/2fcdf27c78ea025fbdb44e914cc63c72249ffec9dc8aafd5c82b26240ef3f346?s=96&d=mm&r=g\",\"contentUrl\":\"https:\\\/\\\/secure.gravatar.com\\\/avatar\\\/2fcdf27c78ea025fbdb44e914cc63c72249ffec9dc8aafd5c82b26240ef3f346?s=96&d=mm&r=g\",\"caption\":\"Redazione\"},\"url\":\"https:\\\/\\\/www.rassegnastampa-totustuus.it\\\/cattolica\\\/author\\\/pietroelle\\\/\"}]}<\/script>\n<!-- \/ Yoast SEO plugin. -->","yoast_head_json":{"title":"Cristiani perseguitati. Perch\u00e9 il mondo tace? - Rassegna Stampa Cattolica","description":"Rassegna Stampa Cattolica - Per una cultura che nasce dalla Rivelazione cristiana in conformit\u00e0 alla tradizione e al Magistero della Chiesa in opposizione ad ogni relativismo e totalitarismo","robots":{"index":"index","follow":"follow","max-snippet":"max-snippet:-1","max-image-preview":"max-image-preview:large","max-video-preview":"max-video-preview:-1"},"canonical":"https:\/\/www.rassegnastampa-totustuus.it\/cattolica\/cristiani-perseguitati-perche-il-mondo-tace\/","og_locale":"it_IT","og_type":"article","og_title":"Cristiani perseguitati. Perch\u00e9 il mondo tace? - Rassegna Stampa Cattolica","og_description":"Rassegna Stampa Cattolica - Per una cultura che nasce dalla Rivelazione cristiana in conformit\u00e0 alla tradizione e al Magistero della Chiesa in opposizione ad ogni relativismo e totalitarismo","og_url":"https:\/\/www.rassegnastampa-totustuus.it\/cattolica\/cristiani-perseguitati-perche-il-mondo-tace\/","og_site_name":"Rassegna Stampa Cattolica","article_publisher":"https:\/\/www.facebook.com\/rassegnastampacattolica","article_published_time":"2015-04-01T22:00:00+00:00","og_image":[{"width":188,"height":268,"url":"https:\/\/www.rassegnastampa-totustuus.it\/cattolica\/wp-content\/uploads\/2015\/03\/convegno_locandina.jpg","type":"image\/jpeg"}],"author":"Redazione","twitter_card":"summary_large_image","twitter_creator":"@rassegnastampa9","twitter_site":"@rassegnastampa9","twitter_misc":{"Scritto da":"Redazione","Tempo di lettura stimato":"10 minuti"},"schema":{"@context":"https:\/\/schema.org","@graph":[{"@type":"Article","@id":"https:\/\/www.rassegnastampa-totustuus.it\/cattolica\/cristiani-perseguitati-perche-il-mondo-tace\/#article","isPartOf":{"@id":"https:\/\/www.rassegnastampa-totustuus.it\/cattolica\/cristiani-perseguitati-perche-il-mondo-tace\/"},"author":{"name":"Redazione","@id":"https:\/\/www.rassegnastampa-totustuus.it\/cattolica\/#\/schema\/person\/08f319d2bd1a0904ad9e2bfb7b15e5c3"},"headline":"Cristiani perseguitati. Perch\u00e9 il mondo tace?","datePublished":"2015-04-01T22:00:00+00:00","mainEntityOfPage":{"@id":"https:\/\/www.rassegnastampa-totustuus.it\/cattolica\/cristiani-perseguitati-perche-il-mondo-tace\/"},"wordCount":2123,"publisher":{"@id":"https:\/\/www.rassegnastampa-totustuus.it\/cattolica\/#organization"},"image":{"@id":"https:\/\/www.rassegnastampa-totustuus.it\/cattolica\/cristiani-perseguitati-perche-il-mondo-tace\/#primaryimage"},"thumbnailUrl":"https:\/\/www.rassegnastampa-totustuus.it\/cattolica\/wp-content\/uploads\/2015\/03\/convegno_locandina.jpg","keywords":["cristiani perseguitati"],"articleSection":["Chiesa","Cristiani perseguitati"],"inLanguage":"it-IT"},{"@type":"WebPage","@id":"https:\/\/www.rassegnastampa-totustuus.it\/cattolica\/cristiani-perseguitati-perche-il-mondo-tace\/","url":"https:\/\/www.rassegnastampa-totustuus.it\/cattolica\/cristiani-perseguitati-perche-il-mondo-tace\/","name":"Cristiani perseguitati. Perch\u00e9 il mondo tace? - Rassegna Stampa Cattolica","isPartOf":{"@id":"https:\/\/www.rassegnastampa-totustuus.it\/cattolica\/#website"},"primaryImageOfPage":{"@id":"https:\/\/www.rassegnastampa-totustuus.it\/cattolica\/cristiani-perseguitati-perche-il-mondo-tace\/#primaryimage"},"image":{"@id":"https:\/\/www.rassegnastampa-totustuus.it\/cattolica\/cristiani-perseguitati-perche-il-mondo-tace\/#primaryimage"},"thumbnailUrl":"https:\/\/www.rassegnastampa-totustuus.it\/cattolica\/wp-content\/uploads\/2015\/03\/convegno_locandina.jpg","datePublished":"2015-04-01T22:00:00+00:00","description":"Rassegna Stampa Cattolica - Per una cultura che nasce dalla Rivelazione cristiana in conformit\u00e0 alla tradizione e al Magistero della Chiesa in opposizione ad ogni relativismo e totalitarismo","breadcrumb":{"@id":"https:\/\/www.rassegnastampa-totustuus.it\/cattolica\/cristiani-perseguitati-perche-il-mondo-tace\/#breadcrumb"},"inLanguage":"it-IT","potentialAction":[{"@type":"ReadAction","target":["https:\/\/www.rassegnastampa-totustuus.it\/cattolica\/cristiani-perseguitati-perche-il-mondo-tace\/"]}]},{"@type":"ImageObject","inLanguage":"it-IT","@id":"https:\/\/www.rassegnastampa-totustuus.it\/cattolica\/cristiani-perseguitati-perche-il-mondo-tace\/#primaryimage","url":"https:\/\/www.rassegnastampa-totustuus.it\/cattolica\/wp-content\/uploads\/2015\/03\/convegno_locandina.jpg","contentUrl":"https:\/\/www.rassegnastampa-totustuus.it\/cattolica\/wp-content\/uploads\/2015\/03\/convegno_locandina.jpg","width":188,"height":268},{"@type":"BreadcrumbList","@id":"https:\/\/www.rassegnastampa-totustuus.it\/cattolica\/cristiani-perseguitati-perche-il-mondo-tace\/#breadcrumb","itemListElement":[{"@type":"ListItem","position":1,"name":"Home","item":"https:\/\/www.rassegnastampa-totustuus.it\/cattolica\/"},{"@type":"ListItem","position":2,"name":"Cristiani perseguitati. Perch\u00e9 il mondo tace?"}]},{"@type":"WebSite","@id":"https:\/\/www.rassegnastampa-totustuus.it\/cattolica\/#website","url":"https:\/\/www.rassegnastampa-totustuus.it\/cattolica\/","name":"Rassegna Stampa Cattolica","description":"Per una cultura che nasce dalla Rivelazione cristiana in conformit\u00e0 alla tradizione e al Magistero della Chiesa in opposizione ad ogni relativismo e totalitarismo","publisher":{"@id":"https:\/\/www.rassegnastampa-totustuus.it\/cattolica\/#organization"},"alternateName":"Rass. Cattolica","potentialAction":[{"@type":"SearchAction","target":{"@type":"EntryPoint","urlTemplate":"https:\/\/www.rassegnastampa-totustuus.it\/cattolica\/?s={search_term_string}"},"query-input":{"@type":"PropertyValueSpecification","valueRequired":true,"valueName":"search_term_string"}}],"inLanguage":"it-IT"},{"@type":"Organization","@id":"https:\/\/www.rassegnastampa-totustuus.it\/cattolica\/#organization","name":"Rassegna Stampa Cattolica","url":"https:\/\/www.rassegnastampa-totustuus.it\/cattolica\/","logo":{"@type":"ImageObject","inLanguage":"it-IT","@id":"https:\/\/www.rassegnastampa-totustuus.it\/cattolica\/#\/schema\/logo\/image\/","url":"https:\/\/www.rassegnastampa-totustuus.it\/cattolica\/wp-content\/uploads\/2014\/04\/logo-rassegna1.gif","contentUrl":"https:\/\/www.rassegnastampa-totustuus.it\/cattolica\/wp-content\/uploads\/2014\/04\/logo-rassegna1.gif","width":600,"height":163,"caption":"Rassegna Stampa Cattolica"},"image":{"@id":"https:\/\/www.rassegnastampa-totustuus.it\/cattolica\/#\/schema\/logo\/image\/"},"sameAs":["https:\/\/www.facebook.com\/rassegnastampacattolica","https:\/\/x.com\/rassegnastampa9"]},{"@type":"Person","@id":"https:\/\/www.rassegnastampa-totustuus.it\/cattolica\/#\/schema\/person\/08f319d2bd1a0904ad9e2bfb7b15e5c3","name":"Redazione","image":{"@type":"ImageObject","inLanguage":"it-IT","@id":"https:\/\/secure.gravatar.com\/avatar\/2fcdf27c78ea025fbdb44e914cc63c72249ffec9dc8aafd5c82b26240ef3f346?s=96&d=mm&r=g","url":"https:\/\/secure.gravatar.com\/avatar\/2fcdf27c78ea025fbdb44e914cc63c72249ffec9dc8aafd5c82b26240ef3f346?s=96&d=mm&r=g","contentUrl":"https:\/\/secure.gravatar.com\/avatar\/2fcdf27c78ea025fbdb44e914cc63c72249ffec9dc8aafd5c82b26240ef3f346?s=96&d=mm&r=g","caption":"Redazione"},"url":"https:\/\/www.rassegnastampa-totustuus.it\/cattolica\/author\/pietroelle\/"}]}},"_links":{"self":[{"href":"https:\/\/www.rassegnastampa-totustuus.it\/cattolica\/wp-json\/wp\/v2\/posts\/22268","targetHints":{"allow":["GET"]}}],"collection":[{"href":"https:\/\/www.rassegnastampa-totustuus.it\/cattolica\/wp-json\/wp\/v2\/posts"}],"about":[{"href":"https:\/\/www.rassegnastampa-totustuus.it\/cattolica\/wp-json\/wp\/v2\/types\/post"}],"author":[{"embeddable":true,"href":"https:\/\/www.rassegnastampa-totustuus.it\/cattolica\/wp-json\/wp\/v2\/users\/6"}],"replies":[{"embeddable":true,"href":"https:\/\/www.rassegnastampa-totustuus.it\/cattolica\/wp-json\/wp\/v2\/comments?post=22268"}],"version-history":[{"count":1,"href":"https:\/\/www.rassegnastampa-totustuus.it\/cattolica\/wp-json\/wp\/v2\/posts\/22268\/revisions"}],"predecessor-version":[{"id":22270,"href":"https:\/\/www.rassegnastampa-totustuus.it\/cattolica\/wp-json\/wp\/v2\/posts\/22268\/revisions\/22270"}],"wp:featuredmedia":[{"embeddable":true,"href":"https:\/\/www.rassegnastampa-totustuus.it\/cattolica\/wp-json\/wp\/v2\/media\/22269"}],"wp:attachment":[{"href":"https:\/\/www.rassegnastampa-totustuus.it\/cattolica\/wp-json\/wp\/v2\/media?parent=22268"}],"wp:term":[{"taxonomy":"category","embeddable":true,"href":"https:\/\/www.rassegnastampa-totustuus.it\/cattolica\/wp-json\/wp\/v2\/categories?post=22268"},{"taxonomy":"post_tag","embeddable":true,"href":"https:\/\/www.rassegnastampa-totustuus.it\/cattolica\/wp-json\/wp\/v2\/tags?post=22268"}],"curies":[{"name":"wp","href":"https:\/\/api.w.org\/{rel}","templated":true}]}}