{"id":2216,"date":"2006-09-15T10:40:21","date_gmt":"2006-09-15T08:40:21","guid":{"rendered":""},"modified":"2015-11-30T11:20:23","modified_gmt":"2015-11-30T10:20:23","slug":"discorso-colossale-e-inequivoco-sul-senso-della-civilt-occidentale","status":"publish","type":"post","link":"https:\/\/www.rassegnastampa-totustuus.it\/cattolica\/discorso-colossale-e-inequivoco-sul-senso-della-civilt-occidentale\/","title":{"rendered":"Discorso colossale e inequivoco sul senso della civilt&agrave; occidentale"},"content":{"rendered":"<div style=\"text-align: center;\"><strong><a href=\"https:\/\/www.rassegnastampa-totustuus.it\/cattolica\/wp-content\/uploads\/2006\/09\/Benedetto-XVI_Regensburg.jpg\"><img loading=\"lazy\" decoding=\"async\" class=\"alignright wp-image-28279\" src=\"https:\/\/www.rassegnastampa-totustuus.it\/cattolica\/wp-content\/uploads\/2006\/09\/Benedetto-XVI_Regensburg.jpg\" alt=\"Benedetto XVI_Regensburg\" width=\"250\" height=\"140\" \/><\/a>Il Foglio<\/strong> 13 settembre 2006<\/div>\n<p style=\"text-align: center;\"><strong>Giuliano Ferrara<\/strong><\/p>\n<p style=\"text-align: justify;\">Nel colossale discorso di Regensburg, <strong><a href=\"https:\/\/www.rassegnastampa-totustuus.it\/cattolica\/?p=2215\" target=\"_blank\"><strong>che pubblichiamo integralmente<\/strong><\/a><\/strong>, Benedetto XVI, tornato in veste papale nel suo vero luogo di combattimento intellettuale e pastorale, che \u00e8 l\u2019universit\u00e0 e la cattedra di teologia, dice inequivocabilmente questo (e lo dice con una sottigliezza di pensiero non inferiore al coraggio politico e culturale): siamo ebrei, greci e cristiani, e Maometto e il suo Dio sono altro da noi.<\/p>\n<p><!--more--><\/p>\n<div style=\"text-align: justify;\">E Ratzinger aggiunge: per dialogare con l\u2019altro da noi, in un tempo burrascoso di violenza religiosa e di aggressione proselitistica alla nostra civilt\u00e0 occidentale, europea, dobbiamo riconoscerci per quel che siamo, e cio\u00e8 uomini e donne dotati di due fonti del sapere e dell\u2019amore, la ragione e la fede. Queste fonti ci preservano, nella loro relazione, dalla cattiva trascendenza di Dio, dal monolitismo islamico che \u00e8 altra cosa dal monoteismo ebraico-cristiano, e ci salvano dal Dio dell\u2019arbitrio.<\/div>\n<p style=\"text-align: justify;\">Infine: per riconoscerci quali siamo, dobbiamo sbarazzarci del riduzionismo e del relativismo moderni, dall\u2019idea che la fede e l\u2019amore e la ragione non abbiano un rapporto stretto, di vera analogia, con la verit\u00e0, con l\u2019essere, con la metafisica, con l\u2019esperienza di fede del divino incarnato (le fonti del conoscere e del credere non appartengono \u2013 come dicono moderni e postmoderni \u2013 al soggetto, al fare, all\u2019esperimento scientifico, all\u2019ordine del discorso, alla storia, ma all\u2019essere).<\/p>\n<p style=\"text-align: justify;\">Molti giornali oggi diranno che \u201cil Papa attacca l\u2019islam\u201d o edulcoreranno le sue parole, la solita semplificazione e atroce banalizzazione di un grande pensiero dell\u2019identit\u00e0, delle radici giudaiche e cristiane, e greche, della civilt\u00e0 occidentale. Lo faranno sulla scorta di una citazione del discorso papale, quella dell\u2019imperatore di Bisanzio Manuele II Paleologo che annota, alla fine del XIV secolo, questo suo scambio con un persiano: \u201cMostrami pure ci\u00f2 che Maometto ha portato di nuovo, e vi troverai soltanto delle cose cattive e disumane, come la sua direttiva di diffondere per mezzo della spada la fede che egli predicava\u201d.<\/p>\n<p style=\"text-align: justify;\">Una citazione sapientemente addolcita dalla precedente menzione di una sura cranica del tempo giovanile, nota Ratzinger, \u201cin cui Maometto stesso era ancora senza potere e minacciato\u201d, che dice: \u201cNessuna costrizione nelle cose di fede\u201d (sura 2, 256). Ma quella dell\u2019imperatore \u00e8 una citazione \u201ccrociata\u201d poi spiegata senza scrupoli ipocriti, sempre da Ratzinger:\u00a0l\u2019imperatore cristiano condanna la dottrina islamica del jihad in nome della ragionevolezza del Diologos, del Dio di ragione, che \u201cnon si compiace del sangue\u201d e che danna \u201cil non agire secondo ragione\u201d come \u201ccontrario alla natura di Dio\u201d.<\/p>\n<p style=\"text-align: justify;\">\u201cPer la dottrina musulmana, invece \u2013 nota Ratzinger sulla scorta del curatore moderno del dialogo tra Manuele II Paeologo e il persiano \u2013 Dio \u00e8 assolutamente trascendente. La sua volont\u00e0 non \u00e8 legata a nessuna delle nostre categorie, fosse anche quella della ragionevolezza\u201d. Pi\u00f9 chiaro e pi\u00f9 culturalmente scorretto di cos\u00ec un grande Papa non avrebbe potuto essere: il Dio islamico \u00e8 diverso, e radicalmente diverso, dal nostro.<\/p>\n<p style=\"text-align: justify;\">Per essere pi\u00f9 chiaro ancora, Benedetto XVI aggiunge: \u201cQui si apre, nella comprensione di Dio e quindi nella realizzazione concreta della religione, un dilemma che oggi ci sfida in modo molto diretto\u201d. Chiaro? C\u2019\u00e8 un campo che \u00e8 quello della Bibbia, del vangelo di Giovanni con il suo Logos e del pensiero greco, e un campo che \u00e8 quello della religione di conquista, della religione naturale che \u00e8 anche politica e violenza in nome di un Dio arbitrario, lontano e separato dalla ragione umana.<\/p>\n<p style=\"text-align: justify;\">Ma solo una lettura volgare e semplificatrice pu\u00f2 parlare di un \u201cattacco all\u2019islam\u201d. Il Papa della ragione, cos\u00ec come lo definimmo al tempo della sua elezione, ha un altro obiettivo, che si rende manifesto nel resto del suo straordinario discorso di Regensburg: evangelizzare l\u2019occidente, correggere l\u2019apostasia della fede, la deriva agnostica e indifferente, ma farlo con una grande apertura razionale, con una riellenizzazione del cristianesimo, che ripropone la grandezza paolina, agostiniana e tomista della cultura e della prassi cristiana, la sequela di Cristo, in una solida alleanza con la metafisica, cio\u00e8 con un pensiero che indaga la verit\u00e0 dell\u2019essere, cio\u00e8 della condizione naturale, umana e misteriosa o divina del mondo.<\/p>\n<p style=\"text-align: justify;\">Il Papa teologo e filosofo affronta poi la questione dirimente: esamina come l\u2019occidente abbia perso, disellenizzando il cristianesimo nel passaggio dal medioevo alla modernit\u00e0, questo contatto con la ragione oggettivistica, con una ragione che comprende la fede e che la fede \u00e8 in grado di comprendere, a favore degli aut aut esistenzialistici, di un Dio totalmente altro, di un Dio che si invera sola Scriptura, il Dio della coscienza, il Dio che Lutero speriment\u00f2 nel suo dramma del chiostro e scagli\u00f2 contro Roma e la sede petrina, il Dio di von Harnack e di Karl Barth e delle subculture cristiane dell\u2019amore e della differenza oggi in voga.<\/p>\n<p style=\"text-align: justify;\">La sua cavalcata attraversa l\u2019illuminismo radicale, quello ateo, e Kant, che riduce la fede a campo pratico, morale privata. E si conclude con il traguardo che era prevedibile sulla base di tutta la teologia di Ratzinger, pensiero forte a contatto con lo spirito e di drammi della nostra epoca debole: \u201cUna ragione che di fronte al divino \u00e8 sorda e respinge la religione nell\u2019ambito delle sottoculture \u00e8 incapace di inserirsi nel dialogo tra le culture\u201d.<\/p>\n<p style=\"text-align: justify;\">E\u2019 il manifesto dell\u2019identit\u00e0 occidentale come identit\u00e0 ebraica, greca e cristiana, letto ieri a Regensburg.<\/p>\n","protected":false},"excerpt":{"rendered":"<p>Il Foglio 13 settembre 2006 Giuliano Ferrara Nel colossale discorso di Regensburg, che pubblichiamo integralmente, Benedetto XVI, tornato in veste papale nel suo vero luogo di combattimento intellettuale e pastorale, che \u00e8 l\u2019universit\u00e0 e la cattedra di teologia, dice inequivocabilmente questo (e lo dice con una sottigliezza di pensiero non inferiore al coraggio politico e &hellip; <\/p>\n<p><a class=\"more-link btn\" href=\"https:\/\/www.rassegnastampa-totustuus.it\/cattolica\/discorso-colossale-e-inequivoco-sul-senso-della-civilt-occidentale\/\">Continua a leggere<\/a><\/p>\n","protected":false},"author":6,"featured_media":28279,"comment_status":"closed","ping_status":"open","sticky":false,"template":"","format":"standard","meta":{"footnotes":""},"categories":[110,5],"tags":[1339,1352],"class_list":["post-2216","post","type-post","status-publish","format-standard","has-post-thumbnail","hentry","category-benedetto-xvi","category-chiesa","tag-chiesa-e-islam","tag-ratisbona","item-wrap"],"yoast_head":"<!-- This site is optimized with the Yoast SEO plugin v27.5 - https:\/\/yoast.com\/product\/yoast-seo-wordpress\/ -->\n<title>Discorso colossale e inequivoco sul senso della civilt&agrave; occidentale - Rassegna Stampa Cattolica<\/title>\n<meta name=\"description\" content=\"Rassegna Stampa Cattolica - Per una cultura che nasce dalla Rivelazione cristiana in conformit\u00e0 alla tradizione e al Magistero della Chiesa in opposizione ad ogni relativismo e totalitarismo\" \/>\n<meta name=\"robots\" content=\"index, follow, max-snippet:-1, max-image-preview:large, max-video-preview:-1\" \/>\n<link rel=\"canonical\" href=\"https:\/\/www.rassegnastampa-totustuus.it\/cattolica\/discorso-colossale-e-inequivoco-sul-senso-della-civilt-occidentale\/\" \/>\n<meta property=\"og:locale\" content=\"it_IT\" \/>\n<meta property=\"og:type\" content=\"article\" \/>\n<meta property=\"og:title\" content=\"Discorso colossale e inequivoco sul senso della civilt&agrave; occidentale - Rassegna Stampa Cattolica\" \/>\n<meta property=\"og:description\" content=\"Rassegna Stampa Cattolica - Per una cultura che nasce dalla Rivelazione cristiana in conformit\u00e0 alla tradizione e al Magistero della Chiesa in opposizione ad ogni relativismo e totalitarismo\" \/>\n<meta property=\"og:url\" content=\"https:\/\/www.rassegnastampa-totustuus.it\/cattolica\/discorso-colossale-e-inequivoco-sul-senso-della-civilt-occidentale\/\" \/>\n<meta property=\"og:site_name\" content=\"Rassegna Stampa Cattolica\" \/>\n<meta property=\"article:publisher\" content=\"https:\/\/www.facebook.com\/rassegnastampacattolica\" \/>\n<meta property=\"article:published_time\" content=\"2006-09-15T08:40:21+00:00\" \/>\n<meta property=\"article:modified_time\" content=\"2015-11-30T10:20:23+00:00\" \/>\n<meta property=\"og:image\" content=\"https:\/\/www.rassegnastampa-totustuus.it\/cattolica\/wp-content\/uploads\/2006\/09\/Benedetto-XVI_Regensburg.jpg\" \/>\n\t<meta property=\"og:image:width\" content=\"300\" \/>\n\t<meta property=\"og:image:height\" content=\"168\" \/>\n\t<meta property=\"og:image:type\" content=\"image\/jpeg\" \/>\n<meta name=\"author\" content=\"Redazione\" \/>\n<meta name=\"twitter:card\" content=\"summary_large_image\" \/>\n<meta name=\"twitter:creator\" content=\"@rassegnastampa9\" \/>\n<meta name=\"twitter:site\" content=\"@rassegnastampa9\" \/>\n<meta name=\"twitter:label1\" content=\"Scritto da\" \/>\n\t<meta name=\"twitter:data1\" content=\"Redazione\" \/>\n\t<meta name=\"twitter:label2\" content=\"Tempo di lettura stimato\" \/>\n\t<meta name=\"twitter:data2\" content=\"4 minuti\" \/>\n<script type=\"application\/ld+json\" class=\"yoast-schema-graph\">{\"@context\":\"https:\\\/\\\/schema.org\",\"@graph\":[{\"@type\":\"Article\",\"@id\":\"https:\\\/\\\/www.rassegnastampa-totustuus.it\\\/cattolica\\\/discorso-colossale-e-inequivoco-sul-senso-della-civilt-occidentale\\\/#article\",\"isPartOf\":{\"@id\":\"https:\\\/\\\/www.rassegnastampa-totustuus.it\\\/cattolica\\\/discorso-colossale-e-inequivoco-sul-senso-della-civilt-occidentale\\\/\"},\"author\":{\"name\":\"Redazione\",\"@id\":\"https:\\\/\\\/www.rassegnastampa-totustuus.it\\\/cattolica\\\/#\\\/schema\\\/person\\\/08f319d2bd1a0904ad9e2bfb7b15e5c3\"},\"headline\":\"Discorso colossale e inequivoco sul senso della civilt&agrave; occidentale\",\"datePublished\":\"2006-09-15T08:40:21+00:00\",\"dateModified\":\"2015-11-30T10:20:23+00:00\",\"mainEntityOfPage\":{\"@id\":\"https:\\\/\\\/www.rassegnastampa-totustuus.it\\\/cattolica\\\/discorso-colossale-e-inequivoco-sul-senso-della-civilt-occidentale\\\/\"},\"wordCount\":884,\"publisher\":{\"@id\":\"https:\\\/\\\/www.rassegnastampa-totustuus.it\\\/cattolica\\\/#organization\"},\"image\":{\"@id\":\"https:\\\/\\\/www.rassegnastampa-totustuus.it\\\/cattolica\\\/discorso-colossale-e-inequivoco-sul-senso-della-civilt-occidentale\\\/#primaryimage\"},\"thumbnailUrl\":\"https:\\\/\\\/www.rassegnastampa-totustuus.it\\\/cattolica\\\/wp-content\\\/uploads\\\/2006\\\/09\\\/Benedetto-XVI_Regensburg.jpg\",\"keywords\":[\"chiesa e islam\",\"Ratisbona\"],\"articleSection\":[\"Benedetto XVI\",\"Chiesa\"],\"inLanguage\":\"it-IT\"},{\"@type\":\"WebPage\",\"@id\":\"https:\\\/\\\/www.rassegnastampa-totustuus.it\\\/cattolica\\\/discorso-colossale-e-inequivoco-sul-senso-della-civilt-occidentale\\\/\",\"url\":\"https:\\\/\\\/www.rassegnastampa-totustuus.it\\\/cattolica\\\/discorso-colossale-e-inequivoco-sul-senso-della-civilt-occidentale\\\/\",\"name\":\"Discorso colossale e inequivoco sul senso della civilt&agrave; occidentale - Rassegna Stampa Cattolica\",\"isPartOf\":{\"@id\":\"https:\\\/\\\/www.rassegnastampa-totustuus.it\\\/cattolica\\\/#website\"},\"primaryImageOfPage\":{\"@id\":\"https:\\\/\\\/www.rassegnastampa-totustuus.it\\\/cattolica\\\/discorso-colossale-e-inequivoco-sul-senso-della-civilt-occidentale\\\/#primaryimage\"},\"image\":{\"@id\":\"https:\\\/\\\/www.rassegnastampa-totustuus.it\\\/cattolica\\\/discorso-colossale-e-inequivoco-sul-senso-della-civilt-occidentale\\\/#primaryimage\"},\"thumbnailUrl\":\"https:\\\/\\\/www.rassegnastampa-totustuus.it\\\/cattolica\\\/wp-content\\\/uploads\\\/2006\\\/09\\\/Benedetto-XVI_Regensburg.jpg\",\"datePublished\":\"2006-09-15T08:40:21+00:00\",\"dateModified\":\"2015-11-30T10:20:23+00:00\",\"description\":\"Rassegna Stampa Cattolica - Per una cultura che nasce dalla Rivelazione cristiana in conformit\u00e0 alla tradizione e al Magistero della Chiesa in opposizione ad ogni relativismo e totalitarismo\",\"breadcrumb\":{\"@id\":\"https:\\\/\\\/www.rassegnastampa-totustuus.it\\\/cattolica\\\/discorso-colossale-e-inequivoco-sul-senso-della-civilt-occidentale\\\/#breadcrumb\"},\"inLanguage\":\"it-IT\",\"potentialAction\":[{\"@type\":\"ReadAction\",\"target\":[\"https:\\\/\\\/www.rassegnastampa-totustuus.it\\\/cattolica\\\/discorso-colossale-e-inequivoco-sul-senso-della-civilt-occidentale\\\/\"]}]},{\"@type\":\"ImageObject\",\"inLanguage\":\"it-IT\",\"@id\":\"https:\\\/\\\/www.rassegnastampa-totustuus.it\\\/cattolica\\\/discorso-colossale-e-inequivoco-sul-senso-della-civilt-occidentale\\\/#primaryimage\",\"url\":\"https:\\\/\\\/www.rassegnastampa-totustuus.it\\\/cattolica\\\/wp-content\\\/uploads\\\/2006\\\/09\\\/Benedetto-XVI_Regensburg.jpg\",\"contentUrl\":\"https:\\\/\\\/www.rassegnastampa-totustuus.it\\\/cattolica\\\/wp-content\\\/uploads\\\/2006\\\/09\\\/Benedetto-XVI_Regensburg.jpg\",\"width\":300,\"height\":168},{\"@type\":\"BreadcrumbList\",\"@id\":\"https:\\\/\\\/www.rassegnastampa-totustuus.it\\\/cattolica\\\/discorso-colossale-e-inequivoco-sul-senso-della-civilt-occidentale\\\/#breadcrumb\",\"itemListElement\":[{\"@type\":\"ListItem\",\"position\":1,\"name\":\"Home\",\"item\":\"https:\\\/\\\/www.rassegnastampa-totustuus.it\\\/cattolica\\\/\"},{\"@type\":\"ListItem\",\"position\":2,\"name\":\"Discorso colossale e inequivoco sul senso della civilt&agrave; occidentale\"}]},{\"@type\":\"WebSite\",\"@id\":\"https:\\\/\\\/www.rassegnastampa-totustuus.it\\\/cattolica\\\/#website\",\"url\":\"https:\\\/\\\/www.rassegnastampa-totustuus.it\\\/cattolica\\\/\",\"name\":\"Rassegna Stampa Cattolica\",\"description\":\"Per una cultura che nasce dalla Rivelazione cristiana in conformit\u00e0 alla tradizione e al Magistero della Chiesa in opposizione ad ogni relativismo e totalitarismo\",\"publisher\":{\"@id\":\"https:\\\/\\\/www.rassegnastampa-totustuus.it\\\/cattolica\\\/#organization\"},\"alternateName\":\"Rass. Cattolica\",\"potentialAction\":[{\"@type\":\"SearchAction\",\"target\":{\"@type\":\"EntryPoint\",\"urlTemplate\":\"https:\\\/\\\/www.rassegnastampa-totustuus.it\\\/cattolica\\\/?s={search_term_string}\"},\"query-input\":{\"@type\":\"PropertyValueSpecification\",\"valueRequired\":true,\"valueName\":\"search_term_string\"}}],\"inLanguage\":\"it-IT\"},{\"@type\":\"Organization\",\"@id\":\"https:\\\/\\\/www.rassegnastampa-totustuus.it\\\/cattolica\\\/#organization\",\"name\":\"Rassegna Stampa Cattolica\",\"url\":\"https:\\\/\\\/www.rassegnastampa-totustuus.it\\\/cattolica\\\/\",\"logo\":{\"@type\":\"ImageObject\",\"inLanguage\":\"it-IT\",\"@id\":\"https:\\\/\\\/www.rassegnastampa-totustuus.it\\\/cattolica\\\/#\\\/schema\\\/logo\\\/image\\\/\",\"url\":\"https:\\\/\\\/www.rassegnastampa-totustuus.it\\\/cattolica\\\/wp-content\\\/uploads\\\/2014\\\/04\\\/logo-rassegna1.gif\",\"contentUrl\":\"https:\\\/\\\/www.rassegnastampa-totustuus.it\\\/cattolica\\\/wp-content\\\/uploads\\\/2014\\\/04\\\/logo-rassegna1.gif\",\"width\":600,\"height\":163,\"caption\":\"Rassegna Stampa Cattolica\"},\"image\":{\"@id\":\"https:\\\/\\\/www.rassegnastampa-totustuus.it\\\/cattolica\\\/#\\\/schema\\\/logo\\\/image\\\/\"},\"sameAs\":[\"https:\\\/\\\/www.facebook.com\\\/rassegnastampacattolica\",\"https:\\\/\\\/x.com\\\/rassegnastampa9\"]},{\"@type\":\"Person\",\"@id\":\"https:\\\/\\\/www.rassegnastampa-totustuus.it\\\/cattolica\\\/#\\\/schema\\\/person\\\/08f319d2bd1a0904ad9e2bfb7b15e5c3\",\"name\":\"Redazione\",\"image\":{\"@type\":\"ImageObject\",\"inLanguage\":\"it-IT\",\"@id\":\"https:\\\/\\\/secure.gravatar.com\\\/avatar\\\/2fcdf27c78ea025fbdb44e914cc63c72249ffec9dc8aafd5c82b26240ef3f346?s=96&d=mm&r=g\",\"url\":\"https:\\\/\\\/secure.gravatar.com\\\/avatar\\\/2fcdf27c78ea025fbdb44e914cc63c72249ffec9dc8aafd5c82b26240ef3f346?s=96&d=mm&r=g\",\"contentUrl\":\"https:\\\/\\\/secure.gravatar.com\\\/avatar\\\/2fcdf27c78ea025fbdb44e914cc63c72249ffec9dc8aafd5c82b26240ef3f346?s=96&d=mm&r=g\",\"caption\":\"Redazione\"},\"url\":\"https:\\\/\\\/www.rassegnastampa-totustuus.it\\\/cattolica\\\/author\\\/pietroelle\\\/\"}]}<\/script>\n<!-- \/ Yoast SEO plugin. -->","yoast_head_json":{"title":"Discorso colossale e inequivoco sul senso della civilt&agrave; occidentale - Rassegna Stampa Cattolica","description":"Rassegna Stampa Cattolica - Per una cultura che nasce dalla Rivelazione cristiana in conformit\u00e0 alla tradizione e al Magistero della Chiesa in opposizione ad ogni relativismo e totalitarismo","robots":{"index":"index","follow":"follow","max-snippet":"max-snippet:-1","max-image-preview":"max-image-preview:large","max-video-preview":"max-video-preview:-1"},"canonical":"https:\/\/www.rassegnastampa-totustuus.it\/cattolica\/discorso-colossale-e-inequivoco-sul-senso-della-civilt-occidentale\/","og_locale":"it_IT","og_type":"article","og_title":"Discorso colossale e inequivoco sul senso della civilt&agrave; occidentale - Rassegna Stampa Cattolica","og_description":"Rassegna Stampa Cattolica - Per una cultura che nasce dalla Rivelazione cristiana in conformit\u00e0 alla tradizione e al Magistero della Chiesa in opposizione ad ogni relativismo e totalitarismo","og_url":"https:\/\/www.rassegnastampa-totustuus.it\/cattolica\/discorso-colossale-e-inequivoco-sul-senso-della-civilt-occidentale\/","og_site_name":"Rassegna Stampa Cattolica","article_publisher":"https:\/\/www.facebook.com\/rassegnastampacattolica","article_published_time":"2006-09-15T08:40:21+00:00","article_modified_time":"2015-11-30T10:20:23+00:00","og_image":[{"width":300,"height":168,"url":"https:\/\/www.rassegnastampa-totustuus.it\/cattolica\/wp-content\/uploads\/2006\/09\/Benedetto-XVI_Regensburg.jpg","type":"image\/jpeg"}],"author":"Redazione","twitter_card":"summary_large_image","twitter_creator":"@rassegnastampa9","twitter_site":"@rassegnastampa9","twitter_misc":{"Scritto da":"Redazione","Tempo di lettura stimato":"4 minuti"},"schema":{"@context":"https:\/\/schema.org","@graph":[{"@type":"Article","@id":"https:\/\/www.rassegnastampa-totustuus.it\/cattolica\/discorso-colossale-e-inequivoco-sul-senso-della-civilt-occidentale\/#article","isPartOf":{"@id":"https:\/\/www.rassegnastampa-totustuus.it\/cattolica\/discorso-colossale-e-inequivoco-sul-senso-della-civilt-occidentale\/"},"author":{"name":"Redazione","@id":"https:\/\/www.rassegnastampa-totustuus.it\/cattolica\/#\/schema\/person\/08f319d2bd1a0904ad9e2bfb7b15e5c3"},"headline":"Discorso colossale e inequivoco sul senso della civilt&agrave; occidentale","datePublished":"2006-09-15T08:40:21+00:00","dateModified":"2015-11-30T10:20:23+00:00","mainEntityOfPage":{"@id":"https:\/\/www.rassegnastampa-totustuus.it\/cattolica\/discorso-colossale-e-inequivoco-sul-senso-della-civilt-occidentale\/"},"wordCount":884,"publisher":{"@id":"https:\/\/www.rassegnastampa-totustuus.it\/cattolica\/#organization"},"image":{"@id":"https:\/\/www.rassegnastampa-totustuus.it\/cattolica\/discorso-colossale-e-inequivoco-sul-senso-della-civilt-occidentale\/#primaryimage"},"thumbnailUrl":"https:\/\/www.rassegnastampa-totustuus.it\/cattolica\/wp-content\/uploads\/2006\/09\/Benedetto-XVI_Regensburg.jpg","keywords":["chiesa e islam","Ratisbona"],"articleSection":["Benedetto XVI","Chiesa"],"inLanguage":"it-IT"},{"@type":"WebPage","@id":"https:\/\/www.rassegnastampa-totustuus.it\/cattolica\/discorso-colossale-e-inequivoco-sul-senso-della-civilt-occidentale\/","url":"https:\/\/www.rassegnastampa-totustuus.it\/cattolica\/discorso-colossale-e-inequivoco-sul-senso-della-civilt-occidentale\/","name":"Discorso colossale e inequivoco sul senso della civilt&agrave; occidentale - Rassegna Stampa Cattolica","isPartOf":{"@id":"https:\/\/www.rassegnastampa-totustuus.it\/cattolica\/#website"},"primaryImageOfPage":{"@id":"https:\/\/www.rassegnastampa-totustuus.it\/cattolica\/discorso-colossale-e-inequivoco-sul-senso-della-civilt-occidentale\/#primaryimage"},"image":{"@id":"https:\/\/www.rassegnastampa-totustuus.it\/cattolica\/discorso-colossale-e-inequivoco-sul-senso-della-civilt-occidentale\/#primaryimage"},"thumbnailUrl":"https:\/\/www.rassegnastampa-totustuus.it\/cattolica\/wp-content\/uploads\/2006\/09\/Benedetto-XVI_Regensburg.jpg","datePublished":"2006-09-15T08:40:21+00:00","dateModified":"2015-11-30T10:20:23+00:00","description":"Rassegna Stampa Cattolica - Per una cultura che nasce dalla Rivelazione cristiana in conformit\u00e0 alla tradizione e al Magistero della Chiesa in opposizione ad ogni relativismo e totalitarismo","breadcrumb":{"@id":"https:\/\/www.rassegnastampa-totustuus.it\/cattolica\/discorso-colossale-e-inequivoco-sul-senso-della-civilt-occidentale\/#breadcrumb"},"inLanguage":"it-IT","potentialAction":[{"@type":"ReadAction","target":["https:\/\/www.rassegnastampa-totustuus.it\/cattolica\/discorso-colossale-e-inequivoco-sul-senso-della-civilt-occidentale\/"]}]},{"@type":"ImageObject","inLanguage":"it-IT","@id":"https:\/\/www.rassegnastampa-totustuus.it\/cattolica\/discorso-colossale-e-inequivoco-sul-senso-della-civilt-occidentale\/#primaryimage","url":"https:\/\/www.rassegnastampa-totustuus.it\/cattolica\/wp-content\/uploads\/2006\/09\/Benedetto-XVI_Regensburg.jpg","contentUrl":"https:\/\/www.rassegnastampa-totustuus.it\/cattolica\/wp-content\/uploads\/2006\/09\/Benedetto-XVI_Regensburg.jpg","width":300,"height":168},{"@type":"BreadcrumbList","@id":"https:\/\/www.rassegnastampa-totustuus.it\/cattolica\/discorso-colossale-e-inequivoco-sul-senso-della-civilt-occidentale\/#breadcrumb","itemListElement":[{"@type":"ListItem","position":1,"name":"Home","item":"https:\/\/www.rassegnastampa-totustuus.it\/cattolica\/"},{"@type":"ListItem","position":2,"name":"Discorso colossale e inequivoco sul senso della civilt&agrave; occidentale"}]},{"@type":"WebSite","@id":"https:\/\/www.rassegnastampa-totustuus.it\/cattolica\/#website","url":"https:\/\/www.rassegnastampa-totustuus.it\/cattolica\/","name":"Rassegna Stampa Cattolica","description":"Per una cultura che nasce dalla Rivelazione cristiana in conformit\u00e0 alla tradizione e al Magistero della Chiesa in opposizione ad ogni relativismo e totalitarismo","publisher":{"@id":"https:\/\/www.rassegnastampa-totustuus.it\/cattolica\/#organization"},"alternateName":"Rass. Cattolica","potentialAction":[{"@type":"SearchAction","target":{"@type":"EntryPoint","urlTemplate":"https:\/\/www.rassegnastampa-totustuus.it\/cattolica\/?s={search_term_string}"},"query-input":{"@type":"PropertyValueSpecification","valueRequired":true,"valueName":"search_term_string"}}],"inLanguage":"it-IT"},{"@type":"Organization","@id":"https:\/\/www.rassegnastampa-totustuus.it\/cattolica\/#organization","name":"Rassegna Stampa Cattolica","url":"https:\/\/www.rassegnastampa-totustuus.it\/cattolica\/","logo":{"@type":"ImageObject","inLanguage":"it-IT","@id":"https:\/\/www.rassegnastampa-totustuus.it\/cattolica\/#\/schema\/logo\/image\/","url":"https:\/\/www.rassegnastampa-totustuus.it\/cattolica\/wp-content\/uploads\/2014\/04\/logo-rassegna1.gif","contentUrl":"https:\/\/www.rassegnastampa-totustuus.it\/cattolica\/wp-content\/uploads\/2014\/04\/logo-rassegna1.gif","width":600,"height":163,"caption":"Rassegna Stampa Cattolica"},"image":{"@id":"https:\/\/www.rassegnastampa-totustuus.it\/cattolica\/#\/schema\/logo\/image\/"},"sameAs":["https:\/\/www.facebook.com\/rassegnastampacattolica","https:\/\/x.com\/rassegnastampa9"]},{"@type":"Person","@id":"https:\/\/www.rassegnastampa-totustuus.it\/cattolica\/#\/schema\/person\/08f319d2bd1a0904ad9e2bfb7b15e5c3","name":"Redazione","image":{"@type":"ImageObject","inLanguage":"it-IT","@id":"https:\/\/secure.gravatar.com\/avatar\/2fcdf27c78ea025fbdb44e914cc63c72249ffec9dc8aafd5c82b26240ef3f346?s=96&d=mm&r=g","url":"https:\/\/secure.gravatar.com\/avatar\/2fcdf27c78ea025fbdb44e914cc63c72249ffec9dc8aafd5c82b26240ef3f346?s=96&d=mm&r=g","contentUrl":"https:\/\/secure.gravatar.com\/avatar\/2fcdf27c78ea025fbdb44e914cc63c72249ffec9dc8aafd5c82b26240ef3f346?s=96&d=mm&r=g","caption":"Redazione"},"url":"https:\/\/www.rassegnastampa-totustuus.it\/cattolica\/author\/pietroelle\/"}]}},"_links":{"self":[{"href":"https:\/\/www.rassegnastampa-totustuus.it\/cattolica\/wp-json\/wp\/v2\/posts\/2216","targetHints":{"allow":["GET"]}}],"collection":[{"href":"https:\/\/www.rassegnastampa-totustuus.it\/cattolica\/wp-json\/wp\/v2\/posts"}],"about":[{"href":"https:\/\/www.rassegnastampa-totustuus.it\/cattolica\/wp-json\/wp\/v2\/types\/post"}],"author":[{"embeddable":true,"href":"https:\/\/www.rassegnastampa-totustuus.it\/cattolica\/wp-json\/wp\/v2\/users\/6"}],"replies":[{"embeddable":true,"href":"https:\/\/www.rassegnastampa-totustuus.it\/cattolica\/wp-json\/wp\/v2\/comments?post=2216"}],"version-history":[{"count":4,"href":"https:\/\/www.rassegnastampa-totustuus.it\/cattolica\/wp-json\/wp\/v2\/posts\/2216\/revisions"}],"predecessor-version":[{"id":28280,"href":"https:\/\/www.rassegnastampa-totustuus.it\/cattolica\/wp-json\/wp\/v2\/posts\/2216\/revisions\/28280"}],"wp:featuredmedia":[{"embeddable":true,"href":"https:\/\/www.rassegnastampa-totustuus.it\/cattolica\/wp-json\/wp\/v2\/media\/28279"}],"wp:attachment":[{"href":"https:\/\/www.rassegnastampa-totustuus.it\/cattolica\/wp-json\/wp\/v2\/media?parent=2216"}],"wp:term":[{"taxonomy":"category","embeddable":true,"href":"https:\/\/www.rassegnastampa-totustuus.it\/cattolica\/wp-json\/wp\/v2\/categories?post=2216"},{"taxonomy":"post_tag","embeddable":true,"href":"https:\/\/www.rassegnastampa-totustuus.it\/cattolica\/wp-json\/wp\/v2\/tags?post=2216"}],"curies":[{"name":"wp","href":"https:\/\/api.w.org\/{rel}","templated":true}]}}