{"id":2202,"date":"2006-09-08T09:18:17","date_gmt":"2006-09-08T07:18:17","guid":{"rendered":""},"modified":"2015-01-08T10:26:50","modified_gmt":"2015-01-08T09:26:50","slug":"esodi-deportazioni-e-stermini","status":"publish","type":"post","link":"https:\/\/www.rassegnastampa-totustuus.it\/cattolica\/esodi-deportazioni-e-stermini\/","title":{"rendered":"Esodi, deportazioni e stermini."},"content":{"rendered":"<div style=\"text-align: center;\"><strong>Contemporanea<\/strong> Rivista di storia dell\u2019800 e del \u2018900 anno IX, n.3, luglio 2006\u00a0 (ed Il Mulino)<\/div>\n<p style=\"text-align: center;\"><strong>La \u00abguerra-rivoluzione\u00bb europea (1912-1939) <\/strong><\/p>\n<p style=\"text-align: center;\">di <strong>Antonio Ferrara<\/strong><\/p>\n<p style=\"text-align: center;\"><a href=\"https:\/\/www.rassegnastampa-totustuus.it\/cattolica\/wp-content\/uploads\/2005\/11\/armenian-genocide-2.jpg\"><img loading=\"lazy\" decoding=\"async\" class=\"aligncenter wp-image-14408 size-medium\" src=\"https:\/\/www.rassegnastampa-totustuus.it\/cattolica\/wp-content\/uploads\/2005\/11\/armenian-genocide-2-300x123.jpg\" alt=\"armenian genocide 2\" width=\"300\" height=\"123\" srcset=\"https:\/\/www.rassegnastampa-totustuus.it\/cattolica\/wp-content\/uploads\/2005\/11\/armenian-genocide-2-300x123.jpg 300w, https:\/\/www.rassegnastampa-totustuus.it\/cattolica\/wp-content\/uploads\/2005\/11\/armenian-genocide-2.jpg 351w\" sizes=\"auto, (max-width: 300px) 100vw, 300px\" \/><\/a><\/p>\n<p style=\"text-align: center;\">\n<p style=\"text-align: justify;\">Questo saggio si propone d\u00ec offrire una panoramica della storia delle migrazioni forzate verificatesi nel continente europeo negli anni compresi tra il 1912 e il 1953 (1). \u00c8 questa infatti la periodizzazione pi\u00f9 appropriata (2), rispetto a quella \u00abtradizionale\u00bb incentrata sul 1914 e il 1945, per un fenomeno apparso nel XX secolo con le guerre balcaniche e scomparso pressoch\u00e9 improvvisamente &#8211; e per i successivi quattro decenni &#8211; dalla scena europea con la morte di Stalin.<\/p>\n<p style=\"text-align: justify;\"><!--more--><\/p>\n<p style=\"text-align: justify;\">Per la sua vastit\u00e0, l&#8217;argomento sar\u00e0 affrontato in due parti: in questa sede tratteremo gli anni compresi tra il 1912 e lo scoppio della seconda guerra mondiale, mentre un prossimo articolo affronter\u00e0 il periodo compreso tra il 1939 e il i 953, quando il fenomeno conobbe il suo apogeo sia quantitativo (per il numero di persone coinvolte) che qualitativo (per la violenza che accompagn\u00f2 gli spostamenti in questione).<\/p>\n<p style=\"text-align: justify;\">Nel XX secolo i cambiamenti della geografia politica europea furono solo indirettamente frutto della guerra, perch\u00e9 a spostarsi, pi\u00f9 dei confini, furono gli individui, che vennero deportati o fuggirono a milioni, mettendo fine all&#8217;insediamento di comunit\u00e0 che, come gli italiani dell&#8217;Istria e della Dalmazia, i tedeschi della Prussia orientale e i polacchi dell&#8217;Ucraina occidentale, avevano ricoperto un ruolo predominante nella vita politica, economica e sociale delle terre che erano costretti ad abbandonare.<\/p>\n<p style=\"text-align: justify;\">Processi avviati oltre un secolo prima, in seguito alla rivoluzione industriale e all&#8217;urbanizzazione, subirono una brutale accelerazione e furono portati a compimento nel giro di anni o addirittura mesi. Sembra dunque possibile concludere che proprio il trasferimento forzato di intere popolazioni sia stato uno dei principali elementi che hanno conferito alla grande guerra del XX secolo europeo un carattere \u00abrivoluzionario\u00bb, tale da renderla qualitativamente diversa dalle contese per l&#8217;egemonia continentale dei secoli precedenti (3).<\/p>\n<p style=\"text-align: justify;\">A dispetto di ci\u00f2, non esistono moltissime pubblicazioni sull&#8217;argomento. Soltanto pochi lavori concentrano la propria attenzione sulle migrazioni forzate in quanto tali &#8211; mentre, il che \u00e8 tutt&#8217;altro che sorprendente dato quanto detto sopra, innumerevoli riferimenti al fenomeno in questione possono essere rintracciati in opere dedicate ad altri argomenti (dal nazionalismo ai problemi dei rifugiati e dei confini) in qualche modo ad esso connessi. Scarseggiano in particolare le opere che tentano di dare una visione d&#8217;insieme del fenomeno nella sua interezza ed \u00e8 appunto questo uno degli scopi di questo saggio (4).<\/p>\n<p style=\"text-align: justify;\">Non esiste una definizione universalmente accettata di \u00abmigrazione forzata\u00bb: il concetto stesso \u00e8 a dir poco problematico, ma \u00e8 ragionevole affermare che spostamenti forzati di popolazione hanno luogo allorch\u00e9 le persone sono costrette ad abbandonare le loro case a causa della minaccia o dell&#8217;effettivo uso della forza, oppure dell&#8217;insicurezza causata da circostanze come guerre o rivoluzioni, oppure di una fondata paura di subire persecuzioni. Il grado e le forme della coercizione possono naturalmente variare, sicch\u00e9 alcuni tipi di spostamenti possono essere considerati una \u00abvia di mezzo\u00bb tra la migrazione volontaria e quella forzata.<\/p>\n<p style=\"text-align: justify;\">In questo saggio saranno presi in considerazione solo gli spostamenti dettati dalla forza o dalla minaccia dell&#8217;uso della stessa. All&#8217;interno di questa categoria, il carattere pi\u00f9 o meno organizzato dello spostamento segner\u00e0 il confine tra deportazioni in senso stretto ed \u00abesodi\u00bb.<\/p>\n<p style=\"text-align: justify;\">Le une e gli altri, specie se frutto di una precisa volont\u00e0 politica, implicano sovente il ricorso alla violenza &#8211; in assenza della quale \u00e8 difficile che intere popolazioni abbandonino le proprie case per ricominciare la propria esistenza altrove. Gli spostamenti forzali di popolazioni sono perci\u00f2 generalmente preceduti o accompagnati da omicidi e massacri, spesso su vasta scala, miranti a indurre la popolazione interessata a fuggire, o concepiti come ritorsioni contro quanti resistono alla deportazione o tentano di sottrarvisi. Inoltre lo stesso processo di migrazione forzata pu\u00f2 facilmente avere conseguenze mortali (specialmente per i soggetti pi\u00f9 deboli, come malati, anziani e bambini), anche nel caso in cui non degeneri in un vero e proprio tentativo di sterminare completamente la popolazione coinvolta (ad esempio perch\u00e9 non c&#8217;\u00e8 modo di \u00abreinsediarla\u00bb).<\/p>\n<p style=\"text-align: justify;\">Le \u00abcontiguit\u00e0\u00bb tra esodi, deportazioni e stermini rendono dunque possibile considerare tutti questi fenomeni come parti di un <em>continuum <\/em>caratterizzato dall&#8217;uso sempre crescente della violenza, ed analizzarli nel loro insieme sulla base di un&#8217;unica linea interpretativa. In questo contesto, pulizia etnica e genocidio si configurano come due casi &#8211; di particolare importanza giacch\u00e9 l&#8217;etnicit\u00e0 \u00e8 stata assunta come discriminante nella maggior parte dei casi &#8211; delle pi\u00f9 ampie categorie rappresentate dagli esodi e dalle deportazioni da un lato, e dagli stermini dall&#8217;altro (5)<\/p>\n<p style=\"text-align: justify;\">Argomento del saggio saranno esodi, deportazioni e stermini collegati ai processi di costruzione statale in Europa, che grosso modo si possono suddividere in base al loro verificarsi in ambiti \u00abnazionali\u00bb oppure \u00abimperiali\u00bb.<\/p>\n<p style=\"text-align: justify;\">Quasi tutti ebbero luogo nella regione (definita da Lewis Namier \u00abmedio oriente europeo\u00bb) ricoperta dai quattro imperi crollati a seguito della prima guerra mondiale e teatro della guerra nazi-sovietica durante la seconda. In quest\u2019area i rapporti tra le nazionalit\u00e0 e le classi erano strettamente collegati, e le \u00e9lite dominanti appartenevano ad alcuni gruppi nazionali che, pur essendo spesso minoritari e talvolta privi di potere politico, monopolizzavano gli strati sociali pi\u00f9 elevati e avevano creato reticoli di centri urbani \u00abalieni\u00bb, \u00abatolli\u00bb (tedeschi ma anche russi, polacchi, ungheresi, italiani ecc. spesso con una forte partecipazione ebraica) in un \u00aboceano\u00bb contadino (ceco, ucraino, rumeno, sloveno ecc.) diverso dal punto di vista religioso, linguistico e culturale. In queste condizioni, facilmente &#8211; anche se non inevitabilmente &#8211; la lotta per l&#8217;emancipazione nazionale e sociale (spesso una cosa sola) sfociava nella \u00abpurificazione etnica\u00bb. Perci\u00f2 la progressiva affermazione del principio di nazionalit\u00e0 come base dell&#8217;organizzazione politica coincise con la cacciata delle cosiddette <em>master nations<\/em> (altra espressione di Namier).<\/p>\n<p style=\"text-align: justify;\">Il \u00abpicco\u00bb di questo fenomeno si ebbe durante gli anni Quaranta e in questa prospettiva, la seconda guerra mondiale rappresenta il culmine i della nuova, e spesso forzosa, <em>Volkerwanderung<\/em>, iniziata coi sommovimenti sociali del XIX secolo [&#8230;] accelerata e proseguita dal primo conflitto mondiale e fatta esplodere dopo il 1939 dalle deportazioni sovietiche e tedesche, dai feroci regolamenti di conti nazionali condotti all&#8217;ombra della guerra i maggiore [&#8230;] e dalle dislocazioni direttamente prodotte dalle operazioni di questa guerra (7).<\/p>\n<p style=\"text-align: justify;\">Il fatto che furono le deportazioni naziste e sovietiche a dare il segnale d&#8217;inizio della grande \u00ab<em>Volkenvanderung<\/em> coatta\u00bb degli anni Quaranta permette di intravedere il legame &#8211; tanto ideologico (il \u00absocialismo nazionale\u00bb divenne l&#8217;ideologia ufficiale della \u00abpurificazione etnica\u00bb del medio oriente europeo) quanto pratico (senza l&#8217;applicazione di metodi \u00abnazisti\u00bb o \u00absovietici\u00bb, la cacciata dei \u00abpopoli signori\u00bb sarebbe probabilmente proseguita in forme diverse, lungo un arco i di tempo considerevolmente pi\u00f9 lungo, e in ultima analisi senza che avesse luogo la <em>Volkerwanderung)<\/em> &#8211; tra la dimensione \u00abnazionale\u00bb e quella \u00abimperiale\u00bb del fenomeno.<\/p>\n<p style=\"text-align: justify;\">Agli esodi, deportazioni e stermini subiti dalle <em>master nations<\/em> in ritirata si affiancarono infatti quelli; compiuti dalle stesse nella lotta per conservare la propria supremazia politica &#8211; che implicava il tentativo di tenere in vita, o restaurare, i le formazioni statali \u00abimperiali\u00bb, nel corso del quale si fece ricorso a \u00abtecnologie coloniali\u00bb per la gestione della popolazione. Queste includevano la \u00abcategorizzazione\u00bb della stessa in base alla sua maggiore o minore affidabilit\u00e0, e quindi un trattamento \u00abadeguato\u00bb alla classificazione &#8211; che poteva giungere alla deportazione, e talvolta allo sterminio, per motivi \u00abprofilattici\u00bb.<\/p>\n<p style=\"text-align: justify;\">Queste pratiche erano tutt&#8217;altro che nuove e fanno parte della storia di tutti gli imperi, ma la guerra-rivoluzione europea del XX secolo fu testimone anche in questo campo di un \u00absalto di qualit\u00e0\u00bb, dovuto senz&#8217;altro all&#8217;estrema violenza dei conflitti armati che avvenivano sullo sfondo. Di fatto, fra tutti i trasferimenti forzati di popolazione furono proprio alcuni di quelli verificatisi in ambiti imperiali a toccare punte estreme di violenza &#8211; come dimostrano il genocidio armeno del 1915-16, quello ucraino del 1932-35 e quello ebraico del 1941-44, tutti verificatisi in ambiti imperiali gi\u00e0 esistenti o in via di formazione (8).<\/p>\n<p style=\"text-align: justify;\">\u00c8 di particolare interesse il fatto che la maggior parte degli spostamenti di popolazione verificatisi in contesti imperiali ebbero luogo in Unione Sovietica: tra il 1920 e il 1952 il regime sovietico incluse la deportazione in massa dei propri nemici interni fra le proprie \u00abprocedure operative correnti\u00bb, anche in periodi di pace.<\/p>\n<p style=\"text-align: justify;\">Di fatto, dal 1928 fino alla morte di Stalin non vi fu quasi anno in cui non si verificasse almeno una deportazione in massa, che era il modo in cui lo stato sovietico si sbarazzava di intere categorie di persone considerate \u00abinaffidabili\u00bb o \u00abpericolose\u00bb, ma contro le quali non si riteneva necessario (o desiderabile) procedere caso per caso. Tale politica, che ebbe un&#8217;influenza perniciosa a livello europeo, influ\u00ec molto sulla percezione dell&#8217;Urss come un impero e alla lunga contribu\u00ec al suo collasso (9).<\/p>\n<p style=\"text-align: center;\"><strong>DALLE GUERRE BALCANICHE AL GENOCIDIO ARMENO<\/strong><\/p>\n<p style=\"text-align: justify;\">L\u2019ultima delle ondate di spostamenti forzati di popolazione connesse alla \u00abritirata\u00bb dell&#8217;Impero ottomano dal continente europeo ebbe inizio con le due guerre balcaniche del 1912-1913, che furono entrambe contrassegnate da atrocit\u00e0 su larga scala: stupri, massacri e saccheggi indussero la popolazione civile musulmana a fuggire in massa davanti agli eserciti della lega balcanica, e non mancarono episodi di conversione forzata al cristianesimo.<\/p>\n<p style=\"text-align: justify;\">Il numero dei fuggiaschi \u00e8 stimato, in mancanza di statistiche attendibili, a circa 100.000; nel 1915, in seguito alla seconda guerra balcanica, vi fu poi una serie di movimenti di popolazione fra gli stati cristiani che avevano sconfitto l&#8217;Impero ottomano, e nel 1913 15.000 bulgari lasciarono la Macedonia al seguito del proprio esercito mentre 80.000 greci abbandonavano le loro case nelle aree assegnate a Serbia e Bulgaria dal trattato di Bucarest.<\/p>\n<p style=\"text-align: justify;\">Gli spostamenti, pi\u00f9 o meno forzati, di popolazione continuarono nel 1914, anno in cui 250.000 musulmani emigrarono in Turchia dagli stati balcanici, mentre 200.000 greci della Tracia orientale venivano espulsi verso la Grecia o deportati verso l&#8217;interno dell&#8217;Asia minore. In seguito, durante la guerra, altri 36.000 greci sarebbero stati deportati dalla Macedonia occupata dai bulgari.<\/p>\n<p style=\"text-align: justify;\">A rendere il 1913 una data storica per gli spostamenti forzati di popolazione fu il fatto che per la prima volta nell&#8217;et\u00e0 contemporanea venne firmato un accordo tra due stati (Impero ottomano e Bulgaria) per uno scambio di popolazioni a carattere involontario. Al trattato di pace siglato nel settembre 1913 a Costantinopoli infatti allegata una convenzione (firmata ad Adrianopoli\/Edirne nel novembre dello stesso anno) secondo cui la popolazione che viveva all&#8217;interno di una fascia di 15 chilometri dalle due parti del confine che divideva i due stati doveva essere scambiata: 48.570 musulmani (turchi residenti nella Tracia occidentale) sarebbero stati trasferiti nell&#8217;Impero i ottomano e 46.764 cristiani (bulgari abitanti nella Tracia orientale) in Bulgaria.<\/p>\n<p style=\"text-align: justify;\">Di fatto la maggior parte della popolazione si era gi\u00e0 spostata quando questo accordo fu siglato, per cui lo scopo principale di questo documento, come di altri dello stesso tipo, era sancire \u00a0l&#8217;irreversibilit\u00e0 dell&#8217;evento (10).<\/p>\n<p style=\"text-align: justify;\">La sconfitta militare subita nelle guerre balcaniche ebbe come conseguenza, all\u2019interno dell\u2019Impero ottomano, la sconfitta della fazione costituzionalista dell\u2019<em>Ittiahad <\/em>e il trionfo dell&#8217;ala rivoluzionaria che, gi\u00e0 a partire dal 1915, intraprese politiche miranti a \u00abliberare\u00bb l&#8217;economia ottomana dal controllo dei sudditi cristiani dell&#8217;impero.<\/p>\n<p style=\"text-align: justify;\">Un risvolto di tale politica fu una campagna terroristica che indusse un gran numero di industriali e commercianti greci a lasciare il paese: fu un primo tentativo, riuscito solo parzialmente, di liberarsi della minoranza greca. A partire dagli inizi del 1914, nel giro di pochi mesi 150.000 persone vennero espulse e costrette a rifugiarsi in Grecia, mentre altre 50.000 venivano deportate verso l&#8217;interno; le deportazioni &#8211; destinate a costare la vita a migliaia di greci &#8211; continuarono fin nel 1915-1916.<\/p>\n<p style=\"text-align: justify;\">Senz&#8217;altro, le motivazioni legate alla sicurezza militare della zona strategicamente sensibile dell&#8217;Anatolia occidentale giocarono un ruolo nel procedere delle deportazioni, perlomeno a partire dallo scoppio della prima guerra mondiale, cui l&#8217;Impero ottomano prese parte dall&#8217;ottobre 1914 andando oltre la pratica &#8211; comune nel corso del conflitto &#8211; di internare gli \u00abstranieri nemici\u00bb e perseguitando anche i propri cittadini considerati \u00abinaffidabili\u00bb, come nazionalisti arabi, sionisti e membri di varie minoranze nazionali.<\/p>\n<p style=\"text-align: justify;\">La persecuzione pi\u00f9 feroce fu quella subita dagli armeni: gi\u00e0 nel dicembre 1914 l&#8217;avanzata ottomana verso Kars e Sarikamis, fu accompagnata da massacri di armeni e altri cristiani, perpetrati in genere dagli <em>hamidiye <\/em>(reparti irregolari di cavalleria curda, grosso modo paragonabili ai cosacchi zaristi), oltre che da saccheggi portati avanti col pretesto delle requisizioni per necessit\u00e0 militare.<\/p>\n<p style=\"text-align: justify;\">Dopo la pesante sconfitta subita dall&#8217;esercito ottomano nei pressi di Sarikamis, nel gennaio 1915, i militari ottomani di nazionalit\u00e0 armena vennero disarmati, inquadrati in battaglioni del lavoro e occasionalmente giustiziati. Tale misura fu il preludio alla successiva deportazione dell&#8217;intera popolazione armena residente nelle retrovie del fronte, decisa nella primavera del 1915 ufficialmente sulla base di considerazioni di sicurezza militare legate alla presunta \u00abinaffidabilit\u00e0\u00bb degli armeni stessi, accusati di simpatizzare per i nemici dell&#8217;Impero ottomano.<\/p>\n<p style=\"text-align: justify;\">L&#8217;ordine ufficiale venne impartito il 27 maggio 1915, con una legge che autorizzava le autorit\u00e0 militari a disporre a loro piacimento delle popolazioni civili sospette di spionaggio e tradimento; deportazioni e omicidi avevano gi\u00e0 avuto inizio nel mese precedente &#8211; in particolare nelle localit\u00e0 di Zeythun e Van, la cui insurrezione, addotta come giustificazione dei successivi massacri, costitu\u00ec l&#8217;occasione per l&#8217;arresto dei principali esponenti della comunit\u00e0 armena di Costantinopoli il 24 aprile 1915, che di fatto diede il via al genocidio.<\/p>\n<p style=\"text-align: justify;\">Tra la fine della primavera e l&#8217;inizio dell&#8217;estate del 1915, l&#8217;ordine di deportare gli armeni &#8211; dapprima ristretto a quelli residenti nell\u2019Anatolia orientale, in seguito esteso anche a quelli che si trovavano negli altri <em>vilayet <\/em>dell&#8217;impero &#8211; fu trasmesso ai funzionali del governo ottomano: con ogni probabilit\u00e0 esistette un piano prestabilito, i come dimostrano le modalit\u00e0 della deportazione, effettuata ovunque in base a uno schema sostanzialmente fisso: disarmo della popolazione, arresto dei membri pi\u00f9 rappresentativi della comunit\u00e0, i quindi l&#8217;esilio sotto la scorta dei paramilitari dell&#8217;Organizzazione Sergreta <em>(Teskil\u00e0t-i Djedida) &#8211; <\/em>una branca dell&#8217;Organizzazione Speciale creata dal comitato centrale dell\u2019<em>Ittihad <\/em>unicamente allo scopo di \u00abrisolvere\u00bb a forza di massacri la questione armena.<\/p>\n<p style=\"text-align: justify;\">I suoi gendarmi erano stati reclutati fra criminali comuni appositamente amnistiati dal governo e la sua azione era coordinata da delegati esecutivi &#8211; i cosiddetti \u00absegretari responsabili\u00bb, uno per ogni <em>vilayet &#8211; <\/em>con poteri i illimitati, ai quali erano subordinate tutte le altre autorit\u00e0 civili e i militari.<\/p>\n<p style=\"text-align: justify;\">L&#8217;esistenza di tale organizzazione \u00e8 di per s\u00e9 una prova dell&#8217;intento genocida delle deportazioni; il modo in cui gli armeni venivano trattati, inoltre, induce a pensare che le autorit\u00e0 non fossero interessate a che arrivassero vivi a destinazione. Ufficialmente, la distesa desertica tra Aleppo e Mosul venne destinata al \u00abreinsediamento\u00bb dei deportati; i pochi sopravvissuti (probabilmente il 15 per cento del totale) vennero internati in campi di concentramento improvvisati, situati lungo il corso dell&#8217;Eufrate, all&#8217;interno dei quali le condizioni di vita erano spaventose e il numero dei decessi elevatissimo.<\/p>\n<p style=\"text-align: justify;\">Molti deportati morirono poco dopo l&#8217;arrivo a destinazione, i molti altri quando, nell&#8217;estate 1916, i campi furono evacuati e nuove \u00a0\u00abmarce della morte\u00bb ebbero inizio nei deserti della Siria e della Mesopotamia.<\/p>\n<p style=\"text-align: justify;\">Allorch\u00e9 nel 1916 il genocidio si avviava alla conclusione, le regioni dell&#8217;Anatolia orientale furono occupate dall&#8217;esercito zarista, che le trov\u00f2 spopolate. Nella primavera del 1917 fu autorizzato il ritorno nelle regioni dell\u2019Armenia orientale dei 150.000 profughi armeni presenti in Transcaucasia: un ritorno, questo, ancora pi\u00f9 tragico in quanto venne seguito a breve\u00a0 dall&#8217;ennesimo sradicamento quando, nell&#8217;inverno seguente, la ritirata dell&#8217;esercito zarista sprofond\u00f2 il Caucaso nel caos pi\u00f9 totale.<\/p>\n<p style=\"text-align: justify;\">Massacri e vendette contro la popolazione musulmana furono compiuti dagli armeni, e le truppe che occuparono Van, Erzurum e Trebisonda si comportarono in maniera a dir poco deplorevole: al tempo stesso, guerre e insurrezioni mieterono un gran numero di vittime fra gli armeni del Caucaso (25.000 dei quali finirono sterminati nel settembre 1918 a Baku durante gli eventi che portarono alla creazione della repubblica dell&#8217;Azerbaigian) e i loro connazionali che negli anni precedenti si erano rifugiati oltre i confini dell&#8217;Impero ottomano: un gran numero di persone &#8211; forse 250.000 &#8211; perirono di fame e d&#8217;inedia nel 1918-1919.<\/p>\n<p style=\"text-align: justify;\">Alla conferenza di pace i delegati armeni presentarono richieste territoriali comprendenti un territorio immenso, e i termini del trattato di S\u00e8vres, firmato nell&#8217;agosto 1920, prevedevano in effetti la creazione di uno stato indipendente armeno che avrebbe compreso una parte delle province di Van, Bitiis, Erzurum e Trebisonda; ma i nazionalisti turchi guidati da Mustaf\u00e0 Remai ripudiarono il trattato di S\u00e8vres e passarono alla controffensiva, che port\u00f2 nel settembre 1920 alla riconquista di Rars e Ardahan.<\/p>\n<p style=\"text-align: justify;\">Queste province vennero \u00abetnicamente ripulite\u00bb da 230.000 armeni, e la sistematica distruzione delle citt\u00e0 e dei villaggi caus\u00f2 all&#8217;incirca 60.000 vittime. Solo l&#8217;intervento dell&#8217;Armata Rossa ferm\u00f2, alle porte di Erevan, l&#8217;esercito turco avanzante; ci\u00f2 evit\u00f2 la probabile estinzione della nazione armena, al prezzo della sua incorporazione nell&#8217;Unione Sovietica. Avvenimenti analoghi ebbero luogo nella Cilicia occupata dalle truppe francesi, dove gli scampati al genocidio avevano cominciato a rimpatriare dalla Siria e dalla Mesopotamia verso la fine del 1919.<\/p>\n<p style=\"text-align: justify;\">Nel 1921, all&#8217;evacuazione della Cilicia da parte dei francesi fece seguito il definitivo esodo dei civili armeni: non vi fu un massacro generale, ma molte migliaia di persone rimasero uccise comunque, soprattutto nelle localit\u00e0 di Marash e Mersin.<\/p>\n<p style=\"text-align: justify;\">Date le sue dimensioni, e soprattutto le modalit\u00e0 con cui si svolse, non \u00e8 facile valutare il numero delle vittime della tragedia che colp\u00ec gli armeni dell&#8217;Anatolia. La cifra oggi generalmente accettata \u00e8 di circa 800.000 morti &#8211; che \u00e8 verosimile se si accetta la premessa che gli armeni presenti sul territorio ottomano fossero 1.295.000 (come asserito dal censimento del 1914) e compatibile con la valutazione che vi fossero in tatto 408.000 armeni nel 1918, sparsi tra il Caucaso e il Medio Oriente.<\/p>\n<p style=\"text-align: justify;\">In ogni caso, quasi tutte le stime pi\u00f9 affidabili concordano sul fatto che le vittime siano state pari ai due terzi della popolazione armena; questo dato, insieme con gli indizi presi in considerazione in precedenza, prova al di l\u00e0 di ogni ragionevole dubbio l&#8217;intento genocida &#8211; tuttora pervicacemente negato da alcune fonti, in particolare da quelle ufficiali turche &#8211; delle deportazioni degli armeni.<\/p>\n<p style=\"text-align: justify;\">Del resto, nei decenni precedenti si erano verificati <em>pogrom <\/em>antiarmeni estremamente efferati e cruenti: dapprima nel 1894-1896 &#8211; con un bilancio di vittime stimato in 200.000 unit\u00e0, cui vanno aggiunti quasi altrettanti emigrati in Transcaucasia, Bulgaria, Europa occidentale e America &#8211; e di nuovo nell&#8217;aprile 1909 in Cilicia, quando le vittime erano state circa 25.000 (in un lasso di tempo molto pi\u00f9 breve e in uno spazio geografico assai pi\u00f9 concentrato).<\/p>\n<p style=\"text-align: justify;\">Non \u00e8 dunque sorprendente che, nell&#8217;ambito di una guerra totale, si verificasse quello che gli osservatori esterni definirono \u00abun massacro peggiore di tutti gli altri massacri\u00bb. In secondo luogo, la leadership ittihadita temeva (non senza ragione) che, in caso di sconfitta, le potenze dell&#8217;Intesa avrebbero concesso agli armeni una regione autonoma o addirittura uno stato indipendente nei <em>vilayet <\/em>dell\u2019Anatolia orientale &#8211; premessa, questo, al definitivo smembramento dei possedimenti rimasti in mano ottomana dopo le disfatte del XIX secolo e delle guerre balcaniche.<\/p>\n<p style=\"text-align: justify;\">Gli armeni erano insomma percepiti come una minaccia mortale alla stessa esistenza dello stato ottomano, oltre che come un elemento di disomogeneit\u00e0 etnica e un potenziale cavallo di Troia delle potenze straniere. Per queste ragioni la leadership ittihadita decise di risolvere \u00abuna volta per tutte\u00bb, attraverso il genocidio, il problema costituito dalla loro presenza nella penisola anatolica.<\/p>\n<p style=\"text-align: justify;\">Il vero obiettivo finale era probabilmente la completa \u00abturchificazione\u00bb della stessa, in vista della quale a un certo punto i curdi stessi &#8211; che avevano avuto una parte non piccola nei massacri degli armeni &#8211; furono presi di mira. Non pi\u00f9 tardi del 1917 ne venne ordinata la deportazione verso l&#8217;Anatolia occidentale e la dispersione in piccole comunit\u00e0 &#8211; preludio alla loro assimilazione. Circa 700.000 civili furono effettivamente \u00abrimossi\u00bb, ufficialmente allo scopo di fare terra bruciata di fronte all&#8217;esercito zarista, e forse la met\u00e0 di essi perirono (11).<\/p>\n<p style=\"text-align: center;\"><strong>LA GUERRA GRECO-TURCA E LA NASCITA DELLA TURCHIA MODERNA<\/strong><\/p>\n<p style=\"text-align: justify;\">La situazione dei greci dell&#8217;Impero ottomano era per certi versi simile a quella degli armeni, con la differenza che i greci potevano far riferimento ad una \u00abmadrepatria esterna\u00bb le cui azioni, per\u00f2, finirono col dare il via alla catena di eventi destinati a porre fine alla plurisecolare esistenza delle comunit\u00e0 elleniche dell&#8217;Asia Minore.<\/p>\n<p style=\"text-align: justify;\">Nel maggio 1919, 20.000 soldati greci sbarcarono a Smirne (Izmir), la pi\u00f9 grande citt\u00e0 della costa mediterranea dell&#8217;Anatolia, abitata prevalentemente da greci; in seguito venne stabilita un&#8217;occupazione militare del litorale egeo della penisola anatolica e del suo immediato retroterra, il cui obiettivo era il perseguimento della cosiddetta <em>Megali Idea, <\/em>il sogno nazionalista di una Grande Grecia che incorporasse i tenitori abitati dai greci dell&#8217;Anatolia e l&#8217;antica capitale bizantina, Costantinopoli: in pratica una ulteriore espansione territoriale dopo quelle che avevano fatto seguito alle guerre balcaniche, che portasse all\u2019inglobamento delle ricche comunit\u00e0 greche delle citt\u00e0 costiere dell&#8217;Asia Minore.<\/p>\n<p style=\"text-align: justify;\">L&#8217;amministrazione del territorio occupato, vessatoria nei confronti dei turchi, ne stimol\u00f2 il nazionalismo rivelandosi uno degli elementi che spianarono la strada al trionfo del movimento rivoluzionario, guidato da Mustaf\u00e0 Kemal, che si stava organizzando nell&#8217;Anatolia centrale. Nell&#8217;estate 1919, al congresso di Erzurum, venne definito un Patto Nazionale, in cui si ribadiva che non sarebbe stata accettata nessuna spartizione territoriale a favore delle minoranze; quando la firma del trattato di S\u00e8vres (1920) rivel\u00f2 l&#8217;incapacit\u00e0 del governo del sultano di difendere i propri interessi, scatt\u00f2 immediatamente la reazione dei kemalisti, sostenuta dall&#8217;esercito, dalla popolazione musulmana e da tutti gli oppositori del sultano; le forze fedeli a quest\u2019ultimo vennero battute, cos\u00ec come, in seguito, quelle francesi che occupavano la Cilicia.<\/p>\n<p style=\"text-align: justify;\">Nel giugno 1921, i greci marciarono nell&#8217;interno dell&#8217;Anatolia nel tentativo di spodestare il governo kemalista; si fermarono in agosto sulle rive del fiume Sakarya e presero a consolidare il proprio controllo del territorio mettendo a ferro e fuoco i villaggi turchi occupati, in una sorta di vendetta per le atrocit\u00e0 subite durante le deportazioni precedenti alla Grande Guerra.<\/p>\n<p style=\"text-align: justify;\">Allorch\u00e9 venne scatenata la controffensiva turca, la ritirata dell&#8217;esercito greco ebbe conseguenze ancor pi\u00f9 devastanti per la popolazione civile: i villaggi furono dati alle fiamme e la popolazione fatta segno ad orribili atrocit\u00e0. Seguirono quindi i turchi avanzanti: il loro contrattacco si trasform\u00f2 rapidamente in una pulizia etnica delle comunit\u00e0 elleniche residenti nell&#8217;Anatolia occidentale, il cui ultimo atto fu il drammatico incendio di Smirne del settembre 1922, che caus\u00f2 tra 10 e 15 mila vittime &#8211; perite tra le fiamme, schiacciate dalla folla, uccise dai soldati turchi o dai saccheggiatori nell&#8217;intervallo tra la fuga dell&#8217;esercito greco e l&#8217;arrivo di quello turco.<\/p>\n<p style=\"text-align: justify;\">Nei mesi successivi alla catastrofe di Smirne pi\u00f9 di un milione di rifugiati raggiunse la Grecia, e questo prima ancora che avesse inizio la conferenza di pace. I decessi si contarono a decine di migliaia durante la fuga, sulle navi e nei campi di accoglienza &#8211; 70.000 profughi morirono di malattia e denutrizione tra il settembre 1922 e il luglio 1923, data della firma del trattato di Losanna.<\/p>\n<p style=\"text-align: justify;\">Gi\u00e0 il 30 gennaio 1923, peraltro, venne firmata la convenzione sullo scambio di popolazioni tra Grecia e Turchia, hi cui la religione fu il principale criterio impiegato per stabilire chi dovesse essere \u00abscambiato\u00bb, tanto che i musulmani cretesi di lingua greca vennero espulsi al pari dei seguaci circassi e curdi della chiesa greco-ortodossa. D&#8217;altro canto, come scrive Guido Franzinetti<\/p>\n<p style=\"text-align: justify;\">L\u2019 affiliazione religiosa era per\u00f2 l&#8217;unico criterio pensabile nel contesto storico ottomano. L&#8217;affermazione di un criterio \u00abetnico\u00bb o \u00abnazionale\u00bb ebbe luogo solo successivamente in Grecia e Turchia. Solo dopo la ridefinizione dei confini (e delle popolazioni) del 1923 fu gradualmente possibile creare uno stato con una popolazione turca per lingua e per cultura e musulmana per confessione, cos\u00ec come solo dopo quell&#8217;anno fu possibile raccogliere in un unico stato la maggior parte delle popolazioni greche della regione. La distruzione i dell&#8217;ellenismo dell&#8217;Asia minore e della presenza turca nei Balcani pose cos\u00ec le i basi per la creazione della Turchia e della Grecia moderne (12)<\/p>\n<p style=\"text-align: justify;\">Fu questa la conseguenza pi\u00f9 rilevante dello scambio di popolazione greco-turco, una cui valutazione deve tener presente quella che Ren\u00e9e Hirschon ha definito \u00abasimmetria dell&#8217;esperienza\u00bb, frutto del diversissimo significato storico e politico che gli eventi del 1922-1923 ebbero per greci e turchi &#8211; un&#8217;enorme sconfitta (la \u00abCatastrofe dell&#8217;Asia Minore\u00bb) per i primi; un grande trionfo, evento fondante dello stato-nazione, per i secondi &#8211; e del diverso impatto che i trasferimenti di popolazione ebbero sugli stati coinvolti.<\/p>\n<p style=\"text-align: justify;\">Difatti, mentre \u00absolo\u00bb circa 350.000 musulmani furono espulsi dal territorio greco e reinsediati in quello turco, circa 1,2 milioni di cristiani ortodossi fecero il percorso opposto. L&#8217;afflusso di tanti profughi rappresent\u00f2 un trauma colossale per la Grecia, la cui popolazione si aggirava intorno ai 4,5 milioni nell&#8217;autunno del 1922: la necessit\u00e0 di sistemare un enorme numero di rifugiati ebbe un impatto grandissimo sulla societ\u00e0 greca.<\/p>\n<p style=\"text-align: justify;\">Vi furono forti tensioni tra \u00abautoctoni\u00bb e profughi, e i secondi dovettero fronteggiare l&#8217;esclusione sociale e forti pregiudizi &#8211; per quanto anche tra di essi si sviluppassero fenomeni razzisti, come l&#8217;antisemitismo che si diffuse tra quanti vennero insediati nella Grecia settentrionale e in particolare a Salonicco.<\/p>\n<p style=\"text-align: justify;\">Buona parte delle terre destinate ad accogliere i profughi vennero reperite nelle regioni settentrionali conquistate dalla Grecia nelle guerre balcaniche, alterandone la composizione nazionale e sancendone la \u00abgrecit\u00e0\u00bb; altra terra venne dai latifondi, espropriati e divisi in piccoli appezzamenti in una delle pi\u00f9 radicali riforme agrarie verificatesi in Europa tra le due guerre mondiali, fonte di tensioni politiche e sociali che non si placarono per lungo tempo e riesplosero durante la guerra civile del 1944-1949.<\/p>\n<p style=\"text-align: justify;\">Le conseguenze dello scambio di popolazioni in Turchia furono ben diverse e in un certo senso minori, ma non trascurabili: la rimozione dall\u2019Anatolia degli abitanti pi\u00f9 socialmente ed economicamente avanzati fece s\u00ec che essi venissero rimpiazzati da operatori economici musulmani, assai pi\u00f9 dipendenti dallo stato &#8211; al quale dovevano la propria promozione sociale, legata alle politiche di \u00abturchificazione\u00bb.<\/p>\n<p style=\"text-align: justify;\">Le relazioni fra stato e societ\u00e0 nella nuova repubblica turca furono caratterizzate da rapporti di forza relativi assai favorevoli al primo, e gli effetti economici dello scambio di popolazioni furono sostanzialmente negativi per la Turchia (13)<\/p>\n<p style=\"text-align: center;\"><strong>LA DISSOLUZIONE DELL\u2019IMPERO ZARISTA (1914-1924)<\/strong><\/p>\n<p style=\"text-align: justify;\">L&#8217;importanza delle deportazioni zariste del 1914-1915 sta nel loro essere uno dei primissimi casi di migrazioni forzate organizzate da uno stato nel XX secolo, temporalmente precedente alla deportazione-genocidio degli armeni dell&#8217;impero ottomano, con cui hanno in effetti alcuni punti di contatto, bench\u00e9 le differenze siano molto pi\u00f9 importanti.<\/p>\n<p style=\"text-align: justify;\">In principio, il loro scopo fu l&#8217;internamento degli \u00abstranieri nemici\u00bb in et\u00e0 di servizio militare, imprigionati e deportati su carri merci verso campi situati nell&#8217;interno dell&#8217;impero. Furono interessati in tutto circa 50.000 individui, ma ben presto gli ordini di deportazione vennero progressivamente estesi: il numero totale di persone colpite da queste misure \u00e8 valutabile in 300.000 unit\u00e0, ed \u00e8 pari a quello dei civili stranieri deportati nell&#8217;interno della Russia dai tenitori occupati dall&#8217;esercito zarista.<\/p>\n<p style=\"text-align: justify;\">Nel contesto dell&#8217;impero zarista, tali deportazioni ebbero un significato che va oltre quello legato a pure considerazioni di sicurezza militare: il ruolo sociale e l&#8217;importanza nella vita economica dell&#8217;impero zarista degli \u00abstranieri nemici\u00bb era infatti notevole &#8211; assai superiore che in qualunque altro stato belligerante &#8211; per cui la loro deportazione si ricolleg\u00f2 ai programmi di nazionalizzazione delle loro propriet\u00e0 e divenne parte di un pi\u00f9 vasto progetto di trasformazioni economiche, sociali e demografiche, sostenuto da un ampio consenso popolare.<\/p>\n<p style=\"text-align: justify;\">Alle deportazioni degli \u00abstranieri nemici\u00bb si aggiunsero ben presto quelle dei cittadini dell&#8217;impero zarista di etnia tedesca, il cui sviluppo fu per\u00f2 diametralmente opposto, perch\u00e9 da principio colpirono indiscriminatamente tutti i residenti di determinati territori posti sotto amministrazione militare, ma in seguito furono limitate alla \u00abrimozione\u00bb dei piccoli proprietari terrieri.<\/p>\n<p style=\"text-align: justify;\">Il governo zarista desiderava infatti espropriarne le terre in via permanente e questo fece s\u00ec che la loro deportazione, concepita originariamente come misura di sicurezza temporanea, si trasformasse in un programma destinato ad alterare la composizione demografica e nazionale dei territori di confine dell\u2019impero.<\/p>\n<p style=\"text-align: justify;\">La legge che regolava le espropriazioni, approvata nel febbraio 1915, nel dicembre di quello stesso anno venne estesa non solo alla maggior parte della Russia europea, ma anche alla Finlandia, al Caucaso e alla regione dell&#8217;Amur: famiglie di origine tedesca residenti da generazioni in Volinia, in Podolia o addirittura nella regione ; del Volga vennero deportate in Siberia ed Asia centrale. Sul finire del |1916, poi, l&#8217;approvazione di una \u00ablegge di liquidazione\u00bb fece s\u00ec che la minaccia della deportazione pendesse su tutti i tedeschi etnici residenti nell&#8217;impero zarista: solo gli sconvolgimenti rivoluzionari del 1917 fecero s\u00ec che questa minaccia non si concretizzasse.<\/p>\n<p style=\"text-align: justify;\">Da ultimo, vennero coinvolti anche gli ebrei residenti nella parte occidentale dell&#8217;impero zarista: uno dei primi casi di espulsione dell&#8217;intera popolazione ebraica di una localit\u00e0 si verific\u00f2 nel settembre 1914 a Pulawy, e a partire dalla primavera del 1915 vi furono deportazioni in massa di residenti ebrei di alcune zone, talvolta intere province; le deportazioni vennero accompagnate da una vera e propria ondata di violenze, saccheggi, ruberie e veri e propri pogrom iniziati quasi sempre dai cosacchi.<\/p>\n<p style=\"text-align: justify;\">La partecipazione (diretta o indiretta) dei militari fu una caratteristica di queste violenze, antesignano di quelle assai pi\u00f9 massicce e letali che avvennero nel 1918-1919 concentrandosi, non casualmente, nelle aree che avevano conosciuto la pi\u00f9 massiccia immigrazione di ebrei (il numero complessivo delle persone coinvolte, tra deportati e semplici rifugiati, oscill\u00f2 tra 500.000 e un milione) durante la guerra e all&#8217;indomani dell&#8217;abolizione, avvenuta nel 1915, della \u00abregione degli insediamenti\u00bb. Da ultimo, comunque, i militari &#8211; spinti anche dall&#8217;opposizione delle autorit\u00e0 civili &#8211; misero fine a queste misure sostituendole con la sistematica presa hi ostaggio di membri eminenti delle comunit\u00e0 ebraiche.<\/p>\n<p style=\"text-align: justify;\">Oltre che nelle operazioni di massa contro stranieri nemici e cittadini dell&#8217;impero zarista di etnia ebraica o tedesca, le deportazioni furono impiegate su base individuale a danno di persone ritenute \u00abindesiderabili\u00bb o in qualche modo pericolose per lo sforzo bellico. Nelle province baltiche vi fu una campagna di persecuzioni religiose contro i non aderenti all&#8217;ortodossia, con la deportazione di pastori protestanti tedeschi dalla Curlandia e di preti cattolici dalle province polacche; furono prese a bersaglio anche le leadership politiche nazionali, soprattutto nei territori occupati dall&#8217;esercito zarista.<\/p>\n<p style=\"text-align: justify;\">Com&#8217;\u00e8 facile comprendere, le conseguenze delle deportazioni furono contraddittorie e, in larga parte, non volute &#8211; anche se, forse, facili da prevedere. Esse scatenarono nuovi conflitti nazionali e sociali, innanzitutto nelle localit\u00e0 dove i deportati si stabilivano (solo una piccola parte di essi venne effettivamente imprigionata o reclusa in campi); stimolarono la \u00abcoscienza nazionale- delle comunit\u00e0 prese a bersaglio, in particolare di quella tedesca allorch\u00e9 molti coloni provenienti dalla Polonia, dal Baltico, dall&#8217;Ucraina e da altre regioni di confine come la Volinia e la Bessarabia furono \u00abreinsediati\u00bb tra i loro connazionali della regione del Volga (un processo in qualche modo analogo si verific\u00f2 fra gli ebrei); da ultimo accrebbero il ruolo dei polacchi in Polonia, di lituani, lettoni ed estoni nel Baltico, degli ucraini in Ucraina e cosi via, aprendo la strada alle loro rivendicazioni nazionali e l&#8217;importanza di questo fatto pu\u00f2 essere misurata in base al ruolo che tali questioni avrebbero svolto nelle rivoluzioni del 1917, e nei conflitti seguenti (14).<\/p>\n<p style=\"text-align: justify;\">Per quanto numerosi, i deportati costituirono comunque solo una parte dell&#8217;alluvione di rifugiati che si rivers\u00f2 verso l&#8217;interno dell&#8217;impero zarista a partire dal 1915, risultato del fatto che il fronte orientale rimase relativamente mobile, e il succedersi di avanzate e ritirate caus\u00f2 esodi di vasta portata.<\/p>\n<p style=\"text-align: justify;\">Questo fenomeno fu il risultato sia della reazione spontanea di civili impauriti dall&#8217;approssimarsi del nemico sia della tattica della \u00abterra bruciata\u00bb praticata dall&#8217;esercito zarista in ritirata, che includeva talvolta l&#8217;evacuazione dei civili residenti nelle regioni vicine alla linea del fronte (un caso del genere si verific\u00f2 a Varsavia, i cui abitanti vennero forzati ad abbandonare la citt\u00e0 sul punto di cadere in mani nemiche).<\/p>\n<p style=\"text-align: justify;\">La \u00abgrande ritirata\u00bb del 1915 provoc\u00f2 : quindi un enorme numero di rifugiati: si calcola che ve ne fossero 3,3 milioni a fine anno e addirittura 7,4 milioni a luglio 1917 Un abitante su venti dell&#8217;impero zarista era un rifugiato e nelle regioni di confine la percentuale era di gran lunga pi\u00f9 elevata: non meno di 1,4 milioni di civili &#8211; pari al 20 per cento e pi\u00f9 della popolazione &#8211; abbandonarono i soli tenitori facenti oggi parte della Bielorussia.<\/p>\n<p style=\"text-align: justify;\">Non \u00e8 facile stabilire la composizione nazionale di quella che era ormai divenuta una vera e propria popolazione, ma un&#8217;indagine condotta a met\u00e0 del 1916 indica come la maggior parte dei rifugiati (due terzi) fossero slavi orientali, bench\u00e9 vi fosse un alto (in termini sia assoluti che relativi) numero di polacchi, ebrei e baltici. Affamati, infreddoliti e spesso ammalati di colera o di tifo, questi sventurati approdarono in destinazioni improbabili, ben lontane dai loro luoghi natii: nel maggio 1916 ve ne erano negli Urali, in Siberia, in Asia centrale e in Estremo Oriente.<\/p>\n<p style=\"text-align: justify;\">\u00c8 possibile sostenere che queste migrazioni abbiano svolto un ruolo non secondario nella \u00abnazionalizzazione\u00bb di quanti vi furono coinvolti: ai rifugiati veniva richiesto di registrarsi in base alla propria nazionalit\u00e0 e al luogo di provenienza, in modo da stabilire quale comitato di assistenza dovesse prendersene cura.<\/p>\n<p style=\"text-align: justify;\">Data la scarsit\u00e0 di risorse disponibili, lo stato zarista si affid\u00f2 largamente a comitati per il soccorso ai rifugiati organizzati su base nazionale, in grado di poter mobilitare, a supporto della loro causa, i connazionali facenti parte delle \u00abdiaspore\u00bb residenti sia nell&#8217;impero stesso sia all&#8217;estero.<\/p>\n<p style=\"text-align: justify;\">Quanti operavano nei comitati in questione s&#8217;impegnarono a sensibilizzare i loro assistiti ad un messaggio politico nazionalista &#8211; trovando terreno fertile tra persone la cui coscienza nazionale venne presumibilmente rafforzata dall&#8217;esperienza dello sradicamento, del contatto con popolazioni diverse e della condivisione con i propri connazionali delle sofferenze causate dalla guerra.<\/p>\n<p style=\"text-align: justify;\">Quanto ci\u00f2 fosse importante lo dimostra il fatto che, mentre le autorit\u00e0 zariste fecero il possibile per frustrare gli sforzi dell`intellighenzia ucraina e bielorussa per creare \u00abcomitati di soccorso\u00bb su base nazionale, i rifugiati russi pretesero ad un certo punto un&#8217;organizzazione a loro dedicala che fosse analoga a quelle di cui disponevano le altre nazionalit\u00e0. Venne quindi creato un \u00abcomitato pan-russo per l&#8217;assistenza ai rifugiati\u00bb, ma solamente nel settembre 1915 &#8211; e il fatto che (ad esempio) un suo omologo lituano esistesse fin dal luglio 1914 sembra confermare le ipotesi che sono state avanzate circa l&#8217;incompletezza (ancora a quell&#8217;epoca) del processo di \u00abcostruzione nazionale\u00bb russo (15).<\/p>\n<p style=\"text-align: justify;\">Allorch\u00e9 nel marzo 1918 il trattato di Brest-Litovsk proclam\u00f2 la cessazione delle ostilit\u00e0, molti profughi respinti verso est dall\u2019avanzata austro-tedesca cercarono di tornare alle proprie case: tra maggio e novembre 1918 400.000 persone abbandonarono la Russia sovietica per tornare in tenitori ancora occupati dai tedeschi. Questi furono poi obbligati dalla sconfitta militare subita in occidente a lasciare la presa sulle terre strappate all&#8217;impero zarista: a quel punto l&#8217;indipendenza puramente formale che avevano garantito alla Polonia ed ai paesi baltici divenne reale, e i processi di costruzione statale poterono avere luogo senza essere intralciati dagli occupanti.<\/p>\n<p style=\"text-align: justify;\">ha quest&#8217;ambito si situa il rimpatrio dei profughi rimanenti, che erano la stragrande maggioranza, e ai quali se ne aggiunsero altri ancora in seguito. La maggior parte dei rifugiati lettoni rimpatri\u00f2 nel 1920-22: entro il 1924 ne erano rientrati 225.000, mentre 186.000 rimasero in territorio sovietico. Alla stessa data, 350.000 rifugiati provenienti dalla Lituania erano rimpatriati, e costituivano un sesto della popolazione del nuovo stato lituano indipendente &#8211; che, pur proclamando di perseguire una politica di non discriminazione, di fatto assicur\u00f2 un trattamento preferenziale ai rifugiati lituani e scoraggi\u00f2 il rimpatrio degli appartenenti ad altre nazionalit\u00e0.<\/p>\n<p style=\"text-align: justify;\">Estonia e Lettonia incoraggiarono l&#8217;emigrazione dei <em>Deutschbalten<\/em> che, fino al 1914, avevano ricoperto un ruolo dominante nella vita di quelle regioni a dispetto della loro scarsa consistenza numerica &#8211; ponendosi alla testa dei tentativi tedeschi di annettere Livonia, Curlandia ed Estonia nel 1914-1918 e poi tentando di tenere comunque in vita un&#8217;egemonia tedesca nel Baltico nonostante la sconfitta militare, attraverso l&#8217;attivit\u00e0 del generale von der Goltz e dei suoi <em>Freikorps<\/em>.<\/p>\n<p style=\"text-align: justify;\">Non sorprendentemente, finirono nel mirino dei nazionalisti locali e divennero il bersaglio di riforme agrarie miranti a spezzare il predominio economico e sociale di quella che era ora divenuta una minoranza straniera. Il loro numero fin\u00ec per declinare costantemente a causa dell&#8217;emigrazione e nel 1959 essi erano ormai poco pi\u00f9 della met\u00e0 che nel 1914.<\/p>\n<p style=\"text-align: justify;\">Quanto alla Polonia, secondo le statistiche ufficiali il numero dei rimpatri ammont\u00f2 a 1,2 milioni tra il 1918 e il 1922, di cui il 37 per cento dichiararono di essere polacchi; il 20 per cento si dichiararono russi o ucraini e ben il 40 bielorussi (fra costoro vi erano probabilmente molti ebrei). \u00a0Molti di questi ultimi s\u2019insediarono nelle regioni di confine orientali, dove tali nazionalit\u00e0 costituivano la maggioranza; il comportamento di un&#8217;amministrazione che ammetteva in via preferenziale i polacchi, incoraggiandone lo stanziamento in aree abitate prevalentemente da ucraini e bielorussi, si rivel\u00f2 in ultima analisi inutile a conseguire l&#8217;obiettivo della \u00abpolonizzazione\u00bb malgrado circa 100.000 bielorussi emigrassero (alcuni verso la Lettonia) a causa delle repressioni (16).<\/p>\n<p style=\"text-align: center;\"><strong>LA RIVOLUZIONE BOLSCEVICA E L\u2019UNIONE SOVIETICA (1918-1939)<\/strong><\/p>\n<p style=\"text-align: justify;\">In Unione Sovietica, dove sotto Stalin gli spostamenti forzati di popolazione sarebbero divenuti un vero e proprio metodo di governo, i precedenti di tale pratica vennero stabiliti negli anni della cosiddetta \u00abguerra civile russa\u00bb: \u00e8 dunque molto importante esaminare le prime deportazioni organizzate dal potere bolscevico a danno di \u00absegmenti\u00bb della popolazione considerati \u00abinaffidabili\u00bb dai nuovi detentori del potere.<\/p>\n<p style=\"text-align: justify;\">Il primo spostamento forzato di popolazione dell&#8217;era sovietica venne ordinato gi\u00e0 nell&#8217;aprile-maggio 1918 a danno degli abitanti di quattro insediamenti cosacchi destinati ad essere rimossi con la forza in base ad un ordine del soviet dell\u2019<em>oblast<\/em> di Terskaya. A livello del governo centrale, nel gennaio 1919 il comitato centrale del partito comunista decret\u00f2 la \u00abdecosacchizzazione\u00bb, ovverosia l&#8217;eliminazione dei cosacchi del Don e del Kuban&#8217; come gruppo sociale; tale politica includeva gli spostamenti forzati di popolazione tra i mezzi per la sua attuazione e nel marzo 1919 il capo del partito nella regione del Don fece richiesta alla dirigenza di deportare ai lavori forzati tutti gli uomini cosacchi dai 18 ai 55 anni di et\u00e0, e di insediare sul Don contadini delle regioni centrali della Russia.<\/p>\n<p style=\"text-align: justify;\">Nell&#8217;immediato, venne attuato uno \u00abspietato terrore di massa\u00bb che suscit\u00f2 una insurrezione in piena regola, tale da scacciare l&#8217;Armata Rossa dalla regione del Don; segu\u00ec un mutamento di politica nei riguardi dei cosacchi, ma quando le sorti della guerra civile s\u2019invertirono, la nuova occupazione fu spietata quasi quanto la precedente<\/p>\n<p style=\"text-align: justify;\">Vittime di spostamenti forzati di popolazione furono soprattutto i cosacchi residenti nel Caucaso settentrionale, deportati a decine di migliaia nel 1920-1921. Le terre liberatesi in tal modo furono assegnate a cosacchi che avevano combattuto con i rossi o a contadini senza terra e pastori ingusci e ceceni, risospinti verso terreni meno fertili nei decenni precedenti, che ora poterono invece insediarsi su i terreni pi\u00f9 produttivi, spesso andando a occupare i villaggi cosacchi i svuotati, cui assegnarono nuovi nomi.<\/p>\n<p style=\"text-align: justify;\">Un&#8217;altra area dove la colonizzazione zarista aveva emarginato sulle terre peggiori i nativi &#8211; in questo caso nomadi kazaki e kirghisi, che utilizzavano i terreni loro sottratti come pascolo per le mandrie &#8211; era la regione del Semirech&#8217;e, in Asia centrale. Anche in questo caso la colonizzazione cosacca era stata significativa (alla vigilia della prima guerra mondiale nella regione vivevano circa 40.000 cosacchi), e ad essa si era aggiunto l&#8217;afflusso di centinaia di migliaia di contadini russi e ucraini nei primi anni del XX secolo; le tensioni sociali risultanti da questa politica esplosero in una sanguinosa rivolta scoppiata nel 1916 in seguito al tentativo di mobilitare i nomadi nell&#8217;esercito zarista, e repressa con tale spietatezza che la popolazione nativa si ridusse in media di pi\u00f9 del 20 per cento (in certi distretti di due terzi) entro il gennaio 1917, a seguito di decessi &#8211; che si contarono a decine di migliaia &#8211; e spostamenti forzati di popolazione verso le montagne e oltre i confini.<\/p>\n<p style=\"text-align: justify;\">Alla fine del 1916 i rifugiati kazaki e kirghisi nel Sinkiang cinese erano 300.000; solo la rivoluzione del 1917 imped\u00ec la messa in pratica di un piano che prevedeva l&#8217;espulsione di tutta la popolazione kirghisa dalle regioni della valle del Chu e dall&#8217;area che circondava il lago Issyk-Kul.<\/p>\n<p style=\"text-align: justify;\">All&#8217;indomani di questi eventi, i soldati-contadini russi di ritorno dal fronte della prima guerra mondiale approfittarono del caos in cui versava la regione per impadronirsi di altre terre dei nomadi: queste appropriazioni furono particolarmente massicce nel Semirech&#8217;e, ma nel giugno 1920 venne decretata una riforma agraria da realizzarsi attraverso la sistematica deportazione degli \u00abelementi russi\u00bb e, secondo cifre ufficiali, alla fine del 1922 circa 15.000 abitanti di una sessantina di insediamenti erano stati espropriati, e la maggior parte delle loro terre assegnate ai nativi.<\/p>\n<p style=\"text-align: justify;\">Quello che accadde, in pratica, fu che le autorit\u00e0 sovietiche cercarono di ottenere l\u2019appoggio della\u00a0 popolazione nativa promettendo a quest&#8217;ultima non solo di mettere fine alla colonizzazione slava, ma anche di restituire le molte terre di cui i coloni si erano appropriati i tra il 1916 e il 1920.<\/p>\n<p style=\"text-align: justify;\">Il\u00a0 risultato fu che la riforma agraria, che ebbe luogo (non solo nel Semirech&#8217;e) tra il gennaio 1921 e il dicembre i 1922, port\u00f2 ad espulsioni massicce di coloni slavi e cosacchi, a seguito delle quali il numero di russi residenti in Kazakhstan decrebbe &#8211; tra il 1920 e il 1922 &#8211; di quasi il 20 per cento, passando da 2,7 a 2,2 milioni di persone.<\/p>\n<p style=\"text-align: justify;\">Sempre nel 1921, gli spostamenti forzati di popolazione furono inclusi fra i mezzi da impiegare per la repressione del \u00abbanditismo\u00bb, termine ufficialmente impiegato dal governo sovietico per indicare le rivolte contadine scatenate dalle requisizioni di generi alimentari. Per schiacciare la pi\u00f9 grave di queste rivolte &#8211; scoppiata a met\u00e0 del 1920 nella provincia di Tambov ed estesasi poi nelle regioni del basso Volga e nella Siberia occidentale &#8211; 100.000 persone vennero imprigionate o deportate e quindicimila uccise: molte migliaia di detenuti sarebbero stati spediti nei campi di concentramento di Arcangelo e Holmogory, nella Russia settentrionale (17).<\/p>\n<p style=\"text-align: justify;\">La guerra contro i contadini riprese in grande stile nell&#8217;inverno 1929-1930, quando Stalin lanci\u00f2 la collettivizzazione totale delle campagne &#8211; essenzialmente allo scopo di facilitare l&#8217;estrazione di risorse agricole che fino ad allora lo stato aveva dovuto strappare ogni volta a milioni di nuclei famigliari. Alla collettivizzazione si accompagn\u00f2, a partire dal gennaio 1930, la \u00abdekulakizzazione\u00bb, che si risolse nella deportazione di milioni di veri o presunti kulaki &#8211; di fatto di chiunque si opponesse attivamente alla collettivizzazione, anche se in teoria il kulak era un ricco contadino sfruttatore di manodopera salariata.<\/p>\n<p style=\"text-align: justify;\">Il vero obiettivo era neutralizzare i contadini attraverso l\u2019annientamento della loro \u00e9lite \u2013 una generalizzazione della formula applicata contro i cosacchi all&#8217;inizio del 1919 e raffinata negli anni successivi nel Kuban e a Tambov. La popolazione fu \u00abcategorizzata\u00bb in base alla sua \u00abaffidabilit\u00e0\u00bb e gli \u00abattivisti controrivoluzionari\u00bb destinati all&#8217;arresto o all&#8217;esecuzione &#8211; entro il 1930 la polizia politica ne giustizi\u00f2 oltre 20.000, inviandone 114.000 altri nei campi di lavoro (tanti quanti nei nove anni precedenti).<\/p>\n<p style=\"text-align: justify;\">Le loro famiglie vennero completamente espropriate ed esiliate in zone remote del paese (Siberia, regione settentrionale della Russia, Kazachstan, Urali), insieme ad una seconda categoria di persone considerate meno ostili, che comprendeva indicativamente 150.000 famiglie. E destino di tutti costoro fu tragico: molti morirono di freddo o di malattie, durante gli interminabili trasferimenti in treno oppure una volta giunti nei \u00abluoghi di colonizzazione\u00bb, situati nel bel mezzo della steppa o della taiga siberiana, a debita distanza dalle vie di comunicazione.<\/p>\n<p style=\"text-align: justify;\">Entro la fine del 1930 erano gi\u00e0 state deportate circa 550.000 persone: a tale cifra va aggiunta quella degli appartenenti alla \u00abterza categoria\u00bb, circa 250.000 persone trasferite in aree marginali, dal punto di vista geografico e\/o della qualit\u00e0 del suolo, delle regioni in cui risiedevano. In seguito il loro numero arriv\u00f2 ad eguagliare quello dei deportati in zone remote, ai quali da ultimo furono assimilati.<\/p>\n<p style=\"text-align: justify;\">L&#8217;anno seguente, a partire dal mese di marzo, una nuova ondata di deportazioni colp\u00ec anche i tenitori che fino ad allora erano stati risparmiati, come l&#8217;Asia centrale. In totale, secondo i dati ufficiali tra il 1930 e il 1931 furono deportate pi\u00f9 di 380.000 famiglie, per un totale di 1,8 milioni di persone: di queste, circa mezzo milione mancava all&#8217;appello il 1\u00b0 gennaio 1932, e anche se molti di costoro erano indubbiamente fuggiti il numero dei decessi dovette essere ugualmente elevato, per cui centinaia di migliaia di contadini e di nomadi morirono prima della grande carestia che tra il 1931 e il 1933 colp\u00ec tutta l&#8217;Unione Sovietica, infierendo particolarmente sull&#8217;Asia centrale e soprattutto sull&#8217;Ucraina, dove assunse connotati genocidi.<\/p>\n<p style=\"text-align: justify;\">In Asia centrale, su ordine delle autorit\u00e0 sovietiche quanti vivevano su terreni adatti alla coltivazione furono trasferiti forzatamente allo scopo di trasformare i pascoli in terreni agricoli; tali misure si risolsero nella deportazione dei nomadi su terre marginali e poco produttive, ed ebbero il solo effetto di far morire di fame il bestiame &#8211; provocando una catastrofe nel settore dell&#8217;allevamento &#8211; e far scappare i nomadi, che si trovarono di fronte alla prospettiva della morte per fame a causa dell\u2019interruzione degli scambi con le popolazioni sedentarie, da cui dipendevano per la sussistenza, e delle requisizioni del bestiame.<\/p>\n<p style=\"text-align: justify;\">La carestia si generalizz\u00f2 gi\u00e0 nell&#8217;autunno 1931, causando fughe di massa della popolazione verso altre zone dell&#8217;Urss e verso l&#8217;estero. Tale processo coinvolse probabilmente 1.030.000 persone, delle quali 414.000 sarebbero poi rientrate in Kazakhstan, mentre altrettante s&#8217;insediarono in Russia e nelle altre repubbliche centrasiatiche e i rimanenti 200.000 si rifugiarono all&#8217;estero.<\/p>\n<p style=\"text-align: justify;\">In generale, la collettivizzazione si risolse ovunque in un disastro economico: non solo i contadini uccisero il bestiame piuttosto che consegnarlo alle fattorie collettive, provocando al patrimonio zootecnico sovietico pi\u00f9 danni di quanti ne avrebbe fatti l&#8217;invasione tedesca, ma il raccolto dei cereali diminu\u00ec nonostante la superficie coltivata fosse stata estesa; in combinazione con le requisizioni statali (la cui incidenza percentuale sul raccolto aument\u00f2 anzich\u00e9 diminuire, visto che in termini assoluti le \u00abquote\u00bb richieste rimanevano costanti) ci\u00f2 provoc\u00f2 sin dal 1931-1932 un gran numero di morti per inedia, soprattutto nelle regioni cerealicole &#8211; Kazakhstan, Ucraina, Caucaso settentrionale e bacino del Volga.<\/p>\n<p style=\"text-align: justify;\">A partire dall&#8217;autunno 1932, Stalin infatti decise di \u00abusare\u00bb questa carestia \u00abpan-sovietica\u00bb (risultato indiretto, e indesiderato, della collettivizzazione delle campagne) al fine di punire, lasciandoli morire di fame, i contadini che si erano opposti alla collettivizzazione.<\/p>\n<p style=\"text-align: justify;\">La punizione fu particolarmente severa nelle aree in cui la questione contadina s&#8217;intrecciava con quella nazionale: non a caso, perci\u00f2, colp\u00ec con durezza estrema l&#8217;Ucraina (dove alla carestia \u00abpunitiva\u00bb contro i contadini si accompagn\u00f2 una repressione delle \u00e9lite politiche e culturali che anticip\u00f2 la Grande Purga del 1937-38 e segn\u00f2 la fine del \u00abcomunismo nazionale\u00bb) e il Ruban (dove i residenti furono privati dei diritti loro garantiti dalla politica sovietica delle nazionalit\u00e0 e sottoposti a un processo di assimilazione forzata).<\/p>\n<p style=\"text-align: justify;\">In queste regioni &#8211; e solo in queste, a causa di precise scelte politiche della dirigenza sovietica &#8211; la carestia pan-sovietica si trasform\u00f2 nell&#8217;<em>Holodomor<\/em>, la \u00abfame sterminatrice\u00bb, con tratti autenticamente genocidi, che caus\u00f2 milioni di morti in pochi mesi, oltre quelli gi\u00e0 verificatisi nel 1931-1932.<\/p>\n<p style=\"text-align: justify;\">I decessi furono 3,5-3,8 milioni in Ucraina, alcune centinaia di migliaia nelle regioni del Volga (dove le aree abitate da tedeschi furono le pi\u00f9 duramente colpite) e del Caucaso settentrionale, e 1,3-1,5 milioni in Kazakhstan; in questa regione le perdite percentuali tra le popolazione di etnia kazaca furono le pi\u00f9 alte in assoluto, in quanto equivalsero a circa un terzo della stessa. Inoltre, la crisi scatenata dalla carestia port\u00f2, com&#8217;era prevedibile, ad una nuova ondata di repressioni: 268.000 contadini furono deportati nel solo 1953, portando il totale delle persone \u00abreinsediate\u00bb a forza in regioni remote a 2,3 milioni.<\/p>\n<p style=\"text-align: justify;\">Nella storia degli spostamenti forzati di popolazione in Unione Sovietica, il 1933 \u00e8 poi un anno particolarmente importante perch\u00e9 segna il passaggio dalle deportazioni su basi \u00abclassiste\u00bb, che avevano caratterizzato la collettivizzazione e la dekulakizzazione, a quelle su base etnica che si ripeterono quasi ad ogni pie sospinto nei due decenni successivi.<\/p>\n<p style=\"text-align: justify;\">Il punto di svolta fu probabilmente la deportazione di 60.000 cosacchi del Kuban in base a un decreto emanato il 14 dicembre 1932 e attuato nel mese successivo. Sotto certi aspetti si tratt\u00f2 di un ritorno alle pratiche della \u00abdecosacchizzazione\u00bb del 1918-1921, e sotto altri di una delle tante repressioni portate avanti in collegamento con la collettivizzazione e la dekulakizzazione. Mai per\u00f2 prima di allora erano stati coinvolti interi villaggi, n\u00e9 erano state mosse accuse di nazionalismo (ucraino, in quel caso).<\/p>\n<p style=\"text-align: justify;\">Questa componente \u00abetnica\u00bb distingue dunque la deportazione dei cosacchi del Kuban da quelle precedenti e sarebbe divenuta prevalente nelle deportazioni dell&#8217;epoca successiva (18).<\/p>\n<p style=\"text-align: justify;\">Il 1\u00b0 dicembre 1934 l&#8217;assassinio di Kirov diede a Stalin il pretesto per lanciare la pi\u00f9 spietata campagna repressiva della storia sovietica, nonch\u00e9 l&#8217;unica che colp\u00ec anche le \u00e9lite. In realt\u00e0, le violenze contro i vertici politici, militari e sociali sovietici costituirono solo una piccola (bench\u00e9 significativa) parte della \u00abGrande Purga\u00bb, che fece l\u00f2a stragrande maggioranza delle sue vittime nel corso delle \u00aboperazioni di massa\u00bb portate a termine a partire dalla seconda met\u00e0 del 1937 e organizzate in base\u00a0 a precise categorie nazionali e sociali che comprendevano gli ex kulaki, i condannati a pene detentive di una certa rilevanza e gli appartenenti a un certo numero di gruppi etnici considerati \u00abinaffidabili\u00bb.<\/p>\n<p style=\"text-align: justify;\">La Grande Purga segu\u00ec insomma il modello \u00abprofilattico\u00bb e \u00abcategoriale\u00bb delle precedenti repressioni, distinguendosi unicamente per la sua particolare durezza, che comport\u00f2 centinaia di migliaia di esecuzioni. Il desiderio di \u00abripulire\u00bb la societ\u00e0 da potenziali quinte colonne, in previsione di una guerra ormai considerata imminente, sembra esserne stato il principale catalizzatore: la purga prese di mira chiunque avesse un qualche legame con l&#8217;estero suscettibile di essere considerato una minaccia per la sicurezza dello stato sovietico (in base a considerazioni la cui razionalit\u00e0 non esclude una componente paranoica).<\/p>\n<p style=\"text-align: justify;\">Bench\u00e9 in questa categoria rientrassero perfino filatelici ed esperantisti, i principali componenti della stessa erano gli appartenenti a minoranze nazionali facenti riferimento a una \u00abmadrepatria esterna\u00bb ai confini sovietici, le cosiddette \u00abnazionalit\u00e0 della diaspora\u00bb.<\/p>\n<p style=\"text-align: justify;\">Deportazioni su base etnica avevano gi\u00e0 avuto luogo durante la collettivizzazione e la dekulakizzazione: nel marzo 1930 era stato ordinato che le deportazioni di kulaki dall&#8217;Ucraina e dalla Bielorussia coinvolgessero in primo luogo i contadini di nazionalit\u00e0 polacca, per ragioni cui non era estranea l&#8217;ostilit\u00e0 popolare nei loro confronti.<\/p>\n<p style=\"text-align: justify;\">Una sistematica \u00abripulitura\u00bb delle regioni di confine, mirante a sbarazzarle degli elementi \u00abinaffidabili\u00bb, cominci\u00f2 solo nel 1935; in un certo senso si trattava di una replica delle politiche attuate dal regime zarista nel 1914-1915, con la differenza che, per la prima volta in Europa, un provvedimento del genere veniva preso in tempo di pace come misura preventiva.<\/p>\n<p style=\"text-align: justify;\">Nel mirino erano kulaki e appartenenti alle \u00abnazionalit\u00e0 della diaspora\u00bb (tedeschi, polacchi, finlandesi, estoni e lettoni): nel solo 1935 ne furono deportati 41.000 dalle regioni di confine dell&#8217;Ucraina sovietica, 23.000 dalla Carelia e dalla provincia di Leningrado e 22.000 dal Caucaso settentrionale.<\/p>\n<p style=\"text-align: justify;\">Questi ultimi due contingenti furono inviati in Siberia, Asia centrale e Kazakistan, dove, nel 1936, giunsero 70.000 altri polacchi e tedeschi dall&#8217;Ucraina. Fu tuttavia in Estremo Oriente che la \u00abripulitura\u00bb delle zone di confine dagli \u00abelementi inaffidabili\u00bb diede luogo per la prima volta a una vera e propria pulizia etnica.<\/p>\n<p style=\"text-align: justify;\">Ne furono vittime i cittadini sovietici di nazionalit\u00e0 coreana che risiedevano nelle zone di confine con la Manciuria e la Corea e conservavano legami familiari con queste regioni all&#8217;epoca controllate dal Giappone, che, nel 1937, aveva iniziato la conquista della Cina e nel 1939 si sarebbe scontrato con la stessa Unione Sovietica in una breve campagna militare.<\/p>\n<p style=\"text-align: justify;\">Tanto bastava per renderli sospetti e ordinarne la deportazione in massa: entro la fine di ottobre 1937, 172.000 persone vennero stipate su 124 convogli ferroviari e spedite in Asia centrale, dove giunsero dopo un viaggio di un mese in condizioni disumane.<\/p>\n<p style=\"text-align: justify;\">Con loro furono esiliati 11.000 cinesi, mentre furono arrestati centinaia di polacchi, tedeschi, lettoni e lituani (oltre a circa 9.000 membri del partito comunista e dell&#8217;Armata Rossa considerati \u00abinaffidabili\u00bb).<\/p>\n<p style=\"text-align: justify;\">Secondo dati ufficiati, malnutrizione e malattie uccisero 40.000 esiliati (il 22 per cento del totale) entro la fine del 1938, soprattutto vecchi e bambini. Negli anni successivi la mortalit\u00e0 cal\u00f2 bruscamente, anche grazie all&#8217;inserimento dei deportati nella struttura economica delle regioni d&#8217;arrivo.<\/p>\n<p style=\"text-align: justify;\">La maggior parte di loro venne avviata ai lavori agricoli (soprattutto la risicoltura, loro attivit\u00e0 tradizionale) nelle zone fluviali dell&#8217;Uzbekistan e del Kazakhstan. Pi\u00f9 della met\u00e0 delle famiglie fu sistemata in fattorie collettive di soli coreani: paradossalmente, la politica sovietica delle nazionalit\u00e0 restava in vigore anche per le vittime della pulizia etnica<\/p>\n<p style=\"text-align: justify;\">La deportazione di massa dei coreani coincise con il lancio di una massiccia campagna repressiva contro le nazionalit\u00e0 \u00abinaffidabili\u00bb, che prese di mira gli appartenenti a queste ultime in quanto tali e non solo i residenti nelle regioni di confine (bench\u00e9 la \u00abripulitura\u00bb di queste ultime continuasse con deportazioni che colpirono curdi, iraniani e di nuovo i tedeschi dell&#8217;Ucraina).<\/p>\n<p style=\"text-align: justify;\">Gi\u00e0 nel 1936 la Nkvd aveva cominciato una \u00abpurga\u00bb degli emigrati politici presenti in territorio sovietico, che port\u00f2 nelle carceri, nel Gulag e non di rado alla morte molti comunisti stranieri rifugiatisi in territorio sovietico (tedeschi e polacchi per primi). Ben presto cominci\u00f2 per\u00f2 una campagna di arresti su larga scala che, con l&#8217;inizio delle \u00aboperazioni di massa\u00bb nell&#8217;estate del 1937, port\u00f2 a una vera e propria campagna di repressione specificamente diretta contro le nazionalit\u00e0 della diaspora. Il primo bersaglio furono i polacchi, ma ben presto si aggiunsero lettoni, tedeschi, estoni, finlandesi, greci, iraniani, cinesi, romeni, macedoni e bulgari.<\/p>\n<p style=\"text-align: justify;\">Furono anche perseguitati gruppi non-nazionali ugualmente sospetti per i loro legami con l&#8217;estero, dagli immigrati clandestini agli ex prigionieri di guerra, fino agli ex dipendenti della ferrovia della Cina orientale i quali avevano vissuto nella citt\u00e0 cinese di Harbin, centro dell&#8217;emigrazione antibolscevica durante e dopo la i guerra civile, ed erano dunque particolarmente \u00absospetti\u00bb agli occhi del Nkvd nonostante fossero perlopi\u00f9 russi.<\/p>\n<p style=\"text-align: justify;\">Il vero obiettivo della \u00abpurga\u00bb delle nazionalit\u00e0 era insomma la soppressione preventiva di ogni potenziale \u00abquinta colonna\u00bb esistente all&#8217;interno dell&#8217;Unione Sovietica e infatti le nazionalit\u00e0 della diaspora prive di una \u00abmadrepatria esterna\u00bb cui fare riferimento, come gli ebrei o gli assiri, non furono prese di mira.<\/p>\n<p style=\"text-align: justify;\">Anche se non \u00e8 facile fare un bilancio di queste repressioni, si pu\u00f2 affermare senza ombra di dubbio che esse costituirono una parte sostanziale della purga &#8211; su 1,5 milioni arresti per motivi politici tra il 1\u00b0 ottobre 1936 e il 1\u00b0 novembre 1938, 335.000 avvennero nell&#8217;ambito delle \u00aboperazioni nazionali\u00bb &#8211; e furono particolarmente cruente: circa i due terzi dei casi sfociarono in\u00a0 esecuzioni capitali, la cui percentuale in alcuni casi sfior\u00f2 o super\u00f2 l&#8217;80 per cento.<\/p>\n<p style=\"text-align: justify;\">D&#8217;altro canto, nel 1939 i cittadini sovietici rinchiusi nei campi di lavoro forzato erano meno dell&#8217;1 per cento della popolazione complessiva; tale percentuale era perlomeno doppia (e talvolta pi\u00f9 che quadrupla) per alcune nazionalit\u00e0, come i polacchi, i lettoni, i lituani e i tedeschi (19).<\/p>\n<p style=\"text-align: center;\"><strong><a href=\"https:\/\/www.rassegnastampa-totustuus.it\/cattolica\/?p=2201\" target=\"_blank\">vai alle note<\/a><\/strong><\/p>\n","protected":false},"excerpt":{"rendered":"<p>Contemporanea Rivista di storia dell\u2019800 e del \u2018900 anno IX, n.3, luglio 2006\u00a0 (ed Il Mulino) La \u00abguerra-rivoluzione\u00bb europea (1912-1939) di Antonio Ferrara Questo saggio si propone d\u00ec offrire una panoramica della storia delle migrazioni forzate verificatesi nel continente europeo negli anni compresi tra il 1912 e il 1953 (1). \u00c8 questa infatti la periodizzazione &hellip; <\/p>\n<p><a class=\"more-link btn\" href=\"https:\/\/www.rassegnastampa-totustuus.it\/cattolica\/esodi-deportazioni-e-stermini\/\">Continua a leggere<\/a><\/p>\n","protected":false},"author":6,"featured_media":14408,"comment_status":"closed","ping_status":"open","sticky":false,"template":"","format":"standard","meta":{"footnotes":""},"categories":[14,24],"tags":[1344],"class_list":["post-2202","post","type-post","status-publish","format-standard","has-post-thumbnail","hentry","category-europa-e-ue","category-storia","tag-migrazioni-forzate","item-wrap"],"yoast_head":"<!-- This site is optimized with the Yoast SEO plugin v27.5 - https:\/\/yoast.com\/product\/yoast-seo-wordpress\/ -->\n<title>Esodi, deportazioni e stermini. - Rassegna Stampa Cattolica<\/title>\n<meta name=\"description\" content=\"Rassegna Stampa Cattolica - Per una cultura che nasce dalla Rivelazione cristiana in conformit\u00e0 alla tradizione e al Magistero della Chiesa in opposizione ad ogni relativismo e totalitarismo\" \/>\n<meta name=\"robots\" content=\"index, follow, max-snippet:-1, max-image-preview:large, max-video-preview:-1\" \/>\n<link rel=\"canonical\" href=\"https:\/\/www.rassegnastampa-totustuus.it\/cattolica\/esodi-deportazioni-e-stermini\/\" \/>\n<meta property=\"og:locale\" content=\"it_IT\" \/>\n<meta property=\"og:type\" content=\"article\" \/>\n<meta property=\"og:title\" content=\"Esodi, deportazioni e stermini. - Rassegna Stampa Cattolica\" \/>\n<meta property=\"og:description\" content=\"Rassegna Stampa Cattolica - Per una cultura che nasce dalla Rivelazione cristiana in conformit\u00e0 alla tradizione e al Magistero della Chiesa in opposizione ad ogni relativismo e totalitarismo\" \/>\n<meta property=\"og:url\" content=\"https:\/\/www.rassegnastampa-totustuus.it\/cattolica\/esodi-deportazioni-e-stermini\/\" \/>\n<meta property=\"og:site_name\" content=\"Rassegna Stampa Cattolica\" \/>\n<meta property=\"article:publisher\" content=\"https:\/\/www.facebook.com\/rassegnastampacattolica\" \/>\n<meta property=\"article:published_time\" content=\"2006-09-08T07:18:17+00:00\" \/>\n<meta property=\"article:modified_time\" content=\"2015-01-08T09:26:50+00:00\" \/>\n<meta property=\"og:image\" content=\"https:\/\/www.rassegnastampa-totustuus.it\/cattolica\/wp-content\/uploads\/2005\/11\/armenian-genocide-2.jpg\" \/>\n\t<meta property=\"og:image:width\" content=\"351\" \/>\n\t<meta property=\"og:image:height\" content=\"144\" \/>\n\t<meta property=\"og:image:type\" content=\"image\/jpeg\" \/>\n<meta name=\"author\" content=\"Redazione\" \/>\n<meta name=\"twitter:card\" content=\"summary_large_image\" \/>\n<meta name=\"twitter:creator\" content=\"@rassegnastampa9\" \/>\n<meta name=\"twitter:site\" content=\"@rassegnastampa9\" \/>\n<meta name=\"twitter:label1\" content=\"Scritto da\" \/>\n\t<meta name=\"twitter:data1\" content=\"Redazione\" \/>\n\t<meta name=\"twitter:label2\" content=\"Tempo di lettura stimato\" \/>\n\t<meta name=\"twitter:data2\" content=\"44 minuti\" \/>\n<script type=\"application\/ld+json\" class=\"yoast-schema-graph\">{\"@context\":\"https:\\\/\\\/schema.org\",\"@graph\":[{\"@type\":\"Article\",\"@id\":\"https:\\\/\\\/www.rassegnastampa-totustuus.it\\\/cattolica\\\/esodi-deportazioni-e-stermini\\\/#article\",\"isPartOf\":{\"@id\":\"https:\\\/\\\/www.rassegnastampa-totustuus.it\\\/cattolica\\\/esodi-deportazioni-e-stermini\\\/\"},\"author\":{\"name\":\"Redazione\",\"@id\":\"https:\\\/\\\/www.rassegnastampa-totustuus.it\\\/cattolica\\\/#\\\/schema\\\/person\\\/08f319d2bd1a0904ad9e2bfb7b15e5c3\"},\"headline\":\"Esodi, deportazioni e stermini.\",\"datePublished\":\"2006-09-08T07:18:17+00:00\",\"dateModified\":\"2015-01-08T09:26:50+00:00\",\"mainEntityOfPage\":{\"@id\":\"https:\\\/\\\/www.rassegnastampa-totustuus.it\\\/cattolica\\\/esodi-deportazioni-e-stermini\\\/\"},\"wordCount\":9049,\"publisher\":{\"@id\":\"https:\\\/\\\/www.rassegnastampa-totustuus.it\\\/cattolica\\\/#organization\"},\"image\":{\"@id\":\"https:\\\/\\\/www.rassegnastampa-totustuus.it\\\/cattolica\\\/esodi-deportazioni-e-stermini\\\/#primaryimage\"},\"thumbnailUrl\":\"https:\\\/\\\/www.rassegnastampa-totustuus.it\\\/cattolica\\\/wp-content\\\/uploads\\\/2005\\\/11\\\/armenian-genocide-2.jpg\",\"keywords\":[\"migrazioni forzate\"],\"articleSection\":[\"Europa e UE\",\"Storia\"],\"inLanguage\":\"it-IT\"},{\"@type\":\"WebPage\",\"@id\":\"https:\\\/\\\/www.rassegnastampa-totustuus.it\\\/cattolica\\\/esodi-deportazioni-e-stermini\\\/\",\"url\":\"https:\\\/\\\/www.rassegnastampa-totustuus.it\\\/cattolica\\\/esodi-deportazioni-e-stermini\\\/\",\"name\":\"Esodi, deportazioni e stermini. - Rassegna Stampa Cattolica\",\"isPartOf\":{\"@id\":\"https:\\\/\\\/www.rassegnastampa-totustuus.it\\\/cattolica\\\/#website\"},\"primaryImageOfPage\":{\"@id\":\"https:\\\/\\\/www.rassegnastampa-totustuus.it\\\/cattolica\\\/esodi-deportazioni-e-stermini\\\/#primaryimage\"},\"image\":{\"@id\":\"https:\\\/\\\/www.rassegnastampa-totustuus.it\\\/cattolica\\\/esodi-deportazioni-e-stermini\\\/#primaryimage\"},\"thumbnailUrl\":\"https:\\\/\\\/www.rassegnastampa-totustuus.it\\\/cattolica\\\/wp-content\\\/uploads\\\/2005\\\/11\\\/armenian-genocide-2.jpg\",\"datePublished\":\"2006-09-08T07:18:17+00:00\",\"dateModified\":\"2015-01-08T09:26:50+00:00\",\"description\":\"Rassegna Stampa Cattolica - Per una cultura che nasce dalla Rivelazione cristiana in conformit\u00e0 alla tradizione e al Magistero della Chiesa in opposizione ad ogni relativismo e totalitarismo\",\"breadcrumb\":{\"@id\":\"https:\\\/\\\/www.rassegnastampa-totustuus.it\\\/cattolica\\\/esodi-deportazioni-e-stermini\\\/#breadcrumb\"},\"inLanguage\":\"it-IT\",\"potentialAction\":[{\"@type\":\"ReadAction\",\"target\":[\"https:\\\/\\\/www.rassegnastampa-totustuus.it\\\/cattolica\\\/esodi-deportazioni-e-stermini\\\/\"]}]},{\"@type\":\"ImageObject\",\"inLanguage\":\"it-IT\",\"@id\":\"https:\\\/\\\/www.rassegnastampa-totustuus.it\\\/cattolica\\\/esodi-deportazioni-e-stermini\\\/#primaryimage\",\"url\":\"https:\\\/\\\/www.rassegnastampa-totustuus.it\\\/cattolica\\\/wp-content\\\/uploads\\\/2005\\\/11\\\/armenian-genocide-2.jpg\",\"contentUrl\":\"https:\\\/\\\/www.rassegnastampa-totustuus.it\\\/cattolica\\\/wp-content\\\/uploads\\\/2005\\\/11\\\/armenian-genocide-2.jpg\",\"width\":351,\"height\":144},{\"@type\":\"BreadcrumbList\",\"@id\":\"https:\\\/\\\/www.rassegnastampa-totustuus.it\\\/cattolica\\\/esodi-deportazioni-e-stermini\\\/#breadcrumb\",\"itemListElement\":[{\"@type\":\"ListItem\",\"position\":1,\"name\":\"Home\",\"item\":\"https:\\\/\\\/www.rassegnastampa-totustuus.it\\\/cattolica\\\/\"},{\"@type\":\"ListItem\",\"position\":2,\"name\":\"Esodi, deportazioni e stermini.\"}]},{\"@type\":\"WebSite\",\"@id\":\"https:\\\/\\\/www.rassegnastampa-totustuus.it\\\/cattolica\\\/#website\",\"url\":\"https:\\\/\\\/www.rassegnastampa-totustuus.it\\\/cattolica\\\/\",\"name\":\"Rassegna Stampa Cattolica\",\"description\":\"Per una cultura che nasce dalla Rivelazione cristiana in conformit\u00e0 alla tradizione e al Magistero della Chiesa in opposizione ad ogni relativismo e totalitarismo\",\"publisher\":{\"@id\":\"https:\\\/\\\/www.rassegnastampa-totustuus.it\\\/cattolica\\\/#organization\"},\"alternateName\":\"Rass. Cattolica\",\"potentialAction\":[{\"@type\":\"SearchAction\",\"target\":{\"@type\":\"EntryPoint\",\"urlTemplate\":\"https:\\\/\\\/www.rassegnastampa-totustuus.it\\\/cattolica\\\/?s={search_term_string}\"},\"query-input\":{\"@type\":\"PropertyValueSpecification\",\"valueRequired\":true,\"valueName\":\"search_term_string\"}}],\"inLanguage\":\"it-IT\"},{\"@type\":\"Organization\",\"@id\":\"https:\\\/\\\/www.rassegnastampa-totustuus.it\\\/cattolica\\\/#organization\",\"name\":\"Rassegna Stampa Cattolica\",\"url\":\"https:\\\/\\\/www.rassegnastampa-totustuus.it\\\/cattolica\\\/\",\"logo\":{\"@type\":\"ImageObject\",\"inLanguage\":\"it-IT\",\"@id\":\"https:\\\/\\\/www.rassegnastampa-totustuus.it\\\/cattolica\\\/#\\\/schema\\\/logo\\\/image\\\/\",\"url\":\"https:\\\/\\\/www.rassegnastampa-totustuus.it\\\/cattolica\\\/wp-content\\\/uploads\\\/2014\\\/04\\\/logo-rassegna1.gif\",\"contentUrl\":\"https:\\\/\\\/www.rassegnastampa-totustuus.it\\\/cattolica\\\/wp-content\\\/uploads\\\/2014\\\/04\\\/logo-rassegna1.gif\",\"width\":600,\"height\":163,\"caption\":\"Rassegna Stampa Cattolica\"},\"image\":{\"@id\":\"https:\\\/\\\/www.rassegnastampa-totustuus.it\\\/cattolica\\\/#\\\/schema\\\/logo\\\/image\\\/\"},\"sameAs\":[\"https:\\\/\\\/www.facebook.com\\\/rassegnastampacattolica\",\"https:\\\/\\\/x.com\\\/rassegnastampa9\"]},{\"@type\":\"Person\",\"@id\":\"https:\\\/\\\/www.rassegnastampa-totustuus.it\\\/cattolica\\\/#\\\/schema\\\/person\\\/08f319d2bd1a0904ad9e2bfb7b15e5c3\",\"name\":\"Redazione\",\"image\":{\"@type\":\"ImageObject\",\"inLanguage\":\"it-IT\",\"@id\":\"https:\\\/\\\/secure.gravatar.com\\\/avatar\\\/2fcdf27c78ea025fbdb44e914cc63c72249ffec9dc8aafd5c82b26240ef3f346?s=96&d=mm&r=g\",\"url\":\"https:\\\/\\\/secure.gravatar.com\\\/avatar\\\/2fcdf27c78ea025fbdb44e914cc63c72249ffec9dc8aafd5c82b26240ef3f346?s=96&d=mm&r=g\",\"contentUrl\":\"https:\\\/\\\/secure.gravatar.com\\\/avatar\\\/2fcdf27c78ea025fbdb44e914cc63c72249ffec9dc8aafd5c82b26240ef3f346?s=96&d=mm&r=g\",\"caption\":\"Redazione\"},\"url\":\"https:\\\/\\\/www.rassegnastampa-totustuus.it\\\/cattolica\\\/author\\\/pietroelle\\\/\"}]}<\/script>\n<!-- \/ Yoast SEO plugin. -->","yoast_head_json":{"title":"Esodi, deportazioni e stermini. - Rassegna Stampa Cattolica","description":"Rassegna Stampa Cattolica - Per una cultura che nasce dalla Rivelazione cristiana in conformit\u00e0 alla tradizione e al Magistero della Chiesa in opposizione ad ogni relativismo e totalitarismo","robots":{"index":"index","follow":"follow","max-snippet":"max-snippet:-1","max-image-preview":"max-image-preview:large","max-video-preview":"max-video-preview:-1"},"canonical":"https:\/\/www.rassegnastampa-totustuus.it\/cattolica\/esodi-deportazioni-e-stermini\/","og_locale":"it_IT","og_type":"article","og_title":"Esodi, deportazioni e stermini. - Rassegna Stampa Cattolica","og_description":"Rassegna Stampa Cattolica - Per una cultura che nasce dalla Rivelazione cristiana in conformit\u00e0 alla tradizione e al Magistero della Chiesa in opposizione ad ogni relativismo e totalitarismo","og_url":"https:\/\/www.rassegnastampa-totustuus.it\/cattolica\/esodi-deportazioni-e-stermini\/","og_site_name":"Rassegna Stampa Cattolica","article_publisher":"https:\/\/www.facebook.com\/rassegnastampacattolica","article_published_time":"2006-09-08T07:18:17+00:00","article_modified_time":"2015-01-08T09:26:50+00:00","og_image":[{"width":351,"height":144,"url":"https:\/\/www.rassegnastampa-totustuus.it\/cattolica\/wp-content\/uploads\/2005\/11\/armenian-genocide-2.jpg","type":"image\/jpeg"}],"author":"Redazione","twitter_card":"summary_large_image","twitter_creator":"@rassegnastampa9","twitter_site":"@rassegnastampa9","twitter_misc":{"Scritto da":"Redazione","Tempo di lettura stimato":"44 minuti"},"schema":{"@context":"https:\/\/schema.org","@graph":[{"@type":"Article","@id":"https:\/\/www.rassegnastampa-totustuus.it\/cattolica\/esodi-deportazioni-e-stermini\/#article","isPartOf":{"@id":"https:\/\/www.rassegnastampa-totustuus.it\/cattolica\/esodi-deportazioni-e-stermini\/"},"author":{"name":"Redazione","@id":"https:\/\/www.rassegnastampa-totustuus.it\/cattolica\/#\/schema\/person\/08f319d2bd1a0904ad9e2bfb7b15e5c3"},"headline":"Esodi, deportazioni e stermini.","datePublished":"2006-09-08T07:18:17+00:00","dateModified":"2015-01-08T09:26:50+00:00","mainEntityOfPage":{"@id":"https:\/\/www.rassegnastampa-totustuus.it\/cattolica\/esodi-deportazioni-e-stermini\/"},"wordCount":9049,"publisher":{"@id":"https:\/\/www.rassegnastampa-totustuus.it\/cattolica\/#organization"},"image":{"@id":"https:\/\/www.rassegnastampa-totustuus.it\/cattolica\/esodi-deportazioni-e-stermini\/#primaryimage"},"thumbnailUrl":"https:\/\/www.rassegnastampa-totustuus.it\/cattolica\/wp-content\/uploads\/2005\/11\/armenian-genocide-2.jpg","keywords":["migrazioni forzate"],"articleSection":["Europa e UE","Storia"],"inLanguage":"it-IT"},{"@type":"WebPage","@id":"https:\/\/www.rassegnastampa-totustuus.it\/cattolica\/esodi-deportazioni-e-stermini\/","url":"https:\/\/www.rassegnastampa-totustuus.it\/cattolica\/esodi-deportazioni-e-stermini\/","name":"Esodi, deportazioni e stermini. - Rassegna Stampa Cattolica","isPartOf":{"@id":"https:\/\/www.rassegnastampa-totustuus.it\/cattolica\/#website"},"primaryImageOfPage":{"@id":"https:\/\/www.rassegnastampa-totustuus.it\/cattolica\/esodi-deportazioni-e-stermini\/#primaryimage"},"image":{"@id":"https:\/\/www.rassegnastampa-totustuus.it\/cattolica\/esodi-deportazioni-e-stermini\/#primaryimage"},"thumbnailUrl":"https:\/\/www.rassegnastampa-totustuus.it\/cattolica\/wp-content\/uploads\/2005\/11\/armenian-genocide-2.jpg","datePublished":"2006-09-08T07:18:17+00:00","dateModified":"2015-01-08T09:26:50+00:00","description":"Rassegna Stampa Cattolica - Per una cultura che nasce dalla Rivelazione cristiana in conformit\u00e0 alla tradizione e al Magistero della Chiesa in opposizione ad ogni relativismo e totalitarismo","breadcrumb":{"@id":"https:\/\/www.rassegnastampa-totustuus.it\/cattolica\/esodi-deportazioni-e-stermini\/#breadcrumb"},"inLanguage":"it-IT","potentialAction":[{"@type":"ReadAction","target":["https:\/\/www.rassegnastampa-totustuus.it\/cattolica\/esodi-deportazioni-e-stermini\/"]}]},{"@type":"ImageObject","inLanguage":"it-IT","@id":"https:\/\/www.rassegnastampa-totustuus.it\/cattolica\/esodi-deportazioni-e-stermini\/#primaryimage","url":"https:\/\/www.rassegnastampa-totustuus.it\/cattolica\/wp-content\/uploads\/2005\/11\/armenian-genocide-2.jpg","contentUrl":"https:\/\/www.rassegnastampa-totustuus.it\/cattolica\/wp-content\/uploads\/2005\/11\/armenian-genocide-2.jpg","width":351,"height":144},{"@type":"BreadcrumbList","@id":"https:\/\/www.rassegnastampa-totustuus.it\/cattolica\/esodi-deportazioni-e-stermini\/#breadcrumb","itemListElement":[{"@type":"ListItem","position":1,"name":"Home","item":"https:\/\/www.rassegnastampa-totustuus.it\/cattolica\/"},{"@type":"ListItem","position":2,"name":"Esodi, deportazioni e stermini."}]},{"@type":"WebSite","@id":"https:\/\/www.rassegnastampa-totustuus.it\/cattolica\/#website","url":"https:\/\/www.rassegnastampa-totustuus.it\/cattolica\/","name":"Rassegna Stampa Cattolica","description":"Per una cultura che nasce dalla Rivelazione cristiana in conformit\u00e0 alla tradizione e al Magistero della Chiesa in opposizione ad ogni relativismo e totalitarismo","publisher":{"@id":"https:\/\/www.rassegnastampa-totustuus.it\/cattolica\/#organization"},"alternateName":"Rass. Cattolica","potentialAction":[{"@type":"SearchAction","target":{"@type":"EntryPoint","urlTemplate":"https:\/\/www.rassegnastampa-totustuus.it\/cattolica\/?s={search_term_string}"},"query-input":{"@type":"PropertyValueSpecification","valueRequired":true,"valueName":"search_term_string"}}],"inLanguage":"it-IT"},{"@type":"Organization","@id":"https:\/\/www.rassegnastampa-totustuus.it\/cattolica\/#organization","name":"Rassegna Stampa Cattolica","url":"https:\/\/www.rassegnastampa-totustuus.it\/cattolica\/","logo":{"@type":"ImageObject","inLanguage":"it-IT","@id":"https:\/\/www.rassegnastampa-totustuus.it\/cattolica\/#\/schema\/logo\/image\/","url":"https:\/\/www.rassegnastampa-totustuus.it\/cattolica\/wp-content\/uploads\/2014\/04\/logo-rassegna1.gif","contentUrl":"https:\/\/www.rassegnastampa-totustuus.it\/cattolica\/wp-content\/uploads\/2014\/04\/logo-rassegna1.gif","width":600,"height":163,"caption":"Rassegna Stampa Cattolica"},"image":{"@id":"https:\/\/www.rassegnastampa-totustuus.it\/cattolica\/#\/schema\/logo\/image\/"},"sameAs":["https:\/\/www.facebook.com\/rassegnastampacattolica","https:\/\/x.com\/rassegnastampa9"]},{"@type":"Person","@id":"https:\/\/www.rassegnastampa-totustuus.it\/cattolica\/#\/schema\/person\/08f319d2bd1a0904ad9e2bfb7b15e5c3","name":"Redazione","image":{"@type":"ImageObject","inLanguage":"it-IT","@id":"https:\/\/secure.gravatar.com\/avatar\/2fcdf27c78ea025fbdb44e914cc63c72249ffec9dc8aafd5c82b26240ef3f346?s=96&d=mm&r=g","url":"https:\/\/secure.gravatar.com\/avatar\/2fcdf27c78ea025fbdb44e914cc63c72249ffec9dc8aafd5c82b26240ef3f346?s=96&d=mm&r=g","contentUrl":"https:\/\/secure.gravatar.com\/avatar\/2fcdf27c78ea025fbdb44e914cc63c72249ffec9dc8aafd5c82b26240ef3f346?s=96&d=mm&r=g","caption":"Redazione"},"url":"https:\/\/www.rassegnastampa-totustuus.it\/cattolica\/author\/pietroelle\/"}]}},"_links":{"self":[{"href":"https:\/\/www.rassegnastampa-totustuus.it\/cattolica\/wp-json\/wp\/v2\/posts\/2202","targetHints":{"allow":["GET"]}}],"collection":[{"href":"https:\/\/www.rassegnastampa-totustuus.it\/cattolica\/wp-json\/wp\/v2\/posts"}],"about":[{"href":"https:\/\/www.rassegnastampa-totustuus.it\/cattolica\/wp-json\/wp\/v2\/types\/post"}],"author":[{"embeddable":true,"href":"https:\/\/www.rassegnastampa-totustuus.it\/cattolica\/wp-json\/wp\/v2\/users\/6"}],"replies":[{"embeddable":true,"href":"https:\/\/www.rassegnastampa-totustuus.it\/cattolica\/wp-json\/wp\/v2\/comments?post=2202"}],"version-history":[{"count":3,"href":"https:\/\/www.rassegnastampa-totustuus.it\/cattolica\/wp-json\/wp\/v2\/posts\/2202\/revisions"}],"predecessor-version":[{"id":16369,"href":"https:\/\/www.rassegnastampa-totustuus.it\/cattolica\/wp-json\/wp\/v2\/posts\/2202\/revisions\/16369"}],"wp:featuredmedia":[{"embeddable":true,"href":"https:\/\/www.rassegnastampa-totustuus.it\/cattolica\/wp-json\/wp\/v2\/media\/14408"}],"wp:attachment":[{"href":"https:\/\/www.rassegnastampa-totustuus.it\/cattolica\/wp-json\/wp\/v2\/media?parent=2202"}],"wp:term":[{"taxonomy":"category","embeddable":true,"href":"https:\/\/www.rassegnastampa-totustuus.it\/cattolica\/wp-json\/wp\/v2\/categories?post=2202"},{"taxonomy":"post_tag","embeddable":true,"href":"https:\/\/www.rassegnastampa-totustuus.it\/cattolica\/wp-json\/wp\/v2\/tags?post=2202"}],"curies":[{"name":"wp","href":"https:\/\/api.w.org\/{rel}","templated":true}]}}