{"id":2198,"date":"2006-09-07T00:00:00","date_gmt":"2006-09-06T22:00:00","guid":{"rendered":""},"modified":"2016-03-01T12:33:22","modified_gmt":"2016-03-01T11:33:22","slug":"se-lambiguit-dei-cristiani-aiuta-hezbollah","status":"publish","type":"post","link":"https:\/\/www.rassegnastampa-totustuus.it\/cattolica\/se-lambiguit-dei-cristiani-aiuta-hezbollah\/","title":{"rendered":"Se l&#8217;ambiguit&agrave; dei cristiani aiuta Hezbollah"},"content":{"rendered":"<div style=\"text-align: center;\"><strong><img loading=\"lazy\" decoding=\"async\" class=\"alignright wp-image-31203\" src=\"https:\/\/www.rassegnastampa-totustuus.it\/cattolica\/wp-content\/uploads\/2006\/09\/manif_anti_Israel.jpg\" alt=\"manif_anti_Israel\" width=\"250\" height=\"166\" \/>Il Giornale<\/strong>, 5 settembre 2006<\/div>\n<p style=\"text-align: justify;\"><em>Dalle minoranze cristiane in terra islamica arrivano prese di posizione anti israeliane e filo Hezbollah. Si tratta di comunit\u00e0 di fatto abbandonate dai cristiani d&#8217;Occiedente e con\u00a0il coltello dell&#8217;Islam puntato alla gola. \u00c8 pi\u00f9 colpevole chi sfrutta cinicamente le loro dichiarazioni in Occidente, per giustificare politiche \u00abequivicine\u00bb a Israele e ai terroristi o per ripetere cantilene antisemite dove, di qualunque cosa succeda in Medio Oriente, i colpevoli sono sempre e solo gli ebrei.<\/em><\/p>\n<p style=\"text-align: center;\">di <strong>Massimo Introvigne<\/strong><\/p>\n<p><!--more--><\/p>\n<div style=\"text-align: justify;\">Per anni lo slogan \u00abmeglio rossi che morti\u00bb ha cercato di convincerci che, se il rischio era morire ammazzati, meglio piegarsi ai regimi comunisti. Anche nelle Chiese cristiane dei paesi comunisti, accanto a tanti martiri, c\u2019era chi cantava le lodi dei regimi al potere. La legge islamica, la sharia, prevede per i cristiani e gli ebrei lo stato di dhimmi, \u00abprotetti\u00bb.<\/div>\n<p style=\"text-align: justify;\">Non possono svolgere attivit\u00e0 missionaria, n\u00e9 accedere alle cariche pubbliche pi\u00f9 importanti, e devono pagare tasse pi\u00f9 alte: insomma, sono cittadini di serie B, ma almeno salvano la pelle.<\/p>\n<p style=\"text-align: justify;\">\u00c8 sempre difficile criticare chi la pelle la rischia ogni giorno, e oggi \u00e8 tentato da un \u00abmeglio dhimmi che morti\u00bb. Tuttavia, quando questo disagio \u00e8 sfruttato all\u2019estero, non \u00e8 giusto neppure tacere. In Palestina e in Libano non sono solo politici e militari cristiani &#8211; che danno l\u2019impressione di cercare vendetta per non essere stati a suo tempo sostenuti dall\u2019Occidente, come il generale Aoun &#8211; a mettersi al servizio degli Hezbollah, accettando di fatto la posizione di dhimmi ideologici oggi nella prospettiva di diventare dhimmi a pieno titolo domani.<\/p>\n<p style=\"text-align: justify;\">Anche alcune autorit\u00e0 religiose cristiane parlano apparentemente di teologia ma lo fanno in un modo cos\u00ec ambiguo da favorire oggettivamente la propaganda degli Hezbollah e di Hamas. La settimana scorsa quattro vescovi della Palestina &#8211; quello latino-cattolico, Michel Sabbah, quello siro-ortodosso, un luterano e un anglicano &#8211; hanno pubblicato un documento contro il \u00absionismo cristiano\u00bb, una teologia diffusa nella corrente cosiddetta evangelicale, cio\u00e8 conservatrice, maggioritaria nel protestantesimo degli Stati Uniti, che si inquadra in una complessa visione della imminente fine del mondo all\u2019interno della quale lo Stato di Israele ha un ruolo preparatorio voluto da Dio.<\/p>\n<p style=\"text-align: justify;\">Se si vuole dire che questa forma di millenarismo non \u00e8 condivisa da cattolici e ortodossi (e neppure da anglicani e luterani), si afferma l\u2019ovvio. Ma il momento scelto \u00e8 sospetto, e si coglie l\u2019occasione per scrivere che \u00abi governi di Israele e Stati Uniti, attualmente stanno imponendo la loro dominazione sulla Palestina\u00bb e sono colpevoli di \u00abcolonizzazione, apartheid e imperialismo\u00bb, frasi che non stonerebbero in un documento di Hamas o degli Hezbollah.<\/p>\n<p style=\"text-align: justify;\">Anche il gesuita nato in Egitto, ma che \u00e8 vissuto a lungo in Libano, padre Samir Khalil Samir, stimato dal Papa &#8211; e anche da chi scrive &#8211; per la sua conoscenza enciclopedica dell\u2019islam, ha proposto un programma di pace in dieci punti (alcuni dei quali ragionevoli) in cui per\u00f2 sostiene che l\u2019unica e sola radice del problema medio-orientale non \u00e8 il terrorismo ma la stessa creazione dopo l\u2019Olocausto dello Stato di Israele nel 1948, \u00abuna ingiustizia contro la popolazione palestinese\u00bb.<\/p>\n<p style=\"text-align: justify;\">Tra le sue proposte c&#8217;\u00e8 il famoso \u00abdiritto al ritorno\u00bb, almeno parziale, dei palestinesi che hanno lasciato Israele negli anni 1940 e 1950, condizione che distruggerebbe lo Stato ebraico trasformandolo in uno Stato islamico (con i cristiani, anche qui, nella condizione di dhimmi) e che nessun governante israeliano potr\u00e0 mai accettare neppure di discutere.<\/p>\n<p style=\"text-align: justify;\">Tutto questo non \u00e8 tanto una critica dei dirigenti cristiani medio-orientali, che rischiano ogni giorno di essere accoltellati o peggio. \u00c8 pi\u00f9 colpevole chi sfrutta cinicamente le loro dichiarazioni in Occidente, per giustificare politiche \u00abequivicine\u00bb a Israele e ai terroristi o per ripetere cantilene antisemite dove, di qualunque cosa succeda in Medio Oriente, i colpevoli sono sempre e solo gli ebrei.<\/p>\n","protected":false},"excerpt":{"rendered":"<p>Il Giornale, 5 settembre 2006 Dalle minoranze cristiane in terra islamica arrivano prese di posizione anti israeliane e filo Hezbollah. Si tratta di comunit\u00e0 di fatto abbandonate dai cristiani d&#8217;Occiedente e con\u00a0il coltello dell&#8217;Islam puntato alla gola. \u00c8 pi\u00f9 colpevole chi sfrutta cinicamente le loro dichiarazioni in Occidente, per giustificare politiche \u00abequivicine\u00bb a Israele e &hellip; <\/p>\n<p><a class=\"more-link btn\" href=\"https:\/\/www.rassegnastampa-totustuus.it\/cattolica\/se-lambiguit-dei-cristiani-aiuta-hezbollah\/\">Continua a leggere<\/a><\/p>\n","protected":false},"author":6,"featured_media":31203,"comment_status":"closed","ping_status":"open","sticky":false,"template":"","format":"standard","meta":{"footnotes":""},"categories":[33],"tags":[161],"class_list":["post-2198","post","type-post","status-publish","format-standard","has-post-thumbnail","hentry","category-cristiani-nell-islam","tag-islam-2","item-wrap"],"yoast_head":"<!-- This site is optimized with the Yoast SEO plugin v27.5 - https:\/\/yoast.com\/product\/yoast-seo-wordpress\/ -->\n<title>Se l&#039;ambiguit&agrave; dei cristiani aiuta Hezbollah - Rassegna Stampa Cattolica<\/title>\n<meta name=\"description\" content=\"Rassegna Stampa Cattolica - Per una cultura che nasce dalla Rivelazione cristiana in conformit\u00e0 alla tradizione e al Magistero della Chiesa in opposizione ad ogni relativismo e totalitarismo\" \/>\n<meta name=\"robots\" content=\"index, follow, max-snippet:-1, max-image-preview:large, max-video-preview:-1\" \/>\n<link rel=\"canonical\" href=\"https:\/\/www.rassegnastampa-totustuus.it\/cattolica\/se-lambiguit-dei-cristiani-aiuta-hezbollah\/\" \/>\n<meta property=\"og:locale\" content=\"it_IT\" \/>\n<meta property=\"og:type\" content=\"article\" \/>\n<meta property=\"og:title\" content=\"Se l&#039;ambiguit&agrave; dei cristiani aiuta Hezbollah - Rassegna Stampa Cattolica\" \/>\n<meta property=\"og:description\" content=\"Rassegna Stampa Cattolica - Per una cultura che nasce dalla Rivelazione cristiana in conformit\u00e0 alla tradizione e al Magistero della Chiesa in opposizione ad ogni relativismo e totalitarismo\" \/>\n<meta property=\"og:url\" content=\"https:\/\/www.rassegnastampa-totustuus.it\/cattolica\/se-lambiguit-dei-cristiani-aiuta-hezbollah\/\" \/>\n<meta property=\"og:site_name\" content=\"Rassegna Stampa Cattolica\" \/>\n<meta property=\"article:publisher\" content=\"https:\/\/www.facebook.com\/rassegnastampacattolica\" \/>\n<meta property=\"article:published_time\" content=\"2006-09-06T22:00:00+00:00\" \/>\n<meta property=\"article:modified_time\" content=\"2016-03-01T11:33:22+00:00\" \/>\n<meta property=\"og:image\" content=\"https:\/\/www.rassegnastampa-totustuus.it\/cattolica\/wp-content\/uploads\/2006\/09\/manif_anti_Israel.jpg\" \/>\n\t<meta property=\"og:image:width\" content=\"275\" \/>\n\t<meta property=\"og:image:height\" content=\"183\" \/>\n\t<meta property=\"og:image:type\" content=\"image\/jpeg\" \/>\n<meta name=\"author\" content=\"Redazione\" \/>\n<meta name=\"twitter:card\" content=\"summary_large_image\" \/>\n<meta name=\"twitter:creator\" content=\"@rassegnastampa9\" \/>\n<meta name=\"twitter:site\" content=\"@rassegnastampa9\" \/>\n<meta name=\"twitter:label1\" content=\"Scritto da\" \/>\n\t<meta name=\"twitter:data1\" content=\"Redazione\" \/>\n\t<meta name=\"twitter:label2\" content=\"Tempo di lettura stimato\" \/>\n\t<meta name=\"twitter:data2\" content=\"3 minuti\" \/>\n<script type=\"application\/ld+json\" class=\"yoast-schema-graph\">{\"@context\":\"https:\\\/\\\/schema.org\",\"@graph\":[{\"@type\":\"Article\",\"@id\":\"https:\\\/\\\/www.rassegnastampa-totustuus.it\\\/cattolica\\\/se-lambiguit-dei-cristiani-aiuta-hezbollah\\\/#article\",\"isPartOf\":{\"@id\":\"https:\\\/\\\/www.rassegnastampa-totustuus.it\\\/cattolica\\\/se-lambiguit-dei-cristiani-aiuta-hezbollah\\\/\"},\"author\":{\"name\":\"Redazione\",\"@id\":\"https:\\\/\\\/www.rassegnastampa-totustuus.it\\\/cattolica\\\/#\\\/schema\\\/person\\\/08f319d2bd1a0904ad9e2bfb7b15e5c3\"},\"headline\":\"Se l&#8217;ambiguit&agrave; dei cristiani aiuta Hezbollah\",\"datePublished\":\"2006-09-06T22:00:00+00:00\",\"dateModified\":\"2016-03-01T11:33:22+00:00\",\"mainEntityOfPage\":{\"@id\":\"https:\\\/\\\/www.rassegnastampa-totustuus.it\\\/cattolica\\\/se-lambiguit-dei-cristiani-aiuta-hezbollah\\\/\"},\"wordCount\":631,\"publisher\":{\"@id\":\"https:\\\/\\\/www.rassegnastampa-totustuus.it\\\/cattolica\\\/#organization\"},\"image\":{\"@id\":\"https:\\\/\\\/www.rassegnastampa-totustuus.it\\\/cattolica\\\/se-lambiguit-dei-cristiani-aiuta-hezbollah\\\/#primaryimage\"},\"thumbnailUrl\":\"https:\\\/\\\/www.rassegnastampa-totustuus.it\\\/cattolica\\\/wp-content\\\/uploads\\\/2006\\\/09\\\/manif_anti_Israel.jpg\",\"keywords\":[\"islam\"],\"articleSection\":[\"Cristiani nell'islam\"],\"inLanguage\":\"it-IT\"},{\"@type\":\"WebPage\",\"@id\":\"https:\\\/\\\/www.rassegnastampa-totustuus.it\\\/cattolica\\\/se-lambiguit-dei-cristiani-aiuta-hezbollah\\\/\",\"url\":\"https:\\\/\\\/www.rassegnastampa-totustuus.it\\\/cattolica\\\/se-lambiguit-dei-cristiani-aiuta-hezbollah\\\/\",\"name\":\"Se l'ambiguit&agrave; dei cristiani aiuta Hezbollah - Rassegna Stampa Cattolica\",\"isPartOf\":{\"@id\":\"https:\\\/\\\/www.rassegnastampa-totustuus.it\\\/cattolica\\\/#website\"},\"primaryImageOfPage\":{\"@id\":\"https:\\\/\\\/www.rassegnastampa-totustuus.it\\\/cattolica\\\/se-lambiguit-dei-cristiani-aiuta-hezbollah\\\/#primaryimage\"},\"image\":{\"@id\":\"https:\\\/\\\/www.rassegnastampa-totustuus.it\\\/cattolica\\\/se-lambiguit-dei-cristiani-aiuta-hezbollah\\\/#primaryimage\"},\"thumbnailUrl\":\"https:\\\/\\\/www.rassegnastampa-totustuus.it\\\/cattolica\\\/wp-content\\\/uploads\\\/2006\\\/09\\\/manif_anti_Israel.jpg\",\"datePublished\":\"2006-09-06T22:00:00+00:00\",\"dateModified\":\"2016-03-01T11:33:22+00:00\",\"description\":\"Rassegna Stampa Cattolica - Per una cultura che nasce dalla Rivelazione cristiana in conformit\u00e0 alla tradizione e al Magistero della Chiesa in opposizione ad ogni relativismo e totalitarismo\",\"breadcrumb\":{\"@id\":\"https:\\\/\\\/www.rassegnastampa-totustuus.it\\\/cattolica\\\/se-lambiguit-dei-cristiani-aiuta-hezbollah\\\/#breadcrumb\"},\"inLanguage\":\"it-IT\",\"potentialAction\":[{\"@type\":\"ReadAction\",\"target\":[\"https:\\\/\\\/www.rassegnastampa-totustuus.it\\\/cattolica\\\/se-lambiguit-dei-cristiani-aiuta-hezbollah\\\/\"]}]},{\"@type\":\"ImageObject\",\"inLanguage\":\"it-IT\",\"@id\":\"https:\\\/\\\/www.rassegnastampa-totustuus.it\\\/cattolica\\\/se-lambiguit-dei-cristiani-aiuta-hezbollah\\\/#primaryimage\",\"url\":\"https:\\\/\\\/www.rassegnastampa-totustuus.it\\\/cattolica\\\/wp-content\\\/uploads\\\/2006\\\/09\\\/manif_anti_Israel.jpg\",\"contentUrl\":\"https:\\\/\\\/www.rassegnastampa-totustuus.it\\\/cattolica\\\/wp-content\\\/uploads\\\/2006\\\/09\\\/manif_anti_Israel.jpg\",\"width\":275,\"height\":183},{\"@type\":\"BreadcrumbList\",\"@id\":\"https:\\\/\\\/www.rassegnastampa-totustuus.it\\\/cattolica\\\/se-lambiguit-dei-cristiani-aiuta-hezbollah\\\/#breadcrumb\",\"itemListElement\":[{\"@type\":\"ListItem\",\"position\":1,\"name\":\"Home\",\"item\":\"https:\\\/\\\/www.rassegnastampa-totustuus.it\\\/cattolica\\\/\"},{\"@type\":\"ListItem\",\"position\":2,\"name\":\"Se l&#8217;ambiguit&agrave; dei cristiani aiuta Hezbollah\"}]},{\"@type\":\"WebSite\",\"@id\":\"https:\\\/\\\/www.rassegnastampa-totustuus.it\\\/cattolica\\\/#website\",\"url\":\"https:\\\/\\\/www.rassegnastampa-totustuus.it\\\/cattolica\\\/\",\"name\":\"Rassegna Stampa Cattolica\",\"description\":\"Per una cultura che nasce dalla Rivelazione cristiana in conformit\u00e0 alla tradizione e al Magistero della Chiesa in opposizione ad ogni relativismo e totalitarismo\",\"publisher\":{\"@id\":\"https:\\\/\\\/www.rassegnastampa-totustuus.it\\\/cattolica\\\/#organization\"},\"alternateName\":\"Rass. Cattolica\",\"potentialAction\":[{\"@type\":\"SearchAction\",\"target\":{\"@type\":\"EntryPoint\",\"urlTemplate\":\"https:\\\/\\\/www.rassegnastampa-totustuus.it\\\/cattolica\\\/?s={search_term_string}\"},\"query-input\":{\"@type\":\"PropertyValueSpecification\",\"valueRequired\":true,\"valueName\":\"search_term_string\"}}],\"inLanguage\":\"it-IT\"},{\"@type\":\"Organization\",\"@id\":\"https:\\\/\\\/www.rassegnastampa-totustuus.it\\\/cattolica\\\/#organization\",\"name\":\"Rassegna Stampa Cattolica\",\"url\":\"https:\\\/\\\/www.rassegnastampa-totustuus.it\\\/cattolica\\\/\",\"logo\":{\"@type\":\"ImageObject\",\"inLanguage\":\"it-IT\",\"@id\":\"https:\\\/\\\/www.rassegnastampa-totustuus.it\\\/cattolica\\\/#\\\/schema\\\/logo\\\/image\\\/\",\"url\":\"https:\\\/\\\/www.rassegnastampa-totustuus.it\\\/cattolica\\\/wp-content\\\/uploads\\\/2014\\\/04\\\/logo-rassegna1.gif\",\"contentUrl\":\"https:\\\/\\\/www.rassegnastampa-totustuus.it\\\/cattolica\\\/wp-content\\\/uploads\\\/2014\\\/04\\\/logo-rassegna1.gif\",\"width\":600,\"height\":163,\"caption\":\"Rassegna Stampa Cattolica\"},\"image\":{\"@id\":\"https:\\\/\\\/www.rassegnastampa-totustuus.it\\\/cattolica\\\/#\\\/schema\\\/logo\\\/image\\\/\"},\"sameAs\":[\"https:\\\/\\\/www.facebook.com\\\/rassegnastampacattolica\",\"https:\\\/\\\/x.com\\\/rassegnastampa9\"]},{\"@type\":\"Person\",\"@id\":\"https:\\\/\\\/www.rassegnastampa-totustuus.it\\\/cattolica\\\/#\\\/schema\\\/person\\\/08f319d2bd1a0904ad9e2bfb7b15e5c3\",\"name\":\"Redazione\",\"image\":{\"@type\":\"ImageObject\",\"inLanguage\":\"it-IT\",\"@id\":\"https:\\\/\\\/secure.gravatar.com\\\/avatar\\\/2fcdf27c78ea025fbdb44e914cc63c72249ffec9dc8aafd5c82b26240ef3f346?s=96&d=mm&r=g\",\"url\":\"https:\\\/\\\/secure.gravatar.com\\\/avatar\\\/2fcdf27c78ea025fbdb44e914cc63c72249ffec9dc8aafd5c82b26240ef3f346?s=96&d=mm&r=g\",\"contentUrl\":\"https:\\\/\\\/secure.gravatar.com\\\/avatar\\\/2fcdf27c78ea025fbdb44e914cc63c72249ffec9dc8aafd5c82b26240ef3f346?s=96&d=mm&r=g\",\"caption\":\"Redazione\"},\"url\":\"https:\\\/\\\/www.rassegnastampa-totustuus.it\\\/cattolica\\\/author\\\/pietroelle\\\/\"}]}<\/script>\n<!-- \/ Yoast SEO plugin. -->","yoast_head_json":{"title":"Se l'ambiguit&agrave; dei cristiani aiuta Hezbollah - Rassegna Stampa Cattolica","description":"Rassegna Stampa Cattolica - Per una cultura che nasce dalla Rivelazione cristiana in conformit\u00e0 alla tradizione e al Magistero della Chiesa in opposizione ad ogni relativismo e totalitarismo","robots":{"index":"index","follow":"follow","max-snippet":"max-snippet:-1","max-image-preview":"max-image-preview:large","max-video-preview":"max-video-preview:-1"},"canonical":"https:\/\/www.rassegnastampa-totustuus.it\/cattolica\/se-lambiguit-dei-cristiani-aiuta-hezbollah\/","og_locale":"it_IT","og_type":"article","og_title":"Se l'ambiguit&agrave; dei cristiani aiuta Hezbollah - Rassegna Stampa Cattolica","og_description":"Rassegna Stampa Cattolica - Per una cultura che nasce dalla Rivelazione cristiana in conformit\u00e0 alla tradizione e al Magistero della Chiesa in opposizione ad ogni relativismo e totalitarismo","og_url":"https:\/\/www.rassegnastampa-totustuus.it\/cattolica\/se-lambiguit-dei-cristiani-aiuta-hezbollah\/","og_site_name":"Rassegna Stampa Cattolica","article_publisher":"https:\/\/www.facebook.com\/rassegnastampacattolica","article_published_time":"2006-09-06T22:00:00+00:00","article_modified_time":"2016-03-01T11:33:22+00:00","og_image":[{"width":275,"height":183,"url":"https:\/\/www.rassegnastampa-totustuus.it\/cattolica\/wp-content\/uploads\/2006\/09\/manif_anti_Israel.jpg","type":"image\/jpeg"}],"author":"Redazione","twitter_card":"summary_large_image","twitter_creator":"@rassegnastampa9","twitter_site":"@rassegnastampa9","twitter_misc":{"Scritto da":"Redazione","Tempo di lettura stimato":"3 minuti"},"schema":{"@context":"https:\/\/schema.org","@graph":[{"@type":"Article","@id":"https:\/\/www.rassegnastampa-totustuus.it\/cattolica\/se-lambiguit-dei-cristiani-aiuta-hezbollah\/#article","isPartOf":{"@id":"https:\/\/www.rassegnastampa-totustuus.it\/cattolica\/se-lambiguit-dei-cristiani-aiuta-hezbollah\/"},"author":{"name":"Redazione","@id":"https:\/\/www.rassegnastampa-totustuus.it\/cattolica\/#\/schema\/person\/08f319d2bd1a0904ad9e2bfb7b15e5c3"},"headline":"Se l&#8217;ambiguit&agrave; dei cristiani aiuta Hezbollah","datePublished":"2006-09-06T22:00:00+00:00","dateModified":"2016-03-01T11:33:22+00:00","mainEntityOfPage":{"@id":"https:\/\/www.rassegnastampa-totustuus.it\/cattolica\/se-lambiguit-dei-cristiani-aiuta-hezbollah\/"},"wordCount":631,"publisher":{"@id":"https:\/\/www.rassegnastampa-totustuus.it\/cattolica\/#organization"},"image":{"@id":"https:\/\/www.rassegnastampa-totustuus.it\/cattolica\/se-lambiguit-dei-cristiani-aiuta-hezbollah\/#primaryimage"},"thumbnailUrl":"https:\/\/www.rassegnastampa-totustuus.it\/cattolica\/wp-content\/uploads\/2006\/09\/manif_anti_Israel.jpg","keywords":["islam"],"articleSection":["Cristiani nell'islam"],"inLanguage":"it-IT"},{"@type":"WebPage","@id":"https:\/\/www.rassegnastampa-totustuus.it\/cattolica\/se-lambiguit-dei-cristiani-aiuta-hezbollah\/","url":"https:\/\/www.rassegnastampa-totustuus.it\/cattolica\/se-lambiguit-dei-cristiani-aiuta-hezbollah\/","name":"Se l'ambiguit&agrave; dei cristiani aiuta Hezbollah - Rassegna Stampa Cattolica","isPartOf":{"@id":"https:\/\/www.rassegnastampa-totustuus.it\/cattolica\/#website"},"primaryImageOfPage":{"@id":"https:\/\/www.rassegnastampa-totustuus.it\/cattolica\/se-lambiguit-dei-cristiani-aiuta-hezbollah\/#primaryimage"},"image":{"@id":"https:\/\/www.rassegnastampa-totustuus.it\/cattolica\/se-lambiguit-dei-cristiani-aiuta-hezbollah\/#primaryimage"},"thumbnailUrl":"https:\/\/www.rassegnastampa-totustuus.it\/cattolica\/wp-content\/uploads\/2006\/09\/manif_anti_Israel.jpg","datePublished":"2006-09-06T22:00:00+00:00","dateModified":"2016-03-01T11:33:22+00:00","description":"Rassegna Stampa Cattolica - Per una cultura che nasce dalla Rivelazione cristiana in conformit\u00e0 alla tradizione e al Magistero della Chiesa in opposizione ad ogni relativismo e totalitarismo","breadcrumb":{"@id":"https:\/\/www.rassegnastampa-totustuus.it\/cattolica\/se-lambiguit-dei-cristiani-aiuta-hezbollah\/#breadcrumb"},"inLanguage":"it-IT","potentialAction":[{"@type":"ReadAction","target":["https:\/\/www.rassegnastampa-totustuus.it\/cattolica\/se-lambiguit-dei-cristiani-aiuta-hezbollah\/"]}]},{"@type":"ImageObject","inLanguage":"it-IT","@id":"https:\/\/www.rassegnastampa-totustuus.it\/cattolica\/se-lambiguit-dei-cristiani-aiuta-hezbollah\/#primaryimage","url":"https:\/\/www.rassegnastampa-totustuus.it\/cattolica\/wp-content\/uploads\/2006\/09\/manif_anti_Israel.jpg","contentUrl":"https:\/\/www.rassegnastampa-totustuus.it\/cattolica\/wp-content\/uploads\/2006\/09\/manif_anti_Israel.jpg","width":275,"height":183},{"@type":"BreadcrumbList","@id":"https:\/\/www.rassegnastampa-totustuus.it\/cattolica\/se-lambiguit-dei-cristiani-aiuta-hezbollah\/#breadcrumb","itemListElement":[{"@type":"ListItem","position":1,"name":"Home","item":"https:\/\/www.rassegnastampa-totustuus.it\/cattolica\/"},{"@type":"ListItem","position":2,"name":"Se l&#8217;ambiguit&agrave; dei cristiani aiuta Hezbollah"}]},{"@type":"WebSite","@id":"https:\/\/www.rassegnastampa-totustuus.it\/cattolica\/#website","url":"https:\/\/www.rassegnastampa-totustuus.it\/cattolica\/","name":"Rassegna Stampa Cattolica","description":"Per una cultura che nasce dalla Rivelazione cristiana in conformit\u00e0 alla tradizione e al Magistero della Chiesa in opposizione ad ogni relativismo e totalitarismo","publisher":{"@id":"https:\/\/www.rassegnastampa-totustuus.it\/cattolica\/#organization"},"alternateName":"Rass. Cattolica","potentialAction":[{"@type":"SearchAction","target":{"@type":"EntryPoint","urlTemplate":"https:\/\/www.rassegnastampa-totustuus.it\/cattolica\/?s={search_term_string}"},"query-input":{"@type":"PropertyValueSpecification","valueRequired":true,"valueName":"search_term_string"}}],"inLanguage":"it-IT"},{"@type":"Organization","@id":"https:\/\/www.rassegnastampa-totustuus.it\/cattolica\/#organization","name":"Rassegna Stampa Cattolica","url":"https:\/\/www.rassegnastampa-totustuus.it\/cattolica\/","logo":{"@type":"ImageObject","inLanguage":"it-IT","@id":"https:\/\/www.rassegnastampa-totustuus.it\/cattolica\/#\/schema\/logo\/image\/","url":"https:\/\/www.rassegnastampa-totustuus.it\/cattolica\/wp-content\/uploads\/2014\/04\/logo-rassegna1.gif","contentUrl":"https:\/\/www.rassegnastampa-totustuus.it\/cattolica\/wp-content\/uploads\/2014\/04\/logo-rassegna1.gif","width":600,"height":163,"caption":"Rassegna Stampa Cattolica"},"image":{"@id":"https:\/\/www.rassegnastampa-totustuus.it\/cattolica\/#\/schema\/logo\/image\/"},"sameAs":["https:\/\/www.facebook.com\/rassegnastampacattolica","https:\/\/x.com\/rassegnastampa9"]},{"@type":"Person","@id":"https:\/\/www.rassegnastampa-totustuus.it\/cattolica\/#\/schema\/person\/08f319d2bd1a0904ad9e2bfb7b15e5c3","name":"Redazione","image":{"@type":"ImageObject","inLanguage":"it-IT","@id":"https:\/\/secure.gravatar.com\/avatar\/2fcdf27c78ea025fbdb44e914cc63c72249ffec9dc8aafd5c82b26240ef3f346?s=96&d=mm&r=g","url":"https:\/\/secure.gravatar.com\/avatar\/2fcdf27c78ea025fbdb44e914cc63c72249ffec9dc8aafd5c82b26240ef3f346?s=96&d=mm&r=g","contentUrl":"https:\/\/secure.gravatar.com\/avatar\/2fcdf27c78ea025fbdb44e914cc63c72249ffec9dc8aafd5c82b26240ef3f346?s=96&d=mm&r=g","caption":"Redazione"},"url":"https:\/\/www.rassegnastampa-totustuus.it\/cattolica\/author\/pietroelle\/"}]}},"_links":{"self":[{"href":"https:\/\/www.rassegnastampa-totustuus.it\/cattolica\/wp-json\/wp\/v2\/posts\/2198","targetHints":{"allow":["GET"]}}],"collection":[{"href":"https:\/\/www.rassegnastampa-totustuus.it\/cattolica\/wp-json\/wp\/v2\/posts"}],"about":[{"href":"https:\/\/www.rassegnastampa-totustuus.it\/cattolica\/wp-json\/wp\/v2\/types\/post"}],"author":[{"embeddable":true,"href":"https:\/\/www.rassegnastampa-totustuus.it\/cattolica\/wp-json\/wp\/v2\/users\/6"}],"replies":[{"embeddable":true,"href":"https:\/\/www.rassegnastampa-totustuus.it\/cattolica\/wp-json\/wp\/v2\/comments?post=2198"}],"version-history":[{"count":4,"href":"https:\/\/www.rassegnastampa-totustuus.it\/cattolica\/wp-json\/wp\/v2\/posts\/2198\/revisions"}],"predecessor-version":[{"id":31204,"href":"https:\/\/www.rassegnastampa-totustuus.it\/cattolica\/wp-json\/wp\/v2\/posts\/2198\/revisions\/31204"}],"wp:featuredmedia":[{"embeddable":true,"href":"https:\/\/www.rassegnastampa-totustuus.it\/cattolica\/wp-json\/wp\/v2\/media\/31203"}],"wp:attachment":[{"href":"https:\/\/www.rassegnastampa-totustuus.it\/cattolica\/wp-json\/wp\/v2\/media?parent=2198"}],"wp:term":[{"taxonomy":"category","embeddable":true,"href":"https:\/\/www.rassegnastampa-totustuus.it\/cattolica\/wp-json\/wp\/v2\/categories?post=2198"},{"taxonomy":"post_tag","embeddable":true,"href":"https:\/\/www.rassegnastampa-totustuus.it\/cattolica\/wp-json\/wp\/v2\/tags?post=2198"}],"curies":[{"name":"wp","href":"https:\/\/api.w.org\/{rel}","templated":true}]}}