{"id":21960,"date":"2015-03-26T00:00:47","date_gmt":"2015-03-25T23:00:47","guid":{"rendered":"http:\/\/www.rassegnastampa-totustuus.it\/cattolica\/?p=21960"},"modified":"2015-03-24T16:08:09","modified_gmt":"2015-03-24T15:08:09","slug":"lislam-e-il-medio-oriente","status":"publish","type":"post","link":"https:\/\/www.rassegnastampa-totustuus.it\/cattolica\/lislam-e-il-medio-oriente\/","title":{"rendered":"L\u2019Islam e il Medio Oriente"},"content":{"rendered":"<p style=\"text-align: center;\"><strong><a href=\"https:\/\/www.rassegnastampa-totustuus.it\/cattolica\/wp-content\/uploads\/2015\/03\/sciiti_sunniti.jpg\"><img loading=\"lazy\" decoding=\"async\" class=\"alignright wp-image-21962\" src=\"https:\/\/www.rassegnastampa-totustuus.it\/cattolica\/wp-content\/uploads\/2015\/03\/sciiti_sunniti-300x157.jpg\" alt=\"sciiti_sunniti\" width=\"250\" height=\"131\" srcset=\"https:\/\/www.rassegnastampa-totustuus.it\/cattolica\/wp-content\/uploads\/2015\/03\/sciiti_sunniti-300x157.jpg 300w, https:\/\/www.rassegnastampa-totustuus.it\/cattolica\/wp-content\/uploads\/2015\/03\/sciiti_sunniti.jpg 310w\" sizes=\"auto, (max-width: 250px) 100vw, 250px\" \/><\/a><a href=\"http:\/\/www.editriceshalom.it\/index.php?option=com_content&amp;task=view&amp;id=188&amp;Itemid=217\" target=\"_blank\">La Roccia<\/a><\/strong> anno 1 n.2 marzo-aprile 2015<\/p>\n<p style=\"text-align: justify;\"><em>Sunniti contro sciti, musulmani contro altri seguaci di Muhammad. Perch\u00e9 questa continua guerra interna all\u2019islam? Quali le radici e le ragioni?<\/em><\/p>\n<p style=\"text-align: center;\">di <strong>Silvia Scaranari<\/strong><\/p>\n<p style=\"text-align: justify;\">II Medio Oriente entra prepotentemente nelle nostre case I tutti i giorni da decenni: con il quotidiano, con il Tg di pranzo o della sera, con i talk show della Rai o di Mediaset. Entrava con le tensioni fra Israele e i Palestinesi, con i problemi della Siria e con il suo presidente Assad &#8211; non proprio un esempio di democrazia -, con i confini contesi del Sinai o il problema dell&#8217;Iraq, ma da qualche mese entra sempre pi\u00f9 spesso con le raccapriccianti scene delle torture e delle esecuzioni capitali operate dal governo dell&#8217;ISIS.<\/p>\n<p style=\"text-align: justify;\"><!--more--><\/p>\n<p style=\"text-align: justify;\">L&#8217;ISIS, lo Stato islamico proclamato da Al-Baghdadi nel luglio 2014, che si estende fra Siria e Iraq, tollera solo comportamenti conformi alla legge islamica sunnita. Sottolineo sunnita proprio perch\u00e9 sono caduti sotto le condanne affrettate della milizia islamica non soltanto cristiani o ebrei, ma anche musulmani sciiti e, soprattutto, gli yazidi, una religione che \u00e8 un misto fra islam, ebraismo, buddhismo, verso cui \u00e8 stato perpetuato un vero e proprio genocidio.<\/p>\n<p style=\"text-align: justify;\">Potrebbe sorgere spontanea una domanda: si pu\u00f2 capire l&#8217;attacco verso i cristiani e gli ebrei anche se nel Corano c&#8217;\u00e8 scritto che le religioni del Libro (appunto cristianesimo ed ebraismo) possono continuare ad esistere in terra dell&#8217;islam, ma perch\u00e9 attaccano i fratelli nella fede, gli sciiti? Che differenza c&#8217;\u00e8 fra sunniti e sciiti?<\/p>\n<p style=\"text-align: justify;\">Per rispondere a questa domanda bisogna guardare la storia e capire come si sono formati questi due grandi filoni all&#8217;interno dell&#8217;islam. Nel mondo cristiano siamo abituati a pensare le divisioni fra cattolici, protestanti, ortodossi come fenomeni basati su complessi problemi teologici. Questo non vale per l&#8217;islam dove all&#8217;inizio la divisione fu squisitamente politica.<\/p>\n<p style=\"text-align: justify;\"><strong>Una divisione politica<\/strong><\/p>\n<p style=\"text-align: justify;\">Che cosa \u00e8 successo? Muhammad era diventato il capo politico della comunit\u00e0 a Medina, aveva negli ultimi anni di vita esteso il suo potere a quasi tutta la penisola arabica, aveva conquistato la Mecca e sottomesso decine di trib\u00f9 del deserto. Contemporaneamente era leader religioso perch\u00e9 riceveva direttamente da Allah le indicazioni su cosa credere e cosa fare, quindi era il &#8220;profeta&#8221;. Dopo la sua morte nessuno avrebbe pi\u00f9 potuto essere come lui. I futuri capi sarebbero stati khalif cio\u00e8 &#8220;sostituti&#8221; ma mai &#8220;profeti&#8221;. E allora, come scegliere questi &#8220;sostituti&#8221;?<\/p>\n<p style=\"text-align: justify;\">Chi sostituir\u00e0 Muhammad? Si scontrarono diverse teorie (il comandante pi\u00f9 pio, il comandante pi\u00f9 forte a capo di una grande trib\u00f9, un membro della trib\u00f9 a cui apparteneva il profeta, uno dei suoi primi seguaci, un suo parente di sangue&#8230;), ma prevalse all&#8217;inizio l&#8217;idea di scegliere uno degli amici pi\u00f9 cari del Profeta, il fedele compagno e parente Abu Bakr (632-634), che era padre della moglie preferita, Aisha, sposata quando lei aveva appena nove anni.<\/p>\n<p style=\"text-align: justify;\">Morto Abu Bakr, ne prende il posto un altro compagno dei primi anni e padre di un&#8217;altra moglie, Omar (634-644), e infine Othman (644-656), gi\u00e0 consigliere di Omar e di Abu Bakr, molto ricco e marito di due figlie di Muhammad. Come quarto successore viene scelto Ali, che rivendicava tale incarico fin dall&#8217;inizio in quanto cugino del profeta e genero, avendone sposato la figlia preferita Fatima.<\/p>\n<p style=\"text-align: justify;\">Non tutti furono d&#8217;accordo e iniziarono i contrasti all&#8217;interno della comunit\u00e0 che nel frattempo si era espansa da un lato fino all&#8217;Egitto e dall&#8217;altro fino alla Siria (Damasco cade nel 636, Gerusalemme nel 638 e il Cairo nel 639). Passano alcuni anni fra dispetti e scaramucce in cui entra con prepotenza anche la giovane vedova Aisha che scende addirittura in campo contro Ali nella famosa battaglia del cammello, disastrosamente persa (e da qui nasce il detto che porta sfortuna avere una donna in battaglia).<\/p>\n<p style=\"text-align: justify;\">Nel 661 la situazione \u00e8 cos\u00ec tesa che i sostenitori di Ali si vedono costretti a uno scontro armato con i sostenitori di Muhawwiya, della dinastia omayyade, comandante del fronte siriano in veloce espansione. A Siffin, presso il medio Eufrate, in Iraq, le armate stanno per scontrarsi quando alcuni saggi propongono un &#8220;arbitrato per non spargere sangue di fratelli&#8221;, e cos\u00ec avviene. Alla fine Muhawwiya vince e viene riconosciuto come legittimo <em>khalif<\/em>.<\/p>\n<p style=\"text-align: justify;\">In un primo momento Ali accetta la decisione, ma poi si ribella e si allontana per preparare una nuova guerra. In quel momento si sono poste le basi per la divisione fra sunniti (i sostenitori di Muhawyya, oggi circa l&#8217;85% dei mu\u00adsulmani), sciiti (i seguaci di Ali da <em>sci\u2019at Ali <\/em>che significa partito di Ali, oggi circa il 9%) e kharijiti (un terzo gruppo che non riconosce Muhawyya, accusa Ali di essere troppo debole e quindi nomina un altro capo, oggi 1% circa).<\/p>\n<p style=\"text-align: justify;\"><strong>Tre rami nell&#8217;islam<\/strong><\/p>\n<p style=\"text-align: justify;\">Ed ecco la comunit\u00e0 islamica, la Umma, pochi anni dopo la morte del Profeta, divisa in tre gruppi destinati a spezzettarsi ulteriormente soprattutto nel ramo sciita. La divisione avviene per un contrasto politico &#8211; chi \u00e8 il nostro vero capo? &#8211; e continuer\u00e0 su questo fino alla definitiva scomparsa del Califfato nel XX secolo. Il problema di fondo: il successore di Muhammad deve avere nelle sue vene sangue del Profeta (sciiti), pu\u00f2 essere nominato dalla maggioranza e scelto in una famiglia potente (sunniti) o pu\u00f2 essere nominato in base alla sua piet\u00e0, al suo coraggio, alla sua conoscenza del Corano (kharijiti)? Ovviamente nel tempo si sono anche differenziati per alcune pratiche religiose o alcune disposizioni giuridiche, ma restano accomunati nella fede e nella sottomissione all&#8217;unico Allah.<\/p>\n<p style=\"text-align: justify;\"><strong>La situazione attuale dell&#8217;islam<\/strong><\/p>\n<p style=\"text-align: justify;\">Dal VII secolo in poi i rami dell&#8217;islam sono stati in lotta furibonda fra loro. Si sono scontrati con le armi in pugno, accusati di non essere veri musulmani, perseguitati a vicenda, ridotti in ghetti, salvo poi unirsi talora di fronte al comune nemico, i &#8220;Roman&#8221; o &#8220;Franchi&#8221; o &#8220;cristiani&#8221;, tre termini che nelle cronache arabe dei primi secoli sono interscambiabili e an\u00adcora oggi vengono usati in alcuni contesti.<\/p>\n<p style=\"text-align: justify;\">Oggi gli sciiti sono situati soprattutto in Iran, dove rappresentano il 98% della popolazione, e sono maggioritari in Azerbaijan, in Iraq e nel Bahrain; alte percentuali di sciiti si trovano in Libano, nello Yemen e in Kuwait. Forti mino\u00adranze sono presenti anche in Arabia Saudita e Siria (dove gli sciiti alawiti sono solo il 15% ma controllano il potere), mentre negli altri Paesi arabi sono fortemente minoritari. Fuori dal mondo arabo, forti minoranze si trovano in Tur\u00adchia (aleviti), Afghanistan, Pakistan e India.<\/p>\n<p style=\"text-align: justify;\">I kharijiti sono presenti nel Sultanato dell&#8217;Oman (dove s&#8217;erano insediati fin dal 686) e in alcune parti del Nord Africa: la regione dello Mzab in Algeria, il Gebel Nefusa in Tripolitania (Libia) e nell&#8217;isola tunisina di Jerba, oltre che a Zanzibar.<\/p>\n<p style=\"text-align: justify;\">Tornando al Medio Oriente, si pu\u00f2 ben comprendere che la regione sia piuttosto inquieta anche perch\u00e9 al variegato mondo musulmano &#8211; che si potrebbe approfondire e cos\u00ec scoprire che non sono soltanto tre i gruppi -si deve aggiungere la presenza di tutti gli altri gruppi religiosi: cristiani ortodossi, greco-cattolici, siriaci, nestoriani, armeni, maroniti, copti, caldei, ebrei, drusi, yazidi&#8230; e sono tutti arabi, tranne gli ebrei ovviamente.<\/p>\n<p style=\"text-align: justify;\">Occorre quindi non commettere l&#8217;errore &#8220;arabi=musulmani&#8221; perch\u00e9 sono ugualmente arabi i drusi, i maroniti, gli ortodossi e via dicendo.<\/p>\n<p style=\"text-align: justify;\"><strong>I musulmani fuori dal mondo arabo<\/strong><\/p>\n<p style=\"text-align: justify;\">Ma l&#8217;islam \u00e8 tutto qui, con un&#8217;estensione nel Nord Africa? I musulmani sono tutti arabi? Assolutamente no, anzi la maggioranza dei musulmani non sono affatto arabi. L&#8217;Indonesia con i suoi quasi 220 milioni di islamici su una popolazione di 250 milioni di persone \u00e8 di poco inferiore a tutto il Medio Oriente e il Nord Africa messi insieme, e poi l&#8217;India con circa 175 milioni, il resto dell&#8217;Asia, il centro e sud Africa, la Cina, dove le stime sono rese difficili da un governo ufficialmente ateo.<\/p>\n<p style=\"text-align: justify;\">L&#8217;islam, con la sua chiamata universale alla conversione, \u00e8 una religione che nel corso dei secoli, partendo dalla penisola arabica, si \u00e8 estremamente articolata quanto a etnie, lingue, costumi, usi pur restando unita e forte nel rispetto del Corano e nella sottomissione ad Allah. A questo variopinto mondo si dovrebbe poi aggiungere qualche precisazione sulle diverse scuole teologiche e giuridiche che si sono sviluppate nei secoli e a cui dedicheremo spazio in un prossimo numero.<\/p>\n<p style=\"text-align: center;\"><strong>CHI SONO GLI YAZIDI<\/strong><\/p>\n<p style=\"text-align: justify;\"><em>Gli Yazidi sono poco noti in Europa, anche se oggi una delle loro comunit\u00e0 pi\u00f9 numerose, con sessantamila fedeli fuggiti dalle persecuzioni, vive in Germania, ma sono molto studiati dagli storici delle religioni, che li considerano un museo vivente della cultura religiosa medio-orientale.<\/em><\/p>\n<p style=\"text-align: justify;\"><em>In un&#8217;epoca imprecisata durante il Medioevo, gli Yazidi emergono in una zona a cavallo fra l&#8217;attuale Iraq e la Turchia come una religione separata da tutte le altre, di natura sincretista ed esoterica, con elementi tratti dall&#8217;ebraismo cabalistico, dallo gnosticismo, dal sufismo isl<\/em><em>amico e dallo zoroa<\/em><em>strismo. Venerano come loro fondatore &#8211; e come incarnazione di un angelo &#8211; il maestro sufi Adi ibn Musafir (?-1162), discendente dei califfi della dinastia omayyade, il quale per\u00f2 probabilmente era un asceta musulmano morto decenni, se non secoli prima.<\/em><\/p>\n<p style=\"text-align: justify;\"><em>Il loro credo si basa su un Dio che crea prima sette arcangeli incaricati di governare l&#8217;universo, il cui capo \u00e8<\/em> <em>Tawuse Melek, l&#8217;Arcangelo Pavone, poi crea Adamo, e ordina agli arcangeli d&#8217;inchinarsi a lui.<\/em> <em>Tawuse Melek rifiuta, ma Dio gli lascia comunque il governo di tutto il bene e il male del mondo. Tawuse Melek parl<\/em><em>a per bocca dei profeti yazidi.<\/em><\/p>\n<p style=\"text-align: justify;\"><em>Il problema degli Yazidi \u00e8 che i loro vicini ebrei, cristiani e soprattutto musulmani, sciiti e sunniti, hanno identificato Tawuse Melek &#8211; la cui storia ha elementi in comune con quella di Lucifero nella Bibbia e nel Corano &#8211; con il diavolo, e li hanno quindi etichettati come adora<\/em><em>tori del dia<\/em><em>volo, perseguitandoli duramente.<\/em><\/p>\n<p style=\"text-align: justify;\"><em>Secondo alcuni studiosi il numero di Yazidi trucidati nel corso dei secoli supera i venti milioni. Secondo le scuole islamiche pi\u00f9 estreme, agli Yazidi dev&#8217;essere offerta l&#8217;alternativa fra convertirsi all&#8217;islam ed essere uccisi. Ne hanno massacrati a migliaia in Iraq prima Saddam Hussein (1937-2006), poi al-Qa&#8217;ida durante la guerra c<\/em><em>ivile seguita all&#8217;invasione ame<\/em><em>ricana.<\/em><\/p>\n<p style=\"text-align: justify;\"><em>Oggi il Cal<\/em><em>iffato di al-Baghdadi offre nuo<\/em><em>vamente loro l&#8217;antica alternativa: convertirsi all&#8217;islam o vedere i loro uomini fucilati e le loro donne vendute come schiave. I morti sarebbero gi\u00e0 migliaia, i profughi decine di migliaia, e il rischio di un genocidio \u00e8 alle porte, se si considera che dei settecentomila Yazidi sopravvissuti a secoli di persecuzioni, oggi cinquecentomila vivono in Iraq e cinquantamila in Siria.<\/em><\/p>\n","protected":false},"excerpt":{"rendered":"<p>La Roccia anno 1 n.2 marzo-aprile 2015 Sunniti contro sciti, musulmani contro altri seguaci di Muhammad. Perch\u00e9 questa continua guerra interna all\u2019islam? Quali le radici e le ragioni? di Silvia Scaranari II Medio Oriente entra prepotentemente nelle nostre case I tutti i giorni da decenni: con il quotidiano, con il Tg di pranzo o della &hellip; <\/p>\n<p><a class=\"more-link btn\" href=\"https:\/\/www.rassegnastampa-totustuus.it\/cattolica\/lislam-e-il-medio-oriente\/\">Continua a leggere<\/a><\/p>\n","protected":false},"author":6,"featured_media":21962,"comment_status":"closed","ping_status":"closed","sticky":false,"template":"","format":"standard","meta":{"footnotes":""},"categories":[16],"tags":[783,784,1897],"class_list":["post-21960","post","type-post","status-publish","format-standard","has-post-thumbnail","hentry","category-islam","tag-sciiti","tag-sunniti","tag-yazidi","item-wrap"],"yoast_head":"<!-- This site is optimized with the Yoast SEO plugin v27.5 - https:\/\/yoast.com\/product\/yoast-seo-wordpress\/ -->\n<title>L\u2019Islam e il Medio Oriente - Rassegna Stampa Cattolica<\/title>\n<meta name=\"description\" content=\"Rassegna Stampa Cattolica - Per una cultura che nasce dalla Rivelazione cristiana in conformit\u00e0 alla tradizione e al Magistero della Chiesa in opposizione ad ogni relativismo e totalitarismo\" \/>\n<meta name=\"robots\" content=\"index, follow, max-snippet:-1, max-image-preview:large, max-video-preview:-1\" \/>\n<link rel=\"canonical\" href=\"https:\/\/www.rassegnastampa-totustuus.it\/cattolica\/lislam-e-il-medio-oriente\/\" \/>\n<meta property=\"og:locale\" content=\"it_IT\" \/>\n<meta property=\"og:type\" content=\"article\" \/>\n<meta property=\"og:title\" content=\"L\u2019Islam e il Medio Oriente - Rassegna Stampa Cattolica\" \/>\n<meta property=\"og:description\" content=\"Rassegna Stampa Cattolica - Per una cultura che nasce dalla Rivelazione cristiana in conformit\u00e0 alla tradizione e al Magistero della Chiesa in opposizione ad ogni relativismo e totalitarismo\" \/>\n<meta property=\"og:url\" content=\"https:\/\/www.rassegnastampa-totustuus.it\/cattolica\/lislam-e-il-medio-oriente\/\" \/>\n<meta property=\"og:site_name\" content=\"Rassegna Stampa Cattolica\" \/>\n<meta property=\"article:publisher\" content=\"https:\/\/www.facebook.com\/rassegnastampacattolica\" \/>\n<meta property=\"article:published_time\" content=\"2015-03-25T23:00:47+00:00\" \/>\n<meta property=\"og:image\" content=\"https:\/\/www.rassegnastampa-totustuus.it\/cattolica\/wp-content\/uploads\/2015\/03\/sciiti_sunniti.jpg\" \/>\n\t<meta property=\"og:image:width\" content=\"310\" \/>\n\t<meta property=\"og:image:height\" content=\"163\" \/>\n\t<meta property=\"og:image:type\" content=\"image\/jpeg\" \/>\n<meta name=\"author\" content=\"Redazione\" \/>\n<meta name=\"twitter:card\" content=\"summary_large_image\" \/>\n<meta name=\"twitter:creator\" content=\"@rassegnastampa9\" \/>\n<meta name=\"twitter:site\" content=\"@rassegnastampa9\" \/>\n<meta name=\"twitter:label1\" content=\"Scritto da\" \/>\n\t<meta name=\"twitter:data1\" content=\"Redazione\" \/>\n\t<meta name=\"twitter:label2\" content=\"Tempo di lettura stimato\" \/>\n\t<meta name=\"twitter:data2\" content=\"8 minuti\" \/>\n<script type=\"application\/ld+json\" class=\"yoast-schema-graph\">{\"@context\":\"https:\\\/\\\/schema.org\",\"@graph\":[{\"@type\":\"Article\",\"@id\":\"https:\\\/\\\/www.rassegnastampa-totustuus.it\\\/cattolica\\\/lislam-e-il-medio-oriente\\\/#article\",\"isPartOf\":{\"@id\":\"https:\\\/\\\/www.rassegnastampa-totustuus.it\\\/cattolica\\\/lislam-e-il-medio-oriente\\\/\"},\"author\":{\"name\":\"Redazione\",\"@id\":\"https:\\\/\\\/www.rassegnastampa-totustuus.it\\\/cattolica\\\/#\\\/schema\\\/person\\\/08f319d2bd1a0904ad9e2bfb7b15e5c3\"},\"headline\":\"L\u2019Islam e il Medio Oriente\",\"datePublished\":\"2015-03-25T23:00:47+00:00\",\"mainEntityOfPage\":{\"@id\":\"https:\\\/\\\/www.rassegnastampa-totustuus.it\\\/cattolica\\\/lislam-e-il-medio-oriente\\\/\"},\"wordCount\":1756,\"publisher\":{\"@id\":\"https:\\\/\\\/www.rassegnastampa-totustuus.it\\\/cattolica\\\/#organization\"},\"image\":{\"@id\":\"https:\\\/\\\/www.rassegnastampa-totustuus.it\\\/cattolica\\\/lislam-e-il-medio-oriente\\\/#primaryimage\"},\"thumbnailUrl\":\"https:\\\/\\\/www.rassegnastampa-totustuus.it\\\/cattolica\\\/wp-content\\\/uploads\\\/2015\\\/03\\\/sciiti_sunniti.jpg\",\"keywords\":[\"sciiti\",\"sunniti\",\"yazidi\"],\"articleSection\":[\"Islam\"],\"inLanguage\":\"it-IT\"},{\"@type\":\"WebPage\",\"@id\":\"https:\\\/\\\/www.rassegnastampa-totustuus.it\\\/cattolica\\\/lislam-e-il-medio-oriente\\\/\",\"url\":\"https:\\\/\\\/www.rassegnastampa-totustuus.it\\\/cattolica\\\/lislam-e-il-medio-oriente\\\/\",\"name\":\"L\u2019Islam e il Medio Oriente - Rassegna Stampa Cattolica\",\"isPartOf\":{\"@id\":\"https:\\\/\\\/www.rassegnastampa-totustuus.it\\\/cattolica\\\/#website\"},\"primaryImageOfPage\":{\"@id\":\"https:\\\/\\\/www.rassegnastampa-totustuus.it\\\/cattolica\\\/lislam-e-il-medio-oriente\\\/#primaryimage\"},\"image\":{\"@id\":\"https:\\\/\\\/www.rassegnastampa-totustuus.it\\\/cattolica\\\/lislam-e-il-medio-oriente\\\/#primaryimage\"},\"thumbnailUrl\":\"https:\\\/\\\/www.rassegnastampa-totustuus.it\\\/cattolica\\\/wp-content\\\/uploads\\\/2015\\\/03\\\/sciiti_sunniti.jpg\",\"datePublished\":\"2015-03-25T23:00:47+00:00\",\"description\":\"Rassegna Stampa Cattolica - Per una cultura che nasce dalla Rivelazione cristiana in conformit\u00e0 alla tradizione e al Magistero della Chiesa in opposizione ad ogni relativismo e totalitarismo\",\"breadcrumb\":{\"@id\":\"https:\\\/\\\/www.rassegnastampa-totustuus.it\\\/cattolica\\\/lislam-e-il-medio-oriente\\\/#breadcrumb\"},\"inLanguage\":\"it-IT\",\"potentialAction\":[{\"@type\":\"ReadAction\",\"target\":[\"https:\\\/\\\/www.rassegnastampa-totustuus.it\\\/cattolica\\\/lislam-e-il-medio-oriente\\\/\"]}]},{\"@type\":\"ImageObject\",\"inLanguage\":\"it-IT\",\"@id\":\"https:\\\/\\\/www.rassegnastampa-totustuus.it\\\/cattolica\\\/lislam-e-il-medio-oriente\\\/#primaryimage\",\"url\":\"https:\\\/\\\/www.rassegnastampa-totustuus.it\\\/cattolica\\\/wp-content\\\/uploads\\\/2015\\\/03\\\/sciiti_sunniti.jpg\",\"contentUrl\":\"https:\\\/\\\/www.rassegnastampa-totustuus.it\\\/cattolica\\\/wp-content\\\/uploads\\\/2015\\\/03\\\/sciiti_sunniti.jpg\",\"width\":310,\"height\":163},{\"@type\":\"BreadcrumbList\",\"@id\":\"https:\\\/\\\/www.rassegnastampa-totustuus.it\\\/cattolica\\\/lislam-e-il-medio-oriente\\\/#breadcrumb\",\"itemListElement\":[{\"@type\":\"ListItem\",\"position\":1,\"name\":\"Home\",\"item\":\"https:\\\/\\\/www.rassegnastampa-totustuus.it\\\/cattolica\\\/\"},{\"@type\":\"ListItem\",\"position\":2,\"name\":\"L\u2019Islam e il Medio Oriente\"}]},{\"@type\":\"WebSite\",\"@id\":\"https:\\\/\\\/www.rassegnastampa-totustuus.it\\\/cattolica\\\/#website\",\"url\":\"https:\\\/\\\/www.rassegnastampa-totustuus.it\\\/cattolica\\\/\",\"name\":\"Rassegna Stampa Cattolica\",\"description\":\"Per una cultura che nasce dalla Rivelazione cristiana in conformit\u00e0 alla tradizione e al Magistero della Chiesa in opposizione ad ogni relativismo e totalitarismo\",\"publisher\":{\"@id\":\"https:\\\/\\\/www.rassegnastampa-totustuus.it\\\/cattolica\\\/#organization\"},\"alternateName\":\"Rass. Cattolica\",\"potentialAction\":[{\"@type\":\"SearchAction\",\"target\":{\"@type\":\"EntryPoint\",\"urlTemplate\":\"https:\\\/\\\/www.rassegnastampa-totustuus.it\\\/cattolica\\\/?s={search_term_string}\"},\"query-input\":{\"@type\":\"PropertyValueSpecification\",\"valueRequired\":true,\"valueName\":\"search_term_string\"}}],\"inLanguage\":\"it-IT\"},{\"@type\":\"Organization\",\"@id\":\"https:\\\/\\\/www.rassegnastampa-totustuus.it\\\/cattolica\\\/#organization\",\"name\":\"Rassegna Stampa Cattolica\",\"url\":\"https:\\\/\\\/www.rassegnastampa-totustuus.it\\\/cattolica\\\/\",\"logo\":{\"@type\":\"ImageObject\",\"inLanguage\":\"it-IT\",\"@id\":\"https:\\\/\\\/www.rassegnastampa-totustuus.it\\\/cattolica\\\/#\\\/schema\\\/logo\\\/image\\\/\",\"url\":\"https:\\\/\\\/www.rassegnastampa-totustuus.it\\\/cattolica\\\/wp-content\\\/uploads\\\/2014\\\/04\\\/logo-rassegna1.gif\",\"contentUrl\":\"https:\\\/\\\/www.rassegnastampa-totustuus.it\\\/cattolica\\\/wp-content\\\/uploads\\\/2014\\\/04\\\/logo-rassegna1.gif\",\"width\":600,\"height\":163,\"caption\":\"Rassegna Stampa Cattolica\"},\"image\":{\"@id\":\"https:\\\/\\\/www.rassegnastampa-totustuus.it\\\/cattolica\\\/#\\\/schema\\\/logo\\\/image\\\/\"},\"sameAs\":[\"https:\\\/\\\/www.facebook.com\\\/rassegnastampacattolica\",\"https:\\\/\\\/x.com\\\/rassegnastampa9\"]},{\"@type\":\"Person\",\"@id\":\"https:\\\/\\\/www.rassegnastampa-totustuus.it\\\/cattolica\\\/#\\\/schema\\\/person\\\/08f319d2bd1a0904ad9e2bfb7b15e5c3\",\"name\":\"Redazione\",\"image\":{\"@type\":\"ImageObject\",\"inLanguage\":\"it-IT\",\"@id\":\"https:\\\/\\\/secure.gravatar.com\\\/avatar\\\/2fcdf27c78ea025fbdb44e914cc63c72249ffec9dc8aafd5c82b26240ef3f346?s=96&d=mm&r=g\",\"url\":\"https:\\\/\\\/secure.gravatar.com\\\/avatar\\\/2fcdf27c78ea025fbdb44e914cc63c72249ffec9dc8aafd5c82b26240ef3f346?s=96&d=mm&r=g\",\"contentUrl\":\"https:\\\/\\\/secure.gravatar.com\\\/avatar\\\/2fcdf27c78ea025fbdb44e914cc63c72249ffec9dc8aafd5c82b26240ef3f346?s=96&d=mm&r=g\",\"caption\":\"Redazione\"},\"url\":\"https:\\\/\\\/www.rassegnastampa-totustuus.it\\\/cattolica\\\/author\\\/pietroelle\\\/\"}]}<\/script>\n<!-- \/ Yoast SEO plugin. -->","yoast_head_json":{"title":"L\u2019Islam e il Medio Oriente - Rassegna Stampa Cattolica","description":"Rassegna Stampa Cattolica - Per una cultura che nasce dalla Rivelazione cristiana in conformit\u00e0 alla tradizione e al Magistero della Chiesa in opposizione ad ogni relativismo e totalitarismo","robots":{"index":"index","follow":"follow","max-snippet":"max-snippet:-1","max-image-preview":"max-image-preview:large","max-video-preview":"max-video-preview:-1"},"canonical":"https:\/\/www.rassegnastampa-totustuus.it\/cattolica\/lislam-e-il-medio-oriente\/","og_locale":"it_IT","og_type":"article","og_title":"L\u2019Islam e il Medio Oriente - Rassegna Stampa Cattolica","og_description":"Rassegna Stampa Cattolica - Per una cultura che nasce dalla Rivelazione cristiana in conformit\u00e0 alla tradizione e al Magistero della Chiesa in opposizione ad ogni relativismo e totalitarismo","og_url":"https:\/\/www.rassegnastampa-totustuus.it\/cattolica\/lislam-e-il-medio-oriente\/","og_site_name":"Rassegna Stampa Cattolica","article_publisher":"https:\/\/www.facebook.com\/rassegnastampacattolica","article_published_time":"2015-03-25T23:00:47+00:00","og_image":[{"width":310,"height":163,"url":"https:\/\/www.rassegnastampa-totustuus.it\/cattolica\/wp-content\/uploads\/2015\/03\/sciiti_sunniti.jpg","type":"image\/jpeg"}],"author":"Redazione","twitter_card":"summary_large_image","twitter_creator":"@rassegnastampa9","twitter_site":"@rassegnastampa9","twitter_misc":{"Scritto da":"Redazione","Tempo di lettura stimato":"8 minuti"},"schema":{"@context":"https:\/\/schema.org","@graph":[{"@type":"Article","@id":"https:\/\/www.rassegnastampa-totustuus.it\/cattolica\/lislam-e-il-medio-oriente\/#article","isPartOf":{"@id":"https:\/\/www.rassegnastampa-totustuus.it\/cattolica\/lislam-e-il-medio-oriente\/"},"author":{"name":"Redazione","@id":"https:\/\/www.rassegnastampa-totustuus.it\/cattolica\/#\/schema\/person\/08f319d2bd1a0904ad9e2bfb7b15e5c3"},"headline":"L\u2019Islam e il Medio Oriente","datePublished":"2015-03-25T23:00:47+00:00","mainEntityOfPage":{"@id":"https:\/\/www.rassegnastampa-totustuus.it\/cattolica\/lislam-e-il-medio-oriente\/"},"wordCount":1756,"publisher":{"@id":"https:\/\/www.rassegnastampa-totustuus.it\/cattolica\/#organization"},"image":{"@id":"https:\/\/www.rassegnastampa-totustuus.it\/cattolica\/lislam-e-il-medio-oriente\/#primaryimage"},"thumbnailUrl":"https:\/\/www.rassegnastampa-totustuus.it\/cattolica\/wp-content\/uploads\/2015\/03\/sciiti_sunniti.jpg","keywords":["sciiti","sunniti","yazidi"],"articleSection":["Islam"],"inLanguage":"it-IT"},{"@type":"WebPage","@id":"https:\/\/www.rassegnastampa-totustuus.it\/cattolica\/lislam-e-il-medio-oriente\/","url":"https:\/\/www.rassegnastampa-totustuus.it\/cattolica\/lislam-e-il-medio-oriente\/","name":"L\u2019Islam e il Medio Oriente - Rassegna Stampa Cattolica","isPartOf":{"@id":"https:\/\/www.rassegnastampa-totustuus.it\/cattolica\/#website"},"primaryImageOfPage":{"@id":"https:\/\/www.rassegnastampa-totustuus.it\/cattolica\/lislam-e-il-medio-oriente\/#primaryimage"},"image":{"@id":"https:\/\/www.rassegnastampa-totustuus.it\/cattolica\/lislam-e-il-medio-oriente\/#primaryimage"},"thumbnailUrl":"https:\/\/www.rassegnastampa-totustuus.it\/cattolica\/wp-content\/uploads\/2015\/03\/sciiti_sunniti.jpg","datePublished":"2015-03-25T23:00:47+00:00","description":"Rassegna Stampa Cattolica - Per una cultura che nasce dalla Rivelazione cristiana in conformit\u00e0 alla tradizione e al Magistero della Chiesa in opposizione ad ogni relativismo e totalitarismo","breadcrumb":{"@id":"https:\/\/www.rassegnastampa-totustuus.it\/cattolica\/lislam-e-il-medio-oriente\/#breadcrumb"},"inLanguage":"it-IT","potentialAction":[{"@type":"ReadAction","target":["https:\/\/www.rassegnastampa-totustuus.it\/cattolica\/lislam-e-il-medio-oriente\/"]}]},{"@type":"ImageObject","inLanguage":"it-IT","@id":"https:\/\/www.rassegnastampa-totustuus.it\/cattolica\/lislam-e-il-medio-oriente\/#primaryimage","url":"https:\/\/www.rassegnastampa-totustuus.it\/cattolica\/wp-content\/uploads\/2015\/03\/sciiti_sunniti.jpg","contentUrl":"https:\/\/www.rassegnastampa-totustuus.it\/cattolica\/wp-content\/uploads\/2015\/03\/sciiti_sunniti.jpg","width":310,"height":163},{"@type":"BreadcrumbList","@id":"https:\/\/www.rassegnastampa-totustuus.it\/cattolica\/lislam-e-il-medio-oriente\/#breadcrumb","itemListElement":[{"@type":"ListItem","position":1,"name":"Home","item":"https:\/\/www.rassegnastampa-totustuus.it\/cattolica\/"},{"@type":"ListItem","position":2,"name":"L\u2019Islam e il Medio Oriente"}]},{"@type":"WebSite","@id":"https:\/\/www.rassegnastampa-totustuus.it\/cattolica\/#website","url":"https:\/\/www.rassegnastampa-totustuus.it\/cattolica\/","name":"Rassegna Stampa Cattolica","description":"Per una cultura che nasce dalla Rivelazione cristiana in conformit\u00e0 alla tradizione e al Magistero della Chiesa in opposizione ad ogni relativismo e totalitarismo","publisher":{"@id":"https:\/\/www.rassegnastampa-totustuus.it\/cattolica\/#organization"},"alternateName":"Rass. Cattolica","potentialAction":[{"@type":"SearchAction","target":{"@type":"EntryPoint","urlTemplate":"https:\/\/www.rassegnastampa-totustuus.it\/cattolica\/?s={search_term_string}"},"query-input":{"@type":"PropertyValueSpecification","valueRequired":true,"valueName":"search_term_string"}}],"inLanguage":"it-IT"},{"@type":"Organization","@id":"https:\/\/www.rassegnastampa-totustuus.it\/cattolica\/#organization","name":"Rassegna Stampa Cattolica","url":"https:\/\/www.rassegnastampa-totustuus.it\/cattolica\/","logo":{"@type":"ImageObject","inLanguage":"it-IT","@id":"https:\/\/www.rassegnastampa-totustuus.it\/cattolica\/#\/schema\/logo\/image\/","url":"https:\/\/www.rassegnastampa-totustuus.it\/cattolica\/wp-content\/uploads\/2014\/04\/logo-rassegna1.gif","contentUrl":"https:\/\/www.rassegnastampa-totustuus.it\/cattolica\/wp-content\/uploads\/2014\/04\/logo-rassegna1.gif","width":600,"height":163,"caption":"Rassegna Stampa Cattolica"},"image":{"@id":"https:\/\/www.rassegnastampa-totustuus.it\/cattolica\/#\/schema\/logo\/image\/"},"sameAs":["https:\/\/www.facebook.com\/rassegnastampacattolica","https:\/\/x.com\/rassegnastampa9"]},{"@type":"Person","@id":"https:\/\/www.rassegnastampa-totustuus.it\/cattolica\/#\/schema\/person\/08f319d2bd1a0904ad9e2bfb7b15e5c3","name":"Redazione","image":{"@type":"ImageObject","inLanguage":"it-IT","@id":"https:\/\/secure.gravatar.com\/avatar\/2fcdf27c78ea025fbdb44e914cc63c72249ffec9dc8aafd5c82b26240ef3f346?s=96&d=mm&r=g","url":"https:\/\/secure.gravatar.com\/avatar\/2fcdf27c78ea025fbdb44e914cc63c72249ffec9dc8aafd5c82b26240ef3f346?s=96&d=mm&r=g","contentUrl":"https:\/\/secure.gravatar.com\/avatar\/2fcdf27c78ea025fbdb44e914cc63c72249ffec9dc8aafd5c82b26240ef3f346?s=96&d=mm&r=g","caption":"Redazione"},"url":"https:\/\/www.rassegnastampa-totustuus.it\/cattolica\/author\/pietroelle\/"}]}},"_links":{"self":[{"href":"https:\/\/www.rassegnastampa-totustuus.it\/cattolica\/wp-json\/wp\/v2\/posts\/21960","targetHints":{"allow":["GET"]}}],"collection":[{"href":"https:\/\/www.rassegnastampa-totustuus.it\/cattolica\/wp-json\/wp\/v2\/posts"}],"about":[{"href":"https:\/\/www.rassegnastampa-totustuus.it\/cattolica\/wp-json\/wp\/v2\/types\/post"}],"author":[{"embeddable":true,"href":"https:\/\/www.rassegnastampa-totustuus.it\/cattolica\/wp-json\/wp\/v2\/users\/6"}],"replies":[{"embeddable":true,"href":"https:\/\/www.rassegnastampa-totustuus.it\/cattolica\/wp-json\/wp\/v2\/comments?post=21960"}],"version-history":[{"count":2,"href":"https:\/\/www.rassegnastampa-totustuus.it\/cattolica\/wp-json\/wp\/v2\/posts\/21960\/revisions"}],"predecessor-version":[{"id":21964,"href":"https:\/\/www.rassegnastampa-totustuus.it\/cattolica\/wp-json\/wp\/v2\/posts\/21960\/revisions\/21964"}],"wp:featuredmedia":[{"embeddable":true,"href":"https:\/\/www.rassegnastampa-totustuus.it\/cattolica\/wp-json\/wp\/v2\/media\/21962"}],"wp:attachment":[{"href":"https:\/\/www.rassegnastampa-totustuus.it\/cattolica\/wp-json\/wp\/v2\/media?parent=21960"}],"wp:term":[{"taxonomy":"category","embeddable":true,"href":"https:\/\/www.rassegnastampa-totustuus.it\/cattolica\/wp-json\/wp\/v2\/categories?post=21960"},{"taxonomy":"post_tag","embeddable":true,"href":"https:\/\/www.rassegnastampa-totustuus.it\/cattolica\/wp-json\/wp\/v2\/tags?post=21960"}],"curies":[{"name":"wp","href":"https:\/\/api.w.org\/{rel}","templated":true}]}}