{"id":2196,"date":"2006-09-07T00:00:00","date_gmt":"2006-09-06T22:00:00","guid":{"rendered":""},"modified":"2016-05-09T11:47:54","modified_gmt":"2016-05-09T09:47:54","slug":"litalia-che-non-mi-piace-quella-che-si-arrende","status":"publish","type":"post","link":"https:\/\/www.rassegnastampa-totustuus.it\/cattolica\/litalia-che-non-mi-piace-quella-che-si-arrende\/","title":{"rendered":"L&#8217;Italia che non mi piace. Quella che si arrende"},"content":{"rendered":"<div style=\"text-align: center;\"><strong><img loading=\"lazy\" decoding=\"async\" class=\"alignright wp-image-34009\" src=\"https:\/\/www.rassegnastampa-totustuus.it\/cattolica\/wp-content\/uploads\/2006\/09\/Magdi_Allam_cover.jpg\" alt=\"Magdi_Allam_cover\" width=\"129\" height=\"200\" \/>Corriere della Sera<\/strong>, 2 giugno 2006<\/div>\n<p style=\"text-align: justify;\"><em>Anticipiamo un brano del saggio \u00abIo amo l\u2019Italia. Ma gli italiani la amano?\u00bb di Magdi Allam, in libreria da marted\u00ec 6 giugno <\/em><\/p>\n<p style=\"text-align: center;\"><strong>Magdi Allam <\/strong><\/p>\n<p><!--more--><\/p>\n<div style=\"text-align: justify;\"><strong>Oggi siamo tutti a rischio<\/strong> perch\u00e9 \u00e8 venuto meno il valore fondante della nostra umanit\u00e0, il valore della sacralit\u00e0 della vita. Nel mondo islamico il nichilismo \u00e8 degenerato nel disconoscimento del diritto alla vita propria e altrui, al punto che assistiamo a dei terroristi suicidi- omicidi che si fanno esplodere addirittura dentro le moschee, nella certezza di conquistare il paradiso islamico massacrando dei fedeli musulmani che pregano il loro stesso Dio all&#8217;interno del luogo di culto di Dio.<\/div>\n<p style=\"text-align: justify;\">Ma, ahim\u00e8, abbiamo a che fare anche con un Occidente in preda al nichilismo e al relativismo culturale, la cui magistratura legittima questi terroristi suicidi-omicidi, i cui politici corteggiano gli estremisti islamici illudendosi che cos\u00ec facendo si calmeranno le acque e salveranno la pelle. S\u00ec, \u00e8 possibile che salveranno la pelle nel breve termine, ma \u00e8 certo che perderanno tutto il resto, a cominciare dal diritto alla vita dei loro figli e dal bene della civilt\u00e0 occidentale i cui valori sono un patrimonio dell&#8217;umanit\u00e0.<\/p>\n<p style=\"text-align: justify;\"><strong>La battaglia comune che ci attende,<\/strong> in Italia, in Occidente e nei Paesi musulmani, \u00e8 essenzialmente una battaglia di idee affinch\u00e9 trionfino valori in grado di cementare una comune civilt\u00e0 dell&#8217;uomo. Sono i valori del primato della vita, della centralit\u00e0 dell&#8217;individuo, del rispetto dei diritti fondamentali della persona. Che cosa ci impedisce oggi in Italia di affermare i nostri valori e la nostra identit\u00e0? \u00c8 solo la nostra incapacit\u00e0 o mancanza di volont\u00e0 a risultare credibili, a far applicare le leggi e a far rispettare le istituzioni.<\/p>\n<p style=\"text-align: justify;\">Dobbiamo biasimare soltanto noi stessi. Sbagliano coloro che, per tenersi buoni gli estremisti islamici, per scongiurare che anche l&#8217;Italia possa essere oggetto di un attentato terroristico, finiscono per scendere a patti con loro, mercanteggiando sulle leggi dello Stato, legittimando dei fuorilegge. Mi sconcerta l&#8217;Italia che mette sullo stesso piano Bin Laden e Bush, l&#8217;attentato e la rappresaglia, il terrorismo e la guerra sferrata da chi si difende dal terrorismo.<\/p>\n<p style=\"text-align: justify;\"><strong>Mi preoccupa l&#8217;Italia che manda i suoi militari<\/strong> e i suoi carabinieri in Iraq e poi sembra darli in pasto ai terroristi definendoli \u00abforze di occupazione\u00bb, ignorando che sono pienamente legittimati sul piano internazionale dalla risoluzione 1511 del 16 ottobre 2003, che l&#8217;Iraq \u00e8 uno Stato pienamente sovrano sulla base della risoluzione 1546 dell&#8217;8 giugno 2004 e che il regime di occupazione \u00e8 cessato dal 28 giugno 2004.<\/p>\n<p style=\"text-align: justify;\">Mi lascia perplesso l&#8217;Italia che guarda all&#8217;Onu come a un totem da venerare quando si tratta di condannare la \u00abguerra illegale\u00bb in Iraq, dimenticando che anche gli interventi militari a cui ha partecipato in Bosnia nel 1995, in Kosovo nel 1999, a Beirut nel 1983 e nel Sinai nel 1981 sono avvenuti senza l&#8217;autorizzazione dell&#8217;Onu, eppure vengono considerati legittimi dalle forze politiche di destra e di sinistra. Mi indigna l&#8217;Italia che nobilita il terrorismo qualificandolo \u00abresistenza\u00bb, quasi gioendo per la lunga scia di sangue in Iraq perch\u00e9 sarebbe la prova della \u00abguerra civile\u00bb.<\/p>\n<p style=\"text-align: justify;\">Ma soprattutto provo orrore per l&#8217;Italia che \u00e8 intollerante nei confronti di se stessa, della propria identit\u00e0 nazionale, dei propri valori.<\/p>\n<p style=\"text-align: justify;\"><strong>L&#8217;Italia ammalata di intolleranza schizofrenica, <\/strong>che si tramuta in un omicidio- suicidio dell&#8217;anima prima ancora che del corpo. L&#8217;Italia che ripudia parte di s\u00e9, che usa la violenza verbale e fisica per aggredire se stessa, che esulta \u00abdieci, cento, mille Nassiriya\u00bb, che ha trasformato la festa della Liberazione nella giornata nella disunione nazionale, che innalza differenti vessilli partigiani ma quasi si vergogna di marciare unita all&#8217;insegna del tricolore.<\/p>\n<p style=\"text-align: justify;\">L&#8217;Italia che brucia le bandiere dell&#8217;America, che l&#8217;ha liberata, e di Israele figlia dell&#8217;Olocausto, che ha alimentato. L&#8217;Italia dell&#8217;islamicamente corretto che si fa in quattro per condannare le vignette su Maometto, ma tace sull&#8217;oltraggio a Ges\u00f9. L&#8217;Italia che deve ancora imparare ad amarsi, rispettarsi, fare il proprio bene. Noi vogliamo unire la nostra voce a quella del papa Benedetto XVI contro la \u00abanticultura della morte\u00bb e la \u00abcosificazione dell&#8217;uomo\u00bb.<\/p>\n<p style=\"text-align: justify;\">Vogliamo dar corpo e forza al \u00abMovimento per la vita e la libert\u00e0\u00bb che unisca cristiani, laici e musulmani di buonsenso nella battaglia per i valori umani universali. Diciamo no al relativismo culturale ed etico, no al negazionismo e al revisionismo storico, no al nichilismo valoriale e ideologico, no al multiculturalismo e all&#8217;assimilazionismo.<\/p>\n<p style=\"text-align: justify;\"><strong>Diciamo s\u00ec alla sacralit\u00e0 della vita di tutti,<\/strong> s\u00ec al valore fondamentale della libert\u00e0, s\u00ec alla centralit\u00e0 della persona, s\u00ec a un&#8217;identit\u00e0 forte e condivisa.Io, che non sono cristiano, riconosco che la parabola di Ges\u00f9 \u00e8 la pi\u00f9 adeguata a raffigurare la realt\u00e0 odierna e il compito che ci attende. Nel Vangelo secondo Matteo si legge: \u00abGes\u00f9 entr\u00f2 nel tempio e scacci\u00f2 tutti coloro che vendevano e compravano nel tempio, rovesciando i tavoli dei cambiavalute e i banchi di quelli che vendevano le colombe.<\/p>\n<p style=\"text-align: justify;\">E disse loro: &#8220;Sta scritto: la mia casa sar\u00e0 chiamata casa di preghiera, ma voi ne avete fatto una spelonca di ladri&#8221;\u00bb. Ecco: i templi dell&#8217;Occidente e dell&#8217;Islam sono stati trasformati in una spelonca di ladri e devono essere liberati da coloro che per ignoranza, ingenuit\u00e0, paura, vilt\u00e0, ipocrisia, cinismo, avidit\u00e0, fanatismo, odio e ideologismo hanno venduto l&#8217;anima e se stessi a un nemico interno e a un nemico esterno.<\/p>\n<p style=\"text-align: justify;\"><strong>Dunque, seguiamo l&#8217;esempio di Ges\u00f9:<\/strong> cacciamo i mercanti dal tempio! Questo non \u00e8 il tempo del compromesso, perch\u00e9 non si mercanteggia sulla vita e sulla libert\u00e0. Questo non \u00e8 il tempo del dialogo, perch\u00e9 non si devono legittimare i predicatori d&#8217;odio. Questo non \u00e8 il tempo della pace, perch\u00e9 dobbiamo prima liberarci dei burattinai del terrore che ci hanno dichiarato guerra. Questo \u00e8 il tempo della chiarezza, perch\u00e9 o si sta dalla parte della vita e della libert\u00e0 o si sta dalla parte della morte e della tirannia.<\/p>\n<p style=\"text-align: justify;\">Questo \u00e8 il tempo della fermezza, perch\u00e9 solo difendendo senza se e senza ma la sacralit\u00e0 della vita, tuteleremo la libert\u00e0. Questo \u00e8 il tempo di cacciare i cacciare i mercanti dal tempio, perch\u00e9 se non lo facciamo noi, se non lo facciamo ora, noi soccomberemo e con noi morir\u00e0 la civilt\u00e0 umana. Rimbocchiamoci le maniche, diamoci la mano e collaboriamo insieme per salvare l&#8217;Italia, l&#8217;Occidente e l&#8217;Islam.<\/p>\n<p style=\"text-align: justify;\">_______________________<\/p>\n<p style=\"text-align: justify;\"><strong>Magdi Allam<\/strong> <em>Io amo l&#8217;Italia. Ma gli italiani la amano?<\/em>Ed Mondatori 2005 pp 1998<\/p>\n","protected":false},"excerpt":{"rendered":"<p>Corriere della Sera, 2 giugno 2006 Anticipiamo un brano del saggio \u00abIo amo l\u2019Italia. Ma gli italiani la amano?\u00bb di Magdi Allam, in libreria da marted\u00ec 6 giugno Magdi Allam<\/p><p><a class=\"more-link btn\" href=\"https:\/\/www.rassegnastampa-totustuus.it\/cattolica\/litalia-che-non-mi-piace-quella-che-si-arrende\/\">Continua a leggere<\/a><\/p>\n","protected":false},"author":6,"featured_media":34009,"comment_status":"closed","ping_status":"open","sticky":false,"template":"","format":"standard","meta":{"footnotes":""},"categories":[25],"tags":[1347],"class_list":["post-2196","post","type-post","status-publish","format-standard","has-post-thumbnail","hentry","category-sguardo-sul-nostro-tempo","tag-crisi-morale","item-wrap"],"yoast_head":"<!-- This site is optimized with the Yoast SEO plugin v27.4 - https:\/\/yoast.com\/product\/yoast-seo-wordpress\/ -->\n<title>L&#039;Italia che non mi piace. Quella che si arrende - Rassegna Stampa Cattolica<\/title>\n<meta name=\"description\" content=\"Rassegna Stampa Cattolica - Per una cultura che nasce dalla Rivelazione cristiana in conformit\u00e0 alla tradizione e al Magistero della Chiesa in opposizione ad ogni relativismo e totalitarismo\" \/>\n<meta name=\"robots\" content=\"index, follow, max-snippet:-1, max-image-preview:large, max-video-preview:-1\" \/>\n<link rel=\"canonical\" href=\"https:\/\/www.rassegnastampa-totustuus.it\/cattolica\/litalia-che-non-mi-piace-quella-che-si-arrende\/\" \/>\n<meta property=\"og:locale\" content=\"it_IT\" \/>\n<meta property=\"og:type\" content=\"article\" \/>\n<meta property=\"og:title\" content=\"L&#039;Italia che non mi piace. Quella che si arrende - Rassegna Stampa Cattolica\" \/>\n<meta property=\"og:description\" content=\"Rassegna Stampa Cattolica - Per una cultura che nasce dalla Rivelazione cristiana in conformit\u00e0 alla tradizione e al Magistero della Chiesa in opposizione ad ogni relativismo e totalitarismo\" \/>\n<meta property=\"og:url\" content=\"https:\/\/www.rassegnastampa-totustuus.it\/cattolica\/litalia-che-non-mi-piace-quella-che-si-arrende\/\" \/>\n<meta property=\"og:site_name\" content=\"Rassegna Stampa Cattolica\" \/>\n<meta property=\"article:publisher\" content=\"https:\/\/www.facebook.com\/rassegnastampacattolica\" \/>\n<meta property=\"article:published_time\" content=\"2006-09-06T22:00:00+00:00\" \/>\n<meta property=\"article:modified_time\" content=\"2016-05-09T09:47:54+00:00\" \/>\n<meta property=\"og:image\" content=\"https:\/\/www.rassegnastampa-totustuus.it\/cattolica\/wp-content\/uploads\/2006\/09\/Magdi_Allam_cover.jpg\" \/>\n\t<meta property=\"og:image:width\" content=\"180\" \/>\n\t<meta property=\"og:image:height\" content=\"280\" \/>\n\t<meta property=\"og:image:type\" content=\"image\/jpeg\" \/>\n<meta name=\"author\" content=\"Redazione\" \/>\n<meta name=\"twitter:card\" content=\"summary_large_image\" \/>\n<meta name=\"twitter:creator\" content=\"@rassegnastampa9\" \/>\n<meta name=\"twitter:site\" content=\"@rassegnastampa9\" \/>\n<meta name=\"twitter:label1\" content=\"Scritto da\" \/>\n\t<meta name=\"twitter:data1\" content=\"Redazione\" \/>\n\t<meta name=\"twitter:label2\" content=\"Tempo di lettura stimato\" \/>\n\t<meta name=\"twitter:data2\" content=\"5 minuti\" \/>\n<script type=\"application\/ld+json\" class=\"yoast-schema-graph\">{\"@context\":\"https:\\\/\\\/schema.org\",\"@graph\":[{\"@type\":\"Article\",\"@id\":\"https:\\\/\\\/www.rassegnastampa-totustuus.it\\\/cattolica\\\/litalia-che-non-mi-piace-quella-che-si-arrende\\\/#article\",\"isPartOf\":{\"@id\":\"https:\\\/\\\/www.rassegnastampa-totustuus.it\\\/cattolica\\\/litalia-che-non-mi-piace-quella-che-si-arrende\\\/\"},\"author\":{\"name\":\"Redazione\",\"@id\":\"https:\\\/\\\/www.rassegnastampa-totustuus.it\\\/cattolica\\\/#\\\/schema\\\/person\\\/08f319d2bd1a0904ad9e2bfb7b15e5c3\"},\"headline\":\"L&#8217;Italia che non mi piace. Quella che si arrende\",\"datePublished\":\"2006-09-06T22:00:00+00:00\",\"dateModified\":\"2016-05-09T09:47:54+00:00\",\"mainEntityOfPage\":{\"@id\":\"https:\\\/\\\/www.rassegnastampa-totustuus.it\\\/cattolica\\\/litalia-che-non-mi-piace-quella-che-si-arrende\\\/\"},\"wordCount\":1064,\"publisher\":{\"@id\":\"https:\\\/\\\/www.rassegnastampa-totustuus.it\\\/cattolica\\\/#organization\"},\"image\":{\"@id\":\"https:\\\/\\\/www.rassegnastampa-totustuus.it\\\/cattolica\\\/litalia-che-non-mi-piace-quella-che-si-arrende\\\/#primaryimage\"},\"thumbnailUrl\":\"https:\\\/\\\/www.rassegnastampa-totustuus.it\\\/cattolica\\\/wp-content\\\/uploads\\\/2006\\\/09\\\/Magdi_Allam_cover.jpg\",\"keywords\":[\"crisi morale\"],\"articleSection\":[\"Sguardo sul nostro tempo\"],\"inLanguage\":\"it-IT\"},{\"@type\":\"WebPage\",\"@id\":\"https:\\\/\\\/www.rassegnastampa-totustuus.it\\\/cattolica\\\/litalia-che-non-mi-piace-quella-che-si-arrende\\\/\",\"url\":\"https:\\\/\\\/www.rassegnastampa-totustuus.it\\\/cattolica\\\/litalia-che-non-mi-piace-quella-che-si-arrende\\\/\",\"name\":\"L'Italia che non mi piace. Quella che si arrende - Rassegna Stampa Cattolica\",\"isPartOf\":{\"@id\":\"https:\\\/\\\/www.rassegnastampa-totustuus.it\\\/cattolica\\\/#website\"},\"primaryImageOfPage\":{\"@id\":\"https:\\\/\\\/www.rassegnastampa-totustuus.it\\\/cattolica\\\/litalia-che-non-mi-piace-quella-che-si-arrende\\\/#primaryimage\"},\"image\":{\"@id\":\"https:\\\/\\\/www.rassegnastampa-totustuus.it\\\/cattolica\\\/litalia-che-non-mi-piace-quella-che-si-arrende\\\/#primaryimage\"},\"thumbnailUrl\":\"https:\\\/\\\/www.rassegnastampa-totustuus.it\\\/cattolica\\\/wp-content\\\/uploads\\\/2006\\\/09\\\/Magdi_Allam_cover.jpg\",\"datePublished\":\"2006-09-06T22:00:00+00:00\",\"dateModified\":\"2016-05-09T09:47:54+00:00\",\"description\":\"Rassegna Stampa Cattolica - Per una cultura che nasce dalla Rivelazione cristiana in conformit\u00e0 alla tradizione e al Magistero della Chiesa in opposizione ad ogni relativismo e totalitarismo\",\"breadcrumb\":{\"@id\":\"https:\\\/\\\/www.rassegnastampa-totustuus.it\\\/cattolica\\\/litalia-che-non-mi-piace-quella-che-si-arrende\\\/#breadcrumb\"},\"inLanguage\":\"it-IT\",\"potentialAction\":[{\"@type\":\"ReadAction\",\"target\":[\"https:\\\/\\\/www.rassegnastampa-totustuus.it\\\/cattolica\\\/litalia-che-non-mi-piace-quella-che-si-arrende\\\/\"]}]},{\"@type\":\"ImageObject\",\"inLanguage\":\"it-IT\",\"@id\":\"https:\\\/\\\/www.rassegnastampa-totustuus.it\\\/cattolica\\\/litalia-che-non-mi-piace-quella-che-si-arrende\\\/#primaryimage\",\"url\":\"https:\\\/\\\/www.rassegnastampa-totustuus.it\\\/cattolica\\\/wp-content\\\/uploads\\\/2006\\\/09\\\/Magdi_Allam_cover.jpg\",\"contentUrl\":\"https:\\\/\\\/www.rassegnastampa-totustuus.it\\\/cattolica\\\/wp-content\\\/uploads\\\/2006\\\/09\\\/Magdi_Allam_cover.jpg\",\"width\":180,\"height\":280},{\"@type\":\"BreadcrumbList\",\"@id\":\"https:\\\/\\\/www.rassegnastampa-totustuus.it\\\/cattolica\\\/litalia-che-non-mi-piace-quella-che-si-arrende\\\/#breadcrumb\",\"itemListElement\":[{\"@type\":\"ListItem\",\"position\":1,\"name\":\"Home\",\"item\":\"https:\\\/\\\/www.rassegnastampa-totustuus.it\\\/cattolica\\\/\"},{\"@type\":\"ListItem\",\"position\":2,\"name\":\"L&#8217;Italia che non mi piace. Quella che si arrende\"}]},{\"@type\":\"WebSite\",\"@id\":\"https:\\\/\\\/www.rassegnastampa-totustuus.it\\\/cattolica\\\/#website\",\"url\":\"https:\\\/\\\/www.rassegnastampa-totustuus.it\\\/cattolica\\\/\",\"name\":\"Rassegna Stampa Cattolica\",\"description\":\"Per una cultura che nasce dalla Rivelazione cristiana in conformit\u00e0 alla tradizione e al Magistero della Chiesa in opposizione ad ogni relativismo e totalitarismo\",\"publisher\":{\"@id\":\"https:\\\/\\\/www.rassegnastampa-totustuus.it\\\/cattolica\\\/#organization\"},\"alternateName\":\"Rass. Cattolica\",\"potentialAction\":[{\"@type\":\"SearchAction\",\"target\":{\"@type\":\"EntryPoint\",\"urlTemplate\":\"https:\\\/\\\/www.rassegnastampa-totustuus.it\\\/cattolica\\\/?s={search_term_string}\"},\"query-input\":{\"@type\":\"PropertyValueSpecification\",\"valueRequired\":true,\"valueName\":\"search_term_string\"}}],\"inLanguage\":\"it-IT\"},{\"@type\":\"Organization\",\"@id\":\"https:\\\/\\\/www.rassegnastampa-totustuus.it\\\/cattolica\\\/#organization\",\"name\":\"Rassegna Stampa Cattolica\",\"url\":\"https:\\\/\\\/www.rassegnastampa-totustuus.it\\\/cattolica\\\/\",\"logo\":{\"@type\":\"ImageObject\",\"inLanguage\":\"it-IT\",\"@id\":\"https:\\\/\\\/www.rassegnastampa-totustuus.it\\\/cattolica\\\/#\\\/schema\\\/logo\\\/image\\\/\",\"url\":\"https:\\\/\\\/www.rassegnastampa-totustuus.it\\\/cattolica\\\/wp-content\\\/uploads\\\/2014\\\/04\\\/logo-rassegna1.gif\",\"contentUrl\":\"https:\\\/\\\/www.rassegnastampa-totustuus.it\\\/cattolica\\\/wp-content\\\/uploads\\\/2014\\\/04\\\/logo-rassegna1.gif\",\"width\":600,\"height\":163,\"caption\":\"Rassegna Stampa Cattolica\"},\"image\":{\"@id\":\"https:\\\/\\\/www.rassegnastampa-totustuus.it\\\/cattolica\\\/#\\\/schema\\\/logo\\\/image\\\/\"},\"sameAs\":[\"https:\\\/\\\/www.facebook.com\\\/rassegnastampacattolica\",\"https:\\\/\\\/x.com\\\/rassegnastampa9\"]},{\"@type\":\"Person\",\"@id\":\"https:\\\/\\\/www.rassegnastampa-totustuus.it\\\/cattolica\\\/#\\\/schema\\\/person\\\/08f319d2bd1a0904ad9e2bfb7b15e5c3\",\"name\":\"Redazione\",\"image\":{\"@type\":\"ImageObject\",\"inLanguage\":\"it-IT\",\"@id\":\"https:\\\/\\\/secure.gravatar.com\\\/avatar\\\/2fcdf27c78ea025fbdb44e914cc63c72249ffec9dc8aafd5c82b26240ef3f346?s=96&d=mm&r=g\",\"url\":\"https:\\\/\\\/secure.gravatar.com\\\/avatar\\\/2fcdf27c78ea025fbdb44e914cc63c72249ffec9dc8aafd5c82b26240ef3f346?s=96&d=mm&r=g\",\"contentUrl\":\"https:\\\/\\\/secure.gravatar.com\\\/avatar\\\/2fcdf27c78ea025fbdb44e914cc63c72249ffec9dc8aafd5c82b26240ef3f346?s=96&d=mm&r=g\",\"caption\":\"Redazione\"},\"url\":\"https:\\\/\\\/www.rassegnastampa-totustuus.it\\\/cattolica\\\/author\\\/pietroelle\\\/\"}]}<\/script>\n<!-- \/ Yoast SEO plugin. -->","yoast_head_json":{"title":"L'Italia che non mi piace. Quella che si arrende - Rassegna Stampa Cattolica","description":"Rassegna Stampa Cattolica - Per una cultura che nasce dalla Rivelazione cristiana in conformit\u00e0 alla tradizione e al Magistero della Chiesa in opposizione ad ogni relativismo e totalitarismo","robots":{"index":"index","follow":"follow","max-snippet":"max-snippet:-1","max-image-preview":"max-image-preview:large","max-video-preview":"max-video-preview:-1"},"canonical":"https:\/\/www.rassegnastampa-totustuus.it\/cattolica\/litalia-che-non-mi-piace-quella-che-si-arrende\/","og_locale":"it_IT","og_type":"article","og_title":"L'Italia che non mi piace. Quella che si arrende - Rassegna Stampa Cattolica","og_description":"Rassegna Stampa Cattolica - Per una cultura che nasce dalla Rivelazione cristiana in conformit\u00e0 alla tradizione e al Magistero della Chiesa in opposizione ad ogni relativismo e totalitarismo","og_url":"https:\/\/www.rassegnastampa-totustuus.it\/cattolica\/litalia-che-non-mi-piace-quella-che-si-arrende\/","og_site_name":"Rassegna Stampa Cattolica","article_publisher":"https:\/\/www.facebook.com\/rassegnastampacattolica","article_published_time":"2006-09-06T22:00:00+00:00","article_modified_time":"2016-05-09T09:47:54+00:00","og_image":[{"width":180,"height":280,"url":"https:\/\/www.rassegnastampa-totustuus.it\/cattolica\/wp-content\/uploads\/2006\/09\/Magdi_Allam_cover.jpg","type":"image\/jpeg"}],"author":"Redazione","twitter_card":"summary_large_image","twitter_creator":"@rassegnastampa9","twitter_site":"@rassegnastampa9","twitter_misc":{"Scritto da":"Redazione","Tempo di lettura stimato":"5 minuti"},"schema":{"@context":"https:\/\/schema.org","@graph":[{"@type":"Article","@id":"https:\/\/www.rassegnastampa-totustuus.it\/cattolica\/litalia-che-non-mi-piace-quella-che-si-arrende\/#article","isPartOf":{"@id":"https:\/\/www.rassegnastampa-totustuus.it\/cattolica\/litalia-che-non-mi-piace-quella-che-si-arrende\/"},"author":{"name":"Redazione","@id":"https:\/\/www.rassegnastampa-totustuus.it\/cattolica\/#\/schema\/person\/08f319d2bd1a0904ad9e2bfb7b15e5c3"},"headline":"L&#8217;Italia che non mi piace. Quella che si arrende","datePublished":"2006-09-06T22:00:00+00:00","dateModified":"2016-05-09T09:47:54+00:00","mainEntityOfPage":{"@id":"https:\/\/www.rassegnastampa-totustuus.it\/cattolica\/litalia-che-non-mi-piace-quella-che-si-arrende\/"},"wordCount":1064,"publisher":{"@id":"https:\/\/www.rassegnastampa-totustuus.it\/cattolica\/#organization"},"image":{"@id":"https:\/\/www.rassegnastampa-totustuus.it\/cattolica\/litalia-che-non-mi-piace-quella-che-si-arrende\/#primaryimage"},"thumbnailUrl":"https:\/\/www.rassegnastampa-totustuus.it\/cattolica\/wp-content\/uploads\/2006\/09\/Magdi_Allam_cover.jpg","keywords":["crisi morale"],"articleSection":["Sguardo sul nostro tempo"],"inLanguage":"it-IT"},{"@type":"WebPage","@id":"https:\/\/www.rassegnastampa-totustuus.it\/cattolica\/litalia-che-non-mi-piace-quella-che-si-arrende\/","url":"https:\/\/www.rassegnastampa-totustuus.it\/cattolica\/litalia-che-non-mi-piace-quella-che-si-arrende\/","name":"L'Italia che non mi piace. Quella che si arrende - Rassegna Stampa Cattolica","isPartOf":{"@id":"https:\/\/www.rassegnastampa-totustuus.it\/cattolica\/#website"},"primaryImageOfPage":{"@id":"https:\/\/www.rassegnastampa-totustuus.it\/cattolica\/litalia-che-non-mi-piace-quella-che-si-arrende\/#primaryimage"},"image":{"@id":"https:\/\/www.rassegnastampa-totustuus.it\/cattolica\/litalia-che-non-mi-piace-quella-che-si-arrende\/#primaryimage"},"thumbnailUrl":"https:\/\/www.rassegnastampa-totustuus.it\/cattolica\/wp-content\/uploads\/2006\/09\/Magdi_Allam_cover.jpg","datePublished":"2006-09-06T22:00:00+00:00","dateModified":"2016-05-09T09:47:54+00:00","description":"Rassegna Stampa Cattolica - Per una cultura che nasce dalla Rivelazione cristiana in conformit\u00e0 alla tradizione e al Magistero della Chiesa in opposizione ad ogni relativismo e totalitarismo","breadcrumb":{"@id":"https:\/\/www.rassegnastampa-totustuus.it\/cattolica\/litalia-che-non-mi-piace-quella-che-si-arrende\/#breadcrumb"},"inLanguage":"it-IT","potentialAction":[{"@type":"ReadAction","target":["https:\/\/www.rassegnastampa-totustuus.it\/cattolica\/litalia-che-non-mi-piace-quella-che-si-arrende\/"]}]},{"@type":"ImageObject","inLanguage":"it-IT","@id":"https:\/\/www.rassegnastampa-totustuus.it\/cattolica\/litalia-che-non-mi-piace-quella-che-si-arrende\/#primaryimage","url":"https:\/\/www.rassegnastampa-totustuus.it\/cattolica\/wp-content\/uploads\/2006\/09\/Magdi_Allam_cover.jpg","contentUrl":"https:\/\/www.rassegnastampa-totustuus.it\/cattolica\/wp-content\/uploads\/2006\/09\/Magdi_Allam_cover.jpg","width":180,"height":280},{"@type":"BreadcrumbList","@id":"https:\/\/www.rassegnastampa-totustuus.it\/cattolica\/litalia-che-non-mi-piace-quella-che-si-arrende\/#breadcrumb","itemListElement":[{"@type":"ListItem","position":1,"name":"Home","item":"https:\/\/www.rassegnastampa-totustuus.it\/cattolica\/"},{"@type":"ListItem","position":2,"name":"L&#8217;Italia che non mi piace. Quella che si arrende"}]},{"@type":"WebSite","@id":"https:\/\/www.rassegnastampa-totustuus.it\/cattolica\/#website","url":"https:\/\/www.rassegnastampa-totustuus.it\/cattolica\/","name":"Rassegna Stampa Cattolica","description":"Per una cultura che nasce dalla Rivelazione cristiana in conformit\u00e0 alla tradizione e al Magistero della Chiesa in opposizione ad ogni relativismo e totalitarismo","publisher":{"@id":"https:\/\/www.rassegnastampa-totustuus.it\/cattolica\/#organization"},"alternateName":"Rass. Cattolica","potentialAction":[{"@type":"SearchAction","target":{"@type":"EntryPoint","urlTemplate":"https:\/\/www.rassegnastampa-totustuus.it\/cattolica\/?s={search_term_string}"},"query-input":{"@type":"PropertyValueSpecification","valueRequired":true,"valueName":"search_term_string"}}],"inLanguage":"it-IT"},{"@type":"Organization","@id":"https:\/\/www.rassegnastampa-totustuus.it\/cattolica\/#organization","name":"Rassegna Stampa Cattolica","url":"https:\/\/www.rassegnastampa-totustuus.it\/cattolica\/","logo":{"@type":"ImageObject","inLanguage":"it-IT","@id":"https:\/\/www.rassegnastampa-totustuus.it\/cattolica\/#\/schema\/logo\/image\/","url":"https:\/\/www.rassegnastampa-totustuus.it\/cattolica\/wp-content\/uploads\/2014\/04\/logo-rassegna1.gif","contentUrl":"https:\/\/www.rassegnastampa-totustuus.it\/cattolica\/wp-content\/uploads\/2014\/04\/logo-rassegna1.gif","width":600,"height":163,"caption":"Rassegna Stampa Cattolica"},"image":{"@id":"https:\/\/www.rassegnastampa-totustuus.it\/cattolica\/#\/schema\/logo\/image\/"},"sameAs":["https:\/\/www.facebook.com\/rassegnastampacattolica","https:\/\/x.com\/rassegnastampa9"]},{"@type":"Person","@id":"https:\/\/www.rassegnastampa-totustuus.it\/cattolica\/#\/schema\/person\/08f319d2bd1a0904ad9e2bfb7b15e5c3","name":"Redazione","image":{"@type":"ImageObject","inLanguage":"it-IT","@id":"https:\/\/secure.gravatar.com\/avatar\/2fcdf27c78ea025fbdb44e914cc63c72249ffec9dc8aafd5c82b26240ef3f346?s=96&d=mm&r=g","url":"https:\/\/secure.gravatar.com\/avatar\/2fcdf27c78ea025fbdb44e914cc63c72249ffec9dc8aafd5c82b26240ef3f346?s=96&d=mm&r=g","contentUrl":"https:\/\/secure.gravatar.com\/avatar\/2fcdf27c78ea025fbdb44e914cc63c72249ffec9dc8aafd5c82b26240ef3f346?s=96&d=mm&r=g","caption":"Redazione"},"url":"https:\/\/www.rassegnastampa-totustuus.it\/cattolica\/author\/pietroelle\/"}]}},"_links":{"self":[{"href":"https:\/\/www.rassegnastampa-totustuus.it\/cattolica\/wp-json\/wp\/v2\/posts\/2196","targetHints":{"allow":["GET"]}}],"collection":[{"href":"https:\/\/www.rassegnastampa-totustuus.it\/cattolica\/wp-json\/wp\/v2\/posts"}],"about":[{"href":"https:\/\/www.rassegnastampa-totustuus.it\/cattolica\/wp-json\/wp\/v2\/types\/post"}],"author":[{"embeddable":true,"href":"https:\/\/www.rassegnastampa-totustuus.it\/cattolica\/wp-json\/wp\/v2\/users\/6"}],"replies":[{"embeddable":true,"href":"https:\/\/www.rassegnastampa-totustuus.it\/cattolica\/wp-json\/wp\/v2\/comments?post=2196"}],"version-history":[{"count":4,"href":"https:\/\/www.rassegnastampa-totustuus.it\/cattolica\/wp-json\/wp\/v2\/posts\/2196\/revisions"}],"predecessor-version":[{"id":34010,"href":"https:\/\/www.rassegnastampa-totustuus.it\/cattolica\/wp-json\/wp\/v2\/posts\/2196\/revisions\/34010"}],"wp:featuredmedia":[{"embeddable":true,"href":"https:\/\/www.rassegnastampa-totustuus.it\/cattolica\/wp-json\/wp\/v2\/media\/34009"}],"wp:attachment":[{"href":"https:\/\/www.rassegnastampa-totustuus.it\/cattolica\/wp-json\/wp\/v2\/media?parent=2196"}],"wp:term":[{"taxonomy":"category","embeddable":true,"href":"https:\/\/www.rassegnastampa-totustuus.it\/cattolica\/wp-json\/wp\/v2\/categories?post=2196"},{"taxonomy":"post_tag","embeddable":true,"href":"https:\/\/www.rassegnastampa-totustuus.it\/cattolica\/wp-json\/wp\/v2\/tags?post=2196"}],"curies":[{"name":"wp","href":"https:\/\/api.w.org\/{rel}","templated":true}]}}