{"id":2195,"date":"2006-09-07T00:00:00","date_gmt":"2006-09-06T22:00:00","guid":{"rendered":""},"modified":"2016-06-08T16:21:26","modified_gmt":"2016-06-08T14:21:26","slug":"tolleranza-e-intolleranza","status":"publish","type":"post","link":"https:\/\/www.rassegnastampa-totustuus.it\/cattolica\/tolleranza-e-intolleranza\/","title":{"rendered":"Tolleranza e intolleranza"},"content":{"rendered":"<div style=\"text-align: center;\"><strong><img loading=\"lazy\" decoding=\"async\" class=\"alignleft wp-image-34389\" src=\"https:\/\/www.rassegnastampa-totustuus.it\/cattolica\/wp-content\/uploads\/2006\/09\/femen.jpg\" alt=\"femen\" width=\"250\" height=\"140\" \/>La Civilt\u00e0 Cattolica<\/strong> n.3747-3748<\/div>\n<div style=\"text-align: center;\">del 5-19 agosto 2006<\/div>\n<p style=\"text-align: justify;\"><em>Le affermazioni di principio, sempre nobili e condivisibili, non si compongono spesso con la pratica. Di questa contraddizione ne fa le spese la Chiesa che, dall\u2019esterno e dall\u2019interno, conosce una recrudescenza di quella intolleranza che non nasce dalla sana laicit\u00e0 ma dal laicismo<\/em><\/p>\n<p style=\"text-align: center;\"><strong>Editoriale<\/strong><\/p>\n<p><!--more--><\/p>\n<div style=\"text-align: justify;\">Bernard-Henri L\u00e9vy \u00e8 voce autorevole della cosiddetta <em>nouvelle philosophie<\/em> e direttore della rivista <em>La r\u00e8gle du jeu.<\/em> Difensore dei diritti umani e dei valori classici della civilt\u00e0 europea, dissacratore della figura dell&#8217;intellettuale oracolare, sia Sartre o sia Aron, incarna bene il concetto di intellettuale contemporaneo che vuole muoversi tra la razionalit\u00e0 dell&#8217;analisi dei fatti e la sensibilit\u00e0 per i loro risvolti umani.<\/div>\n<p style=\"text-align: justify;\">In Italia sono note alcune sue posizioni controcorrente; ad esempio, quella contro la diffusa idolatria del dibattito televisivo, uno strumento che diventa inopportuno quando pareggia tutte le opinioni e rende equivalente, per lo spettatore sprovveduto, ogni tesi e ogni valore.<\/p>\n<p style=\"text-align: justify;\">L\u00e9vy, che non \u00e8 ne cristiano n\u00e9 credente, si \u00e8 recentemente levato contro \u00abil cattivo profumo di regresso e di oscurantismo, di odio del pensiero e della vera scienza che aleggia sui processi istruiti, in questi ultimi tempi, contro una Chiesa che, da Pio XII a Benedetto XVI, \u00e8 ritenuta colpevole di tutti i mali\u00bb. E ha manifestato il disgusto che gli procura \u00abla marea nera del nuovo anticattolicesimo\u00bb (B.-H. L\u00e9vy, \u00ab<a href=\"https:\/\/www.rassegnastampa-totustuus.it\/cattolica\/?p=2054\" target=\"_blank\">Ebreo e agnostico ma contro il Codice sto con la Chiesa<\/a>\u00bb, in <em>Corriere della Sera<\/em>, 24 maggio 2006).<\/p>\n<p style=\"text-align: justify;\">II saggista francese si riferisce agli ultimi episodi di cronaca cinematografica che, secondo non pochi osservatori, millantando la \u00abscoperta\u00bb della vita \u00absegreta\u00bb di Ges\u00f9 e delle origini del cristianesimo, sono usati per colpire la credibilit\u00e0 della Chiesa e riaffermare nell&#8217;opinione pubblica la \u00abverit\u00e0\u00bb della laicit\u00e0 <em>\u00e0 la fran\u00e7aise<\/em>. Ma quegli episodi sono il meno. L&#8217;accusa di oscurantismo rivolta alla Chiesa, in Italia e in Francia, ha come oggetto la dottrina stessa della Chiesa, specialmente quella morale: e sono attacchi sistematici che si ripercuotono direttamente nell&#8217;ambito della lotta politica.<\/p>\n<p style=\"text-align: justify;\">Nel mondo cattolico, sentirsi tacciati di oscurantismo non fa male pi\u00f9 di tanto. Si \u00e8 abituati da tre secoli a questo genere di giudizi. Semmai disturba che l&#8217;accusa, spinta talvolta fino al dileggio, sia fatta in nome di un concetto stravolto di laicit\u00e0. Prendiamo due testi, l&#8217;uno filosofico-politico, l&#8217;altro scientifico. Sono di due illustri autori, professori universitari, l&#8217;uno a Torino, l&#8217;altro a Bologna.<\/p>\n<p style=\"text-align: justify;\">Secondo Gian Enrico Rusconi, le antiche radici cristiane d&#8217;Italia e d&#8217;Europa sono diventate ragioni secolarizzate che hanno a loro volta maturato istituzioni laiche pienamente autonome e sovrane. Ne \u00e8 derivato un conflitto tra le decisioni dei Governi ispirati all&#8217;autonomia laica e le \u00abpresunte sane dottrine naturali di antica tradizione\u00bb che non possono accettare come moralmente e legalmente giustificati i comportamenti da loro difformi.<\/p>\n<p style=\"text-align: justify;\">Ma proprio questo \u00e8 la laicit\u00e0. \u00abLaicit\u00e0 \u00e8 ammettere una disimmetria tra singole moralit\u00e0 private ed un&#8217;etica pubblica dotata di regole comuni rispettose della autonomia della sfera privata e morale. Insomma, la democrazia laica crea lo spazio pubblico entro cui tutti i cittadini, credenti, non credenti e diversamente credenti confrontano liberamente i loro argomenti, affermano le loro identit\u00e0 e vivono i loro stili morali di vita.<\/p>\n<p style=\"text-align: justify;\">Questi sono riconosciuti come diritti tramite procedure consensuali di decisione, senza che prevalgano in modo autoritario alcune credenze o alcuni convincimenti su altri\u00bb. Bella dichiarazione di principi che non vediamo come possa andare d&#8217;accordo con l&#8217;affermazione che confonde la proposta della Chiesa sulle questioni di bioetica con la volont\u00e0 di imporre i suoi criteri di giudizio a quei cittadini che hanno bisogno di \u00abun protettorato morale speciale\u00bb (G. E. Rusconi, \u00abIdentit\u00e0 laica\u00bb, in <em>La Stampa<\/em>, 22 maggio 2006).<\/p>\n<p style=\"text-align: justify;\">O con l&#8217;esortazione dello stesso autore che, pur disapprovando come calunniosa la storiella inventata da Dan Brown, sembra sostenere che l&#8217;onore della dottrina cattolica non meriti alcuna tutela e che i cattolici farebbero bene a unirsi allo scrittore americano per demolire la Chiesa (cfr A. Socci, \u00ab<a href=\"https:\/\/www.rassegnastampa-totustuus.it\/cattolica\/?p=2024\" target=\"_blank\">Temo pi\u00f9 certi teologi che il Codice da Vinci<\/a>\u00bb, in <em>Libero<\/em>, 1 maggio 2006).<\/p>\n<p style=\"text-align: justify;\">Per capire quanto valga nella pratica il confronto libero su opinioni diverse, cavallo di battaglia di tanti dottori della laicit\u00e0, \u00e8 illuminante la chiara prosa di Carlo Flamigni: \u00abSe la scienza opera in favore dell&#8217;interesse della societ\u00e0 e del suo sviluppo, non si pu\u00f2 certo affidare il suo controllo alle religioni che esprimono un&#8217;etica ossificata, colma di pregiudizi, incapace di adattarsi al nuovo ancora indaffarata nell&#8217;interpretazione di antichi libri polverizzati dal tempo.<\/p>\n<p style=\"text-align: justify;\">\u00c8 invece necessario affidare il rapporto tra scienza e morale ad un&#8217;etica non dogmatica, in grado di adattarsi rapidamente al nuovo e di riconoscere gli elementi di mistificazione e di rischio, e soprattutto di non inchiodare la societ\u00e0 sulla croce di un concetto antistorico di natura. In altri termini, a un&#8217;etica laica\u00bb. E ormai \u00abtutte le leggi stupide e le proibizioni assurde che le morali tradizionali hanno cercato di imporre alla societ\u00e0 sono state rimosse in modo atraumatico\u00bb (C. Flamigni, \u00abLa morale vince le leggi stupide\u00bb, in <em>La Stampa<\/em>, 1 aprile 2006). L&#8217;autore \u00e8 membro del Comitato Nazionale di Bioetica. Libero confronto? Dialogo?<\/p>\n<p style=\"text-align: justify;\">Come abbiamo detto, gli attacchi massicci alla Chiesa, alla sua dottrina e ai suoi uomini e istituti, suscitano stupore perfino in intellettuali notoriamente agnostici. E in atto un pregiudiziale atteggiamento di contestazione e di rifiuto dei valori della religiosit\u00e0. Ed \u00e8 altres\u00ec in atto un violento rifiuto di prendere anche soltanto in esame le proposte provenienti dal mondo cattolico per risolvere o almeno lumeggiare i grandi problemi dell&#8217;uomo e della societ\u00e0.<\/p>\n<p style=\"text-align: justify;\">In modo particolare, \u00e8 sistematicamente destituita di valore e dichiarata immeritevole di attenzione ogni soluzione proposta dal Magistero della Chiesa. Anni fa, durante un&#8217;intervista concessa al quotidiano tedesco <em>Die Welt<\/em>, l&#8217;allora card. Ratzinger denunciava la \u00abdittatura mediatica anticristiana\u00bb che non perseguita apertamente i cristiani, ma li emargina come fossero fondamentalisti e, chiamando intollerante la fede, mostra il suo volto di \u00abintolleranza dei &#8220;tolleranti&#8221;\u00bb.<\/p>\n<p style=\"text-align: justify;\">Quali sono le cause immediate di questo fenomeno? In Italia e m Europa, alcuni osservatori parlano del grado estremo al quale sarebbe giunta la secolarizzazione venendo a coincidere, nelle sue manifestazioni, con il vecchio liberalismo ottocentesco che pareva ormai soltanto \u00abun simpatico residuo storico\u00bb (M. Olivetti, \u00abEuropa effetto Zapatero\u00bb, in <em>Avvenire<\/em>, 24 maggio 2006).<\/p>\n<p style=\"text-align: justify;\">Altri, parlando della situazione italiana, pensano che esista un&#8217;ipersensibilit\u00e0 laica alle forti convinzioni e alle rivendicazioni decise della propria identit\u00e0. Convinzioni e rivendicazioni che, con la loro schiettezza, sono viste dal mondo laico come lesive del pluralismo e della aconfessionalit\u00e0 dello Stato. Altri ancora notano che quella ipersensibilit\u00e0 potrebbe dipendere dal fatto che i laici sanno bene che, quando si parla in Italia della Chiesa cattolica, non si parla affatto di una minoranza come essi si affannano a sottolineare in lungo e in largo.<\/p>\n<p style=\"text-align: justify;\">Resta comunque la fastidiosa impressione che i laici si sentano portatori di una specificit\u00e0 che li rende superiori agli \u00abaltri\u00bb. Una supponente autocoscienza che, da un lato, li vede in prima linea quando si tratta di affermare il principio che nessuno pu\u00f2 essere messo al bando per le proprie idee e, dall&#8217;altro, li muove, per uno strutturale apriori, ad avversare sempre e dovunque tutto ci\u00f2 che emana dal mondo religioso e cattolico, quasi che i cattolici siano cittadini di second&#8217;ordine per la cultura che professano.<\/p>\n<p style=\"text-align: justify;\">Claudio Magris ha richiamato in proposito la lezione di Lessing nel dramma <em>Natban der Weise, <\/em>che \u00e8 il manifesto poetico della tolleranza religiosa e della coscienza laica. L&#8217;umanesimo laico, che combatte il fanatismo e l&#8217;intolleranza delle religioni, rispetta le idee degli altri, dubita delle proprie certezze e sa di non essere mai detentore di certezze definitive.<\/p>\n<p style=\"text-align: justify;\">\u00abLaicit\u00e0 non \u00e8 un contenuto ma un modo di pensiero\u00bb, attento alle scelte morali, e ha poco o nulla da spartire con il laicismo, indifferente a quelle scelte, ideologicamente asservito al potere, \u00abuna classe indistinta che si \u00e8 aggiornata passando dal cinema parrocchiale allo strip-tease, obbedendo a un conformismo altrettanto obbligato e gregario\u00bb (C. Magris, \u00abII segno del vero laicismo\u00bb, in <em>Itaca e oltre, <\/em>Milano, Garzanti, 1982, 257 s).<\/p>\n<p style=\"text-align: justify;\">L&#8217;intolleranza laica si appunta principalmente contro l&#8217;azione educativa e chiarificatrice del Magistero della Chiesa. Abbiamo ascoltato, alcuni mesi or sono, l&#8217;on. Marco Rizzo affermare che Benedetto XVI, che aveva parlato di etica familiare cristiana, \u00abdeve farsi gli affari suoi e attenersi al principio della libera Chiesa in libero Stato\u00bb (cfr P. Granzotto, \u00abL&#8217;amore debole che il papa non pu\u00f2 giustificare\u00bb, in <em>il Giornale<\/em>, 20 maggio 2006). E la solita accusa al Magistero di interferenza nella legislazione e nella politica italiana. Vediamo come stanno in realt\u00e0 le cose da parte della Chiesa e da parte dello Stato.<\/p>\n<p style=\"text-align: justify;\">La Chiesa rivendica a s\u00e9 \u00abil diritto di predicare con vera libert\u00e0 la fede, esercitare senza ostacoli la sua missione tra gli uomini e dare il suo giudizio morale anche su cose che riguardano l&#8217;ordine politico, quando ci\u00f2 sia richiesto dai diritti fondamentali della persona e dalla salvezza delle anime. E questo far\u00e0, utilizzando tutti e soli quei mezzi che sono conformi al Vangelo e al bene d\u00ec tutti, secondo la diversit\u00e0 dei tempi e delle situazioni\u00bb (<em>Gaudium et spes<\/em>, n. 76 d).<\/p>\n<p style=\"text-align: justify;\">Dal canto suo, la Costituzione della Repubblica recita all&#8217;ari. 21: \u00abTutti hanno diritto di manifestare liberamente il proprio pensiero con la parola, Io scritto e ogni altro mezzo di diffusione\u00bb. Tutti, senza distinzione tra cittadini ed ecclesiastici, tra individui e gruppi sociali, tra credenti e non credenti, tra i sostenitori di questa o di quella dottrina politica.<\/p>\n<p style=\"text-align: justify;\">Il Nuovo Accordo tra la Santa Sede e la Repubblica Italiana, stipulato il 18 febbraio 1984, cos\u00ec recita all&#8217;art. 2, comma 1: \u00abLa Repubblica riconosce alla Chiesa cattolica la piena libert\u00e0 di svolgere la sua missione pastorale, educativa e caritativa. In particolare \u00e8 assicurata.alla Chiesa la libert\u00e0 di organizzazione, di pubblico esercizio del culto, di esercizio del magistero e del ministero spirituale\u00bb. E al comma 3: \u00ab\u00c8 garantita ai cattolici e alle loro associazioni la piena libert\u00e0 di riunione e di manifestazione del pensiero con la parola, lo scritto e ogni altro mezzo di diffusione\u00bb.<\/p>\n<p style=\"text-align: justify;\">Conclude Giuseppe Dalla Torre: \u00abLa libert\u00e0 del magistero non lede la laicit\u00e0 dello Stato ma integra, nel pluralismo, il dibattito democratico. Col suo insegnamento la Chiesa contribuisce a nutrire la societ\u00e0 dei valori etici di cui una democrazia ha bisogno ma che lo Stato non pu\u00f2 dare, altrimenti diverrebbe uno Stato etico. Ma ci\u00f2, come storia insegna, significherebbe negazione della laicit\u00e0 e degenerazione della democrazia\u00bb (G. Dalla Torre, \u00abTutti oggi parlano, solo la Chiesa deve tacere\u00bb, in <em>Avvenire<\/em>, 19 maggio 2006).<\/p>\n<p style=\"text-align: justify;\">Stando cos\u00ec le cose, viene il sospetto che L\u00e9vy abbia ragione quando parla di campagna anticattolica e, rimanendo in Italia, che si voglia interdire soltanto alla Chiesa di esprimersi, scatenando uno scontro frontale, nullificando lo stesso dettato della Costituzione, e ci\u00f2 per neutralizzare surrettiziamente la sua influenza autorevole sui temi etico-civili e della moralit\u00e0 sessuale e familiare.<\/p>\n<p style=\"text-align: justify;\">E perci\u00f2 desiderabile che il mondo laico abbandoni il suo pregiudiziale dogmatismo. La Chiesa, da parte sua, lo ha gi\u00e0 fatto, sia dichiarando che la sua gerarchia non ha una risposta pronta per qualsivoglia problema, sia apprezzando e ricevendo quanto di buono le \u00e8 dato dalle realt\u00e0 temporali. Ogni contenzioso cadrebbe se il mondo laico riconoscesse che la Chiesa invita continuamente a rispettare comuni e fondamentali valori umani e a prendere in considerazione le motivazioni evangeliche che essa trae dalla sua tradizione di fede e propone come un supplemento di umanit\u00e0 all&#8217;antropologia laica. Habermas, che pure viene da una tradizione diversa, lo ha capito.<\/p>\n<p style=\"text-align: justify;\">Quando la Chiesa offre i suoi argomenti per contribuire alla difesa e alla promozione della dignit\u00e0 umana, trasmette un contributo prezioso per la conoscenza dell&#8217;uomo alla stessa cultura laica, specialmente se, con Bobbio e altri, si considera che per la democrazia esiste il pericolo che le vengano a mancare le sue motivazioni etiche.<\/p>\n<p style=\"text-align: justify;\">Il Santo Padre si \u00e8 espresso in tal senso sulla materia: \u00abUna sana laicit\u00e0 dello Stato comporta senza dubbio che le realt\u00e0 temporali si reggano secondo norme loro proprie, alle quali appartengono per\u00f2 anche quelle istanze etiche che trovano il loro fondamento nell&#8217;essenza stessa dell&#8217;uomo e pertanto rinviano in ultima analisi al Creatore.<\/p>\n<p style=\"text-align: justify;\">Nelle circostanze attuali, richiamando il valore che hanno per la vita non solo privata ma anche soprattutto pubblica alcuni fondamentali principi etici, radicati nella grande eredit\u00e0 cristiana dell&#8217;Europa e in particolare dell&#8217;Italia, non commettiamo dunque alcuna violazione della laicit\u00e0 dello Stato, ma contribuiamo piuttosto a garantire e promuovere la dignit\u00e0 della persona e il bene comune della societ\u00e0\u00bb (\u00abDiscorso ai Presuli della Conferenza Episcopale Italiana riuniti per la 56 Assemblea Generale\u00bb, in <em>Oss. Rom., <\/em>19 maggio 2005).<\/p>\n<p style=\"text-align: justify;\">Come abbiamo detto, sono passati soltanto pochi anni da quando l\u2019allora card. Ratzinger coni\u00f2 la formula \u00abdittatura mediatica\u00bb per descrivere il fenomeno dell&#8217;intolleranza laica anticristiana sostenuta e amplificata dai mezzi di comunicazione di massa. II pensiero va spontaneamente ai libelli e ai film che veicolano una forma anche laicamente deviata di secolarizzazione e l&#8217;aperto disprezzo del cristianesimo e della storia.<\/p>\n<p style=\"text-align: justify;\">Sotto queste espressioni di malintesa libert\u00e0 si nasconde il prolungamento della vasta operazione culturale e politica che nega le radici cristiane dell&#8217;Occidente? In ogni caso, \u00e8 legittima la reazione dei cattolici che non assistono passivamente alle calunnie versate a piene mani sulla loro fede e reagiscono chiedendo alla societ\u00e0 aperta e liberale, che celebra il pluralismo, di dare spazio e ascolto anche alle loro ragioni. Chiedendo soprattutto che le loro ragioni siano accolte e trattate con la tolleranza tipica della laicit\u00e0, senza gli apriorismi gratuitamente offensivi del laicismo intollerante.<\/p>\n<p style=\"text-align: justify;\">\u00c8 stato giustamente notato che si sarebbe avuta una sollevazione a raggio mondiale se la campagna anticristiana fosse stata orchestrata contro la <em>Sho\u00e0h <\/em>o il Corano. Soltanto contro la fede della Chiesa \u00e8 ritenuto legittimo l&#8217;esercizio regolare dell&#8217;intolleranza, di mancare cio\u00e8 di rispetto, con l&#8217;ausilio di leggende esibite come argomenti storici, alle convinzioni, ai sentimenti, alle dottrine, alle speranze di una parte della popolazione, forse minoritaria, certo cospicua, dell&#8217;Italia e dell&#8217;Europa.<\/p>\n<p style=\"text-align: justify;\">E&#8217; facile immaginare quel che sarebbe successo se, ad opera di cattolici, analoghe invenzioni fossero state escogitate per oltraggiare il ricordo di personaggi appartenenti proprio all&#8217;ambiente laico, per diminuirne il prestigio, per scalfirne il nome e disprezzarne il comportamento. Ma laicismo e intolleranza non sono mali che affliggono la Chiesa soltanto dall&#8217;esterno.<\/p>\n<p style=\"text-align: justify;\">C&#8217;\u00e8, per cos\u00ec dire, un \u00ablaicismo\u00bb interno ad essa, ed \u00e8 la propaggine dell&#8217;osmosi esistente tra una certa parte del mondo cattolico e il laicismo della cultura dominante. Questo laicismo interno, che ha le sue manifestazioni di intolleranza ed \u00e8 per sua natura pi\u00f9 insidioso di quello che attacca la Chiesa dall&#8217;esterno, agisce sommessamente con l&#8217;esasperata demitizzazione dei testi fondanti della fede cristiana, con la pratica dissoluzione della morale cristiana in nome di un cattolicesimo che si autodefinisce adulto, con l&#8217;intellettualizzazione di stampo \u00abilluministico\u00bb della fede, che \u00e8 sempre in se stessa un atto e un&#8217;esperienza di semplice abbandono. La volont\u00e0 di ricerca e di dialogo non deve mai indebolire il monito che ai cattolici rivolge il Vaticano II riprendendo Agostino: \u00abCi sia unit\u00e0 nelle cose necessarie, libert\u00e0 nelle dubbie, in tutte carit\u00e0\u00bb <em>(Gaudium et spes, <\/em>n. 92 b).<\/p>\n<p style=\"text-align: right;\"><em>La Civilt\u00e0 Cattolica<\/em><\/p>\n","protected":false},"excerpt":{"rendered":"<p>La Civilt\u00e0 Cattolica n.3747-3748 del 5-19 agosto 2006 Le affermazioni di principio, sempre nobili e condivisibili, non si compongono spesso con la pratica. Di questa contraddizione ne fa le spese la Chiesa che, dall\u2019esterno e dall\u2019interno, conosce una recrudescenza di quella intolleranza che non nasce dalla sana laicit\u00e0 ma dal laicismo Editoriale<\/p><p><a class=\"more-link btn\" href=\"https:\/\/www.rassegnastampa-totustuus.it\/cattolica\/tolleranza-e-intolleranza\/\">Continua a leggere<\/a><\/p>\n","protected":false},"author":6,"featured_media":34389,"comment_status":"closed","ping_status":"open","sticky":false,"template":"","format":"standard","meta":{"footnotes":""},"categories":[5,103],"tags":[1188],"class_list":["post-2195","post","type-post","status-publish","format-standard","has-post-thumbnail","hentry","category-chiesa","category-laicismo","tag-intolleranza-anticristiana","item-wrap"],"yoast_head":"<!-- This site is optimized with the Yoast SEO plugin v27.5 - https:\/\/yoast.com\/product\/yoast-seo-wordpress\/ -->\n<title>Tolleranza e intolleranza - Rassegna Stampa Cattolica<\/title>\n<meta name=\"description\" content=\"Rassegna Stampa Cattolica - Per una cultura che nasce dalla Rivelazione cristiana in conformit\u00e0 alla tradizione e al Magistero della Chiesa in opposizione ad ogni relativismo e totalitarismo\" \/>\n<meta name=\"robots\" content=\"index, follow, max-snippet:-1, max-image-preview:large, max-video-preview:-1\" \/>\n<link rel=\"canonical\" href=\"https:\/\/www.rassegnastampa-totustuus.it\/cattolica\/tolleranza-e-intolleranza\/\" \/>\n<meta property=\"og:locale\" content=\"it_IT\" \/>\n<meta property=\"og:type\" content=\"article\" \/>\n<meta property=\"og:title\" content=\"Tolleranza e intolleranza - Rassegna Stampa Cattolica\" \/>\n<meta property=\"og:description\" content=\"Rassegna Stampa Cattolica - Per una cultura che nasce dalla Rivelazione cristiana in conformit\u00e0 alla tradizione e al Magistero della Chiesa in opposizione ad ogni relativismo e totalitarismo\" \/>\n<meta property=\"og:url\" content=\"https:\/\/www.rassegnastampa-totustuus.it\/cattolica\/tolleranza-e-intolleranza\/\" \/>\n<meta property=\"og:site_name\" content=\"Rassegna Stampa Cattolica\" \/>\n<meta property=\"article:publisher\" content=\"https:\/\/www.facebook.com\/rassegnastampacattolica\" \/>\n<meta property=\"article:published_time\" content=\"2006-09-06T22:00:00+00:00\" \/>\n<meta property=\"article:modified_time\" content=\"2016-06-08T14:21:26+00:00\" \/>\n<meta property=\"og:image\" content=\"https:\/\/www.rassegnastampa-totustuus.it\/cattolica\/wp-content\/uploads\/2006\/09\/femen.jpg\" \/>\n\t<meta property=\"og:image:width\" content=\"300\" \/>\n\t<meta property=\"og:image:height\" content=\"168\" \/>\n\t<meta property=\"og:image:type\" content=\"image\/jpeg\" \/>\n<meta name=\"author\" content=\"Redazione\" \/>\n<meta name=\"twitter:card\" content=\"summary_large_image\" \/>\n<meta name=\"twitter:creator\" content=\"@rassegnastampa9\" \/>\n<meta name=\"twitter:site\" content=\"@rassegnastampa9\" \/>\n<meta name=\"twitter:label1\" content=\"Scritto da\" \/>\n\t<meta name=\"twitter:data1\" content=\"Redazione\" \/>\n\t<meta name=\"twitter:label2\" content=\"Tempo di lettura stimato\" \/>\n\t<meta name=\"twitter:data2\" content=\"12 minuti\" \/>\n<script type=\"application\/ld+json\" class=\"yoast-schema-graph\">{\"@context\":\"https:\\\/\\\/schema.org\",\"@graph\":[{\"@type\":\"Article\",\"@id\":\"https:\\\/\\\/www.rassegnastampa-totustuus.it\\\/cattolica\\\/tolleranza-e-intolleranza\\\/#article\",\"isPartOf\":{\"@id\":\"https:\\\/\\\/www.rassegnastampa-totustuus.it\\\/cattolica\\\/tolleranza-e-intolleranza\\\/\"},\"author\":{\"name\":\"Redazione\",\"@id\":\"https:\\\/\\\/www.rassegnastampa-totustuus.it\\\/cattolica\\\/#\\\/schema\\\/person\\\/08f319d2bd1a0904ad9e2bfb7b15e5c3\"},\"headline\":\"Tolleranza e intolleranza\",\"datePublished\":\"2006-09-06T22:00:00+00:00\",\"dateModified\":\"2016-06-08T14:21:26+00:00\",\"mainEntityOfPage\":{\"@id\":\"https:\\\/\\\/www.rassegnastampa-totustuus.it\\\/cattolica\\\/tolleranza-e-intolleranza\\\/\"},\"wordCount\":2509,\"publisher\":{\"@id\":\"https:\\\/\\\/www.rassegnastampa-totustuus.it\\\/cattolica\\\/#organization\"},\"image\":{\"@id\":\"https:\\\/\\\/www.rassegnastampa-totustuus.it\\\/cattolica\\\/tolleranza-e-intolleranza\\\/#primaryimage\"},\"thumbnailUrl\":\"https:\\\/\\\/www.rassegnastampa-totustuus.it\\\/cattolica\\\/wp-content\\\/uploads\\\/2006\\\/09\\\/femen.jpg\",\"keywords\":[\"intolleranza anticristiana\"],\"articleSection\":[\"Chiesa\",\"Laicismo\"],\"inLanguage\":\"it-IT\"},{\"@type\":\"WebPage\",\"@id\":\"https:\\\/\\\/www.rassegnastampa-totustuus.it\\\/cattolica\\\/tolleranza-e-intolleranza\\\/\",\"url\":\"https:\\\/\\\/www.rassegnastampa-totustuus.it\\\/cattolica\\\/tolleranza-e-intolleranza\\\/\",\"name\":\"Tolleranza e intolleranza - Rassegna Stampa Cattolica\",\"isPartOf\":{\"@id\":\"https:\\\/\\\/www.rassegnastampa-totustuus.it\\\/cattolica\\\/#website\"},\"primaryImageOfPage\":{\"@id\":\"https:\\\/\\\/www.rassegnastampa-totustuus.it\\\/cattolica\\\/tolleranza-e-intolleranza\\\/#primaryimage\"},\"image\":{\"@id\":\"https:\\\/\\\/www.rassegnastampa-totustuus.it\\\/cattolica\\\/tolleranza-e-intolleranza\\\/#primaryimage\"},\"thumbnailUrl\":\"https:\\\/\\\/www.rassegnastampa-totustuus.it\\\/cattolica\\\/wp-content\\\/uploads\\\/2006\\\/09\\\/femen.jpg\",\"datePublished\":\"2006-09-06T22:00:00+00:00\",\"dateModified\":\"2016-06-08T14:21:26+00:00\",\"description\":\"Rassegna Stampa Cattolica - Per una cultura che nasce dalla Rivelazione cristiana in conformit\u00e0 alla tradizione e al Magistero della Chiesa in opposizione ad ogni relativismo e totalitarismo\",\"breadcrumb\":{\"@id\":\"https:\\\/\\\/www.rassegnastampa-totustuus.it\\\/cattolica\\\/tolleranza-e-intolleranza\\\/#breadcrumb\"},\"inLanguage\":\"it-IT\",\"potentialAction\":[{\"@type\":\"ReadAction\",\"target\":[\"https:\\\/\\\/www.rassegnastampa-totustuus.it\\\/cattolica\\\/tolleranza-e-intolleranza\\\/\"]}]},{\"@type\":\"ImageObject\",\"inLanguage\":\"it-IT\",\"@id\":\"https:\\\/\\\/www.rassegnastampa-totustuus.it\\\/cattolica\\\/tolleranza-e-intolleranza\\\/#primaryimage\",\"url\":\"https:\\\/\\\/www.rassegnastampa-totustuus.it\\\/cattolica\\\/wp-content\\\/uploads\\\/2006\\\/09\\\/femen.jpg\",\"contentUrl\":\"https:\\\/\\\/www.rassegnastampa-totustuus.it\\\/cattolica\\\/wp-content\\\/uploads\\\/2006\\\/09\\\/femen.jpg\",\"width\":300,\"height\":168},{\"@type\":\"BreadcrumbList\",\"@id\":\"https:\\\/\\\/www.rassegnastampa-totustuus.it\\\/cattolica\\\/tolleranza-e-intolleranza\\\/#breadcrumb\",\"itemListElement\":[{\"@type\":\"ListItem\",\"position\":1,\"name\":\"Home\",\"item\":\"https:\\\/\\\/www.rassegnastampa-totustuus.it\\\/cattolica\\\/\"},{\"@type\":\"ListItem\",\"position\":2,\"name\":\"Tolleranza e intolleranza\"}]},{\"@type\":\"WebSite\",\"@id\":\"https:\\\/\\\/www.rassegnastampa-totustuus.it\\\/cattolica\\\/#website\",\"url\":\"https:\\\/\\\/www.rassegnastampa-totustuus.it\\\/cattolica\\\/\",\"name\":\"Rassegna Stampa Cattolica\",\"description\":\"Per una cultura che nasce dalla Rivelazione cristiana in conformit\u00e0 alla tradizione e al Magistero della Chiesa in opposizione ad ogni relativismo e totalitarismo\",\"publisher\":{\"@id\":\"https:\\\/\\\/www.rassegnastampa-totustuus.it\\\/cattolica\\\/#organization\"},\"alternateName\":\"Rass. Cattolica\",\"potentialAction\":[{\"@type\":\"SearchAction\",\"target\":{\"@type\":\"EntryPoint\",\"urlTemplate\":\"https:\\\/\\\/www.rassegnastampa-totustuus.it\\\/cattolica\\\/?s={search_term_string}\"},\"query-input\":{\"@type\":\"PropertyValueSpecification\",\"valueRequired\":true,\"valueName\":\"search_term_string\"}}],\"inLanguage\":\"it-IT\"},{\"@type\":\"Organization\",\"@id\":\"https:\\\/\\\/www.rassegnastampa-totustuus.it\\\/cattolica\\\/#organization\",\"name\":\"Rassegna Stampa Cattolica\",\"url\":\"https:\\\/\\\/www.rassegnastampa-totustuus.it\\\/cattolica\\\/\",\"logo\":{\"@type\":\"ImageObject\",\"inLanguage\":\"it-IT\",\"@id\":\"https:\\\/\\\/www.rassegnastampa-totustuus.it\\\/cattolica\\\/#\\\/schema\\\/logo\\\/image\\\/\",\"url\":\"https:\\\/\\\/www.rassegnastampa-totustuus.it\\\/cattolica\\\/wp-content\\\/uploads\\\/2014\\\/04\\\/logo-rassegna1.gif\",\"contentUrl\":\"https:\\\/\\\/www.rassegnastampa-totustuus.it\\\/cattolica\\\/wp-content\\\/uploads\\\/2014\\\/04\\\/logo-rassegna1.gif\",\"width\":600,\"height\":163,\"caption\":\"Rassegna Stampa Cattolica\"},\"image\":{\"@id\":\"https:\\\/\\\/www.rassegnastampa-totustuus.it\\\/cattolica\\\/#\\\/schema\\\/logo\\\/image\\\/\"},\"sameAs\":[\"https:\\\/\\\/www.facebook.com\\\/rassegnastampacattolica\",\"https:\\\/\\\/x.com\\\/rassegnastampa9\"]},{\"@type\":\"Person\",\"@id\":\"https:\\\/\\\/www.rassegnastampa-totustuus.it\\\/cattolica\\\/#\\\/schema\\\/person\\\/08f319d2bd1a0904ad9e2bfb7b15e5c3\",\"name\":\"Redazione\",\"image\":{\"@type\":\"ImageObject\",\"inLanguage\":\"it-IT\",\"@id\":\"https:\\\/\\\/secure.gravatar.com\\\/avatar\\\/2fcdf27c78ea025fbdb44e914cc63c72249ffec9dc8aafd5c82b26240ef3f346?s=96&d=mm&r=g\",\"url\":\"https:\\\/\\\/secure.gravatar.com\\\/avatar\\\/2fcdf27c78ea025fbdb44e914cc63c72249ffec9dc8aafd5c82b26240ef3f346?s=96&d=mm&r=g\",\"contentUrl\":\"https:\\\/\\\/secure.gravatar.com\\\/avatar\\\/2fcdf27c78ea025fbdb44e914cc63c72249ffec9dc8aafd5c82b26240ef3f346?s=96&d=mm&r=g\",\"caption\":\"Redazione\"},\"url\":\"https:\\\/\\\/www.rassegnastampa-totustuus.it\\\/cattolica\\\/author\\\/pietroelle\\\/\"}]}<\/script>\n<!-- \/ Yoast SEO plugin. -->","yoast_head_json":{"title":"Tolleranza e intolleranza - Rassegna Stampa Cattolica","description":"Rassegna Stampa Cattolica - Per una cultura che nasce dalla Rivelazione cristiana in conformit\u00e0 alla tradizione e al Magistero della Chiesa in opposizione ad ogni relativismo e totalitarismo","robots":{"index":"index","follow":"follow","max-snippet":"max-snippet:-1","max-image-preview":"max-image-preview:large","max-video-preview":"max-video-preview:-1"},"canonical":"https:\/\/www.rassegnastampa-totustuus.it\/cattolica\/tolleranza-e-intolleranza\/","og_locale":"it_IT","og_type":"article","og_title":"Tolleranza e intolleranza - Rassegna Stampa Cattolica","og_description":"Rassegna Stampa Cattolica - Per una cultura che nasce dalla Rivelazione cristiana in conformit\u00e0 alla tradizione e al Magistero della Chiesa in opposizione ad ogni relativismo e totalitarismo","og_url":"https:\/\/www.rassegnastampa-totustuus.it\/cattolica\/tolleranza-e-intolleranza\/","og_site_name":"Rassegna Stampa Cattolica","article_publisher":"https:\/\/www.facebook.com\/rassegnastampacattolica","article_published_time":"2006-09-06T22:00:00+00:00","article_modified_time":"2016-06-08T14:21:26+00:00","og_image":[{"width":300,"height":168,"url":"https:\/\/www.rassegnastampa-totustuus.it\/cattolica\/wp-content\/uploads\/2006\/09\/femen.jpg","type":"image\/jpeg"}],"author":"Redazione","twitter_card":"summary_large_image","twitter_creator":"@rassegnastampa9","twitter_site":"@rassegnastampa9","twitter_misc":{"Scritto da":"Redazione","Tempo di lettura stimato":"12 minuti"},"schema":{"@context":"https:\/\/schema.org","@graph":[{"@type":"Article","@id":"https:\/\/www.rassegnastampa-totustuus.it\/cattolica\/tolleranza-e-intolleranza\/#article","isPartOf":{"@id":"https:\/\/www.rassegnastampa-totustuus.it\/cattolica\/tolleranza-e-intolleranza\/"},"author":{"name":"Redazione","@id":"https:\/\/www.rassegnastampa-totustuus.it\/cattolica\/#\/schema\/person\/08f319d2bd1a0904ad9e2bfb7b15e5c3"},"headline":"Tolleranza e intolleranza","datePublished":"2006-09-06T22:00:00+00:00","dateModified":"2016-06-08T14:21:26+00:00","mainEntityOfPage":{"@id":"https:\/\/www.rassegnastampa-totustuus.it\/cattolica\/tolleranza-e-intolleranza\/"},"wordCount":2509,"publisher":{"@id":"https:\/\/www.rassegnastampa-totustuus.it\/cattolica\/#organization"},"image":{"@id":"https:\/\/www.rassegnastampa-totustuus.it\/cattolica\/tolleranza-e-intolleranza\/#primaryimage"},"thumbnailUrl":"https:\/\/www.rassegnastampa-totustuus.it\/cattolica\/wp-content\/uploads\/2006\/09\/femen.jpg","keywords":["intolleranza anticristiana"],"articleSection":["Chiesa","Laicismo"],"inLanguage":"it-IT"},{"@type":"WebPage","@id":"https:\/\/www.rassegnastampa-totustuus.it\/cattolica\/tolleranza-e-intolleranza\/","url":"https:\/\/www.rassegnastampa-totustuus.it\/cattolica\/tolleranza-e-intolleranza\/","name":"Tolleranza e intolleranza - Rassegna Stampa Cattolica","isPartOf":{"@id":"https:\/\/www.rassegnastampa-totustuus.it\/cattolica\/#website"},"primaryImageOfPage":{"@id":"https:\/\/www.rassegnastampa-totustuus.it\/cattolica\/tolleranza-e-intolleranza\/#primaryimage"},"image":{"@id":"https:\/\/www.rassegnastampa-totustuus.it\/cattolica\/tolleranza-e-intolleranza\/#primaryimage"},"thumbnailUrl":"https:\/\/www.rassegnastampa-totustuus.it\/cattolica\/wp-content\/uploads\/2006\/09\/femen.jpg","datePublished":"2006-09-06T22:00:00+00:00","dateModified":"2016-06-08T14:21:26+00:00","description":"Rassegna Stampa Cattolica - Per una cultura che nasce dalla Rivelazione cristiana in conformit\u00e0 alla tradizione e al Magistero della Chiesa in opposizione ad ogni relativismo e totalitarismo","breadcrumb":{"@id":"https:\/\/www.rassegnastampa-totustuus.it\/cattolica\/tolleranza-e-intolleranza\/#breadcrumb"},"inLanguage":"it-IT","potentialAction":[{"@type":"ReadAction","target":["https:\/\/www.rassegnastampa-totustuus.it\/cattolica\/tolleranza-e-intolleranza\/"]}]},{"@type":"ImageObject","inLanguage":"it-IT","@id":"https:\/\/www.rassegnastampa-totustuus.it\/cattolica\/tolleranza-e-intolleranza\/#primaryimage","url":"https:\/\/www.rassegnastampa-totustuus.it\/cattolica\/wp-content\/uploads\/2006\/09\/femen.jpg","contentUrl":"https:\/\/www.rassegnastampa-totustuus.it\/cattolica\/wp-content\/uploads\/2006\/09\/femen.jpg","width":300,"height":168},{"@type":"BreadcrumbList","@id":"https:\/\/www.rassegnastampa-totustuus.it\/cattolica\/tolleranza-e-intolleranza\/#breadcrumb","itemListElement":[{"@type":"ListItem","position":1,"name":"Home","item":"https:\/\/www.rassegnastampa-totustuus.it\/cattolica\/"},{"@type":"ListItem","position":2,"name":"Tolleranza e intolleranza"}]},{"@type":"WebSite","@id":"https:\/\/www.rassegnastampa-totustuus.it\/cattolica\/#website","url":"https:\/\/www.rassegnastampa-totustuus.it\/cattolica\/","name":"Rassegna Stampa Cattolica","description":"Per una cultura che nasce dalla Rivelazione cristiana in conformit\u00e0 alla tradizione e al Magistero della Chiesa in opposizione ad ogni relativismo e totalitarismo","publisher":{"@id":"https:\/\/www.rassegnastampa-totustuus.it\/cattolica\/#organization"},"alternateName":"Rass. Cattolica","potentialAction":[{"@type":"SearchAction","target":{"@type":"EntryPoint","urlTemplate":"https:\/\/www.rassegnastampa-totustuus.it\/cattolica\/?s={search_term_string}"},"query-input":{"@type":"PropertyValueSpecification","valueRequired":true,"valueName":"search_term_string"}}],"inLanguage":"it-IT"},{"@type":"Organization","@id":"https:\/\/www.rassegnastampa-totustuus.it\/cattolica\/#organization","name":"Rassegna Stampa Cattolica","url":"https:\/\/www.rassegnastampa-totustuus.it\/cattolica\/","logo":{"@type":"ImageObject","inLanguage":"it-IT","@id":"https:\/\/www.rassegnastampa-totustuus.it\/cattolica\/#\/schema\/logo\/image\/","url":"https:\/\/www.rassegnastampa-totustuus.it\/cattolica\/wp-content\/uploads\/2014\/04\/logo-rassegna1.gif","contentUrl":"https:\/\/www.rassegnastampa-totustuus.it\/cattolica\/wp-content\/uploads\/2014\/04\/logo-rassegna1.gif","width":600,"height":163,"caption":"Rassegna Stampa Cattolica"},"image":{"@id":"https:\/\/www.rassegnastampa-totustuus.it\/cattolica\/#\/schema\/logo\/image\/"},"sameAs":["https:\/\/www.facebook.com\/rassegnastampacattolica","https:\/\/x.com\/rassegnastampa9"]},{"@type":"Person","@id":"https:\/\/www.rassegnastampa-totustuus.it\/cattolica\/#\/schema\/person\/08f319d2bd1a0904ad9e2bfb7b15e5c3","name":"Redazione","image":{"@type":"ImageObject","inLanguage":"it-IT","@id":"https:\/\/secure.gravatar.com\/avatar\/2fcdf27c78ea025fbdb44e914cc63c72249ffec9dc8aafd5c82b26240ef3f346?s=96&d=mm&r=g","url":"https:\/\/secure.gravatar.com\/avatar\/2fcdf27c78ea025fbdb44e914cc63c72249ffec9dc8aafd5c82b26240ef3f346?s=96&d=mm&r=g","contentUrl":"https:\/\/secure.gravatar.com\/avatar\/2fcdf27c78ea025fbdb44e914cc63c72249ffec9dc8aafd5c82b26240ef3f346?s=96&d=mm&r=g","caption":"Redazione"},"url":"https:\/\/www.rassegnastampa-totustuus.it\/cattolica\/author\/pietroelle\/"}]}},"_links":{"self":[{"href":"https:\/\/www.rassegnastampa-totustuus.it\/cattolica\/wp-json\/wp\/v2\/posts\/2195","targetHints":{"allow":["GET"]}}],"collection":[{"href":"https:\/\/www.rassegnastampa-totustuus.it\/cattolica\/wp-json\/wp\/v2\/posts"}],"about":[{"href":"https:\/\/www.rassegnastampa-totustuus.it\/cattolica\/wp-json\/wp\/v2\/types\/post"}],"author":[{"embeddable":true,"href":"https:\/\/www.rassegnastampa-totustuus.it\/cattolica\/wp-json\/wp\/v2\/users\/6"}],"replies":[{"embeddable":true,"href":"https:\/\/www.rassegnastampa-totustuus.it\/cattolica\/wp-json\/wp\/v2\/comments?post=2195"}],"version-history":[{"count":4,"href":"https:\/\/www.rassegnastampa-totustuus.it\/cattolica\/wp-json\/wp\/v2\/posts\/2195\/revisions"}],"predecessor-version":[{"id":34390,"href":"https:\/\/www.rassegnastampa-totustuus.it\/cattolica\/wp-json\/wp\/v2\/posts\/2195\/revisions\/34390"}],"wp:featuredmedia":[{"embeddable":true,"href":"https:\/\/www.rassegnastampa-totustuus.it\/cattolica\/wp-json\/wp\/v2\/media\/34389"}],"wp:attachment":[{"href":"https:\/\/www.rassegnastampa-totustuus.it\/cattolica\/wp-json\/wp\/v2\/media?parent=2195"}],"wp:term":[{"taxonomy":"category","embeddable":true,"href":"https:\/\/www.rassegnastampa-totustuus.it\/cattolica\/wp-json\/wp\/v2\/categories?post=2195"},{"taxonomy":"post_tag","embeddable":true,"href":"https:\/\/www.rassegnastampa-totustuus.it\/cattolica\/wp-json\/wp\/v2\/tags?post=2195"}],"curies":[{"name":"wp","href":"https:\/\/api.w.org\/{rel}","templated":true}]}}