{"id":2186,"date":"2006-08-31T00:00:00","date_gmt":"2006-08-30T22:00:00","guid":{"rendered":""},"modified":"2015-12-01T12:49:14","modified_gmt":"2015-12-01T11:49:14","slug":"dalema-fa-finta-di-non-vedere-il-nazi-islamismo","status":"publish","type":"post","link":"https:\/\/www.rassegnastampa-totustuus.it\/cattolica\/dalema-fa-finta-di-non-vedere-il-nazi-islamismo\/","title":{"rendered":"D&#8217;Alema fa finta di non vedere il nazi-islamismo"},"content":{"rendered":"<div style=\"text-align: center;\"><strong><a href=\"https:\/\/www.rassegnastampa-totustuus.it\/cattolica\/wp-content\/uploads\/2006\/08\/missione_Libano.jpg\"><img loading=\"lazy\" decoding=\"async\" class=\"alignleft wp-image-28365\" src=\"https:\/\/www.rassegnastampa-totustuus.it\/cattolica\/wp-content\/uploads\/2006\/08\/missione_Libano.jpg\" alt=\"missione_Libano\" width=\"250\" height=\"166\" \/><\/a>Il Giornale<\/strong> 17 agosto 2006<\/div>\n<p style=\"text-align: center;\">di <strong>Massimo Introvigne<\/strong><\/p>\n<p style=\"text-align: justify;\">Le perplessit\u00e0 della Casa delle libert\u00e0 su una missione in Libano le cui regole d\u2019ingaggio non siano chiaramente definite da un passaggio in Parlamento appaiono sempre pi\u00f9 giustificate dall\u2019atteggiamento di Massimo D&#8217;Alema, che a Beirut si reca subito a farsi fotografare davanti a qualche casa distrutta nei quartieri sciiti declamando ancora una volta sulla reazione israeliana \u00absproporzionata\u00bb e sulle guerre \u00abfabbrica di terroristi\u00bb. Non risultano fotografie di D\u2019Alema di fronte a case sventrate dai missili hezbollah in Galilea, n\u00e9 commenti sul fatto che questa guerra la hanno provocata i terroristi attaccando Israele.<\/p>\n<p><!--more--><\/p>\n<div style=\"text-align: justify;\">Soprattutto &#8211; considerando che il termine nasce da intellettuali liberal cui D\u2019Alema dovrebbe sentirsi politicamente vicino &#8211; manca un qualunque riferimento al dibattito in corso sul termine usato dal presidente Bush: \u00abislamo-fascismo\u00bb. Si comprende l\u2019uso tattico di Bush di un\u2019espressione coniata dai suoi avversari: ma sarebbe pi\u00f9 esatto parlare di \u00abislamo-nazismo\u00bb.<\/div>\n<p style=\"text-align: justify;\">Soprattutto da quando se ne \u00e8 impadronito Ahmadinejad, il regime iraniano \u00e8 diventato quanto di pi\u00f9 simile al nazional-socialismo il mondo abbia visto nella sua storia. Certo, le radici culturali della Germania di Hitler e dell\u2019Iran degli ayatollah sono diverse. Ma i sociologi hanno messo in luce come il millenarismo, l\u2019attesa di eventi apocalittici e di una imminente trasformazione radicale del mondo, sia una categoria universale che, per quanto la si declini con linguaggi diversi, tende a produrre gli stessi risultati di morte.<\/p>\n<p style=\"text-align: justify;\">Hitler pensava a un Reich millenario dominato dalla razza ariana, una \u00abGermania dei mille anni\u00bb le cui armate avrebbero soggiogato il mondo intero. Ahmadinejad, che riprende gli spunti pi\u00f9 millenaristi del complesso pensiero di Khomeini, crede fermamente nel mito sciita dell\u2019imam nascosto che riemerger\u00e0 dal suo plurisecolare occultamento per guidare la Shia a conquistare tutto il mondo.<\/p>\n<p style=\"text-align: justify;\">Pensa davvero che l\u2019imam nascosto emerger\u00e0 da un pozzo di una remota regione iraniana, intorno al quale ha gi\u00e0 fatto costruire un suntuoso palazzo per accoglierlo e alberghi a sette stelle. Bin Laden, dal canto suo, utilizza una letteratura sunnita, soprattutto egiziana, tutta imperniata sullo scontro finale fra il Dajjal, l\u2019Anticristo, e il Messia islamico, il Mahdi. N\u00e9 valgono le obiezioni del sociologo consigliere di Chirac, Gilles Kepel, secondo cui non si pu\u00f2 parlare di fascismo o nazismo, perch\u00e9 Mussolini e Hitler avevano un seguito di massa che Bin Laden o Nasrallah non hanno: certo, i terroristi attivi sono (relativamente) pochi, ma i fondamentalisti sono milioni.<\/p>\n<p style=\"text-align: justify;\">La follia millenarista ha sempre bisogno di un capro espiatorio da distruggere perch\u00e9 il piano del messia millenario di turno trionfi. Per Hitler e per Ahmadinejad il capro espiatorio \u00e8 lo stesso: gli ebrei. Ogni giorno il presidente iraniano predica pi\u00f9 chiaramente lo sterminio non solo di Israele ma degli ebrei in genere, esattamente come Hitler negli anni Trenta. Nasrallah gli fa eco. E, come allora, c\u2019\u00e8 una classe politica del mondo libero che si tura le orecchie per non sentire.<\/p>\n<p style=\"text-align: justify;\">Andiamo in Libano a combattere l\u2019islamo-nazismo o a proteggerlo da Israele? Se la risposta sar\u00e0 ambigua &#8211; o chiaramente anti-israeliana, come l\u2019ha formulata in esplicito il solito Diliberto -, risuoneranno echi sinistri della conferenza di Monaco del 1938, dove l\u2019Europa di fronte al nazismo &#8211; come disse Churchill &#8211; \u00abscelse la vergogna per non avere la guerra, e fin\u00ec per avere sia la vergogna sia la guerra\u00bb.<\/p>\n","protected":false},"excerpt":{"rendered":"<p>Il Giornale 17 agosto 2006 di Massimo Introvigne Le perplessit\u00e0 della Casa delle libert\u00e0 su una missione in Libano le cui regole d\u2019ingaggio non siano chiaramente definite da un passaggio in Parlamento appaiono sempre pi\u00f9 giustificate dall\u2019atteggiamento di Massimo D&#8217;Alema, che a Beirut si reca subito a farsi fotografare davanti a qualche casa distrutta nei &hellip; <\/p>\n<p><a class=\"more-link btn\" href=\"https:\/\/www.rassegnastampa-totustuus.it\/cattolica\/dalema-fa-finta-di-non-vedere-il-nazi-islamismo\/\">Continua a leggere<\/a><\/p>\n","protected":false},"author":6,"featured_media":28365,"comment_status":"closed","ping_status":"open","sticky":false,"template":"","format":"standard","meta":{"footnotes":""},"categories":[20],"tags":[1231,1222],"class_list":["post-2186","post","type-post","status-publish","format-standard","has-post-thumbnail","hentry","category-politica-nazionale","tag-sinistre","tag-unione","item-wrap"],"yoast_head":"<!-- This site is optimized with the Yoast SEO plugin v27.5 - https:\/\/yoast.com\/product\/yoast-seo-wordpress\/ -->\n<title>D&#039;Alema fa finta di non vedere il nazi-islamismo - Rassegna Stampa Cattolica<\/title>\n<meta name=\"description\" content=\"Rassegna Stampa Cattolica - Per una cultura che nasce dalla Rivelazione cristiana in conformit\u00e0 alla tradizione e al Magistero della Chiesa in opposizione ad ogni relativismo e totalitarismo\" \/>\n<meta name=\"robots\" content=\"index, follow, max-snippet:-1, max-image-preview:large, max-video-preview:-1\" \/>\n<link rel=\"canonical\" href=\"https:\/\/www.rassegnastampa-totustuus.it\/cattolica\/dalema-fa-finta-di-non-vedere-il-nazi-islamismo\/\" \/>\n<meta property=\"og:locale\" content=\"it_IT\" \/>\n<meta property=\"og:type\" content=\"article\" \/>\n<meta property=\"og:title\" content=\"D&#039;Alema fa finta di non vedere il nazi-islamismo - Rassegna Stampa Cattolica\" \/>\n<meta property=\"og:description\" content=\"Rassegna Stampa Cattolica - Per una cultura che nasce dalla Rivelazione cristiana in conformit\u00e0 alla tradizione e al Magistero della Chiesa in opposizione ad ogni relativismo e totalitarismo\" \/>\n<meta property=\"og:url\" content=\"https:\/\/www.rassegnastampa-totustuus.it\/cattolica\/dalema-fa-finta-di-non-vedere-il-nazi-islamismo\/\" \/>\n<meta property=\"og:site_name\" content=\"Rassegna Stampa Cattolica\" \/>\n<meta property=\"article:publisher\" content=\"https:\/\/www.facebook.com\/rassegnastampacattolica\" \/>\n<meta property=\"article:published_time\" content=\"2006-08-30T22:00:00+00:00\" \/>\n<meta property=\"article:modified_time\" content=\"2015-12-01T11:49:14+00:00\" \/>\n<meta property=\"og:image\" content=\"https:\/\/www.rassegnastampa-totustuus.it\/cattolica\/wp-content\/uploads\/2006\/08\/missione_Libano.jpg\" \/>\n\t<meta property=\"og:image:width\" content=\"275\" \/>\n\t<meta property=\"og:image:height\" content=\"183\" \/>\n\t<meta property=\"og:image:type\" content=\"image\/jpeg\" \/>\n<meta name=\"author\" content=\"Redazione\" \/>\n<meta name=\"twitter:card\" content=\"summary_large_image\" \/>\n<meta name=\"twitter:creator\" content=\"@rassegnastampa9\" \/>\n<meta name=\"twitter:site\" content=\"@rassegnastampa9\" \/>\n<meta name=\"twitter:label1\" content=\"Scritto da\" \/>\n\t<meta name=\"twitter:data1\" content=\"Redazione\" \/>\n\t<meta name=\"twitter:label2\" content=\"Tempo di lettura stimato\" \/>\n\t<meta name=\"twitter:data2\" content=\"3 minuti\" \/>\n<script type=\"application\/ld+json\" class=\"yoast-schema-graph\">{\"@context\":\"https:\\\/\\\/schema.org\",\"@graph\":[{\"@type\":\"Article\",\"@id\":\"https:\\\/\\\/www.rassegnastampa-totustuus.it\\\/cattolica\\\/dalema-fa-finta-di-non-vedere-il-nazi-islamismo\\\/#article\",\"isPartOf\":{\"@id\":\"https:\\\/\\\/www.rassegnastampa-totustuus.it\\\/cattolica\\\/dalema-fa-finta-di-non-vedere-il-nazi-islamismo\\\/\"},\"author\":{\"name\":\"Redazione\",\"@id\":\"https:\\\/\\\/www.rassegnastampa-totustuus.it\\\/cattolica\\\/#\\\/schema\\\/person\\\/08f319d2bd1a0904ad9e2bfb7b15e5c3\"},\"headline\":\"D&#8217;Alema fa finta di non vedere il nazi-islamismo\",\"datePublished\":\"2006-08-30T22:00:00+00:00\",\"dateModified\":\"2015-12-01T11:49:14+00:00\",\"mainEntityOfPage\":{\"@id\":\"https:\\\/\\\/www.rassegnastampa-totustuus.it\\\/cattolica\\\/dalema-fa-finta-di-non-vedere-il-nazi-islamismo\\\/\"},\"wordCount\":563,\"publisher\":{\"@id\":\"https:\\\/\\\/www.rassegnastampa-totustuus.it\\\/cattolica\\\/#organization\"},\"image\":{\"@id\":\"https:\\\/\\\/www.rassegnastampa-totustuus.it\\\/cattolica\\\/dalema-fa-finta-di-non-vedere-il-nazi-islamismo\\\/#primaryimage\"},\"thumbnailUrl\":\"https:\\\/\\\/www.rassegnastampa-totustuus.it\\\/cattolica\\\/wp-content\\\/uploads\\\/2006\\\/08\\\/missione_Libano.jpg\",\"keywords\":[\"sinistre\",\"Unione\"],\"articleSection\":[\"Politica nazionale\"],\"inLanguage\":\"it-IT\"},{\"@type\":\"WebPage\",\"@id\":\"https:\\\/\\\/www.rassegnastampa-totustuus.it\\\/cattolica\\\/dalema-fa-finta-di-non-vedere-il-nazi-islamismo\\\/\",\"url\":\"https:\\\/\\\/www.rassegnastampa-totustuus.it\\\/cattolica\\\/dalema-fa-finta-di-non-vedere-il-nazi-islamismo\\\/\",\"name\":\"D'Alema fa finta di non vedere il nazi-islamismo - Rassegna Stampa Cattolica\",\"isPartOf\":{\"@id\":\"https:\\\/\\\/www.rassegnastampa-totustuus.it\\\/cattolica\\\/#website\"},\"primaryImageOfPage\":{\"@id\":\"https:\\\/\\\/www.rassegnastampa-totustuus.it\\\/cattolica\\\/dalema-fa-finta-di-non-vedere-il-nazi-islamismo\\\/#primaryimage\"},\"image\":{\"@id\":\"https:\\\/\\\/www.rassegnastampa-totustuus.it\\\/cattolica\\\/dalema-fa-finta-di-non-vedere-il-nazi-islamismo\\\/#primaryimage\"},\"thumbnailUrl\":\"https:\\\/\\\/www.rassegnastampa-totustuus.it\\\/cattolica\\\/wp-content\\\/uploads\\\/2006\\\/08\\\/missione_Libano.jpg\",\"datePublished\":\"2006-08-30T22:00:00+00:00\",\"dateModified\":\"2015-12-01T11:49:14+00:00\",\"description\":\"Rassegna Stampa Cattolica - Per una cultura che nasce dalla Rivelazione cristiana in conformit\u00e0 alla tradizione e al Magistero della Chiesa in opposizione ad ogni relativismo e totalitarismo\",\"breadcrumb\":{\"@id\":\"https:\\\/\\\/www.rassegnastampa-totustuus.it\\\/cattolica\\\/dalema-fa-finta-di-non-vedere-il-nazi-islamismo\\\/#breadcrumb\"},\"inLanguage\":\"it-IT\",\"potentialAction\":[{\"@type\":\"ReadAction\",\"target\":[\"https:\\\/\\\/www.rassegnastampa-totustuus.it\\\/cattolica\\\/dalema-fa-finta-di-non-vedere-il-nazi-islamismo\\\/\"]}]},{\"@type\":\"ImageObject\",\"inLanguage\":\"it-IT\",\"@id\":\"https:\\\/\\\/www.rassegnastampa-totustuus.it\\\/cattolica\\\/dalema-fa-finta-di-non-vedere-il-nazi-islamismo\\\/#primaryimage\",\"url\":\"https:\\\/\\\/www.rassegnastampa-totustuus.it\\\/cattolica\\\/wp-content\\\/uploads\\\/2006\\\/08\\\/missione_Libano.jpg\",\"contentUrl\":\"https:\\\/\\\/www.rassegnastampa-totustuus.it\\\/cattolica\\\/wp-content\\\/uploads\\\/2006\\\/08\\\/missione_Libano.jpg\",\"width\":275,\"height\":183},{\"@type\":\"BreadcrumbList\",\"@id\":\"https:\\\/\\\/www.rassegnastampa-totustuus.it\\\/cattolica\\\/dalema-fa-finta-di-non-vedere-il-nazi-islamismo\\\/#breadcrumb\",\"itemListElement\":[{\"@type\":\"ListItem\",\"position\":1,\"name\":\"Home\",\"item\":\"https:\\\/\\\/www.rassegnastampa-totustuus.it\\\/cattolica\\\/\"},{\"@type\":\"ListItem\",\"position\":2,\"name\":\"D&#8217;Alema fa finta di non vedere il nazi-islamismo\"}]},{\"@type\":\"WebSite\",\"@id\":\"https:\\\/\\\/www.rassegnastampa-totustuus.it\\\/cattolica\\\/#website\",\"url\":\"https:\\\/\\\/www.rassegnastampa-totustuus.it\\\/cattolica\\\/\",\"name\":\"Rassegna Stampa Cattolica\",\"description\":\"Per una cultura che nasce dalla Rivelazione cristiana in conformit\u00e0 alla tradizione e al Magistero della Chiesa in opposizione ad ogni relativismo e totalitarismo\",\"publisher\":{\"@id\":\"https:\\\/\\\/www.rassegnastampa-totustuus.it\\\/cattolica\\\/#organization\"},\"alternateName\":\"Rass. Cattolica\",\"potentialAction\":[{\"@type\":\"SearchAction\",\"target\":{\"@type\":\"EntryPoint\",\"urlTemplate\":\"https:\\\/\\\/www.rassegnastampa-totustuus.it\\\/cattolica\\\/?s={search_term_string}\"},\"query-input\":{\"@type\":\"PropertyValueSpecification\",\"valueRequired\":true,\"valueName\":\"search_term_string\"}}],\"inLanguage\":\"it-IT\"},{\"@type\":\"Organization\",\"@id\":\"https:\\\/\\\/www.rassegnastampa-totustuus.it\\\/cattolica\\\/#organization\",\"name\":\"Rassegna Stampa Cattolica\",\"url\":\"https:\\\/\\\/www.rassegnastampa-totustuus.it\\\/cattolica\\\/\",\"logo\":{\"@type\":\"ImageObject\",\"inLanguage\":\"it-IT\",\"@id\":\"https:\\\/\\\/www.rassegnastampa-totustuus.it\\\/cattolica\\\/#\\\/schema\\\/logo\\\/image\\\/\",\"url\":\"https:\\\/\\\/www.rassegnastampa-totustuus.it\\\/cattolica\\\/wp-content\\\/uploads\\\/2014\\\/04\\\/logo-rassegna1.gif\",\"contentUrl\":\"https:\\\/\\\/www.rassegnastampa-totustuus.it\\\/cattolica\\\/wp-content\\\/uploads\\\/2014\\\/04\\\/logo-rassegna1.gif\",\"width\":600,\"height\":163,\"caption\":\"Rassegna Stampa Cattolica\"},\"image\":{\"@id\":\"https:\\\/\\\/www.rassegnastampa-totustuus.it\\\/cattolica\\\/#\\\/schema\\\/logo\\\/image\\\/\"},\"sameAs\":[\"https:\\\/\\\/www.facebook.com\\\/rassegnastampacattolica\",\"https:\\\/\\\/x.com\\\/rassegnastampa9\"]},{\"@type\":\"Person\",\"@id\":\"https:\\\/\\\/www.rassegnastampa-totustuus.it\\\/cattolica\\\/#\\\/schema\\\/person\\\/08f319d2bd1a0904ad9e2bfb7b15e5c3\",\"name\":\"Redazione\",\"image\":{\"@type\":\"ImageObject\",\"inLanguage\":\"it-IT\",\"@id\":\"https:\\\/\\\/secure.gravatar.com\\\/avatar\\\/2fcdf27c78ea025fbdb44e914cc63c72249ffec9dc8aafd5c82b26240ef3f346?s=96&d=mm&r=g\",\"url\":\"https:\\\/\\\/secure.gravatar.com\\\/avatar\\\/2fcdf27c78ea025fbdb44e914cc63c72249ffec9dc8aafd5c82b26240ef3f346?s=96&d=mm&r=g\",\"contentUrl\":\"https:\\\/\\\/secure.gravatar.com\\\/avatar\\\/2fcdf27c78ea025fbdb44e914cc63c72249ffec9dc8aafd5c82b26240ef3f346?s=96&d=mm&r=g\",\"caption\":\"Redazione\"},\"url\":\"https:\\\/\\\/www.rassegnastampa-totustuus.it\\\/cattolica\\\/author\\\/pietroelle\\\/\"}]}<\/script>\n<!-- \/ Yoast SEO plugin. -->","yoast_head_json":{"title":"D'Alema fa finta di non vedere il nazi-islamismo - Rassegna Stampa Cattolica","description":"Rassegna Stampa Cattolica - Per una cultura che nasce dalla Rivelazione cristiana in conformit\u00e0 alla tradizione e al Magistero della Chiesa in opposizione ad ogni relativismo e totalitarismo","robots":{"index":"index","follow":"follow","max-snippet":"max-snippet:-1","max-image-preview":"max-image-preview:large","max-video-preview":"max-video-preview:-1"},"canonical":"https:\/\/www.rassegnastampa-totustuus.it\/cattolica\/dalema-fa-finta-di-non-vedere-il-nazi-islamismo\/","og_locale":"it_IT","og_type":"article","og_title":"D'Alema fa finta di non vedere il nazi-islamismo - Rassegna Stampa Cattolica","og_description":"Rassegna Stampa Cattolica - Per una cultura che nasce dalla Rivelazione cristiana in conformit\u00e0 alla tradizione e al Magistero della Chiesa in opposizione ad ogni relativismo e totalitarismo","og_url":"https:\/\/www.rassegnastampa-totustuus.it\/cattolica\/dalema-fa-finta-di-non-vedere-il-nazi-islamismo\/","og_site_name":"Rassegna Stampa Cattolica","article_publisher":"https:\/\/www.facebook.com\/rassegnastampacattolica","article_published_time":"2006-08-30T22:00:00+00:00","article_modified_time":"2015-12-01T11:49:14+00:00","og_image":[{"width":275,"height":183,"url":"https:\/\/www.rassegnastampa-totustuus.it\/cattolica\/wp-content\/uploads\/2006\/08\/missione_Libano.jpg","type":"image\/jpeg"}],"author":"Redazione","twitter_card":"summary_large_image","twitter_creator":"@rassegnastampa9","twitter_site":"@rassegnastampa9","twitter_misc":{"Scritto da":"Redazione","Tempo di lettura stimato":"3 minuti"},"schema":{"@context":"https:\/\/schema.org","@graph":[{"@type":"Article","@id":"https:\/\/www.rassegnastampa-totustuus.it\/cattolica\/dalema-fa-finta-di-non-vedere-il-nazi-islamismo\/#article","isPartOf":{"@id":"https:\/\/www.rassegnastampa-totustuus.it\/cattolica\/dalema-fa-finta-di-non-vedere-il-nazi-islamismo\/"},"author":{"name":"Redazione","@id":"https:\/\/www.rassegnastampa-totustuus.it\/cattolica\/#\/schema\/person\/08f319d2bd1a0904ad9e2bfb7b15e5c3"},"headline":"D&#8217;Alema fa finta di non vedere il nazi-islamismo","datePublished":"2006-08-30T22:00:00+00:00","dateModified":"2015-12-01T11:49:14+00:00","mainEntityOfPage":{"@id":"https:\/\/www.rassegnastampa-totustuus.it\/cattolica\/dalema-fa-finta-di-non-vedere-il-nazi-islamismo\/"},"wordCount":563,"publisher":{"@id":"https:\/\/www.rassegnastampa-totustuus.it\/cattolica\/#organization"},"image":{"@id":"https:\/\/www.rassegnastampa-totustuus.it\/cattolica\/dalema-fa-finta-di-non-vedere-il-nazi-islamismo\/#primaryimage"},"thumbnailUrl":"https:\/\/www.rassegnastampa-totustuus.it\/cattolica\/wp-content\/uploads\/2006\/08\/missione_Libano.jpg","keywords":["sinistre","Unione"],"articleSection":["Politica nazionale"],"inLanguage":"it-IT"},{"@type":"WebPage","@id":"https:\/\/www.rassegnastampa-totustuus.it\/cattolica\/dalema-fa-finta-di-non-vedere-il-nazi-islamismo\/","url":"https:\/\/www.rassegnastampa-totustuus.it\/cattolica\/dalema-fa-finta-di-non-vedere-il-nazi-islamismo\/","name":"D'Alema fa finta di non vedere il nazi-islamismo - Rassegna Stampa Cattolica","isPartOf":{"@id":"https:\/\/www.rassegnastampa-totustuus.it\/cattolica\/#website"},"primaryImageOfPage":{"@id":"https:\/\/www.rassegnastampa-totustuus.it\/cattolica\/dalema-fa-finta-di-non-vedere-il-nazi-islamismo\/#primaryimage"},"image":{"@id":"https:\/\/www.rassegnastampa-totustuus.it\/cattolica\/dalema-fa-finta-di-non-vedere-il-nazi-islamismo\/#primaryimage"},"thumbnailUrl":"https:\/\/www.rassegnastampa-totustuus.it\/cattolica\/wp-content\/uploads\/2006\/08\/missione_Libano.jpg","datePublished":"2006-08-30T22:00:00+00:00","dateModified":"2015-12-01T11:49:14+00:00","description":"Rassegna Stampa Cattolica - Per una cultura che nasce dalla Rivelazione cristiana in conformit\u00e0 alla tradizione e al Magistero della Chiesa in opposizione ad ogni relativismo e totalitarismo","breadcrumb":{"@id":"https:\/\/www.rassegnastampa-totustuus.it\/cattolica\/dalema-fa-finta-di-non-vedere-il-nazi-islamismo\/#breadcrumb"},"inLanguage":"it-IT","potentialAction":[{"@type":"ReadAction","target":["https:\/\/www.rassegnastampa-totustuus.it\/cattolica\/dalema-fa-finta-di-non-vedere-il-nazi-islamismo\/"]}]},{"@type":"ImageObject","inLanguage":"it-IT","@id":"https:\/\/www.rassegnastampa-totustuus.it\/cattolica\/dalema-fa-finta-di-non-vedere-il-nazi-islamismo\/#primaryimage","url":"https:\/\/www.rassegnastampa-totustuus.it\/cattolica\/wp-content\/uploads\/2006\/08\/missione_Libano.jpg","contentUrl":"https:\/\/www.rassegnastampa-totustuus.it\/cattolica\/wp-content\/uploads\/2006\/08\/missione_Libano.jpg","width":275,"height":183},{"@type":"BreadcrumbList","@id":"https:\/\/www.rassegnastampa-totustuus.it\/cattolica\/dalema-fa-finta-di-non-vedere-il-nazi-islamismo\/#breadcrumb","itemListElement":[{"@type":"ListItem","position":1,"name":"Home","item":"https:\/\/www.rassegnastampa-totustuus.it\/cattolica\/"},{"@type":"ListItem","position":2,"name":"D&#8217;Alema fa finta di non vedere il nazi-islamismo"}]},{"@type":"WebSite","@id":"https:\/\/www.rassegnastampa-totustuus.it\/cattolica\/#website","url":"https:\/\/www.rassegnastampa-totustuus.it\/cattolica\/","name":"Rassegna Stampa Cattolica","description":"Per una cultura che nasce dalla Rivelazione cristiana in conformit\u00e0 alla tradizione e al Magistero della Chiesa in opposizione ad ogni relativismo e totalitarismo","publisher":{"@id":"https:\/\/www.rassegnastampa-totustuus.it\/cattolica\/#organization"},"alternateName":"Rass. Cattolica","potentialAction":[{"@type":"SearchAction","target":{"@type":"EntryPoint","urlTemplate":"https:\/\/www.rassegnastampa-totustuus.it\/cattolica\/?s={search_term_string}"},"query-input":{"@type":"PropertyValueSpecification","valueRequired":true,"valueName":"search_term_string"}}],"inLanguage":"it-IT"},{"@type":"Organization","@id":"https:\/\/www.rassegnastampa-totustuus.it\/cattolica\/#organization","name":"Rassegna Stampa Cattolica","url":"https:\/\/www.rassegnastampa-totustuus.it\/cattolica\/","logo":{"@type":"ImageObject","inLanguage":"it-IT","@id":"https:\/\/www.rassegnastampa-totustuus.it\/cattolica\/#\/schema\/logo\/image\/","url":"https:\/\/www.rassegnastampa-totustuus.it\/cattolica\/wp-content\/uploads\/2014\/04\/logo-rassegna1.gif","contentUrl":"https:\/\/www.rassegnastampa-totustuus.it\/cattolica\/wp-content\/uploads\/2014\/04\/logo-rassegna1.gif","width":600,"height":163,"caption":"Rassegna Stampa Cattolica"},"image":{"@id":"https:\/\/www.rassegnastampa-totustuus.it\/cattolica\/#\/schema\/logo\/image\/"},"sameAs":["https:\/\/www.facebook.com\/rassegnastampacattolica","https:\/\/x.com\/rassegnastampa9"]},{"@type":"Person","@id":"https:\/\/www.rassegnastampa-totustuus.it\/cattolica\/#\/schema\/person\/08f319d2bd1a0904ad9e2bfb7b15e5c3","name":"Redazione","image":{"@type":"ImageObject","inLanguage":"it-IT","@id":"https:\/\/secure.gravatar.com\/avatar\/2fcdf27c78ea025fbdb44e914cc63c72249ffec9dc8aafd5c82b26240ef3f346?s=96&d=mm&r=g","url":"https:\/\/secure.gravatar.com\/avatar\/2fcdf27c78ea025fbdb44e914cc63c72249ffec9dc8aafd5c82b26240ef3f346?s=96&d=mm&r=g","contentUrl":"https:\/\/secure.gravatar.com\/avatar\/2fcdf27c78ea025fbdb44e914cc63c72249ffec9dc8aafd5c82b26240ef3f346?s=96&d=mm&r=g","caption":"Redazione"},"url":"https:\/\/www.rassegnastampa-totustuus.it\/cattolica\/author\/pietroelle\/"}]}},"_links":{"self":[{"href":"https:\/\/www.rassegnastampa-totustuus.it\/cattolica\/wp-json\/wp\/v2\/posts\/2186","targetHints":{"allow":["GET"]}}],"collection":[{"href":"https:\/\/www.rassegnastampa-totustuus.it\/cattolica\/wp-json\/wp\/v2\/posts"}],"about":[{"href":"https:\/\/www.rassegnastampa-totustuus.it\/cattolica\/wp-json\/wp\/v2\/types\/post"}],"author":[{"embeddable":true,"href":"https:\/\/www.rassegnastampa-totustuus.it\/cattolica\/wp-json\/wp\/v2\/users\/6"}],"replies":[{"embeddable":true,"href":"https:\/\/www.rassegnastampa-totustuus.it\/cattolica\/wp-json\/wp\/v2\/comments?post=2186"}],"version-history":[{"count":4,"href":"https:\/\/www.rassegnastampa-totustuus.it\/cattolica\/wp-json\/wp\/v2\/posts\/2186\/revisions"}],"predecessor-version":[{"id":28366,"href":"https:\/\/www.rassegnastampa-totustuus.it\/cattolica\/wp-json\/wp\/v2\/posts\/2186\/revisions\/28366"}],"wp:featuredmedia":[{"embeddable":true,"href":"https:\/\/www.rassegnastampa-totustuus.it\/cattolica\/wp-json\/wp\/v2\/media\/28365"}],"wp:attachment":[{"href":"https:\/\/www.rassegnastampa-totustuus.it\/cattolica\/wp-json\/wp\/v2\/media?parent=2186"}],"wp:term":[{"taxonomy":"category","embeddable":true,"href":"https:\/\/www.rassegnastampa-totustuus.it\/cattolica\/wp-json\/wp\/v2\/categories?post=2186"},{"taxonomy":"post_tag","embeddable":true,"href":"https:\/\/www.rassegnastampa-totustuus.it\/cattolica\/wp-json\/wp\/v2\/tags?post=2186"}],"curies":[{"name":"wp","href":"https:\/\/api.w.org\/{rel}","templated":true}]}}