{"id":2175,"date":"2006-08-24T00:00:00","date_gmt":"2006-08-23T22:00:00","guid":{"rendered":""},"modified":"2016-06-14T16:19:46","modified_gmt":"2016-06-14T14:19:46","slug":"famiglie-ai-margini-a-colpi-di-trattative","status":"publish","type":"post","link":"https:\/\/www.rassegnastampa-totustuus.it\/cattolica\/famiglie-ai-margini-a-colpi-di-trattative\/","title":{"rendered":"Famiglie ai margini a colpi di trattative"},"content":{"rendered":"<div style=\"text-align: center;\"><strong><img loading=\"lazy\" decoding=\"async\" class=\"alignright wp-image-34753\" src=\"https:\/\/www.rassegnastampa-totustuus.it\/cattolica\/wp-content\/uploads\/2006\/08\/ricevimento_scuola.jpg\" alt=\"ricevimento_scuola\" width=\"203\" height=\"200\" \/>Avvenire,<\/strong> 18 luglio 2006<\/div>\n<p style=\"text-align: center;\"><em>Modifiche importanti nei rapporti con la scuola. <\/em><\/p>\n<p style=\"text-align: center;\">di <strong>Eugenia Roccella<\/strong><\/p>\n<p><!--more--><\/p>\n<div style=\"text-align: justify;\">La massima politica forse pi\u00f9 citata in Italia \u00e8 quella su cui Tommasi di Lampedusa ha costruito il suo Gattopardo: \u00abSe vogliamo che tutto rimanga com&#8217;\u00e8, bisogna che tutto cambi\u00bb. Per l&#8217;Italia di oggi lo slogan sembra funzionare al rovescio: se vogliamo che tutto cambi, bisogna lasciare tutto com&#8217;\u00e8.<\/div>\n<p style=\"text-align: justify;\">Le difficolt\u00e0 interne alle coalizioni, che non permettono una posizione unitaria su molti temi, e le difficolt\u00e0 dovute all&#8217;esiguo margine di maggioranza al Senato, spingono il centro-sinistra a inventarsi nuove strategie d&#8217;intervento. Fare nuove leggi secondo la normale procedura, cio\u00e8 attraverso il dibattito e il voto parlamentare, presenta rischi eccessivi; si cerca allora di aggirare gli ostacoli agendo attraverso delibere del Parlamento europeo, come ha fatto il ministro Mussi, o attraverso i Consigli regionali; o anche tramite semplici modifiche dei regolamenti, magari forzando l&#8217;interpretazione di alcune norme. Tutto, apparentemente, rimane com&#8217;\u00e8, ma nella sostanza le leggi vengono stravolte, svuotate di significato, rese inoperanti.<\/p>\n<p style=\"text-align: justify;\">Naturalmente \u00e8 del tutto legittimo che si voglia intervenire su normative ereditate dal precedente governo. \u00c8 necessario, per\u00f2, accettare il libero gioco delle maggioranze parlamentari, per quanto possa essere denso di incognite, perch\u00e9 alla lunga questo metodo mina la fiducia dei cittadini nei confronti della politica e indebolisce le stesse istituzioni.<\/p>\n<p style=\"text-align: justify;\">L&#8217;ultimo caso \u00e8 offerto dalla legge Moratti sulla scuola d&#8217;infanzia, che sembra sar\u00e0 modificata direttamente per via sindacale. Nel testo della proposta di accordo che si discute in questi giorni tra i sindacati della scuola e l&#8217;Aran, l&#8217;agenzia per la rappresentanza negoziale delle pubbliche amministrazioni, si legge infatti: \u00abSono disapplicati l&#8217;art. 7 &#8211; commi 5, 6 e 7 &#8211; e l&#8217;art. 10 &#8211; comma 5 &#8211; del decreto legislativo n. 59\/2004\u00bb. Si tratta degli articoli che riguardano l&#8217;intensificazione del rapporto tra scuola e famiglia, grazie alla figura del tutor, e la personalizzazione dei piani di studio. L&#8217;intenzione legislativa era quella di evitare l&#8217;appiattimento didattico, dando spazio alle differenze individuali e cercando una sintonia maggiore tra educazione scolastica e familiare.<\/p>\n<p style=\"text-align: justify;\">Chi \u00e8 genitore sa quanto sia delicato il problema, e quanto spesso il rapporto tra scuola e famiglia si risolva in una forzata delega in bianco della seconda alla prima. Non si pu\u00f2 dichiarare di voler valorizzare la famiglia, e poi mettere ai margini la responsabilit\u00e0 genitoriale, come fosse un&#8217;interferenza indebita nel compito formativo.<\/p>\n<p style=\"text-align: justify;\">Se il ministro dell&#8217;istruzione, Fioroni, non ritiene adeguati a questo fine gli strumenti previsti dalla legge Moratti, proponga alternative; se invece preferisce ribadire l&#8217;assoluta autonomia pedagogica della scuola pubblica, anche nella pi\u00f9 tenera et\u00e0, tenendo i genitori fuori dai confini scolastici, lo dica con chiarezza, e soprattutto apra una discussione di merito nella sede appropriata, il Parlamento.<\/p>\n<p style=\"text-align: justify;\">Il ministro ribatte alle critiche sostenendo che mancherebbero \u00able condizioni essenziali per poter procedere all&#8217;attuazione degli istituti che oggi sono stati disapplicati\u00bb. Detto in altre parole, ai sindacati quelle norme non piacciono, dunque spariscono. Fioroni glissa sulla sostanza politica della questione, e si impegna a lavorare per arrivare a \u00absoluzioni largamente condivise\u00bb. Vedremo. Per\u00f2 sappiamo gi\u00e0 che le famiglie non hanno strumenti di contrattazione, e che perci\u00f2 contano assai meno dei sindacati della scuola; meno anche dei tassisti.<\/p>\n","protected":false},"excerpt":{"rendered":"<p>Avvenire, 18 luglio 2006 Modifiche importanti nei rapporti con la scuola. di Eugenia Roccella<\/p><p><a class=\"more-link btn\" href=\"https:\/\/www.rassegnastampa-totustuus.it\/cattolica\/famiglie-ai-margini-a-colpi-di-trattative\/\">Continua a leggere<\/a><\/p>\n","protected":false},"author":6,"featured_media":34753,"comment_status":"closed","ping_status":"open","sticky":false,"template":"","format":"standard","meta":{"footnotes":""},"categories":[20,23],"tags":[233,1231,1222],"class_list":["post-2175","post","type-post","status-publish","format-standard","has-post-thumbnail","hentry","category-politica-nazionale","category-scuola-ed-educazione","tag-scuola","tag-sinistre","tag-unione","item-wrap"],"yoast_head":"<!-- This site is optimized with the Yoast SEO plugin v27.5 - https:\/\/yoast.com\/product\/yoast-seo-wordpress\/ -->\n<title>Famiglie ai margini a colpi di trattative - Rassegna Stampa Cattolica<\/title>\n<meta name=\"description\" content=\"Rassegna Stampa Cattolica - Per una cultura che nasce dalla Rivelazione cristiana in conformit\u00e0 alla tradizione e al Magistero della Chiesa in opposizione ad ogni relativismo e totalitarismo\" \/>\n<meta name=\"robots\" content=\"index, follow, max-snippet:-1, max-image-preview:large, max-video-preview:-1\" \/>\n<link rel=\"canonical\" href=\"https:\/\/www.rassegnastampa-totustuus.it\/cattolica\/famiglie-ai-margini-a-colpi-di-trattative\/\" \/>\n<meta property=\"og:locale\" content=\"it_IT\" \/>\n<meta property=\"og:type\" content=\"article\" \/>\n<meta property=\"og:title\" content=\"Famiglie ai margini a colpi di trattative - Rassegna Stampa Cattolica\" \/>\n<meta property=\"og:description\" content=\"Rassegna Stampa Cattolica - Per una cultura che nasce dalla Rivelazione cristiana in conformit\u00e0 alla tradizione e al Magistero della Chiesa in opposizione ad ogni relativismo e totalitarismo\" \/>\n<meta property=\"og:url\" content=\"https:\/\/www.rassegnastampa-totustuus.it\/cattolica\/famiglie-ai-margini-a-colpi-di-trattative\/\" \/>\n<meta property=\"og:site_name\" content=\"Rassegna Stampa Cattolica\" \/>\n<meta property=\"article:publisher\" content=\"https:\/\/www.facebook.com\/rassegnastampacattolica\" \/>\n<meta property=\"article:published_time\" content=\"2006-08-23T22:00:00+00:00\" \/>\n<meta property=\"article:modified_time\" content=\"2016-06-14T14:19:46+00:00\" \/>\n<meta property=\"og:image\" content=\"https:\/\/www.rassegnastampa-totustuus.it\/cattolica\/wp-content\/uploads\/2006\/08\/ricevimento_scuola.jpg\" \/>\n\t<meta property=\"og:image:width\" content=\"226\" \/>\n\t<meta property=\"og:image:height\" content=\"223\" \/>\n\t<meta property=\"og:image:type\" content=\"image\/jpeg\" \/>\n<meta name=\"author\" content=\"Redazione\" \/>\n<meta name=\"twitter:card\" content=\"summary_large_image\" \/>\n<meta name=\"twitter:creator\" content=\"@rassegnastampa9\" \/>\n<meta name=\"twitter:site\" content=\"@rassegnastampa9\" \/>\n<meta name=\"twitter:label1\" content=\"Scritto da\" \/>\n\t<meta name=\"twitter:data1\" content=\"Redazione\" \/>\n\t<meta name=\"twitter:label2\" content=\"Tempo di lettura stimato\" \/>\n\t<meta name=\"twitter:data2\" content=\"3 minuti\" \/>\n<script type=\"application\/ld+json\" class=\"yoast-schema-graph\">{\"@context\":\"https:\\\/\\\/schema.org\",\"@graph\":[{\"@type\":\"Article\",\"@id\":\"https:\\\/\\\/www.rassegnastampa-totustuus.it\\\/cattolica\\\/famiglie-ai-margini-a-colpi-di-trattative\\\/#article\",\"isPartOf\":{\"@id\":\"https:\\\/\\\/www.rassegnastampa-totustuus.it\\\/cattolica\\\/famiglie-ai-margini-a-colpi-di-trattative\\\/\"},\"author\":{\"name\":\"Redazione\",\"@id\":\"https:\\\/\\\/www.rassegnastampa-totustuus.it\\\/cattolica\\\/#\\\/schema\\\/person\\\/08f319d2bd1a0904ad9e2bfb7b15e5c3\"},\"headline\":\"Famiglie ai margini a colpi di trattative\",\"datePublished\":\"2006-08-23T22:00:00+00:00\",\"dateModified\":\"2016-06-14T14:19:46+00:00\",\"mainEntityOfPage\":{\"@id\":\"https:\\\/\\\/www.rassegnastampa-totustuus.it\\\/cattolica\\\/famiglie-ai-margini-a-colpi-di-trattative\\\/\"},\"wordCount\":535,\"publisher\":{\"@id\":\"https:\\\/\\\/www.rassegnastampa-totustuus.it\\\/cattolica\\\/#organization\"},\"image\":{\"@id\":\"https:\\\/\\\/www.rassegnastampa-totustuus.it\\\/cattolica\\\/famiglie-ai-margini-a-colpi-di-trattative\\\/#primaryimage\"},\"thumbnailUrl\":\"https:\\\/\\\/www.rassegnastampa-totustuus.it\\\/cattolica\\\/wp-content\\\/uploads\\\/2006\\\/08\\\/ricevimento_scuola.jpg\",\"keywords\":[\"scuola\",\"sinistre\",\"Unione\"],\"articleSection\":[\"Politica nazionale\",\"Scuola ed educazione\"],\"inLanguage\":\"it-IT\"},{\"@type\":\"WebPage\",\"@id\":\"https:\\\/\\\/www.rassegnastampa-totustuus.it\\\/cattolica\\\/famiglie-ai-margini-a-colpi-di-trattative\\\/\",\"url\":\"https:\\\/\\\/www.rassegnastampa-totustuus.it\\\/cattolica\\\/famiglie-ai-margini-a-colpi-di-trattative\\\/\",\"name\":\"Famiglie ai margini a colpi di trattative - Rassegna Stampa Cattolica\",\"isPartOf\":{\"@id\":\"https:\\\/\\\/www.rassegnastampa-totustuus.it\\\/cattolica\\\/#website\"},\"primaryImageOfPage\":{\"@id\":\"https:\\\/\\\/www.rassegnastampa-totustuus.it\\\/cattolica\\\/famiglie-ai-margini-a-colpi-di-trattative\\\/#primaryimage\"},\"image\":{\"@id\":\"https:\\\/\\\/www.rassegnastampa-totustuus.it\\\/cattolica\\\/famiglie-ai-margini-a-colpi-di-trattative\\\/#primaryimage\"},\"thumbnailUrl\":\"https:\\\/\\\/www.rassegnastampa-totustuus.it\\\/cattolica\\\/wp-content\\\/uploads\\\/2006\\\/08\\\/ricevimento_scuola.jpg\",\"datePublished\":\"2006-08-23T22:00:00+00:00\",\"dateModified\":\"2016-06-14T14:19:46+00:00\",\"description\":\"Rassegna Stampa Cattolica - Per una cultura che nasce dalla Rivelazione cristiana in conformit\u00e0 alla tradizione e al Magistero della Chiesa in opposizione ad ogni relativismo e totalitarismo\",\"breadcrumb\":{\"@id\":\"https:\\\/\\\/www.rassegnastampa-totustuus.it\\\/cattolica\\\/famiglie-ai-margini-a-colpi-di-trattative\\\/#breadcrumb\"},\"inLanguage\":\"it-IT\",\"potentialAction\":[{\"@type\":\"ReadAction\",\"target\":[\"https:\\\/\\\/www.rassegnastampa-totustuus.it\\\/cattolica\\\/famiglie-ai-margini-a-colpi-di-trattative\\\/\"]}]},{\"@type\":\"ImageObject\",\"inLanguage\":\"it-IT\",\"@id\":\"https:\\\/\\\/www.rassegnastampa-totustuus.it\\\/cattolica\\\/famiglie-ai-margini-a-colpi-di-trattative\\\/#primaryimage\",\"url\":\"https:\\\/\\\/www.rassegnastampa-totustuus.it\\\/cattolica\\\/wp-content\\\/uploads\\\/2006\\\/08\\\/ricevimento_scuola.jpg\",\"contentUrl\":\"https:\\\/\\\/www.rassegnastampa-totustuus.it\\\/cattolica\\\/wp-content\\\/uploads\\\/2006\\\/08\\\/ricevimento_scuola.jpg\",\"width\":226,\"height\":223},{\"@type\":\"BreadcrumbList\",\"@id\":\"https:\\\/\\\/www.rassegnastampa-totustuus.it\\\/cattolica\\\/famiglie-ai-margini-a-colpi-di-trattative\\\/#breadcrumb\",\"itemListElement\":[{\"@type\":\"ListItem\",\"position\":1,\"name\":\"Home\",\"item\":\"https:\\\/\\\/www.rassegnastampa-totustuus.it\\\/cattolica\\\/\"},{\"@type\":\"ListItem\",\"position\":2,\"name\":\"Famiglie ai margini a colpi di trattative\"}]},{\"@type\":\"WebSite\",\"@id\":\"https:\\\/\\\/www.rassegnastampa-totustuus.it\\\/cattolica\\\/#website\",\"url\":\"https:\\\/\\\/www.rassegnastampa-totustuus.it\\\/cattolica\\\/\",\"name\":\"Rassegna Stampa Cattolica\",\"description\":\"Per una cultura che nasce dalla Rivelazione cristiana in conformit\u00e0 alla tradizione e al Magistero della Chiesa in opposizione ad ogni relativismo e totalitarismo\",\"publisher\":{\"@id\":\"https:\\\/\\\/www.rassegnastampa-totustuus.it\\\/cattolica\\\/#organization\"},\"alternateName\":\"Rass. Cattolica\",\"potentialAction\":[{\"@type\":\"SearchAction\",\"target\":{\"@type\":\"EntryPoint\",\"urlTemplate\":\"https:\\\/\\\/www.rassegnastampa-totustuus.it\\\/cattolica\\\/?s={search_term_string}\"},\"query-input\":{\"@type\":\"PropertyValueSpecification\",\"valueRequired\":true,\"valueName\":\"search_term_string\"}}],\"inLanguage\":\"it-IT\"},{\"@type\":\"Organization\",\"@id\":\"https:\\\/\\\/www.rassegnastampa-totustuus.it\\\/cattolica\\\/#organization\",\"name\":\"Rassegna Stampa Cattolica\",\"url\":\"https:\\\/\\\/www.rassegnastampa-totustuus.it\\\/cattolica\\\/\",\"logo\":{\"@type\":\"ImageObject\",\"inLanguage\":\"it-IT\",\"@id\":\"https:\\\/\\\/www.rassegnastampa-totustuus.it\\\/cattolica\\\/#\\\/schema\\\/logo\\\/image\\\/\",\"url\":\"https:\\\/\\\/www.rassegnastampa-totustuus.it\\\/cattolica\\\/wp-content\\\/uploads\\\/2014\\\/04\\\/logo-rassegna1.gif\",\"contentUrl\":\"https:\\\/\\\/www.rassegnastampa-totustuus.it\\\/cattolica\\\/wp-content\\\/uploads\\\/2014\\\/04\\\/logo-rassegna1.gif\",\"width\":600,\"height\":163,\"caption\":\"Rassegna Stampa Cattolica\"},\"image\":{\"@id\":\"https:\\\/\\\/www.rassegnastampa-totustuus.it\\\/cattolica\\\/#\\\/schema\\\/logo\\\/image\\\/\"},\"sameAs\":[\"https:\\\/\\\/www.facebook.com\\\/rassegnastampacattolica\",\"https:\\\/\\\/x.com\\\/rassegnastampa9\"]},{\"@type\":\"Person\",\"@id\":\"https:\\\/\\\/www.rassegnastampa-totustuus.it\\\/cattolica\\\/#\\\/schema\\\/person\\\/08f319d2bd1a0904ad9e2bfb7b15e5c3\",\"name\":\"Redazione\",\"image\":{\"@type\":\"ImageObject\",\"inLanguage\":\"it-IT\",\"@id\":\"https:\\\/\\\/secure.gravatar.com\\\/avatar\\\/2fcdf27c78ea025fbdb44e914cc63c72249ffec9dc8aafd5c82b26240ef3f346?s=96&d=mm&r=g\",\"url\":\"https:\\\/\\\/secure.gravatar.com\\\/avatar\\\/2fcdf27c78ea025fbdb44e914cc63c72249ffec9dc8aafd5c82b26240ef3f346?s=96&d=mm&r=g\",\"contentUrl\":\"https:\\\/\\\/secure.gravatar.com\\\/avatar\\\/2fcdf27c78ea025fbdb44e914cc63c72249ffec9dc8aafd5c82b26240ef3f346?s=96&d=mm&r=g\",\"caption\":\"Redazione\"},\"url\":\"https:\\\/\\\/www.rassegnastampa-totustuus.it\\\/cattolica\\\/author\\\/pietroelle\\\/\"}]}<\/script>\n<!-- \/ Yoast SEO plugin. -->","yoast_head_json":{"title":"Famiglie ai margini a colpi di trattative - Rassegna Stampa Cattolica","description":"Rassegna Stampa Cattolica - Per una cultura che nasce dalla Rivelazione cristiana in conformit\u00e0 alla tradizione e al Magistero della Chiesa in opposizione ad ogni relativismo e totalitarismo","robots":{"index":"index","follow":"follow","max-snippet":"max-snippet:-1","max-image-preview":"max-image-preview:large","max-video-preview":"max-video-preview:-1"},"canonical":"https:\/\/www.rassegnastampa-totustuus.it\/cattolica\/famiglie-ai-margini-a-colpi-di-trattative\/","og_locale":"it_IT","og_type":"article","og_title":"Famiglie ai margini a colpi di trattative - Rassegna Stampa Cattolica","og_description":"Rassegna Stampa Cattolica - Per una cultura che nasce dalla Rivelazione cristiana in conformit\u00e0 alla tradizione e al Magistero della Chiesa in opposizione ad ogni relativismo e totalitarismo","og_url":"https:\/\/www.rassegnastampa-totustuus.it\/cattolica\/famiglie-ai-margini-a-colpi-di-trattative\/","og_site_name":"Rassegna Stampa Cattolica","article_publisher":"https:\/\/www.facebook.com\/rassegnastampacattolica","article_published_time":"2006-08-23T22:00:00+00:00","article_modified_time":"2016-06-14T14:19:46+00:00","og_image":[{"width":226,"height":223,"url":"https:\/\/www.rassegnastampa-totustuus.it\/cattolica\/wp-content\/uploads\/2006\/08\/ricevimento_scuola.jpg","type":"image\/jpeg"}],"author":"Redazione","twitter_card":"summary_large_image","twitter_creator":"@rassegnastampa9","twitter_site":"@rassegnastampa9","twitter_misc":{"Scritto da":"Redazione","Tempo di lettura stimato":"3 minuti"},"schema":{"@context":"https:\/\/schema.org","@graph":[{"@type":"Article","@id":"https:\/\/www.rassegnastampa-totustuus.it\/cattolica\/famiglie-ai-margini-a-colpi-di-trattative\/#article","isPartOf":{"@id":"https:\/\/www.rassegnastampa-totustuus.it\/cattolica\/famiglie-ai-margini-a-colpi-di-trattative\/"},"author":{"name":"Redazione","@id":"https:\/\/www.rassegnastampa-totustuus.it\/cattolica\/#\/schema\/person\/08f319d2bd1a0904ad9e2bfb7b15e5c3"},"headline":"Famiglie ai margini a colpi di trattative","datePublished":"2006-08-23T22:00:00+00:00","dateModified":"2016-06-14T14:19:46+00:00","mainEntityOfPage":{"@id":"https:\/\/www.rassegnastampa-totustuus.it\/cattolica\/famiglie-ai-margini-a-colpi-di-trattative\/"},"wordCount":535,"publisher":{"@id":"https:\/\/www.rassegnastampa-totustuus.it\/cattolica\/#organization"},"image":{"@id":"https:\/\/www.rassegnastampa-totustuus.it\/cattolica\/famiglie-ai-margini-a-colpi-di-trattative\/#primaryimage"},"thumbnailUrl":"https:\/\/www.rassegnastampa-totustuus.it\/cattolica\/wp-content\/uploads\/2006\/08\/ricevimento_scuola.jpg","keywords":["scuola","sinistre","Unione"],"articleSection":["Politica nazionale","Scuola ed educazione"],"inLanguage":"it-IT"},{"@type":"WebPage","@id":"https:\/\/www.rassegnastampa-totustuus.it\/cattolica\/famiglie-ai-margini-a-colpi-di-trattative\/","url":"https:\/\/www.rassegnastampa-totustuus.it\/cattolica\/famiglie-ai-margini-a-colpi-di-trattative\/","name":"Famiglie ai margini a colpi di trattative - Rassegna Stampa Cattolica","isPartOf":{"@id":"https:\/\/www.rassegnastampa-totustuus.it\/cattolica\/#website"},"primaryImageOfPage":{"@id":"https:\/\/www.rassegnastampa-totustuus.it\/cattolica\/famiglie-ai-margini-a-colpi-di-trattative\/#primaryimage"},"image":{"@id":"https:\/\/www.rassegnastampa-totustuus.it\/cattolica\/famiglie-ai-margini-a-colpi-di-trattative\/#primaryimage"},"thumbnailUrl":"https:\/\/www.rassegnastampa-totustuus.it\/cattolica\/wp-content\/uploads\/2006\/08\/ricevimento_scuola.jpg","datePublished":"2006-08-23T22:00:00+00:00","dateModified":"2016-06-14T14:19:46+00:00","description":"Rassegna Stampa Cattolica - Per una cultura che nasce dalla Rivelazione cristiana in conformit\u00e0 alla tradizione e al Magistero della Chiesa in opposizione ad ogni relativismo e totalitarismo","breadcrumb":{"@id":"https:\/\/www.rassegnastampa-totustuus.it\/cattolica\/famiglie-ai-margini-a-colpi-di-trattative\/#breadcrumb"},"inLanguage":"it-IT","potentialAction":[{"@type":"ReadAction","target":["https:\/\/www.rassegnastampa-totustuus.it\/cattolica\/famiglie-ai-margini-a-colpi-di-trattative\/"]}]},{"@type":"ImageObject","inLanguage":"it-IT","@id":"https:\/\/www.rassegnastampa-totustuus.it\/cattolica\/famiglie-ai-margini-a-colpi-di-trattative\/#primaryimage","url":"https:\/\/www.rassegnastampa-totustuus.it\/cattolica\/wp-content\/uploads\/2006\/08\/ricevimento_scuola.jpg","contentUrl":"https:\/\/www.rassegnastampa-totustuus.it\/cattolica\/wp-content\/uploads\/2006\/08\/ricevimento_scuola.jpg","width":226,"height":223},{"@type":"BreadcrumbList","@id":"https:\/\/www.rassegnastampa-totustuus.it\/cattolica\/famiglie-ai-margini-a-colpi-di-trattative\/#breadcrumb","itemListElement":[{"@type":"ListItem","position":1,"name":"Home","item":"https:\/\/www.rassegnastampa-totustuus.it\/cattolica\/"},{"@type":"ListItem","position":2,"name":"Famiglie ai margini a colpi di trattative"}]},{"@type":"WebSite","@id":"https:\/\/www.rassegnastampa-totustuus.it\/cattolica\/#website","url":"https:\/\/www.rassegnastampa-totustuus.it\/cattolica\/","name":"Rassegna Stampa Cattolica","description":"Per una cultura che nasce dalla Rivelazione cristiana in conformit\u00e0 alla tradizione e al Magistero della Chiesa in opposizione ad ogni relativismo e totalitarismo","publisher":{"@id":"https:\/\/www.rassegnastampa-totustuus.it\/cattolica\/#organization"},"alternateName":"Rass. Cattolica","potentialAction":[{"@type":"SearchAction","target":{"@type":"EntryPoint","urlTemplate":"https:\/\/www.rassegnastampa-totustuus.it\/cattolica\/?s={search_term_string}"},"query-input":{"@type":"PropertyValueSpecification","valueRequired":true,"valueName":"search_term_string"}}],"inLanguage":"it-IT"},{"@type":"Organization","@id":"https:\/\/www.rassegnastampa-totustuus.it\/cattolica\/#organization","name":"Rassegna Stampa Cattolica","url":"https:\/\/www.rassegnastampa-totustuus.it\/cattolica\/","logo":{"@type":"ImageObject","inLanguage":"it-IT","@id":"https:\/\/www.rassegnastampa-totustuus.it\/cattolica\/#\/schema\/logo\/image\/","url":"https:\/\/www.rassegnastampa-totustuus.it\/cattolica\/wp-content\/uploads\/2014\/04\/logo-rassegna1.gif","contentUrl":"https:\/\/www.rassegnastampa-totustuus.it\/cattolica\/wp-content\/uploads\/2014\/04\/logo-rassegna1.gif","width":600,"height":163,"caption":"Rassegna Stampa Cattolica"},"image":{"@id":"https:\/\/www.rassegnastampa-totustuus.it\/cattolica\/#\/schema\/logo\/image\/"},"sameAs":["https:\/\/www.facebook.com\/rassegnastampacattolica","https:\/\/x.com\/rassegnastampa9"]},{"@type":"Person","@id":"https:\/\/www.rassegnastampa-totustuus.it\/cattolica\/#\/schema\/person\/08f319d2bd1a0904ad9e2bfb7b15e5c3","name":"Redazione","image":{"@type":"ImageObject","inLanguage":"it-IT","@id":"https:\/\/secure.gravatar.com\/avatar\/2fcdf27c78ea025fbdb44e914cc63c72249ffec9dc8aafd5c82b26240ef3f346?s=96&d=mm&r=g","url":"https:\/\/secure.gravatar.com\/avatar\/2fcdf27c78ea025fbdb44e914cc63c72249ffec9dc8aafd5c82b26240ef3f346?s=96&d=mm&r=g","contentUrl":"https:\/\/secure.gravatar.com\/avatar\/2fcdf27c78ea025fbdb44e914cc63c72249ffec9dc8aafd5c82b26240ef3f346?s=96&d=mm&r=g","caption":"Redazione"},"url":"https:\/\/www.rassegnastampa-totustuus.it\/cattolica\/author\/pietroelle\/"}]}},"_links":{"self":[{"href":"https:\/\/www.rassegnastampa-totustuus.it\/cattolica\/wp-json\/wp\/v2\/posts\/2175","targetHints":{"allow":["GET"]}}],"collection":[{"href":"https:\/\/www.rassegnastampa-totustuus.it\/cattolica\/wp-json\/wp\/v2\/posts"}],"about":[{"href":"https:\/\/www.rassegnastampa-totustuus.it\/cattolica\/wp-json\/wp\/v2\/types\/post"}],"author":[{"embeddable":true,"href":"https:\/\/www.rassegnastampa-totustuus.it\/cattolica\/wp-json\/wp\/v2\/users\/6"}],"replies":[{"embeddable":true,"href":"https:\/\/www.rassegnastampa-totustuus.it\/cattolica\/wp-json\/wp\/v2\/comments?post=2175"}],"version-history":[{"count":4,"href":"https:\/\/www.rassegnastampa-totustuus.it\/cattolica\/wp-json\/wp\/v2\/posts\/2175\/revisions"}],"predecessor-version":[{"id":34754,"href":"https:\/\/www.rassegnastampa-totustuus.it\/cattolica\/wp-json\/wp\/v2\/posts\/2175\/revisions\/34754"}],"wp:featuredmedia":[{"embeddable":true,"href":"https:\/\/www.rassegnastampa-totustuus.it\/cattolica\/wp-json\/wp\/v2\/media\/34753"}],"wp:attachment":[{"href":"https:\/\/www.rassegnastampa-totustuus.it\/cattolica\/wp-json\/wp\/v2\/media?parent=2175"}],"wp:term":[{"taxonomy":"category","embeddable":true,"href":"https:\/\/www.rassegnastampa-totustuus.it\/cattolica\/wp-json\/wp\/v2\/categories?post=2175"},{"taxonomy":"post_tag","embeddable":true,"href":"https:\/\/www.rassegnastampa-totustuus.it\/cattolica\/wp-json\/wp\/v2\/tags?post=2175"}],"curies":[{"name":"wp","href":"https:\/\/api.w.org\/{rel}","templated":true}]}}