{"id":2159,"date":"2006-07-27T14:20:34","date_gmt":"2006-07-27T12:20:34","guid":{"rendered":""},"modified":"2021-02-05T14:17:22","modified_gmt":"2021-02-05T13:17:22","slug":"cristeros-quelleccidio-dimenticato","status":"publish","type":"post","link":"https:\/\/www.rassegnastampa-totustuus.it\/cattolica\/cristeros-quelleccidio-dimenticato\/","title":{"rendered":"&laquo;Cristeros&raquo;, quell\u2019eccidio dimenticato"},"content":{"rendered":"<p style=\"text-align: center;\"><span style=\"color: #000000;\"><strong><a href=\"https:\/\/www.rassegnastampa-totustuus.it\/cattolica\/wp-content\/uploads\/2006\/07\/cristeros2.png\"><img loading=\"lazy\" decoding=\"async\" class=\" wp-image-16182 alignright\" src=\"https:\/\/www.rassegnastampa-totustuus.it\/cattolica\/wp-content\/uploads\/2006\/07\/cristeros2.png\" alt=\"\" width=\"365\" height=\"248\" \/><\/a>Avvenire,<\/strong> 27 luglio 2006 <\/span><\/p>\n<p style=\"text-align: justify;\"><span style=\"color: #000000;\"><em>La sommossa popolare scoppi\u00f2 per reagire alla chiusura degli istituti religiosi da parte del governo rivoluzionario salito al potere nel 1924. La guerra di tre anni che sconvolse il Messico vide schierati in massa i \u00abpeones\u00bb cattolici contro il generale Calles, che aveva espropriato la Chiesa dei suoi beni. Il loro nome deriva dal culto del Sacro Cuore Una seconda rivolta in tono minore scoppi\u00f2 negli anni \u201930 a causa degli accordi sottoscritti dal governo con la Santa Sede ma mai rispettati. Incerti i dati sugli uccisi, almeno 70mila le vittime<\/em> <\/span><\/p>\n<p style=\"text-align: center;\"><span style=\"color: #000000;\">di <strong>Franco Cardini<\/strong> <\/span><\/p>\n<p><!--more--><\/p>\n<p style=\"text-align: justify;\"><span style=\"color: #000000;\">\u00c8 una vecchia questione, alla quale bisognerebbe cominciar a porre sistematicamente fine. I cattolici non conoscono la propria storia: il che li espone non solo a continui fraintendimenti, ma &#8211; come ha ampiamente dimostrato la tragicommedia del successo dei romanzi di Dan Brown &#8211; li obbliga a restare al rimorchio delle manipolazioni culturali altrui. <\/span><\/p>\n<p style=\"text-align: justify;\"><span style=\"color: #000000;\">Un solo esempio: la vicenda della cosiddetta &#8220;guerra cristera&#8221;, che sconvolse il Messico fra 1926 e 1929, di cui proprio il 30 luglio ricorre il settantesimo anniversario dell&#8217;inizio. Cristeros, o cristosreyes, furono ironicamente battezzati dai loro nemici i popolani e i contadini messicani che 70 anni fa ebbero il coraggio d&#8217;insorgere, contro un potere empio e oppressivo che umiliava le loro tradizioni e offendeva la loro fede. <\/span><\/p>\n<p style=\"text-align: justify;\"><span style=\"color: #000000;\"><a href=\"https:\/\/www.rassegnastampa-totustuus.it\/cattolica\/wp-content\/uploads\/2021\/02\/cristeros-4.jpg\"><img loading=\"lazy\" decoding=\"async\" class=\" wp-image-50027 alignleft\" src=\"https:\/\/www.rassegnastampa-totustuus.it\/cattolica\/wp-content\/uploads\/2021\/02\/cristeros-4.jpg\" alt=\"\" width=\"215\" height=\"264\" \/><\/a>Il nome deriva dalla variabile messicana del culto del Sacro Cuore, avviato nella Francia del 1793 dai partigiani cattolici di Bretagna e Vandea, e al quale il mondo cattolico aveva dedicato il ritorno alla pace, nel 1918: com&#8217;\u00e8 testimoniato dalla basilica parigina dedicata appunto al Sacr\u00e9 Coeur. <\/span><\/p>\n<p style=\"text-align: justify;\"><span style=\"color: #000000;\">Nel 1925, con l&#8217;enciclica <em>Quas primas<\/em>, Pio XI aveva istituito la festa del Cristo Re. Ma la regalit\u00e0 del Cristo era una dimensione in realt\u00e0 amata e adorata fin dal medioevo: e ci\u00f2 specialmente in Spagna e nei paesi del suo ex impero coloniale. Se ne ricordarono appunto i fedeli messicani, stanchi delle umiliazioni e delle sopraffazioni alle quali li sottometteva un ceto dirigente fatto di proprietari terrieri, speculatori e intellettuali profondamente guadagnati alla causa dell&#8217;anticlericalesimo d&#8217;origine giacobina e massonica. <\/span><\/p>\n<p style=\"text-align: justify;\"><span style=\"color: #000000;\">Si trattava di quei medesimi ceti che ch&#8217;erano stati l&#8217;anima della liberazione dell&#8217;America latina dalla soggezione alla corona spagnola: e il laicismo massonico era stata l&#8217;anima spirituale e culturale di quella rivolta. <\/span><\/p>\n<p style=\"text-align: justify;\"><span style=\"color: #000000;\">Dopo la lunga crisi postcoloniale, il tentativo d&#8217;un neoimpero asburgico sostenuto da Napoleone III terminato nel 1867 con l&#8217;assassinio di Massimiliano d&#8217;Asburgo, la reforma liberale, il lungo trentennio di dittatura di Porfirio Diaz e i complessi avvenimenti rivoluzionari dei quali noi a malapena ricordiamo i nomi di Villa e di Zapata, era asceso alla presidenza del paese nel 1924 il generale Plutarco El\u00edas Calles, capo del partito &#8220;rivoluzionario istituzionale&#8221; e fautore di una politica statalista e progressista che in un primo momento lo mise in urto con le banche americane e inglesi che dominavano la politica nazionale e sfruttavano le risorse del paese. <\/span><\/p>\n<p style=\"text-align: justify;\"><span style=\"color: #000000;\"><a href=\"https:\/\/www.rassegnastampa-totustuus.it\/cattolica\/wp-content\/uploads\/2006\/07\/Pancho_Villa_Messico.jpg\"><img loading=\"lazy\" decoding=\"async\" class=\" wp-image-50044 alignright\" src=\"https:\/\/www.rassegnastampa-totustuus.it\/cattolica\/wp-content\/uploads\/2006\/07\/Pancho_Villa_Messico.jpg\" alt=\"\" width=\"392\" height=\"227\" \/><\/a>Ma si trattava di nemici troppo potenti, con i quali Calles dovette presto venire a patti. Era necessario un diversivo demagogico, in grado di distogliere le attenzioni del popolo deluso per il fatto che i grandi programmi di riforma agraria e di nazionalizzazione delle risorse, sbandierati sulla carta, si erano risolti in una bolla di sapone e i ceti privilegiati erano tali pi\u00f9 di prima. <\/span><\/p>\n<p style=\"text-align: justify;\"><span style=\"color: #000000;\">Calles individu\u00f2 un comodo capro espiatorio nella Chiesa cattolica, accusata di detenere grandi propriet\u00e0 agrarie (ma si guard\u00f2 bene dal ricordare che i proventi di esse erano largamente usati a scopo sociale) e di plagiare i giovani con le sue scuole. Il Calles ordin\u00f2 pertanto la nazionalizzazione dei beni della Chiesa e la chiusura degli istituti cattolici d&#8217;istruzione. <\/span><\/p>\n<p style=\"text-align: justify;\"><span style=\"color: #000000;\"><a href=\"https:\/\/www.rassegnastampa-totustuus.it\/cattolica\/wp-content\/uploads\/2012\/03\/cristeros.jpg\"><img loading=\"lazy\" decoding=\"async\" class=\" wp-image-30780 alignleft\" src=\"https:\/\/www.rassegnastampa-totustuus.it\/cattolica\/wp-content\/uploads\/2012\/03\/cristeros.jpg\" alt=\"\" width=\"292\" height=\"186\" \/><\/a>La repressione non si arrest\u00f2 l\u00ec: gli ordini religiosi vennero sciolti, le organizzazioni cattoliche dichiarate fuorilegge, ai preti fu proibito d&#8217;indossare l&#8217;abito talare, si proibirono pellegrinaggi e processioni. Solo la Francia giacobina era giunta a tanto: neppure la Rivoluzione bolscevica &#8211; passati i primi, pi\u00f9 duri tempi &#8211; aveva osato ricorrere a una repressione antireligiosa cos\u00ec radicale. La risposta cattolica fu d&#8217;una decisione e d&#8217;un coraggio esemplari. <\/span><\/p>\n<p style=\"text-align: justify;\"><span style=\"color: #000000;\">Prima che la nuova disciplina antiecclesiale entrasse in vigore, venne fondata una Lega nazionale di difesa della libert\u00e0 religiosa, mentre l&#8217;episcopato messicano, d&#8217;intesa con la Santa sede, in considerazione dell&#8217;inaudita situazione decret\u00f2 la sospensione immediata e totale di ogni forma d&#8217;esercizio pubblico di culto. <\/span><\/p>\n<p style=\"text-align: justify;\"><span style=\"color: #000000;\">Ma i peones delle campagne non accettarono quella che parve loro una vile rinunzia alla difesa: e insorsero in armi, sprovvisti del consenso sia dell&#8217;episcopato, sia del Vaticano. Molti furono i martiri, il pi\u00f9 noto \u00e8 il sacerdote gesuita Miguel Agust\u00edn Pro, beatificato da Giovanni Paolo II nel 1988. <\/span><\/p>\n<p style=\"text-align: justify;\"><span style=\"color: #000000;\"><a href=\"https:\/\/www.rassegnastampa-totustuus.it\/cattolica\/wp-content\/uploads\/2021\/02\/cristeros.jpg\"><img loading=\"lazy\" decoding=\"async\" class=\"wp-image-50019 alignright\" src=\"https:\/\/www.rassegnastampa-totustuus.it\/cattolica\/wp-content\/uploads\/2021\/02\/cristeros.jpg\" alt=\"\" width=\"350\" height=\"223\" \/><\/a>La guerriglia dei cristeros, cominciata nell&#8217;agosto del 1926, prosegu\u00ec con l&#8217;appoggio quasi corale del popolo messicano, contro le truppe federali e le feroci milizie reclutate dagli agrari e dette perci\u00f2 <em>agraristas<\/em>. La resistenza fu dura specie nella parte centromeridionale del Messico. L&#8217;arrivo a capo degli insorti di un giovane ma esperto generale, Enrique Gorostieta Velarde, confer\u00ec alle raccogliticce milizie cristere la configurazione militare e la disciplina necessarie: si organizzarono corpi di cavalleria e d&#8217;artiglieria che dettero filo da torcere all&#8217;esercito federale. <\/span><\/p>\n<p style=\"text-align: justify;\"><span style=\"color: #000000;\">Combatteva anche una brigata femminile intitolata a Giovanna d&#8217;Arco. Vittoriosi anche in grandi scontri sul campo, i cristeros erano sul punto di veder incoronata dal pieno successo l&#8217;insurrezione quando il governo, entrato in contatto diplomatico con le gerarchie cattoliche e con la Santa sede, propose di venire a patti. Furono pertanto frettolosamente sottoscritti degli Arreglos che peraltro non vennero mai pienamente rispettati da parte governativa. <\/span><\/p>\n<p style=\"text-align: justify;\"><span style=\"color: #000000;\"><a href=\"https:\/\/www.rassegnastampa-totustuus.it\/cattolica\/wp-content\/uploads\/2009\/10\/cristeros.jpg\"><img loading=\"lazy\" decoding=\"async\" class=\" wp-image-34206 alignleft\" src=\"https:\/\/www.rassegnastampa-totustuus.it\/cattolica\/wp-content\/uploads\/2009\/10\/cristeros-197x300.jpg\" alt=\"\" width=\"160\" height=\"244\" srcset=\"https:\/\/www.rassegnastampa-totustuus.it\/cattolica\/wp-content\/uploads\/2009\/10\/cristeros-197x300.jpg 197w, https:\/\/www.rassegnastampa-totustuus.it\/cattolica\/wp-content\/uploads\/2009\/10\/cristeros.jpg 263w\" sizes=\"auto, (max-width: 160px) 100vw, 160px\" \/><\/a>La persecuzione e il &#8220;regolamento di conti&#8221; contro gli insorti riprese e venne condotta avanti a livello endemico. Ci\u00f2 caus\u00f2 fra &#8217;34 e &#8217;38 una ripresa in tono minore dell&#8217;insurrezione, la Segunda, cui rispose un ulteriore giro di vite. La &#8220;questione cristera&#8221; non \u00e8 mai stata davvero risolta: ha lasciato una lunga scia di sangue e di vendette. Si calcola che, solo nella sua fase &#8220;calda&#8221;, sia costata al Messico dalle 70mila alle 85mila vittime. Queste ferite sono ancora pi\u00f9 aperte di quanto non si creda. <\/span><\/p>\n<p style=\"text-align: justify;\"><span style=\"color: #000000;\">Anticlericalismo di Stato e appoggio alle s\u00e8tte protestanti impegnate a corrodere il tessuto popolare cattolico delle campagne messicane sono ancora all&#8217;opera. La &#8220;strategia della mano tesa&#8221; non pu\u00f2 dimenticare questo aspetto della questione, in un momento nel quale in tutto il continente latinoamericano l&#8217;anticattolicesimo conosce una fase di recrudescenza, sia pur per motivi forse strumentalmente politici.<\/span><\/p>\n<p>_____________<\/p>\n<p><strong><span style=\"color: #000000;\">Sullo stesso argomento:<\/span><\/strong><\/p>\n<p><span style=\"color: #0000ff;\"><a style=\"color: #0000ff;\" title=\"PermaLink a Gorostieta, il generale dei cristeros: cristiano!\" href=\"https:\/\/www.rassegnastampa-totustuus.it\/cattolica\/?p=36968\" target=\"_blank\" rel=\"bookmark noopener noreferrer\">Gorostieta, il generale dei cristeros: cristiano!<\/a><\/span><\/p>\n<p><span style=\"color: #0000ff;\"><a style=\"color: #0000ff;\" title=\"PermaLink a L\u2019epopea dei &quot;cristeros&quot; nel Messico martire\" href=\"https:\/\/www.rassegnastampa-totustuus.it\/cattolica\/?p=4921\" target=\"_blank\" rel=\"bookmark noopener noreferrer\">L\u2019epopea dei &#8220;cristeros&#8221; nel Messico martire<\/a><\/span><\/p>\n<p><span style=\"color: #0000ff;\"><a style=\"color: #0000ff;\" title=\"PermaLink a A ottant\u2019anni dalla fine della \u201cguerra cristera\u201d\" href=\"https:\/\/www.rassegnastampa-totustuus.it\/cattolica\/?p=3519\" target=\"_blank\" rel=\"bookmark noopener noreferrer\">A ottant\u2019anni dalla fine della \u201cguerra cristera\u201d<\/a><\/span><\/p>\n<p><span style=\"color: #0000ff;\"><a style=\"color: #0000ff;\" title=\"PermaLink a Parde Pro. Un martire d\u2019oggi (di Karlheinz Riedel)\" href=\"https:\/\/www.rassegnastampa-totustuus.it\/cattolica\/?p=43142\" target=\"_blank\" rel=\"bookmark noopener noreferrer\">Parde Pro. Un martire d\u2019oggi (di Karlheinz Riedel)<\/a><\/span><\/p>\n<p><span style=\"color: #0000ff;\"><a style=\"color: #0000ff;\" title=\"PermaLink a Cristiada. Cos\u00ec un\u2019armata di zotici riusc\u00ec a tenere testa all\u2019esercito del Messico anticattolico. Al grido di \u00abViva Cristo re\u00bb\" href=\"https:\/\/www.rassegnastampa-totustuus.it\/cattolica\/?p=11509\" target=\"_blank\" rel=\"bookmark noopener noreferrer\">Cristiada. Cos\u00ec un\u2019armata di zotici riusc\u00ec a tenere testa all\u2019esercito del Messico anticattolico. Al grido di \u00abViva Cristo re\u00bb<\/a><\/span><\/p>\n<p><span style=\"color: #0000ff;\"><a style=\"color: #0000ff;\" title=\"PermaLink a Cristeros: Messico martire. Storia della persecuzione (di rev. prof. Luigi Ziliani)\" href=\"https:\/\/www.rassegnastampa-totustuus.it\/cattolica\/?p=8419\" rel=\"bookmark\">Cristeros: Messico martire. Storia della persecuzione <\/a><\/span><span style=\"color: #000000;\">(di rev. prof. Luigi Ziliani) libro<\/span><\/p>\n","protected":false},"excerpt":{"rendered":"<p>Avvenire, 27 luglio 2006 La sommossa popolare scoppi\u00f2 per reagire alla chiusura degli istituti religiosi da parte del governo rivoluzionario salito al potere nel 1924. La guerra di tre anni che sconvolse il Messico vide schierati in massa i \u00abpeones\u00bb cattolici contro il generale Calles, che aveva espropriato la Chiesa dei suoi beni. Il loro &hellip; <\/p>\n<p><a class=\"more-link btn\" href=\"https:\/\/www.rassegnastampa-totustuus.it\/cattolica\/cristeros-quelleccidio-dimenticato\/\">Continua a leggere<\/a><\/p>\n","protected":false},"author":6,"featured_media":16182,"comment_status":"closed","ping_status":"open","sticky":false,"template":"","format":"standard","meta":{"footnotes":""},"categories":[44,24],"tags":[469,961,264],"class_list":["post-2159","post","type-post","status-publish","format-standard","has-post-thumbnail","hentry","category-cristiani-perseguitati","category-storia","tag-cristeros","tag-messico","tag-persecuzioni","item-wrap"],"yoast_head":"<!-- This site is optimized with the Yoast SEO plugin v27.5 - https:\/\/yoast.com\/product\/yoast-seo-wordpress\/ -->\n<title>&laquo;Cristeros&raquo;, quell\u2019eccidio dimenticato - Rassegna Stampa Cattolica<\/title>\n<meta name=\"description\" content=\"Rassegna Stampa Cattolica - Per una cultura che nasce dalla Rivelazione cristiana in conformit\u00e0 alla tradizione e al Magistero della Chiesa in opposizione ad ogni relativismo e totalitarismo\" \/>\n<meta name=\"robots\" content=\"index, follow, max-snippet:-1, max-image-preview:large, max-video-preview:-1\" \/>\n<link rel=\"canonical\" href=\"https:\/\/www.rassegnastampa-totustuus.it\/cattolica\/cristeros-quelleccidio-dimenticato\/\" \/>\n<meta property=\"og:locale\" content=\"it_IT\" \/>\n<meta property=\"og:type\" content=\"article\" \/>\n<meta property=\"og:title\" content=\"&laquo;Cristeros&raquo;, quell\u2019eccidio dimenticato - Rassegna Stampa Cattolica\" \/>\n<meta property=\"og:description\" content=\"Rassegna Stampa Cattolica - Per una cultura che nasce dalla Rivelazione cristiana in conformit\u00e0 alla tradizione e al Magistero della Chiesa in opposizione ad ogni relativismo e totalitarismo\" \/>\n<meta property=\"og:url\" content=\"https:\/\/www.rassegnastampa-totustuus.it\/cattolica\/cristeros-quelleccidio-dimenticato\/\" \/>\n<meta property=\"og:site_name\" content=\"Rassegna Stampa Cattolica\" \/>\n<meta property=\"article:publisher\" content=\"https:\/\/www.facebook.com\/rassegnastampacattolica\" \/>\n<meta property=\"article:published_time\" content=\"2006-07-27T12:20:34+00:00\" \/>\n<meta property=\"article:modified_time\" content=\"2021-02-05T13:17:22+00:00\" \/>\n<meta property=\"og:image\" content=\"https:\/\/www.rassegnastampa-totustuus.it\/cattolica\/wp-content\/uploads\/2006\/07\/cristeros2.png\" \/>\n\t<meta property=\"og:image:width\" content=\"272\" \/>\n\t<meta property=\"og:image:height\" content=\"185\" \/>\n\t<meta property=\"og:image:type\" content=\"image\/png\" \/>\n<meta name=\"author\" content=\"Redazione\" \/>\n<meta name=\"twitter:card\" content=\"summary_large_image\" \/>\n<meta name=\"twitter:creator\" content=\"@rassegnastampa9\" \/>\n<meta name=\"twitter:site\" content=\"@rassegnastampa9\" \/>\n<meta name=\"twitter:label1\" content=\"Scritto da\" \/>\n\t<meta name=\"twitter:data1\" content=\"Redazione\" \/>\n\t<meta name=\"twitter:label2\" content=\"Tempo di lettura stimato\" \/>\n\t<meta name=\"twitter:data2\" content=\"6 minuti\" \/>\n<script type=\"application\/ld+json\" class=\"yoast-schema-graph\">{\"@context\":\"https:\\\/\\\/schema.org\",\"@graph\":[{\"@type\":\"Article\",\"@id\":\"https:\\\/\\\/www.rassegnastampa-totustuus.it\\\/cattolica\\\/cristeros-quelleccidio-dimenticato\\\/#article\",\"isPartOf\":{\"@id\":\"https:\\\/\\\/www.rassegnastampa-totustuus.it\\\/cattolica\\\/cristeros-quelleccidio-dimenticato\\\/\"},\"author\":{\"name\":\"Redazione\",\"@id\":\"https:\\\/\\\/www.rassegnastampa-totustuus.it\\\/cattolica\\\/#\\\/schema\\\/person\\\/08f319d2bd1a0904ad9e2bfb7b15e5c3\"},\"headline\":\"&laquo;Cristeros&raquo;, quell\u2019eccidio dimenticato\",\"datePublished\":\"2006-07-27T12:20:34+00:00\",\"dateModified\":\"2021-02-05T13:17:22+00:00\",\"mainEntityOfPage\":{\"@id\":\"https:\\\/\\\/www.rassegnastampa-totustuus.it\\\/cattolica\\\/cristeros-quelleccidio-dimenticato\\\/\"},\"wordCount\":1139,\"publisher\":{\"@id\":\"https:\\\/\\\/www.rassegnastampa-totustuus.it\\\/cattolica\\\/#organization\"},\"image\":{\"@id\":\"https:\\\/\\\/www.rassegnastampa-totustuus.it\\\/cattolica\\\/cristeros-quelleccidio-dimenticato\\\/#primaryimage\"},\"thumbnailUrl\":\"https:\\\/\\\/www.rassegnastampa-totustuus.it\\\/cattolica\\\/wp-content\\\/uploads\\\/2006\\\/07\\\/cristeros2.png\",\"keywords\":[\"Cristeros\",\"Messico\",\"persecuzioni\"],\"articleSection\":[\"Cristiani perseguitati\",\"Storia\"],\"inLanguage\":\"it-IT\"},{\"@type\":\"WebPage\",\"@id\":\"https:\\\/\\\/www.rassegnastampa-totustuus.it\\\/cattolica\\\/cristeros-quelleccidio-dimenticato\\\/\",\"url\":\"https:\\\/\\\/www.rassegnastampa-totustuus.it\\\/cattolica\\\/cristeros-quelleccidio-dimenticato\\\/\",\"name\":\"&laquo;Cristeros&raquo;, quell\u2019eccidio dimenticato - Rassegna Stampa Cattolica\",\"isPartOf\":{\"@id\":\"https:\\\/\\\/www.rassegnastampa-totustuus.it\\\/cattolica\\\/#website\"},\"primaryImageOfPage\":{\"@id\":\"https:\\\/\\\/www.rassegnastampa-totustuus.it\\\/cattolica\\\/cristeros-quelleccidio-dimenticato\\\/#primaryimage\"},\"image\":{\"@id\":\"https:\\\/\\\/www.rassegnastampa-totustuus.it\\\/cattolica\\\/cristeros-quelleccidio-dimenticato\\\/#primaryimage\"},\"thumbnailUrl\":\"https:\\\/\\\/www.rassegnastampa-totustuus.it\\\/cattolica\\\/wp-content\\\/uploads\\\/2006\\\/07\\\/cristeros2.png\",\"datePublished\":\"2006-07-27T12:20:34+00:00\",\"dateModified\":\"2021-02-05T13:17:22+00:00\",\"description\":\"Rassegna Stampa Cattolica - Per una cultura che nasce dalla Rivelazione cristiana in conformit\u00e0 alla tradizione e al Magistero della Chiesa in opposizione ad ogni relativismo e totalitarismo\",\"breadcrumb\":{\"@id\":\"https:\\\/\\\/www.rassegnastampa-totustuus.it\\\/cattolica\\\/cristeros-quelleccidio-dimenticato\\\/#breadcrumb\"},\"inLanguage\":\"it-IT\",\"potentialAction\":[{\"@type\":\"ReadAction\",\"target\":[\"https:\\\/\\\/www.rassegnastampa-totustuus.it\\\/cattolica\\\/cristeros-quelleccidio-dimenticato\\\/\"]}]},{\"@type\":\"ImageObject\",\"inLanguage\":\"it-IT\",\"@id\":\"https:\\\/\\\/www.rassegnastampa-totustuus.it\\\/cattolica\\\/cristeros-quelleccidio-dimenticato\\\/#primaryimage\",\"url\":\"https:\\\/\\\/www.rassegnastampa-totustuus.it\\\/cattolica\\\/wp-content\\\/uploads\\\/2006\\\/07\\\/cristeros2.png\",\"contentUrl\":\"https:\\\/\\\/www.rassegnastampa-totustuus.it\\\/cattolica\\\/wp-content\\\/uploads\\\/2006\\\/07\\\/cristeros2.png\",\"width\":272,\"height\":185},{\"@type\":\"BreadcrumbList\",\"@id\":\"https:\\\/\\\/www.rassegnastampa-totustuus.it\\\/cattolica\\\/cristeros-quelleccidio-dimenticato\\\/#breadcrumb\",\"itemListElement\":[{\"@type\":\"ListItem\",\"position\":1,\"name\":\"Home\",\"item\":\"https:\\\/\\\/www.rassegnastampa-totustuus.it\\\/cattolica\\\/\"},{\"@type\":\"ListItem\",\"position\":2,\"name\":\"&laquo;Cristeros&raquo;, quell\u2019eccidio dimenticato\"}]},{\"@type\":\"WebSite\",\"@id\":\"https:\\\/\\\/www.rassegnastampa-totustuus.it\\\/cattolica\\\/#website\",\"url\":\"https:\\\/\\\/www.rassegnastampa-totustuus.it\\\/cattolica\\\/\",\"name\":\"Rassegna Stampa Cattolica\",\"description\":\"Per una cultura che nasce dalla Rivelazione cristiana in conformit\u00e0 alla tradizione e al Magistero della Chiesa in opposizione ad ogni relativismo e totalitarismo\",\"publisher\":{\"@id\":\"https:\\\/\\\/www.rassegnastampa-totustuus.it\\\/cattolica\\\/#organization\"},\"alternateName\":\"Rass. Cattolica\",\"potentialAction\":[{\"@type\":\"SearchAction\",\"target\":{\"@type\":\"EntryPoint\",\"urlTemplate\":\"https:\\\/\\\/www.rassegnastampa-totustuus.it\\\/cattolica\\\/?s={search_term_string}\"},\"query-input\":{\"@type\":\"PropertyValueSpecification\",\"valueRequired\":true,\"valueName\":\"search_term_string\"}}],\"inLanguage\":\"it-IT\"},{\"@type\":\"Organization\",\"@id\":\"https:\\\/\\\/www.rassegnastampa-totustuus.it\\\/cattolica\\\/#organization\",\"name\":\"Rassegna Stampa Cattolica\",\"url\":\"https:\\\/\\\/www.rassegnastampa-totustuus.it\\\/cattolica\\\/\",\"logo\":{\"@type\":\"ImageObject\",\"inLanguage\":\"it-IT\",\"@id\":\"https:\\\/\\\/www.rassegnastampa-totustuus.it\\\/cattolica\\\/#\\\/schema\\\/logo\\\/image\\\/\",\"url\":\"https:\\\/\\\/www.rassegnastampa-totustuus.it\\\/cattolica\\\/wp-content\\\/uploads\\\/2014\\\/04\\\/logo-rassegna1.gif\",\"contentUrl\":\"https:\\\/\\\/www.rassegnastampa-totustuus.it\\\/cattolica\\\/wp-content\\\/uploads\\\/2014\\\/04\\\/logo-rassegna1.gif\",\"width\":600,\"height\":163,\"caption\":\"Rassegna Stampa Cattolica\"},\"image\":{\"@id\":\"https:\\\/\\\/www.rassegnastampa-totustuus.it\\\/cattolica\\\/#\\\/schema\\\/logo\\\/image\\\/\"},\"sameAs\":[\"https:\\\/\\\/www.facebook.com\\\/rassegnastampacattolica\",\"https:\\\/\\\/x.com\\\/rassegnastampa9\"]},{\"@type\":\"Person\",\"@id\":\"https:\\\/\\\/www.rassegnastampa-totustuus.it\\\/cattolica\\\/#\\\/schema\\\/person\\\/08f319d2bd1a0904ad9e2bfb7b15e5c3\",\"name\":\"Redazione\",\"image\":{\"@type\":\"ImageObject\",\"inLanguage\":\"it-IT\",\"@id\":\"https:\\\/\\\/secure.gravatar.com\\\/avatar\\\/2fcdf27c78ea025fbdb44e914cc63c72249ffec9dc8aafd5c82b26240ef3f346?s=96&d=mm&r=g\",\"url\":\"https:\\\/\\\/secure.gravatar.com\\\/avatar\\\/2fcdf27c78ea025fbdb44e914cc63c72249ffec9dc8aafd5c82b26240ef3f346?s=96&d=mm&r=g\",\"contentUrl\":\"https:\\\/\\\/secure.gravatar.com\\\/avatar\\\/2fcdf27c78ea025fbdb44e914cc63c72249ffec9dc8aafd5c82b26240ef3f346?s=96&d=mm&r=g\",\"caption\":\"Redazione\"},\"url\":\"https:\\\/\\\/www.rassegnastampa-totustuus.it\\\/cattolica\\\/author\\\/pietroelle\\\/\"}]}<\/script>\n<!-- \/ Yoast SEO plugin. -->","yoast_head_json":{"title":"&laquo;Cristeros&raquo;, quell\u2019eccidio dimenticato - Rassegna Stampa Cattolica","description":"Rassegna Stampa Cattolica - Per una cultura che nasce dalla Rivelazione cristiana in conformit\u00e0 alla tradizione e al Magistero della Chiesa in opposizione ad ogni relativismo e totalitarismo","robots":{"index":"index","follow":"follow","max-snippet":"max-snippet:-1","max-image-preview":"max-image-preview:large","max-video-preview":"max-video-preview:-1"},"canonical":"https:\/\/www.rassegnastampa-totustuus.it\/cattolica\/cristeros-quelleccidio-dimenticato\/","og_locale":"it_IT","og_type":"article","og_title":"&laquo;Cristeros&raquo;, quell\u2019eccidio dimenticato - Rassegna Stampa Cattolica","og_description":"Rassegna Stampa Cattolica - Per una cultura che nasce dalla Rivelazione cristiana in conformit\u00e0 alla tradizione e al Magistero della Chiesa in opposizione ad ogni relativismo e totalitarismo","og_url":"https:\/\/www.rassegnastampa-totustuus.it\/cattolica\/cristeros-quelleccidio-dimenticato\/","og_site_name":"Rassegna Stampa Cattolica","article_publisher":"https:\/\/www.facebook.com\/rassegnastampacattolica","article_published_time":"2006-07-27T12:20:34+00:00","article_modified_time":"2021-02-05T13:17:22+00:00","og_image":[{"width":272,"height":185,"url":"https:\/\/www.rassegnastampa-totustuus.it\/cattolica\/wp-content\/uploads\/2006\/07\/cristeros2.png","type":"image\/png"}],"author":"Redazione","twitter_card":"summary_large_image","twitter_creator":"@rassegnastampa9","twitter_site":"@rassegnastampa9","twitter_misc":{"Scritto da":"Redazione","Tempo di lettura stimato":"6 minuti"},"schema":{"@context":"https:\/\/schema.org","@graph":[{"@type":"Article","@id":"https:\/\/www.rassegnastampa-totustuus.it\/cattolica\/cristeros-quelleccidio-dimenticato\/#article","isPartOf":{"@id":"https:\/\/www.rassegnastampa-totustuus.it\/cattolica\/cristeros-quelleccidio-dimenticato\/"},"author":{"name":"Redazione","@id":"https:\/\/www.rassegnastampa-totustuus.it\/cattolica\/#\/schema\/person\/08f319d2bd1a0904ad9e2bfb7b15e5c3"},"headline":"&laquo;Cristeros&raquo;, quell\u2019eccidio dimenticato","datePublished":"2006-07-27T12:20:34+00:00","dateModified":"2021-02-05T13:17:22+00:00","mainEntityOfPage":{"@id":"https:\/\/www.rassegnastampa-totustuus.it\/cattolica\/cristeros-quelleccidio-dimenticato\/"},"wordCount":1139,"publisher":{"@id":"https:\/\/www.rassegnastampa-totustuus.it\/cattolica\/#organization"},"image":{"@id":"https:\/\/www.rassegnastampa-totustuus.it\/cattolica\/cristeros-quelleccidio-dimenticato\/#primaryimage"},"thumbnailUrl":"https:\/\/www.rassegnastampa-totustuus.it\/cattolica\/wp-content\/uploads\/2006\/07\/cristeros2.png","keywords":["Cristeros","Messico","persecuzioni"],"articleSection":["Cristiani perseguitati","Storia"],"inLanguage":"it-IT"},{"@type":"WebPage","@id":"https:\/\/www.rassegnastampa-totustuus.it\/cattolica\/cristeros-quelleccidio-dimenticato\/","url":"https:\/\/www.rassegnastampa-totustuus.it\/cattolica\/cristeros-quelleccidio-dimenticato\/","name":"&laquo;Cristeros&raquo;, quell\u2019eccidio dimenticato - Rassegna Stampa Cattolica","isPartOf":{"@id":"https:\/\/www.rassegnastampa-totustuus.it\/cattolica\/#website"},"primaryImageOfPage":{"@id":"https:\/\/www.rassegnastampa-totustuus.it\/cattolica\/cristeros-quelleccidio-dimenticato\/#primaryimage"},"image":{"@id":"https:\/\/www.rassegnastampa-totustuus.it\/cattolica\/cristeros-quelleccidio-dimenticato\/#primaryimage"},"thumbnailUrl":"https:\/\/www.rassegnastampa-totustuus.it\/cattolica\/wp-content\/uploads\/2006\/07\/cristeros2.png","datePublished":"2006-07-27T12:20:34+00:00","dateModified":"2021-02-05T13:17:22+00:00","description":"Rassegna Stampa Cattolica - Per una cultura che nasce dalla Rivelazione cristiana in conformit\u00e0 alla tradizione e al Magistero della Chiesa in opposizione ad ogni relativismo e totalitarismo","breadcrumb":{"@id":"https:\/\/www.rassegnastampa-totustuus.it\/cattolica\/cristeros-quelleccidio-dimenticato\/#breadcrumb"},"inLanguage":"it-IT","potentialAction":[{"@type":"ReadAction","target":["https:\/\/www.rassegnastampa-totustuus.it\/cattolica\/cristeros-quelleccidio-dimenticato\/"]}]},{"@type":"ImageObject","inLanguage":"it-IT","@id":"https:\/\/www.rassegnastampa-totustuus.it\/cattolica\/cristeros-quelleccidio-dimenticato\/#primaryimage","url":"https:\/\/www.rassegnastampa-totustuus.it\/cattolica\/wp-content\/uploads\/2006\/07\/cristeros2.png","contentUrl":"https:\/\/www.rassegnastampa-totustuus.it\/cattolica\/wp-content\/uploads\/2006\/07\/cristeros2.png","width":272,"height":185},{"@type":"BreadcrumbList","@id":"https:\/\/www.rassegnastampa-totustuus.it\/cattolica\/cristeros-quelleccidio-dimenticato\/#breadcrumb","itemListElement":[{"@type":"ListItem","position":1,"name":"Home","item":"https:\/\/www.rassegnastampa-totustuus.it\/cattolica\/"},{"@type":"ListItem","position":2,"name":"&laquo;Cristeros&raquo;, quell\u2019eccidio dimenticato"}]},{"@type":"WebSite","@id":"https:\/\/www.rassegnastampa-totustuus.it\/cattolica\/#website","url":"https:\/\/www.rassegnastampa-totustuus.it\/cattolica\/","name":"Rassegna Stampa Cattolica","description":"Per una cultura che nasce dalla Rivelazione cristiana in conformit\u00e0 alla tradizione e al Magistero della Chiesa in opposizione ad ogni relativismo e totalitarismo","publisher":{"@id":"https:\/\/www.rassegnastampa-totustuus.it\/cattolica\/#organization"},"alternateName":"Rass. Cattolica","potentialAction":[{"@type":"SearchAction","target":{"@type":"EntryPoint","urlTemplate":"https:\/\/www.rassegnastampa-totustuus.it\/cattolica\/?s={search_term_string}"},"query-input":{"@type":"PropertyValueSpecification","valueRequired":true,"valueName":"search_term_string"}}],"inLanguage":"it-IT"},{"@type":"Organization","@id":"https:\/\/www.rassegnastampa-totustuus.it\/cattolica\/#organization","name":"Rassegna Stampa Cattolica","url":"https:\/\/www.rassegnastampa-totustuus.it\/cattolica\/","logo":{"@type":"ImageObject","inLanguage":"it-IT","@id":"https:\/\/www.rassegnastampa-totustuus.it\/cattolica\/#\/schema\/logo\/image\/","url":"https:\/\/www.rassegnastampa-totustuus.it\/cattolica\/wp-content\/uploads\/2014\/04\/logo-rassegna1.gif","contentUrl":"https:\/\/www.rassegnastampa-totustuus.it\/cattolica\/wp-content\/uploads\/2014\/04\/logo-rassegna1.gif","width":600,"height":163,"caption":"Rassegna Stampa Cattolica"},"image":{"@id":"https:\/\/www.rassegnastampa-totustuus.it\/cattolica\/#\/schema\/logo\/image\/"},"sameAs":["https:\/\/www.facebook.com\/rassegnastampacattolica","https:\/\/x.com\/rassegnastampa9"]},{"@type":"Person","@id":"https:\/\/www.rassegnastampa-totustuus.it\/cattolica\/#\/schema\/person\/08f319d2bd1a0904ad9e2bfb7b15e5c3","name":"Redazione","image":{"@type":"ImageObject","inLanguage":"it-IT","@id":"https:\/\/secure.gravatar.com\/avatar\/2fcdf27c78ea025fbdb44e914cc63c72249ffec9dc8aafd5c82b26240ef3f346?s=96&d=mm&r=g","url":"https:\/\/secure.gravatar.com\/avatar\/2fcdf27c78ea025fbdb44e914cc63c72249ffec9dc8aafd5c82b26240ef3f346?s=96&d=mm&r=g","contentUrl":"https:\/\/secure.gravatar.com\/avatar\/2fcdf27c78ea025fbdb44e914cc63c72249ffec9dc8aafd5c82b26240ef3f346?s=96&d=mm&r=g","caption":"Redazione"},"url":"https:\/\/www.rassegnastampa-totustuus.it\/cattolica\/author\/pietroelle\/"}]}},"_links":{"self":[{"href":"https:\/\/www.rassegnastampa-totustuus.it\/cattolica\/wp-json\/wp\/v2\/posts\/2159","targetHints":{"allow":["GET"]}}],"collection":[{"href":"https:\/\/www.rassegnastampa-totustuus.it\/cattolica\/wp-json\/wp\/v2\/posts"}],"about":[{"href":"https:\/\/www.rassegnastampa-totustuus.it\/cattolica\/wp-json\/wp\/v2\/types\/post"}],"author":[{"embeddable":true,"href":"https:\/\/www.rassegnastampa-totustuus.it\/cattolica\/wp-json\/wp\/v2\/users\/6"}],"replies":[{"embeddable":true,"href":"https:\/\/www.rassegnastampa-totustuus.it\/cattolica\/wp-json\/wp\/v2\/comments?post=2159"}],"version-history":[{"count":4,"href":"https:\/\/www.rassegnastampa-totustuus.it\/cattolica\/wp-json\/wp\/v2\/posts\/2159\/revisions"}],"predecessor-version":[{"id":50045,"href":"https:\/\/www.rassegnastampa-totustuus.it\/cattolica\/wp-json\/wp\/v2\/posts\/2159\/revisions\/50045"}],"wp:featuredmedia":[{"embeddable":true,"href":"https:\/\/www.rassegnastampa-totustuus.it\/cattolica\/wp-json\/wp\/v2\/media\/16182"}],"wp:attachment":[{"href":"https:\/\/www.rassegnastampa-totustuus.it\/cattolica\/wp-json\/wp\/v2\/media?parent=2159"}],"wp:term":[{"taxonomy":"category","embeddable":true,"href":"https:\/\/www.rassegnastampa-totustuus.it\/cattolica\/wp-json\/wp\/v2\/categories?post=2159"},{"taxonomy":"post_tag","embeddable":true,"href":"https:\/\/www.rassegnastampa-totustuus.it\/cattolica\/wp-json\/wp\/v2\/tags?post=2159"}],"curies":[{"name":"wp","href":"https:\/\/api.w.org\/{rel}","templated":true}]}}