{"id":21540,"date":"2015-03-19T00:00:13","date_gmt":"2015-03-18T23:00:13","guid":{"rendered":"http:\/\/www.rassegnastampa-totustuus.it\/cattolica\/?p=21540"},"modified":"2015-03-16T10:11:03","modified_gmt":"2015-03-16T09:11:03","slug":"pasteur-e-lejeune-due-aneddoti","status":"publish","type":"post","link":"https:\/\/www.rassegnastampa-totustuus.it\/cattolica\/pasteur-e-lejeune-due-aneddoti\/","title":{"rendered":"Pasteur e Lejeune: due aneddoti"},"content":{"rendered":"<p style=\"text-align: center;\"><strong><a href=\"https:\/\/www.rassegnastampa-totustuus.it\/cattolica\/wp-content\/uploads\/2015\/03\/Louis_Pasteur.jpg\"><img loading=\"lazy\" decoding=\"async\" class=\"alignleft wp-image-21541\" src=\"https:\/\/www.rassegnastampa-totustuus.it\/cattolica\/wp-content\/uploads\/2015\/03\/Louis_Pasteur.jpg\" alt=\"Louis_Pasteur\" width=\"150\" height=\"200\" \/><\/a>La Croce quotidiano<\/strong> 9 marzo 2015<\/p>\n<p style=\"text-align: center;\">di <strong>Francesco Agnoli<\/strong><\/p>\n<p style=\"text-align: justify;\">21 marzo, giornata mondiale sulla sindrome di down. Impossibile non ricordare il servo di Dio e padre della citogenetica J\u00e9r\u00f4me Lejeune. Questo gigante della medicina e della scienza, cui l\u2019editore Cantagalli ha dedicato ben 4 libri (due biografie e due raccolte di suoi scritti), era un grande ammiratore di Pasteur, il massimo scienziato francese dell\u2019Ottocento, padre della microbiologia, fervente cattolico in epoca di trionfo della filosofia materialista, scopritore, tra l\u2019altro, del vaccino antirabbico che salv\u00f2 la vita di tante persone. La medicina, affermava Lejeune, richiamandosi all\u2019illustre collega, non pu\u00f2 che fondarsi sulla cura, e rinnegare il principio per cui \u00e8 bene \u201celiminare il paziente, per sradicare il male\u201d.<\/p>\n<p style=\"text-align: justify;\"><!--more--><\/p>\n<p style=\"text-align: justify;\"><strong>Ventun anni dopo la Dichiarazione dei diritti dell\u2019Uomo,<\/strong> scriveva nel suo\u00a0<em>Il messaggio della vita<\/em>, \u201cun filosofo fece una proposta di legge per chiedere che \u2018fosse finalmente proibito di asfissiare o comunque far morire dissanguati i malati di rabbia\u2019. Questa proposta di legge non fu nemmeno discussa. Fu rimandata allo studio di una commissione, poi tutto fin\u00ec in un cassetto e non se ne parl\u00f2 pi\u00f9. Dodici anni dopo nacque un bambino di nome Louis Pasteur. La sua vita fu proprio la dimostrazione che a liberare l\u2019umanit\u00e0 dalla rabbia e dalla peste non furono quelli che asfissiavano i malati di rabbia tra due materassi, o che bruciavano gli appestati nelle loro case, bens\u00ec quelli che hanno combattuto la malattia e rispettato il paziente\u201d.<\/p>\n<p style=\"text-align: justify;\"><strong>La storia racconta che il primo bambino guarito dalla rabbia grazie a Pasteur, Joseph Meister<\/strong>, divent\u00f2 custode dell\u2019Istituto Pasteur di Parigi. \u201cQuando i tedeschi nel corso della seconda guerra mondiale- rammenta un biografo del celebre scienziato- invasero Parigi e, entrati nell\u2019Istituto, volevano profanare la tomba del maestro, Meister si oppose con tutte le sue forze. Poich\u00e9 non riusc\u00ec nell\u2019intento si chiuse in una stanza e pose fine alla propria vita\u201d.<\/p>\n<p style=\"text-align: justify;\">Forse Meister non sapeva quanto il suo amato Pasteur avesse lottato, anche nei suoi discorsi pi\u00f9 filosofici e teologici, contro le concezioni materialiste e scientiste dell\u2019uomo, che lo riducono a nulla, e privano quindi tutti, ma i malati in particolare, della loro dignit\u00e0. Forse per\u00f2 sapeva che i nazisti profanatori avevano per primi imposto l\u2019uccisione dei bambini malati, con l\u2019aborto e l\u2019eutanasia, proclamando la possibilit\u00e0 di sconfiggere i mali fisici dell\u2019umanit\u00e0 eliminando i malati e non le malattie.<\/p>\n<div id=\"attachment_21542\" style=\"width: 250px\" class=\"wp-caption alignright\"><a href=\"https:\/\/www.rassegnastampa-totustuus.it\/cattolica\/wp-content\/uploads\/2015\/03\/Jerome_Lejeune.jpg\"><img loading=\"lazy\" decoding=\"async\" aria-describedby=\"caption-attachment-21542\" class=\"wp-image-21542 size-full\" src=\"https:\/\/www.rassegnastampa-totustuus.it\/cattolica\/wp-content\/uploads\/2015\/03\/Jerome_Lejeune.jpg\" alt=\"Jerome_Lejeune\" width=\"250\" height=\"202\" \/><\/a><p id=\"caption-attachment-21542\" class=\"wp-caption-text\">Jerome Lejeune<\/p><\/div>\n<p style=\"text-align: justify;\"><strong>Molti anni dopo questi fatti, nel 1994, Lejeune,<\/strong> l\u2019uomo che ha dedicato tutta la sua vita a cercare la causa della sindrome di Down, con successo, e la cura per essa, senza risultati, viene ricordato in un solenne funerale, durante il quale accade un fatto eclatante: un ragazzo down, Bruno, \u201ccon la sicurezza di un predicatore quaresimale, si impadronisce del microfono durante le esequie di Jerome Lejeune a Notre Dame di Parigi.<\/p>\n<p style=\"text-align: justify;\">Senza timore, in una cattedrale affollata, improvvisa un panegirico che termina con queste parole: \u2018Grazie, mio caro professor Lejeune di quello che hai fatto per mio padre e per mia madre. Grazie a te, sono fiero di me\u2026\u2019. Nessun altro oltre a Bruno avrebbe potuto dire parole simili. Pi\u00f9 tardi veniamo a sapere che egli \u00e8 il bambino il cui esame dei cromosomi, trentacinque anni prima, ha permesso a Lejeune di scoprire la trisomia 21\u201d (Jean-Marie Le M\u00e9n\u00e9, <em>Il professor Lejeune, fondatore della genetica moderna<\/em>, Cantagalli, Siena, 2008, p. 178).<\/p>\n<p style=\"text-align: justify;\"><strong>Cosa ci dicono questi due episodi, e questi due grandi medici, Pasteur e Lejeune?<\/strong>Possono aiutarci a capire quanto si sia lontani, oggi, non solo dall\u2019umanit\u00e0, ma anche dalla grande scienza, quando i bambini nell\u2019utero materno vengono sottoposti a mille esami invasivi, e talora pericolosi, per testarne la salute, e per decretarne, se malati, la morte. Oggi, nel 2015, vi sono medici che sanno curare, in utero, malattie gravissime, come la spina bifida, e altri, come i medici olandesi, che praticano, per la stessa malattia, l\u2019eutanasia infantile. I primi sono spesso ostracizzati e senza fondi per proseguire le loro ricerche, i secondi sono indicati da un certo mondo benpensante come persone compassionevoli e all\u2019avanguardia.<\/p>\n<p style=\"text-align: justify;\">Chiediamoci dove stiano la vera civilt\u00e0 e la vera scienza<\/p>\n","protected":false},"excerpt":{"rendered":"<p>La Croce quotidiano 9 marzo 2015 di Francesco Agnoli 21 marzo, giornata mondiale sulla sindrome di down. Impossibile non ricordare il servo di Dio e padre della citogenetica J\u00e9r\u00f4me Lejeune. Questo gigante della medicina e della scienza, cui l\u2019editore Cantagalli ha dedicato ben 4 libri (due biografie e due raccolte di suoi scritti), era un &hellip; <\/p>\n<p><a class=\"more-link btn\" href=\"https:\/\/www.rassegnastampa-totustuus.it\/cattolica\/pasteur-e-lejeune-due-aneddoti\/\">Continua a leggere<\/a><\/p>\n","protected":false},"author":6,"featured_media":21541,"comment_status":"closed","ping_status":"closed","sticky":false,"template":"","format":"standard","meta":{"footnotes":""},"categories":[4,22],"tags":[1578,1682,1354],"class_list":["post-21540","post","type-post","status-publish","format-standard","has-post-thumbnail","hentry","category-bioetica","category-scienza","tag-diagnosi-prenatale","tag-materialismo","tag-scientismo","item-wrap"],"yoast_head":"<!-- This site is optimized with the Yoast SEO plugin v27.5 - https:\/\/yoast.com\/product\/yoast-seo-wordpress\/ -->\n<title>Pasteur e Lejeune: due aneddoti - Rassegna Stampa Cattolica<\/title>\n<meta name=\"description\" content=\"Rassegna Stampa Cattolica - Per una cultura che nasce dalla Rivelazione cristiana in conformit\u00e0 alla tradizione e al Magistero della Chiesa in opposizione ad ogni relativismo e totalitarismo\" \/>\n<meta name=\"robots\" content=\"index, follow, max-snippet:-1, max-image-preview:large, max-video-preview:-1\" \/>\n<link rel=\"canonical\" href=\"https:\/\/www.rassegnastampa-totustuus.it\/cattolica\/pasteur-e-lejeune-due-aneddoti\/\" \/>\n<meta property=\"og:locale\" content=\"it_IT\" \/>\n<meta property=\"og:type\" content=\"article\" \/>\n<meta property=\"og:title\" content=\"Pasteur e Lejeune: due aneddoti - Rassegna Stampa Cattolica\" \/>\n<meta property=\"og:description\" content=\"Rassegna Stampa Cattolica - Per una cultura che nasce dalla Rivelazione cristiana in conformit\u00e0 alla tradizione e al Magistero della Chiesa in opposizione ad ogni relativismo e totalitarismo\" \/>\n<meta property=\"og:url\" content=\"https:\/\/www.rassegnastampa-totustuus.it\/cattolica\/pasteur-e-lejeune-due-aneddoti\/\" \/>\n<meta property=\"og:site_name\" content=\"Rassegna Stampa Cattolica\" \/>\n<meta property=\"article:publisher\" content=\"https:\/\/www.facebook.com\/rassegnastampacattolica\" \/>\n<meta property=\"article:published_time\" content=\"2015-03-18T23:00:13+00:00\" \/>\n<meta property=\"og:image\" content=\"https:\/\/www.rassegnastampa-totustuus.it\/cattolica\/wp-content\/uploads\/2015\/03\/Louis_Pasteur.jpg\" \/>\n\t<meta property=\"og:image:width\" content=\"194\" \/>\n\t<meta property=\"og:image:height\" content=\"259\" \/>\n\t<meta property=\"og:image:type\" content=\"image\/jpeg\" \/>\n<meta name=\"author\" content=\"Redazione\" \/>\n<meta name=\"twitter:card\" content=\"summary_large_image\" \/>\n<meta name=\"twitter:creator\" content=\"@rassegnastampa9\" \/>\n<meta name=\"twitter:site\" content=\"@rassegnastampa9\" \/>\n<meta name=\"twitter:label1\" content=\"Scritto da\" \/>\n\t<meta name=\"twitter:data1\" content=\"Redazione\" \/>\n\t<meta name=\"twitter:label2\" content=\"Tempo di lettura stimato\" \/>\n\t<meta name=\"twitter:data2\" content=\"3 minuti\" \/>\n<script type=\"application\/ld+json\" class=\"yoast-schema-graph\">{\"@context\":\"https:\\\/\\\/schema.org\",\"@graph\":[{\"@type\":\"Article\",\"@id\":\"https:\\\/\\\/www.rassegnastampa-totustuus.it\\\/cattolica\\\/pasteur-e-lejeune-due-aneddoti\\\/#article\",\"isPartOf\":{\"@id\":\"https:\\\/\\\/www.rassegnastampa-totustuus.it\\\/cattolica\\\/pasteur-e-lejeune-due-aneddoti\\\/\"},\"author\":{\"name\":\"Redazione\",\"@id\":\"https:\\\/\\\/www.rassegnastampa-totustuus.it\\\/cattolica\\\/#\\\/schema\\\/person\\\/08f319d2bd1a0904ad9e2bfb7b15e5c3\"},\"headline\":\"Pasteur e Lejeune: due aneddoti\",\"datePublished\":\"2015-03-18T23:00:13+00:00\",\"mainEntityOfPage\":{\"@id\":\"https:\\\/\\\/www.rassegnastampa-totustuus.it\\\/cattolica\\\/pasteur-e-lejeune-due-aneddoti\\\/\"},\"wordCount\":699,\"publisher\":{\"@id\":\"https:\\\/\\\/www.rassegnastampa-totustuus.it\\\/cattolica\\\/#organization\"},\"image\":{\"@id\":\"https:\\\/\\\/www.rassegnastampa-totustuus.it\\\/cattolica\\\/pasteur-e-lejeune-due-aneddoti\\\/#primaryimage\"},\"thumbnailUrl\":\"https:\\\/\\\/www.rassegnastampa-totustuus.it\\\/cattolica\\\/wp-content\\\/uploads\\\/2015\\\/03\\\/Louis_Pasteur.jpg\",\"keywords\":[\"diagnosi prenatale\",\"materialismo\",\"scientismo\"],\"articleSection\":[\"Bioetica\",\"Scienza\"],\"inLanguage\":\"it-IT\"},{\"@type\":\"WebPage\",\"@id\":\"https:\\\/\\\/www.rassegnastampa-totustuus.it\\\/cattolica\\\/pasteur-e-lejeune-due-aneddoti\\\/\",\"url\":\"https:\\\/\\\/www.rassegnastampa-totustuus.it\\\/cattolica\\\/pasteur-e-lejeune-due-aneddoti\\\/\",\"name\":\"Pasteur e Lejeune: due aneddoti - Rassegna Stampa Cattolica\",\"isPartOf\":{\"@id\":\"https:\\\/\\\/www.rassegnastampa-totustuus.it\\\/cattolica\\\/#website\"},\"primaryImageOfPage\":{\"@id\":\"https:\\\/\\\/www.rassegnastampa-totustuus.it\\\/cattolica\\\/pasteur-e-lejeune-due-aneddoti\\\/#primaryimage\"},\"image\":{\"@id\":\"https:\\\/\\\/www.rassegnastampa-totustuus.it\\\/cattolica\\\/pasteur-e-lejeune-due-aneddoti\\\/#primaryimage\"},\"thumbnailUrl\":\"https:\\\/\\\/www.rassegnastampa-totustuus.it\\\/cattolica\\\/wp-content\\\/uploads\\\/2015\\\/03\\\/Louis_Pasteur.jpg\",\"datePublished\":\"2015-03-18T23:00:13+00:00\",\"description\":\"Rassegna Stampa Cattolica - Per una cultura che nasce dalla Rivelazione cristiana in conformit\u00e0 alla tradizione e al Magistero della Chiesa in opposizione ad ogni relativismo e totalitarismo\",\"breadcrumb\":{\"@id\":\"https:\\\/\\\/www.rassegnastampa-totustuus.it\\\/cattolica\\\/pasteur-e-lejeune-due-aneddoti\\\/#breadcrumb\"},\"inLanguage\":\"it-IT\",\"potentialAction\":[{\"@type\":\"ReadAction\",\"target\":[\"https:\\\/\\\/www.rassegnastampa-totustuus.it\\\/cattolica\\\/pasteur-e-lejeune-due-aneddoti\\\/\"]}]},{\"@type\":\"ImageObject\",\"inLanguage\":\"it-IT\",\"@id\":\"https:\\\/\\\/www.rassegnastampa-totustuus.it\\\/cattolica\\\/pasteur-e-lejeune-due-aneddoti\\\/#primaryimage\",\"url\":\"https:\\\/\\\/www.rassegnastampa-totustuus.it\\\/cattolica\\\/wp-content\\\/uploads\\\/2015\\\/03\\\/Louis_Pasteur.jpg\",\"contentUrl\":\"https:\\\/\\\/www.rassegnastampa-totustuus.it\\\/cattolica\\\/wp-content\\\/uploads\\\/2015\\\/03\\\/Louis_Pasteur.jpg\",\"width\":194,\"height\":259},{\"@type\":\"BreadcrumbList\",\"@id\":\"https:\\\/\\\/www.rassegnastampa-totustuus.it\\\/cattolica\\\/pasteur-e-lejeune-due-aneddoti\\\/#breadcrumb\",\"itemListElement\":[{\"@type\":\"ListItem\",\"position\":1,\"name\":\"Home\",\"item\":\"https:\\\/\\\/www.rassegnastampa-totustuus.it\\\/cattolica\\\/\"},{\"@type\":\"ListItem\",\"position\":2,\"name\":\"Pasteur e Lejeune: due aneddoti\"}]},{\"@type\":\"WebSite\",\"@id\":\"https:\\\/\\\/www.rassegnastampa-totustuus.it\\\/cattolica\\\/#website\",\"url\":\"https:\\\/\\\/www.rassegnastampa-totustuus.it\\\/cattolica\\\/\",\"name\":\"Rassegna Stampa Cattolica\",\"description\":\"Per una cultura che nasce dalla Rivelazione cristiana in conformit\u00e0 alla tradizione e al Magistero della Chiesa in opposizione ad ogni relativismo e totalitarismo\",\"publisher\":{\"@id\":\"https:\\\/\\\/www.rassegnastampa-totustuus.it\\\/cattolica\\\/#organization\"},\"alternateName\":\"Rass. Cattolica\",\"potentialAction\":[{\"@type\":\"SearchAction\",\"target\":{\"@type\":\"EntryPoint\",\"urlTemplate\":\"https:\\\/\\\/www.rassegnastampa-totustuus.it\\\/cattolica\\\/?s={search_term_string}\"},\"query-input\":{\"@type\":\"PropertyValueSpecification\",\"valueRequired\":true,\"valueName\":\"search_term_string\"}}],\"inLanguage\":\"it-IT\"},{\"@type\":\"Organization\",\"@id\":\"https:\\\/\\\/www.rassegnastampa-totustuus.it\\\/cattolica\\\/#organization\",\"name\":\"Rassegna Stampa Cattolica\",\"url\":\"https:\\\/\\\/www.rassegnastampa-totustuus.it\\\/cattolica\\\/\",\"logo\":{\"@type\":\"ImageObject\",\"inLanguage\":\"it-IT\",\"@id\":\"https:\\\/\\\/www.rassegnastampa-totustuus.it\\\/cattolica\\\/#\\\/schema\\\/logo\\\/image\\\/\",\"url\":\"https:\\\/\\\/www.rassegnastampa-totustuus.it\\\/cattolica\\\/wp-content\\\/uploads\\\/2014\\\/04\\\/logo-rassegna1.gif\",\"contentUrl\":\"https:\\\/\\\/www.rassegnastampa-totustuus.it\\\/cattolica\\\/wp-content\\\/uploads\\\/2014\\\/04\\\/logo-rassegna1.gif\",\"width\":600,\"height\":163,\"caption\":\"Rassegna Stampa Cattolica\"},\"image\":{\"@id\":\"https:\\\/\\\/www.rassegnastampa-totustuus.it\\\/cattolica\\\/#\\\/schema\\\/logo\\\/image\\\/\"},\"sameAs\":[\"https:\\\/\\\/www.facebook.com\\\/rassegnastampacattolica\",\"https:\\\/\\\/x.com\\\/rassegnastampa9\"]},{\"@type\":\"Person\",\"@id\":\"https:\\\/\\\/www.rassegnastampa-totustuus.it\\\/cattolica\\\/#\\\/schema\\\/person\\\/08f319d2bd1a0904ad9e2bfb7b15e5c3\",\"name\":\"Redazione\",\"image\":{\"@type\":\"ImageObject\",\"inLanguage\":\"it-IT\",\"@id\":\"https:\\\/\\\/secure.gravatar.com\\\/avatar\\\/2fcdf27c78ea025fbdb44e914cc63c72249ffec9dc8aafd5c82b26240ef3f346?s=96&d=mm&r=g\",\"url\":\"https:\\\/\\\/secure.gravatar.com\\\/avatar\\\/2fcdf27c78ea025fbdb44e914cc63c72249ffec9dc8aafd5c82b26240ef3f346?s=96&d=mm&r=g\",\"contentUrl\":\"https:\\\/\\\/secure.gravatar.com\\\/avatar\\\/2fcdf27c78ea025fbdb44e914cc63c72249ffec9dc8aafd5c82b26240ef3f346?s=96&d=mm&r=g\",\"caption\":\"Redazione\"},\"url\":\"https:\\\/\\\/www.rassegnastampa-totustuus.it\\\/cattolica\\\/author\\\/pietroelle\\\/\"}]}<\/script>\n<!-- \/ Yoast SEO plugin. -->","yoast_head_json":{"title":"Pasteur e Lejeune: due aneddoti - Rassegna Stampa Cattolica","description":"Rassegna Stampa Cattolica - Per una cultura che nasce dalla Rivelazione cristiana in conformit\u00e0 alla tradizione e al Magistero della Chiesa in opposizione ad ogni relativismo e totalitarismo","robots":{"index":"index","follow":"follow","max-snippet":"max-snippet:-1","max-image-preview":"max-image-preview:large","max-video-preview":"max-video-preview:-1"},"canonical":"https:\/\/www.rassegnastampa-totustuus.it\/cattolica\/pasteur-e-lejeune-due-aneddoti\/","og_locale":"it_IT","og_type":"article","og_title":"Pasteur e Lejeune: due aneddoti - Rassegna Stampa Cattolica","og_description":"Rassegna Stampa Cattolica - Per una cultura che nasce dalla Rivelazione cristiana in conformit\u00e0 alla tradizione e al Magistero della Chiesa in opposizione ad ogni relativismo e totalitarismo","og_url":"https:\/\/www.rassegnastampa-totustuus.it\/cattolica\/pasteur-e-lejeune-due-aneddoti\/","og_site_name":"Rassegna Stampa Cattolica","article_publisher":"https:\/\/www.facebook.com\/rassegnastampacattolica","article_published_time":"2015-03-18T23:00:13+00:00","og_image":[{"width":194,"height":259,"url":"https:\/\/www.rassegnastampa-totustuus.it\/cattolica\/wp-content\/uploads\/2015\/03\/Louis_Pasteur.jpg","type":"image\/jpeg"}],"author":"Redazione","twitter_card":"summary_large_image","twitter_creator":"@rassegnastampa9","twitter_site":"@rassegnastampa9","twitter_misc":{"Scritto da":"Redazione","Tempo di lettura stimato":"3 minuti"},"schema":{"@context":"https:\/\/schema.org","@graph":[{"@type":"Article","@id":"https:\/\/www.rassegnastampa-totustuus.it\/cattolica\/pasteur-e-lejeune-due-aneddoti\/#article","isPartOf":{"@id":"https:\/\/www.rassegnastampa-totustuus.it\/cattolica\/pasteur-e-lejeune-due-aneddoti\/"},"author":{"name":"Redazione","@id":"https:\/\/www.rassegnastampa-totustuus.it\/cattolica\/#\/schema\/person\/08f319d2bd1a0904ad9e2bfb7b15e5c3"},"headline":"Pasteur e Lejeune: due aneddoti","datePublished":"2015-03-18T23:00:13+00:00","mainEntityOfPage":{"@id":"https:\/\/www.rassegnastampa-totustuus.it\/cattolica\/pasteur-e-lejeune-due-aneddoti\/"},"wordCount":699,"publisher":{"@id":"https:\/\/www.rassegnastampa-totustuus.it\/cattolica\/#organization"},"image":{"@id":"https:\/\/www.rassegnastampa-totustuus.it\/cattolica\/pasteur-e-lejeune-due-aneddoti\/#primaryimage"},"thumbnailUrl":"https:\/\/www.rassegnastampa-totustuus.it\/cattolica\/wp-content\/uploads\/2015\/03\/Louis_Pasteur.jpg","keywords":["diagnosi prenatale","materialismo","scientismo"],"articleSection":["Bioetica","Scienza"],"inLanguage":"it-IT"},{"@type":"WebPage","@id":"https:\/\/www.rassegnastampa-totustuus.it\/cattolica\/pasteur-e-lejeune-due-aneddoti\/","url":"https:\/\/www.rassegnastampa-totustuus.it\/cattolica\/pasteur-e-lejeune-due-aneddoti\/","name":"Pasteur e Lejeune: due aneddoti - Rassegna Stampa Cattolica","isPartOf":{"@id":"https:\/\/www.rassegnastampa-totustuus.it\/cattolica\/#website"},"primaryImageOfPage":{"@id":"https:\/\/www.rassegnastampa-totustuus.it\/cattolica\/pasteur-e-lejeune-due-aneddoti\/#primaryimage"},"image":{"@id":"https:\/\/www.rassegnastampa-totustuus.it\/cattolica\/pasteur-e-lejeune-due-aneddoti\/#primaryimage"},"thumbnailUrl":"https:\/\/www.rassegnastampa-totustuus.it\/cattolica\/wp-content\/uploads\/2015\/03\/Louis_Pasteur.jpg","datePublished":"2015-03-18T23:00:13+00:00","description":"Rassegna Stampa Cattolica - Per una cultura che nasce dalla Rivelazione cristiana in conformit\u00e0 alla tradizione e al Magistero della Chiesa in opposizione ad ogni relativismo e totalitarismo","breadcrumb":{"@id":"https:\/\/www.rassegnastampa-totustuus.it\/cattolica\/pasteur-e-lejeune-due-aneddoti\/#breadcrumb"},"inLanguage":"it-IT","potentialAction":[{"@type":"ReadAction","target":["https:\/\/www.rassegnastampa-totustuus.it\/cattolica\/pasteur-e-lejeune-due-aneddoti\/"]}]},{"@type":"ImageObject","inLanguage":"it-IT","@id":"https:\/\/www.rassegnastampa-totustuus.it\/cattolica\/pasteur-e-lejeune-due-aneddoti\/#primaryimage","url":"https:\/\/www.rassegnastampa-totustuus.it\/cattolica\/wp-content\/uploads\/2015\/03\/Louis_Pasteur.jpg","contentUrl":"https:\/\/www.rassegnastampa-totustuus.it\/cattolica\/wp-content\/uploads\/2015\/03\/Louis_Pasteur.jpg","width":194,"height":259},{"@type":"BreadcrumbList","@id":"https:\/\/www.rassegnastampa-totustuus.it\/cattolica\/pasteur-e-lejeune-due-aneddoti\/#breadcrumb","itemListElement":[{"@type":"ListItem","position":1,"name":"Home","item":"https:\/\/www.rassegnastampa-totustuus.it\/cattolica\/"},{"@type":"ListItem","position":2,"name":"Pasteur e Lejeune: due aneddoti"}]},{"@type":"WebSite","@id":"https:\/\/www.rassegnastampa-totustuus.it\/cattolica\/#website","url":"https:\/\/www.rassegnastampa-totustuus.it\/cattolica\/","name":"Rassegna Stampa Cattolica","description":"Per una cultura che nasce dalla Rivelazione cristiana in conformit\u00e0 alla tradizione e al Magistero della Chiesa in opposizione ad ogni relativismo e totalitarismo","publisher":{"@id":"https:\/\/www.rassegnastampa-totustuus.it\/cattolica\/#organization"},"alternateName":"Rass. Cattolica","potentialAction":[{"@type":"SearchAction","target":{"@type":"EntryPoint","urlTemplate":"https:\/\/www.rassegnastampa-totustuus.it\/cattolica\/?s={search_term_string}"},"query-input":{"@type":"PropertyValueSpecification","valueRequired":true,"valueName":"search_term_string"}}],"inLanguage":"it-IT"},{"@type":"Organization","@id":"https:\/\/www.rassegnastampa-totustuus.it\/cattolica\/#organization","name":"Rassegna Stampa Cattolica","url":"https:\/\/www.rassegnastampa-totustuus.it\/cattolica\/","logo":{"@type":"ImageObject","inLanguage":"it-IT","@id":"https:\/\/www.rassegnastampa-totustuus.it\/cattolica\/#\/schema\/logo\/image\/","url":"https:\/\/www.rassegnastampa-totustuus.it\/cattolica\/wp-content\/uploads\/2014\/04\/logo-rassegna1.gif","contentUrl":"https:\/\/www.rassegnastampa-totustuus.it\/cattolica\/wp-content\/uploads\/2014\/04\/logo-rassegna1.gif","width":600,"height":163,"caption":"Rassegna Stampa Cattolica"},"image":{"@id":"https:\/\/www.rassegnastampa-totustuus.it\/cattolica\/#\/schema\/logo\/image\/"},"sameAs":["https:\/\/www.facebook.com\/rassegnastampacattolica","https:\/\/x.com\/rassegnastampa9"]},{"@type":"Person","@id":"https:\/\/www.rassegnastampa-totustuus.it\/cattolica\/#\/schema\/person\/08f319d2bd1a0904ad9e2bfb7b15e5c3","name":"Redazione","image":{"@type":"ImageObject","inLanguage":"it-IT","@id":"https:\/\/secure.gravatar.com\/avatar\/2fcdf27c78ea025fbdb44e914cc63c72249ffec9dc8aafd5c82b26240ef3f346?s=96&d=mm&r=g","url":"https:\/\/secure.gravatar.com\/avatar\/2fcdf27c78ea025fbdb44e914cc63c72249ffec9dc8aafd5c82b26240ef3f346?s=96&d=mm&r=g","contentUrl":"https:\/\/secure.gravatar.com\/avatar\/2fcdf27c78ea025fbdb44e914cc63c72249ffec9dc8aafd5c82b26240ef3f346?s=96&d=mm&r=g","caption":"Redazione"},"url":"https:\/\/www.rassegnastampa-totustuus.it\/cattolica\/author\/pietroelle\/"}]}},"_links":{"self":[{"href":"https:\/\/www.rassegnastampa-totustuus.it\/cattolica\/wp-json\/wp\/v2\/posts\/21540","targetHints":{"allow":["GET"]}}],"collection":[{"href":"https:\/\/www.rassegnastampa-totustuus.it\/cattolica\/wp-json\/wp\/v2\/posts"}],"about":[{"href":"https:\/\/www.rassegnastampa-totustuus.it\/cattolica\/wp-json\/wp\/v2\/types\/post"}],"author":[{"embeddable":true,"href":"https:\/\/www.rassegnastampa-totustuus.it\/cattolica\/wp-json\/wp\/v2\/users\/6"}],"replies":[{"embeddable":true,"href":"https:\/\/www.rassegnastampa-totustuus.it\/cattolica\/wp-json\/wp\/v2\/comments?post=21540"}],"version-history":[{"count":1,"href":"https:\/\/www.rassegnastampa-totustuus.it\/cattolica\/wp-json\/wp\/v2\/posts\/21540\/revisions"}],"predecessor-version":[{"id":21543,"href":"https:\/\/www.rassegnastampa-totustuus.it\/cattolica\/wp-json\/wp\/v2\/posts\/21540\/revisions\/21543"}],"wp:featuredmedia":[{"embeddable":true,"href":"https:\/\/www.rassegnastampa-totustuus.it\/cattolica\/wp-json\/wp\/v2\/media\/21541"}],"wp:attachment":[{"href":"https:\/\/www.rassegnastampa-totustuus.it\/cattolica\/wp-json\/wp\/v2\/media?parent=21540"}],"wp:term":[{"taxonomy":"category","embeddable":true,"href":"https:\/\/www.rassegnastampa-totustuus.it\/cattolica\/wp-json\/wp\/v2\/categories?post=21540"},{"taxonomy":"post_tag","embeddable":true,"href":"https:\/\/www.rassegnastampa-totustuus.it\/cattolica\/wp-json\/wp\/v2\/tags?post=21540"}],"curies":[{"name":"wp","href":"https:\/\/api.w.org\/{rel}","templated":true}]}}