{"id":2152,"date":"2006-07-27T00:00:00","date_gmt":"2006-07-26T22:00:00","guid":{"rendered":""},"modified":"2016-02-22T13:21:33","modified_gmt":"2016-02-22T12:21:33","slug":"la-vita-come-scelta-di-campo","status":"publish","type":"post","link":"https:\/\/www.rassegnastampa-totustuus.it\/cattolica\/la-vita-come-scelta-di-campo\/","title":{"rendered":"La vita come scelta di campo"},"content":{"rendered":"<div style=\"text-align: center;\">Tratto dalla <em>mail <\/em>circolare de<strong> il Cavaliere della Verit\u00e0<\/strong><\/div>\n<p style=\"text-align: center;\">(<a href=\"mailto:cavalieridellaverita@virgilio.it\" target=\"_blank\">cavalieridellaverita@virgilio.it<\/a>)<\/p>\n<p style=\"text-align: center;\"><a href=\"https:\/\/www.rassegnastampa-totustuus.it\/cattolica\/wp-content\/uploads\/2006\/07\/San-Giorgio.jpg\"><img loading=\"lazy\" decoding=\"async\" class=\"aligncenter wp-image-30789\" src=\"https:\/\/www.rassegnastampa-totustuus.it\/cattolica\/wp-content\/uploads\/2006\/07\/San-Giorgio.jpg\" alt=\"San Giorgio\" width=\"155\" height=\"200\" \/><\/a><\/p>\n<p style=\"text-align: justify;\"><em>La vita \u00e8 una lotta, si realizza nella scelta tra il bene e il male, tra Dio e il demonio. Ogni ipotesi diversa contraddice il senso cristiano della vita e, non caso, ha trovato terreno fertile nella mentalit\u00e0 moderna&#8230;e mondana<\/em><\/p>\n<p><!--more--><\/p>\n<div style=\"text-align: justify;\">Sant\u2019Ignazio era un militare, ma prima di essere un militare, era un uomo pratico e molto attaccato alla concretezza. E\u2019 famoso non solo per aver fondato l\u2019Ordine dei Gesuiti, ma anche per aver donato a tutti i cristiani quel capolavoro che sono gli <em>Esercizi spirituali<\/em>.<\/div>\n<p style=\"text-align: justify;\">In realt\u00e0, questi <em>Esercizi <\/em>non furono solo \u201cfarina del suo sacco\u201d: si trovava nella grotta di Manresa, dove stava meditando per essere davvero certo che il Signore lo chiamasse a diventare sacerdote, quando la Madonna gli apparve e gli ispir\u00f2 (c\u2019\u00e8 chi dice: gli dett\u00f2) questi <em>Esercizi<\/em>. Basterebbe solo questo per capire quanto diversi e quanto molto pi\u00f9 importanti siano questi <em>Esercizi<\/em> rispetto a tutti gli altri.<\/p>\n<p style=\"text-align: justify;\">Ebbene, in questi <em>Esercizi <\/em>sant\u2019Ignazio invita, per le meditazioni, a fare la cosiddetta \u2018composizione di luogo\u2019, cio\u00e8 ad immaginare quanto pi\u00f9 possibilmente i misteri che si vanno a contemplare, cercando di coinvolgere tutti i sensi. Per esempio, riguardo alla Nativit\u00e0, bisogna immaginare se la stalla fosse grande o piccola\u2026quanto pungente era i freddo? quanto intenso l\u2019odore della paglia?&#8230;Questo non per gioco, ma perch\u00e9 l\u2019uomo \u00e8 unione di spirito e di corpo; e pi\u00f9 facilmente arriva alle vette pi\u00f9 alte se conduce anche il corpo in questo viaggio. Il Cristianesimo non ha mai tollerato, n\u00e9 tollerer\u00e0 mai, alcuna separazione di sorta riguardo il rapporto corpo-anima.<\/p>\n<p style=\"text-align: justify;\">Ma non \u00e8 di questo che dobbiamo parlare, quanto di una meditazione degli<em> Esercizi <\/em>di sant\u2019Ignazio, quella cosiddetta dei<em> \u201cDue stendardi\u201d<\/em>. Il Santo dice (provateci anche voi che state leggendo) di immaginare una vasta pianura (la vedete? bene!) all\u2019estremit\u00e0 della pianura vi sono due citt\u00e0. Una \u00e8 brutta, disordinata, sporca, chiassosa; l\u2019altra \u00e8 bella, ordinata, pulita, silenziosa. La prima \u00e8 Babilonia; la seconda, Gerusalemme.<\/p>\n<p style=\"text-align: justify;\">Fuori le mura di Babilonia c\u2019\u00e8 un mostro seduto su un trono fumante; il suo viso \u00e8 terrificante, gli occhi fiammeggianti. E\u2019 Satana che, sotto il suo stendardo infernale, chiama a raccolta i suoi.<\/p>\n<p style=\"text-align: justify;\">Presso le mura di Gerusalemme, invece, c\u2019\u00e8 Ges\u00f9, bello, ordinato, pulito, che, sotto lo stendardo celestiale, chiama anche Lui a raccolta i suoi.<\/p>\n<p style=\"text-align: justify;\">Ebbene, proprio nel vivo della meditazione, sant\u2019Ignazio invita ognuno a porsi questa terribile domanda: e tu, sotto quale stendardo decidi di combattere?<\/p>\n<p style=\"text-align: justify;\">Domanda terribile, a cui non si pu\u00f2 sfuggire. <em>Ma io, veramente, a quest\u2019ora, terrei un servizio da fare\u2026<\/em>No!! Devi rispondere! <em>Ma io sono pacifista\u2026<\/em>No!! Tu devi decidere per chi combattere!<\/p>\n<p style=\"text-align: justify;\">Eh gi\u00e0! Perch\u00e9 il dramma \u00e8 proprio qui: sant\u2019Ignazio fa capire che se si decide di non decidere, se si decide di non schierarsi, gi\u00e0 si \u00e8 fatta una scelta, gi\u00e0 si \u00e8 scelto Satana.<\/p>\n<p style=\"text-align: justify;\">E il motivo \u00e8 molto semplice.<\/p>\n<p style=\"text-align: justify;\">Non solo Ges\u00f9 dice che chi non \u00e8 con Lui \u00e8 contro di Lui, ma gi\u00e0 nel <em>Protovangelo<\/em> i termini della questione sono chiarissimi. Dopo il peccato originale, Dio dice al serpente che avrebbe posto inimicizia tra lui e la Donna (l\u2019Immacolata), tra la stirpe di Lei e la stirpe del serpente, tra coloro che si schiereranno sotto il manto della Vergine e coloro che si metteranno sotto colui che cercher\u00e0 di rendere inutile la Redenzione. Dio non indica una terza stirpe, perch\u00e9 non c\u2019\u00e8: o si \u00e8 con Cristo o contro di Lui.<\/p>\n<p style=\"text-align: justify;\">D\u2019altronde chi vive nel peccato \u00e8 come se dicesse al Crocifisso: <em>che sei morto a fare? Potevi benissimo fare altro, per me inutilmente hai effuso il tuo sangue sulla croce.<\/em> Che terribile responsabilit\u00e0!<\/p>\n<p style=\"text-align: justify;\">Questo cosa significa?<\/p>\n<p style=\"text-align: justify;\">Che la storia non \u00e8 una burletta! Che la vita \u00e8 pi\u00f9 seria di quanto possiamo immaginare. Dalle nostre scelte dipende il destino eterno di ognuno di noi; e la vita che viviamo \u00e8 una <em>scelta di campo<\/em>, una battaglia. Guai a ritenerla un gioco dove basta solo partecipare.<\/p>\n<p style=\"text-align: justify;\">I\u00a0medievali, che pur con tanti limiti hanno avuto il merito di incarnare queste convinzioni nella vita quotidiana, nei loro costumi e nelle loro manifestazioni culturali, quando giocavano erano convinti che valesse partecipare nella misura in cui era possibile la vittoria. Nel celebre Palio di Siena, per esempio, vince chi vince e il secondo, paradossalmente, non arriva secondo ma ultimo, nel senso che vince solo il primo e tutti gli altri \u00e8 come se arrivassero ultimi.<\/p>\n<p style=\"text-align: justify;\">E\u2019 nella modernit\u00e0 che nel gioco, nello sport, si fa strada la mentalit\u00e0 non solo di premiare il secondo, il terzo\u2026ma anche di ritenere che \u201cbasta partecipare\u201d.<\/p>\n<p style=\"text-align: justify;\">Sciocchezza! Immaginatevi le anime dannate che dicono: <em>ma s\u00ec, che ci importa, abbiamo comunque partecipato.<\/em> Loro che desidererebbero non essere mai nate!<\/p>\n<p style=\"text-align: justify;\">Nel medioevo il gioco era metafora della vita; e la vita, cristianamente, \u00e8 fatta per vincere e per conquistare il Paradiso.<\/p>\n<p style=\"text-align: justify;\">Se non si taglia questo traguardo, a cosa serve la vita?<\/p>\n<p style=\"text-align: justify;\">Ancora una volta \u2013lo dobbiamo capire&#8230;e lo dobbiamo dire!- il Cristianesimo, con la sua \u201cscelta di campo\u201d, si presenta come la Verit\u00e0 vera (chiediamo scusa per il gioco di parole), la Verit\u00e0 vera per la vita di ognuno di noi.<\/p>\n<p style=\"text-align: justify;\">Dalle nostre scelte dipende il nostro destino. Grande responsabilit\u00e0 questa; ma affascinante e gratificante: \u00e8 la scelta che nobilita il percorso dei nostri affanni e che rende sempre nuova ogni nostra esperienza e ogni nostra fatica&#8230;e soprattutto che rende <strong>eroico<\/strong> il quotidiano.<\/p>\n<p style=\"text-align: justify;\">Molti pensano: <em>se fossi quel tale personaggio, quell\u2019uomo illustre che fa cose tanto importanti&#8230;<\/em>sciocchezze! Ci\u00f2 che rende importante le scelte non sono i palcoscenici pi\u00f9 o meno importanti, n\u00e9 tantomeno le conseguenze sul piano politico, culturale o spettacolare&#8230;ci\u00f2 che rende importante le scelte della vita \u00e8 la consapevolezza del perch\u00e9 si ha il dono della scelta e del per chi e per che cosa si sceglie. E questo pu\u00f2 essere dato sono nella consapevolezza di vivere ogni scelta per costruirsi l\u2019abbraccio eterno con il Signore (il Paradiso).<\/p>\n<p style=\"text-align: justify;\">Ed ecco perch\u00e9 il Cristianesimo pu\u00f2 dire con coerenza logica una cosa che per la mentalit\u00e0 mondana \u00e8 inconcepibile, e cio\u00e9 che pu\u00f2 essere molto pi\u00f9 eroica la scelta nascosta di una madre di famiglia che si sacrifica senza che nessuno lo sappia&#8230;che quella di un potente della Terra, che pu\u00f2 non sapere nemmeno perch\u00e9 e per chi sceglie&#8230;e che crede che quella scelta si riduca solo a quel momento e a quel suo apparente e ingenuo destino.<\/p>\n","protected":false},"excerpt":{"rendered":"<p>Tratto dalla mail circolare de il Cavaliere della Verit\u00e0 (cavalieridellaverita@virgilio.it) La vita \u00e8 una lotta, si realizza nella scelta tra il bene e il male, tra Dio e il demonio. Ogni ipotesi diversa contraddice il senso cristiano della vita e, non caso, ha trovato terreno fertile nella mentalit\u00e0 moderna&#8230;e mondana<\/p><p><a class=\"more-link btn\" href=\"https:\/\/www.rassegnastampa-totustuus.it\/cattolica\/la-vita-come-scelta-di-campo\/\">Continua a leggere<\/a><\/p>\n","protected":false},"author":6,"featured_media":30789,"comment_status":"closed","ping_status":"open","sticky":false,"template":"","format":"standard","meta":{"footnotes":""},"categories":[5,42],"tags":[292],"class_list":["post-2152","post","type-post","status-publish","format-standard","has-post-thumbnail","hentry","category-chiesa","category-dottrina-e-morale","tag-vita","item-wrap"],"yoast_head":"<!-- This site is optimized with the Yoast SEO plugin v27.5 - https:\/\/yoast.com\/product\/yoast-seo-wordpress\/ -->\n<title>La vita come scelta di campo - Rassegna Stampa Cattolica<\/title>\n<meta name=\"description\" content=\"Rassegna Stampa Cattolica - Per una cultura che nasce dalla Rivelazione cristiana in conformit\u00e0 alla tradizione e al Magistero della Chiesa in opposizione ad ogni relativismo e totalitarismo\" \/>\n<meta name=\"robots\" content=\"index, follow, max-snippet:-1, max-image-preview:large, max-video-preview:-1\" \/>\n<link rel=\"canonical\" href=\"https:\/\/www.rassegnastampa-totustuus.it\/cattolica\/la-vita-come-scelta-di-campo\/\" \/>\n<meta property=\"og:locale\" content=\"it_IT\" \/>\n<meta property=\"og:type\" content=\"article\" \/>\n<meta property=\"og:title\" content=\"La vita come scelta di campo - Rassegna Stampa Cattolica\" \/>\n<meta property=\"og:description\" content=\"Rassegna Stampa Cattolica - Per una cultura che nasce dalla Rivelazione cristiana in conformit\u00e0 alla tradizione e al Magistero della Chiesa in opposizione ad ogni relativismo e totalitarismo\" \/>\n<meta property=\"og:url\" content=\"https:\/\/www.rassegnastampa-totustuus.it\/cattolica\/la-vita-come-scelta-di-campo\/\" \/>\n<meta property=\"og:site_name\" content=\"Rassegna Stampa Cattolica\" \/>\n<meta property=\"article:publisher\" content=\"https:\/\/www.facebook.com\/rassegnastampacattolica\" \/>\n<meta property=\"article:published_time\" content=\"2006-07-26T22:00:00+00:00\" \/>\n<meta property=\"article:modified_time\" content=\"2016-02-22T12:21:33+00:00\" \/>\n<meta property=\"og:image\" content=\"https:\/\/www.rassegnastampa-totustuus.it\/cattolica\/wp-content\/uploads\/2006\/07\/San-Giorgio.jpg\" \/>\n\t<meta property=\"og:image:width\" content=\"186\" \/>\n\t<meta property=\"og:image:height\" content=\"240\" \/>\n\t<meta property=\"og:image:type\" content=\"image\/jpeg\" \/>\n<meta name=\"author\" content=\"Redazione\" \/>\n<meta name=\"twitter:card\" content=\"summary_large_image\" \/>\n<meta name=\"twitter:creator\" content=\"@rassegnastampa9\" \/>\n<meta name=\"twitter:site\" content=\"@rassegnastampa9\" \/>\n<meta name=\"twitter:label1\" content=\"Scritto da\" \/>\n\t<meta name=\"twitter:data1\" content=\"Redazione\" \/>\n\t<meta name=\"twitter:label2\" content=\"Tempo di lettura stimato\" \/>\n\t<meta name=\"twitter:data2\" content=\"5 minuti\" \/>\n<script type=\"application\/ld+json\" class=\"yoast-schema-graph\">{\"@context\":\"https:\\\/\\\/schema.org\",\"@graph\":[{\"@type\":\"Article\",\"@id\":\"https:\\\/\\\/www.rassegnastampa-totustuus.it\\\/cattolica\\\/la-vita-come-scelta-di-campo\\\/#article\",\"isPartOf\":{\"@id\":\"https:\\\/\\\/www.rassegnastampa-totustuus.it\\\/cattolica\\\/la-vita-come-scelta-di-campo\\\/\"},\"author\":{\"name\":\"Redazione\",\"@id\":\"https:\\\/\\\/www.rassegnastampa-totustuus.it\\\/cattolica\\\/#\\\/schema\\\/person\\\/08f319d2bd1a0904ad9e2bfb7b15e5c3\"},\"headline\":\"La vita come scelta di campo\",\"datePublished\":\"2006-07-26T22:00:00+00:00\",\"dateModified\":\"2016-02-22T12:21:33+00:00\",\"mainEntityOfPage\":{\"@id\":\"https:\\\/\\\/www.rassegnastampa-totustuus.it\\\/cattolica\\\/la-vita-come-scelta-di-campo\\\/\"},\"wordCount\":1076,\"publisher\":{\"@id\":\"https:\\\/\\\/www.rassegnastampa-totustuus.it\\\/cattolica\\\/#organization\"},\"image\":{\"@id\":\"https:\\\/\\\/www.rassegnastampa-totustuus.it\\\/cattolica\\\/la-vita-come-scelta-di-campo\\\/#primaryimage\"},\"thumbnailUrl\":\"https:\\\/\\\/www.rassegnastampa-totustuus.it\\\/cattolica\\\/wp-content\\\/uploads\\\/2006\\\/07\\\/San-Giorgio.jpg\",\"keywords\":[\"vita\"],\"articleSection\":[\"Chiesa\",\"Dottrina e morale\"],\"inLanguage\":\"it-IT\"},{\"@type\":\"WebPage\",\"@id\":\"https:\\\/\\\/www.rassegnastampa-totustuus.it\\\/cattolica\\\/la-vita-come-scelta-di-campo\\\/\",\"url\":\"https:\\\/\\\/www.rassegnastampa-totustuus.it\\\/cattolica\\\/la-vita-come-scelta-di-campo\\\/\",\"name\":\"La vita come scelta di campo - Rassegna Stampa Cattolica\",\"isPartOf\":{\"@id\":\"https:\\\/\\\/www.rassegnastampa-totustuus.it\\\/cattolica\\\/#website\"},\"primaryImageOfPage\":{\"@id\":\"https:\\\/\\\/www.rassegnastampa-totustuus.it\\\/cattolica\\\/la-vita-come-scelta-di-campo\\\/#primaryimage\"},\"image\":{\"@id\":\"https:\\\/\\\/www.rassegnastampa-totustuus.it\\\/cattolica\\\/la-vita-come-scelta-di-campo\\\/#primaryimage\"},\"thumbnailUrl\":\"https:\\\/\\\/www.rassegnastampa-totustuus.it\\\/cattolica\\\/wp-content\\\/uploads\\\/2006\\\/07\\\/San-Giorgio.jpg\",\"datePublished\":\"2006-07-26T22:00:00+00:00\",\"dateModified\":\"2016-02-22T12:21:33+00:00\",\"description\":\"Rassegna Stampa Cattolica - Per una cultura che nasce dalla Rivelazione cristiana in conformit\u00e0 alla tradizione e al Magistero della Chiesa in opposizione ad ogni relativismo e totalitarismo\",\"breadcrumb\":{\"@id\":\"https:\\\/\\\/www.rassegnastampa-totustuus.it\\\/cattolica\\\/la-vita-come-scelta-di-campo\\\/#breadcrumb\"},\"inLanguage\":\"it-IT\",\"potentialAction\":[{\"@type\":\"ReadAction\",\"target\":[\"https:\\\/\\\/www.rassegnastampa-totustuus.it\\\/cattolica\\\/la-vita-come-scelta-di-campo\\\/\"]}]},{\"@type\":\"ImageObject\",\"inLanguage\":\"it-IT\",\"@id\":\"https:\\\/\\\/www.rassegnastampa-totustuus.it\\\/cattolica\\\/la-vita-come-scelta-di-campo\\\/#primaryimage\",\"url\":\"https:\\\/\\\/www.rassegnastampa-totustuus.it\\\/cattolica\\\/wp-content\\\/uploads\\\/2006\\\/07\\\/San-Giorgio.jpg\",\"contentUrl\":\"https:\\\/\\\/www.rassegnastampa-totustuus.it\\\/cattolica\\\/wp-content\\\/uploads\\\/2006\\\/07\\\/San-Giorgio.jpg\",\"width\":186,\"height\":240},{\"@type\":\"BreadcrumbList\",\"@id\":\"https:\\\/\\\/www.rassegnastampa-totustuus.it\\\/cattolica\\\/la-vita-come-scelta-di-campo\\\/#breadcrumb\",\"itemListElement\":[{\"@type\":\"ListItem\",\"position\":1,\"name\":\"Home\",\"item\":\"https:\\\/\\\/www.rassegnastampa-totustuus.it\\\/cattolica\\\/\"},{\"@type\":\"ListItem\",\"position\":2,\"name\":\"La vita come scelta di campo\"}]},{\"@type\":\"WebSite\",\"@id\":\"https:\\\/\\\/www.rassegnastampa-totustuus.it\\\/cattolica\\\/#website\",\"url\":\"https:\\\/\\\/www.rassegnastampa-totustuus.it\\\/cattolica\\\/\",\"name\":\"Rassegna Stampa Cattolica\",\"description\":\"Per una cultura che nasce dalla Rivelazione cristiana in conformit\u00e0 alla tradizione e al Magistero della Chiesa in opposizione ad ogni relativismo e totalitarismo\",\"publisher\":{\"@id\":\"https:\\\/\\\/www.rassegnastampa-totustuus.it\\\/cattolica\\\/#organization\"},\"alternateName\":\"Rass. Cattolica\",\"potentialAction\":[{\"@type\":\"SearchAction\",\"target\":{\"@type\":\"EntryPoint\",\"urlTemplate\":\"https:\\\/\\\/www.rassegnastampa-totustuus.it\\\/cattolica\\\/?s={search_term_string}\"},\"query-input\":{\"@type\":\"PropertyValueSpecification\",\"valueRequired\":true,\"valueName\":\"search_term_string\"}}],\"inLanguage\":\"it-IT\"},{\"@type\":\"Organization\",\"@id\":\"https:\\\/\\\/www.rassegnastampa-totustuus.it\\\/cattolica\\\/#organization\",\"name\":\"Rassegna Stampa Cattolica\",\"url\":\"https:\\\/\\\/www.rassegnastampa-totustuus.it\\\/cattolica\\\/\",\"logo\":{\"@type\":\"ImageObject\",\"inLanguage\":\"it-IT\",\"@id\":\"https:\\\/\\\/www.rassegnastampa-totustuus.it\\\/cattolica\\\/#\\\/schema\\\/logo\\\/image\\\/\",\"url\":\"https:\\\/\\\/www.rassegnastampa-totustuus.it\\\/cattolica\\\/wp-content\\\/uploads\\\/2014\\\/04\\\/logo-rassegna1.gif\",\"contentUrl\":\"https:\\\/\\\/www.rassegnastampa-totustuus.it\\\/cattolica\\\/wp-content\\\/uploads\\\/2014\\\/04\\\/logo-rassegna1.gif\",\"width\":600,\"height\":163,\"caption\":\"Rassegna Stampa Cattolica\"},\"image\":{\"@id\":\"https:\\\/\\\/www.rassegnastampa-totustuus.it\\\/cattolica\\\/#\\\/schema\\\/logo\\\/image\\\/\"},\"sameAs\":[\"https:\\\/\\\/www.facebook.com\\\/rassegnastampacattolica\",\"https:\\\/\\\/x.com\\\/rassegnastampa9\"]},{\"@type\":\"Person\",\"@id\":\"https:\\\/\\\/www.rassegnastampa-totustuus.it\\\/cattolica\\\/#\\\/schema\\\/person\\\/08f319d2bd1a0904ad9e2bfb7b15e5c3\",\"name\":\"Redazione\",\"image\":{\"@type\":\"ImageObject\",\"inLanguage\":\"it-IT\",\"@id\":\"https:\\\/\\\/secure.gravatar.com\\\/avatar\\\/2fcdf27c78ea025fbdb44e914cc63c72249ffec9dc8aafd5c82b26240ef3f346?s=96&d=mm&r=g\",\"url\":\"https:\\\/\\\/secure.gravatar.com\\\/avatar\\\/2fcdf27c78ea025fbdb44e914cc63c72249ffec9dc8aafd5c82b26240ef3f346?s=96&d=mm&r=g\",\"contentUrl\":\"https:\\\/\\\/secure.gravatar.com\\\/avatar\\\/2fcdf27c78ea025fbdb44e914cc63c72249ffec9dc8aafd5c82b26240ef3f346?s=96&d=mm&r=g\",\"caption\":\"Redazione\"},\"url\":\"https:\\\/\\\/www.rassegnastampa-totustuus.it\\\/cattolica\\\/author\\\/pietroelle\\\/\"}]}<\/script>\n<!-- \/ Yoast SEO plugin. -->","yoast_head_json":{"title":"La vita come scelta di campo - Rassegna Stampa Cattolica","description":"Rassegna Stampa Cattolica - Per una cultura che nasce dalla Rivelazione cristiana in conformit\u00e0 alla tradizione e al Magistero della Chiesa in opposizione ad ogni relativismo e totalitarismo","robots":{"index":"index","follow":"follow","max-snippet":"max-snippet:-1","max-image-preview":"max-image-preview:large","max-video-preview":"max-video-preview:-1"},"canonical":"https:\/\/www.rassegnastampa-totustuus.it\/cattolica\/la-vita-come-scelta-di-campo\/","og_locale":"it_IT","og_type":"article","og_title":"La vita come scelta di campo - Rassegna Stampa Cattolica","og_description":"Rassegna Stampa Cattolica - Per una cultura che nasce dalla Rivelazione cristiana in conformit\u00e0 alla tradizione e al Magistero della Chiesa in opposizione ad ogni relativismo e totalitarismo","og_url":"https:\/\/www.rassegnastampa-totustuus.it\/cattolica\/la-vita-come-scelta-di-campo\/","og_site_name":"Rassegna Stampa Cattolica","article_publisher":"https:\/\/www.facebook.com\/rassegnastampacattolica","article_published_time":"2006-07-26T22:00:00+00:00","article_modified_time":"2016-02-22T12:21:33+00:00","og_image":[{"width":186,"height":240,"url":"https:\/\/www.rassegnastampa-totustuus.it\/cattolica\/wp-content\/uploads\/2006\/07\/San-Giorgio.jpg","type":"image\/jpeg"}],"author":"Redazione","twitter_card":"summary_large_image","twitter_creator":"@rassegnastampa9","twitter_site":"@rassegnastampa9","twitter_misc":{"Scritto da":"Redazione","Tempo di lettura stimato":"5 minuti"},"schema":{"@context":"https:\/\/schema.org","@graph":[{"@type":"Article","@id":"https:\/\/www.rassegnastampa-totustuus.it\/cattolica\/la-vita-come-scelta-di-campo\/#article","isPartOf":{"@id":"https:\/\/www.rassegnastampa-totustuus.it\/cattolica\/la-vita-come-scelta-di-campo\/"},"author":{"name":"Redazione","@id":"https:\/\/www.rassegnastampa-totustuus.it\/cattolica\/#\/schema\/person\/08f319d2bd1a0904ad9e2bfb7b15e5c3"},"headline":"La vita come scelta di campo","datePublished":"2006-07-26T22:00:00+00:00","dateModified":"2016-02-22T12:21:33+00:00","mainEntityOfPage":{"@id":"https:\/\/www.rassegnastampa-totustuus.it\/cattolica\/la-vita-come-scelta-di-campo\/"},"wordCount":1076,"publisher":{"@id":"https:\/\/www.rassegnastampa-totustuus.it\/cattolica\/#organization"},"image":{"@id":"https:\/\/www.rassegnastampa-totustuus.it\/cattolica\/la-vita-come-scelta-di-campo\/#primaryimage"},"thumbnailUrl":"https:\/\/www.rassegnastampa-totustuus.it\/cattolica\/wp-content\/uploads\/2006\/07\/San-Giorgio.jpg","keywords":["vita"],"articleSection":["Chiesa","Dottrina e morale"],"inLanguage":"it-IT"},{"@type":"WebPage","@id":"https:\/\/www.rassegnastampa-totustuus.it\/cattolica\/la-vita-come-scelta-di-campo\/","url":"https:\/\/www.rassegnastampa-totustuus.it\/cattolica\/la-vita-come-scelta-di-campo\/","name":"La vita come scelta di campo - Rassegna Stampa Cattolica","isPartOf":{"@id":"https:\/\/www.rassegnastampa-totustuus.it\/cattolica\/#website"},"primaryImageOfPage":{"@id":"https:\/\/www.rassegnastampa-totustuus.it\/cattolica\/la-vita-come-scelta-di-campo\/#primaryimage"},"image":{"@id":"https:\/\/www.rassegnastampa-totustuus.it\/cattolica\/la-vita-come-scelta-di-campo\/#primaryimage"},"thumbnailUrl":"https:\/\/www.rassegnastampa-totustuus.it\/cattolica\/wp-content\/uploads\/2006\/07\/San-Giorgio.jpg","datePublished":"2006-07-26T22:00:00+00:00","dateModified":"2016-02-22T12:21:33+00:00","description":"Rassegna Stampa Cattolica - Per una cultura che nasce dalla Rivelazione cristiana in conformit\u00e0 alla tradizione e al Magistero della Chiesa in opposizione ad ogni relativismo e totalitarismo","breadcrumb":{"@id":"https:\/\/www.rassegnastampa-totustuus.it\/cattolica\/la-vita-come-scelta-di-campo\/#breadcrumb"},"inLanguage":"it-IT","potentialAction":[{"@type":"ReadAction","target":["https:\/\/www.rassegnastampa-totustuus.it\/cattolica\/la-vita-come-scelta-di-campo\/"]}]},{"@type":"ImageObject","inLanguage":"it-IT","@id":"https:\/\/www.rassegnastampa-totustuus.it\/cattolica\/la-vita-come-scelta-di-campo\/#primaryimage","url":"https:\/\/www.rassegnastampa-totustuus.it\/cattolica\/wp-content\/uploads\/2006\/07\/San-Giorgio.jpg","contentUrl":"https:\/\/www.rassegnastampa-totustuus.it\/cattolica\/wp-content\/uploads\/2006\/07\/San-Giorgio.jpg","width":186,"height":240},{"@type":"BreadcrumbList","@id":"https:\/\/www.rassegnastampa-totustuus.it\/cattolica\/la-vita-come-scelta-di-campo\/#breadcrumb","itemListElement":[{"@type":"ListItem","position":1,"name":"Home","item":"https:\/\/www.rassegnastampa-totustuus.it\/cattolica\/"},{"@type":"ListItem","position":2,"name":"La vita come scelta di campo"}]},{"@type":"WebSite","@id":"https:\/\/www.rassegnastampa-totustuus.it\/cattolica\/#website","url":"https:\/\/www.rassegnastampa-totustuus.it\/cattolica\/","name":"Rassegna Stampa Cattolica","description":"Per una cultura che nasce dalla Rivelazione cristiana in conformit\u00e0 alla tradizione e al Magistero della Chiesa in opposizione ad ogni relativismo e totalitarismo","publisher":{"@id":"https:\/\/www.rassegnastampa-totustuus.it\/cattolica\/#organization"},"alternateName":"Rass. Cattolica","potentialAction":[{"@type":"SearchAction","target":{"@type":"EntryPoint","urlTemplate":"https:\/\/www.rassegnastampa-totustuus.it\/cattolica\/?s={search_term_string}"},"query-input":{"@type":"PropertyValueSpecification","valueRequired":true,"valueName":"search_term_string"}}],"inLanguage":"it-IT"},{"@type":"Organization","@id":"https:\/\/www.rassegnastampa-totustuus.it\/cattolica\/#organization","name":"Rassegna Stampa Cattolica","url":"https:\/\/www.rassegnastampa-totustuus.it\/cattolica\/","logo":{"@type":"ImageObject","inLanguage":"it-IT","@id":"https:\/\/www.rassegnastampa-totustuus.it\/cattolica\/#\/schema\/logo\/image\/","url":"https:\/\/www.rassegnastampa-totustuus.it\/cattolica\/wp-content\/uploads\/2014\/04\/logo-rassegna1.gif","contentUrl":"https:\/\/www.rassegnastampa-totustuus.it\/cattolica\/wp-content\/uploads\/2014\/04\/logo-rassegna1.gif","width":600,"height":163,"caption":"Rassegna Stampa Cattolica"},"image":{"@id":"https:\/\/www.rassegnastampa-totustuus.it\/cattolica\/#\/schema\/logo\/image\/"},"sameAs":["https:\/\/www.facebook.com\/rassegnastampacattolica","https:\/\/x.com\/rassegnastampa9"]},{"@type":"Person","@id":"https:\/\/www.rassegnastampa-totustuus.it\/cattolica\/#\/schema\/person\/08f319d2bd1a0904ad9e2bfb7b15e5c3","name":"Redazione","image":{"@type":"ImageObject","inLanguage":"it-IT","@id":"https:\/\/secure.gravatar.com\/avatar\/2fcdf27c78ea025fbdb44e914cc63c72249ffec9dc8aafd5c82b26240ef3f346?s=96&d=mm&r=g","url":"https:\/\/secure.gravatar.com\/avatar\/2fcdf27c78ea025fbdb44e914cc63c72249ffec9dc8aafd5c82b26240ef3f346?s=96&d=mm&r=g","contentUrl":"https:\/\/secure.gravatar.com\/avatar\/2fcdf27c78ea025fbdb44e914cc63c72249ffec9dc8aafd5c82b26240ef3f346?s=96&d=mm&r=g","caption":"Redazione"},"url":"https:\/\/www.rassegnastampa-totustuus.it\/cattolica\/author\/pietroelle\/"}]}},"_links":{"self":[{"href":"https:\/\/www.rassegnastampa-totustuus.it\/cattolica\/wp-json\/wp\/v2\/posts\/2152","targetHints":{"allow":["GET"]}}],"collection":[{"href":"https:\/\/www.rassegnastampa-totustuus.it\/cattolica\/wp-json\/wp\/v2\/posts"}],"about":[{"href":"https:\/\/www.rassegnastampa-totustuus.it\/cattolica\/wp-json\/wp\/v2\/types\/post"}],"author":[{"embeddable":true,"href":"https:\/\/www.rassegnastampa-totustuus.it\/cattolica\/wp-json\/wp\/v2\/users\/6"}],"replies":[{"embeddable":true,"href":"https:\/\/www.rassegnastampa-totustuus.it\/cattolica\/wp-json\/wp\/v2\/comments?post=2152"}],"version-history":[{"count":4,"href":"https:\/\/www.rassegnastampa-totustuus.it\/cattolica\/wp-json\/wp\/v2\/posts\/2152\/revisions"}],"predecessor-version":[{"id":30822,"href":"https:\/\/www.rassegnastampa-totustuus.it\/cattolica\/wp-json\/wp\/v2\/posts\/2152\/revisions\/30822"}],"wp:featuredmedia":[{"embeddable":true,"href":"https:\/\/www.rassegnastampa-totustuus.it\/cattolica\/wp-json\/wp\/v2\/media\/30789"}],"wp:attachment":[{"href":"https:\/\/www.rassegnastampa-totustuus.it\/cattolica\/wp-json\/wp\/v2\/media?parent=2152"}],"wp:term":[{"taxonomy":"category","embeddable":true,"href":"https:\/\/www.rassegnastampa-totustuus.it\/cattolica\/wp-json\/wp\/v2\/categories?post=2152"},{"taxonomy":"post_tag","embeddable":true,"href":"https:\/\/www.rassegnastampa-totustuus.it\/cattolica\/wp-json\/wp\/v2\/tags?post=2152"}],"curies":[{"name":"wp","href":"https:\/\/api.w.org\/{rel}","templated":true}]}}