{"id":2147,"date":"2006-07-20T10:56:43","date_gmt":"2006-07-20T08:56:43","guid":{"rendered":""},"modified":"2016-06-15T12:13:00","modified_gmt":"2016-06-15T10:13:00","slug":"la-colla-dellunione","status":"publish","type":"post","link":"https:\/\/www.rassegnastampa-totustuus.it\/cattolica\/la-colla-dellunione\/","title":{"rendered":"La colla dell&#8217;Unione"},"content":{"rendered":"<div style=\"text-align: center;\"><strong><img loading=\"lazy\" decoding=\"async\" class=\"alignleft wp-image-34861 size-full\" src=\"https:\/\/www.rassegnastampa-totustuus.it\/cattolica\/wp-content\/uploads\/2006\/07\/Unione.jpg\" alt=\"Unione\" width=\"200\" height=\"200\" srcset=\"https:\/\/www.rassegnastampa-totustuus.it\/cattolica\/wp-content\/uploads\/2006\/07\/Unione.jpg 200w, https:\/\/www.rassegnastampa-totustuus.it\/cattolica\/wp-content\/uploads\/2006\/07\/Unione-150x150.jpg 150w\" sizes=\"auto, (max-width: 200px) 100vw, 200px\" \/>Studi Cattolici<\/strong> n.545\/546 luglio-agosto 2006<\/div>\n<p style=\"text-align: center;\">di <strong>Dino Basili<\/strong><\/p>\n<p style=\"text-align: justify;\">L&#8217;esordio \u00e8 stato mediocre, nonostante l\u2019autoreferenzialit\u00e0 baldanzosa. Il governo di sinistra-centro non ha raggiunto l&#8217;obiettivo di dare subito il rapido \u00absegnale di cambiamento\u00bb promesso. Anzi, la partenza \u00e8 stata faticosa, con il motore ingolfato. Gi\u00f9 di giri. Le occasioni per migliorare non mancheranno&#8230;<\/p>\n<p><!--more--><\/p>\n<div style=\"text-align: justify;\">Coraggio, la situazione economica che l&#8217;Unione squadernava catastrofica alla vigilia elettorale, in un battibaleno \u00e8 divenuta \u00abdifficile, ma non drammatica\u00bb: con la pillola Ru486 e le coppie di fatto come urgenze in un Paese dipinto in fondo al baratro pi\u00f9 che al suo orlo.<\/div>\n<p style=\"text-align: justify;\">Quasi un miracolo, realizzabile grazie al favore dei media. Naturalmente, non \u00e8 squillato alcun allarme democratico davanti al proposito di andare in Parlamento il meno possibile, per il risicato margine in Senato, arrangiandosi con atti amministrativi. II governo doveva essere snello e \u00abqualificato\u00bb, invece ha battuto il record di poltrone e poltroncine, ben fornito delle discusse \u00abcompetenze generiche\u00bb, comprendente pure elementi che <em>vonno impar\u00e0<\/em>.<\/p>\n<p style=\"text-align: justify;\">Inoltre \u00e8 stata devastata la precedente razionalizzazione ministeriale della riforma Bassanini, spacchettando e inventando litigiosamente funzioni e strutture, incarichi e deleghe, con uno spreco di risorse in contrasto con il conclamato rigore e l&#8217;esigenza di ridurre i costi della politica (circa 500 mila persone a libro paga). Ancora. Per blindare la disomogenea maggioranza sono state riscoperte vecchie \u00ablogiche di partito\u00bb, che non sono riuscite a impedire il frequente levarsi di voci stonate e vertiginosi esibizionismi: un susseguirsi di \u00abstrappi\u00bb.<\/p>\n<p style=\"text-align: justify;\">Di che cosa? A volte \u00e8 poco comprensibile, perch\u00e9 il tessuto (cio\u00e8 il programma effettivo) somiglia a un manto d&#8217;Arlecchino. \u00abFare squadra\u00bb \u00e8 un&#8217;eccellente intenzione. Per l&#8217;alta classifica, per\u00f2, non bastano un esperto allenatore, un acrobatico portiere e un robusto centrocampista di spinta. Sulla fascia sinistra piovono autogol. La partita riguardi la famiglia o le \u00abfrecce tricolori\u00bb (chiss\u00e0, forse vorrebbero che lasciassero nel cielo solo strisce rosse).<\/p>\n<p style=\"text-align: justify;\">Dei famosi \u00abprimi cento giorni\u00bb una parte cospicua \u00e8 stata consumata per riparare le crepe della coalizione. Quanto regger\u00e0 alle intemperie lo stucco del potere? Il problema dei problemi, lunga o breve che sia la legislatura, \u00e8 come rendere davvero \u00abinnocua\u00bb e \u00abfolkloristica\u00bb l&#8217;ala neocomunista della maggioranza, che evidentemente non accetta n\u00e9 l&#8217;una n\u00e9 l&#8217;altra etichetta e lotta contro la \u00abdeviazione moderata\u00bb dell&#8217;esecutivo. Nonostante le velature di regia, gi\u00e0 ne risentono i provvedimenti per la ripresa di una matura economia di mercato in un mondo globalizzato e i doveri forti verso la.partnership occidentale.<\/p>\n<p style=\"text-align: justify;\">Altra insidia rilevante: il laicismo ossessivo, quasi ansioso di umiliare il cattolicesimo, caratteristica (purtroppo) tutt&#8217;altro che esclusiva.<\/p>\n<p style=\"text-align: justify;\">Gli autentici riformisti della maggioranza non hanno avuto e non avranno una vita facile. E cos\u00ec il governo, a prescindere dai tentativi del centro-destra di dare qualche \u00abspallata\u00bb (per avere successo dovrebbe divenire meno fluido, rappresentare con maggiore convinzione i consensi ottenuti dalla met\u00e0 dell&#8217;elettorato).<\/p>\n<p style=\"text-align: justify;\">Un altro traguardo fallito, almeno per adesso, \u00e8 l&#8217;avvio di un clima pi\u00f9 propenso al dialogo bipolare. Tanti appelli verbosi, nessun comportamento distensivo. Il livello degli scontri quotidiani resta elevato, con una coda interminabile di delegittimazioni. Pare che l&#8217;insistita retorica anti-Berlusconi sia una colla insostituibile per l&#8217;Unione, dove sono affiorati perfino aspetti comici.<\/p>\n<p style=\"text-align: justify;\">Esempio: chi \u00e8 uscito dal seminato, nella maggioranza, \u00e8 stato accusato di \u00abberlusconismo di sinistra\u00bb&#8230; Sono indicativi, tra l&#8217;altro, gli eccessi allarmistici attorno al referendum costituzionale, spesso in malafede. Se \u00e8 vero che la storia italiana \u00e8 costellata dalle divisioni verticali, dobbiamo tenerci il cosiddetto \u00abbipolarismo feroce\u00bb? Mai rassegnarsi.<\/p>\n<p style=\"text-align: justify;\">Sarebbe gi\u00e0 importante abbassare certe temperature: gli estremisti, per prosperare, hanno bisogno che siano infuocate. Il Paese invece deperisce senza mediazioni e convergenze virtuose, finalmente capaci di produrre equit\u00e0 sociale, diffuso benessere, sicurezza. Il partito democratico, si dice, sar\u00e0 una panacea.<\/p>\n<p style=\"text-align: justify;\">Diamolo per scontato. Ma si avvicina sul serio? Non sembra in corso un vasto e profondo processo politico-culturale che vada oltre il desiderio di \u00abmettersi insieme\u00bb espresso ai vertici dei due partiti-base dell&#8217;Ulivo (Ds e Margherita). Molte dichiarazioni, diffidenze trattenute, amalgama scarso. Uno <em>stop and go<\/em> che indispettisce quei Ds che ormai \u00abpretendono\u00bb la nascita del nuovo partito per scolorire ulteriormente le loro origini, per averne inevitabilmente la guida e arrivare in carrozza a Palazzo Chigi.<\/p>\n","protected":false},"excerpt":{"rendered":"<p>Studi Cattolici n.545\/546 luglio-agosto 2006 di Dino Basili L&#8217;esordio \u00e8 stato mediocre, nonostante l\u2019autoreferenzialit\u00e0 baldanzosa. Il governo di sinistra-centro non ha raggiunto l&#8217;obiettivo di dare subito il rapido \u00absegnale di cambiamento\u00bb promesso. Anzi, la partenza \u00e8 stata faticosa, con il motore ingolfato. Gi\u00f9 di giri. Le occasioni per migliorare non mancheranno&#8230;<\/p><p><a class=\"more-link btn\" href=\"https:\/\/www.rassegnastampa-totustuus.it\/cattolica\/la-colla-dellunione\/\">Continua a leggere<\/a><\/p>\n","protected":false},"author":6,"featured_media":34861,"comment_status":"closed","ping_status":"open","sticky":false,"template":"","format":"standard","meta":{"footnotes":""},"categories":[20],"tags":[1231,1222],"class_list":["post-2147","post","type-post","status-publish","format-standard","has-post-thumbnail","hentry","category-politica-nazionale","tag-sinistre","tag-unione","item-wrap"],"yoast_head":"<!-- This site is optimized with the Yoast SEO plugin v27.5 - https:\/\/yoast.com\/product\/yoast-seo-wordpress\/ -->\n<title>La colla dell&#039;Unione - Rassegna Stampa Cattolica<\/title>\n<meta name=\"description\" content=\"Rassegna Stampa Cattolica - Per una cultura che nasce dalla Rivelazione cristiana in conformit\u00e0 alla tradizione e al Magistero della Chiesa in opposizione ad ogni relativismo e totalitarismo\" \/>\n<meta name=\"robots\" content=\"index, follow, max-snippet:-1, max-image-preview:large, max-video-preview:-1\" \/>\n<link rel=\"canonical\" href=\"https:\/\/www.rassegnastampa-totustuus.it\/cattolica\/la-colla-dellunione\/\" \/>\n<meta property=\"og:locale\" content=\"it_IT\" \/>\n<meta property=\"og:type\" content=\"article\" \/>\n<meta property=\"og:title\" content=\"La colla dell&#039;Unione - Rassegna Stampa Cattolica\" \/>\n<meta property=\"og:description\" content=\"Rassegna Stampa Cattolica - Per una cultura che nasce dalla Rivelazione cristiana in conformit\u00e0 alla tradizione e al Magistero della Chiesa in opposizione ad ogni relativismo e totalitarismo\" \/>\n<meta property=\"og:url\" content=\"https:\/\/www.rassegnastampa-totustuus.it\/cattolica\/la-colla-dellunione\/\" \/>\n<meta property=\"og:site_name\" content=\"Rassegna Stampa Cattolica\" \/>\n<meta property=\"article:publisher\" content=\"https:\/\/www.facebook.com\/rassegnastampacattolica\" \/>\n<meta property=\"article:published_time\" content=\"2006-07-20T08:56:43+00:00\" \/>\n<meta property=\"article:modified_time\" content=\"2016-06-15T10:13:00+00:00\" \/>\n<meta property=\"og:image\" content=\"https:\/\/www.rassegnastampa-totustuus.it\/cattolica\/wp-content\/uploads\/2006\/07\/Unione.jpg\" \/>\n\t<meta property=\"og:image:width\" content=\"200\" \/>\n\t<meta property=\"og:image:height\" content=\"200\" \/>\n\t<meta property=\"og:image:type\" content=\"image\/jpeg\" \/>\n<meta name=\"author\" content=\"Redazione\" \/>\n<meta name=\"twitter:card\" content=\"summary_large_image\" \/>\n<meta name=\"twitter:creator\" content=\"@rassegnastampa9\" \/>\n<meta name=\"twitter:site\" content=\"@rassegnastampa9\" \/>\n<meta name=\"twitter:label1\" content=\"Scritto da\" \/>\n\t<meta name=\"twitter:data1\" content=\"Redazione\" \/>\n\t<meta name=\"twitter:label2\" content=\"Tempo di lettura stimato\" \/>\n\t<meta name=\"twitter:data2\" content=\"3 minuti\" \/>\n<script type=\"application\/ld+json\" class=\"yoast-schema-graph\">{\"@context\":\"https:\\\/\\\/schema.org\",\"@graph\":[{\"@type\":\"Article\",\"@id\":\"https:\\\/\\\/www.rassegnastampa-totustuus.it\\\/cattolica\\\/la-colla-dellunione\\\/#article\",\"isPartOf\":{\"@id\":\"https:\\\/\\\/www.rassegnastampa-totustuus.it\\\/cattolica\\\/la-colla-dellunione\\\/\"},\"author\":{\"name\":\"Redazione\",\"@id\":\"https:\\\/\\\/www.rassegnastampa-totustuus.it\\\/cattolica\\\/#\\\/schema\\\/person\\\/08f319d2bd1a0904ad9e2bfb7b15e5c3\"},\"headline\":\"La colla dell&#8217;Unione\",\"datePublished\":\"2006-07-20T08:56:43+00:00\",\"dateModified\":\"2016-06-15T10:13:00+00:00\",\"mainEntityOfPage\":{\"@id\":\"https:\\\/\\\/www.rassegnastampa-totustuus.it\\\/cattolica\\\/la-colla-dellunione\\\/\"},\"wordCount\":687,\"publisher\":{\"@id\":\"https:\\\/\\\/www.rassegnastampa-totustuus.it\\\/cattolica\\\/#organization\"},\"image\":{\"@id\":\"https:\\\/\\\/www.rassegnastampa-totustuus.it\\\/cattolica\\\/la-colla-dellunione\\\/#primaryimage\"},\"thumbnailUrl\":\"https:\\\/\\\/www.rassegnastampa-totustuus.it\\\/cattolica\\\/wp-content\\\/uploads\\\/2006\\\/07\\\/Unione.jpg\",\"keywords\":[\"sinistre\",\"Unione\"],\"articleSection\":[\"Politica nazionale\"],\"inLanguage\":\"it-IT\"},{\"@type\":\"WebPage\",\"@id\":\"https:\\\/\\\/www.rassegnastampa-totustuus.it\\\/cattolica\\\/la-colla-dellunione\\\/\",\"url\":\"https:\\\/\\\/www.rassegnastampa-totustuus.it\\\/cattolica\\\/la-colla-dellunione\\\/\",\"name\":\"La colla dell'Unione - Rassegna Stampa Cattolica\",\"isPartOf\":{\"@id\":\"https:\\\/\\\/www.rassegnastampa-totustuus.it\\\/cattolica\\\/#website\"},\"primaryImageOfPage\":{\"@id\":\"https:\\\/\\\/www.rassegnastampa-totustuus.it\\\/cattolica\\\/la-colla-dellunione\\\/#primaryimage\"},\"image\":{\"@id\":\"https:\\\/\\\/www.rassegnastampa-totustuus.it\\\/cattolica\\\/la-colla-dellunione\\\/#primaryimage\"},\"thumbnailUrl\":\"https:\\\/\\\/www.rassegnastampa-totustuus.it\\\/cattolica\\\/wp-content\\\/uploads\\\/2006\\\/07\\\/Unione.jpg\",\"datePublished\":\"2006-07-20T08:56:43+00:00\",\"dateModified\":\"2016-06-15T10:13:00+00:00\",\"description\":\"Rassegna Stampa Cattolica - Per una cultura che nasce dalla Rivelazione cristiana in conformit\u00e0 alla tradizione e al Magistero della Chiesa in opposizione ad ogni relativismo e totalitarismo\",\"breadcrumb\":{\"@id\":\"https:\\\/\\\/www.rassegnastampa-totustuus.it\\\/cattolica\\\/la-colla-dellunione\\\/#breadcrumb\"},\"inLanguage\":\"it-IT\",\"potentialAction\":[{\"@type\":\"ReadAction\",\"target\":[\"https:\\\/\\\/www.rassegnastampa-totustuus.it\\\/cattolica\\\/la-colla-dellunione\\\/\"]}]},{\"@type\":\"ImageObject\",\"inLanguage\":\"it-IT\",\"@id\":\"https:\\\/\\\/www.rassegnastampa-totustuus.it\\\/cattolica\\\/la-colla-dellunione\\\/#primaryimage\",\"url\":\"https:\\\/\\\/www.rassegnastampa-totustuus.it\\\/cattolica\\\/wp-content\\\/uploads\\\/2006\\\/07\\\/Unione.jpg\",\"contentUrl\":\"https:\\\/\\\/www.rassegnastampa-totustuus.it\\\/cattolica\\\/wp-content\\\/uploads\\\/2006\\\/07\\\/Unione.jpg\",\"width\":200,\"height\":200},{\"@type\":\"BreadcrumbList\",\"@id\":\"https:\\\/\\\/www.rassegnastampa-totustuus.it\\\/cattolica\\\/la-colla-dellunione\\\/#breadcrumb\",\"itemListElement\":[{\"@type\":\"ListItem\",\"position\":1,\"name\":\"Home\",\"item\":\"https:\\\/\\\/www.rassegnastampa-totustuus.it\\\/cattolica\\\/\"},{\"@type\":\"ListItem\",\"position\":2,\"name\":\"La colla dell&#8217;Unione\"}]},{\"@type\":\"WebSite\",\"@id\":\"https:\\\/\\\/www.rassegnastampa-totustuus.it\\\/cattolica\\\/#website\",\"url\":\"https:\\\/\\\/www.rassegnastampa-totustuus.it\\\/cattolica\\\/\",\"name\":\"Rassegna Stampa Cattolica\",\"description\":\"Per una cultura che nasce dalla Rivelazione cristiana in conformit\u00e0 alla tradizione e al Magistero della Chiesa in opposizione ad ogni relativismo e totalitarismo\",\"publisher\":{\"@id\":\"https:\\\/\\\/www.rassegnastampa-totustuus.it\\\/cattolica\\\/#organization\"},\"alternateName\":\"Rass. Cattolica\",\"potentialAction\":[{\"@type\":\"SearchAction\",\"target\":{\"@type\":\"EntryPoint\",\"urlTemplate\":\"https:\\\/\\\/www.rassegnastampa-totustuus.it\\\/cattolica\\\/?s={search_term_string}\"},\"query-input\":{\"@type\":\"PropertyValueSpecification\",\"valueRequired\":true,\"valueName\":\"search_term_string\"}}],\"inLanguage\":\"it-IT\"},{\"@type\":\"Organization\",\"@id\":\"https:\\\/\\\/www.rassegnastampa-totustuus.it\\\/cattolica\\\/#organization\",\"name\":\"Rassegna Stampa Cattolica\",\"url\":\"https:\\\/\\\/www.rassegnastampa-totustuus.it\\\/cattolica\\\/\",\"logo\":{\"@type\":\"ImageObject\",\"inLanguage\":\"it-IT\",\"@id\":\"https:\\\/\\\/www.rassegnastampa-totustuus.it\\\/cattolica\\\/#\\\/schema\\\/logo\\\/image\\\/\",\"url\":\"https:\\\/\\\/www.rassegnastampa-totustuus.it\\\/cattolica\\\/wp-content\\\/uploads\\\/2014\\\/04\\\/logo-rassegna1.gif\",\"contentUrl\":\"https:\\\/\\\/www.rassegnastampa-totustuus.it\\\/cattolica\\\/wp-content\\\/uploads\\\/2014\\\/04\\\/logo-rassegna1.gif\",\"width\":600,\"height\":163,\"caption\":\"Rassegna Stampa Cattolica\"},\"image\":{\"@id\":\"https:\\\/\\\/www.rassegnastampa-totustuus.it\\\/cattolica\\\/#\\\/schema\\\/logo\\\/image\\\/\"},\"sameAs\":[\"https:\\\/\\\/www.facebook.com\\\/rassegnastampacattolica\",\"https:\\\/\\\/x.com\\\/rassegnastampa9\"]},{\"@type\":\"Person\",\"@id\":\"https:\\\/\\\/www.rassegnastampa-totustuus.it\\\/cattolica\\\/#\\\/schema\\\/person\\\/08f319d2bd1a0904ad9e2bfb7b15e5c3\",\"name\":\"Redazione\",\"image\":{\"@type\":\"ImageObject\",\"inLanguage\":\"it-IT\",\"@id\":\"https:\\\/\\\/secure.gravatar.com\\\/avatar\\\/2fcdf27c78ea025fbdb44e914cc63c72249ffec9dc8aafd5c82b26240ef3f346?s=96&d=mm&r=g\",\"url\":\"https:\\\/\\\/secure.gravatar.com\\\/avatar\\\/2fcdf27c78ea025fbdb44e914cc63c72249ffec9dc8aafd5c82b26240ef3f346?s=96&d=mm&r=g\",\"contentUrl\":\"https:\\\/\\\/secure.gravatar.com\\\/avatar\\\/2fcdf27c78ea025fbdb44e914cc63c72249ffec9dc8aafd5c82b26240ef3f346?s=96&d=mm&r=g\",\"caption\":\"Redazione\"},\"url\":\"https:\\\/\\\/www.rassegnastampa-totustuus.it\\\/cattolica\\\/author\\\/pietroelle\\\/\"}]}<\/script>\n<!-- \/ Yoast SEO plugin. -->","yoast_head_json":{"title":"La colla dell'Unione - Rassegna Stampa Cattolica","description":"Rassegna Stampa Cattolica - Per una cultura che nasce dalla Rivelazione cristiana in conformit\u00e0 alla tradizione e al Magistero della Chiesa in opposizione ad ogni relativismo e totalitarismo","robots":{"index":"index","follow":"follow","max-snippet":"max-snippet:-1","max-image-preview":"max-image-preview:large","max-video-preview":"max-video-preview:-1"},"canonical":"https:\/\/www.rassegnastampa-totustuus.it\/cattolica\/la-colla-dellunione\/","og_locale":"it_IT","og_type":"article","og_title":"La colla dell'Unione - Rassegna Stampa Cattolica","og_description":"Rassegna Stampa Cattolica - Per una cultura che nasce dalla Rivelazione cristiana in conformit\u00e0 alla tradizione e al Magistero della Chiesa in opposizione ad ogni relativismo e totalitarismo","og_url":"https:\/\/www.rassegnastampa-totustuus.it\/cattolica\/la-colla-dellunione\/","og_site_name":"Rassegna Stampa Cattolica","article_publisher":"https:\/\/www.facebook.com\/rassegnastampacattolica","article_published_time":"2006-07-20T08:56:43+00:00","article_modified_time":"2016-06-15T10:13:00+00:00","og_image":[{"width":200,"height":200,"url":"https:\/\/www.rassegnastampa-totustuus.it\/cattolica\/wp-content\/uploads\/2006\/07\/Unione.jpg","type":"image\/jpeg"}],"author":"Redazione","twitter_card":"summary_large_image","twitter_creator":"@rassegnastampa9","twitter_site":"@rassegnastampa9","twitter_misc":{"Scritto da":"Redazione","Tempo di lettura stimato":"3 minuti"},"schema":{"@context":"https:\/\/schema.org","@graph":[{"@type":"Article","@id":"https:\/\/www.rassegnastampa-totustuus.it\/cattolica\/la-colla-dellunione\/#article","isPartOf":{"@id":"https:\/\/www.rassegnastampa-totustuus.it\/cattolica\/la-colla-dellunione\/"},"author":{"name":"Redazione","@id":"https:\/\/www.rassegnastampa-totustuus.it\/cattolica\/#\/schema\/person\/08f319d2bd1a0904ad9e2bfb7b15e5c3"},"headline":"La colla dell&#8217;Unione","datePublished":"2006-07-20T08:56:43+00:00","dateModified":"2016-06-15T10:13:00+00:00","mainEntityOfPage":{"@id":"https:\/\/www.rassegnastampa-totustuus.it\/cattolica\/la-colla-dellunione\/"},"wordCount":687,"publisher":{"@id":"https:\/\/www.rassegnastampa-totustuus.it\/cattolica\/#organization"},"image":{"@id":"https:\/\/www.rassegnastampa-totustuus.it\/cattolica\/la-colla-dellunione\/#primaryimage"},"thumbnailUrl":"https:\/\/www.rassegnastampa-totustuus.it\/cattolica\/wp-content\/uploads\/2006\/07\/Unione.jpg","keywords":["sinistre","Unione"],"articleSection":["Politica nazionale"],"inLanguage":"it-IT"},{"@type":"WebPage","@id":"https:\/\/www.rassegnastampa-totustuus.it\/cattolica\/la-colla-dellunione\/","url":"https:\/\/www.rassegnastampa-totustuus.it\/cattolica\/la-colla-dellunione\/","name":"La colla dell'Unione - Rassegna Stampa Cattolica","isPartOf":{"@id":"https:\/\/www.rassegnastampa-totustuus.it\/cattolica\/#website"},"primaryImageOfPage":{"@id":"https:\/\/www.rassegnastampa-totustuus.it\/cattolica\/la-colla-dellunione\/#primaryimage"},"image":{"@id":"https:\/\/www.rassegnastampa-totustuus.it\/cattolica\/la-colla-dellunione\/#primaryimage"},"thumbnailUrl":"https:\/\/www.rassegnastampa-totustuus.it\/cattolica\/wp-content\/uploads\/2006\/07\/Unione.jpg","datePublished":"2006-07-20T08:56:43+00:00","dateModified":"2016-06-15T10:13:00+00:00","description":"Rassegna Stampa Cattolica - Per una cultura che nasce dalla Rivelazione cristiana in conformit\u00e0 alla tradizione e al Magistero della Chiesa in opposizione ad ogni relativismo e totalitarismo","breadcrumb":{"@id":"https:\/\/www.rassegnastampa-totustuus.it\/cattolica\/la-colla-dellunione\/#breadcrumb"},"inLanguage":"it-IT","potentialAction":[{"@type":"ReadAction","target":["https:\/\/www.rassegnastampa-totustuus.it\/cattolica\/la-colla-dellunione\/"]}]},{"@type":"ImageObject","inLanguage":"it-IT","@id":"https:\/\/www.rassegnastampa-totustuus.it\/cattolica\/la-colla-dellunione\/#primaryimage","url":"https:\/\/www.rassegnastampa-totustuus.it\/cattolica\/wp-content\/uploads\/2006\/07\/Unione.jpg","contentUrl":"https:\/\/www.rassegnastampa-totustuus.it\/cattolica\/wp-content\/uploads\/2006\/07\/Unione.jpg","width":200,"height":200},{"@type":"BreadcrumbList","@id":"https:\/\/www.rassegnastampa-totustuus.it\/cattolica\/la-colla-dellunione\/#breadcrumb","itemListElement":[{"@type":"ListItem","position":1,"name":"Home","item":"https:\/\/www.rassegnastampa-totustuus.it\/cattolica\/"},{"@type":"ListItem","position":2,"name":"La colla dell&#8217;Unione"}]},{"@type":"WebSite","@id":"https:\/\/www.rassegnastampa-totustuus.it\/cattolica\/#website","url":"https:\/\/www.rassegnastampa-totustuus.it\/cattolica\/","name":"Rassegna Stampa Cattolica","description":"Per una cultura che nasce dalla Rivelazione cristiana in conformit\u00e0 alla tradizione e al Magistero della Chiesa in opposizione ad ogni relativismo e totalitarismo","publisher":{"@id":"https:\/\/www.rassegnastampa-totustuus.it\/cattolica\/#organization"},"alternateName":"Rass. Cattolica","potentialAction":[{"@type":"SearchAction","target":{"@type":"EntryPoint","urlTemplate":"https:\/\/www.rassegnastampa-totustuus.it\/cattolica\/?s={search_term_string}"},"query-input":{"@type":"PropertyValueSpecification","valueRequired":true,"valueName":"search_term_string"}}],"inLanguage":"it-IT"},{"@type":"Organization","@id":"https:\/\/www.rassegnastampa-totustuus.it\/cattolica\/#organization","name":"Rassegna Stampa Cattolica","url":"https:\/\/www.rassegnastampa-totustuus.it\/cattolica\/","logo":{"@type":"ImageObject","inLanguage":"it-IT","@id":"https:\/\/www.rassegnastampa-totustuus.it\/cattolica\/#\/schema\/logo\/image\/","url":"https:\/\/www.rassegnastampa-totustuus.it\/cattolica\/wp-content\/uploads\/2014\/04\/logo-rassegna1.gif","contentUrl":"https:\/\/www.rassegnastampa-totustuus.it\/cattolica\/wp-content\/uploads\/2014\/04\/logo-rassegna1.gif","width":600,"height":163,"caption":"Rassegna Stampa Cattolica"},"image":{"@id":"https:\/\/www.rassegnastampa-totustuus.it\/cattolica\/#\/schema\/logo\/image\/"},"sameAs":["https:\/\/www.facebook.com\/rassegnastampacattolica","https:\/\/x.com\/rassegnastampa9"]},{"@type":"Person","@id":"https:\/\/www.rassegnastampa-totustuus.it\/cattolica\/#\/schema\/person\/08f319d2bd1a0904ad9e2bfb7b15e5c3","name":"Redazione","image":{"@type":"ImageObject","inLanguage":"it-IT","@id":"https:\/\/secure.gravatar.com\/avatar\/2fcdf27c78ea025fbdb44e914cc63c72249ffec9dc8aafd5c82b26240ef3f346?s=96&d=mm&r=g","url":"https:\/\/secure.gravatar.com\/avatar\/2fcdf27c78ea025fbdb44e914cc63c72249ffec9dc8aafd5c82b26240ef3f346?s=96&d=mm&r=g","contentUrl":"https:\/\/secure.gravatar.com\/avatar\/2fcdf27c78ea025fbdb44e914cc63c72249ffec9dc8aafd5c82b26240ef3f346?s=96&d=mm&r=g","caption":"Redazione"},"url":"https:\/\/www.rassegnastampa-totustuus.it\/cattolica\/author\/pietroelle\/"}]}},"_links":{"self":[{"href":"https:\/\/www.rassegnastampa-totustuus.it\/cattolica\/wp-json\/wp\/v2\/posts\/2147","targetHints":{"allow":["GET"]}}],"collection":[{"href":"https:\/\/www.rassegnastampa-totustuus.it\/cattolica\/wp-json\/wp\/v2\/posts"}],"about":[{"href":"https:\/\/www.rassegnastampa-totustuus.it\/cattolica\/wp-json\/wp\/v2\/types\/post"}],"author":[{"embeddable":true,"href":"https:\/\/www.rassegnastampa-totustuus.it\/cattolica\/wp-json\/wp\/v2\/users\/6"}],"replies":[{"embeddable":true,"href":"https:\/\/www.rassegnastampa-totustuus.it\/cattolica\/wp-json\/wp\/v2\/comments?post=2147"}],"version-history":[{"count":4,"href":"https:\/\/www.rassegnastampa-totustuus.it\/cattolica\/wp-json\/wp\/v2\/posts\/2147\/revisions"}],"predecessor-version":[{"id":34862,"href":"https:\/\/www.rassegnastampa-totustuus.it\/cattolica\/wp-json\/wp\/v2\/posts\/2147\/revisions\/34862"}],"wp:featuredmedia":[{"embeddable":true,"href":"https:\/\/www.rassegnastampa-totustuus.it\/cattolica\/wp-json\/wp\/v2\/media\/34861"}],"wp:attachment":[{"href":"https:\/\/www.rassegnastampa-totustuus.it\/cattolica\/wp-json\/wp\/v2\/media?parent=2147"}],"wp:term":[{"taxonomy":"category","embeddable":true,"href":"https:\/\/www.rassegnastampa-totustuus.it\/cattolica\/wp-json\/wp\/v2\/categories?post=2147"},{"taxonomy":"post_tag","embeddable":true,"href":"https:\/\/www.rassegnastampa-totustuus.it\/cattolica\/wp-json\/wp\/v2\/tags?post=2147"}],"curies":[{"name":"wp","href":"https:\/\/api.w.org\/{rel}","templated":true}]}}