{"id":21434,"date":"2015-03-13T09:42:37","date_gmt":"2015-03-13T08:42:37","guid":{"rendered":"http:\/\/www.rassegnastampa-totustuus.it\/cattolica\/?p=21434"},"modified":"2015-03-13T09:42:37","modified_gmt":"2015-03-13T08:42:37","slug":"non-sempre-cantando-si-impara","status":"publish","type":"post","link":"https:\/\/www.rassegnastampa-totustuus.it\/cattolica\/non-sempre-cantando-si-impara\/","title":{"rendered":"Non sempre cantando si impara"},"content":{"rendered":"<p style=\"text-align: center;\"><strong><a href=\"https:\/\/www.rassegnastampa-totustuus.it\/cattolica\/wp-content\/uploads\/2015\/03\/G_Paoli.jpg\"><img loading=\"lazy\" decoding=\"async\" class=\"alignright wp-image-21435\" src=\"https:\/\/www.rassegnastampa-totustuus.it\/cattolica\/wp-content\/uploads\/2015\/03\/G_Paoli-300x261.jpg\" alt=\"G_Paoli\" width=\"250\" height=\"218\" srcset=\"https:\/\/www.rassegnastampa-totustuus.it\/cattolica\/wp-content\/uploads\/2015\/03\/G_Paoli-300x261.jpg 300w, https:\/\/www.rassegnastampa-totustuus.it\/cattolica\/wp-content\/uploads\/2015\/03\/G_Paoli-1024x892.jpg 1024w\" sizes=\"auto, (max-width: 250px) 100vw, 250px\" \/><\/a>Vita Nuova.<\/strong> Settimanale cattolico di Trieste &#8211; Anno 9513 marzo 2015<\/p>\n<p style=\"text-align: justify;\"><em>Gino Paoli: il nero in una stanza (del PD). La recente vicenda di cronaca che ha riguardato l&#8217;artista monfalconese<\/em><\/p>\n<p style=\"text-align: center;\">di<strong> Giuseppe Brienza<\/strong><\/p>\n<p style=\"text-align: justify;\">Cantando non sempre si impara, si potrebbe dire parafrasando il titolo della bella rubrica tenuta da Fabio Trevisan su <em>Vita Nuova<\/em>. Cantando le canzoni di Gino Paoli (1934), cantautore della scuola \u201cgenovese\u201d con un passato da <em>boh\u00e9mien<\/em>, autore di tante canzoni tristi e disperate, infatti, il fondato rischio \u00e8 quello di demoralizzarsi. Per non parlare delle sue interviste e dichiarazioni pubbliche, soprattutto a partire da quel drammatico tentativo di suicidarsi che, nel 1963, lo vide sparare un colpo di pistola dritto al suo cuore, per fortuna sbagliando mira&#8230;<\/p>\n<p style=\"text-align: justify;\"><!--more--><\/p>\n<p style=\"text-align: justify;\">Interpellato poi sull\u2019\u201cinsano gesto\u201d, il noto cantautore lanci\u00f2 ai <em>media<\/em> un irresponsabile messaggio: \u00ab<em>Ogni suicidio \u00e8 diverso, e privato. E\u2019 l\u2019unico modo per scegliere: perch\u00e9 le cose cruciali della vita, l\u2019amore e la morte, non si scelgono; tu non scegli di nascere, n\u00e9 di amare, n\u00e9 di morire. Il suicidio \u00e8 l\u2019unico, arrogante modo dato all\u2019uomo per decidere di s\u00e9<\/em>\u00bb.<\/p>\n<p style=\"text-align: justify;\">\u00ab<em>Terribili frasi<\/em>\u00bb, ha commentato Trevisan nella rubrica dedicata all\u2019artista originario di Monfalcone, la cui vita \u00e8 stata in effetti caratterizzata dal malessere e dal disordine esistenziale, che lo hanno portato pure all\u2019assunzione e dipendenza da droghe.<\/p>\n<p style=\"text-align: justify;\">Nei testi delle sue canzoni Gino Paoli \u00e8 fra i precursori di quella concezione dell\u2019amore pseudo-sentimentale, senza legami istituzionali n\u00e9 apertura all\u2019Infinito, che finisce per trasferire nell\u2019umano le aspirazioni e promesse che, piuttosto, dovrebbero essere indirizzate a Dio. Per esempio, nel\u00a0 grande successo <em>Senza fine<\/em> canta: \u00ab<em>Tu sei un attimo senza fine, non hai ieri e non hai domani\u2026 tu per me sei luna e stelle, tu per me sei sole e cielo, tu per me sei tutto quanto, tutto quanto voglio avere<\/em>\u00bb.<\/p>\n<p style=\"text-align: justify;\">Ricorda Trevisan, riguardo all\u2019altra famosa canzone di Paoli <em>Albergo a ore<\/em>, come l\u2019aspirazione alla vita eterna \u00e8 qui liquidata a squallida parodia: \u00ab<em>E ho messo nel letto i lenzuoli pi\u00f9 nuovi poi, come San Pietro, gli ho dato le chiavi di quel paradiso e ho chiuso la stanza sul loro sorriso!<\/em>\u00bb.<\/p>\n<p style=\"text-align: justify;\">Pur non avendo mai, o quasi, espresso interessi religiosi, Paoli \u00e8 stato al centro dell\u2019ultimo \u201cCortile dei Gentili\u201d, chiamato a Bologna lo scorso 26 settembre, ad intrattenere un dialogo niente po\u2019 po\u2019 di meno che con il cardinale Gianfranco Ravasi, presidente del promotore <em>Pontificio Consiglio per la Cultura<\/em>. Alla fine della conferenza, poi, ne \u00e8 anche seguito un suo concerto in accoppiata con Danilo Rea.<\/p>\n<p style=\"text-align: justify;\">Il libertinaggio ed il materialismo che hanno punteggiato la vicenda umana e la \u201ctestimonianza pubblica\u201d di Gino Paoli si sono riflessi anche nelle scelte fatte a livello politico. Scelte facili negli anni dell\u2019egemonia della sinistra nella cultura italiana, che lo hanno condotto persino all\u2019elezione nel 1987 come deputato del <em>PCI<\/em>. Dopo la caduta del Muro di Berlino ha poi continuato ad essere fra i <em>testimonial<\/em> preferiti dell\u2019ala pi\u00f9 <em>retr\u00f2<\/em> del PDS-DS-PD, che l\u2019ha da ultimo sponsorizzato per la recente nomina, nel 2013, a presidente della <em>Societ\u00e0 italiana degli autori ed editori<\/em> (<em>Siae<\/em>).<\/p>\n<p style=\"text-align: justify;\">Ma si \u00e8 trattato di una decisione infausta alla luce delle recenti cronache giudiziarie che l\u2019hanno coinvolto. Infatti, \u00e8 notizia di questi giorni, che sono finiti nel mirino della Guardia di Finanza non pochi pagamenti che Paoli avrebbe ricevuto per cantare alla nota kermesse della sinistra, il Festival dell\u2019<em>Unit\u00e0<\/em>, da anni ereditata dal PD. Si tratterebbe di compensi \u201cin nero\u201d relativi al periodo nel quale segretario del partito era\u00a0Pier Luigi Bersani, \u00ab<em>lo stesso che ad ogni talk show, a proposito della questione morale, diceva: \u201c<\/em>I politici non sono tutti uguali; noi del Pd abbiamo le carte in regola, il nostro bilancio \u00e8 certificato<em>\u201d<\/em> (Gianni Gambarotta, <em>Gino Paoli, il nero in una stanza (del Pd)<\/em>, in <em>Formiche.net<\/em>, 20 febbraio 2015).<\/p>\n<p style=\"text-align: justify;\">Con le indagini e le conseguenti dimissioni dalla <em>Siae<\/em>, si chiude idealmente la vicenda di uno dei tanti \u201cprofeti\u201d degli anni \u201960, che hanno esaltato all\u2019ennesima potenza i temi esistenziali ed individualistici, contribuendo al disagio ed al malessere di tanti giovani. Molti di quelli cresciuti con le sue canzoni, infatti, sono caduti alla fine nell\u2019utopia e nella violenza del <em>Sessantotto<\/em>.<\/p>\n<p style=\"text-align: justify;\">La \u201ctestimonianza\u201d e la cronaca recente riguardante Gino Paoli, che si \u00e8 professato davanti alle accuse innocente e &#8220;<em>persona per bene<\/em>&#8220;, completa il quadro dello sfaldamento della societ\u00e0 tradizionale italiana che \u00e8 stato portato avanti prima con la <em>rivoluzione dei costumi<\/em> del 1968 e, in seguito, con il completo laicizzarsi dei media e dell\u2019industria dello spettacolo. Quel periodo cruciale della nostra storia vide anche il suicidio (in questo caso riuscito) di un altro noto cantautore italiano, grande amico di Paoli, Luigi Tenco (1938-1967).<\/p>\n<p style=\"text-align: justify;\">Altro \u201cprofeta\u201d di pessimismo e disincanto, con canzoni come <em>Vedrai, vedrai<\/em>, anch\u2019egli ha dato adito con i suoi testi alle amarezze ed alle mal poste speranze di rinnovamento di un\u2019intera generazione. Quella che, disprezzando la societ\u00e0 del passato, pur con i suoi limiti e difetti per carit\u00e0, di l\u00ec a poco non sapr\u00e0 fare altro che animare violenze e scontri di piazza e, in parte minoritaria ma significativa, dare sfogo alla sanguinosa \u201clotta armata\u201d della quale ancora oggi piangiamo i morti innocenti.<\/p>\n<p style=\"text-align: justify;\">Molti stanno parlando in questi giorni di Gino Paoli e delle sue contestate evasioni fiscali (peraltro i soldi in nero sono stati dati al cantautore dai dirigenti, ora <em>Pd<\/em>, delle Feste dell&#8217;Unit\u00e0, qualcuno sta indagando su di loro?). Ma rubare la speranza di tanti giovani non \u00e8 forse pecca peggiore per un artista?<\/p>\n","protected":false},"excerpt":{"rendered":"<p>Vita Nuova. Settimanale cattolico di Trieste &#8211; Anno 9513 marzo 2015 Gino Paoli: il nero in una stanza (del PD). La recente vicenda di cronaca che ha riguardato l&#8217;artista monfalconese di Giuseppe Brienza Cantando non sempre si impara, si potrebbe dire parafrasando il titolo della bella rubrica tenuta da Fabio Trevisan su Vita Nuova. Cantando &hellip; <\/p>\n<p><a class=\"more-link btn\" href=\"https:\/\/www.rassegnastampa-totustuus.it\/cattolica\/non-sempre-cantando-si-impara\/\">Continua a leggere<\/a><\/p>\n","protected":false},"author":6,"featured_media":21435,"comment_status":"closed","ping_status":"closed","sticky":false,"template":"","format":"standard","meta":{"footnotes":""},"categories":[18],"tags":[1836,1223],"class_list":["post-21434","post","type-post","status-publish","format-standard","has-post-thumbnail","hentry","category-personaggi","tag-gino-paoli","tag-sinistra","item-wrap"],"yoast_head":"<!-- This site is optimized with the Yoast SEO plugin v27.5 - https:\/\/yoast.com\/product\/yoast-seo-wordpress\/ -->\n<title>Non sempre cantando si impara - Rassegna Stampa Cattolica<\/title>\n<meta name=\"description\" content=\"Rassegna Stampa Cattolica - Per una cultura che nasce dalla Rivelazione cristiana in conformit\u00e0 alla tradizione e al Magistero della Chiesa in opposizione ad ogni relativismo e totalitarismo\" \/>\n<meta name=\"robots\" content=\"index, follow, max-snippet:-1, max-image-preview:large, max-video-preview:-1\" \/>\n<link rel=\"canonical\" href=\"https:\/\/www.rassegnastampa-totustuus.it\/cattolica\/non-sempre-cantando-si-impara\/\" \/>\n<meta property=\"og:locale\" content=\"it_IT\" \/>\n<meta property=\"og:type\" content=\"article\" \/>\n<meta property=\"og:title\" content=\"Non sempre cantando si impara - Rassegna Stampa Cattolica\" \/>\n<meta property=\"og:description\" content=\"Rassegna Stampa Cattolica - Per una cultura che nasce dalla Rivelazione cristiana in conformit\u00e0 alla tradizione e al Magistero della Chiesa in opposizione ad ogni relativismo e totalitarismo\" \/>\n<meta property=\"og:url\" content=\"https:\/\/www.rassegnastampa-totustuus.it\/cattolica\/non-sempre-cantando-si-impara\/\" \/>\n<meta property=\"og:site_name\" content=\"Rassegna Stampa Cattolica\" \/>\n<meta property=\"article:publisher\" content=\"https:\/\/www.facebook.com\/rassegnastampacattolica\" \/>\n<meta property=\"article:published_time\" content=\"2015-03-13T08:42:37+00:00\" \/>\n<meta property=\"og:image\" content=\"https:\/\/www.rassegnastampa-totustuus.it\/cattolica\/wp-content\/uploads\/2015\/03\/G_Paoli.jpg\" \/>\n\t<meta property=\"og:image:width\" content=\"3757\" \/>\n\t<meta property=\"og:image:height\" content=\"3275\" \/>\n\t<meta property=\"og:image:type\" content=\"image\/jpeg\" \/>\n<meta name=\"author\" content=\"Redazione\" \/>\n<meta name=\"twitter:card\" content=\"summary_large_image\" \/>\n<meta name=\"twitter:creator\" content=\"@rassegnastampa9\" \/>\n<meta name=\"twitter:site\" content=\"@rassegnastampa9\" \/>\n<meta name=\"twitter:label1\" content=\"Scritto da\" \/>\n\t<meta name=\"twitter:data1\" content=\"Redazione\" \/>\n\t<meta name=\"twitter:label2\" content=\"Tempo di lettura stimato\" \/>\n\t<meta name=\"twitter:data2\" content=\"5 minuti\" \/>\n<script type=\"application\/ld+json\" class=\"yoast-schema-graph\">{\"@context\":\"https:\\\/\\\/schema.org\",\"@graph\":[{\"@type\":\"Article\",\"@id\":\"https:\\\/\\\/www.rassegnastampa-totustuus.it\\\/cattolica\\\/non-sempre-cantando-si-impara\\\/#article\",\"isPartOf\":{\"@id\":\"https:\\\/\\\/www.rassegnastampa-totustuus.it\\\/cattolica\\\/non-sempre-cantando-si-impara\\\/\"},\"author\":{\"name\":\"Redazione\",\"@id\":\"https:\\\/\\\/www.rassegnastampa-totustuus.it\\\/cattolica\\\/#\\\/schema\\\/person\\\/08f319d2bd1a0904ad9e2bfb7b15e5c3\"},\"headline\":\"Non sempre cantando si impara\",\"datePublished\":\"2015-03-13T08:42:37+00:00\",\"mainEntityOfPage\":{\"@id\":\"https:\\\/\\\/www.rassegnastampa-totustuus.it\\\/cattolica\\\/non-sempre-cantando-si-impara\\\/\"},\"wordCount\":914,\"publisher\":{\"@id\":\"https:\\\/\\\/www.rassegnastampa-totustuus.it\\\/cattolica\\\/#organization\"},\"image\":{\"@id\":\"https:\\\/\\\/www.rassegnastampa-totustuus.it\\\/cattolica\\\/non-sempre-cantando-si-impara\\\/#primaryimage\"},\"thumbnailUrl\":\"https:\\\/\\\/www.rassegnastampa-totustuus.it\\\/cattolica\\\/wp-content\\\/uploads\\\/2015\\\/03\\\/G_Paoli.jpg\",\"keywords\":[\"Gino Paoli\",\"sinistra\"],\"articleSection\":[\"Personaggi\"],\"inLanguage\":\"it-IT\"},{\"@type\":\"WebPage\",\"@id\":\"https:\\\/\\\/www.rassegnastampa-totustuus.it\\\/cattolica\\\/non-sempre-cantando-si-impara\\\/\",\"url\":\"https:\\\/\\\/www.rassegnastampa-totustuus.it\\\/cattolica\\\/non-sempre-cantando-si-impara\\\/\",\"name\":\"Non sempre cantando si impara - Rassegna Stampa Cattolica\",\"isPartOf\":{\"@id\":\"https:\\\/\\\/www.rassegnastampa-totustuus.it\\\/cattolica\\\/#website\"},\"primaryImageOfPage\":{\"@id\":\"https:\\\/\\\/www.rassegnastampa-totustuus.it\\\/cattolica\\\/non-sempre-cantando-si-impara\\\/#primaryimage\"},\"image\":{\"@id\":\"https:\\\/\\\/www.rassegnastampa-totustuus.it\\\/cattolica\\\/non-sempre-cantando-si-impara\\\/#primaryimage\"},\"thumbnailUrl\":\"https:\\\/\\\/www.rassegnastampa-totustuus.it\\\/cattolica\\\/wp-content\\\/uploads\\\/2015\\\/03\\\/G_Paoli.jpg\",\"datePublished\":\"2015-03-13T08:42:37+00:00\",\"description\":\"Rassegna Stampa Cattolica - Per una cultura che nasce dalla Rivelazione cristiana in conformit\u00e0 alla tradizione e al Magistero della Chiesa in opposizione ad ogni relativismo e totalitarismo\",\"breadcrumb\":{\"@id\":\"https:\\\/\\\/www.rassegnastampa-totustuus.it\\\/cattolica\\\/non-sempre-cantando-si-impara\\\/#breadcrumb\"},\"inLanguage\":\"it-IT\",\"potentialAction\":[{\"@type\":\"ReadAction\",\"target\":[\"https:\\\/\\\/www.rassegnastampa-totustuus.it\\\/cattolica\\\/non-sempre-cantando-si-impara\\\/\"]}]},{\"@type\":\"ImageObject\",\"inLanguage\":\"it-IT\",\"@id\":\"https:\\\/\\\/www.rassegnastampa-totustuus.it\\\/cattolica\\\/non-sempre-cantando-si-impara\\\/#primaryimage\",\"url\":\"https:\\\/\\\/www.rassegnastampa-totustuus.it\\\/cattolica\\\/wp-content\\\/uploads\\\/2015\\\/03\\\/G_Paoli.jpg\",\"contentUrl\":\"https:\\\/\\\/www.rassegnastampa-totustuus.it\\\/cattolica\\\/wp-content\\\/uploads\\\/2015\\\/03\\\/G_Paoli.jpg\",\"width\":3757,\"height\":3275},{\"@type\":\"BreadcrumbList\",\"@id\":\"https:\\\/\\\/www.rassegnastampa-totustuus.it\\\/cattolica\\\/non-sempre-cantando-si-impara\\\/#breadcrumb\",\"itemListElement\":[{\"@type\":\"ListItem\",\"position\":1,\"name\":\"Home\",\"item\":\"https:\\\/\\\/www.rassegnastampa-totustuus.it\\\/cattolica\\\/\"},{\"@type\":\"ListItem\",\"position\":2,\"name\":\"Non sempre cantando si impara\"}]},{\"@type\":\"WebSite\",\"@id\":\"https:\\\/\\\/www.rassegnastampa-totustuus.it\\\/cattolica\\\/#website\",\"url\":\"https:\\\/\\\/www.rassegnastampa-totustuus.it\\\/cattolica\\\/\",\"name\":\"Rassegna Stampa Cattolica\",\"description\":\"Per una cultura che nasce dalla Rivelazione cristiana in conformit\u00e0 alla tradizione e al Magistero della Chiesa in opposizione ad ogni relativismo e totalitarismo\",\"publisher\":{\"@id\":\"https:\\\/\\\/www.rassegnastampa-totustuus.it\\\/cattolica\\\/#organization\"},\"alternateName\":\"Rass. Cattolica\",\"potentialAction\":[{\"@type\":\"SearchAction\",\"target\":{\"@type\":\"EntryPoint\",\"urlTemplate\":\"https:\\\/\\\/www.rassegnastampa-totustuus.it\\\/cattolica\\\/?s={search_term_string}\"},\"query-input\":{\"@type\":\"PropertyValueSpecification\",\"valueRequired\":true,\"valueName\":\"search_term_string\"}}],\"inLanguage\":\"it-IT\"},{\"@type\":\"Organization\",\"@id\":\"https:\\\/\\\/www.rassegnastampa-totustuus.it\\\/cattolica\\\/#organization\",\"name\":\"Rassegna Stampa Cattolica\",\"url\":\"https:\\\/\\\/www.rassegnastampa-totustuus.it\\\/cattolica\\\/\",\"logo\":{\"@type\":\"ImageObject\",\"inLanguage\":\"it-IT\",\"@id\":\"https:\\\/\\\/www.rassegnastampa-totustuus.it\\\/cattolica\\\/#\\\/schema\\\/logo\\\/image\\\/\",\"url\":\"https:\\\/\\\/www.rassegnastampa-totustuus.it\\\/cattolica\\\/wp-content\\\/uploads\\\/2014\\\/04\\\/logo-rassegna1.gif\",\"contentUrl\":\"https:\\\/\\\/www.rassegnastampa-totustuus.it\\\/cattolica\\\/wp-content\\\/uploads\\\/2014\\\/04\\\/logo-rassegna1.gif\",\"width\":600,\"height\":163,\"caption\":\"Rassegna Stampa Cattolica\"},\"image\":{\"@id\":\"https:\\\/\\\/www.rassegnastampa-totustuus.it\\\/cattolica\\\/#\\\/schema\\\/logo\\\/image\\\/\"},\"sameAs\":[\"https:\\\/\\\/www.facebook.com\\\/rassegnastampacattolica\",\"https:\\\/\\\/x.com\\\/rassegnastampa9\"]},{\"@type\":\"Person\",\"@id\":\"https:\\\/\\\/www.rassegnastampa-totustuus.it\\\/cattolica\\\/#\\\/schema\\\/person\\\/08f319d2bd1a0904ad9e2bfb7b15e5c3\",\"name\":\"Redazione\",\"image\":{\"@type\":\"ImageObject\",\"inLanguage\":\"it-IT\",\"@id\":\"https:\\\/\\\/secure.gravatar.com\\\/avatar\\\/2fcdf27c78ea025fbdb44e914cc63c72249ffec9dc8aafd5c82b26240ef3f346?s=96&d=mm&r=g\",\"url\":\"https:\\\/\\\/secure.gravatar.com\\\/avatar\\\/2fcdf27c78ea025fbdb44e914cc63c72249ffec9dc8aafd5c82b26240ef3f346?s=96&d=mm&r=g\",\"contentUrl\":\"https:\\\/\\\/secure.gravatar.com\\\/avatar\\\/2fcdf27c78ea025fbdb44e914cc63c72249ffec9dc8aafd5c82b26240ef3f346?s=96&d=mm&r=g\",\"caption\":\"Redazione\"},\"url\":\"https:\\\/\\\/www.rassegnastampa-totustuus.it\\\/cattolica\\\/author\\\/pietroelle\\\/\"}]}<\/script>\n<!-- \/ Yoast SEO plugin. -->","yoast_head_json":{"title":"Non sempre cantando si impara - Rassegna Stampa Cattolica","description":"Rassegna Stampa Cattolica - Per una cultura che nasce dalla Rivelazione cristiana in conformit\u00e0 alla tradizione e al Magistero della Chiesa in opposizione ad ogni relativismo e totalitarismo","robots":{"index":"index","follow":"follow","max-snippet":"max-snippet:-1","max-image-preview":"max-image-preview:large","max-video-preview":"max-video-preview:-1"},"canonical":"https:\/\/www.rassegnastampa-totustuus.it\/cattolica\/non-sempre-cantando-si-impara\/","og_locale":"it_IT","og_type":"article","og_title":"Non sempre cantando si impara - Rassegna Stampa Cattolica","og_description":"Rassegna Stampa Cattolica - Per una cultura che nasce dalla Rivelazione cristiana in conformit\u00e0 alla tradizione e al Magistero della Chiesa in opposizione ad ogni relativismo e totalitarismo","og_url":"https:\/\/www.rassegnastampa-totustuus.it\/cattolica\/non-sempre-cantando-si-impara\/","og_site_name":"Rassegna Stampa Cattolica","article_publisher":"https:\/\/www.facebook.com\/rassegnastampacattolica","article_published_time":"2015-03-13T08:42:37+00:00","og_image":[{"width":3757,"height":3275,"url":"https:\/\/www.rassegnastampa-totustuus.it\/cattolica\/wp-content\/uploads\/2015\/03\/G_Paoli.jpg","type":"image\/jpeg"}],"author":"Redazione","twitter_card":"summary_large_image","twitter_creator":"@rassegnastampa9","twitter_site":"@rassegnastampa9","twitter_misc":{"Scritto da":"Redazione","Tempo di lettura stimato":"5 minuti"},"schema":{"@context":"https:\/\/schema.org","@graph":[{"@type":"Article","@id":"https:\/\/www.rassegnastampa-totustuus.it\/cattolica\/non-sempre-cantando-si-impara\/#article","isPartOf":{"@id":"https:\/\/www.rassegnastampa-totustuus.it\/cattolica\/non-sempre-cantando-si-impara\/"},"author":{"name":"Redazione","@id":"https:\/\/www.rassegnastampa-totustuus.it\/cattolica\/#\/schema\/person\/08f319d2bd1a0904ad9e2bfb7b15e5c3"},"headline":"Non sempre cantando si impara","datePublished":"2015-03-13T08:42:37+00:00","mainEntityOfPage":{"@id":"https:\/\/www.rassegnastampa-totustuus.it\/cattolica\/non-sempre-cantando-si-impara\/"},"wordCount":914,"publisher":{"@id":"https:\/\/www.rassegnastampa-totustuus.it\/cattolica\/#organization"},"image":{"@id":"https:\/\/www.rassegnastampa-totustuus.it\/cattolica\/non-sempre-cantando-si-impara\/#primaryimage"},"thumbnailUrl":"https:\/\/www.rassegnastampa-totustuus.it\/cattolica\/wp-content\/uploads\/2015\/03\/G_Paoli.jpg","keywords":["Gino Paoli","sinistra"],"articleSection":["Personaggi"],"inLanguage":"it-IT"},{"@type":"WebPage","@id":"https:\/\/www.rassegnastampa-totustuus.it\/cattolica\/non-sempre-cantando-si-impara\/","url":"https:\/\/www.rassegnastampa-totustuus.it\/cattolica\/non-sempre-cantando-si-impara\/","name":"Non sempre cantando si impara - Rassegna Stampa Cattolica","isPartOf":{"@id":"https:\/\/www.rassegnastampa-totustuus.it\/cattolica\/#website"},"primaryImageOfPage":{"@id":"https:\/\/www.rassegnastampa-totustuus.it\/cattolica\/non-sempre-cantando-si-impara\/#primaryimage"},"image":{"@id":"https:\/\/www.rassegnastampa-totustuus.it\/cattolica\/non-sempre-cantando-si-impara\/#primaryimage"},"thumbnailUrl":"https:\/\/www.rassegnastampa-totustuus.it\/cattolica\/wp-content\/uploads\/2015\/03\/G_Paoli.jpg","datePublished":"2015-03-13T08:42:37+00:00","description":"Rassegna Stampa Cattolica - Per una cultura che nasce dalla Rivelazione cristiana in conformit\u00e0 alla tradizione e al Magistero della Chiesa in opposizione ad ogni relativismo e totalitarismo","breadcrumb":{"@id":"https:\/\/www.rassegnastampa-totustuus.it\/cattolica\/non-sempre-cantando-si-impara\/#breadcrumb"},"inLanguage":"it-IT","potentialAction":[{"@type":"ReadAction","target":["https:\/\/www.rassegnastampa-totustuus.it\/cattolica\/non-sempre-cantando-si-impara\/"]}]},{"@type":"ImageObject","inLanguage":"it-IT","@id":"https:\/\/www.rassegnastampa-totustuus.it\/cattolica\/non-sempre-cantando-si-impara\/#primaryimage","url":"https:\/\/www.rassegnastampa-totustuus.it\/cattolica\/wp-content\/uploads\/2015\/03\/G_Paoli.jpg","contentUrl":"https:\/\/www.rassegnastampa-totustuus.it\/cattolica\/wp-content\/uploads\/2015\/03\/G_Paoli.jpg","width":3757,"height":3275},{"@type":"BreadcrumbList","@id":"https:\/\/www.rassegnastampa-totustuus.it\/cattolica\/non-sempre-cantando-si-impara\/#breadcrumb","itemListElement":[{"@type":"ListItem","position":1,"name":"Home","item":"https:\/\/www.rassegnastampa-totustuus.it\/cattolica\/"},{"@type":"ListItem","position":2,"name":"Non sempre cantando si impara"}]},{"@type":"WebSite","@id":"https:\/\/www.rassegnastampa-totustuus.it\/cattolica\/#website","url":"https:\/\/www.rassegnastampa-totustuus.it\/cattolica\/","name":"Rassegna Stampa Cattolica","description":"Per una cultura che nasce dalla Rivelazione cristiana in conformit\u00e0 alla tradizione e al Magistero della Chiesa in opposizione ad ogni relativismo e totalitarismo","publisher":{"@id":"https:\/\/www.rassegnastampa-totustuus.it\/cattolica\/#organization"},"alternateName":"Rass. Cattolica","potentialAction":[{"@type":"SearchAction","target":{"@type":"EntryPoint","urlTemplate":"https:\/\/www.rassegnastampa-totustuus.it\/cattolica\/?s={search_term_string}"},"query-input":{"@type":"PropertyValueSpecification","valueRequired":true,"valueName":"search_term_string"}}],"inLanguage":"it-IT"},{"@type":"Organization","@id":"https:\/\/www.rassegnastampa-totustuus.it\/cattolica\/#organization","name":"Rassegna Stampa Cattolica","url":"https:\/\/www.rassegnastampa-totustuus.it\/cattolica\/","logo":{"@type":"ImageObject","inLanguage":"it-IT","@id":"https:\/\/www.rassegnastampa-totustuus.it\/cattolica\/#\/schema\/logo\/image\/","url":"https:\/\/www.rassegnastampa-totustuus.it\/cattolica\/wp-content\/uploads\/2014\/04\/logo-rassegna1.gif","contentUrl":"https:\/\/www.rassegnastampa-totustuus.it\/cattolica\/wp-content\/uploads\/2014\/04\/logo-rassegna1.gif","width":600,"height":163,"caption":"Rassegna Stampa Cattolica"},"image":{"@id":"https:\/\/www.rassegnastampa-totustuus.it\/cattolica\/#\/schema\/logo\/image\/"},"sameAs":["https:\/\/www.facebook.com\/rassegnastampacattolica","https:\/\/x.com\/rassegnastampa9"]},{"@type":"Person","@id":"https:\/\/www.rassegnastampa-totustuus.it\/cattolica\/#\/schema\/person\/08f319d2bd1a0904ad9e2bfb7b15e5c3","name":"Redazione","image":{"@type":"ImageObject","inLanguage":"it-IT","@id":"https:\/\/secure.gravatar.com\/avatar\/2fcdf27c78ea025fbdb44e914cc63c72249ffec9dc8aafd5c82b26240ef3f346?s=96&d=mm&r=g","url":"https:\/\/secure.gravatar.com\/avatar\/2fcdf27c78ea025fbdb44e914cc63c72249ffec9dc8aafd5c82b26240ef3f346?s=96&d=mm&r=g","contentUrl":"https:\/\/secure.gravatar.com\/avatar\/2fcdf27c78ea025fbdb44e914cc63c72249ffec9dc8aafd5c82b26240ef3f346?s=96&d=mm&r=g","caption":"Redazione"},"url":"https:\/\/www.rassegnastampa-totustuus.it\/cattolica\/author\/pietroelle\/"}]}},"_links":{"self":[{"href":"https:\/\/www.rassegnastampa-totustuus.it\/cattolica\/wp-json\/wp\/v2\/posts\/21434","targetHints":{"allow":["GET"]}}],"collection":[{"href":"https:\/\/www.rassegnastampa-totustuus.it\/cattolica\/wp-json\/wp\/v2\/posts"}],"about":[{"href":"https:\/\/www.rassegnastampa-totustuus.it\/cattolica\/wp-json\/wp\/v2\/types\/post"}],"author":[{"embeddable":true,"href":"https:\/\/www.rassegnastampa-totustuus.it\/cattolica\/wp-json\/wp\/v2\/users\/6"}],"replies":[{"embeddable":true,"href":"https:\/\/www.rassegnastampa-totustuus.it\/cattolica\/wp-json\/wp\/v2\/comments?post=21434"}],"version-history":[{"count":1,"href":"https:\/\/www.rassegnastampa-totustuus.it\/cattolica\/wp-json\/wp\/v2\/posts\/21434\/revisions"}],"predecessor-version":[{"id":21436,"href":"https:\/\/www.rassegnastampa-totustuus.it\/cattolica\/wp-json\/wp\/v2\/posts\/21434\/revisions\/21436"}],"wp:featuredmedia":[{"embeddable":true,"href":"https:\/\/www.rassegnastampa-totustuus.it\/cattolica\/wp-json\/wp\/v2\/media\/21435"}],"wp:attachment":[{"href":"https:\/\/www.rassegnastampa-totustuus.it\/cattolica\/wp-json\/wp\/v2\/media?parent=21434"}],"wp:term":[{"taxonomy":"category","embeddable":true,"href":"https:\/\/www.rassegnastampa-totustuus.it\/cattolica\/wp-json\/wp\/v2\/categories?post=21434"},{"taxonomy":"post_tag","embeddable":true,"href":"https:\/\/www.rassegnastampa-totustuus.it\/cattolica\/wp-json\/wp\/v2\/tags?post=21434"}],"curies":[{"name":"wp","href":"https:\/\/api.w.org\/{rel}","templated":true}]}}