{"id":2141,"date":"2006-07-20T00:00:00","date_gmt":"2006-07-19T22:00:00","guid":{"rendered":""},"modified":"2016-03-02T15:45:41","modified_gmt":"2016-03-02T14:45:41","slug":"la-denatalit-non-irreversibile","status":"publish","type":"post","link":"https:\/\/www.rassegnastampa-totustuus.it\/cattolica\/la-denatalit-non-irreversibile\/","title":{"rendered":"&laquo;La denatalit&agrave; non &egrave; irreversibile&raquo;"},"content":{"rendered":"<div style=\"text-align: center;\"><strong><img loading=\"lazy\" decoding=\"async\" class=\"alignleft wp-image-31357\" src=\"https:\/\/www.rassegnastampa-totustuus.it\/cattolica\/wp-content\/uploads\/2006\/07\/famiglia_numerosa.jpg\" alt=\"famiglia_numerosa\" width=\"250\" height=\"191\" \/>Avvenire<\/strong> del 7 luglio 2006<\/div>\n<p style=\"text-align: center;\">dal nostro inviato\u00a0a Valencia <strong>Luciano Moia<\/strong><\/p>\n<p style=\"text-align: justify;\">\u00abL&#8217;inverno demografico non \u00e8 una condanna senza speranza. La primavera della natalit\u00e0 pu\u00f2 sbocciare da un momento all&#8217;altro. Nel mondo, ma soprattutto in Europa\u00bb. Sul volto austero del professor Gerard Francois Dumont, rettore della Sorbona di Parigi, considerato tra i maggiori esperti mondiali di demografia, compare la luce di un sorriso. Ieri, all&#8217;Incontro mondiale delle famiglie di Valencia, Dumont ha presieduto la conferenza stampa che, alla presenza di alcuni tra gli esperti intervenuti, ha concluso la sessione dedicata appunto a famiglia e demografia.<\/p>\n<p><!--more--><\/p>\n<div style=\"text-align: justify;\">Nell&#8217;incontro sono stati anticipati alcuni temi che saranno trattati pi\u00f9 ampiamente nel documento di prossima pubblicazione del Pontificio Consiglio per la famiglia. Un testo di vasto respiro a cui il docente della Sorbona ha collaborato direttamente e che prender\u00e0 in esame, in modo dettagliato e originale, la situazione demografica nel mondo indicando, accanto a tanti aspetti sicuramente negativi, anche qualche non trascurabile motivo di speranza<\/div>\n<p style=\"text-align: justify;\">\u00abQuando mi chiedono se sono ottimista o pessimista sulla crisi di denatalit\u00e0 che affligge il mondo occidentale &#8211; spiega -, io preferisco rifugiarmi nella lucidit\u00e0 delle statistiche e degli studi scientifici. Ma \u00e8 appunto nell&#8217;apparente freddezza dei dati che possiamo cogliere le tracce di una possibile inversione di tendenze, Attenzione, sono piccole evidenze. Oggi la situazione rimane preoccupante. Ma in un futuro ormai prossimo qualcosa potr\u00e0 cambiare\u00bb.<\/p>\n<p style=\"text-align: justify;\"><strong>Quali sono gli elementi che la inducono ad alimentare le speranze?<\/strong><\/p>\n<p style=\"text-align: justify;\">\u00abPartiamo dalle scelte politiche. Esiste una correlazione molto stretta, anzi una dipendenza diretta tra le politiche familiari in favore della famiglia e gli indici demografici. In uno studio recente ho dimostrato che i Paesi europei con i pi\u00f9 bassi indici di natalit\u00e0, soprattutto Italia e Spagna, sono anche quelli che riservano alle politiche familiari le risorse minori\u00bb<\/p>\n<p style=\"text-align: justify;\"><strong>Si pu\u00f2 fare anche la prova contraria?<\/strong><\/p>\n<p style=\"text-align: justify;\">Certo. Ho due esempi lampanti. Si dice spesso che gli indici demografici francesi stanno volgendo al positivo grazie alle provvidenze decise dal governo a favore dei nuclei familiari con figli. Ci\u00f2 \u00e8 tanto pi\u00f9 vero se prendiamo il caso della popolazione di origine nordafricana presente in Francia. Ebbene, i tassi di fecondit\u00e0 di questi nostri immigrati sono nettamente superiori a quelli che si registrano nei paesi del Maghreb, cio\u00e8 dalle loro terre di origine. Questo dimostra che non \u00e8 solo la cosiddetta &#8220;tendenza etnica&#8221; a influire sulla scelta di avere o non avere figli, ma sono soprattutto le decisioni socio-politiche\u00bb.<\/p>\n<p style=\"text-align: justify;\"><strong>Bastano pochi interventi importanti quindi per influire sulle variazioni demografiche\u2026<\/strong><\/p>\n<p style=\"text-align: justify;\">\u00abDir\u00f2 di pi\u00f9. Spesso sono sufficienti decisioni apparentemente marginali, assunte magari soltanto a livello locale. Prendiamo il caso della regione tedesca della Saar che fino al 1955 apparteneva alla Francia e che aveva indici di natalit\u00e0 al di sopra della media nazionale, grazie ad alcune buone politiche locali. \u00c8 stato sufficiente il passaggio all&#8217;allora Germania Ovest, e quindi l&#8217;adozione di leggi sociali diverse, per far crollare la natalit\u00e0\u00bb.<\/p>\n<p style=\"text-align: justify;\"><strong>Non le sembra che con questi ragionamenti rischiamo di stabilire un collegamento strettissimo e quasi esclusivo tra legislazioni e denatalit\u00e0, escludendo fattori come le tendenze culturali, l&#8217;influenza sociale e in definitiva la libera scelta delle coppie?<\/strong><\/p>\n<p style=\"text-align: justify;\">\u00abMa le leggi purtroppo influiscono pesantemente sul modo di pensare. Ci\u00f2 che la legge permette diventa di fatto, nell&#8217;opinione comune, una scelta giusta, o comunque legittima. Basta guardare ai mutamenti di mentalit\u00e0 introdotti dal divorzio, dall&#8217;aborto, dai Pacs e dalle altre leggi che non favoriscono la vita delle famiglie. Di fatto oggi le coppie non sono libere di scegliere se avere o non avere un figlio. Introduciamo buone leggi e la situazione cambier\u00e0\u00bb.<\/p>\n<p style=\"text-align: justify;\"><strong>Come potremo arrivare ad avere politiche familiari finalizzate davvero al sostegno della natalit\u00e0 e dell&#8217;educazione?<\/strong><\/p>\n<p style=\"text-align: justify;\">\u00abSar\u00e0 l&#8217;evidenza dell&#8217;insostenibilit\u00e0 della situazione a convincere i politici a cambiare strada. Gi\u00e0 oggi ci sono tanti aspetti della vita sociale, come tutto il comparto pensionistico, che con questi tassi di natalit\u00e0 rischiano di diventare insostenibili. Ma ci sono anche non pochi Paesi europei che, grazie a interventi legislativi mirati, hanno conosciuto in pochi anni un&#8217;evoluzione demografica positiva. Dobbiamo andare avanti su questa strada per scorgere le avvisaglie della primavera\u00bb<\/p>\n<p style=\"text-align: justify;\"><strong>Qualcuno sostiene che l&#8217;insistenza della Chiesa su questi problemi rischia di trasformare la questione demografica in una battaglia quasi confessionale?<\/strong><\/p>\n<p style=\"text-align: justify;\">\u00abNo, l&#8217;allarme demografico non ha etichette, \u00e8 un dramma trasversale che riguarda tutti, indistintamente. E, in questo confronto, il sostegno della Chiesa \u00e8 prezioso, anzi insostituibile. Direi anche che esiste ancora uno scollamento tra posizioni assunte ad alto livello ecclesiale e sensibilit\u00e0 della base. Quindi anche il lavoro nelle nostre comunit\u00e0 \u00e8 importante per disegnare un futuro di speranza\u00bb.<\/p>\n","protected":false},"excerpt":{"rendered":"<p>Avvenire del 7 luglio 2006 dal nostro inviato\u00a0a Valencia Luciano Moia \u00abL&#8217;inverno demografico non \u00e8 una condanna senza speranza. La primavera della natalit\u00e0 pu\u00f2 sbocciare da un momento all&#8217;altro. Nel mondo, ma soprattutto in Europa\u00bb. Sul volto austero del professor Gerard Francois Dumont, rettore della Sorbona di Parigi, considerato tra i maggiori esperti mondiali di &hellip; <\/p>\n<p><a class=\"more-link btn\" href=\"https:\/\/www.rassegnastampa-totustuus.it\/cattolica\/la-denatalit-non-irreversibile\/\">Continua a leggere<\/a><\/p>\n","protected":false},"author":6,"featured_media":31357,"comment_status":"closed","ping_status":"open","sticky":false,"template":"","format":"standard","meta":{"footnotes":""},"categories":[9],"tags":[1261],"class_list":["post-2141","post","type-post","status-publish","format-standard","has-post-thumbnail","hentry","category-demografia","tag-denatalita","item-wrap"],"yoast_head":"<!-- This site is optimized with the Yoast SEO plugin v27.5 - https:\/\/yoast.com\/product\/yoast-seo-wordpress\/ -->\n<title>&laquo;La denatalit&agrave; non &egrave; irreversibile&raquo; - Rassegna Stampa Cattolica<\/title>\n<meta name=\"description\" content=\"Rassegna Stampa Cattolica - Per una cultura che nasce dalla Rivelazione cristiana in conformit\u00e0 alla tradizione e al Magistero della Chiesa in opposizione ad ogni relativismo e totalitarismo\" \/>\n<meta name=\"robots\" content=\"index, follow, max-snippet:-1, max-image-preview:large, max-video-preview:-1\" \/>\n<link rel=\"canonical\" href=\"https:\/\/www.rassegnastampa-totustuus.it\/cattolica\/la-denatalit-non-irreversibile\/\" \/>\n<meta property=\"og:locale\" content=\"it_IT\" \/>\n<meta property=\"og:type\" content=\"article\" \/>\n<meta property=\"og:title\" content=\"&laquo;La denatalit&agrave; non &egrave; irreversibile&raquo; - Rassegna Stampa Cattolica\" \/>\n<meta property=\"og:description\" content=\"Rassegna Stampa Cattolica - Per una cultura che nasce dalla Rivelazione cristiana in conformit\u00e0 alla tradizione e al Magistero della Chiesa in opposizione ad ogni relativismo e totalitarismo\" \/>\n<meta property=\"og:url\" content=\"https:\/\/www.rassegnastampa-totustuus.it\/cattolica\/la-denatalit-non-irreversibile\/\" \/>\n<meta property=\"og:site_name\" content=\"Rassegna Stampa Cattolica\" \/>\n<meta property=\"article:publisher\" content=\"https:\/\/www.facebook.com\/rassegnastampacattolica\" \/>\n<meta property=\"article:published_time\" content=\"2006-07-19T22:00:00+00:00\" \/>\n<meta property=\"article:modified_time\" content=\"2016-03-02T14:45:41+00:00\" \/>\n<meta property=\"og:image\" content=\"https:\/\/www.rassegnastampa-totustuus.it\/cattolica\/wp-content\/uploads\/2006\/07\/famiglia_numerosa.jpg\" \/>\n\t<meta property=\"og:image:width\" content=\"257\" \/>\n\t<meta property=\"og:image:height\" content=\"196\" \/>\n\t<meta property=\"og:image:type\" content=\"image\/jpeg\" \/>\n<meta name=\"author\" content=\"Redazione\" \/>\n<meta name=\"twitter:card\" content=\"summary_large_image\" \/>\n<meta name=\"twitter:creator\" content=\"@rassegnastampa9\" \/>\n<meta name=\"twitter:site\" content=\"@rassegnastampa9\" \/>\n<meta name=\"twitter:label1\" content=\"Scritto da\" \/>\n\t<meta name=\"twitter:data1\" content=\"Redazione\" \/>\n\t<meta name=\"twitter:label2\" content=\"Tempo di lettura stimato\" \/>\n\t<meta name=\"twitter:data2\" content=\"4 minuti\" \/>\n<script type=\"application\/ld+json\" class=\"yoast-schema-graph\">{\"@context\":\"https:\\\/\\\/schema.org\",\"@graph\":[{\"@type\":\"Article\",\"@id\":\"https:\\\/\\\/www.rassegnastampa-totustuus.it\\\/cattolica\\\/la-denatalit-non-irreversibile\\\/#article\",\"isPartOf\":{\"@id\":\"https:\\\/\\\/www.rassegnastampa-totustuus.it\\\/cattolica\\\/la-denatalit-non-irreversibile\\\/\"},\"author\":{\"name\":\"Redazione\",\"@id\":\"https:\\\/\\\/www.rassegnastampa-totustuus.it\\\/cattolica\\\/#\\\/schema\\\/person\\\/08f319d2bd1a0904ad9e2bfb7b15e5c3\"},\"headline\":\"&laquo;La denatalit&agrave; non &egrave; irreversibile&raquo;\",\"datePublished\":\"2006-07-19T22:00:00+00:00\",\"dateModified\":\"2016-03-02T14:45:41+00:00\",\"mainEntityOfPage\":{\"@id\":\"https:\\\/\\\/www.rassegnastampa-totustuus.it\\\/cattolica\\\/la-denatalit-non-irreversibile\\\/\"},\"wordCount\":766,\"publisher\":{\"@id\":\"https:\\\/\\\/www.rassegnastampa-totustuus.it\\\/cattolica\\\/#organization\"},\"image\":{\"@id\":\"https:\\\/\\\/www.rassegnastampa-totustuus.it\\\/cattolica\\\/la-denatalit-non-irreversibile\\\/#primaryimage\"},\"thumbnailUrl\":\"https:\\\/\\\/www.rassegnastampa-totustuus.it\\\/cattolica\\\/wp-content\\\/uploads\\\/2006\\\/07\\\/famiglia_numerosa.jpg\",\"keywords\":[\"denatalit\u00e0\"],\"articleSection\":[\"Demografia\"],\"inLanguage\":\"it-IT\"},{\"@type\":\"WebPage\",\"@id\":\"https:\\\/\\\/www.rassegnastampa-totustuus.it\\\/cattolica\\\/la-denatalit-non-irreversibile\\\/\",\"url\":\"https:\\\/\\\/www.rassegnastampa-totustuus.it\\\/cattolica\\\/la-denatalit-non-irreversibile\\\/\",\"name\":\"&laquo;La denatalit&agrave; non &egrave; irreversibile&raquo; - Rassegna Stampa Cattolica\",\"isPartOf\":{\"@id\":\"https:\\\/\\\/www.rassegnastampa-totustuus.it\\\/cattolica\\\/#website\"},\"primaryImageOfPage\":{\"@id\":\"https:\\\/\\\/www.rassegnastampa-totustuus.it\\\/cattolica\\\/la-denatalit-non-irreversibile\\\/#primaryimage\"},\"image\":{\"@id\":\"https:\\\/\\\/www.rassegnastampa-totustuus.it\\\/cattolica\\\/la-denatalit-non-irreversibile\\\/#primaryimage\"},\"thumbnailUrl\":\"https:\\\/\\\/www.rassegnastampa-totustuus.it\\\/cattolica\\\/wp-content\\\/uploads\\\/2006\\\/07\\\/famiglia_numerosa.jpg\",\"datePublished\":\"2006-07-19T22:00:00+00:00\",\"dateModified\":\"2016-03-02T14:45:41+00:00\",\"description\":\"Rassegna Stampa Cattolica - Per una cultura che nasce dalla Rivelazione cristiana in conformit\u00e0 alla tradizione e al Magistero della Chiesa in opposizione ad ogni relativismo e totalitarismo\",\"breadcrumb\":{\"@id\":\"https:\\\/\\\/www.rassegnastampa-totustuus.it\\\/cattolica\\\/la-denatalit-non-irreversibile\\\/#breadcrumb\"},\"inLanguage\":\"it-IT\",\"potentialAction\":[{\"@type\":\"ReadAction\",\"target\":[\"https:\\\/\\\/www.rassegnastampa-totustuus.it\\\/cattolica\\\/la-denatalit-non-irreversibile\\\/\"]}]},{\"@type\":\"ImageObject\",\"inLanguage\":\"it-IT\",\"@id\":\"https:\\\/\\\/www.rassegnastampa-totustuus.it\\\/cattolica\\\/la-denatalit-non-irreversibile\\\/#primaryimage\",\"url\":\"https:\\\/\\\/www.rassegnastampa-totustuus.it\\\/cattolica\\\/wp-content\\\/uploads\\\/2006\\\/07\\\/famiglia_numerosa.jpg\",\"contentUrl\":\"https:\\\/\\\/www.rassegnastampa-totustuus.it\\\/cattolica\\\/wp-content\\\/uploads\\\/2006\\\/07\\\/famiglia_numerosa.jpg\",\"width\":257,\"height\":196},{\"@type\":\"BreadcrumbList\",\"@id\":\"https:\\\/\\\/www.rassegnastampa-totustuus.it\\\/cattolica\\\/la-denatalit-non-irreversibile\\\/#breadcrumb\",\"itemListElement\":[{\"@type\":\"ListItem\",\"position\":1,\"name\":\"Home\",\"item\":\"https:\\\/\\\/www.rassegnastampa-totustuus.it\\\/cattolica\\\/\"},{\"@type\":\"ListItem\",\"position\":2,\"name\":\"&laquo;La denatalit&agrave; non &egrave; irreversibile&raquo;\"}]},{\"@type\":\"WebSite\",\"@id\":\"https:\\\/\\\/www.rassegnastampa-totustuus.it\\\/cattolica\\\/#website\",\"url\":\"https:\\\/\\\/www.rassegnastampa-totustuus.it\\\/cattolica\\\/\",\"name\":\"Rassegna Stampa Cattolica\",\"description\":\"Per una cultura che nasce dalla Rivelazione cristiana in conformit\u00e0 alla tradizione e al Magistero della Chiesa in opposizione ad ogni relativismo e totalitarismo\",\"publisher\":{\"@id\":\"https:\\\/\\\/www.rassegnastampa-totustuus.it\\\/cattolica\\\/#organization\"},\"alternateName\":\"Rass. Cattolica\",\"potentialAction\":[{\"@type\":\"SearchAction\",\"target\":{\"@type\":\"EntryPoint\",\"urlTemplate\":\"https:\\\/\\\/www.rassegnastampa-totustuus.it\\\/cattolica\\\/?s={search_term_string}\"},\"query-input\":{\"@type\":\"PropertyValueSpecification\",\"valueRequired\":true,\"valueName\":\"search_term_string\"}}],\"inLanguage\":\"it-IT\"},{\"@type\":\"Organization\",\"@id\":\"https:\\\/\\\/www.rassegnastampa-totustuus.it\\\/cattolica\\\/#organization\",\"name\":\"Rassegna Stampa Cattolica\",\"url\":\"https:\\\/\\\/www.rassegnastampa-totustuus.it\\\/cattolica\\\/\",\"logo\":{\"@type\":\"ImageObject\",\"inLanguage\":\"it-IT\",\"@id\":\"https:\\\/\\\/www.rassegnastampa-totustuus.it\\\/cattolica\\\/#\\\/schema\\\/logo\\\/image\\\/\",\"url\":\"https:\\\/\\\/www.rassegnastampa-totustuus.it\\\/cattolica\\\/wp-content\\\/uploads\\\/2014\\\/04\\\/logo-rassegna1.gif\",\"contentUrl\":\"https:\\\/\\\/www.rassegnastampa-totustuus.it\\\/cattolica\\\/wp-content\\\/uploads\\\/2014\\\/04\\\/logo-rassegna1.gif\",\"width\":600,\"height\":163,\"caption\":\"Rassegna Stampa Cattolica\"},\"image\":{\"@id\":\"https:\\\/\\\/www.rassegnastampa-totustuus.it\\\/cattolica\\\/#\\\/schema\\\/logo\\\/image\\\/\"},\"sameAs\":[\"https:\\\/\\\/www.facebook.com\\\/rassegnastampacattolica\",\"https:\\\/\\\/x.com\\\/rassegnastampa9\"]},{\"@type\":\"Person\",\"@id\":\"https:\\\/\\\/www.rassegnastampa-totustuus.it\\\/cattolica\\\/#\\\/schema\\\/person\\\/08f319d2bd1a0904ad9e2bfb7b15e5c3\",\"name\":\"Redazione\",\"image\":{\"@type\":\"ImageObject\",\"inLanguage\":\"it-IT\",\"@id\":\"https:\\\/\\\/secure.gravatar.com\\\/avatar\\\/2fcdf27c78ea025fbdb44e914cc63c72249ffec9dc8aafd5c82b26240ef3f346?s=96&d=mm&r=g\",\"url\":\"https:\\\/\\\/secure.gravatar.com\\\/avatar\\\/2fcdf27c78ea025fbdb44e914cc63c72249ffec9dc8aafd5c82b26240ef3f346?s=96&d=mm&r=g\",\"contentUrl\":\"https:\\\/\\\/secure.gravatar.com\\\/avatar\\\/2fcdf27c78ea025fbdb44e914cc63c72249ffec9dc8aafd5c82b26240ef3f346?s=96&d=mm&r=g\",\"caption\":\"Redazione\"},\"url\":\"https:\\\/\\\/www.rassegnastampa-totustuus.it\\\/cattolica\\\/author\\\/pietroelle\\\/\"}]}<\/script>\n<!-- \/ Yoast SEO plugin. -->","yoast_head_json":{"title":"&laquo;La denatalit&agrave; non &egrave; irreversibile&raquo; - Rassegna Stampa Cattolica","description":"Rassegna Stampa Cattolica - Per una cultura che nasce dalla Rivelazione cristiana in conformit\u00e0 alla tradizione e al Magistero della Chiesa in opposizione ad ogni relativismo e totalitarismo","robots":{"index":"index","follow":"follow","max-snippet":"max-snippet:-1","max-image-preview":"max-image-preview:large","max-video-preview":"max-video-preview:-1"},"canonical":"https:\/\/www.rassegnastampa-totustuus.it\/cattolica\/la-denatalit-non-irreversibile\/","og_locale":"it_IT","og_type":"article","og_title":"&laquo;La denatalit&agrave; non &egrave; irreversibile&raquo; - Rassegna Stampa Cattolica","og_description":"Rassegna Stampa Cattolica - Per una cultura che nasce dalla Rivelazione cristiana in conformit\u00e0 alla tradizione e al Magistero della Chiesa in opposizione ad ogni relativismo e totalitarismo","og_url":"https:\/\/www.rassegnastampa-totustuus.it\/cattolica\/la-denatalit-non-irreversibile\/","og_site_name":"Rassegna Stampa Cattolica","article_publisher":"https:\/\/www.facebook.com\/rassegnastampacattolica","article_published_time":"2006-07-19T22:00:00+00:00","article_modified_time":"2016-03-02T14:45:41+00:00","og_image":[{"width":257,"height":196,"url":"https:\/\/www.rassegnastampa-totustuus.it\/cattolica\/wp-content\/uploads\/2006\/07\/famiglia_numerosa.jpg","type":"image\/jpeg"}],"author":"Redazione","twitter_card":"summary_large_image","twitter_creator":"@rassegnastampa9","twitter_site":"@rassegnastampa9","twitter_misc":{"Scritto da":"Redazione","Tempo di lettura stimato":"4 minuti"},"schema":{"@context":"https:\/\/schema.org","@graph":[{"@type":"Article","@id":"https:\/\/www.rassegnastampa-totustuus.it\/cattolica\/la-denatalit-non-irreversibile\/#article","isPartOf":{"@id":"https:\/\/www.rassegnastampa-totustuus.it\/cattolica\/la-denatalit-non-irreversibile\/"},"author":{"name":"Redazione","@id":"https:\/\/www.rassegnastampa-totustuus.it\/cattolica\/#\/schema\/person\/08f319d2bd1a0904ad9e2bfb7b15e5c3"},"headline":"&laquo;La denatalit&agrave; non &egrave; irreversibile&raquo;","datePublished":"2006-07-19T22:00:00+00:00","dateModified":"2016-03-02T14:45:41+00:00","mainEntityOfPage":{"@id":"https:\/\/www.rassegnastampa-totustuus.it\/cattolica\/la-denatalit-non-irreversibile\/"},"wordCount":766,"publisher":{"@id":"https:\/\/www.rassegnastampa-totustuus.it\/cattolica\/#organization"},"image":{"@id":"https:\/\/www.rassegnastampa-totustuus.it\/cattolica\/la-denatalit-non-irreversibile\/#primaryimage"},"thumbnailUrl":"https:\/\/www.rassegnastampa-totustuus.it\/cattolica\/wp-content\/uploads\/2006\/07\/famiglia_numerosa.jpg","keywords":["denatalit\u00e0"],"articleSection":["Demografia"],"inLanguage":"it-IT"},{"@type":"WebPage","@id":"https:\/\/www.rassegnastampa-totustuus.it\/cattolica\/la-denatalit-non-irreversibile\/","url":"https:\/\/www.rassegnastampa-totustuus.it\/cattolica\/la-denatalit-non-irreversibile\/","name":"&laquo;La denatalit&agrave; non &egrave; irreversibile&raquo; - Rassegna Stampa Cattolica","isPartOf":{"@id":"https:\/\/www.rassegnastampa-totustuus.it\/cattolica\/#website"},"primaryImageOfPage":{"@id":"https:\/\/www.rassegnastampa-totustuus.it\/cattolica\/la-denatalit-non-irreversibile\/#primaryimage"},"image":{"@id":"https:\/\/www.rassegnastampa-totustuus.it\/cattolica\/la-denatalit-non-irreversibile\/#primaryimage"},"thumbnailUrl":"https:\/\/www.rassegnastampa-totustuus.it\/cattolica\/wp-content\/uploads\/2006\/07\/famiglia_numerosa.jpg","datePublished":"2006-07-19T22:00:00+00:00","dateModified":"2016-03-02T14:45:41+00:00","description":"Rassegna Stampa Cattolica - Per una cultura che nasce dalla Rivelazione cristiana in conformit\u00e0 alla tradizione e al Magistero della Chiesa in opposizione ad ogni relativismo e totalitarismo","breadcrumb":{"@id":"https:\/\/www.rassegnastampa-totustuus.it\/cattolica\/la-denatalit-non-irreversibile\/#breadcrumb"},"inLanguage":"it-IT","potentialAction":[{"@type":"ReadAction","target":["https:\/\/www.rassegnastampa-totustuus.it\/cattolica\/la-denatalit-non-irreversibile\/"]}]},{"@type":"ImageObject","inLanguage":"it-IT","@id":"https:\/\/www.rassegnastampa-totustuus.it\/cattolica\/la-denatalit-non-irreversibile\/#primaryimage","url":"https:\/\/www.rassegnastampa-totustuus.it\/cattolica\/wp-content\/uploads\/2006\/07\/famiglia_numerosa.jpg","contentUrl":"https:\/\/www.rassegnastampa-totustuus.it\/cattolica\/wp-content\/uploads\/2006\/07\/famiglia_numerosa.jpg","width":257,"height":196},{"@type":"BreadcrumbList","@id":"https:\/\/www.rassegnastampa-totustuus.it\/cattolica\/la-denatalit-non-irreversibile\/#breadcrumb","itemListElement":[{"@type":"ListItem","position":1,"name":"Home","item":"https:\/\/www.rassegnastampa-totustuus.it\/cattolica\/"},{"@type":"ListItem","position":2,"name":"&laquo;La denatalit&agrave; non &egrave; irreversibile&raquo;"}]},{"@type":"WebSite","@id":"https:\/\/www.rassegnastampa-totustuus.it\/cattolica\/#website","url":"https:\/\/www.rassegnastampa-totustuus.it\/cattolica\/","name":"Rassegna Stampa Cattolica","description":"Per una cultura che nasce dalla Rivelazione cristiana in conformit\u00e0 alla tradizione e al Magistero della Chiesa in opposizione ad ogni relativismo e totalitarismo","publisher":{"@id":"https:\/\/www.rassegnastampa-totustuus.it\/cattolica\/#organization"},"alternateName":"Rass. Cattolica","potentialAction":[{"@type":"SearchAction","target":{"@type":"EntryPoint","urlTemplate":"https:\/\/www.rassegnastampa-totustuus.it\/cattolica\/?s={search_term_string}"},"query-input":{"@type":"PropertyValueSpecification","valueRequired":true,"valueName":"search_term_string"}}],"inLanguage":"it-IT"},{"@type":"Organization","@id":"https:\/\/www.rassegnastampa-totustuus.it\/cattolica\/#organization","name":"Rassegna Stampa Cattolica","url":"https:\/\/www.rassegnastampa-totustuus.it\/cattolica\/","logo":{"@type":"ImageObject","inLanguage":"it-IT","@id":"https:\/\/www.rassegnastampa-totustuus.it\/cattolica\/#\/schema\/logo\/image\/","url":"https:\/\/www.rassegnastampa-totustuus.it\/cattolica\/wp-content\/uploads\/2014\/04\/logo-rassegna1.gif","contentUrl":"https:\/\/www.rassegnastampa-totustuus.it\/cattolica\/wp-content\/uploads\/2014\/04\/logo-rassegna1.gif","width":600,"height":163,"caption":"Rassegna Stampa Cattolica"},"image":{"@id":"https:\/\/www.rassegnastampa-totustuus.it\/cattolica\/#\/schema\/logo\/image\/"},"sameAs":["https:\/\/www.facebook.com\/rassegnastampacattolica","https:\/\/x.com\/rassegnastampa9"]},{"@type":"Person","@id":"https:\/\/www.rassegnastampa-totustuus.it\/cattolica\/#\/schema\/person\/08f319d2bd1a0904ad9e2bfb7b15e5c3","name":"Redazione","image":{"@type":"ImageObject","inLanguage":"it-IT","@id":"https:\/\/secure.gravatar.com\/avatar\/2fcdf27c78ea025fbdb44e914cc63c72249ffec9dc8aafd5c82b26240ef3f346?s=96&d=mm&r=g","url":"https:\/\/secure.gravatar.com\/avatar\/2fcdf27c78ea025fbdb44e914cc63c72249ffec9dc8aafd5c82b26240ef3f346?s=96&d=mm&r=g","contentUrl":"https:\/\/secure.gravatar.com\/avatar\/2fcdf27c78ea025fbdb44e914cc63c72249ffec9dc8aafd5c82b26240ef3f346?s=96&d=mm&r=g","caption":"Redazione"},"url":"https:\/\/www.rassegnastampa-totustuus.it\/cattolica\/author\/pietroelle\/"}]}},"_links":{"self":[{"href":"https:\/\/www.rassegnastampa-totustuus.it\/cattolica\/wp-json\/wp\/v2\/posts\/2141","targetHints":{"allow":["GET"]}}],"collection":[{"href":"https:\/\/www.rassegnastampa-totustuus.it\/cattolica\/wp-json\/wp\/v2\/posts"}],"about":[{"href":"https:\/\/www.rassegnastampa-totustuus.it\/cattolica\/wp-json\/wp\/v2\/types\/post"}],"author":[{"embeddable":true,"href":"https:\/\/www.rassegnastampa-totustuus.it\/cattolica\/wp-json\/wp\/v2\/users\/6"}],"replies":[{"embeddable":true,"href":"https:\/\/www.rassegnastampa-totustuus.it\/cattolica\/wp-json\/wp\/v2\/comments?post=2141"}],"version-history":[{"count":4,"href":"https:\/\/www.rassegnastampa-totustuus.it\/cattolica\/wp-json\/wp\/v2\/posts\/2141\/revisions"}],"predecessor-version":[{"id":31358,"href":"https:\/\/www.rassegnastampa-totustuus.it\/cattolica\/wp-json\/wp\/v2\/posts\/2141\/revisions\/31358"}],"wp:featuredmedia":[{"embeddable":true,"href":"https:\/\/www.rassegnastampa-totustuus.it\/cattolica\/wp-json\/wp\/v2\/media\/31357"}],"wp:attachment":[{"href":"https:\/\/www.rassegnastampa-totustuus.it\/cattolica\/wp-json\/wp\/v2\/media?parent=2141"}],"wp:term":[{"taxonomy":"category","embeddable":true,"href":"https:\/\/www.rassegnastampa-totustuus.it\/cattolica\/wp-json\/wp\/v2\/categories?post=2141"},{"taxonomy":"post_tag","embeddable":true,"href":"https:\/\/www.rassegnastampa-totustuus.it\/cattolica\/wp-json\/wp\/v2\/tags?post=2141"}],"curies":[{"name":"wp","href":"https:\/\/api.w.org\/{rel}","templated":true}]}}