{"id":21190,"date":"2015-03-19T00:00:23","date_gmt":"2015-03-18T23:00:23","guid":{"rendered":"http:\/\/www.rassegnastampa-totustuus.it\/cattolica\/?p=21190"},"modified":"2020-03-05T11:07:05","modified_gmt":"2020-03-05T10:07:05","slug":"messori-pio-xii-non-fu-uno-schindler-e-un-santo","status":"publish","type":"post","link":"https:\/\/www.rassegnastampa-totustuus.it\/cattolica\/messori-pio-xii-non-fu-uno-schindler-e-un-santo\/","title":{"rendered":"Messori: Pio XII non fu uno &#8220;Schindler&#8221;, \u00e8 un Santo"},"content":{"rendered":"<p style=\"text-align: center;\"><strong><a href=\"https:\/\/www.rassegnastampa-totustuus.it\/cattolica\/wp-content\/uploads\/2015\/03\/Sfumature_verit\u00e0.jpg\"><img loading=\"lazy\" decoding=\"async\" class=\"alignleft wp-image-21722\" src=\"https:\/\/www.rassegnastampa-totustuus.it\/cattolica\/wp-content\/uploads\/2015\/03\/Sfumature_verit\u00e0.jpg\" alt=\"Sfumature_verit\u00e0\" width=\"121\" height=\"200\" \/><\/a>La Bussola Quotidiana<\/strong> 3 marzo 2015<\/p>\n<p style=\"text-align: center;\">di<strong> Stefano Magni<\/strong><\/p>\n<p style=\"text-align: justify;\">Pio XII, uno \u201cSchindler in Vaticano\u201d? L\u2019uscita del nuovo film-inchiesta <em>Sfumature di Verit\u00e0<\/em>, tutto costruito attorno al ruolo di Papa Pacelli nel salvataggio di 800mila ebrei dallo sterminio nazista, ha riacceso una vecchia e mai tramontata polemica storica. Nella locandina, Pio XII viene ritratto con la stella gialla (quella dei deportati ebrei) al petto. Intervistato dal <em>Corriere della Sera<\/em>, Marcello Pezzetti, direttore scientifico della Fondazione Museo della Shoah, reagisce male alla tesi della pellicola: \u201cMa come si fa a sostenere che Pio XII salv\u00f2 800 mila ebrei? Non \u00e8 nemmeno una interpretazione, \u00e8 semplicemente una tesi di stampo ideologico, \u00e8 completamente un\u2019altra cosa. Insomma, non \u00e8 nemmeno scandaloso. \u00c8 fuori luogo\u201d.<\/p>\n<p style=\"text-align: justify;\"><!--more--><\/p>\n<p style=\"text-align: justify;\"><a href=\"https:\/\/www.rassegnastampa-totustuus.it\/cattolica\/wp-content\/uploads\/2006\/01\/Pio-XII.jpg\"><img loading=\"lazy\" decoding=\"async\" class=\" wp-image-15090 alignright\" src=\"https:\/\/www.rassegnastampa-totustuus.it\/cattolica\/wp-content\/uploads\/2006\/01\/Pio-XII.jpg\" alt=\"\" width=\"179\" height=\"237\" \/><\/a>E nelle sue parole riecheggia lo stereotipo sul \u201cPapa di Hitler\u201d che \u201cnon condann\u00f2 il nazismo\u201d e rimase silente di fronte all\u2019Olocausto. La tesi di Pezzetti e tanti altri storici progressisti, \u00e8 per\u00f2 contrastata da quella di un altro storico e diplomatico israeliano, riportato sullo stesso articolo del <em>Corriere<\/em>, Pinchas Lapide: fu lui a calcolare per primo la stima degli ebrei salvati dalla Chiesa durante la Seconda Guerra Mondiale.<\/p>\n<p style=\"text-align: justify;\"><strong>Su questo dibattito \u201csempre verde\u201d<\/strong>, <em>La Nuova Bussola Quotidiana<\/em> ha intervistato lo storico Vittorio Messori, che si definisce subito: \u201cstanco, pi\u00f9 che arrabbiato. C\u2019\u00e8 da sbadigliare, pi\u00f9 che da indignarsi. Le cose che ora dir\u00f2 a lei, le ho gi\u00e0 dette e ripetute per una trentina d\u2019anni. E gi\u00e0 negli anni 80 suonavano vecchie e stantie. Perch\u00e9 ormai \u00e8 tutto chiaro, non so chi e perch\u00e9 possa continuare a rinnovare certe accuse contro Pio XII. Che, per altro, sono accuse recenti\u201d.<\/p>\n<p style=\"text-align: justify;\"><strong>Come \u00e8 nato lo stereotipo del \u201cPapa di Hitler\u201d?<\/strong><\/p>\n<p style=\"text-align: justify;\"><a href=\"https:\/\/www.rassegnastampa-totustuus.it\/cattolica\/wp-content\/uploads\/2010\/02\/Vittorio-Messori.jpg\"><img loading=\"lazy\" decoding=\"async\" class=\" wp-image-27675 alignleft\" src=\"https:\/\/www.rassegnastampa-totustuus.it\/cattolica\/wp-content\/uploads\/2010\/02\/Vittorio-Messori.jpg\" alt=\"\" width=\"224\" height=\"159\" \/><\/a>Fino a quando non apparve la pi\u00e8ce teatrale<em> Il Vicario<\/em>, nel 1963, era unanime l\u2019ammirazione e la gratitudine del mondo ebraico per Pio XII. Fu dunque una campagna di denigrazione creata a tavolino. Ed \u00e8 ormai provato che <em>Il Vicario<\/em> venne finanziato dai servizi segreti dell\u2019Unione Sovietica, nell&#8217;ambito della sua lotta anticlericale. Fra i documenti che conservo, ho il manifesto che venne pubblicato nel maggio del 1945 dagli ebrei torinesi, appena usciti dalla clandestinit\u00e0. Ringraziavano di vivo cuore l\u2019arcivescovo Fossati e tutto il mondo cattolico. Se qualcuno di noi si \u00e8 salvato, lo si deve all\u2019intervento caritatevole della Chiesa: questo era il messaggio che la comunit\u00e0 ebraica esprimeva.<\/p>\n<p style=\"text-align: justify;\">E dappertutto, non solo a Torino, si ritrova questo senso di gratitudine degli ebrei nei confronti della Chiesa. Al monastero delle Tre Fontane a Roma, su un muro si vede una lapide fatta incidere da una famiglia di ebrei romani che ringraziano i monaci trappisti di averli salvati dallo sterminio. Quando Pio XII mor\u00ec, tutte le comunit\u00e0 ebraiche nel mondo e le autorit\u00e0 di Israele onorarono la memoria di quel grande pontefice. Il Vaticano era invaso dai messaggi di cordoglio provenienti da tutto l\u2019ebraismo mondiale. Pio XII divenne una \u201cbestia nera\u201d all\u2019improvviso, come se si fossero scoperti chiss\u00e0 quali segreti sul suo conto. Ed \u00e8 possibile datare il momento in cui si verific\u00f2 questo ribaltamento di fronte. E per questo non si tratta di un cambiamento di opinione che possa essere preso sul serio.<\/p>\n<p style=\"text-align: justify;\"><strong>Un\u2019altra polemica riguarda \u201cil silenzio\u201d di Papa Pacelli sul regime nazista\u2026<\/strong><\/p>\n<p style=\"text-align: justify;\"><a href=\"https:\/\/www.rassegnastampa-totustuus.it\/cattolica\/wp-content\/uploads\/2009\/03\/hitlerjugend.jpg\"><img loading=\"lazy\" decoding=\"async\" class=\"size-full wp-image-18055 alignright\" src=\"https:\/\/www.rassegnastampa-totustuus.it\/cattolica\/wp-content\/uploads\/2009\/03\/hitlerjugend.jpg\" alt=\"\" width=\"261\" height=\"193\" \/><\/a>E\u2019 stato pi\u00f9 volte dimostrato che il presunto silenzio di Pio XII fosse l\u2019unico modo per non peggiorare ulteriormente il dramma. E\u2019 stato mille volte ricordato l\u2019esempio olandese: la Conferenza Episcopale invi\u00f2 una lettera ai cattolici, condannando la deportazione degli ebrei. Il giorno successivo furono rastrellati e inviati nei campi di concentramento anche quegli ebrei che si erano convertiti al cattolicesimo, che fino ad allora erano stati risparmiati. L\u2019uscita dei vescovi olandesi, sicuramente coraggiosa, ma inopportuna per la sua tempistica, provoc\u00f2 la morte di migliaia di altri ebrei, gi\u00e0 battezzati, che avrebbero potuto evitare la deportazione.<\/p>\n<p style=\"text-align: justify;\"><strong>Anche da Berlino il vescovo Von Preysing invi\u00f2 10 lettere a Papa Pacelli, in 6 mesi del 1943, al culmine delle deportazioni, chiedendogli di intervenire contro la persecuzione. Il Papa non rispose. Come si spiega?<\/strong><\/p>\n<p style=\"text-align: justify;\">L\u2019atteggiamento di Pio XII fu simile a quello di Giovanni XXIII e a quello del Papa attuale, Francesco. Giovanni XXIII, poich\u00e9 teneva che il Concilio Vaticano II, appena convocato, fosse ecumenico, scese a patti con i sovietici. Quello che restava della Chiesa ortodossa russa, allora, era solo un fantasma. Basti pensare che, in una sola notte, erano stati annegati 20mila pope: quelli che sopravvivevano erano funzionari del Kgb travestiti da archimandriti e vescovi locali.<\/p>\n<p style=\"text-align: justify;\"><a href=\"https:\/\/www.rassegnastampa-totustuus.it\/cattolica\/wp-content\/uploads\/2013\/07\/Giovanni-XXIII.jpg\"><img loading=\"lazy\" decoding=\"async\" class=\" wp-image-25755 alignleft\" src=\"https:\/\/www.rassegnastampa-totustuus.it\/cattolica\/wp-content\/uploads\/2013\/07\/Giovanni-XXIII.jpg\" alt=\"\" width=\"172\" height=\"228\" \/><\/a>Papa Roncalli, malgrado tutto, venne a patti proprio con quei servizi segreti sovietici, nel nome dell\u2019ecumenismo. E non \u00e8 una tesi da dietrologo, \u00e8 ormai accertato, comprovato da documenti emersi dagli archivi dopo la fine dell\u2019Urss. I patti erano chiari: vescovi sovietici avrebbero partecipato al Concilio, ma in quest\u2019ultimo non si sarebbe, non solo condannato, ma neppure nominato il comunismo. Il risultato fu questo: in tutti i documenti del Concilio Vaticano II, il comunismo non \u00e8 mai menzionato, non una sola volta. Questo perch\u00e9? Per lo stesso motivo per cui Pio XII mantenne un atteggiamento riservato sul nazismo. In caso di condanna, la tragedia sarebbe stata ancora peggiore, per i credenti sotto il tallone del regime.<\/p>\n<p style=\"text-align: justify;\">L\u2019attuale papa, Francesco, \u00e8 accusato da molti di essere altrettanto blando nelle sue dichiarazioni sulle atrocit\u00e0 dell\u2019islamismo. Papa Bergoglio fa lo stesso ragionamento di Roncalli e Pacelli: ogni esplicita condanna della barbarie islamista, comporterebbe vendette e tante sofferenze in pi\u00f9 <a href=\"https:\/\/www.rassegnastampa-totustuus.it\/cattolica\/wp-content\/uploads\/2013\/03\/papa-Francesco.jpg\"><img loading=\"lazy\" decoding=\"async\" class=\" wp-image-33836 alignright\" src=\"https:\/\/www.rassegnastampa-totustuus.it\/cattolica\/wp-content\/uploads\/2013\/03\/papa-Francesco.jpg\" alt=\"\" width=\"233\" height=\"173\" \/><\/a>per i cristiani locali. Pio XII fece la scelta pi\u00f9 corretta e il caso olandese \u00e8 l\u00ec a dimostrarlo: una condanna esplicita avrebbe ulteriormente aggravato la situazione dei credenti. Cosa restava da fare? Fingere di niente a livello teorico, ma darsi da fare a livello pratico. E infatti tutte le sedi religiose di Roma (e non solo Roma) traboccavano di ebrei. E\u2019 la strategia di chi \u00e8 realista, di chi non vuole ergersi ad eroe mettendo a rischio le vite degli altri.<\/p>\n<p style=\"text-align: justify;\"><strong>Lo storico e ambasciatore israeliano Sergio Minerbi, pur non negando il salvataggio di tanti ebrei da parte dei cattolici, ritiene per\u00f2 che non vi siano prove sul fatto che l\u2019ordine di salvarli partisse da Pio XII. Il Papa intervenne in prima persona?<\/strong><\/p>\n<p style=\"text-align: justify;\"><a href=\"https:\/\/www.rassegnastampa-totustuus.it\/cattolica\/wp-content\/uploads\/2019\/11\/ebrei.jpg\"><img loading=\"lazy\" decoding=\"async\" class=\" wp-image-45328 alignleft\" src=\"https:\/\/www.rassegnastampa-totustuus.it\/cattolica\/wp-content\/uploads\/2019\/11\/ebrei.jpg\" alt=\"\" width=\"179\" height=\"217\" \/><\/a>Nella Chiesa monolitica degli anni \u201940 (e non abbiamo neanche idea, oggi, di quanto lo fosse) in cui i vescovi non facevano nulla senza l\u2019input, l\u2019assenso o almeno il tacito consenso del Papa, \u00e8 impensabile che una gigantesca operazione di salvataggio, in tutta Europa, sia avvenuta senza che il Vaticano ne sapesse nulla. Un vescovo non avrebbe mai neppure pensato di nascondere migliaia di ebrei nella propria diocesi, senza prima avvertire Roma, o per lo meno senza sapere con certezza di avere un tacito assenso da parte del Papa. Sarebbe assurdo.<\/p>\n<p style=\"text-align: justify;\">Solo chi non conosce la Chiesa di Pacelli pu\u00f2 pensare che il Papa non c\u2019entrasse nulla con il salvataggio di quasi un milione di ebrei in tutto il continente. Quanto all\u2019assenza di prove: in tempi di crisi, la Chiesa torna alla tradizione orale, niente di scritto, tutto \u00e8 comunicato a voce. E poi, per ragioni cronologiche, buona parte dei documenti del periodo della Seconda Guerra Mondiale non possono ancora essere consultati. E non \u00e8 da escludere che si possa trovare anche un ordine scritto di Pio XII. Per\u00f2 \u00e8 un ordine che, quasi sicuramente, non fu mai messo per iscritto, ma trasmesso oralmente. Esattamente per lo stesso motivo per cui non credo che, in questi mesi, Papa Bergoglio stia mandando una circolare ai vescovi in cui chiede loro di essere teneri con l\u2019islamismo.<\/p>\n<p style=\"text-align: justify;\"><strong>Marcello Pezzetti, sul <em>Corriere della Sera<\/em>, torna a parlare di \u201cPapa pre-conciliare\u201d e dunque \u201cvissuto nella stagione delle accuse ai perfidi giudei\u201d. Ancora il pregiudizio sul cattolicesimo quale \u201cprecursore\u201d dello sterminio nazista?<\/strong><\/p>\n<p style=\"text-align: justify;\"><a href=\"https:\/\/www.rassegnastampa-totustuus.it\/cattolica\/wp-content\/uploads\/2004\/11\/GPII_sinagoga.jpg\"><img loading=\"lazy\" decoding=\"async\" class=\"size-full wp-image-27630 alignleft\" src=\"https:\/\/www.rassegnastampa-totustuus.it\/cattolica\/wp-content\/uploads\/2004\/11\/GPII_sinagoga.jpg\" alt=\"\" width=\"195\" height=\"197\" \/><\/a>Anche qui \u00e8 stato precisato tantissime volte, nell\u2019ultimo mezzo secolo, che l\u2019anti-giudaismo cristiano (non solo cattolico: anche Lutero e Calvino furono durissimi) non ha nulla a che vedere con l\u2019antisemitismo moderno. La stessa voce \u201cantisemitismo\u201d ha origine alla fine dell\u2019Ottocento. E\u2019 stata inventata dai vari Lombroso e dalla scienza positivista: in quanto ebreo sei marchiato nella carne, qualunque cosa tu faccia o pensi, in un sistema di pensiero per cui l\u2019umanit\u00e0 \u00e8 divisa in razze superiori e inferiori. L\u2019anti-giudaismo cristiano \u00e8 unicamente religioso.<\/p>\n<p style=\"text-align: justify;\">L\u2019ebreo che si convertiva, non solo era accolto a braccia aperte, ma era trattato come un beniamino, come colui che aveva riconosciuto che il Messia era venuto. Anche le persecuzioni anti-giudaiche sono state sempre effettuate per motivi religiosi, non razziali. L\u2019antisemitismo nazista, invece, nasce da una scienza anti-cristiana ed \u00e8 razzismo puro, frutto dell\u2019Ottocento positivista. Sotto il nazismo non era possibile neppure alcuna \u201cconversione\u201d, un ebreo avrebbe anche potuto chiedere la tessera del partito e partecipare disciplinatamente a tutti i raduni, ma non sarebbe ugualmente stato risparmiato.<\/p>\n<p style=\"text-align: justify;\"><strong>Era poi pronta un\u2019enciclica contro il nazismo?<\/strong><\/p>\n<p style=\"text-align: justify;\"><a href=\"https:\/\/www.rassegnastampa-totustuus.it\/cattolica\/wp-content\/uploads\/2015\/03\/Pio_XII_enciclica.jpg\"><img loading=\"lazy\" decoding=\"async\" class=\"wp-image-46609 alignright\" src=\"https:\/\/www.rassegnastampa-totustuus.it\/cattolica\/wp-content\/uploads\/2015\/03\/Pio_XII_enciclica.jpg\" alt=\"\" width=\"129\" height=\"200\" \/><\/a>Anche questo \u00e8 un fantasma della storia. La sola enciclica in lingua tedesca la <em>Mit brennender Sorge<\/em> (\u201cCon viva preoccupazione\u201d), di Pio XI, del 1937, non era affatto un\u2019apologia del nazismo. Il Reich, infatti, imped\u00ec rigorosamente la sua diffusione e ne fece sequestrare tutte le copie. Quando Hitler venne in visita a Roma, il Papa si trasfer\u00ec a Castel Gandolfo, anticipando il suo soggiorno estivo di ben due mesi. Hitler teneva molto a visitare i Musei Vaticani, da pittore mancato quale era. Ma il Papa, oltre ad andarsene a Castel Gandolfo, fece chiudere i Musei con il pretesto ufficiale di \u201clavori in corso\u201d, il giorno prima dell\u2019arrivo di Hitler. Invece di predicare contro di lui da Piazza San Pietro, scelse di non riceverlo.<\/p>\n<p style=\"text-align: justify;\"><strong>Oggi si definisce Pio XII uno \u201cSchindler in Vaticano\u201d. E\u2019 d\u2019accordo?<\/strong><\/p>\n<p style=\"text-align: justify;\"><a href=\"https:\/\/www.rassegnastampa-totustuus.it\/cattolica\/wp-content\/uploads\/2020\/02\/Lager_Auschwitz.jpg\"><img loading=\"lazy\" decoding=\"async\" class=\" wp-image-46062 alignleft\" src=\"https:\/\/www.rassegnastampa-totustuus.it\/cattolica\/wp-content\/uploads\/2020\/02\/Lager_Auschwitz.jpg\" alt=\"\" width=\"237\" height=\"158\" \/><\/a>No, perch\u00e9 Schindler non era affatto un eroe senza macchia come oggi viene ricordato. Io lascerei perdere quel paragone. Le faccio una piccola confidenza. Ogni sera, prima di addormentarmi, dialogo con alcuni Santi che sento pi\u00f9 vicini. E non manca mai San Pio XII e una richiesta di intercessione da parte sua. Perch\u00e9 non solo sono convinto che sia in Paradiso, ma anche in posizione eminente. Personalmente sono un gran devoto di Pio XII, come fosse gi\u00e0 Santo. D\u2019altro canto condivide la sorte di un altro Pio, un altro grande diffamato: Pio IX. Fino a poco tempo fa pareva impossibile la beatificazione di Pio IX, mentre invece ci siamo arrivati. Verr\u00e0 anche il giorno della beatificazione e poi quello della canonizzazione di Papa Pacelli.<\/p>\n","protected":false},"excerpt":{"rendered":"<p>La Bussola Quotidiana 3 marzo 2015 di Stefano Magni Pio XII, uno \u201cSchindler in Vaticano\u201d? L\u2019uscita del nuovo film-inchiesta Sfumature di Verit\u00e0, tutto costruito attorno al ruolo di Papa Pacelli nel salvataggio di 800mila ebrei dallo sterminio nazista, ha riacceso una vecchia e mai tramontata polemica storica. Nella locandina, Pio XII viene ritratto con la &hellip; <\/p>\n<p><a class=\"more-link btn\" href=\"https:\/\/www.rassegnastampa-totustuus.it\/cattolica\/messori-pio-xii-non-fu-uno-schindler-e-un-santo\/\">Continua a leggere<\/a><\/p>\n","protected":false},"author":6,"featured_media":21722,"comment_status":"closed","ping_status":"closed","sticky":false,"template":"","format":"standard","meta":{"footnotes":""},"categories":[122,28],"tags":[890],"class_list":["post-21190","post","type-post","status-publish","format-standard","has-post-thumbnail","hentry","category-al-cinema","category-chiesa-ed-ebrei","tag-pio-xii","item-wrap"],"yoast_head":"<!-- This site is optimized with the Yoast SEO plugin v27.5 - https:\/\/yoast.com\/product\/yoast-seo-wordpress\/ -->\n<title>Messori: Pio XII non fu uno &quot;Schindler&quot;, \u00e8 un Santo - Rassegna Stampa Cattolica<\/title>\n<meta name=\"description\" content=\"Rassegna Stampa Cattolica - Per una cultura che nasce dalla Rivelazione cristiana in conformit\u00e0 alla tradizione e al Magistero della Chiesa in opposizione ad ogni relativismo e totalitarismo\" \/>\n<meta name=\"robots\" content=\"index, follow, max-snippet:-1, max-image-preview:large, max-video-preview:-1\" \/>\n<link rel=\"canonical\" href=\"https:\/\/www.rassegnastampa-totustuus.it\/cattolica\/messori-pio-xii-non-fu-uno-schindler-e-un-santo\/\" \/>\n<meta property=\"og:locale\" content=\"it_IT\" \/>\n<meta property=\"og:type\" content=\"article\" \/>\n<meta property=\"og:title\" content=\"Messori: Pio XII non fu uno &quot;Schindler&quot;, \u00e8 un Santo - Rassegna Stampa Cattolica\" \/>\n<meta property=\"og:description\" content=\"Rassegna Stampa Cattolica - Per una cultura che nasce dalla Rivelazione cristiana in conformit\u00e0 alla tradizione e al Magistero della Chiesa in opposizione ad ogni relativismo e totalitarismo\" \/>\n<meta property=\"og:url\" content=\"https:\/\/www.rassegnastampa-totustuus.it\/cattolica\/messori-pio-xii-non-fu-uno-schindler-e-un-santo\/\" \/>\n<meta property=\"og:site_name\" content=\"Rassegna Stampa Cattolica\" \/>\n<meta property=\"article:publisher\" content=\"https:\/\/www.facebook.com\/rassegnastampacattolica\" \/>\n<meta property=\"article:published_time\" content=\"2015-03-18T23:00:23+00:00\" \/>\n<meta property=\"article:modified_time\" content=\"2020-03-05T10:07:05+00:00\" \/>\n<meta property=\"og:image\" content=\"https:\/\/www.rassegnastampa-totustuus.it\/cattolica\/wp-content\/uploads\/2015\/03\/Sfumature_verit\u00e0.jpg\" \/>\n\t<meta property=\"og:image:width\" content=\"175\" \/>\n\t<meta property=\"og:image:height\" content=\"289\" \/>\n\t<meta property=\"og:image:type\" content=\"image\/jpeg\" \/>\n<meta name=\"author\" content=\"Redazione\" \/>\n<meta name=\"twitter:card\" content=\"summary_large_image\" \/>\n<meta name=\"twitter:creator\" content=\"@rassegnastampa9\" \/>\n<meta name=\"twitter:site\" content=\"@rassegnastampa9\" \/>\n<meta name=\"twitter:label1\" content=\"Scritto da\" \/>\n\t<meta name=\"twitter:data1\" content=\"Redazione\" \/>\n\t<meta name=\"twitter:label2\" content=\"Tempo di lettura stimato\" \/>\n\t<meta name=\"twitter:data2\" content=\"9 minuti\" \/>\n<script type=\"application\/ld+json\" class=\"yoast-schema-graph\">{\"@context\":\"https:\\\/\\\/schema.org\",\"@graph\":[{\"@type\":\"Article\",\"@id\":\"https:\\\/\\\/www.rassegnastampa-totustuus.it\\\/cattolica\\\/messori-pio-xii-non-fu-uno-schindler-e-un-santo\\\/#article\",\"isPartOf\":{\"@id\":\"https:\\\/\\\/www.rassegnastampa-totustuus.it\\\/cattolica\\\/messori-pio-xii-non-fu-uno-schindler-e-un-santo\\\/\"},\"author\":{\"name\":\"Redazione\",\"@id\":\"https:\\\/\\\/www.rassegnastampa-totustuus.it\\\/cattolica\\\/#\\\/schema\\\/person\\\/08f319d2bd1a0904ad9e2bfb7b15e5c3\"},\"headline\":\"Messori: Pio XII non fu uno &#8220;Schindler&#8221;, \u00e8 un Santo\",\"datePublished\":\"2015-03-18T23:00:23+00:00\",\"dateModified\":\"2020-03-05T10:07:05+00:00\",\"mainEntityOfPage\":{\"@id\":\"https:\\\/\\\/www.rassegnastampa-totustuus.it\\\/cattolica\\\/messori-pio-xii-non-fu-uno-schindler-e-un-santo\\\/\"},\"wordCount\":1722,\"publisher\":{\"@id\":\"https:\\\/\\\/www.rassegnastampa-totustuus.it\\\/cattolica\\\/#organization\"},\"image\":{\"@id\":\"https:\\\/\\\/www.rassegnastampa-totustuus.it\\\/cattolica\\\/messori-pio-xii-non-fu-uno-schindler-e-un-santo\\\/#primaryimage\"},\"thumbnailUrl\":\"https:\\\/\\\/www.rassegnastampa-totustuus.it\\\/cattolica\\\/wp-content\\\/uploads\\\/2015\\\/03\\\/Sfumature_verit\u00e0.jpg\",\"keywords\":[\"Pio XII\"],\"articleSection\":[\"Al cinema\",\"Chiesa ed ebrei\"],\"inLanguage\":\"it-IT\"},{\"@type\":\"WebPage\",\"@id\":\"https:\\\/\\\/www.rassegnastampa-totustuus.it\\\/cattolica\\\/messori-pio-xii-non-fu-uno-schindler-e-un-santo\\\/\",\"url\":\"https:\\\/\\\/www.rassegnastampa-totustuus.it\\\/cattolica\\\/messori-pio-xii-non-fu-uno-schindler-e-un-santo\\\/\",\"name\":\"Messori: Pio XII non fu uno \\\"Schindler\\\", \u00e8 un Santo - Rassegna Stampa Cattolica\",\"isPartOf\":{\"@id\":\"https:\\\/\\\/www.rassegnastampa-totustuus.it\\\/cattolica\\\/#website\"},\"primaryImageOfPage\":{\"@id\":\"https:\\\/\\\/www.rassegnastampa-totustuus.it\\\/cattolica\\\/messori-pio-xii-non-fu-uno-schindler-e-un-santo\\\/#primaryimage\"},\"image\":{\"@id\":\"https:\\\/\\\/www.rassegnastampa-totustuus.it\\\/cattolica\\\/messori-pio-xii-non-fu-uno-schindler-e-un-santo\\\/#primaryimage\"},\"thumbnailUrl\":\"https:\\\/\\\/www.rassegnastampa-totustuus.it\\\/cattolica\\\/wp-content\\\/uploads\\\/2015\\\/03\\\/Sfumature_verit\u00e0.jpg\",\"datePublished\":\"2015-03-18T23:00:23+00:00\",\"dateModified\":\"2020-03-05T10:07:05+00:00\",\"description\":\"Rassegna Stampa Cattolica - Per una cultura che nasce dalla Rivelazione cristiana in conformit\u00e0 alla tradizione e al Magistero della Chiesa in opposizione ad ogni relativismo e totalitarismo\",\"breadcrumb\":{\"@id\":\"https:\\\/\\\/www.rassegnastampa-totustuus.it\\\/cattolica\\\/messori-pio-xii-non-fu-uno-schindler-e-un-santo\\\/#breadcrumb\"},\"inLanguage\":\"it-IT\",\"potentialAction\":[{\"@type\":\"ReadAction\",\"target\":[\"https:\\\/\\\/www.rassegnastampa-totustuus.it\\\/cattolica\\\/messori-pio-xii-non-fu-uno-schindler-e-un-santo\\\/\"]}]},{\"@type\":\"ImageObject\",\"inLanguage\":\"it-IT\",\"@id\":\"https:\\\/\\\/www.rassegnastampa-totustuus.it\\\/cattolica\\\/messori-pio-xii-non-fu-uno-schindler-e-un-santo\\\/#primaryimage\",\"url\":\"https:\\\/\\\/www.rassegnastampa-totustuus.it\\\/cattolica\\\/wp-content\\\/uploads\\\/2015\\\/03\\\/Sfumature_verit\u00e0.jpg\",\"contentUrl\":\"https:\\\/\\\/www.rassegnastampa-totustuus.it\\\/cattolica\\\/wp-content\\\/uploads\\\/2015\\\/03\\\/Sfumature_verit\u00e0.jpg\",\"width\":175,\"height\":289},{\"@type\":\"BreadcrumbList\",\"@id\":\"https:\\\/\\\/www.rassegnastampa-totustuus.it\\\/cattolica\\\/messori-pio-xii-non-fu-uno-schindler-e-un-santo\\\/#breadcrumb\",\"itemListElement\":[{\"@type\":\"ListItem\",\"position\":1,\"name\":\"Home\",\"item\":\"https:\\\/\\\/www.rassegnastampa-totustuus.it\\\/cattolica\\\/\"},{\"@type\":\"ListItem\",\"position\":2,\"name\":\"Messori: Pio XII non fu uno &#8220;Schindler&#8221;, \u00e8 un Santo\"}]},{\"@type\":\"WebSite\",\"@id\":\"https:\\\/\\\/www.rassegnastampa-totustuus.it\\\/cattolica\\\/#website\",\"url\":\"https:\\\/\\\/www.rassegnastampa-totustuus.it\\\/cattolica\\\/\",\"name\":\"Rassegna Stampa Cattolica\",\"description\":\"Per una cultura che nasce dalla Rivelazione cristiana in conformit\u00e0 alla tradizione e al Magistero della Chiesa in opposizione ad ogni relativismo e totalitarismo\",\"publisher\":{\"@id\":\"https:\\\/\\\/www.rassegnastampa-totustuus.it\\\/cattolica\\\/#organization\"},\"alternateName\":\"Rass. Cattolica\",\"potentialAction\":[{\"@type\":\"SearchAction\",\"target\":{\"@type\":\"EntryPoint\",\"urlTemplate\":\"https:\\\/\\\/www.rassegnastampa-totustuus.it\\\/cattolica\\\/?s={search_term_string}\"},\"query-input\":{\"@type\":\"PropertyValueSpecification\",\"valueRequired\":true,\"valueName\":\"search_term_string\"}}],\"inLanguage\":\"it-IT\"},{\"@type\":\"Organization\",\"@id\":\"https:\\\/\\\/www.rassegnastampa-totustuus.it\\\/cattolica\\\/#organization\",\"name\":\"Rassegna Stampa Cattolica\",\"url\":\"https:\\\/\\\/www.rassegnastampa-totustuus.it\\\/cattolica\\\/\",\"logo\":{\"@type\":\"ImageObject\",\"inLanguage\":\"it-IT\",\"@id\":\"https:\\\/\\\/www.rassegnastampa-totustuus.it\\\/cattolica\\\/#\\\/schema\\\/logo\\\/image\\\/\",\"url\":\"https:\\\/\\\/www.rassegnastampa-totustuus.it\\\/cattolica\\\/wp-content\\\/uploads\\\/2014\\\/04\\\/logo-rassegna1.gif\",\"contentUrl\":\"https:\\\/\\\/www.rassegnastampa-totustuus.it\\\/cattolica\\\/wp-content\\\/uploads\\\/2014\\\/04\\\/logo-rassegna1.gif\",\"width\":600,\"height\":163,\"caption\":\"Rassegna Stampa Cattolica\"},\"image\":{\"@id\":\"https:\\\/\\\/www.rassegnastampa-totustuus.it\\\/cattolica\\\/#\\\/schema\\\/logo\\\/image\\\/\"},\"sameAs\":[\"https:\\\/\\\/www.facebook.com\\\/rassegnastampacattolica\",\"https:\\\/\\\/x.com\\\/rassegnastampa9\"]},{\"@type\":\"Person\",\"@id\":\"https:\\\/\\\/www.rassegnastampa-totustuus.it\\\/cattolica\\\/#\\\/schema\\\/person\\\/08f319d2bd1a0904ad9e2bfb7b15e5c3\",\"name\":\"Redazione\",\"image\":{\"@type\":\"ImageObject\",\"inLanguage\":\"it-IT\",\"@id\":\"https:\\\/\\\/secure.gravatar.com\\\/avatar\\\/2fcdf27c78ea025fbdb44e914cc63c72249ffec9dc8aafd5c82b26240ef3f346?s=96&d=mm&r=g\",\"url\":\"https:\\\/\\\/secure.gravatar.com\\\/avatar\\\/2fcdf27c78ea025fbdb44e914cc63c72249ffec9dc8aafd5c82b26240ef3f346?s=96&d=mm&r=g\",\"contentUrl\":\"https:\\\/\\\/secure.gravatar.com\\\/avatar\\\/2fcdf27c78ea025fbdb44e914cc63c72249ffec9dc8aafd5c82b26240ef3f346?s=96&d=mm&r=g\",\"caption\":\"Redazione\"},\"url\":\"https:\\\/\\\/www.rassegnastampa-totustuus.it\\\/cattolica\\\/author\\\/pietroelle\\\/\"}]}<\/script>\n<!-- \/ Yoast SEO plugin. -->","yoast_head_json":{"title":"Messori: Pio XII non fu uno \"Schindler\", \u00e8 un Santo - Rassegna Stampa Cattolica","description":"Rassegna Stampa Cattolica - Per una cultura che nasce dalla Rivelazione cristiana in conformit\u00e0 alla tradizione e al Magistero della Chiesa in opposizione ad ogni relativismo e totalitarismo","robots":{"index":"index","follow":"follow","max-snippet":"max-snippet:-1","max-image-preview":"max-image-preview:large","max-video-preview":"max-video-preview:-1"},"canonical":"https:\/\/www.rassegnastampa-totustuus.it\/cattolica\/messori-pio-xii-non-fu-uno-schindler-e-un-santo\/","og_locale":"it_IT","og_type":"article","og_title":"Messori: Pio XII non fu uno \"Schindler\", \u00e8 un Santo - Rassegna Stampa Cattolica","og_description":"Rassegna Stampa Cattolica - Per una cultura che nasce dalla Rivelazione cristiana in conformit\u00e0 alla tradizione e al Magistero della Chiesa in opposizione ad ogni relativismo e totalitarismo","og_url":"https:\/\/www.rassegnastampa-totustuus.it\/cattolica\/messori-pio-xii-non-fu-uno-schindler-e-un-santo\/","og_site_name":"Rassegna Stampa Cattolica","article_publisher":"https:\/\/www.facebook.com\/rassegnastampacattolica","article_published_time":"2015-03-18T23:00:23+00:00","article_modified_time":"2020-03-05T10:07:05+00:00","og_image":[{"width":175,"height":289,"url":"https:\/\/www.rassegnastampa-totustuus.it\/cattolica\/wp-content\/uploads\/2015\/03\/Sfumature_verit\u00e0.jpg","type":"image\/jpeg"}],"author":"Redazione","twitter_card":"summary_large_image","twitter_creator":"@rassegnastampa9","twitter_site":"@rassegnastampa9","twitter_misc":{"Scritto da":"Redazione","Tempo di lettura stimato":"9 minuti"},"schema":{"@context":"https:\/\/schema.org","@graph":[{"@type":"Article","@id":"https:\/\/www.rassegnastampa-totustuus.it\/cattolica\/messori-pio-xii-non-fu-uno-schindler-e-un-santo\/#article","isPartOf":{"@id":"https:\/\/www.rassegnastampa-totustuus.it\/cattolica\/messori-pio-xii-non-fu-uno-schindler-e-un-santo\/"},"author":{"name":"Redazione","@id":"https:\/\/www.rassegnastampa-totustuus.it\/cattolica\/#\/schema\/person\/08f319d2bd1a0904ad9e2bfb7b15e5c3"},"headline":"Messori: Pio XII non fu uno &#8220;Schindler&#8221;, \u00e8 un Santo","datePublished":"2015-03-18T23:00:23+00:00","dateModified":"2020-03-05T10:07:05+00:00","mainEntityOfPage":{"@id":"https:\/\/www.rassegnastampa-totustuus.it\/cattolica\/messori-pio-xii-non-fu-uno-schindler-e-un-santo\/"},"wordCount":1722,"publisher":{"@id":"https:\/\/www.rassegnastampa-totustuus.it\/cattolica\/#organization"},"image":{"@id":"https:\/\/www.rassegnastampa-totustuus.it\/cattolica\/messori-pio-xii-non-fu-uno-schindler-e-un-santo\/#primaryimage"},"thumbnailUrl":"https:\/\/www.rassegnastampa-totustuus.it\/cattolica\/wp-content\/uploads\/2015\/03\/Sfumature_verit\u00e0.jpg","keywords":["Pio XII"],"articleSection":["Al cinema","Chiesa ed ebrei"],"inLanguage":"it-IT"},{"@type":"WebPage","@id":"https:\/\/www.rassegnastampa-totustuus.it\/cattolica\/messori-pio-xii-non-fu-uno-schindler-e-un-santo\/","url":"https:\/\/www.rassegnastampa-totustuus.it\/cattolica\/messori-pio-xii-non-fu-uno-schindler-e-un-santo\/","name":"Messori: Pio XII non fu uno \"Schindler\", \u00e8 un Santo - Rassegna Stampa Cattolica","isPartOf":{"@id":"https:\/\/www.rassegnastampa-totustuus.it\/cattolica\/#website"},"primaryImageOfPage":{"@id":"https:\/\/www.rassegnastampa-totustuus.it\/cattolica\/messori-pio-xii-non-fu-uno-schindler-e-un-santo\/#primaryimage"},"image":{"@id":"https:\/\/www.rassegnastampa-totustuus.it\/cattolica\/messori-pio-xii-non-fu-uno-schindler-e-un-santo\/#primaryimage"},"thumbnailUrl":"https:\/\/www.rassegnastampa-totustuus.it\/cattolica\/wp-content\/uploads\/2015\/03\/Sfumature_verit\u00e0.jpg","datePublished":"2015-03-18T23:00:23+00:00","dateModified":"2020-03-05T10:07:05+00:00","description":"Rassegna Stampa Cattolica - Per una cultura che nasce dalla Rivelazione cristiana in conformit\u00e0 alla tradizione e al Magistero della Chiesa in opposizione ad ogni relativismo e totalitarismo","breadcrumb":{"@id":"https:\/\/www.rassegnastampa-totustuus.it\/cattolica\/messori-pio-xii-non-fu-uno-schindler-e-un-santo\/#breadcrumb"},"inLanguage":"it-IT","potentialAction":[{"@type":"ReadAction","target":["https:\/\/www.rassegnastampa-totustuus.it\/cattolica\/messori-pio-xii-non-fu-uno-schindler-e-un-santo\/"]}]},{"@type":"ImageObject","inLanguage":"it-IT","@id":"https:\/\/www.rassegnastampa-totustuus.it\/cattolica\/messori-pio-xii-non-fu-uno-schindler-e-un-santo\/#primaryimage","url":"https:\/\/www.rassegnastampa-totustuus.it\/cattolica\/wp-content\/uploads\/2015\/03\/Sfumature_verit\u00e0.jpg","contentUrl":"https:\/\/www.rassegnastampa-totustuus.it\/cattolica\/wp-content\/uploads\/2015\/03\/Sfumature_verit\u00e0.jpg","width":175,"height":289},{"@type":"BreadcrumbList","@id":"https:\/\/www.rassegnastampa-totustuus.it\/cattolica\/messori-pio-xii-non-fu-uno-schindler-e-un-santo\/#breadcrumb","itemListElement":[{"@type":"ListItem","position":1,"name":"Home","item":"https:\/\/www.rassegnastampa-totustuus.it\/cattolica\/"},{"@type":"ListItem","position":2,"name":"Messori: Pio XII non fu uno &#8220;Schindler&#8221;, \u00e8 un Santo"}]},{"@type":"WebSite","@id":"https:\/\/www.rassegnastampa-totustuus.it\/cattolica\/#website","url":"https:\/\/www.rassegnastampa-totustuus.it\/cattolica\/","name":"Rassegna Stampa Cattolica","description":"Per una cultura che nasce dalla Rivelazione cristiana in conformit\u00e0 alla tradizione e al Magistero della Chiesa in opposizione ad ogni relativismo e totalitarismo","publisher":{"@id":"https:\/\/www.rassegnastampa-totustuus.it\/cattolica\/#organization"},"alternateName":"Rass. Cattolica","potentialAction":[{"@type":"SearchAction","target":{"@type":"EntryPoint","urlTemplate":"https:\/\/www.rassegnastampa-totustuus.it\/cattolica\/?s={search_term_string}"},"query-input":{"@type":"PropertyValueSpecification","valueRequired":true,"valueName":"search_term_string"}}],"inLanguage":"it-IT"},{"@type":"Organization","@id":"https:\/\/www.rassegnastampa-totustuus.it\/cattolica\/#organization","name":"Rassegna Stampa Cattolica","url":"https:\/\/www.rassegnastampa-totustuus.it\/cattolica\/","logo":{"@type":"ImageObject","inLanguage":"it-IT","@id":"https:\/\/www.rassegnastampa-totustuus.it\/cattolica\/#\/schema\/logo\/image\/","url":"https:\/\/www.rassegnastampa-totustuus.it\/cattolica\/wp-content\/uploads\/2014\/04\/logo-rassegna1.gif","contentUrl":"https:\/\/www.rassegnastampa-totustuus.it\/cattolica\/wp-content\/uploads\/2014\/04\/logo-rassegna1.gif","width":600,"height":163,"caption":"Rassegna Stampa Cattolica"},"image":{"@id":"https:\/\/www.rassegnastampa-totustuus.it\/cattolica\/#\/schema\/logo\/image\/"},"sameAs":["https:\/\/www.facebook.com\/rassegnastampacattolica","https:\/\/x.com\/rassegnastampa9"]},{"@type":"Person","@id":"https:\/\/www.rassegnastampa-totustuus.it\/cattolica\/#\/schema\/person\/08f319d2bd1a0904ad9e2bfb7b15e5c3","name":"Redazione","image":{"@type":"ImageObject","inLanguage":"it-IT","@id":"https:\/\/secure.gravatar.com\/avatar\/2fcdf27c78ea025fbdb44e914cc63c72249ffec9dc8aafd5c82b26240ef3f346?s=96&d=mm&r=g","url":"https:\/\/secure.gravatar.com\/avatar\/2fcdf27c78ea025fbdb44e914cc63c72249ffec9dc8aafd5c82b26240ef3f346?s=96&d=mm&r=g","contentUrl":"https:\/\/secure.gravatar.com\/avatar\/2fcdf27c78ea025fbdb44e914cc63c72249ffec9dc8aafd5c82b26240ef3f346?s=96&d=mm&r=g","caption":"Redazione"},"url":"https:\/\/www.rassegnastampa-totustuus.it\/cattolica\/author\/pietroelle\/"}]}},"_links":{"self":[{"href":"https:\/\/www.rassegnastampa-totustuus.it\/cattolica\/wp-json\/wp\/v2\/posts\/21190","targetHints":{"allow":["GET"]}}],"collection":[{"href":"https:\/\/www.rassegnastampa-totustuus.it\/cattolica\/wp-json\/wp\/v2\/posts"}],"about":[{"href":"https:\/\/www.rassegnastampa-totustuus.it\/cattolica\/wp-json\/wp\/v2\/types\/post"}],"author":[{"embeddable":true,"href":"https:\/\/www.rassegnastampa-totustuus.it\/cattolica\/wp-json\/wp\/v2\/users\/6"}],"replies":[{"embeddable":true,"href":"https:\/\/www.rassegnastampa-totustuus.it\/cattolica\/wp-json\/wp\/v2\/comments?post=21190"}],"version-history":[{"count":3,"href":"https:\/\/www.rassegnastampa-totustuus.it\/cattolica\/wp-json\/wp\/v2\/posts\/21190\/revisions"}],"predecessor-version":[{"id":46610,"href":"https:\/\/www.rassegnastampa-totustuus.it\/cattolica\/wp-json\/wp\/v2\/posts\/21190\/revisions\/46610"}],"wp:featuredmedia":[{"embeddable":true,"href":"https:\/\/www.rassegnastampa-totustuus.it\/cattolica\/wp-json\/wp\/v2\/media\/21722"}],"wp:attachment":[{"href":"https:\/\/www.rassegnastampa-totustuus.it\/cattolica\/wp-json\/wp\/v2\/media?parent=21190"}],"wp:term":[{"taxonomy":"category","embeddable":true,"href":"https:\/\/www.rassegnastampa-totustuus.it\/cattolica\/wp-json\/wp\/v2\/categories?post=21190"},{"taxonomy":"post_tag","embeddable":true,"href":"https:\/\/www.rassegnastampa-totustuus.it\/cattolica\/wp-json\/wp\/v2\/tags?post=21190"}],"curies":[{"name":"wp","href":"https:\/\/api.w.org\/{rel}","templated":true}]}}