{"id":2096,"date":"2006-06-15T00:00:00","date_gmt":"2006-06-14T22:00:00","guid":{"rendered":""},"modified":"2016-04-28T15:30:19","modified_gmt":"2016-04-28T13:30:19","slug":"il-matrimonio-un-confronto-vero-con-la-realt","status":"publish","type":"post","link":"https:\/\/www.rassegnastampa-totustuus.it\/cattolica\/il-matrimonio-un-confronto-vero-con-la-realt\/","title":{"rendered":"Il matrimonio. Un confronto vero con la realt&agrave;"},"content":{"rendered":"<div style=\"text-align: center;\"><strong><img loading=\"lazy\" decoding=\"async\" class=\"alignright wp-image-33708\" src=\"https:\/\/www.rassegnastampa-totustuus.it\/cattolica\/wp-content\/uploads\/2006\/06\/coppia.jpg\" alt=\"coppia\" width=\"250\" height=\"168\" \/>Il Foglio<\/strong> 23 maggio 2006.<\/div>\n<p style=\"text-align: justify;\"><em>Vanno molto di moda i legami \u201cautentici\u201d,\u00a0 <\/em><em>ma \u00e8 il matrimonio che ci fa misurare con la realt\u00e0<\/em><\/p>\n<p style=\"text-align: center;\"><strong>Lucetta Scaraffia<\/strong><\/p>\n<p><!--more--><\/p>\n<div style=\"text-align: justify;\">&#8220;A cosa serve un marito? A fare di una donna una donna onesta, avrebbe detto mia nonna\u201d scrive Lucy Mair, autrice di una delle prime ricerche antropologiche sul matrimonio. Oggi il matrimonio non \u201cserve\u201d pi\u00f9 a nessuno, n\u00e9 alle donne n\u00e9 agli uomini. Ed \u00e8 proprio da questo deriva la sua tremenda fragilit\u00e0. Un tempo, quando era forte, serviva addirittura alla sopravvivenza, perch\u00e9 univa due esseri che svolgevano ruoli diversi, e proprio per questo erano indispensabili l\u2019uno all\u2019altra.<\/div>\n<p style=\"text-align: justify;\">Oggi, il matrimonio non \u00e8 neppure pi\u00f9 la cornice \u2013 se non indispensabile, almeno desiderabile \u2013 per la procreazione di un figlio: sempre pi\u00f9 numerosi sono i bambini concepiti al di fuori di esso, e stanno aumentando anche quelli che nascono al di fuori della coppia donna-uomo. Alla separazione fra sessualit\u00e0 e procreazione \u00e8 seguita subito, come conseguenza, quella fra matrimonio e procreazione, e quindi fra matrimonio e sessualit\u00e0: il matrimonio, cio\u00e8, \u00e8 stato privato della ragione profonda del suo esistere.<\/p>\n<p style=\"text-align: justify;\">Oggi, liberato di tutti quei condizionamenti che abbiamo percepito come vincoli all\u2019espressione della nostra libert\u00e0 individuale, \u00e8 ridotto alla sua sostanza, o meglio a quella che a noi, figli del romanticismo, sembra la sua sostanza: l\u2019\u201cautenticit\u00e0\u201d dei sentimenti che lo ispirano, l\u2019innamoramento e l\u2019attrazione sessuale che, come ben sappiamo, hanno una breve durata. E non sappiamo pi\u00f9 vivere il matrimonio senza queste componenti che la cultura romantica ci ha insegnato essere le sole degne di giustificare un\u2019unione.<\/p>\n<p style=\"text-align: justify;\">Ridotto alla sostanza dell\u2019autenticit\u00e0 del legame, il matrimonio pu\u00f2 anche prescindere dalla differenza sessuale, da quella che tutte le societ\u00e0 della storia hanno sempre considerato la preziosa fecondit\u00e0 su cui si basava ogni societ\u00e0 naturale e storica. E viene privato ancora una volta di una delle sue ragioni di essere essenziali: il confronto con il diverso.<\/p>\n<p style=\"text-align: justify;\"><strong>L\u2019illusoria corsa verso la felicit\u00e0<\/strong><\/p>\n<p style=\"text-align: justify;\">Ma proprio in questo panorama di crisi e difficolt\u00e0, proprio mentre il matrimonio sembra destinato a scomparire a favore di una successione di legami \u201cautentici\u201d liberamente scelti ogni momento, anche a prescindere dalla diversit\u00e0 di genere, che ci viene presentata come una corsa verso la felicit\u00e0 molto allettante \u2013 se pure destinata a fallire, la speranza si rinnova sempre \u2013 ne possiamo vedere tutto il potenziale positivo.<\/p>\n<p style=\"text-align: justify;\">Il matrimonio \u00e8 l\u2019unica scelta \u201cper la vita\u201d che ci offre la nostra societ\u00e0: oggi che tutto \u00e8 labile, che sembra dipendere solo dai nostri desideri, il matrimonio \u00e8 l\u2019unica esperienza che ci sfida a prendere una decisione profonda e duratura, a intervenire in modo stabile a definire la nostra identit\u00e0. E\u2019 l\u2019unica occasione che ci si offre per superare una fase adolescenziale \u2013 cio\u00e8 quella in cui non \u00e8 definito niente, tutti i giochi sono ancora aperti \u2013 che oggi si \u00e8 dilatata bel al di l\u00e0 degli anni della giovinezza, fino a invadere anni un tempo considerati come appartenenti all\u2019et\u00e0 \u201cmatura\u201d.<\/p>\n<p style=\"text-align: justify;\">Il matrimonio, definendoci come marito o moglie di quella persona, chiude una porta alle infinite possibilit\u00e0 nuove di definirci, di immaginarci, e ci costringe a misurarci con la realt\u00e0. E, proprio per questo, \u00e8 l\u2019unica scelta che ci permette di fare dei passi in avanti nella conoscenza e nella costruzione di noi stessi, come tutti i confronti veri con la realt\u00e0. In sostanza, ci fa uscire da quel ciclo di ripetizioni continue a cui ci riduce la moltiplicazione infinita delle avventure amorose \u2013 in fondo sempre uguali a se stesse, o meglio in cui noi siamo uguali a noi stessi \u2013 e ci apre finalmente le porte al nuovo, alla scoperta di nuove capacit\u00e0, nuove debolezze, nuovi pezzi di noi stessi che non conoscevamo. In fondo, il matrimonio \u00e8 l\u2019unica esperienza, oggi, che ci offre la possibilit\u00e0 di vivere veramente qualcosa di nuovo<\/p>\n<p style=\"text-align: justify;\">(*) Titolo redazionale dell\u2019articolo, dedicato all\u2019argomento matrimonio, apparso insieme ad altri di diverso autore, nell\u2019inserto 1<em> \u201cCHI (E COME) CI VA A NOZZE. Matrimoni, coppie di fatto, unioni fai-da-te\u201d<\/em> de Il Foglio quotidiano del 23 maggio 2006.<\/p>\n","protected":false},"excerpt":{"rendered":"<p>Il Foglio 23 maggio 2006. Vanno molto di moda i legami \u201cautentici\u201d,\u00a0 ma \u00e8 il matrimonio che ci fa misurare con la realt\u00e0 Lucetta Scaraffia<\/p><p><a class=\"more-link btn\" href=\"https:\/\/www.rassegnastampa-totustuus.it\/cattolica\/il-matrimonio-un-confronto-vero-con-la-realt\/\">Continua a leggere<\/a><\/p>\n","protected":false},"author":6,"featured_media":33708,"comment_status":"closed","ping_status":"open","sticky":false,"template":"","format":"standard","meta":{"footnotes":""},"categories":[15],"tags":[314],"class_list":["post-2096","post","type-post","status-publish","format-standard","has-post-thumbnail","hentry","category-famiglia","tag-matrimonio","item-wrap"],"yoast_head":"<!-- This site is optimized with the Yoast SEO plugin v27.4 - https:\/\/yoast.com\/product\/yoast-seo-wordpress\/ -->\n<title>Il matrimonio. Un confronto vero con la realt&agrave; - Rassegna Stampa Cattolica<\/title>\n<meta name=\"description\" content=\"Rassegna Stampa Cattolica - Per una cultura che nasce dalla Rivelazione cristiana in conformit\u00e0 alla tradizione e al Magistero della Chiesa in opposizione ad ogni relativismo e totalitarismo\" \/>\n<meta name=\"robots\" content=\"index, follow, max-snippet:-1, max-image-preview:large, max-video-preview:-1\" \/>\n<link rel=\"canonical\" href=\"https:\/\/www.rassegnastampa-totustuus.it\/cattolica\/il-matrimonio-un-confronto-vero-con-la-realt\/\" \/>\n<meta property=\"og:locale\" content=\"it_IT\" \/>\n<meta property=\"og:type\" content=\"article\" \/>\n<meta property=\"og:title\" content=\"Il matrimonio. Un confronto vero con la realt&agrave; - Rassegna Stampa Cattolica\" \/>\n<meta property=\"og:description\" content=\"Rassegna Stampa Cattolica - Per una cultura che nasce dalla Rivelazione cristiana in conformit\u00e0 alla tradizione e al Magistero della Chiesa in opposizione ad ogni relativismo e totalitarismo\" \/>\n<meta property=\"og:url\" content=\"https:\/\/www.rassegnastampa-totustuus.it\/cattolica\/il-matrimonio-un-confronto-vero-con-la-realt\/\" \/>\n<meta property=\"og:site_name\" content=\"Rassegna Stampa Cattolica\" \/>\n<meta property=\"article:publisher\" content=\"https:\/\/www.facebook.com\/rassegnastampacattolica\" \/>\n<meta property=\"article:published_time\" content=\"2006-06-14T22:00:00+00:00\" \/>\n<meta property=\"article:modified_time\" content=\"2016-04-28T13:30:19+00:00\" \/>\n<meta property=\"og:image\" content=\"https:\/\/www.rassegnastampa-totustuus.it\/cattolica\/wp-content\/uploads\/2006\/06\/coppia.jpg\" \/>\n\t<meta property=\"og:image:width\" content=\"274\" \/>\n\t<meta property=\"og:image:height\" content=\"184\" \/>\n\t<meta property=\"og:image:type\" content=\"image\/jpeg\" \/>\n<meta name=\"author\" content=\"Redazione\" \/>\n<meta name=\"twitter:card\" content=\"summary_large_image\" \/>\n<meta name=\"twitter:creator\" content=\"@rassegnastampa9\" \/>\n<meta name=\"twitter:site\" content=\"@rassegnastampa9\" \/>\n<meta name=\"twitter:label1\" content=\"Scritto da\" \/>\n\t<meta name=\"twitter:data1\" content=\"Redazione\" \/>\n\t<meta name=\"twitter:label2\" content=\"Tempo di lettura stimato\" \/>\n\t<meta name=\"twitter:data2\" content=\"3 minuti\" \/>\n<script type=\"application\/ld+json\" class=\"yoast-schema-graph\">{\"@context\":\"https:\\\/\\\/schema.org\",\"@graph\":[{\"@type\":\"Article\",\"@id\":\"https:\\\/\\\/www.rassegnastampa-totustuus.it\\\/cattolica\\\/il-matrimonio-un-confronto-vero-con-la-realt\\\/#article\",\"isPartOf\":{\"@id\":\"https:\\\/\\\/www.rassegnastampa-totustuus.it\\\/cattolica\\\/il-matrimonio-un-confronto-vero-con-la-realt\\\/\"},\"author\":{\"name\":\"Redazione\",\"@id\":\"https:\\\/\\\/www.rassegnastampa-totustuus.it\\\/cattolica\\\/#\\\/schema\\\/person\\\/08f319d2bd1a0904ad9e2bfb7b15e5c3\"},\"headline\":\"Il matrimonio. Un confronto vero con la realt&agrave;\",\"datePublished\":\"2006-06-14T22:00:00+00:00\",\"dateModified\":\"2016-04-28T13:30:19+00:00\",\"mainEntityOfPage\":{\"@id\":\"https:\\\/\\\/www.rassegnastampa-totustuus.it\\\/cattolica\\\/il-matrimonio-un-confronto-vero-con-la-realt\\\/\"},\"wordCount\":672,\"publisher\":{\"@id\":\"https:\\\/\\\/www.rassegnastampa-totustuus.it\\\/cattolica\\\/#organization\"},\"image\":{\"@id\":\"https:\\\/\\\/www.rassegnastampa-totustuus.it\\\/cattolica\\\/il-matrimonio-un-confronto-vero-con-la-realt\\\/#primaryimage\"},\"thumbnailUrl\":\"https:\\\/\\\/www.rassegnastampa-totustuus.it\\\/cattolica\\\/wp-content\\\/uploads\\\/2006\\\/06\\\/coppia.jpg\",\"keywords\":[\"matrimonio\"],\"articleSection\":[\"Famiglia\"],\"inLanguage\":\"it-IT\"},{\"@type\":\"WebPage\",\"@id\":\"https:\\\/\\\/www.rassegnastampa-totustuus.it\\\/cattolica\\\/il-matrimonio-un-confronto-vero-con-la-realt\\\/\",\"url\":\"https:\\\/\\\/www.rassegnastampa-totustuus.it\\\/cattolica\\\/il-matrimonio-un-confronto-vero-con-la-realt\\\/\",\"name\":\"Il matrimonio. Un confronto vero con la realt&agrave; - Rassegna Stampa Cattolica\",\"isPartOf\":{\"@id\":\"https:\\\/\\\/www.rassegnastampa-totustuus.it\\\/cattolica\\\/#website\"},\"primaryImageOfPage\":{\"@id\":\"https:\\\/\\\/www.rassegnastampa-totustuus.it\\\/cattolica\\\/il-matrimonio-un-confronto-vero-con-la-realt\\\/#primaryimage\"},\"image\":{\"@id\":\"https:\\\/\\\/www.rassegnastampa-totustuus.it\\\/cattolica\\\/il-matrimonio-un-confronto-vero-con-la-realt\\\/#primaryimage\"},\"thumbnailUrl\":\"https:\\\/\\\/www.rassegnastampa-totustuus.it\\\/cattolica\\\/wp-content\\\/uploads\\\/2006\\\/06\\\/coppia.jpg\",\"datePublished\":\"2006-06-14T22:00:00+00:00\",\"dateModified\":\"2016-04-28T13:30:19+00:00\",\"description\":\"Rassegna Stampa Cattolica - Per una cultura che nasce dalla Rivelazione cristiana in conformit\u00e0 alla tradizione e al Magistero della Chiesa in opposizione ad ogni relativismo e totalitarismo\",\"breadcrumb\":{\"@id\":\"https:\\\/\\\/www.rassegnastampa-totustuus.it\\\/cattolica\\\/il-matrimonio-un-confronto-vero-con-la-realt\\\/#breadcrumb\"},\"inLanguage\":\"it-IT\",\"potentialAction\":[{\"@type\":\"ReadAction\",\"target\":[\"https:\\\/\\\/www.rassegnastampa-totustuus.it\\\/cattolica\\\/il-matrimonio-un-confronto-vero-con-la-realt\\\/\"]}]},{\"@type\":\"ImageObject\",\"inLanguage\":\"it-IT\",\"@id\":\"https:\\\/\\\/www.rassegnastampa-totustuus.it\\\/cattolica\\\/il-matrimonio-un-confronto-vero-con-la-realt\\\/#primaryimage\",\"url\":\"https:\\\/\\\/www.rassegnastampa-totustuus.it\\\/cattolica\\\/wp-content\\\/uploads\\\/2006\\\/06\\\/coppia.jpg\",\"contentUrl\":\"https:\\\/\\\/www.rassegnastampa-totustuus.it\\\/cattolica\\\/wp-content\\\/uploads\\\/2006\\\/06\\\/coppia.jpg\",\"width\":274,\"height\":184},{\"@type\":\"BreadcrumbList\",\"@id\":\"https:\\\/\\\/www.rassegnastampa-totustuus.it\\\/cattolica\\\/il-matrimonio-un-confronto-vero-con-la-realt\\\/#breadcrumb\",\"itemListElement\":[{\"@type\":\"ListItem\",\"position\":1,\"name\":\"Home\",\"item\":\"https:\\\/\\\/www.rassegnastampa-totustuus.it\\\/cattolica\\\/\"},{\"@type\":\"ListItem\",\"position\":2,\"name\":\"Il matrimonio. Un confronto vero con la realt&agrave;\"}]},{\"@type\":\"WebSite\",\"@id\":\"https:\\\/\\\/www.rassegnastampa-totustuus.it\\\/cattolica\\\/#website\",\"url\":\"https:\\\/\\\/www.rassegnastampa-totustuus.it\\\/cattolica\\\/\",\"name\":\"Rassegna Stampa Cattolica\",\"description\":\"Per una cultura che nasce dalla Rivelazione cristiana in conformit\u00e0 alla tradizione e al Magistero della Chiesa in opposizione ad ogni relativismo e totalitarismo\",\"publisher\":{\"@id\":\"https:\\\/\\\/www.rassegnastampa-totustuus.it\\\/cattolica\\\/#organization\"},\"alternateName\":\"Rass. Cattolica\",\"potentialAction\":[{\"@type\":\"SearchAction\",\"target\":{\"@type\":\"EntryPoint\",\"urlTemplate\":\"https:\\\/\\\/www.rassegnastampa-totustuus.it\\\/cattolica\\\/?s={search_term_string}\"},\"query-input\":{\"@type\":\"PropertyValueSpecification\",\"valueRequired\":true,\"valueName\":\"search_term_string\"}}],\"inLanguage\":\"it-IT\"},{\"@type\":\"Organization\",\"@id\":\"https:\\\/\\\/www.rassegnastampa-totustuus.it\\\/cattolica\\\/#organization\",\"name\":\"Rassegna Stampa Cattolica\",\"url\":\"https:\\\/\\\/www.rassegnastampa-totustuus.it\\\/cattolica\\\/\",\"logo\":{\"@type\":\"ImageObject\",\"inLanguage\":\"it-IT\",\"@id\":\"https:\\\/\\\/www.rassegnastampa-totustuus.it\\\/cattolica\\\/#\\\/schema\\\/logo\\\/image\\\/\",\"url\":\"https:\\\/\\\/www.rassegnastampa-totustuus.it\\\/cattolica\\\/wp-content\\\/uploads\\\/2014\\\/04\\\/logo-rassegna1.gif\",\"contentUrl\":\"https:\\\/\\\/www.rassegnastampa-totustuus.it\\\/cattolica\\\/wp-content\\\/uploads\\\/2014\\\/04\\\/logo-rassegna1.gif\",\"width\":600,\"height\":163,\"caption\":\"Rassegna Stampa Cattolica\"},\"image\":{\"@id\":\"https:\\\/\\\/www.rassegnastampa-totustuus.it\\\/cattolica\\\/#\\\/schema\\\/logo\\\/image\\\/\"},\"sameAs\":[\"https:\\\/\\\/www.facebook.com\\\/rassegnastampacattolica\",\"https:\\\/\\\/x.com\\\/rassegnastampa9\"]},{\"@type\":\"Person\",\"@id\":\"https:\\\/\\\/www.rassegnastampa-totustuus.it\\\/cattolica\\\/#\\\/schema\\\/person\\\/08f319d2bd1a0904ad9e2bfb7b15e5c3\",\"name\":\"Redazione\",\"image\":{\"@type\":\"ImageObject\",\"inLanguage\":\"it-IT\",\"@id\":\"https:\\\/\\\/secure.gravatar.com\\\/avatar\\\/2fcdf27c78ea025fbdb44e914cc63c72249ffec9dc8aafd5c82b26240ef3f346?s=96&d=mm&r=g\",\"url\":\"https:\\\/\\\/secure.gravatar.com\\\/avatar\\\/2fcdf27c78ea025fbdb44e914cc63c72249ffec9dc8aafd5c82b26240ef3f346?s=96&d=mm&r=g\",\"contentUrl\":\"https:\\\/\\\/secure.gravatar.com\\\/avatar\\\/2fcdf27c78ea025fbdb44e914cc63c72249ffec9dc8aafd5c82b26240ef3f346?s=96&d=mm&r=g\",\"caption\":\"Redazione\"},\"url\":\"https:\\\/\\\/www.rassegnastampa-totustuus.it\\\/cattolica\\\/author\\\/pietroelle\\\/\"}]}<\/script>\n<!-- \/ Yoast SEO plugin. -->","yoast_head_json":{"title":"Il matrimonio. Un confronto vero con la realt&agrave; - Rassegna Stampa Cattolica","description":"Rassegna Stampa Cattolica - Per una cultura che nasce dalla Rivelazione cristiana in conformit\u00e0 alla tradizione e al Magistero della Chiesa in opposizione ad ogni relativismo e totalitarismo","robots":{"index":"index","follow":"follow","max-snippet":"max-snippet:-1","max-image-preview":"max-image-preview:large","max-video-preview":"max-video-preview:-1"},"canonical":"https:\/\/www.rassegnastampa-totustuus.it\/cattolica\/il-matrimonio-un-confronto-vero-con-la-realt\/","og_locale":"it_IT","og_type":"article","og_title":"Il matrimonio. Un confronto vero con la realt&agrave; - Rassegna Stampa Cattolica","og_description":"Rassegna Stampa Cattolica - Per una cultura che nasce dalla Rivelazione cristiana in conformit\u00e0 alla tradizione e al Magistero della Chiesa in opposizione ad ogni relativismo e totalitarismo","og_url":"https:\/\/www.rassegnastampa-totustuus.it\/cattolica\/il-matrimonio-un-confronto-vero-con-la-realt\/","og_site_name":"Rassegna Stampa Cattolica","article_publisher":"https:\/\/www.facebook.com\/rassegnastampacattolica","article_published_time":"2006-06-14T22:00:00+00:00","article_modified_time":"2016-04-28T13:30:19+00:00","og_image":[{"width":274,"height":184,"url":"https:\/\/www.rassegnastampa-totustuus.it\/cattolica\/wp-content\/uploads\/2006\/06\/coppia.jpg","type":"image\/jpeg"}],"author":"Redazione","twitter_card":"summary_large_image","twitter_creator":"@rassegnastampa9","twitter_site":"@rassegnastampa9","twitter_misc":{"Scritto da":"Redazione","Tempo di lettura stimato":"3 minuti"},"schema":{"@context":"https:\/\/schema.org","@graph":[{"@type":"Article","@id":"https:\/\/www.rassegnastampa-totustuus.it\/cattolica\/il-matrimonio-un-confronto-vero-con-la-realt\/#article","isPartOf":{"@id":"https:\/\/www.rassegnastampa-totustuus.it\/cattolica\/il-matrimonio-un-confronto-vero-con-la-realt\/"},"author":{"name":"Redazione","@id":"https:\/\/www.rassegnastampa-totustuus.it\/cattolica\/#\/schema\/person\/08f319d2bd1a0904ad9e2bfb7b15e5c3"},"headline":"Il matrimonio. Un confronto vero con la realt&agrave;","datePublished":"2006-06-14T22:00:00+00:00","dateModified":"2016-04-28T13:30:19+00:00","mainEntityOfPage":{"@id":"https:\/\/www.rassegnastampa-totustuus.it\/cattolica\/il-matrimonio-un-confronto-vero-con-la-realt\/"},"wordCount":672,"publisher":{"@id":"https:\/\/www.rassegnastampa-totustuus.it\/cattolica\/#organization"},"image":{"@id":"https:\/\/www.rassegnastampa-totustuus.it\/cattolica\/il-matrimonio-un-confronto-vero-con-la-realt\/#primaryimage"},"thumbnailUrl":"https:\/\/www.rassegnastampa-totustuus.it\/cattolica\/wp-content\/uploads\/2006\/06\/coppia.jpg","keywords":["matrimonio"],"articleSection":["Famiglia"],"inLanguage":"it-IT"},{"@type":"WebPage","@id":"https:\/\/www.rassegnastampa-totustuus.it\/cattolica\/il-matrimonio-un-confronto-vero-con-la-realt\/","url":"https:\/\/www.rassegnastampa-totustuus.it\/cattolica\/il-matrimonio-un-confronto-vero-con-la-realt\/","name":"Il matrimonio. Un confronto vero con la realt&agrave; - Rassegna Stampa Cattolica","isPartOf":{"@id":"https:\/\/www.rassegnastampa-totustuus.it\/cattolica\/#website"},"primaryImageOfPage":{"@id":"https:\/\/www.rassegnastampa-totustuus.it\/cattolica\/il-matrimonio-un-confronto-vero-con-la-realt\/#primaryimage"},"image":{"@id":"https:\/\/www.rassegnastampa-totustuus.it\/cattolica\/il-matrimonio-un-confronto-vero-con-la-realt\/#primaryimage"},"thumbnailUrl":"https:\/\/www.rassegnastampa-totustuus.it\/cattolica\/wp-content\/uploads\/2006\/06\/coppia.jpg","datePublished":"2006-06-14T22:00:00+00:00","dateModified":"2016-04-28T13:30:19+00:00","description":"Rassegna Stampa Cattolica - Per una cultura che nasce dalla Rivelazione cristiana in conformit\u00e0 alla tradizione e al Magistero della Chiesa in opposizione ad ogni relativismo e totalitarismo","breadcrumb":{"@id":"https:\/\/www.rassegnastampa-totustuus.it\/cattolica\/il-matrimonio-un-confronto-vero-con-la-realt\/#breadcrumb"},"inLanguage":"it-IT","potentialAction":[{"@type":"ReadAction","target":["https:\/\/www.rassegnastampa-totustuus.it\/cattolica\/il-matrimonio-un-confronto-vero-con-la-realt\/"]}]},{"@type":"ImageObject","inLanguage":"it-IT","@id":"https:\/\/www.rassegnastampa-totustuus.it\/cattolica\/il-matrimonio-un-confronto-vero-con-la-realt\/#primaryimage","url":"https:\/\/www.rassegnastampa-totustuus.it\/cattolica\/wp-content\/uploads\/2006\/06\/coppia.jpg","contentUrl":"https:\/\/www.rassegnastampa-totustuus.it\/cattolica\/wp-content\/uploads\/2006\/06\/coppia.jpg","width":274,"height":184},{"@type":"BreadcrumbList","@id":"https:\/\/www.rassegnastampa-totustuus.it\/cattolica\/il-matrimonio-un-confronto-vero-con-la-realt\/#breadcrumb","itemListElement":[{"@type":"ListItem","position":1,"name":"Home","item":"https:\/\/www.rassegnastampa-totustuus.it\/cattolica\/"},{"@type":"ListItem","position":2,"name":"Il matrimonio. Un confronto vero con la realt&agrave;"}]},{"@type":"WebSite","@id":"https:\/\/www.rassegnastampa-totustuus.it\/cattolica\/#website","url":"https:\/\/www.rassegnastampa-totustuus.it\/cattolica\/","name":"Rassegna Stampa Cattolica","description":"Per una cultura che nasce dalla Rivelazione cristiana in conformit\u00e0 alla tradizione e al Magistero della Chiesa in opposizione ad ogni relativismo e totalitarismo","publisher":{"@id":"https:\/\/www.rassegnastampa-totustuus.it\/cattolica\/#organization"},"alternateName":"Rass. Cattolica","potentialAction":[{"@type":"SearchAction","target":{"@type":"EntryPoint","urlTemplate":"https:\/\/www.rassegnastampa-totustuus.it\/cattolica\/?s={search_term_string}"},"query-input":{"@type":"PropertyValueSpecification","valueRequired":true,"valueName":"search_term_string"}}],"inLanguage":"it-IT"},{"@type":"Organization","@id":"https:\/\/www.rassegnastampa-totustuus.it\/cattolica\/#organization","name":"Rassegna Stampa Cattolica","url":"https:\/\/www.rassegnastampa-totustuus.it\/cattolica\/","logo":{"@type":"ImageObject","inLanguage":"it-IT","@id":"https:\/\/www.rassegnastampa-totustuus.it\/cattolica\/#\/schema\/logo\/image\/","url":"https:\/\/www.rassegnastampa-totustuus.it\/cattolica\/wp-content\/uploads\/2014\/04\/logo-rassegna1.gif","contentUrl":"https:\/\/www.rassegnastampa-totustuus.it\/cattolica\/wp-content\/uploads\/2014\/04\/logo-rassegna1.gif","width":600,"height":163,"caption":"Rassegna Stampa Cattolica"},"image":{"@id":"https:\/\/www.rassegnastampa-totustuus.it\/cattolica\/#\/schema\/logo\/image\/"},"sameAs":["https:\/\/www.facebook.com\/rassegnastampacattolica","https:\/\/x.com\/rassegnastampa9"]},{"@type":"Person","@id":"https:\/\/www.rassegnastampa-totustuus.it\/cattolica\/#\/schema\/person\/08f319d2bd1a0904ad9e2bfb7b15e5c3","name":"Redazione","image":{"@type":"ImageObject","inLanguage":"it-IT","@id":"https:\/\/secure.gravatar.com\/avatar\/2fcdf27c78ea025fbdb44e914cc63c72249ffec9dc8aafd5c82b26240ef3f346?s=96&d=mm&r=g","url":"https:\/\/secure.gravatar.com\/avatar\/2fcdf27c78ea025fbdb44e914cc63c72249ffec9dc8aafd5c82b26240ef3f346?s=96&d=mm&r=g","contentUrl":"https:\/\/secure.gravatar.com\/avatar\/2fcdf27c78ea025fbdb44e914cc63c72249ffec9dc8aafd5c82b26240ef3f346?s=96&d=mm&r=g","caption":"Redazione"},"url":"https:\/\/www.rassegnastampa-totustuus.it\/cattolica\/author\/pietroelle\/"}]}},"_links":{"self":[{"href":"https:\/\/www.rassegnastampa-totustuus.it\/cattolica\/wp-json\/wp\/v2\/posts\/2096","targetHints":{"allow":["GET"]}}],"collection":[{"href":"https:\/\/www.rassegnastampa-totustuus.it\/cattolica\/wp-json\/wp\/v2\/posts"}],"about":[{"href":"https:\/\/www.rassegnastampa-totustuus.it\/cattolica\/wp-json\/wp\/v2\/types\/post"}],"author":[{"embeddable":true,"href":"https:\/\/www.rassegnastampa-totustuus.it\/cattolica\/wp-json\/wp\/v2\/users\/6"}],"replies":[{"embeddable":true,"href":"https:\/\/www.rassegnastampa-totustuus.it\/cattolica\/wp-json\/wp\/v2\/comments?post=2096"}],"version-history":[{"count":4,"href":"https:\/\/www.rassegnastampa-totustuus.it\/cattolica\/wp-json\/wp\/v2\/posts\/2096\/revisions"}],"predecessor-version":[{"id":33709,"href":"https:\/\/www.rassegnastampa-totustuus.it\/cattolica\/wp-json\/wp\/v2\/posts\/2096\/revisions\/33709"}],"wp:featuredmedia":[{"embeddable":true,"href":"https:\/\/www.rassegnastampa-totustuus.it\/cattolica\/wp-json\/wp\/v2\/media\/33708"}],"wp:attachment":[{"href":"https:\/\/www.rassegnastampa-totustuus.it\/cattolica\/wp-json\/wp\/v2\/media?parent=2096"}],"wp:term":[{"taxonomy":"category","embeddable":true,"href":"https:\/\/www.rassegnastampa-totustuus.it\/cattolica\/wp-json\/wp\/v2\/categories?post=2096"},{"taxonomy":"post_tag","embeddable":true,"href":"https:\/\/www.rassegnastampa-totustuus.it\/cattolica\/wp-json\/wp\/v2\/tags?post=2096"}],"curies":[{"name":"wp","href":"https:\/\/api.w.org\/{rel}","templated":true}]}}