{"id":20878,"date":"2015-03-26T00:00:36","date_gmt":"2015-03-25T23:00:36","guid":{"rendered":"http:\/\/www.rassegnastampa-totustuus.it\/cattolica\/?p=20878"},"modified":"2015-03-16T11:25:19","modified_gmt":"2015-03-16T10:25:19","slug":"ecco-come-dalle-abbazie-si-e-passati-alle-banche","status":"publish","type":"post","link":"https:\/\/www.rassegnastampa-totustuus.it\/cattolica\/ecco-come-dalle-abbazie-si-e-passati-alle-banche\/","title":{"rendered":"Ecco come dalle Abbazie si \u00e8 passati alle banche"},"content":{"rendered":"<p style=\"text-align: center;\"><a href=\"https:\/\/www.rassegnastampa-totustuus.it\/cattolica\/wp-content\/uploads\/2015\/03\/abazia.jpg\"><img loading=\"lazy\" decoding=\"async\" class=\"alignleft wp-image-20879\" src=\"https:\/\/www.rassegnastampa-totustuus.it\/cattolica\/wp-content\/uploads\/2015\/03\/abazia.jpg\" alt=\"abazia\" width=\"250\" height=\"149\" \/><\/a>Dal sito <a href=\"http:\/\/www.aleteia.org\/it\/\" target=\"_blank\"><strong>Aleteia <\/strong><\/a>1 marzo 2015<\/p>\n<p style=\"text-align: center;\"><em>Dalla rivoluzione di Benedetto da Norcia alle \u201cmultinazionali\u201d del Medioevo<\/em><\/p>\n<p style=\"text-align: center;\">di <strong>Danilo Leonardi<\/strong><\/p>\n<p style=\"text-align: justify;\">Nella sua <em>La rivoluzione commerciale del Medioevo <\/em>Robert S. Lopez, storico italiano di origine ebraica, naturalizzato statunitense, in seguito alla fuga dall&#8217;Italia dopo l&#8217;approvazione delle leggi razziali, parlando della potenza commerciale italiana, al suo apice tra XIII e XIV secolo, scrive: \u201cSi estendeva fino all&#8217;Inghilterra, alla Russia meridionale, alle oasi del Sahara, all&#8217;India e alla Cina. Si trattava del maggior impero economico che il mondo avesse mai conosciuto\u201d.<\/p>\n<p style=\"text-align: justify;\"><!--more--><\/p>\n<p style=\"text-align: justify;\">Come era potuto accadere che gli eredi di Roma, il cui dominio era stato spazzato via dai \u201cbarbari\u201d 700 anni prima, fossero capaci di costruire qualcosa di ancora pi\u00f9 grande? Qualcosa che avrebbe contagiato e cambiato a poco a poco tutta l&#8217;Europa e gettato il seme del progresso in tutte le terre che gli europei avrebbero scoperto di l\u00ec a non molto?<\/p>\n<p style=\"text-align: justify;\">Tutto era iniziato quando Benedetto da Norcia, a poca distanza dall&#8217;ex capitale dell&#8217;impero, fra Subiaco e Montecassino, fond\u00f2 le sue prime comunit\u00e0 monastiche e scrisse una Regola, che traduceva in pratica il Vangelo, fissando i cardini della vita comunitaria sui concetti di \u201cstabilitas loci\u201d (cio\u00e8 l&#8217;obbligo di risiedere a vita in un solo convento) e \u201cconversatio\u201d (ovvero buona condotta morale, piet\u00e0 reciproca e obbedienza all&#8217;Abate), applicando come via di perfezione l&#8217;alternanza di preghiera e lavoro.<\/p>\n<p style=\"text-align: justify;\">Il motto \u201cora et labora\u201d, vero emblema del monachesimo occidentale, indica una impronta indelebile che le attivit\u00e0 di quegli uomini, seguaci di Benedetto, lasceranno nei luoghi e nelle genti interessate dalla presenza delle Abbazie. I monaci infatti pregano ma vivono del lavoro delle loro mani, evitano l&#8217;ozio e si santificano non rifuggendo dal mondo ma edificandolo con le opere buone e diventando ben presto punti di riferimento per territori sempre pi\u00f9 vasti.<\/p>\n<p style=\"text-align: justify;\">La santit\u00e0 e la dottrina dei monaci infatti attirava offerte e donazioni che non venivano solo destinate alle opere assistenziali ma amministrate con saggezza e messe a frutto grazie all&#8217;incremento delle propriet\u00e0 agricole, la costruzione di edifici quali Chiese, magazzini, ospizi, scuole, officine.<\/p>\n<p style=\"text-align: justify;\">Intorno al IX secolo, le tenute possedute dalle Abbazie si trasformarono in piccole citt\u00e0 che sostenevano diversi distaccamenti sparsi. Qui operavano amministratori capaci e onesti, secondo le regole essenzialmente meritocratiche degli ordini religiosi, che affrontarono l&#8217;esigenza di controllare, maneggiare cifre, calcolare profitti e perdite, riflettere come espandere la produzione e gli scambi commerciali. Di conseguenza \u00e8 in quest&#8217;epoca che si esce definitivamente da un&#8217;economia di baratto e si passer\u00e0 a quella del denaro e poi del credito.<\/p>\n<p style=\"text-align: justify;\">Il modello commerciale fornito dalle Abbazie medievali \u00e8 perci\u00f2 il presupposto fondamentale per la nascita di imprese capitalistiche private. Ma sar\u00e0 un&#8217;altra peculiarit\u00e0 italiana a dare impulso decisivo all&#8217;economia: la diffusione di citt\u00e0-stato che garantivano autonomia e libert\u00e0 ai cittadini, quasi tutte ben collocate nelle regioni del centro e nord Italia.<\/p>\n<p style=\"text-align: justify;\">Senza libert\u00e0, le cui radici affondano nella fede cristiana in un Dio personale che vuole essere scelto e non si impone all&#8217;uomo se non per amore, non \u00e8 infatti immaginabile alcuna \u201crivoluzione\u201d economica come quella dell&#8217;Italia medievale. Quegli uomini si misero in gioco proprio perch\u00e9 convinti di esercitare e possedere quel dono di libert\u00e0 dal quale derivava la concreta prospettiva di successo nell&#8217;impresa.<\/p>\n<p style=\"text-align: justify;\">Un successo non tanto e non solo destinato a produrre, inevitabilmente, ricchezza ma piuttosto a costruire una citt\u00e0 e una comunit\u00e0 ben ordinata e tesa a un fine comune. Ecco allora che la rivoluzione commerciale del Medioevo, partita dall&#8217;Italia, ha bisogno di imprese razionali, create e amministrate secondo regole precise e verificabili. In queste imprese hanno un ruolo decisivo le persone, che non possono essere addetti improvvisati ma necessitano di selezione e formazione.<\/p>\n<p style=\"text-align: justify;\">Se il Medioevo inventa l&#8217;Universit\u00e0 per gli studi superiori, non trascura l&#8217;istruzione mirata all&#8217;impresa: nel 1202 grazie all&#8217;Abaco di Leonardo Pisano si introduce nel mondo l&#8217;aritmetica moderna, che per 2 secoli rester\u00e0 specialit\u00e0 quasi esclusivamente italiana.<\/p>\n<p style=\"text-align: justify;\">Nel 1338, mentre nel resto d&#8217;Europa le scuole non esistono affatto e gran parte della popolazione \u00e8 analfabeta, a Firenze, Venezia, Genova, Milano e nelle altre citt\u00e0 commerciali italiane, quasi la met\u00e0 della popolazione in et\u00e0 scolare frequenta la scuola. Chi commercia \u00e8 perci\u00f2, non solo alfabetizzato ma anche istruito e cos\u00ec pure lo sono la maggior parte degli artisti e degli artigiani. Un vantaggio enorme che sar\u00e0 anche alla base di un altro straordinario fenomeno: i \u201cBanchi&#8221;.<\/p>\n<p style=\"text-align: justify;\">Fa enorme impressione leggere le pagine che Stark dedica alle banche italiane di quei secoli. Prigionieri come siamo dell&#8217;idea di vivere in un Paese in declino, non ci sembra possibile che nel Medioevo le grandi \u201cmultinazionali\u201d fossero praticamente tutte nate in Italia e gestite da italiani, in tutta Europa e non solo.<\/p>\n<p style=\"text-align: justify;\">Il Banco Riccardi, di Lucca, nel 1250 possedeva undici filiali, di cui una a Dublino. 50 anni dopo, il Banco Peruzzi, di Firenze, aveva 15 filiali, di cui una a Tunisi. La \u201cStoria economica di Cambridge\u201d elenca 173 grandi banchi italiani operativi nel XIV secolo, senza contarne le filiali: 38 a Firenze, 34 a Pisa, 27 a Genova, 21 a Lucca, 18 a Venezia e 10 a Milano.<\/p>\n<p style=\"text-align: justify;\">Erano vere e proprie imprese che non solo prestavano e scambiavano denaro ma erano coinvolte sia in attivit\u00e0 commerciali e manifatturiere, sia in attivit\u00e0 finanziarie. Se volessimo dare l&#8217;idea di cos&#8217;era un \u201cBanco\u201d sullo stile del lucchese \u201cBanco Riccardi\u201d e della sua influenza, dovremmo immaginare un&#8217;impresa frutto della fusione di Banca d&#8217;America e General Motors! Furono i \u201cBanchi\u201d italiani a finanziare Re e sovrani d&#8217;Europa nelle loro imprese: per 20 anni i Riccardi prestarono a Edoardo d&#8217;Inghilterra una media di 112.000 fiorini d&#8217;oro all&#8217;anno, facendosi pagare interessi fino al 17%!<\/p>\n<p style=\"text-align: justify;\">I miracoli economici prodotti dal capitalismo italiano, alcuni secoli prima della Riforma, furono troppo evidenti per rimanere inosservati. I viaggiatori giunti in Italia dal nord Europa riportarono in Patria racconti di ricchezze e produttivit\u00e0 incredibili. Dopo poco tempo, gli abitanti delle Fiandre, dell&#8217;Inghilterra e delle varie citt\u00e0 lungo il Reno dovettero solo guardarsi intorno per vedere gli stessi miracoli: le aziende \u201ccoloniali\u201d italiane, infatti, avevano preso il controllo e riorganizzato le loro industrie locali e attivit\u00e0 commerciali, creando aziende molto efficienti e redditizie. Presto la gente del luogo inizi\u00f2 a fondare le proprie imprese, imitando il \u201cmodello\u201d italiano, per cui la ricchezza si diffuse in tutto l&#8217;Occidente&#8230;<\/p>\n<p style=\"text-align: justify;\">Viviamo oggi un periodo storico strano: la nostra tradizione e la civilt\u00e0 che ci viene dal passato, grazie alla quale tanto di positivo si \u00e8 sparso in Europa e nel mondo, sembra debba essere accantonata per lasciare spazio a modelli sociali ed economici tanto confusi quanto pericolosi che ci vengono proposti come moderni e forieri di sicuro progresso.<\/p>\n<p style=\"text-align: justify;\">Nutriamo forti dubbi che tale operazione possa produrre effetti positivi. E se fosse che, anche ai nostri giorni, il \u201cmodello\u201d da seguire non sia da ricercare altrove ma parta ancora dall&#8217;Italia? Sperando di avervi incuriosito, affidiamo la conclusione proprio alle parole di Rodney Stark, ai cui libri vi rimandiamo per ogni approfondimento: \u201cE&#8217; stato il cristianesimo a creare la civilt\u00e0 occidentale. Se i seguaci di Ges\u00f9 fossero rimasti un&#8217;oscura setta ebraica, la maggior parte di voi non avrebbe imparato a leggere e gli altri leggerebbero papiri scritti a mano&#8221;.<\/p>\n<p style=\"text-align: justify;\">&#8220;Senza una teologia affidata alla ragione, al progresso, all&#8217;uguaglianza morale, il mondo intero sarebbe oggi pi\u00f9 o meno dove le societ\u00e0 non europee erano, diciamo, nell&#8217;800: un mondo pieno di astrologi e alchimisti ma non di scienziati. Un mondo di despoti, senza universit\u00e0, banche, fabbriche, occhiali, camini e pianoforti. Un mondo dove la maggior parte dei bambini non raggiunge i 5 anni di vita e molte donne muoiono dando alla luce un figlio. Un mondo che vive veramente in &#8216;secoli bui&#8217;\u201d.<\/p>\n","protected":false},"excerpt":{"rendered":"<p>Dal sito Aleteia 1 marzo 2015 Dalla rivoluzione di Benedetto da Norcia alle \u201cmultinazionali\u201d del Medioevo di Danilo Leonardi Nella sua La rivoluzione commerciale del Medioevo Robert S. Lopez, storico italiano di origine ebraica, naturalizzato statunitense, in seguito alla fuga dall&#8217;Italia dopo l&#8217;approvazione delle leggi razziali, parlando della potenza commerciale italiana, al suo apice tra &hellip; <\/p>\n<p><a class=\"more-link btn\" href=\"https:\/\/www.rassegnastampa-totustuus.it\/cattolica\/ecco-come-dalle-abbazie-si-e-passati-alle-banche\/\">Continua a leggere<\/a><\/p>\n","protected":false},"author":6,"featured_media":20879,"comment_status":"closed","ping_status":"closed","sticky":false,"template":"","format":"standard","meta":{"footnotes":""},"categories":[13,91,24],"tags":[1752,1751],"class_list":["post-20878","post","type-post","status-publish","format-standard","has-post-thumbnail","hentry","category-economia","category-medioevo","category-storia","tag-banche","tag-benedettini","item-wrap"],"yoast_head":"<!-- This site is optimized with the Yoast SEO plugin v27.5 - https:\/\/yoast.com\/product\/yoast-seo-wordpress\/ -->\n<title>Ecco come dalle Abbazie si \u00e8 passati alle banche - Rassegna Stampa Cattolica<\/title>\n<meta name=\"description\" content=\"Rassegna Stampa Cattolica - Per una cultura che nasce dalla Rivelazione cristiana in conformit\u00e0 alla tradizione e al Magistero della Chiesa in opposizione ad ogni relativismo e totalitarismo\" \/>\n<meta name=\"robots\" content=\"index, follow, max-snippet:-1, max-image-preview:large, max-video-preview:-1\" \/>\n<link rel=\"canonical\" href=\"https:\/\/www.rassegnastampa-totustuus.it\/cattolica\/ecco-come-dalle-abbazie-si-e-passati-alle-banche\/\" \/>\n<meta property=\"og:locale\" content=\"it_IT\" \/>\n<meta property=\"og:type\" content=\"article\" \/>\n<meta property=\"og:title\" content=\"Ecco come dalle Abbazie si \u00e8 passati alle banche - Rassegna Stampa Cattolica\" \/>\n<meta property=\"og:description\" content=\"Rassegna Stampa Cattolica - Per una cultura che nasce dalla Rivelazione cristiana in conformit\u00e0 alla tradizione e al Magistero della Chiesa in opposizione ad ogni relativismo e totalitarismo\" \/>\n<meta property=\"og:url\" content=\"https:\/\/www.rassegnastampa-totustuus.it\/cattolica\/ecco-come-dalle-abbazie-si-e-passati-alle-banche\/\" \/>\n<meta property=\"og:site_name\" content=\"Rassegna Stampa Cattolica\" \/>\n<meta property=\"article:publisher\" content=\"https:\/\/www.facebook.com\/rassegnastampacattolica\" \/>\n<meta property=\"article:published_time\" content=\"2015-03-25T23:00:36+00:00\" \/>\n<meta property=\"og:image\" content=\"https:\/\/www.rassegnastampa-totustuus.it\/cattolica\/wp-content\/uploads\/2015\/03\/abazia.jpg\" \/>\n\t<meta property=\"og:image:width\" content=\"291\" \/>\n\t<meta property=\"og:image:height\" content=\"173\" \/>\n\t<meta property=\"og:image:type\" content=\"image\/jpeg\" \/>\n<meta name=\"author\" content=\"Redazione\" \/>\n<meta name=\"twitter:card\" content=\"summary_large_image\" \/>\n<meta name=\"twitter:creator\" content=\"@rassegnastampa9\" \/>\n<meta name=\"twitter:site\" content=\"@rassegnastampa9\" \/>\n<meta name=\"twitter:label1\" content=\"Scritto da\" \/>\n\t<meta name=\"twitter:data1\" content=\"Redazione\" \/>\n\t<meta name=\"twitter:label2\" content=\"Tempo di lettura stimato\" \/>\n\t<meta name=\"twitter:data2\" content=\"6 minuti\" \/>\n<script type=\"application\/ld+json\" class=\"yoast-schema-graph\">{\"@context\":\"https:\\\/\\\/schema.org\",\"@graph\":[{\"@type\":\"Article\",\"@id\":\"https:\\\/\\\/www.rassegnastampa-totustuus.it\\\/cattolica\\\/ecco-come-dalle-abbazie-si-e-passati-alle-banche\\\/#article\",\"isPartOf\":{\"@id\":\"https:\\\/\\\/www.rassegnastampa-totustuus.it\\\/cattolica\\\/ecco-come-dalle-abbazie-si-e-passati-alle-banche\\\/\"},\"author\":{\"name\":\"Redazione\",\"@id\":\"https:\\\/\\\/www.rassegnastampa-totustuus.it\\\/cattolica\\\/#\\\/schema\\\/person\\\/08f319d2bd1a0904ad9e2bfb7b15e5c3\"},\"headline\":\"Ecco come dalle Abbazie si \u00e8 passati alle banche\",\"datePublished\":\"2015-03-25T23:00:36+00:00\",\"mainEntityOfPage\":{\"@id\":\"https:\\\/\\\/www.rassegnastampa-totustuus.it\\\/cattolica\\\/ecco-come-dalle-abbazie-si-e-passati-alle-banche\\\/\"},\"wordCount\":1286,\"publisher\":{\"@id\":\"https:\\\/\\\/www.rassegnastampa-totustuus.it\\\/cattolica\\\/#organization\"},\"image\":{\"@id\":\"https:\\\/\\\/www.rassegnastampa-totustuus.it\\\/cattolica\\\/ecco-come-dalle-abbazie-si-e-passati-alle-banche\\\/#primaryimage\"},\"thumbnailUrl\":\"https:\\\/\\\/www.rassegnastampa-totustuus.it\\\/cattolica\\\/wp-content\\\/uploads\\\/2015\\\/03\\\/abazia.jpg\",\"keywords\":[\"banche\",\"benedettini\"],\"articleSection\":[\"Economia\",\"Medioevo\",\"Storia\"],\"inLanguage\":\"it-IT\"},{\"@type\":\"WebPage\",\"@id\":\"https:\\\/\\\/www.rassegnastampa-totustuus.it\\\/cattolica\\\/ecco-come-dalle-abbazie-si-e-passati-alle-banche\\\/\",\"url\":\"https:\\\/\\\/www.rassegnastampa-totustuus.it\\\/cattolica\\\/ecco-come-dalle-abbazie-si-e-passati-alle-banche\\\/\",\"name\":\"Ecco come dalle Abbazie si \u00e8 passati alle banche - Rassegna Stampa Cattolica\",\"isPartOf\":{\"@id\":\"https:\\\/\\\/www.rassegnastampa-totustuus.it\\\/cattolica\\\/#website\"},\"primaryImageOfPage\":{\"@id\":\"https:\\\/\\\/www.rassegnastampa-totustuus.it\\\/cattolica\\\/ecco-come-dalle-abbazie-si-e-passati-alle-banche\\\/#primaryimage\"},\"image\":{\"@id\":\"https:\\\/\\\/www.rassegnastampa-totustuus.it\\\/cattolica\\\/ecco-come-dalle-abbazie-si-e-passati-alle-banche\\\/#primaryimage\"},\"thumbnailUrl\":\"https:\\\/\\\/www.rassegnastampa-totustuus.it\\\/cattolica\\\/wp-content\\\/uploads\\\/2015\\\/03\\\/abazia.jpg\",\"datePublished\":\"2015-03-25T23:00:36+00:00\",\"description\":\"Rassegna Stampa Cattolica - Per una cultura che nasce dalla Rivelazione cristiana in conformit\u00e0 alla tradizione e al Magistero della Chiesa in opposizione ad ogni relativismo e totalitarismo\",\"breadcrumb\":{\"@id\":\"https:\\\/\\\/www.rassegnastampa-totustuus.it\\\/cattolica\\\/ecco-come-dalle-abbazie-si-e-passati-alle-banche\\\/#breadcrumb\"},\"inLanguage\":\"it-IT\",\"potentialAction\":[{\"@type\":\"ReadAction\",\"target\":[\"https:\\\/\\\/www.rassegnastampa-totustuus.it\\\/cattolica\\\/ecco-come-dalle-abbazie-si-e-passati-alle-banche\\\/\"]}]},{\"@type\":\"ImageObject\",\"inLanguage\":\"it-IT\",\"@id\":\"https:\\\/\\\/www.rassegnastampa-totustuus.it\\\/cattolica\\\/ecco-come-dalle-abbazie-si-e-passati-alle-banche\\\/#primaryimage\",\"url\":\"https:\\\/\\\/www.rassegnastampa-totustuus.it\\\/cattolica\\\/wp-content\\\/uploads\\\/2015\\\/03\\\/abazia.jpg\",\"contentUrl\":\"https:\\\/\\\/www.rassegnastampa-totustuus.it\\\/cattolica\\\/wp-content\\\/uploads\\\/2015\\\/03\\\/abazia.jpg\",\"width\":291,\"height\":173},{\"@type\":\"BreadcrumbList\",\"@id\":\"https:\\\/\\\/www.rassegnastampa-totustuus.it\\\/cattolica\\\/ecco-come-dalle-abbazie-si-e-passati-alle-banche\\\/#breadcrumb\",\"itemListElement\":[{\"@type\":\"ListItem\",\"position\":1,\"name\":\"Home\",\"item\":\"https:\\\/\\\/www.rassegnastampa-totustuus.it\\\/cattolica\\\/\"},{\"@type\":\"ListItem\",\"position\":2,\"name\":\"Ecco come dalle Abbazie si \u00e8 passati alle banche\"}]},{\"@type\":\"WebSite\",\"@id\":\"https:\\\/\\\/www.rassegnastampa-totustuus.it\\\/cattolica\\\/#website\",\"url\":\"https:\\\/\\\/www.rassegnastampa-totustuus.it\\\/cattolica\\\/\",\"name\":\"Rassegna Stampa Cattolica\",\"description\":\"Per una cultura che nasce dalla Rivelazione cristiana in conformit\u00e0 alla tradizione e al Magistero della Chiesa in opposizione ad ogni relativismo e totalitarismo\",\"publisher\":{\"@id\":\"https:\\\/\\\/www.rassegnastampa-totustuus.it\\\/cattolica\\\/#organization\"},\"alternateName\":\"Rass. Cattolica\",\"potentialAction\":[{\"@type\":\"SearchAction\",\"target\":{\"@type\":\"EntryPoint\",\"urlTemplate\":\"https:\\\/\\\/www.rassegnastampa-totustuus.it\\\/cattolica\\\/?s={search_term_string}\"},\"query-input\":{\"@type\":\"PropertyValueSpecification\",\"valueRequired\":true,\"valueName\":\"search_term_string\"}}],\"inLanguage\":\"it-IT\"},{\"@type\":\"Organization\",\"@id\":\"https:\\\/\\\/www.rassegnastampa-totustuus.it\\\/cattolica\\\/#organization\",\"name\":\"Rassegna Stampa Cattolica\",\"url\":\"https:\\\/\\\/www.rassegnastampa-totustuus.it\\\/cattolica\\\/\",\"logo\":{\"@type\":\"ImageObject\",\"inLanguage\":\"it-IT\",\"@id\":\"https:\\\/\\\/www.rassegnastampa-totustuus.it\\\/cattolica\\\/#\\\/schema\\\/logo\\\/image\\\/\",\"url\":\"https:\\\/\\\/www.rassegnastampa-totustuus.it\\\/cattolica\\\/wp-content\\\/uploads\\\/2014\\\/04\\\/logo-rassegna1.gif\",\"contentUrl\":\"https:\\\/\\\/www.rassegnastampa-totustuus.it\\\/cattolica\\\/wp-content\\\/uploads\\\/2014\\\/04\\\/logo-rassegna1.gif\",\"width\":600,\"height\":163,\"caption\":\"Rassegna Stampa Cattolica\"},\"image\":{\"@id\":\"https:\\\/\\\/www.rassegnastampa-totustuus.it\\\/cattolica\\\/#\\\/schema\\\/logo\\\/image\\\/\"},\"sameAs\":[\"https:\\\/\\\/www.facebook.com\\\/rassegnastampacattolica\",\"https:\\\/\\\/x.com\\\/rassegnastampa9\"]},{\"@type\":\"Person\",\"@id\":\"https:\\\/\\\/www.rassegnastampa-totustuus.it\\\/cattolica\\\/#\\\/schema\\\/person\\\/08f319d2bd1a0904ad9e2bfb7b15e5c3\",\"name\":\"Redazione\",\"image\":{\"@type\":\"ImageObject\",\"inLanguage\":\"it-IT\",\"@id\":\"https:\\\/\\\/secure.gravatar.com\\\/avatar\\\/2fcdf27c78ea025fbdb44e914cc63c72249ffec9dc8aafd5c82b26240ef3f346?s=96&d=mm&r=g\",\"url\":\"https:\\\/\\\/secure.gravatar.com\\\/avatar\\\/2fcdf27c78ea025fbdb44e914cc63c72249ffec9dc8aafd5c82b26240ef3f346?s=96&d=mm&r=g\",\"contentUrl\":\"https:\\\/\\\/secure.gravatar.com\\\/avatar\\\/2fcdf27c78ea025fbdb44e914cc63c72249ffec9dc8aafd5c82b26240ef3f346?s=96&d=mm&r=g\",\"caption\":\"Redazione\"},\"url\":\"https:\\\/\\\/www.rassegnastampa-totustuus.it\\\/cattolica\\\/author\\\/pietroelle\\\/\"}]}<\/script>\n<!-- \/ Yoast SEO plugin. -->","yoast_head_json":{"title":"Ecco come dalle Abbazie si \u00e8 passati alle banche - Rassegna Stampa Cattolica","description":"Rassegna Stampa Cattolica - Per una cultura che nasce dalla Rivelazione cristiana in conformit\u00e0 alla tradizione e al Magistero della Chiesa in opposizione ad ogni relativismo e totalitarismo","robots":{"index":"index","follow":"follow","max-snippet":"max-snippet:-1","max-image-preview":"max-image-preview:large","max-video-preview":"max-video-preview:-1"},"canonical":"https:\/\/www.rassegnastampa-totustuus.it\/cattolica\/ecco-come-dalle-abbazie-si-e-passati-alle-banche\/","og_locale":"it_IT","og_type":"article","og_title":"Ecco come dalle Abbazie si \u00e8 passati alle banche - Rassegna Stampa Cattolica","og_description":"Rassegna Stampa Cattolica - Per una cultura che nasce dalla Rivelazione cristiana in conformit\u00e0 alla tradizione e al Magistero della Chiesa in opposizione ad ogni relativismo e totalitarismo","og_url":"https:\/\/www.rassegnastampa-totustuus.it\/cattolica\/ecco-come-dalle-abbazie-si-e-passati-alle-banche\/","og_site_name":"Rassegna Stampa Cattolica","article_publisher":"https:\/\/www.facebook.com\/rassegnastampacattolica","article_published_time":"2015-03-25T23:00:36+00:00","og_image":[{"width":291,"height":173,"url":"https:\/\/www.rassegnastampa-totustuus.it\/cattolica\/wp-content\/uploads\/2015\/03\/abazia.jpg","type":"image\/jpeg"}],"author":"Redazione","twitter_card":"summary_large_image","twitter_creator":"@rassegnastampa9","twitter_site":"@rassegnastampa9","twitter_misc":{"Scritto da":"Redazione","Tempo di lettura stimato":"6 minuti"},"schema":{"@context":"https:\/\/schema.org","@graph":[{"@type":"Article","@id":"https:\/\/www.rassegnastampa-totustuus.it\/cattolica\/ecco-come-dalle-abbazie-si-e-passati-alle-banche\/#article","isPartOf":{"@id":"https:\/\/www.rassegnastampa-totustuus.it\/cattolica\/ecco-come-dalle-abbazie-si-e-passati-alle-banche\/"},"author":{"name":"Redazione","@id":"https:\/\/www.rassegnastampa-totustuus.it\/cattolica\/#\/schema\/person\/08f319d2bd1a0904ad9e2bfb7b15e5c3"},"headline":"Ecco come dalle Abbazie si \u00e8 passati alle banche","datePublished":"2015-03-25T23:00:36+00:00","mainEntityOfPage":{"@id":"https:\/\/www.rassegnastampa-totustuus.it\/cattolica\/ecco-come-dalle-abbazie-si-e-passati-alle-banche\/"},"wordCount":1286,"publisher":{"@id":"https:\/\/www.rassegnastampa-totustuus.it\/cattolica\/#organization"},"image":{"@id":"https:\/\/www.rassegnastampa-totustuus.it\/cattolica\/ecco-come-dalle-abbazie-si-e-passati-alle-banche\/#primaryimage"},"thumbnailUrl":"https:\/\/www.rassegnastampa-totustuus.it\/cattolica\/wp-content\/uploads\/2015\/03\/abazia.jpg","keywords":["banche","benedettini"],"articleSection":["Economia","Medioevo","Storia"],"inLanguage":"it-IT"},{"@type":"WebPage","@id":"https:\/\/www.rassegnastampa-totustuus.it\/cattolica\/ecco-come-dalle-abbazie-si-e-passati-alle-banche\/","url":"https:\/\/www.rassegnastampa-totustuus.it\/cattolica\/ecco-come-dalle-abbazie-si-e-passati-alle-banche\/","name":"Ecco come dalle Abbazie si \u00e8 passati alle banche - Rassegna Stampa Cattolica","isPartOf":{"@id":"https:\/\/www.rassegnastampa-totustuus.it\/cattolica\/#website"},"primaryImageOfPage":{"@id":"https:\/\/www.rassegnastampa-totustuus.it\/cattolica\/ecco-come-dalle-abbazie-si-e-passati-alle-banche\/#primaryimage"},"image":{"@id":"https:\/\/www.rassegnastampa-totustuus.it\/cattolica\/ecco-come-dalle-abbazie-si-e-passati-alle-banche\/#primaryimage"},"thumbnailUrl":"https:\/\/www.rassegnastampa-totustuus.it\/cattolica\/wp-content\/uploads\/2015\/03\/abazia.jpg","datePublished":"2015-03-25T23:00:36+00:00","description":"Rassegna Stampa Cattolica - Per una cultura che nasce dalla Rivelazione cristiana in conformit\u00e0 alla tradizione e al Magistero della Chiesa in opposizione ad ogni relativismo e totalitarismo","breadcrumb":{"@id":"https:\/\/www.rassegnastampa-totustuus.it\/cattolica\/ecco-come-dalle-abbazie-si-e-passati-alle-banche\/#breadcrumb"},"inLanguage":"it-IT","potentialAction":[{"@type":"ReadAction","target":["https:\/\/www.rassegnastampa-totustuus.it\/cattolica\/ecco-come-dalle-abbazie-si-e-passati-alle-banche\/"]}]},{"@type":"ImageObject","inLanguage":"it-IT","@id":"https:\/\/www.rassegnastampa-totustuus.it\/cattolica\/ecco-come-dalle-abbazie-si-e-passati-alle-banche\/#primaryimage","url":"https:\/\/www.rassegnastampa-totustuus.it\/cattolica\/wp-content\/uploads\/2015\/03\/abazia.jpg","contentUrl":"https:\/\/www.rassegnastampa-totustuus.it\/cattolica\/wp-content\/uploads\/2015\/03\/abazia.jpg","width":291,"height":173},{"@type":"BreadcrumbList","@id":"https:\/\/www.rassegnastampa-totustuus.it\/cattolica\/ecco-come-dalle-abbazie-si-e-passati-alle-banche\/#breadcrumb","itemListElement":[{"@type":"ListItem","position":1,"name":"Home","item":"https:\/\/www.rassegnastampa-totustuus.it\/cattolica\/"},{"@type":"ListItem","position":2,"name":"Ecco come dalle Abbazie si \u00e8 passati alle banche"}]},{"@type":"WebSite","@id":"https:\/\/www.rassegnastampa-totustuus.it\/cattolica\/#website","url":"https:\/\/www.rassegnastampa-totustuus.it\/cattolica\/","name":"Rassegna Stampa Cattolica","description":"Per una cultura che nasce dalla Rivelazione cristiana in conformit\u00e0 alla tradizione e al Magistero della Chiesa in opposizione ad ogni relativismo e totalitarismo","publisher":{"@id":"https:\/\/www.rassegnastampa-totustuus.it\/cattolica\/#organization"},"alternateName":"Rass. Cattolica","potentialAction":[{"@type":"SearchAction","target":{"@type":"EntryPoint","urlTemplate":"https:\/\/www.rassegnastampa-totustuus.it\/cattolica\/?s={search_term_string}"},"query-input":{"@type":"PropertyValueSpecification","valueRequired":true,"valueName":"search_term_string"}}],"inLanguage":"it-IT"},{"@type":"Organization","@id":"https:\/\/www.rassegnastampa-totustuus.it\/cattolica\/#organization","name":"Rassegna Stampa Cattolica","url":"https:\/\/www.rassegnastampa-totustuus.it\/cattolica\/","logo":{"@type":"ImageObject","inLanguage":"it-IT","@id":"https:\/\/www.rassegnastampa-totustuus.it\/cattolica\/#\/schema\/logo\/image\/","url":"https:\/\/www.rassegnastampa-totustuus.it\/cattolica\/wp-content\/uploads\/2014\/04\/logo-rassegna1.gif","contentUrl":"https:\/\/www.rassegnastampa-totustuus.it\/cattolica\/wp-content\/uploads\/2014\/04\/logo-rassegna1.gif","width":600,"height":163,"caption":"Rassegna Stampa Cattolica"},"image":{"@id":"https:\/\/www.rassegnastampa-totustuus.it\/cattolica\/#\/schema\/logo\/image\/"},"sameAs":["https:\/\/www.facebook.com\/rassegnastampacattolica","https:\/\/x.com\/rassegnastampa9"]},{"@type":"Person","@id":"https:\/\/www.rassegnastampa-totustuus.it\/cattolica\/#\/schema\/person\/08f319d2bd1a0904ad9e2bfb7b15e5c3","name":"Redazione","image":{"@type":"ImageObject","inLanguage":"it-IT","@id":"https:\/\/secure.gravatar.com\/avatar\/2fcdf27c78ea025fbdb44e914cc63c72249ffec9dc8aafd5c82b26240ef3f346?s=96&d=mm&r=g","url":"https:\/\/secure.gravatar.com\/avatar\/2fcdf27c78ea025fbdb44e914cc63c72249ffec9dc8aafd5c82b26240ef3f346?s=96&d=mm&r=g","contentUrl":"https:\/\/secure.gravatar.com\/avatar\/2fcdf27c78ea025fbdb44e914cc63c72249ffec9dc8aafd5c82b26240ef3f346?s=96&d=mm&r=g","caption":"Redazione"},"url":"https:\/\/www.rassegnastampa-totustuus.it\/cattolica\/author\/pietroelle\/"}]}},"_links":{"self":[{"href":"https:\/\/www.rassegnastampa-totustuus.it\/cattolica\/wp-json\/wp\/v2\/posts\/20878","targetHints":{"allow":["GET"]}}],"collection":[{"href":"https:\/\/www.rassegnastampa-totustuus.it\/cattolica\/wp-json\/wp\/v2\/posts"}],"about":[{"href":"https:\/\/www.rassegnastampa-totustuus.it\/cattolica\/wp-json\/wp\/v2\/types\/post"}],"author":[{"embeddable":true,"href":"https:\/\/www.rassegnastampa-totustuus.it\/cattolica\/wp-json\/wp\/v2\/users\/6"}],"replies":[{"embeddable":true,"href":"https:\/\/www.rassegnastampa-totustuus.it\/cattolica\/wp-json\/wp\/v2\/comments?post=20878"}],"version-history":[{"count":1,"href":"https:\/\/www.rassegnastampa-totustuus.it\/cattolica\/wp-json\/wp\/v2\/posts\/20878\/revisions"}],"predecessor-version":[{"id":20880,"href":"https:\/\/www.rassegnastampa-totustuus.it\/cattolica\/wp-json\/wp\/v2\/posts\/20878\/revisions\/20880"}],"wp:featuredmedia":[{"embeddable":true,"href":"https:\/\/www.rassegnastampa-totustuus.it\/cattolica\/wp-json\/wp\/v2\/media\/20879"}],"wp:attachment":[{"href":"https:\/\/www.rassegnastampa-totustuus.it\/cattolica\/wp-json\/wp\/v2\/media?parent=20878"}],"wp:term":[{"taxonomy":"category","embeddable":true,"href":"https:\/\/www.rassegnastampa-totustuus.it\/cattolica\/wp-json\/wp\/v2\/categories?post=20878"},{"taxonomy":"post_tag","embeddable":true,"href":"https:\/\/www.rassegnastampa-totustuus.it\/cattolica\/wp-json\/wp\/v2\/tags?post=20878"}],"curies":[{"name":"wp","href":"https:\/\/api.w.org\/{rel}","templated":true}]}}