{"id":208,"date":"2004-11-24T16:40:55","date_gmt":"2004-11-24T15:40:55","guid":{"rendered":""},"modified":"2016-03-03T08:58:55","modified_gmt":"2016-03-03T07:58:55","slug":"il-fumo-di-satana-nella-casa-del-signore-2","status":"publish","type":"post","link":"https:\/\/www.rassegnastampa-totustuus.it\/cattolica\/il-fumo-di-satana-nella-casa-del-signore-2\/","title":{"rendered":"Il fumo di Satana nella casa del Signore"},"content":{"rendered":"<div style=\"text-align: center;\"><img loading=\"lazy\" decoding=\"async\" class=\"alignleft wp-image-31413 size-full\" src=\"https:\/\/www.rassegnastampa-totustuus.it\/cattolica\/wp-content\/uploads\/2004\/11\/Rituale_esorcismi.jpg\" alt=\"Rituale_esorcismi\" width=\"240\" height=\"182\" \/>Tratto da: &#8221; &#8230; <strong>E LIBERACI DAL MALIGNO&#8221;.<\/strong><\/div>\n<div style=\"text-align: center;\">Intervista con padre <strong>Gabriele Amorth, 30Giorni,<\/strong> pp. 28-34, n\u00b0 6 del 2001<strong>.<\/strong><\/div>\n<p><em>Era la festa degli apostoli Pietro e Paolo, quando papa Montini parl\u00f2 del nemico di Dio per antonomasia: &#8220;Attraverso qualche fessura il fumo di Satana \u00e8 entrato nella Chiesa&#8221;. E oggi? Beh, quel fumo si diffonde in stanze insospettate&#8230;<\/em><\/p>\n<p style=\"text-align: center;\">di <strong>Stefano Maria Paci<\/strong><\/p>\n<p><!--more--><\/p>\n<div style=\"text-align: justify;\">Sono trascorsi 29 anni da quel 29 giugno dei 1972. Era la festa di san Pietro, principe degli apostoli. Era la festa di san Paolo, colui che ha portato il Vangelo di Cristo fino all&#8217;estremo Occidente. E in quel 29 giugno, festa dei santi protettori di Roma, il successore di Pietro che aveva preso il nome di Paolo lanci\u00f2 un grido drammatico. Paolo VI parl\u00f2 dei nemico di Dio per antonomasia, di quel nemico dell&#8217;uomo che si chiama Satana. Il nemico della Chiesa. &#8220;Attraverso qualche fessura&#8221; denunci\u00f2 Paolo VI &#8220;il fumo di Satana \u00e8 entrato nella Chiesa&#8221;. Un grido angoscioso, che lasci\u00f2 stupiti e scandalizz\u00f2 molti, anche all&#8217;interno del mondo cattolico.<\/div>\n<p style=\"text-align: justify;\">E oggi, 29 anni dopo? Quel fumo \u00e8 stato allontanato, o ha invaso altre stanze? Siamo andati a chiederlo a uno che con Satana e le sue astuzie ha a che fare tutti i giorni. Quasi per professione. E l&#8217;esorcista pi\u00f9 famoso del mondo: padre Gabriele Amorth, fondatore e presidente ad honorem dell&#8217;Associazione internazionale degli esorcisti. Siamo andati da lui anche perch\u00e9 poche settima ne fa, il 15 maggio, \u00e8 stata approvata dalla Cei la traduzione italiana del nuovo Rituale degli esorcismi. Per entrare in uso attende solo il placet della Congregazione per il culto divino e la disciplina dei sacramenti. Una nuova arma che ha la Chiesa per combattere il Nemico? Per scacciare, se ancora non \u00e8 stato fatto, quel fumo penetrato nel tempio del Signore? Macch\u00e9! Sentite cosa racconta padre Amorth. Scoprirete che la guerra, in corso da millenni, infuria pi\u00f9 furibonda che mai. Che la battaglia adesso si \u00e8 spostata soprattutto all&#8217;interno della casa del Signore. E quel fumo&#8230; beh, quel fumo si diffonde in stanze insospettate.<\/p>\n<p style=\"text-align: justify;\"><strong>Padre Amorth, finalmente \u00e8 pronta la traduzione italiana del nuovo Rituale per gli esorcisti <\/strong><\/p>\n<p style=\"text-align: justify;\">GABRIELE AMORTH: S\u00ec, \u00e8 pronta. L&#8217;anno scorso la Cei aveva rifiutato di approvarla perch\u00e9 c&#8217;erano errori di traduzione dal latino. E noi esorcisti, che dovremmo utilizzarla, avevamo approfittato per segnalare ancora una volta che su molti punti del nuovo Rituale non siamo d&#8217;accordo. Il testo base in latino resta immutato in questa traduzione. E un Rituale tanto atteso alla fine si \u00e8 trasformato in una beffa. Un incredibile legaccio che rischia di impedirci di operare contro il demonio.<\/p>\n<p style=\"text-align: justify;\"><strong>Un&#8217;accusa pesante. A cosa si riferisce? <\/strong><\/p>\n<p style=\"text-align: justify;\">AMORTH: Le faccio solo due esempi. Clamorosi. Al punto 15 si parla dei malefici e di come comportarsi. Il maleficio \u00e8 un male causato a una persona ricorrendo al diavolo. E pu\u00f2 essere fatto in diverse forme, come fatture, maledizioni, malocchi, vud\u00f9, macumba. Il Rituale romano spiegava come bisognasse affrontarlo. Il nuovo Rituale, invece, afferma categoricamente che c&#8217;\u00e8 proibizione assoluta di fare esorcismi in questi casi. Assurdo. I malefici sono di gran lunga la causa pi\u00f9 frequente delle possessioni e dei mali procurati dal demonio: non meno del 90 per cento. \u00e8 come dire agli esorcisti di non operare pi\u00f9.<\/p>\n<p style=\"text-align: justify;\">Il punto 16, poi, afferma solennemente che non si debbono fare esorcismi se non c&#8217;\u00e8 la certezza della presenza diabolica. \u00e8 un capolavoro di incompetenza: la certezza che il demonio sia presente in una persona si ha solo facendo l&#8217;esorcismo. Tra l&#8217;altro, gli estensori non si sono accorti di contraddire, in entrambi i punti, il Catechismo della Chiesa cattolica, che indica di compiere l&#8217;esorcismo sia nel caso di possessioni diaboliche che di mali causati dal demonio. E dice anche di farlo sia sulle persone che sulle cose. E nelle cose non c&#8217;\u00e8 mai la presenza del demonio, c&#8217;\u00e8 solo la sua influenza.<\/p>\n<p style=\"text-align: justify;\">Le affermazioni contenute nel nuovo Rituale sono gravissime e dannosissime, frutto di ignoranza e inesperienza.<\/p>\n<p style=\"text-align: justify;\"><strong>Ma non \u00e8 stato compilato da esperti? <\/strong><\/p>\n<p style=\"text-align: justify;\">AMORTH: Assolutamente no. In questi dieci anni sul Rituale hanno lavorato due commissioni: quella composta da cardinali che ha curato i Prenotanda, ossia le disposizioni iniziali, e quella che ha curato le preghiere. lo posso affermare con certezza che nessuno dei membri delle due commissioni ha mai fatto esorcismi n\u00e9 ha mai assistito ad esorcismi n\u00e9 ha mai avuto la pi\u00f9 pallida idea di cosa sono gli esorcismi. Questo \u00e8 l&#8217;errore, il peccato originale, di questo Rituale. Nessuno che vi ha collaborato era esperto di esorcismi.<\/p>\n<p style=\"text-align: justify;\"><strong>Come \u00e8 possibile? <\/strong><\/p>\n<p style=\"text-align: justify;\">AMORTH: Non lo chieda a me. Durante il Concilio ecumenico Vaticano II ogni commissione era coadiuvata da un gruppo di esperti che affiancavano i vescovi. E l&#8217;abitudine si \u00e8 mantenuta anche dopo il Concilio, ogni volta che si sono rifatte parti del Rituale. Ma non in questo caso. E se c&#8217;era un argomento su cui servivano degli esperti, era questo.<\/p>\n<p style=\"text-align: justify;\"><strong>E invece? <\/strong><\/p>\n<p style=\"text-align: justify;\">AMORTH: Invece noi esorcisti non siamo mai stati consultati. E, tra l&#8217;altro, i suggerimenti che abbiamo dato sono stati ricevuti con fastidio dalle commissioni. La storia \u00e8 paradossale. Vuole che gliela racconti?<\/p>\n<p style=\"text-align: justify;\"><strong>Certo. <\/strong><\/p>\n<p style=\"text-align: justify;\">AMORTH<strong>: <\/strong>Man mano che, come aveva chiesto il Concilio Vaticano II, le varie parti del Rituale romano venivano riviste, noi esorcisti attendevamo che venisse trattato anche il titolo XII, cio\u00e8 il Rituale esorcistico. Ma evidentemente non era considerato un argomento rilevante, dato che passavano gli anni e non succedeva nulla. Poi, improvvisamente, il 4 giugno del 1990, usc\u00ec il Rituale ad interim, di prova. Fu una vera sorpresa per noi, che non eravamo mai stati consultati prima. Eppure da tempo avevamo preparato delle richieste, in vista di una revisione del Rituale.<\/p>\n<p style=\"text-align: justify;\">Chiedevamo, tra l&#8217;altro, di ritoccare le preghiere, immettendovi invocazioni alla Madonna che mancavano completamente, e di aumentare le preghiere esorcistiche specifiche. Ma eravamo stati completamente tagliati fuori dalla possibilit\u00e0 di dare qualsiasi contributo. Non ci scoraggiammo: il testo era stato fatto per noi. E dato che nella lettera di presentazione l&#8217;allora prefetto della Congregazione per il culto divino, il cardinale Eduardo Mart\u00ednez Somalo, chiedeva alle conferenze episcopali di far avere, entro due anni, &#8220;consigli e suggerimenti dati dai sacerdoti che ne avranno fatto uso&#8221; ci mettemmo al lavoro.<\/p>\n<p style=\"text-align: justify;\">Riunii diciotto esorcisti scelti tra i pi\u00f9 esperti del pianeta. Esaminammo con grande attenzione il testo. Lo utilizzammo. Abbiamo subito elogiato la prima parte, nella quale venivano riassunti i fondamenti evangelici dell&#8217;esorcismo. \u00e8 l&#8217;aspetto biblico-teologico, su cui non mancava certo la competenza. Una parte nuova, rispetto al Rituale del 1614 composto sotto papa Paolo V: dei resto, all&#8217;epoca non c&#8217;era bisogno di ricordare questi princ\u00ecpi, da tutti riconosciuti ed accettati. Oggi, invece, \u00e8 indispensabile.<\/p>\n<p style=\"text-align: justify;\">Ma quando siamo passati ad esaminare la parte pratica, che richiede una conoscenza specifica dell&#8217;argomento, si \u00e8 palesata la totale inesperienza dei redattori. Le nostre osservazioni sono state copiose, articolo per articolo, e le abbiamo fatte avere a tutte le parti interessate: Congregazione per il culto divino, Congregazione per la dottrina della fede, conferenze episcopali. Una copia fu consegnata direttamente nelle mani del Papa.<\/p>\n<p style=\"text-align: justify;\"><strong>Come sono state accolte le vostre osservazioni? <\/strong><\/p>\n<p style=\"text-align: justify;\">AMORTH: Accoglienza pessima, efficacia nulla. Ci eravamo ispirati alla Lumen gentium, in cui la Chiesa \u00e8 descritta come &#8220;Popolo di Dio&#8221;. Al numero 28 si parla della collaborazione dei sacerdoti con i vescovi, al numero 37 si dice con chiarezza, addirittura riferendolo ai laici, che &#8220;secondo la scienza, la competenza e il prestigio di cui godono, hanno la facolt\u00e0, anzi talora anche il dovere, di far conoscere il loro parere su cose concernenti il bene della Chiesa&#8221;. Era esattamente il nostro caso.<\/p>\n<p style=\"text-align: justify;\">Ma ci eravamo illusi, ingenuamente, che le disposizioni del Vaticano II fossero giunte alle congregazioni romane. Invece ci siamo trovati di fronte un muro di rifiuto e di disprezzo. Il segretario della Congregazione per il culto divino fece una relazione alla commissione cardinalizia in cui diceva che i loro unici interlocutori erano i vescovi, e non i sacerdoti o gli esorcisti. E aggiungeva testualmente, a proposito dei nostro umile tentativo di aiuto come esperti che esprimono il loro parere.<\/p>\n<p style=\"text-align: justify;\">Si dovette prendere atto del fenomeno di un gruppo di esorcisti e cosiddetti demonologi, quelli che in seguito si sono costituiti in Associazione internazionale, che orchestravano una campagna contro il rito&#8221;. Un&#8217;accusa indecente: noi non abbiamo mai orchestrato nessuna campagna! Era indirizzato a noi il Rituale, e nelle commissioni non avevano convocato nessuna persona competente: era pi\u00f9 che logico che tentassimo di dare il nostro contributo.<\/p>\n<p style=\"text-align: justify;\"><strong>Ma allora vuol dire che il nuovo Rituale \u00e8 per voi inutilizzabile nella lotta contro il demonio?<\/strong><\/p>\n<p style=\"text-align: justify;\">AMORTH: S\u00ec. Ci volevano consegnare un&#8217;arma spuntata. Sono state cancellate le preghiere efficaci, preghiere che avevano dodici secoli di storia, e ne sono state create di nuove, inefficaci. Ma per fortuna ci \u00e8 stata gettata, all&#8217;ultimo, una scialuppa di salvataggio.<\/p>\n<p style=\"text-align: justify;\"><strong>Quale? <\/strong><\/p>\n<p style=\"text-align: justify;\">AMORTH: Il nuovo prefetto della Congregazione per il culto divino, il cardinale Jorge Medina, ha affiancato al Rituale una Notificazione. In cui si afferma che gli esorcisti non sono obbligati ad usare questo Rituale, ma se vogliono possono utilizzare ancora il vecchio facendone richiesta al vescovo. 1 vescovi devono chiedere l&#8217;autorizzazione alla Congregazione che per\u00f2, come scrive il cardinale, &#8220;la concede volentieri&#8221;.<\/p>\n<p style=\"text-align: justify;\"><strong>&#8220;La concede volentieri&#8221;? \u00c8 una ben strana concessione. &#8230; <\/strong><\/p>\n<p style=\"text-align: justify;\">AMORTH: Vuol sapere da dove nasce? Da un tentativo compiuto dal cardinale Joseph Ratzinger, prefetto della Congregazione per la dottrina della fede, e dallo stesso cardinale Medina di introdurre nel Rituale un articolo &#8211; allora era l&#8217;articolo 38 in cui si autorizzavano gli esorcisti ad usare il Rituale precedente. Indubbiamente si trattava di una manovra in extremis per farci evitare i grandi errori che ci sono in questo Rituale definitivo. Ma il tentativo dei due cardinali venne bocciato, Allora il cardinale Medina, che aveva compreso la posta in gioco, ha deciso di darci in ogni caso questa scialuppa di salvataggio, aggiungendo una notifica a parte.<\/p>\n<p style=\"text-align: justify;\"><strong>Come venite considerati, voi esorcisti, all&#8217;interno della Chiesa? <\/strong><\/p>\n<p style=\"text-align: justify;\">AMORTH: Siamo trattati malissimo.\u00a0I confratelli sacerdoti che vengono incaricati di questo delicatissimo compito sono visti come dei matti, degli esaltati. In genere sono appena tollerati dagli stessi vescovi che li hanno nominati.<\/p>\n<p style=\"text-align: justify;\"><strong>Il fatto pi\u00f9 clamoroso di questa ostilit\u00e0? <\/strong><\/p>\n<p style=\"text-align: justify;\">AMORTH: Abbiamo tenuto un convegno internazionale degli esorcisti vicino a Roma. E abbiamo domandato di essere ricevuti dal Papa. Per non dargli l&#8217;aggravio di aggiungere una nuova udienza alle tantissime che gi\u00e0 fa, abbiamo semplicemente chiesto di essere ricevuti in udienza pubblica, quella in piazza San Pietro del mercoled\u00ec. E senza nemmeno la necessit\u00e0 di essere citati tra i saluti. Abbiamo fatto regolare domanda, come ricorder\u00e0 perfettamente monsignor Paolo De Nicol\u00f2, della Prefettura della casa pontificia, che ha accolto a braccia aperte la nostra richiesta.<\/p>\n<p style=\"text-align: justify;\">Il giorno prima dell&#8217;udienza per\u00f2 lo stesso monsignor De Nicol\u00f2 ci ha detto &#8211; a dire il vero con grande imbarazzo, per cui si \u00e8 visto benissimo che la decisione non dipendeva da lui &#8211; di non andare, che non eravamo ammessi. Incredibile: 150 esorcisti provenienti dai cinque continenti, sacerdoti nominati dai loro vescovi in conformit\u00e0 con le norme del diritto canonico che richiedono preti di preghiera, di scienza e di buona fama &#8211; quindi un po&#8217; il fior fiore del clero -, chiedono di partecipare a un&#8217;udienza pubblica del Papa e vengono buttati fuori. Monsignor De Nicol\u00f2 mi ha detto: &#8220;Naturalmente le prometto che le invier\u00f2 subito la lettera con le motivazioni&#8221;. Sono passati cinque anni, e quella lettera la aspetto ancora.<\/p>\n<p style=\"text-align: justify;\">Certamente non \u00e8 stato Giovanni Paolo II ad escluderci. Ma che a 150 sacerdoti venga proibito di partecipare a una udienza pubblica del Papa in piazza San Pietro spiega quanto sono ostacolati gli esorcisti dalla loro Chiesa, quanto sono malvisti da tante autorit\u00e0 ecclesiastiche.<\/p>\n<p style=\"text-align: justify;\"><strong>Lei col demonio ci combatte quotidianamente. Qual \u00e8 il pi\u00f9 grande successo di Satana? <\/strong><\/p>\n<p style=\"text-align: justify;\">AMORTH: Riuscire a far credere di non esistere. E ci \u00e8 quasi riuscito. Anche all&#8217;interno della Chiesa. Abbiamo un clero e un episcopato che non credono pi\u00f9 nel demonio, negli esorcismi, nei mali straordinari che il diavolo pu\u00f2 dare, e nemmeno nel potere che Ges\u00f9 ha concesso di scacciare i demoni.\u00a0Da tre secoli la Chiesa latina &#8211; al contrario della Chiesa ortodossa e di varie confessioni protestanti &#8211; ha quasi del tutto abbandonato il ministero esorcistico. Non praticando pi\u00f9 esorcismi, non studiandoli pi\u00f9 e non avendoli mai visti, il clero non ci crede pi\u00f9. E non crede pi\u00f9 nemmeno al diavolo. Abbiamo interi episcopati contrari agli esorcismi. Ci sono nazioni completamente prive di esorcisti, come la Germania, l&#8217;Austria, la Svizzera, la Spagna e il Portogallo. Una carenza spaventosa.<\/p>\n<p style=\"text-align: justify;\"><strong>Non ha nominato la Francia. L\u00ec la situazione \u00e8 differente? <\/strong><\/p>\n<p style=\"text-align: justify;\">AMORTH: C&#8217;\u00e8 un libro scritto dal pi\u00f9 noto esorcista francese, Isidoro Froc, dal titolo: Gli <em>esorcisti, chi sono e cosa fanno.<\/em> Il volume, tradotto in italiano dall&#8217;editrice Piemme, \u00e8 stato scritto per incarico della Conferenza episcopale francese. In tutto il libro non si dice mai che gli esorcisti, in certi casi, fanno esorcismi. E l&#8217;autore ha pi\u00f9 volte dichiarato alla televisione francese di non avere mai fatto esorcismi e che mai li far\u00e0. Su un centinaio di esorcisti francesi, solo cinque credono al demonio e fanno gli esorcismi, tutti gli altri mandano chi si rivolge a loro dagli psichiatri.<\/p>\n<p style=\"text-align: justify;\">E i vescovi sono le prime vittime di questa situazione della Chiesa cattolica, da cui sta scomparendo la credenza nell&#8217;esistenza del demonio. Prima che uscisse questo nuovo Rituale, l&#8217;episcopato tedesco ha scritto una lettera al cardinale Ratzinger in cui affermava che non occorreva un nuovo Rituale, perch\u00e9 non si dovevano pi\u00f9 fare gli esorcismi.<\/p>\n<p style=\"text-align: justify;\"><strong>E compito dei vescovi nominare gli esorcisti? <\/strong><\/p>\n<p style=\"text-align: justify;\">AMORTH: S\u00ec. Quando un sacerdote viene nominato vescovo, si trova di fronte ad un articolo del Codice di diritto canonico che gli d\u00e0 l&#8217;autorit\u00e0 assoluta per nominare degli esorcisti. A qualsiasi vescovo il minimo che si pu\u00f2 chiedere \u00e8 che abbia almeno assistito a un esorcismo, dato che deve prendere una decisione cos\u00ec importante. Purtroppo, non accade quasi mai. Ma se un vescovo si trova di fronte a una seria richiesta di esorcismo &#8211; che cio\u00e8 non viene fatta da uno svitato &#8211; e non provvede, commette peccato mortale. Ed \u00e8 responsabile di tutte le terribili sofferenze di quella persona, che a volte durano anni o una vita, e che avrebbe potuto impedire.<\/p>\n<p style=\"text-align: justify;\"><strong>Sta dicendo che la maggior parte dei vescovi della Chiesa cattolica \u00e8 in peccato mortale? <\/strong><\/p>\n<p style=\"text-align: justify;\">AMORTH: Quando ero ragazzino il mio vecchio parroco mi insegnava che i sacramenti sono otto: l&#8217;ottavo \u00e8 l&#8217;ignoranza. E l&#8217;ottavo sacramento ne salva pi\u00f9 degli altri sette sommati assieme. Per compiere peccato mortale occorre una materia grave ma anche la piena avvertenza e il deliberato consenso. Questa omissione di aiuto da parte di molti vescovi \u00e8 materia grave. Ma questi vescovi sono ignoranti: non c&#8217;\u00e8 dunque deliberato consenso e piena avvertenza.<\/p>\n<p style=\"text-align: justify;\"><strong>Ma la fede rimane intatta, cio\u00e8 rimane una fede cattolica, se uno non crede nell&#8217;esistenza di Satana? <\/strong><\/p>\n<p style=\"text-align: justify;\">AMORTH: No. Le racconto un episodio. Quando incontrai per la prima volta don Pellegrino Ernetti, un celebre esorcista che ha esercitato per quarant&#8217;anni a Venezia, gli dissi: &#8220;Se potessi parlare con il Papa gli direi che incontro troppi vescovi che non credono nel demonio&#8221;. Il pomeriggio seguente padre Ernetti \u00e8 tornato da me per riferirmi che il mattino era stato ricevuto da Giovanni Paolo II. &#8220;Santit\u00e0&#8221;, gli aveva detto, &#8220;c&#8217;\u00e8 un esorcista qui a Roma, padre Amorth, che se venisse da lei le direbbe che conosce troppi vescovi che non credono nel demonio&#8221;. Il Papa gli ha risposto, secco: &#8220;Chi non crede nel demonio non crede nel Vangelo&#8221;. Ecco la risposta che ha dato lui e che io ripeto.<\/p>\n<p style=\"text-align: justify;\"><strong>Mi faccia capire: la conseguenza \u00e8 che molti vescovi e molti preti non sarebbero cattolici? <\/strong><\/p>\n<p style=\"text-align: justify;\">AMORTH: Diciamo che non credono a una verit\u00e0 evangelica. Quindi semmai li taccerei di propagare un eresia. Per\u00f2 intendiamoci: uno \u00e8 formalmente eretico se viene accusato di qualcosa e se persiste nell&#8217;errore. Ma nessuno, oggi, per la situazione che c&#8217;\u00e8 nella Chiesa, accusa un vescovo di non credere nel diavolo, nelle possessioni demoniache e di non nominare esorcisti perch\u00e9 non ci crede. Eppure potrei farle tantissimi nomi di vescovi e cardinali che appena nominati in una diocesi hanno tolto a tutti gli esorcisti la facolt\u00e0 di esercitare. Oppure di vescovi che sostengono apertamente: &#8220;lo non ci credo. Sono cose del passato&#8221;. Perch\u00e9? Purtroppo perch\u00e9 c&#8217;\u00e8 stata l&#8217;influenza perniciosissima di certi biblisti, e potrei farle molti nomi illustri. Noi che tocchiamo ogni giorno con mano il mondo dell&#8217;aldil\u00e0, sappiamo che ha messo lo zampino in tante riforme liturgiche.<\/p>\n<p style=\"text-align: justify;\"><strong>Per esempio?<\/strong><\/p>\n<p style=\"text-align: justify;\">AMORTH: Il Concilio Vaticano II aveva chiesto di rivedere alcuni testi. Disobbedendo a quel comando, si \u00e8 voluto invece rifarli completamente. Senza pensare che si potevano anche peggiorare le cose anzich\u00e9 migliorarle. E tanti riti sono stati peggiorati per questa mania di voler buttare via tutto quello che c&#8217;era nel passato e rifare tutto daccapo, come se la Chiesa fino ad oggi ci avesse sempre imbrogliato e ingannato, e solo adesso fosse finalmente arrivato il tempo dei grandi geni, dei superteologi, dei superbiblisti, dei superliturgisti che sanno dare alla Chiesa le cose giuste. Una menzogna: l&#8217;ultimo Concilio aveva semplicemente chiesto di rivederli quei testi, non di distruggerli.<\/p>\n<p style=\"text-align: justify;\">Il Rituale esorcistico, per esempio: andava corretto, non rifatto. C&#8217;erano preghiere che hanno dodici secoli di esperienza. Prima di cancellare preghiere cos\u00ec antiche e che per secoli si sono dimostrate efficaci, bisognerebbe pensarci a lungo. E invece no. Tutti noi esorcisti, utilizzando per prova le preghiere del nuovo Rituale ad interim, abbiamo sperimentato che sono assolutamente inefficaci.<\/p>\n<p style=\"text-align: justify;\">Ma anche il rito del battesimo dei bambini \u00e8 stato peggiorato. \u00e8 stato stravolto, fin quasi ad eliminare l&#8217;esorcismo contro Satana, che ha sempre avuto enorme importanza per la Chiesa, tanto che veniva chiamato l&#8217;esorcismo minore. Contro quel nuovo rito ha protestato pubblicamente anche Paolo VI. \u00c8 stato peggiorato il rito dei nuovo benedizionale. Ho letto minuziosamente tutte le sue 1200 pagine. Ebbene, \u00e8 stato puntigliosamente tolto ogni riferimento al fatto che il Signore ci deve proteggere da Satana, che gli angeli ci proteggono dall&#8217;assalto del demonio.<\/p>\n<p style=\"text-align: justify;\">Hanno tolto tutte le preghiere che c&#8217;erano per la benedizione delle case e delle scuole. Tutto andava benedetto e protetto, ma oggi la protezione dal demonio non esiste pi\u00f9. Non esistono pi\u00f9 difese e neppure preghiere contro di lui. Lo stesso Ges\u00f9 ci aveva insegnato una preghiera di liberazione, nel Padre nostro: &#8220;Liberaci dal Maligno. Liberaci dalla persona di Satana&#8221;. In italiano \u00e8 stata tradotta in modo erroneo, e adesso si prega dicendo: &#8220;Liberaci dal male&#8221;. Si parla di un male generico, di cui in fondo non si sa l&#8217;origine: invece il male contro cui nostro Signore Ges\u00f9 Cristo ci aveva insegnato a combattere \u00e8 una persona concreta: \u00e8 Satana.<\/p>\n<p style=\"text-align: justify;\"><strong>Lei ha un osservatorio privilegiato: ha la sensazione che il satanismo si stia diffondendo? <\/strong><\/p>\n<p style=\"text-align: justify;\">AMORTH: S\u00ec. Tantissimo. Quando cala la fede aumenta la superstizione. Se uso il linguaggio biblico, dico che si abbandona Dio e ci si d\u00e0 all&#8217;idolatria, se uso un linguaggio moderno, dico che si abbandona Dio per darsi all&#8217;occultismo. Lo spaventoso calo della fede in tutta l&#8217;Europa cattolica fa s\u00ec che la gente si getti tra le mani di maghi e cartomanti, mentre prosperano le sette sataniche. Il culto del demonio viene reclamizzato a masse intere attraverso il rock satanico di personaggi come Marilyn Manson, e viene dato l&#8217;assalto anche ai bambini: giornali a fumetti insegnano la magia e il satanismo.<\/p>\n<p style=\"text-align: justify;\">Diffusissime le sedute spiritiche, in cui si evocano morti per averne risposte. Ora si insegna a fare sedute spiritiche con il computer, con il telefono, con il televisore, con il registratore ma soprattutto con la scrittura automatica. Non c&#8217;\u00e8 pi\u00f9 nemmeno bisogno del medium: \u00e8 uno spiritismo &#8220;fai da te&#8221;. Secondo i sondaggi, il 37 per cento degli studenti ha fatto almeno una volta il gioco del cartellone o del bicchierino, che \u00e8 una vera seduta spiritica. In una scuola in cui mi avevano invitato a parlare, i ragazzi hanno detto che la facevano durante l&#8217;ora di religione sotto gli occhi compiaciuti dell&#8217;insegnante.<\/p>\n<p style=\"text-align: justify;\"><strong>E funzionano? <\/strong><\/p>\n<p style=\"text-align: justify;\">AMORTH: Non esiste distinzione tra magia bianca e magia nera. Quando la magia funziona, \u00e8 sempre opera del demonio. Tutte le forme di occultismo, come questo grande ricorso verso le religioni d&#8217;Oriente, con le loro suggestioni esoteriche, sono porte aperte per il demonio. E il diavolo entra. Subito.<\/p>\n<p style=\"text-align: justify;\">lo non ho esitato a dire immediatamente, nel caso della suora uccisa a Chiavenna e in quello di Erika e Omar, i due ragazzi di Novi Ligure, che c&#8217;era stato un intervento diretto del demonio perch\u00e9 quei ragazzi erano dediti al satanismo. Proseguendo l&#8217;indagine la polizia ha poi scoperto, in entrambi i casi, che questi ragazzi seguivano Satana, avevano libri satanici.<\/p>\n<p style=\"text-align: justify;\"><strong>Su cosa fa leva il demonio per sedurre l&#8217;uomo? <\/strong><\/p>\n<p style=\"text-align: justify;\">AMORTH: Ha una strategia monotona. Glielo ho detto, e lui lo riconosce&#8230; Fa credere che l&#8217;inferno non c&#8217;\u00e8, che il peccato non esiste ma \u00e8 solo un&#8217;esperienza in pi\u00f9 da fare. Concupiscenza, successo e potere sono le tre grandi passioni su cui Satana insiste.<\/p>\n<p style=\"text-align: justify;\"><strong>Quanti casi di possessione demoniaca ha incontrato? <\/strong><\/p>\n<p style=\"text-align: justify;\">AMORTH: Dopo i primi cento ho smesso di contarli.<\/p>\n<p style=\"text-align: justify;\"><strong>Cento? Ma sono tantissimi. Lei nei suoi libri dice che i casi di possessione sono rari. <\/strong><\/p>\n<p style=\"text-align: justify;\">AMORTH: E lo sono davvero. Molti esorcisti hanno incontrato solo casi di mali diabolici. Ma io ho ereditato la &#8220;clientela&#8221; di un esorcista famoso come padre Candido, e quindi i casi che lui non aveva ancora risolto. Inoltre, gli altri esorcisti mandano da me i casi pi\u00f9 resistenti.<\/p>\n<p style=\"text-align: justify;\"><strong>Il caso pi\u00f9 difficile che ha incontrato? <\/strong><\/p>\n<p style=\"text-align: justify;\">AMORTH: Ce l&#8217;ho &#8220;in cura&#8221; adesso, e da due anni. \u00c8 la stessa ragazza che \u00e8 stata benedetta &#8211; non \u00e8 stato un vero esorcismo &#8211; dal Papa a ottobre in Vaticano e che ha creato scalpore sui giornali. \u00c8 colpita 24 ore su 24, con tormenti indicibili. 1 medici e gli psichiatri non riuscivano a capirci nulla. \u00e8 pienamente lucida e intelligentissima. Un caso davvero doloroso.<\/p>\n<p style=\"text-align: justify;\"><strong>Come si cade vittime dei demonio? <\/strong><\/p>\n<p style=\"text-align: justify;\">AMORTH: Si pu\u00f2 incappare nei mali straordinari inviati dal demonio per quattro motivi. 0 perch\u00e9 questo costituisce un bene per la persona (\u00e8 il caso di molti santi), o per la persistenza nel peccato in modo irreversibile, o per un maleficio che qualcuno lancia per mezzo del demonio, o quando ci si dedica a pratiche di occultismo.<\/p>\n<p style=\"text-align: justify;\"><strong>Durante l&#8217;esorcismo di posseduti, che tipo di fenomeni si manifestano?<br \/>\n<\/strong><br \/>\nAMORTH: Ricordo un contadino analfabeta che durante l&#8217;esorcismo mi parlava solo in inglese, e io avevo bisogno di un interprete. C&#8217;\u00e8 chi mostra una forza sovrumana, chi si solleva completamente da terra e varie persone non riescono a tenerlo seduto sulla poltrona. Ma \u00e8 solo per il contesto in cui si svolgono, che parliamo di presenza demoniaca.<\/p>\n<p style=\"text-align: justify;\"><strong>A lei il demonio non ha mai fatto del male? <\/strong><\/p>\n<p style=\"text-align: justify;\">AMORTH: Quando il cardinale Poletti mi chiese di fare l&#8217;esorcista io mi raccomandai alla Madonna: &#8220;Avvolgimi nel tuo manto e io sar\u00f2 sicurissimo&#8221;. Di minacce il demonio me ne ha fatte tante, ma non mi ha mai fatto nessun danno.<\/p>\n<p style=\"text-align: justify;\"><strong>Lei non ha mai paura del demonio? <\/strong><\/p>\n<p style=\"text-align: justify;\">AMORTH -. lo paura di quella bestia? \u00c8 lui che deve avere paura di me: io opero in nome del Signore del mondo. E lui \u00e8 solo la scimmia di Dio.<\/p>\n<p style=\"text-align: justify;\"><strong>Padre Amorth, il satanismo si diffonde sempre di pi\u00f9. Il nuovo Rituale rende difficile fare esorcismi. Agli esorcisti si impedisce di partecipare a una udienza con il Papa a piazza San Pietro. Mi dica sinceramente: cosa sta accadendo? <\/strong><\/p>\n<p style=\"text-align: justify;\">AMORTH: li fumo di Satana entra dappertutto. Dappertutto! Forse siamo stati esclusi dall&#8217;udienza del Papa perch\u00e9 avevano paura che tanti esorcisti riuscissero a cacciare via le legioni di demoni che si sono insediate in Vaticano.<\/p>\n<p style=\"text-align: justify;\"><strong>Sta scherzando, vero? <\/strong><\/p>\n<p style=\"text-align: justify;\">AMORTH: Pu\u00f2 sembrare una battuta, ma io credo che non lo sia. Non ho nessun dubbio che il demonio tenti soprattutto i vertici della Chiesa, come tenta tutti i vertici, quelli politici e quelli industriali.<\/p>\n<p style=\"text-align: justify;\"><strong>Sta dicendo che anche qui, come in ogni guerra, Satana vuole conquistare i generali avversari? <\/strong><\/p>\n<p style=\"text-align: justify;\">AMORTH: \u00e8 una strategia vincente. Si tenta sempre di attuarla. Soprattutto quando le difese dell&#8217;avversario sono deboli. E anche Satana ci prova. Ma grazie al cielo c&#8217;\u00e8 lo Spirito Santo che regge la Chiesa: &#8220;Le porte dell&#8217;inferno non prevarranno&#8221;. Nonostante le defezioni. E nonostante i tradimenti. Che non devono meravigliare. Il primo traditore fu uno degli apostoli pi\u00f9 vicini a Ges\u00f9: Giuda Iscariota. Per\u00f2 nonostante questo la Chiesa continua nel suo cammino. \u00c8 tenuta in piedi dallo Spirito Santo e quindi tutte le lotte di Satana possono avere solo dei risultati parziali. Certo, il demonio pu\u00f2 vincere delle battaglie. Anche importanti. Ma mai la guerra.<\/p>\n","protected":false},"excerpt":{"rendered":"<p>Tratto da: &#8221; &#8230; E LIBERACI DAL MALIGNO&#8221;. Intervista con padre Gabriele Amorth, 30Giorni, pp. 28-34, n\u00b0 6 del 2001. Era la festa degli apostoli Pietro e Paolo, quando papa Montini parl\u00f2 del nemico di Dio per antonomasia: &#8220;Attraverso qualche fessura il fumo di Satana \u00e8 entrato nella Chiesa&#8221;. E oggi? Beh, quel fumo si &hellip; <\/p>\n<p><a class=\"more-link btn\" href=\"https:\/\/www.rassegnastampa-totustuus.it\/cattolica\/il-fumo-di-satana-nella-casa-del-signore-2\/\">Continua a leggere<\/a><\/p>\n","protected":false},"author":6,"featured_media":31413,"comment_status":"closed","ping_status":"open","sticky":false,"template":"","format":"standard","meta":{"footnotes":""},"categories":[5,40],"tags":[157,474],"class_list":["post-208","post","type-post","status-publish","format-standard","has-post-thumbnail","hentry","category-chiesa","category-demonologia","tag-chiesa-2","tag-demonologia-2","item-wrap"],"yoast_head":"<!-- This site is optimized with the Yoast SEO plugin v27.5 - https:\/\/yoast.com\/product\/yoast-seo-wordpress\/ -->\n<title>Il fumo di Satana nella casa del Signore - Rassegna Stampa Cattolica<\/title>\n<meta name=\"description\" content=\"Rassegna Stampa Cattolica - Per una cultura che nasce dalla Rivelazione cristiana in conformit\u00e0 alla tradizione e al Magistero della Chiesa in opposizione ad ogni relativismo e totalitarismo\" \/>\n<meta name=\"robots\" content=\"index, follow, max-snippet:-1, max-image-preview:large, max-video-preview:-1\" \/>\n<link rel=\"canonical\" href=\"https:\/\/www.rassegnastampa-totustuus.it\/cattolica\/il-fumo-di-satana-nella-casa-del-signore-2\/\" \/>\n<meta property=\"og:locale\" content=\"it_IT\" \/>\n<meta property=\"og:type\" content=\"article\" \/>\n<meta property=\"og:title\" content=\"Il fumo di Satana nella casa del Signore - Rassegna Stampa Cattolica\" \/>\n<meta property=\"og:description\" content=\"Rassegna Stampa Cattolica - Per una cultura che nasce dalla Rivelazione cristiana in conformit\u00e0 alla tradizione e al Magistero della Chiesa in opposizione ad ogni relativismo e totalitarismo\" \/>\n<meta property=\"og:url\" content=\"https:\/\/www.rassegnastampa-totustuus.it\/cattolica\/il-fumo-di-satana-nella-casa-del-signore-2\/\" \/>\n<meta property=\"og:site_name\" content=\"Rassegna Stampa Cattolica\" \/>\n<meta property=\"article:publisher\" content=\"https:\/\/www.facebook.com\/rassegnastampacattolica\" \/>\n<meta property=\"article:published_time\" content=\"2004-11-24T15:40:55+00:00\" \/>\n<meta property=\"article:modified_time\" content=\"2016-03-03T07:58:55+00:00\" \/>\n<meta property=\"og:image\" content=\"https:\/\/www.rassegnastampa-totustuus.it\/cattolica\/wp-content\/uploads\/2004\/11\/Rituale_esorcismi.jpg\" \/>\n\t<meta property=\"og:image:width\" content=\"240\" \/>\n\t<meta property=\"og:image:height\" content=\"182\" \/>\n\t<meta property=\"og:image:type\" content=\"image\/jpeg\" \/>\n<meta name=\"author\" content=\"Redazione\" \/>\n<meta name=\"twitter:card\" content=\"summary_large_image\" \/>\n<meta name=\"twitter:creator\" content=\"@rassegnastampa9\" \/>\n<meta name=\"twitter:site\" content=\"@rassegnastampa9\" \/>\n<meta name=\"twitter:label1\" content=\"Scritto da\" \/>\n\t<meta name=\"twitter:data1\" content=\"Redazione\" \/>\n\t<meta name=\"twitter:label2\" content=\"Tempo di lettura stimato\" \/>\n\t<meta name=\"twitter:data2\" content=\"20 minuti\" \/>\n<script type=\"application\/ld+json\" class=\"yoast-schema-graph\">{\"@context\":\"https:\\\/\\\/schema.org\",\"@graph\":[{\"@type\":\"Article\",\"@id\":\"https:\\\/\\\/www.rassegnastampa-totustuus.it\\\/cattolica\\\/il-fumo-di-satana-nella-casa-del-signore-2\\\/#article\",\"isPartOf\":{\"@id\":\"https:\\\/\\\/www.rassegnastampa-totustuus.it\\\/cattolica\\\/il-fumo-di-satana-nella-casa-del-signore-2\\\/\"},\"author\":{\"name\":\"Redazione\",\"@id\":\"https:\\\/\\\/www.rassegnastampa-totustuus.it\\\/cattolica\\\/#\\\/schema\\\/person\\\/08f319d2bd1a0904ad9e2bfb7b15e5c3\"},\"headline\":\"Il fumo di Satana nella casa del Signore\",\"datePublished\":\"2004-11-24T15:40:55+00:00\",\"dateModified\":\"2016-03-03T07:58:55+00:00\",\"mainEntityOfPage\":{\"@id\":\"https:\\\/\\\/www.rassegnastampa-totustuus.it\\\/cattolica\\\/il-fumo-di-satana-nella-casa-del-signore-2\\\/\"},\"wordCount\":4077,\"publisher\":{\"@id\":\"https:\\\/\\\/www.rassegnastampa-totustuus.it\\\/cattolica\\\/#organization\"},\"image\":{\"@id\":\"https:\\\/\\\/www.rassegnastampa-totustuus.it\\\/cattolica\\\/il-fumo-di-satana-nella-casa-del-signore-2\\\/#primaryimage\"},\"thumbnailUrl\":\"https:\\\/\\\/www.rassegnastampa-totustuus.it\\\/cattolica\\\/wp-content\\\/uploads\\\/2004\\\/11\\\/Rituale_esorcismi.jpg\",\"keywords\":[\"chiesa\",\"demonologia\"],\"articleSection\":[\"Chiesa\",\"Demonologia\"],\"inLanguage\":\"it-IT\"},{\"@type\":\"WebPage\",\"@id\":\"https:\\\/\\\/www.rassegnastampa-totustuus.it\\\/cattolica\\\/il-fumo-di-satana-nella-casa-del-signore-2\\\/\",\"url\":\"https:\\\/\\\/www.rassegnastampa-totustuus.it\\\/cattolica\\\/il-fumo-di-satana-nella-casa-del-signore-2\\\/\",\"name\":\"Il fumo di Satana nella casa del Signore - Rassegna Stampa Cattolica\",\"isPartOf\":{\"@id\":\"https:\\\/\\\/www.rassegnastampa-totustuus.it\\\/cattolica\\\/#website\"},\"primaryImageOfPage\":{\"@id\":\"https:\\\/\\\/www.rassegnastampa-totustuus.it\\\/cattolica\\\/il-fumo-di-satana-nella-casa-del-signore-2\\\/#primaryimage\"},\"image\":{\"@id\":\"https:\\\/\\\/www.rassegnastampa-totustuus.it\\\/cattolica\\\/il-fumo-di-satana-nella-casa-del-signore-2\\\/#primaryimage\"},\"thumbnailUrl\":\"https:\\\/\\\/www.rassegnastampa-totustuus.it\\\/cattolica\\\/wp-content\\\/uploads\\\/2004\\\/11\\\/Rituale_esorcismi.jpg\",\"datePublished\":\"2004-11-24T15:40:55+00:00\",\"dateModified\":\"2016-03-03T07:58:55+00:00\",\"description\":\"Rassegna Stampa Cattolica - Per una cultura che nasce dalla Rivelazione cristiana in conformit\u00e0 alla tradizione e al Magistero della Chiesa in opposizione ad ogni relativismo e totalitarismo\",\"breadcrumb\":{\"@id\":\"https:\\\/\\\/www.rassegnastampa-totustuus.it\\\/cattolica\\\/il-fumo-di-satana-nella-casa-del-signore-2\\\/#breadcrumb\"},\"inLanguage\":\"it-IT\",\"potentialAction\":[{\"@type\":\"ReadAction\",\"target\":[\"https:\\\/\\\/www.rassegnastampa-totustuus.it\\\/cattolica\\\/il-fumo-di-satana-nella-casa-del-signore-2\\\/\"]}]},{\"@type\":\"ImageObject\",\"inLanguage\":\"it-IT\",\"@id\":\"https:\\\/\\\/www.rassegnastampa-totustuus.it\\\/cattolica\\\/il-fumo-di-satana-nella-casa-del-signore-2\\\/#primaryimage\",\"url\":\"https:\\\/\\\/www.rassegnastampa-totustuus.it\\\/cattolica\\\/wp-content\\\/uploads\\\/2004\\\/11\\\/Rituale_esorcismi.jpg\",\"contentUrl\":\"https:\\\/\\\/www.rassegnastampa-totustuus.it\\\/cattolica\\\/wp-content\\\/uploads\\\/2004\\\/11\\\/Rituale_esorcismi.jpg\",\"width\":240,\"height\":182},{\"@type\":\"BreadcrumbList\",\"@id\":\"https:\\\/\\\/www.rassegnastampa-totustuus.it\\\/cattolica\\\/il-fumo-di-satana-nella-casa-del-signore-2\\\/#breadcrumb\",\"itemListElement\":[{\"@type\":\"ListItem\",\"position\":1,\"name\":\"Home\",\"item\":\"https:\\\/\\\/www.rassegnastampa-totustuus.it\\\/cattolica\\\/\"},{\"@type\":\"ListItem\",\"position\":2,\"name\":\"Il fumo di Satana nella casa del Signore\"}]},{\"@type\":\"WebSite\",\"@id\":\"https:\\\/\\\/www.rassegnastampa-totustuus.it\\\/cattolica\\\/#website\",\"url\":\"https:\\\/\\\/www.rassegnastampa-totustuus.it\\\/cattolica\\\/\",\"name\":\"Rassegna Stampa Cattolica\",\"description\":\"Per una cultura che nasce dalla Rivelazione cristiana in conformit\u00e0 alla tradizione e al Magistero della Chiesa in opposizione ad ogni relativismo e totalitarismo\",\"publisher\":{\"@id\":\"https:\\\/\\\/www.rassegnastampa-totustuus.it\\\/cattolica\\\/#organization\"},\"alternateName\":\"Rass. Cattolica\",\"potentialAction\":[{\"@type\":\"SearchAction\",\"target\":{\"@type\":\"EntryPoint\",\"urlTemplate\":\"https:\\\/\\\/www.rassegnastampa-totustuus.it\\\/cattolica\\\/?s={search_term_string}\"},\"query-input\":{\"@type\":\"PropertyValueSpecification\",\"valueRequired\":true,\"valueName\":\"search_term_string\"}}],\"inLanguage\":\"it-IT\"},{\"@type\":\"Organization\",\"@id\":\"https:\\\/\\\/www.rassegnastampa-totustuus.it\\\/cattolica\\\/#organization\",\"name\":\"Rassegna Stampa Cattolica\",\"url\":\"https:\\\/\\\/www.rassegnastampa-totustuus.it\\\/cattolica\\\/\",\"logo\":{\"@type\":\"ImageObject\",\"inLanguage\":\"it-IT\",\"@id\":\"https:\\\/\\\/www.rassegnastampa-totustuus.it\\\/cattolica\\\/#\\\/schema\\\/logo\\\/image\\\/\",\"url\":\"https:\\\/\\\/www.rassegnastampa-totustuus.it\\\/cattolica\\\/wp-content\\\/uploads\\\/2014\\\/04\\\/logo-rassegna1.gif\",\"contentUrl\":\"https:\\\/\\\/www.rassegnastampa-totustuus.it\\\/cattolica\\\/wp-content\\\/uploads\\\/2014\\\/04\\\/logo-rassegna1.gif\",\"width\":600,\"height\":163,\"caption\":\"Rassegna Stampa Cattolica\"},\"image\":{\"@id\":\"https:\\\/\\\/www.rassegnastampa-totustuus.it\\\/cattolica\\\/#\\\/schema\\\/logo\\\/image\\\/\"},\"sameAs\":[\"https:\\\/\\\/www.facebook.com\\\/rassegnastampacattolica\",\"https:\\\/\\\/x.com\\\/rassegnastampa9\"]},{\"@type\":\"Person\",\"@id\":\"https:\\\/\\\/www.rassegnastampa-totustuus.it\\\/cattolica\\\/#\\\/schema\\\/person\\\/08f319d2bd1a0904ad9e2bfb7b15e5c3\",\"name\":\"Redazione\",\"image\":{\"@type\":\"ImageObject\",\"inLanguage\":\"it-IT\",\"@id\":\"https:\\\/\\\/secure.gravatar.com\\\/avatar\\\/2fcdf27c78ea025fbdb44e914cc63c72249ffec9dc8aafd5c82b26240ef3f346?s=96&d=mm&r=g\",\"url\":\"https:\\\/\\\/secure.gravatar.com\\\/avatar\\\/2fcdf27c78ea025fbdb44e914cc63c72249ffec9dc8aafd5c82b26240ef3f346?s=96&d=mm&r=g\",\"contentUrl\":\"https:\\\/\\\/secure.gravatar.com\\\/avatar\\\/2fcdf27c78ea025fbdb44e914cc63c72249ffec9dc8aafd5c82b26240ef3f346?s=96&d=mm&r=g\",\"caption\":\"Redazione\"},\"url\":\"https:\\\/\\\/www.rassegnastampa-totustuus.it\\\/cattolica\\\/author\\\/pietroelle\\\/\"}]}<\/script>\n<!-- \/ Yoast SEO plugin. -->","yoast_head_json":{"title":"Il fumo di Satana nella casa del Signore - Rassegna Stampa Cattolica","description":"Rassegna Stampa Cattolica - Per una cultura che nasce dalla Rivelazione cristiana in conformit\u00e0 alla tradizione e al Magistero della Chiesa in opposizione ad ogni relativismo e totalitarismo","robots":{"index":"index","follow":"follow","max-snippet":"max-snippet:-1","max-image-preview":"max-image-preview:large","max-video-preview":"max-video-preview:-1"},"canonical":"https:\/\/www.rassegnastampa-totustuus.it\/cattolica\/il-fumo-di-satana-nella-casa-del-signore-2\/","og_locale":"it_IT","og_type":"article","og_title":"Il fumo di Satana nella casa del Signore - Rassegna Stampa Cattolica","og_description":"Rassegna Stampa Cattolica - Per una cultura che nasce dalla Rivelazione cristiana in conformit\u00e0 alla tradizione e al Magistero della Chiesa in opposizione ad ogni relativismo e totalitarismo","og_url":"https:\/\/www.rassegnastampa-totustuus.it\/cattolica\/il-fumo-di-satana-nella-casa-del-signore-2\/","og_site_name":"Rassegna Stampa Cattolica","article_publisher":"https:\/\/www.facebook.com\/rassegnastampacattolica","article_published_time":"2004-11-24T15:40:55+00:00","article_modified_time":"2016-03-03T07:58:55+00:00","og_image":[{"width":240,"height":182,"url":"https:\/\/www.rassegnastampa-totustuus.it\/cattolica\/wp-content\/uploads\/2004\/11\/Rituale_esorcismi.jpg","type":"image\/jpeg"}],"author":"Redazione","twitter_card":"summary_large_image","twitter_creator":"@rassegnastampa9","twitter_site":"@rassegnastampa9","twitter_misc":{"Scritto da":"Redazione","Tempo di lettura stimato":"20 minuti"},"schema":{"@context":"https:\/\/schema.org","@graph":[{"@type":"Article","@id":"https:\/\/www.rassegnastampa-totustuus.it\/cattolica\/il-fumo-di-satana-nella-casa-del-signore-2\/#article","isPartOf":{"@id":"https:\/\/www.rassegnastampa-totustuus.it\/cattolica\/il-fumo-di-satana-nella-casa-del-signore-2\/"},"author":{"name":"Redazione","@id":"https:\/\/www.rassegnastampa-totustuus.it\/cattolica\/#\/schema\/person\/08f319d2bd1a0904ad9e2bfb7b15e5c3"},"headline":"Il fumo di Satana nella casa del Signore","datePublished":"2004-11-24T15:40:55+00:00","dateModified":"2016-03-03T07:58:55+00:00","mainEntityOfPage":{"@id":"https:\/\/www.rassegnastampa-totustuus.it\/cattolica\/il-fumo-di-satana-nella-casa-del-signore-2\/"},"wordCount":4077,"publisher":{"@id":"https:\/\/www.rassegnastampa-totustuus.it\/cattolica\/#organization"},"image":{"@id":"https:\/\/www.rassegnastampa-totustuus.it\/cattolica\/il-fumo-di-satana-nella-casa-del-signore-2\/#primaryimage"},"thumbnailUrl":"https:\/\/www.rassegnastampa-totustuus.it\/cattolica\/wp-content\/uploads\/2004\/11\/Rituale_esorcismi.jpg","keywords":["chiesa","demonologia"],"articleSection":["Chiesa","Demonologia"],"inLanguage":"it-IT"},{"@type":"WebPage","@id":"https:\/\/www.rassegnastampa-totustuus.it\/cattolica\/il-fumo-di-satana-nella-casa-del-signore-2\/","url":"https:\/\/www.rassegnastampa-totustuus.it\/cattolica\/il-fumo-di-satana-nella-casa-del-signore-2\/","name":"Il fumo di Satana nella casa del Signore - Rassegna Stampa Cattolica","isPartOf":{"@id":"https:\/\/www.rassegnastampa-totustuus.it\/cattolica\/#website"},"primaryImageOfPage":{"@id":"https:\/\/www.rassegnastampa-totustuus.it\/cattolica\/il-fumo-di-satana-nella-casa-del-signore-2\/#primaryimage"},"image":{"@id":"https:\/\/www.rassegnastampa-totustuus.it\/cattolica\/il-fumo-di-satana-nella-casa-del-signore-2\/#primaryimage"},"thumbnailUrl":"https:\/\/www.rassegnastampa-totustuus.it\/cattolica\/wp-content\/uploads\/2004\/11\/Rituale_esorcismi.jpg","datePublished":"2004-11-24T15:40:55+00:00","dateModified":"2016-03-03T07:58:55+00:00","description":"Rassegna Stampa Cattolica - Per una cultura che nasce dalla Rivelazione cristiana in conformit\u00e0 alla tradizione e al Magistero della Chiesa in opposizione ad ogni relativismo e totalitarismo","breadcrumb":{"@id":"https:\/\/www.rassegnastampa-totustuus.it\/cattolica\/il-fumo-di-satana-nella-casa-del-signore-2\/#breadcrumb"},"inLanguage":"it-IT","potentialAction":[{"@type":"ReadAction","target":["https:\/\/www.rassegnastampa-totustuus.it\/cattolica\/il-fumo-di-satana-nella-casa-del-signore-2\/"]}]},{"@type":"ImageObject","inLanguage":"it-IT","@id":"https:\/\/www.rassegnastampa-totustuus.it\/cattolica\/il-fumo-di-satana-nella-casa-del-signore-2\/#primaryimage","url":"https:\/\/www.rassegnastampa-totustuus.it\/cattolica\/wp-content\/uploads\/2004\/11\/Rituale_esorcismi.jpg","contentUrl":"https:\/\/www.rassegnastampa-totustuus.it\/cattolica\/wp-content\/uploads\/2004\/11\/Rituale_esorcismi.jpg","width":240,"height":182},{"@type":"BreadcrumbList","@id":"https:\/\/www.rassegnastampa-totustuus.it\/cattolica\/il-fumo-di-satana-nella-casa-del-signore-2\/#breadcrumb","itemListElement":[{"@type":"ListItem","position":1,"name":"Home","item":"https:\/\/www.rassegnastampa-totustuus.it\/cattolica\/"},{"@type":"ListItem","position":2,"name":"Il fumo di Satana nella casa del Signore"}]},{"@type":"WebSite","@id":"https:\/\/www.rassegnastampa-totustuus.it\/cattolica\/#website","url":"https:\/\/www.rassegnastampa-totustuus.it\/cattolica\/","name":"Rassegna Stampa Cattolica","description":"Per una cultura che nasce dalla Rivelazione cristiana in conformit\u00e0 alla tradizione e al Magistero della Chiesa in opposizione ad ogni relativismo e totalitarismo","publisher":{"@id":"https:\/\/www.rassegnastampa-totustuus.it\/cattolica\/#organization"},"alternateName":"Rass. Cattolica","potentialAction":[{"@type":"SearchAction","target":{"@type":"EntryPoint","urlTemplate":"https:\/\/www.rassegnastampa-totustuus.it\/cattolica\/?s={search_term_string}"},"query-input":{"@type":"PropertyValueSpecification","valueRequired":true,"valueName":"search_term_string"}}],"inLanguage":"it-IT"},{"@type":"Organization","@id":"https:\/\/www.rassegnastampa-totustuus.it\/cattolica\/#organization","name":"Rassegna Stampa Cattolica","url":"https:\/\/www.rassegnastampa-totustuus.it\/cattolica\/","logo":{"@type":"ImageObject","inLanguage":"it-IT","@id":"https:\/\/www.rassegnastampa-totustuus.it\/cattolica\/#\/schema\/logo\/image\/","url":"https:\/\/www.rassegnastampa-totustuus.it\/cattolica\/wp-content\/uploads\/2014\/04\/logo-rassegna1.gif","contentUrl":"https:\/\/www.rassegnastampa-totustuus.it\/cattolica\/wp-content\/uploads\/2014\/04\/logo-rassegna1.gif","width":600,"height":163,"caption":"Rassegna Stampa Cattolica"},"image":{"@id":"https:\/\/www.rassegnastampa-totustuus.it\/cattolica\/#\/schema\/logo\/image\/"},"sameAs":["https:\/\/www.facebook.com\/rassegnastampacattolica","https:\/\/x.com\/rassegnastampa9"]},{"@type":"Person","@id":"https:\/\/www.rassegnastampa-totustuus.it\/cattolica\/#\/schema\/person\/08f319d2bd1a0904ad9e2bfb7b15e5c3","name":"Redazione","image":{"@type":"ImageObject","inLanguage":"it-IT","@id":"https:\/\/secure.gravatar.com\/avatar\/2fcdf27c78ea025fbdb44e914cc63c72249ffec9dc8aafd5c82b26240ef3f346?s=96&d=mm&r=g","url":"https:\/\/secure.gravatar.com\/avatar\/2fcdf27c78ea025fbdb44e914cc63c72249ffec9dc8aafd5c82b26240ef3f346?s=96&d=mm&r=g","contentUrl":"https:\/\/secure.gravatar.com\/avatar\/2fcdf27c78ea025fbdb44e914cc63c72249ffec9dc8aafd5c82b26240ef3f346?s=96&d=mm&r=g","caption":"Redazione"},"url":"https:\/\/www.rassegnastampa-totustuus.it\/cattolica\/author\/pietroelle\/"}]}},"_links":{"self":[{"href":"https:\/\/www.rassegnastampa-totustuus.it\/cattolica\/wp-json\/wp\/v2\/posts\/208","targetHints":{"allow":["GET"]}}],"collection":[{"href":"https:\/\/www.rassegnastampa-totustuus.it\/cattolica\/wp-json\/wp\/v2\/posts"}],"about":[{"href":"https:\/\/www.rassegnastampa-totustuus.it\/cattolica\/wp-json\/wp\/v2\/types\/post"}],"author":[{"embeddable":true,"href":"https:\/\/www.rassegnastampa-totustuus.it\/cattolica\/wp-json\/wp\/v2\/users\/6"}],"replies":[{"embeddable":true,"href":"https:\/\/www.rassegnastampa-totustuus.it\/cattolica\/wp-json\/wp\/v2\/comments?post=208"}],"version-history":[{"count":4,"href":"https:\/\/www.rassegnastampa-totustuus.it\/cattolica\/wp-json\/wp\/v2\/posts\/208\/revisions"}],"predecessor-version":[{"id":31414,"href":"https:\/\/www.rassegnastampa-totustuus.it\/cattolica\/wp-json\/wp\/v2\/posts\/208\/revisions\/31414"}],"wp:featuredmedia":[{"embeddable":true,"href":"https:\/\/www.rassegnastampa-totustuus.it\/cattolica\/wp-json\/wp\/v2\/media\/31413"}],"wp:attachment":[{"href":"https:\/\/www.rassegnastampa-totustuus.it\/cattolica\/wp-json\/wp\/v2\/media?parent=208"}],"wp:term":[{"taxonomy":"category","embeddable":true,"href":"https:\/\/www.rassegnastampa-totustuus.it\/cattolica\/wp-json\/wp\/v2\/categories?post=208"},{"taxonomy":"post_tag","embeddable":true,"href":"https:\/\/www.rassegnastampa-totustuus.it\/cattolica\/wp-json\/wp\/v2\/tags?post=208"}],"curies":[{"name":"wp","href":"https:\/\/api.w.org\/{rel}","templated":true}]}}