{"id":2075,"date":"2006-06-08T00:00:00","date_gmt":"2006-06-07T22:00:00","guid":{"rendered":""},"modified":"2015-01-02T16:26:04","modified_gmt":"2015-01-02T15:26:04","slug":"sensi-di-colpa","status":"publish","type":"post","link":"https:\/\/www.rassegnastampa-totustuus.it\/cattolica\/sensi-di-colpa\/","title":{"rendered":"Sensi di colpa"},"content":{"rendered":"<div style=\"text-align: center;\"><strong><a href=\"https:\/\/www.rassegnastampa-totustuus.it\/cattolica\/wp-content\/uploads\/2006\/06\/no_vatican.jpg\"><img loading=\"lazy\" decoding=\"async\" class=\"alignright wp-image-16038 size-full\" src=\"https:\/\/www.rassegnastampa-totustuus.it\/cattolica\/wp-content\/uploads\/2006\/06\/no_vatican.jpg\" alt=\"no_vatican\" width=\"180\" height=\"180\" srcset=\"https:\/\/www.rassegnastampa-totustuus.it\/cattolica\/wp-content\/uploads\/2006\/06\/no_vatican.jpg 180w, https:\/\/www.rassegnastampa-totustuus.it\/cattolica\/wp-content\/uploads\/2006\/06\/no_vatican-150x150.jpg 150w\" sizes=\"auto, (max-width: 180px) 100vw, 180px\" \/><\/a>Pensare la storia<\/strong><em>. Una lettura cattolica dell&#8217;avventura umana<\/em> Paoline, Milano 1992,<\/div>\n<p style=\"text-align: justify;\"><em>(&#8230;) Leo Moulin, ripete\u00a0 ai credenti una sua convinzione, maturata in una vita di studio e di esperienza: \u00abDate retta a me, vecchio incredulo che se ne intende: il capolavoro della propaganda anti-cristiana \u00e8 l&#8217;essere riusciti a creare nei cristiani, nei cattolici soprattutto, una cattiva coscienza; a instillargli l&#8217;imbarazzo, quando non la vergogna, per la loro storia (&#8230;)<\/em><\/p>\n<p style=\"text-align: center;\"><strong>\u00a0Vittorio MESSORI<\/strong><\/p>\n<p><!--more--><\/p>\n<div style=\"text-align: justify;\">Dopo tre giorni di faticoso viaggio insieme, L\u00e9o Moulin, 81 anni, \u00e8 fresco, elegante, attento e cordialissimo come sempre. Moulin, per mezzo secolo docente di storia e di sociologia all&#8217;universit\u00e0 di Bruxelles, autore di decine di libri rigorosi e affascinanti, \u00e8 tra gli intellettuali pi\u00f9 prestigiosi d&#8217;Europa. \u00c8 forse il maggiore conoscitore degli Ordini religiosi medievali, pochi come lui sono ammirati dalla sapienza di quei monaci.<\/div>\n<p style=\"text-align: justify;\">Eppure, si \u00e8 distaccato s\u00ec dalle logge massoniche, dove ha militato (\u00abSpesso &#8211; mi dice &#8211; affiliarsi \u00e8 condizione indispensabile per fare carriera nelle universit\u00e0, nei giornali, nelle case editrici: il mutuo soccorso tra i &#8220;fratelli muratori&#8221; non \u00e8 un mito, \u00e8 una realt\u00e0 ancora attuale\u00bb), ma \u00e8 restato un laico, un razionalista, di un agnosticismo che confina con l&#8217;ateismo.<\/p>\n<p style=\"text-align: justify;\">Mi raccomanda, Moulin, di ripetere ai credenti una sua convinzione, maturata in una vita di studio e di esperienza: \u00abDate retta a me, vecchio incredulo che se ne intende: il capolavoro della propaganda anti-cristiana \u00e8 l&#8217;essere riusciti a creare nei cristiani, nei cattolici soprattutto, una cattiva coscienza; a instillargli l&#8217;imbarazzo, quando non la vergogna, per la loro storia. A furia di insistere, dalla Riforma sino ad oggi, ce l&#8217;hanno fatta a convincervi di essere i responsabili di tutti o quasi i mali del mondo. Vi hanno paralizzati nell&#8217;autocritica masochistica, per neutralizzare la critica di ci\u00f2 che ha preso il vostro posto\u00bb.<\/p>\n<p style=\"text-align: justify;\">Femministe, omosessuali, terzomondiali e terzomondisti, pacifisti, esponenti di tutte le minoranze, contestatori e scontenti di ogni risma, scienziati, umanisti, filosofi, ecologisti, animalisti, moralisti laici: \u00abDa tutti vi siete lasciati presentare il conto, spesso truccato, senza quasi discutere. Non c&#8217;\u00e8 problema o errore o sofferenza della storia che non vi siano stati addebitati. E voi, cos\u00ec spesso ignoranti del vostro passato, avete finito per crederci, magari per dar loro manforte. Invece io (agnostico, ma storico che cerca di essere oggettivo) vi dico che dovete reagire, in nome della verit\u00e0. Spesso, infatti, non \u00e8 vero. E se talvolta del vero c&#8217;\u00e8, \u00e8 anche vero che, in un bilancio di venti secoli di cristianesimo, le luci prevalgono di gran lunga sulle ombre. Ma poi: perch\u00e9 non chiedere a vostra volta il conto a chi lo presenta a voi? Sono forse stati migliori i risultati di ci\u00f2 che \u00e8 venuto dopo? Da quali pulpiti ascoltate, contriti, certe prediche?\u00bb. Mi parla di quel Medioevo che da sempre frequenta come studioso: \u00abQuella vergognosa menzogna dei &#8220;secoli bui&#8221;, perch\u00e9 ispirati dalla fede del Vangelo! Perch\u00e9, allora, tutto ci\u00f2 che ci resta di quei tempi \u00e8 di cos\u00ec fascinosa bellezza e sapienza? Anche nella storia vale la legge di causa ed effetto&#8230;\u00bb.<\/p>\n<p style=\"text-align: justify;\">Penso allo storico di Bruxelles in auto, una mattina qualunque, attraversando l&#8217;hinterland milanese. Qui, come in ogni altra periferia urbana, un Dante contemporaneo potrebbe ambientare qualche girone del suo inferno: rumori assordanti, odori mefitici, cumuli di rottami e di rifiuti, acque velenose, marciapiedi ingombri di auto parcheggiate, scarafaggi e ratti, cemento impazzito, brandelli di prato tossico. Ovunque, senti l&#8217;ira e l&#8217;odio di tutti contro tutti: automobilisti contro camionisti, pedoni contro motorizzati, acquirenti contro venditori, settentrionali contro meridionali, italiani contro stranieri, operai contro padroni, figli contro genitori. Il degrado \u00e8 nei cuori, prima ancora che nell&#8217;ambiente.<\/p>\n<p style=\"text-align: justify;\">Finalmente la m\u00e8ta, il grande monastero, l&#8217;antica casa religiosa. Liberato con sollievo dall&#8217;auto, varco il portone. Di colpo, il mondo mi cambia intorno. Un grande, secolare cortile, chiuso su tutti i lati da un porticato che placa l&#8217;animo con l&#8217;armonia delle arcate. Silenzio, bellezza di affreschi, ritmo di architetture, frescura di ombre. Al di l\u00e0 del cortile, un vasto giardino, ultima spiaggia sui cui alberi si \u00e8 rifugiato quanto sopravvive e vola nella terra desolata tutto attorno. Nell&#8217;accoglienza, poi, dei religiosi senti che \u00e8 gente che &#8211; malgrado tutto &#8211; cerca di voler bene, che crede che amare sia ancora possibile.<\/p>\n<p style=\"text-align: justify;\">Con un misto di ironia e di angoscia, penso alle vendette della storia negli ultimi due secoli, popolati da gente diversa ma unita dalla furia di sopprimere i segni cristiani, a cominciare dalle congregazioni religiose; dal bisogno di distruggere, con esse, i loro luoghi di pace e di bellezza, visti come angoli immondi di oscurantismo, ostacoli anacronistici sulla strada per edificare il sognato &#8220;mondo nuovo&#8221;.<\/p>\n<p style=\"text-align: justify;\">Adesso, eccoli i frutti del promesso domani radioso, al di l\u00e0 del muro che ripara il giardino. In nome dell&#8217;umanit\u00e0, mai mondo fu reso pi\u00f9 disumano. Le attese si sono rovesciate: la realt\u00e0 e la speranza di un mondo pi\u00f9 vivibile resistono &#8211; ma per quanto? &#8211; in questi brandelli religiosi, sopravvissuti (per miracolo, per caso, per ostinazione dei cristiani che ritornano dopo ogni soppressione) alla furia degli &#8220;illuminati&#8221;. I cui figli e nipoti si rifugiano anch&#8217;essi qui, ora, a rimpiangere quanto \u00e8 stato perduto. E a rallegrarsi che qualcosa si sia salvato dalla rabbia dei distruttori.<\/p>\n<p style=\"text-align: justify;\">Se \u00e8 dal frutto che si riconosce l&#8217;albero, c&#8217;\u00e8 forse qualche conseguenza da trarne, anche per seguire l&#8217;ammonimento ai credenti di Moulin, il vecchio storico agnostico: \u00abcausa ed effetto&#8230;\u00bb. I nostri scheletri nell&#8217;armadio li abbiamo pure noi; e guai a far finta di niente. La realt\u00e0 cristiana mescola pur sempre il divino e l&#8217;umano; casta et meretrix \u00e8 la Chiesa, secondo il detto dei Padri. E tali, sempre, furono e sono i suoi figli. Ma guardiamoci anche attorno, non pi\u00f9 cos\u00ec vergognosi e intimoriti. Non c&#8217;\u00e8 carit\u00e0 possibile senza verit\u00e0; su di noi e sugli altri.<\/p>\n<p style=\"text-align: justify;\"><strong>Vittorio Messori<\/strong> <a href=\"http:\/\/www.theseuslibri.it\/product\/983\/Pensare-la-storia.-(Vivaio-Vol.-I).html\" target=\"_blank\"><em>Pensare la storia. Una lettura cattolica dell&#8217;avventura umana<\/em><\/a> Sugarco 2006 (nuova edizione) p.688<\/p>\n","protected":false},"excerpt":{"rendered":"<p>Pensare la storia. Una lettura cattolica dell&#8217;avventura umana Paoline, Milano 1992, (&#8230;) Leo Moulin, ripete\u00a0 ai credenti una sua convinzione, maturata in una vita di studio e di esperienza: \u00abDate retta a me, vecchio incredulo che se ne intende: il capolavoro della propaganda anti-cristiana \u00e8 l&#8217;essere riusciti a creare nei cristiani, nei cattolici soprattutto, una &hellip; <\/p>\n<p><a class=\"more-link btn\" href=\"https:\/\/www.rassegnastampa-totustuus.it\/cattolica\/sensi-di-colpa\/\">Continua a leggere<\/a><\/p>\n","protected":false},"author":6,"featured_media":16038,"comment_status":"closed","ping_status":"open","sticky":false,"template":"","format":"standard","meta":{"footnotes":""},"categories":[5],"tags":[1136],"class_list":["post-2075","post","type-post","status-publish","format-standard","has-post-thumbnail","hentry","category-chiesa","tag-storia-della-chiesa","item-wrap"],"yoast_head":"<!-- This site is optimized with the Yoast SEO plugin v27.4 - https:\/\/yoast.com\/product\/yoast-seo-wordpress\/ -->\n<title>Sensi di colpa - Rassegna Stampa Cattolica<\/title>\n<meta name=\"description\" content=\"Rassegna Stampa Cattolica - Per una cultura che nasce dalla Rivelazione cristiana in conformit\u00e0 alla tradizione e al Magistero della Chiesa in opposizione ad ogni relativismo e totalitarismo\" \/>\n<meta name=\"robots\" content=\"index, follow, max-snippet:-1, max-image-preview:large, max-video-preview:-1\" \/>\n<link rel=\"canonical\" href=\"https:\/\/www.rassegnastampa-totustuus.it\/cattolica\/sensi-di-colpa\/\" \/>\n<meta property=\"og:locale\" content=\"it_IT\" \/>\n<meta property=\"og:type\" content=\"article\" \/>\n<meta property=\"og:title\" content=\"Sensi di colpa - Rassegna Stampa Cattolica\" \/>\n<meta property=\"og:description\" content=\"Rassegna Stampa Cattolica - Per una cultura che nasce dalla Rivelazione cristiana in conformit\u00e0 alla tradizione e al Magistero della Chiesa in opposizione ad ogni relativismo e totalitarismo\" \/>\n<meta property=\"og:url\" content=\"https:\/\/www.rassegnastampa-totustuus.it\/cattolica\/sensi-di-colpa\/\" \/>\n<meta property=\"og:site_name\" content=\"Rassegna Stampa Cattolica\" \/>\n<meta property=\"article:publisher\" content=\"https:\/\/www.facebook.com\/rassegnastampacattolica\" \/>\n<meta property=\"article:published_time\" content=\"2006-06-07T22:00:00+00:00\" \/>\n<meta property=\"article:modified_time\" content=\"2015-01-02T15:26:04+00:00\" \/>\n<meta property=\"og:image\" content=\"https:\/\/www.rassegnastampa-totustuus.it\/cattolica\/wp-content\/uploads\/2006\/06\/no_vatican.jpg\" \/>\n\t<meta property=\"og:image:width\" content=\"180\" \/>\n\t<meta property=\"og:image:height\" content=\"180\" \/>\n\t<meta property=\"og:image:type\" content=\"image\/jpeg\" \/>\n<meta name=\"author\" content=\"Redazione\" \/>\n<meta name=\"twitter:card\" content=\"summary_large_image\" \/>\n<meta name=\"twitter:creator\" content=\"@rassegnastampa9\" \/>\n<meta name=\"twitter:site\" content=\"@rassegnastampa9\" \/>\n<meta name=\"twitter:label1\" content=\"Scritto da\" \/>\n\t<meta name=\"twitter:data1\" content=\"Redazione\" \/>\n\t<meta name=\"twitter:label2\" content=\"Tempo di lettura stimato\" \/>\n\t<meta name=\"twitter:data2\" content=\"5 minuti\" \/>\n<script type=\"application\/ld+json\" class=\"yoast-schema-graph\">{\"@context\":\"https:\\\/\\\/schema.org\",\"@graph\":[{\"@type\":\"Article\",\"@id\":\"https:\\\/\\\/www.rassegnastampa-totustuus.it\\\/cattolica\\\/sensi-di-colpa\\\/#article\",\"isPartOf\":{\"@id\":\"https:\\\/\\\/www.rassegnastampa-totustuus.it\\\/cattolica\\\/sensi-di-colpa\\\/\"},\"author\":{\"name\":\"Redazione\",\"@id\":\"https:\\\/\\\/www.rassegnastampa-totustuus.it\\\/cattolica\\\/#\\\/schema\\\/person\\\/08f319d2bd1a0904ad9e2bfb7b15e5c3\"},\"headline\":\"Sensi di colpa\",\"datePublished\":\"2006-06-07T22:00:00+00:00\",\"dateModified\":\"2015-01-02T15:26:04+00:00\",\"mainEntityOfPage\":{\"@id\":\"https:\\\/\\\/www.rassegnastampa-totustuus.it\\\/cattolica\\\/sensi-di-colpa\\\/\"},\"wordCount\":977,\"publisher\":{\"@id\":\"https:\\\/\\\/www.rassegnastampa-totustuus.it\\\/cattolica\\\/#organization\"},\"image\":{\"@id\":\"https:\\\/\\\/www.rassegnastampa-totustuus.it\\\/cattolica\\\/sensi-di-colpa\\\/#primaryimage\"},\"thumbnailUrl\":\"https:\\\/\\\/www.rassegnastampa-totustuus.it\\\/cattolica\\\/wp-content\\\/uploads\\\/2006\\\/06\\\/no_vatican.jpg\",\"keywords\":[\"storia della chiesa\"],\"articleSection\":[\"Chiesa\"],\"inLanguage\":\"it-IT\"},{\"@type\":\"WebPage\",\"@id\":\"https:\\\/\\\/www.rassegnastampa-totustuus.it\\\/cattolica\\\/sensi-di-colpa\\\/\",\"url\":\"https:\\\/\\\/www.rassegnastampa-totustuus.it\\\/cattolica\\\/sensi-di-colpa\\\/\",\"name\":\"Sensi di colpa - Rassegna Stampa Cattolica\",\"isPartOf\":{\"@id\":\"https:\\\/\\\/www.rassegnastampa-totustuus.it\\\/cattolica\\\/#website\"},\"primaryImageOfPage\":{\"@id\":\"https:\\\/\\\/www.rassegnastampa-totustuus.it\\\/cattolica\\\/sensi-di-colpa\\\/#primaryimage\"},\"image\":{\"@id\":\"https:\\\/\\\/www.rassegnastampa-totustuus.it\\\/cattolica\\\/sensi-di-colpa\\\/#primaryimage\"},\"thumbnailUrl\":\"https:\\\/\\\/www.rassegnastampa-totustuus.it\\\/cattolica\\\/wp-content\\\/uploads\\\/2006\\\/06\\\/no_vatican.jpg\",\"datePublished\":\"2006-06-07T22:00:00+00:00\",\"dateModified\":\"2015-01-02T15:26:04+00:00\",\"description\":\"Rassegna Stampa Cattolica - Per una cultura che nasce dalla Rivelazione cristiana in conformit\u00e0 alla tradizione e al Magistero della Chiesa in opposizione ad ogni relativismo e totalitarismo\",\"breadcrumb\":{\"@id\":\"https:\\\/\\\/www.rassegnastampa-totustuus.it\\\/cattolica\\\/sensi-di-colpa\\\/#breadcrumb\"},\"inLanguage\":\"it-IT\",\"potentialAction\":[{\"@type\":\"ReadAction\",\"target\":[\"https:\\\/\\\/www.rassegnastampa-totustuus.it\\\/cattolica\\\/sensi-di-colpa\\\/\"]}]},{\"@type\":\"ImageObject\",\"inLanguage\":\"it-IT\",\"@id\":\"https:\\\/\\\/www.rassegnastampa-totustuus.it\\\/cattolica\\\/sensi-di-colpa\\\/#primaryimage\",\"url\":\"https:\\\/\\\/www.rassegnastampa-totustuus.it\\\/cattolica\\\/wp-content\\\/uploads\\\/2006\\\/06\\\/no_vatican.jpg\",\"contentUrl\":\"https:\\\/\\\/www.rassegnastampa-totustuus.it\\\/cattolica\\\/wp-content\\\/uploads\\\/2006\\\/06\\\/no_vatican.jpg\",\"width\":180,\"height\":180},{\"@type\":\"BreadcrumbList\",\"@id\":\"https:\\\/\\\/www.rassegnastampa-totustuus.it\\\/cattolica\\\/sensi-di-colpa\\\/#breadcrumb\",\"itemListElement\":[{\"@type\":\"ListItem\",\"position\":1,\"name\":\"Home\",\"item\":\"https:\\\/\\\/www.rassegnastampa-totustuus.it\\\/cattolica\\\/\"},{\"@type\":\"ListItem\",\"position\":2,\"name\":\"Sensi di colpa\"}]},{\"@type\":\"WebSite\",\"@id\":\"https:\\\/\\\/www.rassegnastampa-totustuus.it\\\/cattolica\\\/#website\",\"url\":\"https:\\\/\\\/www.rassegnastampa-totustuus.it\\\/cattolica\\\/\",\"name\":\"Rassegna Stampa Cattolica\",\"description\":\"Per una cultura che nasce dalla Rivelazione cristiana in conformit\u00e0 alla tradizione e al Magistero della Chiesa in opposizione ad ogni relativismo e totalitarismo\",\"publisher\":{\"@id\":\"https:\\\/\\\/www.rassegnastampa-totustuus.it\\\/cattolica\\\/#organization\"},\"alternateName\":\"Rass. Cattolica\",\"potentialAction\":[{\"@type\":\"SearchAction\",\"target\":{\"@type\":\"EntryPoint\",\"urlTemplate\":\"https:\\\/\\\/www.rassegnastampa-totustuus.it\\\/cattolica\\\/?s={search_term_string}\"},\"query-input\":{\"@type\":\"PropertyValueSpecification\",\"valueRequired\":true,\"valueName\":\"search_term_string\"}}],\"inLanguage\":\"it-IT\"},{\"@type\":\"Organization\",\"@id\":\"https:\\\/\\\/www.rassegnastampa-totustuus.it\\\/cattolica\\\/#organization\",\"name\":\"Rassegna Stampa Cattolica\",\"url\":\"https:\\\/\\\/www.rassegnastampa-totustuus.it\\\/cattolica\\\/\",\"logo\":{\"@type\":\"ImageObject\",\"inLanguage\":\"it-IT\",\"@id\":\"https:\\\/\\\/www.rassegnastampa-totustuus.it\\\/cattolica\\\/#\\\/schema\\\/logo\\\/image\\\/\",\"url\":\"https:\\\/\\\/www.rassegnastampa-totustuus.it\\\/cattolica\\\/wp-content\\\/uploads\\\/2014\\\/04\\\/logo-rassegna1.gif\",\"contentUrl\":\"https:\\\/\\\/www.rassegnastampa-totustuus.it\\\/cattolica\\\/wp-content\\\/uploads\\\/2014\\\/04\\\/logo-rassegna1.gif\",\"width\":600,\"height\":163,\"caption\":\"Rassegna Stampa Cattolica\"},\"image\":{\"@id\":\"https:\\\/\\\/www.rassegnastampa-totustuus.it\\\/cattolica\\\/#\\\/schema\\\/logo\\\/image\\\/\"},\"sameAs\":[\"https:\\\/\\\/www.facebook.com\\\/rassegnastampacattolica\",\"https:\\\/\\\/x.com\\\/rassegnastampa9\"]},{\"@type\":\"Person\",\"@id\":\"https:\\\/\\\/www.rassegnastampa-totustuus.it\\\/cattolica\\\/#\\\/schema\\\/person\\\/08f319d2bd1a0904ad9e2bfb7b15e5c3\",\"name\":\"Redazione\",\"image\":{\"@type\":\"ImageObject\",\"inLanguage\":\"it-IT\",\"@id\":\"https:\\\/\\\/secure.gravatar.com\\\/avatar\\\/2fcdf27c78ea025fbdb44e914cc63c72249ffec9dc8aafd5c82b26240ef3f346?s=96&d=mm&r=g\",\"url\":\"https:\\\/\\\/secure.gravatar.com\\\/avatar\\\/2fcdf27c78ea025fbdb44e914cc63c72249ffec9dc8aafd5c82b26240ef3f346?s=96&d=mm&r=g\",\"contentUrl\":\"https:\\\/\\\/secure.gravatar.com\\\/avatar\\\/2fcdf27c78ea025fbdb44e914cc63c72249ffec9dc8aafd5c82b26240ef3f346?s=96&d=mm&r=g\",\"caption\":\"Redazione\"},\"url\":\"https:\\\/\\\/www.rassegnastampa-totustuus.it\\\/cattolica\\\/author\\\/pietroelle\\\/\"}]}<\/script>\n<!-- \/ Yoast SEO plugin. -->","yoast_head_json":{"title":"Sensi di colpa - Rassegna Stampa Cattolica","description":"Rassegna Stampa Cattolica - Per una cultura che nasce dalla Rivelazione cristiana in conformit\u00e0 alla tradizione e al Magistero della Chiesa in opposizione ad ogni relativismo e totalitarismo","robots":{"index":"index","follow":"follow","max-snippet":"max-snippet:-1","max-image-preview":"max-image-preview:large","max-video-preview":"max-video-preview:-1"},"canonical":"https:\/\/www.rassegnastampa-totustuus.it\/cattolica\/sensi-di-colpa\/","og_locale":"it_IT","og_type":"article","og_title":"Sensi di colpa - Rassegna Stampa Cattolica","og_description":"Rassegna Stampa Cattolica - Per una cultura che nasce dalla Rivelazione cristiana in conformit\u00e0 alla tradizione e al Magistero della Chiesa in opposizione ad ogni relativismo e totalitarismo","og_url":"https:\/\/www.rassegnastampa-totustuus.it\/cattolica\/sensi-di-colpa\/","og_site_name":"Rassegna Stampa Cattolica","article_publisher":"https:\/\/www.facebook.com\/rassegnastampacattolica","article_published_time":"2006-06-07T22:00:00+00:00","article_modified_time":"2015-01-02T15:26:04+00:00","og_image":[{"width":180,"height":180,"url":"https:\/\/www.rassegnastampa-totustuus.it\/cattolica\/wp-content\/uploads\/2006\/06\/no_vatican.jpg","type":"image\/jpeg"}],"author":"Redazione","twitter_card":"summary_large_image","twitter_creator":"@rassegnastampa9","twitter_site":"@rassegnastampa9","twitter_misc":{"Scritto da":"Redazione","Tempo di lettura stimato":"5 minuti"},"schema":{"@context":"https:\/\/schema.org","@graph":[{"@type":"Article","@id":"https:\/\/www.rassegnastampa-totustuus.it\/cattolica\/sensi-di-colpa\/#article","isPartOf":{"@id":"https:\/\/www.rassegnastampa-totustuus.it\/cattolica\/sensi-di-colpa\/"},"author":{"name":"Redazione","@id":"https:\/\/www.rassegnastampa-totustuus.it\/cattolica\/#\/schema\/person\/08f319d2bd1a0904ad9e2bfb7b15e5c3"},"headline":"Sensi di colpa","datePublished":"2006-06-07T22:00:00+00:00","dateModified":"2015-01-02T15:26:04+00:00","mainEntityOfPage":{"@id":"https:\/\/www.rassegnastampa-totustuus.it\/cattolica\/sensi-di-colpa\/"},"wordCount":977,"publisher":{"@id":"https:\/\/www.rassegnastampa-totustuus.it\/cattolica\/#organization"},"image":{"@id":"https:\/\/www.rassegnastampa-totustuus.it\/cattolica\/sensi-di-colpa\/#primaryimage"},"thumbnailUrl":"https:\/\/www.rassegnastampa-totustuus.it\/cattolica\/wp-content\/uploads\/2006\/06\/no_vatican.jpg","keywords":["storia della chiesa"],"articleSection":["Chiesa"],"inLanguage":"it-IT"},{"@type":"WebPage","@id":"https:\/\/www.rassegnastampa-totustuus.it\/cattolica\/sensi-di-colpa\/","url":"https:\/\/www.rassegnastampa-totustuus.it\/cattolica\/sensi-di-colpa\/","name":"Sensi di colpa - Rassegna Stampa Cattolica","isPartOf":{"@id":"https:\/\/www.rassegnastampa-totustuus.it\/cattolica\/#website"},"primaryImageOfPage":{"@id":"https:\/\/www.rassegnastampa-totustuus.it\/cattolica\/sensi-di-colpa\/#primaryimage"},"image":{"@id":"https:\/\/www.rassegnastampa-totustuus.it\/cattolica\/sensi-di-colpa\/#primaryimage"},"thumbnailUrl":"https:\/\/www.rassegnastampa-totustuus.it\/cattolica\/wp-content\/uploads\/2006\/06\/no_vatican.jpg","datePublished":"2006-06-07T22:00:00+00:00","dateModified":"2015-01-02T15:26:04+00:00","description":"Rassegna Stampa Cattolica - Per una cultura che nasce dalla Rivelazione cristiana in conformit\u00e0 alla tradizione e al Magistero della Chiesa in opposizione ad ogni relativismo e totalitarismo","breadcrumb":{"@id":"https:\/\/www.rassegnastampa-totustuus.it\/cattolica\/sensi-di-colpa\/#breadcrumb"},"inLanguage":"it-IT","potentialAction":[{"@type":"ReadAction","target":["https:\/\/www.rassegnastampa-totustuus.it\/cattolica\/sensi-di-colpa\/"]}]},{"@type":"ImageObject","inLanguage":"it-IT","@id":"https:\/\/www.rassegnastampa-totustuus.it\/cattolica\/sensi-di-colpa\/#primaryimage","url":"https:\/\/www.rassegnastampa-totustuus.it\/cattolica\/wp-content\/uploads\/2006\/06\/no_vatican.jpg","contentUrl":"https:\/\/www.rassegnastampa-totustuus.it\/cattolica\/wp-content\/uploads\/2006\/06\/no_vatican.jpg","width":180,"height":180},{"@type":"BreadcrumbList","@id":"https:\/\/www.rassegnastampa-totustuus.it\/cattolica\/sensi-di-colpa\/#breadcrumb","itemListElement":[{"@type":"ListItem","position":1,"name":"Home","item":"https:\/\/www.rassegnastampa-totustuus.it\/cattolica\/"},{"@type":"ListItem","position":2,"name":"Sensi di colpa"}]},{"@type":"WebSite","@id":"https:\/\/www.rassegnastampa-totustuus.it\/cattolica\/#website","url":"https:\/\/www.rassegnastampa-totustuus.it\/cattolica\/","name":"Rassegna Stampa Cattolica","description":"Per una cultura che nasce dalla Rivelazione cristiana in conformit\u00e0 alla tradizione e al Magistero della Chiesa in opposizione ad ogni relativismo e totalitarismo","publisher":{"@id":"https:\/\/www.rassegnastampa-totustuus.it\/cattolica\/#organization"},"alternateName":"Rass. Cattolica","potentialAction":[{"@type":"SearchAction","target":{"@type":"EntryPoint","urlTemplate":"https:\/\/www.rassegnastampa-totustuus.it\/cattolica\/?s={search_term_string}"},"query-input":{"@type":"PropertyValueSpecification","valueRequired":true,"valueName":"search_term_string"}}],"inLanguage":"it-IT"},{"@type":"Organization","@id":"https:\/\/www.rassegnastampa-totustuus.it\/cattolica\/#organization","name":"Rassegna Stampa Cattolica","url":"https:\/\/www.rassegnastampa-totustuus.it\/cattolica\/","logo":{"@type":"ImageObject","inLanguage":"it-IT","@id":"https:\/\/www.rassegnastampa-totustuus.it\/cattolica\/#\/schema\/logo\/image\/","url":"https:\/\/www.rassegnastampa-totustuus.it\/cattolica\/wp-content\/uploads\/2014\/04\/logo-rassegna1.gif","contentUrl":"https:\/\/www.rassegnastampa-totustuus.it\/cattolica\/wp-content\/uploads\/2014\/04\/logo-rassegna1.gif","width":600,"height":163,"caption":"Rassegna Stampa Cattolica"},"image":{"@id":"https:\/\/www.rassegnastampa-totustuus.it\/cattolica\/#\/schema\/logo\/image\/"},"sameAs":["https:\/\/www.facebook.com\/rassegnastampacattolica","https:\/\/x.com\/rassegnastampa9"]},{"@type":"Person","@id":"https:\/\/www.rassegnastampa-totustuus.it\/cattolica\/#\/schema\/person\/08f319d2bd1a0904ad9e2bfb7b15e5c3","name":"Redazione","image":{"@type":"ImageObject","inLanguage":"it-IT","@id":"https:\/\/secure.gravatar.com\/avatar\/2fcdf27c78ea025fbdb44e914cc63c72249ffec9dc8aafd5c82b26240ef3f346?s=96&d=mm&r=g","url":"https:\/\/secure.gravatar.com\/avatar\/2fcdf27c78ea025fbdb44e914cc63c72249ffec9dc8aafd5c82b26240ef3f346?s=96&d=mm&r=g","contentUrl":"https:\/\/secure.gravatar.com\/avatar\/2fcdf27c78ea025fbdb44e914cc63c72249ffec9dc8aafd5c82b26240ef3f346?s=96&d=mm&r=g","caption":"Redazione"},"url":"https:\/\/www.rassegnastampa-totustuus.it\/cattolica\/author\/pietroelle\/"}]}},"_links":{"self":[{"href":"https:\/\/www.rassegnastampa-totustuus.it\/cattolica\/wp-json\/wp\/v2\/posts\/2075","targetHints":{"allow":["GET"]}}],"collection":[{"href":"https:\/\/www.rassegnastampa-totustuus.it\/cattolica\/wp-json\/wp\/v2\/posts"}],"about":[{"href":"https:\/\/www.rassegnastampa-totustuus.it\/cattolica\/wp-json\/wp\/v2\/types\/post"}],"author":[{"embeddable":true,"href":"https:\/\/www.rassegnastampa-totustuus.it\/cattolica\/wp-json\/wp\/v2\/users\/6"}],"replies":[{"embeddable":true,"href":"https:\/\/www.rassegnastampa-totustuus.it\/cattolica\/wp-json\/wp\/v2\/comments?post=2075"}],"version-history":[{"count":3,"href":"https:\/\/www.rassegnastampa-totustuus.it\/cattolica\/wp-json\/wp\/v2\/posts\/2075\/revisions"}],"predecessor-version":[{"id":16039,"href":"https:\/\/www.rassegnastampa-totustuus.it\/cattolica\/wp-json\/wp\/v2\/posts\/2075\/revisions\/16039"}],"wp:featuredmedia":[{"embeddable":true,"href":"https:\/\/www.rassegnastampa-totustuus.it\/cattolica\/wp-json\/wp\/v2\/media\/16038"}],"wp:attachment":[{"href":"https:\/\/www.rassegnastampa-totustuus.it\/cattolica\/wp-json\/wp\/v2\/media?parent=2075"}],"wp:term":[{"taxonomy":"category","embeddable":true,"href":"https:\/\/www.rassegnastampa-totustuus.it\/cattolica\/wp-json\/wp\/v2\/categories?post=2075"},{"taxonomy":"post_tag","embeddable":true,"href":"https:\/\/www.rassegnastampa-totustuus.it\/cattolica\/wp-json\/wp\/v2\/tags?post=2075"}],"curies":[{"name":"wp","href":"https:\/\/api.w.org\/{rel}","templated":true}]}}