{"id":2040,"date":"2006-05-18T00:00:00","date_gmt":"2006-05-17T22:00:00","guid":{"rendered":""},"modified":"2016-04-18T11:28:45","modified_gmt":"2016-04-18T09:28:45","slug":"il-vaticano-la-messa-sacra-basta-con-le-sperimentazioni","status":"publish","type":"post","link":"https:\/\/www.rassegnastampa-totustuus.it\/cattolica\/il-vaticano-la-messa-sacra-basta-con-le-sperimentazioni\/","title":{"rendered":"Il Vaticano: la messa &egrave; sacra, basta con le sperimentazioni"},"content":{"rendered":"<div style=\"text-align: center;\"><strong><img loading=\"lazy\" decoding=\"async\" class=\"alignright wp-image-32950\" src=\"https:\/\/www.rassegnastampa-totustuus.it\/cattolica\/wp-content\/uploads\/2006\/05\/abusi_liturgici.jpg\" alt=\"abusi_liturgici\" width=\"250\" height=\"166\" \/>Il Giornale<\/strong> &#8211; 5 maggio 2006<\/div>\n<p style=\"text-align: justify;\"><em>Il segretario della congregazione del culto divino: \u00abTroppi preti e vescovi introducono novit\u00e0 che sminuiscono la liturgia\u00bb<\/em><\/p>\n<p style=\"text-align: center;\">di <strong>Andrea Tornelli<\/strong><\/p>\n<p><!--more--><\/p>\n<div style=\"text-align: justify;\">Il suo volto \u00e8 tranquillo, parla in modo pacato e si capisce immediatamente che l\u2019arcivescovo \u00e8 un uomo di preghiera. Ma le parole che pronuncia sono chiarissime: \u00abPurtroppo si notano sacerdoti e anche vescovi che introducono ogni sorta di sperimentazione\u00bb nella Messa.<\/div>\n<p style=\"text-align: justify;\">La situazione della liturgia in qualche paese \u00ab\u00e8 diventata o sta diventando drammatica\u00bb e scompare \u00abogni senso del sacro\u00bb.<\/p>\n<p style=\"text-align: justify;\">Sono dichiarazioni importanti quelle che monsignor Malcolm Ranjith, segretario della Congregazione del culto divino, il \u00abministero\u00bb vaticano della liturgia, ha rilasciato nei giorni scorsi a Roma durante la presentazione del libro di padre Uwe Michael Lang \u00abRivolti al Signore. L\u2019orientamento nella preghiera liturgica\u00bb (edizioni Cantagalli).<\/p>\n<p style=\"text-align: justify;\">A fare da relatore alla presentazione Don Nicola Bux. Il libro, uscito tre anni fa e ora tradotto in italiano, porta la prefazione dell\u2019allora cardinale Ratzinger e approfondisce il tema dell\u2019orientamento della preghiera e della celebrazione liturgica spiegando perch\u00e9 fino a prima del Concilio il prete diceva Messa dando le spalle al popolo: in realt\u00e0 sia il sacerdote che il popolo stavano rivolti, tutti insieme, verso oriente cio\u00e8 verso Dio.<\/p>\n<p style=\"text-align: justify;\">Lang, nel suo libro, non propone drastici ritorni al passato, ma auspica che almeno nel momento della consacrazione il sacerdote si volga insieme ai fedeli verso oriente, come accadeva prima del Vaticano II.<\/p>\n<p style=\"text-align: justify;\">Una possibilit\u00e0 che gi\u00e0 esiste: il Concilio non ha affatto toccato il tema dell\u2019altare e della posizione del sacerdote e non ci sono regole che vietino di celebrare come si faceva un tempo. Nel suo intervento l\u2019arcivescovo Ranjith ha detto che il volume di padre Lang \u00abdimostra come la direzione della preghiera liturgica nelle riforme post conciliari non riflette la prassi precedente, cosa che ci sorprende\u00bb e ha auspicato &#8211; come del resto scrive lo stesso Ratzinger nella prefazione &#8211; che esso serva di \u00abstimolo verso un ulteriore miglioramento della prassi liturgica attuale\u00bb.<\/p>\n<p style=\"text-align: justify;\">E rispondendo a una domanda ha anche escluso che su questa materia dell\u2019orientamento dell\u2019altare sia in preparazione un documento vaticano.\u00f9 Ma la parte pi\u00f9 interessante della relazione del segretario del Culto divino, amico di Benedetto XVI e da lui nominato da pochi mesi, \u00e8 stata quella riguardante lo stato della liturgia nella Chiesa.<\/p>\n<p style=\"text-align: justify;\">\u00abPurtroppo &#8211; ha detto &#8211; per ragioni varie, qualche volta anche con buone intenzioni, si notano sacerdoti e anche vescovi che introducono ogni sorta di sperimentazione o cambiamento ad hoc facendo diminuire il senso del sacro\u00bb.<\/p>\n<p style=\"text-align: justify;\">\u00abLa tentazione di diventare protagonisti in prima linea dei misteri divini &#8211; ha aggiunto &#8211; e di cercare di controllare anche l\u2019agire del Signore \u00e8 forte in una cultura che divinizza l\u2019uomo. In qualche paese la situazione \u00e8 diventata o sta diventando veramente drammatica. Spesso sparisce ogni senso del sacro in quelle cosiddette liturgie\u00bb.<\/p>\n<p style=\"text-align: justify;\">\u00abNon \u00e8 abbassando il senso del divino al livello umano &#8211; ha detto ancora l\u2019arcivescovo &#8211; ma cercando di alzarsi ai livelli soprannaturali che noi riusciremo ad attingere in qualche modo ai misteri divini. La liturgia, dunque, non \u00e8 ci\u00f2 che l\u2019uomo determina ma ci\u00f2 che il Signore fa nascere in lui \u2013 un atteggiamento di adorazione verso il suo creatore e Signore liberandolo dalle sue schiavit\u00f9. Se questa perde la sua dimensione mistica e celeste, che cosa aiuter\u00e0 l\u2019uomo a liberarsi dal fango dell\u2019egoismo e della schiavit\u00f9?\u00bb.<\/p>\n<p style=\"text-align: justify;\">Ranjith ha dunque invitato a non abbassare \u00able realt\u00e0 divine al livello umano, cercando di rendere il Signore palpabile e regolabile dal pensiero o da atti di culto resi comprensibili solo all\u2019uomo\u00bb.<\/p>\n","protected":false},"excerpt":{"rendered":"<p>Il Giornale &#8211; 5 maggio 2006 Il segretario della congregazione del culto divino: \u00abTroppi preti e vescovi introducono novit\u00e0 che sminuiscono la liturgia\u00bb di Andrea Tornelli<\/p><p><a class=\"more-link btn\" href=\"https:\/\/www.rassegnastampa-totustuus.it\/cattolica\/il-vaticano-la-messa-sacra-basta-con-le-sperimentazioni\/\">Continua a leggere<\/a><\/p>\n","protected":false},"author":6,"featured_media":32950,"comment_status":"closed","ping_status":"open","sticky":false,"template":"","format":"standard","meta":{"footnotes":""},"categories":[5,115],"tags":[1285],"class_list":["post-2040","post","type-post","status-publish","format-standard","has-post-thumbnail","hentry","category-chiesa","category-liturgia","tag-santa-messa","item-wrap"],"yoast_head":"<!-- This site is optimized with the Yoast SEO plugin v27.5 - https:\/\/yoast.com\/product\/yoast-seo-wordpress\/ -->\n<title>Il Vaticano: la messa &egrave; sacra, basta con le sperimentazioni - Rassegna Stampa Cattolica<\/title>\n<meta name=\"description\" content=\"Rassegna Stampa Cattolica - Per una cultura che nasce dalla Rivelazione cristiana in conformit\u00e0 alla tradizione e al Magistero della Chiesa in opposizione ad ogni relativismo e totalitarismo\" \/>\n<meta name=\"robots\" content=\"index, follow, max-snippet:-1, max-image-preview:large, max-video-preview:-1\" \/>\n<link rel=\"canonical\" href=\"https:\/\/www.rassegnastampa-totustuus.it\/cattolica\/il-vaticano-la-messa-sacra-basta-con-le-sperimentazioni\/\" \/>\n<meta property=\"og:locale\" content=\"it_IT\" \/>\n<meta property=\"og:type\" content=\"article\" \/>\n<meta property=\"og:title\" content=\"Il Vaticano: la messa &egrave; sacra, basta con le sperimentazioni - Rassegna Stampa Cattolica\" \/>\n<meta property=\"og:description\" content=\"Rassegna Stampa Cattolica - Per una cultura che nasce dalla Rivelazione cristiana in conformit\u00e0 alla tradizione e al Magistero della Chiesa in opposizione ad ogni relativismo e totalitarismo\" \/>\n<meta property=\"og:url\" content=\"https:\/\/www.rassegnastampa-totustuus.it\/cattolica\/il-vaticano-la-messa-sacra-basta-con-le-sperimentazioni\/\" \/>\n<meta property=\"og:site_name\" content=\"Rassegna Stampa Cattolica\" \/>\n<meta property=\"article:publisher\" content=\"https:\/\/www.facebook.com\/rassegnastampacattolica\" \/>\n<meta property=\"article:published_time\" content=\"2006-05-17T22:00:00+00:00\" \/>\n<meta property=\"article:modified_time\" content=\"2016-04-18T09:28:45+00:00\" \/>\n<meta property=\"og:image\" content=\"https:\/\/www.rassegnastampa-totustuus.it\/cattolica\/wp-content\/uploads\/2006\/05\/abusi_liturgici.jpg\" \/>\n\t<meta property=\"og:image:width\" content=\"275\" \/>\n\t<meta property=\"og:image:height\" content=\"183\" \/>\n\t<meta property=\"og:image:type\" content=\"image\/jpeg\" \/>\n<meta name=\"author\" content=\"Redazione\" \/>\n<meta name=\"twitter:card\" content=\"summary_large_image\" \/>\n<meta name=\"twitter:creator\" content=\"@rassegnastampa9\" \/>\n<meta name=\"twitter:site\" content=\"@rassegnastampa9\" \/>\n<meta name=\"twitter:label1\" content=\"Scritto da\" \/>\n\t<meta name=\"twitter:data1\" content=\"Redazione\" \/>\n\t<meta name=\"twitter:label2\" content=\"Tempo di lettura stimato\" \/>\n\t<meta name=\"twitter:data2\" content=\"3 minuti\" \/>\n<script type=\"application\/ld+json\" class=\"yoast-schema-graph\">{\"@context\":\"https:\\\/\\\/schema.org\",\"@graph\":[{\"@type\":\"Article\",\"@id\":\"https:\\\/\\\/www.rassegnastampa-totustuus.it\\\/cattolica\\\/il-vaticano-la-messa-sacra-basta-con-le-sperimentazioni\\\/#article\",\"isPartOf\":{\"@id\":\"https:\\\/\\\/www.rassegnastampa-totustuus.it\\\/cattolica\\\/il-vaticano-la-messa-sacra-basta-con-le-sperimentazioni\\\/\"},\"author\":{\"name\":\"Redazione\",\"@id\":\"https:\\\/\\\/www.rassegnastampa-totustuus.it\\\/cattolica\\\/#\\\/schema\\\/person\\\/08f319d2bd1a0904ad9e2bfb7b15e5c3\"},\"headline\":\"Il Vaticano: la messa &egrave; sacra, basta con le sperimentazioni\",\"datePublished\":\"2006-05-17T22:00:00+00:00\",\"dateModified\":\"2016-04-18T09:28:45+00:00\",\"mainEntityOfPage\":{\"@id\":\"https:\\\/\\\/www.rassegnastampa-totustuus.it\\\/cattolica\\\/il-vaticano-la-messa-sacra-basta-con-le-sperimentazioni\\\/\"},\"wordCount\":605,\"publisher\":{\"@id\":\"https:\\\/\\\/www.rassegnastampa-totustuus.it\\\/cattolica\\\/#organization\"},\"image\":{\"@id\":\"https:\\\/\\\/www.rassegnastampa-totustuus.it\\\/cattolica\\\/il-vaticano-la-messa-sacra-basta-con-le-sperimentazioni\\\/#primaryimage\"},\"thumbnailUrl\":\"https:\\\/\\\/www.rassegnastampa-totustuus.it\\\/cattolica\\\/wp-content\\\/uploads\\\/2006\\\/05\\\/abusi_liturgici.jpg\",\"keywords\":[\"santa Messa\"],\"articleSection\":[\"Chiesa\",\"Liturgia\"],\"inLanguage\":\"it-IT\"},{\"@type\":\"WebPage\",\"@id\":\"https:\\\/\\\/www.rassegnastampa-totustuus.it\\\/cattolica\\\/il-vaticano-la-messa-sacra-basta-con-le-sperimentazioni\\\/\",\"url\":\"https:\\\/\\\/www.rassegnastampa-totustuus.it\\\/cattolica\\\/il-vaticano-la-messa-sacra-basta-con-le-sperimentazioni\\\/\",\"name\":\"Il Vaticano: la messa &egrave; sacra, basta con le sperimentazioni - Rassegna Stampa Cattolica\",\"isPartOf\":{\"@id\":\"https:\\\/\\\/www.rassegnastampa-totustuus.it\\\/cattolica\\\/#website\"},\"primaryImageOfPage\":{\"@id\":\"https:\\\/\\\/www.rassegnastampa-totustuus.it\\\/cattolica\\\/il-vaticano-la-messa-sacra-basta-con-le-sperimentazioni\\\/#primaryimage\"},\"image\":{\"@id\":\"https:\\\/\\\/www.rassegnastampa-totustuus.it\\\/cattolica\\\/il-vaticano-la-messa-sacra-basta-con-le-sperimentazioni\\\/#primaryimage\"},\"thumbnailUrl\":\"https:\\\/\\\/www.rassegnastampa-totustuus.it\\\/cattolica\\\/wp-content\\\/uploads\\\/2006\\\/05\\\/abusi_liturgici.jpg\",\"datePublished\":\"2006-05-17T22:00:00+00:00\",\"dateModified\":\"2016-04-18T09:28:45+00:00\",\"description\":\"Rassegna Stampa Cattolica - Per una cultura che nasce dalla Rivelazione cristiana in conformit\u00e0 alla tradizione e al Magistero della Chiesa in opposizione ad ogni relativismo e totalitarismo\",\"breadcrumb\":{\"@id\":\"https:\\\/\\\/www.rassegnastampa-totustuus.it\\\/cattolica\\\/il-vaticano-la-messa-sacra-basta-con-le-sperimentazioni\\\/#breadcrumb\"},\"inLanguage\":\"it-IT\",\"potentialAction\":[{\"@type\":\"ReadAction\",\"target\":[\"https:\\\/\\\/www.rassegnastampa-totustuus.it\\\/cattolica\\\/il-vaticano-la-messa-sacra-basta-con-le-sperimentazioni\\\/\"]}]},{\"@type\":\"ImageObject\",\"inLanguage\":\"it-IT\",\"@id\":\"https:\\\/\\\/www.rassegnastampa-totustuus.it\\\/cattolica\\\/il-vaticano-la-messa-sacra-basta-con-le-sperimentazioni\\\/#primaryimage\",\"url\":\"https:\\\/\\\/www.rassegnastampa-totustuus.it\\\/cattolica\\\/wp-content\\\/uploads\\\/2006\\\/05\\\/abusi_liturgici.jpg\",\"contentUrl\":\"https:\\\/\\\/www.rassegnastampa-totustuus.it\\\/cattolica\\\/wp-content\\\/uploads\\\/2006\\\/05\\\/abusi_liturgici.jpg\",\"width\":275,\"height\":183},{\"@type\":\"BreadcrumbList\",\"@id\":\"https:\\\/\\\/www.rassegnastampa-totustuus.it\\\/cattolica\\\/il-vaticano-la-messa-sacra-basta-con-le-sperimentazioni\\\/#breadcrumb\",\"itemListElement\":[{\"@type\":\"ListItem\",\"position\":1,\"name\":\"Home\",\"item\":\"https:\\\/\\\/www.rassegnastampa-totustuus.it\\\/cattolica\\\/\"},{\"@type\":\"ListItem\",\"position\":2,\"name\":\"Il Vaticano: la messa &egrave; sacra, basta con le sperimentazioni\"}]},{\"@type\":\"WebSite\",\"@id\":\"https:\\\/\\\/www.rassegnastampa-totustuus.it\\\/cattolica\\\/#website\",\"url\":\"https:\\\/\\\/www.rassegnastampa-totustuus.it\\\/cattolica\\\/\",\"name\":\"Rassegna Stampa Cattolica\",\"description\":\"Per una cultura che nasce dalla Rivelazione cristiana in conformit\u00e0 alla tradizione e al Magistero della Chiesa in opposizione ad ogni relativismo e totalitarismo\",\"publisher\":{\"@id\":\"https:\\\/\\\/www.rassegnastampa-totustuus.it\\\/cattolica\\\/#organization\"},\"alternateName\":\"Rass. Cattolica\",\"potentialAction\":[{\"@type\":\"SearchAction\",\"target\":{\"@type\":\"EntryPoint\",\"urlTemplate\":\"https:\\\/\\\/www.rassegnastampa-totustuus.it\\\/cattolica\\\/?s={search_term_string}\"},\"query-input\":{\"@type\":\"PropertyValueSpecification\",\"valueRequired\":true,\"valueName\":\"search_term_string\"}}],\"inLanguage\":\"it-IT\"},{\"@type\":\"Organization\",\"@id\":\"https:\\\/\\\/www.rassegnastampa-totustuus.it\\\/cattolica\\\/#organization\",\"name\":\"Rassegna Stampa Cattolica\",\"url\":\"https:\\\/\\\/www.rassegnastampa-totustuus.it\\\/cattolica\\\/\",\"logo\":{\"@type\":\"ImageObject\",\"inLanguage\":\"it-IT\",\"@id\":\"https:\\\/\\\/www.rassegnastampa-totustuus.it\\\/cattolica\\\/#\\\/schema\\\/logo\\\/image\\\/\",\"url\":\"https:\\\/\\\/www.rassegnastampa-totustuus.it\\\/cattolica\\\/wp-content\\\/uploads\\\/2014\\\/04\\\/logo-rassegna1.gif\",\"contentUrl\":\"https:\\\/\\\/www.rassegnastampa-totustuus.it\\\/cattolica\\\/wp-content\\\/uploads\\\/2014\\\/04\\\/logo-rassegna1.gif\",\"width\":600,\"height\":163,\"caption\":\"Rassegna Stampa Cattolica\"},\"image\":{\"@id\":\"https:\\\/\\\/www.rassegnastampa-totustuus.it\\\/cattolica\\\/#\\\/schema\\\/logo\\\/image\\\/\"},\"sameAs\":[\"https:\\\/\\\/www.facebook.com\\\/rassegnastampacattolica\",\"https:\\\/\\\/x.com\\\/rassegnastampa9\"]},{\"@type\":\"Person\",\"@id\":\"https:\\\/\\\/www.rassegnastampa-totustuus.it\\\/cattolica\\\/#\\\/schema\\\/person\\\/08f319d2bd1a0904ad9e2bfb7b15e5c3\",\"name\":\"Redazione\",\"image\":{\"@type\":\"ImageObject\",\"inLanguage\":\"it-IT\",\"@id\":\"https:\\\/\\\/secure.gravatar.com\\\/avatar\\\/2fcdf27c78ea025fbdb44e914cc63c72249ffec9dc8aafd5c82b26240ef3f346?s=96&d=mm&r=g\",\"url\":\"https:\\\/\\\/secure.gravatar.com\\\/avatar\\\/2fcdf27c78ea025fbdb44e914cc63c72249ffec9dc8aafd5c82b26240ef3f346?s=96&d=mm&r=g\",\"contentUrl\":\"https:\\\/\\\/secure.gravatar.com\\\/avatar\\\/2fcdf27c78ea025fbdb44e914cc63c72249ffec9dc8aafd5c82b26240ef3f346?s=96&d=mm&r=g\",\"caption\":\"Redazione\"},\"url\":\"https:\\\/\\\/www.rassegnastampa-totustuus.it\\\/cattolica\\\/author\\\/pietroelle\\\/\"}]}<\/script>\n<!-- \/ Yoast SEO plugin. -->","yoast_head_json":{"title":"Il Vaticano: la messa &egrave; sacra, basta con le sperimentazioni - Rassegna Stampa Cattolica","description":"Rassegna Stampa Cattolica - Per una cultura che nasce dalla Rivelazione cristiana in conformit\u00e0 alla tradizione e al Magistero della Chiesa in opposizione ad ogni relativismo e totalitarismo","robots":{"index":"index","follow":"follow","max-snippet":"max-snippet:-1","max-image-preview":"max-image-preview:large","max-video-preview":"max-video-preview:-1"},"canonical":"https:\/\/www.rassegnastampa-totustuus.it\/cattolica\/il-vaticano-la-messa-sacra-basta-con-le-sperimentazioni\/","og_locale":"it_IT","og_type":"article","og_title":"Il Vaticano: la messa &egrave; sacra, basta con le sperimentazioni - Rassegna Stampa Cattolica","og_description":"Rassegna Stampa Cattolica - Per una cultura che nasce dalla Rivelazione cristiana in conformit\u00e0 alla tradizione e al Magistero della Chiesa in opposizione ad ogni relativismo e totalitarismo","og_url":"https:\/\/www.rassegnastampa-totustuus.it\/cattolica\/il-vaticano-la-messa-sacra-basta-con-le-sperimentazioni\/","og_site_name":"Rassegna Stampa Cattolica","article_publisher":"https:\/\/www.facebook.com\/rassegnastampacattolica","article_published_time":"2006-05-17T22:00:00+00:00","article_modified_time":"2016-04-18T09:28:45+00:00","og_image":[{"width":275,"height":183,"url":"https:\/\/www.rassegnastampa-totustuus.it\/cattolica\/wp-content\/uploads\/2006\/05\/abusi_liturgici.jpg","type":"image\/jpeg"}],"author":"Redazione","twitter_card":"summary_large_image","twitter_creator":"@rassegnastampa9","twitter_site":"@rassegnastampa9","twitter_misc":{"Scritto da":"Redazione","Tempo di lettura stimato":"3 minuti"},"schema":{"@context":"https:\/\/schema.org","@graph":[{"@type":"Article","@id":"https:\/\/www.rassegnastampa-totustuus.it\/cattolica\/il-vaticano-la-messa-sacra-basta-con-le-sperimentazioni\/#article","isPartOf":{"@id":"https:\/\/www.rassegnastampa-totustuus.it\/cattolica\/il-vaticano-la-messa-sacra-basta-con-le-sperimentazioni\/"},"author":{"name":"Redazione","@id":"https:\/\/www.rassegnastampa-totustuus.it\/cattolica\/#\/schema\/person\/08f319d2bd1a0904ad9e2bfb7b15e5c3"},"headline":"Il Vaticano: la messa &egrave; sacra, basta con le sperimentazioni","datePublished":"2006-05-17T22:00:00+00:00","dateModified":"2016-04-18T09:28:45+00:00","mainEntityOfPage":{"@id":"https:\/\/www.rassegnastampa-totustuus.it\/cattolica\/il-vaticano-la-messa-sacra-basta-con-le-sperimentazioni\/"},"wordCount":605,"publisher":{"@id":"https:\/\/www.rassegnastampa-totustuus.it\/cattolica\/#organization"},"image":{"@id":"https:\/\/www.rassegnastampa-totustuus.it\/cattolica\/il-vaticano-la-messa-sacra-basta-con-le-sperimentazioni\/#primaryimage"},"thumbnailUrl":"https:\/\/www.rassegnastampa-totustuus.it\/cattolica\/wp-content\/uploads\/2006\/05\/abusi_liturgici.jpg","keywords":["santa Messa"],"articleSection":["Chiesa","Liturgia"],"inLanguage":"it-IT"},{"@type":"WebPage","@id":"https:\/\/www.rassegnastampa-totustuus.it\/cattolica\/il-vaticano-la-messa-sacra-basta-con-le-sperimentazioni\/","url":"https:\/\/www.rassegnastampa-totustuus.it\/cattolica\/il-vaticano-la-messa-sacra-basta-con-le-sperimentazioni\/","name":"Il Vaticano: la messa &egrave; sacra, basta con le sperimentazioni - Rassegna Stampa Cattolica","isPartOf":{"@id":"https:\/\/www.rassegnastampa-totustuus.it\/cattolica\/#website"},"primaryImageOfPage":{"@id":"https:\/\/www.rassegnastampa-totustuus.it\/cattolica\/il-vaticano-la-messa-sacra-basta-con-le-sperimentazioni\/#primaryimage"},"image":{"@id":"https:\/\/www.rassegnastampa-totustuus.it\/cattolica\/il-vaticano-la-messa-sacra-basta-con-le-sperimentazioni\/#primaryimage"},"thumbnailUrl":"https:\/\/www.rassegnastampa-totustuus.it\/cattolica\/wp-content\/uploads\/2006\/05\/abusi_liturgici.jpg","datePublished":"2006-05-17T22:00:00+00:00","dateModified":"2016-04-18T09:28:45+00:00","description":"Rassegna Stampa Cattolica - Per una cultura che nasce dalla Rivelazione cristiana in conformit\u00e0 alla tradizione e al Magistero della Chiesa in opposizione ad ogni relativismo e totalitarismo","breadcrumb":{"@id":"https:\/\/www.rassegnastampa-totustuus.it\/cattolica\/il-vaticano-la-messa-sacra-basta-con-le-sperimentazioni\/#breadcrumb"},"inLanguage":"it-IT","potentialAction":[{"@type":"ReadAction","target":["https:\/\/www.rassegnastampa-totustuus.it\/cattolica\/il-vaticano-la-messa-sacra-basta-con-le-sperimentazioni\/"]}]},{"@type":"ImageObject","inLanguage":"it-IT","@id":"https:\/\/www.rassegnastampa-totustuus.it\/cattolica\/il-vaticano-la-messa-sacra-basta-con-le-sperimentazioni\/#primaryimage","url":"https:\/\/www.rassegnastampa-totustuus.it\/cattolica\/wp-content\/uploads\/2006\/05\/abusi_liturgici.jpg","contentUrl":"https:\/\/www.rassegnastampa-totustuus.it\/cattolica\/wp-content\/uploads\/2006\/05\/abusi_liturgici.jpg","width":275,"height":183},{"@type":"BreadcrumbList","@id":"https:\/\/www.rassegnastampa-totustuus.it\/cattolica\/il-vaticano-la-messa-sacra-basta-con-le-sperimentazioni\/#breadcrumb","itemListElement":[{"@type":"ListItem","position":1,"name":"Home","item":"https:\/\/www.rassegnastampa-totustuus.it\/cattolica\/"},{"@type":"ListItem","position":2,"name":"Il Vaticano: la messa &egrave; sacra, basta con le sperimentazioni"}]},{"@type":"WebSite","@id":"https:\/\/www.rassegnastampa-totustuus.it\/cattolica\/#website","url":"https:\/\/www.rassegnastampa-totustuus.it\/cattolica\/","name":"Rassegna Stampa Cattolica","description":"Per una cultura che nasce dalla Rivelazione cristiana in conformit\u00e0 alla tradizione e al Magistero della Chiesa in opposizione ad ogni relativismo e totalitarismo","publisher":{"@id":"https:\/\/www.rassegnastampa-totustuus.it\/cattolica\/#organization"},"alternateName":"Rass. Cattolica","potentialAction":[{"@type":"SearchAction","target":{"@type":"EntryPoint","urlTemplate":"https:\/\/www.rassegnastampa-totustuus.it\/cattolica\/?s={search_term_string}"},"query-input":{"@type":"PropertyValueSpecification","valueRequired":true,"valueName":"search_term_string"}}],"inLanguage":"it-IT"},{"@type":"Organization","@id":"https:\/\/www.rassegnastampa-totustuus.it\/cattolica\/#organization","name":"Rassegna Stampa Cattolica","url":"https:\/\/www.rassegnastampa-totustuus.it\/cattolica\/","logo":{"@type":"ImageObject","inLanguage":"it-IT","@id":"https:\/\/www.rassegnastampa-totustuus.it\/cattolica\/#\/schema\/logo\/image\/","url":"https:\/\/www.rassegnastampa-totustuus.it\/cattolica\/wp-content\/uploads\/2014\/04\/logo-rassegna1.gif","contentUrl":"https:\/\/www.rassegnastampa-totustuus.it\/cattolica\/wp-content\/uploads\/2014\/04\/logo-rassegna1.gif","width":600,"height":163,"caption":"Rassegna Stampa Cattolica"},"image":{"@id":"https:\/\/www.rassegnastampa-totustuus.it\/cattolica\/#\/schema\/logo\/image\/"},"sameAs":["https:\/\/www.facebook.com\/rassegnastampacattolica","https:\/\/x.com\/rassegnastampa9"]},{"@type":"Person","@id":"https:\/\/www.rassegnastampa-totustuus.it\/cattolica\/#\/schema\/person\/08f319d2bd1a0904ad9e2bfb7b15e5c3","name":"Redazione","image":{"@type":"ImageObject","inLanguage":"it-IT","@id":"https:\/\/secure.gravatar.com\/avatar\/2fcdf27c78ea025fbdb44e914cc63c72249ffec9dc8aafd5c82b26240ef3f346?s=96&d=mm&r=g","url":"https:\/\/secure.gravatar.com\/avatar\/2fcdf27c78ea025fbdb44e914cc63c72249ffec9dc8aafd5c82b26240ef3f346?s=96&d=mm&r=g","contentUrl":"https:\/\/secure.gravatar.com\/avatar\/2fcdf27c78ea025fbdb44e914cc63c72249ffec9dc8aafd5c82b26240ef3f346?s=96&d=mm&r=g","caption":"Redazione"},"url":"https:\/\/www.rassegnastampa-totustuus.it\/cattolica\/author\/pietroelle\/"}]}},"_links":{"self":[{"href":"https:\/\/www.rassegnastampa-totustuus.it\/cattolica\/wp-json\/wp\/v2\/posts\/2040","targetHints":{"allow":["GET"]}}],"collection":[{"href":"https:\/\/www.rassegnastampa-totustuus.it\/cattolica\/wp-json\/wp\/v2\/posts"}],"about":[{"href":"https:\/\/www.rassegnastampa-totustuus.it\/cattolica\/wp-json\/wp\/v2\/types\/post"}],"author":[{"embeddable":true,"href":"https:\/\/www.rassegnastampa-totustuus.it\/cattolica\/wp-json\/wp\/v2\/users\/6"}],"replies":[{"embeddable":true,"href":"https:\/\/www.rassegnastampa-totustuus.it\/cattolica\/wp-json\/wp\/v2\/comments?post=2040"}],"version-history":[{"count":4,"href":"https:\/\/www.rassegnastampa-totustuus.it\/cattolica\/wp-json\/wp\/v2\/posts\/2040\/revisions"}],"predecessor-version":[{"id":32951,"href":"https:\/\/www.rassegnastampa-totustuus.it\/cattolica\/wp-json\/wp\/v2\/posts\/2040\/revisions\/32951"}],"wp:featuredmedia":[{"embeddable":true,"href":"https:\/\/www.rassegnastampa-totustuus.it\/cattolica\/wp-json\/wp\/v2\/media\/32950"}],"wp:attachment":[{"href":"https:\/\/www.rassegnastampa-totustuus.it\/cattolica\/wp-json\/wp\/v2\/media?parent=2040"}],"wp:term":[{"taxonomy":"category","embeddable":true,"href":"https:\/\/www.rassegnastampa-totustuus.it\/cattolica\/wp-json\/wp\/v2\/categories?post=2040"},{"taxonomy":"post_tag","embeddable":true,"href":"https:\/\/www.rassegnastampa-totustuus.it\/cattolica\/wp-json\/wp\/v2\/tags?post=2040"}],"curies":[{"name":"wp","href":"https:\/\/api.w.org\/{rel}","templated":true}]}}