{"id":2030,"date":"2006-05-14T22:56:52","date_gmt":"2006-05-14T20:56:52","guid":{"rendered":""},"modified":"2016-07-05T16:22:21","modified_gmt":"2016-07-05T14:22:21","slug":"la-forza-dellaustria-fu-la-preghiera","status":"publish","type":"post","link":"https:\/\/www.rassegnastampa-totustuus.it\/cattolica\/la-forza-dellaustria-fu-la-preghiera\/","title":{"rendered":"La forza dell\u2019Austria fu la preghiera"},"content":{"rendered":"<div style=\"text-align: center;\"><img loading=\"lazy\" decoding=\"async\" class=\"alignleft wp-image-35705\" src=\"https:\/\/www.rassegnastampa-totustuus.it\/cattolica\/wp-content\/uploads\/2006\/05\/Petrus-Pavlicek.jpg\" alt=\"Petrus Pavlicek\" width=\"200\" height=\"200\" srcset=\"https:\/\/www.rassegnastampa-totustuus.it\/cattolica\/wp-content\/uploads\/2006\/05\/Petrus-Pavlicek.jpg 225w, https:\/\/www.rassegnastampa-totustuus.it\/cattolica\/wp-content\/uploads\/2006\/05\/Petrus-Pavlicek-150x150.jpg 150w\" sizes=\"auto, (max-width: 200px) 100vw, 200px\" \/>\u00a0\u201c<strong>Il Popolo<\/strong>\u201d settimanale della diocesi di Tortona<\/div>\n<div style=\"text-align: center;\">del 28 aprile\u00a02005<\/div>\n<p style=\"text-align: center;\"><em>Il 15 maggio di cinquant\u2019anni fa veniva firmato il Trattato di Vienna<\/em><\/p>\n<p style=\"text-align: center;\">don <strong>Maurizio Ceriani<\/strong><\/p>\n<p><!--more--><\/p>\n<div style=\"text-align: justify;\">Il 15 maggio 1955, alla presenza del segretario di stato americano John Foster Dulles e dei ministri degli esteri inglese, Harold MacMillan, russo Vja\u010deslav Molotov, francese Antoine Pinay e austriaco Leopold Figl, fu firmato a Vienna il trattato che restaurava la sovranit\u00e0 dell\u2019Austria sul proprio territorio, dopo dieci anni di occupazione da parte delle potenze uscite vincitrici dalla seconda guerra mondiale.<\/div>\n<p style=\"text-align: justify;\">L\u2019Austria infatti, in base agli accordi presi durante le conferenze di Jalta e di Potsdam del 1945, fu suddivisa, unitamente alla Germania, in quattro zone poste sotto amministrazione statunitense, russa, francese e inglese.<\/p>\n<p style=\"text-align: justify;\">I sovietici occuparono la parte pi\u00f9 ricca dell\u2019Austria, compresa la capitale Vienna, con una forza impressionante di 50.000 soldati e incominciarono ad organizzare in tutto il paese disordini e rivoluzioni con l\u2019intento di dar vita ad un\u2019effimera repubblica socialista e popolare, cos\u00ec da imposses\u00adsarsi di tutta la nazione.<\/p>\n<p style=\"text-align: justify;\">A questo progetto si oppose un frate cappuccino, Petrus Pavlicek, che diede inizio ad un grande movimento di preghiera, la Crociata Riparatrice del Rosario, presieduto da una statua della Madonna di Fatima regalatagli dal vescovo di Leiria. Il movimento impegn\u00f2 pi\u00f9 di 500.000 cittadini per giorni e notti ininterrottamente, finch\u00e9 tra maggio e ottobre 1955 l\u2019Armata Rossa, fatto mai avvenu\u00adto prima in nessuno dei luoghi occupati dai comunisti, si ritir\u00f2 completamente e pacificamente.<\/p>\n<p style=\"text-align: justify;\">Si erano utilizzati tutti i mezzi diplomatici per ottenere la ritirata dei Russi, ma la cosa sembrava del tutto impossibile senza aprire un nuovo terribile conflitto. Vi furono 268 riunioni e il Cancelliere federale Figl, durante la 268\u00b0, a Berlino nel novembre del 1954, si sent\u00ec dire apertamente da Molotov: \u201cSignor Figl, \u00e8 inutile farsi delle illusioni. Ci\u00f2 che noi Russi abbiamo, non lo restituiamo mai pi\u00f9!\u201d.<\/p>\n<p style=\"text-align: justify;\">Ma Molotov non aveva fatto i conti con Padre Petrus Pavlicek. Questo frate, consacrato sacerdote a 40 anni, durante l\u2019oppresione del nazismo era stato arrestato dalla Gestapo hitleriana perch\u00e9 renitente al servizio militare; inviato al fronte occidentale e fatto prigioniero, venne liberato a fine conflitto. Nel 1946 davanti all\u2019altare della Madonna a Mariazell \u2013 il santuario mariano nazionale austriaco \u2013 mentre stava pregando per l\u2019Austria devastata, sent\u00ec interiormente queste parole della Madonna: \u201cFate ci\u00f2 che vi dico e avrete la pace!\u201d.<\/p>\n<p style=\"text-align: justify;\">Per dieci anni il Cappuccino attravers\u00f2 in lungo e in largo tutta l\u2019Austria, invitando gli uomini di buona volont\u00e0 a recitare il Rosario in una crociata di preghiera e di espiazione. La sua tesi era semplice e avvincente, permeata dalla potenza della fede: \u201cSe \u00e8 stato possibile intruppare milioni di uomini per una guerra di distruzione, non deve essere difficile organizzarsi per la pace, partendo dall\u2019Austria\u201d, che era la sua terra e lo storico baluardo orientale del cattolicesimo.<\/p>\n<p style=\"text-align: justify;\">In questo modo, 24 ore su 24, padre Petrus provvide che ci fossero sempre degli austriaci che recitavano il Rosario, pregando la Vergine Santissima per la liberazione del Paese dal giogo comunista.<\/p>\n<p style=\"text-align: justify;\">Nel 1955, pi\u00f9 di 500 mila austriaci avevano gi\u00e0 aderito a questa crociata di preghiera e occorre ricordare che a quell\u2019epoca il Paese aveva circa 5 milioni di abitanti. Sei mesi dopo le sprezzanti parole dette a Berlino, lo stesso Molotov, il 15 maggio 1955,\u00a0 dovette firmare al Belvedere il trattato internazionale di restituzione dei territori, che pass\u00f2 alla storia sotto il nome di \u201cTrattato di Vienna\u201d.<\/p>\n<p style=\"text-align: justify;\">Incredibile! D\u2019un tratto \u00e8 diventato possibile che persino la Russia abbandonasse un territorio occupato. Fu soltanto il risultato ottenuto dall\u2019impegno dei politici? O una grazia divina, una grazia invocata? Sia il cancelliere Julius Raab, che Leopold Figl, il ministro degli esteri dell\u2019Austria libera che firm\u00f2 il Trattato, non ebbero dubbi: si trattava di un dono di Maria, impetrato con la preghiera assidua di una nazione cattolica.<\/p>\n<p style=\"text-align: justify;\">Il cancelliere Raab, nel settembre 1955<em>,<\/em> a conclusione di una solenne processione di ringraziamento, dichiarava con tutta franchezza e sincerit\u00e0 all\u2019immensa folla presente: \u201cRingrazio tutti i cattolici che hanno aderito alla crociata di preghiere per la patria e quanti sono qui raccolti per questa testimonianza di fede e di amore alla nostra nazione. Oggi vogliamo, noi che abbiamo il cuore pieno di fede, elevare al Cielo una preghiera colma di gioia e questa preghiera la concludiamo con queste parole: noi siamo liberi grazie a Te, o Maria!\u201d.<\/p>\n<p style=\"text-align: justify;\">Subito dopo la firma del trattato del 15 maggio, aveva inoltre confidato: \u201cLa preghiera \u00e8 stata l\u2019arma e la forza dell\u2019Austria\u201d. Anche Il cardinale K\u00f6nig di Vienna era dello stesso avviso: \u201cMolti parlano del trattato di pace con l&#8217;Austria come di un miracolo. Io sono persuaso, personalmente, che la grande, sempre crescente schiera di oranti del Rosario ha cooperato, in questo caso, in una forma che non ci \u00e8 nota ma che noi credenti possiamo ben supporre\u201d.<\/p>\n<p style=\"text-align: justify;\">Padre Petrus fu riconosciuto come \u201cil liberatore\u201d: dopo quattro secoli dalle gesta del Beato Marco d\u2019Aviano, un altro figlio di san Francesco aveva salvato Vienna.<\/p>\n","protected":false},"excerpt":{"rendered":"<p>\u00a0\u201cIl Popolo\u201d settimanale della diocesi di Tortona del 28 aprile\u00a02005 Il 15 maggio di cinquant\u2019anni fa veniva firmato il Trattato di Vienna don Maurizio Ceriani<\/p><p><a class=\"more-link btn\" href=\"https:\/\/www.rassegnastampa-totustuus.it\/cattolica\/la-forza-dellaustria-fu-la-preghiera\/\">Continua a leggere<\/a><\/p>\n","protected":false},"author":6,"featured_media":35705,"comment_status":"closed","ping_status":"open","sticky":false,"template":"","format":"standard","meta":{"footnotes":""},"categories":[32,108],"tags":[997],"class_list":["post-2030","post","type-post","status-publish","format-standard","has-post-thumbnail","hentry","category-filosofia-del-comunismo","category-paesi-e-continenti","tag-austria","item-wrap"],"yoast_head":"<!-- This site is optimized with the Yoast SEO plugin v27.5 - https:\/\/yoast.com\/product\/yoast-seo-wordpress\/ -->\n<title>La forza dell\u2019Austria fu la preghiera - Rassegna Stampa Cattolica<\/title>\n<meta name=\"description\" content=\"Rassegna Stampa Cattolica - Per una cultura che nasce dalla Rivelazione cristiana in conformit\u00e0 alla tradizione e al Magistero della Chiesa in opposizione ad ogni relativismo e totalitarismo\" \/>\n<meta name=\"robots\" content=\"index, follow, max-snippet:-1, max-image-preview:large, max-video-preview:-1\" \/>\n<link rel=\"canonical\" href=\"https:\/\/www.rassegnastampa-totustuus.it\/cattolica\/la-forza-dellaustria-fu-la-preghiera\/\" \/>\n<meta property=\"og:locale\" content=\"it_IT\" \/>\n<meta property=\"og:type\" content=\"article\" \/>\n<meta property=\"og:title\" content=\"La forza dell\u2019Austria fu la preghiera - Rassegna Stampa Cattolica\" \/>\n<meta property=\"og:description\" content=\"Rassegna Stampa Cattolica - Per una cultura che nasce dalla Rivelazione cristiana in conformit\u00e0 alla tradizione e al Magistero della Chiesa in opposizione ad ogni relativismo e totalitarismo\" \/>\n<meta property=\"og:url\" content=\"https:\/\/www.rassegnastampa-totustuus.it\/cattolica\/la-forza-dellaustria-fu-la-preghiera\/\" \/>\n<meta property=\"og:site_name\" content=\"Rassegna Stampa Cattolica\" \/>\n<meta property=\"article:publisher\" content=\"https:\/\/www.facebook.com\/rassegnastampacattolica\" \/>\n<meta property=\"article:published_time\" content=\"2006-05-14T20:56:52+00:00\" \/>\n<meta property=\"article:modified_time\" content=\"2016-07-05T14:22:21+00:00\" \/>\n<meta property=\"og:image\" content=\"https:\/\/www.rassegnastampa-totustuus.it\/cattolica\/wp-content\/uploads\/2006\/05\/Petrus-Pavlicek.jpg\" \/>\n\t<meta property=\"og:image:width\" content=\"225\" \/>\n\t<meta property=\"og:image:height\" content=\"225\" \/>\n\t<meta property=\"og:image:type\" content=\"image\/jpeg\" \/>\n<meta name=\"author\" content=\"Redazione\" \/>\n<meta name=\"twitter:card\" content=\"summary_large_image\" \/>\n<meta name=\"twitter:creator\" content=\"@rassegnastampa9\" \/>\n<meta name=\"twitter:site\" content=\"@rassegnastampa9\" \/>\n<meta name=\"twitter:label1\" content=\"Scritto da\" \/>\n\t<meta name=\"twitter:data1\" content=\"Redazione\" \/>\n\t<meta name=\"twitter:label2\" content=\"Tempo di lettura stimato\" \/>\n\t<meta name=\"twitter:data2\" content=\"4 minuti\" \/>\n<script type=\"application\/ld+json\" class=\"yoast-schema-graph\">{\"@context\":\"https:\\\/\\\/schema.org\",\"@graph\":[{\"@type\":\"Article\",\"@id\":\"https:\\\/\\\/www.rassegnastampa-totustuus.it\\\/cattolica\\\/la-forza-dellaustria-fu-la-preghiera\\\/#article\",\"isPartOf\":{\"@id\":\"https:\\\/\\\/www.rassegnastampa-totustuus.it\\\/cattolica\\\/la-forza-dellaustria-fu-la-preghiera\\\/\"},\"author\":{\"name\":\"Redazione\",\"@id\":\"https:\\\/\\\/www.rassegnastampa-totustuus.it\\\/cattolica\\\/#\\\/schema\\\/person\\\/08f319d2bd1a0904ad9e2bfb7b15e5c3\"},\"headline\":\"La forza dell\u2019Austria fu la preghiera\",\"datePublished\":\"2006-05-14T20:56:52+00:00\",\"dateModified\":\"2016-07-05T14:22:21+00:00\",\"mainEntityOfPage\":{\"@id\":\"https:\\\/\\\/www.rassegnastampa-totustuus.it\\\/cattolica\\\/la-forza-dellaustria-fu-la-preghiera\\\/\"},\"wordCount\":823,\"publisher\":{\"@id\":\"https:\\\/\\\/www.rassegnastampa-totustuus.it\\\/cattolica\\\/#organization\"},\"image\":{\"@id\":\"https:\\\/\\\/www.rassegnastampa-totustuus.it\\\/cattolica\\\/la-forza-dellaustria-fu-la-preghiera\\\/#primaryimage\"},\"thumbnailUrl\":\"https:\\\/\\\/www.rassegnastampa-totustuus.it\\\/cattolica\\\/wp-content\\\/uploads\\\/2006\\\/05\\\/Petrus-Pavlicek.jpg\",\"keywords\":[\"Austria\"],\"articleSection\":[\"Comunismo\",\"Paesi e continenti\"],\"inLanguage\":\"it-IT\"},{\"@type\":\"WebPage\",\"@id\":\"https:\\\/\\\/www.rassegnastampa-totustuus.it\\\/cattolica\\\/la-forza-dellaustria-fu-la-preghiera\\\/\",\"url\":\"https:\\\/\\\/www.rassegnastampa-totustuus.it\\\/cattolica\\\/la-forza-dellaustria-fu-la-preghiera\\\/\",\"name\":\"La forza dell\u2019Austria fu la preghiera - Rassegna Stampa Cattolica\",\"isPartOf\":{\"@id\":\"https:\\\/\\\/www.rassegnastampa-totustuus.it\\\/cattolica\\\/#website\"},\"primaryImageOfPage\":{\"@id\":\"https:\\\/\\\/www.rassegnastampa-totustuus.it\\\/cattolica\\\/la-forza-dellaustria-fu-la-preghiera\\\/#primaryimage\"},\"image\":{\"@id\":\"https:\\\/\\\/www.rassegnastampa-totustuus.it\\\/cattolica\\\/la-forza-dellaustria-fu-la-preghiera\\\/#primaryimage\"},\"thumbnailUrl\":\"https:\\\/\\\/www.rassegnastampa-totustuus.it\\\/cattolica\\\/wp-content\\\/uploads\\\/2006\\\/05\\\/Petrus-Pavlicek.jpg\",\"datePublished\":\"2006-05-14T20:56:52+00:00\",\"dateModified\":\"2016-07-05T14:22:21+00:00\",\"description\":\"Rassegna Stampa Cattolica - Per una cultura che nasce dalla Rivelazione cristiana in conformit\u00e0 alla tradizione e al Magistero della Chiesa in opposizione ad ogni relativismo e totalitarismo\",\"breadcrumb\":{\"@id\":\"https:\\\/\\\/www.rassegnastampa-totustuus.it\\\/cattolica\\\/la-forza-dellaustria-fu-la-preghiera\\\/#breadcrumb\"},\"inLanguage\":\"it-IT\",\"potentialAction\":[{\"@type\":\"ReadAction\",\"target\":[\"https:\\\/\\\/www.rassegnastampa-totustuus.it\\\/cattolica\\\/la-forza-dellaustria-fu-la-preghiera\\\/\"]}]},{\"@type\":\"ImageObject\",\"inLanguage\":\"it-IT\",\"@id\":\"https:\\\/\\\/www.rassegnastampa-totustuus.it\\\/cattolica\\\/la-forza-dellaustria-fu-la-preghiera\\\/#primaryimage\",\"url\":\"https:\\\/\\\/www.rassegnastampa-totustuus.it\\\/cattolica\\\/wp-content\\\/uploads\\\/2006\\\/05\\\/Petrus-Pavlicek.jpg\",\"contentUrl\":\"https:\\\/\\\/www.rassegnastampa-totustuus.it\\\/cattolica\\\/wp-content\\\/uploads\\\/2006\\\/05\\\/Petrus-Pavlicek.jpg\",\"width\":225,\"height\":225},{\"@type\":\"BreadcrumbList\",\"@id\":\"https:\\\/\\\/www.rassegnastampa-totustuus.it\\\/cattolica\\\/la-forza-dellaustria-fu-la-preghiera\\\/#breadcrumb\",\"itemListElement\":[{\"@type\":\"ListItem\",\"position\":1,\"name\":\"Home\",\"item\":\"https:\\\/\\\/www.rassegnastampa-totustuus.it\\\/cattolica\\\/\"},{\"@type\":\"ListItem\",\"position\":2,\"name\":\"La forza dell\u2019Austria fu la preghiera\"}]},{\"@type\":\"WebSite\",\"@id\":\"https:\\\/\\\/www.rassegnastampa-totustuus.it\\\/cattolica\\\/#website\",\"url\":\"https:\\\/\\\/www.rassegnastampa-totustuus.it\\\/cattolica\\\/\",\"name\":\"Rassegna Stampa Cattolica\",\"description\":\"Per una cultura che nasce dalla Rivelazione cristiana in conformit\u00e0 alla tradizione e al Magistero della Chiesa in opposizione ad ogni relativismo e totalitarismo\",\"publisher\":{\"@id\":\"https:\\\/\\\/www.rassegnastampa-totustuus.it\\\/cattolica\\\/#organization\"},\"alternateName\":\"Rass. Cattolica\",\"potentialAction\":[{\"@type\":\"SearchAction\",\"target\":{\"@type\":\"EntryPoint\",\"urlTemplate\":\"https:\\\/\\\/www.rassegnastampa-totustuus.it\\\/cattolica\\\/?s={search_term_string}\"},\"query-input\":{\"@type\":\"PropertyValueSpecification\",\"valueRequired\":true,\"valueName\":\"search_term_string\"}}],\"inLanguage\":\"it-IT\"},{\"@type\":\"Organization\",\"@id\":\"https:\\\/\\\/www.rassegnastampa-totustuus.it\\\/cattolica\\\/#organization\",\"name\":\"Rassegna Stampa Cattolica\",\"url\":\"https:\\\/\\\/www.rassegnastampa-totustuus.it\\\/cattolica\\\/\",\"logo\":{\"@type\":\"ImageObject\",\"inLanguage\":\"it-IT\",\"@id\":\"https:\\\/\\\/www.rassegnastampa-totustuus.it\\\/cattolica\\\/#\\\/schema\\\/logo\\\/image\\\/\",\"url\":\"https:\\\/\\\/www.rassegnastampa-totustuus.it\\\/cattolica\\\/wp-content\\\/uploads\\\/2014\\\/04\\\/logo-rassegna1.gif\",\"contentUrl\":\"https:\\\/\\\/www.rassegnastampa-totustuus.it\\\/cattolica\\\/wp-content\\\/uploads\\\/2014\\\/04\\\/logo-rassegna1.gif\",\"width\":600,\"height\":163,\"caption\":\"Rassegna Stampa Cattolica\"},\"image\":{\"@id\":\"https:\\\/\\\/www.rassegnastampa-totustuus.it\\\/cattolica\\\/#\\\/schema\\\/logo\\\/image\\\/\"},\"sameAs\":[\"https:\\\/\\\/www.facebook.com\\\/rassegnastampacattolica\",\"https:\\\/\\\/x.com\\\/rassegnastampa9\"]},{\"@type\":\"Person\",\"@id\":\"https:\\\/\\\/www.rassegnastampa-totustuus.it\\\/cattolica\\\/#\\\/schema\\\/person\\\/08f319d2bd1a0904ad9e2bfb7b15e5c3\",\"name\":\"Redazione\",\"image\":{\"@type\":\"ImageObject\",\"inLanguage\":\"it-IT\",\"@id\":\"https:\\\/\\\/secure.gravatar.com\\\/avatar\\\/2fcdf27c78ea025fbdb44e914cc63c72249ffec9dc8aafd5c82b26240ef3f346?s=96&d=mm&r=g\",\"url\":\"https:\\\/\\\/secure.gravatar.com\\\/avatar\\\/2fcdf27c78ea025fbdb44e914cc63c72249ffec9dc8aafd5c82b26240ef3f346?s=96&d=mm&r=g\",\"contentUrl\":\"https:\\\/\\\/secure.gravatar.com\\\/avatar\\\/2fcdf27c78ea025fbdb44e914cc63c72249ffec9dc8aafd5c82b26240ef3f346?s=96&d=mm&r=g\",\"caption\":\"Redazione\"},\"url\":\"https:\\\/\\\/www.rassegnastampa-totustuus.it\\\/cattolica\\\/author\\\/pietroelle\\\/\"}]}<\/script>\n<!-- \/ Yoast SEO plugin. -->","yoast_head_json":{"title":"La forza dell\u2019Austria fu la preghiera - Rassegna Stampa Cattolica","description":"Rassegna Stampa Cattolica - Per una cultura che nasce dalla Rivelazione cristiana in conformit\u00e0 alla tradizione e al Magistero della Chiesa in opposizione ad ogni relativismo e totalitarismo","robots":{"index":"index","follow":"follow","max-snippet":"max-snippet:-1","max-image-preview":"max-image-preview:large","max-video-preview":"max-video-preview:-1"},"canonical":"https:\/\/www.rassegnastampa-totustuus.it\/cattolica\/la-forza-dellaustria-fu-la-preghiera\/","og_locale":"it_IT","og_type":"article","og_title":"La forza dell\u2019Austria fu la preghiera - Rassegna Stampa Cattolica","og_description":"Rassegna Stampa Cattolica - Per una cultura che nasce dalla Rivelazione cristiana in conformit\u00e0 alla tradizione e al Magistero della Chiesa in opposizione ad ogni relativismo e totalitarismo","og_url":"https:\/\/www.rassegnastampa-totustuus.it\/cattolica\/la-forza-dellaustria-fu-la-preghiera\/","og_site_name":"Rassegna Stampa Cattolica","article_publisher":"https:\/\/www.facebook.com\/rassegnastampacattolica","article_published_time":"2006-05-14T20:56:52+00:00","article_modified_time":"2016-07-05T14:22:21+00:00","og_image":[{"width":225,"height":225,"url":"https:\/\/www.rassegnastampa-totustuus.it\/cattolica\/wp-content\/uploads\/2006\/05\/Petrus-Pavlicek.jpg","type":"image\/jpeg"}],"author":"Redazione","twitter_card":"summary_large_image","twitter_creator":"@rassegnastampa9","twitter_site":"@rassegnastampa9","twitter_misc":{"Scritto da":"Redazione","Tempo di lettura stimato":"4 minuti"},"schema":{"@context":"https:\/\/schema.org","@graph":[{"@type":"Article","@id":"https:\/\/www.rassegnastampa-totustuus.it\/cattolica\/la-forza-dellaustria-fu-la-preghiera\/#article","isPartOf":{"@id":"https:\/\/www.rassegnastampa-totustuus.it\/cattolica\/la-forza-dellaustria-fu-la-preghiera\/"},"author":{"name":"Redazione","@id":"https:\/\/www.rassegnastampa-totustuus.it\/cattolica\/#\/schema\/person\/08f319d2bd1a0904ad9e2bfb7b15e5c3"},"headline":"La forza dell\u2019Austria fu la preghiera","datePublished":"2006-05-14T20:56:52+00:00","dateModified":"2016-07-05T14:22:21+00:00","mainEntityOfPage":{"@id":"https:\/\/www.rassegnastampa-totustuus.it\/cattolica\/la-forza-dellaustria-fu-la-preghiera\/"},"wordCount":823,"publisher":{"@id":"https:\/\/www.rassegnastampa-totustuus.it\/cattolica\/#organization"},"image":{"@id":"https:\/\/www.rassegnastampa-totustuus.it\/cattolica\/la-forza-dellaustria-fu-la-preghiera\/#primaryimage"},"thumbnailUrl":"https:\/\/www.rassegnastampa-totustuus.it\/cattolica\/wp-content\/uploads\/2006\/05\/Petrus-Pavlicek.jpg","keywords":["Austria"],"articleSection":["Comunismo","Paesi e continenti"],"inLanguage":"it-IT"},{"@type":"WebPage","@id":"https:\/\/www.rassegnastampa-totustuus.it\/cattolica\/la-forza-dellaustria-fu-la-preghiera\/","url":"https:\/\/www.rassegnastampa-totustuus.it\/cattolica\/la-forza-dellaustria-fu-la-preghiera\/","name":"La forza dell\u2019Austria fu la preghiera - Rassegna Stampa Cattolica","isPartOf":{"@id":"https:\/\/www.rassegnastampa-totustuus.it\/cattolica\/#website"},"primaryImageOfPage":{"@id":"https:\/\/www.rassegnastampa-totustuus.it\/cattolica\/la-forza-dellaustria-fu-la-preghiera\/#primaryimage"},"image":{"@id":"https:\/\/www.rassegnastampa-totustuus.it\/cattolica\/la-forza-dellaustria-fu-la-preghiera\/#primaryimage"},"thumbnailUrl":"https:\/\/www.rassegnastampa-totustuus.it\/cattolica\/wp-content\/uploads\/2006\/05\/Petrus-Pavlicek.jpg","datePublished":"2006-05-14T20:56:52+00:00","dateModified":"2016-07-05T14:22:21+00:00","description":"Rassegna Stampa Cattolica - Per una cultura che nasce dalla Rivelazione cristiana in conformit\u00e0 alla tradizione e al Magistero della Chiesa in opposizione ad ogni relativismo e totalitarismo","breadcrumb":{"@id":"https:\/\/www.rassegnastampa-totustuus.it\/cattolica\/la-forza-dellaustria-fu-la-preghiera\/#breadcrumb"},"inLanguage":"it-IT","potentialAction":[{"@type":"ReadAction","target":["https:\/\/www.rassegnastampa-totustuus.it\/cattolica\/la-forza-dellaustria-fu-la-preghiera\/"]}]},{"@type":"ImageObject","inLanguage":"it-IT","@id":"https:\/\/www.rassegnastampa-totustuus.it\/cattolica\/la-forza-dellaustria-fu-la-preghiera\/#primaryimage","url":"https:\/\/www.rassegnastampa-totustuus.it\/cattolica\/wp-content\/uploads\/2006\/05\/Petrus-Pavlicek.jpg","contentUrl":"https:\/\/www.rassegnastampa-totustuus.it\/cattolica\/wp-content\/uploads\/2006\/05\/Petrus-Pavlicek.jpg","width":225,"height":225},{"@type":"BreadcrumbList","@id":"https:\/\/www.rassegnastampa-totustuus.it\/cattolica\/la-forza-dellaustria-fu-la-preghiera\/#breadcrumb","itemListElement":[{"@type":"ListItem","position":1,"name":"Home","item":"https:\/\/www.rassegnastampa-totustuus.it\/cattolica\/"},{"@type":"ListItem","position":2,"name":"La forza dell\u2019Austria fu la preghiera"}]},{"@type":"WebSite","@id":"https:\/\/www.rassegnastampa-totustuus.it\/cattolica\/#website","url":"https:\/\/www.rassegnastampa-totustuus.it\/cattolica\/","name":"Rassegna Stampa Cattolica","description":"Per una cultura che nasce dalla Rivelazione cristiana in conformit\u00e0 alla tradizione e al Magistero della Chiesa in opposizione ad ogni relativismo e totalitarismo","publisher":{"@id":"https:\/\/www.rassegnastampa-totustuus.it\/cattolica\/#organization"},"alternateName":"Rass. Cattolica","potentialAction":[{"@type":"SearchAction","target":{"@type":"EntryPoint","urlTemplate":"https:\/\/www.rassegnastampa-totustuus.it\/cattolica\/?s={search_term_string}"},"query-input":{"@type":"PropertyValueSpecification","valueRequired":true,"valueName":"search_term_string"}}],"inLanguage":"it-IT"},{"@type":"Organization","@id":"https:\/\/www.rassegnastampa-totustuus.it\/cattolica\/#organization","name":"Rassegna Stampa Cattolica","url":"https:\/\/www.rassegnastampa-totustuus.it\/cattolica\/","logo":{"@type":"ImageObject","inLanguage":"it-IT","@id":"https:\/\/www.rassegnastampa-totustuus.it\/cattolica\/#\/schema\/logo\/image\/","url":"https:\/\/www.rassegnastampa-totustuus.it\/cattolica\/wp-content\/uploads\/2014\/04\/logo-rassegna1.gif","contentUrl":"https:\/\/www.rassegnastampa-totustuus.it\/cattolica\/wp-content\/uploads\/2014\/04\/logo-rassegna1.gif","width":600,"height":163,"caption":"Rassegna Stampa Cattolica"},"image":{"@id":"https:\/\/www.rassegnastampa-totustuus.it\/cattolica\/#\/schema\/logo\/image\/"},"sameAs":["https:\/\/www.facebook.com\/rassegnastampacattolica","https:\/\/x.com\/rassegnastampa9"]},{"@type":"Person","@id":"https:\/\/www.rassegnastampa-totustuus.it\/cattolica\/#\/schema\/person\/08f319d2bd1a0904ad9e2bfb7b15e5c3","name":"Redazione","image":{"@type":"ImageObject","inLanguage":"it-IT","@id":"https:\/\/secure.gravatar.com\/avatar\/2fcdf27c78ea025fbdb44e914cc63c72249ffec9dc8aafd5c82b26240ef3f346?s=96&d=mm&r=g","url":"https:\/\/secure.gravatar.com\/avatar\/2fcdf27c78ea025fbdb44e914cc63c72249ffec9dc8aafd5c82b26240ef3f346?s=96&d=mm&r=g","contentUrl":"https:\/\/secure.gravatar.com\/avatar\/2fcdf27c78ea025fbdb44e914cc63c72249ffec9dc8aafd5c82b26240ef3f346?s=96&d=mm&r=g","caption":"Redazione"},"url":"https:\/\/www.rassegnastampa-totustuus.it\/cattolica\/author\/pietroelle\/"}]}},"_links":{"self":[{"href":"https:\/\/www.rassegnastampa-totustuus.it\/cattolica\/wp-json\/wp\/v2\/posts\/2030","targetHints":{"allow":["GET"]}}],"collection":[{"href":"https:\/\/www.rassegnastampa-totustuus.it\/cattolica\/wp-json\/wp\/v2\/posts"}],"about":[{"href":"https:\/\/www.rassegnastampa-totustuus.it\/cattolica\/wp-json\/wp\/v2\/types\/post"}],"author":[{"embeddable":true,"href":"https:\/\/www.rassegnastampa-totustuus.it\/cattolica\/wp-json\/wp\/v2\/users\/6"}],"replies":[{"embeddable":true,"href":"https:\/\/www.rassegnastampa-totustuus.it\/cattolica\/wp-json\/wp\/v2\/comments?post=2030"}],"version-history":[{"count":5,"href":"https:\/\/www.rassegnastampa-totustuus.it\/cattolica\/wp-json\/wp\/v2\/posts\/2030\/revisions"}],"predecessor-version":[{"id":35706,"href":"https:\/\/www.rassegnastampa-totustuus.it\/cattolica\/wp-json\/wp\/v2\/posts\/2030\/revisions\/35706"}],"wp:featuredmedia":[{"embeddable":true,"href":"https:\/\/www.rassegnastampa-totustuus.it\/cattolica\/wp-json\/wp\/v2\/media\/35705"}],"wp:attachment":[{"href":"https:\/\/www.rassegnastampa-totustuus.it\/cattolica\/wp-json\/wp\/v2\/media?parent=2030"}],"wp:term":[{"taxonomy":"category","embeddable":true,"href":"https:\/\/www.rassegnastampa-totustuus.it\/cattolica\/wp-json\/wp\/v2\/categories?post=2030"},{"taxonomy":"post_tag","embeddable":true,"href":"https:\/\/www.rassegnastampa-totustuus.it\/cattolica\/wp-json\/wp\/v2\/tags?post=2030"}],"curies":[{"name":"wp","href":"https:\/\/api.w.org\/{rel}","templated":true}]}}